{"id":7490,"date":"2024-11-19T16:37:02","date_gmt":"2024-11-19T19:37:02","guid":{"rendered":"https:\/\/universofamilia.com\/?p=7490"},"modified":"2024-11-19T16:37:02","modified_gmt":"2024-11-19T19:37:02","slug":"recibo-de-luz","status":"publish","type":"post","link":"https:\/\/universofamilia.com\/hu\/recibo-de-luz\/","title":{"rendered":"Villanysz\u00e1mla"},"content":{"rendered":"<p>Tanulja meg, hogyan kezelheti \u00e9s fizetheti egyszer\u0171en CFE-sz\u00e1ml\u00e1j\u00e1t.<\/p>\n\n\n\n<div class=\"wp-block-buttons is-content-justification-center is-layout-flex wp-container-core-buttons-layout-1 wp-block-buttons-is-layout-flex\">\n<div class=\"wp-block-button has-custom-width wp-block-button__width-100 is-style-outline\" style=\"text-decoration:none\"><a class=\"wp-block-button__link has-white-color has-text-color has-background has-link-color has-border-color has-ast-global-color-5-border-color has-text-align-left wp-element-button\" href=\"https:\/\/universofamilia.com\/hu\/7506\/consultar-recibo-de-luz\/\" style=\"border-radius:6px;background-color:#008e5a\">Ellen\u0151rizze az \u00e1ramsz\u00e1ml\u00e1t \u27a1\ufe0f<\/a><\/div>\n<\/div>\n\n\n\n<p class=\"has-text-align-right\"><em><strong><em><strong>Olvass tov\u00e1bb!<\/strong><\/em><\/strong><\/em><\/p>\n\n\n\n<hr class=\"wp-block-separator alignfull has-text-color has-alpha-channel-opacity has-background is-style-wide\" style=\"background-color:#006196;color:#006196\"\/>\n\n\n\n<p><\/p>\n\n\n\n<p>A villanysz\u00e1mla az egyik legfontosabb eleme minden csal\u00e1d vagy v\u00e1llalkoz\u00e1s p\u00e9nz\u00fcgyi tervez\u00e9s\u00e9nek.<\/p>\n\n\n\n<p>Mexik\u00f3ban a Sz\u00f6vets\u00e9gi Villamosenergia-\u00fcgyi Bizotts\u00e1g (CFE) a f\u0151 \u00e1ramszolg\u00e1ltat\u00f3, amely t\u00f6bb milli\u00f3 \u00fcgyfelet szolg\u00e1l ki orsz\u00e1gszerte.<\/p>\n\n\n\n<p>A villanysz\u00e1mla rendszeres ellen\u0151rz\u00e9se, a fizet\u00e9si hat\u00e1rid\u0151k meg\u00e9rt\u00e9se \u00e9s a CFE \u00e1ltal k\u00edn\u00e1lt digit\u00e1lis eszk\u00f6z\u00f6k kihaszn\u00e1l\u00e1sa kulcsfontoss\u00e1g\u00fa l\u00e9p\u00e9sek a meglepet\u00e9sek elker\u00fcl\u00e9se \u00e9s a kiad\u00e1sok feletti ellen\u0151rz\u00e9s meg\u0151rz\u00e9se \u00e9rdek\u00e9ben.<\/p>\n\n\n\n<h3 class=\"wp-block-heading\">A CFE villanysz\u00e1mla id\u0151ben t\u00f6rt\u00e9n\u0151 ellen\u0151rz\u00e9s\u00e9nek el\u0151nyei<\/h3>\n\n\n\n<p>A villanysz\u00e1mla rendez\u00e9se elengedhetetlen az \u00e1ramkimarad\u00e1sok vagy a tov\u00e1bbi k\u00f6lts\u00e9gek elker\u00fcl\u00e9se \u00e9rdek\u00e9ben.<\/p>\n\n\n\n<p>A nyugta rendszeres ellen\u0151rz\u00e9s\u00e9nek f\u0151 el\u0151nyei a k\u00f6vetkez\u0151k:<\/p>\n\n\n\n<ul class=\"wp-block-list\">\n<li><strong>Ker\u00fclje a k\u00e9sedelmes fizet\u00e9seket<\/strong>A hat\u00e1rid\u0151re t\u00f6rt\u00e9n\u0151 fizet\u00e9s elmulaszt\u00e1sa b\u00edrs\u00e1got vagy az energiaell\u00e1t\u00e1s megszakad\u00e1s\u00e1t vonhatja maga ut\u00e1n.<\/li>\n\n\n\n<li><strong>Hibaazonos\u00edt\u00e1s<\/strong>A nyugta \u00e1ttekint\u00e9se seg\u00edthet a helytelen terhel\u00e9sek vagy ellentmond\u00e1sok azonos\u00edt\u00e1s\u00e1ban, amelyeket ki lehet jav\u00edtani, miel\u0151tt nagyobb probl\u00e9m\u00e1kk\u00e1 v\u00e1ln\u00e1nak.<\/li>\n\n\n\n<li><strong>P\u00e9nz\u00fcgyi tervez\u00e9s<\/strong>A havi k\u00f6lts\u00e9gvet\u00e9s kezel\u00e9s\u00e9ben seg\u00edt az el\u0151re fizetend\u0151 \u00f6sszeg ismerete.<\/li>\n\n\n\n<li><strong>Hozz\u00e1f\u00e9r\u00e9s kedvezm\u00e9nyekhez vagy t\u00e1mogat\u00e1si programokhoz<\/strong>Egyes r\u00e9gi\u00f3kban az id\u0151ben t\u00f6rt\u00e9n\u0151 fizet\u00e9s kedvezm\u00e9nyeket vagy d\u00edjt\u00e1mogat\u00e1si programokhoz val\u00f3 hozz\u00e1f\u00e9r\u00e9st garant\u00e1lhat.<\/li>\n<\/ul>\n\n\n\n<p>A villanysz\u00e1mla ellen\u0151rz\u00e9se t\u00f6bb mint k\u00f6telezetts\u00e9g; ez egy m\u00f3dja a p\u00e9nz\u00fcgyi kontroll fenntart\u00e1s\u00e1nak \u00e9s a zavartalan energiaell\u00e1t\u00e1s biztos\u00edt\u00e1s\u00e1nak.<\/p>\n\n\n\n<h3 class=\"wp-block-heading\">A CFE villanysz\u00e1ml\u00e1k lej\u00e1rati d\u00e1tuma<\/h3>\n\n\n\n<p>A CFE \u00e1ltal ki\u00e1ll\u00edtott villanysz\u00e1ml\u00e1nak meghat\u00e1rozott fizet\u00e9si hat\u00e1rideje van.<\/p>\n\n\n\n<p>Ez az id\u0151szak egy\u00e9rtelm\u0171en fel van t\u00fcntetve a dokumentumon, \u00e9s a ki\u00e1ll\u00edt\u00e1s d\u00e1tum\u00e1t\u00f3l f\u00fcgg\u0151en v\u00e1ltozik.<\/p>\n\n\n\n<p>Fontos szem el\u0151tt tartani, hogy:<\/p>\n\n\n\n<ul class=\"wp-block-list\">\n<li><strong>K\u00f6z\u00f6s hat\u00e1rid\u0151<\/strong>A fizet\u00e9si hat\u00e1rid\u0151 \u00e1ltal\u00e1ban 15-20 nap a nyugta ki\u00e1ll\u00edt\u00e1s\u00e1t\u00f3l sz\u00e1m\u00edtva.<\/li>\n\n\n\n<li><strong>K\u00e9sedelmi b\u00edrs\u00e1gok<\/strong>Ha a fizet\u00e9s nem t\u00f6rt\u00e9nik meg id\u0151ben, kamatl\u00e1bak mer\u00fclhetnek fel, \u00e9s az \u00fcgyf\u00e9l automatikus le\u00e1ll\u00edt\u00e1si programokba ker\u00fclhet.<\/li>\n\n\n\n<li><strong>Ad\u00f3ss\u00e1grendez\u00e9s<\/strong>A CFE lehet\u0151s\u00e9geket k\u00edn\u00e1l a k\u00e9sedelmes fizet\u00e9sek \u00fajrat\u00e1rgyal\u00e1s\u00e1ra, de mindig a legjobb elker\u00fclni ezt a helyzetet.<\/li>\n<\/ul>\n\n\n\n<p>\u00dcgyeljen arra, hogy figyeljen a blokkon tal\u00e1lhat\u00f3 lej\u00e1rati d\u00e1tumra, hogy elker\u00fclje a felesleges kellemetlens\u00e9geket \u00e9s a t\u00f6bbletk\u00f6lts\u00e9geket.<\/p>\n\n\n\n<h3 class=\"wp-block-heading\">A CFE villanysz\u00e1mla online ellen\u0151rz\u00e9s\u00e9nek el\u0151nyei<\/h3>\n\n\n\n<p>A technol\u00f3giai fejl\u0151d\u00e9snek k\u00f6sz\u00f6nhet\u0151en a CFE k\u00fcl\u00f6nf\u00e9le digit\u00e1lis eszk\u00f6z\u00f6ket k\u00edn\u00e1l, amelyek megk\u00f6nny\u00edtik a villanysz\u00e1ml\u00e1val kapcsolatos inform\u00e1ci\u00f3khoz val\u00f3 hozz\u00e1f\u00e9r\u00e9st.<\/p>\n\n\n\n<p>A nyugta online ellen\u0151rz\u00e9se sz\u00e1mos el\u0151nnyel j\u00e1r:<\/p>\n\n\n\n<ul class=\"wp-block-list\">\n<li><strong>Gyakorlatiass\u00e1g<\/strong>A konzult\u00e1ci\u00f3 b\u00e1rmikor, b\u00e1rhol elv\u00e9gezhet\u0151, internetre csatlakoztatott eszk\u00f6z seg\u00edts\u00e9g\u00e9vel.<\/li>\n\n\n\n<li><strong>Sebess\u00e9g<\/strong>Azonnali hozz\u00e1f\u00e9r\u00e9s, nem kell v\u00e1rni a kinyomtatott nyugt\u00e1ra.<\/li>\n\n\n\n<li><strong>Fenntarthat\u00f3s\u00e1g<\/strong>A digit\u00e1lis verzi\u00f3 v\u00e1laszt\u00e1s\u00e1val hozz\u00e1j\u00e1rulsz a pap\u00edrfelhaszn\u00e1l\u00e1s cs\u00f6kkent\u00e9s\u00e9hez \u00e9s a k\u00f6rnyezeti fenntarthat\u00f3s\u00e1g el\u0151mozd\u00edt\u00e1s\u00e1hoz.<\/li>\n\n\n\n<li><strong>Sz\u00e1mlael\u0151zm\u00e9nyek<\/strong>Az online platform hozz\u00e1f\u00e9r\u00e9st biztos\u00edt a kor\u00e1bbi sz\u00e1ml\u00e1khoz, ami hasznos az \u00f6sszehasonl\u00edt\u00e1sokhoz \u00e9s a fogyaszt\u00e1si elemz\u00e9sekhez.<\/li>\n\n\n\n<li><strong>\u00c9rtes\u00edt\u00e9sek<\/strong>A rendszer automatikus eml\u00e9keztet\u0151ket tud k\u00fcldeni a fizet\u00e9si hat\u00e1rid\u0151kr\u0151l \u00e9s egy\u00e9b fontos friss\u00edt\u00e9sekr\u0151l.<\/li>\n<\/ul>\n\n\n\n<p>A CFE digit\u00e1lis platformj\u00e1nak haszn\u00e1lata id\u0151t takar\u00edthat meg, \u00e9s elker\u00fclheti a villanysz\u00e1mla kezel\u00e9s\u00e9vel kapcsolatos el\u0151re nem l\u00e1that\u00f3 probl\u00e9m\u00e1kat.<\/p>\n\n\n\n<h3 class=\"wp-block-heading\">Gyakran ism\u00e9telt k\u00e9rd\u00e9sek a CFE villamosenergia-sz\u00e1ml\u00e1j\u00e1val kapcsolatban<\/h3>\n\n\n\n<h4 class=\"wp-block-heading\">1. Hogyan tudom online ellen\u0151rizni a CFE villanysz\u00e1ml\u00e1mat?<\/h4>\n\n\n\n<p>A villanysz\u00e1mla online ellen\u0151rz\u00e9se gyors \u00e9s egyszer\u0171 folyamat. K\u00f6vesse az al\u00e1bbi l\u00e9p\u00e9seket:<\/p>\n\n\n\n<ol start=\"1\" class=\"wp-block-list\">\n<li>L\u00e9pjen be a hivatalos CFE weboldalra (<a href=\"http:\/\/www.cfe.mx\">www.cfe.mx<\/a>).<\/li>\n\n\n\n<li>Kattintson a \u201eSaj\u00e1t CFE-ter\u00fclet\u201d vagy a \u201eNyugta ellen\u0151rz\u00e9se\u201d r\u00e9szre.<\/li>\n\n\n\n<li>Regisztr\u00e1ljon a szolg\u00e1ltat\u00e1si sz\u00e1m\u00e1val, amely a fizikai nyugt\u00e1n tal\u00e1lhat\u00f3.<\/li>\n\n\n\n<li>Miut\u00e1n l\u00e9trehoztad a fi\u00f3kodat, PDF form\u00e1tumban hozz\u00e1f\u00e9rhetsz a nyugt\u00e1idhoz, \u00e9s ellen\u0151rizheted a felhaszn\u00e1l\u00e1sodat \u00e9s az \u00f6sszegeket.<\/li>\n<\/ol>\n\n\n\n<p>A platform intuit\u00edv \u00e9s \u00fagy lett kialak\u00edtva, hogy megfeleljen a k\u00fcl\u00f6nb\u00f6z\u0151 felhaszn\u00e1l\u00f3i ig\u00e9nyeknek.<\/p>\n\n\n\n<h4 class=\"wp-block-heading\">2. Mi t\u00f6rt\u00e9nik, ha nem fizetem be id\u0151ben a villanysz\u00e1ml\u00e1mat?<\/h4>\n\n\n\n<p>A villanysz\u00e1mla id\u0151ben t\u00f6rt\u00e9n\u0151 befizet\u00e9s\u00e9nek sz\u00e1mos k\u00f6vetkezm\u00e9nye lehet:<\/p>\n\n\n\n<ul class=\"wp-block-list\">\n<li><strong>\u00c1ramell\u00e1t\u00e1s megszakad\u00e1sa<\/strong>A CFE egy bizonyos id\u0151szak lej\u00e1rta ut\u00e1n le\u00e1ll\u00edthatja az energiaszolg\u00e1ltat\u00e1st.<\/li>\n\n\n\n<li><strong>B\u00edrs\u00e1gok \u00e9s kamatok<\/strong>Tov\u00e1bbi k\u00e9sedelmi d\u00edjak mer\u00fclhetnek fel.<\/li>\n\n\n\n<li><strong>Negat\u00edv t\u00f6rt\u00e9nelem<\/strong>Ez befoly\u00e1solhatja a CFE-n\u00e9l t\u00f6rt\u00e9n\u0151 regisztr\u00e1ci\u00f3j\u00e1t, megnehez\u00edtve a j\u00f6v\u0151beni \u00fajrat\u00e1rgyal\u00e1sokat.<\/li>\n<\/ul>\n\n\n\n<p>Ez\u00e9rt elengedhetetlen a fizet\u00e9sek naprak\u00e9szen tart\u00e1sa a probl\u00e9m\u00e1k \u00e9s a t\u00f6bbletk\u00f6lts\u00e9gek elker\u00fcl\u00e9se \u00e9rdek\u00e9ben.<\/p>\n\n\n\n<h4 class=\"wp-block-heading\">3. Hogyan fizethetem be online a villanysz\u00e1ml\u00e1mat?<\/h4>\n\n\n\n<p>A CFE sz\u00e1mos online fizet\u00e9si lehet\u0151s\u00e9get k\u00edn\u00e1l. \u00cdgy teheti meg:<\/p>\n\n\n\n<ol start=\"1\" class=\"wp-block-list\">\n<li>L\u00e1togassa meg a hivatalos CFE weboldalt vagy alkalmaz\u00e1st.<\/li>\n\n\n\n<li>L\u00e9pjen a \u201eFizet\u00e9sek\u201d r\u00e9szre, \u00e9s adja meg a nyugt\u00e1j\u00e1t.<\/li>\n\n\n\n<li>V\u00e1lassza ki a fizet\u00e9si m\u00f3dot: hitelk\u00e1rtya, bankk\u00e1rtya vagy banki \u00e1tutal\u00e1s.<\/li>\n\n\n\n<li>Er\u0151s\u00edtse meg a tranzakci\u00f3t, \u00e9s \u0151rizze meg a nyugt\u00e1t.<\/li>\n<\/ol>\n\n\n\n<p>Ezenk\u00edv\u00fcl harmadik f\u00e9lt\u0151l sz\u00e1rmaz\u00f3 alkalmaz\u00e1sokon \u00e9s partner\u00fczleteken kereszt\u00fcl is lehet fizetni.<\/p>\n\n\n\n<h4 class=\"wp-block-heading\">4. Hogyan ellen\u0151rizhetem a villanysz\u00e1ml\u00e1mon tal\u00e1lhat\u00f3 hib\u00e1kat?<\/h4>\n\n\n\n<p>A villanysz\u00e1mla ellen\u0151rz\u00e9se elengedhetetlen a helytelen k\u00f6lts\u00e9gek elker\u00fcl\u00e9se \u00e9rdek\u00e9ben. \u00cdme n\u00e9h\u00e1ny tipp:<\/p>\n\n\n\n<ul class=\"wp-block-list\">\n<li><strong>Tekintse \u00e1t az alapvet\u0151 adatokat<\/strong>K\u00e9rj\u00fck, ellen\u0151rizze, hogy a n\u00e9v, a c\u00edm \u00e9s a szolg\u00e1ltat\u00e1si sz\u00e1m helyes-e.<\/li>\n\n\n\n<li><strong>Elemezze a r\u00f6gz\u00edtett fogyaszt\u00e1st<\/strong>: Hasonl\u00edtsa \u00f6ssze a jelzett fogyaszt\u00e1st az el\u0151z\u0151 h\u00f3napok el\u0151zm\u00e9nyeivel.<\/li>\n\n\n\n<li><strong>Ellen\u0151rizze az alkalmazott d\u00edjakat<\/strong>Gy\u0151z\u0151dj\u00f6n meg r\u00f3la, hogy a felsz\u00e1m\u00edtott d\u00edjak megfelelnek az \u00fcgyf\u00e9lkateg\u00f3ri\u00e1j\u00e1nak.<\/li>\n\n\n\n<li><strong>Kapcsolatfelv\u00e9tel az \u00fcgyf\u00e9lszolg\u00e1lattal<\/strong>Ha b\u00e1rmilyen elt\u00e9r\u00e9st tal\u00e1l, k\u00e9rj\u00fck, vegye fel a kapcsolatot a CFE-vel fel\u00fclvizsg\u00e1lat k\u00e9r\u00e9se \u00e9rdek\u00e9ben.<\/li>\n<\/ul>\n\n\n\n<p>A hib\u00e1k gyors jav\u00edt\u00e1sa elker\u00fclheti a felesleges k\u00f6lts\u00e9geket.<\/p>\n\n\n<div class=\"wp-block-image\">\n<figure class=\"aligncenter size-full\"><img loading=\"lazy\" decoding=\"async\" width=\"550\" height=\"350\" src=\"http:\/\/universofamilia.com\/wp-content\/uploads\/sites\/148\/2024\/11\/DESTAQUE-UNIVERSO-550-x-350-14.jpg\" alt=\"\" class=\"wp-image-7504\" srcset=\"https:\/\/universofamilia.com\/wp-content\/uploads\/sites\/148\/2024\/11\/DESTAQUE-UNIVERSO-550-x-350-14.jpg 550w, https:\/\/universofamilia.com\/wp-content\/uploads\/sites\/148\/2024\/11\/DESTAQUE-UNIVERSO-550-x-350-14-300x191.jpg 300w\" sizes=\"(max-width: 550px) 100vw, 550px\" \/><figcaption class=\"wp-element-caption\">Villanysz\u00e1mla<\/figcaption><\/figure><\/div>\n\n\n<h4 class=\"wp-block-heading\">5. Az online nyugta ugyanolyan \u00e9rv\u00e9nyes, mint a nyomtatott?<\/h4>\n\n\n\n<p>Igen, az online nyugta jogilag ugyanolyan \u00e9rv\u00e9nyes, mint a nyomtatott nyugta. Fizet\u00e9s igazol\u00e1s\u00e1ra haszn\u00e1lhat\u00f3, \u00e9s elfogadott k\u00f6zigazgat\u00e1si \u00e9s jogi elj\u00e1r\u00e1sokban.<\/p>\n\n\n\n<h4 class=\"wp-block-heading\">6. Mit tegyek, ha nem kapom meg a villanysz\u00e1ml\u00e1mat?<\/h4>\n\n\n\n<p>Ha nem kapta meg a sz\u00e1ml\u00e1j\u00e1t, ellen\u0151rizze a CFE online platformj\u00e1t, vagy vegye fel a kapcsolatot az \u00fcgyf\u00e9lszolg\u00e1lattal. A nyugt\u00e1r\u00f3l m\u00e1sodp\u00e9ld\u00e1nyt k\u00f6zvetlen\u00fcl a weboldalon is k\u00e9sz\u00edthet.<\/p>\n\n\n\n<h4 class=\"wp-block-heading\">7. Vannak automatikus sz\u00e1ml\u00e1z\u00e1si lehet\u0151s\u00e9gek?<\/h4>\n\n\n\n<p>Igen, a CFE lehet\u0151s\u00e9get k\u00edn\u00e1l csoportos beszed\u00e9si megb\u00edz\u00e1sra, amely biztos\u00edtja, hogy a sz\u00e1ml\u00e1ja minden h\u00f3napban automatikusan kiegyenl\u00edt\u0151dj\u00f6n. Ez k\u00fcl\u00f6n\u00f6sen hasznos a k\u00e9sedelmek elker\u00fcl\u00e9se \u00e9rdek\u00e9ben.<\/p>\n\n\n\n<h3 class=\"wp-block-heading\">K\u00f6vetkeztet\u00e9s<\/h3>\n\n\n\n<p>A CFE villanysz\u00e1mla elengedhetetlen dokumentum a p\u00e9nz\u00fcgyek kezel\u00e9s\u00e9hez \u00e9s a folyamatos \u00e1ramell\u00e1t\u00e1s biztos\u00edt\u00e1s\u00e1hoz.<\/p>\n\n\n\n<p>A rendszeres sz\u00e1mlaellen\u0151rz\u00e9s, az online forr\u00e1sok kihaszn\u00e1l\u00e1sa \u00e9s az id\u0151ben t\u00f6rt\u00e9n\u0151 fizet\u00e9s biztos\u00edt\u00e1sa olyan gyakorlatok, amelyek seg\u00edtenek elker\u00fclni a probl\u00e9m\u00e1kat \u00e9s a t\u00f6bbletk\u00f6lts\u00e9geket.<\/p>\n\n\n\n<p>A szolg\u00e1ltat\u00e1sok digitaliz\u00e1ci\u00f3j\u00e1val m\u00e9g k\u00f6nnyebb a haszn\u00e1lat nyomon k\u00f6vet\u00e9se, az esetleges hib\u00e1k kijav\u00edt\u00e1sa, valamint a gyors \u00e9s biztons\u00e1gos fizet\u00e9s.<\/p>\n\n\n\n<p>Ak\u00e1r a hivatalos CFE weboldalt, ak\u00e1r az alkalmaz\u00e1st haszn\u00e1lod, a villanysz\u00e1ml\u00e1ddal kapcsolatos naprak\u00e9sz inform\u00e1ci\u00f3k k\u00f6vet\u00e9se hat\u00e9kony m\u00f3dja a p\u00e9nz\u00fcgyeid rendszerez\u00e9s\u00e9nek \u00e9s a tudatos fogyaszt\u00e1shoz val\u00f3 hozz\u00e1j\u00e1rul\u00e1snak.<\/p>\n\n\n\n<p>Ne hagyja az utols\u00f3 pillanatra: ellen\u0151rizze a nyugt\u00e1j\u00e1t most, \u00e9s haszn\u00e1lja ki a mindig naprak\u00e9sz inform\u00e1ci\u00f3k el\u0151nyeit.<\/p>\n\n\n\n<p><\/p>\n\n\n\n<hr class=\"wp-block-separator has-text-color has-luminous-vivid-orange-color has-alpha-channel-opacity has-luminous-vivid-orange-background-color has-background is-style-wide\"\/>\n\n\n\n<h3 class=\"wp-block-heading\">L\u00e1sd m\u00e9g:<\/h3>\n\n\n\n<ul class=\"wp-block-list has-small-font-size\">\n<li class=\"has-medium-font-size\" style=\"padding-top:0;padding-right:var(--wp--preset--spacing--40);padding-bottom:0;padding-left:var(--wp--preset--spacing--40);font-style:normal;font-weight:400\"><a href=\"https:\/\/universofamilia.com\/hu\/6855\/grabar-llamadas-recibidas\/\"><mark style=\"background-color:rgba(0, 0, 0, 0);color:#f94c45\" class=\"has-inline-color\">Bej\u00f6v\u0151 h\u00edv\u00e1sok r\u00f6gz\u00edt\u00e9se &gt;<\/mark><\/a><\/li>\n\n\n\n<li class=\"has-medium-font-size\" style=\"padding-top:0;padding-right:var(--wp--preset--spacing--40);padding-bottom:0;padding-left:var(--wp--preset--spacing--40);font-style:normal;font-weight:400\"><a href=\"https:\/\/universofamilia.com\/hu\/6898\/leer-la-biblia-catolica-en-tu-celular\/\"><mark style=\"background-color:rgba(0, 0, 0, 0);color:#f94c45\" class=\"has-inline-color\"><font style=\"vertical-align: inherit;\"><font style=\"vertical-align: inherit;\">Olvasd a katolikus Bibli\u00e1t a mobiltelefonodon<\/font><\/font> &gt;<\/mark><\/a><\/li>\n\n\n\n<li class=\"has-medium-font-size\" style=\"padding-top:0;padding-right:var(--wp--preset--spacing--40);padding-bottom:0;padding-left:var(--wp--preset--spacing--40);font-style:normal;font-weight:400\"><a href=\"https:\/\/universofamilia.com\/hu\/6832\/aplicacion-para-bailar-zumba\/\"><mark style=\"background-color:rgba(0, 0, 0, 0);color:#f94c45\" class=\"has-inline-color\">Zumba t\u00e1ncalkalmaz\u00e1s &gt;<\/mark><\/a><\/li>\n\n\n\n<li class=\"has-medium-font-size\" style=\"padding-top:0;padding-right:var(--wp--preset--spacing--40);padding-bottom:0;padding-left:var(--wp--preset--spacing--40);font-style:normal;font-weight:400\"><a href=\"https:\/\/universofamilia.com\/hu\/6952\/descubre-quien-visita-tu-perfil-redes-sociales\/\"><mark style=\"background-color:rgba(0, 0, 0, 0);color:#f94c45\" class=\"has-inline-color\">Tudja meg, kik l\u00e1togatj\u00e1k a k\u00f6z\u00f6ss\u00e9gi m\u00e9dia profilj\u00e1t &gt;<\/mark><\/a><\/li>\n<\/ul>\n\n\n\n<p class=\"has-text-align-right\"><strong><em>Ugyanott fogsz maradni.<\/em><\/strong><\/p>\n\n\n\n<hr class=\"wp-block-separator has-text-color has-luminous-vivid-orange-color has-alpha-channel-opacity has-luminous-vivid-orange-background-color has-background is-style-wide\"\/>\n\n\n\n<p><\/p>","protected":false},"excerpt":{"rendered":"<p>Tanuld meg, hogyan kezelheted \u00e9s fizetheted egyszer\u0171en a CFE-sz\u00e1ml\u00e1dat. Olvass tov\u00e1bb! A villanysz\u00e1mla minden csal\u00e1d vagy v\u00e1llalkoz\u00e1s p\u00e9nz\u00fcgyi tervez\u00e9s\u00e9nek egyik alapvet\u0151 eleme. Mexik\u00f3ban a Sz\u00f6vets\u00e9gi Villamosenergia-bizotts\u00e1g (CFE) a f\u0151 \u00e1ramszolg\u00e1ltat\u00f3, amely orsz\u00e1gszerte t\u00f6bb milli\u00f3 \u00fcgyfelet szolg\u00e1l ki. Tekintsd \u00e1t [\u2026]<\/p>","protected":false},"author":0,"featured_media":7504,"comment_status":"closed","ping_status":"open","sticky":false,"template":"","format":"standard","meta":{"footnotes":""},"categories":[3],"tags":[612,685,724,1204,1552],"yoast_head":"<!-- This site is optimized with the Yoast SEO plugin v23.3 - https:\/\/yoast.com\/wordpress\/plugins\/seo\/ -->\n<title>Recibo de Luz - Universo Fam\u00edlia<\/title>\n<meta name=\"description\" content=\"Recibo de Luz. Descubre c\u00f3mo gestionar y pagar tu recibo CFE f\u00e1cilmente.\" \/>\n<meta name=\"robots\" content=\"index, follow, max-snippet:-1, max-image-preview:large, max-video-preview:-1\" \/>\n<link rel=\"canonical\" href=\"http:\/\/universofamilia.com\/hu\/recibo-de-luz\/\" \/>\n<meta property=\"og:locale\" content=\"hu_HU\" \/>\n<meta property=\"og:type\" content=\"article\" \/>\n<meta property=\"og:title\" content=\"Recibo de Luz - Universo Fam\u00edlia\" \/>\n<meta property=\"og:description\" content=\"Recibo de Luz. Descubre c\u00f3mo gestionar y pagar tu recibo CFE f\u00e1cilmente.\" \/>\n<meta property=\"og:url\" content=\"http:\/\/universofamilia.com\/hu\/recibo-de-luz\/\" \/>\n<meta property=\"og:site_name\" content=\"Universo Fam\u00edlia\" \/>\n<meta property=\"article:published_time\" content=\"2024-11-19T19:37:02+00:00\" \/>\n<meta property=\"og:image\" content=\"http:\/\/universofamilia.com\/wp-content\/uploads\/sites\/148\/2024\/11\/DESTAQUE-UNIVERSO-550-x-350-14.jpg\" \/>\n\t<meta property=\"og:image:width\" content=\"550\" \/>\n\t<meta property=\"og:image:height\" content=\"350\" \/>\n\t<meta property=\"og:image:type\" content=\"image\/jpeg\" \/>\n<meta name=\"twitter:card\" content=\"summary_large_image\" \/>\n<meta name=\"twitter:label1\" content=\"Est. reading time\" \/>\n\t<meta name=\"twitter:data1\" content=\"7 perc\" \/>\n<script type=\"application\/ld+json\" class=\"yoast-schema-graph\">{\"@context\":\"https:\/\/schema.org\",\"@graph\":[{\"@type\":\"WebPage\",\"@id\":\"http:\/\/universofamilia.com\/da\/recibo-de-luz\/\",\"url\":\"http:\/\/universofamilia.com\/da\/recibo-de-luz\/\",\"name\":\"Recibo de Luz - Universo Fam\u00edlia\",\"isPartOf\":{\"@id\":\"https:\/\/universofamilia.com\/el\/#website\"},\"primaryImageOfPage\":{\"@id\":\"http:\/\/universofamilia.com\/da\/recibo-de-luz\/#primaryimage\"},\"image\":{\"@id\":\"http:\/\/universofamilia.com\/da\/recibo-de-luz\/#primaryimage\"},\"thumbnailUrl\":\"https:\/\/universofamilia.com\/wp-content\/uploads\/sites\/148\/2024\/11\/DESTAQUE-UNIVERSO-550-x-350-14.jpg\",\"datePublished\":\"2024-11-19T19:37:02+00:00\",\"dateModified\":\"2024-11-19T19:37:02+00:00\",\"author\":{\"@id\":\"\"},\"description\":\"Recibo de Luz. Descubre c\u00f3mo gestionar y pagar tu recibo CFE f\u00e1cilmente.\",\"breadcrumb\":{\"@id\":\"http:\/\/universofamilia.com\/da\/recibo-de-luz\/#breadcrumb\"},\"inLanguage\":\"hu\",\"potentialAction\":[{\"@type\":\"ReadAction\",\"target\":[\"http:\/\/universofamilia.com\/da\/recibo-de-luz\/\"]}]},{\"@type\":\"ImageObject\",\"inLanguage\":\"hu\",\"@id\":\"http:\/\/universofamilia.com\/da\/recibo-de-luz\/#primaryimage\",\"url\":\"https:\/\/universofamilia.com\/wp-content\/uploads\/sites\/148\/2024\/11\/DESTAQUE-UNIVERSO-550-x-350-14.jpg\",\"contentUrl\":\"https:\/\/universofamilia.com\/wp-content\/uploads\/sites\/148\/2024\/11\/DESTAQUE-UNIVERSO-550-x-350-14.jpg\",\"width\":550,\"height\":350,\"caption\":\"Recibo de Luz\"},{\"@type\":\"BreadcrumbList\",\"@id\":\"http:\/\/universofamilia.com\/da\/recibo-de-luz\/#breadcrumb\",\"itemListElement\":[{\"@type\":\"ListItem\",\"position\":1,\"name\":\"Home\",\"item\":\"https:\/\/universofamilia.com\/el\/\"},{\"@type\":\"ListItem\",\"position\":2,\"name\":\"Recibo de Luz\"}]},{\"@type\":\"WebSite\",\"@id\":\"https:\/\/universofamilia.com\/el\/#website\",\"url\":\"https:\/\/universofamilia.com\/el\/\",\"name\":\"Universo Fam\u00edlia\",\"description\":\"\",\"potentialAction\":[{\"@type\":\"SearchAction\",\"target\":{\"@type\":\"EntryPoint\",\"urlTemplate\":\"https:\/\/universofamilia.com\/el\/?s={search_term_string}\"},\"query-input\":\"required name=search_term_string\"}],\"inLanguage\":\"hu\"}]}<\/script>\n<!-- \/ Yoast SEO plugin. -->","yoast_head_json":{"title":"Recibo de Luz - Universo Fam\u00edlia","description":"Recibo de Luz. Descubre c\u00f3mo gestionar y pagar tu recibo CFE f\u00e1cilmente.","robots":{"index":"index","follow":"follow","max-snippet":"max-snippet:-1","max-image-preview":"max-image-preview:large","max-video-preview":"max-video-preview:-1"},"canonical":"http:\/\/universofamilia.com\/hu\/recibo-de-luz\/","og_locale":"hu_HU","og_type":"article","og_title":"Recibo de Luz - Universo Fam\u00edlia","og_description":"Recibo de Luz. Descubre c\u00f3mo gestionar y pagar tu recibo CFE f\u00e1cilmente.","og_url":"http:\/\/universofamilia.com\/hu\/recibo-de-luz\/","og_site_name":"Universo Fam\u00edlia","article_published_time":"2024-11-19T19:37:02+00:00","og_image":[{"width":550,"height":350,"url":"http:\/\/universofamilia.com\/wp-content\/uploads\/sites\/148\/2024\/11\/DESTAQUE-UNIVERSO-550-x-350-14.jpg","type":"image\/jpeg"}],"twitter_card":"summary_large_image","twitter_misc":{"Est. reading time":"7 perc"},"schema":{"@context":"https:\/\/schema.org","@graph":[{"@type":"WebPage","@id":"http:\/\/universofamilia.com\/da\/recibo-de-luz\/","url":"http:\/\/universofamilia.com\/da\/recibo-de-luz\/","name":"Recibo de Luz - Universo Fam\u00edlia","isPartOf":{"@id":"https:\/\/universofamilia.com\/el\/#website"},"primaryImageOfPage":{"@id":"http:\/\/universofamilia.com\/da\/recibo-de-luz\/#primaryimage"},"image":{"@id":"http:\/\/universofamilia.com\/da\/recibo-de-luz\/#primaryimage"},"thumbnailUrl":"https:\/\/universofamilia.com\/wp-content\/uploads\/sites\/148\/2024\/11\/DESTAQUE-UNIVERSO-550-x-350-14.jpg","datePublished":"2024-11-19T19:37:02+00:00","dateModified":"2024-11-19T19:37:02+00:00","author":{"@id":""},"description":"Recibo de Luz. Descubre c\u00f3mo gestionar y pagar tu recibo CFE f\u00e1cilmente.","breadcrumb":{"@id":"http:\/\/universofamilia.com\/da\/recibo-de-luz\/#breadcrumb"},"inLanguage":"hu","potentialAction":[{"@type":"ReadAction","target":["http:\/\/universofamilia.com\/da\/recibo-de-luz\/"]}]},{"@type":"ImageObject","inLanguage":"hu","@id":"http:\/\/universofamilia.com\/da\/recibo-de-luz\/#primaryimage","url":"https:\/\/universofamilia.com\/wp-content\/uploads\/sites\/148\/2024\/11\/DESTAQUE-UNIVERSO-550-x-350-14.jpg","contentUrl":"https:\/\/universofamilia.com\/wp-content\/uploads\/sites\/148\/2024\/11\/DESTAQUE-UNIVERSO-550-x-350-14.jpg","width":550,"height":350,"caption":"Recibo de Luz"},{"@type":"BreadcrumbList","@id":"http:\/\/universofamilia.com\/da\/recibo-de-luz\/#breadcrumb","itemListElement":[{"@type":"ListItem","position":1,"name":"Home","item":"https:\/\/universofamilia.com\/el\/"},{"@type":"ListItem","position":2,"name":"Recibo de Luz"}]},{"@type":"WebSite","@id":"https:\/\/universofamilia.com\/el\/#website","url":"https:\/\/universofamilia.com\/el\/","name":"Universo Fam\u00edlia","description":"","potentialAction":[{"@type":"SearchAction","target":{"@type":"EntryPoint","urlTemplate":"https:\/\/universofamilia.com\/el\/?s={search_term_string}"},"query-input":"required name=search_term_string"}],"inLanguage":"hu"}]}},"_links":{"self":[{"href":"https:\/\/universofamilia.com\/hu\/wp-json\/wp\/v2\/posts\/7490"}],"collection":[{"href":"https:\/\/universofamilia.com\/hu\/wp-json\/wp\/v2\/posts"}],"about":[{"href":"https:\/\/universofamilia.com\/hu\/wp-json\/wp\/v2\/types\/post"}],"replies":[{"embeddable":true,"href":"https:\/\/universofamilia.com\/hu\/wp-json\/wp\/v2\/comments?post=7490"}],"version-history":[{"count":0,"href":"https:\/\/universofamilia.com\/hu\/wp-json\/wp\/v2\/posts\/7490\/revisions"}],"wp:featuredmedia":[{"embeddable":true,"href":"https:\/\/universofamilia.com\/hu\/wp-json\/wp\/v2\/media\/7504"}],"wp:attachment":[{"href":"https:\/\/universofamilia.com\/hu\/wp-json\/wp\/v2\/media?parent=7490"}],"wp:term":[{"taxonomy":"category","embeddable":true,"href":"https:\/\/universofamilia.com\/hu\/wp-json\/wp\/v2\/categories?post=7490"},{"taxonomy":"post_tag","embeddable":true,"href":"https:\/\/universofamilia.com\/hu\/wp-json\/wp\/v2\/tags?post=7490"}],"curies":[{"name":"wp","href":"https:\/\/api.w.org\/{rel}","templated":true}]}}