{"id":7530,"date":"2024-11-25T14:28:59","date_gmt":"2024-11-25T17:28:59","guid":{"rendered":"https:\/\/universofamilia.com\/?p=7530"},"modified":"2024-11-25T14:28:59","modified_gmt":"2024-11-25T17:28:59","slug":"descubre-quien-te-sigue-en-silencio","status":"publish","type":"post","link":"https:\/\/universofamilia.com\/hu\/descubre-quien-te-sigue-en-silencio\/","title":{"rendered":"Der\u00edtsd ki, ki k\u00f6vet t\u00e9ged csendben."},"content":{"rendered":"<p><strong>Valaki k\u00e9mkedik ut\u00e1nad? <\/strong>Tudd meg, kik l\u00e1togatj\u00e1k most a profilodat.<\/p>\n\n\n\n<p><\/p>\n\n\n\n<h3 class=\"wp-block-heading has-text-align-center\">Mit keresel ma?<\/h3>\n\n\n\n<div class=\"wp-block-buttons is-content-justification-center is-layout-flex wp-container-core-buttons-layout-1 wp-block-buttons-is-layout-flex\">\n<div class=\"wp-block-button has-custom-width wp-block-button__width-100 is-style-outline\" style=\"text-decoration:none\"><a class=\"wp-block-button__link has-white-color has-vivid-cyan-blue-background-color has-text-color has-background has-link-color has-text-align-left wp-element-button\" href=\"https:\/\/universofamilia.com\/hu\/7282\/descubre-quien-esta-observandote\/\" style=\"border-radius:6px\">Tudd meg, ki figyel t\u00e9ged \u27a1\ufe0f<\/a><\/div>\n<\/div>\n\n\n\n<div class=\"wp-block-buttons is-content-justification-center is-layout-flex wp-container-core-buttons-layout-2 wp-block-buttons-is-layout-flex\">\n<div class=\"wp-block-button has-custom-width wp-block-button__width-100 is-style-outline\" style=\"text-decoration:none\"><a class=\"wp-block-button__link has-white-color has-vivid-cyan-blue-background-color has-text-color has-background has-link-color has-text-align-left wp-element-button\" href=\"https:\/\/universofamilia.com\/hu\/7281\/quien-esta-interesado-en-ti\/\" style=\"border-radius:6px\">Kit \u00e9rdekelsz? \u27a1\ufe0f<\/a><\/div>\n<\/div>\n\n\n\n<div class=\"wp-block-buttons is-content-justification-center is-layout-flex wp-container-core-buttons-layout-3 wp-block-buttons-is-layout-flex\">\n<div class=\"wp-block-button has-custom-width wp-block-button__width-100 is-style-outline\" style=\"text-decoration:none\"><a class=\"wp-block-button__link has-white-color has-vivid-cyan-blue-background-color has-text-color has-background has-link-color has-text-align-left wp-element-button\" href=\"https:\/\/universofamilia.com\/hu\/7271\/encuentra-el-amor-mejores-apps-de-citas\/\" style=\"border-radius:6px\">Tal\u00e1ld meg a szerelmet \u27a1\ufe0f<\/a><\/div>\n<\/div>\n\n\n\n<p class=\"has-text-align-center\"><em><strong><em><strong><em><strong>Olvass tov\u00e1bb!<\/strong><\/em><\/strong><\/em><\/strong><\/em><\/p>\n\n\n\n<hr class=\"wp-block-separator has-text-color has-luminous-vivid-orange-color has-alpha-channel-opacity has-luminous-vivid-orange-background-color has-background is-style-wide\"\/>\n\n\n\n<p><\/p>\n\n\n\n<p>El tudod k\u00e9pzelni, hogy megtudd, kik l\u00e1togatj\u00e1k a k\u00f6z\u00f6ss\u00e9gi m\u00e9dia profilodat?<\/p>\n\n\n\n<p>Var\u00e1zslatosan hangzik, ugye? De ugyanakkor \u00e9rdekes, s\u0151t egy kicsit nyugtalan\u00edt\u00f3 is. A k\u00edv\u00e1ncsis\u00e1g term\u00e9szetes: mindannyian szeretj\u00fck tudni, hogy ki figyeli a posztjainkat.<\/p>\n\n\n\n<p>Ak\u00e1r szakmai, ak\u00e1r szem\u00e9lyes, ak\u00e1r puszt\u00e1n k\u00edv\u00e1ncsi okokb\u00f3l, ezen dinamik\u00e1k meg\u00e9rt\u00e9se seg\u00edthet a legt\u00f6bbet kihozni online jelenl\u00e9t\u00e9b\u0151l.<\/p>\n\n\n\n<p>Ebben a cikkben ezt a rejt\u00e9lyt fogjuk felt\u00e1rni, \u00e9s felfedezz\u00fck, hogyan figyelheted meg, hogy kik l\u00e1togatj\u00e1k a profilodat, milyen eszk\u00f6z\u00f6ket haszn\u00e1lj (vagy ker\u00fclj), \u00e9s hogyan teheted ezt biztons\u00e1gosan.<\/p>\n\n\n\n<h3 class=\"wp-block-heading\"><strong>Profill\u00e1togat\u00e1sok figyel\u00e9se<\/strong><\/h3>\n\n\n\n<h4 class=\"wp-block-heading\"><strong>Figyelmeztet\u00e9s a zaklat\u00f3knak! Hogyan tudhatod, ki figyel t\u00e9ged?<\/strong><\/h4>\n\n\n\n<p>A k\u00f6z\u00f6ss\u00e9gi m\u00e9dia az inform\u00e1ci\u00f3k tengere. Ki l\u00e1jkolta a fot\u00f3dat? Ki kommentelt a bejegyz\u00e9sedhez?<\/p>\n\n\n\n<p>K\u00f6nny\u0171 tudni, de mi a helyzet azokkal, akik csak csendben figyelik? Vannak m\u00f3dok ezeknek a rejtett k\u00f6lcs\u00f6nhat\u00e1soknak a felt\u00e1r\u00e1s\u00e1ra?<\/p>\n\n\n\n<p>A v\u00e1lasz nem egyszer\u0171, de igen, vannak eszk\u00f6z\u00f6k \u00e9s strat\u00e9gi\u00e1k, amelyek seg\u00edthetnek.<\/p>\n\n\n\n<ul class=\"wp-block-list\">\n<li><strong>Az igazs\u00e1g a \u201el\u00e1jkok\u201d m\u00f6g\u00f6tt<\/strong>Gyakran azok, akik kapcsolatba l\u00e9pnek a tartalmaiddal, val\u00f3ban \u00e9rdekl\u0151dnek ir\u00e1nta. Elemezd a mint\u00e1kat: Kik l\u00e1jkolj\u00e1k vagy kommentelnek gyakran? Ez egy j\u00f3 kiindul\u00f3pont.<\/li>\n\n\n\n<li><strong>Adatelemz\u0151 eszk\u00f6z\u00f6k<\/strong>N\u00e9h\u00e1ny platform, mint p\u00e9ld\u00e1ul a LinkedIn, inform\u00e1ci\u00f3kat k\u00edn\u00e1l a l\u00e1togat\u00e1sokr\u00f3l vagy az elk\u00f6telez\u0151d\u00e9sr\u0151l. Az Instagramon \u00e9s a Facebookon azonban ez nem olyan k\u00f6nnyen el\u00e9rhet\u0151.<\/li>\n<\/ul>\n\n\n\n<p><\/p>\n\n\n\n<hr class=\"wp-block-separator has-text-color has-luminous-vivid-orange-color has-alpha-channel-opacity has-luminous-vivid-orange-background-color has-background is-style-wide\"\/>\n\n\n\n<h3 class=\"wp-block-heading\">L\u00e1sd m\u00e9g:<\/h3>\n\n\n\n<ul class=\"wp-block-list has-small-font-size\">\n<li class=\"has-medium-font-size\" style=\"padding-top:0;padding-right:var(--wp--preset--spacing--40);padding-bottom:0;padding-left:var(--wp--preset--spacing--40);font-style:normal;font-weight:400\"><a href=\"https:\/\/universofamilia.com\/hu\/6855\/grabar-llamadas-recibidas\/\"><mark style=\"background-color:rgba(0, 0, 0, 0);color:#f94c45\" class=\"has-inline-color\">Bej\u00f6v\u0151 h\u00edv\u00e1sok r\u00f6gz\u00edt\u00e9se &gt;<\/mark><\/a><\/li>\n\n\n\n<li class=\"has-medium-font-size\" style=\"padding-top:0;padding-right:var(--wp--preset--spacing--40);padding-bottom:0;padding-left:var(--wp--preset--spacing--40);font-style:normal;font-weight:400\"><a href=\"https:\/\/universofamilia.com\/hu\/6898\/leer-la-biblia-catolica-en-tu-celular\/\"><mark style=\"background-color:rgba(0, 0, 0, 0);color:#f94c45\" class=\"has-inline-color\"><font style=\"vertical-align: inherit;\"><font style=\"vertical-align: inherit;\">Olvasd a katolikus Bibli\u00e1t a mobiltelefonodon<\/font><\/font> &gt;<\/mark><\/a><\/li>\n\n\n\n<li class=\"has-medium-font-size\" style=\"padding-top:0;padding-right:var(--wp--preset--spacing--40);padding-bottom:0;padding-left:var(--wp--preset--spacing--40);font-style:normal;font-weight:400\"><a href=\"https:\/\/universofamilia.com\/hu\/6832\/aplicacion-para-bailar-zumba\/\"><mark style=\"background-color:rgba(0, 0, 0, 0);color:#f94c45\" class=\"has-inline-color\">Zumba t\u00e1ncalkalmaz\u00e1s &gt;<\/mark><\/a><\/li>\n\n\n\n<li class=\"has-medium-font-size\" style=\"padding-top:0;padding-right:var(--wp--preset--spacing--40);padding-bottom:0;padding-left:var(--wp--preset--spacing--40);font-style:normal;font-weight:400\"><a href=\"https:\/\/universofamilia.com\/hu\/6952\/descubre-quien-visita-tu-perfil-redes-sociales\/\"><mark style=\"background-color:rgba(0, 0, 0, 0);color:#f94c45\" class=\"has-inline-color\">Tudja meg, kik l\u00e1togatj\u00e1k a k\u00f6z\u00f6ss\u00e9gi m\u00e9dia profilj\u00e1t &gt;<\/mark><\/a><\/li>\n<\/ul>\n\n\n\n<p class=\"has-text-align-right\"><strong><em>Ugyanott fogsz maradni.<\/em><\/strong><\/p>\n\n\n\n<hr class=\"wp-block-separator has-text-color has-luminous-vivid-orange-color has-alpha-channel-opacity has-luminous-vivid-orange-background-color has-background is-style-wide\"\/>\n\n\n\n<p><\/p>\n\n\n\n<h3 class=\"wp-block-heading\"><strong>A l\u00e1that\u00f3s\u00e1g m\u00edtosza<\/strong><\/h3>\n\n\n\n<h4 class=\"wp-block-heading\"><strong>Mi\u00e9rt rejtik el a k\u00f6z\u00f6ss\u00e9gi m\u00e9dia ezeket az inform\u00e1ci\u00f3kat?<\/strong><\/h4>\n\n\n\n<p>Ha valaha is kerest\u00e9l m\u00e1r egy var\u00e1zslatos gombot, ami felfedi, hogy kik l\u00e1togatt\u00e1k meg a profilodat az Instagramon vagy a Facebookon, akkor biztosan \u00e9szrevetted, hogy egyszer\u0171en nem l\u00e9tezik.<\/p>\n\n\n\n<p>Mi\u00e9rt? A v\u00e1lasz az adatv\u00e9delemben rejlik. Ezek a platformok a felhaszn\u00e1l\u00f3i \u00e9lm\u00e9nyt helyezik el\u0151t\u00e9rbe, biztos\u00edtva, hogy mindenki b\u00f6ng\u00e9szhessen an\u00e9lk\u00fcl, hogy f\u00e9lnie kellene a k\u00f6vet\u00e9st\u0151l.<\/p>\n\n\n\n<p>Vannak azonban harmadik f\u00e9lt\u0151l sz\u00e1rmaz\u00f3 alkalmaz\u00e1sok, amelyek ezt a funkci\u00f3t \u00edg\u00e9rik. \u00c9rdemes ezeket haszn\u00e1lni?<\/p>\n\n\n\n<p>L\u00e9gy \u00f3vatos! Ezek az alkalmaz\u00e1sok gyakran vesz\u00e9lyeztethetik az adatv\u00e9delmedet, vagy ak\u00e1r el is lophatj\u00e1k az adataidat.<\/p>\n\n\n\n<h3 class=\"wp-block-heading\"><strong>Megb\u00edzhat\u00f3 eszk\u00f6z\u00f6k: Ami val\u00f3ban m\u0171k\u00f6dik<\/strong><\/h3>\n\n\n\n<p>B\u00e1r a legt\u00f6bb k\u00f6z\u00f6ss\u00e9gi h\u00e1l\u00f3zat blokkolja ezt a fajta funkci\u00f3t, olyan alkalmaz\u00e1sok, mint a <strong>K\u00f6z\u00f6ss\u00e9gi m\u00e9dia k\u00f6vet\u0151<\/strong> megb\u00edzhat\u00f3 alternat\u00edv\u00e1kk\u00e9nt t\u0171njenek ki.<\/p>\n\n\n\n<p>\u00c9rt\u00e9kes inform\u00e1ci\u00f3kat ny\u00fajtanak a profilodr\u00f3l an\u00e9lk\u00fcl, hogy vesz\u00e9lyeztetn\u00e9k a biztons\u00e1godat.<\/p>\n\n\n\n<ul class=\"wp-block-list\">\n<li><strong>F\u0151 el\u0151ny\u00f6k:<\/strong>\n<ul class=\"wp-block-list\">\n<li>T\u00e9nyleges interakci\u00f3k figyel\u00e9se: Azonos\u00edtsa, hogy kik l\u00e9pnek a legt\u00f6bbet interakci\u00f3ba a tartalm\u00e1val.<\/li>\n\n\n\n<li>\u00c9rtes\u00edt\u00e9seket kaphatsz a k\u00f6vet\u0151id viselked\u00e9s\u00e9ben bek\u00f6vetkezett fontos v\u00e1ltoz\u00e1sokr\u00f3l.<\/li>\n\n\n\n<li>Fedezz fel mint\u00e1kat, \u00e9s haszn\u00e1ld fel \u0151ket online strat\u00e9gi\u00e1d fejleszt\u00e9s\u00e9hez.<\/li>\n<\/ul>\n<\/li>\n<\/ul>\n\n\n\n<h4 class=\"wp-block-heading\"><strong>Hogyan telep\u00edts\u00fck a k\u00f6z\u00f6ss\u00e9gi nyomk\u00f6vet\u0151t<\/strong><\/h4>\n\n\n\n<ul class=\"wp-block-list\">\n<li><strong>K\u00f6z\u00f6ss\u00e9gi m\u00e9dia k\u00f6vet\u0151<\/strong>: <a href=\"https:\/\/apps.apple.com\/br\/app\/social-tracker\/id1189139278\">App Store<\/a> | <a href=\"https:\/\/play.google.com\/store\/apps\/details?id=com.mobiversite.lookAtMe&amp;hl=pt_BR&amp;pli=1\">Google Play<\/a><\/li>\n<\/ul>\n\n\n\n<ol class=\"wp-block-list\"><\/ol>\n\n\n\n<h4 class=\"wp-block-heading\"><strong>Mit mondanak a felhaszn\u00e1l\u00f3k<\/strong><\/h4>\n\n\n\n<ol class=\"wp-block-list\">\n<li><em>\u201eIm\u00e1dtam! Most m\u00e1r \u00e9rtem, kik l\u00e9pnek kapcsolatba a legt\u00f6bbet a profilommal. Mindenkinek aj\u00e1nlom, aki rendszerezni szeretn\u00e9 a kapcsolatait.\u201d<\/em> \u2014 <strong>Ana P.<\/strong><\/li>\n\n\n\n<li><em>\u201eV\u00e9gre egy alkalmaz\u00e1s, ami betartja az \u00edg\u00e9ret\u00e9t. H\u00f3napok \u00f3ta haszn\u00e1lom, \u00e9s soha nem volt probl\u00e9m\u00e1m az adatv\u00e9delemmel.\u201d<\/em> \u2014 <strong>Juan M.<\/strong><\/li>\n\n\n\n<li><em>\u201eKiv\u00e1l\u00f3 azok sz\u00e1m\u00e1ra, akik k\u00f6z\u00f6ss\u00e9gi m\u00e9di\u00e1val dolgoznak, \u00e9s meg kell \u00e9rteni\u00fck a k\u00f6z\u00f6ns\u00e9g\u00fcket. Meg\u00e9ri minden fill\u00e9rt.\u201d<\/em> \u2014 <strong>Mariana L.<\/strong><\/li>\n<\/ol>\n\n\n\n<h3 class=\"wp-block-heading\"><strong>A k\u00f6z\u00f6ns\u00e9g meg\u00e9rt\u00e9s\u00e9nek el\u0151nyei<\/strong><\/h3>\n\n\n\n<p>Ha tudod, hogy kik l\u00e1togatj\u00e1k a profilodat, az nemcsak kiel\u00e9g\u00edti a k\u00edv\u00e1ncsis\u00e1godat, hanem seg\u00edt finomhangolni a k\u00f6z\u00f6ss\u00e9gi m\u00e9dia strat\u00e9gi\u00e1dat is. P\u00e9ld\u00e1ul:<\/p>\n\n\n\n<ul class=\"wp-block-list\">\n<li><strong>Nagyobb elk\u00f6telez\u0151d\u00e9s:<\/strong> Ha tudod, kik l\u00e9pnek kapcsolatba a legt\u00f6bbet, szem\u00e9lyre szabhatod a bejegyz\u00e9seidet.<\/li>\n\n\n\n<li><strong>Nagyobb biztons\u00e1g:<\/strong> A profilod figyel\u00e9s\u00e9vel azonos\u00edthatod a potenci\u00e1lis zaklat\u00f3kat.<\/li>\n\n\n\n<li><strong>Er\u0151sebb kapcsolatok:<\/strong> Der\u00edtsd ki, hogy kit \u00e9rdekel igaz\u00e1n, amit mondasz, \u00e9s \u00e9p\u00edts ki \u00e9rtelmesebb kapcsolatokat.<\/li>\n<\/ul>\n\n\n\n<h3 class=\"wp-block-heading\"><strong>Adatv\u00e9delem \u00e9s kock\u00e1zatok<\/strong><\/h3>\n\n\n\n<h4 class=\"wp-block-heading\"><strong>Harmadik f\u00e9lt\u0151l sz\u00e1rmaz\u00f3 eszk\u00f6z\u00f6k: Val\u00f3di kock\u00e1zatok<\/strong><\/h4>\n\n\n\n<p>El\u0151nyei ellen\u00e9re nem minden alkalmaz\u00e1s megb\u00edzhat\u00f3. Sokan csod\u00e1kat \u00edg\u00e9rnek, de a val\u00f3s\u00e1gban an\u00e9lk\u00fcl gy\u0171jtik az adataidat, hogy \u00e9szrevenn\u00e9d \u0151ket.<\/p>\n\n\n\n<p>Figyeljen a k\u00f6vetkez\u0151 figyelmeztet\u0151 jelekre:<\/p>\n\n\n\n<ul class=\"wp-block-list\">\n<li>Felesleges enged\u00e9lyeket k\u00e9rnek.<\/li>\n\n\n\n<li>Arra k\u00e9rnek, hogy k\u00f6zvetlen\u00fcl a k\u00f6z\u00f6ss\u00e9gi m\u00e9dia fi\u00f3koddal jelentkezz be.<\/li>\n\n\n\n<li>Nincsenek egy\u00e9rtelm\u0171 vagy megb\u00edzhat\u00f3 \u00e9rt\u00e9kel\u00e9seik.<\/li>\n<\/ul>\n\n\n\n<h4 class=\"wp-block-heading\"><strong>Hogyan v\u00e9dheti meg adatait<\/strong><\/h4>\n\n\n\n<ul class=\"wp-block-list\">\n<li>Csak hivatalos \u00e1ruh\u00e1zakb\u00f3l, p\u00e9ld\u00e1ul az App Store-b\u00f3l \u00e9s a Google Playr\u0151l sz\u00e1rmaz\u00f3 alkalmaz\u00e1sokat haszn\u00e1ljon.<\/li>\n\n\n\n<li>B\u00e1rmely alkalmaz\u00e1s telep\u00edt\u00e9se el\u0151tt olvass v\u00e9lem\u00e9nyeket.<\/li>\n\n\n\n<li>Ker\u00fcld a szem\u00e9lyes adatok megoszt\u00e1s\u00e1t a felt\u00e9tlen\u00fcl sz\u00fcks\u00e9ges m\u00e9rt\u00e9ken t\u00fal.<\/li>\n<\/ul>\n\n\n\n<h3 class=\"wp-block-heading\"><strong>Adatelemz\u00e9s: Mit t\u00e1r fel?<\/strong><\/h3>\n\n\n\n<p>Azzal, hogy figyelemmel k\u00eds\u00e9red, kikkel l\u00e9psz kapcsolatba, \u00e9rt\u00e9kes inform\u00e1ci\u00f3khoz juthatsz, p\u00e9ld\u00e1ul:<\/p>\n\n\n\n<ul class=\"wp-block-list\">\n<li><strong>Legjobb id\u0151pontok a posztol\u00e1sra:<\/strong> Tudd meg, mikor a legakt\u00edvabbak a k\u00f6vet\u0151id.<\/li>\n\n\n\n<li><strong>Interakci\u00f3s mint\u00e1k:<\/strong> meg\u00e9rteni, hogy milyen t\u00edpus\u00fa tartalom gener\u00e1lja a legt\u00f6bb interakci\u00f3t.<\/li>\n\n\n\n<li><strong>Val\u00f3di c\u00e9lk\u00f6z\u00f6ns\u00e9g:<\/strong> Tudj meg t\u00f6bbet azokr\u00f3l az emberekr\u0151l, akik k\u00f6vetnek t\u00e9ged \u00e9s kapcsolatba l\u00e9pnek veled.<\/li>\n<\/ul>\n\n\n\n<p>Ez az inform\u00e1ci\u00f3 \u00e1talak\u00edthatja online strat\u00e9gi\u00e1j\u00e1t, legyen sz\u00f3 ak\u00e1r influenszerk\u00e9nt val\u00f3 n\u00f6veked\u00e9sr\u0151l, ak\u00e1r \u00fczleti teljes\u00edtm\u00e9ny\u00e9nek jav\u00edt\u00e1s\u00e1r\u00f3l.<\/p>\n\n\n<div class=\"wp-block-image\">\n<figure class=\"aligncenter size-full\"><img loading=\"lazy\" decoding=\"async\" width=\"550\" height=\"350\" src=\"http:\/\/universofamilia.com\/wp-content\/uploads\/sites\/148\/2024\/11\/DESTAQUE-UNIVERSO-550-x-350-1-9.jpg\" alt=\"\" class=\"wp-image-7532\" srcset=\"https:\/\/universofamilia.com\/wp-content\/uploads\/sites\/148\/2024\/11\/DESTAQUE-UNIVERSO-550-x-350-1-9.jpg 550w, https:\/\/universofamilia.com\/wp-content\/uploads\/sites\/148\/2024\/11\/DESTAQUE-UNIVERSO-550-x-350-1-9-300x191.jpg 300w\" sizes=\"(max-width: 550px) 100vw, 550px\" \/><figcaption class=\"wp-element-caption\">Der\u00edtsd ki, ki k\u00f6vet t\u00e9ged csendben.<\/figcaption><\/figure><\/div>\n\n\n<h3 class=\"wp-block-heading\"><strong>Konkl\u00fazi\u00f3: Az igazs\u00e1g arr\u00f3l, hogy kik tekintik meg a profilodat<\/strong><\/h3>\n\n\n\n<p>B\u00e1r a k\u00f6z\u00f6ss\u00e9gi m\u00e9dia nem k\u00edn\u00e1lja k\u00f6zvetlen\u00fcl ezt a funkci\u00f3t, vannak megb\u00edzhat\u00f3 eszk\u00f6z\u00f6k, amelyek seg\u00edthetnek jobban meg\u00e9rteni a k\u00f6z\u00f6ns\u00e9gedet.<\/p>\n\n\n\n<p>Fontosabb ann\u00e1l, mint hogy tudjuk, kik n\u00e9zik meg a profilunkat, hogy ezt az inform\u00e1ci\u00f3t felhaszn\u00e1ljuk a fejl\u0151d\u00e9s\u00fcnkre \u00e9s \u00f6nmagunk v\u00e9delm\u00e9re.<\/p>\n\n\n\n<p>Ne feledd: a biztons\u00e1god a legfontosabb. \u00c9s persze ne hagyd abba a felfedez\u00e9st. <strong>K\u00f6z\u00f6ss\u00e9gi m\u00e9dia k\u00f6vet\u0151<\/strong> hogy a legt\u00f6bbet hozd ki az online \u00e9lm\u00e9nyedb\u0151l.<\/p>\n\n\n\n<p>Most mondd el, szerinted ki l\u00e1togatja a profilodat? Haszn\u00e1lt\u00e1l m\u00e1r valamilyen eszk\u00f6zt, hogy kider\u00edtsd?<\/p>\n\n\n\n<p>Oszd meg kommentben, \u00e9s seg\u00edts t\u00f6bb embernek megoldani ezt a rejt\u00e9lyt!<\/p>\n\n\n\n<h3 class=\"wp-block-heading\"><strong>GYIK a profilod l\u00e1togat\u00e1sainak nyomon k\u00f6vet\u00e9s\u00e9re szolg\u00e1l\u00f3 alkalmaz\u00e1sokkal kapcsolatban<\/strong><\/h3>\n\n\n\n<p><strong>1. Mi a K\u00f6z\u00f6ss\u00e9gi M\u00e9diak\u00f6vet\u0151 \u00e9s hogyan m\u0171k\u00f6dik?<\/strong><br>A Social Tracker egy olyan alkalmaz\u00e1s, amely seg\u00edt elemezni a k\u00f6z\u00f6ss\u00e9gi m\u00e9di\u00e1ban v\u00e9gzett tev\u00e9kenys\u00e9geidet, megmutatja, hogy kik l\u00e9pnek kapcsolatba a profiloddal a legt\u00f6bbet, \u00e9s adatokat szolg\u00e1ltat a c\u00e9lk\u00f6z\u00f6ns\u00e9gedr\u0151l. \u00dagy m\u0171k\u00f6dik, hogy statisztik\u00e1kat \u00e9s interakci\u00f3s mint\u00e1kat gy\u0171jt k\u00f6zvetlen\u00fcl a jogosult fi\u00f3kjaidb\u00f3l.<\/p>\n\n\n\n<p><strong>2. Biztons\u00e1gos a K\u00f6z\u00f6ss\u00e9gi Nyomk\u00f6vet\u0151 haszn\u00e1lata?<\/strong><br>Igen, a Social Tracker egy megb\u00edzhat\u00f3 alkalmaz\u00e1s, amely a felhaszn\u00e1l\u00f3k adatainak v\u00e9delm\u00e9t helyezi el\u0151t\u00e9rbe. El\u00e9rhet\u0151 az App Store-ban \u00e9s a Google Playen, \u00edgy megfelel ezen platformok biztons\u00e1gi el\u0151\u00edr\u00e1sainak.<\/p>\n\n\n\n<p><strong>3. Haszn\u00e1lhatom a Social Trackert b\u00e1rmelyik k\u00f6z\u00f6ss\u00e9gi h\u00e1l\u00f3zaton?<\/strong><br>A Social Tracker t\u00e1mogatja a legn\u00e9pszer\u0171bb k\u00f6z\u00f6ss\u00e9gi h\u00e1l\u00f3zatokat, bele\u00e9rtve az Instagramot, a Facebookot \u00e9s a LinkedInt. Azonban minden k\u00f6z\u00f6ss\u00e9gi h\u00e1l\u00f3zatnak megvannak a saj\u00e1tos korl\u00e1tai, \u00edgy egyes funkci\u00f3k elt\u00e9r\u0151ek lehetnek.<\/p>\n\n\n\n<p><strong>4. Meg tudja mutatni az alkalmaz\u00e1s, hogy kik l\u00e1togatj\u00e1k a profilomat?<\/strong><br>B\u00e1r a k\u00f6z\u00f6ss\u00e9gi m\u00e9dia adatv\u00e9delmi ir\u00e1nyelvei miatt nem lehet k\u00f6zvetlen\u00fcl l\u00e1tni, hogy ki l\u00e1togatja a profilodat, a Social Tracker elemz\u00e9seket ny\u00fajt arr\u00f3l, hogy kik l\u00e9pnek kapcsolatba a legt\u00f6bbet a bejegyz\u00e9seiddel \u00e9s tartalmaiddal.<\/p>\n\n\n\n<p><strong>5. Mennyibe ker\u00fcl a K\u00f6z\u00f6ss\u00e9gi Nyomk\u00f6vet\u0151 haszn\u00e1lata?<\/strong><br>A Social Tracker egy ingyenes verzi\u00f3t k\u00edn\u00e1l alapfunkci\u00f3kkal \u00e9s egy pr\u00e9mium verzi\u00f3t halad\u00f3 funkci\u00f3kkal. Az \u00e1rak a v\u00e1lasztott csomagt\u00f3l f\u00fcgg\u0151en v\u00e1ltoznak, \u00e9s a r\u00e9szleteket az alkalmaz\u00e1son bel\u00fcl ellen\u0151rizheti.<\/p>\n\n\n\n<p><strong>6. Haszn\u00e1lhatom a K\u00f6z\u00f6ss\u00e9gi Nyomk\u00f6vet\u0151t t\u00f6bb eszk\u00f6z\u00f6n?<\/strong><br>Igen, a Social Trackert k\u00fcl\u00f6nb\u00f6z\u0151 eszk\u00f6z\u00f6k\u00f6n is haszn\u00e1lhatod, amennyiben ugyanazzal a fi\u00f3kkal jelentkezel be. Ez lehet\u0151v\u00e9 teszi, hogy b\u00e1rhonnan figyelemmel k\u00eds\u00e9rd a profiljaidat.<\/p>\n\n\n\n<p><strong>7. Milyen adatokat gy\u0171jt az alkalmaz\u00e1s?<\/strong><br>A Social Tracker csak a k\u00f6z\u00f6ss\u00e9gi m\u00e9dia aktivit\u00e1s\u00e1nak elemz\u00e9s\u00e9hez sz\u00fcks\u00e9ges adatokat gy\u0171jti, p\u00e9ld\u00e1ul az interakci\u00f3kat, a k\u00f6vet\u0151ket \u00e9s az elk\u00f6telez\u0151d\u00e9si mint\u00e1kat. Priv\u00e1t \u00fczenetekhez vagy bizalmas tartalmakhoz nem f\u00e9r hozz\u00e1.<\/p>\n\n\n\n<p><strong>8. Mit tegyek, ha probl\u00e9m\u00e1kat tapasztalok az alkalmaz\u00e1s telep\u00edt\u00e9se sor\u00e1n?<\/strong><br>Ha probl\u00e9m\u00e1kat tapasztal a Social Tracker telep\u00edt\u00e9se sor\u00e1n, ellen\u0151rizze, hogy eszk\u00f6ze megfelel-e a minim\u00e1lis k\u00f6vetelm\u00e9nyeknek, \u00e9s elegend\u0151 szabad t\u00e1rhellyel rendelkezik-e. Ha a probl\u00e9ma tov\u00e1bbra is fenn\u00e1ll, tekintse meg az App Store vagy a Google Play \u00e1ruh\u00e1z technikai t\u00e1mogat\u00e1si r\u00e9sz\u00e9t.<\/p>\n\n\n\n<p><strong>9. A K\u00f6z\u00f6ss\u00e9gi M\u00e9diak\u00f6vet\u0151 befoly\u00e1solja a k\u00f6vet\u0151im adatv\u00e9delm\u00e9t?<\/strong><br>Nem, a Social Tracker tiszteletben tartja a k\u00f6vet\u0151id adatainak v\u00e9delm\u00e9t. Kiz\u00e1r\u00f3lag a k\u00f6z\u00f6ss\u00e9gi h\u00e1l\u00f3zataidon el\u00e9rhet\u0151 nyilv\u00e1nos adatokat elemzi, an\u00e9lk\u00fcl, hogy m\u00e1s felhaszn\u00e1l\u00f3k szem\u00e9lyes adatait vesz\u00e9lyeztetn\u00e9.<\/p>\n\n\n\n<p><strong>10. Hogyan maximaliz\u00e1lhatom a K\u00f6z\u00f6ss\u00e9gi M\u00e9diak\u00f6vet\u0151 el\u0151nyeit?<\/strong><br>A K\u00f6z\u00f6ss\u00e9gi M\u00e9dia K\u00f6vet\u0151 funkci\u00f3j\u00e1nak maxim\u00e1lis kihaszn\u00e1l\u00e1sa \u00e9rdek\u00e9ben rendszeresen haszn\u00e1ld az elk\u00f6telez\u0151d\u00e9s elemz\u00e9s\u00e9re, az interakci\u00f3s mint\u00e1k azonos\u00edt\u00e1s\u00e1ra \u00e9s a k\u00f6z\u00f6ss\u00e9gi m\u00e9dia strat\u00e9gi\u00e1d optimaliz\u00e1l\u00e1s\u00e1ra. N\u00e9zd meg az alkalmaz\u00e1s \u00e1ltal k\u00edn\u00e1lt \u00fatmutat\u00f3kat \u00e9s tippeket is, amelyek seg\u00edtenek a teljes\u00edtm\u00e9nyed jav\u00edt\u00e1s\u00e1ban.<\/p>","protected":false},"excerpt":{"rendered":"<p>K\u00e9mkedik ut\u00e1nad? Tudd meg, ki l\u00e1togatja most a profilodat. Mit keresel ma? Olvass tov\u00e1bb! El tudod k\u00e9pzelni, hogy megtudd, ki l\u00e1togatja a k\u00f6z\u00f6ss\u00e9gi m\u00e9dia profilodat? Var\u00e1zslatosnak hangzik, ugye? De ugyanakkor \u00e9rdekes, s\u0151t egy kicsit nyugtalan\u00edt\u00f3 is. A k\u00edv\u00e1ncsis\u00e1g term\u00e9szetes: mindannyian szeretj\u00fck tudni, hogy ki figyeli a [\u2026]<\/p>","protected":false},"author":0,"featured_media":7532,"comment_status":"closed","ping_status":"open","sticky":false,"template":"","format":"standard","meta":{"footnotes":""},"categories":[2],"tags":[355,763,929,1135,1242],"yoast_head":"<!-- This site is optimized with the Yoast SEO plugin v23.3 - https:\/\/yoast.com\/wordpress\/plugins\/seo\/ -->\n<title>Descubre Qui\u00e9n Te Sigue en Silencio - Universo Fam\u00edlia<\/title>\n<meta name=\"description\" content=\"Descubre Qui\u00e9n Te Sigue en Silencio. \u00bfTe imaginas poder descubrir qui\u00e9n visita tu perfil en las redes sociales?...\" \/>\n<meta name=\"robots\" content=\"index, follow, max-snippet:-1, max-image-preview:large, max-video-preview:-1\" \/>\n<link rel=\"canonical\" href=\"http:\/\/universofamilia.com\/hu\/descubre-quien-te-sigue-en-silencio\/\" \/>\n<meta property=\"og:locale\" content=\"hu_HU\" \/>\n<meta property=\"og:type\" content=\"article\" \/>\n<meta property=\"og:title\" content=\"Descubre Qui\u00e9n Te Sigue en Silencio - Universo Fam\u00edlia\" \/>\n<meta property=\"og:description\" content=\"Descubre Qui\u00e9n Te Sigue en Silencio. \u00bfTe imaginas poder descubrir qui\u00e9n visita tu perfil en las redes sociales?...\" \/>\n<meta property=\"og:url\" content=\"http:\/\/universofamilia.com\/hu\/descubre-quien-te-sigue-en-silencio\/\" \/>\n<meta property=\"og:site_name\" content=\"Universo Fam\u00edlia\" \/>\n<meta property=\"article:published_time\" content=\"2024-11-25T17:28:59+00:00\" \/>\n<meta property=\"og:image\" content=\"http:\/\/universofamilia.com\/wp-content\/uploads\/sites\/148\/2024\/11\/DESTAQUE-UNIVERSO-550-x-350-1-9.jpg\" \/>\n\t<meta property=\"og:image:width\" content=\"550\" \/>\n\t<meta property=\"og:image:height\" content=\"350\" \/>\n\t<meta property=\"og:image:type\" content=\"image\/jpeg\" \/>\n<meta name=\"twitter:card\" content=\"summary_large_image\" \/>\n<meta name=\"twitter:label1\" content=\"Est. reading time\" \/>\n\t<meta name=\"twitter:data1\" content=\"8 perc\" \/>\n<script type=\"application\/ld+json\" class=\"yoast-schema-graph\">{\"@context\":\"https:\/\/schema.org\",\"@graph\":[{\"@type\":\"WebPage\",\"@id\":\"http:\/\/universofamilia.com\/hr\/descubre-quien-te-sigue-en-silencio\/\",\"url\":\"http:\/\/universofamilia.com\/hr\/descubre-quien-te-sigue-en-silencio\/\",\"name\":\"Descubre Qui\u00e9n Te Sigue en Silencio - Universo Fam\u00edlia\",\"isPartOf\":{\"@id\":\"https:\/\/universofamilia.com\/el\/#website\"},\"primaryImageOfPage\":{\"@id\":\"http:\/\/universofamilia.com\/hr\/descubre-quien-te-sigue-en-silencio\/#primaryimage\"},\"image\":{\"@id\":\"http:\/\/universofamilia.com\/hr\/descubre-quien-te-sigue-en-silencio\/#primaryimage\"},\"thumbnailUrl\":\"https:\/\/universofamilia.com\/wp-content\/uploads\/sites\/148\/2024\/11\/DESTAQUE-UNIVERSO-550-x-350-1-9.jpg\",\"datePublished\":\"2024-11-25T17:28:59+00:00\",\"dateModified\":\"2024-11-25T17:28:59+00:00\",\"author\":{\"@id\":\"\"},\"description\":\"Descubre Qui\u00e9n Te Sigue en Silencio. \u00bfTe imaginas poder descubrir qui\u00e9n visita tu perfil en las redes sociales?...\",\"breadcrumb\":{\"@id\":\"http:\/\/universofamilia.com\/hr\/descubre-quien-te-sigue-en-silencio\/#breadcrumb\"},\"inLanguage\":\"hu\",\"potentialAction\":[{\"@type\":\"ReadAction\",\"target\":[\"http:\/\/universofamilia.com\/hr\/descubre-quien-te-sigue-en-silencio\/\"]}]},{\"@type\":\"ImageObject\",\"inLanguage\":\"hu\",\"@id\":\"http:\/\/universofamilia.com\/hr\/descubre-quien-te-sigue-en-silencio\/#primaryimage\",\"url\":\"https:\/\/universofamilia.com\/wp-content\/uploads\/sites\/148\/2024\/11\/DESTAQUE-UNIVERSO-550-x-350-1-9.jpg\",\"contentUrl\":\"https:\/\/universofamilia.com\/wp-content\/uploads\/sites\/148\/2024\/11\/DESTAQUE-UNIVERSO-550-x-350-1-9.jpg\",\"width\":550,\"height\":350,\"caption\":\"Descubre Qui\u00e9n Te Sigue en Silencio\"},{\"@type\":\"BreadcrumbList\",\"@id\":\"http:\/\/universofamilia.com\/hr\/descubre-quien-te-sigue-en-silencio\/#breadcrumb\",\"itemListElement\":[{\"@type\":\"ListItem\",\"position\":1,\"name\":\"Home\",\"item\":\"https:\/\/universofamilia.com\/el\/\"},{\"@type\":\"ListItem\",\"position\":2,\"name\":\"Descubre Qui\u00e9n Te Sigue en Silencio\"}]},{\"@type\":\"WebSite\",\"@id\":\"https:\/\/universofamilia.com\/el\/#website\",\"url\":\"https:\/\/universofamilia.com\/el\/\",\"name\":\"Universo Fam\u00edlia\",\"description\":\"\",\"potentialAction\":[{\"@type\":\"SearchAction\",\"target\":{\"@type\":\"EntryPoint\",\"urlTemplate\":\"https:\/\/universofamilia.com\/el\/?s={search_term_string}\"},\"query-input\":\"required name=search_term_string\"}],\"inLanguage\":\"hu\"}]}<\/script>\n<!-- \/ Yoast SEO plugin. -->","yoast_head_json":{"title":"Descubre Qui\u00e9n Te Sigue en Silencio - Universo Fam\u00edlia","description":"Descubre Qui\u00e9n Te Sigue en Silencio. \u00bfTe imaginas poder descubrir qui\u00e9n visita tu perfil en las redes sociales?...","robots":{"index":"index","follow":"follow","max-snippet":"max-snippet:-1","max-image-preview":"max-image-preview:large","max-video-preview":"max-video-preview:-1"},"canonical":"http:\/\/universofamilia.com\/hu\/descubre-quien-te-sigue-en-silencio\/","og_locale":"hu_HU","og_type":"article","og_title":"Descubre Qui\u00e9n Te Sigue en Silencio - Universo Fam\u00edlia","og_description":"Descubre Qui\u00e9n Te Sigue en Silencio. \u00bfTe imaginas poder descubrir qui\u00e9n visita tu perfil en las redes sociales?...","og_url":"http:\/\/universofamilia.com\/hu\/descubre-quien-te-sigue-en-silencio\/","og_site_name":"Universo Fam\u00edlia","article_published_time":"2024-11-25T17:28:59+00:00","og_image":[{"width":550,"height":350,"url":"http:\/\/universofamilia.com\/wp-content\/uploads\/sites\/148\/2024\/11\/DESTAQUE-UNIVERSO-550-x-350-1-9.jpg","type":"image\/jpeg"}],"twitter_card":"summary_large_image","twitter_misc":{"Est. reading time":"8 perc"},"schema":{"@context":"https:\/\/schema.org","@graph":[{"@type":"WebPage","@id":"http:\/\/universofamilia.com\/hr\/descubre-quien-te-sigue-en-silencio\/","url":"http:\/\/universofamilia.com\/hr\/descubre-quien-te-sigue-en-silencio\/","name":"Descubre Qui\u00e9n Te Sigue en Silencio - Universo Fam\u00edlia","isPartOf":{"@id":"https:\/\/universofamilia.com\/el\/#website"},"primaryImageOfPage":{"@id":"http:\/\/universofamilia.com\/hr\/descubre-quien-te-sigue-en-silencio\/#primaryimage"},"image":{"@id":"http:\/\/universofamilia.com\/hr\/descubre-quien-te-sigue-en-silencio\/#primaryimage"},"thumbnailUrl":"https:\/\/universofamilia.com\/wp-content\/uploads\/sites\/148\/2024\/11\/DESTAQUE-UNIVERSO-550-x-350-1-9.jpg","datePublished":"2024-11-25T17:28:59+00:00","dateModified":"2024-11-25T17:28:59+00:00","author":{"@id":""},"description":"Descubre Qui\u00e9n Te Sigue en Silencio. \u00bfTe imaginas poder descubrir qui\u00e9n visita tu perfil en las redes sociales?...","breadcrumb":{"@id":"http:\/\/universofamilia.com\/hr\/descubre-quien-te-sigue-en-silencio\/#breadcrumb"},"inLanguage":"hu","potentialAction":[{"@type":"ReadAction","target":["http:\/\/universofamilia.com\/hr\/descubre-quien-te-sigue-en-silencio\/"]}]},{"@type":"ImageObject","inLanguage":"hu","@id":"http:\/\/universofamilia.com\/hr\/descubre-quien-te-sigue-en-silencio\/#primaryimage","url":"https:\/\/universofamilia.com\/wp-content\/uploads\/sites\/148\/2024\/11\/DESTAQUE-UNIVERSO-550-x-350-1-9.jpg","contentUrl":"https:\/\/universofamilia.com\/wp-content\/uploads\/sites\/148\/2024\/11\/DESTAQUE-UNIVERSO-550-x-350-1-9.jpg","width":550,"height":350,"caption":"Descubre Qui\u00e9n Te Sigue en Silencio"},{"@type":"BreadcrumbList","@id":"http:\/\/universofamilia.com\/hr\/descubre-quien-te-sigue-en-silencio\/#breadcrumb","itemListElement":[{"@type":"ListItem","position":1,"name":"Home","item":"https:\/\/universofamilia.com\/el\/"},{"@type":"ListItem","position":2,"name":"Descubre Qui\u00e9n Te Sigue en Silencio"}]},{"@type":"WebSite","@id":"https:\/\/universofamilia.com\/el\/#website","url":"https:\/\/universofamilia.com\/el\/","name":"Universo Fam\u00edlia","description":"","potentialAction":[{"@type":"SearchAction","target":{"@type":"EntryPoint","urlTemplate":"https:\/\/universofamilia.com\/el\/?s={search_term_string}"},"query-input":"required name=search_term_string"}],"inLanguage":"hu"}]}},"_links":{"self":[{"href":"https:\/\/universofamilia.com\/hu\/wp-json\/wp\/v2\/posts\/7530"}],"collection":[{"href":"https:\/\/universofamilia.com\/hu\/wp-json\/wp\/v2\/posts"}],"about":[{"href":"https:\/\/universofamilia.com\/hu\/wp-json\/wp\/v2\/types\/post"}],"replies":[{"embeddable":true,"href":"https:\/\/universofamilia.com\/hu\/wp-json\/wp\/v2\/comments?post=7530"}],"version-history":[{"count":0,"href":"https:\/\/universofamilia.com\/hu\/wp-json\/wp\/v2\/posts\/7530\/revisions"}],"wp:featuredmedia":[{"embeddable":true,"href":"https:\/\/universofamilia.com\/hu\/wp-json\/wp\/v2\/media\/7532"}],"wp:attachment":[{"href":"https:\/\/universofamilia.com\/hu\/wp-json\/wp\/v2\/media?parent=7530"}],"wp:term":[{"taxonomy":"category","embeddable":true,"href":"https:\/\/universofamilia.com\/hu\/wp-json\/wp\/v2\/categories?post=7530"},{"taxonomy":"post_tag","embeddable":true,"href":"https:\/\/universofamilia.com\/hu\/wp-json\/wp\/v2\/tags?post=7530"}],"curies":[{"name":"wp","href":"https:\/\/api.w.org\/{rel}","templated":true}]}}