{"id":7531,"date":"2024-11-25T14:36:23","date_gmt":"2024-11-25T17:36:23","guid":{"rendered":"https:\/\/universofamilia.com\/?p=7531"},"modified":"2024-11-25T14:36:23","modified_gmt":"2024-11-25T17:36:23","slug":"descubre-quien-mira-tu-perfil-ahora","status":"publish","type":"post","link":"https:\/\/universofamilia.com\/hu\/descubre-quien-mira-tu-perfil-ahora\/","title":{"rendered":"Tudd meg, ki n\u00e9zi most a profilodat"},"content":{"rendered":"<p>K\u00edv\u00e1ncsi vagy, ki k\u00f6vet t\u00e9ged? Fejtsd meg a rejt\u00e9lyt itt!<\/p>\n\n\n\n<p><\/p>\n\n\n\n<h3 class=\"wp-block-heading has-text-align-center\">Mit keresel ma?<\/h3>\n\n\n\n<div class=\"wp-block-buttons is-content-justification-center is-layout-flex wp-container-core-buttons-layout-1 wp-block-buttons-is-layout-flex\">\n<div class=\"wp-block-button has-custom-width wp-block-button__width-100 is-style-outline\" style=\"text-decoration:none\"><a class=\"wp-block-button__link has-white-color has-vivid-cyan-blue-background-color has-text-color has-background has-link-color has-text-align-left wp-element-button\" href=\"https:\/\/universofamilia.com\/hu\/7282\/descubre-quien-esta-observandote\/\" style=\"border-radius:6px\">Tudd meg, ki figyel t\u00e9ged \u27a1\ufe0f<\/a><\/div>\n<\/div>\n\n\n\n<div class=\"wp-block-buttons is-content-justification-center is-layout-flex wp-container-core-buttons-layout-2 wp-block-buttons-is-layout-flex\">\n<div class=\"wp-block-button has-custom-width wp-block-button__width-100 is-style-outline\" style=\"text-decoration:none\"><a class=\"wp-block-button__link has-white-color has-vivid-cyan-blue-background-color has-text-color has-background has-link-color has-text-align-left wp-element-button\" href=\"https:\/\/universofamilia.com\/hu\/7281\/quien-esta-interesado-en-ti\/\" style=\"border-radius:6px\">Kit \u00e9rdekelsz? \u27a1\ufe0f<\/a><\/div>\n<\/div>\n\n\n\n<div class=\"wp-block-buttons is-content-justification-center is-layout-flex wp-container-core-buttons-layout-3 wp-block-buttons-is-layout-flex\">\n<div class=\"wp-block-button has-custom-width wp-block-button__width-100 is-style-outline\" style=\"text-decoration:none\"><a class=\"wp-block-button__link has-white-color has-vivid-cyan-blue-background-color has-text-color has-background has-link-color has-text-align-left wp-element-button\" href=\"https:\/\/universofamilia.com\/hu\/7271\/encuentra-el-amor-mejores-apps-de-citas\/\" style=\"border-radius:6px\">Tal\u00e1ld meg a szerelmet \u27a1\ufe0f<\/a><\/div>\n<\/div>\n\n\n\n<p class=\"has-text-align-center\"><em><strong><em><strong><em><strong>Olvass tov\u00e1bb!<\/strong><\/em><\/strong><\/em><\/strong><\/em><\/p>\n\n\n\n<hr class=\"wp-block-separator has-text-color has-luminous-vivid-orange-color has-alpha-channel-opacity has-luminous-vivid-orange-background-color has-background is-style-wide\"\/>\n\n\n\n<p><\/p>\n\n\n\n<p>Elgondolkodt\u00e1l m\u00e1r azon, hogy ki n\u00e9zi a profilodat?<\/p>\n\n\n\n<p>\u00c1rtatlan k\u00edv\u00e1ncsis\u00e1gnak t\u0171nhet, de ha tudod, kik l\u00e1togatj\u00e1k a k\u00f6z\u00f6ss\u00e9gi oldalaidat, sokat el\u00e1rulhat rejtett \u00e9rdekl\u0151d\u00e9si k\u00f6reidr\u0151l, lehet\u0151s\u00e9geidr\u0151l vagy ak\u00e1r titkos rajong\u00f3idr\u00f3l is.<\/p>\n\n\n\n<p>K\u00e9pzeld el, hogy felfedezed, hogy egy r\u00e9gi bar\u00e1tod vagy csendes csod\u00e1l\u00f3d k\u00f6vet t\u00e9ged! \u00c9rdekes, ugye?<\/p>\n\n\n\n<p>Ma ezt a leny\u0171g\u00f6z\u0151 t\u00e9m\u00e1t fogjuk felfedezni, \u00e9s megmutatjuk, hogyan fejtheted meg ezt a rejt\u00e9lyt praktikus \u00e9s biztons\u00e1gos m\u00f3don. Kezdj\u00fck is!<\/p>\n\n\n\n<h3 class=\"wp-block-heading\">Hogyan figyelheted a profilod l\u00e1togat\u00e1sait<\/h3>\n\n\n\n<p>B\u00e1rmennyire is ny\u00edltnak t\u0171nhet a k\u00f6z\u00f6ss\u00e9gi m\u00e9dia, a legt\u00f6bbj\u00fck nem mutatja k\u00f6zvetlen\u00fcl, hogy kik l\u00e1togatj\u00e1k a profilodat.<\/p>\n\n\n\n<p>Mi\u00e9rt? Ez a felhaszn\u00e1l\u00f3ik adatainak v\u00e9delm\u00e9re ir\u00e1nyul\u00f3 strat\u00e9gi\u00e1juk r\u00e9sze.<\/p>\n\n\n\n<p>De ne agg\u00f3dj, vannak okos m\u00f3dszerek \u00e9s hasznos eszk\u00f6z\u00f6k, amelyek seg\u00edtenek \u00e9rt\u00e9kes inform\u00e1ci\u00f3kat felt\u00e1rni a k\u00f6z\u00f6ns\u00e9gedr\u0151l.<\/p>\n\n\n\n<h4 class=\"wp-block-heading\">N\u00e9h\u00e1ny n\u00e9pszer\u0171 lehet\u0151s\u00e9g a k\u00f6vetkez\u0151k:<\/h4>\n\n\n\n<ul class=\"wp-block-list\">\n<li><strong>Elemz\u0151eszk\u00f6z\u00f6k<\/strong> mint p\u00e9ld\u00e1ul a Social Tracker, amely r\u00e9szletes jelent\u00e9seket k\u00edn\u00e1l az interakci\u00f3kr\u00f3l \u00e9s a potenci\u00e1lis l\u00e1togat\u00f3kr\u00f3l.<\/li>\n\n\n\n<li><strong>Nat\u00edv f\u00fcggv\u00e9nyek<\/strong> olyan platformokr\u00f3l, mint a LinkedIn, amely pr\u00e9mium verzi\u00f3iban lehet\u0151v\u00e9 teszi, hogy l\u00e1sd, kik l\u00e1togatt\u00e1k meg a profilodat.<\/li>\n<\/ul>\n\n\n\n<p><\/p>\n\n\n\n<hr class=\"wp-block-separator has-text-color has-luminous-vivid-orange-color has-alpha-channel-opacity has-luminous-vivid-orange-background-color has-background is-style-wide\"\/>\n\n\n\n<h3 class=\"wp-block-heading\">L\u00e1sd m\u00e9g:<\/h3>\n\n\n\n<ul class=\"wp-block-list has-small-font-size\">\n<li class=\"has-medium-font-size\" style=\"padding-top:0;padding-right:var(--wp--preset--spacing--40);padding-bottom:0;padding-left:var(--wp--preset--spacing--40);font-style:normal;font-weight:400\"><a href=\"https:\/\/universofamilia.com\/hu\/6855\/grabar-llamadas-recibidas\/\"><mark style=\"background-color:rgba(0, 0, 0, 0);color:#f94c45\" class=\"has-inline-color\">Bej\u00f6v\u0151 h\u00edv\u00e1sok r\u00f6gz\u00edt\u00e9se &gt;<\/mark><\/a><\/li>\n\n\n\n<li class=\"has-medium-font-size\" style=\"padding-top:0;padding-right:var(--wp--preset--spacing--40);padding-bottom:0;padding-left:var(--wp--preset--spacing--40);font-style:normal;font-weight:400\"><a href=\"https:\/\/universofamilia.com\/hu\/6898\/leer-la-biblia-catolica-en-tu-celular\/\"><mark style=\"background-color:rgba(0, 0, 0, 0);color:#f94c45\" class=\"has-inline-color\"><font style=\"vertical-align: inherit;\"><font style=\"vertical-align: inherit;\">Olvasd a katolikus Bibli\u00e1t a mobiltelefonodon<\/font><\/font> &gt;<\/mark><\/a><\/li>\n\n\n\n<li class=\"has-medium-font-size\" style=\"padding-top:0;padding-right:var(--wp--preset--spacing--40);padding-bottom:0;padding-left:var(--wp--preset--spacing--40);font-style:normal;font-weight:400\"><a href=\"https:\/\/universofamilia.com\/hu\/6832\/aplicacion-para-bailar-zumba\/\"><mark style=\"background-color:rgba(0, 0, 0, 0);color:#f94c45\" class=\"has-inline-color\">Zumba t\u00e1ncalkalmaz\u00e1s &gt;<\/mark><\/a><\/li>\n\n\n\n<li class=\"has-medium-font-size\" style=\"padding-top:0;padding-right:var(--wp--preset--spacing--40);padding-bottom:0;padding-left:var(--wp--preset--spacing--40);font-style:normal;font-weight:400\"><a href=\"https:\/\/universofamilia.com\/hu\/6952\/descubre-quien-visita-tu-perfil-redes-sociales\/\"><mark style=\"background-color:rgba(0, 0, 0, 0);color:#f94c45\" class=\"has-inline-color\">Tudja meg, kik l\u00e1togatj\u00e1k a k\u00f6z\u00f6ss\u00e9gi m\u00e9dia profilj\u00e1t &gt;<\/mark><\/a><\/li>\n<\/ul>\n\n\n\n<p class=\"has-text-align-right\"><strong><em>Ugyanott fogsz maradni.<\/em><\/strong><\/p>\n\n\n\n<hr class=\"wp-block-separator has-text-color has-luminous-vivid-orange-color has-alpha-channel-opacity has-luminous-vivid-orange-background-color has-background is-style-wide\"\/>\n\n\n\n<p><\/p>\n\n\n\n<h3 class=\"wp-block-heading\">K\u00edv\u00e1ncsis\u00e1g \u00e9s adatv\u00e9delem a k\u00f6z\u00f6ss\u00e9gi m\u00e9di\u00e1ban<\/h3>\n\n\n\n<p>Teljesen term\u00e9szetes, hogy t\u00f6bbet szeretn\u00e9nk tudni. Ak\u00e1r arr\u00f3l van sz\u00f3, hogy megtudjuk, kinek tetszik a tartalmank, ak\u00e1r csak a k\u00edv\u00e1ncsis\u00e1gunkat el\u00e9g\u00edtj\u00fck ki, mindannyian \u00e9rezt\u00fck m\u00e1r ezt az ig\u00e9nyt.<\/p>\n\n\n\n<p>V\u00e9g\u00fcl is j\u00f3les\u0151 tudni, hogy valaki csod\u00e1lja, amit megosztasz. R\u00e1ad\u00e1sul, ha jobban meg\u00e9rted a k\u00f6z\u00f6ns\u00e9ged \u00e9rdekl\u0151d\u00e9si k\u00f6r\u00e9t, az seg\u00edthet a bejegyz\u00e9sek megtervez\u00e9s\u00e9ben \u00e9s a profilod el\u00e9r\u00e9s\u00e9nek jav\u00edt\u00e1s\u00e1ban.<\/p>\n\n\n\n<p>M\u00e1sr\u00e9szt fontos megjegyezni, hogy a mag\u00e1n\u00e9letet tiszteletben kell tartani. Sok eszk\u00f6z \u00edg\u00e9r csod\u00e1latos eredm\u00e9nyeket, de nem mindegyik megb\u00edzhat\u00f3.<\/p>\n\n\n\n<p>Ez\u00e9rt fontos, hogy \u00f3vatosan legy\u00fcnk, amikor olyan harmadik f\u00e9lt\u0151l sz\u00e1rmaz\u00f3 alkalmaz\u00e1sokat haszn\u00e1lunk, amelyek hozz\u00e1f\u00e9r\u00e9st k\u00e9rnek a szem\u00e9lyes adatainkhoz.<\/p>\n\n\n\n<h4 class=\"wp-block-heading\">Tippek a szem\u00e9lyes adatok v\u00e9delm\u00e9hez:<\/h4>\n\n\n\n<ul class=\"wp-block-list\">\n<li>B\u00e1rmely alkalmaz\u00e1s let\u00f6lt\u00e9se el\u0151tt olvasd el m\u00e1s felhaszn\u00e1l\u00f3k v\u00e9lem\u00e9ny\u00e9t.<\/li>\n\n\n\n<li>Ker\u00fcld azokat az eszk\u00f6z\u00f6ket, amelyek teljes hozz\u00e1f\u00e9r\u00e9st k\u00e9rnek a fi\u00f3kodhoz vagy jelszavadhoz.<\/li>\n\n\n\n<li>Kiz\u00e1r\u00f3lag megb\u00edzhat\u00f3, hivatalos \u00e1ruh\u00e1zakb\u00f3l sz\u00e1rmaz\u00f3 alkalmaz\u00e1sokat haszn\u00e1ljon.<\/li>\n<\/ul>\n\n\n\n<h3 class=\"wp-block-heading\">A l\u00e1that\u00f3s\u00e1g m\u00edtosza: Mi\u00e9rt rejtik el a k\u00f6z\u00f6ss\u00e9gi m\u00e9dia ezeket az inform\u00e1ci\u00f3kat?<\/h3>\n\n\n\n<p>Elgondolkodt\u00e1l m\u00e1r azon, hogy a legt\u00f6bb k\u00f6z\u00f6ss\u00e9gi oldal mi\u00e9rt nem mutatja, hogy kik l\u00e1togatt\u00e1k meg a profilodat?<\/p>\n\n\n\n<p>Ez az\u00e9rt van, mert az ilyen \u00e1tl\u00e1that\u00f3s\u00e1g kellemetlen\u00fcl \u00e9rinthetn\u00e9 a felhaszn\u00e1l\u00f3kat. K\u00e9pzelj\u00fck el a k\u00e1oszt, ha mindenki pontosan tudn\u00e1, hogy ki &quot;k\u00e9mkedik&quot; ut\u00e1nuk!<\/p>\n\n\n\n<p>Ez az \u00e1tl\u00e1that\u00f3s\u00e1g hi\u00e1nya azonban speci\u00e1lis eszk\u00f6z\u00f6k, p\u00e9ld\u00e1ul a Social Tracker kifejleszt\u00e9s\u00e9hez vezetett, amelyek seg\u00edtenek jobban meg\u00e9rteni a k\u00f6z\u00f6ns\u00e9get an\u00e9lk\u00fcl, hogy vesz\u00e9lyeztetn\u00e9k az \u00e9rintettek mag\u00e1n\u00e9let\u00e9t.<\/p>\n\n\n\n<h3 class=\"wp-block-heading\">Adatelemz\u00e9s \u00e9s \u00e9rt\u00e9kes inform\u00e1ci\u00f3k<\/h3>\n\n\n\n<p>Annak ismerete, hogy kit \u00e9rdekel a profilod, messze t\u00falmutat a k\u00edv\u00e1ncsis\u00e1gon. Ez az inform\u00e1ci\u00f3 seg\u00edthet:<\/p>\n\n\n\n<ul class=\"wp-block-list\">\n<li>H\u00e1l\u00f3zat\u00e9p\u00edt\u00e9si lehet\u0151s\u00e9gek azonos\u00edt\u00e1sa.<\/li>\n\n\n\n<li>\u00c9rtsd meg, mi vonzza a k\u00f6z\u00f6ns\u00e9gedet, \u00e9s ennek megfelel\u0151en igaz\u00edtsd a strat\u00e9gi\u00e1dat.<\/li>\n\n\n\n<li>Er\u0151s\u00edtsd a kapcsolatot az elk\u00f6telezett k\u00f6vet\u0151kkel.<\/li>\n<\/ul>\n\n\n\n<p>P\u00e9ld\u00e1ul, <strong>K\u00f6z\u00f6ss\u00e9gi m\u00e9dia k\u00f6vet\u0151<\/strong> Nemcsak a potenci\u00e1lis l\u00e1togat\u00f3kat mutatja, hanem r\u00e9szletes betekint\u00e9st ny\u00fajt a k\u00f6vet\u0151k viselked\u00e9s\u00e9be, a cs\u00facsid\u0151szakokba \u00e9s a trendekbe is.<\/p>\n\n\n\n<h3 class=\"wp-block-heading\">Megb\u00edzhat\u00f3 eszk\u00f6z\u00f6k a l\u00e1togat\u00f3k figyel\u00e9s\u00e9re<\/h3>\n\n\n\n<h4 class=\"wp-block-heading\">K\u00f6z\u00f6ss\u00e9gi m\u00e9dia k\u00f6vet\u0151: Egy praktikus \u00e9s biztons\u00e1gos megold\u00e1s<\/h4>\n\n\n\n<p>Ha olyan eszk\u00f6zt keres, amely \u00f6tv\u00f6zi a biztons\u00e1got, a praktikumot \u00e9s a hat\u00e9konys\u00e1got, <strong>K\u00f6z\u00f6ss\u00e9gi m\u00e9dia k\u00f6vet\u0151<\/strong> kiv\u00e1l\u00f3 lehet\u0151s\u00e9g.<\/p>\n\n\n\n<p>Ezzel az alkalmaz\u00e1ssal k\u00f6nnyed\u00e9n figyelemmel k\u00eds\u00e9rheted a k\u00f6z\u00f6ns\u00e9gedet, \u00e9s egyidej\u0171leg megv\u00e9dheted az adataidat.<\/p>\n\n\n\n<p><strong>A k\u00f6z\u00f6ss\u00e9gi k\u00f6vet\u0151k el\u0151nyei:<\/strong><\/p>\n\n\n\n<ul class=\"wp-block-list\">\n<li>R\u00e9szletes interakci\u00f3s jelent\u00e9sek.<\/li>\n\n\n\n<li>Cs\u00facstev\u00e9kenys\u00e9gi id\u0151szakok elemz\u00e9s\u00e9re szolg\u00e1l\u00f3 funkci\u00f3.<\/li>\n\n\n\n<li>Teljesen kompatibilis Android \u00e9s iOS eszk\u00f6z\u00f6kkel.<\/li>\n<\/ul>\n\n\n\n<p><strong>A K\u00f6z\u00f6ss\u00e9gi Nyomk\u00f6vet\u0151 telep\u00edt\u00e9se:<\/strong><\/p>\n\n\n\n<ol class=\"wp-block-list\">\n<li>L\u00e1togass el az alkalmaz\u00e1sboltodba (App Store vagy Google Play).<\/li>\n\n\n\n<li>Keresd a \u201eK\u00f6z\u00f6ss\u00e9gi k\u00f6vet\u0151\u201d kifejez\u00e9st.<\/li>\n\n\n\n<li>Kattintson a telep\u00edt\u00e9sre, \u00e9s k\u00f6vesse az utas\u00edt\u00e1sokat.<\/li>\n<\/ol>\n\n\n\n<h3 class=\"wp-block-heading\">Mit mondanak a felhaszn\u00e1l\u00f3k?<\/h3>\n\n\n\n<p>A pozit\u00edv v\u00e9lem\u00e9nyek nem hazudnak. N\u00e9zd meg, mit mondanak egyes felhaszn\u00e1l\u00f3k a Social Trackerr\u0151l:<\/p>\n\n\n\n<ul class=\"wp-block-list\">\n<li><em>\u201eEz az alkalmaz\u00e1s megv\u00e1ltoztatta a k\u00f6z\u00f6ss\u00e9gi m\u00e9di\u00e1r\u00f3l alkotott v\u00e9lem\u00e9nyemet. Most m\u00e1r pontosan tudom, hogy mit szeretnek az emberek!\u201d<\/em> \u2013 <strong>Juan M., 34 \u00e9ves.<\/strong><\/li>\n\n\n\n<li><em>\u201eGyors, k\u00f6nnyen haszn\u00e1lhat\u00f3 \u00e9s nagyon biztons\u00e1gos. Mindenkinek aj\u00e1nlom, aki optimaliz\u00e1lni szeretn\u00e9 a h\u00e1l\u00f3zat\u00e1t.\u201d<\/em> \u2013 <strong>M\u00e1ria L., 29 \u00e9ves.<\/strong><\/li>\n\n\n\n<li><em>\u201eIm\u00e1dom az elk\u00f6telez\u0151d\u00e9si statisztik\u00e1kat. Nagyon sokat seg\u00edtett a posztjaim megtervez\u00e9s\u00e9ben.\u201d<\/em> \u2013 <strong>Kl\u00e1ra R., 41 \u00e9ves.<\/strong><\/li>\n<\/ul>\n\n\n<div class=\"wp-block-image\">\n<figure class=\"aligncenter size-full\"><img loading=\"lazy\" decoding=\"async\" width=\"550\" height=\"350\" src=\"http:\/\/universofamilia.com\/wp-content\/uploads\/sites\/148\/2024\/11\/DESTAQUE-UNIVERSO-550-x-350-18.jpg\" alt=\"\" class=\"wp-image-7534\" srcset=\"https:\/\/universofamilia.com\/wp-content\/uploads\/sites\/148\/2024\/11\/DESTAQUE-UNIVERSO-550-x-350-18.jpg 550w, https:\/\/universofamilia.com\/wp-content\/uploads\/sites\/148\/2024\/11\/DESTAQUE-UNIVERSO-550-x-350-18-300x191.jpg 300w\" sizes=\"(max-width: 550px) 100vw, 550px\" \/><figcaption class=\"wp-element-caption\">Tudd meg, ki n\u00e9zi most a profilodat<\/figcaption><\/figure><\/div>\n\n\n<h3 class=\"wp-block-heading\">Adatv\u00e9delmi \u00e9s etikai megfontol\u00e1sok<\/h3>\n\n\n\n<p>Minden el\u0151nye ellen\u00e9re fontos megjegyezni, hogy m\u00e1sok mag\u00e1n\u00e9let\u00e9nek tiszteletben tart\u00e1sa elengedhetetlen.<\/p>\n\n\n\n<p>A megb\u00edzhat\u00f3 eszk\u00f6z\u00f6k, mint p\u00e9ld\u00e1ul a Social Tracker, haszn\u00e1lata nagyszer\u0171 m\u00f3dja annak, hogy elker\u00fclj\u00fck a csal\u00e1sok \u00e1ldozat\u00e1ul es\u00e9st vagy az adataink sz\u00fcks\u00e9gtelen felfed\u00e9s\u00e9t.<\/p>\n\n\n\n<h3 class=\"wp-block-heading\">Konkl\u00fazi\u00f3: Tudd meg, ki akar biztons\u00e1gosan tal\u00e1lkozni veled<\/h3>\n\n\n\n<p>Gyakori v\u00e1gy tudni, hogy kik l\u00e1togatj\u00e1k a profilodat, de ezt felel\u0151ss\u00e9gteljesen kell tenni.<\/p>\n\n\n\n<p>Eszk\u00f6z\u00f6k, mint p\u00e9ld\u00e1ul <strong>K\u00f6z\u00f6ss\u00e9gi m\u00e9dia k\u00f6vet\u0151<\/strong> K\u00e9nyelmes \u00e9s biztons\u00e1gos m\u00f3dot k\u00edn\u00e1lnak arra, hogy \u00e9rt\u00e9kes inform\u00e1ci\u00f3kat szerezz a k\u00f6z\u00f6ns\u00e9gedr\u0151l an\u00e9lk\u00fcl, hogy vesz\u00e9lyeztetn\u00e9d az adatv\u00e9delmedet.<\/p>\n\n\n\n<p>K\u00e9szen \u00e1llsz, hogy megtudd, kit \u00e9rdekelsz? Ne vesztegesd az id\u0151t!<\/p>\n\n\n\n<p><strong>Let\u00f6lt\u00e9si linkek:<\/strong><\/p>\n\n\n\n<ul class=\"wp-block-list\">\n<li><strong>K\u00f6z\u00f6ss\u00e9gi m\u00e9dia k\u00f6vet\u0151<\/strong>: <a href=\"https:\/\/apps.apple.com\/br\/app\/social-tracker\/id1189139278\">App Store<\/a> | <a href=\"https:\/\/play.google.com\/store\/apps\/details?id=com.mobiversite.lookAtMe&amp;hl=pt_BR&amp;pli=1\">Google Play<\/a><\/li>\n<\/ul>\n\n\n\n<p>Tudd meg, ki k\u00f6vet t\u00e9ged ma szorosan! \ud83d\ude09<\/p>\n\n\n\n<h3 class=\"wp-block-heading\">10 gyakran ism\u00e9telt k\u00e9rd\u00e9s<\/h3>\n\n\n\n<p><strong>1. Mi a f\u0151 el\u0151nye annak, ha alkalmaz\u00e1sokat haszn\u00e1lok a profilom l\u00e1togat\u00e1sainak nyomon k\u00f6vet\u00e9s\u00e9re?<\/strong><br>A f\u0151 el\u0151ny, hogy betekint\u00e9st nyerhetsz abba, hogy kik foglalkoznak a tartalmaiddal, ami seg\u00edt jobban meg\u00e9rteni a k\u00f6z\u00f6ns\u00e9gedet, finomhangolni a k\u00f6zz\u00e9t\u00e9teli strat\u00e9gi\u00e1dat, s\u0151t, ak\u00e1r a potenci\u00e1lis kapcsolat\u00e9p\u00edt\u00e9si lehet\u0151s\u00e9geket vagy szem\u00e9lyes kapcsolatokat is azonos\u00edtani.<\/p>\n\n\n\n<p><strong>2. Lehets\u00e9ges pontosan tudni, hogy ki l\u00e1togatja a profilomat b\u00e1rmely k\u00f6z\u00f6ss\u00e9gi h\u00e1l\u00f3zaton?<\/strong><br>Ez platformf\u00fcgg\u0151. N\u00e9h\u00e1ny k\u00f6z\u00f6ss\u00e9gi h\u00e1l\u00f3zat, mint p\u00e9ld\u00e1ul a LinkedIn, rendelkezik olyan funkci\u00f3kkal, amelyek megmutatj\u00e1k, hogy ki tekintette meg a profilodat, m\u00edg m\u00e1sok, mint p\u00e9ld\u00e1ul az Instagram \u00e9s a Facebook, nem k\u00edn\u00e1lj\u00e1k k\u00f6zvetlen\u00fcl ezt az inform\u00e1ci\u00f3t. Az olyan alkalmaz\u00e1sok, mint a Social Tracker, adatelemz\u00e9s seg\u00edts\u00e9g\u00e9vel seg\u00edtenek megbecs\u00fclni ezt a tev\u00e9kenys\u00e9get.<\/p>\n\n\n\n<p><strong>3. Biztons\u00e1gosak ezek az alkalmaz\u00e1sok?<\/strong><br>A biztons\u00e1g alkalmaz\u00e1sonk\u00e9nt elt\u00e9r\u0151. Fontos megb\u00edzhat\u00f3 eszk\u00f6z\u00f6ket haszn\u00e1lni, amelyek hivatalos \u00e1ruh\u00e1zakban, p\u00e9ld\u00e1ul az App Store-ban \u00e9s a Google Playen \u00e9rhet\u0151k el. A j\u00f3 \u00e9rt\u00e9kel\u00e9sekkel rendelkez\u0151 alkalmaz\u00e1sok \u00e1ltal\u00e1ban biztons\u00e1gosabbak \u00e9s tiszteletben tartj\u00e1k az \u00d6n adatait.<\/p>\n\n\n\n<p><strong>4. Hogyan m\u0171k\u00f6dnek ezek az alkalmaz\u00e1sok?<\/strong><br>Interakci\u00f3s adatokat, p\u00e9ld\u00e1ul l\u00e1jkokat, hozz\u00e1sz\u00f3l\u00e1sokat \u00e9s t\u00f6rt\u00e9netmegtekint\u00e9seket haszn\u00e1lnak, hogy betekint\u00e9st ny\u00fajtsanak abba, hogy kiket \u00e9rdekelhet legink\u00e1bb a profilod. N\u00e9h\u00e1nyuk r\u00e9szletes elemz\u00e9seket is ny\u00fajt a k\u00f6vet\u0151k viselked\u00e9s\u00e9r\u0151l \u00e9s elk\u00f6telez\u0151d\u00e9s\u00e9r\u0151l.<\/p>\n\n\n\n<p><strong>5. Melyek a legink\u00e1bb aj\u00e1nlott alkalmaz\u00e1sok az ilyen t\u00edpus\u00fa elemz\u00e9sekhez?<\/strong><br><strong>K\u00f6z\u00f6ss\u00e9gi m\u00e9dia k\u00f6vet\u0151<\/strong> Megb\u00edzhat\u00f3s\u00e1ga \u00e9s k\u00f6nny\u0171 kezelhet\u0151s\u00e9ge miatt az egyik legn\u00e9pszer\u0171bb opci\u00f3. R\u00e9szletes jelent\u00e9seket k\u00edn\u00e1l az elk\u00f6telez\u0151d\u00e9sr\u0151l, a cs\u00facsid\u0151szakokr\u00f3l \u00e9s a potenci\u00e1lis l\u00e1togat\u00f3kr\u00f3l.<\/p>\n\n\n\n<p><strong>6. Jav\u00edthatja-e ezeknek az alkalmaz\u00e1soknak a haszn\u00e1lata a k\u00f6z\u00f6ss\u00e9gi m\u00e9dia strat\u00e9gi\u00e1mat?<\/strong><br>Igen, hat\u00e1rozottan! Ha meg\u00e9rted, hogy kik \u00e9s mikor l\u00e9pnek interakci\u00f3ba a tartalmaiddal, strat\u00e9giaibb m\u00f3don tervezheted meg a bejegyz\u00e9seidet, nagyobb k\u00f6z\u00f6ns\u00e9get \u00e9rhetsz el, \u00e9s n\u00f6velheted az elk\u00f6telez\u0151d\u00e9st.<\/p>\n\n\n\n<p><strong>7. Vannak-e kock\u00e1zatok ezen alkalmaz\u00e1sok haszn\u00e1lat\u00e1ban?<\/strong><br>A legnagyobb kock\u00e1zatot a megb\u00edzhatatlan harmadik f\u00e9lt\u0151l sz\u00e1rmaz\u00f3 alkalmaz\u00e1sok jelentik, amelyek vesz\u00e9lyeztethetik az adatv\u00e9delmet. Mindig megb\u00edzhat\u00f3 eszk\u00f6z\u00f6ket v\u00e1lasszon, \u00e9s soha ne ossza meg k\u00f6zvetlen\u00fcl a hiteles\u00edt\u0151 adatait.<\/p>\n\n\n\n<p><strong>8. Hogyan \u00e1llap\u00edthatom meg, hogy egy alkalmaz\u00e1s megb\u00edzhat\u00f3-e?<\/strong><br>N\u00e9zd meg az alkalmaz\u00e1sboltokban tal\u00e1lhat\u00f3 \u00e9rt\u00e9kel\u00e9seket, olvasd el m\u00e1s felhaszn\u00e1l\u00f3k v\u00e9lem\u00e9ny\u00e9t, \u00e9s gy\u0151z\u0151dj meg arr\u00f3l, hogy az alkalmaz\u00e1snak egy\u00e9rtelm\u0171 adatv\u00e9delmi szab\u00e1lyzata van. V\u00e1lassz olyan alkalmaz\u00e1sokat is, amelyek nem ig\u00e9nyelnek teljes hozz\u00e1f\u00e9r\u00e9st a fi\u00f3kodhoz.<\/p>\n\n\n\n<p><strong>9. Ingyenesek ezek az alkalmaz\u00e1sok?<\/strong><br>Sokuknak van ingyenes verzi\u00f3ja alapfunkci\u00f3kkal \u00e9s pr\u00e9mium opci\u00f3kkal a r\u00e9szletesebb elemz\u00e9shez. P\u00e9ld\u00e1ul a Social Tracker fizet\u0151s verzi\u00f3j\u00e1ban fejlett funkci\u00f3kat k\u00edn\u00e1l.<\/p>\n\n\n\n<p><strong>10. Haszn\u00e1lhatom ezeket az eszk\u00f6z\u00f6ket a szem\u00e9lyes adataim v\u00e9delme \u00e9rdek\u00e9ben?<\/strong><br>Igen! A l\u00e1togat\u00e1sok \u00e9s interakci\u00f3k nyomon k\u00f6vet\u00e9s\u00e9ben val\u00f3 seg\u00edts\u00e9g mellett egyes alkalmaz\u00e1sok tippeket is k\u00edn\u00e1lnak fi\u00f3kod jogosulatlan hozz\u00e1f\u00e9r\u00e9s elleni v\u00e9delm\u00e9hez \u00e9s a k\u00f6z\u00f6ss\u00e9gi m\u00e9di\u00e1ban val\u00f3 adatv\u00e9delem jobb kezel\u00e9s\u00e9hez.<\/p>","protected":false},"excerpt":{"rendered":"<p>K\u00edv\u00e1ncsi vagy, ki k\u00f6vet t\u00e9ged? Fejtsd meg a rejt\u00e9lyt! Mit n\u00e9zel ma? Olvass tov\u00e1bb! Elgondolkodt\u00e1l m\u00e1r azon, hogy ki n\u00e9zi a profilodat? \u00c1rtalmatlan k\u00edv\u00e1ncsis\u00e1gnak t\u0171nhet, de ha tudod, kik l\u00e1togatj\u00e1k a k\u00f6z\u00f6ss\u00e9gi oldalaidat, sokat el\u00e1rulhat rejtett \u00e9rdekl\u0151d\u00e9si k\u00f6reidr\u0151l, lehet\u0151s\u00e9geidr\u0151l vagy ak\u00e1r titkos rajong\u00f3idr\u00f3l is. K\u00e9pzeld el, hogy felfedezed azt a r\u00e9gi bar\u00e1tot [\u2026]<\/p>","protected":false},"author":0,"featured_media":7534,"comment_status":"closed","ping_status":"open","sticky":false,"template":"","format":"standard","meta":{"footnotes":""},"categories":[3],"tags":[254,678,763,917,1242],"yoast_head":"<!-- This site is optimized with the Yoast SEO plugin v23.3 - https:\/\/yoast.com\/wordpress\/plugins\/seo\/ -->\n<title>Descubre qui\u00e9n mira tu perfil ahora - Universo Fam\u00edlia<\/title>\n<meta name=\"description\" content=\"Descubre qui\u00e9n mira tu perfil ahora. Puede parecer una curiosidad inocente, pero saber qui\u00e9n visita tus redes sociales puede....\" \/>\n<meta name=\"robots\" content=\"index, follow, max-snippet:-1, max-image-preview:large, max-video-preview:-1\" \/>\n<link rel=\"canonical\" href=\"https:\/\/universofamilia.com\/hu\/descubre-quien-mira-tu-perfil-ahora\/\" \/>\n<meta property=\"og:locale\" content=\"hu_HU\" \/>\n<meta property=\"og:type\" content=\"article\" \/>\n<meta property=\"og:title\" content=\"Descubre qui\u00e9n mira tu perfil ahora - Universo Fam\u00edlia\" \/>\n<meta property=\"og:description\" content=\"Descubre qui\u00e9n mira tu perfil ahora. Puede parecer una curiosidad inocente, pero saber qui\u00e9n visita tus redes sociales puede....\" \/>\n<meta property=\"og:url\" content=\"https:\/\/universofamilia.com\/hu\/descubre-quien-mira-tu-perfil-ahora\/\" \/>\n<meta property=\"og:site_name\" content=\"Universo Fam\u00edlia\" \/>\n<meta property=\"article:published_time\" content=\"2024-11-25T17:36:23+00:00\" \/>\n<meta property=\"og:image\" content=\"https:\/\/universofamilia.com\/wp-content\/uploads\/sites\/148\/2024\/11\/DESTAQUE-UNIVERSO-550-x-350-18.jpg\" \/>\n\t<meta property=\"og:image:width\" content=\"550\" \/>\n\t<meta property=\"og:image:height\" content=\"350\" \/>\n\t<meta property=\"og:image:type\" content=\"image\/jpeg\" \/>\n<meta name=\"twitter:card\" content=\"summary_large_image\" \/>\n<meta name=\"twitter:label1\" content=\"Est. reading time\" \/>\n\t<meta name=\"twitter:data1\" content=\"8 perc\" \/>\n<script type=\"application\/ld+json\" class=\"yoast-schema-graph\">{\"@context\":\"https:\/\/schema.org\",\"@graph\":[{\"@type\":\"WebPage\",\"@id\":\"https:\/\/universofamilia.com\/zh\/descubre-quien-mira-tu-perfil-ahora\/\",\"url\":\"https:\/\/universofamilia.com\/zh\/descubre-quien-mira-tu-perfil-ahora\/\",\"name\":\"Descubre qui\u00e9n mira tu perfil ahora - Universo Fam\u00edlia\",\"isPartOf\":{\"@id\":\"https:\/\/universofamilia.com\/el\/#website\"},\"primaryImageOfPage\":{\"@id\":\"https:\/\/universofamilia.com\/zh\/descubre-quien-mira-tu-perfil-ahora\/#primaryimage\"},\"image\":{\"@id\":\"https:\/\/universofamilia.com\/zh\/descubre-quien-mira-tu-perfil-ahora\/#primaryimage\"},\"thumbnailUrl\":\"https:\/\/universofamilia.com\/wp-content\/uploads\/sites\/148\/2024\/11\/DESTAQUE-UNIVERSO-550-x-350-18.jpg\",\"datePublished\":\"2024-11-25T17:36:23+00:00\",\"dateModified\":\"2024-11-25T17:36:23+00:00\",\"author\":{\"@id\":\"\"},\"description\":\"Descubre qui\u00e9n mira tu perfil ahora. Puede parecer una curiosidad inocente, pero saber qui\u00e9n visita tus redes sociales puede....\",\"breadcrumb\":{\"@id\":\"https:\/\/universofamilia.com\/zh\/descubre-quien-mira-tu-perfil-ahora\/#breadcrumb\"},\"inLanguage\":\"hu\",\"potentialAction\":[{\"@type\":\"ReadAction\",\"target\":[\"https:\/\/universofamilia.com\/zh\/descubre-quien-mira-tu-perfil-ahora\/\"]}]},{\"@type\":\"ImageObject\",\"inLanguage\":\"hu\",\"@id\":\"https:\/\/universofamilia.com\/zh\/descubre-quien-mira-tu-perfil-ahora\/#primaryimage\",\"url\":\"https:\/\/universofamilia.com\/wp-content\/uploads\/sites\/148\/2024\/11\/DESTAQUE-UNIVERSO-550-x-350-18.jpg\",\"contentUrl\":\"https:\/\/universofamilia.com\/wp-content\/uploads\/sites\/148\/2024\/11\/DESTAQUE-UNIVERSO-550-x-350-18.jpg\",\"width\":550,\"height\":350,\"caption\":\"Descubre qui\u00e9n mira tu perfil ahora\"},{\"@type\":\"BreadcrumbList\",\"@id\":\"https:\/\/universofamilia.com\/zh\/descubre-quien-mira-tu-perfil-ahora\/#breadcrumb\",\"itemListElement\":[{\"@type\":\"ListItem\",\"position\":1,\"name\":\"Home\",\"item\":\"https:\/\/universofamilia.com\/el\/\"},{\"@type\":\"ListItem\",\"position\":2,\"name\":\"Descubre qui\u00e9n mira tu perfil ahora\"}]},{\"@type\":\"WebSite\",\"@id\":\"https:\/\/universofamilia.com\/el\/#website\",\"url\":\"https:\/\/universofamilia.com\/el\/\",\"name\":\"Universo Fam\u00edlia\",\"description\":\"\",\"potentialAction\":[{\"@type\":\"SearchAction\",\"target\":{\"@type\":\"EntryPoint\",\"urlTemplate\":\"https:\/\/universofamilia.com\/el\/?s={search_term_string}\"},\"query-input\":\"required name=search_term_string\"}],\"inLanguage\":\"hu\"}]}<\/script>\n<!-- \/ Yoast SEO plugin. -->","yoast_head_json":{"title":"Descubre qui\u00e9n mira tu perfil ahora - Universo Fam\u00edlia","description":"Descubre qui\u00e9n mira tu perfil ahora. Puede parecer una curiosidad inocente, pero saber qui\u00e9n visita tus redes sociales puede....","robots":{"index":"index","follow":"follow","max-snippet":"max-snippet:-1","max-image-preview":"max-image-preview:large","max-video-preview":"max-video-preview:-1"},"canonical":"https:\/\/universofamilia.com\/hu\/descubre-quien-mira-tu-perfil-ahora\/","og_locale":"hu_HU","og_type":"article","og_title":"Descubre qui\u00e9n mira tu perfil ahora - Universo Fam\u00edlia","og_description":"Descubre qui\u00e9n mira tu perfil ahora. Puede parecer una curiosidad inocente, pero saber qui\u00e9n visita tus redes sociales puede....","og_url":"https:\/\/universofamilia.com\/hu\/descubre-quien-mira-tu-perfil-ahora\/","og_site_name":"Universo Fam\u00edlia","article_published_time":"2024-11-25T17:36:23+00:00","og_image":[{"width":550,"height":350,"url":"https:\/\/universofamilia.com\/wp-content\/uploads\/sites\/148\/2024\/11\/DESTAQUE-UNIVERSO-550-x-350-18.jpg","type":"image\/jpeg"}],"twitter_card":"summary_large_image","twitter_misc":{"Est. reading time":"8 perc"},"schema":{"@context":"https:\/\/schema.org","@graph":[{"@type":"WebPage","@id":"https:\/\/universofamilia.com\/zh\/descubre-quien-mira-tu-perfil-ahora\/","url":"https:\/\/universofamilia.com\/zh\/descubre-quien-mira-tu-perfil-ahora\/","name":"Descubre qui\u00e9n mira tu perfil ahora - Universo Fam\u00edlia","isPartOf":{"@id":"https:\/\/universofamilia.com\/el\/#website"},"primaryImageOfPage":{"@id":"https:\/\/universofamilia.com\/zh\/descubre-quien-mira-tu-perfil-ahora\/#primaryimage"},"image":{"@id":"https:\/\/universofamilia.com\/zh\/descubre-quien-mira-tu-perfil-ahora\/#primaryimage"},"thumbnailUrl":"https:\/\/universofamilia.com\/wp-content\/uploads\/sites\/148\/2024\/11\/DESTAQUE-UNIVERSO-550-x-350-18.jpg","datePublished":"2024-11-25T17:36:23+00:00","dateModified":"2024-11-25T17:36:23+00:00","author":{"@id":""},"description":"Descubre qui\u00e9n mira tu perfil ahora. Puede parecer una curiosidad inocente, pero saber qui\u00e9n visita tus redes sociales puede....","breadcrumb":{"@id":"https:\/\/universofamilia.com\/zh\/descubre-quien-mira-tu-perfil-ahora\/#breadcrumb"},"inLanguage":"hu","potentialAction":[{"@type":"ReadAction","target":["https:\/\/universofamilia.com\/zh\/descubre-quien-mira-tu-perfil-ahora\/"]}]},{"@type":"ImageObject","inLanguage":"hu","@id":"https:\/\/universofamilia.com\/zh\/descubre-quien-mira-tu-perfil-ahora\/#primaryimage","url":"https:\/\/universofamilia.com\/wp-content\/uploads\/sites\/148\/2024\/11\/DESTAQUE-UNIVERSO-550-x-350-18.jpg","contentUrl":"https:\/\/universofamilia.com\/wp-content\/uploads\/sites\/148\/2024\/11\/DESTAQUE-UNIVERSO-550-x-350-18.jpg","width":550,"height":350,"caption":"Descubre qui\u00e9n mira tu perfil ahora"},{"@type":"BreadcrumbList","@id":"https:\/\/universofamilia.com\/zh\/descubre-quien-mira-tu-perfil-ahora\/#breadcrumb","itemListElement":[{"@type":"ListItem","position":1,"name":"Home","item":"https:\/\/universofamilia.com\/el\/"},{"@type":"ListItem","position":2,"name":"Descubre qui\u00e9n mira tu perfil ahora"}]},{"@type":"WebSite","@id":"https:\/\/universofamilia.com\/el\/#website","url":"https:\/\/universofamilia.com\/el\/","name":"Universo Fam\u00edlia","description":"","potentialAction":[{"@type":"SearchAction","target":{"@type":"EntryPoint","urlTemplate":"https:\/\/universofamilia.com\/el\/?s={search_term_string}"},"query-input":"required name=search_term_string"}],"inLanguage":"hu"}]}},"_links":{"self":[{"href":"https:\/\/universofamilia.com\/hu\/wp-json\/wp\/v2\/posts\/7531"}],"collection":[{"href":"https:\/\/universofamilia.com\/hu\/wp-json\/wp\/v2\/posts"}],"about":[{"href":"https:\/\/universofamilia.com\/hu\/wp-json\/wp\/v2\/types\/post"}],"replies":[{"embeddable":true,"href":"https:\/\/universofamilia.com\/hu\/wp-json\/wp\/v2\/comments?post=7531"}],"version-history":[{"count":0,"href":"https:\/\/universofamilia.com\/hu\/wp-json\/wp\/v2\/posts\/7531\/revisions"}],"wp:featuredmedia":[{"embeddable":true,"href":"https:\/\/universofamilia.com\/hu\/wp-json\/wp\/v2\/media\/7534"}],"wp:attachment":[{"href":"https:\/\/universofamilia.com\/hu\/wp-json\/wp\/v2\/media?parent=7531"}],"wp:term":[{"taxonomy":"category","embeddable":true,"href":"https:\/\/universofamilia.com\/hu\/wp-json\/wp\/v2\/categories?post=7531"},{"taxonomy":"post_tag","embeddable":true,"href":"https:\/\/universofamilia.com\/hu\/wp-json\/wp\/v2\/tags?post=7531"}],"curies":[{"name":"wp","href":"https:\/\/api.w.org\/{rel}","templated":true}]}}