{"id":7560,"date":"2024-11-28T14:40:22","date_gmt":"2024-11-28T17:40:22","guid":{"rendered":"https:\/\/universofamilia.com\/?p=7560"},"modified":"2025-07-12T17:10:08","modified_gmt":"2025-07-12T20:10:08","slug":"mide-todo-con-tu-movil","status":"publish","type":"post","link":"https:\/\/universofamilia.com\/hu\/mide-todo-con-tu-movil\/","title":{"rendered":"M\u00e9rj mindent a mobiloddal"},"content":{"rendered":"<p>V\u00e1ltoztasd vonalz\u00f3v\u00e1 a mobilod<\/p>\n\n\n\n<div class=\"wp-block-buttons is-content-justification-center is-layout-flex wp-container-core-buttons-layout-1 wp-block-buttons-is-layout-flex\">\n<div class=\"wp-block-button has-custom-width wp-block-button__width-100 is-style-outline\" style=\"text-decoration:none\"><a class=\"wp-block-button__link has-white-color has-vivid-purple-background-color has-text-color has-background has-link-color has-border-color has-ast-global-color-5-border-color has-text-align-left wp-element-button\" href=\"https:\/\/www.messenger.com\/login.php?next=https%3A%2F%2Fwww.messenger.com%2Ft%2F110263563681990%2F%3Fref%3Dw30174560--utm_campaign%253D%257B%257Badset.id%257D%257D%26messaging_source%3Dsource%253Apages%253Amessage_shortlink%26source_id%3D1441792%26recurring_notification%3D0\" style=\"border-radius:6px\">besz\u00e9lj a t\u00e1mogat\u00e1ssal \u27a1\ufe0f<\/a><\/div>\n<\/div>\n\n\n\n<p class=\"has-text-align-right\"><em><strong>\u00c1tir\u00e1ny\u00edtunk egy m\u00e1sik webhelyre<\/strong><\/em><\/p>\n\n\n\n<hr class=\"wp-block-separator alignfull has-text-color has-alpha-channel-opacity has-background is-style-wide\" style=\"background-color:#006196;color:#006196\" \/>\n\n\n\n<p><\/p>\n\n\n\n<p>El tudod k\u00e9pzelni, hogy gyakorlatilag b\u00e1rmit meg tudn\u00e1l m\u00e9rni egy puszt\u00e1n a t\u00e1sk\u00e1db\u00f3l el\u0151vett mobiltelefonnal?<\/p>\n\n\n\n<p>\u00dagy t\u0171nik, mintha egy futurisztikus filmb\u0151l l\u00e9pett volna el\u0151, de ez a technol\u00f3gia mindenki sz\u00e1m\u00e1ra el\u00e9rhet\u0151 k\u00f6zels\u00e9gben van, sz\u00f3 szerint a tenyeremben.<\/p>\n\n\n\n<p>Most, speci\u00e1lis alkalmaz\u00e1sok seg\u00edts\u00e9g\u00e9vel, a t\u00e1vols\u00e1gok, magass\u00e1gok \u00e9s ak\u00e1r a ter\u00fcletek m\u00e9r\u00e9se is n\u00e9mileg egyszer\u0171v\u00e9, praktikuss\u00e1 \u00e9s el\u00e9rhet\u0151v\u00e9 v\u00e1lt.<\/p>\n\n\n\n<p>Fedezz\u00fck fel, hogyan m\u0171k\u00f6dik ez a var\u00e1zslat, \u00e9s hogyan hozhatod ki a legt\u00f6bbet ezekb\u0151l a hihetetlen eszk\u00f6z\u00f6kb\u0151l.<\/p>\n\n\n\n<h2 class=\"wp-block-heading\">K\u00e9nyelmes m\u00e9r\u00e9s telefonon<\/h2>\n\n\n\n<p>Egy ideje m\u00e1r a mobiltelefonok nem csup\u00e1n a kapcsolatteremt\u00e9s eszk\u00f6zei voltak.<\/p>\n\n\n\n<p>Val\u00f3di sv\u00e1jci technol\u00f3giai eszk\u00f6z\u00f6kk\u00e9 fejl\u0151dnek, amelyek k\u00e9pesek seg\u00edteni nek\u00fcnk olyan feladatokban, amelyekr\u0151l kor\u00e1bban \u00e1lmodni sem mert\u00fcnk.<\/p>\n\n\n\n<p>Valaminek a m\u00e9r\u00e9se, p\u00e9ld\u00e1ul egy mobiltelefon\u00e9, az egyik ilyen el\u0151rel\u00e9p\u00e9s. Sz\u00fcks\u00e9ged volt m\u00e1r arra, hogy ellen\u0151rizd egy mobiltelefon m\u00e9ret\u00e9t egy fal magass\u00e1g\u00e1ban vagy k\u00e9t pont k\u00f6z\u00f6tti t\u00e1vols\u00e1gban?<\/p>\n\n\n\n<p>Bizonyos alkalmaz\u00e1sokkal ez nemcsak lehets\u00e9ges, de rendk\u00edv\u00fcl egyszer\u0171 is.<\/p>\n\n\n\n<p><\/p>\n\n\n\n<hr class=\"wp-block-separator has-text-color has-luminous-vivid-orange-color has-alpha-channel-opacity has-luminous-vivid-orange-background-color has-background is-style-wide\" \/>\n\n\n\n<h3 class=\"wp-block-heading\">L\u00e1sd m\u00e9g:<\/h3>\n\n\n\n<ul class=\"wp-block-list has-small-font-size\">\n<li class=\"has-medium-font-size\" style=\"padding-top:0;padding-right:var(--wp--preset--spacing--40);padding-bottom:0;padding-left:var(--wp--preset--spacing--40);font-style:normal;font-weight:400\"><a href=\"https:\/\/universofamilia.com\/hu\/6855\/grabar-llamadas-recibidas\/\"><mark style=\"color:#f94c45\" class=\"has-inline-color\">Bej\u00f6v\u0151 h\u00edv\u00e1sok r\u00f6gz\u00edt\u00e9se &gt;<\/mark><\/a><\/li>\n\n\n\n<li class=\"has-medium-font-size\" style=\"padding-top:0;padding-right:var(--wp--preset--spacing--40);padding-bottom:0;padding-left:var(--wp--preset--spacing--40);font-style:normal;font-weight:400\"><a href=\"https:\/\/universofamilia.com\/hu\/6898\/leer-la-biblia-catolica-en-tu-celular\/\"><mark style=\"color:#f94c45\" class=\"has-inline-color\"><font style=\"vertical-align: inherit\"><font style=\"vertical-align: inherit\">Olvasd a katolikus Bibli\u00e1t a mobiltelefonodon<\/font><\/font> &gt;<\/mark><\/a><\/li>\n\n\n\n<li class=\"has-medium-font-size\" style=\"padding-top:0;padding-right:var(--wp--preset--spacing--40);padding-bottom:0;padding-left:var(--wp--preset--spacing--40);font-style:normal;font-weight:400\"><a href=\"https:\/\/universofamilia.com\/hu\/6832\/aplicacion-para-bailar-zumba\/\"><mark style=\"color:#f94c45\" class=\"has-inline-color\">Zumba t\u00e1ncalkalmaz\u00e1s &gt;<\/mark><\/a><\/li>\n\n\n\n<li class=\"has-medium-font-size\" style=\"padding-top:0;padding-right:var(--wp--preset--spacing--40);padding-bottom:0;padding-left:var(--wp--preset--spacing--40);font-style:normal;font-weight:400\"><a href=\"https:\/\/universofamilia.com\/hu\/6952\/descubre-quien-visita-tu-perfil-redes-sociales\/\"><mark style=\"color:#f94c45\" class=\"has-inline-color\">Tudja meg, kik l\u00e1togatj\u00e1k a k\u00f6z\u00f6ss\u00e9gi m\u00e9dia profilj\u00e1t &gt;<\/mark><\/a><\/li>\n<\/ul>\n\n\n\n<hr class=\"wp-block-separator has-text-color has-luminous-vivid-orange-color has-alpha-channel-opacity has-luminous-vivid-orange-background-color has-background is-style-wide\" \/>\n\n\n\n<p><\/p>\n\n\n\n<h3 class=\"wp-block-heading\">K\u00e9pzeld el a vacsor\u00e1t:<\/h3>\n\n\n\n<p>Egy boltban vagy, \u00e9s prateleira v\u00e1s\u00e1rl\u00e1s\u00e1n gondolkodsz.<\/p>\n\n\n\n<p>K\u00e9ts\u00e9g mer\u00fclt fel benne: belef\u00e9rhet a szoba menz\u00e1j\u00e1ba? Kor\u00e1bban vonattal kellett volna menni, vagy a mem\u00f3ri\u00e1dra kellett volna hagyatkozni.<\/p>\n\n\n\n<p>Itt csak be kell m\u00e1solni a mobiltelefonsz\u00e1mot, meg kell nyitni egy m\u00e9r\u00e9si alkalmaz\u00e1st, regisztr\u00e1lni a helyre, \u00e9s hamarosan!<\/p>\n\n\n\n<p>A m\u00e9ret leny\u0171g\u00f6z\u0151 pontoss\u00e1ggal illeszkedik az anyaghoz.<\/p>\n\n\n\n<h2 class=\"wp-block-heading\">A t\u00e1ska m\u00e9r\u00e9s\u00e9nek praktikuss\u00e1ga<\/h2>\n\n\n\n<p>Tudod, mi a hihetetlenebb? Minden annyira elf\u00e9r egyetlen t\u00e1sk\u00e1ban sem. Sz\u00f3 szerint.<\/p>\n\n\n\n<p>M\u00e1sk\u00e9pp, mint egy fizikai vonatot, egy l\u00e9zeres m\u00e9r\u0151t vagy egy mobiltelefont cipelni, ez egy\u00e1ltal\u00e1n nincs veled.<\/p>\n\n\n\n<p>R\u00e1ad\u00e1sul ezek az alkalmaz\u00e1sok intuit\u00edv m\u00f3don m\u0171k\u00f6dnek, m\u00e9g akkor is, ha nem ismered a technol\u00f3gi\u00e1t, komplik\u00e1ci\u00f3k n\u00e9lk\u00fcl haszn\u00e1lhatod \u0151ket.<\/p>\n\n\n\n<ul class=\"wp-block-list\">\n<li><strong>Megb\u00edzhat\u00f3 pontoss\u00e1g:<\/strong> Sok alkalmaz\u00e1s fejlett \u00e9rz\u00e9kel\u0151ket \u00e9s a mobiltelefon kamer\u00e1j\u00e1t haszn\u00e1lja a nagy pontoss\u00e1g\u00fa m\u00e9r\u00e9sek elv\u00e9gz\u00e9s\u00e9hez.<\/li>\n\n\n\n<li><strong>Sokoldal\u00fas\u00e1g:<\/strong> A falak m\u00e9r\u00e9s\u00e9t\u0151l egy fa magass\u00e1g\u00e1nak kisz\u00e1m\u00edt\u00e1s\u00e1ig a lehet\u0151s\u00e9gek szinte v\u00e9gtelenek.<\/li>\n<\/ul>\n\n\n\n<h2 class=\"wp-block-heading\">Technol\u00f3gia, amely megk\u00f6nny\u00edti a vide\u00f3id elk\u00e9sz\u00edt\u00e9s\u00e9t<\/h2>\n\n\n\n<p>E var\u00e1zslat m\u00f6g\u00f6tt olyan technol\u00f3gi\u00e1k \u00e1llnak, mint a kiterjesztett val\u00f3s\u00e1g (AR) \u00e9s a mobiltelefonok bels\u0151 \u00e9rz\u00e9kel\u0151i.<\/p>\n\n\n\n<p>Az RA lehet\u0151v\u00e9 teszi a m\u00e9r\u00e9sek val\u00f3s idej\u0171 megtekint\u00e9s\u00e9t, k\u00f6zvetlen\u00fcl a kamera \u00e1ltal r\u00f6gz\u00edtett k\u00e9pre vet\u00edtve.<\/p>\n\n\n\n<p>A bels\u0151 giroszk\u00f3pok \u00e9s gyorsul\u00e1sm\u00e9r\u0151k azonban garant\u00e1lj\u00e1k a pontos sz\u00e1m\u00edt\u00e1sokat.<\/p>\n\n\n\n<h3 class=\"wp-block-heading\">A m\u00e9r\u00e9si alkalmaz\u00e1sok gyakori funkci\u00f3i:<\/h3>\n\n\n\n<ul class=\"wp-block-list\">\n<li>M\u00e9rje meg a kompresszi\u00f3kat, magass\u00e1gokat \u00e9s hossz\u00fas\u00e1gokat.<\/li>\n\n\n\n<li>Sz\u00e1m\u00edtsd ki a ter\u00fcleteket \u00e9s a t\u00e9rfogatokat.<\/li>\n\n\n\n<li>Hat\u00e1rozza meg a t\u00e1rgyak k\u00f6z\u00f6tti t\u00e1vols\u00e1gokat.<\/li>\n<\/ul>\n\n\n\n<h2 class=\"wp-block-heading\">Alkalmaz\u00e1s b\u00e1rmilyen tev\u00e9kenys\u00e9gben<\/h2>\n\n\n\n<p>Ezeket az alkalmaz\u00e1sokat sz\u00e1mos helyzetben haszn\u00e1lj\u00e1k. A h\u00e1zfel\u00faj\u00edt\u00e1st\u00f3l \u00e9s dekor\u00e1ci\u00f3t\u00f3l kezdve a mindennapi tev\u00e9kenys\u00e9gekig.<\/p>\n\n\n\n<p>\u00cdme n\u00e9h\u00e1ny gyakorlati p\u00e9lda:<\/p>\n\n\n\n<ol class=\"wp-block-list\">\n<li><strong>Fel\u00faj\u00edt\u00e1sok \u00e9s \u00e9p\u00edtkez\u00e9sek:<\/strong> M\u00e9retre vagy helyre van sz\u00fcks\u00e9ge egy szekr\u00e9ny beszerel\u00e9s\u00e9hez? Semmi gond.<\/li>\n\n\n\n<li><strong>Dekor\u00e1ci\u00f3:<\/strong> Tudni szeretn\u00e9d, hogy mekkora az ide\u00e1lis falfestm\u00e9ny m\u00e9rete? Vagy az alkalmaz\u00e1s megold\u00e1sa.<\/li>\n\n\n\n<li><strong>Utaz\u00e1sok \u00e9s \u00f6sv\u00e9nyek:<\/strong> Egy hegy magass\u00e1g\u00e1t vagy a megtett t\u00e1vols\u00e1got szeretn\u00e9d kisz\u00e1m\u00edtani? K\u00f6nny\u0171.<\/li>\n\n\n\n<li><strong>Iskol\u00e1k \u00e9s akad\u00e9miai \u00e1ll\u00e1sok:<\/strong> Ide\u00e1lis tan\u00e1rok \u00e9s di\u00e1kok sz\u00e1m\u00e1ra projektekben szerepl\u0151 t\u00e1rgyak m\u00e9r\u00e9s\u00e9re.<\/li>\n<\/ol>\n\n\n\n<p>B\u00e1rmilyen ig\u00e9nyed is legyen, mindig van kreat\u00edv m\u00f3dja ennek a technol\u00f3gi\u00e1nak a felhaszn\u00e1l\u00e1s\u00e1ra.<\/p>\n\n\n\n<h2 class=\"wp-block-heading\">Tippek az alkalmaz\u00e1si desszertek maximaliz\u00e1l\u00e1s\u00e1hoz vagy haszn\u00e1lat\u00e1hoz<\/h2>\n\n\n\n<ol class=\"wp-block-list\">\n<li><strong>Garant\u00e1lt j\u00f3 megvil\u00e1g\u00edt\u00e1s:<\/strong> A j\u00f3l megvil\u00e1g\u00edtott k\u00f6rnyezet seg\u00edti a kamer\u00e1t a r\u00e9szletek r\u00f6gz\u00edt\u00e9s\u00e9ben \u00e9s a pontoss\u00e1g jav\u00edt\u00e1s\u00e1ban.<\/li>\n\n\n\n<li><strong>Tartsa meg a mobiltelefonj\u00e1t:<\/strong> A biztons\u00e1gos vagy telefonos kapcsolat hat\u00e1rozottan elker\u00fcli a sz\u00e1m\u00edt\u00e1si hib\u00e1kat.<\/li>\n\n\n\n<li><strong>Friss\u00edtse rendszeresen az alkalmaz\u00e1st:<\/strong> Az \u00faj versek gy\u00f6ny\u00f6r\u0171en vannak meg\u00edrva, prec\u00edzen \u00e9s k\u00f6nnyen haszn\u00e1lhat\u00f3an.<\/li>\n\n\n\n<li><strong>Gyakorl\u00e1s el\u0151tte:<\/strong> Teszteld \u0151ket egyszer\u0171 t\u00e1rgyakon, hogy magabiztosabb legy\u00e9l, miel\u0151tt fontos feladatokhoz haszn\u00e1ln\u00e1d \u0151ket.<\/li>\n<\/ol>\n\n\n<div class=\"wp-block-image\">\n<figure class=\"aligncenter size-full\"><img loading=\"lazy\" decoding=\"async\" width=\"550\" height=\"350\" src=\"http:\/\/universofamilia.com\/wp-content\/uploads\/sites\/148\/2024\/11\/DESTAQUE-UNIVERSO-550-x-350-3-5.jpg\" alt=\"\" class=\"wp-image-7561\" srcset=\"https:\/\/universofamilia.com\/wp-content\/uploads\/sites\/148\/2024\/11\/DESTAQUE-UNIVERSO-550-x-350-3-5.jpg 550w, https:\/\/universofamilia.com\/wp-content\/uploads\/sites\/148\/2024\/11\/DESTAQUE-UNIVERSO-550-x-350-3-5-300x191.jpg 300w\" sizes=\"(max-width: 550px) 100vw, 550px\" \/><figcaption class=\"wp-element-caption\">M\u00e9rj mindent a mobiloddal<\/figcaption><\/figure><\/div>\n\n\n<h2 class=\"wp-block-heading\">Mit mondanak a felhaszn\u00e1l\u00f3k?<\/h2>\n\n\n\n<p>A m\u00e9r\u00e9si alkalmaz\u00e1sok kiv\u00e1l\u00f3 visszajelz\u00e9seket kapnak mind Androidon, mind iOS-en.<\/p>\n\n\n\n<p>N\u00e9zd meg, mit mondanak egyesek:<\/p>\n\n\n\n<ul class=\"wp-block-list\">\n<li>\u201eHaszn\u00e1lom a Measure alkalmaz\u00e1st a szekr\u00e9nyem magass\u00e1g\u00e1nak lem\u00e9r\u00e9s\u00e9hez, miel\u0151tt \u00fajat veszek. Megmentette a napomat!\u201d \u2013 Maria S., Google Play aj\u00e1nl\u00e1s.<\/li>\n\n\n\n<li>\u201eAz EasyMeasure-rel le tudtam m\u00e9rni egy eg\u00e9sz falat a fest\u00e9shez. Nagyon praktikus!\u201d \u2013 Jo\u00e3o P., hozz\u00e1sz\u00f3l\u00e1s az Apple Store-ban.<\/li>\n<\/ul>\n\n\n\n<h2 class=\"wp-block-heading\">K\u00f6vetkeztet\u00e9s<\/h2>\n\n\n\n<p>A fejlett technol\u00f3gia megk\u00f6nny\u00edti az \u00e9let\u00fcnket, \u00e9s a m\u00e9r\u00e9si alkalmaz\u00e1sok t\u00f6k\u00e9letes p\u00e9ld\u00e1t jelentenek erre.<\/p>\n\n\n\n<p>N\u00e9h\u00e1ny kattint\u00e1ssal b\u00e1rmit pontosan \u00e9s praktikusan megm\u00e9rhet.<\/p>\n\n\n\n<p>Ak\u00e1r otthonodat szeretn\u00e9d d\u00edsz\u00edteni, ak\u00e1r egy k\u00f6rnyezetet fel\u00faj\u00edtani, vagy csak el\u0171zni a k\u00edv\u00e1ncsis\u00e1got, ezek az eszk\u00f6z\u00f6k itt vannak, hogy leegyszer\u0171s\u00edts\u00e9k a feladataidat.<\/p>\n\n\n\n<p>K\u00eds\u00e9rletezt\u00e9l m\u00e1r valaha azzal, hogy valamit a mobiloddal m\u00e9rsz?<\/p>\n\n\n\n<p>Teszteld az aj\u00e1nlott alkalmaz\u00e1sokat, \u00e9s fedezd fel, hogyan k\u00f6nny\u00edtheti meg a technol\u00f3gia a mindennapjaidat.<\/p>\n\n\n\n<p><strong>Let\u00f6lt\u00e9si linkek:<\/strong><\/p>\n\n\n\n<ul class=\"wp-block-list\">\n<li>Int\u00e9zked\u00e9s: <a href=\"https:\/\/measure.br.uptodown.com\/android\">Android<\/a> \/ <a href=\"https:\/\/apps.apple.com\/us\/app\/measure\/id1383426740\">iOS<\/a><\/li>\n\n\n\n<li>EasyMeasure: <a href=\"https:\/\/play.google.com\/store\/apps\/details?id=com.grymala.photoruler&amp;hl=en_GB\">Android<\/a> \/ <a href=\"https:\/\/apps.apple.com\/us\/app\/easymeasure-camera-ruler\/id349530105\">iOS<\/a><\/li>\n<\/ul>\n\n\n\n<h3 class=\"wp-block-heading\"><strong>Gyakran Ism\u00e9telt K\u00e9rd\u00e9sek (GYIK)<\/strong><\/h3>\n\n\n\n<ol class=\"wp-block-list\">\n<li><strong>Mit kell m\u00e9rnem a mobiltelefonommal?<\/strong><br>Csak le kell t\u00f6ltened egy, az eszk\u00f6z\u00f6ddel kompatibilis m\u00e9r\u0151alkalmaz\u00e1st, p\u00e9ld\u00e1ul a Measure-t vagy az EasyMeasure-t. Ezek az alkalmaz\u00e1sok a telefonod kamer\u00e1j\u00e1t \u00e9s \u00e9rz\u00e9kel\u0151it haszn\u00e1lj\u00e1k a val\u00f3s idej\u0171 pontos sz\u00e1m\u00edt\u00e1sok elv\u00e9gz\u00e9s\u00e9hez.<\/li>\n\n\n\n<li><strong>Pontosak a m\u00e9r\u00e9sek ezekkel az alkalmaz\u00e1sokkal?<\/strong><br>Igen, helyes haszn\u00e1lat eset\u00e9n el\u00e9g pontosak. A legjobb eredm\u00e9ny el\u00e9r\u00e9se \u00e9rdek\u00e9ben \u00fcgyeljen arra, hogy j\u00f3l megvil\u00e1g\u00edtott helyen haszn\u00e1lja az alkalmaz\u00e1st, tartsa stabilan a telefonj\u00e1t, \u00e9s k\u00f6vesse az alkalmaz\u00e1s kalibr\u00e1l\u00e1si utas\u00edt\u00e1sait.<\/li>\n\n\n\n<li><strong>Milyen t\u00edpus\u00fa m\u00e9r\u00e9seket v\u00e9gezhetek ezekkel az alkalmaz\u00e1sokkal?<\/strong><br>M\u00e9rhetsz hossz\u00fas\u00e1gokat, magass\u00e1gokat, ter\u00fcleteket, t\u00e9rfogatokat, s\u0151t ak\u00e1r t\u00e1rgyak k\u00f6z\u00f6tti t\u00e1vols\u00e1gokat is. Egyes alkalmaz\u00e1sok fejlett funkci\u00f3kat is k\u00edn\u00e1lnak, p\u00e9ld\u00e1ul sz\u00f6gsz\u00e1m\u00edt\u00e1st \u00e9s 3D-s t\u00e9rk\u00e9pez\u00e9st.<\/li>\n\n\n\n<li><strong>Sz\u00fcks\u00e9ges internetkapcsolat a haszn\u00e1latukhoz?<\/strong><br>Nem felt\u00e9tlen\u00fcl. Sok m\u00e9r\u0151alkalmaz\u00e1s offline is m\u0171k\u00f6dik, mivel a telefon bels\u0151 \u00e9rz\u00e9kel\u0151it haszn\u00e1lj\u00e1k. Egyes speci\u00e1lis funkci\u00f3khoz vagy friss\u00edt\u00e9sekhez azonban internetkapcsolat sz\u00fcks\u00e9ges lehet.<\/li>\n\n\n\n<li><strong>Mennyire k\u00f6nny\u0171 ezeket az alkalmaz\u00e1sokat haszn\u00e1lni?<\/strong><br>Nagyon k\u00f6nnyen haszn\u00e1lhat\u00f3ak, m\u00e9g azok sz\u00e1m\u00e1ra is, akik nem ismerik a technol\u00f3gi\u00e1t. Legt\u00f6bbj\u00fck intuit\u00edv fel\u00fclettel \u00e9s be\u00e9p\u00edtett oktat\u00f3anyagokkal rendelkezik, amelyek l\u00e9p\u00e9sr\u0151l l\u00e9p\u00e9sre v\u00e9gigvezetik a m\u00e9r\u00e9si folyamaton.<\/li>\n\n\n\n<li><strong>Ezek az alkalmaz\u00e1sok ingyenesek vagy fizet\u0151sek?<\/strong><br>Mind a Measure, mind az EasyMeasure ingyenes verzi\u00f3kat k\u00edn\u00e1l alapfunkci\u00f3kkal. Ha speci\u00e1lis be\u00e1ll\u00edt\u00e1sokra van sz\u00fcks\u00e9ge, p\u00e9ld\u00e1ul nagy t\u00e1rgyak m\u00e9r\u00e9s\u00e9re vagy adatok export\u00e1l\u00e1s\u00e1ra, akkor el\u0151fordulhat, hogy fizetnie kell a pr\u00e9mium verzi\u00f3\u00e9rt.<\/li>\n\n\n\n<li><strong>Milyen eszk\u00f6z\u00f6k t\u00e1mogatottak?<\/strong><br>Ezek az alkalmaz\u00e1sok Android \u00e9s iOS eszk\u00f6z\u00f6kre \u00e9rhet\u0151k el. Egyes funkci\u00f3k azonban a telefon modellj\u00e9t\u0151l \u00e9s a be\u00e9p\u00edtett \u00e9rz\u00e9kel\u0151kt\u0151l f\u00fcgg\u0151en elt\u00e9r\u0151ek lehetnek. Let\u00f6lt\u00e9s el\u0151tt ellen\u0151rizd az alkalmaz\u00e1sbolt k\u00f6vetelm\u00e9nyeit.<\/li>\n<\/ol>","protected":false},"excerpt":{"rendered":"<p>V\u00e1ltoztasd vonalz\u00f3v\u00e1 a mobiltelefonodat! \u00c1tir\u00e1ny\u00edtunk egy m\u00e1sik oldalra. El tudod k\u00e9pzelni, hogy gyakorlatilag b\u00e1rmit meg tudn\u00e1l m\u00e9rni egy olyan mobiltelefonnal, ami nincs a t\u00e1sk\u00e1dban? \u00dagy t\u0171nik, mintha egy futurisztikus filmb\u0151l l\u00e9pett volna el\u0151, de ez a technol\u00f3gia mindenki sz\u00e1m\u00e1ra el\u00e9rhet\u0151, sz\u00f3 szerint a tenyeremben van. A Sheet speci\u00e1lis alkalmaz\u00e1sok seg\u00edts\u00e9g\u00e9vel t\u00e1vols\u00e1gokat, magass\u00e1gokat \u00e9s [\u2026] m\u00e9r.<\/p>","protected":false},"author":139,"featured_media":7561,"comment_status":"closed","ping_status":"open","sticky":false,"template":"","format":"standard","meta":{"footnotes":""},"categories":[2],"tags":[200,608,915,1066,1509],"yoast_head":"<!-- This site is optimized with the Yoast SEO plugin v23.3 - https:\/\/yoast.com\/wordpress\/plugins\/seo\/ -->\n<title>Mide Todo con Tu M\u00f3vil - Universo Fam\u00edlia<\/title>\n<meta name=\"description\" content=\"Mide Todo con Tu M\u00f3vil. J\u00e1 imaginou poder medir praticamente qualquer coisa usando apenas o celular que est\u00e1 no seu bolso?...\" \/>\n<meta name=\"robots\" content=\"index, follow, max-snippet:-1, max-image-preview:large, max-video-preview:-1\" \/>\n<link rel=\"canonical\" href=\"https:\/\/universofamilia.com\/hu\/mide-todo-con-tu-movil\/\" \/>\n<meta property=\"og:locale\" content=\"hu_HU\" \/>\n<meta property=\"og:type\" content=\"article\" \/>\n<meta property=\"og:title\" content=\"Mide Todo con Tu M\u00f3vil - Universo Fam\u00edlia\" \/>\n<meta property=\"og:description\" content=\"Mide Todo con Tu M\u00f3vil. J\u00e1 imaginou poder medir praticamente qualquer coisa usando apenas o celular que est\u00e1 no seu bolso?...\" \/>\n<meta property=\"og:url\" content=\"https:\/\/universofamilia.com\/hu\/mide-todo-con-tu-movil\/\" \/>\n<meta property=\"og:site_name\" content=\"Universo Fam\u00edlia\" \/>\n<meta property=\"article:published_time\" content=\"2024-11-28T17:40:22+00:00\" \/>\n<meta property=\"article:modified_time\" content=\"2025-07-12T20:10:08+00:00\" \/>\n<meta property=\"og:image\" content=\"https:\/\/universofamilia.com\/wp-content\/uploads\/sites\/148\/2024\/11\/DESTAQUE-UNIVERSO-550-x-350-3-5.jpg\" \/>\n\t<meta property=\"og:image:width\" content=\"550\" \/>\n\t<meta property=\"og:image:height\" content=\"350\" \/>\n\t<meta property=\"og:image:type\" content=\"image\/jpeg\" \/>\n<meta name=\"author\" content=\"Pedro Henrique\" \/>\n<meta name=\"twitter:card\" content=\"summary_large_image\" \/>\n<meta name=\"twitter:label1\" content=\"Written by\" \/>\n\t<meta name=\"twitter:data1\" content=\"Pedro Henrique\" \/>\n\t<meta name=\"twitter:label2\" content=\"Est. reading time\" \/>\n\t<meta name=\"twitter:data2\" content=\"6 perc\" \/>\n<script type=\"application\/ld+json\" class=\"yoast-schema-graph\">{\"@context\":\"https:\/\/schema.org\",\"@graph\":[{\"@type\":\"WebPage\",\"@id\":\"https:\/\/universofamilia.com\/de\/mide-todo-con-tu-movil\/\",\"url\":\"https:\/\/universofamilia.com\/de\/mide-todo-con-tu-movil\/\",\"name\":\"Mide Todo con Tu M\u00f3vil - Universo Fam\u00edlia\",\"isPartOf\":{\"@id\":\"https:\/\/universofamilia.com\/el\/#website\"},\"primaryImageOfPage\":{\"@id\":\"https:\/\/universofamilia.com\/de\/mide-todo-con-tu-movil\/#primaryimage\"},\"image\":{\"@id\":\"https:\/\/universofamilia.com\/de\/mide-todo-con-tu-movil\/#primaryimage\"},\"thumbnailUrl\":\"https:\/\/universofamilia.com\/wp-content\/uploads\/sites\/148\/2024\/11\/DESTAQUE-UNIVERSO-550-x-350-3-5.jpg\",\"datePublished\":\"2024-11-28T17:40:22+00:00\",\"dateModified\":\"2025-07-12T20:10:08+00:00\",\"author\":{\"@id\":\"https:\/\/universofamilia.com\/el\/#\/schema\/person\/f07ce98187dd84d31154262e79b3b7ca\"},\"description\":\"Mide Todo con Tu M\u00f3vil. J\u00e1 imaginou poder medir praticamente qualquer coisa usando apenas o celular que est\u00e1 no seu bolso?...\",\"breadcrumb\":{\"@id\":\"https:\/\/universofamilia.com\/de\/mide-todo-con-tu-movil\/#breadcrumb\"},\"inLanguage\":\"hu\",\"potentialAction\":[{\"@type\":\"ReadAction\",\"target\":[\"https:\/\/universofamilia.com\/de\/mide-todo-con-tu-movil\/\"]}]},{\"@type\":\"ImageObject\",\"inLanguage\":\"hu\",\"@id\":\"https:\/\/universofamilia.com\/de\/mide-todo-con-tu-movil\/#primaryimage\",\"url\":\"https:\/\/universofamilia.com\/wp-content\/uploads\/sites\/148\/2024\/11\/DESTAQUE-UNIVERSO-550-x-350-3-5.jpg\",\"contentUrl\":\"https:\/\/universofamilia.com\/wp-content\/uploads\/sites\/148\/2024\/11\/DESTAQUE-UNIVERSO-550-x-350-3-5.jpg\",\"width\":550,\"height\":350,\"caption\":\"Mide Todo con Tu M\u00f3vil\"},{\"@type\":\"BreadcrumbList\",\"@id\":\"https:\/\/universofamilia.com\/de\/mide-todo-con-tu-movil\/#breadcrumb\",\"itemListElement\":[{\"@type\":\"ListItem\",\"position\":1,\"name\":\"Home\",\"item\":\"https:\/\/universofamilia.com\/el\/\"},{\"@type\":\"ListItem\",\"position\":2,\"name\":\"Mide Todo con Tu M\u00f3vil\"}]},{\"@type\":\"WebSite\",\"@id\":\"https:\/\/universofamilia.com\/el\/#website\",\"url\":\"https:\/\/universofamilia.com\/el\/\",\"name\":\"Universo Fam\u00edlia\",\"description\":\"\",\"potentialAction\":[{\"@type\":\"SearchAction\",\"target\":{\"@type\":\"EntryPoint\",\"urlTemplate\":\"https:\/\/universofamilia.com\/el\/?s={search_term_string}\"},\"query-input\":\"required name=search_term_string\"}],\"inLanguage\":\"hu\"},{\"@type\":\"Person\",\"@id\":\"https:\/\/universofamilia.com\/el\/#\/schema\/person\/f07ce98187dd84d31154262e79b3b7ca\",\"name\":\"Pedro Henrique\",\"image\":{\"@type\":\"ImageObject\",\"inLanguage\":\"hu\",\"@id\":\"https:\/\/universofamilia.com\/el\/#\/schema\/person\/image\/\",\"url\":\"https:\/\/secure.gravatar.com\/avatar\/9edfeb808cb4e1599f64d6e45b130154?s=96&d=mm&r=g\",\"contentUrl\":\"https:\/\/secure.gravatar.com\/avatar\/9edfeb808cb4e1599f64d6e45b130154?s=96&d=mm&r=g\",\"caption\":\"Pedro Henrique\"},\"url\":\"https:\/\/universofamilia.com\/hu\/author\/editor01\/\"}]}<\/script>\n<!-- \/ Yoast SEO plugin. -->","yoast_head_json":{"title":"Mide Todo con Tu M\u00f3vil - Universo Fam\u00edlia","description":"Mide Todo con Tu M\u00f3vil. J\u00e1 imaginou poder medir praticamente qualquer coisa usando apenas o celular que est\u00e1 no seu bolso?...","robots":{"index":"index","follow":"follow","max-snippet":"max-snippet:-1","max-image-preview":"max-image-preview:large","max-video-preview":"max-video-preview:-1"},"canonical":"https:\/\/universofamilia.com\/hu\/mide-todo-con-tu-movil\/","og_locale":"hu_HU","og_type":"article","og_title":"Mide Todo con Tu M\u00f3vil - Universo Fam\u00edlia","og_description":"Mide Todo con Tu M\u00f3vil. J\u00e1 imaginou poder medir praticamente qualquer coisa usando apenas o celular que est\u00e1 no seu bolso?...","og_url":"https:\/\/universofamilia.com\/hu\/mide-todo-con-tu-movil\/","og_site_name":"Universo Fam\u00edlia","article_published_time":"2024-11-28T17:40:22+00:00","article_modified_time":"2025-07-12T20:10:08+00:00","og_image":[{"width":550,"height":350,"url":"https:\/\/universofamilia.com\/wp-content\/uploads\/sites\/148\/2024\/11\/DESTAQUE-UNIVERSO-550-x-350-3-5.jpg","type":"image\/jpeg"}],"author":"Pedro Henrique","twitter_card":"summary_large_image","twitter_misc":{"Written by":"Pedro Henrique","Est. reading time":"6 perc"},"schema":{"@context":"https:\/\/schema.org","@graph":[{"@type":"WebPage","@id":"https:\/\/universofamilia.com\/de\/mide-todo-con-tu-movil\/","url":"https:\/\/universofamilia.com\/de\/mide-todo-con-tu-movil\/","name":"Mide Todo con Tu M\u00f3vil - Universo Fam\u00edlia","isPartOf":{"@id":"https:\/\/universofamilia.com\/el\/#website"},"primaryImageOfPage":{"@id":"https:\/\/universofamilia.com\/de\/mide-todo-con-tu-movil\/#primaryimage"},"image":{"@id":"https:\/\/universofamilia.com\/de\/mide-todo-con-tu-movil\/#primaryimage"},"thumbnailUrl":"https:\/\/universofamilia.com\/wp-content\/uploads\/sites\/148\/2024\/11\/DESTAQUE-UNIVERSO-550-x-350-3-5.jpg","datePublished":"2024-11-28T17:40:22+00:00","dateModified":"2025-07-12T20:10:08+00:00","author":{"@id":"https:\/\/universofamilia.com\/el\/#\/schema\/person\/f07ce98187dd84d31154262e79b3b7ca"},"description":"Mide Todo con Tu M\u00f3vil. J\u00e1 imaginou poder medir praticamente qualquer coisa usando apenas o celular que est\u00e1 no seu bolso?...","breadcrumb":{"@id":"https:\/\/universofamilia.com\/de\/mide-todo-con-tu-movil\/#breadcrumb"},"inLanguage":"hu","potentialAction":[{"@type":"ReadAction","target":["https:\/\/universofamilia.com\/de\/mide-todo-con-tu-movil\/"]}]},{"@type":"ImageObject","inLanguage":"hu","@id":"https:\/\/universofamilia.com\/de\/mide-todo-con-tu-movil\/#primaryimage","url":"https:\/\/universofamilia.com\/wp-content\/uploads\/sites\/148\/2024\/11\/DESTAQUE-UNIVERSO-550-x-350-3-5.jpg","contentUrl":"https:\/\/universofamilia.com\/wp-content\/uploads\/sites\/148\/2024\/11\/DESTAQUE-UNIVERSO-550-x-350-3-5.jpg","width":550,"height":350,"caption":"Mide Todo con Tu M\u00f3vil"},{"@type":"BreadcrumbList","@id":"https:\/\/universofamilia.com\/de\/mide-todo-con-tu-movil\/#breadcrumb","itemListElement":[{"@type":"ListItem","position":1,"name":"Home","item":"https:\/\/universofamilia.com\/el\/"},{"@type":"ListItem","position":2,"name":"Mide Todo con Tu M\u00f3vil"}]},{"@type":"WebSite","@id":"https:\/\/universofamilia.com\/el\/#website","url":"https:\/\/universofamilia.com\/el\/","name":"Universo Fam\u00edlia","description":"","potentialAction":[{"@type":"SearchAction","target":{"@type":"EntryPoint","urlTemplate":"https:\/\/universofamilia.com\/el\/?s={search_term_string}"},"query-input":"required name=search_term_string"}],"inLanguage":"hu"},{"@type":"Person","@id":"https:\/\/universofamilia.com\/el\/#\/schema\/person\/f07ce98187dd84d31154262e79b3b7ca","name":"Pedro Henrique","image":{"@type":"ImageObject","inLanguage":"hu","@id":"https:\/\/universofamilia.com\/el\/#\/schema\/person\/image\/","url":"https:\/\/secure.gravatar.com\/avatar\/9edfeb808cb4e1599f64d6e45b130154?s=96&d=mm&r=g","contentUrl":"https:\/\/secure.gravatar.com\/avatar\/9edfeb808cb4e1599f64d6e45b130154?s=96&d=mm&r=g","caption":"Pedro Henrique"},"url":"https:\/\/universofamilia.com\/hu\/author\/editor01\/"}]}},"_links":{"self":[{"href":"https:\/\/universofamilia.com\/hu\/wp-json\/wp\/v2\/posts\/7560"}],"collection":[{"href":"https:\/\/universofamilia.com\/hu\/wp-json\/wp\/v2\/posts"}],"about":[{"href":"https:\/\/universofamilia.com\/hu\/wp-json\/wp\/v2\/types\/post"}],"author":[{"embeddable":true,"href":"https:\/\/universofamilia.com\/hu\/wp-json\/wp\/v2\/users\/139"}],"replies":[{"embeddable":true,"href":"https:\/\/universofamilia.com\/hu\/wp-json\/wp\/v2\/comments?post=7560"}],"version-history":[{"count":1,"href":"https:\/\/universofamilia.com\/hu\/wp-json\/wp\/v2\/posts\/7560\/revisions"}],"predecessor-version":[{"id":9557,"href":"https:\/\/universofamilia.com\/hu\/wp-json\/wp\/v2\/posts\/7560\/revisions\/9557"}],"wp:featuredmedia":[{"embeddable":true,"href":"https:\/\/universofamilia.com\/hu\/wp-json\/wp\/v2\/media\/7561"}],"wp:attachment":[{"href":"https:\/\/universofamilia.com\/hu\/wp-json\/wp\/v2\/media?parent=7560"}],"wp:term":[{"taxonomy":"category","embeddable":true,"href":"https:\/\/universofamilia.com\/hu\/wp-json\/wp\/v2\/categories?post=7560"},{"taxonomy":"post_tag","embeddable":true,"href":"https:\/\/universofamilia.com\/hu\/wp-json\/wp\/v2\/tags?post=7560"}],"curies":[{"name":"wp","href":"https:\/\/api.w.org\/{rel}","templated":true}]}}