{"id":7569,"date":"2024-11-28T18:41:04","date_gmt":"2024-11-28T21:41:04","guid":{"rendered":"https:\/\/universofamilia.com\/?p=7569"},"modified":"2026-04-15T11:05:15","modified_gmt":"2026-04-15T14:05:15","slug":"vamos-hablar-un-poco","status":"publish","type":"post","link":"https:\/\/universofamilia.com\/hu\/vamos-hablar-un-poco\/","title":{"rendered":"Besz\u00e9lj\u00fcnk egy kicsit"},"content":{"rendered":"<p>Tal\u00e1ld meg a sz\u00e1modra legmegfelel\u0151bb kapcsolatot.<\/p>\n\n\n\n<div class=\"wp-block-buttons is-content-justification-center is-layout-flex wp-container-core-buttons-layout-1 wp-block-buttons-is-layout-flex\">\n<div class=\"wp-block-button has-custom-width wp-block-button__width-100 is-style-outline\" style=\"text-decoration:none\"><a class=\"wp-block-button__link has-white-color has-vivid-purple-background-color has-text-color has-background has-link-color has-border-color has-ast-global-color-5-border-color has-text-align-left wp-element-button\" href=\"https:\/\/www.messenger.com\/login.php?next=https%3A%2F%2Fwww.messenger.com%2Ft%2F110263563681990%2F%3Fref%3Dw30174560--utm_campaign%253D%257B%257Badset.id%257D%257D%26messaging_source%3Dsource%253Apages%253Amessage_shortlink%26source_id%3D1441792%26recurring_notification%3D0\" style=\"border-radius:6px\">Besz\u00e9lget\u00e9s ind\u00edt\u00e1sa \u27a1\ufe0f<\/a><\/div>\n<\/div>\n\n\n\n<p class=\"has-text-align-right\"><em><strong>\u00c1tir\u00e1ny\u00edtunk egy m\u00e1sik webhelyre<\/strong><\/em><\/p>\n\n\n\n<hr class=\"wp-block-separator alignfull has-text-color has-alpha-channel-opacity has-background is-style-wide\" style=\"background-color:#006196;color:#006196\" \/>\n\n\n\n<p><\/p>\n\n\n\n<p>Egy kapcsolat lez\u00e1r\u00e1sa sosem k\u00f6nny\u0171, ugye? \u00dagy t\u0171nik, mintha a vil\u00e1g elvesz\u00edten\u00e9 sz\u00edn\u00e9t, \u00e9s az \u00fcress\u00e9g nyomaszt\u00f3 lehet.<\/p>\n\n\n\n<p>De ne agg\u00f3dj, nem vagy egyed\u00fcl ebben. A bar\u00e1tokkal val\u00f3 besz\u00e9lget\u00e9s vagy ak\u00e1r szakmai seg\u00edts\u00e9g k\u00e9r\u00e9se nagyszer\u0171 kezdet lehet az \u00e9rz\u00e9seid rendszerez\u00e9s\u00e9hez.<\/p>\n\n\n\n<p>\u00c9s tudod, mi seg\u00edt m\u00e9g? Nyitottnak lenni az \u00faj kapcsolatokra.<\/p>\n\n\n\n<p>Tal\u00e1n ez a szakasz valami sokkal jobbnak a kezdete.<\/p>\n\n\n\n<p><\/p>\n\n\n\n<div class=\"wp-block-group is-layout-constrained wp-block-group-is-layout-constrained\"><div class=\"wp-block-group__inner-container\">\n<h3 class=\"wp-block-heading has-text-align-center\">Milyen koroszt\u00e1lyt keresel?<\/h3>\n\n\n\n<div class=\"wp-block-buttons is-content-justification-center is-layout-flex wp-container-core-buttons-layout-2 wp-block-buttons-is-layout-flex\">\n<div class=\"wp-block-button has-custom-width wp-block-button__width-100 is-style-outline\" style=\"text-decoration:none\"><a class=\"wp-block-button__link has-white-color has-vivid-cyan-blue-background-color has-text-color has-background has-link-color has-text-align-left wp-element-button\" href=\"https:\/\/universofamilia.com\/hu\/7469\/conoce-quien-cruzo-tu-camino\/\" style=\"border-radius:6px\"><strong><strong>35 \u00e9s 50 \u00e9v k\u00f6z\u00f6tti<\/strong> \u27a1\ufe0f<\/strong><\/a><\/div>\n<\/div>\n\n\n\n<div class=\"wp-block-buttons is-content-justification-center is-layout-flex wp-container-core-buttons-layout-3 wp-block-buttons-is-layout-flex\">\n<div class=\"wp-block-button has-custom-width wp-block-button__width-100 is-style-outline\" style=\"text-decoration:none\"><a class=\"wp-block-button__link has-white-color has-vivid-cyan-blue-background-color has-text-color has-background has-link-color has-text-align-left wp-element-button\" href=\"https:\/\/universofamilia.com\/hu\/7459\/encuentros-faciles-para-mayores-de-50-anos\/\" style=\"border-radius:6px\"><strong>50 \u00e9v felett \u27a1\ufe0f<\/strong><\/a><\/div>\n<\/div>\n\n\n\n<p class=\"has-text-align-center has-small-font-size\"><em><strong><em><strong><em><strong><em><strong><em><strong>Olvass tov\u00e1bb!<\/strong><\/em><\/strong><\/em><\/strong><\/em><\/strong><\/em><\/strong><\/em><\/p>\n\n\n\n<hr class=\"wp-block-separator has-text-color has-luminous-vivid-orange-color has-alpha-channel-opacity has-luminous-vivid-orange-background-color has-background is-style-wide\" \/>\n<\/div><\/div>\n\n\n\n<h3 class=\"wp-block-heading\">Annak fontoss\u00e1ga, hogy tal\u00e1ljunk valakit, akivel besz\u00e9lgethet\u00fcnk<\/h3>\n\n\n\n<p>H\u00e1nyszor \u00e9rezt\u00e9l m\u00e1r megk\u00f6nnyebb\u00fcl\u00e9st, miut\u00e1n elengedted magad? Ha valaki \u00edt\u00e9lkez\u00e9s n\u00e9lk\u00fcl meghallgat, az olyan, mint egy \u00f6lel\u00e9s a l\u00e9leknek.<\/p>\n\n\n\n<p>Nem mindig kell egy k\u00f6zeli bar\u00e1tnak lennie; m\u00e9g a t\u00e1rskeres\u0151 alkalmaz\u00e1sokon folytatott laza besz\u00e9lget\u00e9sek is vigaszt ny\u00fajthatnak \u00e9s \u00faj lehet\u0151s\u00e9gek kapuit nyithatnak meg.<\/p>\n\n\n\n<p>Ne becs\u00fcld al\u00e1 egy j\u00f3 besz\u00e9lget\u00e9s erej\u00e9t.<\/p>\n\n\n\n<h3 class=\"wp-block-heading\">A technol\u00f3gia \u00f6sszehozza az embereket<\/h3>\n\n\n\n<p>Manaps\u00e1g a technol\u00f3gia \u00f3ri\u00e1si szerepet j\u00e1tszik abban, ahogyan interakci\u00f3ba l\u00e9p\u00fcnk.<\/p>\n\n\n\n<p>Eml\u00e9kszel, amikor valakivel val\u00f3 tal\u00e1lkoz\u00e1s azt jelentette, hogy elhagytad a h\u00e1zat, elment\u00e9l egy b\u00e1rba vagy egy rendezv\u00e9nyre?<\/p>\n\n\n\n<p>Mostant\u00f3l egyetlen kattint\u00e1ssal olyan embereket tal\u00e1lhatsz, akikkel k\u00f6z\u00f6sek az \u00e9rdekl\u0151d\u00e9seid \u00e9s az \u00e9rt\u00e9keid. Szinte var\u00e1zslatos, nem igaz?<\/p>\n\n\n\n<h3 class=\"wp-block-heading\">\u00daj szerelem keres\u00e9se: Az \u00fajj\u00e1sz\u00fclet\u00e9s lehets\u00e9ges<\/h3>\n\n\n\n<p>Semmi sem meleg\u00edti meg jobban a sz\u00edvet, mint egy \u00faj szerelem lehet\u0151s\u00e9ge. Lehet, hogy k\u00f6zhelyesen hangzik, de az \u00fajrakezd\u00e9s lehet\u0151s\u00e9get ad magadnak arra, hogy \u00fajra boldog legy\u00e9l.<\/p>\n\n\n\n<p>A t\u00e1rskeres\u0151 alkalmaz\u00e1sok az\u00e9rt vannak, hogy bebizony\u00edts\u00e1k, a szerelem nem ismer id\u0151t \u00e9s helyet. K\u00fcl\u00f6nb\u00f6z\u0151 helyekr\u0151l, kult\u00far\u00e1kb\u00f3l \u00e9s \u00e9lett\u00f6rt\u00e9netekb\u0151l sz\u00e1rmaz\u00f3 embereket k\u00f6tnek \u00f6ssze.<\/p>\n\n\n\n<p>Tal\u00e1n a k\u00f6vetkez\u0151 kattint\u00e1s valami csod\u00e1latos dolog kezdet\u00e9t jelenti.<\/p>\n\n\n\n<h3 class=\"wp-block-heading\">Hogyan hozzunk l\u00e9tre vonz\u00f3 profilt egy t\u00e1rskeres\u0151 alkalmaz\u00e1sban<\/h3>\n\n\n\n<p>Ismered a mond\u00e1st: \u201eAz els\u0151 benyom\u00e1s sz\u00e1m\u00edt\u201d? Randialkalmaz\u00e1sokban ez m\u00e9g ink\u00e1bb igaz.<\/p>\n\n\n\n<p>Ellen\u00e1llhatatlan profil l\u00e9trehoz\u00e1s\u00e1hoz:<\/p>\n\n\n\n<ul class=\"wp-block-list\">\n<li>V\u00e1lassz tiszta, mosolyg\u00f3s fot\u00f3kat. A hiteless\u00e9g gy\u0151z.<\/li>\n\n\n\n<li>\u00cdrj egy \u00f6n\u00e9letrajzot, ami t\u00fckr\u00f6zi, hogy ki vagy val\u00f3j\u00e1ban. Szeretsz utazni? Filmezni? \u00cdrd bele!<\/li>\n\n\n\n<li>L\u00e9gy pozit\u00edv. Egy pozit\u00edv energi\u00e1val teli profil vonzza az azonos hangulat\u00fa embereket.<\/li>\n<\/ul>\n\n\n\n<p>B\u00f3nusz tipp: Ker\u00fcld a t\u00falz\u00e1st. A l\u00e9nyeg az, hogy megmutasd, ki vagy, an\u00e9lk\u00fcl, hogy irre\u00e1lis elv\u00e1r\u00e1sokat t\u00e1masztan\u00e1l.<\/p>\n\n\n\n<h3 class=\"wp-block-heading\">Hogyan kezdj\u00fcnk besz\u00e9lget\u00e9st egy t\u00e1rskeres\u0151 alkalmaz\u00e1sban<\/h3>\n\n\n\n<p>\u00d3, a klasszikus \u201eSzia, hogy vagy?\u201d. Lehet, hogy m\u0171k\u00f6dik, de mi\u00e9rt ne lehetn\u00e9nk kreat\u00edvabbak?<\/p>\n\n\n\n<p>Kezdj valamivel, ami val\u00f3di \u00e9rdekl\u0151d\u00e9st mutat a m\u00e1sik szem\u00e9ly profilja ir\u00e1nt:<\/p>\n\n\n\n<ul class=\"wp-block-list\">\n<li>\u201eL\u00e1ttam, hogy szeretsz f\u0151zni. Melyik \u00e9telt k\u00e9sz\u00edted a legjobban?\u201d<\/li>\n\n\n\n<li>\u201eA profilodban eml\u00edted, hogy szeretsz utazni. Melyik volt a legfelejthetetlenebb \u00fati c\u00e9lod?\u201d<\/li>\n<\/ul>\n\n\n\n<p>A nyitott k\u00e9rd\u00e9sek feltev\u00e9se r\u00e9szletesebb v\u00e1laszokat eredm\u00e9nyez, \u00e9s gyorsabb kapcsolatot teremt.<\/p>\n\n\n\n<h3 class=\"wp-block-heading\">Lehets\u00e9ges szerelmet tal\u00e1lni egy t\u00e1rskeres\u0151 alkalmaz\u00e1son kereszt\u00fcl?<\/h3>\n\n\n\n<p>A v\u00e1lasz egy hat\u00e1rozott igen! Sok boldog p\u00e1r kezdte t\u00f6rt\u00e9net\u00e9t alkalmaz\u00e1sokon kereszt\u00fcl.<\/p>\n\n\n\n<p>B\u00e1r vannak kih\u00edv\u00e1sok (mint minden kapcsolatban), a platformok eszk\u00f6z\u00f6ket k\u00edn\u00e1lnak a kompatibilis emberek megtal\u00e1l\u00e1s\u00e1hoz \u00e9s valami \u00e9rtelmes dolog fel\u00e9p\u00edt\u00e9s\u00e9hez.<\/p>\n\n\n\n<p>A titok az, hogy nyitottnak kell lenn\u00fcnk a lehet\u0151s\u00e9gekre, \u00e9s persze \u0151szint\u00e9nek kell lenn\u00fcnk azzal kapcsolatban, hogy mit keres\u00fcnk.<\/p>\n\n\n\n<h3 class=\"wp-block-heading\">Hogyan t\u00f6lts\u00fcnk le randialkalmaz\u00e1sokat<\/h3>\n\n\n\n<p>Ha m\u00e9g soha nem haszn\u00e1lt\u00e1l t\u00e1rskeres\u0151 alkalmaz\u00e1st, ne agg\u00f3dj!<\/p>\n\n\n\n<p>Egyszer\u0171bb, mint amilyennek l\u00e1tszik:<\/p>\n\n\n\n<ol class=\"wp-block-list\">\n<li>L\u00e1togass el az okostelefonod alkalmaz\u00e1sboltj\u00e1ba (App Store vagy Google Play).<\/li>\n\n\n\n<li>Keresd meg a let\u00f6lteni k\u00edv\u00e1nt alkalmaz\u00e1s nev\u00e9t.<\/li>\n\n\n\n<li>Kattintson a \u201eTelep\u00edt\u00e9s\u201d gombra, \u00e9s v\u00e1rja meg, am\u00edg a let\u00f6lt\u00e9s befejez\u0151dik.<\/li>\n\n\n\n<li>A telep\u00edt\u00e9s ut\u00e1n hozd l\u00e9tre a fi\u00f3kodat, \u00e9s kezdj el felfedezni.<\/li>\n<\/ol>\n\n\n\n<h3 class=\"wp-block-heading\">Randialkalmaz\u00e1sok felfedez\u00e9se<\/h3>\n\n\n\n<h3 class=\"wp-block-heading\"><strong>Bels\u0151 k\u00f6r \u2013 Tal\u00e1lkoz\u00e1sok<\/strong><\/h3>\n\n\n\n<p><br>Az Inner Circle ide\u00e1lis azok sz\u00e1m\u00e1ra, akik min\u0151s\u00e9gi kapcsolatokat keresnek, \u00e9s arr\u00f3l ismert, hogy hasonl\u00f3 \u00e9rdekl\u0151d\u00e9s\u0171 \u00e9s c\u00e9l\u00fa embereket hoz \u00f6ssze.<\/p>\n\n\n\n<p>T\u00f6k\u00e9letes azok sz\u00e1m\u00e1ra, akik valami komolyabbra \u00e9s jelent\u0151s\u00e9gteljesebbre v\u00e1gynak. A v\u00e9lem\u00e9nyek kiemelik a k\u00f6nny\u0171 haszn\u00e1lhat\u00f3s\u00e1g\u00e1t \u00e9s a biztons\u00e1g\u00e1t.<\/p>\n\n\n\n<h3 class=\"wp-block-heading\"><strong>Tapl\u00f3<\/strong><\/h3>\n\n\n\n<p><br>A vil\u00e1g legn\u00e9pszer\u0171bb t\u00e1rskeres\u0151 alkalmaz\u00e1sa, a Tinder minden \u00edzl\u00e9snek k\u00edn\u00e1l lehet\u0151s\u00e9geket. Valami laza vagy komoly kapcsolatra v\u00e1gysz?<\/p>\n\n\n\n<p>Mindkett\u0151t megtal\u00e1lod itt. A h\u00faz\u00f3mechanizmus intuit\u00edv \u00e9s addikt\u00edv, \u00edgy az \u00e9lm\u00e9ny egyszerre k\u00f6nny\u0171 \u00e9s sz\u00f3rakoztat\u00f3.<\/p>\n\n\n\n<h3 class=\"wp-block-heading\"><strong>Happn<\/strong><\/h3>\n\n\n\n<p><br>Elgondolkodt\u00e1l m\u00e1r azon, hogy kikkel tal\u00e1lkozol nap mint nap? A Happn olyan emberekkel k\u00f6t \u00f6ssze, akik valaha k\u00f6zel \u00e1lltak hozz\u00e1d.<\/p>\n\n\n\n<p>Ez egy egyed\u00fcl\u00e1ll\u00f3 m\u00f3dja annak, hogy a k\u00f6tetlen tal\u00e1lkoz\u00e1sokat val\u00f3di kapcsol\u00f3d\u00e1si lehet\u0151s\u00e9gekk\u00e9 alak\u00edtsuk.<\/p>\n\n\n<div class=\"wp-block-image\">\n<figure class=\"aligncenter size-full\"><img loading=\"lazy\" decoding=\"async\" width=\"550\" height=\"350\" src=\"http:\/\/universofamilia.com\/wp-content\/uploads\/sites\/148\/2024\/11\/DESTAQUE-UNIVERSO-550-x-350-8-2.jpg\" alt=\"\" class=\"wp-image-7572\" srcset=\"https:\/\/universofamilia.com\/wp-content\/uploads\/sites\/148\/2024\/11\/DESTAQUE-UNIVERSO-550-x-350-8-2.jpg 550w, https:\/\/universofamilia.com\/wp-content\/uploads\/sites\/148\/2024\/11\/DESTAQUE-UNIVERSO-550-x-350-8-2-300x191.jpg 300w\" sizes=\"(max-width: 550px) 100vw, 550px\" \/><figcaption class=\"wp-element-caption\">Besz\u00e9lj\u00fcnk egy kicsit<\/figcaption><\/figure><\/div>\n\n\n<h3 class=\"wp-block-heading\">Melyek a legjobb randialkalmaz\u00e1sok?<\/h3>\n\n\n\n<p>Att\u00f3l f\u00fcgg, mit keresel! Ha valami ig\u00e9nyesebbet szeretn\u00e9l, az Inner Circle lehet a v\u00e1laszt\u00e1sod.<\/p>\n\n\n\n<p>Ha v\u00e1ltozatos lehet\u0151s\u00e9gekre v\u00e1gysz, a Tinder sosem okoz csal\u00f3d\u00e1st. Ha pedig hiszel a v\u00e9letlen erej\u00e9ben, a Happn ide\u00e1lis v\u00e1laszt\u00e1s. Pr\u00f3b\u00e1ld ki, \u00e9s tal\u00e1ld meg a hozz\u00e1d legink\u00e1bb ill\u0151t.<\/p>\n\n\n\n<h3 class=\"wp-block-heading\">Mit mondanak a felhaszn\u00e1l\u00f3k<\/h3>\n\n\n\n<p>\u00cdme, mit gondolnak egyesek ezekr\u0151l az alkalmaz\u00e1sokr\u00f3l:<\/p>\n\n\n\n<ul class=\"wp-block-list\">\n<li><strong>Bels\u0151 k\u00f6r:<\/strong> \u201eIm\u00e1dtam a kifinomultabb l\u00e9gk\u00f6rt. \u00dagy t\u0171nik, itt mindenki igaz\u00e1n valami komolyat keres.\u201d \u2013 Mar\u00eda S.<\/li>\n\n\n\n<li><strong>Tapl\u00f3:<\/strong> \u201eSz\u00f3rakoztat\u00f3 \u00e9s k\u00f6nnyen haszn\u00e1lhat\u00f3. Csod\u00e1latos emberekkel tal\u00e1lkoztam itt.\u201d \u2013 Juan P.<\/li>\n\n\n\n<li><strong>Happn:<\/strong> \u201eRendk\u00edv\u00fcl \u00e9rdekesnek tal\u00e1ltam, hogy m\u00e1r tal\u00e1lkoztam azzal a szem\u00e9llyel, miel\u0151tt besz\u00e9ltem volna vele.\u201d \u2013 Ana L.<\/li>\n<\/ul>\n\n\n\n<h3 class=\"wp-block-heading\">Konkl\u00fazi\u00f3: Egy \u00faj fejezet csak egy kattint\u00e1snyira van<\/h3>\n\n\n\n<p>Sz\u00f3val, mit sz\u00f3ln\u00e1l egy \u00faj pr\u00f3b\u00e1lkoz\u00e1shoz? Az \u00e9let tele van lehet\u0151s\u00e9gekkel, \u00e9s a t\u00e1rskeres\u0151 alkalmaz\u00e1sok itt vannak, hogy megk\u00f6nny\u00edts\u00e9k ezeket a kapcsolatokat.<\/p>\n\n\n\n<p>Ak\u00e1r egy k\u00f6tetlen besz\u00e9lget\u00e9sr\u0151l, ak\u00e1r egy k\u00f6tetlen tal\u00e1lkoz\u00e1sr\u00f3l, vagy ak\u00e1r egy igaz szerelemr\u0151l van sz\u00f3, a l\u00e9nyeg, hogy nyitott legy\u00e9l \u00e9s megtedd az els\u0151 l\u00e9p\u00e9st.<\/p>\n\n\n\n<h4 class=\"wp-block-heading\">K\u00e9szen \u00e1llsz, hogy elkezdhesd? T\u00f6ltsd le az alkalmaz\u00e1sokat, \u00e9s fedezd fel:<\/h4>\n\n\n\n<ul class=\"wp-block-list\">\n<li><a href=\"https:\/\/www.happn.com\/\"><strong>Happn<\/strong>Hely<\/a><\/li>\n\n\n\n<li><a href=\"https:\/\/www.theinnercircle.co\/pt\"><strong>Bels\u0151 K\u00f6r \u2013 Id\u00e9zetek:<\/strong> Hely<\/a><\/li>\n\n\n\n<li><a href=\"https:\/\/www.tinder.com\/\"><strong>Tapl\u00f3<\/strong>Hely<\/a><\/li>\n<\/ul>\n\n\n\n<p>Most rajtad a sor. Mit sz\u00f3ln\u00e1l, ha megosztan\u00e1d ezt a cikket azzal a bar\u00e1toddal, akinek sz\u00fcks\u00e9ge van egy kis l\u00f6k\u00e9sre, hogy megtegye az els\u0151 l\u00e9p\u00e9st? Mindannyian meg\u00e9rdeml\u00fcnk egy boldog befejez\u00e9st! \ud83d\udc9b<\/p>\n\n\n\n<p><\/p>","protected":false},"excerpt":{"rendered":"<p>Encuentra tu mejor conexi\u00f3n. Ser\u00e1s redirigido a otro sitio Terminar una relaci\u00f3n nunca es f\u00e1cil, \u00bfverdad? Parece que el mundo pierde un poco de color y el vac\u00edo puede ser abrumador. Pero tranquilo, no est\u00e1s solo en esto. Hablar con amigos o incluso buscar ayuda profesional puede ser un gran comienzo para organizar tus sentimientos. [&hellip;]<\/p>","protected":false},"author":279,"featured_media":7572,"comment_status":"closed","ping_status":"open","sticky":false,"template":"","format":"standard","meta":{"footnotes":""},"categories":[5],"tags":[178,659,809,1097,1414],"yoast_head":"<!-- This site is optimized with the Yoast SEO plugin v23.3 - https:\/\/yoast.com\/wordpress\/plugins\/seo\/ -->\n<title>Vamos Hablar un Poco - Universo Fam\u00edlia<\/title>\n<meta name=\"description\" content=\"Vamos Hablar un Poco. Terminar una relaci\u00f3n nunca es f\u00e1cil, \u00bfverdad? Parece que el mundo pierde un poco de color y el vac\u00edo puede ser abrumador.\" \/>\n<meta name=\"robots\" content=\"index, follow, max-snippet:-1, max-image-preview:large, max-video-preview:-1\" \/>\n<link rel=\"canonical\" href=\"https:\/\/universofamilia.com\/hu\/vamos-hablar-un-poco\/\" \/>\n<meta property=\"og:locale\" content=\"hu_HU\" \/>\n<meta property=\"og:type\" content=\"article\" \/>\n<meta property=\"og:title\" content=\"Vamos Hablar un Poco - Universo Fam\u00edlia\" \/>\n<meta property=\"og:description\" content=\"Vamos Hablar un Poco. Terminar una relaci\u00f3n nunca es f\u00e1cil, \u00bfverdad? Parece que el mundo pierde un poco de color y el vac\u00edo puede ser abrumador.\" \/>\n<meta property=\"og:url\" content=\"https:\/\/universofamilia.com\/hu\/vamos-hablar-un-poco\/\" \/>\n<meta property=\"og:site_name\" content=\"Universo Fam\u00edlia\" \/>\n<meta property=\"article:published_time\" content=\"2024-11-28T21:41:04+00:00\" \/>\n<meta property=\"article:modified_time\" content=\"2026-04-15T14:05:15+00:00\" \/>\n<meta property=\"og:image\" content=\"https:\/\/universofamilia.com\/wp-content\/uploads\/sites\/148\/2024\/11\/DESTAQUE-UNIVERSO-550-x-350-8-2.jpg\" \/>\n\t<meta property=\"og:image:width\" content=\"550\" \/>\n\t<meta property=\"og:image:height\" content=\"350\" \/>\n\t<meta property=\"og:image:type\" content=\"image\/jpeg\" \/>\n<meta name=\"author\" content=\"Alan Marques\" \/>\n<meta name=\"twitter:card\" content=\"summary_large_image\" \/>\n<meta name=\"twitter:label1\" content=\"Written by\" \/>\n\t<meta name=\"twitter:data1\" content=\"Alan Marques\" \/>\n\t<meta name=\"twitter:label2\" content=\"Est. reading time\" \/>\n\t<meta name=\"twitter:data2\" content=\"6 perc\" \/>\n<script type=\"application\/ld+json\" class=\"yoast-schema-graph\">{\"@context\":\"https:\/\/schema.org\",\"@graph\":[{\"@type\":\"WebPage\",\"@id\":\"https:\/\/universofamilia.com\/vamos-hablar-un-poco\/\",\"url\":\"https:\/\/universofamilia.com\/vamos-hablar-un-poco\/\",\"name\":\"Vamos Hablar un Poco - Universo Fam\u00edlia\",\"isPartOf\":{\"@id\":\"https:\/\/universofamilia.com\/el\/#website\"},\"primaryImageOfPage\":{\"@id\":\"https:\/\/universofamilia.com\/vamos-hablar-un-poco\/#primaryimage\"},\"image\":{\"@id\":\"https:\/\/universofamilia.com\/vamos-hablar-un-poco\/#primaryimage\"},\"thumbnailUrl\":\"https:\/\/universofamilia.com\/wp-content\/uploads\/sites\/148\/2024\/11\/DESTAQUE-UNIVERSO-550-x-350-8-2.jpg\",\"datePublished\":\"2024-11-28T21:41:04+00:00\",\"dateModified\":\"2026-04-15T14:05:15+00:00\",\"author\":{\"@id\":\"https:\/\/universofamilia.com\/el\/#\/schema\/person\/98c0b62d798d75492d880cc749826dbd\"},\"description\":\"Vamos Hablar un Poco. Terminar una relaci\u00f3n nunca es f\u00e1cil, \u00bfverdad? Parece que el mundo pierde un poco de color y el vac\u00edo puede ser abrumador.\",\"breadcrumb\":{\"@id\":\"https:\/\/universofamilia.com\/vamos-hablar-un-poco\/#breadcrumb\"},\"inLanguage\":\"hu\",\"potentialAction\":[{\"@type\":\"ReadAction\",\"target\":[\"https:\/\/universofamilia.com\/vamos-hablar-un-poco\/\"]}]},{\"@type\":\"ImageObject\",\"inLanguage\":\"hu\",\"@id\":\"https:\/\/universofamilia.com\/vamos-hablar-un-poco\/#primaryimage\",\"url\":\"https:\/\/universofamilia.com\/wp-content\/uploads\/sites\/148\/2024\/11\/DESTAQUE-UNIVERSO-550-x-350-8-2.jpg\",\"contentUrl\":\"https:\/\/universofamilia.com\/wp-content\/uploads\/sites\/148\/2024\/11\/DESTAQUE-UNIVERSO-550-x-350-8-2.jpg\",\"width\":550,\"height\":350,\"caption\":\"Vamos Hablar un Poco\"},{\"@type\":\"BreadcrumbList\",\"@id\":\"https:\/\/universofamilia.com\/vamos-hablar-un-poco\/#breadcrumb\",\"itemListElement\":[{\"@type\":\"ListItem\",\"position\":1,\"name\":\"Home\",\"item\":\"https:\/\/universofamilia.com\/el\/\"},{\"@type\":\"ListItem\",\"position\":2,\"name\":\"Vamos Hablar un Poco\"}]},{\"@type\":\"WebSite\",\"@id\":\"https:\/\/universofamilia.com\/el\/#website\",\"url\":\"https:\/\/universofamilia.com\/el\/\",\"name\":\"Universo Fam\u00edlia\",\"description\":\"\",\"potentialAction\":[{\"@type\":\"SearchAction\",\"target\":{\"@type\":\"EntryPoint\",\"urlTemplate\":\"https:\/\/universofamilia.com\/el\/?s={search_term_string}\"},\"query-input\":\"required name=search_term_string\"}],\"inLanguage\":\"hu\"},{\"@type\":\"Person\",\"@id\":\"https:\/\/universofamilia.com\/el\/#\/schema\/person\/98c0b62d798d75492d880cc749826dbd\",\"name\":\"Alan Marques\",\"image\":{\"@type\":\"ImageObject\",\"inLanguage\":\"hu\",\"@id\":\"https:\/\/universofamilia.com\/el\/#\/schema\/person\/image\/\",\"url\":\"https:\/\/secure.gravatar.com\/avatar\/810ee2cbaa9b3b3586ce594810a0357d?s=96&d=mm&r=g\",\"contentUrl\":\"https:\/\/secure.gravatar.com\/avatar\/810ee2cbaa9b3b3586ce594810a0357d?s=96&d=mm&r=g\",\"caption\":\"Alan Marques\"},\"url\":\"https:\/\/universofamilia.com\/hu\/author\/alanmarques\/\"}]}<\/script>\n<!-- \/ Yoast SEO plugin. -->","yoast_head_json":{"title":"Vamos Hablar un Poco - Universo Fam\u00edlia","description":"Vamos Hablar un Poco. Terminar una relaci\u00f3n nunca es f\u00e1cil, \u00bfverdad? Parece que el mundo pierde un poco de color y el vac\u00edo puede ser abrumador.","robots":{"index":"index","follow":"follow","max-snippet":"max-snippet:-1","max-image-preview":"max-image-preview:large","max-video-preview":"max-video-preview:-1"},"canonical":"https:\/\/universofamilia.com\/hu\/vamos-hablar-un-poco\/","og_locale":"hu_HU","og_type":"article","og_title":"Vamos Hablar un Poco - Universo Fam\u00edlia","og_description":"Vamos Hablar un Poco. Terminar una relaci\u00f3n nunca es f\u00e1cil, \u00bfverdad? Parece que el mundo pierde un poco de color y el vac\u00edo puede ser abrumador.","og_url":"https:\/\/universofamilia.com\/hu\/vamos-hablar-un-poco\/","og_site_name":"Universo Fam\u00edlia","article_published_time":"2024-11-28T21:41:04+00:00","article_modified_time":"2026-04-15T14:05:15+00:00","og_image":[{"width":550,"height":350,"url":"https:\/\/universofamilia.com\/wp-content\/uploads\/sites\/148\/2024\/11\/DESTAQUE-UNIVERSO-550-x-350-8-2.jpg","type":"image\/jpeg"}],"author":"Alan Marques","twitter_card":"summary_large_image","twitter_misc":{"Written by":"Alan Marques","Est. reading time":"6 perc"},"schema":{"@context":"https:\/\/schema.org","@graph":[{"@type":"WebPage","@id":"https:\/\/universofamilia.com\/vamos-hablar-un-poco\/","url":"https:\/\/universofamilia.com\/vamos-hablar-un-poco\/","name":"Vamos Hablar un Poco - Universo Fam\u00edlia","isPartOf":{"@id":"https:\/\/universofamilia.com\/el\/#website"},"primaryImageOfPage":{"@id":"https:\/\/universofamilia.com\/vamos-hablar-un-poco\/#primaryimage"},"image":{"@id":"https:\/\/universofamilia.com\/vamos-hablar-un-poco\/#primaryimage"},"thumbnailUrl":"https:\/\/universofamilia.com\/wp-content\/uploads\/sites\/148\/2024\/11\/DESTAQUE-UNIVERSO-550-x-350-8-2.jpg","datePublished":"2024-11-28T21:41:04+00:00","dateModified":"2026-04-15T14:05:15+00:00","author":{"@id":"https:\/\/universofamilia.com\/el\/#\/schema\/person\/98c0b62d798d75492d880cc749826dbd"},"description":"Vamos Hablar un Poco. Terminar una relaci\u00f3n nunca es f\u00e1cil, \u00bfverdad? Parece que el mundo pierde un poco de color y el vac\u00edo puede ser abrumador.","breadcrumb":{"@id":"https:\/\/universofamilia.com\/vamos-hablar-un-poco\/#breadcrumb"},"inLanguage":"hu","potentialAction":[{"@type":"ReadAction","target":["https:\/\/universofamilia.com\/vamos-hablar-un-poco\/"]}]},{"@type":"ImageObject","inLanguage":"hu","@id":"https:\/\/universofamilia.com\/vamos-hablar-un-poco\/#primaryimage","url":"https:\/\/universofamilia.com\/wp-content\/uploads\/sites\/148\/2024\/11\/DESTAQUE-UNIVERSO-550-x-350-8-2.jpg","contentUrl":"https:\/\/universofamilia.com\/wp-content\/uploads\/sites\/148\/2024\/11\/DESTAQUE-UNIVERSO-550-x-350-8-2.jpg","width":550,"height":350,"caption":"Vamos Hablar un Poco"},{"@type":"BreadcrumbList","@id":"https:\/\/universofamilia.com\/vamos-hablar-un-poco\/#breadcrumb","itemListElement":[{"@type":"ListItem","position":1,"name":"Home","item":"https:\/\/universofamilia.com\/el\/"},{"@type":"ListItem","position":2,"name":"Vamos Hablar un Poco"}]},{"@type":"WebSite","@id":"https:\/\/universofamilia.com\/el\/#website","url":"https:\/\/universofamilia.com\/el\/","name":"Universo Fam\u00edlia","description":"","potentialAction":[{"@type":"SearchAction","target":{"@type":"EntryPoint","urlTemplate":"https:\/\/universofamilia.com\/el\/?s={search_term_string}"},"query-input":"required name=search_term_string"}],"inLanguage":"hu"},{"@type":"Person","@id":"https:\/\/universofamilia.com\/el\/#\/schema\/person\/98c0b62d798d75492d880cc749826dbd","name":"Alan Marques","image":{"@type":"ImageObject","inLanguage":"hu","@id":"https:\/\/universofamilia.com\/el\/#\/schema\/person\/image\/","url":"https:\/\/secure.gravatar.com\/avatar\/810ee2cbaa9b3b3586ce594810a0357d?s=96&d=mm&r=g","contentUrl":"https:\/\/secure.gravatar.com\/avatar\/810ee2cbaa9b3b3586ce594810a0357d?s=96&d=mm&r=g","caption":"Alan Marques"},"url":"https:\/\/universofamilia.com\/hu\/author\/alanmarques\/"}]}},"_links":{"self":[{"href":"https:\/\/universofamilia.com\/hu\/wp-json\/wp\/v2\/posts\/7569"}],"collection":[{"href":"https:\/\/universofamilia.com\/hu\/wp-json\/wp\/v2\/posts"}],"about":[{"href":"https:\/\/universofamilia.com\/hu\/wp-json\/wp\/v2\/types\/post"}],"author":[{"embeddable":true,"href":"https:\/\/universofamilia.com\/hu\/wp-json\/wp\/v2\/users\/279"}],"replies":[{"embeddable":true,"href":"https:\/\/universofamilia.com\/hu\/wp-json\/wp\/v2\/comments?post=7569"}],"version-history":[{"count":1,"href":"https:\/\/universofamilia.com\/hu\/wp-json\/wp\/v2\/posts\/7569\/revisions"}],"predecessor-version":[{"id":10748,"href":"https:\/\/universofamilia.com\/hu\/wp-json\/wp\/v2\/posts\/7569\/revisions\/10748"}],"wp:featuredmedia":[{"embeddable":true,"href":"https:\/\/universofamilia.com\/hu\/wp-json\/wp\/v2\/media\/7572"}],"wp:attachment":[{"href":"https:\/\/universofamilia.com\/hu\/wp-json\/wp\/v2\/media?parent=7569"}],"wp:term":[{"taxonomy":"category","embeddable":true,"href":"https:\/\/universofamilia.com\/hu\/wp-json\/wp\/v2\/categories?post=7569"},{"taxonomy":"post_tag","embeddable":true,"href":"https:\/\/universofamilia.com\/hu\/wp-json\/wp\/v2\/tags?post=7569"}],"curies":[{"name":"wp","href":"https:\/\/api.w.org\/{rel}","templated":true}]}}