{"id":7584,"date":"2024-11-30T17:08:08","date_gmt":"2024-11-30T20:08:08","guid":{"rendered":"https:\/\/universofamilia.com\/?p=7584"},"modified":"2025-11-20T23:13:03","modified_gmt":"2025-11-21T02:13:03","slug":"controla-whats-facilmente","status":"publish","type":"post","link":"https:\/\/universofamilia.com\/hu\/controla-whats-facilmente\/","title":{"rendered":"K\u00f6nnyen ir\u00e1ny\u00edthatod a WhatsAppot"},"content":{"rendered":"<p>V\u00e9dd meg gyermekeidet online.<\/p>\n\n\n\n<div class=\"wp-block-group alignfull is-layout-constrained wp-block-group-is-layout-constrained\"><div class=\"wp-block-group__inner-container\">\n<div class=\"wp-block-buttons is-content-justification-center is-layout-flex wp-container-core-buttons-layout-1 wp-block-buttons-is-layout-flex\">\n<div class=\"wp-block-button has-custom-width wp-block-button__width-100 is-style-outline\" style=\"text-decoration:none\"><a class=\"wp-block-button__link has-white-color has-vivid-purple-background-color has-text-color has-background has-link-color has-border-color has-ast-global-color-5-border-color has-text-align-left wp-element-button\" href=\"https:\/\/families.google\/intl\/pt-BR\/familylink\/\" style=\"border-radius:6px\">Tudj meg t\u00f6bbet itt \u27a1\ufe0f<\/a><\/div>\n<\/div>\n\n\n\n<p class=\"has-text-align-right has-small-font-size\"><em><strong>\u00c1tir\u00e1ny\u00edtunk egy m\u00e1sik webhelyre<\/strong><\/em><\/p>\n\n\n\n<hr class=\"wp-block-separator alignfull has-text-color has-alpha-channel-opacity has-background is-style-wide\" style=\"background-color:#006196;color:#006196\" \/>\n<\/div><\/div>\n\n\n\n<p>Ha sz\u00fcl\u0151k\u00e9nt agg\u00f3dsz amiatt, hogy mir\u0151l besz\u00e9lgetnek a gyermekeid a WhatsAppon, nem vagy egyed\u00fcl.<\/p>\n\n\n\n<p>Egy hiper-\u00f6sszekapcsolt vil\u00e1gban \u00e9l\u00fcnk, ahol a fiatalok v\u00e9gtelen mennyis\u00e9g\u0171 inform\u00e1ci\u00f3hoz f\u00e9rhetnek hozz\u00e1, j\u00f3hoz \u00e9s rosszhoz egyar\u00e1nt.<\/p>\n\n\n\n<p>Ez\u00e9rt az olyan eszk\u00f6z\u00f6k, mint a sz\u00fcl\u0151i fel\u00fcgyeleti alkalmaz\u00e1sok, elengedhetetlenek a kiskor\u00faak v\u00e9delm\u00e9hez, mik\u00f6zben felfedezik a digit\u00e1lis vil\u00e1got.<\/p>\n\n\n\n<p>De ne agg\u00f3dj, ez nem jelenti azt, hogy sz\u00fcks\u00e9gtelen\u00fcl megs\u00e9rted a mag\u00e1n\u00e9let\u00fcket.<\/p>\n\n\n\n<p>A c\u00e9l egy biztons\u00e1gosabb \u00e9s eg\u00e9szs\u00e9gesebb online k\u00f6rnyezet megteremt\u00e9se.<\/p>\n\n\n\n<p>Ebben a cikkben h\u00e1rom nagyszer\u0171 alkalmaz\u00e1st mutatok be, amelyek seg\u00edthetnek gyermekeid digit\u00e1lis tev\u00e9kenys\u00e9geinek szoros nyomon k\u00f6vet\u00e9s\u00e9ben: <strong>Google Csal\u00e1di kapcsolat<\/strong>, <strong>Kaspersky Safe Kids<\/strong> \u00e9s <strong>Nett\u00f3 dada<\/strong>.<\/p>\n\n\n\n<p>Ezek az alkalmaz\u00e1sok \u00e9rt\u00e9kes eszk\u00f6z\u00f6ket k\u00edn\u00e1lnak, mint p\u00e9ld\u00e1ul az \u00fczenetek figyel\u00e9se, a k\u00e9perny\u0151 el\u0151tt t\u00f6lt\u00f6tt id\u0151 szab\u00e1lyoz\u00e1sa, s\u0151t, ak\u00e1r a nem megfelel\u0151 tartalmak blokkol\u00e1sa is.<\/p>\n\n\n\n<p>K\u00e9szen \u00e1llsz t\u00f6bbet megtudni r\u00f3luk? Rajta!<\/p>\n\n\n\n<h3 class=\"wp-block-heading\"><strong>A sz\u00fcl\u0151i fel\u00fcgyelet fontoss\u00e1ga a WhatsAppon \u00e9s m\u00e1s k\u00f6z\u00f6ss\u00e9gi h\u00e1l\u00f3zatokon<\/strong><\/h3>\n\n\n\n<p>Az online zaklat\u00e1s, a kiberzaklat\u00e1s \u00e9s a nem megfelel\u0151 tartalmaknak val\u00f3 kitetts\u00e9g n\u00e9h\u00e1ny olyan vesz\u00e9ly, amely kih\u00edv\u00e1st jelent a digit\u00e1lis k\u00f6rnyezetben a gyermekek \u00e9s serd\u00fcl\u0151k sz\u00e1m\u00e1ra.<\/p>\n\n\n\n<p>A k\u00f6z\u00f6ss\u00e9gi m\u00e9dia, mint p\u00e9ld\u00e1ul a WhatsApp, megk\u00f6nny\u00edti a kommunik\u00e1ci\u00f3t, de egyben vesz\u00e9lyes interakci\u00f3k kapuj\u00e1t is nyitja meg.<\/p>\n\n\n\n<p>Ez\u00e9rt olyan fontosak a sz\u00fcl\u0151i fel\u00fcgyeleti alkalmaz\u00e1sok.<\/p>\n\n\n\n<p>Ezek az eszk\u00f6z\u00f6k nemcsak a kiskor\u00faak \u201emegfigyel\u00e9s\u00e9re\u201d, hanem oktat\u00e1s\u00e1ra \u00e9s ir\u00e1ny\u00edt\u00e1s\u00e1ra is szolg\u00e1lnak.<\/p>\n\n\n\n<p>Seg\u00edtenek a sz\u00fcl\u0151knek meg\u00e9rteni, hogyan kommunik\u00e1lnak gyermekeik az interneten, \u00e9s \u00f6szt\u00f6nzik a ny\u00edlt besz\u00e9lget\u00e9seket arr\u00f3l, hogy mi hely\u00e9nval\u00f3 \u00e9s mi nem.<\/p>\n\n\n\n<p><\/p>\n\n\n\n<hr class=\"wp-block-separator has-text-color has-luminous-vivid-orange-color has-alpha-channel-opacity has-luminous-vivid-orange-background-color has-background is-style-wide\" \/>\n\n\n\n<h3 class=\"wp-block-heading\">L\u00e1sd m\u00e9g:<\/h3>\n\n\n\n<ul class=\"wp-block-list has-small-font-size\">\n<li class=\"has-medium-font-size\" style=\"padding-top:0;padding-right:var(--wp--preset--spacing--40);padding-bottom:0;padding-left:var(--wp--preset--spacing--40);font-style:normal;font-weight:400\"><a href=\"https:\/\/universofamilia.com\/hu\/6855\/grabar-llamadas-recibidas\/\"><mark style=\"color:#f94c45\" class=\"has-inline-color\">Bej\u00f6v\u0151 h\u00edv\u00e1sok r\u00f6gz\u00edt\u00e9se &gt;<\/mark><\/a><\/li>\n\n\n\n<li class=\"has-medium-font-size\" style=\"padding-top:0;padding-right:var(--wp--preset--spacing--40);padding-bottom:0;padding-left:var(--wp--preset--spacing--40);font-style:normal;font-weight:400\"><a href=\"https:\/\/universofamilia.com\/hu\/6898\/leer-la-biblia-catolica-en-tu-celular\/\"><mark style=\"color:#f94c45\" class=\"has-inline-color\"><font style=\"vertical-align: inherit\"><font style=\"vertical-align: inherit\">Olvasd a katolikus Bibli\u00e1t a mobiltelefonodon<\/font><\/font> &gt;<\/mark><\/a><\/li>\n\n\n\n<li class=\"has-medium-font-size\" style=\"padding-top:0;padding-right:var(--wp--preset--spacing--40);padding-bottom:0;padding-left:var(--wp--preset--spacing--40);font-style:normal;font-weight:400\"><a href=\"https:\/\/universofamilia.com\/hu\/6832\/aplicacion-para-bailar-zumba\/\"><mark style=\"color:#f94c45\" class=\"has-inline-color\">Zumba t\u00e1ncalkalmaz\u00e1s &gt;<\/mark><\/a><\/li>\n\n\n\n<li class=\"has-medium-font-size\" style=\"padding-top:0;padding-right:var(--wp--preset--spacing--40);padding-bottom:0;padding-left:var(--wp--preset--spacing--40);font-style:normal;font-weight:400\"><a href=\"https:\/\/universofamilia.com\/hu\/6952\/descubre-quien-visita-tu-perfil-redes-sociales\/\"><mark style=\"color:#f94c45\" class=\"has-inline-color\">Tudja meg, kik l\u00e1togatj\u00e1k a k\u00f6z\u00f6ss\u00e9gi m\u00e9dia profilj\u00e1t &gt;<\/mark><\/a><\/li>\n<\/ul>\n\n\n\n<hr class=\"wp-block-separator has-text-color has-luminous-vivid-orange-color has-alpha-channel-opacity has-luminous-vivid-orange-background-color has-background is-style-wide\" \/>\n\n\n\n<p><\/p>\n\n\n\n<h3 class=\"wp-block-heading\"><strong>Hogyan m\u0171k\u00f6dnek a sz\u00fcl\u0151i fel\u00fcgyeleti alkalmaz\u00e1sok?<\/strong><\/h3>\n\n\n\n<p>A sz\u00fcl\u0151i fel\u00fcgyeleti alkalmaz\u00e1sok m\u00f6g\u00f6tti var\u00e1zslat a fel\u00fcgyeleti technol\u00f3gi\u00e1jukban rejlik.<\/p>\n\n\n\n<p>Csatlakoznak a gyermekek eszk\u00f6zeihez, \u00e9s r\u00e9szletes jelent\u00e9seket k\u00e9sz\u00edtenek az alkalmaz\u00e1shaszn\u00e1latr\u00f3l, a k\u00e9perny\u0151 el\u0151tt t\u00f6lt\u00f6tt id\u0151r\u0151l \u00e9s m\u00e9g a gyan\u00fas tev\u00e9kenys\u00e9gekr\u0151l is.<\/p>\n\n\n\n<p>Ezenk\u00edv\u00fcl sokuk lehet\u0151v\u00e9 teszi a nem megfelel\u0151 tartalom blokkol\u00e1s\u00e1t, vagy bizonyos alkalmaz\u00e1sokhoz val\u00f3 hozz\u00e1f\u00e9r\u00e9s korl\u00e1toz\u00e1s\u00e1t bizonyos id\u0151pontokban.<\/p>\n\n\n\n<p>P\u00e9ld\u00e1ul, ha a gyermeked WhatsAppon cseveg a bar\u00e1taival, ezek az alkalmaz\u00e1sok figyelmeztethetnek a gyan\u00fas kulcsszavakra, vesz\u00e9lyes linkekre, vagy ak\u00e1r idegenekkel val\u00f3 interakci\u00f3kra is. Nem fantasztikus?<\/p>\n\n\n\n<h3 class=\"wp-block-heading\"><strong>Digit\u00e1lis biztons\u00e1g gyerekeknek: Amit tudnod kell<\/strong><\/h3>\n\n\n\n<p>A digit\u00e1lis biztons\u00e1g t\u00falmutat a besz\u00e9lget\u00e9sek megfigyel\u00e9s\u00e9n. Arr\u00f3l sz\u00f3l, hogy megv\u00e9dj\u00fck gyermekeinket azokt\u00f3l a kock\u00e1zatokt\u00f3l, amelyekr\u0151l tal\u00e1n nincsenek is tudat\u00e1ban.<\/p>\n\n\n\n<p>\u00cdme a sz\u00fcl\u0151i fel\u00fcgyeleti alkalmaz\u00e1sok n\u00e9h\u00e1ny el\u0151nye:<\/p>\n\n\n\n<ul class=\"wp-block-list\">\n<li><strong>V\u00e9delem a nem megfelel\u0151 tartalom ellen<\/strong>A nem korhat\u00e1ros vide\u00f3kat, k\u00e9peket vagy \u00fczeneteket automatikusan blokkolhatjuk.<\/li>\n\n\n\n<li><strong>Kiberzaklat\u00e1s megel\u0151z\u00e9se<\/strong>A zaklat\u00e1sra utal\u00f3 szavak vagy viselked\u00e9sek felismer\u00e9se seg\u00edthet elker\u00fclni a traumatikus helyzeteket.<\/li>\n\n\n\n<li><strong>Interakci\u00f3k monitoroz\u00e1sa<\/strong>Ha tudjuk, hogy kivel besz\u00e9lgetnek a gyermekeink, azzal megakad\u00e1lyozhatjuk, hogy rosszindulat\u00fa emberekkel ker\u00fcljenek kapcsolatba.<\/li>\n<\/ul>\n\n\n\n<p>Most, hogy meg\u00e9rtette a fontoss\u00e1g\u00e1t, ismerkedj\u00fcnk meg a feladathoz legjobb alkalmaz\u00e1sokkal.<\/p>\n\n\n\n<h3 class=\"wp-block-heading\"><strong>1. Google Csal\u00e1di kapcsolat<\/strong><\/h3>\n\n\n\n<p><strong>Google Csal\u00e1di kapcsolat<\/strong> Ez egy ingyenes \u00e9s praktikus eszk\u00f6z, amelyet a Google fejlesztett ki.<\/p>\n\n\n\n<p>Seg\u00edts\u00e9g\u00e9vel figyelemmel k\u00eds\u00e9rheti gyermeke eszk\u00f6zhaszn\u00e1lat\u00e1t, k\u00e9perny\u0151id\u0151-korl\u00e1tokat \u00e1ll\u00edthat be, s\u0151t, ak\u00e1r j\u00f3v\u00e1hagyhatja vagy blokkolhatja az alkalmaz\u00e1sokat a telep\u00edt\u00e9s\u00fck el\u0151tt.<\/p>\n\n\n\n<p><strong>Kiemelt jellemz\u0151k:<\/strong><\/p>\n\n\n\n<ul class=\"wp-block-list\">\n<li>R\u00e9szletes tev\u00e9kenys\u00e9gi jelent\u00e9sek.<\/li>\n\n\n\n<li>Alkalmaz\u00e1sok \u00e9s haszn\u00e1lati id\u0151 szab\u00e1lyoz\u00e1sa.<\/li>\n\n\n\n<li>A gyermek eszk\u00f6z\u00e9nek helye.<\/li>\n<\/ul>\n\n\n\n<p>R\u00e1ad\u00e1sul a Google Family Link nagyon k\u00f6nnyen haszn\u00e1lhat\u00f3, \u00e9s z\u00f6kken\u0151mentesen integr\u00e1lhat\u00f3 Android \u00e9s iOS eszk\u00f6z\u00f6kkel. Ide\u00e1lis azok sz\u00e1m\u00e1ra, akik az egyszer\u0171s\u00e9get \u00e9s a hat\u00e9konys\u00e1got keresik.<\/p>\n\n\n\n<p><\/p>\n\n\n\n<hr class=\"wp-block-separator has-text-color has-luminous-vivid-orange-color has-alpha-channel-opacity has-luminous-vivid-orange-background-color has-background is-style-wide\" \/>\n\n\n\n<div class=\"wp-block-media-text is-stacked-on-mobile\"><figure class=\"wp-block-media-text__media\"><a href=\"https:\/\/play.google.com\/store\/apps\/details?id=com.google.android.apps.kids.familylink&amp;hl=pt_BR\"><img loading=\"lazy\" decoding=\"async\" width=\"550\" height=\"350\" src=\"http:\/\/universofamilia.com\/wp-content\/uploads\/sites\/148\/2024\/11\/DESTAQUE-UNIVERSO-550-x-350-11-2.jpg\" alt=\"\" class=\"wp-image-7585 size-full\" srcset=\"https:\/\/universofamilia.com\/wp-content\/uploads\/sites\/148\/2024\/11\/DESTAQUE-UNIVERSO-550-x-350-11-2.jpg 550w, https:\/\/universofamilia.com\/wp-content\/uploads\/sites\/148\/2024\/11\/DESTAQUE-UNIVERSO-550-x-350-11-2-300x191.jpg 300w\" sizes=\"(max-width: 550px) 100vw, 550px\" \/><\/a><\/figure><div class=\"wp-block-media-text__content\">\n<p class=\"has-medium-font-size\"><strong>Google Csal\u00e1di kapcsolat<br><\/strong>K\u00f6nnyed\u00e9n fel\u00fcgyelheted gyermekeid digit\u00e1lis tev\u00e9kenys\u00e9geit. T\u00f6ltsd le most a Google Family Link alkalmaz\u00e1st!<\/p>\n\n\n\n<div class=\"wp-block-buttons is-layout-flex wp-block-buttons-is-layout-flex\">\n<div class=\"wp-block-button has-custom-width wp-block-button__width-75\"><a class=\"wp-block-button__link wp-element-button\" href=\"https:\/\/play.google.com\/store\/apps\/details?id=com.google.android.apps.kids.familylink&amp;hl=pt_BR\">Google Play \u2013 Android<\/a><\/div>\n\n\n\n<div class=\"wp-block-button has-custom-width wp-block-button__width-75\"><a class=\"wp-block-button__link wp-element-button\" href=\"https:\/\/apps.apple.com\/br\/app\/google-family-link\/id1150085200\">Apple Store \u2013 iOS<\/a><\/div>\n<\/div>\n<\/div><\/div>\n\n\n\n<p class=\"has-text-align-right has-small-font-size\"><strong><em><em><strong>\u00c1tir\u00e1ny\u00edtunk egy m\u00e1sik webhelyre<\/strong><\/em><\/em><\/strong><\/p>\n\n\n\n<hr class=\"wp-block-separator has-text-color has-luminous-vivid-orange-color has-alpha-channel-opacity has-luminous-vivid-orange-background-color has-background is-style-wide\" \/>\n\n\n\n<p><\/p>\n\n\n\n<h3 class=\"wp-block-heading\"><strong>2. Kaspersky Safe Kids<\/strong><\/h3>\n\n\n\n<p>Ha valami robusztusabbra v\u00e1gysz, <strong>Kaspersky Safe Kids<\/strong> kiv\u00e1l\u00f3 lehet\u0151s\u00e9g.<\/p>\n\n\n\n<p>Fejlett figyel\u00e9si funkci\u00f3kat k\u00edn\u00e1l, bele\u00e9rtve a gyan\u00fas tev\u00e9kenys\u00e9gekre vonatkoz\u00f3 riaszt\u00e1sokat \u00e9s a vesz\u00e9lyes webhelyek blokkol\u00e1s\u00e1nak lehet\u0151s\u00e9g\u00e9t.<\/p>\n\n\n\n<p><strong>Kiemelt jellemz\u0151k:<\/strong><\/p>\n\n\n\n<ul class=\"wp-block-list\">\n<li>\u00dczenetek \u00e9s k\u00f6z\u00f6ss\u00e9gi h\u00e1l\u00f3zatok figyel\u00e9se.<\/li>\n\n\n\n<li>Nem megfelel\u0151 tartalomsz\u0171r\u0151.<\/li>\n\n\n\n<li>Val\u00f3s idej\u0171 helymeghat\u00e1roz\u00e1s.<\/li>\n<\/ul>\n\n\n\n<p>A Kaspersky Safe Kids egyik \u00e9rdekes aspektusa, hogy lehet\u0151v\u00e9 teszi a sz\u00fcl\u0151k sz\u00e1m\u00e1ra, hogy pszichol\u00f3giai profilt k\u00e9sz\u00edtsenek gyermek\u00fck online haszn\u00e1lat\u00e1r\u00f3l, seg\u00edtve a lehets\u00e9ges viselked\u00e9si v\u00e1ltoz\u00e1sok azonos\u00edt\u00e1s\u00e1t.<\/p>\n\n\n\n<p><\/p>\n\n\n\n<hr class=\"wp-block-separator has-text-color has-luminous-vivid-orange-color has-alpha-channel-opacity has-luminous-vivid-orange-background-color has-background is-style-wide\" \/>\n\n\n\n<div class=\"wp-block-media-text is-stacked-on-mobile\"><figure class=\"wp-block-media-text__media\"><a href=\"https:\/\/apps.apple.com\/br\/app\/kaspersky-safe-kids-with-gps\/id967986300\"><img loading=\"lazy\" decoding=\"async\" width=\"550\" height=\"350\" src=\"http:\/\/universofamilia.com\/wp-content\/uploads\/sites\/148\/2024\/11\/DESTAQUE-UNIVERSO-550-x-350-12-1.jpg\" alt=\"\" class=\"wp-image-7586 size-full\" srcset=\"https:\/\/universofamilia.com\/wp-content\/uploads\/sites\/148\/2024\/11\/DESTAQUE-UNIVERSO-550-x-350-12-1.jpg 550w, https:\/\/universofamilia.com\/wp-content\/uploads\/sites\/148\/2024\/11\/DESTAQUE-UNIVERSO-550-x-350-12-1-300x191.jpg 300w\" sizes=\"(max-width: 550px) 100vw, 550px\" \/><\/a><\/figure><div class=\"wp-block-media-text__content\">\n<p class=\"has-medium-font-size\"><strong>Kaspersky Safe Kids<br><\/strong>\u00d3vja gyermekeit online fejlett eszk\u00f6z\u00f6kkel. Szerezze be m\u00e9g ma a Kaspersky Safe Kids alkalmaz\u00e1st!<\/p>\n\n\n\n<div class=\"wp-block-buttons is-layout-flex wp-block-buttons-is-layout-flex\">\n<div class=\"wp-block-button has-custom-width wp-block-button__width-75\"><a class=\"wp-block-button__link wp-element-button\" href=\"https:\/\/apps.apple.com\/br\/app\/kaspersky-safe-kids-with-gps\/id967986300\">Apple Store \u2013 iOS<\/a><\/div>\n<\/div>\n<\/div><\/div>\n\n\n\n<p class=\"has-text-align-right has-small-font-size\"><strong><em><em><strong>\u00c1tir\u00e1ny\u00edtunk egy m\u00e1sik webhelyre<\/strong><\/em><\/em><\/strong><\/p>\n\n\n\n<hr class=\"wp-block-separator has-text-color has-luminous-vivid-orange-color has-alpha-channel-opacity has-luminous-vivid-orange-background-color has-background is-style-wide\" \/>\n\n\n\n<p><\/p>\n\n\n\n<h3 class=\"wp-block-heading\"><strong>3. Nett\u00f3 dada<\/strong><\/h3>\n\n\n\n<p><strong>Nett\u00f3 dada<\/strong> Ez az egyik leg\u00e1tfog\u00f3bb \u00e9s legismertebb sz\u00fcl\u0151i fel\u00fcgyeleti alkalmaz\u00e1s a piacon. Felhaszn\u00e1l\u00f3bar\u00e1t fel\u00fclet\u00e9r\u0151l \u00e9s r\u00e9szletes testreszab\u00e1si lehet\u0151s\u00e9geir\u0151l ismert.<\/p>\n\n\n\n<p><strong>Kiemelt jellemz\u0151k:<\/strong><\/p>\n\n\n\n<ul class=\"wp-block-list\">\n<li>Blokkold a megadott alkalmaz\u00e1sokat, p\u00e9ld\u00e1ul a WhatsAppot vagy a YouTube-ot.<\/li>\n\n\n\n<li>R\u00e9szletes haszn\u00e1lati jelent\u00e9sek.<\/li>\n\n\n\n<li>Figyelmeztet\u00e9sek a nem megfelel\u0151 tartalomr\u00f3l \u00e9s az internetes zaklat\u00e1sr\u00f3l.<\/li>\n<\/ul>\n\n\n\n<p>A Net Nanny ide\u00e1lis megold\u00e1st keres\u0151 csal\u00e1dok sz\u00e1m\u00e1ra, az alapvet\u0151 fel\u00fcgyelett\u0151l a fejlett v\u00e9delmi eszk\u00f6z\u00f6kig.<\/p>\n\n\n\n<p><\/p>\n\n\n\n<hr class=\"wp-block-separator has-text-color has-luminous-vivid-orange-color has-alpha-channel-opacity has-luminous-vivid-orange-background-color has-background is-style-wide\" \/>\n\n\n\n<div class=\"wp-block-media-text is-stacked-on-mobile\"><figure class=\"wp-block-media-text__media\"><a href=\"https:\/\/play.google.com\/store\/apps\/details?id=com.contentwatch.ghoti.cp2.parent\"><img loading=\"lazy\" decoding=\"async\" width=\"550\" height=\"350\" src=\"http:\/\/universofamilia.com\/wp-content\/uploads\/sites\/148\/2024\/11\/DESTAQUE-UNIVERSO-550-x-350-13-1.jpg\" alt=\"\" class=\"wp-image-7587 size-full\" srcset=\"https:\/\/universofamilia.com\/wp-content\/uploads\/sites\/148\/2024\/11\/DESTAQUE-UNIVERSO-550-x-350-13-1.jpg 550w, https:\/\/universofamilia.com\/wp-content\/uploads\/sites\/148\/2024\/11\/DESTAQUE-UNIVERSO-550-x-350-13-1-300x191.jpg 300w\" sizes=\"(max-width: 550px) 100vw, 550px\" \/><\/a><\/figure><div class=\"wp-block-media-text__content\">\n<p class=\"has-medium-font-size\"><strong>Nett\u00f3 dada<br><\/strong>Blokkold a nem megfelel\u0151 tartalmakat, \u00e9s v\u00e9dd meg csal\u00e1dodat val\u00f3s id\u0151ben. Pr\u00f3b\u00e1ld ki most a Net Nanny-t!<\/p>\n\n\n\n<div class=\"wp-block-buttons is-layout-flex wp-block-buttons-is-layout-flex\">\n<div class=\"wp-block-button has-custom-width wp-block-button__width-75\"><a class=\"wp-block-button__link wp-element-button\" href=\"https:\/\/play.google.com\/store\/apps\/details?id=com.contentwatch.ghoti.cp2.parent\">Google Play \u2013 Android<\/a><\/div>\n\n\n\n<div class=\"wp-block-button has-custom-width wp-block-button__width-75\"><a class=\"wp-block-button__link wp-element-button\" href=\"https:\/\/apps.apple.com\/us\/app\/net-nanny-parental-control-app\/id1211763414\">Apple Store \u2013 iOS<\/a><\/div>\n<\/div>\n<\/div><\/div>\n\n\n\n<p class=\"has-text-align-right has-small-font-size\"><strong><em><em><strong>\u00c1tir\u00e1ny\u00edtunk egy m\u00e1sik webhelyre<\/strong><\/em><\/em><\/strong><\/p>\n\n\n\n<hr class=\"wp-block-separator has-text-color has-luminous-vivid-orange-color has-alpha-channel-opacity has-luminous-vivid-orange-background-color has-background is-style-wide\" \/>\n\n\n\n<p><\/p>\n\n\n\n<h3 class=\"wp-block-heading\"><strong>Val\u00f3di t\u00f6rt\u00e9netek: Mit mondanak a felhaszn\u00e1l\u00f3k?<\/strong><\/h3>\n\n\n\n<p>A sz\u00fcl\u0151k \u00e9s gondvisel\u0151k nagyra \u00e9rt\u00e9kelik ezeket az eszk\u00f6z\u00f6ket.<\/p>\n\n\n\n<p>Ana, k\u00e9t tin\u00e9dzser \u00e9desanyja, \u00edgy nyilatkozott: <em>\u201eA Google Family Link seg\u00edts\u00e9g\u00e9vel l\u00e1thatom, hogy mennyi id\u0151t t\u00f6ltenek a gyerekeim a telefonjukon, \u00e9s eg\u00e9szs\u00e9gesebb besz\u00e9lget\u00e9seket folytathatok a k\u00f6z\u00f6ss\u00e9gi m\u00e9dia haszn\u00e1lat\u00e1r\u00f3l.\u201d<\/em><\/p>\n\n\n\n<p>Paulo, a Kaspersky Safe Kids felhaszn\u00e1l\u00f3ja a k\u00f6vetkez\u0151ket emeli ki: <em>\u201eAz alkalmaz\u00e1s figyelmeztetett a fiam WhatsApp-on kapott gyan\u00fas \u00fczenetekre. Ez fordul\u00f3pontot jelentett a digit\u00e1lis biztons\u00e1gunk szempontj\u00e1b\u00f3l.\u201d<\/em><\/p>\n\n\n\n<p>Ezek a besz\u00e1mol\u00f3k azt mutatj\u00e1k, hogy a monitoroz\u00e1son t\u00fal ezek az eszk\u00f6z\u00f6k \u00f6szt\u00f6nzik a sz\u00fcl\u0151k \u00e9s a gyermekek k\u00f6z\u00f6tti ny\u00edlt p\u00e1rbesz\u00e9det.<\/p>\n\n\n\n<h3 class=\"wp-block-heading\"><strong>Hogyan lehet a sz\u00fcl\u0151i fel\u00fcgyeleti alkalmaz\u00e1sokat a gyakorlatban megval\u00f3s\u00edtani?<\/strong><\/h3>\n\n\n\n<p>Ha \u00e9rdekli, hogy kipr\u00f3b\u00e1lja ezeket a megold\u00e1sokat, \u00edme n\u00e9h\u00e1ny tipp a kezd\u00e9shez:<\/p>\n\n\n\n<ol class=\"wp-block-list\">\n<li><strong>Besz\u00e9lj a gyerekeiddel<\/strong>Magyar\u00e1zd el, mi\u00e9rt telep\u00edted az alkalmaz\u00e1st. Mutasd meg, hogy a v\u00e9delmedre szolg\u00e1l, nem pedig a mag\u00e1n\u00e9let\u00fck megs\u00e9rt\u00e9s\u00e9re.<\/li>\n\n\n\n<li><strong>V\u00e1lassza ki az ide\u00e1lis alkalmaz\u00e1st<\/strong>: Elemezze az egyes alkalmaz\u00e1sok funkci\u00f3it, \u00e9s v\u00e1lassza ki azt, amelyik a legjobban megfelel az ig\u00e9nyeinek.<\/li>\n\n\n\n<li><strong>\u00c1ll\u00edtson fel egy\u00e9rtelm\u0171 szab\u00e1lyokat<\/strong>Egyezzen meg a korl\u00e1tokr\u00f3l \u00e9s a haszn\u00e1lati id\u0151kr\u0151l a gyermekeivel.<\/li>\n\n\n\n<li><strong>Rendszeres nyomon k\u00f6vet\u00e9s<\/strong>: Alkalmaz\u00e1sjelent\u00e9sek seg\u00edts\u00e9g\u00e9vel azonos\u00edtsa a mint\u00e1kat, \u00e9s \u00f6szt\u00f6n\u00f6zze az oktat\u00f3 jelleg\u0171 besz\u00e9lget\u00e9seket.<\/li>\n<\/ol>\n\n\n\n<h3 class=\"wp-block-heading\"><strong>K\u00f6vetkeztet\u00e9s: \u00c9rdemes-e sz\u00fcl\u0151i fel\u00fcgyeleti alkalmaz\u00e1sokat haszn\u00e1lni?<\/strong><\/h3>\n\n\n\n<p>Abszol\u00fat! Egy olyan vil\u00e1gban, ahol a gyerekek egyre ink\u00e1bb \u00f6sszekapcsol\u00f3dnak, elengedhetetlen a digit\u00e1lis biztons\u00e1guk garant\u00e1l\u00e1sa.<\/p>\n\n\n\n<p>Alkalmaz\u00e1sok, mint p\u00e9ld\u00e1ul <strong>Google Csal\u00e1di kapcsolat<\/strong>, <strong>Kaspersky Safe Kids<\/strong> \u00e9s <strong>Nett\u00f3 dada<\/strong> Gyakorlatias \u00e9s hat\u00e9kony eszk\u00f6z\u00f6ket k\u00edn\u00e1lnak a kiskor\u00faak v\u00e9delm\u00e9re, mik\u00f6zben el\u0151seg\u00edtik a k\u00f6z\u00f6ss\u00e9gi m\u00e9dia eg\u00e9szs\u00e9ges haszn\u00e1lat\u00e1t.<\/p>\n\n\n\n<p>Ha m\u00e9g nem kezdted el haszn\u00e1lni a sz\u00fcl\u0151i fel\u00fcgyeleti alkalmaz\u00e1st, itt az ideje.<\/p>\n\n\n\n<p>T\u00f6lts le egyet ezek k\u00f6z\u00fcl az alkalmaz\u00e1sok k\u00f6z\u00fcl, \u00e9s tedd meg az els\u0151 l\u00e9p\u00e9st afel\u00e9, hogy gyermekeid biztons\u00e1gosan \u00e9s felel\u0151ss\u00e9gteljesen navig\u00e1ljanak a digit\u00e1lis vil\u00e1gban.<\/p>\n\n\n\n<p>Most rajtad a sor: oszd meg ezt a cikket m\u00e1s sz\u00fcl\u0151kkel \u00e9s gondoz\u00f3kkal, akiknek szint\u00e9n sz\u00fcks\u00e9g\u00fck van ezekre a tippekre. Egy\u00fctt biztons\u00e1gosabb digit\u00e1lis k\u00f6rnyezetet teremthet\u00fcnk a kicsik sz\u00e1m\u00e1ra!<\/p>","protected":false},"excerpt":{"rendered":"<p>V\u00e9dd meg gyermekeidet online. \u00c1tir\u00e1ny\u00edtunk egy m\u00e1sik oldalra. Ha sz\u00fcl\u0151k\u00e9nt agg\u00f3dsz amiatt, hogy mit besz\u00e9lgetnek a gyermekeid a WhatsAppon, nem vagy egyed\u00fcl. Egy hiper-\u00f6sszekapcsolt vil\u00e1gban \u00e9l\u00fcnk, ahol a fiatalok v\u00e9gtelen mennyis\u00e9g\u0171 inform\u00e1ci\u00f3hoz f\u00e9rhetnek hozz\u00e1, j\u00f3hoz \u00e9s rosszhoz egyar\u00e1nt. Ez\u00e9rt olyan eszk\u00f6z\u00f6k, mint [\u2026]<\/p>","protected":false},"author":139,"featured_media":7587,"comment_status":"closed","ping_status":"open","sticky":false,"template":"","format":"standard","meta":{"footnotes":""},"categories":[5],"tags":[181,694,1153,1273,1452],"yoast_head":"<!-- This site is optimized with the Yoast SEO plugin v23.3 - https:\/\/yoast.com\/wordpress\/plugins\/seo\/ -->\n<title>Controla Whats f\u00e1cilmente - Universo Fam\u00edlia<\/title>\n<meta name=\"description\" content=\"Controla Whats f\u00e1cilmente. Si eres padre o madre y te preocupa lo que tus hijos est\u00e1n conversando en WhatsApp, no est\u00e1s solo...\" \/>\n<meta name=\"robots\" content=\"index, follow, max-snippet:-1, max-image-preview:large, max-video-preview:-1\" \/>\n<link rel=\"canonical\" href=\"http:\/\/universofamilia.com\/hu\/controla-whats-facilmente\/\" \/>\n<meta property=\"og:locale\" content=\"hu_HU\" \/>\n<meta property=\"og:type\" content=\"article\" \/>\n<meta property=\"og:title\" content=\"Controla Whats f\u00e1cilmente - Universo Fam\u00edlia\" \/>\n<meta property=\"og:description\" content=\"Controla Whats f\u00e1cilmente. Si eres padre o madre y te preocupa lo que tus hijos est\u00e1n conversando en WhatsApp, no est\u00e1s solo...\" \/>\n<meta property=\"og:url\" content=\"http:\/\/universofamilia.com\/hu\/controla-whats-facilmente\/\" \/>\n<meta property=\"og:site_name\" content=\"Universo Fam\u00edlia\" \/>\n<meta property=\"article:published_time\" content=\"2024-11-30T20:08:08+00:00\" \/>\n<meta property=\"article:modified_time\" content=\"2025-11-21T02:13:03+00:00\" \/>\n<meta property=\"og:image\" content=\"http:\/\/universofamilia.com\/wp-content\/uploads\/sites\/148\/2024\/11\/DESTAQUE-UNIVERSO-550-x-350-13-1.jpg\" \/>\n\t<meta property=\"og:image:width\" content=\"550\" \/>\n\t<meta property=\"og:image:height\" content=\"350\" \/>\n\t<meta property=\"og:image:type\" content=\"image\/jpeg\" \/>\n<meta name=\"author\" content=\"Pedro Henrique\" \/>\n<meta name=\"twitter:card\" content=\"summary_large_image\" \/>\n<meta name=\"twitter:label1\" content=\"Written by\" \/>\n\t<meta name=\"twitter:data1\" content=\"Pedro Henrique\" \/>\n\t<meta name=\"twitter:label2\" content=\"Est. reading time\" \/>\n\t<meta name=\"twitter:data2\" content=\"8 perc\" \/>\n<script type=\"application\/ld+json\" class=\"yoast-schema-graph\">{\"@context\":\"https:\/\/schema.org\",\"@graph\":[{\"@type\":\"WebPage\",\"@id\":\"http:\/\/universofamilia.com\/zh_hk\/controla-whats-facilmente\/\",\"url\":\"http:\/\/universofamilia.com\/zh_hk\/controla-whats-facilmente\/\",\"name\":\"Controla Whats f\u00e1cilmente - Universo Fam\u00edlia\",\"isPartOf\":{\"@id\":\"https:\/\/universofamilia.com\/el\/#website\"},\"primaryImageOfPage\":{\"@id\":\"http:\/\/universofamilia.com\/zh_hk\/controla-whats-facilmente\/#primaryimage\"},\"image\":{\"@id\":\"http:\/\/universofamilia.com\/zh_hk\/controla-whats-facilmente\/#primaryimage\"},\"thumbnailUrl\":\"https:\/\/universofamilia.com\/wp-content\/uploads\/sites\/148\/2024\/11\/DESTAQUE-UNIVERSO-550-x-350-13-1.jpg\",\"datePublished\":\"2024-11-30T20:08:08+00:00\",\"dateModified\":\"2025-11-21T02:13:03+00:00\",\"author\":{\"@id\":\"https:\/\/universofamilia.com\/el\/#\/schema\/person\/f07ce98187dd84d31154262e79b3b7ca\"},\"description\":\"Controla Whats f\u00e1cilmente. Si eres padre o madre y te preocupa lo que tus hijos est\u00e1n conversando en WhatsApp, no est\u00e1s solo...\",\"breadcrumb\":{\"@id\":\"http:\/\/universofamilia.com\/zh_hk\/controla-whats-facilmente\/#breadcrumb\"},\"inLanguage\":\"hu\",\"potentialAction\":[{\"@type\":\"ReadAction\",\"target\":[\"http:\/\/universofamilia.com\/zh_hk\/controla-whats-facilmente\/\"]}]},{\"@type\":\"ImageObject\",\"inLanguage\":\"hu\",\"@id\":\"http:\/\/universofamilia.com\/zh_hk\/controla-whats-facilmente\/#primaryimage\",\"url\":\"https:\/\/universofamilia.com\/wp-content\/uploads\/sites\/148\/2024\/11\/DESTAQUE-UNIVERSO-550-x-350-13-1.jpg\",\"contentUrl\":\"https:\/\/universofamilia.com\/wp-content\/uploads\/sites\/148\/2024\/11\/DESTAQUE-UNIVERSO-550-x-350-13-1.jpg\",\"width\":550,\"height\":350,\"caption\":\"Controla Whats f\u00e1cilmente\"},{\"@type\":\"BreadcrumbList\",\"@id\":\"http:\/\/universofamilia.com\/zh_hk\/controla-whats-facilmente\/#breadcrumb\",\"itemListElement\":[{\"@type\":\"ListItem\",\"position\":1,\"name\":\"Home\",\"item\":\"https:\/\/universofamilia.com\/el\/\"},{\"@type\":\"ListItem\",\"position\":2,\"name\":\"Controla Whats f\u00e1cilmente\"}]},{\"@type\":\"WebSite\",\"@id\":\"https:\/\/universofamilia.com\/el\/#website\",\"url\":\"https:\/\/universofamilia.com\/el\/\",\"name\":\"Universo Fam\u00edlia\",\"description\":\"\",\"potentialAction\":[{\"@type\":\"SearchAction\",\"target\":{\"@type\":\"EntryPoint\",\"urlTemplate\":\"https:\/\/universofamilia.com\/el\/?s={search_term_string}\"},\"query-input\":\"required name=search_term_string\"}],\"inLanguage\":\"hu\"},{\"@type\":\"Person\",\"@id\":\"https:\/\/universofamilia.com\/el\/#\/schema\/person\/f07ce98187dd84d31154262e79b3b7ca\",\"name\":\"Pedro Henrique\",\"image\":{\"@type\":\"ImageObject\",\"inLanguage\":\"hu\",\"@id\":\"https:\/\/universofamilia.com\/el\/#\/schema\/person\/image\/\",\"url\":\"https:\/\/secure.gravatar.com\/avatar\/9edfeb808cb4e1599f64d6e45b130154?s=96&d=mm&r=g\",\"contentUrl\":\"https:\/\/secure.gravatar.com\/avatar\/9edfeb808cb4e1599f64d6e45b130154?s=96&d=mm&r=g\",\"caption\":\"Pedro Henrique\"},\"url\":\"https:\/\/universofamilia.com\/hu\/author\/editor01\/\"}]}<\/script>\n<!-- \/ Yoast SEO plugin. -->","yoast_head_json":{"title":"Controla Whats f\u00e1cilmente - Universo Fam\u00edlia","description":"Controla Whats f\u00e1cilmente. Si eres padre o madre y te preocupa lo que tus hijos est\u00e1n conversando en WhatsApp, no est\u00e1s solo...","robots":{"index":"index","follow":"follow","max-snippet":"max-snippet:-1","max-image-preview":"max-image-preview:large","max-video-preview":"max-video-preview:-1"},"canonical":"http:\/\/universofamilia.com\/hu\/controla-whats-facilmente\/","og_locale":"hu_HU","og_type":"article","og_title":"Controla Whats f\u00e1cilmente - Universo Fam\u00edlia","og_description":"Controla Whats f\u00e1cilmente. Si eres padre o madre y te preocupa lo que tus hijos est\u00e1n conversando en WhatsApp, no est\u00e1s solo...","og_url":"http:\/\/universofamilia.com\/hu\/controla-whats-facilmente\/","og_site_name":"Universo Fam\u00edlia","article_published_time":"2024-11-30T20:08:08+00:00","article_modified_time":"2025-11-21T02:13:03+00:00","og_image":[{"width":550,"height":350,"url":"http:\/\/universofamilia.com\/wp-content\/uploads\/sites\/148\/2024\/11\/DESTAQUE-UNIVERSO-550-x-350-13-1.jpg","type":"image\/jpeg"}],"author":"Pedro Henrique","twitter_card":"summary_large_image","twitter_misc":{"Written by":"Pedro Henrique","Est. reading time":"8 perc"},"schema":{"@context":"https:\/\/schema.org","@graph":[{"@type":"WebPage","@id":"http:\/\/universofamilia.com\/zh_hk\/controla-whats-facilmente\/","url":"http:\/\/universofamilia.com\/zh_hk\/controla-whats-facilmente\/","name":"Controla Whats f\u00e1cilmente - Universo Fam\u00edlia","isPartOf":{"@id":"https:\/\/universofamilia.com\/el\/#website"},"primaryImageOfPage":{"@id":"http:\/\/universofamilia.com\/zh_hk\/controla-whats-facilmente\/#primaryimage"},"image":{"@id":"http:\/\/universofamilia.com\/zh_hk\/controla-whats-facilmente\/#primaryimage"},"thumbnailUrl":"https:\/\/universofamilia.com\/wp-content\/uploads\/sites\/148\/2024\/11\/DESTAQUE-UNIVERSO-550-x-350-13-1.jpg","datePublished":"2024-11-30T20:08:08+00:00","dateModified":"2025-11-21T02:13:03+00:00","author":{"@id":"https:\/\/universofamilia.com\/el\/#\/schema\/person\/f07ce98187dd84d31154262e79b3b7ca"},"description":"Controla Whats f\u00e1cilmente. Si eres padre o madre y te preocupa lo que tus hijos est\u00e1n conversando en WhatsApp, no est\u00e1s solo...","breadcrumb":{"@id":"http:\/\/universofamilia.com\/zh_hk\/controla-whats-facilmente\/#breadcrumb"},"inLanguage":"hu","potentialAction":[{"@type":"ReadAction","target":["http:\/\/universofamilia.com\/zh_hk\/controla-whats-facilmente\/"]}]},{"@type":"ImageObject","inLanguage":"hu","@id":"http:\/\/universofamilia.com\/zh_hk\/controla-whats-facilmente\/#primaryimage","url":"https:\/\/universofamilia.com\/wp-content\/uploads\/sites\/148\/2024\/11\/DESTAQUE-UNIVERSO-550-x-350-13-1.jpg","contentUrl":"https:\/\/universofamilia.com\/wp-content\/uploads\/sites\/148\/2024\/11\/DESTAQUE-UNIVERSO-550-x-350-13-1.jpg","width":550,"height":350,"caption":"Controla Whats f\u00e1cilmente"},{"@type":"BreadcrumbList","@id":"http:\/\/universofamilia.com\/zh_hk\/controla-whats-facilmente\/#breadcrumb","itemListElement":[{"@type":"ListItem","position":1,"name":"Home","item":"https:\/\/universofamilia.com\/el\/"},{"@type":"ListItem","position":2,"name":"Controla Whats f\u00e1cilmente"}]},{"@type":"WebSite","@id":"https:\/\/universofamilia.com\/el\/#website","url":"https:\/\/universofamilia.com\/el\/","name":"Universo Fam\u00edlia","description":"","potentialAction":[{"@type":"SearchAction","target":{"@type":"EntryPoint","urlTemplate":"https:\/\/universofamilia.com\/el\/?s={search_term_string}"},"query-input":"required name=search_term_string"}],"inLanguage":"hu"},{"@type":"Person","@id":"https:\/\/universofamilia.com\/el\/#\/schema\/person\/f07ce98187dd84d31154262e79b3b7ca","name":"Pedro Henrique","image":{"@type":"ImageObject","inLanguage":"hu","@id":"https:\/\/universofamilia.com\/el\/#\/schema\/person\/image\/","url":"https:\/\/secure.gravatar.com\/avatar\/9edfeb808cb4e1599f64d6e45b130154?s=96&d=mm&r=g","contentUrl":"https:\/\/secure.gravatar.com\/avatar\/9edfeb808cb4e1599f64d6e45b130154?s=96&d=mm&r=g","caption":"Pedro Henrique"},"url":"https:\/\/universofamilia.com\/hu\/author\/editor01\/"}]}},"_links":{"self":[{"href":"https:\/\/universofamilia.com\/hu\/wp-json\/wp\/v2\/posts\/7584"}],"collection":[{"href":"https:\/\/universofamilia.com\/hu\/wp-json\/wp\/v2\/posts"}],"about":[{"href":"https:\/\/universofamilia.com\/hu\/wp-json\/wp\/v2\/types\/post"}],"author":[{"embeddable":true,"href":"https:\/\/universofamilia.com\/hu\/wp-json\/wp\/v2\/users\/139"}],"replies":[{"embeddable":true,"href":"https:\/\/universofamilia.com\/hu\/wp-json\/wp\/v2\/comments?post=7584"}],"version-history":[{"count":1,"href":"https:\/\/universofamilia.com\/hu\/wp-json\/wp\/v2\/posts\/7584\/revisions"}],"predecessor-version":[{"id":10381,"href":"https:\/\/universofamilia.com\/hu\/wp-json\/wp\/v2\/posts\/7584\/revisions\/10381"}],"wp:featuredmedia":[{"embeddable":true,"href":"https:\/\/universofamilia.com\/hu\/wp-json\/wp\/v2\/media\/7587"}],"wp:attachment":[{"href":"https:\/\/universofamilia.com\/hu\/wp-json\/wp\/v2\/media?parent=7584"}],"wp:term":[{"taxonomy":"category","embeddable":true,"href":"https:\/\/universofamilia.com\/hu\/wp-json\/wp\/v2\/categories?post=7584"},{"taxonomy":"post_tag","embeddable":true,"href":"https:\/\/universofamilia.com\/hu\/wp-json\/wp\/v2\/tags?post=7584"}],"curies":[{"name":"wp","href":"https:\/\/api.w.org\/{rel}","templated":true}]}}