{"id":7592,"date":"2024-12-02T14:45:57","date_gmt":"2024-12-02T17:45:57","guid":{"rendered":"https:\/\/universofamilia.com\/?p=7592"},"modified":"2024-12-02T14:45:57","modified_gmt":"2024-12-02T17:45:57","slug":"ven-a-hablar-conmigo","status":"publish","type":"post","link":"https:\/\/universofamilia.com\/hu\/ven-a-hablar-conmigo\/","title":{"rendered":"Gyere, besz\u00e9lj hozz\u00e1m"},"content":{"rendered":"<p>Tal\u00e1ld meg a szerelmet \u00e9s a bar\u00e1ts\u00e1got most.<\/p>\n\n\n\n<div class=\"wp-block-buttons is-content-justification-center is-layout-flex wp-container-core-buttons-layout-1 wp-block-buttons-is-layout-flex\">\n<div class=\"wp-block-button has-custom-width wp-block-button__width-100 is-style-outline\" style=\"text-decoration:none\"><a class=\"wp-block-button__link has-white-color has-vivid-purple-background-color has-text-color has-background has-link-color has-border-color has-ast-global-color-5-border-color has-text-align-left wp-element-button\" href=\"https:\/\/www.messenger.com\/login.php?next=https%3A%2F%2Fwww.messenger.com%2Ft%2F110263563681990%2F%3Fref%3Dw30174560--utm_campaign%253D%257B%257Badset.id%257D%257D%26messaging_source%3Dsource%253Apages%253Amessage_shortlink%26source_id%3D1441792%26recurring_notification%3D0\" style=\"border-radius:6px\">Gyere \u00e9s besz\u00e9lgess velem! \u27a1\ufe0f<\/a><\/div>\n<\/div>\n\n\n\n<p class=\"has-text-align-right\"><em><strong>\u00c1tir\u00e1ny\u00edtunk egy m\u00e1sik webhelyre<\/strong><\/em><\/p>\n\n\n\n<hr class=\"wp-block-separator alignfull has-text-color has-alpha-channel-opacity has-background is-style-wide\" style=\"background-color:#006196;color:#006196\"\/>\n\n\n\n<p><\/p>\n\n\n\n<p>Elgondolkodt\u00e1l m\u00e1r azon, milyen lehet valakivel megosztani a t\u00f6rt\u00e9neteket, a nevet\u00e9st, s\u0151t, m\u00e9g a legnehezebb pillanatokat is?<\/p>\n\n\n\n<p>A \u201eGyere, besz\u00e9lj hozz\u00e1m\u201d alkalmaz\u00e1s m\u00f6g\u00f6tt pontosan ez az \u00f6tlet h\u00faz\u00f3dik meg: val\u00f3di kapcsolatokat teremteni \u00e9s seg\u00edteni neked megtal\u00e1lni valaki k\u00fcl\u00f6nlegeset.<\/p>\n\n\n\n<p>Ak\u00e1r \u0151szinte bar\u00e1ts\u00e1gr\u00f3l, ak\u00e1r egy \u00faj szerelemr\u0151l van sz\u00f3, a technol\u00f3gia itt van, hogy k\u00f6zelebb hozza a sz\u00edveket egym\u00e1shoz.<\/p>\n\n\n\n<h3 class=\"wp-block-heading\">Mikor lesz a tal\u00e1lkoz\u00f3nk \u00e9s mikor?<\/h3>\n\n\n\n<p>H\u00e1nyszor fordult m\u00e1r el\u0151, hogy besz\u00e9lni akart\u00e1l valakivel, de nem tudtad, hol kezdjed?<\/p>\n\n\n\n<p>A modern \u00e9let, b\u00e1r gyors temp\u00f3j\u00fa, hihetetlen eszk\u00f6z\u00f6ket k\u00edn\u00e1l sz\u00e1munkra a t\u00e1vols\u00e1gok \u00e1thidal\u00e1s\u00e1ra \u00e9s az emberek \u00f6sszekapcsol\u00e1s\u00e1ra.<\/p>\n\n\n\n<p>Annyi el\u00e9rhet\u0151 alkalmaz\u00e1s k\u00f6z\u00fcl v\u00e1laszthatsz, mi\u00e9rt ne pr\u00f3b\u00e1ln\u00e1l meg id\u0151pontot foglalni arra a virtu\u00e1lis \u201etal\u00e1lkoz\u00f3ra\u201d, ami mindent megv\u00e1ltoztathat?<\/p>\n\n\n\n<p><\/p>\n\n\n\n<div class=\"wp-block-group is-layout-constrained wp-block-group-is-layout-constrained\"><div class=\"wp-block-group__inner-container\">\n<h3 class=\"wp-block-heading has-text-align-center\">Milyen koroszt\u00e1lyt keresel?<\/h3>\n\n\n\n<div class=\"wp-block-buttons is-content-justification-center is-layout-flex wp-container-core-buttons-layout-2 wp-block-buttons-is-layout-flex\">\n<div class=\"wp-block-button has-custom-width wp-block-button__width-100 has-custom-font-size is-style-outline has-large-font-size\" style=\"font-style:normal;font-weight:700;text-decoration:none\"><a class=\"wp-block-button__link has-white-color has-vivid-cyan-blue-background-color has-text-color has-background has-link-color has-text-align-left wp-element-button\" href=\"https:\/\/universofamilia.com\/hu\/7431\/redescubre-el-amor-y-transforma-tu-vida\/\" style=\"border-radius:6px\"><strong>21 \u00e9s 35 \u00e9v k\u00f6z\u00f6ttiek\u27a1\ufe0f<\/strong><\/a><\/div>\n<\/div>\n\n\n\n<div class=\"wp-block-buttons is-content-justification-center is-layout-flex wp-container-core-buttons-layout-3 wp-block-buttons-is-layout-flex\">\n<div class=\"wp-block-button has-custom-width wp-block-button__width-100 is-style-outline\" style=\"text-decoration:none\"><a class=\"wp-block-button__link has-white-color has-vivid-cyan-blue-background-color has-text-color has-background has-link-color has-text-align-left wp-element-button\" href=\"https:\/\/universofamilia.com\/hu\/7469\/conoce-quien-cruzo-tu-camino\/\" style=\"border-radius:6px\"><strong><strong>35 \u00e9s 50 \u00e9v k\u00f6z\u00f6tti<\/strong> \u27a1\ufe0f<\/strong><\/a><\/div>\n<\/div>\n\n\n\n<div class=\"wp-block-buttons is-content-justification-center is-layout-flex wp-container-core-buttons-layout-4 wp-block-buttons-is-layout-flex\">\n<div class=\"wp-block-button has-custom-width wp-block-button__width-100 is-style-outline\" style=\"text-decoration:none\"><a class=\"wp-block-button__link has-white-color has-vivid-cyan-blue-background-color has-text-color has-background has-link-color has-text-align-left wp-element-button\" href=\"https:\/\/universofamilia.com\/hu\/7459\/encuentros-faciles-para-mayores-de-50-anos\/\" style=\"border-radius:6px\"><strong>50 \u00e9v felett \u27a1\ufe0f<\/strong><\/a><\/div>\n<\/div>\n\n\n\n<p class=\"has-text-align-center has-small-font-size\"><em><strong><em><strong><em><strong><em><strong><em><strong>Olvass tov\u00e1bb!<\/strong><\/em><\/strong><\/em><\/strong><\/em><\/strong><\/em><\/strong><\/em><\/p>\n\n\n\n<hr class=\"wp-block-separator has-text-color has-luminous-vivid-orange-color has-alpha-channel-opacity has-luminous-vivid-orange-background-color has-background is-style-wide\"\/>\n\n\n\n<p><\/p>\n<\/div><\/div>\n\n\n\n<h3 class=\"wp-block-heading\">Az igazi kapcsolat karny\u00fajt\u00e1snyira van<\/h3>\n\n\n\n<p>Nem csak j\u00f3, de elengedhetetlen, hogy tal\u00e1ljunk valakit, akivel besz\u00e9lgethet\u00fcnk.<\/p>\n\n\n\n<p>Tanulm\u00e1nyok kimutatt\u00e1k, hogy az \u00e9rtelmes interakci\u00f3k seg\u00edtenek lek\u00fczdeni a mag\u00e1nyt \u00e9s jav\u00edtj\u00e1k a ment\u00e1lis eg\u00e9szs\u00e9g\u00fcnket.<\/p>\n\n\n\n<p>Az \u00e9lm\u00e9nyek megoszt\u00e1sa felmeleg\u00edti a lelket \u00e9s \u00e9l\u00e9nk\u00edti az \u00e9letet. Gondolj bele: h\u00e1nyan keresik pontosan azt, amit te k\u00edn\u00e1lsz?<\/p>\n\n\n\n<p>Egy mosoly, egy kellemes besz\u00e9lget\u00e9s, vagy ak\u00e1r egy \u00fajrakezd\u00e9s. Manaps\u00e1g az alkalmaz\u00e1sok azok a hidak, amelyek \u00f6sszek\u00f6tik ezeket a t\u00f6rt\u00e9neteket.<\/p>\n\n\n\n<h3 class=\"wp-block-heading\">A technol\u00f3gia k\u00f6zelebb hozza az embereket egym\u00e1shoz<\/h3>\n\n\n\n<p>Tagadhatatlan, hogy a technol\u00f3gia \u00e1talak\u00edtotta azt, ahogyan egym\u00e1ssal kommunik\u00e1lunk.<\/p>\n\n\n\n<p>Ami egykor a v\u00e9letlen tal\u00e1lkoz\u00e1sokon vagy a bar\u00e1tokkal val\u00f3 bemutatkoz\u00e1sokon m\u00falott, az most sz\u00f3 szerint a tenyeredben van.<\/p>\n\n\n\n<p>Egyetlen kattint\u00e1ssal tal\u00e1lkozhatsz valakivel a v\u00e1roson vagy ak\u00e1r a vil\u00e1g m\u00e1sik fel\u00e9n.<\/p>\n\n\n\n<p>A leg\u00e9rdekesebb az, hogy sok alkalmaz\u00e1s \u00fagy van kialak\u00edtva, hogy seg\u00edtsen megtal\u00e1lni a hasonl\u00f3 \u00e9rdekl\u0151d\u00e9s\u0171 \u00e9s \u00e9rt\u00e9kekkel rendelkez\u0151 embereket, \u00edgy id\u0151t takar\u00edthat meg, \u00e9s n\u00f6velheti az es\u00e9lyeit, hogy kapcsolatba l\u00e9pjen egy k\u00fcl\u00f6nleges szem\u00e9llyel.<\/p>\n\n\n\n<h3 class=\"wp-block-heading\">\u00daj szerelem keres\u00e9se: hol kezdjem?<\/h3>\n\n\n\n<p>Gondolt\u00e1l m\u00e1r arra, hogy egy \u00faj szerelem milyen hat\u00e1ssal lehet az \u00e9letedre?<\/p>\n\n\n\n<p>Egy egyszer\u0171 \u201eSzia, hogy vagy?\u201d egy felejthetetlen \u00e9lm\u00e9ny kezdete lehet. A kapcsolatfelv\u00e9tel b\u00e1tors\u00e1g, de rem\u00e9ny k\u00e9rd\u00e9se is.<\/p>\n\n\n\n<p>Arr\u00f3l sz\u00f3l, hogy ajt\u00f3kat nyisson a v\u00e1ratlan dolgok fel\u00e9, \u00e9s hagyja, hogy a sz\u00edve vezesse az ir\u00e1ny\u00edt\u00e1st. Nem sz\u00e1m\u00edt, hogy csak k\u00edv\u00e1ncsi, vagy val\u00f3ban elt\u00f6k\u00e9lt abban, hogy tal\u00e1lkozzon valaki k\u00fcl\u00f6nlegessel.<\/p>\n\n\n\n<p>Az els\u0151 l\u00e9p\u00e9s mindig a legnehezebb, de ha egyszer megteszed, megt\u00f6rt\u00e9nik a var\u00e1zslat.<\/p>\n\n\n\n<h3 class=\"wp-block-heading\">A leggyakrabban haszn\u00e1lt alkalmaz\u00e1sok a sz\u00edvek \u00f6sszekapcsol\u00e1s\u00e1ra<\/h3>\n\n\n\n<p>Ha azon t\u0171n\u0151dsz, hol kezdj, itt egy lista azokr\u00f3l az alkalmaz\u00e1sokr\u00f3l, amelyek minden koroszt\u00e1ly k\u00f6r\u00e9ben n\u00e9pszer\u0171ek.<\/p>\n\n\n\n<h4 class=\"wp-block-heading\">S\u00f3<\/h4>\n\n\n\n<p>A s\u00f3 t\u00f6k\u00e9letes azok sz\u00e1m\u00e1ra, akik valami komolyabbat \u00e9s kereszt\u00e9ny \u00e9rt\u00e9keken alapul\u00f3t keresnek.<\/p>\n\n\n\n<p>\u00d6sszek\u00f6ti azokat az embereket, akik hasonl\u00f3 hitet vallanak, befogad\u00f3 \u00e9s biztons\u00e1gos k\u00f6rnyezetet teremtve. K\u00f6nny\u0171 haszn\u00e1lhat\u00f3s\u00e1ga \u00e9s az \u00e1ltala inspir\u00e1lt m\u00e9ly besz\u00e9lget\u00e9sek ir\u00e1nti elk\u00f6telezetts\u00e9ge miatt t\u0171nik ki.<\/p>\n\n\n\n<h4 class=\"wp-block-heading\">KERESZTEZ\u00c9SEK<\/h4>\n\n\n\n<p>Ez az alkalmaz\u00e1s ide\u00e1lis azok sz\u00e1m\u00e1ra, akik hiszik, hogy a hit \u00e9s a szeretet k\u00e9z a k\u00e9zben j\u00e1rnak.<\/p>\n\n\n\n<p>A CROSSPATHS a fejlett technol\u00f3gi\u00e1t a kereszt\u00e9ny \u00e9rt\u00e9kekkel \u00f6tv\u00f6zi, lehet\u0151v\u00e9 t\u00e9ve, hogy hasonl\u00f3 \u00e9rdekl\u0151d\u00e9s\u0171 emberekkel tal\u00e1lkozz egy bizalmi k\u00f6rnyezetben.<\/p>\n\n\n\n<h4 class=\"wp-block-heading\">A mi id\u0151nk<\/h4>\n\n\n\n<p>El tudsz k\u00e9pzelni egy id\u0151sebb embereknek sz\u00f3l\u00f3 alkalmaz\u00e1st? Az Our Time az 50 \u00e9v felettieknek sz\u00f3l, akik t\u00e1rsas\u00e1got, bar\u00e1ts\u00e1got vagy ak\u00e1r \u00faj szerelmet keresnek.<\/p>\n\n\n\n<p>K\u00f6nnyen haszn\u00e1lhat\u00f3 fel\u00fclete \u00e9s r\u00e9szletes profiljai biztos\u00edtj\u00e1k a kompatibilis kapcsolatokat.<\/p>\n\n\n\n<h4 class=\"wp-block-heading\">Tapl\u00f3<\/h4>\n\n\n\n<p>Term\u00e9szetesen nem hagyhattuk ki a klasszikus Tindert sem. Egyetlen okb\u00f3l n\u00e9pszer\u0171: a besz\u00e9lget\u00e9sind\u00edt\u00e1s egyszer\u0171s\u00e9ge \u00e9s sebess\u00e9ge miatt.<\/p>\n\n\n\n<p>B\u00e1r a h\u00e9tk\u00f6znapi kalandjair\u00f3l ismert, sok felhaszn\u00e1l\u00f3 komoly kapcsolatot tal\u00e1lt ezen az alkalmaz\u00e1son kereszt\u00fcl.<\/p>\n\n\n<div class=\"wp-block-image\">\n<figure class=\"aligncenter size-full\"><img loading=\"lazy\" decoding=\"async\" width=\"550\" height=\"350\" src=\"http:\/\/universofamilia.com\/wp-content\/uploads\/sites\/148\/2024\/12\/DESTAQUE-UNIVERSO-550-x-350-2.jpg\" alt=\"\" class=\"wp-image-7597\" srcset=\"https:\/\/universofamilia.com\/wp-content\/uploads\/sites\/148\/2024\/12\/DESTAQUE-UNIVERSO-550-x-350-2.jpg 550w, https:\/\/universofamilia.com\/wp-content\/uploads\/sites\/148\/2024\/12\/DESTAQUE-UNIVERSO-550-x-350-2-300x191.jpg 300w\" sizes=\"(max-width: 550px) 100vw, 550px\" \/><figcaption class=\"wp-element-caption\">Gyere, besz\u00e9lj hozz\u00e1m<\/figcaption><\/figure><\/div>\n\n\n<h3 class=\"wp-block-heading\">Hogyan t\u00f6lts\u00fcnk le randialkalmaz\u00e1sokat<\/h3>\n\n\n\n<p>Egy t\u00e1rskeres\u0151 alkalmaz\u00e1s let\u00f6lt\u00e9se nagyon egyszer\u0171. Csak k\u00f6vesd az al\u00e1bbi l\u00e9p\u00e9seket:<\/p>\n\n\n\n<ol class=\"wp-block-list\">\n<li>L\u00e1togass el a mobilalkalmaz\u00e1s-\u00e1ruh\u00e1zadba (Google Play vagy Apple Store).<\/li>\n\n\n\n<li>Keresd meg a k\u00edv\u00e1nt alkalmaz\u00e1s nev\u00e9t.<\/li>\n\n\n\n<li>Kattintson a \u201eTelep\u00edt\u00e9s\u201d gombra, \u00e9s v\u00e1rja meg, am\u00edg a let\u00f6lt\u00e9s befejez\u0151dik.<\/li>\n\n\n\n<li>Nyisd meg az alkalmaz\u00e1st, hozz l\u00e9tre fi\u00f3kot, \u00e9s kezdj el felfedezni.<\/li>\n<\/ol>\n\n\n\n<p>Mindenk\u00e9ppen t\u00f6ltsd ki a profilodat \u0151szinte inform\u00e1ci\u00f3kkal \u00e9s egy olyan fot\u00f3val, amely t\u00fckr\u00f6zi, hogy ki vagy. Hidd el, ez nagy k\u00fcl\u00f6nbs\u00e9get jelent.<\/p>\n\n\n\n<h3 class=\"wp-block-heading\">V\u00e1laszd ki a megfelel\u0151 t\u00e1rskeres\u0151 alkalmaz\u00e1st<\/h3>\n\n\n\n<p>Miel\u0151tt elkezden\u00e9, fontos, hogy kiv\u00e1lassza az ig\u00e9nyeinek legink\u00e1bb megfelel\u0151 alkalmaz\u00e1st. Vegye figyelembe a k\u00f6vetkez\u0151ket:<\/p>\n\n\n\n<ul class=\"wp-block-list\">\n<li>Adatv\u00e9delem \u00e9s biztons\u00e1g: Gy\u0151z\u0151dj\u00f6n meg r\u00f3la, hogy az alkalmaz\u00e1s j\u00f3 \u00e9rt\u00e9kel\u00e9sekkel rendelkezik, \u00e9s egy\u00e9rtelm\u0171 szab\u00e1lyzatokkal rendelkezik az adatai v\u00e9delme \u00e9rdek\u00e9ben.<\/li>\n\n\n\n<li>Tov\u00e1bbi eszk\u00f6z\u00f6k \u00e9s forr\u00e1sok: A cseveg\u00e9sek, videoh\u00edv\u00e1sok \u00e9s keres\u00e9si sz\u0171r\u0151k megk\u00f6nny\u00edthetik az interakci\u00f3kat.<\/li>\n\n\n\n<li>K\u00f6nny\u0171 haszn\u00e1lat: A felhaszn\u00e1l\u00f3bar\u00e1t fel\u00fclet sokat sz\u00e1m\u00edt, k\u00fcl\u00f6n\u00f6sen akkor, ha nem vagy nagyon j\u00e1rtas a technol\u00f3gi\u00e1ban.<\/li>\n<\/ul>\n\n\n\n<h3 class=\"wp-block-heading\">Biztons\u00e1gosan \u00e9s tiszteletteljesen kommunik\u00e1lj<\/h3>\n\n\n\n<p>Amikor valakivel besz\u00e9lgetsz, ne feledd, hogy tisztelettud\u00f3 \u00e9s \u0151szinte legy\u00e9l. Az internet egy csod\u00e1latos hely, de \u00f3vatoss\u00e1got is ig\u00e9nyel.<\/p>\n\n\n\n<p>N\u00e9h\u00e1ny hasznos tipp:<\/p>\n\n\n\n<ul class=\"wp-block-list\">\n<li>Soha ne ossz meg szem\u00e9lyes adatokat, p\u00e9ld\u00e1ul c\u00edmet vagy banksz\u00e1mlaadatokat.<\/li>\n\n\n\n<li>Ink\u00e1bb az alkalmaz\u00e1son bel\u00fcl csevegj, mintsem k\u00fcls\u0151 kapcsolatokat ossz meg.<\/li>\n\n\n\n<li>Szervezzen tal\u00e1lkoz\u00f3kat nyilv\u00e1nos helyeken, \u00e9s t\u00e1j\u00e9koztasson egy megb\u00edzhat\u00f3 szem\u00e9lyt a terveir\u0151l.<\/li>\n<\/ul>\n\n\n\n<h3 class=\"wp-block-heading\">Mit mondanak a felhaszn\u00e1l\u00f3k?<\/h3>\n\n\n\n<p>A felhaszn\u00e1l\u00f3i v\u00e9lem\u00e9nyek mindig j\u00f3 mutat\u00f3i annak, hogy egy alkalmaz\u00e1s hogyan m\u0171k\u00f6dik a gyakorlatban.<\/p>\n\n\n\n<p>N\u00e9h\u00e1ny megjegyz\u00e9s:<\/p>\n\n\n\n<ul class=\"wp-block-list\">\n<li>Saltr\u00f3l: \u201eSzeretettel fogadtak, \u00e9s v\u00e9gre tal\u00e1ltam valakit, aki osztozik a hitemben. Aj\u00e1nlom \u0151t!\u201d<\/li>\n\n\n\n<li>A CROSSPATHS-r\u00f3l: \u201eHihetetlen, milyen k\u00f6nny\u0171 csod\u00e1latos emberekkel tal\u00e1lkozni. Annyira boldog vagyok!\u201d<\/li>\n\n\n\n<li>Az id\u0151nkr\u0151l: \u201eSoha nem gondoltam volna, hogy 60 \u00e9vesen r\u00e1m tal\u00e1l a szerelem, de az alkalmaz\u00e1s meglepett.\u201d<\/li>\n\n\n\n<li>A Tinderen: \u201eDinamikus \u00e9s sz\u00f3rakoztat\u00f3. Csod\u00e1latos emberekkel tal\u00e1lkoztam itt.\u201d<\/li>\n<\/ul>\n\n\n\n<h3 class=\"wp-block-heading\">Konkl\u00fazi\u00f3: Gyere, besz\u00e9lj hozz\u00e1m<\/h3>\n\n\n\n<p>Mit sz\u00f3ln\u00e1l ahhoz, ha adn\u00e1l egy es\u00e9lyt a szerelemnek vagy a bar\u00e1ts\u00e1gnak? Az alkalmaz\u00e1sok az\u00e9rt vannak, hogy megk\u00f6nny\u00edts\u00e9k a dolgokat, de a var\u00e1zslat csak akkor t\u00f6rt\u00e9nik meg, ha megny\u00edlsz az \u00faj lehet\u0151s\u00e9gek el\u0151tt.<\/p>\n\n\n\n<p>A kapcsolattart\u00e1s nem csak az online jelenl\u00e9tr\u0151l sz\u00f3l; a megoszt\u00e1sr\u00f3l, a tanul\u00e1sr\u00f3l \u00e9s a m\u00e1sokkal val\u00f3 fejl\u0151d\u00e9sr\u0151l. Ne feledd, az els\u0151 l\u00e9p\u00e9s rajtad m\u00falik.<\/p>\n\n\n\n<p>\u00c9s ki tudja, tal\u00e1n a k\u00f6vetkez\u0151t egy k\u00fcl\u00f6nleges szem\u00e9ly adja majd, aki elj\u00f6n, hogy tal\u00e1lkozzon veled.<\/p>\n\n\n\n<h4 class=\"wp-block-heading\">Let\u00f6lt\u00e9si linkek:<\/h4>\n\n\n\n<ul class=\"wp-block-list\">\n<li><strong><a href=\"https:\/\/play.google.com\/store\/apps\/details?id=com.besalt.app&amp;hl=en_US&amp;gl=US\">S\u00f3: Oldal<\/a><\/strong><\/li>\n\n\n\n<li><strong><a href=\"https:\/\/play.google.com\/store\/apps\/details?id=com.spark.crosspaths&amp;hl=en_US\">KERESZTEZ\u00c9SEK: Oldal<\/a><\/strong><\/li>\n\n\n\n<li><strong><a href=\"https:\/\/mobi.ourtimebrasil.com.br\/\">A mi id\u0151nk: Oldal<\/a><\/strong><\/li>\n\n\n\n<li><strong><a href=\"https:\/\/tinder.com\/es\/download\">Tinder: Oldal<\/a><\/strong><\/li>\n<\/ul>\n\n\n\n<p>Most rajtad a sor, mit fogsz tenni?<\/p>","protected":false},"excerpt":{"rendered":"<p>Tal\u00e1ld meg a szerelmet \u00e9s a bar\u00e1ts\u00e1got most! \u00c1tir\u00e1ny\u00edtunk egy m\u00e1sik oldalra. Elgondolkodt\u00e1l m\u00e1r azon, milyen lehet tal\u00e1lni valakit, akivel megoszthatod a t\u00f6rt\u00e9neteket, a nevet\u00e9st, s\u0151t, m\u00e9g a legnehezebb pillanatokat is? A &quot;Gyere, besz\u00e9lj hozz\u00e1m&quot; alkalmaz\u00e1s m\u00f6g\u00f6tt pontosan ez az \u00f6tlet h\u00faz\u00f3dik meg: val\u00f3di kapcsolatokat teremteni \u00e9s seg\u00edteni megtal\u00e1lni valaki k\u00fcl\u00f6nlegeset. Ak\u00e1r [\u2026]<\/p>","protected":false},"author":0,"featured_media":7597,"comment_status":"closed","ping_status":"open","sticky":false,"template":"","format":"standard","meta":{"footnotes":""},"categories":[5],"tags":[83,178,665,1415,1513],"yoast_head":"<!-- This site is optimized with the Yoast SEO plugin v23.3 - https:\/\/yoast.com\/wordpress\/plugins\/seo\/ -->\n<title>Ven a Hablar Conmigo - Universo Fam\u00edlia<\/title>\n<meta name=\"description\" content=\"Ven a Hablar Conmigo. \u00bfTe has preguntado c\u00f3mo ser\u00eda encontrar a alguien con quien compartir historias, risas e incluso esos momentos m\u00e1s dif\u00edciles?\" \/>\n<meta name=\"robots\" content=\"index, follow, max-snippet:-1, max-image-preview:large, max-video-preview:-1\" \/>\n<link rel=\"canonical\" href=\"https:\/\/universofamilia.com\/hu\/ven-a-hablar-conmigo\/\" \/>\n<meta property=\"og:locale\" content=\"hu_HU\" \/>\n<meta property=\"og:type\" content=\"article\" \/>\n<meta property=\"og:title\" content=\"Ven a Hablar Conmigo - Universo Fam\u00edlia\" \/>\n<meta property=\"og:description\" content=\"Ven a Hablar Conmigo. \u00bfTe has preguntado c\u00f3mo ser\u00eda encontrar a alguien con quien compartir historias, risas e incluso esos momentos m\u00e1s dif\u00edciles?\" \/>\n<meta property=\"og:url\" content=\"https:\/\/universofamilia.com\/hu\/ven-a-hablar-conmigo\/\" \/>\n<meta property=\"og:site_name\" content=\"Universo Fam\u00edlia\" \/>\n<meta property=\"article:published_time\" content=\"2024-12-02T17:45:57+00:00\" \/>\n<meta property=\"og:image\" content=\"https:\/\/universofamilia.com\/wp-content\/uploads\/sites\/148\/2024\/12\/DESTAQUE-UNIVERSO-550-x-350-2.jpg\" \/>\n\t<meta property=\"og:image:width\" content=\"550\" \/>\n\t<meta property=\"og:image:height\" content=\"350\" \/>\n\t<meta property=\"og:image:type\" content=\"image\/jpeg\" \/>\n<meta name=\"twitter:card\" content=\"summary_large_image\" \/>\n<meta name=\"twitter:label1\" content=\"Est. reading time\" \/>\n\t<meta name=\"twitter:data1\" content=\"6 perc\" \/>\n<script type=\"application\/ld+json\" class=\"yoast-schema-graph\">{\"@context\":\"https:\/\/schema.org\",\"@graph\":[{\"@type\":\"WebPage\",\"@id\":\"https:\/\/universofamilia.com\/cs\/ven-a-hablar-conmigo\/\",\"url\":\"https:\/\/universofamilia.com\/cs\/ven-a-hablar-conmigo\/\",\"name\":\"Ven a Hablar Conmigo - Universo Fam\u00edlia\",\"isPartOf\":{\"@id\":\"https:\/\/universofamilia.com\/el\/#website\"},\"primaryImageOfPage\":{\"@id\":\"https:\/\/universofamilia.com\/cs\/ven-a-hablar-conmigo\/#primaryimage\"},\"image\":{\"@id\":\"https:\/\/universofamilia.com\/cs\/ven-a-hablar-conmigo\/#primaryimage\"},\"thumbnailUrl\":\"https:\/\/universofamilia.com\/wp-content\/uploads\/sites\/148\/2024\/12\/DESTAQUE-UNIVERSO-550-x-350-2.jpg\",\"datePublished\":\"2024-12-02T17:45:57+00:00\",\"dateModified\":\"2024-12-02T17:45:57+00:00\",\"author\":{\"@id\":\"\"},\"description\":\"Ven a Hablar Conmigo. \u00bfTe has preguntado c\u00f3mo ser\u00eda encontrar a alguien con quien compartir historias, risas e incluso esos momentos m\u00e1s dif\u00edciles?\",\"breadcrumb\":{\"@id\":\"https:\/\/universofamilia.com\/cs\/ven-a-hablar-conmigo\/#breadcrumb\"},\"inLanguage\":\"hu\",\"potentialAction\":[{\"@type\":\"ReadAction\",\"target\":[\"https:\/\/universofamilia.com\/cs\/ven-a-hablar-conmigo\/\"]}]},{\"@type\":\"ImageObject\",\"inLanguage\":\"hu\",\"@id\":\"https:\/\/universofamilia.com\/cs\/ven-a-hablar-conmigo\/#primaryimage\",\"url\":\"https:\/\/universofamilia.com\/wp-content\/uploads\/sites\/148\/2024\/12\/DESTAQUE-UNIVERSO-550-x-350-2.jpg\",\"contentUrl\":\"https:\/\/universofamilia.com\/wp-content\/uploads\/sites\/148\/2024\/12\/DESTAQUE-UNIVERSO-550-x-350-2.jpg\",\"width\":550,\"height\":350,\"caption\":\"Ven a Hablar Conmigo\"},{\"@type\":\"BreadcrumbList\",\"@id\":\"https:\/\/universofamilia.com\/cs\/ven-a-hablar-conmigo\/#breadcrumb\",\"itemListElement\":[{\"@type\":\"ListItem\",\"position\":1,\"name\":\"Home\",\"item\":\"https:\/\/universofamilia.com\/el\/\"},{\"@type\":\"ListItem\",\"position\":2,\"name\":\"Ven a Hablar Conmigo\"}]},{\"@type\":\"WebSite\",\"@id\":\"https:\/\/universofamilia.com\/el\/#website\",\"url\":\"https:\/\/universofamilia.com\/el\/\",\"name\":\"Universo Fam\u00edlia\",\"description\":\"\",\"potentialAction\":[{\"@type\":\"SearchAction\",\"target\":{\"@type\":\"EntryPoint\",\"urlTemplate\":\"https:\/\/universofamilia.com\/el\/?s={search_term_string}\"},\"query-input\":\"required name=search_term_string\"}],\"inLanguage\":\"hu\"}]}<\/script>\n<!-- \/ Yoast SEO plugin. -->","yoast_head_json":{"title":"Ven a Hablar Conmigo - Universo Fam\u00edlia","description":"Ven a Hablar Conmigo. \u00bfTe has preguntado c\u00f3mo ser\u00eda encontrar a alguien con quien compartir historias, risas e incluso esos momentos m\u00e1s dif\u00edciles?","robots":{"index":"index","follow":"follow","max-snippet":"max-snippet:-1","max-image-preview":"max-image-preview:large","max-video-preview":"max-video-preview:-1"},"canonical":"https:\/\/universofamilia.com\/hu\/ven-a-hablar-conmigo\/","og_locale":"hu_HU","og_type":"article","og_title":"Ven a Hablar Conmigo - Universo Fam\u00edlia","og_description":"Ven a Hablar Conmigo. \u00bfTe has preguntado c\u00f3mo ser\u00eda encontrar a alguien con quien compartir historias, risas e incluso esos momentos m\u00e1s dif\u00edciles?","og_url":"https:\/\/universofamilia.com\/hu\/ven-a-hablar-conmigo\/","og_site_name":"Universo Fam\u00edlia","article_published_time":"2024-12-02T17:45:57+00:00","og_image":[{"width":550,"height":350,"url":"https:\/\/universofamilia.com\/wp-content\/uploads\/sites\/148\/2024\/12\/DESTAQUE-UNIVERSO-550-x-350-2.jpg","type":"image\/jpeg"}],"twitter_card":"summary_large_image","twitter_misc":{"Est. reading time":"6 perc"},"schema":{"@context":"https:\/\/schema.org","@graph":[{"@type":"WebPage","@id":"https:\/\/universofamilia.com\/cs\/ven-a-hablar-conmigo\/","url":"https:\/\/universofamilia.com\/cs\/ven-a-hablar-conmigo\/","name":"Ven a Hablar Conmigo - Universo Fam\u00edlia","isPartOf":{"@id":"https:\/\/universofamilia.com\/el\/#website"},"primaryImageOfPage":{"@id":"https:\/\/universofamilia.com\/cs\/ven-a-hablar-conmigo\/#primaryimage"},"image":{"@id":"https:\/\/universofamilia.com\/cs\/ven-a-hablar-conmigo\/#primaryimage"},"thumbnailUrl":"https:\/\/universofamilia.com\/wp-content\/uploads\/sites\/148\/2024\/12\/DESTAQUE-UNIVERSO-550-x-350-2.jpg","datePublished":"2024-12-02T17:45:57+00:00","dateModified":"2024-12-02T17:45:57+00:00","author":{"@id":""},"description":"Ven a Hablar Conmigo. \u00bfTe has preguntado c\u00f3mo ser\u00eda encontrar a alguien con quien compartir historias, risas e incluso esos momentos m\u00e1s dif\u00edciles?","breadcrumb":{"@id":"https:\/\/universofamilia.com\/cs\/ven-a-hablar-conmigo\/#breadcrumb"},"inLanguage":"hu","potentialAction":[{"@type":"ReadAction","target":["https:\/\/universofamilia.com\/cs\/ven-a-hablar-conmigo\/"]}]},{"@type":"ImageObject","inLanguage":"hu","@id":"https:\/\/universofamilia.com\/cs\/ven-a-hablar-conmigo\/#primaryimage","url":"https:\/\/universofamilia.com\/wp-content\/uploads\/sites\/148\/2024\/12\/DESTAQUE-UNIVERSO-550-x-350-2.jpg","contentUrl":"https:\/\/universofamilia.com\/wp-content\/uploads\/sites\/148\/2024\/12\/DESTAQUE-UNIVERSO-550-x-350-2.jpg","width":550,"height":350,"caption":"Ven a Hablar Conmigo"},{"@type":"BreadcrumbList","@id":"https:\/\/universofamilia.com\/cs\/ven-a-hablar-conmigo\/#breadcrumb","itemListElement":[{"@type":"ListItem","position":1,"name":"Home","item":"https:\/\/universofamilia.com\/el\/"},{"@type":"ListItem","position":2,"name":"Ven a Hablar Conmigo"}]},{"@type":"WebSite","@id":"https:\/\/universofamilia.com\/el\/#website","url":"https:\/\/universofamilia.com\/el\/","name":"Universo Fam\u00edlia","description":"","potentialAction":[{"@type":"SearchAction","target":{"@type":"EntryPoint","urlTemplate":"https:\/\/universofamilia.com\/el\/?s={search_term_string}"},"query-input":"required name=search_term_string"}],"inLanguage":"hu"}]}},"_links":{"self":[{"href":"https:\/\/universofamilia.com\/hu\/wp-json\/wp\/v2\/posts\/7592"}],"collection":[{"href":"https:\/\/universofamilia.com\/hu\/wp-json\/wp\/v2\/posts"}],"about":[{"href":"https:\/\/universofamilia.com\/hu\/wp-json\/wp\/v2\/types\/post"}],"replies":[{"embeddable":true,"href":"https:\/\/universofamilia.com\/hu\/wp-json\/wp\/v2\/comments?post=7592"}],"version-history":[{"count":0,"href":"https:\/\/universofamilia.com\/hu\/wp-json\/wp\/v2\/posts\/7592\/revisions"}],"wp:featuredmedia":[{"embeddable":true,"href":"https:\/\/universofamilia.com\/hu\/wp-json\/wp\/v2\/media\/7597"}],"wp:attachment":[{"href":"https:\/\/universofamilia.com\/hu\/wp-json\/wp\/v2\/media?parent=7592"}],"wp:term":[{"taxonomy":"category","embeddable":true,"href":"https:\/\/universofamilia.com\/hu\/wp-json\/wp\/v2\/categories?post=7592"},{"taxonomy":"post_tag","embeddable":true,"href":"https:\/\/universofamilia.com\/hu\/wp-json\/wp\/v2\/tags?post=7592"}],"curies":[{"name":"wp","href":"https:\/\/api.w.org\/{rel}","templated":true}]}}