{"id":7599,"date":"2024-12-03T10:57:02","date_gmt":"2024-12-03T13:57:02","guid":{"rendered":"https:\/\/universofamilia.com\/?p=7599"},"modified":"2024-12-03T10:57:02","modified_gmt":"2024-12-03T13:57:02","slug":"recupera-tus-fotos-ahora","status":"publish","type":"post","link":"https:\/\/universofamilia.com\/hu\/recupera-tus-fotos-ahora\/","title":{"rendered":"\u00c1ll\u00edtsa vissza fot\u00f3it most"},"content":{"rendered":"<p>Ne vesz\u00edtsd el az eml\u00e9keidet!<\/p>\n\n\n\n<div class=\"wp-block-buttons is-content-justification-center is-layout-flex wp-container-core-buttons-layout-1 wp-block-buttons-is-layout-flex\">\n<div class=\"wp-block-button has-custom-width wp-block-button__width-100 is-style-outline\" style=\"text-decoration:none\"><a class=\"wp-block-button__link has-white-color has-vivid-purple-background-color has-text-color has-background has-link-color has-border-color has-ast-global-color-5-border-color has-text-align-left wp-element-button\" href=\"https:\/\/play.google.com\/store\/apps\/details?id=com.google.android.apps.photos&amp;hl=pt_BR&amp;gl=US\" style=\"border-radius:6px\">Szeretn\u00e9m megtanulni, hogyan lehet helyre\u00e1ll\u00edtani a fot\u00f3kat \u27a1\ufe0f<\/a><\/div>\n<\/div>\n\n\n\n<p class=\"has-text-align-right\"><em><strong>\u00c1tir\u00e1ny\u00edtunk egy m\u00e1sik webhelyre<\/strong><\/em><\/p>\n\n\n\n<hr class=\"wp-block-separator alignfull has-text-color has-alpha-channel-opacity has-background is-style-wide\" style=\"background-color:#006196;color:#006196\"\/>\n\n\n\n<p><\/p>\n\n\n\n<p>El tudod k\u00e9pzelni, hogy elvesz\u00edted azt a k\u00fcl\u00f6nleges pillanatot, amit olyan szeretettel \u00f6r\u00f6k\u00edtett\u00e9l meg?<\/p>\n\n\n\n<p>Sokan f\u00e9lt\u00fcnk m\u00e1r att\u00f3l, hogy v\u00e9letlen\u00fcl let\u00f6r\u00f6l\u00fcnk fontos f\u00e9nyk\u00e9peket.<\/p>\n\n\n\n<p>De ne agg\u00f3dj! A j\u00f3 h\u00edr az, hogy vannak m\u00f3dok a t\u00f6r\u00f6lt fot\u00f3k vissza\u00e1ll\u00edt\u00e1s\u00e1ra, \u00e9s egy kis er\u0151fesz\u00edt\u00e9ssel ak\u00e1r meg is akad\u00e1lyozhatod, hogy ez \u00fajra megt\u00f6rt\u00e9njen.<\/p>\n\n\n\n<p>N\u00e9zz\u00fck meg, hogyan kell csin\u00e1lni!<\/p>\n\n\n\n<h2 class=\"wp-block-heading\">Fontos inform\u00e1ci\u00f3k az elveszett f\u00e9nyk\u00e9pek vissza\u00e1ll\u00edt\u00e1s\u00e1hoz<\/h2>\n\n\n\n<p>Az els\u0151 dolog, hogy maradj nyugodt. Sok esetben a t\u00f6r\u00f6lt fot\u00f3k nem t\u00f6rl\u0151dnek v\u00e9glegesen, \u00e9s vannak m\u00f3dok a vissza\u00e1ll\u00edt\u00e1sukra.<\/p>\n\n\n\n<p>Att\u00f3l f\u00fcgg\u0151en, hogy hov\u00e1 mentetted \u0151ket, a folyamat elt\u00e9r\u0151 lehet, de itt van n\u00e9h\u00e1ny kezdeti l\u00e9p\u00e9s:<\/p>\n\n\n\n<ul class=\"wp-block-list\">\n<li>Ellen\u0151rizd a Fot\u00f3k alkalmaz\u00e1s lomt\u00e1r\u00e1t. Sz\u00e1mos platform, p\u00e9ld\u00e1ul a Google Fot\u00f3k, ideiglenesen a t\u00f6r\u00f6lt f\u00e1jlokat a lomt\u00e1rba menti.<\/li>\n\n\n\n<li>Keressen biztons\u00e1gi ment\u00e9seket a felh\u0151ben vagy a r\u00e9gi eszk\u00f6z\u00f6k\u00f6n. Lehet, hogy a fot\u00f3i szinkroniz\u00e1lva vannak egy felh\u0151szolg\u00e1ltat\u00e1ssal, vagy m\u00e1shol vannak t\u00e1rolva.<\/li>\n\n\n\n<li>Haszn\u00e1ljon speci\u00e1lis adat-helyre\u00e1ll\u00edt\u00f3 szoftvert. Ezek az eszk\u00f6z\u00f6k seg\u00edthetnek megtal\u00e1lni a t\u00f6r\u00f6lt f\u00e9nyk\u00e9peket m\u00e9g azut\u00e1n is, hogy t\u00f6r\u00f6lte \u0151ket a kuk\u00e1b\u00f3l.<\/li>\n<\/ul>\n\n\n\n<p>A gyors cselekv\u00e9s n\u00f6veli a k\u00e9pek helyre\u00e1ll\u00edt\u00e1s\u00e1nak es\u00e9ly\u00e9t.<\/p>\n\n\n\n<p><\/p>\n\n\n\n<hr class=\"wp-block-separator has-text-color has-luminous-vivid-orange-color has-alpha-channel-opacity has-luminous-vivid-orange-background-color has-background is-style-wide\"\/>\n\n\n\n<h3 class=\"wp-block-heading\">L\u00e1sd m\u00e9g:<\/h3>\n\n\n\n<ul class=\"wp-block-list has-small-font-size\">\n<li class=\"has-medium-font-size\" style=\"padding-top:0;padding-right:var(--wp--preset--spacing--40);padding-bottom:0;padding-left:var(--wp--preset--spacing--40);font-style:normal;font-weight:400\"><a href=\"https:\/\/universofamilia.com\/hu\/6855\/grabar-llamadas-recibidas\/\"><mark style=\"background-color:rgba(0, 0, 0, 0);color:#f94c45\" class=\"has-inline-color\">Bej\u00f6v\u0151 h\u00edv\u00e1sok r\u00f6gz\u00edt\u00e9se &gt;<\/mark><\/a><\/li>\n\n\n\n<li class=\"has-medium-font-size\" style=\"padding-top:0;padding-right:var(--wp--preset--spacing--40);padding-bottom:0;padding-left:var(--wp--preset--spacing--40);font-style:normal;font-weight:400\"><a href=\"https:\/\/universofamilia.com\/hu\/6898\/leer-la-biblia-catolica-en-tu-celular\/\"><mark style=\"background-color:rgba(0, 0, 0, 0);color:#f94c45\" class=\"has-inline-color\"><font style=\"vertical-align: inherit;\"><font style=\"vertical-align: inherit;\">Olvasd a katolikus Bibli\u00e1t a mobiltelefonodon<\/font><\/font> &gt;<\/mark><\/a><\/li>\n\n\n\n<li class=\"has-medium-font-size\" style=\"padding-top:0;padding-right:var(--wp--preset--spacing--40);padding-bottom:0;padding-left:var(--wp--preset--spacing--40);font-style:normal;font-weight:400\"><a href=\"https:\/\/universofamilia.com\/hu\/6832\/aplicacion-para-bailar-zumba\/\"><mark style=\"background-color:rgba(0, 0, 0, 0);color:#f94c45\" class=\"has-inline-color\">Zumba t\u00e1ncalkalmaz\u00e1s &gt;<\/mark><\/a><\/li>\n\n\n\n<li class=\"has-medium-font-size\" style=\"padding-top:0;padding-right:var(--wp--preset--spacing--40);padding-bottom:0;padding-left:var(--wp--preset--spacing--40);font-style:normal;font-weight:400\"><a href=\"https:\/\/universofamilia.com\/hu\/6952\/descubre-quien-visita-tu-perfil-redes-sociales\/\"><mark style=\"background-color:rgba(0, 0, 0, 0);color:#f94c45\" class=\"has-inline-color\">Tudja meg, kik l\u00e1togatj\u00e1k a k\u00f6z\u00f6ss\u00e9gi m\u00e9dia profilj\u00e1t &gt;<\/mark><\/a><\/li>\n<\/ul>\n\n\n\n<hr class=\"wp-block-separator has-text-color has-luminous-vivid-orange-color has-alpha-channel-opacity has-luminous-vivid-orange-background-color has-background is-style-wide\"\/>\n\n\n\n<p><\/p>\n\n\n\n<h2 class=\"wp-block-heading\">Hogyan el\u0151zhet\u0151 meg a fot\u00f3veszt\u00e9s a j\u00f6v\u0151ben<\/h2>\n\n\n\n<p>Jobb megel\u0151zni, mint gy\u00f3gy\u00edtani. Ezek a tippek seg\u00edthetnek megv\u00e9deni a fot\u00f3it a j\u00f6v\u0151ben:<\/p>\n\n\n\n<ul class=\"wp-block-list\">\n<li>Kapcsolja be az automatikus biztons\u00e1gi ment\u00e9st. Az olyan szolg\u00e1ltat\u00e1sok, mint a Google Fot\u00f3k, a Dropbox \u00e9s az Amazon Photos, automatikusan k\u00e9pesek biztons\u00e1gi m\u00e1solatot k\u00e9sz\u00edteni a f\u00e9nyk\u00e9peir\u0151l a felh\u0151be.<\/li>\n\n\n\n<li>Rendszeresen rendszerezd a fot\u00f3idat. A m\u00e1solatok elt\u00e1vol\u00edt\u00e1sa \u00e9s a k\u00e9pek rendszerez\u00e9se megk\u00f6nny\u00edti a megtal\u00e1l\u00e1sukat.<\/li>\n\n\n\n<li>Telep\u00edtsen egy j\u00f3 v\u00edruskeres\u0151t. A v\u00edrusok \u00e9s a rosszindulat\u00fa programok f\u00e1jlveszt\u00e9st okozhatnak.<\/li>\n\n\n\n<li>Haszn\u00e1ljon t\u00f6bb t\u00e1rol\u00e1si m\u00f3dszert. Kombin\u00e1lja a helyi t\u00e1rhelyet (k\u00fcls\u0151 merevlemezek vagy USB-meghajt\u00f3k) a felh\u0151alap\u00fa t\u00e1rhellyel.<\/li>\n<\/ul>\n\n\n\n<p>Ezekkel az int\u00e9zked\u00e9sekkel a f\u00e9nyk\u00e9peid biztons\u00e1gosabbak lesznek.<\/p>\n\n\n\n<h2 class=\"wp-block-heading\">Vissza\u00e1ll\u00edthat\u00f3k a v\u00e9glegesen t\u00f6r\u00f6lt fot\u00f3k?<\/h2>\n\n\n\n<p>Ez egy gyakori k\u00e9rd\u00e9s: Ha m\u00e1r mindent t\u00f6r\u00f6ltem, van m\u00e9g rem\u00e9ny? A v\u00e1lasz gyakran igen.<\/p>\n\n\n\n<p>Az adat-helyre\u00e1ll\u00edt\u00f3 programok hozz\u00e1f\u00e9rhetnek a lemez vagy a mem\u00f3ria azon szektoraihoz, ahol a f\u00e9nyk\u00e9pek ideiglenesen t\u00e1rol\u00f3dnak, m\u00e9g a t\u00f6rl\u00e9s\u00fck ut\u00e1n is.<\/p>\n\n\n\n<p>Azonban fontos megjegyezni, hogy:<\/p>\n\n\n\n<ul class=\"wp-block-list\">\n<li>Min\u00e9l t\u00f6bb id\u0151 telik el, ann\u00e1l kisebb a siker es\u00e9lye, mivel az \u00faj adatok fel\u00fcl\u00edrhatj\u00e1k azokat a ter\u00fcleteket, ahol a fot\u00f3k voltak.<\/li>\n\n\n\n<li>N\u00e9h\u00e1ny program d\u00edjk\u00f6teles, \u00e9s az ingyenes verzi\u00f3k nem felt\u00e9tlen\u00fcl k\u00edn\u00e1lj\u00e1k a legjobb eredm\u00e9nyeket.<\/li>\n<\/ul>\n\n\n\n<h2 class=\"wp-block-heading\">Vissza\u00e1ll\u00edthatok m\u00e1s f\u00e1jlt\u00edpusokat is a f\u00e9nyk\u00e9peken k\u00edv\u00fcl?<\/h2>\n\n\n\n<p>Term\u00e9szetesen! A helyre\u00e1ll\u00edt\u00e1si programok nem korl\u00e1toz\u00f3dnak a f\u00e9nyk\u00e9pekre.<\/p>\n\n\n\n<p>A t\u00f6r\u00f6lt vide\u00f3kat, dokumentumokat, hangf\u00e1jlokat \u00e9s ak\u00e1r \u00fczeneteket is vissza\u00e1ll\u00edthat.<\/p>\n\n\n\n<p>A megfelel\u0151 program kiv\u00e1laszt\u00e1sa kulcsfontoss\u00e1g\u00fa, mivel n\u00e9melyik k\u00e9pekhez k\u00e9sz\u00fclt, m\u00e1sok pedig \u00e1ltal\u00e1nosabbak.<\/p>\n\n\n\n<h2 class=\"wp-block-heading\">Mennyi ideig \u0151rzi meg a Google Fot\u00f3k a t\u00f6r\u00f6lt fot\u00f3kat?<\/h2>\n\n\n\n<p>Ha a Google Fot\u00f3kat haszn\u00e1lod, a t\u00f6r\u00f6lt k\u00e9pek a kuk\u00e1ba ker\u00fclnek, ahol 60 napig maradnak, miel\u0151tt v\u00e9glegesen t\u00f6rl\u0151dn\u00e9nek.<\/p>\n\n\n\n<p>Ez id\u0151 alatt k\u00f6nnyen vissza\u00e1ll\u00edthatja \u0151ket:<\/p>\n\n\n\n<ol class=\"wp-block-list\">\n<li>Nyisd meg a Google Fot\u00f3k alkalmaz\u00e1st.<\/li>\n\n\n\n<li>Menj a Kuka f\u00fclre.<\/li>\n\n\n\n<li>Jel\u00f6lje ki a vissza\u00e1ll\u00edtani k\u00edv\u00e1nt f\u00e9nyk\u00e9peket, majd kattintson a Vissza\u00e1ll\u00edt\u00e1s gombra.<\/li>\n<\/ol>\n\n\n\n<p>60 nap eltelt\u00e9vel speci\u00e1lis szoftverre lesz sz\u00fcks\u00e9ged a helyre\u00e1ll\u00edt\u00e1sukhoz.<\/p>\n\n\n<div class=\"wp-block-image\">\n<figure class=\"aligncenter size-full\"><img loading=\"lazy\" decoding=\"async\" width=\"550\" height=\"350\" src=\"http:\/\/universofamilia.com\/wp-content\/uploads\/sites\/148\/2024\/12\/DESTAQUE-UNIVERSO-550-x-350-4.jpg\" alt=\"\" class=\"wp-image-7601\" srcset=\"https:\/\/universofamilia.com\/wp-content\/uploads\/sites\/148\/2024\/12\/DESTAQUE-UNIVERSO-550-x-350-4.jpg 550w, https:\/\/universofamilia.com\/wp-content\/uploads\/sites\/148\/2024\/12\/DESTAQUE-UNIVERSO-550-x-350-4-300x191.jpg 300w\" sizes=\"(max-width: 550px) 100vw, 550px\" \/><figcaption class=\"wp-element-caption\">\u00c1ll\u00edtsa vissza fot\u00f3it most<\/figcaption><\/figure><\/div>\n\n\n<h2 class=\"wp-block-heading\">Fizet\u0151sek a fel\u00e9p\u00fcl\u00e9si programok?<\/h2>\n\n\n\n<p>Nem mindegyik, de a leghat\u00e9konyabb programok k\u00f6z\u00fcl sok fizet\u00e9st ig\u00e9nyel a teljes funkci\u00f3ik felold\u00e1s\u00e1hoz.<\/p>\n\n\n\n<p>Az olyan eszk\u00f6z\u00f6k, mint a Recuva, a Disk Drill \u00e9s az EaseUS, ingyenes verzi\u00f3kkal rendelkeznek, amelyek lehet\u0151v\u00e9 teszik a helyre\u00e1ll\u00edthat\u00f3 f\u00e1jlok el\u0151n\u00e9zet\u00e9t, de a vissza\u00e1ll\u00edt\u00e1suk d\u00edjk\u00f6teles.<\/p>\n\n\n\n<p>Meg\u00e9ri fizetni? Az elveszett f\u00e1jlok \u00e9rt\u00e9k\u00e9t\u0151l f\u00fcgg.<\/p>\n\n\n\n<p>Ha fontos eml\u00e9kekr\u0151l van sz\u00f3, a k\u00f6lts\u00e9g indokolt lehet.<\/p>\n\n\n\n<h2 class=\"wp-block-heading\">A fot\u00f3kezel\u00e9s f\u0151bb alkalmaz\u00e1sainak elemz\u00e9se<\/h2>\n\n\n\n<h3 class=\"wp-block-heading\">Google Fot\u00f3k<\/h3>\n\n\n\n<p>Ez az egyik legn\u00e9pszer\u0171bb alkalmaz\u00e1s, amely a felh\u0151alap\u00fa t\u00e1rol\u00e1st a szervez\u00e9si eszk\u00f6z\u00f6kkel \u00f6tv\u00f6zi.<\/p>\n\n\n\n<p>A speci\u00e1lis keres\u00e9si funkci\u00f3 lehet\u0151v\u00e9 teszi a f\u00e9nyk\u00e9pek d\u00e1tum, helysz\u00edn vagy ak\u00e1r a k\u00e9pen l\u00e1that\u00f3 tartalom alapj\u00e1n t\u00f6rt\u00e9n\u0151 keres\u00e9s\u00e9t.<\/p>\n\n\n\n<ul class=\"wp-block-list\">\n<li>El\u0151ny\u00f6k: K\u00f6nnyen haszn\u00e1lhat\u00f3 \u00e9s j\u00f3l integr\u00e1lhat\u00f3 Android \u00e9s iOS eszk\u00f6z\u00f6kkel.<\/li>\n\n\n\n<li>H\u00e1tr\u00e1nyok: Korl\u00e1tozott szabad t\u00e1rhely (15 GB megosztva a Google Drive-val \u00e9s a Gmaillel).<\/li>\n\n\n\n<li>Felhaszn\u00e1l\u00f3i \u00e9rt\u00e9kel\u00e9s: 4,5\/5 a Google Play \u00c1ruh\u00e1zban.<\/li>\n<\/ul>\n\n\n\n<p><a href=\"https:\/\/play.google.com\/store\/apps\/details?id=com.google.android.apps.photos&amp;hl=pt_BR&amp;gl=US\">T\u00f6ltsd le a Google Fot\u00f3kat.<\/a><\/p>\n\n\n\n<h3 class=\"wp-block-heading\">Dropbox<\/h3>\n\n\n\n<p>B\u00e1r a Dropbox legink\u00e1bb \u00e1ltal\u00e1nos t\u00e1rol\u00f3platformk\u00e9nt ismert, a f\u00e9nyk\u00e9pek biztons\u00e1gos t\u00e1rol\u00e1s\u00e1ra is kiv\u00e1l\u00f3.<\/p>\n\n\n\n<p>Eszk\u00f6z\u00f6k k\u00f6z\u00f6tti szinkroniz\u00e1l\u00e1st \u00e9s megb\u00edzhat\u00f3 felh\u0151alap\u00fa t\u00e1rol\u00e1st k\u00edn\u00e1l.<\/p>\n\n\n\n<ul class=\"wp-block-list\">\n<li>El\u0151ny\u00f6k: Gyors szinkroniz\u00e1ci\u00f3 \u00e9s k\u00f6nny\u0171 haszn\u00e1lat.<\/li>\n\n\n\n<li>H\u00e1tr\u00e1nyok: Korl\u00e1tozott szabad t\u00e1rhely (2 GB az ingyenes verzi\u00f3ban).<\/li>\n\n\n\n<li>Felhaszn\u00e1l\u00f3i \u00e9rt\u00e9kel\u00e9s: 4,3\/5 az App Store-ban.<\/li>\n<\/ul>\n\n\n\n<p><a href=\"https:\/\/www.dropbox.com\/pt_BR\/\">T\u00f6ltsd le a Dropboxot.<\/a><\/p>\n\n\n\n<h3 class=\"wp-block-heading\">Amazon fot\u00f3k<\/h3>\n\n\n\n<p>Ha Amazon Prime tag vagy, korl\u00e1tlan sz\u00e1m\u00fa fot\u00f3t\u00e1rhelyhez f\u00e9rhetsz hozz\u00e1 az Amazon Fot\u00f3kban.<\/p>\n\n\n\n<p>Kiv\u00e1l\u00f3 lehet\u0151s\u00e9g biztons\u00e1gi m\u00e1solatok k\u00e9sz\u00edt\u00e9s\u00e9re.<\/p>\n\n\n\n<ul class=\"wp-block-list\">\n<li>El\u0151ny\u00f6k: Korl\u00e1tlan fot\u00f3t\u00e1rhely a Prime-mal.<\/li>\n\n\n\n<li>H\u00e1tr\u00e1nyok: Kev\u00e9sb\u00e9 n\u00e9pszer\u0171 \u00e9s kevesebb integr\u00e1ci\u00f3val rendelkezik, mint m\u00e1s lehet\u0151s\u00e9gek.<\/li>\n\n\n\n<li>Felhaszn\u00e1l\u00f3i \u00e9rt\u00e9kel\u00e9s: 4,6\/5 a Google Play \u00c1ruh\u00e1zban.<\/li>\n<\/ul>\n\n\n\n<p><a href=\"https:\/\/www.amazon.com\/b\/?node=13234696011&amp;ref_=ap_phc_unrec\">T\u00f6ltsd le az Amazon Fot\u00f3kat.<\/a><\/p>\n\n\n\n<h2 class=\"wp-block-heading\">Felhaszn\u00e1l\u00f3i v\u00e9lem\u00e9nyek<\/h2>\n\n\n\n<p>M\u00e1sok tapasztalatai seg\u00edthetnek a d\u00f6nt\u00e9shozatalban. N\u00e9h\u00e1ny felhaszn\u00e1l\u00f3 a k\u00f6vetkez\u0151ket \u00edrja:<\/p>\n\n\n\n<ul class=\"wp-block-list\">\n<li>\u201eVisszaszereztem az \u00f6sszes esk\u00fcv\u0151i fot\u00f3mat a Google Fot\u00f3k seg\u00edts\u00e9g\u00e9vel. Megk\u00f6nnyebb\u00fcl\u00e9s volt!\u201d \u2013 Joana M.<\/li>\n\n\n\n<li>\u201eA Dropbox mentett meg, amikor elromlott a telefonom. Most m\u00e1r mindig bekapcsolom az automatikus biztons\u00e1gi ment\u00e9seket.\u201d \u2013 Carlos S.<\/li>\n\n\n\n<li>\u201eNem tudtam, hogy az Amazon Photos ilyen j\u00f3. Most mindent oda mentek.\u201d \u2013 Ana P.<\/li>\n<\/ul>\n\n\n\n<p>Ezek a t\u00f6rt\u00e9netek megmutatj\u00e1k, hogy a megfelel\u0151 eszk\u00f6z\u00f6k milyen v\u00e1ltoz\u00e1st hozhatnak.<\/p>\n\n\n\n<h2 class=\"wp-block-heading\">K\u00f6vetkeztet\u00e9s<\/h2>\n\n\n\n<p>A f\u00e9nyk\u00e9pek elveszt\u00e9se stresszes \u00e9lm\u00e9ny lehet, de ahogy l\u00e1ttuk, sz\u00e1mos m\u00f3dja van a vissza\u00e1ll\u00edt\u00e1suknak.<\/p>\n\n\n\n<p>Fontos az is, hogy megel\u0151zz\u00fck ezeket a helyzeteket olyan int\u00e9zked\u00e9sek v\u00e9grehajt\u00e1s\u00e1val, mint amilyeneket megosztottunk.<\/p>\n\n\n\n<p>Most rajtad a sor. Pr\u00f3b\u00e1ld ki az \u00e1ltalunk eml\u00edtett megold\u00e1sokat, oszd meg ezt a cikket a bar\u00e1taiddal, \u00e9s v\u00e9dd meg legf\u00e9ltettebb eml\u00e9keidet.<\/p>\n\n\n\n<p>Egyediek \u00e9s p\u00f3tolhatatlanok!<\/p>\n\n\n\n<h3 class=\"wp-block-heading\"><strong>Let\u00f6lt\u00e9si linkek<\/strong>:<\/h3>\n\n\n\n<ul class=\"wp-block-list\">\n<li><a href=\"https:\/\/play.google.com\/store\/apps\/details?id=com.google.android.apps.photos&amp;hl=pt_BR&amp;gl=US\">Google Fot\u00f3k<\/a><\/li>\n\n\n\n<li><a href=\"https:\/\/www.dropbox.com\/pt_BR\/\">Dropbox<\/a><\/li>\n\n\n\n<li><a href=\"https:\/\/www.amazon.com\/b\/?node=13234696011&amp;ref_=ap_phc_unrec\">Amazon fot\u00f3k<\/a><\/li>\n<\/ul>\n\n\n\n<h3 class=\"wp-block-heading\">GYIK \u2013 T\u00f6r\u00f6lt f\u00e9nyk\u00e9pek vissza\u00e1ll\u00edt\u00e1sa<\/h3>\n\n\n\n<p><strong>1. Lehets\u00e9ges-e a v\u00e9glegesen t\u00f6r\u00f6lt f\u00e9nyk\u00e9pek vissza\u00e1ll\u00edt\u00e1sa?<\/strong><br>Igen, sok esetben lehets\u00e9ges a v\u00e9glegesen t\u00f6r\u00f6lt f\u00e9nyk\u00e9pek vissza\u00e1ll\u00edt\u00e1sa adat-helyre\u00e1ll\u00edt\u00f3 szoftverrel. Fontos azonban gyorsan cselekedni, mivel az \u00faj adatok fel\u00fcl\u00edrhatj\u00e1k a t\u00f6r\u00f6lt f\u00e1jlokat.<\/p>\n\n\n\n<p><strong>2. Mit tegyek, ha nem tal\u00e1lom a fot\u00f3imat a Google Fot\u00f3k lomt\u00e1r\u00e1ban?<\/strong><br>Ha a fot\u00f3k nincsenek a Google Fot\u00f3k kuk\u00e1j\u00e1ban, pr\u00f3b\u00e1lkozzon speci\u00e1lis helyre\u00e1ll\u00edt\u00f3 szoftver haszn\u00e1lat\u00e1val, vagy keressen biztons\u00e1gi ment\u00e9seket m\u00e1s eszk\u00f6z\u00f6k\u00f6n vagy felh\u0151szolg\u00e1ltat\u00e1sokban.<\/p>\n\n\n\n<p><strong>3. Milyen ingyenes programokat aj\u00e1nlanak a fot\u00f3k helyre\u00e1ll\u00edt\u00e1s\u00e1hoz?<\/strong><br>N\u00e9h\u00e1ny aj\u00e1nlott ingyenes program a Recuva, a Disk Drill \u00e9s az EaseUS Data Recovery. Ezeknek az eszk\u00f6z\u00f6knek vannak ingyenes verzi\u00f3i, amelyek lehet\u0151v\u00e9 teszik a helyre\u00e1ll\u00edthat\u00f3 f\u00e1jlok el\u0151n\u00e9zet\u00e9t, miel\u0151tt kifizetn\u00e9 a teljes verzi\u00f3t.<\/p>\n\n\n\n<p><strong>4. Mennyi id\u0151m van vissza\u00e1ll\u00edtani a t\u00f6r\u00f6lt fot\u00f3kat a Google Fot\u00f3kb\u00f3l?<\/strong><br>A Google Fot\u00f3k 60 napig t\u00e1rolja a t\u00f6r\u00f6lt fot\u00f3kat a kuk\u00e1ban. Ezt k\u00f6vet\u0151en a fot\u00f3k v\u00e9glegesen t\u00f6rl\u0151dnek, \u00e9s helyre\u00e1ll\u00edt\u00f3 szoftvert kell haszn\u00e1lnod a vissza\u00e1ll\u00edt\u00e1sukhoz.<\/p>\n\n\n\n<p><strong>5. Melyek a legjobb alkalmaz\u00e1sok a f\u00e9nyk\u00e9pek elveszt\u00e9s\u00e9nek megakad\u00e1lyoz\u00e1s\u00e1ra?<\/strong><br>A Google Fot\u00f3k, a Dropbox \u00e9s az Amazon Fot\u00f3k nagyszer\u0171 lehet\u0151s\u00e9gek a f\u00e9nyk\u00e9pek automatikus biztons\u00e1gi ment\u00e9s\u00e9re \u00e9s rendszerez\u00e9s\u00e9re. Ezek az alkalmaz\u00e1sok felh\u0151alap\u00fa t\u00e1rhelyet \u00e9s eszk\u00f6z\u00f6k k\u00f6z\u00f6tti szinkroniz\u00e1l\u00e1si lehet\u0151s\u00e9geket k\u00edn\u00e1lnak.<\/p>\n\n\n\n<p><strong>6. Honnan tudom, hogy a fot\u00f3imr\u00f3l automatikusan k\u00e9sz\u00fcl-e biztons\u00e1gi ment\u00e9s?<\/strong><br>Ezt a Fot\u00f3k alkalmaz\u00e1s be\u00e1ll\u00edt\u00e1saiban ellen\u0151rizheted. Gy\u0151z\u0151dj meg r\u00f3la, hogy a biztons\u00e1gi ment\u00e9s funkci\u00f3 enged\u00e9lyezve van, \u00e9s \u00f6ssze van kapcsolva a felh\u0151alap\u00fa fi\u00f3koddal, p\u00e9ld\u00e1ul a Google Drive-val vagy a Dropbox-szal.<\/p>\n\n\n\n<p><strong>7. Haszn\u00e1lhatom az Amazon Photos-t, ha nem vagyok Amazon Prime tag?<\/strong><br>Igen, haszn\u00e1lhatod az Amazon Photos szolg\u00e1ltat\u00e1st Prime tags\u00e1g n\u00e9lk\u00fcl is, de az ingyenes t\u00e1rhely korl\u00e1tozott lesz. Az Amazon Prime tagjai korl\u00e1tlan fot\u00f3t\u00e1rhelyet \u00e9lveznek az el\u0151fizet\u00e9s\u00fck r\u00e9szek\u00e9nt.<\/p>","protected":false},"excerpt":{"rendered":"<p>Ne vesz\u00edtsd el az eml\u00e9keidet! \u00c1tir\u00e1ny\u00edtunk egy m\u00e1sik oldalra. El tudod k\u00e9pzelni, hogy elvesz\u00edtsd azt a k\u00fcl\u00f6nleges pillanatot, amit ilyen szeretettel meg\u00f6r\u00f6k\u00edtett\u00e9l? Sokan \u00e1t\u00e9lt\u00fck m\u00e1r azt a sokkot, hogy v\u00e9letlen\u00fcl t\u00f6r\u00f6lt\u00fcnk fontos fot\u00f3kat. De ne agg\u00f3dj! A j\u00f3 h\u00edr az, hogy vannak m\u00f3dok a t\u00f6r\u00f6lt fot\u00f3k vissza\u00e1ll\u00edt\u00e1s\u00e1ra, \u00e9s egy kis er\u0151fesz\u00edt\u00e9ssel [\u2026]<\/p>","protected":false},"author":0,"featured_media":7601,"comment_status":"closed","ping_status":"open","sticky":false,"template":"","format":"standard","meta":{"footnotes":""},"categories":[2],"tags":[174,700,1254,1370,1389],"yoast_head":"<!-- This site is optimized with the Yoast SEO plugin v23.3 - https:\/\/yoast.com\/wordpress\/plugins\/seo\/ -->\n<title>Recupera tus fotos ahora - Universo Fam\u00edlia<\/title>\n<meta name=\"description\" content=\"Recupera tus fotos ahora. \u00bfTe imaginas perder ese momento especial que capturaste con tanto cari\u00f1o?\" \/>\n<meta name=\"robots\" content=\"index, follow, max-snippet:-1, max-image-preview:large, max-video-preview:-1\" \/>\n<link rel=\"canonical\" href=\"http:\/\/universofamilia.com\/hu\/recupera-tus-fotos-ahora\/\" \/>\n<meta property=\"og:locale\" content=\"hu_HU\" \/>\n<meta property=\"og:type\" content=\"article\" \/>\n<meta property=\"og:title\" content=\"Recupera tus fotos ahora - Universo Fam\u00edlia\" \/>\n<meta property=\"og:description\" content=\"Recupera tus fotos ahora. \u00bfTe imaginas perder ese momento especial que capturaste con tanto cari\u00f1o?\" \/>\n<meta property=\"og:url\" content=\"http:\/\/universofamilia.com\/hu\/recupera-tus-fotos-ahora\/\" \/>\n<meta property=\"og:site_name\" content=\"Universo Fam\u00edlia\" \/>\n<meta property=\"article:published_time\" content=\"2024-12-03T13:57:02+00:00\" \/>\n<meta property=\"og:image\" content=\"http:\/\/universofamilia.com\/wp-content\/uploads\/sites\/148\/2024\/12\/DESTAQUE-UNIVERSO-550-x-350-4.jpg\" \/>\n\t<meta property=\"og:image:width\" content=\"550\" \/>\n\t<meta property=\"og:image:height\" content=\"350\" \/>\n\t<meta property=\"og:image:type\" content=\"image\/jpeg\" \/>\n<meta name=\"twitter:card\" content=\"summary_large_image\" \/>\n<meta name=\"twitter:label1\" content=\"Est. reading time\" \/>\n\t<meta name=\"twitter:data1\" content=\"8 perc\" \/>\n<script type=\"application\/ld+json\" class=\"yoast-schema-graph\">{\"@context\":\"https:\/\/schema.org\",\"@graph\":[{\"@type\":\"WebPage\",\"@id\":\"http:\/\/universofamilia.com\/en\/recupera-tus-fotos-ahora\/\",\"url\":\"http:\/\/universofamilia.com\/en\/recupera-tus-fotos-ahora\/\",\"name\":\"Recupera tus fotos ahora - Universo Fam\u00edlia\",\"isPartOf\":{\"@id\":\"https:\/\/universofamilia.com\/el\/#website\"},\"primaryImageOfPage\":{\"@id\":\"http:\/\/universofamilia.com\/en\/recupera-tus-fotos-ahora\/#primaryimage\"},\"image\":{\"@id\":\"http:\/\/universofamilia.com\/en\/recupera-tus-fotos-ahora\/#primaryimage\"},\"thumbnailUrl\":\"https:\/\/universofamilia.com\/wp-content\/uploads\/sites\/148\/2024\/12\/DESTAQUE-UNIVERSO-550-x-350-4.jpg\",\"datePublished\":\"2024-12-03T13:57:02+00:00\",\"dateModified\":\"2024-12-03T13:57:02+00:00\",\"author\":{\"@id\":\"\"},\"description\":\"Recupera tus fotos ahora. \u00bfTe imaginas perder ese momento especial que capturaste con tanto cari\u00f1o?\",\"breadcrumb\":{\"@id\":\"http:\/\/universofamilia.com\/en\/recupera-tus-fotos-ahora\/#breadcrumb\"},\"inLanguage\":\"hu\",\"potentialAction\":[{\"@type\":\"ReadAction\",\"target\":[\"http:\/\/universofamilia.com\/en\/recupera-tus-fotos-ahora\/\"]}]},{\"@type\":\"ImageObject\",\"inLanguage\":\"hu\",\"@id\":\"http:\/\/universofamilia.com\/en\/recupera-tus-fotos-ahora\/#primaryimage\",\"url\":\"https:\/\/universofamilia.com\/wp-content\/uploads\/sites\/148\/2024\/12\/DESTAQUE-UNIVERSO-550-x-350-4.jpg\",\"contentUrl\":\"https:\/\/universofamilia.com\/wp-content\/uploads\/sites\/148\/2024\/12\/DESTAQUE-UNIVERSO-550-x-350-4.jpg\",\"width\":550,\"height\":350,\"caption\":\"Recupera tus fotos ahora\"},{\"@type\":\"BreadcrumbList\",\"@id\":\"http:\/\/universofamilia.com\/en\/recupera-tus-fotos-ahora\/#breadcrumb\",\"itemListElement\":[{\"@type\":\"ListItem\",\"position\":1,\"name\":\"Home\",\"item\":\"https:\/\/universofamilia.com\/el\/\"},{\"@type\":\"ListItem\",\"position\":2,\"name\":\"Recupera tus fotos ahora\"}]},{\"@type\":\"WebSite\",\"@id\":\"https:\/\/universofamilia.com\/el\/#website\",\"url\":\"https:\/\/universofamilia.com\/el\/\",\"name\":\"Universo Fam\u00edlia\",\"description\":\"\",\"potentialAction\":[{\"@type\":\"SearchAction\",\"target\":{\"@type\":\"EntryPoint\",\"urlTemplate\":\"https:\/\/universofamilia.com\/el\/?s={search_term_string}\"},\"query-input\":\"required name=search_term_string\"}],\"inLanguage\":\"hu\"}]}<\/script>\n<!-- \/ Yoast SEO plugin. -->","yoast_head_json":{"title":"Recupera tus fotos ahora - Universo Fam\u00edlia","description":"Recupera tus fotos ahora. \u00bfTe imaginas perder ese momento especial que capturaste con tanto cari\u00f1o?","robots":{"index":"index","follow":"follow","max-snippet":"max-snippet:-1","max-image-preview":"max-image-preview:large","max-video-preview":"max-video-preview:-1"},"canonical":"http:\/\/universofamilia.com\/hu\/recupera-tus-fotos-ahora\/","og_locale":"hu_HU","og_type":"article","og_title":"Recupera tus fotos ahora - Universo Fam\u00edlia","og_description":"Recupera tus fotos ahora. \u00bfTe imaginas perder ese momento especial que capturaste con tanto cari\u00f1o?","og_url":"http:\/\/universofamilia.com\/hu\/recupera-tus-fotos-ahora\/","og_site_name":"Universo Fam\u00edlia","article_published_time":"2024-12-03T13:57:02+00:00","og_image":[{"width":550,"height":350,"url":"http:\/\/universofamilia.com\/wp-content\/uploads\/sites\/148\/2024\/12\/DESTAQUE-UNIVERSO-550-x-350-4.jpg","type":"image\/jpeg"}],"twitter_card":"summary_large_image","twitter_misc":{"Est. reading time":"8 perc"},"schema":{"@context":"https:\/\/schema.org","@graph":[{"@type":"WebPage","@id":"http:\/\/universofamilia.com\/en\/recupera-tus-fotos-ahora\/","url":"http:\/\/universofamilia.com\/en\/recupera-tus-fotos-ahora\/","name":"Recupera tus fotos ahora - Universo Fam\u00edlia","isPartOf":{"@id":"https:\/\/universofamilia.com\/el\/#website"},"primaryImageOfPage":{"@id":"http:\/\/universofamilia.com\/en\/recupera-tus-fotos-ahora\/#primaryimage"},"image":{"@id":"http:\/\/universofamilia.com\/en\/recupera-tus-fotos-ahora\/#primaryimage"},"thumbnailUrl":"https:\/\/universofamilia.com\/wp-content\/uploads\/sites\/148\/2024\/12\/DESTAQUE-UNIVERSO-550-x-350-4.jpg","datePublished":"2024-12-03T13:57:02+00:00","dateModified":"2024-12-03T13:57:02+00:00","author":{"@id":""},"description":"Recupera tus fotos ahora. \u00bfTe imaginas perder ese momento especial que capturaste con tanto cari\u00f1o?","breadcrumb":{"@id":"http:\/\/universofamilia.com\/en\/recupera-tus-fotos-ahora\/#breadcrumb"},"inLanguage":"hu","potentialAction":[{"@type":"ReadAction","target":["http:\/\/universofamilia.com\/en\/recupera-tus-fotos-ahora\/"]}]},{"@type":"ImageObject","inLanguage":"hu","@id":"http:\/\/universofamilia.com\/en\/recupera-tus-fotos-ahora\/#primaryimage","url":"https:\/\/universofamilia.com\/wp-content\/uploads\/sites\/148\/2024\/12\/DESTAQUE-UNIVERSO-550-x-350-4.jpg","contentUrl":"https:\/\/universofamilia.com\/wp-content\/uploads\/sites\/148\/2024\/12\/DESTAQUE-UNIVERSO-550-x-350-4.jpg","width":550,"height":350,"caption":"Recupera tus fotos ahora"},{"@type":"BreadcrumbList","@id":"http:\/\/universofamilia.com\/en\/recupera-tus-fotos-ahora\/#breadcrumb","itemListElement":[{"@type":"ListItem","position":1,"name":"Home","item":"https:\/\/universofamilia.com\/el\/"},{"@type":"ListItem","position":2,"name":"Recupera tus fotos ahora"}]},{"@type":"WebSite","@id":"https:\/\/universofamilia.com\/el\/#website","url":"https:\/\/universofamilia.com\/el\/","name":"Universo Fam\u00edlia","description":"","potentialAction":[{"@type":"SearchAction","target":{"@type":"EntryPoint","urlTemplate":"https:\/\/universofamilia.com\/el\/?s={search_term_string}"},"query-input":"required name=search_term_string"}],"inLanguage":"hu"}]}},"_links":{"self":[{"href":"https:\/\/universofamilia.com\/hu\/wp-json\/wp\/v2\/posts\/7599"}],"collection":[{"href":"https:\/\/universofamilia.com\/hu\/wp-json\/wp\/v2\/posts"}],"about":[{"href":"https:\/\/universofamilia.com\/hu\/wp-json\/wp\/v2\/types\/post"}],"replies":[{"embeddable":true,"href":"https:\/\/universofamilia.com\/hu\/wp-json\/wp\/v2\/comments?post=7599"}],"version-history":[{"count":0,"href":"https:\/\/universofamilia.com\/hu\/wp-json\/wp\/v2\/posts\/7599\/revisions"}],"wp:featuredmedia":[{"embeddable":true,"href":"https:\/\/universofamilia.com\/hu\/wp-json\/wp\/v2\/media\/7601"}],"wp:attachment":[{"href":"https:\/\/universofamilia.com\/hu\/wp-json\/wp\/v2\/media?parent=7599"}],"wp:term":[{"taxonomy":"category","embeddable":true,"href":"https:\/\/universofamilia.com\/hu\/wp-json\/wp\/v2\/categories?post=7599"},{"taxonomy":"post_tag","embeddable":true,"href":"https:\/\/universofamilia.com\/hu\/wp-json\/wp\/v2\/tags?post=7599"}],"curies":[{"name":"wp","href":"https:\/\/api.w.org\/{rel}","templated":true}]}}