{"id":7600,"date":"2024-12-03T11:06:44","date_gmt":"2024-12-03T14:06:44","guid":{"rendered":"https:\/\/universofamilia.com\/?p=7600"},"modified":"2024-12-03T11:06:44","modified_gmt":"2024-12-03T14:06:44","slug":"recupera-tus-fotos-ya","status":"publish","type":"post","link":"https:\/\/universofamilia.com\/hu\/recupera-tus-fotos-ya\/","title":{"rendered":"Szerezd vissza a fot\u00f3idat most!"},"content":{"rendered":"<p>Az eml\u00e9keid nem vesztek el.<\/p>\n\n\n\n<hr class=\"wp-block-separator has-text-color has-luminous-vivid-orange-color has-alpha-channel-opacity has-luminous-vivid-orange-background-color has-background is-style-wide\"\/>\n\n\n\n<h4 class=\"wp-block-heading has-text-align-center\">Mit szeretn\u00e9l el\u0151sz\u00f6r csin\u00e1lni?<\/h4>\n\n\n\n<div class=\"wp-block-buttons is-content-justification-center is-layout-flex wp-container-core-buttons-layout-1 wp-block-buttons-is-layout-flex\">\n<div class=\"wp-block-button has-custom-width wp-block-button__width-100 is-style-outline\" style=\"text-decoration:none\"><a class=\"wp-block-button__link has-white-color has-vivid-cyan-blue-background-color has-text-color has-background has-link-color has-text-align-left wp-element-button\" href=\"https:\/\/universofamilia.com\/hu\/6744\/restaurar-fotos-usando-el-celular\/\" style=\"border-radius:10px\">Fot\u00f3k vissza\u00e1ll\u00edt\u00e1sa mobiltelefonnal \u27a1\ufe0f<\/a><\/div>\n<\/div>\n\n\n\n<div class=\"wp-block-buttons is-content-justification-center is-layout-flex wp-container-core-buttons-layout-2 wp-block-buttons-is-layout-flex\">\n<div class=\"wp-block-button has-custom-width wp-block-button__width-100 is-style-outline\" style=\"text-decoration:none\"><a class=\"wp-block-button__link has-white-color has-vivid-cyan-blue-background-color has-text-color has-background has-link-color has-text-align-left wp-element-button\" href=\"https:\/\/universofamilia.com\/hu\/6739\/encontrar-fotos-ocultas-en-el-celular\/\" style=\"border-radius:10px\">Rejtett fot\u00f3k keres\u00e9se a mobiltelefonodon \u27a1\ufe0f<\/a><\/div>\n<\/div>\n\n\n\n<div class=\"wp-block-buttons is-content-justification-center is-layout-flex wp-container-core-buttons-layout-3 wp-block-buttons-is-layout-flex\">\n<div class=\"wp-block-button has-custom-width wp-block-button__width-100 is-style-outline\" style=\"text-decoration:none\"><a class=\"wp-block-button__link has-white-color has-vivid-cyan-blue-background-color has-text-color has-background has-link-color has-text-align-left wp-element-button\" href=\"https:\/\/universofamilia.com\/hu\/6733\/recuperar-cualquier-archivo-digital-eliminado\/\" style=\"border-radius:10px\">T\u00f6r\u00f6lt digit\u00e1lis f\u00e1jlok helyre\u00e1ll\u00edt\u00e1sa \u27a1\ufe0f<\/a><\/div>\n<\/div>\n\n\n\n<p class=\"has-text-align-right\"><em><strong><em><strong><em><strong><em><strong><em><strong>Olvass tov\u00e1bb!<\/strong><\/em><\/strong><\/em><\/strong><\/em><\/strong><\/em><\/strong><\/em><\/p>\n\n\n\n<hr class=\"wp-block-separator has-text-color has-luminous-vivid-orange-color has-alpha-channel-opacity has-luminous-vivid-orange-background-color has-background is-style-wide\"\/>\n\n\n\n<p>El\u0151fordult m\u00e1r, hogy elvesztett\u00e9l egy fontos fot\u00f3t, \u00e9s nem tudtad, mit tegy\u00e9l?<\/p>\n\n\n\n<p>Egy k\u00fcl\u00f6nleges fot\u00f3 elveszt\u00e9se nyomaszt\u00f3 \u00e9rz\u00e9s lehet.<\/p>\n\n\n\n<p>Lehet, hogy egy csal\u00e1di pillanat, egy egyedi eml\u00e9k egy utaz\u00e1sr\u00f3l, vagy valami egyszer\u0171, de hatalmas \u00e9rzelmi \u00e9rt\u00e9kkel b\u00edr\u00f3 dolog.<\/p>\n\n\n\n<p>B\u00e1rmi is legyen az ok, a j\u00f3 h\u00edr az, hogy vannak megold\u00e1sok!<\/p>\n\n\n\n<p>Igen, lehets\u00e9ges a t\u00f6r\u00f6lt f\u00e9nyk\u00e9pek vissza\u00e1ll\u00edt\u00e1sa, m\u00e9g azok is, amelyek \u00f6r\u00f6kre elveszettnek t\u0171nnek.<\/p>\n\n\n\n<p>Ebben a cikkben l\u00e9p\u00e9sr\u0151l l\u00e9p\u00e9sre bemutatjuk, hogyan csin\u00e1ld, gyakorlati tippekkel, val\u00f3s t\u00f6rt\u00e9netekkel \u00e9s egyebekkel.<\/p>\n\n\n\n<p><\/p>\n\n\n\n<div class=\"wp-block-buttons is-content-justification-center is-layout-flex wp-container-core-buttons-layout-4 wp-block-buttons-is-layout-flex\">\n<div class=\"wp-block-button has-custom-width wp-block-button__width-100 is-style-outline\" style=\"text-decoration:none\"><a class=\"wp-block-button__link has-white-color has-vivid-purple-background-color has-text-color has-background has-link-color has-border-color has-ast-global-color-5-border-color has-text-align-left wp-element-button\" href=\"https:\/\/play.google.com\/store\/apps\/details?id=com.google.android.apps.photos&amp;hl=pt_BR&amp;gl=US\" style=\"border-radius:6px\">Szeretn\u00e9m megtanulni, hogyan lehet helyre\u00e1ll\u00edtani a fot\u00f3kat \u27a1\ufe0f<\/a><\/div>\n<\/div>\n\n\n\n<p class=\"has-text-align-right\"><em><strong>\u00c1tir\u00e1ny\u00edtunk egy m\u00e1sik webhelyre<\/strong><\/em><\/p>\n\n\n\n<hr class=\"wp-block-separator alignfull has-text-color has-alpha-channel-opacity has-background is-style-wide\" style=\"background-color:#006196;color:#006196\"\/>\n\n\n\n<p><\/p>\n\n\n\n<h2 class=\"wp-block-heading\">Fontos inform\u00e1ci\u00f3k az elveszett f\u00e9nyk\u00e9pek vissza\u00e1ll\u00edt\u00e1s\u00e1hoz<\/h2>\n\n\n\n<p>Miel\u0151tt belemer\u00fcln\u00e9nk a megold\u00e1sokba, fontos meg\u00e9rteni, hogy a f\u00e9nyk\u00e9pek nem t\u00f6rl\u0151dnek azonnal \u00e9s v\u00e9glegesen.<\/p>\n\n\n\n<p>A legt\u00f6bb eszk\u00f6z \u00e9s platform ideiglenes \u201ekuk\u00e1ban\u201d t\u00e1rolja a k\u00e9peket, miel\u0151tt teljesen t\u00f6rli \u0151ket.<\/p>\n\n\n\n<p>N\u00e9h\u00e1ny kulcsfontoss\u00e1g\u00fa pont a k\u00f6vetkez\u0151:<\/p>\n\n\n\n<ul class=\"wp-block-list\">\n<li><strong>Ellen\u0151rizd a szemetet:<\/strong> Az olyan alkalmaz\u00e1sokban, mint a Google Fot\u00f3k, a Dropbox vagy az Amazon Fot\u00f3k, van egy \u201enemr\u00e9g t\u00f6r\u00f6lt\u201d r\u00e9sz.<\/li>\n\n\n\n<li><strong>Cselekedj gyorsan:<\/strong> Ezek a platformok jellemz\u0151en 30 napig \u0151rzik meg a f\u00e1jlokat, miel\u0151tt v\u00e9glegesen t\u00f6rlik \u0151ket.<\/li>\n\n\n\n<li><strong>Ker\u00fclje az adatok fel\u00fcl\u00edr\u00e1s\u00e1t:<\/strong> Amint \u00e9szreveszed, hogy elveszett egy fot\u00f3, ker\u00fcld az \u00faj f\u00e1jlok ment\u00e9s\u00e9t ugyanarra a helyre, mert ez megnehez\u00edtheti a helyre\u00e1ll\u00edt\u00e1st.<\/li>\n<\/ul>\n\n\n\n<h2 class=\"wp-block-heading\">Hogyan el\u0151zhet\u0151 meg a fot\u00f3veszt\u00e9s a j\u00f6v\u0151ben<\/h2>\n\n\n\n<p>Jobb megel\u0151zni, mint gy\u00f3gy\u00edtani. \u00cdme n\u00e9h\u00e1ny egyszer\u0171 tipp a j\u00f6v\u0151beli meglepet\u00e9sek elker\u00fcl\u00e9s\u00e9re:<\/p>\n\n\n\n<ol class=\"wp-block-list\">\n<li><strong>Automatikus biztons\u00e1gi ment\u00e9s:<\/strong> Enged\u00e9lyezze az automatikus biztons\u00e1gi ment\u00e9st olyan szolg\u00e1ltat\u00e1sokba, mint a Google Fot\u00f3k, a Dropbox vagy az Amazon Fot\u00f3k.<\/li>\n\n\n\n<li><strong>Rendszerezd a fot\u00f3idat:<\/strong> Hozz l\u00e9tre k\u00fcl\u00f6n mapp\u00e1kat a k\u00fcl\u00f6nleges pillanatokra, \u00e9s ker\u00fcld el a f\u00e1jlok hirtelen t\u00f6rl\u00e9s\u00e9t.<\/li>\n\n\n\n<li><strong>K\u00fcls\u0151 eszk\u00f6z\u00f6k haszn\u00e1lata:<\/strong> Az USB flash meghajt\u00f3k, k\u00fcls\u0151 merevlemezek vagy SD-k\u00e1rty\u00e1k extra biztons\u00e1gi r\u00e9tegk\u00e9nt szolg\u00e1lhatnak.<\/li>\n<\/ol>\n\n\n\n<p>T\u00f6rl\u00e9s el\u0151tt alaposan n\u00e9zd \u00e1t a gal\u00e9ri\u00e1dat. Gyakran egy gyors takar\u00edt\u00e1s is okozhatja a vesztes\u00e9get.<\/p>\n\n\n\n<h2 class=\"wp-block-heading\">Vissza\u00e1ll\u00edthatom a v\u00e9glegesen t\u00f6r\u00f6lt f\u00e9nyk\u00e9peket?<\/h2>\n\n\n\n<p>A nagy k\u00e9rd\u00e9s. A v\u00e1lasz: att\u00f3l f\u00fcgg.<\/p>\n\n\n\n<p>Ha nemr\u00e9g t\u00f6r\u00f6lt\u00e9l egy fot\u00f3t, akkor nagyobb az es\u00e9lye a helyre\u00e1ll\u00edt\u00e1s\u00e1nak.<\/p>\n\n\n\n<p>Az olyan szolg\u00e1ltat\u00e1sok, mint a Google Fot\u00f3k, egy ideig a kuk\u00e1ban t\u00e1rolj\u00e1k a f\u00e1jlokat, miel\u0151tt v\u00e9glegesen t\u00f6rlik \u0151ket.<\/p>\n\n\n\n<p>Ha azonban hossz\u00fa id\u0151 telt el, vagy a t\u00f6rl\u00e9s \u201ev\u00e9gleges\u201d volt, akkor speci\u00e1lis helyre\u00e1ll\u00edt\u00f3 szoftvert kell haszn\u00e1lnia.<\/p>\n\n\n\n<p>Vannak megb\u00edzhat\u00f3 alkalmaz\u00e1sok a piacon, de l\u00e9gy \u00f3vatos.<\/p>\n\n\n\n<p>N\u00e9h\u00e1ny program sokat \u00edg\u00e9r, de keveset teljes\u00edt, \u00e9s vesz\u00e9lyezteti a digit\u00e1lis biztons\u00e1godat.<\/p>\n\n\n\n<h2 class=\"wp-block-heading\">Vissza\u00e1ll\u00edthatok m\u00e1s f\u00e1jlt\u00edpusokat is a f\u00e9nyk\u00e9peken k\u00edv\u00fcl?<\/h2>\n\n\n\n<p>Igen. B\u00e1r itt a f\u00e9nyk\u00e9pekre \u00f6sszpontos\u00edtunk, ugyanazok a m\u00f3dszerek alkalmazhat\u00f3k vide\u00f3k, dokumentumok \u00e9s ak\u00e1r \u00fczenetek helyre\u00e1ll\u00edt\u00e1s\u00e1ra is.<\/p>\n\n\n\n<p>A legt\u00f6bb helyre\u00e1ll\u00edt\u00f3 alkalmaz\u00e1s \u00e9s program k\u00fcl\u00f6nb\u00f6z\u0151 f\u00e1jlt\u00edpusokat t\u00e1mogat.<\/p>\n\n\n\n<p>P\u00e9ld\u00e1ul a Dropbox \u00e9s az Amazon Photos lehet\u0151v\u00e9 teszi a fi\u00f3kj\u00e1ban t\u00e1rolt vide\u00f3k \u00e9s egy\u00e9b dokumentumok lek\u00e9r\u00e9s\u00e9t.<\/p>\n\n\n\n<p>Helyi f\u00e1jlok eset\u00e9n \u00e1tfog\u00f3bb helyre\u00e1ll\u00edt\u00e1si eszk\u00f6z\u00f6kre lehet sz\u00fcks\u00e9g.<\/p>\n\n\n\n<h2 class=\"wp-block-heading\">Mennyi ideig \u0151rzi meg a Google Fot\u00f3k a t\u00f6r\u00f6lt fot\u00f3kat?<\/h2>\n\n\n\n<p>A Google Fot\u00f3k a kuk\u00e1ba menti a fot\u00f3kat <strong>30 nap<\/strong>Ezen id\u0151szak lej\u00e1rta ut\u00e1n a f\u00e1jlok v\u00e9glegesen t\u00f6rl\u0151dnek.<\/p>\n\n\n\n<p>Ha azonban bekapcsolta az automatikus biztons\u00e1gi ment\u00e9st, a fot\u00f3id egy m\u00e1sik, a Google-fi\u00f3kodhoz kapcsolt eszk\u00f6z\u00f6n is ment\u00e9sre ker\u00fclhetnek.<\/p>\n\n\n\n<p>Ellen\u0151rizd a Google Fot\u00f3k be\u00e1ll\u00edt\u00e1sait.<\/p>\n\n\n\n<p>A k\u00e9pek n\u00e9ha hossz\u00fa id\u0151 ut\u00e1n is helyre\u00e1ll\u00edthat\u00f3k, att\u00f3l f\u00fcgg\u0151en, hogy hogyan lett be\u00e1ll\u00edtva a biztons\u00e1gi ment\u00e9s.<\/p>\n\n\n\n<h2 class=\"wp-block-heading\">Fizet\u0151sek a fel\u00e9p\u00fcl\u00e9si programok?<\/h2>\n\n\n\n<p>Att\u00f3l f\u00fcgg, mire van sz\u00fcks\u00e9ged. Vannak ingyenes \u00e9s fizet\u0151s lehet\u0151s\u00e9gek is a piacon.<\/p>\n\n\n\n<ul class=\"wp-block-list\">\n<li><strong>Ingyenes:<\/strong> Alapvet\u0151 funkci\u00f3kat k\u00edn\u00e1lnak, de a helyre\u00e1ll\u00edt\u00e1s sor\u00e1n korl\u00e1toz\u00e1sok lehetnek.<\/li>\n\n\n\n<li><strong>Fizetett:<\/strong> \u00c1ltal\u00e1ban fejlett funkci\u00f3kat, fokozott hat\u00e9konys\u00e1got \u00e9s technikai t\u00e1mogat\u00e1st tartalmaznak.<\/li>\n<\/ul>\n\n\n\n<p>N\u00e9h\u00e1ny n\u00e9pszer\u0171 program, mint p\u00e9ld\u00e1ul a Disk Drill \u00e9s a Recuva, ingyenes verzi\u00f3kkal rendelkezik bizonyos korl\u00e1toz\u00e1sokkal.<\/p>\n\n\n<div class=\"wp-block-image\">\n<figure class=\"aligncenter size-full\"><img loading=\"lazy\" decoding=\"async\" width=\"550\" height=\"350\" src=\"http:\/\/universofamilia.com\/wp-content\/uploads\/sites\/148\/2024\/12\/DESTAQUE-UNIVERSO-550-x-350-3.jpg\" alt=\"\" class=\"wp-image-7603\" srcset=\"https:\/\/universofamilia.com\/wp-content\/uploads\/sites\/148\/2024\/12\/DESTAQUE-UNIVERSO-550-x-350-3.jpg 550w, https:\/\/universofamilia.com\/wp-content\/uploads\/sites\/148\/2024\/12\/DESTAQUE-UNIVERSO-550-x-350-3-300x191.jpg 300w\" sizes=\"(max-width: 550px) 100vw, 550px\" \/><figcaption class=\"wp-element-caption\">Szerezd vissza a fot\u00f3idat most!<\/figcaption><\/figure><\/div>\n\n\n<h2 class=\"wp-block-heading\">Alkalmaz\u00e1sok, amelyek seg\u00edthetnek a fel\u00e9p\u00fcl\u00e9sben<\/h2>\n\n\n\n<h3 class=\"wp-block-heading\">Google Fot\u00f3k<\/h3>\n\n\n\n<p>Ez az egyik legn\u00e9pszer\u0171bb alkalmaz\u00e1s, k\u00fcl\u00f6n\u00f6sen az Android-felhaszn\u00e1l\u00f3k k\u00f6r\u00e9ben.<\/p>\n\n\n\n<p>Az automatikus biztons\u00e1gi ment\u00e9s mellett van egy \u201eKuka\u201d r\u00e9szleg is, ahol a t\u00f6r\u00f6lt f\u00e9nyk\u00e9peket 30 napig t\u00e1rolja.<\/p>\n\n\n\n<p>F\u0151 el\u0151nye a k\u00f6nny\u0171 kezelhet\u0151s\u00e9g \u00e9s a t\u00f6bbi Google szolg\u00e1ltat\u00e1ssal val\u00f3 integr\u00e1ci\u00f3.<\/p>\n\n\n\n<p><strong>El\u0151ny\u00f6k:<\/strong><\/p>\n\n\n\n<ul class=\"wp-block-list\">\n<li>Intuit\u00edv kezel\u0151fel\u00fclet.<\/li>\n\n\n\n<li>Korl\u00e1tlan biztons\u00e1gi ment\u00e9s (a min\u0151s\u00e9gt\u0151l f\u00fcgg\u0151en).<\/li>\n\n\n\n<li>Szinkroniz\u00e1l\u00e1s t\u00f6bb eszk\u00f6zzel.<\/li>\n<\/ul>\n\n\n\n<p>\u00c1tlagos \u00e9rt\u00e9kel\u00e9s: 4,5\/5 a Google Playen \u00e9s az Apple Store-ban.<\/p>\n\n\n\n<h3 class=\"wp-block-heading\">Dropbox<\/h3>\n\n\n\n<p>B\u00e1r \u00e1ltal\u00e1nos t\u00e1rol\u00e1si szolg\u00e1ltat\u00e1sk\u00e9nt ismert, a Dropbox lehet\u0151v\u00e9 teszi a t\u00f6r\u00f6lt f\u00e9nyk\u00e9pek egy meghat\u00e1rozott id\u0151szakon bel\u00fcli vissza\u00e1ll\u00edt\u00e1s\u00e1t is (az alapfi\u00f3k eset\u00e9ben 30 nap).<\/p>\n\n\n\n<p>Fizet\u0151s verzi\u00f3 eset\u00e9n ez az id\u0151szak hosszabb lehet.<\/p>\n\n\n\n<p><strong>El\u0151ny\u00f6k:<\/strong><\/p>\n\n\n\n<ul class=\"wp-block-list\">\n<li>K\u00fcl\u00f6nb\u00f6z\u0151 f\u00e1jlt\u00edpusok t\u00e1mogat\u00e1sa.<\/li>\n\n\n\n<li>Nemr\u00e9g t\u00f6r\u00f6lt f\u00e1jlok helyre\u00e1ll\u00edt\u00e1sa.<\/li>\n<\/ul>\n\n\n\n<p>\u00c1tlagos \u00e9rt\u00e9kel\u00e9s: 4,4\/5 a Google Playen.<\/p>\n\n\n\n<h3 class=\"wp-block-heading\">Amazon fot\u00f3k<\/h3>\n\n\n\n<p>Ha Amazon Prime el\u0151fizet\u0151 vagy, tudtad, hogy korl\u00e1tlan fot\u00f3t\u00e1rhelyed van?<\/p>\n\n\n\n<p>Ezenk\u00edv\u00fcl az alkalmaz\u00e1snak van egy kuk\u00e1ja is, ahol a k\u00e9pek ideiglenesen t\u00e1rol\u00f3dnak a t\u00f6rl\u00e9s el\u0151tt.<\/p>\n\n\n\n<p><strong>El\u0151ny\u00f6k:<\/strong><\/p>\n\n\n\n<ul class=\"wp-block-list\">\n<li>Korl\u00e1tlan fot\u00f3t\u00e1rhely (Prime tagoknak).<\/li>\n\n\n\n<li>Automatikus szinkroniz\u00e1l\u00e1s.<\/li>\n<\/ul>\n\n\n\n<p>\u00c1tlagos \u00e9rt\u00e9kel\u00e9s: 4,3\/5 a Google Playen \u00e9s az Apple Store-ban.<\/p>\n\n\n\n<h3 class=\"wp-block-heading\"><strong>Let\u00f6lt\u00e9si linkek<\/strong>:<\/h3>\n\n\n\n<ul class=\"wp-block-list\">\n<li><a href=\"https:\/\/play.google.com\/store\/apps\/details?id=com.google.android.apps.photos&amp;hl=pt_BR&amp;gl=US\">Google Fot\u00f3k<\/a><\/li>\n\n\n\n<li><a href=\"https:\/\/www.dropbox.com\/pt_BR\/\">Dropbox<\/a><\/li>\n\n\n\n<li><a href=\"https:\/\/www.amazon.com\/b\/?node=13234696011&amp;ref_=ap_phc_unrec\">Amazon fot\u00f3k<\/a><\/li>\n<\/ul>\n\n\n\n<h2 class=\"wp-block-heading\">Felhaszn\u00e1l\u00f3i v\u00e9lem\u00e9nyek<\/h2>\n\n\n\n<p>Sokan \u00e1t\u00e9lt\u00e9k m\u00e1r a f\u00e9nyk\u00e9pek elveszt\u00e9s\u00e9nek \u00e9s visszaszerz\u00e9s\u00e9nek probl\u00e9m\u00e1j\u00e1t.<\/p>\n\n\n\n<p>\u00cdme n\u00e9h\u00e1ny val\u00f3di aj\u00e1nl\u00e1s a fent eml\u00edtett alkalmaz\u00e1sokat haszn\u00e1l\u00f3 felhaszn\u00e1l\u00f3kt\u00f3l:<\/p>\n\n\n\n<ul class=\"wp-block-list\">\n<li><strong>Joana S. (Google Fot\u00f3k):<\/strong> \u201eElvesztettem a l\u00e1nyom sz\u00fclet\u00e9snapi fot\u00f3it, de k\u00f6nnyen vissza tudtam \u00e1ll\u00edtani \u0151ket a Google Fot\u00f3k kuk\u00e1j\u00e1ban. Hatalmas megk\u00f6nnyebb\u00fcl\u00e9s volt.\u201d<\/li>\n\n\n\n<li><strong>Carlos M. (Dropbox):<\/strong> \u201eAzt hittem, elvesztettem a munkahelyi dokumentumaimat, de a Dropbox megmentette a helyzetet.\u201d<\/li>\n\n\n\n<li><strong>Ana P. (Amazon fot\u00f3k):<\/strong> \u201eMindig is az Amazon Prime-ot haszn\u00e1ltam vide\u00f3khoz, de nem tudtam, hogy korl\u00e1tlan fot\u00f3t\u00e1rhelyet k\u00edn\u00e1l. Most sokkal nyugodtabbnak \u00e9rzem magam.\u201d<\/li>\n<\/ul>\n\n\n\n<h2 class=\"wp-block-heading\">K\u00f6vetkeztet\u00e9s<\/h2>\n\n\n\n<p>A t\u00f6r\u00f6lt fot\u00f3k helyre\u00e1ll\u00edt\u00e1sa els\u0151re neh\u00e9znek t\u0171nhet, de a megfelel\u0151 eszk\u00f6z\u00f6kkel teljesen lehets\u00e9ges.<\/p>\n\n\n\n<p>A kulcs a gyors cselekv\u00e9s, a rendelkez\u00e9sre \u00e1ll\u00f3 lehet\u0151s\u00e9gek ismerete, \u00e9s mindenekel\u0151tt a j\u00f6v\u0151beni vesztes\u00e9gek megel\u0151z\u00e9se.<\/p>\n\n\n\n<p>Most, hogy tudod, hogyan \u00e1ll\u00edthatod vissza ezeket az \u00e9rt\u00e9kes f\u00e9nyk\u00e9peket, mi\u00e9rt ne osztan\u00e1d meg ezt a cikket bar\u00e1taiddal \u00e9s csal\u00e1doddal?<\/p>\n\n\n\n<p>Sosem tudhatod, kinek lehet sz\u00fcks\u00e9ge most erre a seg\u00edts\u00e9gre.<\/p>\n\n\n\n<h3 class=\"wp-block-heading\"><strong>Let\u00f6lt\u00e9si linkek<\/strong>:<\/h3>\n\n\n\n<ul class=\"wp-block-list\">\n<li><a href=\"https:\/\/play.google.com\/store\/apps\/details?id=com.google.android.apps.photos&amp;hl=pt_BR&amp;gl=US\">Google Fot\u00f3k<\/a><\/li>\n\n\n\n<li><a href=\"https:\/\/www.dropbox.com\/pt_BR\/\">Dropbox<\/a><\/li>\n\n\n\n<li><a href=\"https:\/\/www.amazon.com\/b\/?node=13234696011&amp;ref_=ap_phc_unrec\">Amazon fot\u00f3k<\/a><\/li>\n<\/ul>\n\n\n\n<p>Ne feledd: soha nem k\u00e9s\u0151 megmenteni egy \u00e9rt\u00e9kes eml\u00e9ket!<\/p>","protected":false},"excerpt":{"rendered":"<p>Az eml\u00e9keid nem vesztek el. Mit szeretn\u00e9l el\u0151sz\u00f6r csin\u00e1lni? Olvass tov\u00e1bb! Elvesztett\u00e9l m\u00e1r egy fontos fot\u00f3t, \u00e9s nem tudtad, mit tegy\u00e9l? Egy k\u00fcl\u00f6nleges fot\u00f3 elveszt\u00e9se nyomaszt\u00f3 \u00e9rz\u00e9s lehet. Lehet, hogy egy csal\u00e1di pillanatr\u00f3l, egy egyedi eml\u00e9kt\u00e1rgyr\u00f3l egy utaz\u00e1sr\u00f3l, vagy valami egyszer\u0171, de hatalmas \u00e9rzelmi \u00e9rt\u00e9kkel b\u00edr\u00f3 dologr\u00f3l van sz\u00f3. [\u2026]<\/p>","protected":false},"author":0,"featured_media":7603,"comment_status":"closed","ping_status":"open","sticky":false,"template":"","format":"standard","meta":{"footnotes":""},"categories":[3],"tags":[174,700,1254,1370,1389],"yoast_head":"<!-- This site is optimized with the Yoast SEO plugin v23.3 - https:\/\/yoast.com\/wordpress\/plugins\/seo\/ -->\n<title>\u00a1Recupera tus fotos ya! - Universo Fam\u00edlia<\/title>\n<meta name=\"description\" content=\"\u00a1Recupera tus fotos ya! \u00bfHas perdido alguna vez una foto importante y no sab\u00edas qu\u00e9 hacer?\" \/>\n<meta name=\"robots\" content=\"index, follow, max-snippet:-1, max-image-preview:large, max-video-preview:-1\" \/>\n<link rel=\"canonical\" href=\"http:\/\/universofamilia.com\/hu\/recupera-tus-fotos-ya\/\" \/>\n<meta property=\"og:locale\" content=\"hu_HU\" \/>\n<meta property=\"og:type\" content=\"article\" \/>\n<meta property=\"og:title\" content=\"\u00a1Recupera tus fotos ya! - Universo Fam\u00edlia\" \/>\n<meta property=\"og:description\" content=\"\u00a1Recupera tus fotos ya! \u00bfHas perdido alguna vez una foto importante y no sab\u00edas qu\u00e9 hacer?\" \/>\n<meta property=\"og:url\" content=\"http:\/\/universofamilia.com\/hu\/recupera-tus-fotos-ya\/\" \/>\n<meta property=\"og:site_name\" content=\"Universo Fam\u00edlia\" \/>\n<meta property=\"article:published_time\" content=\"2024-12-03T14:06:44+00:00\" \/>\n<meta property=\"og:image\" content=\"http:\/\/universofamilia.com\/wp-content\/uploads\/sites\/148\/2024\/12\/DESTAQUE-UNIVERSO-550-x-350-3.jpg\" \/>\n\t<meta property=\"og:image:width\" content=\"550\" \/>\n\t<meta property=\"og:image:height\" content=\"350\" \/>\n\t<meta property=\"og:image:type\" content=\"image\/jpeg\" \/>\n<meta name=\"twitter:card\" content=\"summary_large_image\" \/>\n<meta name=\"twitter:label1\" content=\"Est. reading time\" \/>\n\t<meta name=\"twitter:data1\" content=\"6 perc\" \/>\n<script type=\"application\/ld+json\" class=\"yoast-schema-graph\">{\"@context\":\"https:\/\/schema.org\",\"@graph\":[{\"@type\":\"WebPage\",\"@id\":\"http:\/\/universofamilia.com\/hu\/recupera-tus-fotos-ya\/\",\"url\":\"http:\/\/universofamilia.com\/hu\/recupera-tus-fotos-ya\/\",\"name\":\"\u00a1Recupera tus fotos ya! - Universo Fam\u00edlia\",\"isPartOf\":{\"@id\":\"http:\/\/universofamilia.com\/zh_hk\/#website\"},\"primaryImageOfPage\":{\"@id\":\"http:\/\/universofamilia.com\/hu\/recupera-tus-fotos-ya\/#primaryimage\"},\"image\":{\"@id\":\"http:\/\/universofamilia.com\/hu\/recupera-tus-fotos-ya\/#primaryimage\"},\"thumbnailUrl\":\"https:\/\/universofamilia.com\/wp-content\/uploads\/sites\/148\/2024\/12\/DESTAQUE-UNIVERSO-550-x-350-3.jpg\",\"datePublished\":\"2024-12-03T14:06:44+00:00\",\"dateModified\":\"2024-12-03T14:06:44+00:00\",\"author\":{\"@id\":\"\"},\"description\":\"\u00a1Recupera tus fotos ya! \u00bfHas perdido alguna vez una foto importante y no sab\u00edas qu\u00e9 hacer?\",\"breadcrumb\":{\"@id\":\"http:\/\/universofamilia.com\/hu\/recupera-tus-fotos-ya\/#breadcrumb\"},\"inLanguage\":\"hu\",\"potentialAction\":[{\"@type\":\"ReadAction\",\"target\":[\"http:\/\/universofamilia.com\/hu\/recupera-tus-fotos-ya\/\"]}]},{\"@type\":\"ImageObject\",\"inLanguage\":\"hu\",\"@id\":\"http:\/\/universofamilia.com\/hu\/recupera-tus-fotos-ya\/#primaryimage\",\"url\":\"https:\/\/universofamilia.com\/wp-content\/uploads\/sites\/148\/2024\/12\/DESTAQUE-UNIVERSO-550-x-350-3.jpg\",\"contentUrl\":\"https:\/\/universofamilia.com\/wp-content\/uploads\/sites\/148\/2024\/12\/DESTAQUE-UNIVERSO-550-x-350-3.jpg\",\"width\":550,\"height\":350,\"caption\":\"\u00a1Recupera tus fotos ya!\"},{\"@type\":\"BreadcrumbList\",\"@id\":\"http:\/\/universofamilia.com\/hu\/recupera-tus-fotos-ya\/#breadcrumb\",\"itemListElement\":[{\"@type\":\"ListItem\",\"position\":1,\"name\":\"Home\",\"item\":\"http:\/\/universofamilia.com\/zh_hk\/\"},{\"@type\":\"ListItem\",\"position\":2,\"name\":\"\u00a1Recupera tus fotos ya!\"}]},{\"@type\":\"WebSite\",\"@id\":\"http:\/\/universofamilia.com\/zh_hk\/#website\",\"url\":\"http:\/\/universofamilia.com\/zh_hk\/\",\"name\":\"Universo Fam\u00edlia\",\"description\":\"\",\"potentialAction\":[{\"@type\":\"SearchAction\",\"target\":{\"@type\":\"EntryPoint\",\"urlTemplate\":\"http:\/\/universofamilia.com\/zh_hk\/?s={search_term_string}\"},\"query-input\":\"required name=search_term_string\"}],\"inLanguage\":\"hu\"}]}<\/script>\n<!-- \/ Yoast SEO plugin. -->","yoast_head_json":{"title":"\u00a1Recupera tus fotos ya! - Universo Fam\u00edlia","description":"\u00a1Recupera tus fotos ya! \u00bfHas perdido alguna vez una foto importante y no sab\u00edas qu\u00e9 hacer?","robots":{"index":"index","follow":"follow","max-snippet":"max-snippet:-1","max-image-preview":"max-image-preview:large","max-video-preview":"max-video-preview:-1"},"canonical":"http:\/\/universofamilia.com\/hu\/recupera-tus-fotos-ya\/","og_locale":"hu_HU","og_type":"article","og_title":"\u00a1Recupera tus fotos ya! - Universo Fam\u00edlia","og_description":"\u00a1Recupera tus fotos ya! \u00bfHas perdido alguna vez una foto importante y no sab\u00edas qu\u00e9 hacer?","og_url":"http:\/\/universofamilia.com\/hu\/recupera-tus-fotos-ya\/","og_site_name":"Universo Fam\u00edlia","article_published_time":"2024-12-03T14:06:44+00:00","og_image":[{"width":550,"height":350,"url":"http:\/\/universofamilia.com\/wp-content\/uploads\/sites\/148\/2024\/12\/DESTAQUE-UNIVERSO-550-x-350-3.jpg","type":"image\/jpeg"}],"twitter_card":"summary_large_image","twitter_misc":{"Est. reading time":"6 perc"},"schema":{"@context":"https:\/\/schema.org","@graph":[{"@type":"WebPage","@id":"http:\/\/universofamilia.com\/hu\/recupera-tus-fotos-ya\/","url":"http:\/\/universofamilia.com\/hu\/recupera-tus-fotos-ya\/","name":"\u00a1Recupera tus fotos ya! - Universo Fam\u00edlia","isPartOf":{"@id":"http:\/\/universofamilia.com\/zh_hk\/#website"},"primaryImageOfPage":{"@id":"http:\/\/universofamilia.com\/hu\/recupera-tus-fotos-ya\/#primaryimage"},"image":{"@id":"http:\/\/universofamilia.com\/hu\/recupera-tus-fotos-ya\/#primaryimage"},"thumbnailUrl":"https:\/\/universofamilia.com\/wp-content\/uploads\/sites\/148\/2024\/12\/DESTAQUE-UNIVERSO-550-x-350-3.jpg","datePublished":"2024-12-03T14:06:44+00:00","dateModified":"2024-12-03T14:06:44+00:00","author":{"@id":""},"description":"\u00a1Recupera tus fotos ya! \u00bfHas perdido alguna vez una foto importante y no sab\u00edas qu\u00e9 hacer?","breadcrumb":{"@id":"http:\/\/universofamilia.com\/hu\/recupera-tus-fotos-ya\/#breadcrumb"},"inLanguage":"hu","potentialAction":[{"@type":"ReadAction","target":["http:\/\/universofamilia.com\/hu\/recupera-tus-fotos-ya\/"]}]},{"@type":"ImageObject","inLanguage":"hu","@id":"http:\/\/universofamilia.com\/hu\/recupera-tus-fotos-ya\/#primaryimage","url":"https:\/\/universofamilia.com\/wp-content\/uploads\/sites\/148\/2024\/12\/DESTAQUE-UNIVERSO-550-x-350-3.jpg","contentUrl":"https:\/\/universofamilia.com\/wp-content\/uploads\/sites\/148\/2024\/12\/DESTAQUE-UNIVERSO-550-x-350-3.jpg","width":550,"height":350,"caption":"\u00a1Recupera tus fotos ya!"},{"@type":"BreadcrumbList","@id":"http:\/\/universofamilia.com\/hu\/recupera-tus-fotos-ya\/#breadcrumb","itemListElement":[{"@type":"ListItem","position":1,"name":"Home","item":"http:\/\/universofamilia.com\/zh_hk\/"},{"@type":"ListItem","position":2,"name":"\u00a1Recupera tus fotos ya!"}]},{"@type":"WebSite","@id":"http:\/\/universofamilia.com\/zh_hk\/#website","url":"http:\/\/universofamilia.com\/zh_hk\/","name":"Universo Fam\u00edlia","description":"","potentialAction":[{"@type":"SearchAction","target":{"@type":"EntryPoint","urlTemplate":"http:\/\/universofamilia.com\/zh_hk\/?s={search_term_string}"},"query-input":"required name=search_term_string"}],"inLanguage":"hu"}]}},"_links":{"self":[{"href":"https:\/\/universofamilia.com\/hu\/wp-json\/wp\/v2\/posts\/7600"}],"collection":[{"href":"https:\/\/universofamilia.com\/hu\/wp-json\/wp\/v2\/posts"}],"about":[{"href":"https:\/\/universofamilia.com\/hu\/wp-json\/wp\/v2\/types\/post"}],"replies":[{"embeddable":true,"href":"https:\/\/universofamilia.com\/hu\/wp-json\/wp\/v2\/comments?post=7600"}],"version-history":[{"count":0,"href":"https:\/\/universofamilia.com\/hu\/wp-json\/wp\/v2\/posts\/7600\/revisions"}],"wp:featuredmedia":[{"embeddable":true,"href":"https:\/\/universofamilia.com\/hu\/wp-json\/wp\/v2\/media\/7603"}],"wp:attachment":[{"href":"https:\/\/universofamilia.com\/hu\/wp-json\/wp\/v2\/media?parent=7600"}],"wp:term":[{"taxonomy":"category","embeddable":true,"href":"https:\/\/universofamilia.com\/hu\/wp-json\/wp\/v2\/categories?post=7600"},{"taxonomy":"post_tag","embeddable":true,"href":"https:\/\/universofamilia.com\/hu\/wp-json\/wp\/v2\/tags?post=7600"}],"curies":[{"name":"wp","href":"https:\/\/api.w.org\/{rel}","templated":true}]}}