{"id":7631,"date":"2024-12-05T11:34:06","date_gmt":"2024-12-05T14:34:06","guid":{"rendered":"https:\/\/universofamilia.com\/?p=7631"},"modified":"2026-04-15T11:26:26","modified_gmt":"2026-04-15T14:26:26","slug":"conecta-tu-corazon-hoy","status":"publish","type":"post","link":"https:\/\/universofamilia.com\/hu\/conecta-tu-corazon-hoy\/","title":{"rendered":"Kapcsold \u00f6ssze a sz\u00edved m\u00e9g ma"},"content":{"rendered":"<p>Tal\u00e1lj igazi kapcsolatokat most!<\/p>\n\n\n\n<h4 class=\"wp-block-heading has-text-align-center\">Mit akarsz?<\/h4>\n\n\n\n<div class=\"wp-block-buttons is-content-justification-center is-layout-flex wp-container-core-buttons-layout-1 wp-block-buttons-is-layout-flex\">\n<div class=\"wp-block-button has-custom-width wp-block-button__width-100 is-style-outline\" style=\"text-decoration:none\"><a class=\"wp-block-button__link has-white-color has-vivid-purple-background-color has-text-color has-background has-link-color has-border-color has-ast-global-color-5-border-color has-text-align-center wp-element-button\" href=\"https:\/\/www.messenger.com\/login.php?next=https%3A%2F%2Fwww.messenger.com%2Ft%2F110263563681990%2F%3Fref%3Dw30174560--utm_campaign%253D%257B%257Badset.id%257D%257D%26messaging_source%3Dsource%253Apages%253Amessage_shortlink%26source_id%3D1441792%26recurring_notification%3D0\" style=\"border-radius:6px\">Besz\u00e9lsz hozz\u00e1m? \u27a1\ufe0f<\/a><\/div>\n<\/div>\n\n\n\n<p class=\"has-text-align-right\"><em><strong>\u00c1tir\u00e1ny\u00edtunk egy m\u00e1sik webhelyre<\/strong><\/em><\/p>\n\n\n\n<hr class=\"wp-block-separator alignfull has-text-color has-alpha-channel-opacity has-background is-style-wide\" style=\"background-color:#006196;color:#006196\" \/>\n\n\n\n<p><\/p>\n\n\n\n<p>A mag\u00e1ny \u00e9rz\u00e9se mindannyiunk \u00e9let\u00e9ben el\u0151fordul valamikor, igaz?<\/p>\n\n\n\n<p>Az \u00fcress\u00e9g \u00e9rz\u00e9se, valami vagy valaki hi\u00e1ny\u00e1nak \u00e9rz\u00e9se... De \u00edme egy egyszer\u0171 igazs\u00e1g: nem vagy egyed\u00fcl ezzel.<\/p>\n\n\n\n<p>Manaps\u00e1g a technol\u00f3gia hihetetlen eszk\u00f6z\u00f6ket k\u00edn\u00e1l sz\u00e1munkra, hogy \u00f6sszekapcsoljuk a sz\u00edveket \u00e9s l\u00e9lekemel\u0151 t\u00f6rt\u00e9neteket alkossunk. Fedezz\u00fck fel egy\u00fctt?<\/p>\n\n\n\n<h2 class=\"wp-block-heading\">Szeress f\u00e9lelem n\u00e9lk\u00fcl a boldogs\u00e1gt\u00f3l<\/h2>\n\n\n\n<p>A szerelem egyike azoknak a dolgoknak, amik megv\u00e1ltoztatj\u00e1k a mindennapjainkat.<\/p>\n\n\n\n<p>Ismered azt az \u00e9rz\u00e9st, amikor pillang\u00f3k dobognak a gyomrodban, vagy azt a buta mosolyt, ami hirtelen megjelenik az arcodon? Ett\u0151l minden meg\u00e9ri.<\/p>\n\n\n\n<p>\u00c9s ha azt gondolod, hogy a szerelem neh\u00e9z, ne agg\u00f3dj. Vannak m\u00f3dok arra, hogy ezt az utat megk\u00f6nny\u00edtsd, k\u00fcl\u00f6n\u00f6sen a t\u00e1rskeres\u0151 alkalmaz\u00e1sok seg\u00edts\u00e9g\u00e9vel.<\/p>\n\n\n\n<p><\/p>\n\n\n\n<h3 class=\"wp-block-heading has-text-align-center\">Milyen koroszt\u00e1lyt keresel?<\/h3>\n\n\n\n<div class=\"wp-block-buttons is-content-justification-center is-layout-flex wp-container-core-buttons-layout-2 wp-block-buttons-is-layout-flex\">\n<div class=\"wp-block-button has-custom-width wp-block-button__width-100 is-style-outline\" style=\"text-decoration:none\"><a class=\"wp-block-button__link has-white-color has-vivid-cyan-blue-background-color has-text-color has-background has-link-color has-text-align-left wp-element-button\" href=\"https:\/\/universofamilia.com\/hu\/7469\/conoce-quien-cruzo-tu-camino\/\" style=\"border-radius:6px\"><strong><strong>35 \u00e9s 50 \u00e9v k\u00f6z\u00f6tti<\/strong> \u27a1\ufe0f<\/strong><\/a><\/div>\n<\/div>\n\n\n\n<div class=\"wp-block-buttons is-content-justification-center is-layout-flex wp-container-core-buttons-layout-3 wp-block-buttons-is-layout-flex\">\n<div class=\"wp-block-button has-custom-width wp-block-button__width-100 is-style-outline\" style=\"text-decoration:none\"><a class=\"wp-block-button__link has-white-color has-vivid-cyan-blue-background-color has-text-color has-background has-link-color has-text-align-left wp-element-button\" href=\"https:\/\/universofamilia.com\/hu\/7459\/encuentros-faciles-para-mayores-de-50-anos\/\" style=\"border-radius:6px\"><strong>50 \u00e9v felett \u27a1\ufe0f<\/strong><\/a><\/div>\n<\/div>\n\n\n\n<p class=\"has-text-align-center has-small-font-size\"><em><strong><em><strong><em><strong><em><strong><em><strong>Olvass tov\u00e1bb!<\/strong><\/em><\/strong><\/em><\/strong><\/em><\/strong><\/em><\/strong><\/em><\/p>\n\n\n\n<hr class=\"wp-block-separator has-text-color has-luminous-vivid-orange-color has-alpha-channel-opacity has-luminous-vivid-orange-background-color has-background is-style-wide\" \/>\n\n\n\n<p><\/p>\n\n\n\n<h2 class=\"wp-block-heading\">Egy alkalmaz\u00e1s, amelynek c\u00e9lja, hogy szeretetet hozzon mindenkinek<\/h2>\n\n\n\n<p>Manaps\u00e1g n\u00e9h\u00e1ny kattint\u00e1snyira van valaki k\u00fcl\u00f6nlegesnek tal\u00e1l\u00e1sa. A t\u00e1rskeres\u0151 alkalmaz\u00e1sokat az\u00e9rt hozt\u00e1k l\u00e9tre, hogy hasonl\u00f3 \u00e9rdekl\u0151d\u00e9s\u0171 \u00e9s \u00e9rt\u00e9kekkel rendelkez\u0151 embereket k\u00f6ssenek \u00f6ssze.<\/p>\n\n\n\n<p>Nemcsak \u00faj szerelem megtal\u00e1l\u00e1s\u00e1ban seg\u00edtenek, hanem olyan bar\u00e1ts\u00e1gokat \u00e9s kapcsolatokat is el\u0151seg\u00edtenek, amelyek egy \u00e9leten \u00e1t tarthatnak.<\/p>\n\n\n\n<p>A legjobb az eg\u00e9szben, hogy minden profilhoz van egy alkalmaz\u00e1s. Tal\u00e1ljuk meg egy\u00fctt, melyik lehet a megfelel\u0151 sz\u00e1modra.<\/p>\n\n\n\n<h2 class=\"wp-block-heading\">Mikor van a tal\u00e1lkoz\u00f3nk id\u0151pontja? Igazi kapcsolat<\/h2>\n\n\n\n<p>Elgondolkodt\u00e1l m\u00e1r azon, mennyire fontos tal\u00e1lni valakit, akivel besz\u00e9lgethetsz? Lehet ez egy bar\u00e1ti v\u00e1ll, egy kalandt\u00e1rs, vagy ak\u00e1r egy \u00faj szerelem.<\/p>\n\n\n\n<p>A besz\u00e9lget\u00e9s, a nevet\u00e9s \u00e9s a k\u00f6z\u00f6s pillanatok teszik k\u00f6nnyebb\u00e9 az \u00e9letet.<\/p>\n\n\n\n<h2 class=\"wp-block-heading\">A technol\u00f3gia k\u00f6zelebb hozza az embereket egym\u00e1shoz<\/h2>\n\n\n\n<p>K\u00f6zhelynek hangzik, de igaz: a technol\u00f3gi\u00e1nak megvan a hatalma ahhoz, hogy k\u00f6zelebb hozzon minket. M\u00e9g ha a vil\u00e1g m\u00e1sik fel\u00e9n is vagyunk, a digit\u00e1lis kapcsolatok lehet\u0151v\u00e9 teszik, hogy k\u00f6zel \u00e9rezz\u00fck magunkat egym\u00e1shoz.<\/p>\n\n\n\n<p>Azokban az id\u0151kben, amikor a mag\u00e1ny glob\u00e1lis kih\u00edv\u00e1st jelent, ezek az alkalmaz\u00e1sok igazi \u00e9letment\u0151k.<\/p>\n\n\n\n<h2 class=\"wp-block-heading\">Az \u00faj szerelem megtal\u00e1l\u00e1sa felmeleg\u00edti a sz\u00edvet \u00e9s a lelket.<\/h2>\n\n\n\n<p>Nincs meghat\u00e1rozott korhat\u00e1r a szerelemre. Ak\u00e1r 20, 40 vagy 60 \u00e9ves vagy, a szerelem mindig tal\u00e1l m\u00f3dot arra, hogy meglepjen minket.<\/p>\n\n\n\n<p>\u00c9s azok sz\u00e1m\u00e1ra, akik \u00fagy gondolj\u00e1k, hogy elt\u00e9vedtek, vagy nem tudj\u00e1k, hol kezdj\u00e9k, a t\u00e1rskeres\u0151 alkalmaz\u00e1sok nagyszer\u0171 megold\u00e1st jelenthetnek.<\/p>\n\n\n\n<h2 class=\"wp-block-heading\">Leggyakrabban haszn\u00e1lt randialkalmaz\u00e1sok<\/h2>\n\n\n\n<p>Bemutatjuk nektek a legt\u00f6bbet emlegetett \u00e9s legmagasabbra \u00e9rt\u00e9kelt alkalmaz\u00e1sokat azokt\u00f3l, akik m\u00e1r megtal\u00e1lt\u00e1k a lelki t\u00e1rsukat. N\u00e9zz\u00e9tek meg \u0151ket!<\/p>\n\n\n\n<p>Salt. A Salt a kereszt\u00e9ny \u00e9rt\u00e9keket \u00e9s hitet vall\u00f3 emberekre \u00f6sszpontos\u00edt, \u00edgy t\u00f6k\u00e9letes azok sz\u00e1m\u00e1ra, akik spiritu\u00e1lisan megalapozott kapcsolatot keresnek. A k\u00f6z\u00f6ss\u00e9g befogad\u00f3 \u00e9s \u0151szinte kapcsolatokat \u00e1pol.<\/p>\n\n\n\n<p>CROSSPATHS. Ha olyan valakit keresel, aki a hitet is \u00e9rt\u00e9keli, a CROSSPATHS hasonl\u00f3 gondolkod\u00e1s\u00fa embereket k\u00f6t \u00f6ssze, biztons\u00e1gos \u00e9s tiszteletteljes k\u00f6rnyezetet teremtve a m\u00e9ly \u00e9s \u00e9rtelmes besz\u00e9lget\u00e9sekhez.<\/p>\n\n\n\n<p>A mi id\u0151nk. Az 50 \u00e9v felettiek sz\u00e1m\u00e1ra tervezett Our Time meg\u00e9rti az \u00e9rett \u00e9letszakaszban l\u00e9v\u0151k ig\u00e9nyeit \u00e9s elv\u00e1r\u00e1sait.<\/p>\n\n\n\n<p>K\u00f6nnyen haszn\u00e1lhat\u00f3 \u00e9s tele van inspir\u00e1l\u00f3 t\u00f6rt\u00e9netekkel.<\/p>\n\n\n\n<p>Tinder. A klasszikus, amit nem kell bemutatni. Ide\u00e1lis azok sz\u00e1m\u00e1ra, akik szeretn\u00e9k felfedezni a lehet\u0151s\u00e9geket \u00e9s k\u00fcl\u00f6nb\u00f6z\u0151 t\u00edpus\u00fa emberekkel tal\u00e1lkozni.<\/p>\n\n\n\n<p>A Tinder k\u00fcl\u00f6nf\u00e9le eszk\u00f6z\u00f6ket k\u00edn\u00e1l, amelyek sz\u00f3rakoztat\u00f3v\u00e1 \u00e9s dinamikuss\u00e1 teszik az interakci\u00f3t.<\/p>\n\n\n\n<h2 class=\"wp-block-heading\">Hogyan lehet let\u00f6lteni randialkalmaz\u00e1sokat?<\/h2>\n\n\n\n<p>Ha m\u00e9g soha nem haszn\u00e1lt\u00e1l alkalmaz\u00e1st, ne agg\u00f3dj. \u00cdme egy egyszer\u0171, l\u00e9p\u00e9sr\u0151l l\u00e9p\u00e9sre \u00fatmutat\u00f3:<\/p>\n\n\n\n<ul class=\"wp-block-list\">\n<li>Nyisd meg a mobilod alkalmaz\u00e1sboltj\u00e1t (Google Play vagy Apple Store).<\/li>\n\n\n\n<li>\u00cdrd be az alkalmaz\u00e1s nev\u00e9t a keres\u0151s\u00e1vba.<\/li>\n\n\n\n<li>Kattintson a \u201eLet\u00f6lt\u00e9s\u201d vagy a \u201eTelep\u00edt\u00e9s\u201d gombra.<\/li>\n\n\n\n<li>Nyisd meg az alkalmaz\u00e1st, hozd l\u00e9tre a profilodat, \u00e9s k\u00e9sz is! K\u00e9szen \u00e1llsz a felfedez\u00e9sre.<\/li>\n<\/ul>\n\n\n\n<h2 class=\"wp-block-heading\">A megfelel\u0151 t\u00e1rskeres\u0151 alkalmaz\u00e1s kiv\u00e1laszt\u00e1sa<\/h2>\n\n\n\n<p>Miel\u0151tt let\u00f6lten\u00e9l, gondold \u00e1t, mit keresel egy kapcsolatban. Laza? Komoly?<\/p>\n\n\n\n<p>Konkr\u00e9t \u00e9rt\u00e9kek alapj\u00e1n? \u00c9rt\u00e9kelje az eszk\u00f6z\u00f6ket, a felhaszn\u00e1l\u00f3i v\u00e9lem\u00e9nyeket \u00e9s az adatv\u00e9delmet is, amit k\u00edn\u00e1lnak.<\/p>\n\n\n\n<h2 class=\"wp-block-heading\">Adatv\u00e9delem \u00e9s biztons\u00e1g<\/h2>\n\n\n\n<p>Soha ne ossz meg szem\u00e9lyes adatokat, p\u00e9ld\u00e1ul c\u00edmet, szem\u00e9lyi igazolv\u00e1nysz\u00e1mot vagy banksz\u00e1mlaadatokat. Ink\u00e1bb a platformon bel\u00fcl csevegj, \u00e9s b\u00edzz a meg\u00e9rz\u00e9seidben.<\/p>\n\n\n\n<p>Ha valami furcs\u00e1nak t\u0171nik sz\u00e1modra, blokkold \u00e9s jelentsd a profilt.<\/p>\n\n\n\n<h2 class=\"wp-block-heading\">Kommunik\u00e1ci\u00f3s eszk\u00f6z\u00f6k \u00e9s forr\u00e1sok<\/h2>\n\n\n\n<p>N\u00e9h\u00e1ny alkalmaz\u00e1s videoh\u00edv\u00e1sokat, hang\u00fczeneteket \u00e9s kompatibilit\u00e1si teszteket is k\u00edn\u00e1l.<\/p>\n\n\n\n<p>Haszn\u00e1ld ki ezeket a lehet\u0151s\u00e9geket, hogy jobban megismerd a m\u00e1sikat, miel\u0151tt megbesz\u00e9lsz egy tal\u00e1lkoz\u00f3t.<\/p>\n\n\n\n<h2 class=\"wp-block-heading\">K\u00f6nny\u0171 haszn\u00e1lat \u00e9s felhaszn\u00e1l\u00f3bar\u00e1t fel\u00fclet<\/h2>\n\n\n\n<p>Nincs is rosszabb egy zavar\u00f3 alkalmaz\u00e1sn\u00e1l, igaz? V\u00e1lassz egyet, ami intuit\u00edv, letisztult \u00e9s funkcion\u00e1lis diz\u00e1jnnal rendelkezik.<\/p>\n\n\n\n<h2 class=\"wp-block-heading\">Biztons\u00e1gosan \u00e9s tiszteletteljesen kommunik\u00e1lj<\/h2>\n\n\n\n<p>M\u00e1sok tisztelete minden kapcsolat alapja. Ha valaki nem reag\u00e1l vagy nem mutat \u00e9rdekl\u0151d\u00e9st, l\u00e9pj tov\u00e1bb. Az udvariass\u00e1g \u00e9s a tisztelet g\u00f6rd\u00fcl\u00e9kenyebb\u00e9 \u00e9s eg\u00e9szs\u00e9gesebb\u00e9 teszi az interakci\u00f3kat.<\/p>\n\n\n<div class=\"wp-block-image\">\n<figure class=\"aligncenter size-full\"><img loading=\"lazy\" decoding=\"async\" width=\"550\" height=\"350\" src=\"http:\/\/universofamilia.com\/wp-content\/uploads\/sites\/148\/2024\/12\/DESTAQUE-UNIVERSO-550-x-350-7.jpg\" alt=\"\" class=\"wp-image-7636\" srcset=\"https:\/\/universofamilia.com\/wp-content\/uploads\/sites\/148\/2024\/12\/DESTAQUE-UNIVERSO-550-x-350-7.jpg 550w, https:\/\/universofamilia.com\/wp-content\/uploads\/sites\/148\/2024\/12\/DESTAQUE-UNIVERSO-550-x-350-7-300x191.jpg 300w\" sizes=\"(max-width: 550px) 100vw, 550px\" \/><figcaption class=\"wp-element-caption\">Kapcsold \u00f6ssze a sz\u00edved m\u00e9g ma<\/figcaption><\/figure><\/div>\n\n\n<h2 class=\"wp-block-heading\">Mit mondanak a felhaszn\u00e1l\u00f3k?<\/h2>\n\n\n\n<p>A felhaszn\u00e1l\u00f3i v\u00e9lem\u00e9nyek kiv\u00e1l\u00f3 mutat\u00f3k a megfelel\u0151 alkalmaz\u00e1s kiv\u00e1laszt\u00e1s\u00e1hoz. \u00cdme n\u00e9h\u00e1ny val\u00f3di aj\u00e1nl\u00e1s:<\/p>\n\n\n\n<ul class=\"wp-block-list\">\n<li>\u201eA feles\u00e9gemet a Saltn\u00e1l tal\u00e1ltam meg! Elk\u00e9peszt\u0151, milyen term\u00e9szetesen alakult ki k\u00f6z\u00f6tt\u00fcnk a kapcsolat.\u201d<\/li>\n\n\n\n<li>\u201eA mi id\u0151nk seg\u00edtett legy\u0151zni a mag\u00e1nyt. Nagyszer\u0171 bar\u00e1tokat szereztem, s\u0151t, egy \u00faj szerelmet is tal\u00e1ltam.\u201d<\/li>\n\n\n\n<li>\u201eA Tinder sz\u00f3rakoztat\u00f3 \u00e9s k\u00f6nnyen haszn\u00e1lhat\u00f3. Volt m\u00e1r n\u00e9h\u00e1ny nagyszer\u0171 besz\u00e9lget\u00e9sem \u00e9s n\u00e9h\u00e1ny eml\u00e9kezetes tal\u00e1lkoz\u00e1som.\u201d<\/li>\n<\/ul>\n\n\n\n<h2 class=\"wp-block-heading\">K\u00f6vetkeztet\u00e9s<\/h2>\n\n\n\n<p>M\u00e9g soha nem volt ilyen egyszer\u0171 \u00e9s el\u00e9rhet\u0151 tal\u00e1lni valakit, aki k\u00fcl\u00f6nleges. Egy kis b\u00e1tors\u00e1ggal \u00e9s a megfelel\u0151 alkalmaz\u00e1sokkal a mag\u00e1nyt \u00faj kapcsolatokkal teli utaz\u00e1ss\u00e1 alak\u00edthatod. Mire v\u00e1rsz? Nyisd meg a sz\u00edved, adj es\u00e9lyt a v\u00e1ratlannak, \u00e9s kezdj bele m\u00e9g ma.<\/p>\n\n\n\n<h2 class=\"wp-block-heading\">Let\u00f6lt\u00e9si linkek:<\/h2>\n\n\n\n<ul class=\"wp-block-list\">\n<li><strong>Tapl\u00f3<\/strong>: <strong><a href=\"https:\/\/tinder.com\/es\/download\">Hely<\/a><\/strong><\/li>\n\n\n\n<li><strong>S\u00f3:<\/strong> <strong><a href=\"https:\/\/play.google.com\/store\/apps\/details?id=com.besalt.app&amp;hl=en_US&amp;gl=US\">Hely<\/a><\/strong><\/li>\n\n\n\n<li><strong>KERESZT\u00daTOK: <a href=\"https:\/\/play.google.com\/store\/apps\/details?id=com.spark.crosspaths&amp;hl=en_US\">Hely<\/a><\/strong><\/li>\n\n\n\n<li><strong>A mi id\u0151nk: <a href=\"https:\/\/play.google.com\/store\/apps\/details?id=net.ilius.android.dating.ourtime.match&amp;hl=pt_BR\">Hely<\/a><\/strong><\/li>\n<\/ul>\n\n\n\n<p>Most rajtad a sor. Oszd meg ezt a cikket azokkal a bar\u00e1taiddal, akik szint\u00e9n igazi kapcsolatokat keresnek! Ki tudja?<\/p>\n\n\n\n<p>Tal\u00e1n seg\u00edthetsz m\u00e9g t\u00f6bb szerelmi t\u00f6rt\u00e9net l\u00e9trehoz\u00e1s\u00e1ban. \ud83d\udc96<\/p>\n\n\n\n<h2 class=\"wp-block-heading\"><strong>Gyakran ism\u00e9telt k\u00e9rd\u00e9sek<\/strong><\/h2>\n\n\n\n<p><strong>Milyen el\u0151ny\u00f6ket k\u00edn\u00e1lnak ezek az alkalmaz\u00e1sok?<\/strong><br>Az olyan randialkalmaz\u00e1sok, mint a Salt, a Crosspaths, az Our Time \u00e9s a Tinder, megk\u00f6nny\u00edtik a kapcsolatfelv\u00e9telt olyan emberekkel, akikkel k\u00f6z\u00f6sek az \u00e9rt\u00e9keid, \u00e9rdekl\u0151d\u00e9si k\u00f6r\u00f6d vagy \u00e9letszakaszod, eszk\u00f6z\u00f6ket k\u00edn\u00e1lva a biztons\u00e1gos \u00e9s hiteles interakci\u00f3hoz.<\/p>\n\n\n\n<p><strong>Biztons\u00e1gosak ezek az alkalmaz\u00e1sok?<\/strong><br>Igen, minden alkalmaz\u00e1s priorit\u00e1sk\u00e9nt kezeli a felhaszn\u00e1l\u00f3k adatainak v\u00e9delm\u00e9t \u00e9s biztons\u00e1g\u00e1t. Ennek ellen\u00e9re fontos betartani a biztons\u00e1gi aj\u00e1nl\u00e1sokat, p\u00e9ld\u00e1ul ker\u00fclni a szem\u00e9lyes adatok megoszt\u00e1s\u00e1t, \u00e9s sz\u00fcks\u00e9g eset\u00e9n haszn\u00e1lni a blokkol\u00f3 \u00e9s jelent\u00e9si funkci\u00f3kat.<\/p>\n\n\n\n<p><strong>Melyik a legjobb alkalmaz\u00e1s 50 \u00e9v felettieknek?<\/strong><br>Az Our Time kifejezetten 50 \u00e9v felettiek sz\u00e1m\u00e1ra k\u00e9sz\u00fclt, felhaszn\u00e1l\u00f3bar\u00e1t fel\u00fclettel \u00e9s az \u00e9rtelmes kapcsolatokra \u00f6sszpontos\u00edtva.<\/p>\n\n\n\n<p><strong>Hogyan v\u00e1lasszam ki a megfelel\u0151 alkalmaz\u00e1st sz\u00e1momra?<\/strong><br>Att\u00f3l f\u00fcgg, milyenek a c\u00e9ljaid. Ha hiten alapul\u00f3 kapcsolatokat keresel, a Salt vagy a Crosspaths ide\u00e1lis lehet. Ha t\u00f6bb lehet\u0151s\u00e9get is szeretn\u00e9l felfedezni, a Tinder remek v\u00e1laszt\u00e1s. Gondold \u00e1t, mit \u00e9rt\u00e9kelsz, \u00e9s olvasd el m\u00e1s felhaszn\u00e1l\u00f3k v\u00e9lem\u00e9ny\u00e9t.<\/p>\n\n\n\n<p><strong>Ingyenesek ezek az alkalmaz\u00e1sok?<\/strong><br>Ezen alkalmaz\u00e1sok t\u00f6bbs\u00e9ge ingyenes funkci\u00f3kat k\u00edn\u00e1l pr\u00e9mium opci\u00f3kkal, amelyek b\u0151v\u00edtik a csatlakoz\u00e1si \u00e9s kommunik\u00e1ci\u00f3s lehet\u0151s\u00e9geidet. Kezdheted az ingyenes verzi\u00f3val, \u00e9s eld\u00f6ntheted, hogy szeretn\u00e9d-e friss\u00edteni az \u00e9lm\u00e9nyt.<\/p>","protected":false},"excerpt":{"rendered":"<p>\u00a1Encuentra conexiones reales ahora! \u00bfQu\u00e9 es lo que desea? Ser\u00e1s redirigido a otro sitio Sentirse solo es algo que todos experimentamos en alg\u00fan momento de la vida, \u00bfverdad? Esa sensaci\u00f3n de vac\u00edo, de que falta algo o alguien&#8230; Pero aqu\u00ed va una verdad simple: no est\u00e1s solo en esto. Hoy, la tecnolog\u00eda nos ofrece herramientas [&hellip;]<\/p>","protected":false},"author":219,"featured_media":7636,"comment_status":"closed","ping_status":"open","sticky":false,"template":"","format":"standard","meta":{"footnotes":""},"categories":[5],"tags":[85,178,565,665,1457],"yoast_head":"<!-- This site is optimized with the Yoast SEO plugin v23.3 - https:\/\/yoast.com\/wordpress\/plugins\/seo\/ -->\n<title>Conecta tu coraz\u00f3n hoy - Universo Fam\u00edlia<\/title>\n<meta name=\"description\" content=\"Conecta tu coraz\u00f3n hoy. Sentirse solo es algo que todos experimentamos en alg\u00fan momento de la vida, \u00bfverdad?\" \/>\n<meta name=\"robots\" content=\"index, follow, max-snippet:-1, max-image-preview:large, max-video-preview:-1\" \/>\n<link rel=\"canonical\" href=\"https:\/\/universofamilia.com\/hu\/conecta-tu-corazon-hoy\/\" \/>\n<meta property=\"og:locale\" content=\"hu_HU\" \/>\n<meta property=\"og:type\" content=\"article\" \/>\n<meta property=\"og:title\" content=\"Conecta tu coraz\u00f3n hoy - Universo Fam\u00edlia\" \/>\n<meta property=\"og:description\" content=\"Conecta tu coraz\u00f3n hoy. Sentirse solo es algo que todos experimentamos en alg\u00fan momento de la vida, \u00bfverdad?\" \/>\n<meta property=\"og:url\" content=\"https:\/\/universofamilia.com\/hu\/conecta-tu-corazon-hoy\/\" \/>\n<meta property=\"og:site_name\" content=\"Universo Fam\u00edlia\" \/>\n<meta property=\"article:published_time\" content=\"2024-12-05T14:34:06+00:00\" \/>\n<meta property=\"article:modified_time\" content=\"2026-04-15T14:26:26+00:00\" \/>\n<meta property=\"og:image\" content=\"https:\/\/universofamilia.com\/wp-content\/uploads\/sites\/148\/2024\/12\/DESTAQUE-UNIVERSO-550-x-350-7.jpg\" \/>\n\t<meta property=\"og:image:width\" content=\"550\" \/>\n\t<meta property=\"og:image:height\" content=\"350\" \/>\n\t<meta property=\"og:image:type\" content=\"image\/jpeg\" \/>\n<meta name=\"author\" content=\"Matheus Sangaletti\" \/>\n<meta name=\"twitter:card\" content=\"summary_large_image\" \/>\n<meta name=\"twitter:label1\" content=\"Written by\" \/>\n\t<meta name=\"twitter:data1\" content=\"Matheus Sangaletti\" \/>\n\t<meta name=\"twitter:label2\" content=\"Est. reading time\" \/>\n\t<meta name=\"twitter:data2\" content=\"7 perc\" \/>\n<script type=\"application\/ld+json\" class=\"yoast-schema-graph\">{\"@context\":\"https:\/\/schema.org\",\"@graph\":[{\"@type\":\"WebPage\",\"@id\":\"https:\/\/universofamilia.com\/pl\/conecta-tu-corazon-hoy\/\",\"url\":\"https:\/\/universofamilia.com\/pl\/conecta-tu-corazon-hoy\/\",\"name\":\"Conecta tu coraz\u00f3n hoy - Universo Fam\u00edlia\",\"isPartOf\":{\"@id\":\"https:\/\/universofamilia.com\/el\/#website\"},\"primaryImageOfPage\":{\"@id\":\"https:\/\/universofamilia.com\/pl\/conecta-tu-corazon-hoy\/#primaryimage\"},\"image\":{\"@id\":\"https:\/\/universofamilia.com\/pl\/conecta-tu-corazon-hoy\/#primaryimage\"},\"thumbnailUrl\":\"https:\/\/universofamilia.com\/wp-content\/uploads\/sites\/148\/2024\/12\/DESTAQUE-UNIVERSO-550-x-350-7.jpg\",\"datePublished\":\"2024-12-05T14:34:06+00:00\",\"dateModified\":\"2026-04-15T14:26:26+00:00\",\"author\":{\"@id\":\"https:\/\/universofamilia.com\/el\/#\/schema\/person\/92fcd07e9b1f4323bf74f3170fc0f78a\"},\"description\":\"Conecta tu coraz\u00f3n hoy. Sentirse solo es algo que todos experimentamos en alg\u00fan momento de la vida, \u00bfverdad?\",\"breadcrumb\":{\"@id\":\"https:\/\/universofamilia.com\/pl\/conecta-tu-corazon-hoy\/#breadcrumb\"},\"inLanguage\":\"hu\",\"potentialAction\":[{\"@type\":\"ReadAction\",\"target\":[\"https:\/\/universofamilia.com\/pl\/conecta-tu-corazon-hoy\/\"]}]},{\"@type\":\"ImageObject\",\"inLanguage\":\"hu\",\"@id\":\"https:\/\/universofamilia.com\/pl\/conecta-tu-corazon-hoy\/#primaryimage\",\"url\":\"https:\/\/universofamilia.com\/wp-content\/uploads\/sites\/148\/2024\/12\/DESTAQUE-UNIVERSO-550-x-350-7.jpg\",\"contentUrl\":\"https:\/\/universofamilia.com\/wp-content\/uploads\/sites\/148\/2024\/12\/DESTAQUE-UNIVERSO-550-x-350-7.jpg\",\"width\":550,\"height\":350,\"caption\":\"Conecta tu coraz\u00f3n hoy\"},{\"@type\":\"BreadcrumbList\",\"@id\":\"https:\/\/universofamilia.com\/pl\/conecta-tu-corazon-hoy\/#breadcrumb\",\"itemListElement\":[{\"@type\":\"ListItem\",\"position\":1,\"name\":\"Home\",\"item\":\"https:\/\/universofamilia.com\/el\/\"},{\"@type\":\"ListItem\",\"position\":2,\"name\":\"Conecta tu coraz\u00f3n hoy\"}]},{\"@type\":\"WebSite\",\"@id\":\"https:\/\/universofamilia.com\/el\/#website\",\"url\":\"https:\/\/universofamilia.com\/el\/\",\"name\":\"Universo Fam\u00edlia\",\"description\":\"\",\"potentialAction\":[{\"@type\":\"SearchAction\",\"target\":{\"@type\":\"EntryPoint\",\"urlTemplate\":\"https:\/\/universofamilia.com\/el\/?s={search_term_string}\"},\"query-input\":\"required name=search_term_string\"}],\"inLanguage\":\"hu\"},{\"@type\":\"Person\",\"@id\":\"https:\/\/universofamilia.com\/el\/#\/schema\/person\/92fcd07e9b1f4323bf74f3170fc0f78a\",\"name\":\"Matheus Sangaletti\",\"image\":{\"@type\":\"ImageObject\",\"inLanguage\":\"hu\",\"@id\":\"https:\/\/universofamilia.com\/el\/#\/schema\/person\/image\/\",\"url\":\"https:\/\/secure.gravatar.com\/avatar\/280ea957a14a48e6a1ad2133d2cc27c9?s=96&d=mm&r=g\",\"contentUrl\":\"https:\/\/secure.gravatar.com\/avatar\/280ea957a14a48e6a1ad2133d2cc27c9?s=96&d=mm&r=g\",\"caption\":\"Matheus Sangaletti\"},\"url\":\"https:\/\/universofamilia.com\/hu\/author\/matheuss\/\"}]}<\/script>\n<!-- \/ Yoast SEO plugin. -->","yoast_head_json":{"title":"Conecta tu coraz\u00f3n hoy - Universo Fam\u00edlia","description":"Conecta tu coraz\u00f3n hoy. Sentirse solo es algo que todos experimentamos en alg\u00fan momento de la vida, \u00bfverdad?","robots":{"index":"index","follow":"follow","max-snippet":"max-snippet:-1","max-image-preview":"max-image-preview:large","max-video-preview":"max-video-preview:-1"},"canonical":"https:\/\/universofamilia.com\/hu\/conecta-tu-corazon-hoy\/","og_locale":"hu_HU","og_type":"article","og_title":"Conecta tu coraz\u00f3n hoy - Universo Fam\u00edlia","og_description":"Conecta tu coraz\u00f3n hoy. Sentirse solo es algo que todos experimentamos en alg\u00fan momento de la vida, \u00bfverdad?","og_url":"https:\/\/universofamilia.com\/hu\/conecta-tu-corazon-hoy\/","og_site_name":"Universo Fam\u00edlia","article_published_time":"2024-12-05T14:34:06+00:00","article_modified_time":"2026-04-15T14:26:26+00:00","og_image":[{"width":550,"height":350,"url":"https:\/\/universofamilia.com\/wp-content\/uploads\/sites\/148\/2024\/12\/DESTAQUE-UNIVERSO-550-x-350-7.jpg","type":"image\/jpeg"}],"author":"Matheus Sangaletti","twitter_card":"summary_large_image","twitter_misc":{"Written by":"Matheus Sangaletti","Est. reading time":"7 perc"},"schema":{"@context":"https:\/\/schema.org","@graph":[{"@type":"WebPage","@id":"https:\/\/universofamilia.com\/pl\/conecta-tu-corazon-hoy\/","url":"https:\/\/universofamilia.com\/pl\/conecta-tu-corazon-hoy\/","name":"Conecta tu coraz\u00f3n hoy - Universo Fam\u00edlia","isPartOf":{"@id":"https:\/\/universofamilia.com\/el\/#website"},"primaryImageOfPage":{"@id":"https:\/\/universofamilia.com\/pl\/conecta-tu-corazon-hoy\/#primaryimage"},"image":{"@id":"https:\/\/universofamilia.com\/pl\/conecta-tu-corazon-hoy\/#primaryimage"},"thumbnailUrl":"https:\/\/universofamilia.com\/wp-content\/uploads\/sites\/148\/2024\/12\/DESTAQUE-UNIVERSO-550-x-350-7.jpg","datePublished":"2024-12-05T14:34:06+00:00","dateModified":"2026-04-15T14:26:26+00:00","author":{"@id":"https:\/\/universofamilia.com\/el\/#\/schema\/person\/92fcd07e9b1f4323bf74f3170fc0f78a"},"description":"Conecta tu coraz\u00f3n hoy. Sentirse solo es algo que todos experimentamos en alg\u00fan momento de la vida, \u00bfverdad?","breadcrumb":{"@id":"https:\/\/universofamilia.com\/pl\/conecta-tu-corazon-hoy\/#breadcrumb"},"inLanguage":"hu","potentialAction":[{"@type":"ReadAction","target":["https:\/\/universofamilia.com\/pl\/conecta-tu-corazon-hoy\/"]}]},{"@type":"ImageObject","inLanguage":"hu","@id":"https:\/\/universofamilia.com\/pl\/conecta-tu-corazon-hoy\/#primaryimage","url":"https:\/\/universofamilia.com\/wp-content\/uploads\/sites\/148\/2024\/12\/DESTAQUE-UNIVERSO-550-x-350-7.jpg","contentUrl":"https:\/\/universofamilia.com\/wp-content\/uploads\/sites\/148\/2024\/12\/DESTAQUE-UNIVERSO-550-x-350-7.jpg","width":550,"height":350,"caption":"Conecta tu coraz\u00f3n hoy"},{"@type":"BreadcrumbList","@id":"https:\/\/universofamilia.com\/pl\/conecta-tu-corazon-hoy\/#breadcrumb","itemListElement":[{"@type":"ListItem","position":1,"name":"Home","item":"https:\/\/universofamilia.com\/el\/"},{"@type":"ListItem","position":2,"name":"Conecta tu coraz\u00f3n hoy"}]},{"@type":"WebSite","@id":"https:\/\/universofamilia.com\/el\/#website","url":"https:\/\/universofamilia.com\/el\/","name":"Universo Fam\u00edlia","description":"","potentialAction":[{"@type":"SearchAction","target":{"@type":"EntryPoint","urlTemplate":"https:\/\/universofamilia.com\/el\/?s={search_term_string}"},"query-input":"required name=search_term_string"}],"inLanguage":"hu"},{"@type":"Person","@id":"https:\/\/universofamilia.com\/el\/#\/schema\/person\/92fcd07e9b1f4323bf74f3170fc0f78a","name":"Matheus Sangaletti","image":{"@type":"ImageObject","inLanguage":"hu","@id":"https:\/\/universofamilia.com\/el\/#\/schema\/person\/image\/","url":"https:\/\/secure.gravatar.com\/avatar\/280ea957a14a48e6a1ad2133d2cc27c9?s=96&d=mm&r=g","contentUrl":"https:\/\/secure.gravatar.com\/avatar\/280ea957a14a48e6a1ad2133d2cc27c9?s=96&d=mm&r=g","caption":"Matheus Sangaletti"},"url":"https:\/\/universofamilia.com\/hu\/author\/matheuss\/"}]}},"_links":{"self":[{"href":"https:\/\/universofamilia.com\/hu\/wp-json\/wp\/v2\/posts\/7631"}],"collection":[{"href":"https:\/\/universofamilia.com\/hu\/wp-json\/wp\/v2\/posts"}],"about":[{"href":"https:\/\/universofamilia.com\/hu\/wp-json\/wp\/v2\/types\/post"}],"author":[{"embeddable":true,"href":"https:\/\/universofamilia.com\/hu\/wp-json\/wp\/v2\/users\/219"}],"replies":[{"embeddable":true,"href":"https:\/\/universofamilia.com\/hu\/wp-json\/wp\/v2\/comments?post=7631"}],"version-history":[{"count":2,"href":"https:\/\/universofamilia.com\/hu\/wp-json\/wp\/v2\/posts\/7631\/revisions"}],"predecessor-version":[{"id":10756,"href":"https:\/\/universofamilia.com\/hu\/wp-json\/wp\/v2\/posts\/7631\/revisions\/10756"}],"wp:featuredmedia":[{"embeddable":true,"href":"https:\/\/universofamilia.com\/hu\/wp-json\/wp\/v2\/media\/7636"}],"wp:attachment":[{"href":"https:\/\/universofamilia.com\/hu\/wp-json\/wp\/v2\/media?parent=7631"}],"wp:term":[{"taxonomy":"category","embeddable":true,"href":"https:\/\/universofamilia.com\/hu\/wp-json\/wp\/v2\/categories?post=7631"},{"taxonomy":"post_tag","embeddable":true,"href":"https:\/\/universofamilia.com\/hu\/wp-json\/wp\/v2\/tags?post=7631"}],"curies":[{"name":"wp","href":"https:\/\/api.w.org\/{rel}","templated":true}]}}