{"id":7647,"date":"2024-12-07T15:01:31","date_gmt":"2024-12-07T18:01:31","guid":{"rendered":"https:\/\/universofamilia.com\/?p=7647"},"modified":"2024-12-07T15:01:31","modified_gmt":"2024-12-07T18:01:31","slug":"descubre-el-sexo-de-tu-bebe","status":"publish","type":"post","link":"https:\/\/universofamilia.com\/hu\/descubre-el-sexo-de-tu-bebe\/","title":{"rendered":"Tudja meg a baba nem\u00e9t"},"content":{"rendered":"<p>Tedd sz\u00f3rakoztat\u00f3v\u00e1 a babav\u00e1r\u00e1st!<\/p>\n\n\n\n<p>A baba nem\u00e9nek megtud\u00e1s\u00e1val j\u00e1r\u00f3 izgalom sosem megy ki a divatb\u00f3l.<\/p>\n\n\n\n<div class=\"wp-block-buttons is-content-justification-center is-layout-flex wp-container-core-buttons-layout-1 wp-block-buttons-is-layout-flex\">\n<div class=\"wp-block-button has-custom-width wp-block-button__width-100 is-style-outline\" style=\"text-decoration:none\"><a class=\"wp-block-button__link has-white-color has-vivid-purple-background-color has-text-color has-background has-link-color has-border-color has-ast-global-color-5-border-color has-text-align-left wp-element-button\" href=\"https:\/\/play.google.com\/store\/apps\/details?id=com.babycenter.pregnancytracker&amp;hl=en\" style=\"border-radius:6px\">T\u00f6ltsd le az alkalmaz\u00e1st \u27a1\ufe0f<\/a><\/div>\n<\/div>\n\n\n\n<p class=\"has-text-align-right\"><em><strong>\u00c1tir\u00e1ny\u00edtunk egy m\u00e1sik webhelyre<\/strong><\/em><\/p>\n\n\n\n<hr class=\"wp-block-separator alignfull has-text-color has-alpha-channel-opacity has-background is-style-wide\" style=\"background-color:#006196;color:#006196\"\/>\n\n\n\n<p><\/p>\n\n\n\n<p>Miut\u00e1n egy p\u00e1r bejelenti, hogy bab\u00e1t v\u00e1r, a leggyakoribb k\u00e9rd\u00e9s, amit hallanak, a k\u00f6vetkez\u0151: <em>\u201eFi\u00fa vagy l\u00e1ny lesz?\u201d<\/em><\/p>\n\n\n\n<p>Ez a k\u00edv\u00e1ncsis\u00e1g nemcsak a bar\u00e1tok \u00e9s a csal\u00e1d lelkesed\u00e9s\u00e9t t\u00fckr\u00f6zi, hanem az ismeretlenhez f\u0171z\u0151d\u0151 \u00e9rzelmi k\u00f6t\u0151d\u00e9s\u00fcnket is.<\/p>\n\n\n\n<p>A technol\u00f3gi\u00e1nak k\u00f6sz\u00f6nhet\u0151en m\u00e1r nem kell h\u00f3napokat v\u00e1rnunk a baba nem\u00e9vel kapcsolatos inform\u00e1ci\u00f3kra.<\/p>\n\n\n\n<p>Alkalmaz\u00e1sok, mint p\u00e9ld\u00e1ul <strong>BabyCenter<\/strong> forradalmas\u00edtott\u00e1k ezt a folyamatot, izgalmat \u00e9s sz\u00f3rakoz\u00e1st adva a v\u00e1rakoz\u00e1snak.<\/p>\n\n\n\n<p>Ebben a cikkben azt vizsg\u00e1ljuk meg, hogy mi\u00e9rt kelt annyi \u00e9rdekl\u0151d\u00e9st egy baba neme, \u00e9s hogyan teszik ezt az \u00e9lm\u00e9nyt m\u00e9g k\u00fcl\u00f6nlegesebb\u00e9 az olyan alkalmaz\u00e1sok, mint a BabyCenter.<\/p>\n\n\n\n<p><\/p>\n\n\n\n<hr class=\"wp-block-separator has-text-color has-luminous-vivid-orange-color has-alpha-channel-opacity has-luminous-vivid-orange-background-color has-background is-style-wide\"\/>\n\n\n\n<h3 class=\"wp-block-heading\">L\u00e1sd m\u00e9g:<\/h3>\n\n\n\n<ul class=\"wp-block-list has-small-font-size\">\n<li class=\"has-medium-font-size\" style=\"padding-top:0;padding-right:var(--wp--preset--spacing--40);padding-bottom:0;padding-left:var(--wp--preset--spacing--40);font-style:normal;font-weight:400\"><a href=\"https:\/\/universofamilia.com\/hu\/6855\/grabar-llamadas-recibidas\/\"><mark style=\"background-color:rgba(0, 0, 0, 0);color:#f94c45\" class=\"has-inline-color\">Bej\u00f6v\u0151 h\u00edv\u00e1sok r\u00f6gz\u00edt\u00e9se &gt;<\/mark><\/a><\/li>\n\n\n\n<li class=\"has-medium-font-size\" style=\"padding-top:0;padding-right:var(--wp--preset--spacing--40);padding-bottom:0;padding-left:var(--wp--preset--spacing--40);font-style:normal;font-weight:400\"><a href=\"https:\/\/universofamilia.com\/hu\/6898\/leer-la-biblia-catolica-en-tu-celular\/\"><mark style=\"background-color:rgba(0, 0, 0, 0);color:#f94c45\" class=\"has-inline-color\"><font style=\"vertical-align: inherit;\"><font style=\"vertical-align: inherit;\">Olvasd a katolikus Bibli\u00e1t a mobiltelefonodon<\/font><\/font> &gt;<\/mark><\/a><\/li>\n\n\n\n<li class=\"has-medium-font-size\" style=\"padding-top:0;padding-right:var(--wp--preset--spacing--40);padding-bottom:0;padding-left:var(--wp--preset--spacing--40);font-style:normal;font-weight:400\"><a href=\"https:\/\/universofamilia.com\/hu\/6832\/aplicacion-para-bailar-zumba\/\"><mark style=\"background-color:rgba(0, 0, 0, 0);color:#f94c45\" class=\"has-inline-color\">Zumba t\u00e1ncalkalmaz\u00e1s &gt;<\/mark><\/a><\/li>\n\n\n\n<li class=\"has-medium-font-size\" style=\"padding-top:0;padding-right:var(--wp--preset--spacing--40);padding-bottom:0;padding-left:var(--wp--preset--spacing--40);font-style:normal;font-weight:400\"><a href=\"https:\/\/universofamilia.com\/hu\/6952\/descubre-quien-visita-tu-perfil-redes-sociales\/\"><mark style=\"background-color:rgba(0, 0, 0, 0);color:#f94c45\" class=\"has-inline-color\">Tudja meg, kik l\u00e1togatj\u00e1k a k\u00f6z\u00f6ss\u00e9gi m\u00e9dia profilj\u00e1t &gt;<\/mark><\/a><\/li>\n<\/ul>\n\n\n\n<hr class=\"wp-block-separator has-text-color has-luminous-vivid-orange-color has-alpha-channel-opacity has-luminous-vivid-orange-background-color has-background is-style-wide\"\/>\n\n\n\n<p><\/p>\n\n\n\n<h2 class=\"wp-block-heading\">Honnan ez a k\u00edv\u00e1ncsis\u00e1g a baba neme ir\u00e1nt?<\/h2>\n\n\n\n<p>K\u00e9pzeld el: terhes vagy, \u00e9s miut\u00e1n megosztottad a h\u00edrt, valaki megk\u00e9rdezi t\u0151led: <em>\u201e\u00c9s m\u00e1r tudod, hogy fi\u00fa vagy l\u00e1ny lesz?\u201d<\/em><\/p>\n\n\n\n<p>Ez a k\u00edv\u00e1ncsis\u00e1g szinte egyetemes \u00e9s m\u00e9lyen gy\u00f6kerezik hagyom\u00e1nyainkban.<\/p>\n\n\n\n<p>A baba nem\u00e9nek ismerete lehet\u0151v\u00e9 teszi a v\u00e1rand\u00f3s sz\u00fcl\u0151k sz\u00e1m\u00e1ra, hogy elk\u00e9pzelj\u00e9k, milyen \u00e9let v\u00e1r r\u00e1juk.<\/p>\n\n\n\n<p>Seg\u00edt megtervezni a gyakorlati r\u00e9szleteket, p\u00e9ld\u00e1ul a nevet vagy a szoba elrendez\u00e9s\u00e9t, de \u00e9rzelmi jelent\u0151s\u00e9ge is van.<\/p>\n\n\n\n<p>A nem ismerete m\u00e1r a sz\u00fclet\u00e9se el\u0151tt er\u0151s\u00edtheti a kapcsolatot a bab\u00e1val.<\/p>\n\n\n\n<p>Ez a v\u00e1rakoz\u00e1s azonban v\u00e9gtelennek t\u0171nhet, k\u00fcl\u00f6n\u00f6sen a terhess\u00e9g els\u0151 h\u00f3napjaiban.<\/p>\n\n\n\n<p>Ez\u00e9rt olyan eszk\u00f6z\u00f6k, mint pl. <strong>BabyCenter<\/strong> egyre n\u00e9pszer\u0171bbek, \u00e9s olyan j\u00f3slatokat k\u00edn\u00e1lnak, amelyek sokkal elviselhet\u0151bb\u00e9 teszik a v\u00e1rakoz\u00e1st.<\/p>\n\n\n\n<h2 class=\"wp-block-heading\">BabyCenter: Sokkal t\u00f6bb, mint egy j\u00f3sl\u00f3alkalmaz\u00e1s<\/h2>\n\n\n\n<p><strong>BabyCenter<\/strong> Ez nem csak egy alkalmaz\u00e1s a baba nem\u00e9nek megj\u00f3sol\u00e1s\u00e1ra; ez egy komplett platform, amely a v\u00e1rand\u00f3s sz\u00fcl\u0151k t\u00e1mogat\u00e1s\u00e1ra szolg\u00e1l a terhess\u00e9g\u00fck sor\u00e1n.<\/p>\n\n\n\n<p>Ez az eszk\u00f6z a tudom\u00e1nyt, a technol\u00f3gi\u00e1t \u00e9s a sz\u00f3rakoz\u00e1st \u00f6tv\u00f6zi, hogy egyed\u00fcl\u00e1ll\u00f3 \u00e9lm\u00e9nyt ny\u00fajtson.<\/p>\n\n\n\n<p>A baba fejl\u0151d\u00e9s\u00e9nek heti ellen\u0151rz\u00e9s\u00e9t\u0151l kezdve az eg\u00e9szs\u00e9g\u00fcgyi, t\u00e1pl\u00e1lkoz\u00e1si \u00e9s sz\u00fcl\u00e9si felk\u00e9sz\u00fcl\u00e9si tan\u00e1csad\u00e1son \u00e1t, <strong>BabyCenter<\/strong> n\u00e9lk\u00fcl\u00f6zhetetlen t\u00e1rs\u00e1v\u00e1 v\u00e1lik b\u00e1rki sz\u00e1m\u00e1ra az \u00e9let ezen szakasz\u00e1ban.<\/p>\n\n\n\n<p>\u00c9s ami a legjobb: megpr\u00f3b\u00e1lhatod megj\u00f3solni a baba nem\u00e9t is!<\/p>\n\n\n\n<h2 class=\"wp-block-heading\">Hogyan m\u0171k\u00f6dik a j\u00f3sl\u00e1s a BabyCenteren?<\/h2>\n\n\n\n<p>A BabyCenter \u00e1ltal a baba nem\u00e9nek el\u0151rejelz\u00e9s\u00e9re haszn\u00e1lt folyamat a hagyom\u00e1nyos m\u00f3dszerek \u00e9s a modern technol\u00f3gia kombin\u00e1ci\u00f3ja.<\/p>\n\n\n\n<p>\u00cdgy m\u0171k\u00f6dik:<\/p>\n\n\n\n<ul class=\"wp-block-list\">\n<li><strong>Fogantat\u00e1si d\u00e1tum adatok<\/strong>Az alkalmaz\u00e1s olyan alapvet\u0151 inform\u00e1ci\u00f3kat haszn\u00e1l, mint a fogantat\u00e1s becs\u00fclt d\u00e1tuma \u00e9s az anya \u00e9letkora.<\/li>\n\n\n\n<li><strong>K\u00ednai szexj\u00f3sl\u00f3 t\u00e1bl\u00e1zat<\/strong>Egy \u0151si technik\u00e1n alapul\u00f3 eszk\u00f6z az anya holdkor\u00e1t a fogantat\u00e1s h\u00f3napj\u00e1val \u00f6sszehasonl\u00edtva becs\u00fcli meg a baba nem\u00e9t.<\/li>\n\n\n\n<li><strong>\u00c1ltal\u00e1nos val\u00f3sz\u00edn\u0171s\u00e9gek<\/strong>A BabyCenter statisztik\u00e1kat \u00e9s algoritmusokat haszn\u00e1l a val\u00f3sz\u00edn\u0171s\u00e9gek kisz\u00e1m\u00edt\u00e1s\u00e1hoz.<\/li>\n<\/ul>\n\n\n\n<p>Fontos tiszt\u00e1zni, hogy ez a funkci\u00f3 ink\u00e1bb rekre\u00e1ci\u00f3s, mint orvosi jelleg\u0171.<\/p>\n\n\n\n<p>B\u00e1r nem helyettes\u00edti az olyan vizsg\u00e1latokat, mint az ultrahang vagy a v\u00e9rvizsg\u00e1lat, egy csipetnyi m\u00f3k\u00e1t \u00e9s izgalmat visz a v\u00e1rakoz\u00e1sba.<\/p>\n\n\n\n<h2 class=\"wp-block-heading\">BabyCenter: Egy alkalmaz\u00e1s, ami izgalmasabb\u00e1 teszi a v\u00e1rakoz\u00e1st<\/h2>\n\n\n\n<p>Az el\u0151rejelz\u00e9sek mellett a BabyCenter sz\u00e1mos olyan funkci\u00f3t k\u00edn\u00e1l, amelyek n\u00e9lk\u00fcl\u00f6zhetetlen forr\u00e1ss\u00e1 teszik a v\u00e1rand\u00f3s n\u0151k \u00e9s csal\u00e1djaik sz\u00e1m\u00e1ra.<\/p>\n\n\n\n<p>N\u00e9h\u00e1ny a legfigyelemrem\u00e9lt\u00f3bb jellemz\u0151i k\u00f6z\u00fcl:<\/p>\n\n\n\n<ol class=\"wp-block-list\">\n<li><strong>A baba fejl\u0151d\u00e9s\u00e9nek heti monitoroz\u00e1sa<\/strong><br>Az alkalmaz\u00e1s minden h\u00e9ten t\u00e1j\u00e9koztat a baba fejl\u0151d\u00e9s\u00e9r\u0151l, az els\u0151 sz\u00edvver\u00e9st\u0151l eg\u00e9szen addig a pillanatig, amikor mozogni kezd.<\/li>\n\n\n\n<li><strong>N\u00e9vjavaslatok<\/strong><br>M\u00e9g mindig nem tudod, milyen nevet adj a bab\u00e1dnak? A BabyCenterben rengeteg n\u00e9v tal\u00e1lhat\u00f3, jelent\u00e9sekkel \u00e9s trendekkel egy\u00fctt.<\/li>\n\n\n\n<li><strong>Szem\u00e9lyre szabott tan\u00e1csad\u00e1s<\/strong><br>Inform\u00e1ci\u00f3kat ny\u00fajt a reggeli rosszull\u00e9t kezel\u00e9s\u00e9r\u0151l, a helyes \u00e9tkez\u00e9sr\u0151l \u00e9s a test sz\u00fcl\u00e9sre val\u00f3 felk\u00e9sz\u00edt\u00e9s\u00e9r\u0151l.<\/li>\n\n\n\n<li><strong>K\u00f6z\u00f6ss\u00e9gek \u00e9s f\u00f3rumok<\/strong><br>Az egyik leg\u00e9rt\u00e9kesebb funkci\u00f3 a t\u00e9r, ahol m\u00e1s v\u00e1rand\u00f3s sz\u00fcl\u0151kkel lehet kapcsolatba l\u00e9pni. Megoszthatod a tapasztalataidat, k\u00e9rd\u00e9seket tehetsz fel, \u00e9s t\u00e1mogat\u00e1st kaphatsz azokt\u00f3l, akik hasonl\u00f3 probl\u00e9m\u00e1kon mennek kereszt\u00fcl.<\/li>\n\n\n\n<li><strong>Terhess\u00e9gi napt\u00e1r<\/strong><br>Az els\u0151 orvosi l\u00e1togat\u00e1st\u00f3l a sz\u00fcl\u00e9s napj\u00e1ig a BabyCenter seg\u00edt megtervezni a terhess\u00e9g minden szakasz\u00e1t.<\/li>\n<\/ol>\n\n\n\n<h2 class=\"wp-block-heading\">Mit mondanak a BabyCenter felhaszn\u00e1l\u00f3i?<\/h2>\n\n\n\n<p>Felhaszn\u00e1l\u00f3i v\u00e9lem\u00e9nyek a k\u00f6vetkez\u0151r\u0151l: <strong>Google Play<\/strong> \u00e9s <strong>Apple \u00c1ruh\u00e1z<\/strong> Mutassa be, mennyire n\u00e9pszer\u0171 \u00e9s megb\u00edzhat\u00f3 ez az alkalmaz\u00e1s.<\/p>\n\n\n\n<p>A 4,8 csillagos \u00e1tlagos \u00e9rt\u00e9kel\u00e9ssel a v\u00e9lem\u00e9nyek kiemelik a hasznoss\u00e1g\u00e1t \u00e9s a k\u00f6nny\u0171 haszn\u00e1lhat\u00f3s\u00e1g\u00e1t.<\/p>\n\n\n\n<p>\u00cdme n\u00e9h\u00e1ny p\u00e9lda arra, amit a felhaszn\u00e1l\u00f3k mondanak:<\/p>\n\n\n\n<ul class=\"wp-block-list\">\n<li><em>\u201eIm\u00e1dom! A bab\u00e1m fejl\u0151d\u00e9s\u00e9r\u0151l sz\u00f3l\u00f3 heti friss\u00edt\u00e9sek r\u00e9szletesek \u00e9s k\u00f6nnyen \u00e9rthet\u0151ek.\u201d<\/em><\/li>\n\n\n\n<li><em>\u201eA nemek szerinti el\u0151rejelz\u0151 funkci\u00f3 sz\u00f3rakoztat\u00f3. Az \u00e9n esetemben eltal\u00e1lt\u00e1k!\u201d<\/em><\/li>\n\n\n\n<li><em>\u201eOlyan, mintha lenne egy bar\u00e1tod, akinek mindig van v\u00e1lasza a k\u00e9rd\u00e9seidre.\u201d<\/em><\/li>\n<\/ul>\n\n\n\n<p>Ezek az \u00e9rt\u00e9kel\u00e9sek nemcsak az alkalmaz\u00e1s min\u0151s\u00e9g\u00e9t emelik ki, hanem a terhess\u00e9gi \u00e9lm\u00e9nyre gyakorolt pozit\u00edv hat\u00e1s\u00e1t is.<\/p>\n\n\n\n<h2 class=\"wp-block-heading\">K\u00edv\u00e1ncsis\u00e1g \u00e9s sz\u00f3rakoz\u00e1s a folyamatban<\/h2>\n\n\n\n<p>A praktikuss\u00e1ga mellett a BabyCenter az eg\u00e9sz folyamatot sz\u00f3rakoztat\u00f3 \u00e9lm\u00e9nny\u00e9 alak\u00edtja.<\/p>\n\n\n\n<p>P\u00e9ld\u00e1ul megoszthatod a j\u00f3slataidat a bar\u00e1taiddal, fogadhatsz a baba nem\u00e9re, vagy az eredm\u00e9nyek alapj\u00e1n elkezdheted elk\u00e9pzelni, hogyan fog kin\u00e9zni a gyerekszob\u00e1ja.<\/p>\n\n\n\n<p>B\u00e1r semmi sem veheti fel a versenyt a bab\u00e1d ultrahangvizsg\u00e1lat\u00e1nak izgalm\u00e1val, a BabyCenter egyedi \u00e9s izgalmas hangulatot k\u00f6lcs\u00f6n\u00f6z a v\u00e1rakoz\u00e1snak.<\/p>\n\n\n\n<p>Ide\u00e1lis azokban a pillanatokban, amikor felteszed magadnak a k\u00e9rd\u00e9st: <em>\u201eHogy lesz most a bab\u00e1m?\u201d<\/em><\/p>\n\n\n<div class=\"wp-block-image\">\n<figure class=\"aligncenter size-full\"><img loading=\"lazy\" decoding=\"async\" width=\"550\" height=\"350\" src=\"http:\/\/universofamilia.com\/wp-content\/uploads\/sites\/148\/2024\/12\/DESTAQUE-UNIVERSO-550-x-350-8.jpg\" alt=\"\" class=\"wp-image-7649\" srcset=\"https:\/\/universofamilia.com\/wp-content\/uploads\/sites\/148\/2024\/12\/DESTAQUE-UNIVERSO-550-x-350-8.jpg 550w, https:\/\/universofamilia.com\/wp-content\/uploads\/sites\/148\/2024\/12\/DESTAQUE-UNIVERSO-550-x-350-8-300x191.jpg 300w\" sizes=\"(max-width: 550px) 100vw, 550px\" \/><figcaption class=\"wp-element-caption\">Tudja meg a baba nem\u00e9t<\/figcaption><\/figure><\/div>\n\n\n<h2 class=\"wp-block-heading\">Konkl\u00fazi\u00f3: T\u00f6ltse le m\u00e9g ma a BabyCentert!<\/h2>\n\n\n\n<p>A baba nem\u00e9nek megtud\u00e1sa csak egy a sok meglepet\u00e9s k\u00f6z\u00fcl, amit a terhess\u00e9g alatt tapasztalhatsz, de az egyik legizgalmasabb.<\/p>\n\n\n\n<p>A BabyCenterrel egy kis sz\u00f3rakoz\u00e1st \u00e9s interakci\u00f3t vihetsz \u00e9leted ezen egyed\u00fcl\u00e1ll\u00f3 szakasz\u00e1ba.<\/p>\n\n\n\n<p>A j\u00f3slatokt\u00f3l a gyakorlati tan\u00e1csokig terjed\u0151 forr\u00e1sokkal ez az alkalmaz\u00e1s sokkal t\u00f6bb, mint egy egyszer\u0171 k\u00fcty\u00fc; egy megb\u00edzhat\u00f3 t\u00e1rs, amely a terhess\u00e9g minden napj\u00e1t k\u00fcl\u00f6nlegess\u00e9 teszi.<\/p>\n\n\n\n<p>Ha m\u00e9g nem pr\u00f3b\u00e1ltad ki, mire v\u00e1rsz? T\u00f6ltsd le most, \u00e9s tedd sz\u00f6vets\u00e9gesedd\u00e9 ebben a csod\u00e1latos id\u0151szakban.<\/p>\n\n\n\n<h3 class=\"wp-block-heading\">Let\u00f6lt\u00e9si linkek:<\/h3>\n\n\n\n<ul class=\"wp-block-list\">\n<li><a href=\"https:\/\/play.google.com\/store\/apps\/details?id=com.babycenter.pregnancytracker&amp;hl=en\">BabyCenter Androidra<\/a><\/li>\n\n\n\n<li><a href=\"https:\/\/apps.apple.com\/us\/app\/pregnancy-tracker-babycenter\/id386022579\">BabyCenter iOS-re<\/a><\/li>\n<\/ul>\n\n\n\n<p>Most rajtad a sor: Haszn\u00e1ltad m\u00e1r a BabyCentert, vagy van b\u00e1rmilyen t\u00f6rt\u00e9neted a bab\u00e1d nem\u00e9nek megj\u00f3sl\u00e1s\u00e1val kapcsolatban? \u00cdrj nek\u00fcnk kommentet! Oszd meg ezt a cikket a gyermeket v\u00e1r\u00f3 bar\u00e1taiddal \u00e9s csal\u00e1doddal. \u2764\ufe0f<\/p>","protected":false},"excerpt":{"rendered":"<p>\u00a1Haz divertida la espera del beb\u00e9! La emoci\u00f3n de saber el sexo de un beb\u00e9 es algo que nunca pasa de moda. Ser\u00e1s redirigido a otro sitio Desde que una pareja anuncia que est\u00e1 esperando, la pregunta m\u00e1s com\u00fan que escuchan es: &#8220;\u00bfSer\u00e1 ni\u00f1o o ni\u00f1a?&#8221; Esta curiosidad no solo refleja el entusiasmo de amigos [&hellip;]<\/p>","protected":false},"author":0,"featured_media":7649,"comment_status":"closed","ping_status":"open","sticky":false,"template":"","format":"standard","meta":{"footnotes":""},"categories":[2],"tags":[234,504,679,926,1227],"yoast_head":"<!-- This site is optimized with the Yoast SEO plugin v23.3 - https:\/\/yoast.com\/wordpress\/plugins\/seo\/ -->\n<title>Descubre el Sexo de Tu Beb\u00e9 - Universo Fam\u00edlia<\/title>\n<meta name=\"description\" content=\"Descubre el Sexo de Tu Beb\u00e9. La emoci\u00f3n de saber el sexo de un beb\u00e9 es algo que nunca pasa de moda.\" \/>\n<meta name=\"robots\" content=\"index, follow, max-snippet:-1, max-image-preview:large, max-video-preview:-1\" \/>\n<link rel=\"canonical\" href=\"https:\/\/universofamilia.com\/hu\/descubre-el-sexo-de-tu-bebe\/\" \/>\n<meta property=\"og:locale\" content=\"hu_HU\" \/>\n<meta property=\"og:type\" content=\"article\" \/>\n<meta property=\"og:title\" content=\"Descubre el Sexo de Tu Beb\u00e9 - Universo Fam\u00edlia\" \/>\n<meta property=\"og:description\" content=\"Descubre el Sexo de Tu Beb\u00e9. La emoci\u00f3n de saber el sexo de un beb\u00e9 es algo que nunca pasa de moda.\" \/>\n<meta property=\"og:url\" content=\"https:\/\/universofamilia.com\/hu\/descubre-el-sexo-de-tu-bebe\/\" \/>\n<meta property=\"og:site_name\" content=\"Universo Fam\u00edlia\" \/>\n<meta property=\"article:published_time\" content=\"2024-12-07T18:01:31+00:00\" \/>\n<meta property=\"og:image\" content=\"https:\/\/universofamilia.com\/wp-content\/uploads\/sites\/148\/2024\/12\/DESTAQUE-UNIVERSO-550-x-350-8.jpg\" \/>\n\t<meta property=\"og:image:width\" content=\"550\" \/>\n\t<meta property=\"og:image:height\" content=\"350\" \/>\n\t<meta property=\"og:image:type\" content=\"image\/jpeg\" \/>\n<meta name=\"twitter:card\" content=\"summary_large_image\" \/>\n<meta name=\"twitter:label1\" content=\"Est. reading time\" \/>\n\t<meta name=\"twitter:data1\" content=\"7 perc\" \/>\n<script type=\"application\/ld+json\" class=\"yoast-schema-graph\">{\"@context\":\"https:\/\/schema.org\",\"@graph\":[{\"@type\":\"WebPage\",\"@id\":\"https:\/\/universofamilia.com\/en\/descubre-el-sexo-de-tu-bebe\/\",\"url\":\"https:\/\/universofamilia.com\/en\/descubre-el-sexo-de-tu-bebe\/\",\"name\":\"Descubre el Sexo de Tu Beb\u00e9 - Universo Fam\u00edlia\",\"isPartOf\":{\"@id\":\"https:\/\/universofamilia.com\/el\/#website\"},\"primaryImageOfPage\":{\"@id\":\"https:\/\/universofamilia.com\/en\/descubre-el-sexo-de-tu-bebe\/#primaryimage\"},\"image\":{\"@id\":\"https:\/\/universofamilia.com\/en\/descubre-el-sexo-de-tu-bebe\/#primaryimage\"},\"thumbnailUrl\":\"https:\/\/universofamilia.com\/wp-content\/uploads\/sites\/148\/2024\/12\/DESTAQUE-UNIVERSO-550-x-350-8.jpg\",\"datePublished\":\"2024-12-07T18:01:31+00:00\",\"dateModified\":\"2024-12-07T18:01:31+00:00\",\"author\":{\"@id\":\"\"},\"description\":\"Descubre el Sexo de Tu Beb\u00e9. La emoci\u00f3n de saber el sexo de un beb\u00e9 es algo que nunca pasa de moda.\",\"breadcrumb\":{\"@id\":\"https:\/\/universofamilia.com\/en\/descubre-el-sexo-de-tu-bebe\/#breadcrumb\"},\"inLanguage\":\"hu\",\"potentialAction\":[{\"@type\":\"ReadAction\",\"target\":[\"https:\/\/universofamilia.com\/en\/descubre-el-sexo-de-tu-bebe\/\"]}]},{\"@type\":\"ImageObject\",\"inLanguage\":\"hu\",\"@id\":\"https:\/\/universofamilia.com\/en\/descubre-el-sexo-de-tu-bebe\/#primaryimage\",\"url\":\"https:\/\/universofamilia.com\/wp-content\/uploads\/sites\/148\/2024\/12\/DESTAQUE-UNIVERSO-550-x-350-8.jpg\",\"contentUrl\":\"https:\/\/universofamilia.com\/wp-content\/uploads\/sites\/148\/2024\/12\/DESTAQUE-UNIVERSO-550-x-350-8.jpg\",\"width\":550,\"height\":350,\"caption\":\"Descubre el Sexo de Tu Beb\u00e9\"},{\"@type\":\"BreadcrumbList\",\"@id\":\"https:\/\/universofamilia.com\/en\/descubre-el-sexo-de-tu-bebe\/#breadcrumb\",\"itemListElement\":[{\"@type\":\"ListItem\",\"position\":1,\"name\":\"Home\",\"item\":\"https:\/\/universofamilia.com\/el\/\"},{\"@type\":\"ListItem\",\"position\":2,\"name\":\"Descubre el Sexo de Tu Beb\u00e9\"}]},{\"@type\":\"WebSite\",\"@id\":\"https:\/\/universofamilia.com\/el\/#website\",\"url\":\"https:\/\/universofamilia.com\/el\/\",\"name\":\"Universo Fam\u00edlia\",\"description\":\"\",\"potentialAction\":[{\"@type\":\"SearchAction\",\"target\":{\"@type\":\"EntryPoint\",\"urlTemplate\":\"https:\/\/universofamilia.com\/el\/?s={search_term_string}\"},\"query-input\":\"required name=search_term_string\"}],\"inLanguage\":\"hu\"}]}<\/script>\n<!-- \/ Yoast SEO plugin. -->","yoast_head_json":{"title":"Descubre el Sexo de Tu Beb\u00e9 - Universo Fam\u00edlia","description":"Descubre el Sexo de Tu Beb\u00e9. La emoci\u00f3n de saber el sexo de un beb\u00e9 es algo que nunca pasa de moda.","robots":{"index":"index","follow":"follow","max-snippet":"max-snippet:-1","max-image-preview":"max-image-preview:large","max-video-preview":"max-video-preview:-1"},"canonical":"https:\/\/universofamilia.com\/hu\/descubre-el-sexo-de-tu-bebe\/","og_locale":"hu_HU","og_type":"article","og_title":"Descubre el Sexo de Tu Beb\u00e9 - Universo Fam\u00edlia","og_description":"Descubre el Sexo de Tu Beb\u00e9. La emoci\u00f3n de saber el sexo de un beb\u00e9 es algo que nunca pasa de moda.","og_url":"https:\/\/universofamilia.com\/hu\/descubre-el-sexo-de-tu-bebe\/","og_site_name":"Universo Fam\u00edlia","article_published_time":"2024-12-07T18:01:31+00:00","og_image":[{"width":550,"height":350,"url":"https:\/\/universofamilia.com\/wp-content\/uploads\/sites\/148\/2024\/12\/DESTAQUE-UNIVERSO-550-x-350-8.jpg","type":"image\/jpeg"}],"twitter_card":"summary_large_image","twitter_misc":{"Est. reading time":"7 perc"},"schema":{"@context":"https:\/\/schema.org","@graph":[{"@type":"WebPage","@id":"https:\/\/universofamilia.com\/en\/descubre-el-sexo-de-tu-bebe\/","url":"https:\/\/universofamilia.com\/en\/descubre-el-sexo-de-tu-bebe\/","name":"Descubre el Sexo de Tu Beb\u00e9 - Universo Fam\u00edlia","isPartOf":{"@id":"https:\/\/universofamilia.com\/el\/#website"},"primaryImageOfPage":{"@id":"https:\/\/universofamilia.com\/en\/descubre-el-sexo-de-tu-bebe\/#primaryimage"},"image":{"@id":"https:\/\/universofamilia.com\/en\/descubre-el-sexo-de-tu-bebe\/#primaryimage"},"thumbnailUrl":"https:\/\/universofamilia.com\/wp-content\/uploads\/sites\/148\/2024\/12\/DESTAQUE-UNIVERSO-550-x-350-8.jpg","datePublished":"2024-12-07T18:01:31+00:00","dateModified":"2024-12-07T18:01:31+00:00","author":{"@id":""},"description":"Descubre el Sexo de Tu Beb\u00e9. La emoci\u00f3n de saber el sexo de un beb\u00e9 es algo que nunca pasa de moda.","breadcrumb":{"@id":"https:\/\/universofamilia.com\/en\/descubre-el-sexo-de-tu-bebe\/#breadcrumb"},"inLanguage":"hu","potentialAction":[{"@type":"ReadAction","target":["https:\/\/universofamilia.com\/en\/descubre-el-sexo-de-tu-bebe\/"]}]},{"@type":"ImageObject","inLanguage":"hu","@id":"https:\/\/universofamilia.com\/en\/descubre-el-sexo-de-tu-bebe\/#primaryimage","url":"https:\/\/universofamilia.com\/wp-content\/uploads\/sites\/148\/2024\/12\/DESTAQUE-UNIVERSO-550-x-350-8.jpg","contentUrl":"https:\/\/universofamilia.com\/wp-content\/uploads\/sites\/148\/2024\/12\/DESTAQUE-UNIVERSO-550-x-350-8.jpg","width":550,"height":350,"caption":"Descubre el Sexo de Tu Beb\u00e9"},{"@type":"BreadcrumbList","@id":"https:\/\/universofamilia.com\/en\/descubre-el-sexo-de-tu-bebe\/#breadcrumb","itemListElement":[{"@type":"ListItem","position":1,"name":"Home","item":"https:\/\/universofamilia.com\/el\/"},{"@type":"ListItem","position":2,"name":"Descubre el Sexo de Tu Beb\u00e9"}]},{"@type":"WebSite","@id":"https:\/\/universofamilia.com\/el\/#website","url":"https:\/\/universofamilia.com\/el\/","name":"Universo Fam\u00edlia","description":"","potentialAction":[{"@type":"SearchAction","target":{"@type":"EntryPoint","urlTemplate":"https:\/\/universofamilia.com\/el\/?s={search_term_string}"},"query-input":"required name=search_term_string"}],"inLanguage":"hu"}]}},"_links":{"self":[{"href":"https:\/\/universofamilia.com\/hu\/wp-json\/wp\/v2\/posts\/7647"}],"collection":[{"href":"https:\/\/universofamilia.com\/hu\/wp-json\/wp\/v2\/posts"}],"about":[{"href":"https:\/\/universofamilia.com\/hu\/wp-json\/wp\/v2\/types\/post"}],"replies":[{"embeddable":true,"href":"https:\/\/universofamilia.com\/hu\/wp-json\/wp\/v2\/comments?post=7647"}],"version-history":[{"count":0,"href":"https:\/\/universofamilia.com\/hu\/wp-json\/wp\/v2\/posts\/7647\/revisions"}],"wp:featuredmedia":[{"embeddable":true,"href":"https:\/\/universofamilia.com\/hu\/wp-json\/wp\/v2\/media\/7649"}],"wp:attachment":[{"href":"https:\/\/universofamilia.com\/hu\/wp-json\/wp\/v2\/media?parent=7647"}],"wp:term":[{"taxonomy":"category","embeddable":true,"href":"https:\/\/universofamilia.com\/hu\/wp-json\/wp\/v2\/categories?post=7647"},{"taxonomy":"post_tag","embeddable":true,"href":"https:\/\/universofamilia.com\/hu\/wp-json\/wp\/v2\/tags?post=7647"}],"curies":[{"name":"wp","href":"https:\/\/api.w.org\/{rel}","templated":true}]}}