{"id":7654,"date":"2024-12-08T12:23:11","date_gmt":"2024-12-08T15:23:11","guid":{"rendered":"https:\/\/universofamilia.com\/?p=7654"},"modified":"2024-12-08T12:23:11","modified_gmt":"2024-12-08T15:23:11","slug":"quien-mira-tu-perfil","status":"publish","type":"post","link":"https:\/\/universofamilia.com\/hu\/quien-mira-tu-perfil\/","title":{"rendered":"Ki n\u00e9zi meg a profilodat?"},"content":{"rendered":"<p>A k\u00f6z\u00f6ss\u00e9gi h\u00e1l\u00f3zataink m\u00f6g\u00f6tt rejl\u0151 k\u00edv\u00e1ncsis\u00e1g.<\/p>\n\n\n\n<h4 class=\"wp-block-heading has-text-align-center\">Tudd meg most!<\/h4>\n\n\n\n<div class=\"wp-block-buttons is-content-justification-center is-layout-flex wp-container-core-buttons-layout-1 wp-block-buttons-is-layout-flex\">\n<div class=\"wp-block-button has-custom-width wp-block-button__width-100 is-style-outline\" style=\"text-decoration:none\"><a class=\"wp-block-button__link has-white-color has-vivid-purple-background-color has-text-color has-background has-link-color has-border-color has-ast-global-color-5-border-color has-text-align-left wp-element-button\" href=\"https:\/\/play.google.com\/store\/apps\/details?id=com.analyzing.network\" style=\"border-radius:6px\">T\u00f6ltsd le az alkalmaz\u00e1st \u27a1\ufe0f<\/a><\/div>\n<\/div>\n\n\n\n<p class=\"has-text-align-right\"><em><strong>\u00c1tir\u00e1ny\u00edtunk egy m\u00e1sik webhelyre<\/strong><\/em><\/p>\n\n\n\n<hr class=\"wp-block-separator alignfull has-text-color has-alpha-channel-opacity has-background is-style-wide\" style=\"background-color:#006196;color:#006196\"\/>\n\n\n\n<p>Elgondolkodt\u00e1l m\u00e1r azon, hogy ki n\u00e9zi a profilodat?<\/p>\n\n\n\n<p>Ak\u00e1r Instagramon, Facebookon vagy LinkedInen vagyunk, a k\u00edv\u00e1ncsis\u00e1g, hogy kik figyelnek minket, szinte egyetemes.<\/p>\n\n\n\n<p>A digit\u00e1lis kapcsolatok kor\u00e1ban \u00e9l\u00fcnk, \u00e9s az a gondolat, hogy meg\u00e9rts\u00fck, ki van a k\u00e9perny\u0151 m\u00e1sik oldal\u00e1n, egyszer\u0171en ellen\u00e1llhatatlan.<\/p>\n\n\n\n<p>De t\u00e9nyleg van m\u00f3d kider\u00edteni?<\/p>\n\n\n\n<p>Ma azt vizsg\u00e1ljuk meg, hogyan alak\u00edthatj\u00e1k \u00e1t a szem\u00e9lyes elemz\u0151alkalmaz\u00e1sok a k\u00f6z\u00f6ss\u00e9gi m\u00e9dia megtekint\u00e9s\u00e9nek m\u00f3dj\u00e1t.<\/p>\n\n\n\n<h2 class=\"wp-block-heading\">A szem\u00e9lyes statisztikai alkalmaz\u00e1sok forradalma<\/h2>\n\n\n\n<p>Ha kor\u00e1bban lehetetlen volt tudni, hogy kik l\u00e9ptek a legt\u00f6bbet interakci\u00f3ba a tartalmaiddal, ma a technol\u00f3gia teljesen megv\u00e1ltoztatta a j\u00e1t\u00e9kszab\u00e1lyokat.<\/p>\n\n\n\n<p>A speci\u00e1lis szem\u00e9lyes statisztikai eszk\u00f6z\u00f6k nemcsak alapvet\u0151 mutat\u00f3kat k\u00edn\u00e1lnak, hanem r\u00e9szletes inform\u00e1ci\u00f3kat is a k\u00f6vet\u0151idr\u0151l.<\/p>\n\n\n\n<p>Ezek a platformok elemzik, hogy kik l\u00e1togatj\u00e1k a profilodat a leggyakrabban, mely bejegyz\u00e9sek gener\u00e1lj\u00e1k a legt\u00f6bb elk\u00f6telez\u0151d\u00e9st, s\u0151t, m\u00e9g a k\u00f6vet\u0151id viselked\u00e9si mint\u00e1it is azonos\u00edtj\u00e1k.<\/p>\n\n\n\n<p><\/p>\n\n\n\n<h3 class=\"wp-block-heading has-text-align-center\">Mit keresel ma?<\/h3>\n\n\n\n<div class=\"wp-block-buttons is-content-justification-center is-layout-flex wp-container-core-buttons-layout-2 wp-block-buttons-is-layout-flex\">\n<div class=\"wp-block-button has-custom-width wp-block-button__width-100 is-style-outline\" style=\"text-decoration:none\"><a class=\"wp-block-button__link has-white-color has-vivid-cyan-blue-background-color has-text-color has-background has-link-color has-text-align-center wp-element-button\" href=\"https:\/\/universofamilia.com\/hu\/7282\/descubre-quien-esta-observandote\/\" style=\"border-radius:6px\">Tudd meg, ki figyel t\u00e9ged \u27a1\ufe0f<\/a><\/div>\n<\/div>\n\n\n\n<div class=\"wp-block-buttons is-content-justification-center is-layout-flex wp-container-core-buttons-layout-3 wp-block-buttons-is-layout-flex\">\n<div class=\"wp-block-button has-custom-width wp-block-button__width-100 is-style-outline\" style=\"text-decoration:none\"><a class=\"wp-block-button__link has-white-color has-vivid-cyan-blue-background-color has-text-color has-background has-link-color has-text-align-center wp-element-button\" href=\"https:\/\/universofamilia.com\/hu\/7281\/quien-esta-interesado-en-ti\/\" style=\"border-radius:6px\">Kit \u00e9rdekelsz? \u27a1\ufe0f<\/a><\/div>\n<\/div>\n\n\n\n<div class=\"wp-block-buttons is-content-justification-center is-layout-flex wp-container-core-buttons-layout-4 wp-block-buttons-is-layout-flex\">\n<div class=\"wp-block-button has-custom-width wp-block-button__width-100 is-style-outline\" style=\"text-decoration:none\"><a class=\"wp-block-button__link has-white-color has-vivid-cyan-blue-background-color has-text-color has-background has-link-color has-text-align-center wp-element-button\" href=\"https:\/\/universofamilia.com\/hu\/7271\/encuentra-el-amor-mejores-apps-de-citas\/\" style=\"border-radius:6px\">Tal\u00e1ld meg a szerelmet \u27a1\ufe0f<\/a><\/div>\n<\/div>\n\n\n\n<p class=\"has-text-align-center\"><em><strong><em><strong><em><strong>Olvass tov\u00e1bb!<\/strong><\/em><\/strong><\/em><\/strong><\/em><\/p>\n\n\n\n<hr class=\"wp-block-separator has-text-color has-luminous-vivid-orange-color has-alpha-channel-opacity has-luminous-vivid-orange-background-color has-background is-style-wide\"\/>\n\n\n\n<p><\/p>\n\n\n\n<p>K\u00e9pzeld el a k\u00f6vetkez\u0151 helyzetet: K\u00f6zz\u00e9tesz egy fot\u00f3t a nyaral\u00e1sodr\u00f3l, \u00e9s \u00e9szreveszed, hogy az egyik szem\u00e9ly a szok\u00e1sosn\u00e1l t\u00f6bbet kommunik\u00e1l veled.<\/p>\n\n\n\n<p>\u00c9rdekl\u0151dik ir\u00e1ntad, vagy csak a t\u00e1jk\u00e9peidet szereti?<\/p>\n\n\n\n<p>Ezek az alkalmaz\u00e1sok seg\u00edtenek megv\u00e1laszolni ezt \u00e9s sok m\u00e1s k\u00e9rd\u00e9st.<\/p>\n\n\n\n<h2 class=\"wp-block-heading\">A k\u00f6vet\u0151id jobb megismer\u00e9s\u00e9nek el\u0151nyei<\/h2>\n\n\n\n<p>Ha azt hiszed, hogy csak k\u00edv\u00e1ncsis\u00e1gb\u00f3l tudod meg, kik n\u00e9zik meg a profilodat, k\u00e9sz\u00fclj fel arra, hogy meggondolod magad.<\/p>\n\n\n\n<p>A k\u00f6vet\u0151id jobb megismer\u00e9se gyakorlati el\u0151ny\u00f6kkel j\u00e1rhat, p\u00e9ld\u00e1ul:<\/p>\n\n\n\n<ul class=\"wp-block-list\">\n<li><strong>Jav\u00edtsa k\u00f6z\u00f6ss\u00e9gi m\u00e9dia strat\u00e9gi\u00e1j\u00e1t:<\/strong> Ha tudod, hogy milyen t\u00edpus\u00fa tartalom vonzza a legt\u00f6bb figyelmet, akkor hat\u00e9konyabban publik\u00e1lhatsz.<\/li>\n\n\n\n<li><strong>Lehet\u0151s\u00e9gek azonos\u00edt\u00e1sa:<\/strong> Ha a kapcsolataidat munk\u00e1ra haszn\u00e1lod, a k\u00f6z\u00f6ns\u00e9ged meg\u00e9rt\u00e9se egy\u00fcttm\u0171k\u00f6d\u00e9si vagy \u00fczleti lehet\u0151s\u00e9gek kapuit nyithatja meg el\u0151tted.<\/li>\n\n\n\n<li><strong>V\u00e9dje adatait:<\/strong> A szokatlan interakci\u00f3k \u00e9szlel\u00e9se gyan\u00fas viselked\u00e9sre figyelmeztethet.<\/li>\n\n\n\n<li><strong>N\u00f6velje az elk\u00f6telez\u0151d\u00e9st:<\/strong> Ha jobban ismered a k\u00f6z\u00f6ns\u00e9gedet, k\u00f6nnyebb olyan tartalmat l\u00e9trehozni, amely val\u00f3ban kapcsolatba l\u00e9p az emberekkel.<\/li>\n<\/ul>\n\n\n\n<p>\u00c9s a legjobb az eg\u00e9szben, hogy ezeket az alkalmaz\u00e1sokat nem csak influenszereknek vagy szakembereknek tervezt\u00e9k. B\u00e1rki haszn\u00e1lhatja \u0151ket!<\/p>\n\n\n\n<h2 class=\"wp-block-heading\">\u00daj m\u00f3dszer a k\u00f6z\u00f6ss\u00e9gi h\u00e1l\u00f3zatok meg\u00e9rt\u00e9s\u00e9re<\/h2>\n\n\n\n<p>Egy olyan korban \u00e9l\u00fcnk, ahol az adat az \u00faj \u201eolaj\u201d. A k\u00fcl\u00f6nbs\u00e9g azonban abban rejlik, hogyan haszn\u00e1ljuk fel ezt az inform\u00e1ci\u00f3t.<\/p>\n\n\n\n<p>Alkalmaz\u00e1sok, mint p\u00e9ld\u00e1ul <strong>Profile Analyzer<\/strong> \u00e9s <strong>K\u00f6z\u00f6ss\u00e9gi inform\u00e1ci\u00f3k<\/strong> Nem csak sz\u00e1mokat mutatnak; seg\u00edtenek \u00e9rtelmezni, hogy mit jelentenek ezek a sz\u00e1mok az \u00e9letedre vagy a szem\u00e9lyes m\u00e1rk\u00e1dra n\u00e9zve.<\/p>\n\n\n\n<p>P\u00e9ld\u00e1ul k\u00e9pzeld el, hogy r\u00e1j\u00f6ssz, hogy a profilod \u00e9jszaka t\u00f6bb megtekint\u00e9st kap. Ez megv\u00e1ltoztathatja a bejegyz\u00e9seid \u00fctemez\u00e9s\u00e9t!<\/p>\n\n\n\n<p>Vagy tal\u00e1n azt veszed \u00e9szre, hogy egy adott orsz\u00e1g k\u00f6vet\u0151i t\u00f6bbet l\u00e9pnek kapcsolatba veled.<\/p>\n\n\n\n<p>Ez az inform\u00e1ci\u00f3 kulcsfontoss\u00e1g\u00fa lehet, ha nemzetk\u00f6zi kamp\u00e1nyt tervez vagy term\u00e9keket \u00e9rt\u00e9kes\u00edt.<\/p>\n\n\n\n<h3 class=\"wp-block-heading\">Mi\u00e9rt b\u00edzzunk ezekben az alkalmaz\u00e1sokban?<\/h3>\n\n\n\n<p>Annyi lehet\u0151s\u00e9g k\u00f6z\u00fcl v\u00e1laszthatunk, hogy term\u00e9szetes a k\u00e9rd\u00e9s: Biztons\u00e1gosak \u00e9s megb\u00edzhat\u00f3ak ezek az alkalmaz\u00e1sok?<\/p>\n\n\n\n<p>A v\u00e1lasz att\u00f3l f\u00fcgg, hogy elismert \u00e9s elismert eszk\u00f6z\u00f6ket v\u00e1lasztunk-e, amelyek tiszteletben tartj\u00e1k az \u00d6n adatainak v\u00e9delm\u00e9t. \u00cdme k\u00e9t megb\u00edzhat\u00f3 p\u00e9lda:<\/p>\n\n\n\n<h3 class=\"wp-block-heading\">Profile Analyzer<\/h3>\n\n\n\n<ul class=\"wp-block-list\">\n<li><strong>Mit csin\u00e1lsz?:<\/strong> A Profile Analyzer r\u00e9szletes \u00e1ttekint\u00e9st ny\u00fajt arr\u00f3l, hogy kik l\u00e9pnek a legt\u00f6bbet interakci\u00f3ba a profiloddal. Ide\u00e1lis azok sz\u00e1m\u00e1ra, akik szeretn\u00e9k azonos\u00edtani a legakt\u00edvabb k\u00f6vet\u0151iket \u00e9s felder\u00edteni az elk\u00f6telez\u0151d\u00e9si mint\u00e1kat.<\/li>\n\n\n\n<li><strong>F\u0151bb jellemz\u0151k:<\/strong>\n<ul class=\"wp-block-list\">\n<li>Egyszer\u0171 \u00e9s k\u00f6nnyen \u00e9rthet\u0151 statisztik\u00e1k.<\/li>\n\n\n\n<li>Inakt\u00edv k\u00f6vet\u0151k azonos\u00edt\u00e1sa.<\/li>\n\n\n\n<li>Felhaszn\u00e1l\u00f3bar\u00e1t fel\u00fclet, m\u00e9g kezd\u0151k sz\u00e1m\u00e1ra is.<\/li>\n<\/ul>\n<\/li>\n\n\n\n<li><strong>Felhaszn\u00e1l\u00f3i \u00e9rt\u00e9kel\u00e9sek:<\/strong> A Play \u00c1ruh\u00e1zban \u00e9s az App Store-ban a pontoss\u00e1g\u00e1val \u00e9s a k\u00f6nny\u0171 haszn\u00e1lhat\u00f3s\u00e1g\u00e1val t\u0171nik ki.<\/li>\n<\/ul>\n\n\n\n<h3 class=\"wp-block-heading\">K\u00f6z\u00f6ss\u00e9gi inform\u00e1ci\u00f3k<\/h3>\n\n\n\n<ul class=\"wp-block-list\">\n<li><strong>Mit csin\u00e1lsz?:<\/strong> Ez az alkalmaz\u00e1s t\u00falmutat a szok\u00e1sos m\u00e9r\u0151sz\u00e1mokon, \u00e9s adatokat jelen\u00edt meg a k\u00f6vet\u0151id viselked\u00e9s\u00e9r\u0151l az id\u0151 m\u00fal\u00e1s\u00e1val.<\/li>\n\n\n\n<li><strong>F\u0151bb jellemz\u0151k:<\/strong>\n<ul class=\"wp-block-list\">\n<li>A l\u00e1togat\u00e1sok \u00e9s kedvel\u00e9sek r\u00e9szletes elemz\u00e9se.<\/li>\n\n\n\n<li>Interakt\u00edv grafikonok a profil n\u00f6veked\u00e9s\u00e9nek nyomon k\u00f6vet\u00e9s\u00e9hez.<\/li>\n\n\n\n<li>Tov\u00e1bbi funkci\u00f3k, p\u00e9ld\u00e1ul \u00f6sszehasonl\u00edt\u00f3 jelent\u00e9sek.<\/li>\n<\/ul>\n<\/li>\n\n\n\n<li><strong>Felhaszn\u00e1l\u00f3i \u00e9rt\u00e9kel\u00e9sek:<\/strong> A felhaszn\u00e1l\u00f3k hangs\u00falyozz\u00e1k, hogy a Social Insights professzion\u00e1lis \u00e9lm\u00e9nyt ny\u00fajt m\u00e9g szem\u00e9lyes profilok eset\u00e9n is.<\/li>\n<\/ul>\n\n\n\n<h2 class=\"wp-block-heading\">Mit mondanak a felhaszn\u00e1l\u00f3k?<\/h2>\n\n\n\n<p>Sok felhaszn\u00e1l\u00f3 megosztotta, hogy ezek az eszk\u00f6z\u00f6k teljesen megv\u00e1ltoztatt\u00e1k a k\u00f6z\u00f6ss\u00e9gi m\u00e9di\u00e1val kapcsolatos n\u00e9z\u0151pontjukat.<\/p>\n\n\n\n<p>Egy p\u00e9lda: Carla, 42 \u00e9ves, \u00edgy nyilatkozik:<br><em>\u201eSoha nem gondoltam volna, hogy ennyi ember n\u00e9zi meg a profilomat an\u00e9lk\u00fcl, hogy kapcsolatba l\u00e9pne velem. Most m\u00e1r pontosan tudom, mi m\u0171k\u00f6dik, \u00e9s mi n\u00f6velheti term\u00e9szetes m\u00f3don az elk\u00f6telez\u0151d\u00e9semet.\u201d<\/em><\/p>\n\n\n\n<p>A 37 \u00e9ves Joan a Social Insights szolg\u00e1ltat\u00e1st haszn\u00e1lja v\u00e1llalkoz\u00e1s\u00e1ban:<br><em>\u201eR\u00e1j\u00f6ttem, hogy a potenci\u00e1lis \u00fcgyfelek l\u00e1togatj\u00e1k a profilomat, de nem kommentelnek. Ezzel az inform\u00e1ci\u00f3val elkezdtem t\u00f6bbet kapcsolatba l\u00e9pni vel\u00fck, \u00e9s olyan \u00fczleteket k\u00f6t\u00f6ttem, amelyek kor\u00e1bban lehetetlennek t\u0171ntek.\u201d<\/em><\/p>\n\n\n\n<p>Ezek az aj\u00e1nl\u00e1sok bemutatj\u00e1k, hogyan tudnak ezek az alkalmaz\u00e1sok gyakorlati eredm\u00e9nyeket el\u00e9rni, az adatv\u00e9delemt\u0151l kezdve a szem\u00e9lyes vagy szakmai fejl\u0151d\u00e9sed el\u0151seg\u00edt\u00e9s\u00e9ig.<\/p>\n\n\n<div class=\"wp-block-image\">\n<figure class=\"aligncenter size-full\"><img loading=\"lazy\" decoding=\"async\" width=\"550\" height=\"350\" src=\"http:\/\/universofamilia.com\/wp-content\/uploads\/sites\/148\/2024\/12\/DESTAQUE-UNIVERSO-550-x-350-1-3.jpg\" alt=\"\" class=\"wp-image-7657\" srcset=\"https:\/\/universofamilia.com\/wp-content\/uploads\/sites\/148\/2024\/12\/DESTAQUE-UNIVERSO-550-x-350-1-3.jpg 550w, https:\/\/universofamilia.com\/wp-content\/uploads\/sites\/148\/2024\/12\/DESTAQUE-UNIVERSO-550-x-350-1-3-300x191.jpg 300w\" sizes=\"(max-width: 550px) 100vw, 550px\" \/><figcaption class=\"wp-element-caption\">Ki n\u00e9zi meg a profilodat?<\/figcaption><\/figure><\/div>\n\n\n<h2 class=\"wp-block-heading\">Konkl\u00fazi\u00f3: \u00c9rdemes-e ut\u00e1naj\u00e1rni?<\/h2>\n\n\n\n<p>Sz\u00f3val ki n\u00e9zi a profilodat? Olyan eszk\u00f6z\u00f6kkel, mint a <strong>Profile Analyzer<\/strong> \u00e9s <strong>K\u00f6z\u00f6ss\u00e9gi inform\u00e1ci\u00f3k<\/strong>, ez a v\u00e1lasz el\u00e9rhet\u0151 k\u00f6zels\u00e9gben van.<\/p>\n\n\n\n<p>A k\u00edv\u00e1ncsis\u00e1god kiel\u00e9g\u00edt\u00e9se mellett ezek a platformok \u00e9rt\u00e9kes inform\u00e1ci\u00f3kat is k\u00edn\u00e1lnak, hogy jobban meg\u00e9rtsd a h\u00e1l\u00f3zataidat \u00e9s a legt\u00f6bbet hozhasd ki bel\u0151l\u00fck.<\/p>\n\n\n\n<p>Most a ti\u00e9d a d\u00f6nt\u00e9s. K\u00e9szen \u00e1llsz arra, hogy \u00e1talak\u00edtsd a k\u00f6z\u00f6ss\u00e9gi m\u00e9di\u00e1val val\u00f3 kapcsolatodat?<\/p>\n\n\n\n<p>T\u00f6ltsd le az alkalmaz\u00e1sokat az al\u00e1bbi linkeken kereszt\u00fcl, \u00e9s kezdd el az utaz\u00e1st.<\/p>\n\n\n\n<h4 class=\"wp-block-heading\">Let\u00f6lt\u00e9si linkek:<\/h4>\n\n\n\n<ul class=\"wp-block-list\">\n<li><strong>Profilelemz\u0151:<\/strong> <a href=\"https:\/\/play.google.com\/store\/apps\/details?id=com.analyzing.network\">Android<\/a> \/ <a href=\"https:\/\/apps.apple.com\/us\/app\/the-profile-analyzer\/id1441979611\">iOS<\/a><\/li>\n\n\n\n<li><strong>K\u00f6z\u00f6ss\u00e9gi inform\u00e1ci\u00f3k:<\/strong> <a href=\"https:\/\/play.google.com\/store\/apps\/details?id=com.wprofeel.wprofile&amp;hl=en_US\">Android<\/a> \/ <a href=\"https:\/\/apps.apple.com\/us\/app\/who-profile-view-for-my-insta\/id1554870653\">iOS<\/a><\/li>\n<\/ul>\n\n\n\n<p>Tetszett ez a tartalom? Oszd meg a bar\u00e1taiddal, akiket szint\u00e9n \u00e9rdekel ez a t\u00e9ma! V\u00e9gs\u0151 soron a k\u00f6z\u00f6ss\u00e9gi m\u00e9dia a kapcsolatteremt\u00e9sr\u0151l, a megoszt\u00e1sr\u00f3l \u00e9s most m\u00e1r a meg\u00e9rt\u00e9sr\u0151l sz\u00f3l. \ud83d\ude80<\/p>","protected":false},"excerpt":{"rendered":"<p>A k\u00f6z\u00f6ss\u00e9gi m\u00e9dia m\u00f6g\u00f6tt rejl\u0151 k\u00edv\u00e1ncsis\u00e1g. Fedezd fel most! \u00c1tir\u00e1ny\u00edtunk egy m\u00e1sik oldalra. Elgondolkodt\u00e1l m\u00e1r azon, hogy ki n\u00e9zi a profilodat? Ak\u00e1r Instagramon, Facebookon vagy LinkedInen, a k\u00edv\u00e1ncsis\u00e1g, hogy ki figyel minket, szinte egyetemes. A digit\u00e1lis kapcsolatok kor\u00e1ban \u00e9l\u00fcnk, \u00e9s az a gondolat, hogy meg\u00e9rts\u00fck, ki [\u2026]<\/p>","protected":false},"author":0,"featured_media":7657,"comment_status":"closed","ping_status":"open","sticky":false,"template":"","format":"standard","meta":{"footnotes":""},"categories":[3],"tags":[90,376,843,1217,1318],"yoast_head":"<!-- This site is optimized with the Yoast SEO plugin v23.3 - https:\/\/yoast.com\/wordpress\/plugins\/seo\/ -->\n<title>\u00bfQui\u00e9n mira tu perfil? - Universo Fam\u00edlia<\/title>\n<meta name=\"description\" content=\"\u00bfQui\u00e9n mira tu perfil?. \u00bfAlguna vez te has preguntado qui\u00e9n est\u00e1 mirando tu perfil?\" \/>\n<meta name=\"robots\" content=\"index, follow, max-snippet:-1, max-image-preview:large, max-video-preview:-1\" \/>\n<link rel=\"canonical\" href=\"http:\/\/universofamilia.com\/hu\/quien-mira-tu-perfil\/\" \/>\n<meta property=\"og:locale\" content=\"hu_HU\" \/>\n<meta property=\"og:type\" content=\"article\" \/>\n<meta property=\"og:title\" content=\"\u00bfQui\u00e9n mira tu perfil? - Universo Fam\u00edlia\" \/>\n<meta property=\"og:description\" content=\"\u00bfQui\u00e9n mira tu perfil?. \u00bfAlguna vez te has preguntado qui\u00e9n est\u00e1 mirando tu perfil?\" \/>\n<meta property=\"og:url\" content=\"http:\/\/universofamilia.com\/hu\/quien-mira-tu-perfil\/\" \/>\n<meta property=\"og:site_name\" content=\"Universo Fam\u00edlia\" \/>\n<meta property=\"article:published_time\" content=\"2024-12-08T15:23:11+00:00\" \/>\n<meta property=\"og:image\" content=\"http:\/\/universofamilia.com\/wp-content\/uploads\/sites\/148\/2024\/12\/DESTAQUE-UNIVERSO-550-x-350-1-3.jpg\" \/>\n\t<meta property=\"og:image:width\" content=\"550\" \/>\n\t<meta property=\"og:image:height\" content=\"350\" \/>\n\t<meta property=\"og:image:type\" content=\"image\/jpeg\" \/>\n<meta name=\"twitter:card\" content=\"summary_large_image\" \/>\n<meta name=\"twitter:label1\" content=\"Est. reading time\" \/>\n\t<meta name=\"twitter:data1\" content=\"6 perc\" \/>\n<script type=\"application\/ld+json\" class=\"yoast-schema-graph\">{\"@context\":\"https:\/\/schema.org\",\"@graph\":[{\"@type\":\"WebPage\",\"@id\":\"http:\/\/universofamilia.com\/en\/quien-mira-tu-perfil\/\",\"url\":\"http:\/\/universofamilia.com\/en\/quien-mira-tu-perfil\/\",\"name\":\"\u00bfQui\u00e9n mira tu perfil? - Universo Fam\u00edlia\",\"isPartOf\":{\"@id\":\"https:\/\/universofamilia.com\/el\/#website\"},\"primaryImageOfPage\":{\"@id\":\"http:\/\/universofamilia.com\/en\/quien-mira-tu-perfil\/#primaryimage\"},\"image\":{\"@id\":\"http:\/\/universofamilia.com\/en\/quien-mira-tu-perfil\/#primaryimage\"},\"thumbnailUrl\":\"https:\/\/universofamilia.com\/wp-content\/uploads\/sites\/148\/2024\/12\/DESTAQUE-UNIVERSO-550-x-350-1-3.jpg\",\"datePublished\":\"2024-12-08T15:23:11+00:00\",\"dateModified\":\"2024-12-08T15:23:11+00:00\",\"author\":{\"@id\":\"\"},\"description\":\"\u00bfQui\u00e9n mira tu perfil?. \u00bfAlguna vez te has preguntado qui\u00e9n est\u00e1 mirando tu perfil?\",\"breadcrumb\":{\"@id\":\"http:\/\/universofamilia.com\/en\/quien-mira-tu-perfil\/#breadcrumb\"},\"inLanguage\":\"hu\",\"potentialAction\":[{\"@type\":\"ReadAction\",\"target\":[\"http:\/\/universofamilia.com\/en\/quien-mira-tu-perfil\/\"]}]},{\"@type\":\"ImageObject\",\"inLanguage\":\"hu\",\"@id\":\"http:\/\/universofamilia.com\/en\/quien-mira-tu-perfil\/#primaryimage\",\"url\":\"https:\/\/universofamilia.com\/wp-content\/uploads\/sites\/148\/2024\/12\/DESTAQUE-UNIVERSO-550-x-350-1-3.jpg\",\"contentUrl\":\"https:\/\/universofamilia.com\/wp-content\/uploads\/sites\/148\/2024\/12\/DESTAQUE-UNIVERSO-550-x-350-1-3.jpg\",\"width\":550,\"height\":350,\"caption\":\"\u00bfQui\u00e9n mira tu perfil?\"},{\"@type\":\"BreadcrumbList\",\"@id\":\"http:\/\/universofamilia.com\/en\/quien-mira-tu-perfil\/#breadcrumb\",\"itemListElement\":[{\"@type\":\"ListItem\",\"position\":1,\"name\":\"Home\",\"item\":\"https:\/\/universofamilia.com\/el\/\"},{\"@type\":\"ListItem\",\"position\":2,\"name\":\"\u00bfQui\u00e9n mira tu perfil?\"}]},{\"@type\":\"WebSite\",\"@id\":\"https:\/\/universofamilia.com\/el\/#website\",\"url\":\"https:\/\/universofamilia.com\/el\/\",\"name\":\"Universo Fam\u00edlia\",\"description\":\"\",\"potentialAction\":[{\"@type\":\"SearchAction\",\"target\":{\"@type\":\"EntryPoint\",\"urlTemplate\":\"https:\/\/universofamilia.com\/el\/?s={search_term_string}\"},\"query-input\":\"required name=search_term_string\"}],\"inLanguage\":\"hu\"}]}<\/script>\n<!-- \/ Yoast SEO plugin. -->","yoast_head_json":{"title":"\u00bfQui\u00e9n mira tu perfil? - Universo Fam\u00edlia","description":"\u00bfQui\u00e9n mira tu perfil?. \u00bfAlguna vez te has preguntado qui\u00e9n est\u00e1 mirando tu perfil?","robots":{"index":"index","follow":"follow","max-snippet":"max-snippet:-1","max-image-preview":"max-image-preview:large","max-video-preview":"max-video-preview:-1"},"canonical":"http:\/\/universofamilia.com\/hu\/quien-mira-tu-perfil\/","og_locale":"hu_HU","og_type":"article","og_title":"\u00bfQui\u00e9n mira tu perfil? - Universo Fam\u00edlia","og_description":"\u00bfQui\u00e9n mira tu perfil?. \u00bfAlguna vez te has preguntado qui\u00e9n est\u00e1 mirando tu perfil?","og_url":"http:\/\/universofamilia.com\/hu\/quien-mira-tu-perfil\/","og_site_name":"Universo Fam\u00edlia","article_published_time":"2024-12-08T15:23:11+00:00","og_image":[{"width":550,"height":350,"url":"http:\/\/universofamilia.com\/wp-content\/uploads\/sites\/148\/2024\/12\/DESTAQUE-UNIVERSO-550-x-350-1-3.jpg","type":"image\/jpeg"}],"twitter_card":"summary_large_image","twitter_misc":{"Est. reading time":"6 perc"},"schema":{"@context":"https:\/\/schema.org","@graph":[{"@type":"WebPage","@id":"http:\/\/universofamilia.com\/en\/quien-mira-tu-perfil\/","url":"http:\/\/universofamilia.com\/en\/quien-mira-tu-perfil\/","name":"\u00bfQui\u00e9n mira tu perfil? - Universo Fam\u00edlia","isPartOf":{"@id":"https:\/\/universofamilia.com\/el\/#website"},"primaryImageOfPage":{"@id":"http:\/\/universofamilia.com\/en\/quien-mira-tu-perfil\/#primaryimage"},"image":{"@id":"http:\/\/universofamilia.com\/en\/quien-mira-tu-perfil\/#primaryimage"},"thumbnailUrl":"https:\/\/universofamilia.com\/wp-content\/uploads\/sites\/148\/2024\/12\/DESTAQUE-UNIVERSO-550-x-350-1-3.jpg","datePublished":"2024-12-08T15:23:11+00:00","dateModified":"2024-12-08T15:23:11+00:00","author":{"@id":""},"description":"\u00bfQui\u00e9n mira tu perfil?. \u00bfAlguna vez te has preguntado qui\u00e9n est\u00e1 mirando tu perfil?","breadcrumb":{"@id":"http:\/\/universofamilia.com\/en\/quien-mira-tu-perfil\/#breadcrumb"},"inLanguage":"hu","potentialAction":[{"@type":"ReadAction","target":["http:\/\/universofamilia.com\/en\/quien-mira-tu-perfil\/"]}]},{"@type":"ImageObject","inLanguage":"hu","@id":"http:\/\/universofamilia.com\/en\/quien-mira-tu-perfil\/#primaryimage","url":"https:\/\/universofamilia.com\/wp-content\/uploads\/sites\/148\/2024\/12\/DESTAQUE-UNIVERSO-550-x-350-1-3.jpg","contentUrl":"https:\/\/universofamilia.com\/wp-content\/uploads\/sites\/148\/2024\/12\/DESTAQUE-UNIVERSO-550-x-350-1-3.jpg","width":550,"height":350,"caption":"\u00bfQui\u00e9n mira tu perfil?"},{"@type":"BreadcrumbList","@id":"http:\/\/universofamilia.com\/en\/quien-mira-tu-perfil\/#breadcrumb","itemListElement":[{"@type":"ListItem","position":1,"name":"Home","item":"https:\/\/universofamilia.com\/el\/"},{"@type":"ListItem","position":2,"name":"\u00bfQui\u00e9n mira tu perfil?"}]},{"@type":"WebSite","@id":"https:\/\/universofamilia.com\/el\/#website","url":"https:\/\/universofamilia.com\/el\/","name":"Universo Fam\u00edlia","description":"","potentialAction":[{"@type":"SearchAction","target":{"@type":"EntryPoint","urlTemplate":"https:\/\/universofamilia.com\/el\/?s={search_term_string}"},"query-input":"required name=search_term_string"}],"inLanguage":"hu"}]}},"_links":{"self":[{"href":"https:\/\/universofamilia.com\/hu\/wp-json\/wp\/v2\/posts\/7654"}],"collection":[{"href":"https:\/\/universofamilia.com\/hu\/wp-json\/wp\/v2\/posts"}],"about":[{"href":"https:\/\/universofamilia.com\/hu\/wp-json\/wp\/v2\/types\/post"}],"replies":[{"embeddable":true,"href":"https:\/\/universofamilia.com\/hu\/wp-json\/wp\/v2\/comments?post=7654"}],"version-history":[{"count":0,"href":"https:\/\/universofamilia.com\/hu\/wp-json\/wp\/v2\/posts\/7654\/revisions"}],"wp:featuredmedia":[{"embeddable":true,"href":"https:\/\/universofamilia.com\/hu\/wp-json\/wp\/v2\/media\/7657"}],"wp:attachment":[{"href":"https:\/\/universofamilia.com\/hu\/wp-json\/wp\/v2\/media?parent=7654"}],"wp:term":[{"taxonomy":"category","embeddable":true,"href":"https:\/\/universofamilia.com\/hu\/wp-json\/wp\/v2\/categories?post=7654"},{"taxonomy":"post_tag","embeddable":true,"href":"https:\/\/universofamilia.com\/hu\/wp-json\/wp\/v2\/tags?post=7654"}],"curies":[{"name":"wp","href":"https:\/\/api.w.org\/{rel}","templated":true}]}}