{"id":7679,"date":"2024-12-11T11:30:30","date_gmt":"2024-12-11T14:30:30","guid":{"rendered":"https:\/\/universofamilia.com\/?p=7679"},"modified":"2024-12-11T11:30:30","modified_gmt":"2024-12-11T14:30:30","slug":"recupera-tus-recuerdos-eliminados","status":"publish","type":"post","link":"https:\/\/universofamilia.com\/hu\/recupera-tus-recuerdos-eliminados\/","title":{"rendered":"\u00c1ll\u00edtsd vissza a t\u00f6r\u00f6lt eml\u00e9keidet"},"content":{"rendered":"<p>Tanuld meg, hogyan \u00e1ll\u00edthatod vissza a fot\u00f3idat \u00e9s az adataidat percek alatt!<\/p>\n\n\n\n<h4 class=\"wp-block-heading has-text-align-center\">Van b\u00e1rmilyen k\u00e9rd\u00e9se?<\/h4>\n\n\n\n<div class=\"wp-block-buttons is-content-justification-center is-layout-flex wp-container-core-buttons-layout-1 wp-block-buttons-is-layout-flex\">\n<div class=\"wp-block-button has-custom-width wp-block-button__width-100 has-custom-font-size is-style-outline has-large-font-size\" style=\"text-decoration:none\"><a class=\"wp-block-button__link has-white-color has-vivid-purple-background-color has-text-color has-background has-link-color has-border-color has-ast-global-color-5-border-color has-text-align-center wp-element-button\" href=\"https:\/\/www.messenger.com\/login.php?next=https%3A%2F%2Fwww.messenger.com%2Ft%2F110263563681990%2F%3Fref%3Dw30174560--utm_campaign%253D%257B%257Badset.id%257D%257D%26messaging_source%3Dsource%253Apages%253Amessage_shortlink%26source_id%3D1441792%26recurring_notification%3D0\" style=\"border-radius:6px\">\ud83d\udcac Besz\u00e9lj\u00fcnk! \ud83d\udc69\u200d\ud83e\uddb0\u200d\ud83c\udfa7<\/a><\/div>\n<\/div>\n\n\n\n<p class=\"has-text-align-right\"><em><strong>\u00c1tir\u00e1ny\u00edtunk egy m\u00e1sik webhelyre<\/strong><\/em><\/p>\n\n\n\n<hr class=\"wp-block-separator alignfull has-text-color has-alpha-channel-opacity has-background is-style-wide\" style=\"background-color:#006196;color:#006196\"\/>\n\n\n\n<p>Az \u00e9let fontos pillanatainak meg\u00f6r\u00f6k\u00edt\u00e9se elengedhetetlen.<\/p>\n\n\n\n<p>Ak\u00e1r sz\u00fclet\u00e9snapi fot\u00f3r\u00f3l, egy k\u00fcl\u00f6nleges \u00fczenetr\u0151l vagy ak\u00e1r munkahelyi f\u00e1jlokr\u00f3l van sz\u00f3, a digit\u00e1lis eml\u00e9kek elveszt\u00e9se les\u00fajt\u00f3 \u00e9lm\u00e9ny lehet.<\/p>\n\n\n\n<p>A j\u00f3 h\u00edr? Vannak hihetetlen alkalmaz\u00e1sok, amelyek seg\u00edthetnek visszaszerezni azt, ami \u00f6r\u00f6kre elveszettnek t\u0171nt. \ud83d\ude80\ud83d\udcbe\u2728<\/p>\n\n\n\n<h3 class=\"wp-block-heading\">Mi\u00e9rt \u00e9rdemes adat-helyre\u00e1ll\u00edt\u00f3 alkalmaz\u00e1sokat haszn\u00e1lni?<\/h3>\n\n\n\n<p>Az adatveszt\u00e9s gyakoribb, mint gondoln\u00e1d.<\/p>\n\n\n\n<p>Balesetek t\u00f6rt\u00e9nnek: v\u00e9letlen\u00fcl form\u00e1zzuk a mem\u00f3riak\u00e1rty\u00e1t, t\u00f6r\u00f6l\u00fcnk valamit, azt gondolva, hogy nem fontos, vagy ak\u00e1r eszk\u00f6zhib\u00e1kkal is szembes\u00fcl\u00fcnk.<\/p>\n\n\n\n<p>Ilyenkor a helyre\u00e1ll\u00edt\u00f3 alkalmaz\u00e1sok igazi \u00e9letment\u0151kk\u00e9 v\u00e1lnak.<\/p>\n\n\n\n<p>Nemcsak a t\u00f6r\u00f6lt f\u00e1jlok helyre\u00e1ll\u00edt\u00e1s\u00e1ban seg\u00edtenek, hanem a j\u00f6v\u0151beli eml\u00e9kek v\u00e9delm\u00e9ben is.<\/p>\n\n\n\n<p>Ezek az eszk\u00f6z\u00f6k nemcsak nyugalmat k\u00edn\u00e1lnak, hanem id\u0151t \u00e9s p\u00e9nzt is megtakar\u00edtanak az\u00e1ltal, hogy megakad\u00e1lyozz\u00e1k a fontos adatok elveszt\u00e9s\u00e9t. \ud83d\udee0\ufe0f\ud83d\udcdc\u2764\ufe0f<\/p>\n\n\n\n<p><\/p>\n\n\n\n<hr class=\"wp-block-separator has-text-color has-luminous-vivid-orange-color has-alpha-channel-opacity has-luminous-vivid-orange-background-color has-background is-style-wide\"\/>\n\n\n\n<h3 class=\"wp-block-heading\">L\u00e1sd m\u00e9g:<\/h3>\n\n\n\n<ul class=\"wp-block-list has-small-font-size\">\n<li class=\"has-medium-font-size\" style=\"padding-top:0;padding-right:var(--wp--preset--spacing--40);padding-bottom:0;padding-left:var(--wp--preset--spacing--40);font-style:normal;font-weight:400\"><a href=\"https:\/\/universofamilia.com\/hu\/6855\/grabar-llamadas-recibidas\/\"><mark style=\"background-color:rgba(0, 0, 0, 0);color:#f94c45\" class=\"has-inline-color\">Bej\u00f6v\u0151 h\u00edv\u00e1sok r\u00f6gz\u00edt\u00e9se &gt;<\/mark><\/a><\/li>\n\n\n\n<li class=\"has-medium-font-size\" style=\"padding-top:0;padding-right:var(--wp--preset--spacing--40);padding-bottom:0;padding-left:var(--wp--preset--spacing--40);font-style:normal;font-weight:400\"><a href=\"https:\/\/universofamilia.com\/hu\/6898\/leer-la-biblia-catolica-en-tu-celular\/\"><mark style=\"background-color:rgba(0, 0, 0, 0);color:#f94c45\" class=\"has-inline-color\"><font style=\"vertical-align: inherit;\"><font style=\"vertical-align: inherit;\">Olvasd a katolikus Bibli\u00e1t a mobiltelefonodon<\/font><\/font> &gt;<\/mark><\/a><\/li>\n\n\n\n<li class=\"has-medium-font-size\" style=\"padding-top:0;padding-right:var(--wp--preset--spacing--40);padding-bottom:0;padding-left:var(--wp--preset--spacing--40);font-style:normal;font-weight:400\"><a href=\"https:\/\/universofamilia.com\/hu\/6832\/aplicacion-para-bailar-zumba\/\"><mark style=\"background-color:rgba(0, 0, 0, 0);color:#f94c45\" class=\"has-inline-color\">Zumba t\u00e1ncalkalmaz\u00e1s &gt;<\/mark><\/a><\/li>\n\n\n\n<li class=\"has-medium-font-size\" style=\"padding-top:0;padding-right:var(--wp--preset--spacing--40);padding-bottom:0;padding-left:var(--wp--preset--spacing--40);font-style:normal;font-weight:400\"><a href=\"https:\/\/universofamilia.com\/hu\/6952\/descubre-quien-visita-tu-perfil-redes-sociales\/\"><mark style=\"background-color:rgba(0, 0, 0, 0);color:#f94c45\" class=\"has-inline-color\">Tudja meg, kik l\u00e1togatj\u00e1k a k\u00f6z\u00f6ss\u00e9gi m\u00e9dia profilj\u00e1t &gt;<\/mark><\/a><\/li>\n<\/ul>\n\n\n\n<hr class=\"wp-block-separator has-text-color has-luminous-vivid-orange-color has-alpha-channel-opacity has-luminous-vivid-orange-background-color has-background is-style-wide\"\/>\n\n\n\n<p><\/p>\n\n\n\n<p>Tov\u00e1bb\u00e1 egy olyan vil\u00e1gban, ahol egyre ink\u00e1bb a mobileszk\u00f6zeinkre t\u00e1maszkodunk eml\u00e9keink t\u00e1rol\u00e1s\u00e1ra \u00e9s napi tev\u00e9kenys\u00e9geink int\u00e9z\u00e9s\u00e9re, elengedhetetlen egy megb\u00edzhat\u00f3 adat-helyre\u00e1ll\u00edt\u00f3 alkalmaz\u00e1s.<\/p>\n\n\n\n<p>Ak\u00e1r egy \u00e1tlagos felhaszn\u00e1l\u00f3 vagy, aki csal\u00e1di fot\u00f3kat szeretne helyre\u00e1ll\u00edtani, ak\u00e1r egy szakember, akinek l\u00e9tfontoss\u00e1g\u00fa munkahelyi dokumentumokat kell vissza\u00e1ll\u00edtania, ezek az eszk\u00f6z\u00f6k hatalmas v\u00e1ltoz\u00e1st hozhatnak a digit\u00e1lis \u00e9letedben. \ud83d\udd0d\ud83d\udeab\ud83c\udf10<\/p>\n\n\n\n<p>N\u00e9zz\u00fck meg a legn\u00e9pszer\u0171bb alkalmaz\u00e1sokat. \ud83d\ude80\ud83d\udcc3\ud83d\udd04<\/p>\n\n\n\n<figure class=\"wp-block-embed is-type-video is-provider-youtube wp-block-embed-youtube wp-embed-aspect-16-9 wp-has-aspect-ratio\"><div class=\"wp-block-embed__wrapper\">\n<div class=\"ratio ratio-16x9\"><iframe loading=\"lazy\" title=\"2 M\u00d3DSZER A FOT\u00d3K HELYRE\u00c1LL\u00cdT\u00c1S\u00c1RA A MOBILTELEFONJ\u00c1R\u00d3L\" width=\"500\" height=\"281\" src=\"https:\/\/www.youtube.com\/embed\/Ay00AUtmaNg?feature=oembed\" frameborder=\"0\" allow=\"accelerometer; autoplay; clipboard-write; encrypted-media; gyroscope; picture-in-picture; web-share\" referrerpolicy=\"strict-origin-when-cross-origin\" allowfullscreen><\/iframe><\/div>\n<\/div><\/figure>\n\n\n\n<h2 class=\"wp-block-heading\">F\u00e1jlkezel\u0151 Plusz<\/h2>\n\n\n\n<p><strong>F\u00e1jlkezel\u0151 Plusz<\/strong> Sokkal t\u00f6bb, mint egy egyszer\u0171 f\u00e1jlkezel\u0151. Olyan funkci\u00f3kat tartalmaz, amelyek seg\u00edtenek megtal\u00e1lni \u00e9s vissza\u00e1ll\u00edtani a t\u00f6r\u00f6lt adatokat az eszk\u00f6z bels\u0151 \u00e9s k\u00fcls\u0151 t\u00e1rol\u00f3j\u00e1b\u00f3l.<\/p>\n\n\n\n<p>Az egyik kiemelked\u0151 funkci\u00f3ja a f\u00e1jlok kateg\u00f3ri\u00e1k szerinti rendszerez\u00e9s\u00e9nek lehet\u0151s\u00e9ge, \u00edgy a felhaszn\u00e1l\u00f3k k\u00f6nnyebben megtal\u00e1lj\u00e1k, amit keresnek. \ud83d\udcbe\ud83d\udee0\ufe0f\ud83c\udf10<\/p>\n\n\n\n<h4 class=\"wp-block-heading\">Hogyan m\u0171k\u00f6dik?<\/h4>\n\n\n\n<ul class=\"wp-block-list\">\n<li>Gyorskeres\u00e9s a t\u00f6r\u00f6lt f\u00e1jlok megtal\u00e1l\u00e1s\u00e1hoz.<\/li>\n\n\n\n<li>F\u00e1jlt\u00edpusok szerinti rendez\u00e9s (f\u00e9nyk\u00e9pek, vide\u00f3k, dokumentumok).<\/li>\n\n\n\n<li>Intuit\u00edv fel\u00fcletet \u00e9s fejlett eszk\u00f6z\u00f6ket k\u00edn\u00e1l a tapasztalt felhaszn\u00e1l\u00f3k sz\u00e1m\u00e1ra.<\/li>\n<\/ul>\n\n\n\n<h4 class=\"wp-block-heading\">Pozit\u00edv v\u00e9lem\u00e9nyek:<\/h4>\n\n\n\n<ul class=\"wp-block-list\">\n<li>A Google Playen sokan dics\u00e9rik a k\u00f6nnyen haszn\u00e1lhat\u00f3 fel\u00fclet\u00e9t \u00e9s a sebess\u00e9g\u00e9t.<\/li>\n\n\n\n<li>Mindk\u00e9t rendszer magas \u00e9rt\u00e9kel\u00e9st kapott, a v\u00e9lem\u00e9nyek kiemelik a f\u00e1jl-helyre\u00e1ll\u00edt\u00e1s pontoss\u00e1g\u00e1t.<\/li>\n\n\n\n<li>A felhaszn\u00e1l\u00f3k megeml\u00edtik, hogy m\u00e9g r\u00e9gebbi eszk\u00f6z\u00f6kkel is hat\u00e9konyan m\u0171k\u00f6dik.<\/li>\n<\/ul>\n\n\n\n<h4 class=\"wp-block-heading\">Hogyan kell telep\u00edteni?\ud83d\udd17\ud83c\udf10\u2728<\/h4>\n\n\n\n<p><\/p>\n\n\n\n<hr class=\"wp-block-separator has-text-color has-luminous-vivid-orange-color has-alpha-channel-opacity has-luminous-vivid-orange-background-color has-background is-style-wide\"\/>\n\n\n\n<div class=\"wp-block-media-text is-stacked-on-mobile\" style=\"grid-template-columns:24% auto\"><figure class=\"wp-block-media-text__media\"><img loading=\"lazy\" decoding=\"async\" width=\"1024\" height=\"1024\" src=\"http:\/\/universofamilia.com\/wp-content\/uploads\/sites\/148\/2024\/12\/APPS-4-1024x1024.jpg\" alt=\"\" class=\"wp-image-7680 size-full\" srcset=\"https:\/\/universofamilia.com\/wp-content\/uploads\/sites\/148\/2024\/12\/APPS-4-1024x1024.jpg 1024w, https:\/\/universofamilia.com\/wp-content\/uploads\/sites\/148\/2024\/12\/APPS-4-300x300.jpg 300w, https:\/\/universofamilia.com\/wp-content\/uploads\/sites\/148\/2024\/12\/APPS-4-150x150.jpg 150w, https:\/\/universofamilia.com\/wp-content\/uploads\/sites\/148\/2024\/12\/APPS-4-768x768.jpg 768w, https:\/\/universofamilia.com\/wp-content\/uploads\/sites\/148\/2024\/12\/APPS-4.jpg 1080w\" sizes=\"(max-width: 1024px) 100vw, 1024px\" \/><\/figure><div class=\"wp-block-media-text__content\">\n<p class=\"has-medium-font-size\"><strong>F\u00e1jlkezel\u0151 Plusz<\/strong><br>K\u00f6nnyed\u00e9n rendszerezheted \u00e9s \u00e1ll\u00edthatod vissza t\u00f6r\u00f6lt f\u00e1jljaidat a File Manager Plus seg\u00edts\u00e9g\u00e9vel; t\u00f6ltsd le most \u00e9s v\u00e9dd meg digit\u00e1lis eml\u00e9keidet!<\/p>\n<\/div><\/div>\n\n\n\n<div class=\"wp-block-buttons is-content-justification-center is-layout-flex wp-container-core-buttons-layout-2 wp-block-buttons-is-layout-flex\">\n<div class=\"wp-block-button has-custom-width wp-block-button__width-75 has-custom-font-size is-style-fill has-small-font-size\" style=\"text-decoration:none\"><a class=\"wp-block-button__link has-white-color has-ast-global-color-1-background-color has-text-color has-background has-link-color has-text-align-center wp-element-button\" href=\"https:\/\/play.google.com\/store\/apps\/details?id=com.alphainventor.filemanager&amp;hl=pt_BR\" style=\"border-radius:6px\">Google Play<\/a><\/div>\n\n\n\n<div class=\"wp-block-button has-custom-width wp-block-button__width-75 has-custom-font-size is-style-outline has-small-font-size\" style=\"text-decoration:none\"><a class=\"wp-block-button__link has-white-color has-ast-global-color-1-background-color has-text-color has-background has-link-color has-text-align-center wp-element-button\" href=\"https:\/\/apps.apple.com\/br\/app\/file-manager-plus\/id1072729245\" style=\"border-radius:6px\">Apple \u00c1ruh\u00e1z<\/a><\/div>\n<\/div>\n\n\n\n<p class=\"has-text-align-right has-small-font-size\"><strong><em><em><strong>\u00c1tir\u00e1ny\u00edtunk egy m\u00e1sik webhelyre<\/strong><\/em><\/em><\/strong><\/p>\n\n\n\n<hr class=\"wp-block-separator has-text-color has-luminous-vivid-orange-color has-alpha-channel-opacity has-luminous-vivid-orange-background-color has-background is-style-wide\"\/>\n\n\n\n<p><\/p>\n\n\n\n<h2 class=\"wp-block-heading\">MobiSaver<\/h2>\n\n\n\n<p><strong>MobiSaver<\/strong>Az EaseUS \u00e1ltal fejlesztett alkalmaz\u00e1s megb\u00edzhat\u00f3 megold\u00e1s azok sz\u00e1m\u00e1ra, akiknek t\u00f6r\u00f6lt f\u00e9nyk\u00e9peket, n\u00e9vjegyeket \u00e9s ak\u00e1r \u00fczeneteket is vissza kell \u00e1ll\u00edtaniuk.<\/p>\n\n\n\n<p>Ami ezt az alkalmaz\u00e1st k\u00fcl\u00f6nlegess\u00e9 teszi, az az egyszer\u0171s\u00e9gre val\u00f3 \u00f6sszpontos\u00edt\u00e1s a hat\u00e9konys\u00e1g fel\u00e1ldoz\u00e1sa n\u00e9lk\u00fcl.<\/p>\n\n\n\n<p>Ide\u00e1lis mind a mindennapi felhaszn\u00e1l\u00f3k, mind a m\u0171szaki ismeretekkel rendelkez\u0151k sz\u00e1m\u00e1ra. \ud83d\udcf2\ud83d\udee0\ufe0f\u2728<\/p>\n\n\n\n<h4 class=\"wp-block-heading\">Hogyan m\u0171k\u00f6dik?<\/h4>\n\n\n\n<ul class=\"wp-block-list\">\n<li>Vizsg\u00e1lja meg az eszk\u00f6z\u00e9t a t\u00f6r\u00f6lt adatok ut\u00e1n.<\/li>\n\n\n\n<li>Lehet\u0151v\u00e9 teszi a helyre\u00e1ll\u00edthat\u00f3 f\u00e1jlok megtekint\u00e9s\u00e9t a ment\u00e9s el\u0151tt.<\/li>\n\n\n\n<li>K\u00fcl\u00f6nb\u00f6z\u0151 f\u00e1jlform\u00e1tumokkal kompatibilis, ami n\u00f6veli a sokoldal\u00fas\u00e1g\u00e1t.<\/li>\n<\/ul>\n\n\n\n<h4 class=\"wp-block-heading\">Pozit\u00edv v\u00e9lem\u00e9nyek:<\/h4>\n\n\n\n<ul class=\"wp-block-list\">\n<li>\u201eOlyan fot\u00f3kat siker\u00fclt visszaszereznem, amelyekr\u0151l azt hittem, soha t\u00f6bb\u00e9 nem l\u00e1tom\u201d \u2013 \u00edrj\u00e1k a felhaszn\u00e1l\u00f3k.<\/li>\n\n\n\n<li>Gyakran gyorsnak \u00e9s hat\u00e9konynak \u00edrj\u00e1k le.<\/li>\n\n\n\n<li>A felhaszn\u00e1l\u00f3k nagyra \u00e9rt\u00e9kelik, hogy bonyolult helyzetekben, p\u00e9ld\u00e1ul s\u00e9r\u00fclt lemezek eset\u00e9n is k\u00e9pes m\u0171k\u00f6dni.<\/li>\n<\/ul>\n\n\n\n<h4 class=\"wp-block-heading\">Hogyan kell telep\u00edteni?\ud83d\udd17\ud83c\udf10\ud83d\udcf2<\/h4>\n\n\n\n<p><\/p>\n\n\n\n<hr class=\"wp-block-separator has-text-color has-luminous-vivid-orange-color has-alpha-channel-opacity has-luminous-vivid-orange-background-color has-background is-style-wide\"\/>\n\n\n\n<div class=\"wp-block-media-text is-stacked-on-mobile\" style=\"grid-template-columns:25% auto\"><figure class=\"wp-block-media-text__media\"><img loading=\"lazy\" decoding=\"async\" width=\"1024\" height=\"1024\" src=\"http:\/\/universofamilia.com\/wp-content\/uploads\/sites\/148\/2024\/12\/APPS-1-1-1024x1024.jpg\" alt=\"\" class=\"wp-image-7681 size-full\" srcset=\"https:\/\/universofamilia.com\/wp-content\/uploads\/sites\/148\/2024\/12\/APPS-1-1-1024x1024.jpg 1024w, https:\/\/universofamilia.com\/wp-content\/uploads\/sites\/148\/2024\/12\/APPS-1-1-300x300.jpg 300w, https:\/\/universofamilia.com\/wp-content\/uploads\/sites\/148\/2024\/12\/APPS-1-1-150x150.jpg 150w, https:\/\/universofamilia.com\/wp-content\/uploads\/sites\/148\/2024\/12\/APPS-1-1-768x768.jpg 768w, https:\/\/universofamilia.com\/wp-content\/uploads\/sites\/148\/2024\/12\/APPS-1-1.jpg 1080w\" sizes=\"(max-width: 1024px) 100vw, 1024px\" \/><\/figure><div class=\"wp-block-media-text__content\">\n<p class=\"has-medium-font-size\"><strong>MobiSaver<\/strong><br>\u00c1ll\u00edtsa vissza a f\u00e9nyk\u00e9peket, n\u00e9vjegyeket \u00e9s \u00fczeneteket a MobiSaverrel, a megb\u00edzhat\u00f3 eszk\u00f6zzel az \u00d6n ig\u00e9nyei szerint; pr\u00f3b\u00e1lja ki m\u00e9g ma!<\/p>\n<\/div><\/div>\n\n\n\n<div class=\"wp-block-buttons is-content-justification-center is-layout-flex wp-container-core-buttons-layout-3 wp-block-buttons-is-layout-flex\">\n<div class=\"wp-block-button has-custom-width wp-block-button__width-75 has-custom-font-size is-style-fill has-small-font-size\" style=\"text-decoration:none\"><a class=\"wp-block-button__link has-white-color has-ast-global-color-1-background-color has-text-color has-background has-link-color has-text-align-center wp-element-button\" href=\"https:\/\/play.google.com\/store\/apps\/details?id=com.easeus.mobisaver&amp;hl=pt_BR\" style=\"border-radius:6px\">Google Play<\/a><\/div>\n\n\n\n<div class=\"wp-block-button has-custom-width wp-block-button__width-75 has-custom-font-size is-style-outline has-small-font-size\" style=\"text-decoration:none\"><a class=\"wp-block-button__link has-white-color has-ast-global-color-1-background-color has-text-color has-background has-link-color has-text-align-center wp-element-button\" href=\"https:\/\/apps.apple.com\/us\/app\/easeus-data-recovery-wizard\/id740355970?mt=12\" style=\"border-radius:6px\">Apple \u00c1ruh\u00e1z<\/a><\/div>\n<\/div>\n\n\n\n<p class=\"has-text-align-right has-small-font-size\"><strong><em><em><strong>\u00c1tir\u00e1ny\u00edtunk egy m\u00e1sik webhelyre<\/strong><\/em><\/em><\/strong><\/p>\n\n\n\n<hr class=\"wp-block-separator has-text-color has-luminous-vivid-orange-color has-alpha-channel-opacity has-luminous-vivid-orange-background-color has-background is-style-wide\"\/>\n\n\n\n<p><\/p>\n\n\n\n<h2 class=\"wp-block-heading\">Kont\u00e9ner: Fot\u00f3ment\u00e9s<\/h2>\n\n\n\n<p>Ismered azt a lomt\u00e1rat a sz\u00e1m\u00edt\u00f3g\u00e9peden? <strong>Kont\u00e9ner<\/strong> Vidd ezt a funkci\u00f3t a telefonodra. Ide\u00e1lis a j\u00f6v\u0151beni adatveszt\u00e9sek megel\u0151z\u00e9s\u00e9re \u00e9s a nemr\u00e9g t\u00f6r\u00f6lt f\u00e1jlok helyre\u00e1ll\u00edt\u00e1s\u00e1ra.<\/p>\n\n\n\n<p>A Dumpster el\u0151nye, hogy nemcsak f\u00e1jlokat \u00e1ll\u00edt helyre, hanem megel\u0151z\u0151 eszk\u00f6zk\u00e9nt is m\u0171k\u00f6dik az\u00e1ltal, hogy automatikusan egy digit\u00e1lis &quot;kuk\u00e1ba&quot; t\u00e1rolja a t\u00f6r\u00f6lt f\u00e1jlokat. \ud83d\uddd1\ufe0f\ud83d\udcf7\ud83c\udf10<\/p>\n\n\n\n<h4 class=\"wp-block-heading\">Hogyan m\u0171k\u00f6dik?<\/h4>\n\n\n\n<ul class=\"wp-block-list\">\n<li>\u201eKukak\u00e9nt\u201d m\u0171k\u00f6dik, amely a t\u00f6r\u00f6lt f\u00e1jlokat t\u00e1rolja, miel\u0151tt v\u00e9glegesen t\u00f6rl\u0151dn\u00e9nek.<\/li>\n\n\n\n<li>Nem ig\u00e9nyel root hozz\u00e1f\u00e9r\u00e9st, \u00edgy k\u00f6nnyen haszn\u00e1lhat\u00f3.<\/li>\n\n\n\n<li>Felh\u0151alap\u00fa t\u00e1rol\u00e1si lehet\u0151s\u00e9get k\u00edn\u00e1l a fokozott biztons\u00e1g \u00e9rdek\u00e9ben.<\/li>\n<\/ul>\n\n\n\n<h4 class=\"wp-block-heading\">Pozit\u00edv v\u00e9lem\u00e9nyek:<\/h4>\n\n\n\n<ul class=\"wp-block-list\">\n<li>\u201eElmentettem az utols\u00f3 nyaral\u00e1si fot\u00f3imat\u201d \u2013 ez egy gyakori fr\u00e1zis a felhaszn\u00e1l\u00f3k k\u00f6r\u00e9ben.<\/li>\n\n\n\n<li>K\u00f6nny\u0171 alkalmaz\u00e1s magas helyre\u00e1ll\u00edt\u00e1si sikerar\u00e1nnyal.<\/li>\n\n\n\n<li>A felhaszn\u00e1l\u00f3k nagyra \u00e9rt\u00e9kelik a k\u00f6nny\u0171 kezelhet\u0151s\u00e9get \u00e9s a j\u00f6v\u0151beni vesztes\u00e9gek megel\u0151z\u00e9s\u00e9nek k\u00e9pess\u00e9g\u00e9t.<\/li>\n<\/ul>\n\n\n\n<h4 class=\"wp-block-heading\">Hogyan kell telep\u00edteni?\ud83d\udd17\ud83c\udf10\u2728<\/h4>\n\n\n\n<p><\/p>\n\n\n\n<hr class=\"wp-block-separator has-text-color has-luminous-vivid-orange-color has-alpha-channel-opacity has-luminous-vivid-orange-background-color has-background is-style-wide\"\/>\n\n\n\n<div class=\"wp-block-media-text is-stacked-on-mobile\" style=\"grid-template-columns:23% auto\"><figure class=\"wp-block-media-text__media\"><img loading=\"lazy\" decoding=\"async\" width=\"1024\" height=\"1024\" src=\"http:\/\/universofamilia.com\/wp-content\/uploads\/sites\/148\/2024\/12\/APPS-2-1-1024x1024.jpg\" alt=\"\" class=\"wp-image-7683 size-full\" srcset=\"https:\/\/universofamilia.com\/wp-content\/uploads\/sites\/148\/2024\/12\/APPS-2-1-1024x1024.jpg 1024w, https:\/\/universofamilia.com\/wp-content\/uploads\/sites\/148\/2024\/12\/APPS-2-1-300x300.jpg 300w, https:\/\/universofamilia.com\/wp-content\/uploads\/sites\/148\/2024\/12\/APPS-2-1-150x150.jpg 150w, https:\/\/universofamilia.com\/wp-content\/uploads\/sites\/148\/2024\/12\/APPS-2-1-768x768.jpg 768w, https:\/\/universofamilia.com\/wp-content\/uploads\/sites\/148\/2024\/12\/APPS-2-1.jpg 1080w\" sizes=\"(max-width: 1024px) 100vw, 1024px\" \/><\/figure><div class=\"wp-block-media-text__content\">\n<p class=\"has-medium-font-size\"><strong>Kont\u00e9ner<\/strong><br>V\u00e1ltoztasd telefonodat digit\u00e1lis kuk\u00e1v\u00e1 a Dumpster seg\u00edts\u00e9g\u00e9vel, \u00e9s el\u0151zd meg a f\u00e1jlaid v\u00e9gleges elveszt\u00e9s\u00e9t; kezdd el most!<\/p>\n<\/div><\/div>\n\n\n\n<div class=\"wp-block-columns is-layout-flex wp-container-core-columns-layout-1 wp-block-columns-is-layout-flex\">\n<div class=\"wp-block-column is-layout-flow wp-block-column-is-layout-flow\" style=\"flex-basis:100%\">\n<div class=\"wp-block-buttons is-content-justification-center is-layout-flex wp-container-core-buttons-layout-4 wp-block-buttons-is-layout-flex\">\n<div class=\"wp-block-button has-custom-width wp-block-button__width-75 has-custom-font-size is-style-fill has-small-font-size\" style=\"text-decoration:none\"><a class=\"wp-block-button__link has-white-color has-ast-global-color-1-background-color has-text-color has-background has-link-color has-text-align-center wp-element-button\" href=\"https:\/\/play.google.com\/store\/apps\/details?id=com.baloota.dumpster&amp;hl=pt_BR\" style=\"border-radius:6px\">Google Play<\/a><\/div>\n\n\n\n<div class=\"wp-block-button has-custom-width wp-block-button__width-75 has-custom-font-size is-style-outline has-small-font-size\" style=\"text-decoration:none\"><a class=\"wp-block-button__link has-white-color has-ast-global-color-1-background-color has-text-color has-background has-link-color has-text-align-center wp-element-button\" href=\"https:\/\/apps.apple.com\/br\/app\/recupera%C3%A7%C3%A3o-de-fotos-dumpster\/id1554630554\" style=\"border-radius:6px\">Apple \u00c1ruh\u00e1z<\/a><\/div>\n<\/div>\n<\/div>\n<\/div>\n\n\n\n<p class=\"has-text-align-right has-small-font-size\"><strong><em><em><strong>\u00c1tir\u00e1ny\u00edtunk egy m\u00e1sik webhelyre<\/strong><\/em><\/em><\/strong><\/p>\n\n\n\n<hr class=\"wp-block-separator has-text-color has-luminous-vivid-orange-color has-alpha-channel-opacity has-luminous-vivid-orange-background-color has-background is-style-wide\"\/>\n\n\n\n<p><\/p>\n\n\n\n<h2 class=\"wp-block-heading\">DigDeep k\u00e9pment\u00e9s<\/h2>\n\n\n\n<p><strong>\u00c1ss m\u00e9lyre<\/strong> A fot\u00f3k\u00f6zpont\u00fa alkalmaz\u00e1sok egyik kedvence. T\u00f6k\u00e9letes azok sz\u00e1m\u00e1ra, akik valami l\u00e9nyegre t\u00f6r\u0151t keresnek. M\u00e9lyrehat\u00f3 visszakeres\u00e9si k\u00e9pess\u00e9gei n\u00e9lk\u00fcl\u00f6zhetetlen eszk\u00f6zz\u00e9 teszik azok sz\u00e1m\u00e1ra, akik eml\u00e9keik minden apr\u00f3 r\u00e9szlet\u00e9t \u00e9rt\u00e9kelik. \ud83d\udcf7\ud83c\udf10\ud83d\udee0\ufe0f<\/p>\n\n\n\n<h4 class=\"wp-block-heading\">Hogyan m\u0171k\u00f6dik?<\/h4>\n\n\n\n<ul class=\"wp-block-list\">\n<li>M\u00e9lyen \u00e1tvizsg\u00e1lja a bels\u0151 \u00e9s k\u00fcls\u0151 t\u00e1rol\u00f3eszk\u00f6z\u00f6ket k\u00e9pek ut\u00e1n kutatva.<\/li>\n\n\n\n<li>Egyszer\u0171 fel\u00fclet, ide\u00e1lis azok sz\u00e1m\u00e1ra, akiknek nincs sok tapasztalatuk a technol\u00f3gi\u00e1val.<\/li>\n\n\n\n<li>Lehet\u0151s\u00e9get k\u00edn\u00e1l a vissza\u00e1ll\u00edtott k\u00e9pek el\u0151n\u00e9zet\u00e9re a vissza\u00e1ll\u00edt\u00e1s el\u0151tt.<\/li>\n<\/ul>\n\n\n\n<h4 class=\"wp-block-heading\">Pozit\u00edv v\u00e9lem\u00e9nyek:<\/h4>\n\n\n\n<ul class=\"wp-block-list\">\n<li>\u201eM\u00e9g a h\u00f3napokkal ezel\u0151tt t\u00f6r\u00f6lt k\u00e9peket is vissza\u00e1ll\u00edtotta!\u201d<\/li>\n\n\n\n<li>Magasra \u00e9rt\u00e9kelt\u00e9k hat\u00e9konys\u00e1ga \u00e9s k\u00f6nny\u0171 haszn\u00e1lhat\u00f3s\u00e1ga miatt.<\/li>\n\n\n\n<li>A felhaszn\u00e1l\u00f3k kiemelik, hogy k\u00e9pes nagy mennyis\u00e9g\u0171 adatot probl\u00e9mamentesen kezelni.<\/li>\n<\/ul>\n\n\n\n<h4 class=\"wp-block-heading\">Hogyan kell telep\u00edteni?\ud83d\udd17\ud83c\udf10\ud83d\udcbe<\/h4>\n\n\n\n<p><\/p>\n\n\n\n<hr class=\"wp-block-separator has-text-color has-luminous-vivid-orange-color has-alpha-channel-opacity has-luminous-vivid-orange-background-color has-background is-style-wide\"\/>\n\n\n\n<div class=\"wp-block-media-text is-stacked-on-mobile\" style=\"grid-template-columns:27% auto\"><figure class=\"wp-block-media-text__media\"><img loading=\"lazy\" decoding=\"async\" width=\"1024\" height=\"1024\" src=\"http:\/\/universofamilia.com\/wp-content\/uploads\/sites\/148\/2024\/12\/APPS-3-1-1024x1024.jpg\" alt=\"\" class=\"wp-image-7682 size-full\" srcset=\"https:\/\/universofamilia.com\/wp-content\/uploads\/sites\/148\/2024\/12\/APPS-3-1-1024x1024.jpg 1024w, https:\/\/universofamilia.com\/wp-content\/uploads\/sites\/148\/2024\/12\/APPS-3-1-300x300.jpg 300w, https:\/\/universofamilia.com\/wp-content\/uploads\/sites\/148\/2024\/12\/APPS-3-1-150x150.jpg 150w, https:\/\/universofamilia.com\/wp-content\/uploads\/sites\/148\/2024\/12\/APPS-3-1-768x768.jpg 768w, https:\/\/universofamilia.com\/wp-content\/uploads\/sites\/148\/2024\/12\/APPS-3-1.jpg 1080w\" sizes=\"(max-width: 1024px) 100vw, 1024px\" \/><\/figure><div class=\"wp-block-media-text__content\">\n<p class=\"has-medium-font-size\"><strong>DigDeep k\u00e9pment\u00e9s<\/strong><br>\u00c1ll\u00edtson vissza \u00e9rt\u00e9kes k\u00e9peket ak\u00e1r h\u00f3napokkal k\u00e9s\u0151bb is a DigDeep seg\u00edts\u00e9g\u00e9vel; t\u00f6ltse le, \u00e9s soha t\u00f6bb\u00e9 ne vesz\u00edtsen el fontos eml\u00e9keket!<\/p>\n<\/div><\/div>\n\n\n\n<div class=\"wp-block-columns is-layout-flex wp-container-core-columns-layout-2 wp-block-columns-is-layout-flex\">\n<div class=\"wp-block-column is-layout-flow wp-block-column-is-layout-flow\" style=\"flex-basis:100%\">\n<div class=\"wp-block-buttons is-content-justification-center is-layout-flex wp-container-core-buttons-layout-5 wp-block-buttons-is-layout-flex\">\n<div class=\"wp-block-button has-custom-width wp-block-button__width-75 has-custom-font-size is-style-fill has-small-font-size\" style=\"text-decoration:none\"><a class=\"wp-block-button__link has-white-color has-ast-global-color-1-background-color has-text-color has-background has-link-color has-text-align-center wp-element-button\" href=\"https:\/\/play.google.com\/store\/apps\/details?id=com.greatstuffapps.digdeep\" style=\"border-radius:6px\">Google Play<\/a><\/div>\n<\/div>\n<\/div>\n<\/div>\n\n\n\n<p class=\"has-text-align-right has-small-font-size\"><strong><em><em><strong>\u00c1tir\u00e1ny\u00edtunk egy m\u00e1sik webhelyre<\/strong><\/em><\/em><\/strong><\/p>\n\n\n\n<hr class=\"wp-block-separator has-text-color has-luminous-vivid-orange-color has-alpha-channel-opacity has-luminous-vivid-orange-background-color has-background is-style-wide\"\/>\n\n\n\n<p><\/p>\n\n\n\n<h3 class=\"wp-block-heading\">Mit mondanak a felhaszn\u00e1l\u00f3k?<\/h3>\n\n\n\n<p>A fent eml\u00edtett alkalmaz\u00e1soknak egy k\u00f6z\u00f6s von\u00e1suk van: k\u00f6vetkezetesen dics\u00e9rik \u0151ket az \u00e1ltaluk ny\u00fajtott eredm\u00e9nyek\u00e9rt.<\/p>\n\n\n\n<p>Az olyan t\u00f6rt\u00e9netek, mint a \u201eFot\u00f3kat szereztem a n\u0151v\u00e9rem esk\u00fcv\u0151j\u00e9r\u0151l\u201d vagy az \u201eAzt hittem, soha t\u00f6bb\u00e9 nem l\u00e1tom ezeket a vide\u00f3kat\u201d, j\u00f3l mutatj\u00e1k ezeknek az eszk\u00f6z\u00f6knek a pozit\u00edv hat\u00e1s\u00e1t.<\/p>\n\n\n\n<p>Gyakran olvashatunk a felhaszn\u00e1l\u00f3k el\u00e9gedetts\u00e9g\u00e9r\u0151l is, akik k\u00e9pesek felid\u00e9zni a csal\u00e1di eml\u00e9keket vagy a l\u00e9tfontoss\u00e1g\u00fa munkaprojekteket. \ud83d\udcfa\ud83d\udcf2\ud83c\udf10<\/p>\n\n\n\n<p>Tov\u00e1bb\u00e1 a v\u00e9lem\u00e9nyek kiemelik, hogy ezek az alkalmaz\u00e1sok nemcsak funkcion\u00e1lisak, hanem k\u00f6nnyen haszn\u00e1lhat\u00f3ak is, m\u00e9g a nem m\u0171szaki felhaszn\u00e1l\u00f3k sz\u00e1m\u00e1ra is.<\/p>\n\n\n\n<p>Ez n\u00f6veli el\u00e9rhet\u0151s\u00e9g\u00e9t \u00e9s n\u00e9pszer\u0171s\u00e9g\u00e9t a felhaszn\u00e1l\u00f3k sz\u00e9les k\u00f6re k\u00f6r\u00e9ben.<\/p>\n\n\n\n<h2 class=\"wp-block-heading\">K\u00f6vetkeztet\u00e9s<\/h2>\n\n\n\n<p>Ak\u00e1r sz\u00fclet\u00e9snapi fot\u00f3kat, fontos dokumentumokat vagy \u00e9rt\u00e9kes \u00fczeneteket \u00e1ll\u00edtasz vissza, a megfelel\u0151 alkalmaz\u00e1sok mindent megv\u00e1ltoztathatnak.<\/p>\n\n\n\n<p>V\u00e1laszd ki az ig\u00e9nyeidnek legink\u00e1bb megfelel\u0151t, \u00e9s pr\u00f3b\u00e1ld ki. Az eml\u00e9keid meg\u00e9rdemlik, hogy meg\u0151rizz\u00fck \u0151ket! \ud83d\ude80\u2728\ud83c\udf10<\/p>\n\n\n\n<p>Ne felejtsd el megosztani ezt a cikket bar\u00e1taiddal vagy csal\u00e1doddal, akiknek sz\u00fcks\u00e9g\u00fck lehet ezekre az eszk\u00f6z\u00f6kre.<\/p>\n\n\n\n<p>Sosem tudhatod, mikor kell valakinek fontos adatai elveszt\u00e9s\u00e9vel szembes\u00fclnie, \u00e9s megb\u00edzhat\u00f3 megold\u00e1sra van sz\u00fcks\u00e9ge.<\/p>","protected":false},"excerpt":{"rendered":"<p>Fedezze fel, hogyan \u00e1ll\u00edthatja vissza f\u00e9nyk\u00e9peit \u00e9s adatait percek alatt! K\u00e9rd\u00e9se van? \u00c1tir\u00e1ny\u00edtjuk egy m\u00e1sik oldalra. A fontos \u00e9letpillanatok r\u00f6gz\u00edt\u00e9se elengedhetetlen. Legyen sz\u00f3 sz\u00fclet\u00e9snapi fot\u00f3r\u00f3l, k\u00fcl\u00f6nleges \u00fczenetr\u0151l vagy ak\u00e1r munkahelyi f\u00e1jlokr\u00f3l, a digit\u00e1lis eml\u00e9kek elveszt\u00e9se frusztr\u00e1l\u00f3 \u00e9lm\u00e9ny lehet. A j\u00f3 h\u00edr? Vannak nagyszer\u0171 alkalmaz\u00e1sok, amelyek [\u2026]<\/p>","protected":false},"author":0,"featured_media":7680,"comment_status":"closed","ping_status":"open","sticky":false,"template":"","format":"standard","meta":{"footnotes":""},"categories":[2],"tags":[218,918,1372,1382,1427],"yoast_head":"<!-- This site is optimized with the Yoast SEO plugin v23.3 - https:\/\/yoast.com\/wordpress\/plugins\/seo\/ -->\n<title>Recupera tus recuerdos eliminados - Universo Fam\u00edlia<\/title>\n<meta name=\"description\" content=\"Recupera tus recuerdos eliminados. \u00a1Descubre c\u00f3mo recuperar fotos y datos en minutos!Registrar momentos importantes de la vida es algo...\" \/>\n<meta name=\"robots\" content=\"index, follow, max-snippet:-1, max-image-preview:large, max-video-preview:-1\" \/>\n<link rel=\"canonical\" href=\"https:\/\/universofamilia.com\/hu\/recupera-tus-recuerdos-eliminados\/\" \/>\n<meta property=\"og:locale\" content=\"hu_HU\" \/>\n<meta property=\"og:type\" content=\"article\" \/>\n<meta property=\"og:title\" content=\"Recupera tus recuerdos eliminados - Universo Fam\u00edlia\" \/>\n<meta property=\"og:description\" content=\"Recupera tus recuerdos eliminados. \u00a1Descubre c\u00f3mo recuperar fotos y datos en minutos!Registrar momentos importantes de la vida es algo...\" \/>\n<meta property=\"og:url\" content=\"https:\/\/universofamilia.com\/hu\/recupera-tus-recuerdos-eliminados\/\" \/>\n<meta property=\"og:site_name\" content=\"Universo Fam\u00edlia\" \/>\n<meta property=\"article:published_time\" content=\"2024-12-11T14:30:30+00:00\" \/>\n<meta property=\"og:image\" content=\"https:\/\/universofamilia.com\/wp-content\/uploads\/sites\/148\/2024\/12\/APPS-4.jpg\" \/>\n\t<meta property=\"og:image:width\" content=\"1080\" \/>\n\t<meta property=\"og:image:height\" content=\"1080\" \/>\n\t<meta property=\"og:image:type\" content=\"image\/jpeg\" \/>\n<meta name=\"twitter:card\" content=\"summary_large_image\" \/>\n<meta name=\"twitter:label1\" content=\"Est. reading time\" \/>\n\t<meta name=\"twitter:data1\" content=\"7 perc\" \/>\n<script type=\"application\/ld+json\" class=\"yoast-schema-graph\">{\"@context\":\"https:\/\/schema.org\",\"@graph\":[{\"@type\":\"WebPage\",\"@id\":\"https:\/\/universofamilia.com\/ro\/recupera-tus-recuerdos-eliminados\/\",\"url\":\"https:\/\/universofamilia.com\/ro\/recupera-tus-recuerdos-eliminados\/\",\"name\":\"Recupera tus recuerdos eliminados - Universo Fam\u00edlia\",\"isPartOf\":{\"@id\":\"https:\/\/universofamilia.com\/el\/#website\"},\"primaryImageOfPage\":{\"@id\":\"https:\/\/universofamilia.com\/ro\/recupera-tus-recuerdos-eliminados\/#primaryimage\"},\"image\":{\"@id\":\"https:\/\/universofamilia.com\/ro\/recupera-tus-recuerdos-eliminados\/#primaryimage\"},\"thumbnailUrl\":\"https:\/\/universofamilia.com\/wp-content\/uploads\/sites\/148\/2024\/12\/APPS-4.jpg\",\"datePublished\":\"2024-12-11T14:30:30+00:00\",\"dateModified\":\"2024-12-11T14:30:30+00:00\",\"author\":{\"@id\":\"\"},\"description\":\"Recupera tus recuerdos eliminados. \u00a1Descubre c\u00f3mo recuperar fotos y datos en minutos!Registrar momentos importantes de la vida es algo...\",\"breadcrumb\":{\"@id\":\"https:\/\/universofamilia.com\/ro\/recupera-tus-recuerdos-eliminados\/#breadcrumb\"},\"inLanguage\":\"hu\",\"potentialAction\":[{\"@type\":\"ReadAction\",\"target\":[\"https:\/\/universofamilia.com\/ro\/recupera-tus-recuerdos-eliminados\/\"]}]},{\"@type\":\"ImageObject\",\"inLanguage\":\"hu\",\"@id\":\"https:\/\/universofamilia.com\/ro\/recupera-tus-recuerdos-eliminados\/#primaryimage\",\"url\":\"https:\/\/universofamilia.com\/wp-content\/uploads\/sites\/148\/2024\/12\/APPS-4.jpg\",\"contentUrl\":\"https:\/\/universofamilia.com\/wp-content\/uploads\/sites\/148\/2024\/12\/APPS-4.jpg\",\"width\":1080,\"height\":1080},{\"@type\":\"BreadcrumbList\",\"@id\":\"https:\/\/universofamilia.com\/ro\/recupera-tus-recuerdos-eliminados\/#breadcrumb\",\"itemListElement\":[{\"@type\":\"ListItem\",\"position\":1,\"name\":\"Home\",\"item\":\"https:\/\/universofamilia.com\/el\/\"},{\"@type\":\"ListItem\",\"position\":2,\"name\":\"Recupera tus recuerdos eliminados\"}]},{\"@type\":\"WebSite\",\"@id\":\"https:\/\/universofamilia.com\/el\/#website\",\"url\":\"https:\/\/universofamilia.com\/el\/\",\"name\":\"Universo Fam\u00edlia\",\"description\":\"\",\"potentialAction\":[{\"@type\":\"SearchAction\",\"target\":{\"@type\":\"EntryPoint\",\"urlTemplate\":\"https:\/\/universofamilia.com\/el\/?s={search_term_string}\"},\"query-input\":\"required name=search_term_string\"}],\"inLanguage\":\"hu\"}]}<\/script>\n<!-- \/ Yoast SEO plugin. -->","yoast_head_json":{"title":"Recupera tus recuerdos eliminados - Universo Fam\u00edlia","description":"Recupera tus recuerdos eliminados. \u00a1Descubre c\u00f3mo recuperar fotos y datos en minutos!Registrar momentos importantes de la vida es algo...","robots":{"index":"index","follow":"follow","max-snippet":"max-snippet:-1","max-image-preview":"max-image-preview:large","max-video-preview":"max-video-preview:-1"},"canonical":"https:\/\/universofamilia.com\/hu\/recupera-tus-recuerdos-eliminados\/","og_locale":"hu_HU","og_type":"article","og_title":"Recupera tus recuerdos eliminados - Universo Fam\u00edlia","og_description":"Recupera tus recuerdos eliminados. \u00a1Descubre c\u00f3mo recuperar fotos y datos en minutos!Registrar momentos importantes de la vida es algo...","og_url":"https:\/\/universofamilia.com\/hu\/recupera-tus-recuerdos-eliminados\/","og_site_name":"Universo Fam\u00edlia","article_published_time":"2024-12-11T14:30:30+00:00","og_image":[{"width":1080,"height":1080,"url":"https:\/\/universofamilia.com\/wp-content\/uploads\/sites\/148\/2024\/12\/APPS-4.jpg","type":"image\/jpeg"}],"twitter_card":"summary_large_image","twitter_misc":{"Est. reading time":"7 perc"},"schema":{"@context":"https:\/\/schema.org","@graph":[{"@type":"WebPage","@id":"https:\/\/universofamilia.com\/ro\/recupera-tus-recuerdos-eliminados\/","url":"https:\/\/universofamilia.com\/ro\/recupera-tus-recuerdos-eliminados\/","name":"Recupera tus recuerdos eliminados - Universo Fam\u00edlia","isPartOf":{"@id":"https:\/\/universofamilia.com\/el\/#website"},"primaryImageOfPage":{"@id":"https:\/\/universofamilia.com\/ro\/recupera-tus-recuerdos-eliminados\/#primaryimage"},"image":{"@id":"https:\/\/universofamilia.com\/ro\/recupera-tus-recuerdos-eliminados\/#primaryimage"},"thumbnailUrl":"https:\/\/universofamilia.com\/wp-content\/uploads\/sites\/148\/2024\/12\/APPS-4.jpg","datePublished":"2024-12-11T14:30:30+00:00","dateModified":"2024-12-11T14:30:30+00:00","author":{"@id":""},"description":"Recupera tus recuerdos eliminados. \u00a1Descubre c\u00f3mo recuperar fotos y datos en minutos!Registrar momentos importantes de la vida es algo...","breadcrumb":{"@id":"https:\/\/universofamilia.com\/ro\/recupera-tus-recuerdos-eliminados\/#breadcrumb"},"inLanguage":"hu","potentialAction":[{"@type":"ReadAction","target":["https:\/\/universofamilia.com\/ro\/recupera-tus-recuerdos-eliminados\/"]}]},{"@type":"ImageObject","inLanguage":"hu","@id":"https:\/\/universofamilia.com\/ro\/recupera-tus-recuerdos-eliminados\/#primaryimage","url":"https:\/\/universofamilia.com\/wp-content\/uploads\/sites\/148\/2024\/12\/APPS-4.jpg","contentUrl":"https:\/\/universofamilia.com\/wp-content\/uploads\/sites\/148\/2024\/12\/APPS-4.jpg","width":1080,"height":1080},{"@type":"BreadcrumbList","@id":"https:\/\/universofamilia.com\/ro\/recupera-tus-recuerdos-eliminados\/#breadcrumb","itemListElement":[{"@type":"ListItem","position":1,"name":"Home","item":"https:\/\/universofamilia.com\/el\/"},{"@type":"ListItem","position":2,"name":"Recupera tus recuerdos eliminados"}]},{"@type":"WebSite","@id":"https:\/\/universofamilia.com\/el\/#website","url":"https:\/\/universofamilia.com\/el\/","name":"Universo Fam\u00edlia","description":"","potentialAction":[{"@type":"SearchAction","target":{"@type":"EntryPoint","urlTemplate":"https:\/\/universofamilia.com\/el\/?s={search_term_string}"},"query-input":"required name=search_term_string"}],"inLanguage":"hu"}]}},"_links":{"self":[{"href":"https:\/\/universofamilia.com\/hu\/wp-json\/wp\/v2\/posts\/7679"}],"collection":[{"href":"https:\/\/universofamilia.com\/hu\/wp-json\/wp\/v2\/posts"}],"about":[{"href":"https:\/\/universofamilia.com\/hu\/wp-json\/wp\/v2\/types\/post"}],"replies":[{"embeddable":true,"href":"https:\/\/universofamilia.com\/hu\/wp-json\/wp\/v2\/comments?post=7679"}],"version-history":[{"count":0,"href":"https:\/\/universofamilia.com\/hu\/wp-json\/wp\/v2\/posts\/7679\/revisions"}],"wp:featuredmedia":[{"embeddable":true,"href":"https:\/\/universofamilia.com\/hu\/wp-json\/wp\/v2\/media\/7680"}],"wp:attachment":[{"href":"https:\/\/universofamilia.com\/hu\/wp-json\/wp\/v2\/media?parent=7679"}],"wp:term":[{"taxonomy":"category","embeddable":true,"href":"https:\/\/universofamilia.com\/hu\/wp-json\/wp\/v2\/categories?post=7679"},{"taxonomy":"post_tag","embeddable":true,"href":"https:\/\/universofamilia.com\/hu\/wp-json\/wp\/v2\/tags?post=7679"}],"curies":[{"name":"wp","href":"https:\/\/api.w.org\/{rel}","templated":true}]}}