{"id":7710,"date":"2024-12-12T14:28:17","date_gmt":"2024-12-12T17:28:17","guid":{"rendered":"https:\/\/universofamilia.com\/?p=7710"},"modified":"2025-10-12T14:04:36","modified_gmt":"2025-10-12T17:04:36","slug":"localiza-usando-el-numero-de-celular","status":"publish","type":"post","link":"https:\/\/universofamilia.com\/hu\/localiza-usando-el-numero-de-celular\/","title":{"rendered":"Helymeghat\u00e1roz\u00e1s mobiltelefonsz\u00e1m alapj\u00e1n"},"content":{"rendered":"<p>A lelki b\u00e9ke csak egy kattint\u00e1snyira van!<\/p>\n\n\n\n<h4 class=\"wp-block-heading has-text-align-center\">Van b\u00e1rmilyen k\u00e9rd\u00e9se?<\/h4>\n\n\n\n<div class=\"wp-block-buttons is-content-justification-center is-layout-flex wp-container-core-buttons-layout-1 wp-block-buttons-is-layout-flex\">\n<div class=\"wp-block-button has-custom-width wp-block-button__width-100 has-custom-font-size is-style-outline has-large-font-size\" style=\"text-decoration:none\"><a class=\"wp-block-button__link has-white-color has-vivid-purple-background-color has-text-color has-background has-link-color has-border-color has-ast-global-color-5-border-color has-text-align-center wp-element-button\" href=\"https:\/\/www.messenger.com\/login.php?next=https%3A%2F%2Fwww.messenger.com%2Ft%2F110263563681990%2F%3Fref%3Dw30174560--utm_campaign%253D%257B%257Badset.id%257D%257D%26messaging_source%3Dsource%253Apages%253Amessage_shortlink%26source_id%3D1441792%26recurring_notification%3D0\" style=\"border-radius:6px\">\ud83d\udcac Besz\u00e9lj\u00fcnk! \ud83d\udc69\u200d\ud83e\uddb0\u200d\ud83c\udfa7<\/a><\/div>\n<\/div>\n\n\n\n<p class=\"has-text-align-right\"><em><strong>\u00c1tir\u00e1ny\u00edtunk egy m\u00e1sik webhelyre<\/strong><\/em><\/p>\n\n\n\n<p>K\u00e9pzeld el a k\u00f6vetkez\u0151 helyzetet: otthon vagy, \u00e9s r\u00e1j\u00f6ssz, hogy megszakadt a kapcsolat a gyermekeddel vagy egy csal\u00e1dtagoddal.<\/p>\n\n\n\n<p>Az aggodalom fokoz\u00f3dik, \u00e9s azon t\u0171n\u0151dsz: Hogyan tal\u00e1lhatn\u00e1m meg \u0151t gyorsan?<\/p>\n\n\n\n<p>Manaps\u00e1g, amikor a technol\u00f3gia a kez\u00fcnk \u00fcgy\u00e9ben van, l\u00e9teznek olyan alkalmaz\u00e1sok, amelyek lehet\u0151v\u00e9 teszik sz\u00e1munkra, hogy valakinek a holl\u00e9t\u00e9t nyomon k\u00f6vethess\u00fck, csup\u00e1n a mobiltelefonsz\u00e1ma alapj\u00e1n.<\/p>\n\n\n\n<hr class=\"wp-block-separator has-text-color has-luminous-vivid-orange-color has-alpha-channel-opacity has-luminous-vivid-orange-background-color has-background is-style-wide\" \/>\n\n\n\n<h2 class=\"wp-block-heading\">Mi\u00e9rt \u00e9rdemes alkalmaz\u00e1st haszn\u00e1lni egy csal\u00e1dtag nyomon k\u00f6vet\u00e9s\u00e9re?<\/h2>\n\n\n\n<p>Tudjuk, hogy a csal\u00e1d biztons\u00e1ga priorit\u00e1s.<\/p>\n\n\n\n<p>Egy ilyen dinamikus vil\u00e1gban a nyomk\u00f6vet\u0151 alkalmaz\u00e1sok nagyobb nyugalmat biztos\u00edtanak.<\/p>\n\n\n\n<p>De felmer\u00fclhet benned a k\u00e9rd\u00e9s: Val\u00f3ban sz\u00fcks\u00e9ges ez?<\/p>\n\n\n\n<p>\u00cdme n\u00e9h\u00e1ny ok, ami\u00e9rt ezek az alkalmaz\u00e1sok okos v\u00e1laszt\u00e1snak bizonyulnak:<\/p>\n\n\n\n<ul class=\"wp-block-list\">\n<li><strong>V\u00e9szhelyzetek<\/strong>V\u00e9szhelyzet eset\u00e9n a pontos helysz\u00edn ismerete \u00e9letet menthet.<\/li>\n\n\n\n<li><strong>Gyermekbiztons\u00e1g<\/strong>Fel\u00fcgyelje a gyermekeket a mag\u00e1n\u00e9let\u00fck megs\u00e9rt\u00e9se n\u00e9lk\u00fcl.<\/li>\n\n\n\n<li><strong>Gyakorlatiass\u00e1g<\/strong>Csak telep\u00edteni kell az alkalmaz\u00e1st, \u00e9s m\u00e1ris k\u00edn\u00e1l helymeghat\u00e1roz\u00e1si jelent\u00e9seket.<\/li>\n<\/ul>\n\n\n<div class=\"wp-block-image\">\n<figure class=\"aligncenter size-full\"><img loading=\"lazy\" decoding=\"async\" width=\"550\" height=\"350\" src=\"http:\/\/universofamilia.com\/wp-content\/uploads\/sites\/148\/2024\/12\/DESTAQUE-UNIVERSO-550-x-350-1-5.jpg\" alt=\"\" class=\"wp-image-7711\" srcset=\"https:\/\/universofamilia.com\/wp-content\/uploads\/sites\/148\/2024\/12\/DESTAQUE-UNIVERSO-550-x-350-1-5.jpg 550w, https:\/\/universofamilia.com\/wp-content\/uploads\/sites\/148\/2024\/12\/DESTAQUE-UNIVERSO-550-x-350-1-5-300x191.jpg 300w\" sizes=\"(max-width: 550px) 100vw, 550px\" \/><figcaption class=\"wp-element-caption\">Helymeghat\u00e1roz\u00e1s mobiltelefonsz\u00e1m alapj\u00e1n<\/figcaption><\/figure><\/div>\n\n\n<h2 class=\"wp-block-heading\">A csal\u00e1dk\u00f6vet\u0151 alkalmaz\u00e1s haszn\u00e1lat\u00e1nak el\u0151nyei<\/h2>\n\n\n\n<p>A nyomk\u00f6vet\u0151 alkalmaz\u00e1sok t\u00falmutatnak egy szem\u00e9ly megtal\u00e1l\u00e1s\u00e1n.<\/p>\n\n\n\n<p>T\u00e1mogat\u00f3 \u00e9s biztons\u00e1gi rendszert hoznak l\u00e9tre a csal\u00e1dok sz\u00e1m\u00e1ra.<\/p>\n\n\n\n<p>Tekintsd meg az el\u0151ny\u00f6ket:<\/p>\n\n\n\n<ul class=\"wp-block-list\">\n<li><strong>Bizalom<\/strong>: Seg\u00edt biztons\u00e1gos k\u00f6tel\u00e9k kialak\u00edt\u00e1s\u00e1ban a sz\u00fcl\u0151k \u00e9s a gyermekek k\u00f6z\u00f6tt.<\/li>\n\n\n\n<li><strong>Id\u0151megtakar\u00edt\u00e1s<\/strong>Ker\u00fcld a felesleges aggodalmakat amiatt, hogy hol vannak a szeretteid.<\/li>\n\n\n\n<li><strong>Helyel\u0151zm\u00e9nyek<\/strong>Sok alkalmaz\u00e1s megmutatja, hogy a szem\u00e9ly hol j\u00e1rt az elm\u00falt napokban.<\/li>\n<\/ul>\n\n\n\n<p>Most, hogy ismeri az el\u0151ny\u00f6ket, mi lenne, ha megtudn\u00e1, hogyan is m\u0171k\u00f6dnek ezek az alkalmaz\u00e1sok?<\/p>\n\n\n\n<h2 class=\"wp-block-heading\">Hogyan m\u0171k\u00f6dnek a nyomk\u00f6vet\u0151 alkalmaz\u00e1sok?<\/h2>\n\n\n\n<p>Ezek az alkalmaz\u00e1sok GPS-t, Wi-Fi-t \u00e9s mobil adatforgalmat haszn\u00e1lnak a val\u00f3s idej\u0171 tart\u00f3zkod\u00e1si helyed azonos\u00edt\u00e1s\u00e1hoz.<\/p>\n\n\n\n<ol start=\"1\" class=\"wp-block-list\">\n<li><strong>Regisztr\u00e1ci\u00f3 \u00e9s enged\u00e9lyek<\/strong>: : A m\u0171k\u00f6d\u00e9shez mindk\u00e9t eszk\u00f6znek csatlakoztatva kell lennie, \u00e9s rendelkeznie kell a megfelel\u0151 enged\u00e9lyekkel.<\/li>\n\n\n\n<li><strong>Integr\u00e1ci\u00f3<\/strong>: Kapcsol\u00f3dnak a szem\u00e9ly mobiltelefonsz\u00e1m\u00e1hoz vagy e-mail c\u00edm\u00e9hez.<\/li>\n\n\n\n<li><strong>Val\u00f3s idej\u0171 t\u00e9rk\u00e9pek<\/strong>A helysz\u00edn megjelenik a t\u00e9rk\u00e9pen, \u00edgy k\u00f6nnyen nyomon k\u00f6vethet\u0151 a mozg\u00e1s.<\/li>\n<\/ol>\n\n\n\n<h3 class=\"wp-block-heading\">Hogyan garant\u00e1lj\u00e1k ezek az alkalmaz\u00e1sok az adatv\u00e9delmet?<\/h3>\n\n\n\n<p>Gyakori k\u00e9rd\u00e9s: Vajon ezeknek az alkalmaz\u00e1soknak a haszn\u00e1lata s\u00e9rti-e a mag\u00e1n\u00e9letet? A v\u00e1lasz a tudatos haszn\u00e1latban rejlik. Hozz\u00e1j\u00e1rul\u00e1st ig\u00e9nyelnek, ami azt jelenti, hogy mindenkinek enged\u00e9lyeznie kell a k\u00f6vet\u00e9st.<\/p>\n\n\n\n<h2 class=\"wp-block-heading\">A t\u00f6k\u00e9letes alkalmaz\u00e1s az \u00d6n sz\u00e1m\u00e1ra<\/h2>\n\n\n\n<p>A piacon el\u00e9rhet\u0151 rengeteg lehet\u0151s\u00e9g k\u00f6z\u00fcl az ide\u00e1lis alkalmaz\u00e1s kiv\u00e1laszt\u00e1sa zavar\u00f3 lehet. H\u00e1rom kiv\u00e1l\u00f3 lehet\u0151s\u00e9g bemutat\u00e1s\u00e1val megk\u00f6nny\u00edtj\u00fck a v\u00e1laszt\u00e1st:<\/p>\n\n\n\n<h3 class=\"wp-block-heading\">\u00c9let360<\/h3>\n\n\n\n<p><strong>\u00c9let360<\/strong> Ez az egyik legn\u00e9pszer\u0171bb csal\u00e1di nyomon k\u00f6vet\u00e9si alkalmaz\u00e1s. A k\u00f6vetkez\u0151ket k\u00edn\u00e1lja:<\/p>\n\n\n\n<ul class=\"wp-block-list\">\n<li><strong>Priv\u00e1t k\u00f6r\u00f6k<\/strong>: Csak olyan emberekkel hozz l\u00e9tre csoportokat, akikben megb\u00edzol.<\/li>\n\n\n\n<li><strong>Helyel\u0151zm\u00e9nyek<\/strong>: N\u00e9zd meg, hol j\u00e1rtak a csal\u00e1dtagjaid az elm\u00falt 30 napban.<\/li>\n\n\n\n<li><strong>V\u00e9szhelyzeti riaszt\u00e1sok<\/strong>: \u00c9rtes\u00edt\u00e9st kapsz, ha valami nem a tervek szerint alakul.<\/li>\n<\/ul>\n\n\n\n<p>Felhaszn\u00e1l\u00f3i \u00e9rt\u00e9kel\u00e9s: \u201eCsod\u00e1latos a tizen\u00e9ves gyermekeim fel\u00fcgyelet\u00e9re. Nagyon aj\u00e1nlom!\u201d<\/p>\n\n\n\n<h3 class=\"wp-block-heading\">Google Csal\u00e1di kapcsolat<\/h3>\n\n\n\n<p>Ide\u00e1lis gyermekek \u00e9s tin\u00e9dzserek fel\u00fcgyelet\u00e9re, <strong>Google Csal\u00e1di kapcsolat<\/strong> aj\u00e1nlatok:<\/p>\n\n\n\n<ul class=\"wp-block-list\">\n<li><strong>Tev\u00e9kenys\u00e9gvez\u00e9rl\u00e9s<\/strong>Korl\u00e1tozd a k\u00e9perny\u0151 el\u0151tt t\u00f6lt\u00f6tt id\u0151t, \u00e9s figyeld, hogy milyen alkalmaz\u00e1sokat haszn\u00e1lnak a gyermekeid.<\/li>\n\n\n\n<li><strong>\u00c9l\u0151 helysz\u00edn<\/strong>: Tudd, hol vannak a gyermekeid b\u00e1rmikor.<\/li>\n\n\n\n<li><strong>Let\u00f6lt\u00e9sek j\u00f3v\u00e1hagy\u00e1sa<\/strong>: Enged\u00e9lyezze a gyermekei \u00e1ltal let\u00f6lteni k\u00edv\u00e1nt alkalmaz\u00e1sokat.<\/li>\n<\/ul>\n\n\n\n<p>Felhaszn\u00e1l\u00f3i \u00e9rt\u00e9kel\u00e9s: \u201eSeg\u00edtett megtan\u00edtani a gyerekeimet a technol\u00f3gia felel\u0151ss\u00e9gteljes haszn\u00e1lat\u00e1ra.\u201d<\/p>\n\n\n\n<h3 class=\"wp-block-heading\">Tal\u00e1ld meg a gyerekeimet<\/h3>\n\n\n\n<p>Kifejezetten gyermekek sz\u00e1m\u00e1ra tervezve, <strong>Tal\u00e1ld meg a gyerekeimet<\/strong> K\u00f6zvetlen \u00e9s hat\u00e9kony:<\/p>\n\n\n\n<ul class=\"wp-block-list\">\n<li><strong>R\u00e9szletes GPS<\/strong>Pontos helysz\u00ednmeghat\u00e1roz\u00e1s a kicsik biztons\u00e1ga \u00e9rdek\u00e9ben.<\/li>\n\n\n\n<li><strong>Hangmonitoroz\u00e1s<\/strong>Figyelj oda, mi t\u00f6rt\u00e9nik a gyermeked k\u00f6r\u00fcl.<\/li>\n\n\n\n<li><strong>Riaszt\u00e1sok<\/strong>\u00c9rtes\u00edt\u00e9st kaphat, amikor gyermekei elhagyj\u00e1k a biztons\u00e1gos ter\u00fcleteket.<\/li>\n<\/ul>\n\n\n\n<p>Felhaszn\u00e1l\u00f3i \u00e9rt\u00e9kel\u00e9s: \u201eNagyszer\u0171 seg\u00edts\u00e9g az agg\u00f3d\u00f3 sz\u00fcl\u0151knek. Meg\u00e9ri minden fill\u00e9rt.\u201d<\/p>\n\n\n\n<h2 class=\"wp-block-heading\">Tippek az alkalmaz\u00e1sok maxim\u00e1lis kihaszn\u00e1l\u00e1s\u00e1hoz<\/h2>\n\n\n\n<p>A nyomk\u00f6vet\u0151 alkalmaz\u00e1sok maxim\u00e1lis kihaszn\u00e1l\u00e1sa \u00e9rdek\u00e9ben k\u00f6vesse az al\u00e1bbi tippeket:<\/p>\n\n\n\n<ul class=\"wp-block-list\">\n<li><strong>Besz\u00e9lj a csal\u00e1doddal<\/strong>: Magyar\u00e1zd el, mi\u00e9rt \u00e9rdemes haszn\u00e1lnod az alkalmaz\u00e1st, \u00e9s hogyan seg\u00edthet.<\/li>\n\n\n\n<li><strong>Be\u00e1ll\u00edt\u00e1sok testreszab\u00e1sa<\/strong>: \u00c1ll\u00edtsa be a riaszt\u00e1sokat \u00e9s \u00e9rtes\u00edt\u00e9seket az ig\u00e9nyeinek megfelel\u0151en.<\/li>\n\n\n\n<li><strong>Tartsa naprak\u00e9szen az alkalmaz\u00e1sokat<\/strong>Ez nagyobb biztons\u00e1got \u00e9s jobb funkcionalit\u00e1st biztos\u00edt.<\/li>\n\n\n\n<li><strong>Tov\u00e1bbi funkci\u00f3k haszn\u00e1lata<\/strong>: Fedezze fel az olyan funkci\u00f3kat, mint a helymeghat\u00e1roz\u00e1s jelent\u00e9se \u00e9s a v\u00e9szhelyzeti riaszt\u00e1sok.<\/li>\n<\/ul>\n\n\n\n<h2 class=\"wp-block-heading\">Mit mondanak a felhaszn\u00e1l\u00f3k?<\/h2>\n\n\n\n<p>Az ezekr\u0151l az alkalmaz\u00e1sokr\u00f3l sz\u00f3l\u00f3 t\u00f6rt\u00e9netek azt mutatj\u00e1k, hogy ezek alapvet\u0151 eszk\u00f6z\u00f6k azok sz\u00e1m\u00e1ra, akik nagyobb biztons\u00e1gra \u00e9s kontrollra v\u00e1gynak.<\/p>\n\n\n\n<p>A felhaszn\u00e1l\u00f3k arr\u00f3l sz\u00e1molnak be, hogy jobban k\u00f6t\u0151dnek csal\u00e1djukhoz, \u00e9s kev\u00e9sb\u00e9 agg\u00f3dnak amiatt, hogy hol vannak a gyermekeik vagy rokonaik.<\/p>\n\n\n\n<h3 class=\"wp-block-heading\">Egy apa t\u00f6rt\u00e9nete<\/h3>\n\n\n\n<p>\u201eA l\u00e1nyom id\u00e9n egyed\u00fcl kezdte az iskol\u00e1t. Bevallom, eleinte agg\u00f3dtam, de a Find My Kids mindent megv\u00e1ltoztatott.<\/p>\n\n\n\n<p>Most m\u00e1r nyugodt sz\u00edvvel k\u00f6vetem a nyomdokait.\u201d<\/p>\n\n\n\n<h2 class=\"wp-block-heading\">K\u00f6vetkeztet\u00e9s<\/h2>\n\n\n\n<p>Ak\u00e1r gyermekeit, ak\u00e1r id\u0151s sz\u00fcleit figyeli, vagy csak a mindennapi \u00e9let\u00e9ben szeretne nagyobb nyugalomra szert tenni, a nyomk\u00f6vet\u0151 alkalmaz\u00e1sok hat\u00e9kony eszk\u00f6z\u00f6k.<\/p>\n\n\n\n<p>Fejlett \u00e9s k\u00f6nnyen haszn\u00e1lhat\u00f3 funkci\u00f3ikkal garant\u00e1lj\u00e1k a biztons\u00e1got \u00e9s a praktikumot.<\/p>\n\n\n\n<p>Sz\u00f3val, mit sz\u00f3ln\u00e1l ahhoz, hogy megtedd az els\u0151 l\u00e9p\u00e9st m\u00e9g ma? V\u00e1laszd ki az ig\u00e9nyeidnek legink\u00e1bb megfelel\u0151 alkalmaz\u00e1st, \u00e9s pr\u00f3b\u00e1ld ki!<\/p>\n\n\n\n<h3 class=\"wp-block-heading\">Let\u00f6lt\u00e9si linkek<\/h3>\n\n\n\n<ul class=\"wp-block-list\">\n<li><strong>\u00c9let360<\/strong>: <a href=\"https:\/\/play.google.com\/store\/apps\/details?id=com.life360.android.safetymapd&amp;hl=en_us\">Android<\/a> \/ <a href=\"https:\/\/apps.apple.com\/es\/app\/life360-find-family-friends\/id384830320\">iOS<\/a><\/li>\n\n\n\n<li><strong>Google Csal\u00e1di kapcsolat<\/strong>: <a href=\"https:\/\/play.google.com\/store\/apps\/details?id=com.google.android.apps.kids.familylink&amp;hl=pt_BR\">Android<\/a> \/ <a href=\"https:\/\/apps.apple.com\/br\/app\/google-family-link\/id1150085200\">iOS<\/a><\/li>\n\n\n\n<li><strong>Tal\u00e1ld meg a gyerekeimet<\/strong>: <a href=\"https:\/\/play.google.com\/store\/apps\/details?id=org.findmykids.app&amp;hl=en_US\">Android<\/a> \/ <a href=\"https:\/\/apps.apple.com\/us\/app\/findmykids-phone-tracker\/id994098803\">iOS<\/a><\/li>\n<\/ul>","protected":false},"excerpt":{"rendered":"<p>A lelki nyugalom csak egy kattint\u00e1snyira van! K\u00e9rd\u00e9sei vannak? \u00c1tir\u00e1ny\u00edtunk egy m\u00e1sik oldalra. K\u00e9pzelje el a k\u00f6vetkez\u0151 helyzetet: Otthon van, \u00e9s r\u00e1j\u00f6n, hogy megszakadt a kapcsolata gyermek\u00e9vel vagy egy csal\u00e1dtagj\u00e1val. Az aggodalom fokoz\u00f3dik, \u00e9s azt k\u00e9rdezi mag\u00e1t\u00f3l: Hogyan tal\u00e1lhatom meg \u0151ket gyorsan? Manaps\u00e1g, amikor a technol\u00f3gia a kez\u00fcnk \u00fcgy\u00e9ben van, olyan alkalmaz\u00e1sok vannak [\u2026]<\/p>","protected":false},"author":219,"featured_media":7711,"comment_status":"closed","ping_status":"open","sticky":false,"template":"","format":"standard","meta":{"footnotes":""},"categories":[2],"tags":[209,442,694,1040,1466],"yoast_head":"<!-- This site is optimized with the Yoast SEO plugin v23.3 - https:\/\/yoast.com\/wordpress\/plugins\/seo\/ -->\n<title>Localiza usando el n\u00famero de celular - Universo Fam\u00edlia<\/title>\n<meta name=\"description\" content=\"Localiza usando el n\u00famero de celular. Imagina esta situaci\u00f3n: est\u00e1s en casa y te das cuenta de que perdiste contacto con tu hijo o alg\u00fan...\" \/>\n<meta name=\"robots\" content=\"index, follow, max-snippet:-1, max-image-preview:large, max-video-preview:-1\" \/>\n<link rel=\"canonical\" href=\"https:\/\/universofamilia.com\/hu\/localiza-usando-el-numero-de-celular\/\" \/>\n<meta property=\"og:locale\" content=\"hu_HU\" \/>\n<meta property=\"og:type\" content=\"article\" \/>\n<meta property=\"og:title\" content=\"Localiza usando el n\u00famero de celular - Universo Fam\u00edlia\" \/>\n<meta property=\"og:description\" content=\"Localiza usando el n\u00famero de celular. Imagina esta situaci\u00f3n: est\u00e1s en casa y te das cuenta de que perdiste contacto con tu hijo o alg\u00fan...\" \/>\n<meta property=\"og:url\" content=\"https:\/\/universofamilia.com\/hu\/localiza-usando-el-numero-de-celular\/\" \/>\n<meta property=\"og:site_name\" content=\"Universo Fam\u00edlia\" \/>\n<meta property=\"article:published_time\" content=\"2024-12-12T17:28:17+00:00\" \/>\n<meta property=\"article:modified_time\" content=\"2025-10-12T17:04:36+00:00\" \/>\n<meta property=\"og:image\" content=\"https:\/\/universofamilia.com\/wp-content\/uploads\/sites\/148\/2024\/12\/DESTAQUE-UNIVERSO-550-x-350-1-5.jpg\" \/>\n\t<meta property=\"og:image:width\" content=\"550\" \/>\n\t<meta property=\"og:image:height\" content=\"350\" \/>\n\t<meta property=\"og:image:type\" content=\"image\/jpeg\" \/>\n<meta name=\"author\" content=\"Matheus Sangaletti\" \/>\n<meta name=\"twitter:card\" content=\"summary_large_image\" \/>\n<meta name=\"twitter:label1\" content=\"Written by\" \/>\n\t<meta name=\"twitter:data1\" content=\"Matheus Sangaletti\" \/>\n\t<meta name=\"twitter:label2\" content=\"Est. reading time\" \/>\n\t<meta name=\"twitter:data2\" content=\"5 perc\" \/>\n<script type=\"application\/ld+json\" class=\"yoast-schema-graph\">{\"@context\":\"https:\/\/schema.org\",\"@graph\":[{\"@type\":\"WebPage\",\"@id\":\"https:\/\/universofamilia.com\/zh\/localiza-usando-el-numero-de-celular\/\",\"url\":\"https:\/\/universofamilia.com\/zh\/localiza-usando-el-numero-de-celular\/\",\"name\":\"Localiza usando el n\u00famero de celular - Universo Fam\u00edlia\",\"isPartOf\":{\"@id\":\"https:\/\/universofamilia.com\/el\/#website\"},\"primaryImageOfPage\":{\"@id\":\"https:\/\/universofamilia.com\/zh\/localiza-usando-el-numero-de-celular\/#primaryimage\"},\"image\":{\"@id\":\"https:\/\/universofamilia.com\/zh\/localiza-usando-el-numero-de-celular\/#primaryimage\"},\"thumbnailUrl\":\"https:\/\/universofamilia.com\/wp-content\/uploads\/sites\/148\/2024\/12\/DESTAQUE-UNIVERSO-550-x-350-1-5.jpg\",\"datePublished\":\"2024-12-12T17:28:17+00:00\",\"dateModified\":\"2025-10-12T17:04:36+00:00\",\"author\":{\"@id\":\"https:\/\/universofamilia.com\/el\/#\/schema\/person\/92fcd07e9b1f4323bf74f3170fc0f78a\"},\"description\":\"Localiza usando el n\u00famero de celular. Imagina esta situaci\u00f3n: est\u00e1s en casa y te das cuenta de que perdiste contacto con tu hijo o alg\u00fan...\",\"breadcrumb\":{\"@id\":\"https:\/\/universofamilia.com\/zh\/localiza-usando-el-numero-de-celular\/#breadcrumb\"},\"inLanguage\":\"hu\",\"potentialAction\":[{\"@type\":\"ReadAction\",\"target\":[\"https:\/\/universofamilia.com\/zh\/localiza-usando-el-numero-de-celular\/\"]}]},{\"@type\":\"ImageObject\",\"inLanguage\":\"hu\",\"@id\":\"https:\/\/universofamilia.com\/zh\/localiza-usando-el-numero-de-celular\/#primaryimage\",\"url\":\"https:\/\/universofamilia.com\/wp-content\/uploads\/sites\/148\/2024\/12\/DESTAQUE-UNIVERSO-550-x-350-1-5.jpg\",\"contentUrl\":\"https:\/\/universofamilia.com\/wp-content\/uploads\/sites\/148\/2024\/12\/DESTAQUE-UNIVERSO-550-x-350-1-5.jpg\",\"width\":550,\"height\":350,\"caption\":\"Localiza usando el n\u00famero de celular\"},{\"@type\":\"BreadcrumbList\",\"@id\":\"https:\/\/universofamilia.com\/zh\/localiza-usando-el-numero-de-celular\/#breadcrumb\",\"itemListElement\":[{\"@type\":\"ListItem\",\"position\":1,\"name\":\"Home\",\"item\":\"https:\/\/universofamilia.com\/el\/\"},{\"@type\":\"ListItem\",\"position\":2,\"name\":\"Localiza usando el n\u00famero de celular\"}]},{\"@type\":\"WebSite\",\"@id\":\"https:\/\/universofamilia.com\/el\/#website\",\"url\":\"https:\/\/universofamilia.com\/el\/\",\"name\":\"Universo Fam\u00edlia\",\"description\":\"\",\"potentialAction\":[{\"@type\":\"SearchAction\",\"target\":{\"@type\":\"EntryPoint\",\"urlTemplate\":\"https:\/\/universofamilia.com\/el\/?s={search_term_string}\"},\"query-input\":\"required name=search_term_string\"}],\"inLanguage\":\"hu\"},{\"@type\":\"Person\",\"@id\":\"https:\/\/universofamilia.com\/el\/#\/schema\/person\/92fcd07e9b1f4323bf74f3170fc0f78a\",\"name\":\"Matheus Sangaletti\",\"image\":{\"@type\":\"ImageObject\",\"inLanguage\":\"hu\",\"@id\":\"https:\/\/universofamilia.com\/el\/#\/schema\/person\/image\/\",\"url\":\"https:\/\/secure.gravatar.com\/avatar\/280ea957a14a48e6a1ad2133d2cc27c9?s=96&d=mm&r=g\",\"contentUrl\":\"https:\/\/secure.gravatar.com\/avatar\/280ea957a14a48e6a1ad2133d2cc27c9?s=96&d=mm&r=g\",\"caption\":\"Matheus Sangaletti\"},\"url\":\"https:\/\/universofamilia.com\/hu\/author\/matheuss\/\"}]}<\/script>\n<!-- \/ Yoast SEO plugin. -->","yoast_head_json":{"title":"Localiza usando el n\u00famero de celular - Universo Fam\u00edlia","description":"Localiza usando el n\u00famero de celular. Imagina esta situaci\u00f3n: est\u00e1s en casa y te das cuenta de que perdiste contacto con tu hijo o alg\u00fan...","robots":{"index":"index","follow":"follow","max-snippet":"max-snippet:-1","max-image-preview":"max-image-preview:large","max-video-preview":"max-video-preview:-1"},"canonical":"https:\/\/universofamilia.com\/hu\/localiza-usando-el-numero-de-celular\/","og_locale":"hu_HU","og_type":"article","og_title":"Localiza usando el n\u00famero de celular - Universo Fam\u00edlia","og_description":"Localiza usando el n\u00famero de celular. Imagina esta situaci\u00f3n: est\u00e1s en casa y te das cuenta de que perdiste contacto con tu hijo o alg\u00fan...","og_url":"https:\/\/universofamilia.com\/hu\/localiza-usando-el-numero-de-celular\/","og_site_name":"Universo Fam\u00edlia","article_published_time":"2024-12-12T17:28:17+00:00","article_modified_time":"2025-10-12T17:04:36+00:00","og_image":[{"width":550,"height":350,"url":"https:\/\/universofamilia.com\/wp-content\/uploads\/sites\/148\/2024\/12\/DESTAQUE-UNIVERSO-550-x-350-1-5.jpg","type":"image\/jpeg"}],"author":"Matheus Sangaletti","twitter_card":"summary_large_image","twitter_misc":{"Written by":"Matheus Sangaletti","Est. reading time":"5 perc"},"schema":{"@context":"https:\/\/schema.org","@graph":[{"@type":"WebPage","@id":"https:\/\/universofamilia.com\/zh\/localiza-usando-el-numero-de-celular\/","url":"https:\/\/universofamilia.com\/zh\/localiza-usando-el-numero-de-celular\/","name":"Localiza usando el n\u00famero de celular - Universo Fam\u00edlia","isPartOf":{"@id":"https:\/\/universofamilia.com\/el\/#website"},"primaryImageOfPage":{"@id":"https:\/\/universofamilia.com\/zh\/localiza-usando-el-numero-de-celular\/#primaryimage"},"image":{"@id":"https:\/\/universofamilia.com\/zh\/localiza-usando-el-numero-de-celular\/#primaryimage"},"thumbnailUrl":"https:\/\/universofamilia.com\/wp-content\/uploads\/sites\/148\/2024\/12\/DESTAQUE-UNIVERSO-550-x-350-1-5.jpg","datePublished":"2024-12-12T17:28:17+00:00","dateModified":"2025-10-12T17:04:36+00:00","author":{"@id":"https:\/\/universofamilia.com\/el\/#\/schema\/person\/92fcd07e9b1f4323bf74f3170fc0f78a"},"description":"Localiza usando el n\u00famero de celular. Imagina esta situaci\u00f3n: est\u00e1s en casa y te das cuenta de que perdiste contacto con tu hijo o alg\u00fan...","breadcrumb":{"@id":"https:\/\/universofamilia.com\/zh\/localiza-usando-el-numero-de-celular\/#breadcrumb"},"inLanguage":"hu","potentialAction":[{"@type":"ReadAction","target":["https:\/\/universofamilia.com\/zh\/localiza-usando-el-numero-de-celular\/"]}]},{"@type":"ImageObject","inLanguage":"hu","@id":"https:\/\/universofamilia.com\/zh\/localiza-usando-el-numero-de-celular\/#primaryimage","url":"https:\/\/universofamilia.com\/wp-content\/uploads\/sites\/148\/2024\/12\/DESTAQUE-UNIVERSO-550-x-350-1-5.jpg","contentUrl":"https:\/\/universofamilia.com\/wp-content\/uploads\/sites\/148\/2024\/12\/DESTAQUE-UNIVERSO-550-x-350-1-5.jpg","width":550,"height":350,"caption":"Localiza usando el n\u00famero de celular"},{"@type":"BreadcrumbList","@id":"https:\/\/universofamilia.com\/zh\/localiza-usando-el-numero-de-celular\/#breadcrumb","itemListElement":[{"@type":"ListItem","position":1,"name":"Home","item":"https:\/\/universofamilia.com\/el\/"},{"@type":"ListItem","position":2,"name":"Localiza usando el n\u00famero de celular"}]},{"@type":"WebSite","@id":"https:\/\/universofamilia.com\/el\/#website","url":"https:\/\/universofamilia.com\/el\/","name":"Universo Fam\u00edlia","description":"","potentialAction":[{"@type":"SearchAction","target":{"@type":"EntryPoint","urlTemplate":"https:\/\/universofamilia.com\/el\/?s={search_term_string}"},"query-input":"required name=search_term_string"}],"inLanguage":"hu"},{"@type":"Person","@id":"https:\/\/universofamilia.com\/el\/#\/schema\/person\/92fcd07e9b1f4323bf74f3170fc0f78a","name":"Matheus Sangaletti","image":{"@type":"ImageObject","inLanguage":"hu","@id":"https:\/\/universofamilia.com\/el\/#\/schema\/person\/image\/","url":"https:\/\/secure.gravatar.com\/avatar\/280ea957a14a48e6a1ad2133d2cc27c9?s=96&d=mm&r=g","contentUrl":"https:\/\/secure.gravatar.com\/avatar\/280ea957a14a48e6a1ad2133d2cc27c9?s=96&d=mm&r=g","caption":"Matheus Sangaletti"},"url":"https:\/\/universofamilia.com\/hu\/author\/matheuss\/"}]}},"_links":{"self":[{"href":"https:\/\/universofamilia.com\/hu\/wp-json\/wp\/v2\/posts\/7710"}],"collection":[{"href":"https:\/\/universofamilia.com\/hu\/wp-json\/wp\/v2\/posts"}],"about":[{"href":"https:\/\/universofamilia.com\/hu\/wp-json\/wp\/v2\/types\/post"}],"author":[{"embeddable":true,"href":"https:\/\/universofamilia.com\/hu\/wp-json\/wp\/v2\/users\/219"}],"replies":[{"embeddable":true,"href":"https:\/\/universofamilia.com\/hu\/wp-json\/wp\/v2\/comments?post=7710"}],"version-history":[{"count":1,"href":"https:\/\/universofamilia.com\/hu\/wp-json\/wp\/v2\/posts\/7710\/revisions"}],"predecessor-version":[{"id":10045,"href":"https:\/\/universofamilia.com\/hu\/wp-json\/wp\/v2\/posts\/7710\/revisions\/10045"}],"wp:featuredmedia":[{"embeddable":true,"href":"https:\/\/universofamilia.com\/hu\/wp-json\/wp\/v2\/media\/7711"}],"wp:attachment":[{"href":"https:\/\/universofamilia.com\/hu\/wp-json\/wp\/v2\/media?parent=7710"}],"wp:term":[{"taxonomy":"category","embeddable":true,"href":"https:\/\/universofamilia.com\/hu\/wp-json\/wp\/v2\/categories?post=7710"},{"taxonomy":"post_tag","embeddable":true,"href":"https:\/\/universofamilia.com\/hu\/wp-json\/wp\/v2\/tags?post=7710"}],"curies":[{"name":"wp","href":"https:\/\/api.w.org\/{rel}","templated":true}]}}