{"id":7793,"date":"2024-12-18T17:51:29","date_gmt":"2024-12-18T20:51:29","guid":{"rendered":"https:\/\/universofamilia.com\/?p=7793"},"modified":"2024-12-18T17:51:29","modified_gmt":"2024-12-18T20:51:29","slug":"descubre-quien-te-desea","status":"publish","type":"post","link":"https:\/\/universofamilia.com\/hu\/descubre-quien-te-desea\/","title":{"rendered":"Tudd meg, ki akar t\u00e9ged!"},"content":{"rendered":"<p>Tudd meg, kikkel kommunik\u00e1lsz a legt\u00f6bbet a k\u00f6z\u00f6ss\u00e9gi m\u00e9di\u00e1ban.<\/p>\n\n\n\n<h3 class=\"wp-block-heading has-text-align-center\">Mit keresel ma?<\/h3>\n\n\n\n<div class=\"wp-block-buttons is-content-justification-center is-layout-flex wp-container-core-buttons-layout-1 wp-block-buttons-is-layout-flex\">\n<div class=\"wp-block-button has-custom-width wp-block-button__width-100 is-style-outline\" style=\"text-decoration:none\"><a class=\"wp-block-button__link has-white-color has-vivid-cyan-blue-background-color has-text-color has-background has-link-color has-text-align-center wp-element-button\" href=\"https:\/\/universofamilia.com\/hu\/7282\/descubre-quien-esta-observandote\/\" style=\"border-radius:6px\">Tudd meg, ki figyel t\u00e9ged \u27a1\ufe0f<\/a><\/div>\n<\/div>\n\n\n\n<div class=\"wp-block-buttons is-content-justification-center is-layout-flex wp-container-core-buttons-layout-2 wp-block-buttons-is-layout-flex\">\n<div class=\"wp-block-button has-custom-width wp-block-button__width-100 is-style-outline\" style=\"text-decoration:none\"><a class=\"wp-block-button__link has-white-color has-vivid-cyan-blue-background-color has-text-color has-background has-link-color has-text-align-center wp-element-button\" href=\"https:\/\/universofamilia.com\/hu\/7281\/quien-esta-interesado-en-ti\/\" style=\"border-radius:6px\">Kit \u00e9rdekelsz? \u27a1\ufe0f<\/a><\/div>\n<\/div>\n\n\n\n<div class=\"wp-block-buttons is-content-justification-center is-layout-flex wp-container-core-buttons-layout-3 wp-block-buttons-is-layout-flex\">\n<div class=\"wp-block-button has-custom-width wp-block-button__width-100 is-style-outline\" style=\"text-decoration:none\"><a class=\"wp-block-button__link has-white-color has-vivid-cyan-blue-background-color has-text-color has-background has-link-color has-text-align-center wp-element-button\" href=\"https:\/\/universofamilia.com\/hu\/7271\/encuentra-el-amor-mejores-apps-de-citas\/\" style=\"border-radius:6px\">Tal\u00e1ld meg a szerelmet \u27a1\ufe0f<\/a><\/div>\n<\/div>\n\n\n\n<p class=\"has-text-align-center\"><em><strong><em><strong><em><strong>Olvass tov\u00e1bb!<\/strong><\/em><\/strong><\/em><\/strong><\/em><\/p>\n\n\n\n<hr class=\"wp-block-separator has-text-color has-luminous-vivid-orange-color has-alpha-channel-opacity has-luminous-vivid-orange-background-color has-background is-style-wide\"\/>\n\n\n\n<p><\/p>\n\n\n\n<p>H\u00e1nyszor gondolkodt\u00e1l m\u00e1r el azon, hogy ki is szeret t\u00e9ged igaz\u00e1n?<\/p>\n\n\n\n<p>Ez a gondolat v\u00e1ratlan pillanatban mer\u00fclhet fel, p\u00e9ld\u00e1ul k\u00f6z\u00f6ss\u00e9gi m\u00e9dia b\u00f6ng\u00e9sz\u00e9se vagy a k\u00f6r\u00fcl\u00f6tt\u00fcnk l\u00e9v\u0151 emberek viselked\u00e9s\u00e9nek megfigyel\u00e9se sor\u00e1n.<\/p>\n\n\n\n<p>A vicces az eg\u00e9szben, hogy a v\u00e1lasz gyakran ott van a szem\u00fcnk el\u0151tt, csak \u00e9szrev\u00e9tlen\u00fcl megy.<\/p>\n\n\n\n<p>A modern id\u0151kben, amikor a virtu\u00e1lis interakci\u00f3 a kapcsolatok elengedhetetlen r\u00e9sz\u00e9v\u00e9 v\u00e1lt, term\u00e9szetes, hogy jobban meg akarjuk \u00e9rteni, hogy ki \u00e9rt\u00e9keli igaz\u00e1n azt, amit megosztotok.<\/p>\n\n\n\n<p>Szem\u00e9lyes elemz\u0151 alkalmaz\u00e1sok seg\u00edts\u00e9g\u00e9vel lehets\u00e9ges megfejteni ezeket az apr\u00f3 rejt\u00e9lyeket.<\/p>\n\n\n\n<p>Fedezz\u00fck fel egy\u00fctt ezt a forradalmat!<\/p>\n\n\n\n<h4 class=\"wp-block-heading has-text-align-center\">Van b\u00e1rmilyen k\u00e9rd\u00e9se?<\/h4>\n\n\n\n<div class=\"wp-block-buttons is-content-justification-center is-layout-flex wp-container-core-buttons-layout-4 wp-block-buttons-is-layout-flex\">\n<div class=\"wp-block-button has-custom-width wp-block-button__width-100 has-custom-font-size is-style-outline has-large-font-size\" style=\"text-decoration:none\"><a class=\"wp-block-button__link has-white-color has-vivid-purple-background-color has-text-color has-background has-link-color has-border-color has-ast-global-color-5-border-color has-text-align-center wp-element-button\" href=\"https:\/\/www.messenger.com\/login.php?next=https%3A%2F%2Fwww.messenger.com%2Ft%2F110263563681990%2F%3Fref%3Dw30174560--utm_campaign%253D%257B%257Badset.id%257D%257D%26messaging_source%3Dsource%253Apages%253Amessage_shortlink%26source_id%3D1441792%26recurring_notification%3D0\" style=\"border-radius:6px\">\ud83d\udcac Besz\u00e9lj\u00fcnk! \ud83d\udc69\u200d\ud83e\uddb0\u200d\ud83c\udfa7<\/a><\/div>\n<\/div>\n\n\n\n<p class=\"has-text-align-right\"><em><strong>\u00c1tir\u00e1ny\u00edtunk egy m\u00e1sik webhelyre<\/strong><\/em><\/p>\n\n\n\n<h2 class=\"wp-block-heading\">A h\u00e1l\u00f3zataink m\u00f6g\u00f6tt rejl\u0151 k\u00edv\u00e1ncsis\u00e1g<\/h2>\n\n\n\n<p>\u00c9szrevetted m\u00e1r, milyen gyakori, hogy k\u00edv\u00e1ncsiak vagyunk, ki l\u00e1togatta meg a profilodat, vagy ki l\u00e1jkolta a bejegyz\u00e9seidet? Ez a fajta k\u00edv\u00e1ncsis\u00e1g szinte \u00e1ltal\u00e1nos.<\/p>\n\n\n\n<p>A k\u00f6z\u00f6ss\u00e9gi m\u00e9dia \u00f6sszek\u00f6ti az embereket a vil\u00e1g k\u00fcl\u00f6nb\u00f6z\u0151 r\u00e9szeir\u0151l, de egyben v\u00e1gyat is \u00e9breszt benn\u00fcnk, hogy t\u00f6bbet megtudjunk k\u00f6vet\u0151inkr\u0151l, titkos csod\u00e1l\u00f3inkr\u00f3l \u00e9s val\u00f3di kapcsolatainkr\u00f3l.<\/p>\n\n\n\n<p>Nem csak l\u00e1jkok vagy hozz\u00e1sz\u00f3l\u00e1sok, minden interakci\u00f3 m\u00f6g\u00f6tt egy t\u00f6rt\u00e9net \u00e1ll.<\/p>\n\n\n\n<p>K\u00e9pzeld el, hogy felfedezed, kik a csendes rajong\u00f3id, vagy ak\u00e1r meg\u00e9rted, hogy milyen t\u00edpus\u00fa tartalom vonzza a legink\u00e1bb a figyelmet.<\/p>\n\n\n\n<h2 class=\"wp-block-heading\">A szem\u00e9lyes statisztikai alkalmaz\u00e1sok forradalma<\/h2>\n\n\n\n<p>A technol\u00f3gia fejl\u0151d\u00e9s\u00e9vel speci\u00e1lis eszk\u00f6z\u00f6k jelentek meg, hogy kiel\u00e9g\u00edts\u00e9k k\u00edv\u00e1ncsis\u00e1gunkat.<\/p>\n\n\n\n<p>Alkalmaz\u00e1sok, mint p\u00e9ld\u00e1ul <strong>Profile Analyzer<\/strong> \u00e9s <strong>K\u00f6z\u00f6ss\u00e9gi inform\u00e1ci\u00f3k<\/strong> forradalmas\u00edtj\u00e1k a k\u00f6z\u00f6ss\u00e9gi h\u00e1l\u00f3zatokkal val\u00f3 kapcsolattart\u00e1s m\u00f3dj\u00e1t.<\/p>\n\n\n\n<p>Ezek az alkalmaz\u00e1sok fejlett algoritmusokat haszn\u00e1lnak az interakci\u00f3k elemz\u00e9s\u00e9re \u00e9s r\u00e9szletes jelent\u00e9sek k\u00e9sz\u00edt\u00e9s\u00e9re.<\/p>\n\n\n\n<p>Nemcsak azt mutatj\u00e1k meg, hogy kik kommunik\u00e1lnak veled a legt\u00f6bbet, hanem \u00e9rt\u00e9kes betekint\u00e9st ny\u00fajtanak abba is, hogy milyen t\u00edpus\u00fa tartalom vonzza a k\u00f6vet\u0151idet.<\/p>\n\n\n\n<p>Tekintse meg az alkalmaz\u00e1sok \u00e1ltal k\u00edn\u00e1lt n\u00e9h\u00e1ny funkci\u00f3t:<\/p>\n\n\n\n<ul class=\"wp-block-list\">\n<li>Jelent\u00e9sek a l\u00e1jkokr\u00f3l \u00e9s hozz\u00e1sz\u00f3l\u00e1sokr\u00f3l.<\/li>\n\n\n\n<li>A legakt\u00edvabb k\u00f6vet\u0151k azonos\u00edt\u00e1sa.<\/li>\n\n\n\n<li>Elk\u00f6telez\u0151d\u00e9si trendek.<\/li>\n\n\n\n<li>Javaslatok a l\u00e1that\u00f3s\u00e1g n\u00f6vel\u00e9s\u00e9re.<\/li>\n<\/ul>\n\n\n\n<h2 class=\"wp-block-heading\">El\u0151ny\u00f6k, ha t\u00f6bbet tudsz a k\u00f6vet\u0151idr\u0151l<\/h2>\n\n\n\n<p>Ezen inform\u00e1ci\u00f3k megszerz\u00e9se nem csup\u00e1n k\u00edv\u00e1ncsis\u00e1g k\u00e9rd\u00e9se.<\/p>\n\n\n\n<p>Sok el\u0151nye van annak, ha jobban meg\u00e9rtj\u00fck, hogy kik k\u00f6vetnek minket, \u00e9s mit \u00e9rt\u00e9kelnek:<\/p>\n\n\n\n<ol start=\"1\" class=\"wp-block-list\">\n<li><strong>M\u00e9lyebb kapcsolatok<\/strong>Relev\u00e1nsabb tartalmat hozhatsz l\u00e9tre a val\u00f3ban fontos k\u00f6z\u00f6ns\u00e9gek sz\u00e1m\u00e1ra.<\/li>\n\n\n\n<li><strong>N\u00f6velje az interakci\u00f3t<\/strong>A k\u00f6vet\u0151i viselked\u00e9s meg\u00e9rt\u00e9se seg\u00edt a strat\u00e9gi\u00e1id fejleszt\u00e9s\u00e9ben.<\/li>\n\n\n\n<li><strong>Lehet\u0151s\u00e9gek azonos\u00edt\u00e1sa<\/strong>Sokszor azok az emberek, akik a legt\u00f6bbet interakci\u00f3ban \u00e1llnak egym\u00e1ssal, partnerekk\u00e9 vagy sz\u00f6vets\u00e9gesekk\u00e9 v\u00e1lhatnak a j\u00f6v\u0151beli projektekben.<\/li>\n\n\n\n<li><strong>Szem\u00e9lyes magabiztoss\u00e1g<\/strong>A tudat, hogy csod\u00e1lnak, n\u00f6velheti az \u00f6nbecs\u00fcl\u00e9sedet \u00e9s az \u00f6nbizalmadat.<\/li>\n<\/ol>\n\n\n\n<p>Ezenk\u00edv\u00fcl ezek az adatok hasznosak a digit\u00e1lis influenszerek, a kisv\u00e1llalkoz\u00f3k \u00e9s azok sz\u00e1m\u00e1ra is, akik csak jav\u00edtani szeretn\u00e9k online jelenl\u00e9t\u00fcket.<\/p>\n\n\n\n<h2 class=\"wp-block-heading\">\u00daj m\u00f3dszer a h\u00e1l\u00f3zatok meg\u00e9rt\u00e9s\u00e9re<\/h2>\n\n\n\n<p>Ezek az alkalmaz\u00e1sok nemcsak abban seg\u00edtenek, hogy felfedezd, kiket \u00e9rdekelsz, hanem abban is, hogy jobban meg\u00e9rtsd a bejegyz\u00e9seid hat\u00e1s\u00e1t.<\/p>\n\n\n\n<p>K\u00e9pzeld el, hogy ilyen \u00e9rtes\u00edt\u00e9seket kapsz:<\/p>\n\n\n\n<ul class=\"wp-block-list\">\n<li>\u201eAz utols\u00f3 bejegyz\u00e9sedet ez a k\u00f6vet\u0151 h\u00e1romszor annyian n\u00e9zt\u00e9k meg, mint a t\u00f6bbit.\u201d<\/li>\n\n\n\n<li>\u201eA t\u00f6rt\u00e9neteid 20%-vel t\u00f6bb interakci\u00f3t gener\u00e1ltak, mint a m\u00falt h\u00e9ten.\u201d<\/li>\n<\/ul>\n\n\n\n<p>Ezek az adatok lehet\u0151v\u00e9 teszik a tartalomstrat\u00e9gi\u00e1k hat\u00e9konyabb m\u00f3dos\u00edt\u00e1s\u00e1t, kihaszn\u00e1lva a k\u00f6z\u00f6ns\u00e9g preferenci\u00e1it.<\/p>\n\n\n<div class=\"wp-block-image\">\n<figure class=\"aligncenter size-full\"><img loading=\"lazy\" decoding=\"async\" width=\"550\" height=\"350\" src=\"http:\/\/universofamilia.com\/wp-content\/uploads\/sites\/148\/2024\/12\/DESTAQUE-UNIVERSO-550-x-350-2-7.jpg\" alt=\"\" class=\"wp-image-7794\" srcset=\"https:\/\/universofamilia.com\/wp-content\/uploads\/sites\/148\/2024\/12\/DESTAQUE-UNIVERSO-550-x-350-2-7.jpg 550w, https:\/\/universofamilia.com\/wp-content\/uploads\/sites\/148\/2024\/12\/DESTAQUE-UNIVERSO-550-x-350-2-7-300x191.jpg 300w\" sizes=\"(max-width: 550px) 100vw, 550px\" \/><figcaption class=\"wp-element-caption\">Tudd meg, ki akar t\u00e9ged!<\/figcaption><\/figure><\/div>\n\n\n<h2 class=\"wp-block-heading\">Mi\u00e9rt b\u00edzzunk ezekben az alkalmaz\u00e1sokban?<\/h2>\n\n\n\n<p>Tudjuk, hogy a biztons\u00e1g komoly aggodalomra ad okot, amikor a szem\u00e9lyes profiljainkat elemz\u0151 eszk\u00f6z\u00f6kh\u00f6z f\u00e9r\u00fcnk hozz\u00e1.<\/p>\n\n\n\n<p>Azonban olyan alkalmaz\u00e1sok, mint pl. <strong>Profile Analyzer<\/strong> \u00e9s <strong>K\u00f6z\u00f6ss\u00e9gi inform\u00e1ci\u00f3k<\/strong> magas adatv\u00e9delmi szabv\u00e1nyok betart\u00e1s\u00e1val tervezt\u00e9k.<\/p>\n\n\n\n<p>Nem f\u00e9rnek hozz\u00e1 a jelszavaidhoz vagy a szem\u00e9lyes adataidhoz, \u00e9s a k\u00f6z\u00f6ss\u00e9gi m\u00e9dia platformok \u00e1ltal meghat\u00e1rozott ir\u00e1nyelveken bel\u00fcl m\u0171k\u00f6dnek.<\/p>\n\n\n\n<p>Ezenk\u00edv\u00fcl t\u00f6bb ezer pozit\u00edv \u00e9rt\u00e9kel\u00e9ssel rendelkeznek el\u00e9gedett felhaszn\u00e1l\u00f3kt\u00f3l az alkalmaz\u00e1sboltokban, ami garant\u00e1lja a megb\u00edzhat\u00f3s\u00e1gukat.<\/p>\n\n\n\n<h3 class=\"wp-block-heading\"><strong>Profile Analyzer<\/strong><\/h3>\n\n\n\n<p>\u0150 <strong>Profile Analyzer<\/strong> Ez egy hihetetlen eszk\u00f6z, amely lehet\u0151v\u00e9 teszi, hogy m\u00e9lyrehat\u00f3an felt\u00e1rd a k\u00f6z\u00f6ss\u00e9gi m\u00e9dia adataidat. Seg\u00edts\u00e9g\u00e9vel:<\/p>\n\n\n\n<ul class=\"wp-block-list\">\n<li>Tudd meg, kik n\u00e9zik a t\u00f6rt\u00e9neteidet a legt\u00f6bbet.<\/li>\n\n\n\n<li>Azonos\u00edtsd azokat a k\u00f6vet\u0151ket, akik a legt\u00f6bbet l\u00e9pnek interakci\u00f3ba a bejegyz\u00e9seiddel.<\/li>\n\n\n\n<li>Figyeld a r\u00e9gi \u00e9s \u00faj bejegyz\u00e9sek teljes\u00edtm\u00e9ny\u00e9t.<\/li>\n<\/ul>\n\n\n\n<p>R\u00e1ad\u00e1sul nagyon intuit\u00edv \u00e9s felhaszn\u00e1l\u00f3bar\u00e1t fel\u00fclettel rendelkezik, \u00edgy minden felhaszn\u00e1l\u00f3 sz\u00e1m\u00e1ra t\u00f6k\u00e9letes.<\/p>\n\n\n\n<h3 class=\"wp-block-heading\"><strong>K\u00f6z\u00f6ss\u00e9gi inform\u00e1ci\u00f3k<\/strong><\/h3>\n\n\n\n<p>M\u00e1sr\u00e9szt, <strong>K\u00f6z\u00f6ss\u00e9gi inform\u00e1ci\u00f3k<\/strong> r\u00e9szletorient\u00e1lt megk\u00f6zel\u00edt\u00e9s\u00e9r\u0151l ismert. A k\u00f6vetkez\u0151ket k\u00edn\u00e1lja:<\/p>\n\n\n\n<ul class=\"wp-block-list\">\n<li>Interakci\u00f3s mint\u00e1zatok elemz\u00e9se.<\/li>\n\n\n\n<li>Testreszabhat\u00f3 jelent\u00e9sek.<\/li>\n\n\n\n<li>Javaslatok a bejegyz\u00e9seid hat\u00e1s\u00e1nak n\u00f6vel\u00e9s\u00e9re.<\/li>\n<\/ul>\n\n\n\n<p>Ha teljes \u00e1ttekint\u00e9st szeretn\u00e9l arr\u00f3l, hogy kik tartj\u00e1k veled a kapcsolatot a legt\u00f6bbet, akkor ez az alkalmaz\u00e1s neked val\u00f3.<\/p>\n\n\n\n<h2 class=\"wp-block-heading\">Mit mondanak a felhaszn\u00e1l\u00f3k?<\/h2>\n\n\n\n<p>Sokan, akik m\u00e1r haszn\u00e1lt\u00e1k ezeket az eszk\u00f6z\u00f6ket, pozit\u00edv tapasztalatokat osztanak meg.<\/p>\n\n\n\n<p>N\u00e9zz meg n\u00e9h\u00e1ny val\u00f3s \u00e9rt\u00e9kel\u00e9st:<\/p>\n\n\n\n<ul class=\"wp-block-list\">\n<li>\u201eA Profile Analyzer seg\u00edts\u00e9g\u00e9vel jobban meg\u00e9rtettem, hogy kik a k\u00f6z\u00f6ns\u00e9gem, \u00e9s hogyan tudok vel\u00fck \u00e9rdemibben kapcsolatba l\u00e9pni.\u201d \u2013 Carla S.<\/li>\n\n\n\n<li>\u201eA Social Insights mind\u00f6ssze k\u00e9t h\u00f3nap alatt seg\u00edtett jav\u00edtani az elk\u00f6telez\u0151d\u00e9semet egy 40%-n!\u201d \u2013 Juan M.<\/li>\n\n\n\n<li>\u201eIm\u00e1dtam a k\u00f6nnyen haszn\u00e1lhat\u00f3 fel\u00fcletet \u00e9s a rendk\u00edv\u00fcl r\u00e9szletes jelent\u00e9seket.\u201d \u2013 Ana L.<\/li>\n<\/ul>\n\n\n\n<p>Ezek a hozz\u00e1sz\u00f3l\u00e1sok bizony\u00edtj\u00e1k, hogy az eszk\u00f6z\u00f6k val\u00f3ban sokat sz\u00e1m\u00edtanak.<\/p>\n\n\n\n<h2 class=\"wp-block-heading\">K\u00f6vetkeztet\u00e9s<\/h2>\n\n\n\n<p>Sz\u00f3val, k\u00e9szen \u00e1llsz, hogy megtudd, ki akar t\u00e9ged?<\/p>\n\n\n\n<p>Ezek az alkalmaz\u00e1sok lehet\u0151s\u00e9get k\u00edn\u00e1lnak a k\u00f6z\u00f6ss\u00e9gi m\u00e9dia m\u00f6g\u00f6tt rejl\u0151 titkok felt\u00e1r\u00e1s\u00e1ra, seg\u00edtve abban, hogy jobban kapcsolatba l\u00e9pj a k\u00f6vet\u0151iddel \u00e9s n\u00f6veld az online hat\u00e1sodat.<\/p>\n\n\n\n<p>Ne vesztegesd az id\u0151det. Fedezd fel ezeket a hihetetlen eszk\u00f6z\u00f6ket m\u00e9g ma, \u00e9s hozd ki a legt\u00f6bbet a k\u00f6z\u00f6ss\u00e9gi m\u00e9di\u00e1db\u00f3l.<\/p>\n\n\n\n<h3 class=\"wp-block-heading\">Let\u00f6lt\u00e9si linkek:<\/h3>\n\n\n\n<ul class=\"wp-block-list\">\n<li class=\"has-medium-font-size\"><strong>Profilelemz\u0151:<\/strong> <a href=\"https:\/\/play.google.com\/store\/apps\/details?id=com.analyzing.network\">Android<\/a> \/ <a href=\"https:\/\/apps.apple.com\/us\/app\/the-profile-analyzer\/id1441979611\">iOS<\/a><\/li>\n\n\n\n<li class=\"has-medium-font-size\"><strong>K\u00f6z\u00f6ss\u00e9gi inform\u00e1ci\u00f3k:<\/strong> <a href=\"https:\/\/play.google.com\/store\/apps\/details?id=com.wprofeel.wprofile&amp;hl=en_US\">Android<\/a> \/ <a href=\"https:\/\/apps.apple.com\/us\/app\/who-profile-view-for-my-insta\/id1554870653\">iOS<\/a><\/li>\n<\/ul>\n\n\n\n<p>Tudd meg, ki figyel r\u00e1d, \u00e9s alak\u00edtsd \u00e1t kapcsolataidat a val\u00f3di hat\u00e1sod t\u00fckreiv\u00e9!<\/p>\n\n\n\n<h3 class=\"wp-block-heading\">Gyakran ism\u00e9telt k\u00e9rd\u00e9sek az Alkalmaz\u00e1sprofil-elemz\u0151vel \u00e9s a K\u00f6z\u00f6ss\u00e9gi Elemz\u00e9sekkel kapcsolatban<\/h3>\n\n\n\n<h4 class=\"wp-block-heading\">Mi az a Profile Analyzer \u00e9s hogyan m\u0171k\u00f6dik?<\/h4>\n\n\n\n<p>A Profile Analyzer egy fejlett eszk\u00f6z, amely elemzi a k\u00f6z\u00f6ss\u00e9gi m\u00e9dia fi\u00f3kjaidat, hogy r\u00e9szletes adatokat szolg\u00e1ltasson a k\u00f6vet\u0151id aktivit\u00e1s\u00e1r\u00f3l. A bejegyz\u00e9seidb\u0151l, t\u00f6rt\u00e9neteidb\u0151l \u00e9s k\u00f6vet\u0151idb\u0151l gy\u0171jt inform\u00e1ci\u00f3kat, hogy szem\u00e9lyre szabott jelent\u00e9seket k\u00e9sz\u00edtsen. Nem f\u00e9r hozz\u00e1 bizalmas adatokhoz vagy jelszavakhoz, mivel a k\u00f6z\u00f6ss\u00e9gi m\u00e9dia h\u00e1l\u00f3zatok adatv\u00e9delmi ir\u00e1nyelvei szerint m\u0171k\u00f6dik.<\/p>\n\n\n\n<h4 class=\"wp-block-heading\">Mi a Social Insights, \u00e9s miben k\u00fcl\u00f6nb\u00f6zik a t\u00f6bbit\u0151l?<\/h4>\n\n\n\n<p>A Social Insights egy olyan alkalmaz\u00e1s, amely m\u00e9lyrehat\u00f3 elemz\u00e9st ny\u00fajt a k\u00f6vet\u0151id elk\u00f6telez\u0151d\u00e9si trendjeir\u0151l \u00e9s viselked\u00e9s\u00e9r\u0151l. A Profile Analyzerrel ellent\u00e9tben a Social Insights r\u00e9szletesebb \u00e9s testreszabhat\u00f3bb jelent\u00e9seket k\u00edn\u00e1l, \u00edgy ide\u00e1lis v\u00e1laszt\u00e1s azok sz\u00e1m\u00e1ra, akik c\u00e9lzott strat\u00e9gi\u00e1kkal szeretn\u00e9k maximaliz\u00e1lni a k\u00f6z\u00f6ss\u00e9gi m\u00e9di\u00e1ban el\u00e9rt hat\u00e1sukat.<\/p>\n\n\n\n<h4 class=\"wp-block-heading\">Biztons\u00e1gos ezeket az alkalmaz\u00e1sokat haszn\u00e1lni?<\/h4>\n\n\n\n<p>Igen, mindk\u00e9t alkalmaz\u00e1s magas biztons\u00e1gi szabv\u00e1nyok betart\u00e1s\u00e1val k\u00e9sz\u00fclt. Nem t\u00e1rolnak \u00e9s nem f\u00e9rnek hozz\u00e1 priv\u00e1t inform\u00e1ci\u00f3khoz, p\u00e9ld\u00e1ul jelszavakhoz vagy \u00fczenetekhez. Kiz\u00e1r\u00f3lag nyilv\u00e1nos adatokkal dolgoznak, \u00e9s betartj\u00e1k a k\u00f6z\u00f6ss\u00e9gi m\u00e9dia platformok ir\u00e1nyelveit, \u00edgy biztos\u00edtva a felhaszn\u00e1l\u00f3k sz\u00e1m\u00e1ra a biztons\u00e1gos felhaszn\u00e1l\u00f3i \u00e9lm\u00e9nyt.<\/p>\n\n\n\n<h4 class=\"wp-block-heading\">Milyen el\u0151ny\u00f6ket k\u00edn\u00e1lnak ezek az alkalmaz\u00e1sok?<\/h4>\n\n\n\n<p>Ezek az eszk\u00f6z\u00f6k seg\u00edtenek jobban meg\u00e9rteni a k\u00f6z\u00f6ns\u00e9gedet. Seg\u00edts\u00e9g\u00fckkel felfedezheted, hogy kik l\u00e9pnek kapcsolatba veled a legt\u00f6bbet, milyen t\u00edpus\u00fa tartalom gener\u00e1lja a legnagyobb hat\u00e1st, \u00e9s hogyan optimaliz\u00e1lhatod a bejegyz\u00e9seidet. Hasznosak a l\u00e1that\u00f3s\u00e1god n\u00f6vel\u00e9s\u00e9ben, az elk\u00f6telez\u0151d\u00e9s jav\u00edt\u00e1s\u00e1ban \u00e9s az online jelenl\u00e9ted meger\u0151s\u00edt\u00e9s\u00e9ben is.<\/p>\n\n\n\n<h4 class=\"wp-block-heading\">Ingyenesek, vagy van \u00e1ra?<\/h4>\n\n\n\n<p>Mindk\u00e9t alkalmaz\u00e1s ingyenes verzi\u00f3t k\u00edn\u00e1l alapfunkci\u00f3kkal. Ugyanakkor pr\u00e9mium verzi\u00f3ik is vannak, amelyek fejlett funkci\u00f3kat k\u00edn\u00e1lnak, p\u00e9ld\u00e1ul egy\u00e9ni jelent\u00e9seket, hossz\u00fa t\u00e1v\u00fa trendelemz\u00e9st \u00e9s c\u00e9lzott aj\u00e1nl\u00e1sokat az el\u00e9r\u00e9s n\u00f6vel\u00e9se \u00e9rdek\u00e9ben.<\/p>\n\n\n\n<h4 class=\"wp-block-heading\">Haszn\u00e1lhat\u00f3k k\u00fcl\u00f6nb\u00f6z\u0151 k\u00f6z\u00f6ss\u00e9gi h\u00e1l\u00f3zatokon?<\/h4>\n\n\n\n<p>Igen, a Profile Analyzer \u00e9s a Social Insights t\u00e1mogatja a n\u00e9pszer\u0171 k\u00f6z\u00f6ss\u00e9gi m\u00e9dia platformokat, bele\u00e9rtve az Instagramot, a Facebookot \u00e9s a TikTokot. A kompatibilit\u00e1s az egyes k\u00f6z\u00f6ss\u00e9gi h\u00e1l\u00f3zatok verzi\u00f3j\u00e1t\u00f3l \u00e9s szab\u00e1lyzat\u00e1t\u00f3l f\u00fcgg\u0151en v\u00e1ltozhat, de mindk\u00e9t eszk\u00f6zt \u00fagy tervezt\u00e9k, hogy z\u00f6kken\u0151mentesen integr\u00e1l\u00f3djon t\u00f6bb fi\u00f3kkal.<\/p>\n\n\n\n<h4 class=\"wp-block-heading\">Mit gondolnak a felhaszn\u00e1l\u00f3k ezekr\u0151l az alkalmaz\u00e1sokr\u00f3l?<\/h4>\n\n\n\n<p>Sok felhaszn\u00e1l\u00f3 dics\u00e9rte az eszk\u00f6z\u00f6k k\u00f6nny\u0171 kezelhet\u0151s\u00e9g\u00e9t, r\u00e9szletes jelent\u00e9sk\u00e9sz\u00edt\u00e9s\u00e9t \u00e9s az \u00e9rt\u00e9kes inform\u00e1ci\u00f3k ny\u00fajt\u00e1s\u00e1nak k\u00e9pess\u00e9g\u00e9t. A gyakori visszajelz\u00e9sek k\u00f6z\u00f6tt szerepelnek a megn\u00f6vekedett k\u00f6vet\u0151i elk\u00f6telez\u0151d\u00e9sr\u0151l \u00e9s a tov\u00e1bbfejlesztett tartalomstrat\u00e9gi\u00e1r\u00f3l sz\u00f3l\u00f3 megjegyz\u00e9sek, amelyek mindk\u00e9t alkalmaz\u00e1s hat\u00e9konys\u00e1g\u00e1t bizony\u00edtj\u00e1k.<\/p>\n\n\n\n<h4 class=\"wp-block-heading\">Hol tudom let\u00f6lteni a Profile Analyzer \u00e9s a Social Insights alkalmaz\u00e1sokat?<\/h4>\n\n\n\n<p>Ezeket az alkalmaz\u00e1sokat a hivatalos \u00e1ruh\u00e1zakb\u00f3l t\u00f6ltheted le. A Profile Analyzer, ak\u00e1rcsak a Social Insights, el\u00e9rhet\u0151 Androidra \u00e9s iOS-re. Csak keresd meg az alkalmaz\u00e1s nev\u00e9t a Google Play \u00c1ruh\u00e1zban vagy az App Store-ban, \u00e9s k\u00f6vesd az utas\u00edt\u00e1sokat a telep\u00edt\u00e9s\u00e9hez az eszk\u00f6z\u00f6dre.<\/p>","protected":false},"excerpt":{"rendered":"<p>Tudd meg, kik foglalkoznak veled a legt\u00f6bbet a k\u00f6z\u00f6ss\u00e9gi m\u00e9di\u00e1ban. Mit keresel ma? Olvass tov\u00e1bb! H\u00e1nyszor gondolkodt\u00e1l m\u00e1r el azon, hogy ki is kedvel t\u00e9ged igaz\u00e1n? Ez a gondolat v\u00e1ratlan pillanatban mer\u00fclhet fel, p\u00e9ld\u00e1ul a k\u00f6z\u00f6ss\u00e9gi m\u00e9dia h\u00edrfolyamaid b\u00f6ng\u00e9sz\u00e9se vagy a k\u00f6r\u00fcl\u00f6tted l\u00e9v\u0151 emberek viselked\u00e9s\u00e9nek megfigyel\u00e9se k\u00f6zben. A vicces az eg\u00e9szben, hogy sokan [\u2026]<\/p>","protected":false},"author":0,"featured_media":7794,"comment_status":"closed","ping_status":"open","sticky":false,"template":"","format":"standard","meta":{"footnotes":""},"categories":[2],"tags":[175,826,842,927,1399],"yoast_head":"<!-- This site is optimized with the Yoast SEO plugin v23.3 - https:\/\/yoast.com\/wordpress\/plugins\/seo\/ -->\n<title>Descubre qui\u00e9n te desea! - Universo Fam\u00edlia<\/title>\n<meta name=\"description\" content=\"Descubre qui\u00e9n te desea! \u00bfCu\u00e1ntas veces te has preguntado qui\u00e9n realmente gusta de ti?Este pensamiento puede surgir en un momento desprevenido..\" \/>\n<meta name=\"robots\" content=\"index, follow, max-snippet:-1, max-image-preview:large, max-video-preview:-1\" \/>\n<link rel=\"canonical\" href=\"https:\/\/universofamilia.com\/hu\/entdecken-sie-wer-sie-will\/\" \/>\n<meta property=\"og:locale\" content=\"hu_HU\" \/>\n<meta property=\"og:type\" content=\"article\" \/>\n<meta property=\"og:title\" content=\"Descubre qui\u00e9n te desea! - Universo Fam\u00edlia\" \/>\n<meta property=\"og:description\" content=\"Descubre qui\u00e9n te desea! \u00bfCu\u00e1ntas veces te has preguntado qui\u00e9n realmente gusta de ti?Este pensamiento puede surgir en un momento desprevenido..\" \/>\n<meta property=\"og:url\" content=\"https:\/\/universofamilia.com\/hu\/entdecken-sie-wer-sie-will\/\" \/>\n<meta property=\"og:site_name\" content=\"Universo Fam\u00edlia\" \/>\n<meta property=\"article:published_time\" content=\"2024-12-18T20:51:29+00:00\" \/>\n<meta property=\"og:image\" content=\"https:\/\/universofamilia.com\/wp-content\/uploads\/sites\/148\/2024\/12\/DESTAQUE-UNIVERSO-550-x-350-2-7.jpg\" \/>\n\t<meta property=\"og:image:width\" content=\"550\" \/>\n\t<meta property=\"og:image:height\" content=\"350\" \/>\n\t<meta property=\"og:image:type\" content=\"image\/jpeg\" \/>\n<meta name=\"twitter:card\" content=\"summary_large_image\" \/>\n<meta name=\"twitter:label1\" content=\"Est. reading time\" \/>\n\t<meta name=\"twitter:data1\" content=\"8 perc\" \/>\n<script type=\"application\/ld+json\" class=\"yoast-schema-graph\">{\"@context\":\"https:\/\/schema.org\",\"@graph\":[{\"@type\":\"WebPage\",\"@id\":\"https:\/\/universofamilia.com\/de\/entdecken-sie-wer-sie-will\/\",\"url\":\"https:\/\/universofamilia.com\/de\/entdecken-sie-wer-sie-will\/\",\"name\":\"Descubre qui\u00e9n te desea! - Universo Fam\u00edlia\",\"isPartOf\":{\"@id\":\"https:\/\/universofamilia.com\/el\/#website\"},\"primaryImageOfPage\":{\"@id\":\"https:\/\/universofamilia.com\/de\/entdecken-sie-wer-sie-will\/#primaryimage\"},\"image\":{\"@id\":\"https:\/\/universofamilia.com\/de\/entdecken-sie-wer-sie-will\/#primaryimage\"},\"thumbnailUrl\":\"https:\/\/universofamilia.com\/wp-content\/uploads\/sites\/148\/2024\/12\/DESTAQUE-UNIVERSO-550-x-350-2-7.jpg\",\"datePublished\":\"2024-12-18T20:51:29+00:00\",\"dateModified\":\"2024-12-18T20:51:29+00:00\",\"author\":{\"@id\":\"\"},\"description\":\"Descubre qui\u00e9n te desea! \u00bfCu\u00e1ntas veces te has preguntado qui\u00e9n realmente gusta de ti?Este pensamiento puede surgir en un momento desprevenido..\",\"breadcrumb\":{\"@id\":\"https:\/\/universofamilia.com\/de\/entdecken-sie-wer-sie-will\/#breadcrumb\"},\"inLanguage\":\"hu\",\"potentialAction\":[{\"@type\":\"ReadAction\",\"target\":[\"https:\/\/universofamilia.com\/de\/entdecken-sie-wer-sie-will\/\"]}]},{\"@type\":\"ImageObject\",\"inLanguage\":\"hu\",\"@id\":\"https:\/\/universofamilia.com\/de\/entdecken-sie-wer-sie-will\/#primaryimage\",\"url\":\"https:\/\/universofamilia.com\/wp-content\/uploads\/sites\/148\/2024\/12\/DESTAQUE-UNIVERSO-550-x-350-2-7.jpg\",\"contentUrl\":\"https:\/\/universofamilia.com\/wp-content\/uploads\/sites\/148\/2024\/12\/DESTAQUE-UNIVERSO-550-x-350-2-7.jpg\",\"width\":550,\"height\":350,\"caption\":\"Descubre qui\u00e9n te desea!\"},{\"@type\":\"BreadcrumbList\",\"@id\":\"https:\/\/universofamilia.com\/de\/entdecken-sie-wer-sie-will\/#breadcrumb\",\"itemListElement\":[{\"@type\":\"ListItem\",\"position\":1,\"name\":\"Home\",\"item\":\"https:\/\/universofamilia.com\/el\/\"},{\"@type\":\"ListItem\",\"position\":2,\"name\":\"Descubre qui\u00e9n te desea!\"}]},{\"@type\":\"WebSite\",\"@id\":\"https:\/\/universofamilia.com\/el\/#website\",\"url\":\"https:\/\/universofamilia.com\/el\/\",\"name\":\"Universo Fam\u00edlia\",\"description\":\"\",\"potentialAction\":[{\"@type\":\"SearchAction\",\"target\":{\"@type\":\"EntryPoint\",\"urlTemplate\":\"https:\/\/universofamilia.com\/el\/?s={search_term_string}\"},\"query-input\":\"required name=search_term_string\"}],\"inLanguage\":\"hu\"}]}<\/script>\n<!-- \/ Yoast SEO plugin. -->","yoast_head_json":{"title":"Descubre qui\u00e9n te desea! - Universo Fam\u00edlia","description":"Descubre qui\u00e9n te desea! \u00bfCu\u00e1ntas veces te has preguntado qui\u00e9n realmente gusta de ti?Este pensamiento puede surgir en un momento desprevenido..","robots":{"index":"index","follow":"follow","max-snippet":"max-snippet:-1","max-image-preview":"max-image-preview:large","max-video-preview":"max-video-preview:-1"},"canonical":"https:\/\/universofamilia.com\/hu\/entdecken-sie-wer-sie-will\/","og_locale":"hu_HU","og_type":"article","og_title":"Descubre qui\u00e9n te desea! - Universo Fam\u00edlia","og_description":"Descubre qui\u00e9n te desea! \u00bfCu\u00e1ntas veces te has preguntado qui\u00e9n realmente gusta de ti?Este pensamiento puede surgir en un momento desprevenido..","og_url":"https:\/\/universofamilia.com\/hu\/entdecken-sie-wer-sie-will\/","og_site_name":"Universo Fam\u00edlia","article_published_time":"2024-12-18T20:51:29+00:00","og_image":[{"width":550,"height":350,"url":"https:\/\/universofamilia.com\/wp-content\/uploads\/sites\/148\/2024\/12\/DESTAQUE-UNIVERSO-550-x-350-2-7.jpg","type":"image\/jpeg"}],"twitter_card":"summary_large_image","twitter_misc":{"Est. reading time":"8 perc"},"schema":{"@context":"https:\/\/schema.org","@graph":[{"@type":"WebPage","@id":"https:\/\/universofamilia.com\/de\/entdecken-sie-wer-sie-will\/","url":"https:\/\/universofamilia.com\/de\/entdecken-sie-wer-sie-will\/","name":"Descubre qui\u00e9n te desea! - Universo Fam\u00edlia","isPartOf":{"@id":"https:\/\/universofamilia.com\/el\/#website"},"primaryImageOfPage":{"@id":"https:\/\/universofamilia.com\/de\/entdecken-sie-wer-sie-will\/#primaryimage"},"image":{"@id":"https:\/\/universofamilia.com\/de\/entdecken-sie-wer-sie-will\/#primaryimage"},"thumbnailUrl":"https:\/\/universofamilia.com\/wp-content\/uploads\/sites\/148\/2024\/12\/DESTAQUE-UNIVERSO-550-x-350-2-7.jpg","datePublished":"2024-12-18T20:51:29+00:00","dateModified":"2024-12-18T20:51:29+00:00","author":{"@id":""},"description":"Descubre qui\u00e9n te desea! \u00bfCu\u00e1ntas veces te has preguntado qui\u00e9n realmente gusta de ti?Este pensamiento puede surgir en un momento desprevenido..","breadcrumb":{"@id":"https:\/\/universofamilia.com\/de\/entdecken-sie-wer-sie-will\/#breadcrumb"},"inLanguage":"hu","potentialAction":[{"@type":"ReadAction","target":["https:\/\/universofamilia.com\/de\/entdecken-sie-wer-sie-will\/"]}]},{"@type":"ImageObject","inLanguage":"hu","@id":"https:\/\/universofamilia.com\/de\/entdecken-sie-wer-sie-will\/#primaryimage","url":"https:\/\/universofamilia.com\/wp-content\/uploads\/sites\/148\/2024\/12\/DESTAQUE-UNIVERSO-550-x-350-2-7.jpg","contentUrl":"https:\/\/universofamilia.com\/wp-content\/uploads\/sites\/148\/2024\/12\/DESTAQUE-UNIVERSO-550-x-350-2-7.jpg","width":550,"height":350,"caption":"Descubre qui\u00e9n te desea!"},{"@type":"BreadcrumbList","@id":"https:\/\/universofamilia.com\/de\/entdecken-sie-wer-sie-will\/#breadcrumb","itemListElement":[{"@type":"ListItem","position":1,"name":"Home","item":"https:\/\/universofamilia.com\/el\/"},{"@type":"ListItem","position":2,"name":"Descubre qui\u00e9n te desea!"}]},{"@type":"WebSite","@id":"https:\/\/universofamilia.com\/el\/#website","url":"https:\/\/universofamilia.com\/el\/","name":"Universo Fam\u00edlia","description":"","potentialAction":[{"@type":"SearchAction","target":{"@type":"EntryPoint","urlTemplate":"https:\/\/universofamilia.com\/el\/?s={search_term_string}"},"query-input":"required name=search_term_string"}],"inLanguage":"hu"}]}},"_links":{"self":[{"href":"https:\/\/universofamilia.com\/hu\/wp-json\/wp\/v2\/posts\/7793"}],"collection":[{"href":"https:\/\/universofamilia.com\/hu\/wp-json\/wp\/v2\/posts"}],"about":[{"href":"https:\/\/universofamilia.com\/hu\/wp-json\/wp\/v2\/types\/post"}],"replies":[{"embeddable":true,"href":"https:\/\/universofamilia.com\/hu\/wp-json\/wp\/v2\/comments?post=7793"}],"version-history":[{"count":0,"href":"https:\/\/universofamilia.com\/hu\/wp-json\/wp\/v2\/posts\/7793\/revisions"}],"wp:featuredmedia":[{"embeddable":true,"href":"https:\/\/universofamilia.com\/hu\/wp-json\/wp\/v2\/media\/7794"}],"wp:attachment":[{"href":"https:\/\/universofamilia.com\/hu\/wp-json\/wp\/v2\/media?parent=7793"}],"wp:term":[{"taxonomy":"category","embeddable":true,"href":"https:\/\/universofamilia.com\/hu\/wp-json\/wp\/v2\/categories?post=7793"},{"taxonomy":"post_tag","embeddable":true,"href":"https:\/\/universofamilia.com\/hu\/wp-json\/wp\/v2\/tags?post=7793"}],"curies":[{"name":"wp","href":"https:\/\/api.w.org\/{rel}","templated":true}]}}