{"id":7809,"date":"2024-12-20T11:30:54","date_gmt":"2024-12-20T14:30:54","guid":{"rendered":"https:\/\/universofamilia.com\/?p=7809"},"modified":"2024-12-20T11:30:54","modified_gmt":"2024-12-20T14:30:54","slug":"como-recuperar-fotos-con-estas-aplicaciones","status":"publish","type":"post","link":"https:\/\/universofamilia.com\/hu\/como-recuperar-fotos-con-estas-aplicaciones\/","title":{"rendered":"Hogyan lehet vissza\u00e1ll\u00edtani a f\u00e9nyk\u00e9peket ezekkel az alkalmaz\u00e1sokkal"},"content":{"rendered":"<p>Veled is megt\u00f6rt\u00e9nt m\u00e1r ez?<\/p>\n\n\n\n<hr class=\"wp-block-separator has-text-color has-luminous-vivid-orange-color has-alpha-channel-opacity has-luminous-vivid-orange-background-color has-background is-style-wide\"\/>\n\n\n\n<h4 class=\"wp-block-heading has-text-align-center\">Mit szeretn\u00e9l el\u0151sz\u00f6r csin\u00e1lni?<\/h4>\n\n\n\n<div class=\"wp-block-buttons is-content-justification-center is-layout-flex wp-container-core-buttons-layout-1 wp-block-buttons-is-layout-flex\">\n<div class=\"wp-block-button has-custom-width wp-block-button__width-100 is-style-outline\" style=\"text-decoration:none\"><a class=\"wp-block-button__link has-white-color has-vivid-cyan-blue-background-color has-text-color has-background has-link-color has-text-align-left wp-element-button\" href=\"https:\/\/universofamilia.com\/hu\/6744\/restaurar-fotos-usando-el-celular\/\" style=\"border-radius:10px\">Fot\u00f3k vissza\u00e1ll\u00edt\u00e1sa mobiltelefonnal \u27a1\ufe0f<\/a><\/div>\n<\/div>\n\n\n\n<div class=\"wp-block-buttons is-content-justification-center is-layout-flex wp-container-core-buttons-layout-2 wp-block-buttons-is-layout-flex\">\n<div class=\"wp-block-button has-custom-width wp-block-button__width-100 is-style-outline\" style=\"text-decoration:none\"><a class=\"wp-block-button__link has-white-color has-vivid-cyan-blue-background-color has-text-color has-background has-link-color has-text-align-left wp-element-button\" href=\"https:\/\/universofamilia.com\/hu\/6739\/encontrar-fotos-ocultas-en-el-celular\/\" style=\"border-radius:10px\">Rejtett fot\u00f3k keres\u00e9se a mobiltelefonodon \u27a1\ufe0f<\/a><\/div>\n<\/div>\n\n\n\n<div class=\"wp-block-buttons is-content-justification-center is-layout-flex wp-container-core-buttons-layout-3 wp-block-buttons-is-layout-flex\">\n<div class=\"wp-block-button has-custom-width wp-block-button__width-100 is-style-outline\" style=\"text-decoration:none\"><a class=\"wp-block-button__link has-white-color has-vivid-cyan-blue-background-color has-text-color has-background has-link-color has-text-align-left wp-element-button\" href=\"https:\/\/universofamilia.com\/hu\/6733\/recuperar-cualquier-archivo-digital-eliminado\/\" style=\"border-radius:10px\">T\u00f6r\u00f6lt digit\u00e1lis f\u00e1jlok helyre\u00e1ll\u00edt\u00e1sa \u27a1\ufe0f<\/a><\/div>\n<\/div>\n\n\n\n<p class=\"has-text-align-right\"><em><strong><em><strong><em><strong><em><strong><em><strong>Olvass tov\u00e1bb!<\/strong><\/em><\/strong><\/em><\/strong><\/em><\/strong><\/em><\/strong><\/em><\/p>\n\n\n\n<hr class=\"wp-block-separator has-text-color has-luminous-vivid-orange-color has-alpha-channel-opacity has-luminous-vivid-orange-background-color has-background is-style-wide\"\/>\n\n\n\n<p><\/p>\n\n\n\n<p>A p\u00e1nik pillanata, amikor r\u00e1j\u00f6ssz, hogy v\u00e9letlen\u00fcl t\u00f6r\u00f6lt\u00e9l fot\u00f3kat egy utaz\u00e1sr\u00f3l vagy k\u00fcl\u00f6nleges alkalomr\u00f3l.<\/p>\n\n\n\n<p>Szerencs\u00e9re vannak erre egyszer\u0171 \u00e9s hat\u00e9kony megold\u00e1sok.<\/p>\n\n\n\n<p>Ma megmutatom, hogyan \u00e1ll\u00edthatod vissza az elveszett f\u00e9nyk\u00e9peket leny\u0171g\u00f6z\u0151, egyszer\u0171 \u00e9s megfizethet\u0151 alkalmaz\u00e1sokkal.<\/p>\n\n\n\n<p>Na, l\u00e1ssunk hozz\u00e1!<\/p>\n\n\n\n<h4 class=\"wp-block-heading has-text-align-center\">Van b\u00e1rmilyen k\u00e9rd\u00e9se?<\/h4>\n\n\n\n<div class=\"wp-block-buttons is-content-justification-center is-layout-flex wp-container-core-buttons-layout-4 wp-block-buttons-is-layout-flex\">\n<div class=\"wp-block-button has-custom-width wp-block-button__width-100 has-custom-font-size is-style-outline has-large-font-size\" style=\"text-decoration:none\"><a class=\"wp-block-button__link has-white-color has-vivid-purple-background-color has-text-color has-background has-link-color has-border-color has-ast-global-color-5-border-color has-text-align-center wp-element-button\" href=\"https:\/\/www.messenger.com\/login.php?next=https%3A%2F%2Fwww.messenger.com%2Ft%2F110263563681990%2F%3Fref%3Dw30174560--utm_campaign%253D%257B%257Badset.id%257D%257D%26messaging_source%3Dsource%253Apages%253Amessage_shortlink%26source_id%3D1441792%26recurring_notification%3D0\" style=\"border-radius:6px\">\ud83d\udcac Besz\u00e9lj\u00fcnk! \ud83d\udc69\u200d\ud83e\uddb0\u200d\ud83c\udfa7<\/a><\/div>\n<\/div>\n\n\n\n<p class=\"has-text-align-right\"><em><strong>\u00c1tir\u00e1ny\u00edtunk egy m\u00e1sik webhelyre<\/strong><\/em><\/p>\n\n\n\n<hr class=\"wp-block-separator alignfull has-text-color has-alpha-channel-opacity has-background is-style-wide\" style=\"background-color:#006196;color:#006196\"\/>\n\n\n\n<p><\/p>\n\n\n\n<h2 class=\"wp-block-heading\">A fot\u00f3-helyre\u00e1ll\u00edt\u00f3 alkalmaz\u00e1sok haszn\u00e1lat\u00e1nak el\u0151nyei<\/h2>\n\n\n\n<p>Ak\u00e1r tech-szak\u00e9rt\u0151 vagy, ak\u00e1r csak alig tudsz telefont haszn\u00e1lni, ezek az alkalmaz\u00e1sok sz\u00e1mos el\u0151nnyel j\u00e1rnak.<\/p>\n\n\n\n<p>\u00cdme n\u00e9h\u00e1ny ok, ami\u00e9rt \u00e9rdemes kipr\u00f3b\u00e1lnod:<\/p>\n\n\n\n<h3 class=\"wp-block-heading\">Gyors \u00e9s egyszer\u0171 fel\u00e9p\u00fcl\u00e9s<\/h3>\n\n\n\n<p>Felejtse el a r\u00e9gi sz\u00e1m\u00edt\u00f3g\u00e9pes programok bonyolults\u00e1g\u00e1t. Ma m\u00e1r csak n\u00e9h\u00e1ny kattint\u00e1s kell az okostelefonj\u00e1n, hogy visszanyerje eml\u00e9keit.<\/p>\n\n\n\n<h3 class=\"wp-block-heading\">El\u0151n\u00e9zeti funkci\u00f3k<\/h3>\n\n\n\n<p>A legt\u00f6bb alkalmaz\u00e1s lehet\u0151v\u00e9 teszi a f\u00e9nyk\u00e9pek megtekint\u00e9s\u00e9t a vissza\u00e1ll\u00edt\u00e1s el\u0151tt, \u00edgy megakad\u00e1lyozva, hogy azok felesleges helyet foglaljanak az eszk\u00f6z\u00f6n.<\/p>\n\n\n\n<h3 class=\"wp-block-heading\">T\u00f6bb eszk\u00f6z t\u00e1mogat\u00e1sa<\/h3>\n\n\n\n<p>Ak\u00e1r Androidon, iPhone-on vagy PC-n, a kiemelt alkalmaz\u00e1sok t\u00f6bb platformon is m\u0171k\u00f6dnek.<\/p>\n\n\n\n<p>Ez rugalmass\u00e1got \u00e9s nagyobb es\u00e9lyt jelent a fel\u00e9p\u00fcl\u00e9s sikeress\u00e9g\u00e9re.<\/p>\n\n\n\n<h3 class=\"wp-block-heading\">K\u00fcl\u00f6nb\u00f6z\u0151 t\u00edpus\u00fa f\u00e1jlok helyre\u00e1ll\u00edt\u00e1sa<\/h3>\n\n\n\n<p>Nemcsak a f\u00e9nyk\u00e9pek, hanem a vide\u00f3k \u00e9s m\u00e1s dokumentumok is helyre\u00e1ll\u00edthat\u00f3k. Ide\u00e1lis azokra az esetekre, amikor az eszk\u00f6z t\u00f6rl\u00e9se \u201et\u00fal radik\u00e1lis\u201d volt.<\/p>\n\n\n\n<h3 class=\"wp-block-heading\">Ingyenes \u00e9s fizet\u0151s lehet\u0151s\u00e9gek<\/h3>\n\n\n\n<p>Ak\u00e1r p\u00e9nzt szeretn\u00e9l megtakar\u00edtani, ak\u00e1r egy kicsit fejlettebb funkci\u00f3kba fektetni, ezek az alkalmaz\u00e1sok minden k\u00f6lts\u00e9gvet\u00e9shez illeszked\u0151 lehet\u0151s\u00e9geket k\u00edn\u00e1lnak.<\/p>\n\n\n\n<h2 class=\"wp-block-heading\">Aj\u00e1nlott alkalmaz\u00e1sok<\/h2>\n\n\n\n<p>Most pedig vizsg\u00e1ljuk meg a piacon el\u00e9rhet\u0151 legjobb lehet\u0151s\u00e9geket a f\u00e9nyk\u00e9pek helyre\u00e1ll\u00edt\u00e1s\u00e1ra.<\/p>\n\n\n\n<p>Ezek az alkalmaz\u00e1sok n\u00e9pszer\u0171ek, \u00e9s vil\u00e1gszerte t\u00f6bb ezer embernek seg\u00edtettek.<\/p>\n\n\n\n<h3 class=\"wp-block-heading\"><strong>Google Fot\u00f3k<\/strong><\/h3>\n\n\n\n<p>Lehet, hogy m\u00e1r telep\u00edtve van a Google Fot\u00f3k, \u00e9s m\u00e9g csak nem is tud a helyre\u00e1ll\u00edt\u00e1si funkci\u00f3r\u00f3l.<\/p>\n\n\n\n<p>Az alkalmaz\u00e1s a felh\u0151be menti a fot\u00f3idat, ami nagyon hasznos azok sz\u00e1m\u00e1ra, akik gyakran v\u00e9letlen\u00fcl t\u00f6r\u00f6lnek f\u00e1jlokat!<\/p>\n\n\n\n<h4 class=\"wp-block-heading\">F\u0151 funkci\u00f3k:<\/h4>\n\n\n\n<ul class=\"wp-block-list\">\n<li><strong>Automatikus szemetes<\/strong>A t\u00f6r\u00f6lt fot\u00f3k legfeljebb 30 napig maradnak a kuk\u00e1ban.<\/li>\n\n\n\n<li><strong>Intelligens keres\u00e9s<\/strong>: Keressen f\u00e9nyk\u00e9peket kulcsszavak, p\u00e9ld\u00e1ul \u201estrand\u201d vagy \u201ecsal\u00e1d\u201d alapj\u00e1n.<\/li>\n\n\n\n<li><strong>Automatikus szinkroniz\u00e1l\u00e1s<\/strong>A fot\u00f3id mindig biztons\u00e1gban vannak a felh\u0151ben.<\/li>\n<\/ul>\n\n\n\n<p><strong>Felhaszn\u00e1l\u00f3i \u00e9rt\u00e9kel\u00e9s:<\/strong> A Play \u00c1ruh\u00e1zban a Google Fot\u00f3k \u00e1tlagos \u00e9rt\u00e9kel\u00e9se 4,5 csillag, dics\u00e9rettel a k\u00f6nny\u0171 haszn\u00e1lhat\u00f3s\u00e1g\u00e1\u00e9rt \u00e9s a f\u00e1jlbiztons\u00e1g\u00e1\u00e9rt.<\/p>\n\n\n\n<h3 class=\"wp-block-heading\"><strong>Dropbox<\/strong><\/h3>\n\n\n\n<p>A felh\u0151alap\u00fa t\u00e1rhelyen t\u00fal a Dropbox seg\u00edt a t\u00f6r\u00f6lt f\u00e9nyk\u00e9pek vissza\u00e1ll\u00edt\u00e1s\u00e1ban is.<\/p>\n\n\n\n<h4 class=\"wp-block-heading\">F\u0151 funkci\u00f3k:<\/h4>\n\n\n\n<ul class=\"wp-block-list\">\n<li><strong>F\u00e1jlel\u0151zm\u00e9nyek<\/strong>A t\u00f6r\u00f6lt f\u00e1jlokat ak\u00e1r 30 napig (pr\u00e9mium csomagok eset\u00e9n hosszabb ideig) vissza\u00e1ll\u00edthatja.<\/li>\n\n\n\n<li><strong>Platformf\u00fcggetlen szinkroniz\u00e1ci\u00f3<\/strong>: Fot\u00f3idhoz b\u00e1rmilyen eszk\u00f6zr\u0151l hozz\u00e1f\u00e9rhetsz.<\/li>\n\n\n\n<li><strong>Gyakorlati szervez\u00e9s<\/strong>: Mapp\u00e1k l\u00e9trehoz\u00e1sa \u00e9s a f\u00e9nyk\u00e9pek egyszer\u0171 kategoriz\u00e1l\u00e1sa.<\/li>\n<\/ul>\n\n\n\n<p><strong>Felhaszn\u00e1l\u00f3i \u00e9rt\u00e9kel\u00e9s:<\/strong> A Google Playen a Dropbox magas \u00e9rt\u00e9kel\u00e9st kapott, \u00e1tlagosan 4,3 csillagos \u00e9rt\u00e9kel\u00e9ssel. A felhaszn\u00e1l\u00f3k dics\u00e9rik az alkalmaz\u00e1s megb\u00edzhat\u00f3s\u00e1g\u00e1t.<\/p>\n\n\n\n<h3 class=\"wp-block-heading\"><strong>Amazon fot\u00f3k<\/strong><\/h3>\n\n\n\n<p>Az Amazon Prime el\u0151fizet\u0151k sz\u00e1m\u00e1ra az Amazon Photos nagyszer\u0171 plusz el\u0151nyt jelent. Korl\u00e1tlan sz\u00e1m\u00fa fot\u00f3t menthetnek \u00e9s h\u00edvhatnak le.<\/p>\n\n\n\n<h4 class=\"wp-block-heading\">F\u0151 funkci\u00f3k:<\/h4>\n\n\n\n<ul class=\"wp-block-list\">\n<li><strong>Korl\u00e1tlan fot\u00f3t\u00e1rhely<\/strong>: T\u00f6k\u00e9letes azoknak, akik sok fot\u00f3t k\u00e9sz\u00edtenek, \u00e9s nyugalomra, csendre v\u00e1gynak.<\/li>\n\n\n\n<li><strong>Alexa kompatibilit\u00e1s<\/strong>\u00c9ld \u00e1t \u00fajra eml\u00e9keidet Echo Show eszk\u00f6z\u00f6k\u00f6n.<\/li>\n\n\n\n<li><strong>Fejlett biztons\u00e1g<\/strong>: A f\u00e9nyk\u00e9peidet a legmodernebb technol\u00f3gi\u00e1val v\u00e9dj\u00fck.<\/li>\n<\/ul>\n\n\n\n<p><strong>Felhaszn\u00e1l\u00f3i \u00e9rt\u00e9kel\u00e9s:<\/strong> Az alkalmaz\u00e1st az App Store-ban 4,6 csillaggal dics\u00e9rik, f\u0151k\u00e9nt a korl\u00e1tlan t\u00e1rhelye miatt.<\/p>\n\n\n<div class=\"wp-block-image\">\n<figure class=\"aligncenter size-full\"><img loading=\"lazy\" decoding=\"async\" width=\"550\" height=\"350\" src=\"http:\/\/universofamilia.com\/wp-content\/uploads\/sites\/148\/2024\/12\/DESTAQUE-UNIVERSO-550-x-350-16.jpg\" alt=\"\" class=\"wp-image-7811\" srcset=\"https:\/\/universofamilia.com\/wp-content\/uploads\/sites\/148\/2024\/12\/DESTAQUE-UNIVERSO-550-x-350-16.jpg 550w, https:\/\/universofamilia.com\/wp-content\/uploads\/sites\/148\/2024\/12\/DESTAQUE-UNIVERSO-550-x-350-16-300x191.jpg 300w\" sizes=\"(max-width: 550px) 100vw, 550px\" \/><figcaption class=\"wp-element-caption\">Hogyan lehet vissza\u00e1ll\u00edtani a f\u00e9nyk\u00e9peket ezekkel az alkalmaz\u00e1sokkal<\/figcaption><\/figure><\/div>\n\n\n<h2 class=\"wp-block-heading\">Mit mondanak a felhaszn\u00e1l\u00f3k?<\/h2>\n\n\n\n<p>Val\u00f3di v\u00e9lem\u00e9nyeket gy\u0171jt\u00f6tt\u00fcnk olyan emberekt\u0151l, akik naponta haszn\u00e1lj\u00e1k ezeket az alkalmaz\u00e1sokat. \u00cdme n\u00e9h\u00e1ny:<\/p>\n\n\n\n<ul class=\"wp-block-list\">\n<li><strong>Google Fot\u00f3k:<\/strong> \u201eOlyan fot\u00f3kat siker\u00fclt visszaszereznem, amiket azt hittem, \u00f6r\u00f6kre elveszettnek tal\u00e1ltam! Nagyon k\u00f6nny\u0171 haszn\u00e1lni.\u201d \u2013 Clara, 42.<\/li>\n\n\n\n<li><strong>Dropbox:<\/strong> \u201eT\u00f6k\u00e9letes azoknak, akik nagy f\u00e1jlokkal dolgoznak, \u00e9s rendszerez\u00e9sre van sz\u00fcks\u00e9g\u00fck.\u201d \u2013 Ricardo, 35.<\/li>\n\n\n\n<li><strong>Amazon fot\u00f3k:<\/strong> \u201eIm\u00e1dtam a korl\u00e1tlan t\u00e1rhelyet. Soha t\u00f6bb\u00e9 nem agg\u00f3dtam amiatt, hogy elvesz\u00edtem a fot\u00f3imat.\u201d \u2013 Helena, 38.<\/li>\n<\/ul>\n\n\n\n<h2 class=\"wp-block-heading\">K\u00f6vetkeztet\u00e9s<\/h2>\n\n\n\n<p>A t\u00f6r\u00f6lt fot\u00f3k helyre\u00e1ll\u00edt\u00e1s\u00e1nak nem kell bonyolult feladatnak lennie.<\/p>\n\n\n\n<p>Az olyan alkalmaz\u00e1sokkal, mint a Google Fot\u00f3k, a Dropbox \u00e9s az Amazon Fot\u00f3k, biztons\u00e1gos \u00e9s hat\u00e9kony megold\u00e1sok \u00e1llnak rendelkez\u00e9sedre.<\/p>\n\n\n\n<p>Teh\u00e1t, legk\u00f6zelebb, amikor elvesz\u00edtesz egy k\u00fcl\u00f6nleges eml\u00e9ket, tudod, hol keresd.<\/p>\n\n\n\n<p>Nos, mit sz\u00f3ln\u00e1l, ha megosztan\u00e1d ezt a cikket a bar\u00e1taiddal \u00e9s a csal\u00e1doddal, akiknek sz\u00fcks\u00e9g\u00fck lehet ezekre a tippekre?<\/p>\n\n\n\n<p>V\u00e9g\u00fcl is mindenkinek joga van visszanyerni a legszebb eml\u00e9keit.<\/p>\n\n\n\n<h3 class=\"wp-block-heading\"><strong>Let\u00f6lt\u00e9si linkek<\/strong>:<\/h3>\n\n\n\n<ul class=\"wp-block-list\">\n<li><a href=\"https:\/\/play.google.com\/store\/apps\/details?id=com.google.android.apps.photos&amp;hl=pt_BR&amp;gl=US\">Google Fot\u00f3k<\/a><\/li>\n\n\n\n<li><a href=\"https:\/\/www.dropbox.com\/pt_BR\/\">Dropbox<\/a><\/li>\n\n\n\n<li><a href=\"https:\/\/www.amazon.com\/b\/?node=13234696011&amp;ref_=ap_phc_unrec\">Amazon fot\u00f3k<\/a><\/li>\n<\/ul>\n\n\n\n<h2 class=\"wp-block-heading\">Gyakran ism\u00e9telt k\u00e9rd\u00e9sek a fot\u00f3-helyre\u00e1ll\u00edt\u00f3 alkalmaz\u00e1sokkal kapcsolatban<\/h2>\n\n\n\n<h3 class=\"wp-block-heading\">Hogyan m\u0171k\u00f6dik a Google Fot\u00f3k a t\u00f6r\u00f6lt fot\u00f3k vissza\u00e1ll\u00edt\u00e1s\u00e1hoz?<\/h3>\n\n\n\n<p>A Google Fot\u00f3k a felh\u0151be menti a k\u00e9peidet \u00e9s vide\u00f3idat, \u00edgy k\u00f6nnyen vissza\u00e1ll\u00edthatod \u0151ket. A t\u00f6r\u00f6lt fot\u00f3k a Kuk\u00e1ba ker\u00fclnek, ahol ak\u00e1r 30 napig is meg\u0151rz\u0151dnek, miel\u0151tt v\u00e9glegesen t\u00f6rl\u0151dn\u00e9nek. A vissza\u00e1ll\u00edt\u00e1sukhoz egyszer\u0171en l\u00e9pj a \u201eKuka\u201d r\u00e9szre, v\u00e1laszd ki a k\u00edv\u00e1nt fot\u00f3kat, \u00e9s \u00e1ll\u00edtsd vissza \u0151ket.<\/p>\n\n\n\n<h3 class=\"wp-block-heading\">Mit tegyek, ha a fot\u00f3im nem jelennek meg a Google Fot\u00f3kban?<\/h3>\n\n\n\n<p>Ha nem tal\u00e1lod a fot\u00f3idat a Google Fot\u00f3kban, ellen\u0151rizd, hogy enged\u00e9lyezve van-e az automatikus szinkroniz\u00e1l\u00e1s az eszk\u00f6z\u00f6d\u00f6n. Azt is ellen\u0151rizheted, hogy haszn\u00e1lt\u00e1l-e m\u00e1sik Google-fi\u00f3kot. Ha nem tal\u00e1lod \u0151ket, lehet, hogy v\u00e9glegesen t\u00f6r\u00f6lt\u00e9k \u0151ket, vagy soha nem t\u00f6lt\u00f6tt\u00e9k fel \u0151ket a felh\u0151alap\u00fa t\u00e1rhelyre.<\/p>\n\n\n\n<h3 class=\"wp-block-heading\">A Dropbox lehet\u0151v\u00e9 teszi a 30 napn\u00e1l r\u00e9gebben t\u00f6r\u00f6lt f\u00e1jlok vissza\u00e1ll\u00edt\u00e1s\u00e1t?<\/h3>\n\n\n\n<p>Az ingyenes alapcsomagban a Dropbox lehet\u0151v\u00e9 teszi a t\u00f6r\u00f6lt f\u00e1jlok 30 napon bel\u00fcli helyre\u00e1ll\u00edt\u00e1s\u00e1t. Ha azonban pr\u00e9mium csomaggal, p\u00e9ld\u00e1ul Dropbox Plus vagy Dropbox Professional rendelkezik, ez az id\u0151szak 180 napra hosszabbodik. A f\u00e1jlok helyre\u00e1ll\u00edt\u00e1s\u00e1hoz l\u00e9pjen a F\u00e1jlel\u0151zm\u00e9nyek men\u00fcpontra az alkalmaz\u00e1sban vagy a weben.<\/p>\n\n\n\n<h3 class=\"wp-block-heading\">Mennyire biztons\u00e1gos az Amazon Photos haszn\u00e1lata f\u00e9nyk\u00e9pek ment\u00e9s\u00e9re \u00e9s visszakeres\u00e9s\u00e9re?<\/h3>\n\n\n\n<p>Az Amazon Photos fejlett titkos\u00edt\u00e1si technol\u00f3gi\u00e1t haszn\u00e1l a f\u00e1jljaid v\u00e9delm\u00e9re, \u00edgy rendk\u00edv\u00fcl biztons\u00e1gos. Ezenk\u00edv\u00fcl, ha Amazon Prime tag vagy, korl\u00e1tlan sz\u00e1m\u00fa fot\u00f3t\u00e1rhelyet \u00e9lvezhetsz an\u00e9lk\u00fcl, hogy agg\u00f3dnod kellene az elveszt\u00e9s\u00fck miatt. Ez a szolg\u00e1ltat\u00e1s automatikus rendszerez\u00e9st \u00e9s egy \u00fajrahasznos\u00edt\u00f3 t\u00e1rol\u00f3t is k\u00edn\u00e1l a helyre\u00e1ll\u00edt\u00e1shoz.<\/p>\n\n\n\n<h3 class=\"wp-block-heading\">Haszn\u00e1lhatom ezeket az alkalmaz\u00e1sokat mobileszk\u00f6z\u00f6k\u00f6n \u00e9s sz\u00e1m\u00edt\u00f3g\u00e9peken?<\/h3>\n\n\n\n<p>Igen, a Google Fot\u00f3k, a Dropbox \u00e9s az Amazon Fot\u00f3k t\u00f6bb platformon is el\u00e9rhet\u0151k. Ez azt jelenti, hogy telefonodr\u00f3l, t\u00e1blag\u00e9pedr\u0151l vagy sz\u00e1m\u00edt\u00f3g\u00e9pedr\u0151l is el\u00e9rheted \u0151ket. A f\u00e1jlok szinkroniz\u00e1l\u00e1s\u00e1hoz csak gy\u0151z\u0151dj meg r\u00f3la, hogy minden eszk\u00f6z\u00f6d\u00f6n ugyanazzal a fi\u00f3kkal vagy bejelentkezve.<\/p>\n\n\n\n<h3 class=\"wp-block-heading\">Melyek a f\u0151bb k\u00fcl\u00f6nbs\u00e9gek a Dropbox \u00e9s a Google Fot\u00f3k k\u00f6z\u00f6tt?<\/h3>\n\n\n\n<p>A Google Fot\u00f3k els\u0151sorban f\u00e9nyk\u00e9pek \u00e9s vide\u00f3k t\u00e1rol\u00e1s\u00e1ra k\u00e9sz\u00fclt, olyan fejlett eszk\u00f6z\u00f6ket k\u00edn\u00e1lva, mint az intelligens keres\u00e9s \u00e9s az automatikus felh\u0151alap\u00fa t\u00e1rol\u00e1s. A Dropbox ezzel szemben sokoldal\u00fabb, lehet\u0151v\u00e9 t\u00e9ve a f\u00e9nyk\u00e9pek \u00e9s vide\u00f3k mellett a f\u00e1jlok, p\u00e9ld\u00e1ul dokumentumok \u00e9s zen\u00e9k sz\u00e9les sk\u00e1l\u00e1j\u00e1nak t\u00e1rol\u00e1s\u00e1t. A v\u00e1laszt\u00e1s az \u00d6n konkr\u00e9t ig\u00e9nyeit\u0151l f\u00fcgg.<\/p>\n\n\n\n<h3 class=\"wp-block-heading\">Mi t\u00f6rt\u00e9nik, ha v\u00e9letlen\u00fcl t\u00f6r\u00f6l\u00f6k fot\u00f3kat az Amazon Photos-ban?<\/h3>\n\n\n\n<p>Ha t\u00f6r\u00f6lsz fot\u00f3kat az Amazon Photosban, azok a kuk\u00e1ba ker\u00fclnek, ahol 30 napig maradnak, miel\u0151tt v\u00e9glegesen t\u00f6rl\u0151dn\u00e9nek. Ez id\u0151 alatt k\u00f6zvetlen\u00fcl az alkalmaz\u00e1sb\u00f3l vagy a webes verzi\u00f3b\u00f3l vissza\u00e1ll\u00edthatod \u0151ket. A hat\u00e1rid\u0151 el\u0151tt mindenk\u00e9ppen ellen\u0151rizd a kuk\u00e1t.<\/p>\n\n\n\n<h3 class=\"wp-block-heading\">Kell fizetni ezeknek az alkalmaz\u00e1soknak a haszn\u00e1lat\u00e1\u00e9rt?<\/h3>\n\n\n\n<p>A Google Fot\u00f3k \u00e9s a Dropbox ingyenes, t\u00e1rhelykorl\u00e1toz\u00e1ssal rendelkez\u0151 lehet\u0151s\u00e9geket k\u00edn\u00e1l. A Google Fot\u00f3k 15 GB ingyenes t\u00e1rhelyet k\u00edn\u00e1l, amelyet m\u00e1s Google-szolg\u00e1ltat\u00e1sokkal megosztva kapsz, m\u00edg a Dropbox 2 GB-ot k\u00edn\u00e1l az ingyenes csomagj\u00e1ban. Az Amazon Fot\u00f3k ingyenesek az Amazon Prime tagjai sz\u00e1m\u00e1ra, korl\u00e1tlan fot\u00f3t\u00e1rhellyel. Ha t\u00f6bb t\u00e1rhelyre vagy speci\u00e1lis funkci\u00f3kra van sz\u00fcks\u00e9ged, friss\u00edthetsz fizet\u0151s csomagokra.<\/p>","protected":false},"excerpt":{"rendered":"<p>Veled is megt\u00f6rt\u00e9nt m\u00e1r ez? Mit szeretn\u00e9l el\u0151sz\u00f6r csin\u00e1lni? Olvass tov\u00e1bb! Az a p\u00e1nik pillanata, amikor r\u00e1j\u00f6ssz, hogy v\u00e9letlen\u00fcl t\u00f6r\u00f6lt\u00e9l fot\u00f3kat egy utaz\u00e1sr\u00f3l vagy egy k\u00fcl\u00f6nleges alkalomr\u00f3l. Szerencs\u00e9re vannak egyszer\u0171 \u00e9s hat\u00e9kony megold\u00e1sok erre. Ma megmutatom, hogyan \u00e1ll\u00edthatod vissza az elveszett fot\u00f3kat hihetetlen, egyszer\u0171 \u00e9s [\u2026]<\/p>","protected":false},"author":0,"featured_media":7811,"comment_status":"closed","ping_status":"open","sticky":false,"template":"","format":"standard","meta":{"footnotes":""},"categories":[2],"tags":[190,699,872,1374,1395],"yoast_head":"<!-- This site is optimized with the Yoast SEO plugin v23.3 - https:\/\/yoast.com\/wordpress\/plugins\/seo\/ -->\n<title>C\u00f3mo Recuperar Fotos con Estas Aplicaciones - Universo Fam\u00edlia<\/title>\n<meta name=\"description\" content=\"C\u00f3mo Recuperar Fotos con Estas Aplicaciones. Ese momento de p\u00e1nico cuando te das cuenta de que borraste, sin querer, las fotos de un viaje...\" \/>\n<meta name=\"robots\" content=\"index, follow, max-snippet:-1, max-image-preview:large, max-video-preview:-1\" \/>\n<link rel=\"canonical\" href=\"https:\/\/universofamilia.com\/hu\/como-recuperar-fotos-con-estas-aplicaciones\/\" \/>\n<meta property=\"og:locale\" content=\"hu_HU\" \/>\n<meta property=\"og:type\" content=\"article\" \/>\n<meta property=\"og:title\" content=\"C\u00f3mo Recuperar Fotos con Estas Aplicaciones - Universo Fam\u00edlia\" \/>\n<meta property=\"og:description\" content=\"C\u00f3mo Recuperar Fotos con Estas Aplicaciones. Ese momento de p\u00e1nico cuando te das cuenta de que borraste, sin querer, las fotos de un viaje...\" \/>\n<meta property=\"og:url\" content=\"https:\/\/universofamilia.com\/hu\/como-recuperar-fotos-con-estas-aplicaciones\/\" \/>\n<meta property=\"og:site_name\" content=\"Universo Fam\u00edlia\" \/>\n<meta property=\"article:published_time\" content=\"2024-12-20T14:30:54+00:00\" \/>\n<meta property=\"og:image\" content=\"https:\/\/universofamilia.com\/wp-content\/uploads\/sites\/148\/2024\/12\/DESTAQUE-UNIVERSO-550-x-350-16.jpg\" \/>\n\t<meta property=\"og:image:width\" content=\"550\" \/>\n\t<meta property=\"og:image:height\" content=\"350\" \/>\n\t<meta property=\"og:image:type\" content=\"image\/jpeg\" \/>\n<meta name=\"twitter:card\" content=\"summary_large_image\" \/>\n<meta name=\"twitter:label1\" content=\"Est. reading time\" \/>\n\t<meta name=\"twitter:data1\" content=\"8 perc\" \/>\n<script type=\"application\/ld+json\" class=\"yoast-schema-graph\">{\"@context\":\"https:\/\/schema.org\",\"@graph\":[{\"@type\":\"WebPage\",\"@id\":\"https:\/\/universofamilia.com\/ko\/como-recuperar-fotos-con-estas-aplicaciones\/\",\"url\":\"https:\/\/universofamilia.com\/ko\/como-recuperar-fotos-con-estas-aplicaciones\/\",\"name\":\"C\u00f3mo Recuperar Fotos con Estas Aplicaciones - Universo Fam\u00edlia\",\"isPartOf\":{\"@id\":\"https:\/\/universofamilia.com\/el\/#website\"},\"primaryImageOfPage\":{\"@id\":\"https:\/\/universofamilia.com\/ko\/como-recuperar-fotos-con-estas-aplicaciones\/#primaryimage\"},\"image\":{\"@id\":\"https:\/\/universofamilia.com\/ko\/como-recuperar-fotos-con-estas-aplicaciones\/#primaryimage\"},\"thumbnailUrl\":\"https:\/\/universofamilia.com\/wp-content\/uploads\/sites\/148\/2024\/12\/DESTAQUE-UNIVERSO-550-x-350-16.jpg\",\"datePublished\":\"2024-12-20T14:30:54+00:00\",\"dateModified\":\"2024-12-20T14:30:54+00:00\",\"author\":{\"@id\":\"\"},\"description\":\"C\u00f3mo Recuperar Fotos con Estas Aplicaciones. Ese momento de p\u00e1nico cuando te das cuenta de que borraste, sin querer, las fotos de un viaje...\",\"breadcrumb\":{\"@id\":\"https:\/\/universofamilia.com\/ko\/como-recuperar-fotos-con-estas-aplicaciones\/#breadcrumb\"},\"inLanguage\":\"hu\",\"potentialAction\":[{\"@type\":\"ReadAction\",\"target\":[\"https:\/\/universofamilia.com\/ko\/como-recuperar-fotos-con-estas-aplicaciones\/\"]}]},{\"@type\":\"ImageObject\",\"inLanguage\":\"hu\",\"@id\":\"https:\/\/universofamilia.com\/ko\/como-recuperar-fotos-con-estas-aplicaciones\/#primaryimage\",\"url\":\"https:\/\/universofamilia.com\/wp-content\/uploads\/sites\/148\/2024\/12\/DESTAQUE-UNIVERSO-550-x-350-16.jpg\",\"contentUrl\":\"https:\/\/universofamilia.com\/wp-content\/uploads\/sites\/148\/2024\/12\/DESTAQUE-UNIVERSO-550-x-350-16.jpg\",\"width\":550,\"height\":350,\"caption\":\"C\u00f3mo Recuperar Fotos con Estas Aplicaciones\"},{\"@type\":\"BreadcrumbList\",\"@id\":\"https:\/\/universofamilia.com\/ko\/como-recuperar-fotos-con-estas-aplicaciones\/#breadcrumb\",\"itemListElement\":[{\"@type\":\"ListItem\",\"position\":1,\"name\":\"Home\",\"item\":\"https:\/\/universofamilia.com\/el\/\"},{\"@type\":\"ListItem\",\"position\":2,\"name\":\"C\u00f3mo Recuperar Fotos con Estas Aplicaciones\"}]},{\"@type\":\"WebSite\",\"@id\":\"https:\/\/universofamilia.com\/el\/#website\",\"url\":\"https:\/\/universofamilia.com\/el\/\",\"name\":\"Universo Fam\u00edlia\",\"description\":\"\",\"potentialAction\":[{\"@type\":\"SearchAction\",\"target\":{\"@type\":\"EntryPoint\",\"urlTemplate\":\"https:\/\/universofamilia.com\/el\/?s={search_term_string}\"},\"query-input\":\"required name=search_term_string\"}],\"inLanguage\":\"hu\"}]}<\/script>\n<!-- \/ Yoast SEO plugin. -->","yoast_head_json":{"title":"C\u00f3mo Recuperar Fotos con Estas Aplicaciones - Universo Fam\u00edlia","description":"C\u00f3mo Recuperar Fotos con Estas Aplicaciones. Ese momento de p\u00e1nico cuando te das cuenta de que borraste, sin querer, las fotos de un viaje...","robots":{"index":"index","follow":"follow","max-snippet":"max-snippet:-1","max-image-preview":"max-image-preview:large","max-video-preview":"max-video-preview:-1"},"canonical":"https:\/\/universofamilia.com\/hu\/como-recuperar-fotos-con-estas-aplicaciones\/","og_locale":"hu_HU","og_type":"article","og_title":"C\u00f3mo Recuperar Fotos con Estas Aplicaciones - Universo Fam\u00edlia","og_description":"C\u00f3mo Recuperar Fotos con Estas Aplicaciones. Ese momento de p\u00e1nico cuando te das cuenta de que borraste, sin querer, las fotos de un viaje...","og_url":"https:\/\/universofamilia.com\/hu\/como-recuperar-fotos-con-estas-aplicaciones\/","og_site_name":"Universo Fam\u00edlia","article_published_time":"2024-12-20T14:30:54+00:00","og_image":[{"width":550,"height":350,"url":"https:\/\/universofamilia.com\/wp-content\/uploads\/sites\/148\/2024\/12\/DESTAQUE-UNIVERSO-550-x-350-16.jpg","type":"image\/jpeg"}],"twitter_card":"summary_large_image","twitter_misc":{"Est. reading time":"8 perc"},"schema":{"@context":"https:\/\/schema.org","@graph":[{"@type":"WebPage","@id":"https:\/\/universofamilia.com\/ko\/como-recuperar-fotos-con-estas-aplicaciones\/","url":"https:\/\/universofamilia.com\/ko\/como-recuperar-fotos-con-estas-aplicaciones\/","name":"C\u00f3mo Recuperar Fotos con Estas Aplicaciones - Universo Fam\u00edlia","isPartOf":{"@id":"https:\/\/universofamilia.com\/el\/#website"},"primaryImageOfPage":{"@id":"https:\/\/universofamilia.com\/ko\/como-recuperar-fotos-con-estas-aplicaciones\/#primaryimage"},"image":{"@id":"https:\/\/universofamilia.com\/ko\/como-recuperar-fotos-con-estas-aplicaciones\/#primaryimage"},"thumbnailUrl":"https:\/\/universofamilia.com\/wp-content\/uploads\/sites\/148\/2024\/12\/DESTAQUE-UNIVERSO-550-x-350-16.jpg","datePublished":"2024-12-20T14:30:54+00:00","dateModified":"2024-12-20T14:30:54+00:00","author":{"@id":""},"description":"C\u00f3mo Recuperar Fotos con Estas Aplicaciones. Ese momento de p\u00e1nico cuando te das cuenta de que borraste, sin querer, las fotos de un viaje...","breadcrumb":{"@id":"https:\/\/universofamilia.com\/ko\/como-recuperar-fotos-con-estas-aplicaciones\/#breadcrumb"},"inLanguage":"hu","potentialAction":[{"@type":"ReadAction","target":["https:\/\/universofamilia.com\/ko\/como-recuperar-fotos-con-estas-aplicaciones\/"]}]},{"@type":"ImageObject","inLanguage":"hu","@id":"https:\/\/universofamilia.com\/ko\/como-recuperar-fotos-con-estas-aplicaciones\/#primaryimage","url":"https:\/\/universofamilia.com\/wp-content\/uploads\/sites\/148\/2024\/12\/DESTAQUE-UNIVERSO-550-x-350-16.jpg","contentUrl":"https:\/\/universofamilia.com\/wp-content\/uploads\/sites\/148\/2024\/12\/DESTAQUE-UNIVERSO-550-x-350-16.jpg","width":550,"height":350,"caption":"C\u00f3mo Recuperar Fotos con Estas Aplicaciones"},{"@type":"BreadcrumbList","@id":"https:\/\/universofamilia.com\/ko\/como-recuperar-fotos-con-estas-aplicaciones\/#breadcrumb","itemListElement":[{"@type":"ListItem","position":1,"name":"Home","item":"https:\/\/universofamilia.com\/el\/"},{"@type":"ListItem","position":2,"name":"C\u00f3mo Recuperar Fotos con Estas Aplicaciones"}]},{"@type":"WebSite","@id":"https:\/\/universofamilia.com\/el\/#website","url":"https:\/\/universofamilia.com\/el\/","name":"Universo Fam\u00edlia","description":"","potentialAction":[{"@type":"SearchAction","target":{"@type":"EntryPoint","urlTemplate":"https:\/\/universofamilia.com\/el\/?s={search_term_string}"},"query-input":"required name=search_term_string"}],"inLanguage":"hu"}]}},"_links":{"self":[{"href":"https:\/\/universofamilia.com\/hu\/wp-json\/wp\/v2\/posts\/7809"}],"collection":[{"href":"https:\/\/universofamilia.com\/hu\/wp-json\/wp\/v2\/posts"}],"about":[{"href":"https:\/\/universofamilia.com\/hu\/wp-json\/wp\/v2\/types\/post"}],"replies":[{"embeddable":true,"href":"https:\/\/universofamilia.com\/hu\/wp-json\/wp\/v2\/comments?post=7809"}],"version-history":[{"count":0,"href":"https:\/\/universofamilia.com\/hu\/wp-json\/wp\/v2\/posts\/7809\/revisions"}],"wp:featuredmedia":[{"embeddable":true,"href":"https:\/\/universofamilia.com\/hu\/wp-json\/wp\/v2\/media\/7811"}],"wp:attachment":[{"href":"https:\/\/universofamilia.com\/hu\/wp-json\/wp\/v2\/media?parent=7809"}],"wp:term":[{"taxonomy":"category","embeddable":true,"href":"https:\/\/universofamilia.com\/hu\/wp-json\/wp\/v2\/categories?post=7809"},{"taxonomy":"post_tag","embeddable":true,"href":"https:\/\/universofamilia.com\/hu\/wp-json\/wp\/v2\/tags?post=7809"}],"curies":[{"name":"wp","href":"https:\/\/api.w.org\/{rel}","templated":true}]}}