{"id":7810,"date":"2024-12-20T11:43:17","date_gmt":"2024-12-20T14:43:17","guid":{"rendered":"https:\/\/universofamilia.com\/?p=7810"},"modified":"2024-12-20T11:43:17","modified_gmt":"2024-12-20T14:43:17","slug":"como-recuperar-fotos-eliminadas","status":"publish","type":"post","link":"https:\/\/universofamilia.com\/hu\/como-recuperar-fotos-eliminadas\/","title":{"rendered":"\ud83d\udd0d Hogyan lehet vissza\u00e1ll\u00edtani a t\u00f6r\u00f6lt fot\u00f3kat \ud83c\udf10"},"content":{"rendered":"<p>Veled is megt\u00f6rt\u00e9nt m\u00e1r?<\/p>\n\n\n\n<hr class=\"wp-block-separator has-text-color has-luminous-vivid-orange-color has-alpha-channel-opacity has-luminous-vivid-orange-background-color has-background is-style-wide\"\/>\n\n\n\n<h4 class=\"wp-block-heading has-text-align-center\">Mit szeretn\u00e9l el\u0151sz\u00f6r csin\u00e1lni?<\/h4>\n\n\n\n<div class=\"wp-block-buttons is-content-justification-center is-layout-flex wp-container-core-buttons-layout-1 wp-block-buttons-is-layout-flex\">\n<div class=\"wp-block-button has-custom-width wp-block-button__width-100 is-style-outline\" style=\"text-decoration:none\"><a class=\"wp-block-button__link has-white-color has-vivid-cyan-blue-background-color has-text-color has-background has-link-color has-text-align-left wp-element-button\" href=\"https:\/\/universofamilia.com\/hu\/6744\/restaurar-fotos-usando-el-celular\/\" style=\"border-radius:10px\">Fot\u00f3k vissza\u00e1ll\u00edt\u00e1sa mobiltelefonnal \u27a1\ufe0f<\/a><\/div>\n<\/div>\n\n\n\n<div class=\"wp-block-buttons is-content-justification-center is-layout-flex wp-container-core-buttons-layout-2 wp-block-buttons-is-layout-flex\">\n<div class=\"wp-block-button has-custom-width wp-block-button__width-100 is-style-outline\" style=\"text-decoration:none\"><a class=\"wp-block-button__link has-white-color has-vivid-cyan-blue-background-color has-text-color has-background has-link-color has-text-align-left wp-element-button\" href=\"https:\/\/universofamilia.com\/hu\/6739\/encontrar-fotos-ocultas-en-el-celular\/\" style=\"border-radius:10px\">Rejtett fot\u00f3k keres\u00e9se a mobiltelefonodon \u27a1\ufe0f<\/a><\/div>\n<\/div>\n\n\n\n<div class=\"wp-block-buttons is-content-justification-center is-layout-flex wp-container-core-buttons-layout-3 wp-block-buttons-is-layout-flex\">\n<div class=\"wp-block-button has-custom-width wp-block-button__width-100 is-style-outline\" style=\"text-decoration:none\"><a class=\"wp-block-button__link has-white-color has-vivid-cyan-blue-background-color has-text-color has-background has-link-color has-text-align-left wp-element-button\" href=\"https:\/\/universofamilia.com\/hu\/6733\/recuperar-cualquier-archivo-digital-eliminado\/\" style=\"border-radius:10px\">T\u00f6r\u00f6lt digit\u00e1lis f\u00e1jlok helyre\u00e1ll\u00edt\u00e1sa \u27a1\ufe0f<\/a><\/div>\n<\/div>\n\n\n\n<p class=\"has-text-align-right\"><em><strong><em><strong><em><strong><em><strong><em><strong>Olvass tov\u00e1bb!<\/strong><\/em><\/strong><\/em><\/strong><\/em><\/strong><\/em><\/strong><\/em><\/p>\n\n\n\n<hr class=\"wp-block-separator has-text-color has-luminous-vivid-orange-color has-alpha-channel-opacity has-luminous-vivid-orange-background-color has-background is-style-wide\"\/>\n\n\n\n<p><\/p>\n\n\n\n<p>Az a pillanat, amikor v\u00e9letlen\u00fcl let\u00f6r\u00f6lsz egy fontos fot\u00f3t a telefonodr\u00f3l vagy a sz\u00e1m\u00edt\u00f3g\u00e9pedr\u0151l.<\/p>\n\n\n\n<p>Tal\u00e1n egy k\u00fcl\u00f6nleges eml\u00e9kt\u00e1rgy egy utaz\u00e1sr\u00f3l, egy kellemes bejelentkez\u00e9s a bar\u00e1tokkal, vagy ak\u00e1r egy fontos dokumentum.<\/p>\n\n\n\n<p>\ud83c\udf89 A j\u00f3 h\u00edr az, hogy sok esetben ezek a fot\u00f3k nem vesznek el \u00f6r\u00f6kre!<\/p>\n\n\n\n<p>L\u00e9teznek el\u00e9rhet\u0151 megold\u00e1sok a t\u00f6r\u00f6lt fot\u00f3k helyre\u00e1ll\u00edt\u00e1s\u00e1ra, \u00e9s err\u0151l fogunk ma besz\u00e9lni. \ud83d\ude80<\/p>\n\n\n\n<p>Ebben a cikkben gyakorlati tippeket osztok meg, \u00e9s bemutatok h\u00e1rom nagyszer\u0171 alkalmaz\u00e1st, amelyek \u00e9letment\u0151ek lehetnek a f\u00e9nyk\u00e9pek vissza\u00e1ll\u00edt\u00e1s\u00e1ban: a Google Fot\u00f3k, a Dropbox \u00e9s az Amazon Fot\u00f3k.<\/p>\n\n\n\n<p>Vizsg\u00e1ljuk meg egy\u00fctt a funkci\u00f3kat, az el\u0151ny\u00f6ket \u00e9s azt, hogy mindegyik hogyan seg\u00edthet.<\/p>\n\n\n\n<p>\u2728 V\u00e9g\u00fcl is egy fontos fot\u00f3 elveszt\u00e9se nem a vil\u00e1g v\u00e9ge.<\/p>\n\n\n\n<h4 class=\"wp-block-heading has-text-align-center\">Van b\u00e1rmilyen k\u00e9rd\u00e9se?<\/h4>\n\n\n\n<div class=\"wp-block-buttons is-content-justification-center is-layout-flex wp-container-core-buttons-layout-4 wp-block-buttons-is-layout-flex\">\n<div class=\"wp-block-button has-custom-width wp-block-button__width-100 has-custom-font-size is-style-outline has-large-font-size\" style=\"text-decoration:none\"><a class=\"wp-block-button__link has-white-color has-vivid-purple-background-color has-text-color has-background has-link-color has-border-color has-ast-global-color-5-border-color has-text-align-center wp-element-button\" href=\"https:\/\/www.messenger.com\/login.php?next=https%3A%2F%2Fwww.messenger.com%2Ft%2F110263563681990%2F%3Fref%3Dw30174560--utm_campaign%253D%257B%257Badset.id%257D%257D%26messaging_source%3Dsource%253Apages%253Amessage_shortlink%26source_id%3D1441792%26recurring_notification%3D0\" style=\"border-radius:6px\">\ud83d\udcac Besz\u00e9lj\u00fcnk! \ud83d\udc69\u200d\ud83e\uddb0\u200d\ud83c\udfa7<\/a><\/div>\n<\/div>\n\n\n\n<p class=\"has-text-align-right\"><em><strong>\u00c1tir\u00e1ny\u00edtunk egy m\u00e1sik webhelyre<\/strong><\/em><\/p>\n\n\n\n<hr class=\"wp-block-separator alignfull has-text-color has-alpha-channel-opacity has-background is-style-wide\" style=\"background-color:#006196;color:#006196\"\/>\n\n\n\n<p><\/p>\n\n\n\n<h2 class=\"wp-block-heading\">\u2728 Hogyan lehet vissza\u00e1ll\u00edtani a t\u00f6r\u00f6lt fot\u00f3kat \ud83d\udd0d<\/h2>\n\n\n\n<p>El\u0151sz\u00f6r is fontos meg\u00e9rteni, hogy nem minden t\u00f6r\u00f6lt fot\u00f3 t\u0171nik el azonnal az eszk\u00f6zr\u0151l.<\/p>\n\n\n\n<p>Val\u00f3j\u00e1ban sok oper\u00e1ci\u00f3s rendszer \u00e9s alkalmaz\u00e1s rendelkezik \u201ekuk\u00e1val\u201d vagy \u201e\u00fajrahasznos\u00edt\u00f3 t\u00e1rol\u00f3val\u201d, ahol a f\u00e1jlok ideiglenesen t\u00e1rol\u00f3dnak.<\/p>\n\n\n\n<p>\ud83d\udd12 \u00cdme a kezdeti l\u00e9p\u00e9sek, amelyeket k\u00f6vethetsz:<\/p>\n\n\n\n<ol class=\"wp-block-list\">\n<li><strong>Ellen\u0151rizd az eszk\u00f6z kuk\u00e1j\u00e1t:<\/strong> Okostelefonon nyisd meg a Gal\u00e9ria vagy a Fot\u00f3k alkalmaz\u00e1st, \u00e9s keresd meg a \u201eT\u00f6r\u00f6lt elemek\u201d vagy a \u201eKuka\u201d opci\u00f3t. Sz\u00e1m\u00edt\u00f3g\u00e9pen ellen\u0151rizd a Lomt\u00e1rat.<\/li>\n\n\n\n<li><strong>Felh\u0151szinkroniz\u00e1l\u00e1s:<\/strong> Ha olyan szolg\u00e1ltat\u00e1sokat haszn\u00e1lsz, mint a Google Fot\u00f3k, a Dropbox vagy az Amazon Fot\u00f3k, akkor a fot\u00f3id a felh\u0151ben t\u00e1rol\u00f3dhatnak, m\u00e9g akkor is, ha helyben t\u00f6r\u00f6lt\u00e9k \u0151ket.<\/li>\n\n\n\n<li><strong>Helyre\u00e1ll\u00edt\u00f3 alkalmaz\u00e1sok:<\/strong> Ha a fenti megold\u00e1sok nem m\u0171k\u00f6dnek, speci\u00e1lis alkalmaz\u00e1sok \u00e1tvizsg\u00e1lhatj\u00e1k az eszk\u00f6zt a t\u00f6r\u00f6lt f\u00e1jlok ut\u00e1n.<\/li>\n<\/ol>\n\n\n\n<p>Most pedig fedezz\u00fck fel ezen alkalmaz\u00e1sok el\u0151nyeit \u00e9s azt, hogy hogyan seg\u00edthetnek \u00d6nnek. \ud83c\udf81<\/p>\n\n\n\n<h2 class=\"wp-block-heading\">\ud83c\udf10 A fot\u00f3-helyre\u00e1ll\u00edt\u00f3 alkalmaz\u00e1sok el\u0151nyei \ud83d\udd0d<\/h2>\n\n\n\n<p>A t\u00f6r\u00f6lt f\u00e9nyk\u00e9pek helyre\u00e1ll\u00edt\u00e1s\u00e1ra szolg\u00e1l\u00f3 dedik\u00e1lt alkalmaz\u00e1s haszn\u00e1lata sz\u00e1mos el\u0151nnyel j\u00e1r.<\/p>\n\n\n\n<p>\u00cdme n\u00e9h\u00e1ny a f\u0151bb el\u0151ny\u00f6k k\u00f6z\u00fcl: \u2728<\/p>\n\n\n\n<h3 class=\"wp-block-heading\">1. <strong>Gyors \u00e9s egyszer\u0171 fel\u00e9p\u00fcl\u00e9s<\/strong><\/h3>\n\n\n\n<p>N\u00e9h\u00e1ny kattint\u00e1ssal vissza\u00e1ll\u00edthatod azokat a fot\u00f3kat, amelyeket \u00f6r\u00f6kre elveszettnek hitt\u00e9l.<\/p>\n\n\n\n<p>Ezek az alkalmaz\u00e1sok intuit\u00edv m\u00f3don haszn\u00e1lhat\u00f3k, m\u00e9g azok sz\u00e1m\u00e1ra is, akik nem igaz\u00e1n j\u00e1rtasak a technol\u00f3gi\u00e1ban. \ud83d\ude80<\/p>\n\n\n\n<h3 class=\"wp-block-heading\">2. <strong>Kijelz\u0151 funkci\u00f3<\/strong><\/h3>\n\n\n\n<p>Sok alkalmaz\u00e1s lehet\u0151v\u00e9 teszi a f\u00e9nyk\u00e9pek el\u0151n\u00e9zet\u00e9t a vissza\u00e1ll\u00edt\u00e1s el\u0151tt, ami nagyszer\u0171 annak biztos\u00edt\u00e1s\u00e1ra, hogy csak azokat a r\u00e9szeket \u00e1ll\u00edtsd vissza, amelyekre val\u00f3ban sz\u00fcks\u00e9ged van. \ud83d\udd0d<\/p>\n\n\n\n<h3 class=\"wp-block-heading\">3. <strong>T\u00f6bb eszk\u00f6z t\u00e1mogat\u00e1sa<\/strong><\/h3>\n\n\n\n<p>Ak\u00e1r Androidon, iOS-en, vagy ak\u00e1r sz\u00e1m\u00edt\u00f3g\u00e9pen is, a legt\u00f6bb helyre\u00e1ll\u00edt\u00e1si alkalmaz\u00e1s t\u00f6bb platformon is m\u0171k\u00f6dik, rugalmass\u00e1got k\u00edn\u00e1lva a felhaszn\u00e1l\u00f3knak. \ud83c\udf10<\/p>\n\n\n\n<h3 class=\"wp-block-heading\">4. <strong>K\u00fcl\u00f6nb\u00f6z\u0151 t\u00edpus\u00fa f\u00e1jlok helyre\u00e1ll\u00edt\u00e1sa<\/strong><\/h3>\n\n\n\n<p>A f\u00e9nyk\u00e9pek mellett ezek k\u00f6z\u00fcl az alkalmaz\u00e1sok k\u00f6z\u00fcl sok vide\u00f3kat \u00e9s dokumentumokat is k\u00e9pes helyre\u00e1ll\u00edtani, ami tov\u00e1bb n\u00f6veli hasznoss\u00e1gukat. \u2728<\/p>\n\n\n\n<h3 class=\"wp-block-heading\">5. <strong>Ingyenes \u00e9s fizet\u0151s lehet\u0151s\u00e9gek<\/strong><\/h3>\n\n\n\n<p>Minden k\u00f6lts\u00e9gvet\u00e9shez vannak megold\u00e1sok. M\u00edg egyes eszk\u00f6z\u00f6k ingyenes er\u0151forr\u00e1sokat k\u00edn\u00e1lnak, m\u00e1sok fizet\u0151s csomagokkal rendelkeznek tov\u00e1bbi funkci\u00f3kkal, p\u00e9ld\u00e1ul extra felh\u0151t\u00e1rhellyel. \ud83d\udd27<\/p>\n\n\n\n<h2 class=\"wp-block-heading\">\u2728 Ismerd meg az alkalmaz\u00e1sokat: Google Fot\u00f3k, Dropbox \u00e9s Amazon Fot\u00f3k \ud83d\udd0d<\/h2>\n\n\n\n<h3 class=\"wp-block-heading\"><strong>Google Fot\u00f3k<\/strong><\/h3>\n\n\n\n<p>A Google Fot\u00f3k t\u00f6bb mint egy gal\u00e9riaalkalmaz\u00e1s. Hat\u00e9kony eszk\u00f6z a f\u00e9nyk\u00e9pek rendszerez\u00e9s\u00e9re, t\u00e1rol\u00e1s\u00e1ra \u00e9s term\u00e9szetesen a helyre\u00e1ll\u00edt\u00e1s\u00e1ra.<\/p>\n\n\n\n<p>\ud83c\udf81 \u00cdme n\u00e9h\u00e1ny f\u0151bb jellemz\u0151je:<\/p>\n\n\n\n<ul class=\"wp-block-list\">\n<li><strong>Automatikus szinkroniz\u00e1l\u00e1s:<\/strong> Minden fot\u00f3d \u00e9s vide\u00f3d automatikusan a felh\u0151be ker\u00fcl, \u00edgy biztos\u00edtva a biztons\u00e1gi ment\u00e9st.<\/li>\n\n\n\n<li><strong>30 napos szem\u00e9t:<\/strong> A t\u00f6r\u00f6lt fot\u00f3k 30 napig t\u00e1rol\u00f3dnak a kuk\u00e1ban, \u00e9s ez id\u0151 alatt vissza\u00e1ll\u00edthat\u00f3k.<\/li>\n\n\n\n<li><strong>Intelligens keres\u00e9s:<\/strong> Gyorsan megtal\u00e1lhatod a fot\u00f3kat a tartalomhoz kapcsol\u00f3d\u00f3 kulcsszavak, p\u00e9ld\u00e1ul a \u201estrand\u201d vagy a \u201esz\u00fclet\u00e9snap\u201d haszn\u00e1lat\u00e1val.<\/li>\n<\/ul>\n\n\n\n<p>A let\u00f6lt\u00e9shez l\u00e1togasson el ide: <a href=\"https:\/\/play.google.com\/store\/apps\/details?id=com.google.android.apps.photos&amp;hl=pt_BR&amp;gl=US\">hivatalos Google Fot\u00f3k weboldal<\/a>. \ud83d\udd17<\/p>\n\n\n\n<h3 class=\"wp-block-heading\"><strong>Dropbox<\/strong><\/h3>\n\n\n\n<p>A Dropbox, amelyet eredetileg f\u00e1jlt\u00e1rol\u00f3 szolg\u00e1ltat\u00e1sk\u00e9nt ismertek, nagyszer\u0171 lehet\u0151s\u00e9g a f\u00e9nyk\u00e9pek helyre\u00e1ll\u00edt\u00e1s\u00e1ra is. \ud83d\ude80<\/p>\n\n\n\n<ul class=\"wp-block-list\">\n<li><strong>F\u00e1jlel\u0151zm\u00e9nyek:<\/strong> A t\u00f6r\u00f6lt f\u00e1jlok 30 napon bel\u00fcl (vagy hosszabb id\u0151n bel\u00fcl, a csomagt\u00f3l f\u00fcgg\u0151en) vissza\u00e1ll\u00edthat\u00f3k.<\/li>\n\n\n\n<li><strong>Val\u00f3s idej\u0171 szinkroniz\u00e1l\u00e1s:<\/strong> A Dropboxba k\u00fcld\u00f6tt fot\u00f3k automatikusan ment\u00e9sre ker\u00fclnek a felh\u0151be.<\/li>\n\n\n\n<li><strong>Integr\u00e1ci\u00f3 m\u00e1s alkalmaz\u00e1sokkal:<\/strong> Z\u00f6kken\u0151mentesen m\u0171k\u00f6dik m\u00e1s termel\u00e9kenys\u00e9gi alkalmaz\u00e1sokkal, \u00edgy a k\u00e9pek megoszt\u00e1sa egyszer\u0171.<\/li>\n<\/ul>\n\n\n\n<p>Az alkalmaz\u00e1st let\u00f6ltheted a k\u00f6vetkez\u0151 c\u00edmen: <a href=\"https:\/\/www.dropbox.com\/pt_BR\/\">Dropbox hivatalos weboldala<\/a>. \ud83d\udd17<\/p>\n\n\n\n<h3 class=\"wp-block-heading\"><strong>Amazon fot\u00f3k<\/strong><\/h3>\n\n\n\n<p>Az Amazon Photos egy hihetetlen alternat\u00edva azok sz\u00e1m\u00e1ra, akik a biztons\u00e1gra \u00e9s a rendszerez\u00e9sre \u00f6sszpontos\u00edt\u00f3 t\u00e1rhelyszolg\u00e1ltat\u00e1st keresnek. \ud83c\udf81<\/p>\n\n\n\n<ul class=\"wp-block-list\">\n<li><strong>Korl\u00e1tlan t\u00e1rhely (Prime el\u0151fizet\u0151knek):<\/strong> Az Amazon Prime tagjai korl\u00e1tlan fot\u00f3t\u00e1rhelyhez f\u00e9rhetnek hozz\u00e1.<\/li>\n\n\n\n<li><strong>F\u00e1jl-helyre\u00e1ll\u00edt\u00e1s:<\/strong> A t\u00f6r\u00f6lt fot\u00f3k 30 napon bel\u00fcl vissza\u00e1ll\u00edthat\u00f3k.<\/li>\n\n\n\n<li><strong>Automatikus szervez\u00e9s:<\/strong> A f\u00e9nyk\u00e9peket a rendszer automatikusan kategoriz\u00e1lja szem\u00e9lyek, helyek \u00e9s dolgok szerint, \u00edgy k\u00f6nnyen megtal\u00e1lhat\u00f3k.<\/li>\n<\/ul>\n\n\n\n<p>Tov\u00e1bbi felfedez\u00e9shez l\u00e1togassa meg a <a href=\"https:\/\/www.amazon.com\/b\/?node=13234696011&amp;ref_=ap_phc_unrec\">Az Amazon Photos hivatalos weboldala<\/a>. \ud83d\udd17<\/p>\n\n\n<div class=\"wp-block-image\">\n<figure class=\"aligncenter size-full\"><img loading=\"lazy\" decoding=\"async\" width=\"550\" height=\"350\" src=\"http:\/\/universofamilia.com\/wp-content\/uploads\/sites\/148\/2024\/12\/DESTAQUE-UNIVERSO-550-x-350-1-9.jpg\" alt=\"\" class=\"wp-image-7813\" srcset=\"https:\/\/universofamilia.com\/wp-content\/uploads\/sites\/148\/2024\/12\/DESTAQUE-UNIVERSO-550-x-350-1-9.jpg 550w, https:\/\/universofamilia.com\/wp-content\/uploads\/sites\/148\/2024\/12\/DESTAQUE-UNIVERSO-550-x-350-1-9-300x191.jpg 300w\" sizes=\"(max-width: 550px) 100vw, 550px\" \/><figcaption class=\"wp-element-caption\">\ud83d\udd0d Hogyan lehet vissza\u00e1ll\u00edtani a t\u00f6r\u00f6lt fot\u00f3kat \ud83c\udf10<\/figcaption><\/figure><\/div>\n\n\n<h2 class=\"wp-block-heading\">\u2728 Mit mondanak a felhaszn\u00e1l\u00f3k? \ud83d\ude80<\/h2>\n\n\n\n<p>Nincs is jobb ann\u00e1l, mint hallani azokt\u00f3l, akik m\u00e1r haszn\u00e1lt\u00e1k ezeket az alkalmaz\u00e1sokat, ugye? \u00cdme n\u00e9h\u00e1ny val\u00f3di aj\u00e1nl\u00e1s a Google Play \u00e9s az Apple Store felhaszn\u00e1l\u00f3it\u00f3l: \ud83d\udd0d<\/p>\n\n\n\n<ul class=\"wp-block-list\">\n<li><strong>Google Fot\u00f3k:<\/strong> \u201eIm\u00e1dom, milyen k\u00f6nny\u0171 rendszerezni a fot\u00f3imat. M\u00e1r vissza is szereztem olyan fontos k\u00e9peket, amelyekr\u0151l azt hittem, \u00f6r\u00f6kre elvesztek!\u201d \u2013 Mar\u00eda S. \ud83c\udf81<\/li>\n\n\n\n<li><strong>Dropbox:<\/strong> \u201e\u00c9vek \u00f3ta haszn\u00e1lom a Dropboxot, \u00e9s mindig megment. A helyre\u00e1ll\u00edt\u00e1si lehet\u0151s\u00e9gek fantasztikusak!\u201d \u2013 Juan M. \ud83c\udf10<\/li>\n\n\n\n<li><strong>Amazon fot\u00f3k:<\/strong> \u201eA korl\u00e1tlan t\u00e1rhely hatalmas el\u0151ny. Prime-el\u0151fizet\u0151k\u00e9nt ez a legjobb \u00e1r-\u00e9rt\u00e9k ar\u00e1ny, amit valaha tal\u00e1ltam.\u201d \u2013 Ana P. \ud83d\udd27<\/li>\n<\/ul>\n\n\n\n<h2 class=\"wp-block-heading\">\ud83c\udf10 Konkl\u00fazi\u00f3 \ud83d\ude80<\/h2>\n\n\n\n<p>A fontos f\u00e9nyk\u00e9pek elveszt\u00e9se frusztr\u00e1l\u00f3 \u00e9lm\u00e9ny lehet, de szerencs\u00e9re vannak megold\u00e1sok.<\/p>\n\n\n\n<p>Ak\u00e1r a Google Fot\u00f3kon, a Dropboxon vagy az Amazon Fot\u00f3kon kereszt\u00fcl, a t\u00f6r\u00f6lt k\u00e9pek vissza\u00e1ll\u00edt\u00e1sa m\u00e9g soha nem volt ilyen egyszer\u0171. \u2728<\/p>\n\n\n\n<p>Most, hogy m\u00e1r tudod, hogyan m\u0171k\u00f6dnek ezek az alkalmaz\u00e1sok \u00e9s milyen el\u0151nyeik vannak, mit sz\u00f3ln\u00e1l, ha megosztan\u00e1d ezt a cikket bar\u00e1taiddal vagy csal\u00e1doddal, akiknek sz\u00fcks\u00e9g\u00fck lehet ezekre a tippekre?<\/p>\n\n\n\n<p>V\u00e9g\u00fcl is sosem tudhatjuk, mikor j\u00f6het j\u00f3l ez az inform\u00e1ci\u00f3. \ud83d\udd0d<\/p>\n\n\n\n<p>Rem\u00e9lem, ez az \u00fatmutat\u00f3 seg\u00edtett megoldani a probl\u00e9m\u00e1dat.<\/p>\n\n\n\n<p>Ha b\u00e1rmilyen tov\u00e1bbi k\u00e9rd\u00e9se vagy javaslata van, k\u00e9rj\u00fck, hagyjon megjegyz\u00e9st al\u00e1bb. Sok sikert a fot\u00f3k helyre\u00e1ll\u00edt\u00e1s\u00e1hoz! \ud83c\udf81<\/p>","protected":false},"excerpt":{"rendered":"<p>Veled is t\u00f6rt\u00e9nt m\u00e1r ilyen? Mit szeretn\u00e9l el\u0151sz\u00f6r csin\u00e1lni? Olvass tov\u00e1bb! Abban a pillanatban, amikor v\u00e9letlen\u00fcl t\u00f6r\u00f6lsz egy fontos fot\u00f3t a telefonodr\u00f3l vagy a sz\u00e1m\u00edt\u00f3g\u00e9pedr\u0151l. Tal\u00e1n egy k\u00fcl\u00f6nleges eml\u00e9ket egy utaz\u00e1sr\u00f3l, egy kellemes bejelentkez\u00e9st a bar\u00e1tokkal, vagy ak\u00e1r egy fontos dokumentumot. \ud83c\udf89 A j\u00f3 h\u00edr az, hogy sok esetben ezek a fot\u00f3k [\u2026]<\/p>","protected":false},"author":0,"featured_media":7813,"comment_status":"closed","ping_status":"open","sticky":false,"template":"","format":"standard","meta":{"footnotes":""},"categories":[3],"tags":[190,699,872,1374,1395],"yoast_head":"<!-- This site is optimized with the Yoast SEO plugin v23.3 - https:\/\/yoast.com\/wordpress\/plugins\/seo\/ -->\n<title>\ud83d\udd0d C\u00f3mo Recuperar Fotos Eliminadas \ud83c\udf10 - Universo Fam\u00edlia<\/title>\n<meta name=\"description\" content=\"\ud83d\udd0d C\u00f3mo Recuperar Fotos Eliminadas \ud83c\udf10Ese momento en el que, sin querer, borras una foto importante de tu tel\u00e9fono o computadora....\" \/>\n<meta name=\"robots\" content=\"index, follow, max-snippet:-1, max-image-preview:large, max-video-preview:-1\" \/>\n<link rel=\"canonical\" href=\"https:\/\/universofamilia.com\/hu\/como-recuperar-fotos-eliminadas\/\" \/>\n<meta property=\"og:locale\" content=\"hu_HU\" \/>\n<meta property=\"og:type\" content=\"article\" \/>\n<meta property=\"og:title\" content=\"\ud83d\udd0d C\u00f3mo Recuperar Fotos Eliminadas \ud83c\udf10 - Universo Fam\u00edlia\" \/>\n<meta property=\"og:description\" content=\"\ud83d\udd0d C\u00f3mo Recuperar Fotos Eliminadas \ud83c\udf10Ese momento en el que, sin querer, borras una foto importante de tu tel\u00e9fono o computadora....\" \/>\n<meta property=\"og:url\" content=\"https:\/\/universofamilia.com\/hu\/como-recuperar-fotos-eliminadas\/\" \/>\n<meta property=\"og:site_name\" content=\"Universo Fam\u00edlia\" \/>\n<meta property=\"article:published_time\" content=\"2024-12-20T14:43:17+00:00\" \/>\n<meta property=\"og:image\" content=\"https:\/\/universofamilia.com\/wp-content\/uploads\/sites\/148\/2024\/12\/DESTAQUE-UNIVERSO-550-x-350-1-9.jpg\" \/>\n\t<meta property=\"og:image:width\" content=\"550\" \/>\n\t<meta property=\"og:image:height\" content=\"350\" \/>\n\t<meta property=\"og:image:type\" content=\"image\/jpeg\" \/>\n<meta name=\"twitter:card\" content=\"summary_large_image\" \/>\n<meta name=\"twitter:label1\" content=\"Est. reading time\" \/>\n\t<meta name=\"twitter:data1\" content=\"6 perc\" \/>\n<script type=\"application\/ld+json\" class=\"yoast-schema-graph\">{\"@context\":\"https:\/\/schema.org\",\"@graph\":[{\"@type\":\"WebPage\",\"@id\":\"https:\/\/universofamilia.com\/en\/como-recuperar-fotos-eliminadas\/\",\"url\":\"https:\/\/universofamilia.com\/en\/como-recuperar-fotos-eliminadas\/\",\"name\":\"\ud83d\udd0d C\u00f3mo Recuperar Fotos Eliminadas \ud83c\udf10 - Universo Fam\u00edlia\",\"isPartOf\":{\"@id\":\"https:\/\/universofamilia.com\/el\/#website\"},\"primaryImageOfPage\":{\"@id\":\"https:\/\/universofamilia.com\/en\/como-recuperar-fotos-eliminadas\/#primaryimage\"},\"image\":{\"@id\":\"https:\/\/universofamilia.com\/en\/como-recuperar-fotos-eliminadas\/#primaryimage\"},\"thumbnailUrl\":\"https:\/\/universofamilia.com\/wp-content\/uploads\/sites\/148\/2024\/12\/DESTAQUE-UNIVERSO-550-x-350-1-9.jpg\",\"datePublished\":\"2024-12-20T14:43:17+00:00\",\"dateModified\":\"2024-12-20T14:43:17+00:00\",\"author\":{\"@id\":\"\"},\"description\":\"\ud83d\udd0d C\u00f3mo Recuperar Fotos Eliminadas \ud83c\udf10Ese momento en el que, sin querer, borras una foto importante de tu tel\u00e9fono o computadora....\",\"breadcrumb\":{\"@id\":\"https:\/\/universofamilia.com\/en\/como-recuperar-fotos-eliminadas\/#breadcrumb\"},\"inLanguage\":\"hu\",\"potentialAction\":[{\"@type\":\"ReadAction\",\"target\":[\"https:\/\/universofamilia.com\/en\/como-recuperar-fotos-eliminadas\/\"]}]},{\"@type\":\"ImageObject\",\"inLanguage\":\"hu\",\"@id\":\"https:\/\/universofamilia.com\/en\/como-recuperar-fotos-eliminadas\/#primaryimage\",\"url\":\"https:\/\/universofamilia.com\/wp-content\/uploads\/sites\/148\/2024\/12\/DESTAQUE-UNIVERSO-550-x-350-1-9.jpg\",\"contentUrl\":\"https:\/\/universofamilia.com\/wp-content\/uploads\/sites\/148\/2024\/12\/DESTAQUE-UNIVERSO-550-x-350-1-9.jpg\",\"width\":550,\"height\":350,\"caption\":\"\ud83d\udd0d C\u00f3mo Recuperar Fotos Eliminadas \ud83c\udf10\"},{\"@type\":\"BreadcrumbList\",\"@id\":\"https:\/\/universofamilia.com\/en\/como-recuperar-fotos-eliminadas\/#breadcrumb\",\"itemListElement\":[{\"@type\":\"ListItem\",\"position\":1,\"name\":\"Home\",\"item\":\"https:\/\/universofamilia.com\/el\/\"},{\"@type\":\"ListItem\",\"position\":2,\"name\":\"\ud83d\udd0d C\u00f3mo Recuperar Fotos Eliminadas \ud83c\udf10\"}]},{\"@type\":\"WebSite\",\"@id\":\"https:\/\/universofamilia.com\/el\/#website\",\"url\":\"https:\/\/universofamilia.com\/el\/\",\"name\":\"Universo Fam\u00edlia\",\"description\":\"\",\"potentialAction\":[{\"@type\":\"SearchAction\",\"target\":{\"@type\":\"EntryPoint\",\"urlTemplate\":\"https:\/\/universofamilia.com\/el\/?s={search_term_string}\"},\"query-input\":\"required name=search_term_string\"}],\"inLanguage\":\"hu\"}]}<\/script>\n<!-- \/ Yoast SEO plugin. -->","yoast_head_json":{"title":"\ud83d\udd0d C\u00f3mo Recuperar Fotos Eliminadas \ud83c\udf10 - Universo Fam\u00edlia","description":"\ud83d\udd0d C\u00f3mo Recuperar Fotos Eliminadas \ud83c\udf10Ese momento en el que, sin querer, borras una foto importante de tu tel\u00e9fono o computadora....","robots":{"index":"index","follow":"follow","max-snippet":"max-snippet:-1","max-image-preview":"max-image-preview:large","max-video-preview":"max-video-preview:-1"},"canonical":"https:\/\/universofamilia.com\/hu\/como-recuperar-fotos-eliminadas\/","og_locale":"hu_HU","og_type":"article","og_title":"\ud83d\udd0d C\u00f3mo Recuperar Fotos Eliminadas \ud83c\udf10 - Universo Fam\u00edlia","og_description":"\ud83d\udd0d C\u00f3mo Recuperar Fotos Eliminadas \ud83c\udf10Ese momento en el que, sin querer, borras una foto importante de tu tel\u00e9fono o computadora....","og_url":"https:\/\/universofamilia.com\/hu\/como-recuperar-fotos-eliminadas\/","og_site_name":"Universo Fam\u00edlia","article_published_time":"2024-12-20T14:43:17+00:00","og_image":[{"width":550,"height":350,"url":"https:\/\/universofamilia.com\/wp-content\/uploads\/sites\/148\/2024\/12\/DESTAQUE-UNIVERSO-550-x-350-1-9.jpg","type":"image\/jpeg"}],"twitter_card":"summary_large_image","twitter_misc":{"Est. reading time":"6 perc"},"schema":{"@context":"https:\/\/schema.org","@graph":[{"@type":"WebPage","@id":"https:\/\/universofamilia.com\/en\/como-recuperar-fotos-eliminadas\/","url":"https:\/\/universofamilia.com\/en\/como-recuperar-fotos-eliminadas\/","name":"\ud83d\udd0d C\u00f3mo Recuperar Fotos Eliminadas \ud83c\udf10 - Universo Fam\u00edlia","isPartOf":{"@id":"https:\/\/universofamilia.com\/el\/#website"},"primaryImageOfPage":{"@id":"https:\/\/universofamilia.com\/en\/como-recuperar-fotos-eliminadas\/#primaryimage"},"image":{"@id":"https:\/\/universofamilia.com\/en\/como-recuperar-fotos-eliminadas\/#primaryimage"},"thumbnailUrl":"https:\/\/universofamilia.com\/wp-content\/uploads\/sites\/148\/2024\/12\/DESTAQUE-UNIVERSO-550-x-350-1-9.jpg","datePublished":"2024-12-20T14:43:17+00:00","dateModified":"2024-12-20T14:43:17+00:00","author":{"@id":""},"description":"\ud83d\udd0d C\u00f3mo Recuperar Fotos Eliminadas \ud83c\udf10Ese momento en el que, sin querer, borras una foto importante de tu tel\u00e9fono o computadora....","breadcrumb":{"@id":"https:\/\/universofamilia.com\/en\/como-recuperar-fotos-eliminadas\/#breadcrumb"},"inLanguage":"hu","potentialAction":[{"@type":"ReadAction","target":["https:\/\/universofamilia.com\/en\/como-recuperar-fotos-eliminadas\/"]}]},{"@type":"ImageObject","inLanguage":"hu","@id":"https:\/\/universofamilia.com\/en\/como-recuperar-fotos-eliminadas\/#primaryimage","url":"https:\/\/universofamilia.com\/wp-content\/uploads\/sites\/148\/2024\/12\/DESTAQUE-UNIVERSO-550-x-350-1-9.jpg","contentUrl":"https:\/\/universofamilia.com\/wp-content\/uploads\/sites\/148\/2024\/12\/DESTAQUE-UNIVERSO-550-x-350-1-9.jpg","width":550,"height":350,"caption":"\ud83d\udd0d C\u00f3mo Recuperar Fotos Eliminadas \ud83c\udf10"},{"@type":"BreadcrumbList","@id":"https:\/\/universofamilia.com\/en\/como-recuperar-fotos-eliminadas\/#breadcrumb","itemListElement":[{"@type":"ListItem","position":1,"name":"Home","item":"https:\/\/universofamilia.com\/el\/"},{"@type":"ListItem","position":2,"name":"\ud83d\udd0d C\u00f3mo Recuperar Fotos Eliminadas \ud83c\udf10"}]},{"@type":"WebSite","@id":"https:\/\/universofamilia.com\/el\/#website","url":"https:\/\/universofamilia.com\/el\/","name":"Universo Fam\u00edlia","description":"","potentialAction":[{"@type":"SearchAction","target":{"@type":"EntryPoint","urlTemplate":"https:\/\/universofamilia.com\/el\/?s={search_term_string}"},"query-input":"required name=search_term_string"}],"inLanguage":"hu"}]}},"_links":{"self":[{"href":"https:\/\/universofamilia.com\/hu\/wp-json\/wp\/v2\/posts\/7810"}],"collection":[{"href":"https:\/\/universofamilia.com\/hu\/wp-json\/wp\/v2\/posts"}],"about":[{"href":"https:\/\/universofamilia.com\/hu\/wp-json\/wp\/v2\/types\/post"}],"replies":[{"embeddable":true,"href":"https:\/\/universofamilia.com\/hu\/wp-json\/wp\/v2\/comments?post=7810"}],"version-history":[{"count":0,"href":"https:\/\/universofamilia.com\/hu\/wp-json\/wp\/v2\/posts\/7810\/revisions"}],"wp:featuredmedia":[{"embeddable":true,"href":"https:\/\/universofamilia.com\/hu\/wp-json\/wp\/v2\/media\/7813"}],"wp:attachment":[{"href":"https:\/\/universofamilia.com\/hu\/wp-json\/wp\/v2\/media?parent=7810"}],"wp:term":[{"taxonomy":"category","embeddable":true,"href":"https:\/\/universofamilia.com\/hu\/wp-json\/wp\/v2\/categories?post=7810"},{"taxonomy":"post_tag","embeddable":true,"href":"https:\/\/universofamilia.com\/hu\/wp-json\/wp\/v2\/tags?post=7810"}],"curies":[{"name":"wp","href":"https:\/\/api.w.org\/{rel}","templated":true}]}}