{"id":7853,"date":"2024-12-22T11:43:46","date_gmt":"2024-12-22T14:43:46","guid":{"rendered":"https:\/\/universofamilia.com\/?p=7853"},"modified":"2025-11-20T22:40:46","modified_gmt":"2025-11-21T01:40:46","slug":"optimiza-la-bateria-de-tu-celular-facilmente","status":"publish","type":"post","link":"https:\/\/universofamilia.com\/hu\/optimiza-la-bateria-de-tu-celular-facilmente\/","title":{"rendered":"Optimaliz\u00e1ld a mobiltelefonod akkumul\u00e1tor\u00e1t egyszer\u0171en"},"content":{"rendered":"<p>Fedezd fel, hogyan hosszabb\u00edthatod meg egyszer\u0171en mobiltelefonod akkumul\u00e1tor\u00e1nak \u00e9lettartam\u00e1t.\ud83d\udcaa <\/p>\n\n\n\n<h4 class=\"wp-block-heading has-text-align-center\">Mit szeretn\u00e9l el\u0151sz\u00f6r csin\u00e1lni?<\/h4>\n\n\n\n<div class=\"wp-block-buttons is-content-justification-center is-layout-flex wp-container-core-buttons-layout-1 wp-block-buttons-is-layout-flex\">\n<div class=\"wp-block-button has-custom-width wp-block-button__width-100 is-style-outline\" style=\"text-decoration:none\"><a class=\"wp-block-button__link has-white-color has-vivid-cyan-blue-background-color has-text-color has-background has-link-color has-text-align-left wp-element-button\" href=\"https:\/\/universofamilia.com\/hu\/7745\/curso-de-soldador-descubre-las-mejores-aplicaciones\/\" style=\"border-radius:10px\">Hegeszt\u0151 tanfolyam: Fedezd fel a legjobb alkalmaz\u00e1sokat \u27a1\ufe0f<\/a><\/div>\n<\/div>\n\n\n\n<div class=\"wp-block-buttons is-content-justification-center is-layout-flex wp-container-core-buttons-layout-2 wp-block-buttons-is-layout-flex\">\n<div class=\"wp-block-button has-custom-width wp-block-button__width-100 is-style-outline\" style=\"text-decoration:none\"><a class=\"wp-block-button__link has-white-color has-vivid-cyan-blue-background-color has-text-color has-background has-link-color has-text-align-left wp-element-button\" href=\"https:\/\/universofamilia.com\/hu\/7802\/aprende-a-tocar-la-trompeta-facilmente\/\" style=\"border-radius:10px\">Tanulj meg k\u00f6nnyed\u00e9n trombit\u00e1n j\u00e1tszani \u27a1\ufe0f<\/a><\/div>\n<\/div>\n\n\n\n<div class=\"wp-block-buttons is-content-justification-center is-layout-flex wp-container-core-buttons-layout-3 wp-block-buttons-is-layout-flex\">\n<div class=\"wp-block-button has-custom-width wp-block-button__width-100 is-style-outline\" style=\"text-decoration:none\"><a class=\"wp-block-button__link has-white-color has-vivid-cyan-blue-background-color has-text-color has-background has-link-color has-text-align-left wp-element-button\" href=\"https:\/\/universofamilia.com\/hu\/7815\/aplicaciones-para-encontrar-el-amor\/\" style=\"border-radius:10px\">Alkalmaz\u00e1sok a szerelem megtal\u00e1l\u00e1s\u00e1hoz \u27a1\ufe0f<\/a><\/div>\n<\/div>\n\n\n\n<p class=\"has-text-align-right\"><em><strong><em><strong><em><strong><em><strong><em><strong>Olvass tov\u00e1bb!<\/strong><\/em><\/strong><\/em><\/strong><\/em><\/strong><\/em><\/strong><\/em><\/p>\n\n\n\n<hr class=\"wp-block-separator has-text-color has-luminous-vivid-orange-color has-alpha-channel-opacity has-luminous-vivid-orange-background-color has-background is-style-wide\" \/>\n\n\n\n<p><\/p>\n\n\n\n<p>\ud83d\udcaa A mobiltelefon akkumul\u00e1tor\u00e1nak optim\u00e1lis \u00fczemidej\u00e9nek meg\u0151rz\u00e9se gyakori probl\u00e9ma.<\/p>\n\n\n\n<p>Ki ne ker\u00fclt volna m\u00e1r v\u00e9szhelyzetbe, amikor az utols\u00f3 5%-ben villogott az akkumul\u00e1tor?<\/p>\n\n\n\n<p>Ez nem csak kellemetlen; frusztr\u00e1l\u00f3 is.<\/p>\n\n\n\n<p>Ebben a cikkben megmutatjuk, hogyan optimaliz\u00e1lhatod egyszer\u0171en a telefonod akkumul\u00e1tor\u00e1t, tippekkel \u00e9s alkalmaz\u00e1sokkal, amelyek \u00e1talak\u00edtj\u00e1k az \u00e9lm\u00e9nyt. \ud83c\udf1f<\/p>\n\n\n\n<h3 class=\"wp-block-heading\">A legt\u00f6bb akkumul\u00e1tort fogyaszt\u00f3 alkalmaz\u00e1sok<\/h3>\n\n\n\n<p>Tudtad, hogy egyes alkalmaz\u00e1sok igazi akkumul\u00e1tor-gonosztev\u0151k?<\/p>\n\n\n\n<p>\ud83d\udeab A k\u00f6z\u00f6ss\u00e9gi m\u00e9dia platformok, mint az Instagram \u00e9s a TikTok vezetik a list\u00e1t, \u0151ket k\u00f6vetik a streaming alkalmaz\u00e1sok, mint a Netflix \u00e9s a Spotify.<\/p>\n\n\n\n<h4 class=\"wp-block-heading has-text-align-center\">Van b\u00e1rmilyen k\u00e9rd\u00e9se?<\/h4>\n\n\n\n<div class=\"wp-block-buttons is-content-justification-center is-layout-flex wp-container-core-buttons-layout-4 wp-block-buttons-is-layout-flex\">\n<div class=\"wp-block-button has-custom-width wp-block-button__width-100 has-custom-font-size is-style-outline has-large-font-size\" style=\"text-decoration:none\"><a class=\"wp-block-button__link has-white-color has-vivid-purple-background-color has-text-color has-background has-link-color has-border-color has-ast-global-color-5-border-color has-text-align-center wp-element-button\" href=\"https:\/\/www.messenger.com\/login.php?next=https%3A%2F%2Fwww.messenger.com%2Ft%2F110263563681990%2F%3Fref%3Dw30174560--utm_campaign%253D%257B%257Badset.id%257D%257D%26messaging_source%3Dsource%253Apages%253Amessage_shortlink%26source_id%3D1441792%26recurring_notification%3D0\" style=\"border-radius:6px\">\ud83d\udcac Besz\u00e9lj\u00fcnk! \ud83d\udc69\u200d\ud83e\uddb0\u200d\ud83c\udfa7<\/a><\/div>\n<\/div>\n\n\n\n<p class=\"has-text-align-right\"><em><strong>\u00c1tir\u00e1ny\u00edtunk egy m\u00e1sik webhelyre<\/strong><\/em><\/p>\n\n\n\n<hr class=\"wp-block-separator alignfull has-text-color has-alpha-channel-opacity has-background is-style-wide\" style=\"background-color:#006196;color:#006196\" \/>\n\n\n\n<p><\/p>\n\n\n\n<p>Ezek az alkalmaz\u00e1sok gyakran a h\u00e1tt\u00e9rben futnak, \u00e9s akkor is energi\u00e1t fogyasztanak, ha \u00e9ppen nem haszn\u00e1ljuk \u0151ket.<\/p>\n\n\n\n<p>Egy m\u00e1sik nagy b\u0171n\u00f6s a Google T\u00e9rk\u00e9p, amely folyamatosan GPS-t haszn\u00e1l. \ud83c\udf0d<\/p>\n\n\n\n<p>A j\u00f3 h\u00edr az, hogy vannak m\u00f3dok ennek szab\u00e1lyoz\u00e1s\u00e1ra. A h\u00e1tt\u00e9renged\u00e9lyek letilt\u00e1sa \u00e9s a be\u00e1ll\u00edt\u00e1sok m\u00f3dos\u00edt\u00e1sa m\u00e1r \u00f6nmag\u00e1ban is nagy k\u00fcl\u00f6nbs\u00e9get jelent.<\/p>\n\n\n\n<p>De azok sz\u00e1m\u00e1ra, akik a praktikumot keresik, az akkumul\u00e1tor \u00e9lettartam\u00e1nak optimaliz\u00e1l\u00e1s\u00e1ra szolg\u00e1l\u00f3 speci\u00e1lis alkalmaz\u00e1sok haszn\u00e1lata m\u00e9g hat\u00e9konyabb megold\u00e1s. \ud83d\udee0<\/p>\n\n\n\n<h3 class=\"wp-block-heading\">Mi\u00e9rt \u00e9rdemes optimaliz\u00e1lni a mobiltelefon akkumul\u00e1tor\u00e1t?<\/h3>\n\n\n\n<p>\ud83d\ude80 A kellemetlen helyzetek elker\u00fcl\u00e9se mellett az akkumul\u00e1tor optimaliz\u00e1l\u00e1sa olyan el\u0151ny\u00f6kkel is j\u00e1r, amelyek t\u00falmutatnak az akkumul\u00e1tor \u00e9lettartam\u00e1n.<\/p>\n\n\n\n<p>A j\u00f3 energiagazd\u00e1lkod\u00e1ssal rendelkez\u0151 mobiltelefonok \u00e9lettartama is hosszabb.<\/p>\n\n\n\n<p>Ez az\u00e9rt van, mert az akkumul\u00e1tor \u00e1lland\u00f3 elhaszn\u00e1l\u00f3d\u00e1sa cs\u00f6kken, \u00edgy a k\u00e9sz\u00fcl\u00e9k hosszabb ideig j\u00f3 \u00e1llapotban marad.<\/p>\n\n\n\n<p>\u00c9s valljuk be: ki ne szeretne p\u00e9nzt megtakar\u00edtani, \u00e9s elker\u00fclni, hogy a v\u00e1rtn\u00e1l hamarabb kelljen \u00faj okostelefont vennie? \ud83e\udd11<\/p>\n\n\n\n<p>Tov\u00e1bbi el\u0151ny a biztons\u00e1g. Sok optimaliz\u00e1l\u00f3 alkalmaz\u00e1s seg\u00edt azonos\u00edtani a rosszindulat\u00fa alkalmaz\u00e1sokat, amelyek \u00e9szrev\u00e9tlen\u00fcl mer\u00edtik a telefonodat. \u26a1<\/p>\n\n\n\n<h3 class=\"wp-block-heading\">Az akkumul\u00e1toroptimaliz\u00e1l\u00f3 alkalmaz\u00e1s haszn\u00e1lat\u00e1nak el\u0151nyei<\/h3>\n\n\n\n<p>\ud83c\udfa9 Az akkumul\u00e1toroptimaliz\u00e1l\u00f3 alkalmaz\u00e1sok nagyszer\u0171 seg\u00edts\u00e9get ny\u00fajtanak azok sz\u00e1m\u00e1ra, akik gyors \u00e9s hat\u00e9kony megold\u00e1sokat keresnek.<\/p>\n\n\n\n<p>Ezek figyelik a legink\u00e1bb energiaig\u00e9nyes alkalmaz\u00e1sokat, seg\u00edtenek bez\u00e1rni a felesleges folyamatokat, \u00e9s r\u00e9szletes jelent\u00e9seket k\u00e9sz\u00edtenek az akkumul\u00e1torhaszn\u00e1latr\u00f3l.<\/p>\n\n\n\n<p>Ezenk\u00edv\u00fcl ezek k\u00f6z\u00fcl az alkalmaz\u00e1sok k\u00f6z\u00fcl sok tov\u00e1bbi funkci\u00f3kkal rendelkezik, p\u00e9ld\u00e1ul: \ud83d\udd39<\/p>\n\n\n\n<ul class=\"wp-block-list\">\n<li><strong>Egy\u00e9ni energiatakar\u00e9kos m\u00f3d<\/strong>: lehet\u0151v\u00e9 teszi a t\u00f6lt\u00e9s meghosszabb\u00edt\u00e1s\u00e1t c\u00e9lz\u00f3 speci\u00e1lis be\u00e1ll\u00edt\u00e1sok konfigur\u00e1l\u00e1s\u00e1t.<\/li>\n\n\n\n<li><strong>T\u00falmeleged\u00e9si riaszt\u00e1s<\/strong>: Megv\u00e9di az akkumul\u00e1tort a magas h\u0151m\u00e9rs\u00e9klet okozta k\u00e1rosod\u00e1st\u00f3l.<\/li>\n\n\n\n<li><strong>F\u00e9nyer\u0151-szab\u00e1lyoz\u00e1s<\/strong>: Automatikusan be\u00e1ll\u00edtja a k\u00e9perny\u0151 intenzit\u00e1s\u00e1t, \u00edgy energi\u00e1t takar\u00edt meg.<\/li>\n<\/ul>\n\n\n\n<h3 class=\"wp-block-heading\">Az akkumul\u00e1tor optimaliz\u00e1l\u00e1s\u00e1nak tapasztalata egy alkalmaz\u00e1ssal<\/h3>\n\n\n\n<p>Ki ne elveszett volna a bonyolult telefonbe\u00e1ll\u00edt\u00e1sok k\u00f6z\u00f6tt? \ud83d\ude44 Olyan alkalmaz\u00e1sok, mint p\u00e9ld\u00e1ul <strong>Akkumul\u00e1tor \u2013 Akkumul\u00e1tor<\/strong> mindent leegyszer\u0171s\u00edtenek.<\/p>\n\n\n\n<p>N\u00e9h\u00e1ny kattint\u00e1ssal aktiv\u00e1lhatod az energiatakar\u00e9kos m\u00f3dokat, val\u00f3s idej\u0171 haszn\u00e1latot figyelhetsz, \u00e9s m\u00f3dos\u00edthatod a be\u00e1ll\u00edt\u00e1sokat an\u00e9lk\u00fcl, hogy m\u0171szaki szak\u00e9rt\u0151nek kellene lenned. A teljes kontroll \u00e9rz\u00e9se felszabad\u00edt\u00f3. \ud83d\udc4c<\/p>\n\n\n\n<p>P\u00e9ld\u00e1ul Joana, a rendszeres felhaszn\u00e1l\u00f3ja a <strong>Akkumul\u00e1tor \u2013 Akkumul\u00e1tor<\/strong>, azt mondja, hogy a 30% seg\u00edts\u00e9g\u00e9vel siker\u00fclt n\u00f6velnie mobiltelefonja auton\u00f3mi\u00e1j\u00e1t.<\/p>\n\n\n\n<p>\u201eKor\u00e1bban nem b\u00edrtam ki egy napot teljes felt\u00f6lt\u00e9ssel. Most m\u00e1r gond n\u00e9lk\u00fcl haszn\u00e1lhatom. Olyan, mintha egy \u00faj telefonom lenne\u201d \u2013 mondja. \ud83c\udf10<\/p>\n\n\n\n<h3 class=\"wp-block-heading\">Tippek az akkumul\u00e1tor maxim\u00e1lis kihaszn\u00e1l\u00e1s\u00e1hoz<\/h3>\n\n\n\n<p>Ha azt szeretn\u00e9d, hogy az akkumul\u00e1torod tov\u00e1bb b\u00edrja, n\u00e9zd meg ezeket az egyszer\u0171 tippeket: \ud83d\udd0b<\/p>\n\n\n\n<ol class=\"wp-block-list\">\n<li><strong>Cs\u00f6kkentse a k\u00e9perny\u0151 f\u00e9nyerej\u00e9t<\/strong>: az egyik legnagyobb energiafogyaszt\u00f3.<\/li>\n\n\n\n<li><strong>Kapcsold ki a Bluetooth-t \u00e9s a Wi-Fi-t, amikor nem haszn\u00e1lod \u0151ket.<\/strong>.<\/li>\n\n\n\n<li><strong>\u00c9jszakai m\u00f3d aktiv\u00e1l\u00e1sa<\/strong>Nemcsak energi\u00e1t takar\u00edt meg, de a szem\u00e9nek is jobb.<\/li>\n\n\n\n<li><strong>H\u00e1tt\u00e9ralkalmaz\u00e1sok bez\u00e1r\u00e1sa<\/strong>.<\/li>\n\n\n\n<li><strong>Kapcsold ki a felesleges \u00e9rtes\u00edt\u00e9seket<\/strong>.<\/li>\n\n\n\n<li><strong>Friss\u00edtsd rendszeresen az alkalmaz\u00e1saidat<\/strong>Az \u00fajabb verzi\u00f3k gyakran tartalmaznak teljes\u00edtm\u00e9nyoptimaliz\u00e1l\u00e1si funkci\u00f3kat.<\/li>\n<\/ol>\n\n\n<div class=\"wp-block-image\">\n<figure class=\"aligncenter size-full\"><img loading=\"lazy\" decoding=\"async\" width=\"550\" height=\"350\" src=\"http:\/\/universofamilia.com\/wp-content\/uploads\/sites\/148\/2024\/12\/DESTAQUE-UNIVERSO-550-x-350-17.jpg\" alt=\"\" class=\"wp-image-7854\" srcset=\"https:\/\/universofamilia.com\/wp-content\/uploads\/sites\/148\/2024\/12\/DESTAQUE-UNIVERSO-550-x-350-17.jpg 550w, https:\/\/universofamilia.com\/wp-content\/uploads\/sites\/148\/2024\/12\/DESTAQUE-UNIVERSO-550-x-350-17-300x191.jpg 300w\" sizes=\"(max-width: 550px) 100vw, 550px\" \/><figcaption class=\"wp-element-caption\">Optimaliz\u00e1ld a mobiltelefonod akkumul\u00e1tor\u00e1t egyszer\u0171en<\/figcaption><\/figure><\/div>\n\n\n<h3 class=\"wp-block-heading\">A mobiltelefon akkumul\u00e1tor\u00e1nak optimaliz\u00e1l\u00e1s\u00e1nak tov\u00e1bbi el\u0151nyei<\/h3>\n\n\n\n<p>\ud83d\udd26 Tudtad, hogy az akkumul\u00e1tor optimaliz\u00e1l\u00e1sa a k\u00e9sz\u00fcl\u00e9ked teljes\u00edtm\u00e9ny\u00e9t is jav\u00edtja?<\/p>\n\n\n\n<p>Amikor kevesebb energiapazarl\u00e1s t\u00f6rt\u00e9nik, a telefon h\u0171v\u00f6sebben m\u0171k\u00f6dik, ami cs\u00f6kkenti az \u00f6sszeoml\u00e1sokat \u00e9s jav\u00edtja a feldolgoz\u00e1si sebess\u00e9get.<\/p>\n\n\n\n<p>Ez k\u00fcl\u00f6n\u00f6sen hasznos azok sz\u00e1m\u00e1ra, akik munk\u00e1ra vagy iskol\u00e1ba haszn\u00e1lj\u00e1k okostelefonjukat. \ud83c\udf93<\/p>\n\n\n\n<h3 class=\"wp-block-heading\">Mit mondanak a felhaszn\u00e1l\u00f3k?<\/h3>\n\n\n\n<p>Az alkalmaz\u00e1s <strong>Akkumul\u00e1tor \u2013 Akkumul\u00e1tor<\/strong> sok felhaszn\u00e1l\u00f3 bizalm\u00e1t elnyerte.<\/p>\n\n\n\n<p>\u2b50 A Google Playen \u00e1tlagosan 4,7 csillagos \u00e9rt\u00e9kel\u00e9st kapott, m\u00edg az App Store-ban a felhaszn\u00e1l\u00f3k az intuit\u00edv kezel\u0151fel\u00fclet\u00e9t \u00e9s a bizony\u00edtott hat\u00e9konys\u00e1g\u00e1t dics\u00e9rik. \ud83d\udc4f<\/p>\n\n\n\n<ul class=\"wp-block-list\">\n<li><strong>Lucas S.<\/strong>\u201eSoha nem gondoltam volna, hogy egy alkalmaz\u00e1s ekkora k\u00fcl\u00f6nbs\u00e9get tud tenni. Most a telefonom ak\u00e1r k\u00e9t napig is b\u00edrja t\u00f6lt\u00e9s n\u00e9lk\u00fcl.\u201d<\/li>\n\n\n\n<li><strong>M\u00e1ria L.<\/strong>\u201eIm\u00e1dtam a t\u00falmeleged\u00e9s-riaszt\u00e1st. Nagyon meleg napon k\u00edm\u00e9lte az akkumul\u00e1toromat.\u201d<\/li>\n<\/ul>\n\n\n\n<h2 class=\"wp-block-heading\">K\u00f6vetkeztet\u00e9s<\/h2>\n\n\n\n<p>\ud83c\udf89 A mobiltelefon akkumul\u00e1tor\u00e1nak z\u00f6kken\u0151mentes m\u0171k\u00f6d\u00e9s\u00e9nek fenntart\u00e1sa nem kell, hogy bonyolult legyen.<\/p>\n\n\n\n<p>A megfelel\u0151 tippekkel \u00e9s alkalmaz\u00e1sokkal, mint p\u00e9ld\u00e1ul <strong>Akkumul\u00e1tor \u2013 Akkumul\u00e1tor<\/strong>, biztos\u00edthatod, hogy okostelefonod mindig k\u00e9szen \u00e1lljon b\u00e1rmire, ami az utadba ker\u00fcl. Haszn\u00e1ld ki a lehet\u0151s\u00e9get, t\u00f6ltsd le az alkalmaz\u00e1st, \u00e9s pr\u00f3b\u00e1ld ki magad.<\/p>\n\n\n\n<p>A telefonod h\u00e1l\u00e1s lesz! \ud83d\ude4c<\/p>\n\n\n\n<h3 class=\"wp-block-heading\">Let\u00f6lt\u00e9si linkek:<\/h3>\n\n\n\n<ul class=\"wp-block-list\">\n<li><strong>Akkumul\u00e1tor \u2013 Akkumul\u00e1tor<\/strong>: <a href=\"https:\/\/play.google.com\/store\/apps\/details?id=com.macropinch.pearl&amp;hl=pt_BR\">Android<\/a> \/ <a href=\"https:\/\/apps.apple.com\/br\/app\/battery-life\/id1080930585\">iOS<\/a><\/li>\n<\/ul>\n\n\n\n<h3 class=\"wp-block-heading\"><strong>Gyakran ism\u00e9telt k\u00e9rd\u00e9sek az akkumul\u00e1toroptimaliz\u00e1l\u00f3 alkalmaz\u00e1sokkal kapcsolatban<\/strong><\/h3>\n\n\n\n<h4 class=\"wp-block-heading\"><strong>Mik azok az akkumul\u00e1tor-optimaliz\u00e1l\u00f3 alkalmaz\u00e1sok?<\/strong><\/h4>\n\n\n\n<p>Ezek olyan eszk\u00f6z\u00f6k, amelyeket a mobileszk\u00f6z energiafogyaszt\u00e1s\u00e1nak hat\u00e9kony kezel\u00e9s\u00e9re terveztek. Ezek az alkalmaz\u00e1sok figyelik a h\u00e1tt\u00e9rtev\u00e9kenys\u00e9geket, m\u00f3dos\u00edtj\u00e1k a be\u00e1ll\u00edt\u00e1sokat, p\u00e9ld\u00e1ul a k\u00e9perny\u0151 f\u00e9nyerej\u00e9t, \u00e9s letiltj\u00e1k a nem l\u00e9tfontoss\u00e1g\u00fa funkci\u00f3kat az akkumul\u00e1tor \u00e9lettartam\u00e1nak meghosszabb\u00edt\u00e1sa \u00e9rdek\u00e9ben.<\/p>\n\n\n\n<h4 class=\"wp-block-heading\"><strong>Biztons\u00e1gosak ezek az alkalmaz\u00e1sok?<\/strong><\/h4>\n\n\n\n<p>A hivatalos \u00e1ruh\u00e1zakban, p\u00e9ld\u00e1ul a Google Playen \u00e9s az App Store-ban el\u00e9rhet\u0151 alkalmaz\u00e1sok t\u00f6bbs\u00e9ge biztons\u00e1gos. A biztons\u00e1gos felhaszn\u00e1l\u00f3i \u00e9lm\u00e9ny \u00e9rdek\u00e9ben azonban telep\u00edt\u00e9s el\u0151tt mindig ellen\u0151rizd az \u00e9rt\u00e9kel\u00e9seket, a felhaszn\u00e1l\u00f3i v\u00e9lem\u00e9nyeket \u00e9s a k\u00e9rt enged\u00e9lyeket.<\/p>\n\n\n\n<h4 class=\"wp-block-heading\"><strong>Milyen el\u0151nyei vannak ezen alkalmaz\u00e1sok haszn\u00e1lat\u00e1nak?<\/strong><\/h4>\n\n\n\n<p>Az akkumul\u00e1tor \u00e9lettartam\u00e1nak meghosszabb\u00edt\u00e1sa mellett ezek az alkalmaz\u00e1sok gyakran olyan funkci\u00f3kat is tartalmaznak, mint a t\u00falmeleged\u00e9si riaszt\u00e1sok, a t\u00f6lt\u00e9skezel\u00e9s, a r\u00e9szletes energiafogyaszt\u00e1si statisztik\u00e1k \u00e9s a testreszabott energiatakar\u00e9kos m\u00f3dok, amelyek jav\u00edtj\u00e1k az eszk\u00f6z \u00e1ltal\u00e1nos teljes\u00edtm\u00e9ny\u00e9t.<\/p>\n\n\n\n<h4 class=\"wp-block-heading\"><strong>Mennyire hat\u00e9konyak val\u00f3j\u00e1ban?<\/strong><\/h4>\n\n\n\n<p>Ez az akkumul\u00e1tor \u00e1llapot\u00e1t\u00f3l \u00e9s a haszn\u00e1lati szok\u00e1sait\u00f3l f\u00fcgg. Az eg\u00e9szs\u00e9ges akkumul\u00e1torral rendelkez\u0151 eszk\u00f6z\u00f6k\u00f6n ezek az alkalmaz\u00e1sok jelent\u0151sen jav\u00edthatj\u00e1k az akkumul\u00e1tor \u00e9lettartam\u00e1t a felesleges alkalmaz\u00e1sok bez\u00e1r\u00e1s\u00e1val \u00e9s a be\u00e1ll\u00edt\u00e1sok automatikus m\u00f3dos\u00edt\u00e1s\u00e1val.<\/p>\n\n\n\n<h4 class=\"wp-block-heading\"><strong>Sz\u00fcks\u00e9gem van m\u0171szaki ismeretekre a haszn\u00e1latukhoz?<\/strong><\/h4>\n\n\n\n<p>Nem, ezeket az alkalmaz\u00e1sokat \u00fagy tervezt\u00e9k, hogy intuit\u00edvak \u00e9s k\u00f6nnyen haszn\u00e1lhat\u00f3ak legyenek. B\u00e1rki kihaszn\u00e1lhatja az el\u0151nyeiket an\u00e9lk\u00fcl, hogy m\u0171szaki szak\u00e9rt\u0151nek kellene lennie.<\/p>\n\n\n\n<h4 class=\"wp-block-heading\"><strong>Mennyi helyet foglalnak el a telefonomon?<\/strong><\/h4>\n\n\n\n<p>Ezek az alkalmaz\u00e1sok jellemz\u0151en kev\u00e9s t\u00e1rhelyet foglalnak, 10 MB \u00e9s 50 MB k\u00f6z\u00f6tt, a k\u00edn\u00e1lt funkci\u00f3kt\u00f3l f\u00fcgg\u0151en.<\/p>\n\n\n\n<h4 class=\"wp-block-heading\"><strong>Melyik a legjobb alkalmaz\u00e1s az akkumul\u00e1tor optimaliz\u00e1l\u00e1s\u00e1ra?<\/strong><\/h4>\n\n\n\n<p>Ez az ig\u00e9nyeidt\u0151l f\u00fcgg\u0151en v\u00e1ltozhat, de <strong>Akkumul\u00e1tor \u2013 Akkumul\u00e1tor<\/strong> Felhaszn\u00e1l\u00f3bar\u00e1t fel\u00fclete, fejlett funkci\u00f3i \u00e9s kiv\u00e1l\u00f3 \u00e9rt\u00e9kel\u00e9sei miatt az egyik legink\u00e1bb aj\u00e1nlott alkalmaz\u00e1s.<\/p>","protected":false},"excerpt":{"rendered":"<p>Fedezd fel, hogyan hosszabb\u00edthatod meg k\u00f6nnyed\u00e9n telefonod akkumul\u00e1tor\u00e1nak \u00e9lettartam\u00e1t. \ud83d\udcaa Mit szeretn\u00e9l el\u0151sz\u00f6r csin\u00e1lni? Olvass tov\u00e1bb! \ud83d\udcaa A telefon akkumul\u00e1tor\u00e1nak optim\u00e1lis m\u0171k\u00f6d\u00e9se gyakori probl\u00e9ma. Ki ne tal\u00e1lta volna mag\u00e1t olyan neh\u00e9z helyzetben, hogy az akkumul\u00e1torjelz\u0151 villog az utols\u00f3 51 TP3T-n? Ez nemcsak k\u00e9nyelmetlen, hanem frusztr\u00e1l\u00f3 is. Ebben [\u2026]<\/p>","protected":false},"author":139,"featured_media":7854,"comment_status":"closed","ping_status":"open","sticky":false,"template":"","format":"standard","meta":{"footnotes":""},"categories":[2],"tags":[58,379,1193],"yoast_head":"<!-- This site is optimized with the Yoast SEO plugin v23.3 - https:\/\/yoast.com\/wordpress\/plugins\/seo\/ -->\n<title>Optimiza la bater\u00eda de tu celular f\u00e1cilmente - Universo Fam\u00edlia<\/title>\n<meta name=\"description\" content=\"Optimiza la bater\u00eda de tu celular f\u00e1cilmente. \ud83d\udcaa Mantener la bater\u00eda del celular funcionando al m\u00e1ximo es una preocupaci\u00f3n com\u00fan....\" \/>\n<meta name=\"robots\" content=\"index, follow, max-snippet:-1, max-image-preview:large, max-video-preview:-1\" \/>\n<link rel=\"canonical\" href=\"https:\/\/universofamilia.com\/hu\/optimiza-la-bateria-de-tu-celular-facilmente\/\" \/>\n<meta property=\"og:locale\" content=\"hu_HU\" \/>\n<meta property=\"og:type\" content=\"article\" \/>\n<meta property=\"og:title\" content=\"Optimiza la bater\u00eda de tu celular f\u00e1cilmente - Universo Fam\u00edlia\" \/>\n<meta property=\"og:description\" content=\"Optimiza la bater\u00eda de tu celular f\u00e1cilmente. \ud83d\udcaa Mantener la bater\u00eda del celular funcionando al m\u00e1ximo es una preocupaci\u00f3n com\u00fan....\" \/>\n<meta property=\"og:url\" content=\"https:\/\/universofamilia.com\/hu\/optimiza-la-bateria-de-tu-celular-facilmente\/\" \/>\n<meta property=\"og:site_name\" content=\"Universo Fam\u00edlia\" \/>\n<meta property=\"article:published_time\" content=\"2024-12-22T14:43:46+00:00\" \/>\n<meta property=\"article:modified_time\" content=\"2025-11-21T01:40:46+00:00\" \/>\n<meta property=\"og:image\" content=\"https:\/\/universofamilia.com\/wp-content\/uploads\/sites\/148\/2024\/12\/DESTAQUE-UNIVERSO-550-x-350-17.jpg\" \/>\n\t<meta property=\"og:image:width\" content=\"550\" \/>\n\t<meta property=\"og:image:height\" content=\"350\" \/>\n\t<meta property=\"og:image:type\" content=\"image\/jpeg\" \/>\n<meta name=\"author\" content=\"Pedro Henrique\" \/>\n<meta name=\"twitter:card\" content=\"summary_large_image\" \/>\n<meta name=\"twitter:label1\" content=\"Written by\" \/>\n\t<meta name=\"twitter:data1\" content=\"Pedro Henrique\" \/>\n\t<meta name=\"twitter:label2\" content=\"Est. reading time\" \/>\n\t<meta name=\"twitter:data2\" content=\"7 perc\" \/>\n<script type=\"application\/ld+json\" class=\"yoast-schema-graph\">{\"@context\":\"https:\/\/schema.org\",\"@graph\":[{\"@type\":\"WebPage\",\"@id\":\"https:\/\/universofamilia.com\/sk\/optimiza-la-bateria-de-tu-celular-facilmente\/\",\"url\":\"https:\/\/universofamilia.com\/sk\/optimiza-la-bateria-de-tu-celular-facilmente\/\",\"name\":\"Optimiza la bater\u00eda de tu celular f\u00e1cilmente - Universo Fam\u00edlia\",\"isPartOf\":{\"@id\":\"https:\/\/universofamilia.com\/el\/#website\"},\"primaryImageOfPage\":{\"@id\":\"https:\/\/universofamilia.com\/sk\/optimiza-la-bateria-de-tu-celular-facilmente\/#primaryimage\"},\"image\":{\"@id\":\"https:\/\/universofamilia.com\/sk\/optimiza-la-bateria-de-tu-celular-facilmente\/#primaryimage\"},\"thumbnailUrl\":\"https:\/\/universofamilia.com\/wp-content\/uploads\/sites\/148\/2024\/12\/DESTAQUE-UNIVERSO-550-x-350-17.jpg\",\"datePublished\":\"2024-12-22T14:43:46+00:00\",\"dateModified\":\"2025-11-21T01:40:46+00:00\",\"author\":{\"@id\":\"https:\/\/universofamilia.com\/el\/#\/schema\/person\/f07ce98187dd84d31154262e79b3b7ca\"},\"description\":\"Optimiza la bater\u00eda de tu celular f\u00e1cilmente. \ud83d\udcaa Mantener la bater\u00eda del celular funcionando al m\u00e1ximo es una preocupaci\u00f3n com\u00fan....\",\"breadcrumb\":{\"@id\":\"https:\/\/universofamilia.com\/sk\/optimiza-la-bateria-de-tu-celular-facilmente\/#breadcrumb\"},\"inLanguage\":\"hu\",\"potentialAction\":[{\"@type\":\"ReadAction\",\"target\":[\"https:\/\/universofamilia.com\/sk\/optimiza-la-bateria-de-tu-celular-facilmente\/\"]}]},{\"@type\":\"ImageObject\",\"inLanguage\":\"hu\",\"@id\":\"https:\/\/universofamilia.com\/sk\/optimiza-la-bateria-de-tu-celular-facilmente\/#primaryimage\",\"url\":\"https:\/\/universofamilia.com\/wp-content\/uploads\/sites\/148\/2024\/12\/DESTAQUE-UNIVERSO-550-x-350-17.jpg\",\"contentUrl\":\"https:\/\/universofamilia.com\/wp-content\/uploads\/sites\/148\/2024\/12\/DESTAQUE-UNIVERSO-550-x-350-17.jpg\",\"width\":550,\"height\":350,\"caption\":\"Optimiza la bater\u00eda de tu celular f\u00e1cilmente\"},{\"@type\":\"BreadcrumbList\",\"@id\":\"https:\/\/universofamilia.com\/sk\/optimiza-la-bateria-de-tu-celular-facilmente\/#breadcrumb\",\"itemListElement\":[{\"@type\":\"ListItem\",\"position\":1,\"name\":\"Home\",\"item\":\"https:\/\/universofamilia.com\/el\/\"},{\"@type\":\"ListItem\",\"position\":2,\"name\":\"Optimiza la bater\u00eda de tu celular f\u00e1cilmente\"}]},{\"@type\":\"WebSite\",\"@id\":\"https:\/\/universofamilia.com\/el\/#website\",\"url\":\"https:\/\/universofamilia.com\/el\/\",\"name\":\"Universo Fam\u00edlia\",\"description\":\"\",\"potentialAction\":[{\"@type\":\"SearchAction\",\"target\":{\"@type\":\"EntryPoint\",\"urlTemplate\":\"https:\/\/universofamilia.com\/el\/?s={search_term_string}\"},\"query-input\":\"required name=search_term_string\"}],\"inLanguage\":\"hu\"},{\"@type\":\"Person\",\"@id\":\"https:\/\/universofamilia.com\/el\/#\/schema\/person\/f07ce98187dd84d31154262e79b3b7ca\",\"name\":\"Pedro Henrique\",\"image\":{\"@type\":\"ImageObject\",\"inLanguage\":\"hu\",\"@id\":\"https:\/\/universofamilia.com\/el\/#\/schema\/person\/image\/\",\"url\":\"https:\/\/secure.gravatar.com\/avatar\/9edfeb808cb4e1599f64d6e45b130154?s=96&d=mm&r=g\",\"contentUrl\":\"https:\/\/secure.gravatar.com\/avatar\/9edfeb808cb4e1599f64d6e45b130154?s=96&d=mm&r=g\",\"caption\":\"Pedro Henrique\"},\"url\":\"https:\/\/universofamilia.com\/hu\/author\/editor01\/\"}]}<\/script>\n<!-- \/ Yoast SEO plugin. -->","yoast_head_json":{"title":"Optimiza la bater\u00eda de tu celular f\u00e1cilmente - Universo Fam\u00edlia","description":"Optimiza la bater\u00eda de tu celular f\u00e1cilmente. \ud83d\udcaa Mantener la bater\u00eda del celular funcionando al m\u00e1ximo es una preocupaci\u00f3n com\u00fan....","robots":{"index":"index","follow":"follow","max-snippet":"max-snippet:-1","max-image-preview":"max-image-preview:large","max-video-preview":"max-video-preview:-1"},"canonical":"https:\/\/universofamilia.com\/hu\/optimiza-la-bateria-de-tu-celular-facilmente\/","og_locale":"hu_HU","og_type":"article","og_title":"Optimiza la bater\u00eda de tu celular f\u00e1cilmente - Universo Fam\u00edlia","og_description":"Optimiza la bater\u00eda de tu celular f\u00e1cilmente. \ud83d\udcaa Mantener la bater\u00eda del celular funcionando al m\u00e1ximo es una preocupaci\u00f3n com\u00fan....","og_url":"https:\/\/universofamilia.com\/hu\/optimiza-la-bateria-de-tu-celular-facilmente\/","og_site_name":"Universo Fam\u00edlia","article_published_time":"2024-12-22T14:43:46+00:00","article_modified_time":"2025-11-21T01:40:46+00:00","og_image":[{"width":550,"height":350,"url":"https:\/\/universofamilia.com\/wp-content\/uploads\/sites\/148\/2024\/12\/DESTAQUE-UNIVERSO-550-x-350-17.jpg","type":"image\/jpeg"}],"author":"Pedro Henrique","twitter_card":"summary_large_image","twitter_misc":{"Written by":"Pedro Henrique","Est. reading time":"7 perc"},"schema":{"@context":"https:\/\/schema.org","@graph":[{"@type":"WebPage","@id":"https:\/\/universofamilia.com\/sk\/optimiza-la-bateria-de-tu-celular-facilmente\/","url":"https:\/\/universofamilia.com\/sk\/optimiza-la-bateria-de-tu-celular-facilmente\/","name":"Optimiza la bater\u00eda de tu celular f\u00e1cilmente - Universo Fam\u00edlia","isPartOf":{"@id":"https:\/\/universofamilia.com\/el\/#website"},"primaryImageOfPage":{"@id":"https:\/\/universofamilia.com\/sk\/optimiza-la-bateria-de-tu-celular-facilmente\/#primaryimage"},"image":{"@id":"https:\/\/universofamilia.com\/sk\/optimiza-la-bateria-de-tu-celular-facilmente\/#primaryimage"},"thumbnailUrl":"https:\/\/universofamilia.com\/wp-content\/uploads\/sites\/148\/2024\/12\/DESTAQUE-UNIVERSO-550-x-350-17.jpg","datePublished":"2024-12-22T14:43:46+00:00","dateModified":"2025-11-21T01:40:46+00:00","author":{"@id":"https:\/\/universofamilia.com\/el\/#\/schema\/person\/f07ce98187dd84d31154262e79b3b7ca"},"description":"Optimiza la bater\u00eda de tu celular f\u00e1cilmente. \ud83d\udcaa Mantener la bater\u00eda del celular funcionando al m\u00e1ximo es una preocupaci\u00f3n com\u00fan....","breadcrumb":{"@id":"https:\/\/universofamilia.com\/sk\/optimiza-la-bateria-de-tu-celular-facilmente\/#breadcrumb"},"inLanguage":"hu","potentialAction":[{"@type":"ReadAction","target":["https:\/\/universofamilia.com\/sk\/optimiza-la-bateria-de-tu-celular-facilmente\/"]}]},{"@type":"ImageObject","inLanguage":"hu","@id":"https:\/\/universofamilia.com\/sk\/optimiza-la-bateria-de-tu-celular-facilmente\/#primaryimage","url":"https:\/\/universofamilia.com\/wp-content\/uploads\/sites\/148\/2024\/12\/DESTAQUE-UNIVERSO-550-x-350-17.jpg","contentUrl":"https:\/\/universofamilia.com\/wp-content\/uploads\/sites\/148\/2024\/12\/DESTAQUE-UNIVERSO-550-x-350-17.jpg","width":550,"height":350,"caption":"Optimiza la bater\u00eda de tu celular f\u00e1cilmente"},{"@type":"BreadcrumbList","@id":"https:\/\/universofamilia.com\/sk\/optimiza-la-bateria-de-tu-celular-facilmente\/#breadcrumb","itemListElement":[{"@type":"ListItem","position":1,"name":"Home","item":"https:\/\/universofamilia.com\/el\/"},{"@type":"ListItem","position":2,"name":"Optimiza la bater\u00eda de tu celular f\u00e1cilmente"}]},{"@type":"WebSite","@id":"https:\/\/universofamilia.com\/el\/#website","url":"https:\/\/universofamilia.com\/el\/","name":"Universo Fam\u00edlia","description":"","potentialAction":[{"@type":"SearchAction","target":{"@type":"EntryPoint","urlTemplate":"https:\/\/universofamilia.com\/el\/?s={search_term_string}"},"query-input":"required name=search_term_string"}],"inLanguage":"hu"},{"@type":"Person","@id":"https:\/\/universofamilia.com\/el\/#\/schema\/person\/f07ce98187dd84d31154262e79b3b7ca","name":"Pedro Henrique","image":{"@type":"ImageObject","inLanguage":"hu","@id":"https:\/\/universofamilia.com\/el\/#\/schema\/person\/image\/","url":"https:\/\/secure.gravatar.com\/avatar\/9edfeb808cb4e1599f64d6e45b130154?s=96&d=mm&r=g","contentUrl":"https:\/\/secure.gravatar.com\/avatar\/9edfeb808cb4e1599f64d6e45b130154?s=96&d=mm&r=g","caption":"Pedro Henrique"},"url":"https:\/\/universofamilia.com\/hu\/author\/editor01\/"}]}},"_links":{"self":[{"href":"https:\/\/universofamilia.com\/hu\/wp-json\/wp\/v2\/posts\/7853"}],"collection":[{"href":"https:\/\/universofamilia.com\/hu\/wp-json\/wp\/v2\/posts"}],"about":[{"href":"https:\/\/universofamilia.com\/hu\/wp-json\/wp\/v2\/types\/post"}],"author":[{"embeddable":true,"href":"https:\/\/universofamilia.com\/hu\/wp-json\/wp\/v2\/users\/139"}],"replies":[{"embeddable":true,"href":"https:\/\/universofamilia.com\/hu\/wp-json\/wp\/v2\/comments?post=7853"}],"version-history":[{"count":1,"href":"https:\/\/universofamilia.com\/hu\/wp-json\/wp\/v2\/posts\/7853\/revisions"}],"predecessor-version":[{"id":10369,"href":"https:\/\/universofamilia.com\/hu\/wp-json\/wp\/v2\/posts\/7853\/revisions\/10369"}],"wp:featuredmedia":[{"embeddable":true,"href":"https:\/\/universofamilia.com\/hu\/wp-json\/wp\/v2\/media\/7854"}],"wp:attachment":[{"href":"https:\/\/universofamilia.com\/hu\/wp-json\/wp\/v2\/media?parent=7853"}],"wp:term":[{"taxonomy":"category","embeddable":true,"href":"https:\/\/universofamilia.com\/hu\/wp-json\/wp\/v2\/categories?post=7853"},{"taxonomy":"post_tag","embeddable":true,"href":"https:\/\/universofamilia.com\/hu\/wp-json\/wp\/v2\/tags?post=7853"}],"curies":[{"name":"wp","href":"https:\/\/api.w.org\/{rel}","templated":true}]}}