{"id":7888,"date":"2024-12-27T12:04:34","date_gmt":"2024-12-27T15:04:34","guid":{"rendered":"https:\/\/universofamilia.com\/?p=7888"},"modified":"2024-12-27T12:04:34","modified_gmt":"2024-12-27T15:04:34","slug":"descubre-quien-visito-tu-perfil-2","status":"publish","type":"post","link":"https:\/\/universofamilia.com\/hu\/descubre-quien-visito-tu-perfil-2\/","title":{"rendered":"Tudja meg, kik l\u00e1togatt\u00e1k meg a profilj\u00e1t"},"content":{"rendered":"<p>\ud83d\ude0a\ud83c\udf10\ud83d\udca1Ki vigy\u00e1z r\u00e1d? Tudd meg most!<\/p>\n\n\n\n<h3 class=\"wp-block-heading has-text-align-center\">Mit keresel ma?<\/h3>\n\n\n\n<div class=\"wp-block-buttons is-content-justification-center is-layout-flex wp-container-core-buttons-layout-1 wp-block-buttons-is-layout-flex\">\n<div class=\"wp-block-button has-custom-width wp-block-button__width-100 is-style-outline\" style=\"text-decoration:none\"><a class=\"wp-block-button__link has-white-color has-vivid-cyan-blue-background-color has-text-color has-background has-link-color has-text-align-center wp-element-button\" href=\"https:\/\/universofamilia.com\/hu\/7282\/descubre-quien-esta-observandote\/\" style=\"border-radius:6px\">Tudd meg, ki figyel t\u00e9ged \u27a1\ufe0f<\/a><\/div>\n<\/div>\n\n\n\n<div class=\"wp-block-buttons is-content-justification-center is-layout-flex wp-container-core-buttons-layout-2 wp-block-buttons-is-layout-flex\">\n<div class=\"wp-block-button has-custom-width wp-block-button__width-100 is-style-outline\" style=\"text-decoration:none\"><a class=\"wp-block-button__link has-white-color has-vivid-cyan-blue-background-color has-text-color has-background has-link-color has-text-align-center wp-element-button\" href=\"https:\/\/universofamilia.com\/hu\/7281\/quien-esta-interesado-en-ti\/\" style=\"border-radius:6px\">Kit \u00e9rdekelsz? \u27a1\ufe0f<\/a><\/div>\n<\/div>\n\n\n\n<div class=\"wp-block-buttons is-content-justification-center is-layout-flex wp-container-core-buttons-layout-3 wp-block-buttons-is-layout-flex\">\n<div class=\"wp-block-button has-custom-width wp-block-button__width-100 is-style-outline\" style=\"text-decoration:none\"><a class=\"wp-block-button__link has-white-color has-vivid-cyan-blue-background-color has-text-color has-background has-link-color has-text-align-center wp-element-button\" href=\"https:\/\/universofamilia.com\/hu\/7271\/encuentra-el-amor-mejores-apps-de-citas\/\" style=\"border-radius:6px\">Tal\u00e1ld meg a szerelmet \u27a1\ufe0f<\/a><\/div>\n<\/div>\n\n\n\n<p class=\"has-text-align-center\"><em><strong><em><strong><em><strong>Olvass tov\u00e1bb!<\/strong><\/em><\/strong><\/em><\/strong><\/em><\/p>\n\n\n\n<hr class=\"wp-block-separator has-text-color has-luminous-vivid-orange-color has-alpha-channel-opacity has-luminous-vivid-orange-background-color has-background is-style-wide\"\/>\n\n\n\n<p><\/p>\n\n\n\n<p>Elgondolkodt\u00e1l m\u00e1r azon, hogy ki l\u00e1togatja a profilodat?<\/p>\n\n\n\n<p>Lehet, hogy ez a szem\u00e9ly a m\u00faltadb\u00f3l, egy titkos im\u00e1d\u00f3, vagy ak\u00e1r egy k\u00edv\u00e1ncsi bar\u00e1t.<\/p>\n\n\n\n<p>Az igazs\u00e1g az, hogy ez a k\u00f6z\u00f6ss\u00e9gi m\u00e9dia felhaszn\u00e1l\u00f3inak egyik legnagyobb kuri\u00f3zuma.<\/p>\n\n\n\n<p>V\u00e9g\u00fcl is ki ne szeretne t\u00f6bbet tudni arr\u00f3l, hogy ki figyeli a tartalm\u00e1t? \ud83c\udfa1\ud83d\udd0d\ud83d\ude09<\/p>\n\n\n\n<p>B\u00e1r az olyan platformok, mint a Facebook \u00e9s az Instagram, nem biztos\u00edtj\u00e1k k\u00f6zvetlen\u00fcl ezt az inform\u00e1ci\u00f3t, vannak megold\u00e1sok, amelyek seg\u00edthetnek.<\/p>\n\n\n\n<p>Ebben a cikkben mindent megvizsg\u00e1lunk, amit tudnod kell arr\u00f3l, hogy kider\u00edtheted, kik l\u00e1togatt\u00e1k meg a profilodat, bele\u00e9rtve a n\u00e9pszer\u0171 alkalmaz\u00e1sokat, a biztons\u00e1got \u00e9s ennek a gyakori \u00e9rdekess\u00e9gnek az el\u0151nyeit. \ud83c\udf89\ud83d\ude80\ud83c\udf10<\/p>\n\n\n\n<h4 class=\"wp-block-heading has-text-align-center\">Van b\u00e1rmilyen k\u00e9rd\u00e9se?<\/h4>\n\n\n\n<div class=\"wp-block-buttons is-content-justification-center is-layout-flex wp-container-core-buttons-layout-4 wp-block-buttons-is-layout-flex\">\n<div class=\"wp-block-button has-custom-width wp-block-button__width-100 has-custom-font-size is-style-outline has-large-font-size\" style=\"text-decoration:none\"><a class=\"wp-block-button__link has-white-color has-vivid-purple-background-color has-text-color has-background has-link-color has-border-color has-ast-global-color-5-border-color has-text-align-center wp-element-button\" href=\"https:\/\/www.messenger.com\/login.php?next=https%3A%2F%2Fwww.messenger.com%2Ft%2F110263563681990%2F%3Fref%3Dw30174560--utm_campaign%253D%257B%257Badset.id%257D%257D%26messaging_source%3Dsource%253Apages%253Amessage_shortlink%26source_id%3D1441792%26recurring_notification%3D0\" style=\"border-radius:6px\">\ud83d\udcac Besz\u00e9lj\u00fcnk! \ud83d\udc69\u200d\ud83e\uddb0\u200d\ud83c\udfa7<\/a><\/div>\n<\/div>\n\n\n\n<p class=\"has-text-align-right\"><em><strong>\u00c1tir\u00e1ny\u00edtunk egy m\u00e1sik webhelyre<\/strong><\/em><\/p>\n\n\n\n<h2 class=\"wp-block-heading\">Kik n\u00e9zt\u00e9k meg a profilomat: A Facebook rejt\u00e9ly kulcsa \ud83d\udd75\ufe0f\u200d\u2642\ufe0f\ud83c\udf10\ud83d\udd0d<\/h2>\n\n\n\n<p>A Facebookon mindig is leny\u0171g\u00f6z\u00f6tt minket az a gondolat, hogy megtudjuk, kik n\u00e9zt\u00e9k meg a profilunkat.<\/p>\n\n\n\n<p>\u00c9vek \u00f3ta keringenek pletyk\u00e1k rejtett funkci\u00f3kr\u00f3l vagy k\u00f3dokr\u00f3l, amelyek felfedhetik ezt az inform\u00e1ci\u00f3t.<\/p>\n\n\n\n<p>A val\u00f3s\u00e1g azonban az, hogy a platform hivatalosan nem k\u00edn\u00e1lja ezt a funkci\u00f3t. \ud83d\udd0e\ud83d\udc41\u200d\ud83d\udde8\ufe0f<\/p>\n\n\n\n<p>Sz\u00f3val, hogyan \u00e1ll\u00edtj\u00e1k egyesek, hogy ezt teszik? \u00c1ltal\u00e1ban speci\u00e1lis alkalmaz\u00e1sokat haszn\u00e1lnak, amelyek elemzik az olyan interakci\u00f3kat, mint a l\u00e1jkok, hozz\u00e1sz\u00f3l\u00e1sok \u00e9s \u00fczenetek.<\/p>\n\n\n\n<p>B\u00e1r nem egzakt tudom\u00e1ny, ezek az alkalmaz\u00e1sok nagyj\u00e1b\u00f3l k\u00e9pet adhatnak arr\u00f3l, hogy kik mutatj\u00e1k a legnagyobb \u00e9rdekl\u0151d\u00e9st a profilod ir\u00e1nt. \ud83d\udd75\ufe0f\u200d\u2640\ufe0f\ud83c\udf1f\ud83d\udd27<\/p>\n\n\n\n<h2 class=\"wp-block-heading\">Adatv\u00e9delmi \u00e9s biztons\u00e1gi szempontok \ud83d\udd12\ud83c\udf10\ud83d\udee1\ufe0f<\/h2>\n\n\n\n<p>Miel\u0151tt felfedezn\u00e9d ezeket az alkalmaz\u00e1sokat, fontos, hogy \u00e1tgondold az online biztons\u00e1godat.<\/p>\n\n\n\n<p>V\u00e9g\u00fcl is szem\u00e9lyes adatokat \u00e9s k\u00f6z\u00f6ss\u00e9gi m\u00e9dia hiteles\u00edt\u0151 adatokat kezel\u00fcnk.<\/p>\n\n\n\n<p>N\u00e9h\u00e1ny fontos tipp: \ud83d\udd0e\ud83c\udf13\ud83d\ude09<\/p>\n\n\n\n<ul class=\"wp-block-list\">\n<li><strong>Let\u00f6lt\u00e9s el\u0151tt v\u00e9gezzen kutat\u00e1st<\/strong>: Olvassa el a v\u00e9lem\u00e9nyeket \u00e9s \u00e9rt\u00e9kel\u00e9seket az alkalmaz\u00e1sboltokban.<\/li>\n\n\n\n<li><strong>Ker\u00fclje a jelszavak megad\u00e1s\u00e1t<\/strong>A legt\u00f6bb megb\u00edzhat\u00f3 alkalmaz\u00e1s nem k\u00f6veteli meg a jelszavad megoszt\u00e1s\u00e1t.<\/li>\n\n\n\n<li><strong>Legyen \u00f3vatos az enged\u00e9lyekkel<\/strong>: Elemezze az alkalmaz\u00e1s \u00e1ltal k\u00e9rt enged\u00e9lyeket, miel\u0151tt elfogadja azokat.<\/li>\n<\/ul>\n\n\n\n<p>A k\u00f6vetkez\u0151 l\u00e9p\u00e9sek k\u00f6vet\u00e9s\u00e9vel megv\u00e9dheted a k\u00f6z\u00f6ss\u00e9gi m\u00e9dia fel\u00fcleteidet \u00e9s elker\u00fclheted a kellemetlen meglepet\u00e9seket. \ud83c\udfa1\ud83d\udd12\ud83d\udd0d<\/p>\n\n\n\n<h2 class=\"wp-block-heading\">A h\u00e1l\u00f3zataink m\u00f6g\u00f6tt rejl\u0151 k\u00edv\u00e1ncsis\u00e1g \ud83d\ude0f\ud83c\udf13\ud83d\udcda<\/h2>\n\n\n\n<p>Mi\u00e9rt \u00e9rdekli annyi embert, hogy kik l\u00e1togatt\u00e1k meg a profiljukat? A v\u00e1lasz egyszer\u0171: kapcsolat\u00e9p\u00edt\u00e9s \u00e9s \u00f6nmeger\u0151s\u00edt\u00e9s.<\/p>\n\n\n\n<p>Ha tudjuk, hogy kit \u00e9rdekel az, amit megosztunk, az er\u0151s\u00edti a t\u00e1rsadalmi kapcsolatainkat \u00e9s t\u00e1pl\u00e1lja a k\u00edv\u00e1ncsis\u00e1gunkat. \ud83e\uddd0\ud83c\udf1f\ud83c\udfa1<\/p>\n\n\n\n<p>Term\u00e9szetes, hogy tudni szeretn\u00e9d, kik k\u00f6vetik a tartalmaidat.<\/p>\n\n\n\n<p>Ak\u00e1r szem\u00e9lyes, ak\u00e1r szakmai okokr\u00f3l van sz\u00f3, ezek az inform\u00e1ci\u00f3k \u00e9rt\u00e9kes betekint\u00e9st ny\u00fajthatnak az online interakci\u00f3iba. \ud83c\udf10\ud83d\ude4f\ud83d\udd75\ufe0f<\/p>\n\n\n\n<h2 class=\"wp-block-heading\">Az alkalmaz\u00e1sok haszn\u00e1lat\u00e1nak el\u0151nyei a profilod l\u00e1togatotts\u00e1g\u00e1nak kider\u00edt\u00e9s\u00e9re \ud83d\ude80\ud83d\udd0d\ud83c\udf1f<\/h2>\n\n\n\n<p>Az erre a c\u00e9lra tervezett alkalmaz\u00e1sok haszn\u00e1lata sz\u00e1mos el\u0151nnyel j\u00e1r, t\u00f6bbek k\u00f6z\u00f6tt: \ud83c\udf89\ud83d\udd75\ufe0f\u200d\u2640\ufe0f<\/p>\n\n\n\n<ul class=\"wp-block-list\">\n<li><strong>\u00c9rdekl\u0151d\u00e9si k\u00f6r\u00f6k azonos\u00edt\u00e1sa<\/strong>Fedezd fel, hogy mely tartalmak keltik a legt\u00f6bb figyelmet.<\/li>\n\n\n\n<li><strong>Kapcsolatfelv\u00e9tel a k\u00f6vet\u0151kkel<\/strong>Jobban meg\u00e9rtheted, hogy kik k\u00f6vetik a bejegyz\u00e9seidet.<\/li>\n\n\n\n<li><strong>Terv tartalma<\/strong>: Haszn\u00e1ld a megszerzett tud\u00e1sodat, hogy relev\u00e1nsabb \u00e9s lebilincsel\u0151bb bejegyz\u00e9seket hozz l\u00e9tre.<\/li>\n<\/ul>\n\n\n\n<h2 class=\"wp-block-heading\">Hogyan m\u0171k\u00f6dnek ezek az alkalmaz\u00e1sok \ud83d\udd0d\ud83c\udfa1\ud83c\udf10<\/h2>\n\n\n\n<p>Ezek az alkalmaz\u00e1sok nem f\u00e9rnek hozz\u00e1 k\u00f6zvetlen\u00fcl a k\u00f6z\u00f6ss\u00e9gi h\u00e1l\u00f3zatokr\u00f3l sz\u00e1rmaz\u00f3 priv\u00e1t inform\u00e1ci\u00f3khoz.<\/p>\n\n\n\n<p>Ehelyett nyilv\u00e1nosan el\u00e9rhet\u0151 adatokat vagy a legut\u00f3bbi interakci\u00f3kat elemzik, p\u00e9ld\u00e1ul: \ud83d\udd75\ufe0f\u200d\u2642\ufe0f\ud83c\udf1f\ud83c\udf10<\/p>\n\n\n\n<ul class=\"wp-block-list\">\n<li>\u201eL\u00e1jkold\u201d a bejegyz\u00e9seket.<\/li>\n\n\n\n<li>Gyakran ism\u00e9telt k\u00e9rd\u00e9sek.<\/li>\n\n\n\n<li>Megtekint\u00e9sek a sztorikon (Instagram eset\u00e9ben).<\/li>\n<\/ul>\n\n\n\n<p>Ezen elemz\u00e9sek alapj\u00e1n list\u00e1kat k\u00e9sz\u00edtenek a profilod val\u00f3sz\u00edn\u0171s\u00edthet\u0151 l\u00e1togat\u00f3ir\u00f3l vagy csod\u00e1l\u00f3ir\u00f3l. \ud83c\udf89\ud83d\udd0e\ud83c\udfa1<\/p>\n\n\n\n<h2 class=\"wp-block-heading\">Mire figyelj egy alkalmaz\u00e1sban, hogy tudd, ki l\u00e1togatja a profilodat \ud83d\ude80\ud83c\udf1f\ud83c\udf89<\/h2>\n\n\n\n<p>Alkalmaz\u00e1sv\u00e1laszt\u00e1skor azokat r\u00e9szes\u00edtsd el\u0151nyben, amelyek a k\u00f6vetkez\u0151ket k\u00edn\u00e1lj\u00e1k: \ud83d\udd75\ufe0f\u200d\u2640\ufe0f\ud83c\udf1f\ud83c\udfa1<\/p>\n\n\n\n<ul class=\"wp-block-list\">\n<li><strong>\u00c1tl\u00e1that\u00f3s\u00e1g<\/strong>: Tiszt\u00e1zd az alkalmaz\u00e1sok adataid felhaszn\u00e1l\u00e1s\u00e1nak m\u00f3dj\u00e1t.<\/li>\n\n\n\n<li><strong>J\u00f3 h\u00edrn\u00e9v<\/strong>Pozit\u00edv v\u00e9lem\u00e9nyek az alkalmaz\u00e1sboltokban.<\/li>\n\n\n\n<li><strong>Felhaszn\u00e1l\u00f3bar\u00e1t fel\u00fclet<\/strong>A k\u00f6nny\u0171 haszn\u00e1lat teszi a k\u00fcl\u00f6nbs\u00e9get.<\/li>\n\n\n\n<li><strong>Ingyenes verzi\u00f3k<\/strong>Sok alkalmaz\u00e1s ingyenesen k\u00edn\u00e1l alapvet\u0151 funkci\u00f3kat.<\/li>\n<\/ul>\n\n\n\n<h2 class=\"wp-block-heading\">El\u0151ny\u00f6k, ha t\u00f6bbet tudsz a k\u00f6vet\u0151idr\u0151l \ud83d\udc64\ud83c\udf1f\ud83c\udf10<\/h2>\n\n\n\n<p>A k\u00edv\u00e1ncsis\u00e1gon t\u00fal a profilod l\u00e1togat\u00f3inak megismer\u00e9se gyakorlati el\u0151ny\u00f6kkel is j\u00e1rhat: \ud83d\udee1\ufe0f\ud83c\udf10\ud83d\udd0d<\/p>\n\n\n\n<ul class=\"wp-block-list\">\n<li><strong>Kapcsolatok er\u0151s\u00edt\u00e9se<\/strong>: Azonos\u00edtsd azokat a bar\u00e1taidat vagy ismer\u0151seidet, akikkel egy ideje nem volt\u00e1l kapcsolatban.<\/li>\n\n\n\n<li><strong>Szakmai strat\u00e9gi\u00e1k<\/strong>Ha influenszer vagy, vagy v\u00e1llalkoz\u00e1sod van, ez a tud\u00e1s seg\u00edt a d\u00f6nt\u00e9shozatalban.<\/li>\n\n\n\n<li><strong>Biztons\u00e1g<\/strong>Az ismeretlen l\u00e1togat\u00f3k azonos\u00edt\u00e1sa figyelmeztethet a lehets\u00e9ges kock\u00e1zatokra. \ud83d\udee1\ufe0f\ud83d\udd75\ufe0f\u200d\u2640\ufe0f\ud83d\udd12<\/li>\n<\/ul>\n\n\n\n<h2 class=\"wp-block-heading\">\u00daj m\u00f3dszer a h\u00e1l\u00f3zataid meg\u00e9rt\u00e9s\u00e9re \ud83d\udd75\ufe0f\u200d\u2642\ufe0f\ud83c\udf1f\ud83c\udf10<\/h2>\n\n\n\n<p>Az, hogy kik l\u00e1togatj\u00e1k a profilodat, t\u00falmutat az egyszer\u0171 k\u00edv\u00e1ncsis\u00e1gon: ez egy m\u00f3dja annak, hogy jobban meg\u00e9rtsd a k\u00f6z\u00f6ss\u00e9gi m\u00e9di\u00e1ra gyakorolt hat\u00e1sodat.<\/p>\n\n\n\n<p>Ez hozz\u00e1j\u00e1rul a c\u00e9lzottabb tartalom l\u00e9trehoz\u00e1s\u00e1hoz \u00e9s az \u00e9rtelmes kapcsolatok ki\u00e9p\u00edt\u00e9s\u00e9hez is. \ud83c\udfa1\ud83d\udd0d\ud83c\udf1f<\/p>\n\n\n\n<h2 class=\"wp-block-heading\">Mi\u00e9rt b\u00edzz ezekben az alkalmaz\u00e1sokban \ud83d\ude80\ud83c\udf1f\ud83c\udf10<\/h2>\n\n\n\n<p>B\u00e1r nem bolondbiztosak, sok alkalmaz\u00e1s fejlett algoritmusokkal k\u00e9sz\u00fclt, \u00e9s j\u00f3 \u00e9rt\u00e9kel\u00e9seket kaptak a val\u00f3di felhaszn\u00e1l\u00f3kt\u00f3l.<\/p>\n\n\n\n<p>A megb\u00edzhat\u00f3 alkalmaz\u00e1sok kiv\u00e1laszt\u00e1sa meglep\u0151en pontos eredm\u00e9nyeket hozhat. \ud83c\udf1f\ud83d\udee0\ufe0f\ud83c\udf10<\/p>\n\n\n<div class=\"wp-block-image\">\n<figure class=\"aligncenter size-full\"><img loading=\"lazy\" decoding=\"async\" width=\"550\" height=\"350\" src=\"http:\/\/universofamilia.com\/wp-content\/uploads\/sites\/148\/2024\/12\/DESTAQUE-UNIVERSO-550-x-350-19.jpg\" alt=\"\" class=\"wp-image-7889\" srcset=\"https:\/\/universofamilia.com\/wp-content\/uploads\/sites\/148\/2024\/12\/DESTAQUE-UNIVERSO-550-x-350-19.jpg 550w, https:\/\/universofamilia.com\/wp-content\/uploads\/sites\/148\/2024\/12\/DESTAQUE-UNIVERSO-550-x-350-19-300x191.jpg 300w\" sizes=\"(max-width: 550px) 100vw, 550px\" \/><figcaption class=\"wp-element-caption\">Tudja meg, kik l\u00e1togatt\u00e1k meg a profilj\u00e1t<\/figcaption><\/figure><\/div>\n\n\n<h2 class=\"wp-block-heading\">N\u00e9pszer\u0171 alkalmaz\u00e1selemz\u00e9s \ud83c\udfa1\ud83d\udcda\ud83c\udf10<\/h2>\n\n\n\n<h3 class=\"wp-block-heading\">Profile Analyzer \ud83d\udd75\ufe0f\ud83c\udf1f\ud83c\udf10<\/h3>\n\n\n\n<p>A Profile Analyzer az egyik legismertebb alkalmaz\u00e1s erre a funkci\u00f3ra.<\/p>\n\n\n\n<p>Lehet\u0151v\u00e9 teszi a l\u00e1jkok, hozz\u00e1sz\u00f3l\u00e1sok \u00e9s egy\u00e9b interakci\u00f3k elemz\u00e9s\u00e9t, r\u00e9szletes rangsorol\u00e1st biztos\u00edtva a profilod legn\u00e9pszer\u0171bb l\u00e1togat\u00f3ir\u00f3l. \ud83c\udf1f\ud83c\udf89\ud83d\udd0d<\/p>\n\n\n\n<ul class=\"wp-block-list\">\n<li><strong>Platformok<\/strong>Android \u00e9s iOS<\/li>\n\n\n\n<li><strong>\u00c9rt\u00e9kel\u00e9s<\/strong>4,5\/5 az alkalmaz\u00e1sboltokban<\/li>\n\n\n\n<li><strong>Kiemelt<\/strong>Egyszer\u0171 fel\u00fclet \u00e9s gyors eredm\u00e9nyek.<\/li>\n<\/ul>\n\n\n\n<h3 class=\"wp-block-heading\">K\u00f6z\u00f6ss\u00e9gi m\u00e9dia elemz\u00e9sek \ud83d\udd0d\ud83c\udf89\ud83c\udf1f<\/h3>\n\n\n\n<p>Azoknak, akik \u00e1tfog\u00f3bb elemz\u00e9sre v\u00e1gynak, a Social Insights jelent\u00e9seket k\u00edn\u00e1l az elk\u00f6telez\u0151d\u00e9si \u00e9s interakci\u00f3s trendekr\u0151l. \ud83d\udd75\ufe0f\u200d\u2642\ufe0f\ud83c\udf10\ud83c\udfa1<\/p>\n\n\n\n<ul class=\"wp-block-list\">\n<li><strong>Platformok<\/strong>Android \u00e9s iOS<\/li>\n\n\n\n<li><strong>\u00c9rt\u00e9kel\u00e9s<\/strong>: 4.3\/5<\/li>\n\n\n\n<li><strong>Kiemelt<\/strong>Ide\u00e1lis tartalomk\u00e9sz\u00edt\u0151k \u00e9s marketing szakemberek sz\u00e1m\u00e1ra.<\/li>\n<\/ul>\n\n\n\n<h3 class=\"wp-block-heading\">Influxy \ud83c\udf1f\ud83c\udf89\ud83d\udd0d<\/h3>\n\n\n\n<p>T\u00e1gabb \u00e9rtelemben az Influxy nyomon k\u00f6veti a profilmegtekint\u00e9seket, \u00e9s nagyszer\u0171en nyomon k\u00f6vetheti, hogy kik hagyt\u00e1k el a k\u00f6vet\u00e9sedet. \ud83c\udf1f\ud83d\udd75\ufe0f\u200d\u2642\ufe0f\ud83c\udfa1<\/p>\n\n\n\n<ul class=\"wp-block-list\">\n<li><strong>Platformok<\/strong>Android \u00e9s iOS<\/li>\n\n\n\n<li><strong>\u00c9rt\u00e9kel\u00e9s<\/strong>: 4.6\/5<\/li>\n\n\n\n<li><strong>Kiemelt<\/strong>Tov\u00e1bbi funkci\u00f3k, p\u00e9ld\u00e1ul a \u201ek\u00f6vet\u00e9s megsz\u00fcntet\u00e9se\u201d.<\/li>\n<\/ul>\n\n\n\n<h2 class=\"wp-block-heading\">Felhaszn\u00e1l\u00f3k v\u00e9lem\u00e9nye \ud83d\udd75\ufe0f\u200d\u2640\ufe0f\ud83c\udf89\ud83c\udf1f<\/h2>\n\n\n\n<p>Sok felhaszn\u00e1l\u00f3 pozit\u00edv tapasztalatokr\u00f3l sz\u00e1mol be ezekkel az alkalmaz\u00e1sokkal kapcsolatban.<\/p>\n\n\n\n<p>\u201eR\u00e1j\u00f6ttem, hogy a legjobb bar\u00e1tom mindig kommentel a posztjaimra, de a profilomon is mindig ott van!\u201d \u2013 mondja a Profile Analyzer egyik felhaszn\u00e1l\u00f3ja.<\/p>\n\n\n\n<p>M\u00e1sok a professzion\u00e1lis \u00e9rt\u00e9ket emelik ki: \u201eA Social Insights seg\u00edts\u00e9g\u00e9vel jobban meg\u00e9rtem a k\u00f6z\u00f6ns\u00e9gemet az Instagramon\u201d \u2013 mondja Carlos, tartalomk\u00e9sz\u00edt\u0151. \ud83c\udf89\ud83c\udfa1\ud83d\udee1\ufe0f<\/p>\n\n\n\n<h2 class=\"wp-block-heading\">Konkl\u00fazi\u00f3: Fedezz fel \u00e9s kapcsol\u00f3dj \ud83d\udc64\ud83c\udf1f\ud83c\udfa1<\/h2>\n\n\n\n<p>Az, hogy tudod, kik l\u00e1togatj\u00e1k a profilodat, t\u00f6bb, mint puszt\u00e1n a k\u00edv\u00e1ncsis\u00e1g kiel\u00e9g\u00edt\u00e9se: ez egy m\u00f3dja annak, hogy er\u0151sebb kapcsolatokat \u00e9p\u00edts ki, \u00e9s meg\u00e9rtsd, hogyan l\u00e1tnak t\u00e9ged a k\u00f6z\u00f6ss\u00e9gi m\u00e9di\u00e1ban.<\/p>\n\n\n\n<p>Az olyan megb\u00edzhat\u00f3 alkalmaz\u00e1sokkal, mint a Profile Analyzer, a Social Insights \u00e9s az Influxy, ez a feladat k\u00f6nnyebben el\u00e9rhet\u0151v\u00e9 \u00e9s biztons\u00e1gosabb\u00e1 v\u00e1lt. \ud83c\udf10\ud83c\udf1f\ud83c\udf89<\/p>\n\n\n\n<p>Mit sz\u00f3ln\u00e1l, ha kipr\u00f3b\u00e1ln\u00e1d, \u00e9s megtudn\u00e1d, kit \u00e9rdekel a profilod? \ud83d\ude80\ud83c\udf10\ud83c\udf1f<\/p>\n\n\n\n<h3 class=\"wp-block-heading\">Let\u00f6lt\u00e9si linkek: \ud83d\udd0d\ud83c\udfa1\ud83c\udf1f<\/h3>\n\n\n\n<ul class=\"wp-block-list\">\n<li class=\"has-medium-font-size\"><strong>Profilelemz\u0151:<\/strong> <a href=\"https:\/\/play.google.com\/store\/apps\/details?id=com.analyzing.network\">Android<\/a> \/ <a href=\"https:\/\/apps.apple.com\/us\/app\/the-profile-analyzer\/id1441979611\">iOS<\/a><\/li>\n\n\n\n<li class=\"has-medium-font-size\"><strong>K\u00f6z\u00f6ss\u00e9gi inform\u00e1ci\u00f3k:<\/strong> <a href=\"https:\/\/play.google.com\/store\/apps\/details?id=com.wprofeel.wprofile&amp;hl=en_US\">Android<\/a> \/ <a href=\"https:\/\/apps.apple.com\/us\/app\/who-profile-view-for-my-insta\/id1554870653\">iOS<\/a><\/li>\n\n\n\n<li class=\"has-medium-font-size\"><strong>Be\u00e1raml\u00e1s<\/strong>: <a href=\"https:\/\/play.google.com\/store\/apps\/details?id=app.Influxy.app&amp;hl=pt_BR\">Android<\/a> \/ <a href=\"https:\/\/apps.apple.com\/br\/app\/influxy\/id1488391020\">iOS<\/a><\/li>\n<\/ul>\n\n\n\n<h3 class=\"wp-block-heading\"><strong>GYIK a profilod megl\u00e1togat\u00f3inak adatait tartalmaz\u00f3 alkalmaz\u00e1sokr\u00f3l<\/strong><\/h3>\n\n\n\n<p><strong>1. Biztons\u00e1gosak ezek az alkalmaz\u00e1sok?<\/strong><br>A biztons\u00e1g az adott alkalmaz\u00e1st\u00f3l f\u00fcgg. Fontos, hogy olyan alkalmaz\u00e1sokat v\u00e1lassz, amelyek j\u00f3 \u00e9rt\u00e9kel\u00e9sekkel \u00e9s v\u00e9lem\u00e9nyekkel rendelkeznek a hivatalos \u00e1ruh\u00e1zakban, p\u00e9ld\u00e1ul a Google Playen \u00e9s az App Store-ban. \u00dcgyelj arra is, hogy ne k\u00e9rjenek jelszavakat vagy t\u00falzott enged\u00e9lyeket. Felt\u00e9tlen\u00fcl olvasd el az adatv\u00e9delmi ir\u00e1nyelveket, hogy meg\u00e9rtsd, hogyan kezelik a szem\u00e9lyes adataidat.<\/p>\n\n\n\n<p><strong>2. Az alkalmaz\u00e1sok t\u00e9nyleg mutatj\u00e1k, hogy kik l\u00e1togatj\u00e1k a profilomat?<\/strong><br>Ezek az alkalmaz\u00e1sok nem f\u00e9rnek hozz\u00e1 k\u00f6zvetlen\u00fcl a k\u00f6z\u00f6ss\u00e9gi m\u00e9dia bizalmas adataihoz. Ehelyett a nyilv\u00e1nos interakci\u00f3kat, p\u00e9ld\u00e1ul a l\u00e1jkokat, a hozz\u00e1sz\u00f3l\u00e1sokat vagy a t\u00f6rt\u00e9netek megtekint\u00e9seit elemzik. Ez\u00e9rt a felhaszn\u00e1l\u00f3i aktivit\u00e1s alapj\u00e1n becsl\u00e9st adnak, de nem garant\u00e1lj\u00e1k a l\u00e1togat\u00f3k pontos list\u00e1j\u00e1t.<\/p>\n\n\n\n<p><strong>3. Melyek a legjobb alkalmaz\u00e1sok ehhez?<\/strong><br>N\u00e9h\u00e1ny a legink\u00e1bb aj\u00e1nlott alkalmaz\u00e1sok k\u00f6z\u00fcl: <strong>Profile Analyzer<\/strong>, <strong>K\u00f6z\u00f6ss\u00e9gi inform\u00e1ci\u00f3k<\/strong> \u00e9s <strong>Be\u00e1raml\u00e1s<\/strong>Ezek az eszk\u00f6z\u00f6k j\u00f3 \u00e9rt\u00e9kel\u00e9sekkel rendelkeznek, \u00e9s olyan speci\u00e1lis funkci\u00f3kkal rendelkeznek, mint az elk\u00f6telez\u0151d\u00e9si elemz\u00e9s \u00e9s a k\u00f6vet\u00e9s megsz\u00fcntet\u00e9s\u00e9nek k\u00f6vet\u00e9se. Androidra \u00e9s iOS-re is el\u00e9rhet\u0151k, intuit\u00edv fel\u00fcleteket \u00e9s ingyenes opci\u00f3kat k\u00edn\u00e1lnak.<\/p>\n\n\n\n<p><strong>4. Ingyenesek ezek az alkalmaz\u00e1sok?<\/strong><br>Ezen alkalmaz\u00e1sok k\u00f6z\u00fcl sok ingyenes verzi\u00f3t k\u00edn\u00e1l korl\u00e1tozott funkci\u00f3kkal. Azonban a halad\u00f3 funkci\u00f3k, p\u00e9ld\u00e1ul a r\u00e9szletesebb jelent\u00e9sek vagy a val\u00f3s idej\u0171 elemz\u00e9sek el\u00e9r\u00e9s\u00e9hez gyakran fizet\u0151s verzi\u00f3 is el\u00e9rhet\u0151. Javasoljuk, hogy el\u0151sz\u00f6r az ingyenes verzi\u00f3t pr\u00f3b\u00e1lja ki, hogy felm\u00e9rje, megfelel-e az ig\u00e9nyeinek.<\/p>\n\n\n\n<p><strong>5. Haszn\u00e1lhatom ezeket az alkalmaz\u00e1sokat b\u00e1rmelyik k\u00f6z\u00f6ss\u00e9gi h\u00e1l\u00f3zaton?<\/strong><br>Ezen eszk\u00f6z\u00f6k t\u00f6bbs\u00e9g\u00e9t \u00fagy tervezt\u00e9k, hogy m\u0171k\u00f6dj\u00f6n n\u00e9pszer\u0171 k\u00f6z\u00f6ss\u00e9gi h\u00e1l\u00f3zatokkal, mint p\u00e9ld\u00e1ul a Facebook \u00e9s az Instagram. A kompatibilit\u00e1s azonban alkalmaz\u00e1sonk\u00e9nt elt\u00e9r\u0151 lehet. N\u00e9melyik egy adott h\u00e1l\u00f3zatra specializ\u00e1l\u00f3dott, m\u00edg m\u00e1sok t\u00f6bb platformot is t\u00e1mogatnak. Let\u00f6lt\u00e9s el\u0151tt ellen\u0151rizze az egyes alkalmaz\u00e1sok specifik\u00e1ci\u00f3it.<\/p>","protected":false},"excerpt":{"rendered":"<p>\ud83d\ude0a\ud83c\udf10\ud83d\udca1Ki figyel t\u00e9ged? Tudd meg most! Mit keresel ma? Olvass tov\u00e1bb! Elgondolkodt\u00e1l m\u00e1r azon, hogy ki l\u00e1togatja a profilodat? Lehet, hogy ez a m\u00faltadb\u00f3l ismert szem\u00e9ly, egy titkos im\u00e1d\u00f3, vagy ak\u00e1r egy k\u00edv\u00e1ncsi bar\u00e1t. Az igazs\u00e1g az, hogy ez az egyik legnagyobb k\u00edv\u00e1ncsis\u00e1g, ami a k\u00f6z\u00f6ss\u00e9gi m\u00e9dia felhaszn\u00e1l\u00f3it foglalkoztatja [\u2026]<\/p>","protected":false},"author":0,"featured_media":7889,"comment_status":"closed","ping_status":"open","sticky":false,"template":"","format":"standard","meta":{"footnotes":""},"categories":[2],"tags":[88,1399,1459],"yoast_head":"<!-- This site is optimized with the Yoast SEO plugin v23.3 - https:\/\/yoast.com\/wordpress\/plugins\/seo\/ -->\n<title>Descubre Qui\u00e9n Visit\u00f3 Tu Perfil - Universo Fam\u00edlia<\/title>\n<meta name=\"description\" content=\"Descubre Qui\u00e9n Visit\u00f3 Tu Perfil. \u00bfAlguna vez te has preguntado qui\u00e9n ha estado visitando tu perfil?Puede ser esa persona del pasado, un...\" \/>\n<meta name=\"robots\" content=\"index, follow, max-snippet:-1, max-image-preview:large, max-video-preview:-1\" \/>\n<link rel=\"canonical\" href=\"http:\/\/universofamilia.com\/hu\/descubre-quien-visito-tu-perfil-2\/\" \/>\n<meta property=\"og:locale\" content=\"hu_HU\" \/>\n<meta property=\"og:type\" content=\"article\" \/>\n<meta property=\"og:title\" content=\"Descubre Qui\u00e9n Visit\u00f3 Tu Perfil - Universo Fam\u00edlia\" \/>\n<meta property=\"og:description\" content=\"Descubre Qui\u00e9n Visit\u00f3 Tu Perfil. \u00bfAlguna vez te has preguntado qui\u00e9n ha estado visitando tu perfil?Puede ser esa persona del pasado, un...\" \/>\n<meta property=\"og:url\" content=\"http:\/\/universofamilia.com\/hu\/descubre-quien-visito-tu-perfil-2\/\" \/>\n<meta property=\"og:site_name\" content=\"Universo Fam\u00edlia\" \/>\n<meta property=\"article:published_time\" content=\"2024-12-27T15:04:34+00:00\" \/>\n<meta property=\"og:image\" content=\"http:\/\/universofamilia.com\/wp-content\/uploads\/sites\/148\/2024\/12\/DESTAQUE-UNIVERSO-550-x-350-19.jpg\" \/>\n\t<meta property=\"og:image:width\" content=\"550\" \/>\n\t<meta property=\"og:image:height\" content=\"350\" \/>\n\t<meta property=\"og:image:type\" content=\"image\/jpeg\" \/>\n<meta name=\"twitter:card\" content=\"summary_large_image\" \/>\n<meta name=\"twitter:label1\" content=\"Est. reading time\" \/>\n\t<meta name=\"twitter:data1\" content=\"8 perc\" \/>\n<script type=\"application\/ld+json\" class=\"yoast-schema-graph\">{\"@context\":\"https:\/\/schema.org\",\"@graph\":[{\"@type\":\"WebPage\",\"@id\":\"http:\/\/universofamilia.com\/ar\/descubre-quien-visito-tu-perfil-2\/\",\"url\":\"http:\/\/universofamilia.com\/ar\/descubre-quien-visito-tu-perfil-2\/\",\"name\":\"Descubre Qui\u00e9n Visit\u00f3 Tu Perfil - Universo Fam\u00edlia\",\"isPartOf\":{\"@id\":\"https:\/\/universofamilia.com\/el\/#website\"},\"primaryImageOfPage\":{\"@id\":\"http:\/\/universofamilia.com\/ar\/descubre-quien-visito-tu-perfil-2\/#primaryimage\"},\"image\":{\"@id\":\"http:\/\/universofamilia.com\/ar\/descubre-quien-visito-tu-perfil-2\/#primaryimage\"},\"thumbnailUrl\":\"https:\/\/universofamilia.com\/wp-content\/uploads\/sites\/148\/2024\/12\/DESTAQUE-UNIVERSO-550-x-350-19.jpg\",\"datePublished\":\"2024-12-27T15:04:34+00:00\",\"dateModified\":\"2024-12-27T15:04:34+00:00\",\"author\":{\"@id\":\"\"},\"description\":\"Descubre Qui\u00e9n Visit\u00f3 Tu Perfil. \u00bfAlguna vez te has preguntado qui\u00e9n ha estado visitando tu perfil?Puede ser esa persona del pasado, un...\",\"breadcrumb\":{\"@id\":\"http:\/\/universofamilia.com\/ar\/descubre-quien-visito-tu-perfil-2\/#breadcrumb\"},\"inLanguage\":\"hu\",\"potentialAction\":[{\"@type\":\"ReadAction\",\"target\":[\"http:\/\/universofamilia.com\/ar\/descubre-quien-visito-tu-perfil-2\/\"]}]},{\"@type\":\"ImageObject\",\"inLanguage\":\"hu\",\"@id\":\"http:\/\/universofamilia.com\/ar\/descubre-quien-visito-tu-perfil-2\/#primaryimage\",\"url\":\"https:\/\/universofamilia.com\/wp-content\/uploads\/sites\/148\/2024\/12\/DESTAQUE-UNIVERSO-550-x-350-19.jpg\",\"contentUrl\":\"https:\/\/universofamilia.com\/wp-content\/uploads\/sites\/148\/2024\/12\/DESTAQUE-UNIVERSO-550-x-350-19.jpg\",\"width\":550,\"height\":350,\"caption\":\"Descubre Qui\u00e9n Visit\u00f3 Tu Perfil\"},{\"@type\":\"BreadcrumbList\",\"@id\":\"http:\/\/universofamilia.com\/ar\/descubre-quien-visito-tu-perfil-2\/#breadcrumb\",\"itemListElement\":[{\"@type\":\"ListItem\",\"position\":1,\"name\":\"Home\",\"item\":\"https:\/\/universofamilia.com\/el\/\"},{\"@type\":\"ListItem\",\"position\":2,\"name\":\"Descubre Qui\u00e9n Visit\u00f3 Tu Perfil\"}]},{\"@type\":\"WebSite\",\"@id\":\"https:\/\/universofamilia.com\/el\/#website\",\"url\":\"https:\/\/universofamilia.com\/el\/\",\"name\":\"Universo Fam\u00edlia\",\"description\":\"\",\"potentialAction\":[{\"@type\":\"SearchAction\",\"target\":{\"@type\":\"EntryPoint\",\"urlTemplate\":\"https:\/\/universofamilia.com\/el\/?s={search_term_string}\"},\"query-input\":\"required name=search_term_string\"}],\"inLanguage\":\"hu\"}]}<\/script>\n<!-- \/ Yoast SEO plugin. -->","yoast_head_json":{"title":"Descubre Qui\u00e9n Visit\u00f3 Tu Perfil - Universo Fam\u00edlia","description":"Descubre Qui\u00e9n Visit\u00f3 Tu Perfil. \u00bfAlguna vez te has preguntado qui\u00e9n ha estado visitando tu perfil?Puede ser esa persona del pasado, un...","robots":{"index":"index","follow":"follow","max-snippet":"max-snippet:-1","max-image-preview":"max-image-preview:large","max-video-preview":"max-video-preview:-1"},"canonical":"http:\/\/universofamilia.com\/hu\/descubre-quien-visito-tu-perfil-2\/","og_locale":"hu_HU","og_type":"article","og_title":"Descubre Qui\u00e9n Visit\u00f3 Tu Perfil - Universo Fam\u00edlia","og_description":"Descubre Qui\u00e9n Visit\u00f3 Tu Perfil. \u00bfAlguna vez te has preguntado qui\u00e9n ha estado visitando tu perfil?Puede ser esa persona del pasado, un...","og_url":"http:\/\/universofamilia.com\/hu\/descubre-quien-visito-tu-perfil-2\/","og_site_name":"Universo Fam\u00edlia","article_published_time":"2024-12-27T15:04:34+00:00","og_image":[{"width":550,"height":350,"url":"http:\/\/universofamilia.com\/wp-content\/uploads\/sites\/148\/2024\/12\/DESTAQUE-UNIVERSO-550-x-350-19.jpg","type":"image\/jpeg"}],"twitter_card":"summary_large_image","twitter_misc":{"Est. reading time":"8 perc"},"schema":{"@context":"https:\/\/schema.org","@graph":[{"@type":"WebPage","@id":"http:\/\/universofamilia.com\/ar\/descubre-quien-visito-tu-perfil-2\/","url":"http:\/\/universofamilia.com\/ar\/descubre-quien-visito-tu-perfil-2\/","name":"Descubre Qui\u00e9n Visit\u00f3 Tu Perfil - Universo Fam\u00edlia","isPartOf":{"@id":"https:\/\/universofamilia.com\/el\/#website"},"primaryImageOfPage":{"@id":"http:\/\/universofamilia.com\/ar\/descubre-quien-visito-tu-perfil-2\/#primaryimage"},"image":{"@id":"http:\/\/universofamilia.com\/ar\/descubre-quien-visito-tu-perfil-2\/#primaryimage"},"thumbnailUrl":"https:\/\/universofamilia.com\/wp-content\/uploads\/sites\/148\/2024\/12\/DESTAQUE-UNIVERSO-550-x-350-19.jpg","datePublished":"2024-12-27T15:04:34+00:00","dateModified":"2024-12-27T15:04:34+00:00","author":{"@id":""},"description":"Descubre Qui\u00e9n Visit\u00f3 Tu Perfil. \u00bfAlguna vez te has preguntado qui\u00e9n ha estado visitando tu perfil?Puede ser esa persona del pasado, un...","breadcrumb":{"@id":"http:\/\/universofamilia.com\/ar\/descubre-quien-visito-tu-perfil-2\/#breadcrumb"},"inLanguage":"hu","potentialAction":[{"@type":"ReadAction","target":["http:\/\/universofamilia.com\/ar\/descubre-quien-visito-tu-perfil-2\/"]}]},{"@type":"ImageObject","inLanguage":"hu","@id":"http:\/\/universofamilia.com\/ar\/descubre-quien-visito-tu-perfil-2\/#primaryimage","url":"https:\/\/universofamilia.com\/wp-content\/uploads\/sites\/148\/2024\/12\/DESTAQUE-UNIVERSO-550-x-350-19.jpg","contentUrl":"https:\/\/universofamilia.com\/wp-content\/uploads\/sites\/148\/2024\/12\/DESTAQUE-UNIVERSO-550-x-350-19.jpg","width":550,"height":350,"caption":"Descubre Qui\u00e9n Visit\u00f3 Tu Perfil"},{"@type":"BreadcrumbList","@id":"http:\/\/universofamilia.com\/ar\/descubre-quien-visito-tu-perfil-2\/#breadcrumb","itemListElement":[{"@type":"ListItem","position":1,"name":"Home","item":"https:\/\/universofamilia.com\/el\/"},{"@type":"ListItem","position":2,"name":"Descubre Qui\u00e9n Visit\u00f3 Tu Perfil"}]},{"@type":"WebSite","@id":"https:\/\/universofamilia.com\/el\/#website","url":"https:\/\/universofamilia.com\/el\/","name":"Universo Fam\u00edlia","description":"","potentialAction":[{"@type":"SearchAction","target":{"@type":"EntryPoint","urlTemplate":"https:\/\/universofamilia.com\/el\/?s={search_term_string}"},"query-input":"required name=search_term_string"}],"inLanguage":"hu"}]}},"_links":{"self":[{"href":"https:\/\/universofamilia.com\/hu\/wp-json\/wp\/v2\/posts\/7888"}],"collection":[{"href":"https:\/\/universofamilia.com\/hu\/wp-json\/wp\/v2\/posts"}],"about":[{"href":"https:\/\/universofamilia.com\/hu\/wp-json\/wp\/v2\/types\/post"}],"replies":[{"embeddable":true,"href":"https:\/\/universofamilia.com\/hu\/wp-json\/wp\/v2\/comments?post=7888"}],"version-history":[{"count":0,"href":"https:\/\/universofamilia.com\/hu\/wp-json\/wp\/v2\/posts\/7888\/revisions"}],"wp:featuredmedia":[{"embeddable":true,"href":"https:\/\/universofamilia.com\/hu\/wp-json\/wp\/v2\/media\/7889"}],"wp:attachment":[{"href":"https:\/\/universofamilia.com\/hu\/wp-json\/wp\/v2\/media?parent=7888"}],"wp:term":[{"taxonomy":"category","embeddable":true,"href":"https:\/\/universofamilia.com\/hu\/wp-json\/wp\/v2\/categories?post=7888"},{"taxonomy":"post_tag","embeddable":true,"href":"https:\/\/universofamilia.com\/hu\/wp-json\/wp\/v2\/tags?post=7888"}],"curies":[{"name":"wp","href":"https:\/\/api.w.org\/{rel}","templated":true}]}}