{"id":7909,"date":"2024-12-30T14:33:08","date_gmt":"2024-12-30T17:33:08","guid":{"rendered":"https:\/\/universofamilia.com\/?p=7909"},"modified":"2025-11-20T22:15:19","modified_gmt":"2025-11-21T01:15:19","slug":"estoy-solo-mira-las-apps-que-uso","status":"publish","type":"post","link":"https:\/\/universofamilia.com\/hu\/estoy-solo-mira-las-apps-que-uso\/","title":{"rendered":"Egyed\u00fcl vagyok: n\u00e9zd meg, milyen alkalmaz\u00e1sokat haszn\u00e1lok!"},"content":{"rendered":"<p>Az egyed\u00fcll\u00e9t neh\u00e9zkes lehet, igaz?<\/p>\n\n\n\n<p>Fedezz fel olyan alkalmaz\u00e1sokat, amelyek \u00e1talak\u00edtj\u00e1k a t\u00e1rsas\u00e1gi \u00e9s szerelmi \u00e9letedet.<\/p>\n\n\n\n<p>Mindenki \u00e9rzi el\u0151bb-ut\u00f3bb, hogy besz\u00e9lgetni szeretne valakivel, \u00f6tleteket cser\u00e9lni, vagy ak\u00e1r \u00faj szerelmet tal\u00e1lni.<\/p>\n\n\n\n<p>\u00c9s n\u00e9zd, a j\u00f3 h\u00edr az, hogy ma m\u00e1r sz\u00e1mos alkalmaz\u00e1s seg\u00edthet ebben.<\/p>\n\n\n\n<h4 class=\"wp-block-heading has-text-align-center\">Besz\u00e9lj hozz\u00e1m?<\/h4>\n\n\n\n<div class=\"wp-block-buttons is-content-justification-center is-layout-flex wp-container-core-buttons-layout-1 wp-block-buttons-is-layout-flex\">\n<div class=\"wp-block-button has-custom-width wp-block-button__width-100 is-style-outline\" style=\"text-decoration:none\"><a class=\"wp-block-button__link has-white-color has-vivid-purple-background-color has-text-color has-background has-link-color has-border-color has-ast-global-color-5-border-color has-text-align-center wp-element-button\" href=\"https:\/\/www.messenger.com\/login.php?next=https%3A%2F%2Fwww.messenger.com%2Ft%2F110263563681990%2F%3Fref%3Dw30174560--utm_campaign%253D%257B%257Badset.id%257D%257D%26messaging_source%3Dsource%253Apages%253Amessage_shortlink%26source_id%3D1441792%26recurring_notification%3D0\" style=\"border-radius:6px\">Besz\u00e9lget\u00e9s ind\u00edt\u00e1sa \u27a1\ufe0f<\/a><\/div>\n<\/div>\n\n\n\n<p class=\"has-text-align-right\"><em><strong>\u00c1tir\u00e1ny\u00edtunk egy m\u00e1sik webhelyre<\/strong><\/em><\/p>\n\n\n\n<hr class=\"wp-block-separator alignfull has-text-color has-alpha-channel-opacity has-background is-style-wide\" style=\"background-color:#006196;color:#006196\" \/>\n\n\n\n<p><\/p>\n\n\n\n<p>Ebben a cikkben megosztom veletek azokat az alkalmaz\u00e1sokat, amiket \u00e9n haszn\u00e1lok, \u00e9s amik hatalmas v\u00e1ltoz\u00e1st hoztak az \u00e9letembe.<\/p>\n\n\n\n<h3 class=\"wp-block-heading\">Mennyire fontos besz\u00e9lni valakivel<\/h3>\n\n\n\n<p>\u00c9szrevetted m\u00e1r, hogy egy besz\u00e9lget\u00e9s mennyire meg tudja v\u00e1ltoztatni a napodat? Ha van kivel besz\u00e9lgetned \u00e9s megoszthatod az \u00e9rz\u00e9seidet, az rengeteg j\u00f3t tesz.<\/p>\n\n\n\n<p>Ak\u00e1r egy vicc felnevet\u00e9s\u00e9r\u0151l, ak\u00e1r egy rossz nap kimond\u00e1s\u00e1r\u00f3l van sz\u00f3, a m\u00e1sik szem\u00e9llyel val\u00f3 kapcsolattart\u00e1s elengedhetetlen az \u00e9rzelmi eg\u00e9szs\u00e9ghez.<\/p>\n\n\n\n<p>Gyakran egy egyszer\u0171 \u00fczenet is el\u00e9g ahhoz, hogy megadja nek\u00fcnk azt a vigaszt, amire oly k\u00e9ts\u00e9gbeesetten sz\u00fcks\u00e9g\u00fcnk van.<\/p>\n\n\n\n<h4 class=\"wp-block-heading has-text-align-center\">Milyen koroszt\u00e1lyt keresel?<\/h4>\n\n\n\n<div class=\"wp-block-buttons is-content-justification-center is-layout-flex wp-container-core-buttons-layout-2 wp-block-buttons-is-layout-flex\">\n<div class=\"wp-block-button has-custom-width wp-block-button__width-100 is-style-outline\" style=\"text-decoration:none\"><a class=\"wp-block-button__link has-white-color has-vivid-cyan-blue-background-color has-text-color has-background has-link-color has-text-align-left wp-element-button\" href=\"https:\/\/universofamilia.com\/hu\/7469\/conoce-quien-cruzo-tu-camino\/\" style=\"border-radius:6px\"><strong><strong>35 \u00e9s 50 \u00e9v k\u00f6z\u00f6tti<\/strong> \u27a1\ufe0f<\/strong><\/a><\/div>\n<\/div>\n\n\n\n<div class=\"wp-block-buttons is-content-justification-center is-layout-flex wp-container-core-buttons-layout-3 wp-block-buttons-is-layout-flex\">\n<div class=\"wp-block-button has-custom-width wp-block-button__width-100 is-style-outline\" style=\"text-decoration:none\"><a class=\"wp-block-button__link has-white-color has-vivid-cyan-blue-background-color has-text-color has-background has-link-color has-text-align-left wp-element-button\" href=\"https:\/\/universofamilia.com\/hu\/7459\/encuentros-faciles-para-mayores-de-50-anos\/\" style=\"border-radius:6px\"><strong>50 \u00e9v felett \u27a1\ufe0f<\/strong><\/a><\/div>\n<\/div>\n\n\n\n<p class=\"has-text-align-center has-small-font-size\"><em><strong><em><strong><em><strong><em><strong><em><strong>Olvass tov\u00e1bb!<\/strong><\/em><\/strong><\/em><\/strong><\/em><\/strong><\/em><\/strong><\/em><\/p>\n\n\n\n<hr class=\"wp-block-separator has-text-color has-luminous-vivid-orange-color has-alpha-channel-opacity has-luminous-vivid-orange-background-color has-background is-style-wide\" \/>\n\n\n\n<p><\/p>\n\n\n\n<h3 class=\"wp-block-heading\">A szerelemnek nincs kora<\/h3>\n\n\n\n<p>Ki mondta, hogy a szerelemnek lej\u00e1rati d\u00e1tuma van? Ak\u00e1r 20, ak\u00e1r 60 \u00e9ves vagy, mindig tal\u00e1lhatsz valakit, aki k\u00fcl\u00f6nleges.<\/p>\n\n\n\n<p>Val\u00f3j\u00e1ban az olyan t\u00e1rskeres\u0151 alkalmaz\u00e1sok, mint a SilverSingles \u00e9s az OurTime, pontosan az\u00e9rt vannak itt, hogy bebizony\u00edts\u00e1k: soha nem k\u00e9s\u0151 beleszeretni.<\/p>\n\n\n\n<p>Az \u00e9rettebb emberekre \u00f6sszpontos\u00edtanak, biztons\u00e1gos \u00e9s bar\u00e1ts\u00e1gos tereket k\u00edn\u00e1lva az \u00e9rtelmes kapcsolatok kialak\u00edt\u00e1s\u00e1hoz.<\/p>\n\n\n\n<h3 class=\"wp-block-heading\">A szerelem k\u00f6zelebb van, mint gondoln\u00e1d<\/h3>\n\n\n\n<p>N\u00e9ha azt gondoljuk, hogy valakit megtal\u00e1lni bonyolult feladat, de a mai alkalmaz\u00e1sok olyan embereket k\u00f6tnek \u00f6ssze, akiknek k\u00f6z\u00f6s az \u00e9rdekl\u0151d\u00e9si k\u00f6r\u00fck \u00e9s az \u00e9rt\u00e9krendj\u00fck.<\/p>\n\n\n\n<p>El tudod k\u00e9pzelni, hogy tal\u00e1lkozol valakivel, aki szint\u00e9n szereti azt a hobbit vagy tev\u00e9kenys\u00e9get, amit te annyira szeretsz?<\/p>\n\n\n\n<p>Ezek a platformok mindent megk\u00f6nny\u00edtenek, el\u0151seg\u00edtve a tal\u00e1lkoz\u00e1sokat olyan emberekkel, akik val\u00f3ban kompatibilisek veled.<\/p>\n\n\n\n<h3 class=\"wp-block-heading\">Bar\u00e1ts\u00e1g, valami k\u00f6tetlen dolog vagy p\u00e1rkapcsolat?<\/h3>\n\n\n\n<p>Nem mindig a nagy szerelemre t\u00f6reksz\u00fcnk, \u00e9s ez \u00edgy van rendj\u00e9n! Sokan haszn\u00e1lnak alkalmaz\u00e1sokat bar\u00e1tok vagy ak\u00e1r alkalmi t\u00e1rsas\u00e1g keres\u00e9s\u00e9re.<\/p>\n\n\n\n<p>A legfontosabb, hogy \u0151szinte legy\u00e9l azzal kapcsolatban, hogy mit keresel. \u00cdgy pontosan megtal\u00e1lod, amire sz\u00fcks\u00e9ged van, \u00e9s elker\u00fcl\u00f6d a csal\u00f3d\u00e1st.<\/p>\n\n\n\n<h3 class=\"wp-block-heading\">A legjobb alkalmaz\u00e1sok a szerelem megtal\u00e1l\u00e1s\u00e1hoz<\/h3>\n\n\n\n<p>Ha k\u00fcl\u00f6nleges partnert keresel, n\u00e9h\u00e1ny alkalmaz\u00e1s kiemelkedik. \u00cdme h\u00e1rom, amit aj\u00e1nlok:<\/p>\n\n\n\n<h4 class=\"wp-block-heading\"><strong>SilverSingles<\/strong><\/h4>\n\n\n\n<p>\u2728 Az 50 \u00e9v felettieknek tervezett SilverSingles t\u00f6k\u00e9letes azok sz\u00e1m\u00e1ra, akik komoly kapcsolatot keresnek.<\/p>\n\n\n\n<p>Egy szem\u00e9lyis\u00e9gteszten alapul\u00f3 kompatibilit\u00e1si rendszerrel seg\u00edt megtal\u00e1lni azt, aki val\u00f3ban kompatibilis veled.<\/p>\n\n\n\n<p>A kezel\u0151fel\u00fclet egyszer\u0171 \u00e9s k\u00f6nnyen haszn\u00e1lhat\u00f3, \u00edgy a felhaszn\u00e1l\u00f3i \u00e9lm\u00e9ny \u00e9lvezetes.<\/p>\n\n\n\n<h4 class=\"wp-block-heading\"><strong>A mi id\u0151nk<\/strong><\/h4>\n\n\n\n<p>\u2764\ufe0f Ha 50 \u00e9v feletti vagy \u00e9s \u00faj kapcsolatokat szeretn\u00e9l felfedezni, az OurTime nagyszer\u0171 v\u00e1laszt\u00e1s.<\/p>\n\n\n\n<p>Lehet\u0151v\u00e9 teszi, hogy olyan emberekkel tal\u00e1lkozz, akik hasonl\u00f3 \u00e9letszakaszban vannak. R\u00e1ad\u00e1sul szem\u00e9lyre szabhatod a profilodat, hogy kiemeld az \u00e9rdekl\u0151d\u00e9si k\u00f6r\u00f6det \u00e9s a preferenci\u00e1idat, n\u00f6velve az es\u00e9lyeidet, hogy k\u00fcl\u00f6nleges emberre tal\u00e1lj.<\/p>\n\n\n\n<h4 class=\"wp-block-heading\"><strong>\u00d6lt\u00e9s<\/strong><\/h4>\n\n\n\n<p>\ud83c\udf3f A Stitch t\u00f6bb mint egy t\u00e1rskeres\u0151 alkalmaz\u00e1s, a bar\u00e1ts\u00e1got \u00e9s t\u00e1rsas\u00e1got keres\u0151k k\u00f6z\u00f6ss\u00e9ge is.<\/p>\n\n\n\n<p>Ide\u00e1lis azok sz\u00e1m\u00e1ra, akik t\u00e1rsas\u00e1gi \u00e9letre v\u00e1gynak, hasonl\u00f3 \u00e9rdekl\u0151d\u00e9s\u0171 embereket k\u00f6t \u00f6ssze, legyen sz\u00f3 ak\u00e1r egy k\u00e1v\u00e9r\u00f3l, ak\u00e1r egy csoportos kir\u00e1ndul\u00e1sr\u00f3l.<\/p>\n\n\n<div class=\"wp-block-image\">\n<figure class=\"aligncenter size-full\"><img loading=\"lazy\" decoding=\"async\" width=\"550\" height=\"350\" src=\"http:\/\/universofamilia.com\/wp-content\/uploads\/sites\/148\/2024\/12\/DESTAQUE-UNIVERSO-550-x-350-21.jpg\" alt=\"\" class=\"wp-image-7910\" srcset=\"https:\/\/universofamilia.com\/wp-content\/uploads\/sites\/148\/2024\/12\/DESTAQUE-UNIVERSO-550-x-350-21.jpg 550w, https:\/\/universofamilia.com\/wp-content\/uploads\/sites\/148\/2024\/12\/DESTAQUE-UNIVERSO-550-x-350-21-300x191.jpg 300w\" sizes=\"(max-width: 550px) 100vw, 550px\" \/><figcaption class=\"wp-element-caption\">Egyed\u00fcl vagyok, n\u00e9zd meg, milyen alkalmaz\u00e1sokat haszn\u00e1lok!<\/figcaption><\/figure><\/div>\n\n\n<h3 class=\"wp-block-heading\">Mit mondanak a felhaszn\u00e1l\u00f3k?<\/h3>\n\n\n\n<p>\ud83d\udc96 \u201eA SilverSingles-en ismertem meg a p\u00e1romat, \u00e9s m\u00e1r k\u00e9t \u00e9ve egy\u00fctt vagyunk. Csod\u00e1latos volt tal\u00e1lni valakit, akinek ennyire hasonl\u00f3 \u00e9rt\u00e9kei vannak, mint nekem!\u201d \u2013 Mar\u00eda, 58.<\/p>\n\n\n\n<p>\ud83d\ude4c \u201eAz OurTime seg\u00edtett kil\u00e9pni a komfortz\u00f3n\u00e1mb\u00f3l \u00e9s csod\u00e1latos emberekkel tal\u00e1lkozni. Ma m\u00e1r egy olyan bar\u00e1ti h\u00e1l\u00f3zatom van, amelyet az alkalmaz\u00e1son kereszt\u00fcl k\u00f6t\u00f6ttem.\u201d \u2013 Juan, 62 \u00e9ves.<\/p>\n\n\n\n<p>\ud83d\uddf3\ufe0f \u201eA Stitch seg\u00edts\u00e9g\u00e9vel tal\u00e1ltam egy utaz\u00f3csoportot, \u00e9s ez volt a legjobb d\u00f6nt\u00e9sem. Bar\u00e1tokat szereztem \u00e9s csod\u00e1latos \u00e9lm\u00e9nyekben volt r\u00e9szem.\u201d \u2013 Clara, 55.<\/p>\n\n\n\n<h3 class=\"wp-block-heading\">Annak fontoss\u00e1ga, hogy tal\u00e1ljunk valakit, akivel besz\u00e9lgethet\u00fcnk<\/h3>\n\n\n\n<p>A romantik\u00e1n\u00e1l is fontosabb n\u00e9ha egy j\u00f3 besz\u00e9lget\u00e9s.<\/p>\n\n\n\n<p>Ezek az alkalmaz\u00e1sok pontosan erre k\u00edn\u00e1lnak teret. Egy cseveg\u00e9s enyh\u00edtheti a mag\u00e1nyt, s\u0151t, m\u00e9g a ment\u00e1lis eg\u00e9szs\u00e9g\u00fcnket is jav\u00edthatja.<\/p>\n\n\n\n<h3 class=\"wp-block-heading\">A k\u00e9nyelem, ha van kivel besz\u00e9lgetni<\/h3>\n\n\n\n<p>\ud83d\udc91 Ha van kivel megosztanod a pillanatokat, az megk\u00f6nny\u00edti \u00e9s sz\u00f3rakoztat\u00f3bb\u00e1 teszi az \u00e9letet. Nem kell egyed\u00fcl szemben\u00e9zned a mindennapi kih\u00edv\u00e1sokkal.<\/p>\n\n\n\n<p>Egyetlen kattint\u00e1ssal t\u00e1rsas\u00e1gra lelhetsz, s\u0151t, a megszokott rutinodat is valami k\u00fcl\u00f6nlegesebb\u00e9 alak\u00edthatod.<\/p>\n\n\n\n<h3 class=\"wp-block-heading\">Kapcsol\u00f3d\u00e1s a sz\u00edvvel \u00e9s a l\u00e9lekkel<\/h3>\n\n\n\n<p>\ud83c\udf1f Az igazi kapcsolatok t\u00falmutatnak a felsz\u00ednen. Amikor tal\u00e1lsz valakit, aki meg\u00e9rt t\u00e9ged, olyan, mintha egy \u00faj l\u00e1ng gyulladt volna fel benned.<\/p>\n\n\n\n<p>Ezek az alkalmaz\u00e1sok seg\u00edtenek \u00e9rtelmes k\u00f6tel\u00e9kek kialak\u00edt\u00e1s\u00e1ban, legyen sz\u00f3 bar\u00e1ts\u00e1gr\u00f3l vagy romantikus kapcsolatr\u00f3l.<\/p>\n\n\n\n<h3 class=\"wp-block-heading\">\u00daj kapcsolatok: Az \u00faj kezdetek var\u00e1zsa<\/h3>\n\n\n\n<p>Valami \u00fajba belekezdeni ijeszt\u0151 lehet, de hihetetlen\u00fcl izgalmas is. Minden besz\u00e9lget\u00e9s, minden tal\u00e1lkoz\u00e1s egy lehet\u0151s\u00e9g valami k\u00fcl\u00f6nlegesre.<\/p>\n\n\n\n<p>Az alkalmaz\u00e1sok megk\u00f6nny\u00edtik az els\u0151 l\u00e9p\u00e9s megt\u00e9tel\u00e9t \u00e9s a lehet\u0151s\u00e9gek t\u00e1rh\u00e1z\u00e1nak felfedez\u00e9s\u00e9t.<\/p>\n\n\n\n<h3 class=\"wp-block-heading\">K\u00f6vetkeztet\u00e9s<\/h3>\n\n\n\n<p>\ud83d\ude4f Ak\u00e1r a szerelem megtal\u00e1l\u00e1s\u00e1ra, ak\u00e1r \u00faj bar\u00e1tok szerz\u00e9s\u00e9re t\u00f6rekszel, az alkalmaz\u00e1sok \u00e9rt\u00e9kes eszk\u00f6z\u00f6k lehetnek.<\/p>\n\n\n\n<p>\u00d6sszehozz\u00e1k az embereket, kapcsolatokat teremtenek, \u00e9s seg\u00edtenek lek\u00fczdeni a mag\u00e1nyt. Pr\u00f3b\u00e1ld ki az egyik ilyen alkalmaz\u00e1st, \u00e9s fedezd fel, hogyan v\u00e1ltoztathatja meg az \u00e9letedet!<\/p>\n\n\n\n<h3 class=\"wp-block-heading\">Let\u00f6lt\u00e9si linkek:<\/h3>\n\n\n\n<ul class=\"wp-block-list\">\n<li><strong>SilverSingles<\/strong>: <a href=\"https:\/\/play.google.com\/store\/apps\/details?id=net.spark.silversingles.android.app.m1&amp;hl=pt_BR\">Android<\/a> \/ <a href=\"https:\/\/apps.apple.com\/us\/app\/silversingles-mature-dating\/id6448954405\">iOS<\/a><\/li>\n\n\n\n<li><strong>A mi id\u0151nk<\/strong>: <a href=\"https:\/\/www.ourtimebrasil.com.br\/masp\/pt-br\/deprecated\">Android<\/a> \/ <a href=\"https:\/\/www.ourtimebrasil.com.br\/masp\/pt-br\/deprecated\">iOS<\/a><\/li>\n\n\n\n<li><strong>\u00d6lt\u00e9s<\/strong>: <a href=\"https:\/\/play.google.com\/store\/apps\/details?id=net.stitch.app&amp;hl=pt_BR\">Android<\/a> \/ <a href=\"https:\/\/apps.apple.com\/br\/app\/stitch\/id1581052096\">iOS<\/a><\/li>\n<\/ul>\n\n\n\n<h3 class=\"wp-block-heading\"><strong>Gyakran Ism\u00e9telt K\u00e9rd\u00e9sek a T\u00e1rskeres\u0151 Alkalmaz\u00e1sokr\u00f3l<\/strong><\/h3>\n\n\n\n<h4 class=\"wp-block-heading\"><strong>1. Mik azok a t\u00e1rskeres\u0151 alkalmaz\u00e1sok?<\/strong><\/h4>\n\n\n\n<p>A t\u00e1rskeres\u0151 alkalmaz\u00e1sok olyan digit\u00e1lis platformok, amelyek c\u00e9lja, hogy \u00f6sszekapcsolj\u00e1k azokat az embereket, akik romantikus kapcsolatot, bar\u00e1ts\u00e1got vagy ak\u00e1r alkalmi t\u00e1rsas\u00e1got keresnek. Algoritmusokat \u00e9s szem\u00e9lyre szabott profilokat haszn\u00e1lnak a felhaszn\u00e1l\u00f3k k\u00f6z\u00f6tti kompatibilis p\u00e1rok megtal\u00e1l\u00e1s\u00e1nak el\u0151seg\u00edt\u00e9s\u00e9re.<\/p>\n\n\n\n<h4 class=\"wp-block-heading\"><strong>2. Hogyan m\u0171k\u00f6dnek ezek az alkalmaz\u00e1sok?<\/strong><\/h4>\n\n\n\n<p>A m\u0171velet egyszer\u0171: a felhaszn\u00e1l\u00f3k l\u00e9trehoznak egy profilt szem\u00e9lyes adatokkal, \u00e9rdekl\u0151d\u00e9si k\u00f6r\u00f6kkel \u00e9s f\u00e9nyk\u00e9pekkel. Innen az alkalmaz\u00e1sok potenci\u00e1lis partnereket javasolnak a preferenci\u00e1k, a helysz\u00edn vagy a kompatibilit\u00e1s alapj\u00e1n. Egyesek k\u00f6zvetlen cseveg\u00e9st tesznek lehet\u0151v\u00e9, m\u00edg m\u00e1sok fejlett funkci\u00f3kat, p\u00e9ld\u00e1ul videoh\u00edv\u00e1st k\u00edn\u00e1lnak.<\/p>\n\n\n\n<h4 class=\"wp-block-heading\"><strong>3. Biztons\u00e1gosak a randialkalmaz\u00e1sok?<\/strong><\/h4>\n\n\n\n<p>A legt\u00f6bb alkalmaz\u00e1s rendelkezik biztons\u00e1gi szab\u00e1lyzatokkal a felhaszn\u00e1l\u00f3k v\u00e9delme \u00e9rdek\u00e9ben, p\u00e9ld\u00e1ul profilellen\u0151rz\u00e9ssel \u00e9s a gyan\u00fas viselked\u00e9s blokkol\u00e1s\u00e1ra vagy jelent\u00e9s\u00e9re szolg\u00e1l\u00f3 lehet\u0151s\u00e9gekkel. Azonban mindig aj\u00e1nlott \u00f3vint\u00e9zked\u00e9seket tenni, p\u00e9ld\u00e1ul kezdetben nem megosztani \u00e9rz\u00e9keny szem\u00e9lyes adatokat.<\/p>\n\n\n\n<h4 class=\"wp-block-heading\"><strong>4. Csak fiataloknak sz\u00f3lnak?<\/strong><\/h4>\n\n\n\n<p>Nem. Vannak kifejezetten k\u00fcl\u00f6nb\u00f6z\u0151 koroszt\u00e1lyoknak tervezett alkalmaz\u00e1sok. P\u00e9ld\u00e1ul a SilverSingles \u00e9s az OurTime az 50 \u00e9v felettieknek sz\u00f3l, m\u00edg a Stitch a randev\u00faz\u00e1st a bar\u00e1ts\u00e1ggal \u00e9s a k\u00f6z\u00f6ss\u00e9ggel \u00f6tv\u00f6zi.<\/p>\n\n\n\n<h4 class=\"wp-block-heading\"><strong>5. Ingyenesek vagy fizet\u0151sek az alkalmaz\u00e1sok?<\/strong><\/h4>\n\n\n\n<p>Sok alkalmaz\u00e1s ingyenes verzi\u00f3t k\u00edn\u00e1l alapfunkci\u00f3kkal \u00e9s pr\u00e9mium opci\u00f3kkal, amelyek olyan fejlett funkci\u00f3kat oldanak fel, mint a fokozott l\u00e1that\u00f3s\u00e1g, a c\u00e9lzott sz\u0171r\u0151k \u00e9s a korl\u00e1tlan \u00fczenetk\u00fcld\u00e9s. Az \u00e1rak platformonk\u00e9nt elt\u00e9r\u0151ek.<\/p>\n\n\n\n<h4 class=\"wp-block-heading\"><strong>6. Hogyan v\u00e1laszthatom ki a sz\u00e1momra legmegfelel\u0151bb alkalmaz\u00e1st?<\/strong><\/h4>\n\n\n\n<p>A c\u00e9ljaidt\u00f3l f\u00fcgg. Ha komoly kapcsolatot keresel, a SilverSingles ide\u00e1lis v\u00e1laszt\u00e1s. Az \u00e9letszakaszt\u00f3l f\u00fcgg\u0151 kapcsolatokhoz az OurTime kiv\u00e1l\u00f3. A Stitch t\u00f6k\u00e9letes, ha ink\u00e1bb t\u00e1rsas\u00e1gi \u00e9letet vagy bar\u00e1tkoz\u00e1st szeretn\u00e9l.<\/p>\n\n\n\n<h4 class=\"wp-block-heading\"><strong>7. Mit kell felt\u00fcntetnem a profilomban?<\/strong><\/h4>\n\n\n\n<p>L\u00e9gy hiteles. Olyan inform\u00e1ci\u00f3kat is k\u00f6z\u00f6lj, amelyek t\u00fckr\u00f6zik az \u00e9rdekl\u0151d\u00e9si k\u00f6r\u00f6det, \u00e9rt\u00e9keidet \u00e9s azt, hogy mit keresel az alkalmaz\u00e1sban. Haszn\u00e1lj friss fot\u00f3kat, \u00e9s \u00edrj egy lebilincsel\u0151 \u00e9letrajzot, hogy kit\u0171nj a t\u00f6bbi felhaszn\u00e1l\u00f3 k\u00f6z\u00fcl.<\/p>","protected":false},"excerpt":{"rendered":"<p>Az egyed\u00fcll\u00e9t kih\u00edv\u00e1st jelenthet, igaz? Fedezz fel olyan alkalmaz\u00e1sokat, amelyek \u00e1talak\u00edtj\u00e1k a t\u00e1rsas\u00e1gi \u00e9s szerelmi \u00e9letedet. Mindenki el\u0151bb-ut\u00f3bb \u00fagy \u00e9rzi, hogy besz\u00e9lgetni szeretne valakivel, \u00f6tleteket cser\u00e9lni, vagy ak\u00e1r \u00faj szerelmet tal\u00e1lni. \u00c9s a j\u00f3 h\u00edr az, hogy manaps\u00e1g sz\u00e1mos alkalmaz\u00e1s seg\u00edthet ebben. A besz\u00e9lget\u00e9s [\u2026]<\/p>","protected":false},"author":139,"featured_media":7910,"comment_status":"closed","ping_status":"open","sticky":false,"template":"","format":"standard","meta":{"footnotes":""},"categories":[2],"tags":[410,661,1413],"yoast_head":"<!-- This site is optimized with the Yoast SEO plugin v23.3 - https:\/\/yoast.com\/wordpress\/plugins\/seo\/ -->\n<title>Estoy solo: \u00a1mira las apps que uso! - Universo Fam\u00edlia<\/title>\n<meta name=\"description\" content=\"Estoy solo: \u00a1mira las apps que uso! Todo el mundo, en alg\u00fan momento, siente esas ganas de conversar con alguien, intercambiar ideas...\" \/>\n<meta name=\"robots\" content=\"index, follow, max-snippet:-1, max-image-preview:large, max-video-preview:-1\" \/>\n<link rel=\"canonical\" href=\"http:\/\/universofamilia.com\/hu\/estoy-solo-mira-las-apps-que-uso\/\" \/>\n<meta property=\"og:locale\" content=\"hu_HU\" \/>\n<meta property=\"og:type\" content=\"article\" \/>\n<meta property=\"og:title\" content=\"Estoy solo: \u00a1mira las apps que uso! - Universo Fam\u00edlia\" \/>\n<meta property=\"og:description\" content=\"Estoy solo: \u00a1mira las apps que uso! Todo el mundo, en alg\u00fan momento, siente esas ganas de conversar con alguien, intercambiar ideas...\" \/>\n<meta property=\"og:url\" content=\"http:\/\/universofamilia.com\/hu\/estoy-solo-mira-las-apps-que-uso\/\" \/>\n<meta property=\"og:site_name\" content=\"Universo Fam\u00edlia\" \/>\n<meta property=\"article:published_time\" content=\"2024-12-30T17:33:08+00:00\" \/>\n<meta property=\"article:modified_time\" content=\"2025-11-21T01:15:19+00:00\" \/>\n<meta property=\"og:image\" content=\"http:\/\/universofamilia.com\/wp-content\/uploads\/sites\/148\/2024\/12\/DESTAQUE-UNIVERSO-550-x-350-21.jpg\" \/>\n\t<meta property=\"og:image:width\" content=\"550\" \/>\n\t<meta property=\"og:image:height\" content=\"350\" \/>\n\t<meta property=\"og:image:type\" content=\"image\/jpeg\" \/>\n<meta name=\"author\" content=\"Pedro Henrique\" \/>\n<meta name=\"twitter:card\" content=\"summary_large_image\" \/>\n<meta name=\"twitter:label1\" content=\"Written by\" \/>\n\t<meta name=\"twitter:data1\" content=\"Pedro Henrique\" \/>\n\t<meta name=\"twitter:label2\" content=\"Est. reading time\" \/>\n\t<meta name=\"twitter:data2\" content=\"7 perc\" \/>\n<script type=\"application\/ld+json\" class=\"yoast-schema-graph\">{\"@context\":\"https:\/\/schema.org\",\"@graph\":[{\"@type\":\"WebPage\",\"@id\":\"http:\/\/universofamilia.com\/ro\/estoy-solo-mira-las-apps-que-uso\/\",\"url\":\"http:\/\/universofamilia.com\/ro\/estoy-solo-mira-las-apps-que-uso\/\",\"name\":\"Estoy solo: \u00a1mira las apps que uso! - Universo Fam\u00edlia\",\"isPartOf\":{\"@id\":\"https:\/\/universofamilia.com\/el\/#website\"},\"primaryImageOfPage\":{\"@id\":\"http:\/\/universofamilia.com\/ro\/estoy-solo-mira-las-apps-que-uso\/#primaryimage\"},\"image\":{\"@id\":\"http:\/\/universofamilia.com\/ro\/estoy-solo-mira-las-apps-que-uso\/#primaryimage\"},\"thumbnailUrl\":\"https:\/\/universofamilia.com\/wp-content\/uploads\/sites\/148\/2024\/12\/DESTAQUE-UNIVERSO-550-x-350-21.jpg\",\"datePublished\":\"2024-12-30T17:33:08+00:00\",\"dateModified\":\"2025-11-21T01:15:19+00:00\",\"author\":{\"@id\":\"https:\/\/universofamilia.com\/el\/#\/schema\/person\/f07ce98187dd84d31154262e79b3b7ca\"},\"description\":\"Estoy solo: \u00a1mira las apps que uso! Todo el mundo, en alg\u00fan momento, siente esas ganas de conversar con alguien, intercambiar ideas...\",\"breadcrumb\":{\"@id\":\"http:\/\/universofamilia.com\/ro\/estoy-solo-mira-las-apps-que-uso\/#breadcrumb\"},\"inLanguage\":\"hu\",\"potentialAction\":[{\"@type\":\"ReadAction\",\"target\":[\"http:\/\/universofamilia.com\/ro\/estoy-solo-mira-las-apps-que-uso\/\"]}]},{\"@type\":\"ImageObject\",\"inLanguage\":\"hu\",\"@id\":\"http:\/\/universofamilia.com\/ro\/estoy-solo-mira-las-apps-que-uso\/#primaryimage\",\"url\":\"https:\/\/universofamilia.com\/wp-content\/uploads\/sites\/148\/2024\/12\/DESTAQUE-UNIVERSO-550-x-350-21.jpg\",\"contentUrl\":\"https:\/\/universofamilia.com\/wp-content\/uploads\/sites\/148\/2024\/12\/DESTAQUE-UNIVERSO-550-x-350-21.jpg\",\"width\":550,\"height\":350,\"caption\":\"Estoy solo, \u00a1mira las apps que uso!\"},{\"@type\":\"BreadcrumbList\",\"@id\":\"http:\/\/universofamilia.com\/ro\/estoy-solo-mira-las-apps-que-uso\/#breadcrumb\",\"itemListElement\":[{\"@type\":\"ListItem\",\"position\":1,\"name\":\"Home\",\"item\":\"https:\/\/universofamilia.com\/el\/\"},{\"@type\":\"ListItem\",\"position\":2,\"name\":\"Estoy solo: \u00a1mira las apps que uso!\"}]},{\"@type\":\"WebSite\",\"@id\":\"https:\/\/universofamilia.com\/el\/#website\",\"url\":\"https:\/\/universofamilia.com\/el\/\",\"name\":\"Universo Fam\u00edlia\",\"description\":\"\",\"potentialAction\":[{\"@type\":\"SearchAction\",\"target\":{\"@type\":\"EntryPoint\",\"urlTemplate\":\"https:\/\/universofamilia.com\/el\/?s={search_term_string}\"},\"query-input\":\"required name=search_term_string\"}],\"inLanguage\":\"hu\"},{\"@type\":\"Person\",\"@id\":\"https:\/\/universofamilia.com\/el\/#\/schema\/person\/f07ce98187dd84d31154262e79b3b7ca\",\"name\":\"Pedro Henrique\",\"image\":{\"@type\":\"ImageObject\",\"inLanguage\":\"hu\",\"@id\":\"https:\/\/universofamilia.com\/el\/#\/schema\/person\/image\/\",\"url\":\"https:\/\/secure.gravatar.com\/avatar\/9edfeb808cb4e1599f64d6e45b130154?s=96&d=mm&r=g\",\"contentUrl\":\"https:\/\/secure.gravatar.com\/avatar\/9edfeb808cb4e1599f64d6e45b130154?s=96&d=mm&r=g\",\"caption\":\"Pedro Henrique\"},\"url\":\"https:\/\/universofamilia.com\/hu\/author\/editor01\/\"}]}<\/script>\n<!-- \/ Yoast SEO plugin. -->","yoast_head_json":{"title":"Estoy solo: \u00a1mira las apps que uso! - Universo Fam\u00edlia","description":"Estoy solo: \u00a1mira las apps que uso! Todo el mundo, en alg\u00fan momento, siente esas ganas de conversar con alguien, intercambiar ideas...","robots":{"index":"index","follow":"follow","max-snippet":"max-snippet:-1","max-image-preview":"max-image-preview:large","max-video-preview":"max-video-preview:-1"},"canonical":"http:\/\/universofamilia.com\/hu\/estoy-solo-mira-las-apps-que-uso\/","og_locale":"hu_HU","og_type":"article","og_title":"Estoy solo: \u00a1mira las apps que uso! - Universo Fam\u00edlia","og_description":"Estoy solo: \u00a1mira las apps que uso! Todo el mundo, en alg\u00fan momento, siente esas ganas de conversar con alguien, intercambiar ideas...","og_url":"http:\/\/universofamilia.com\/hu\/estoy-solo-mira-las-apps-que-uso\/","og_site_name":"Universo Fam\u00edlia","article_published_time":"2024-12-30T17:33:08+00:00","article_modified_time":"2025-11-21T01:15:19+00:00","og_image":[{"width":550,"height":350,"url":"http:\/\/universofamilia.com\/wp-content\/uploads\/sites\/148\/2024\/12\/DESTAQUE-UNIVERSO-550-x-350-21.jpg","type":"image\/jpeg"}],"author":"Pedro Henrique","twitter_card":"summary_large_image","twitter_misc":{"Written by":"Pedro Henrique","Est. reading time":"7 perc"},"schema":{"@context":"https:\/\/schema.org","@graph":[{"@type":"WebPage","@id":"http:\/\/universofamilia.com\/ro\/estoy-solo-mira-las-apps-que-uso\/","url":"http:\/\/universofamilia.com\/ro\/estoy-solo-mira-las-apps-que-uso\/","name":"Estoy solo: \u00a1mira las apps que uso! - Universo Fam\u00edlia","isPartOf":{"@id":"https:\/\/universofamilia.com\/el\/#website"},"primaryImageOfPage":{"@id":"http:\/\/universofamilia.com\/ro\/estoy-solo-mira-las-apps-que-uso\/#primaryimage"},"image":{"@id":"http:\/\/universofamilia.com\/ro\/estoy-solo-mira-las-apps-que-uso\/#primaryimage"},"thumbnailUrl":"https:\/\/universofamilia.com\/wp-content\/uploads\/sites\/148\/2024\/12\/DESTAQUE-UNIVERSO-550-x-350-21.jpg","datePublished":"2024-12-30T17:33:08+00:00","dateModified":"2025-11-21T01:15:19+00:00","author":{"@id":"https:\/\/universofamilia.com\/el\/#\/schema\/person\/f07ce98187dd84d31154262e79b3b7ca"},"description":"Estoy solo: \u00a1mira las apps que uso! Todo el mundo, en alg\u00fan momento, siente esas ganas de conversar con alguien, intercambiar ideas...","breadcrumb":{"@id":"http:\/\/universofamilia.com\/ro\/estoy-solo-mira-las-apps-que-uso\/#breadcrumb"},"inLanguage":"hu","potentialAction":[{"@type":"ReadAction","target":["http:\/\/universofamilia.com\/ro\/estoy-solo-mira-las-apps-que-uso\/"]}]},{"@type":"ImageObject","inLanguage":"hu","@id":"http:\/\/universofamilia.com\/ro\/estoy-solo-mira-las-apps-que-uso\/#primaryimage","url":"https:\/\/universofamilia.com\/wp-content\/uploads\/sites\/148\/2024\/12\/DESTAQUE-UNIVERSO-550-x-350-21.jpg","contentUrl":"https:\/\/universofamilia.com\/wp-content\/uploads\/sites\/148\/2024\/12\/DESTAQUE-UNIVERSO-550-x-350-21.jpg","width":550,"height":350,"caption":"Estoy solo, \u00a1mira las apps que uso!"},{"@type":"BreadcrumbList","@id":"http:\/\/universofamilia.com\/ro\/estoy-solo-mira-las-apps-que-uso\/#breadcrumb","itemListElement":[{"@type":"ListItem","position":1,"name":"Home","item":"https:\/\/universofamilia.com\/el\/"},{"@type":"ListItem","position":2,"name":"Estoy solo: \u00a1mira las apps que uso!"}]},{"@type":"WebSite","@id":"https:\/\/universofamilia.com\/el\/#website","url":"https:\/\/universofamilia.com\/el\/","name":"Universo Fam\u00edlia","description":"","potentialAction":[{"@type":"SearchAction","target":{"@type":"EntryPoint","urlTemplate":"https:\/\/universofamilia.com\/el\/?s={search_term_string}"},"query-input":"required name=search_term_string"}],"inLanguage":"hu"},{"@type":"Person","@id":"https:\/\/universofamilia.com\/el\/#\/schema\/person\/f07ce98187dd84d31154262e79b3b7ca","name":"Pedro Henrique","image":{"@type":"ImageObject","inLanguage":"hu","@id":"https:\/\/universofamilia.com\/el\/#\/schema\/person\/image\/","url":"https:\/\/secure.gravatar.com\/avatar\/9edfeb808cb4e1599f64d6e45b130154?s=96&d=mm&r=g","contentUrl":"https:\/\/secure.gravatar.com\/avatar\/9edfeb808cb4e1599f64d6e45b130154?s=96&d=mm&r=g","caption":"Pedro Henrique"},"url":"https:\/\/universofamilia.com\/hu\/author\/editor01\/"}]}},"_links":{"self":[{"href":"https:\/\/universofamilia.com\/hu\/wp-json\/wp\/v2\/posts\/7909"}],"collection":[{"href":"https:\/\/universofamilia.com\/hu\/wp-json\/wp\/v2\/posts"}],"about":[{"href":"https:\/\/universofamilia.com\/hu\/wp-json\/wp\/v2\/types\/post"}],"author":[{"embeddable":true,"href":"https:\/\/universofamilia.com\/hu\/wp-json\/wp\/v2\/users\/139"}],"replies":[{"embeddable":true,"href":"https:\/\/universofamilia.com\/hu\/wp-json\/wp\/v2\/comments?post=7909"}],"version-history":[{"count":2,"href":"https:\/\/universofamilia.com\/hu\/wp-json\/wp\/v2\/posts\/7909\/revisions"}],"predecessor-version":[{"id":10362,"href":"https:\/\/universofamilia.com\/hu\/wp-json\/wp\/v2\/posts\/7909\/revisions\/10362"}],"wp:featuredmedia":[{"embeddable":true,"href":"https:\/\/universofamilia.com\/hu\/wp-json\/wp\/v2\/media\/7910"}],"wp:attachment":[{"href":"https:\/\/universofamilia.com\/hu\/wp-json\/wp\/v2\/media?parent=7909"}],"wp:term":[{"taxonomy":"category","embeddable":true,"href":"https:\/\/universofamilia.com\/hu\/wp-json\/wp\/v2\/categories?post=7909"},{"taxonomy":"post_tag","embeddable":true,"href":"https:\/\/universofamilia.com\/hu\/wp-json\/wp\/v2\/tags?post=7909"}],"curies":[{"name":"wp","href":"https:\/\/api.w.org\/{rel}","templated":true}]}}