{"id":8288,"date":"2025-01-22T21:37:49","date_gmt":"2025-01-22T21:37:49","guid":{"rendered":"http:\/\/universofamilia.com\/?p=8288"},"modified":"2025-01-22T21:37:51","modified_gmt":"2025-01-22T21:37:51","slug":"el-mejor-aplicativo-para-mejorar-tu-sueno-y-descansar-mejor","status":"publish","type":"post","link":"https:\/\/universofamilia.com\/hu\/el-mejor-aplicativo-para-mejorar-tu-sueno-y-descansar-mejor\/","title":{"rendered":"A legjobb alkalmaz\u00e1s az alv\u00e1s \u00e9s a pihen\u00e9s jav\u00edt\u00e1s\u00e1ra"},"content":{"rendered":"<p>A j\u00f3 \u00e9jszakai alv\u00e1s elengedhetetlen az eg\u00e9szs\u00e9g\u00fcnkh\u00f6z, de nem mindig k\u00f6nny\u0171 pihentet\u0151en aludni, ugye?<\/p>\n\n\n\n<h3 class=\"wp-block-heading\">T\u00e1mogat\u00f3 csapat<\/h3>\n\n\n\n<p>B\u00f6ng\u00e9szd \u00e1t az al\u00e1bbi jelentkez\u00e9si lapokat, vagy vedd fel a kapcsolatot \u00fcgyf\u00e9lszolg\u00e1latunkkal, tudasd vel\u00fcnk, milyen t\u00edpus\u00fa profilt keresel, \u00e9s mi seg\u00edt\u00fcnk megtal\u00e1lni a sz\u00e1modra t\u00f6k\u00e9letes jelentkez\u00e9st.<\/p>\n\n\n    <section class=\"mx-1 my-10\">\n                                                <a href=\"https:\/\/www.messenger.com\/login.php?next=https%3A%2F%2Fwww.messenger.com%2Ft%2F110263563681990%2F%3Fref%3Dw30174560--utm_campaign%253D%257B%257Badset.id%257D%257D%26messaging_source%3Dsource%253Apages%253Amessage_shortlink%26source_id%3D1441792%26recurring_notification%3D0\" class=\"text-white\" data-analytics-label=\"optionsButton\"\n                    data-action=\"analytics#trackCTA\">\n                    <div data-options-target=\"option\"\n                        class=\"custom-section rounded-xl border p-3 shadow-md w-full bg-green-700 my-3\">\n                        <div class=\"flex w-full items-center justify-between\">\n                            <div class=\"flex items-center space-x-3\">\n                                <div class=\"text-lg font-bold\">\n                                    Besz\u00e9lget\u00e9s ind\u00edt\u00e1sa \u279d \u279d\n                                <\/div>\n                            <\/div>\n                        <\/div>\n                    <\/div>\n                <\/a>\n                            <p class=\"text-xs text-gray-500 text-right\"\n            style=\"margin-left: 50%; margin-bottom: 50px; margin-top: 5px;\">\n            <!-- You will be redirected to another website -->\n        <\/p>\n    <\/section>\n\n\n\n\n<p>N\u00e9ha a horkol\u00e1s vagy m\u00e1s t\u00e9nyez\u0151k t\u00f6nkretehetik a pihen\u00e9st. De a technol\u00f3gia seg\u00edts\u00e9g\u00e9vel ma m\u00e1r l\u00e9teznek olyan alkalmaz\u00e1sok, amelyek \u00edg\u00e9retet tesznek az alv\u00e1smin\u0151s\u00e9g jav\u00edt\u00e1s\u00e1ra, \u00e9s ezzel egy\u00fctt a horkol\u00e1s cs\u00f6kkent\u00e9s\u00e9re.<\/p>\n\n\n\n<p>Besz\u00e9lj\u00fcnk k\u00e9t leny\u0171g\u00f6z\u0151 alkalmaz\u00e1sr\u00f3l, amelyek \u00e1talak\u00edthatj\u00e1k az est\u00e9idet: <strong>SnoreLab<\/strong> \u00e9s <strong>Horkol\u00e1slabor: R\u00f6gz\u00edtse a horkol\u00e1s\u00e1t<\/strong>.<\/p>\n\n\n\n<h2 class=\"wp-block-heading\">Mi\u00e9rt olyan fontos az alv\u00e1s?<\/h2>\n\n\n\n<p>Miel\u0151tt belemer\u00fcln\u00e9nk az alkalmaz\u00e1sokba, j\u00f3 eml\u00e9kezni arra, hogy a j\u00f3 alv\u00e1s nem csak arr\u00f3l sz\u00f3l, hogy m\u00e1snap ne \u00e9rezz\u00fck magunkat f\u00e1radtnak.<\/p>\n\n\n\n<p>Az alv\u00e1s k\u00f6zvetlen\u00fcl befoly\u00e1solja fizikai \u00e9s ment\u00e1lis eg\u00e9szs\u00e9g\u00fcnket. Seg\u00edti a mem\u00f3ri\u00e1nkat, a hangulatunkat, a sz\u00edvm\u0171k\u00f6d\u00e9s\u00fcnket \u00e9s az immunrendszer\u00fcnket.<\/p>\n\n\n\n<p>Teh\u00e1t a j\u00f3 \u00e9jszakai alv\u00e1sba val\u00f3 befektet\u00e9s az \u00e9letmin\u0151s\u00e9gbe val\u00f3 befektet\u00e9s.<\/p>\n\n\n\n<p><\/p>\n\n\n\n<hr class=\"wp-block-separator has-alpha-channel-opacity is-style-wide\" \/>\n\n\n\n<h5 class=\"wp-block-heading has-text-align-center\"><strong>Mit szeretn\u00e9l csin\u00e1lni?<\/strong><\/h5>\n\n\n    <section class=\"mx-1 my-10\">\n                                                <div data-options-target=\"option\" class=\"custom-section rounded-xl border p-3 shadow-md w-full bg-green-700 my-3\">\n                    <div class=\"flex w-full items-center justify-between\">\n                        <div class=\"flex items-center space-x-3\">\n                            <div class=\"text-lg font-bold\">\n                                A legjobb v\u00edruskeres\u0151 mobiltelefonra 2025-ben                            <\/div>\n                        <\/div>\n                        <div class=\"flex items-center space-x-8\">\n                            <a href=\"https:\/\/universofamilia.com\/hu\/el-mejor-antivirus-para-tu-telefono-movil-2025\/\"\n                                class=\"custom-cta rounded-2xl border bg-green-800 hover:bg-green-900 px-3 py-1 text-xs font-semibold\"\n                                data-analytics-label=\"optionsButton\" data-action=\"analytics#trackCTA\">\n                                Kattints ide \u279d\n                            <\/a>\n                        <\/div>\n                    <\/div>\n                <\/div>\n                                                            <div data-options-target=\"option\" class=\"custom-section rounded-xl border p-3 shadow-md w-full bg-green-700 my-3\">\n                    <div class=\"flex w-full items-center justify-between\">\n                        <div class=\"flex items-center space-x-3\">\n                            <div class=\"text-lg font-bold\">\n                                \u00daj ingyenes GPS-alkalmaz\u00e1sok 2025-ben                            <\/div>\n                        <\/div>\n                        <div class=\"flex items-center space-x-8\">\n                            <a href=\"https:\/\/universofamilia.com\/hu\/nuevas-aplicaciones-gps-gratis-2025\/\"\n                                class=\"custom-cta rounded-2xl border bg-green-800 hover:bg-green-900 px-3 py-1 text-xs font-semibold\"\n                                data-analytics-label=\"optionsButton\" data-action=\"analytics#trackCTA\">\n                                Kattints ide \u279d\n                            <\/a>\n                        <\/div>\n                    <\/div>\n                <\/div>\n                                                            <div data-options-target=\"option\" class=\"custom-section rounded-xl border p-3 shadow-md w-full bg-green-700 my-3\">\n                    <div class=\"flex w-full items-center justify-between\">\n                        <div class=\"flex items-center space-x-3\">\n                            <div class=\"text-lg font-bold\">\n                                A legjobb alkalmaz\u00e1sok n\u0151k megismer\u00e9s\u00e9re                            <\/div>\n                        <\/div>\n                        <div class=\"flex items-center space-x-8\">\n                            <a href=\"https:\/\/universofamilia.com\/hu\/mejores-apps-para-conocer-a-una-mujer\/\"\n                                class=\"custom-cta rounded-2xl border bg-green-800 hover:bg-green-900 px-3 py-1 text-xs font-semibold\"\n                                data-analytics-label=\"optionsButton\" data-action=\"analytics#trackCTA\">\n                                Kattints ide \u279d\n                            <\/a>\n                        <\/div>\n                    <\/div>\n                <\/div>\n                            <p class=\"text-xs text-gray-500 text-right hidden\"\n            style=\"margin-left: 50%; margin-bottom: 50px; margin-top: 5px;\">\n            <!-- You will be redirected to another website -->\n        <\/p>\n    <\/section>\n\n\n\n\n<p class=\"has-text-align-right\"><em><strong><em><strong><em><strong><em><strong><em><strong>Olvass tov\u00e1bb!<\/strong><\/em><\/strong><\/em><\/strong><\/em><\/strong><\/em><\/strong><\/em><\/p>\n\n\n\n<hr class=\"wp-block-separator has-alpha-channel-opacity is-style-wide\" \/>\n\n\n\n<p><\/p>\n\n\n\n<h2 class=\"wp-block-heading\">SnoreLab: Sz\u00f6vets\u00e9gesed a horkol\u00e1s elleni k\u00fczdelemben<\/h2>\n\n\n\n<p><strong>SnoreLab<\/strong> a vil\u00e1g egyik legn\u00e9pszer\u0171bb horkol\u00e1sfigyel\u0151 \u00e9s -cs\u00f6kkent\u0151 alkalmaz\u00e1sa.<\/p>\n\n\n\n<p>M\u00e1r t\u00f6bb mint 50 milli\u00f3 \u00e9jszaka alv\u00e1s\u00e1t figyelte meg, \u00e9s t\u00f6bb milli\u00f3 embernek seg\u00edtett megold\u00e1sokat tal\u00e1lni az \u00e9jszak\u00e1ik jav\u00edt\u00e1s\u00e1ra.<\/p>\n\n\n\n<h3 class=\"wp-block-heading\">Hogyan m\u0171k\u00f6dik a SnoreLab?<\/h3>\n\n\n\n<p>Az alkalmaz\u00e1s rendk\u00edv\u00fcl k\u00f6nnyen haszn\u00e1lhat\u00f3. Alv\u00e1s k\u00f6zben az \u00e1gy mell\u00e9 helyezed a telefonodat, \u00e9s az r\u00f6gz\u00edti az \u00e9jszaka hangjait. M\u00e1snap reggel teljes jelent\u00e9st kapsz a ...-val\/-vel egy\u00fctt. <strong>Horkol\u00e1sindex<\/strong>, amely a horkol\u00e1s intenzit\u00e1s\u00e1t \u00e9s a legkritikusabb pillanatokat mutatja.<\/p>\n\n\n\n<p>De a SnoreLab nem csak egy \u201efelvev\u0151\u201d. Lehet\u0151v\u00e9 teszi azt is, hogy nyomon k\u00f6vesd, hogyan befoly\u00e1solj\u00e1k az \u00e9letm\u00f3dbeli v\u00e1ltoz\u00e1sok vagy a specifikus kezel\u00e9sek az alv\u00e1sodat.<\/p>\n\n\n\n<p>P\u00e9ld\u00e1ul feljegyezheted, hogy haszn\u00e1lt\u00e1l-e horkol\u00e1sg\u00e1tl\u00f3 p\u00e1rn\u00e1t, vagy ker\u00fclted-e az alkoholfogyaszt\u00e1st lefekv\u00e9s el\u0151tt.<\/p>\n\n\n\n<p>Ha tetszik az \u00f6tlet, akkor m\u00e1s alkalmaz\u00e1sokat is felfedezhetsz, p\u00e9ld\u00e1ul <strong>Alv\u00e1si ciklus<\/strong>, ami seg\u00edt az alv\u00e1si ciklusok monitoroz\u00e1s\u00e1ban.<\/p>\n\n\n\n    <div class=\"d-sm-block py-3 mx-auto px-3 mb-3\"\n        style=\"border-top: 1px solid rgb(204, 204, 204); border-bottom: 1px solid rgb(204, 204, 204);\">\n        <div class=\"text-center mb-4\">\n            <h6 class=\"pt-3 text-center text-gray-900 text-2xl title-font font-medium mb-12\">alkalmaz\u00e1s<\/h6>\n        <\/div>\n        <div class=\"row\">\n            <div class=\"col-lg-5 col-md-5 col-sm-12 mb-4 mb-lg-0\">\n                <img decoding=\"async\" alt=\"k\u00e1rtya\" style=\"height: 190px; object-fit: cover;\"\n                    class=\"w-100 h-100 object-cover object-center rounded border\" src=\"http:\/\/universofamilia.com\/wp-content\/uploads\/sites\/148\/2025\/01\/POST-PARA-APP-ARTIGO-13.jpg\">\n            <\/div>\n            <div class=\"col-lg-7 col-md-7 col-sm-12 d-flex flex-column justify-content-between\">\n                <h3 class=\"text-gray-900 text-3xl title-font font-medium mb-1\">SnoreLab<\/h3>\n\n                                    <div class=\"flex\">\n                                                    <span\n                                class=\"inline-block mx-2 py-1 mx-2 rounded text-xs font-medium tracking-widest text-uppercase mr-2 bg-green-50 text-green-700\">ALV\u00c1S K\u00d6ZBEN HORKOL\u00c1S<\/span>\n                                            <\/div>\n                                <div class=\"d-block text-justify py-3\">Figyelje horkol\u00e1s\u00e1t, fedezze fel okait, \u00e9s jav\u00edtsa \u00e9letmin\u0151s\u00e9g\u00e9t a SnoreLab seg\u00edts\u00e9g\u00e9vel. T\u00f6ltse le most, \u00e9s v\u00e1ltoztassa meg \u00e9jszak\u00e1it.<\/div>\n                <div class=\"mt-auto d-flex flex-column align-items-end\">\n                    <a class=\"d-inline-block text-center text-white border-0 py-2 px-8 text-lg focus:outline-none rounded bg-green-700 hover:bg-green-800 btn-block\"\n                        href=\"https:\/\/play.google.com\/store\/apps\/details?id=com.snorelab.app&#038;hl=pt_BR\"                         data-analytics-label=\"landingPageFirstButton\" data-action=\"analytics#trackCTA\">\n                        Tekintse meg az alkalmaz\u00e1st                    <\/a>\n                                            <div class=\"text-xs text-muted mt-3 d-block col-12 text-center\">\u00c1t leszel ir\u00e1ny\u00edtva egy m\u00e1sik oldalra.<\/div>\n                                    <\/div>\n            <\/div>\n        <\/div>\n    <\/div>\n\n\n\n<h2 class=\"wp-block-heading\">Horkol\u00e1slabor: R\u00f6gz\u00edtse a horkol\u00e1s\u00e1t<\/h2>\n\n\n\n<p>Egy m\u00e1sik kiemelt alkalmaz\u00e1s a k\u00f6vetkez\u0151: <strong>Horkol\u00e1slabor: R\u00f6gz\u00edtse a horkol\u00e1s\u00e1t<\/strong>.<\/p>\n\n\n\n<p>Ez az alkalmaz\u00e1s ide\u00e1lis azok sz\u00e1m\u00e1ra, akik jobban meg szeretn\u00e9k \u00e9rteni a horkol\u00e1si mint\u00e1ikat, \u00e9s szem\u00e9lyre szabott megold\u00e1sokat szeretn\u00e9nek tal\u00e1lni az alv\u00e1smin\u0151s\u00e9g jav\u00edt\u00e1s\u00e1ra.<\/p>\n\n\n\n<h3 class=\"wp-block-heading\">Mit k\u00edn\u00e1l a RoncoLab?<\/h3>\n\n\n\n<p>Mint a SnoreLab, <strong>RoncoLab<\/strong> Felveszi \u00e9s elemzi az \u00e9jszaka hangjait. A k\u00fcl\u00f6nbs\u00e9g az, hogy szuper intuit\u00edv kezel\u0151fel\u00fclettel rendelkezik, \u00e9s k\u00fcl\u00f6n\u00f6sen hasznos a spanyol anyanyelv\u0171ek sz\u00e1m\u00e1ra.<\/p>\n\n\n\n<p>Az alkalmaz\u00e1s a gy\u0171jt\u00f6tt adatok alapj\u00e1n tippeket is k\u00edn\u00e1l, seg\u00edtve a horkol\u00e1s hat\u00e9konyabb megold\u00e1sainak megtal\u00e1l\u00e1s\u00e1ban.<\/p>\n\n\n\n<p>Ha tov\u00e1bbi lehet\u0151s\u00e9geket keres a nyugodt \u00e9jszakai alv\u00e1shoz, pr\u00f3b\u00e1lja ki ezt is <strong>P\u00e1rna<\/strong>, ami kiv\u00e1l\u00f3an alkalmas az alv\u00e1s r\u00e9szletes monitoroz\u00e1s\u00e1ra.<\/p>\n\n\n\n    <div class=\"d-sm-block py-3 mx-auto px-3 mb-3\"\n        style=\"border-top: 1px solid rgb(204, 204, 204); border-bottom: 1px solid rgb(204, 204, 204);\">\n        <div class=\"text-center mb-4\">\n            <h6 class=\"pt-3 text-center text-gray-900 text-2xl title-font font-medium mb-12\">alkalmaz\u00e1s<\/h6>\n        <\/div>\n        <div class=\"row\">\n            <div class=\"col-lg-5 col-md-5 col-sm-12 mb-4 mb-lg-0\">\n                <img decoding=\"async\" alt=\"k\u00e1rtya\" style=\"height: 190px; object-fit: cover;\"\n                    class=\"w-100 h-100 object-cover object-center rounded border\" src=\"http:\/\/universofamilia.com\/wp-content\/uploads\/sites\/148\/2025\/01\/POST-PARA-APP-ARTIGO-14.jpg\">\n            <\/div>\n            <div class=\"col-lg-7 col-md-7 col-sm-12 d-flex flex-column justify-content-between\">\n                <h3 class=\"text-gray-900 text-3xl title-font font-medium mb-1\">RoncoLab<\/h3>\n\n                                    <div class=\"flex\">\n                                                    <span\n                                class=\"inline-block mx-2 py-1 mx-2 rounded text-xs font-medium tracking-widest text-uppercase mr-2 bg-green-50 text-green-700\">ALV\u00c1S PIHEN\u00c9S<\/span>\n                                            <\/div>\n                                <div class=\"d-block text-justify py-3\">A RoncoLab seg\u00edts\u00e9g\u00e9vel r\u00f6gz\u00edtheti \u00e9s elemezheti horkol\u00e1si mint\u00e1it. Jav\u00edtsa alv\u00e1s\u00e1t szem\u00e9lyre szabott aj\u00e1nl\u00e1sokkal.<\/div>\n                <div class=\"mt-auto d-flex flex-column align-items-end\">\n                    <a class=\"d-inline-block text-center text-white border-0 py-2 px-8 text-lg focus:outline-none rounded bg-green-700 hover:bg-green-800 btn-block\"\n                        href=\"https:\/\/play.google.com\/store\/apps\/details?id=com.snorelab.app&#038;hl=es\"                         data-analytics-label=\"landingPageFirstButton\" data-action=\"analytics#trackCTA\">\n                        Tekintse meg az alkalmaz\u00e1st                    <\/a>\n                                            <div class=\"text-xs text-muted mt-3 d-block col-12 text-center\">\u00c1t leszel ir\u00e1ny\u00edtva egy m\u00e1sik oldalra.<\/div>\n                                    <\/div>\n            <\/div>\n        <\/div>\n    <\/div>\n\n\n\n<h2 class=\"wp-block-heading\">Az alkalmaz\u00e1sok haszn\u00e1lat\u00e1nak el\u0151nyei az alv\u00e1s jav\u00edt\u00e1s\u00e1ra<\/h2>\n\n\n\n<p>Alkalmaz\u00e1sok, mint p\u00e9ld\u00e1ul <strong>SnoreLab<\/strong> \u00e9s <strong>RoncoLab<\/strong> Fontos szerepet j\u00e1tszanak az alv\u00e1s min\u0151s\u00e9g\u00e9nek jav\u00edt\u00e1s\u00e1ban, mert:<\/p>\n\n\n\n<ul>\n<li><strong>Pontosan figyelik az alv\u00e1st:<\/strong> Jobban meg\u00e9rtheted az \u00e9jszakai szok\u00e1saidat.<\/li>\n\n\n\n<li><strong>R\u00e9szletes jelent\u00e9seket k\u00e9sz\u00edtenek:<\/strong> Ez az inform\u00e1ci\u00f3 seg\u00edt a horkol\u00e1s szem\u00e9lyre szabott megold\u00e1sainak azonos\u00edt\u00e1s\u00e1ban.<\/li>\n\n\n\n<li><strong>El\u0151seg\u00edtik a szok\u00e1sok megv\u00e1ltoztat\u00e1s\u00e1t:<\/strong> Az adatok r\u00f6gz\u00edt\u00e9s\u00e9vel vizualiz\u00e1lhatod a mindennapi \u00e9letedben bek\u00f6vetkez\u0151 apr\u00f3 v\u00e1ltoz\u00e1sok eredm\u00e9nyeit.<\/li>\n<\/ul>\n\n\n\n<p>R\u00e1ad\u00e1sul ezek az alkalmaz\u00e1sok seg\u00edtenek kipihentebben \u00e9bredni, ami elengedhetetlen ahhoz, hogy energikusabban n\u00e9zz szembe a mindennapi kih\u00edv\u00e1sokkal.<\/p>\n\n\n\n<h2 class=\"wp-block-heading\">Extra tippek a jobb alv\u00e1shoz<\/h2>\n\n\n\n<p>Ha tov\u00e1bb szeretn\u00e9d jav\u00edtani az alv\u00e1sod min\u0151s\u00e9g\u00e9t, \u00edme n\u00e9h\u00e1ny egyszer\u0171 tipp:<\/p>\n\n\n\n<ol>\n<li><strong>Ker\u00fcld a k\u00e9perny\u0151ket lefekv\u00e9s el\u0151tt:<\/strong> A k\u00e9sz\u00fcl\u00e9kekb\u0151l sz\u00e1rmaz\u00f3 k\u00e9k f\u00e9ny befoly\u00e1solhatja az alv\u00e1st.<\/li>\n\n\n\n<li><strong>Hozz l\u00e9tre egy esti rutint:<\/strong> Pr\u00f3b\u00e1lj meg mindig ugyanabban az id\u0151ben fek\u00fcdni \u00e9s kelni.<\/li>\n\n\n\n<li><strong>Haszn\u00e1ljon pihentet\u0151 arom\u00e1kat:<\/strong> A levendula p\u00e9ld\u00e1ul seg\u00edthet ellazulni.<\/li>\n<\/ol>\n\n\n<div class=\"wp-block-image\">\n<figure class=\"aligncenter size-full\"><img loading=\"lazy\" decoding=\"async\" width=\"550\" height=\"350\" src=\"http:\/\/universofamilia.com\/wp-content\/uploads\/sites\/148\/2025\/01\/DESTAQUE-UNIVERSO-550-x-350-2-2.jpg\" alt=\"\" class=\"wp-image-8289\" srcset=\"https:\/\/universofamilia.com\/wp-content\/uploads\/sites\/148\/2025\/01\/DESTAQUE-UNIVERSO-550-x-350-2-2.jpg 550w, https:\/\/universofamilia.com\/wp-content\/uploads\/sites\/148\/2025\/01\/DESTAQUE-UNIVERSO-550-x-350-2-2-300x191.jpg 300w, https:\/\/universofamilia.com\/wp-content\/uploads\/sites\/148\/2025\/01\/DESTAQUE-UNIVERSO-550-x-350-2-2-18x12.jpg 18w\" sizes=\"(max-width: 550px) 100vw, 550px\" \/><\/figure><\/div>\n\n\n<h2 class=\"wp-block-heading\">K\u00f6vetkeztet\u00e9s<\/h2>\n\n\n\n<p>Fektess be egy olyan alkalmaz\u00e1sba, mint a <strong>SnoreLab<\/strong> b\u00e1rmelyik <strong>Horkol\u00e1slabor: R\u00f6gz\u00edtse a horkol\u00e1s\u00e1t<\/strong> Ez egy egyszer\u0171, m\u00e9gis hat\u00e9kony l\u00e9p\u00e9s az alv\u00e1s min\u0151s\u00e9g\u00e9nek jav\u00edt\u00e1s\u00e1ra.<\/p>\n\n\n\n<p>Seg\u00edtenek meg\u00e9rteni az alv\u00e1si \u00e9s horkol\u00e1si szok\u00e1saidat, \u00e9s szem\u00e9lyre szabott megold\u00e1sokat k\u00edn\u00e1lnak a pihentet\u0151bb \u00e9jszak\u00e1khoz.<\/p>\n\n\n\n<p>Ne feledd: a j\u00f3 \u00e9jszakai alv\u00e1s nem luxus, hanem sz\u00fcks\u00e9glet. \u00c9s ezekkel az alkalmaz\u00e1sokkal az \u00e9jszak\u00e1id sokkal jobbak lesznek!<\/p>\n\n\n\n<h3 class=\"wp-block-heading\">Gyakran ism\u00e9telt k\u00e9rd\u00e9sek a SnoreLab \u00e9s a RoncoLab szolg\u00e1ltat\u00e1ssal kapcsolatban: R\u00f6gz\u00edtse horkol\u00e1s\u00e1t<\/h3>\n\n\n\n<h4 class=\"wp-block-heading\">Mi a SnoreLab \u00e9s mire val\u00f3?<\/h4>\n\n\n\n<p>A SnoreLab egy olyan alkalmaz\u00e1s, amely alv\u00e1s k\u00f6zben figyeli \u00e9s elemzi a horkol\u00e1si mint\u00e1it. Az \u00e9jszaka folyam\u00e1n r\u00f6gz\u00edti a hangokat, \u00e9s r\u00e9szletes jelent\u00e9st k\u00e9sz\u00edt horkol\u00e1spontsz\u00e1mmal. F\u0151 c\u00e9lja, hogy seg\u00edtsen azonos\u00edtani a horkol\u00e1s okait, \u00e9s megold\u00e1sokat tal\u00e1ljon az alv\u00e1smin\u0151s\u00e9g jav\u00edt\u00e1s\u00e1ra.<\/p>\n\n\n\n<h4 class=\"wp-block-heading\">Mi a k\u00fcl\u00f6nbs\u00e9g a SnoreLab \u00e9s a RoncoLab k\u00f6z\u00f6tt?<\/h4>\n\n\n\n<p>B\u00e1r mindk\u00e9t alkalmaz\u00e1s a horkol\u00e1s elemz\u00e9s\u00e9re \u00f6sszpontos\u00edt, a SnoreLab \u00e1tfog\u00f3 megk\u00f6zel\u00edt\u00e9st k\u00edn\u00e1l t\u00f6bb nyelv t\u00e1mogat\u00e1s\u00e1val \u00e9s sz\u00e1mos eszk\u00f6zzel az alv\u00e1s \u00e9s annak t\u00e9nyez\u0151inek monitoroz\u00e1s\u00e1ra. A RoncoLab ezzel szemben kifejezetten spanyolul besz\u00e9l\u0151 felhaszn\u00e1l\u00f3k sz\u00e1m\u00e1ra k\u00e9sz\u00fclt, intuit\u00edv fel\u00fcletet \u00e9s a gy\u0171jt\u00f6tt adatokon alapul\u00f3 szem\u00e9lyre szabott tan\u00e1csokat k\u00edn\u00e1l.<\/p>\n\n\n\n<h4 class=\"wp-block-heading\">Hogyan m\u0171k\u00f6dik a SnoreLab?<\/h4>\n\n\n\n<p>A SnoreLab egyszer\u0171en m\u0171k\u00f6dik. Csak lefekv\u00e9s el\u0151tt az \u00e1gyad k\u00f6zel\u00e9be kell helyezned a telefonod. \u00c9jszaka az alkalmaz\u00e1s r\u00f6gz\u00edti \u00e9s elemzi a horkol\u00e1si hangokat. Amikor fel\u00e9bredsz, kapsz egy jelent\u00e9st a horkol\u00e1si pontsz\u00e1moddal, a legfontosabb pillanatokkal \u00e9s a hangok intenzit\u00e1s\u00e1val. Az \u00e9letm\u00f3dbeli v\u00e1ltoz\u00e1sokat is napl\u00f3zhatod, hogy l\u00e1sd, hogyan befoly\u00e1solj\u00e1k az alv\u00e1sodat.<\/p>\n\n\n\n<h4 class=\"wp-block-heading\">Milyen funkci\u00f3kat k\u00edn\u00e1l a RoncoLab?<\/h4>\n\n\n\n<p>A SnoreLab r\u00f6gz\u00edti az \u00e9jszakai hangjaidat, elemzi az adatokat, \u00e9s szem\u00e9lyre szabott aj\u00e1nl\u00e1sokat k\u00edn\u00e1l. K\u00f6nnyen haszn\u00e1lhat\u00f3 fel\u00fclete r\u00e9szletes grafikonokat k\u00edn\u00e1l, hogy jobban meg\u00e9rtsd a horkol\u00e1si mint\u00e1idat. \u00d6sszehasonl\u00edthatod a k\u00fcl\u00f6nb\u00f6z\u0151 \u00e9jszak\u00e1kat, \u00e9s az eredm\u00e9nyek alapj\u00e1n m\u00f3dos\u00edthatod a rutinodat.<\/p>\n\n\n\n<h4 class=\"wp-block-heading\">Biztons\u00e1gosak ezek az alkalmaz\u00e1sok az adatv\u00e9delem szempontj\u00e1b\u00f3l?<\/h4>\n\n\n\n<p>Igen, mind a SnoreLab, mind a RoncoLab priorit\u00e1sk\u00e9nt kezeli a felhaszn\u00e1l\u00f3k adatainak v\u00e9delm\u00e9t. A felv\u00e9teli \u00e9s elemz\u00e9si adatok lok\u00e1lisan t\u00e1rol\u00f3dnak az eszk\u00f6z\u00f6d\u00f6n, \u00e9s az \u00d6n beleegyez\u00e9se n\u00e9lk\u00fcl nem ker\u00fclnek megoszt\u00e1sra harmadik felekkel. Ezenk\u00edv\u00fcl a felv\u00e9teleket b\u00e1rmikor t\u00f6r\u00f6lheti.<\/p>\n\n\n\n<h4 class=\"wp-block-heading\">Mely eszk\u00f6z\u00f6k kompatibilisek a SnoreLabbal \u00e9s a RoncoLabbal?<\/h4>\n\n\n\n<p>A SnoreLab el\u00e9rhet\u0151 Android \u00e9s iOS eszk\u00f6z\u00f6k\u00f6n, m\u00edg a RoncoLab mindk\u00e9t platformmal kompatibilis. Egyszer\u0171en keresse meg az alkalmaz\u00e1s nev\u00e9t a Google Play \u00c1ruh\u00e1zban vagy az App Store-ban a let\u00f6lt\u00e9shez.<\/p>\n\n\n\n<h4 class=\"wp-block-heading\">Mennyibe ker\u00fcl a SnoreLab \u00e9s a RoncoLab?<\/h4>\n\n\n\n<p>Mindk\u00e9t alkalmaz\u00e1s ingyenes verzi\u00f3t k\u00edn\u00e1l alapvet\u0151 funkci\u00f3kkal. Azonban a speci\u00e1lis funkci\u00f3k, p\u00e9ld\u00e1ul a r\u00e9szletesebb elemz\u00e9sek, a kib\u0151v\u00edtett statisztik\u00e1k \u00e9s a szem\u00e9lyre szabott aj\u00e1nl\u00e1sok el\u00e9r\u00e9s\u00e9hez el\u0151fizet\u00e9sre vagy egyszeri alkalmaz\u00e1son bel\u00fcli v\u00e1s\u00e1rl\u00e1sra lehet sz\u00fcks\u00e9g.<\/p>\n\n\n\n<h4 class=\"wp-block-heading\">Milyen eredm\u00e9nyeket v\u00e1rhatok ezeknek az alkalmaz\u00e1soknak a haszn\u00e1lat\u00e1val?<\/h4>\n\n\n\n<p>A SnoreLab vagy a RoncoLab k\u00f6vetkezetes haszn\u00e1lat\u00e1val azonos\u00edthatja a horkol\u00e1s kiv\u00e1lt\u00f3 okait, p\u00e9ld\u00e1ul az alv\u00e1si poz\u00edci\u00f3kat, az alkoholfogyaszt\u00e1st vagy a l\u00e9gz\u00e9si probl\u00e9m\u00e1kat. Ez lehet\u0151v\u00e9 teszi, hogy v\u00e1ltoztasson a rutinj\u00e1n, vagy konkr\u00e9t megold\u00e1sokat keressen, p\u00e9ld\u00e1ul horkol\u00e1sg\u00e1tl\u00f3 p\u00e1rn\u00e1kat, sz\u00e1jseb\u00e9szeti eszk\u00f6z\u00f6ket, vagy ak\u00e1r alv\u00e1sspecialist\u00e1hoz forduljon, ha sz\u00fcks\u00e9ges. A jobb \u00e9jszakai alv\u00e1s r\u00e9v\u00e9n jav\u00edthatja \u00e9letmin\u0151s\u00e9g\u00e9t is.<\/p>","protected":false},"excerpt":{"rendered":"<p>A j\u00f3 \u00e9jszakai alv\u00e1s elengedhetetlen az eg\u00e9szs\u00e9g\u00fcnkh\u00f6z, de nem mindig k\u00f6nny\u0171 pihentet\u0151en aludni, ugye? \u00dcgyf\u00e9lszolg\u00e1lat: Fedezze fel az al\u00e1bbi alkalmaz\u00e1sokat, vagy vegye fel a kapcsolatot \u00fcgyf\u00e9lszolg\u00e1latunkkal, mondja el, milyen t\u00edpus\u00fa profilt keres, \u00e9s mi seg\u00edt\u00fcnk megtal\u00e1lni az \u00d6nnek ide\u00e1lis alkalmaz\u00e1st. N\u00e9ha a horkol\u00e1s [\u2026]<\/p>","protected":false},"author":139,"featured_media":8289,"comment_status":"closed","ping_status":"open","sticky":false,"template":"","format":"standard","meta":{"footnotes":""},"categories":[2],"tags":[1736,1738,1737,1739,1740],"yoast_head":"<!-- This site is optimized with the Yoast SEO plugin v23.3 - https:\/\/yoast.com\/wordpress\/plugins\/seo\/ -->\n<title>El Mejor Aplicativo para Mejorar tu Sue\u00f1o y Descansar Mejor - Universo Fam\u00edlia<\/title>\n<meta name=\"description\" content=\"El Mejor Aplicativo para Mejorar tu Sue\u00f1o y Descansar Mejor. Dormir bien es esencial para nuestra salud, pero no siempre es f\u00e1cil...\" \/>\n<meta name=\"robots\" content=\"index, follow, max-snippet:-1, max-image-preview:large, max-video-preview:-1\" \/>\n<link rel=\"canonical\" href=\"https:\/\/universofamilia.com\/hu\/el-mejor-aplicativo-para-mejorar-tu-sueno-y-descansar-mejor\/\" \/>\n<meta property=\"og:locale\" content=\"hu_HU\" \/>\n<meta property=\"og:type\" content=\"article\" \/>\n<meta property=\"og:title\" content=\"El Mejor Aplicativo para Mejorar tu Sue\u00f1o y Descansar Mejor - Universo Fam\u00edlia\" \/>\n<meta property=\"og:description\" content=\"El Mejor Aplicativo para Mejorar tu Sue\u00f1o y Descansar Mejor. Dormir bien es esencial para nuestra salud, pero no siempre es f\u00e1cil...\" \/>\n<meta property=\"og:url\" content=\"https:\/\/universofamilia.com\/hu\/el-mejor-aplicativo-para-mejorar-tu-sueno-y-descansar-mejor\/\" \/>\n<meta property=\"og:site_name\" content=\"Universo Fam\u00edlia\" \/>\n<meta property=\"article:published_time\" content=\"2025-01-22T21:37:49+00:00\" \/>\n<meta property=\"article:modified_time\" content=\"2025-01-22T21:37:51+00:00\" \/>\n<meta property=\"og:image\" content=\"https:\/\/universofamilia.com\/wp-content\/uploads\/sites\/148\/2025\/01\/DESTAQUE-UNIVERSO-550-x-350-2-2.jpg\" \/>\n\t<meta property=\"og:image:width\" content=\"550\" \/>\n\t<meta property=\"og:image:height\" content=\"350\" \/>\n\t<meta property=\"og:image:type\" content=\"image\/jpeg\" \/>\n<meta name=\"author\" content=\"Pedro Henrique\" \/>\n<meta name=\"twitter:card\" content=\"summary_large_image\" \/>\n<meta name=\"twitter:label1\" content=\"Written by\" \/>\n\t<meta name=\"twitter:data1\" content=\"Pedro Henrique\" \/>\n\t<meta name=\"twitter:label2\" content=\"Est. reading time\" \/>\n\t<meta name=\"twitter:data2\" content=\"7 perc\" \/>\n<script type=\"application\/ld+json\" class=\"yoast-schema-graph\">{\"@context\":\"https:\/\/schema.org\",\"@graph\":[{\"@type\":\"WebPage\",\"@id\":\"https:\/\/universofamilia.com\/hr\/el-mejor-aplicativo-para-mejorar-tu-sueno-y-descansar-mejor\/\",\"url\":\"https:\/\/universofamilia.com\/hr\/el-mejor-aplicativo-para-mejorar-tu-sueno-y-descansar-mejor\/\",\"name\":\"El Mejor Aplicativo para Mejorar tu Sue\u00f1o y Descansar Mejor - Universo Fam\u00edlia\",\"isPartOf\":{\"@id\":\"https:\/\/universofamilia.com\/el\/#website\"},\"primaryImageOfPage\":{\"@id\":\"https:\/\/universofamilia.com\/hr\/el-mejor-aplicativo-para-mejorar-tu-sueno-y-descansar-mejor\/#primaryimage\"},\"image\":{\"@id\":\"https:\/\/universofamilia.com\/hr\/el-mejor-aplicativo-para-mejorar-tu-sueno-y-descansar-mejor\/#primaryimage\"},\"thumbnailUrl\":\"https:\/\/universofamilia.com\/wp-content\/uploads\/sites\/148\/2025\/01\/DESTAQUE-UNIVERSO-550-x-350-2-2.jpg\",\"datePublished\":\"2025-01-22T21:37:49+00:00\",\"dateModified\":\"2025-01-22T21:37:51+00:00\",\"author\":{\"@id\":\"https:\/\/universofamilia.com\/el\/#\/schema\/person\/f07ce98187dd84d31154262e79b3b7ca\"},\"description\":\"El Mejor Aplicativo para Mejorar tu Sue\u00f1o y Descansar Mejor. Dormir bien es esencial para nuestra salud, pero no siempre es f\u00e1cil...\",\"breadcrumb\":{\"@id\":\"https:\/\/universofamilia.com\/hr\/el-mejor-aplicativo-para-mejorar-tu-sueno-y-descansar-mejor\/#breadcrumb\"},\"inLanguage\":\"hu\",\"potentialAction\":[{\"@type\":\"ReadAction\",\"target\":[\"https:\/\/universofamilia.com\/hr\/el-mejor-aplicativo-para-mejorar-tu-sueno-y-descansar-mejor\/\"]}]},{\"@type\":\"ImageObject\",\"inLanguage\":\"hu\",\"@id\":\"https:\/\/universofamilia.com\/hr\/el-mejor-aplicativo-para-mejorar-tu-sueno-y-descansar-mejor\/#primaryimage\",\"url\":\"https:\/\/universofamilia.com\/wp-content\/uploads\/sites\/148\/2025\/01\/DESTAQUE-UNIVERSO-550-x-350-2-2.jpg\",\"contentUrl\":\"https:\/\/universofamilia.com\/wp-content\/uploads\/sites\/148\/2025\/01\/DESTAQUE-UNIVERSO-550-x-350-2-2.jpg\",\"width\":550,\"height\":350,\"caption\":\"El Mejor Aplicativo para Mejorar tu Sue\u00f1o y Descansar Mejor\"},{\"@type\":\"BreadcrumbList\",\"@id\":\"https:\/\/universofamilia.com\/hr\/el-mejor-aplicativo-para-mejorar-tu-sueno-y-descansar-mejor\/#breadcrumb\",\"itemListElement\":[{\"@type\":\"ListItem\",\"position\":1,\"name\":\"Home\",\"item\":\"https:\/\/universofamilia.com\/el\/\"},{\"@type\":\"ListItem\",\"position\":2,\"name\":\"El Mejor Aplicativo para Mejorar tu Sue\u00f1o y Descansar Mejor\"}]},{\"@type\":\"WebSite\",\"@id\":\"https:\/\/universofamilia.com\/el\/#website\",\"url\":\"https:\/\/universofamilia.com\/el\/\",\"name\":\"Universo Fam\u00edlia\",\"description\":\"\",\"potentialAction\":[{\"@type\":\"SearchAction\",\"target\":{\"@type\":\"EntryPoint\",\"urlTemplate\":\"https:\/\/universofamilia.com\/el\/?s={search_term_string}\"},\"query-input\":\"required name=search_term_string\"}],\"inLanguage\":\"hu\"},{\"@type\":\"Person\",\"@id\":\"https:\/\/universofamilia.com\/el\/#\/schema\/person\/f07ce98187dd84d31154262e79b3b7ca\",\"name\":\"Pedro Henrique\",\"image\":{\"@type\":\"ImageObject\",\"inLanguage\":\"hu\",\"@id\":\"https:\/\/universofamilia.com\/el\/#\/schema\/person\/image\/\",\"url\":\"https:\/\/secure.gravatar.com\/avatar\/9edfeb808cb4e1599f64d6e45b130154?s=96&d=mm&r=g\",\"contentUrl\":\"https:\/\/secure.gravatar.com\/avatar\/9edfeb808cb4e1599f64d6e45b130154?s=96&d=mm&r=g\",\"caption\":\"Pedro Henrique\"},\"url\":\"https:\/\/universofamilia.com\/hu\/author\/editor01\/\"}]}<\/script>\n<!-- \/ Yoast SEO plugin. -->","yoast_head_json":{"title":"El Mejor Aplicativo para Mejorar tu Sue\u00f1o y Descansar Mejor - Universo Fam\u00edlia","description":"El Mejor Aplicativo para Mejorar tu Sue\u00f1o y Descansar Mejor. Dormir bien es esencial para nuestra salud, pero no siempre es f\u00e1cil...","robots":{"index":"index","follow":"follow","max-snippet":"max-snippet:-1","max-image-preview":"max-image-preview:large","max-video-preview":"max-video-preview:-1"},"canonical":"https:\/\/universofamilia.com\/hu\/el-mejor-aplicativo-para-mejorar-tu-sueno-y-descansar-mejor\/","og_locale":"hu_HU","og_type":"article","og_title":"El Mejor Aplicativo para Mejorar tu Sue\u00f1o y Descansar Mejor - Universo Fam\u00edlia","og_description":"El Mejor Aplicativo para Mejorar tu Sue\u00f1o y Descansar Mejor. Dormir bien es esencial para nuestra salud, pero no siempre es f\u00e1cil...","og_url":"https:\/\/universofamilia.com\/hu\/el-mejor-aplicativo-para-mejorar-tu-sueno-y-descansar-mejor\/","og_site_name":"Universo Fam\u00edlia","article_published_time":"2025-01-22T21:37:49+00:00","article_modified_time":"2025-01-22T21:37:51+00:00","og_image":[{"width":550,"height":350,"url":"https:\/\/universofamilia.com\/wp-content\/uploads\/sites\/148\/2025\/01\/DESTAQUE-UNIVERSO-550-x-350-2-2.jpg","type":"image\/jpeg"}],"author":"Pedro Henrique","twitter_card":"summary_large_image","twitter_misc":{"Written by":"Pedro Henrique","Est. reading time":"7 perc"},"schema":{"@context":"https:\/\/schema.org","@graph":[{"@type":"WebPage","@id":"https:\/\/universofamilia.com\/hr\/el-mejor-aplicativo-para-mejorar-tu-sueno-y-descansar-mejor\/","url":"https:\/\/universofamilia.com\/hr\/el-mejor-aplicativo-para-mejorar-tu-sueno-y-descansar-mejor\/","name":"El Mejor Aplicativo para Mejorar tu Sue\u00f1o y Descansar Mejor - Universo Fam\u00edlia","isPartOf":{"@id":"https:\/\/universofamilia.com\/el\/#website"},"primaryImageOfPage":{"@id":"https:\/\/universofamilia.com\/hr\/el-mejor-aplicativo-para-mejorar-tu-sueno-y-descansar-mejor\/#primaryimage"},"image":{"@id":"https:\/\/universofamilia.com\/hr\/el-mejor-aplicativo-para-mejorar-tu-sueno-y-descansar-mejor\/#primaryimage"},"thumbnailUrl":"https:\/\/universofamilia.com\/wp-content\/uploads\/sites\/148\/2025\/01\/DESTAQUE-UNIVERSO-550-x-350-2-2.jpg","datePublished":"2025-01-22T21:37:49+00:00","dateModified":"2025-01-22T21:37:51+00:00","author":{"@id":"https:\/\/universofamilia.com\/el\/#\/schema\/person\/f07ce98187dd84d31154262e79b3b7ca"},"description":"El Mejor Aplicativo para Mejorar tu Sue\u00f1o y Descansar Mejor. Dormir bien es esencial para nuestra salud, pero no siempre es f\u00e1cil...","breadcrumb":{"@id":"https:\/\/universofamilia.com\/hr\/el-mejor-aplicativo-para-mejorar-tu-sueno-y-descansar-mejor\/#breadcrumb"},"inLanguage":"hu","potentialAction":[{"@type":"ReadAction","target":["https:\/\/universofamilia.com\/hr\/el-mejor-aplicativo-para-mejorar-tu-sueno-y-descansar-mejor\/"]}]},{"@type":"ImageObject","inLanguage":"hu","@id":"https:\/\/universofamilia.com\/hr\/el-mejor-aplicativo-para-mejorar-tu-sueno-y-descansar-mejor\/#primaryimage","url":"https:\/\/universofamilia.com\/wp-content\/uploads\/sites\/148\/2025\/01\/DESTAQUE-UNIVERSO-550-x-350-2-2.jpg","contentUrl":"https:\/\/universofamilia.com\/wp-content\/uploads\/sites\/148\/2025\/01\/DESTAQUE-UNIVERSO-550-x-350-2-2.jpg","width":550,"height":350,"caption":"El Mejor Aplicativo para Mejorar tu Sue\u00f1o y Descansar Mejor"},{"@type":"BreadcrumbList","@id":"https:\/\/universofamilia.com\/hr\/el-mejor-aplicativo-para-mejorar-tu-sueno-y-descansar-mejor\/#breadcrumb","itemListElement":[{"@type":"ListItem","position":1,"name":"Home","item":"https:\/\/universofamilia.com\/el\/"},{"@type":"ListItem","position":2,"name":"El Mejor Aplicativo para Mejorar tu Sue\u00f1o y Descansar Mejor"}]},{"@type":"WebSite","@id":"https:\/\/universofamilia.com\/el\/#website","url":"https:\/\/universofamilia.com\/el\/","name":"Universo Fam\u00edlia","description":"","potentialAction":[{"@type":"SearchAction","target":{"@type":"EntryPoint","urlTemplate":"https:\/\/universofamilia.com\/el\/?s={search_term_string}"},"query-input":"required name=search_term_string"}],"inLanguage":"hu"},{"@type":"Person","@id":"https:\/\/universofamilia.com\/el\/#\/schema\/person\/f07ce98187dd84d31154262e79b3b7ca","name":"Pedro Henrique","image":{"@type":"ImageObject","inLanguage":"hu","@id":"https:\/\/universofamilia.com\/el\/#\/schema\/person\/image\/","url":"https:\/\/secure.gravatar.com\/avatar\/9edfeb808cb4e1599f64d6e45b130154?s=96&d=mm&r=g","contentUrl":"https:\/\/secure.gravatar.com\/avatar\/9edfeb808cb4e1599f64d6e45b130154?s=96&d=mm&r=g","caption":"Pedro Henrique"},"url":"https:\/\/universofamilia.com\/hu\/author\/editor01\/"}]}},"_links":{"self":[{"href":"https:\/\/universofamilia.com\/hu\/wp-json\/wp\/v2\/posts\/8288"}],"collection":[{"href":"https:\/\/universofamilia.com\/hu\/wp-json\/wp\/v2\/posts"}],"about":[{"href":"https:\/\/universofamilia.com\/hu\/wp-json\/wp\/v2\/types\/post"}],"author":[{"embeddable":true,"href":"https:\/\/universofamilia.com\/hu\/wp-json\/wp\/v2\/users\/139"}],"replies":[{"embeddable":true,"href":"https:\/\/universofamilia.com\/hu\/wp-json\/wp\/v2\/comments?post=8288"}],"version-history":[{"count":1,"href":"https:\/\/universofamilia.com\/hu\/wp-json\/wp\/v2\/posts\/8288\/revisions"}],"predecessor-version":[{"id":8292,"href":"https:\/\/universofamilia.com\/hu\/wp-json\/wp\/v2\/posts\/8288\/revisions\/8292"}],"wp:featuredmedia":[{"embeddable":true,"href":"https:\/\/universofamilia.com\/hu\/wp-json\/wp\/v2\/media\/8289"}],"wp:attachment":[{"href":"https:\/\/universofamilia.com\/hu\/wp-json\/wp\/v2\/media?parent=8288"}],"wp:term":[{"taxonomy":"category","embeddable":true,"href":"https:\/\/universofamilia.com\/hu\/wp-json\/wp\/v2\/categories?post=8288"},{"taxonomy":"post_tag","embeddable":true,"href":"https:\/\/universofamilia.com\/hu\/wp-json\/wp\/v2\/tags?post=8288"}],"curies":[{"name":"wp","href":"https:\/\/api.w.org\/{rel}","templated":true}]}}