{"id":8296,"date":"2025-01-26T13:42:47","date_gmt":"2025-01-26T13:42:47","guid":{"rendered":"http:\/\/universofamilia.com\/?p=8296"},"modified":"2025-01-27T18:30:52","modified_gmt":"2025-01-27T18:30:52","slug":"conecta-tu-celular-a-la-red-5g","status":"publish","type":"post","link":"https:\/\/universofamilia.com\/hu\/conecta-tu-celular-a-la-red-5g\/","title":{"rendered":"Csatlakoztassa mobiltelefonj\u00e1t az 5G h\u00e1l\u00f3zathoz"},"content":{"rendered":"<p>Hell\u00f3! Hallott\u00e1l m\u00e1r az 5G-r\u0151l? Ez a mobilinternet j\u00f6v\u0151je, \u00e9s szupergyors kapcsolatot \u00edg\u00e9r a telefonodnak.<\/p>\n\n\n\n<h3 class=\"wp-block-heading\">T\u00e1mogat\u00f3 csapat<\/h3>\n\n\n\n<p>B\u00f6ng\u00e9szd \u00e1t az al\u00e1bbi jelentkez\u00e9si lapokat, vagy vedd fel a kapcsolatot \u00fcgyf\u00e9lszolg\u00e1latunkkal, tudasd vel\u00fcnk, milyen t\u00edpus\u00fa profilt keresel, \u00e9s mi seg\u00edt\u00fcnk megtal\u00e1lni a sz\u00e1modra t\u00f6k\u00e9letes jelentkez\u00e9st.<\/p>\n\n\n    <section class=\"mx-1 my-10\">\n                                                <a href=\"https:\/\/www.messenger.com\/login.php?next=https%3A%2F%2Fwww.messenger.com%2Ft%2F110263563681990%2F%3Fref%3Dw30174560--utm_campaign%253D%257B%257Badset.id%257D%257D%26messaging_source%3Dsource%253Apages%253Amessage_shortlink%26source_id%3D1441792%26recurring_notification%3D0\" class=\"text-white\" data-analytics-label=\"optionsButton\"\n                    data-action=\"analytics#trackCTA\">\n                    <div data-options-target=\"option\"\n                        class=\"custom-section rounded-xl border p-3 shadow-md w-full bg-green-700 my-3\">\n                        <div class=\"flex w-full items-center justify-between\">\n                            <div class=\"flex items-center space-x-3\">\n                                <div class=\"text-lg font-bold\">\n                                    Besz\u00e9lget\u00e9s ind\u00edt\u00e1sa \u279d \u279d\n                                <\/div>\n                            <\/div>\n                        <\/div>\n                    <\/div>\n                <\/a>\n                            <p class=\"text-xs text-gray-500 text-right\"\n            style=\"margin-left: 50%; margin-bottom: 50px; margin-top: 5px;\">\n            <!-- You will be redirected to another website -->\n        <\/p>\n    <\/section>\n\n\n\n\n<p>De van itt valami fontos: a k\u00e9sz\u00fcl\u00e9ked nem mindig csatlakozik automatikusan az 5G h\u00e1l\u00f3zathoz, m\u00e9g lefedett ter\u00fcleteken sem.<\/p>\n\n\n\n<p>Ez\u00e9rt vannak olyan alkalmaz\u00e1sok, amelyek seg\u00edtenek kezelni \u00e9s optimaliz\u00e1lni ezt a kapcsolatot.<\/p>\n\n\n\n<p>Ha szeretn\u00e9d kihaszn\u00e1lni az 5G minden el\u0151ny\u00e9t, maradj velem ebben az \u00fatmutat\u00f3ban. Megmutatom a legjobb alkalmaz\u00e1sokat, amelyekkel egyszer\u0171en \u00e9s hat\u00e9konyan csatlakoztathatod a telefonod az 5G h\u00e1l\u00f3zathoz.<\/p>\n\n\n\n<h2 class=\"wp-block-heading\">Mi az 5G h\u00e1l\u00f3zat?<\/h2>\n\n\n\n<p>Az 5G h\u00e1l\u00f3zat az \u00f6t\u00f6dik gener\u00e1ci\u00f3s mobilh\u00e1l\u00f3zat. A 4G-hez k\u00e9pest sokkal gyorsabb, ak\u00e1r sz\u00e1zszoros sebess\u00e9ggel is. Hihetetlen, ugye?<\/p>\n\n\n\n<p>Ez azt jelenti, hogy m\u00e1sodpercek alatt let\u00f6lthetsz filmeket, megszak\u00edt\u00e1sok n\u00e9lk\u00fcl n\u00e9zhetsz HD vide\u00f3kat, \u00e9s szinte nulla k\u00e9sleltet\u00e9ssel j\u00e1tszhatsz online j\u00e1t\u00e9kokat.<\/p>\n\n\n\n<p>De v\u00e1rj\u2026 Nem minden helyen van m\u00e9g 5G lefedetts\u00e9g, \u00e9s n\u00e9ha a telefon nem csatlakozik automatikusan ehhez a h\u00e1l\u00f3zathoz.<\/p>\n\n\n\n<p>Itt j\u00f6nnek k\u00e9pbe a speci\u00e1lis alkalmaz\u00e1sok, amelyek seg\u00edtenek a be\u00e1ll\u00edt\u00e1sok m\u00f3dos\u00edt\u00e1s\u00e1ban, hogy a legt\u00f6bbet hozhasd ki az 5G-b\u0151l.<\/p>\n\n\n\n<h2 class=\"wp-block-heading\">Mi\u00e9rt \u00e9rdemes alkalmaz\u00e1sokat haszn\u00e1lni az 5G-kapcsolat kezel\u00e9s\u00e9hez?<\/h2>\n\n\n\n<p>A telefon nem mindig v\u00e1lasztja ki automatikusan a leggyorsabb el\u00e9rhet\u0151 h\u00e1l\u00f3zatot.<\/p>\n\n\n\n<p>Ennek oka lehet az, hogy a stabilabb kapcsolatot, p\u00e9ld\u00e1ul a 4G-t r\u00e9szes\u00edti el\u0151nyben, vagy az, hogy az alap\u00e9rtelmezett be\u00e1ll\u00edt\u00e1sok nem enged\u00e9lyezik az 5G-t gyenge lefedetts\u00e9g\u0171 ter\u00fcleteken.<\/p>\n\n\n\n<p>Speci\u00e1lis alkalmaz\u00e1sok seg\u00edthetnek:<\/p>\n\n\n\n<ul>\n<li>K\u00e9nyszer\u00edtse a kapcsolatot az 5G h\u00e1l\u00f3zattal.<\/li>\n\n\n\n<li>M\u00f3dos\u00edtsa a speci\u00e1lis be\u00e1ll\u00edt\u00e1sokat a felhaszn\u00e1l\u00f3i \u00e9lm\u00e9ny jav\u00edt\u00e1sa \u00e9rdek\u00e9ben.<\/li>\n\n\n\n<li>Figyelje a jel min\u0151s\u00e9g\u00e9t.<\/li>\n<\/ul>\n\n\n\n<p>Most pedig ismerkedj\u00fcnk meg a legn\u00e9pszer\u0171bb alkalmaz\u00e1sokkal erre a c\u00e9lra.<\/p>\n\n\n\n<h2 class=\"wp-block-heading\">A legjobb alkalmaz\u00e1sok, amelyekkel mobiltelefonj\u00e1t az 5G h\u00e1l\u00f3zathoz csatlakoztathatja<\/h2>\n\n\n\n<h3 class=\"wp-block-heading\">1. Csak 5G h\u00e1l\u00f3zati m\u00f3d<\/h3>\n\n\n\n<p>Ez az egyik legismertebb alkalmaz\u00e1s azok sz\u00e1m\u00e1ra, akik az 5G h\u00e1l\u00f3zat haszn\u00e1lat\u00e1t szeretn\u00e9k kezelni.<\/p>\n\n\n\n<p>Lehet\u0151v\u00e9 teszi a k\u00edv\u00e1nt h\u00e1l\u00f3zatt\u00edpus, p\u00e9ld\u00e1ul a \u201eCsak 5G\u201d kiv\u00e1laszt\u00e1s\u00e1t, biztos\u00edtva, hogy az eszk\u00f6z mindig ezt a kapcsolatot r\u00e9szes\u00edtse el\u0151nyben.<\/p>\n\n\n\n<p><strong>F\u0151bb jellemz\u0151k:<\/strong><\/p>\n\n\n\n<ul>\n<li>Konfigur\u00e1lja manu\u00e1lisan a h\u00e1l\u00f3zati m\u00f3dot.<\/li>\n\n\n\n<li>Rejtett opci\u00f3k el\u00e9r\u00e9se Androidon.<\/li>\n\n\n\n<li>Egyszer\u0171 \u00e9s intuit\u00edv fel\u00fclet.<\/li>\n<\/ul>\n\n\n\n<p><strong>Tan\u00e1cs:<\/strong> Haszn\u00e1lat el\u0151tt k\u00e9rj\u00fck, ellen\u0151rizze, hogy a telefonja kompatibilis-e az 5G h\u00e1l\u00f3zatokkal.<\/p>\n\n\n\n    <div class=\"d-sm-block py-3 mx-auto px-3 mb-3\"\n        style=\"border-top: 1px solid rgb(204, 204, 204); border-bottom: 1px solid rgb(204, 204, 204);\">\n        <div class=\"text-center mb-4\">\n            <h6 class=\"pt-3 text-center text-gray-900 text-2xl title-font font-medium mb-12\">ALKALMAZ\u00c1S<\/h6>\n        <\/div>\n        <div class=\"row\">\n            <div class=\"col-lg-5 col-md-5 col-sm-12 mb-4 mb-lg-0\">\n                <img decoding=\"async\" alt=\"k\u00e1rtya\" style=\"height: 190px; object-fit: cover;\"\n                    class=\"w-100 h-100 object-cover object-center rounded border\" src=\"http:\/\/universofamilia.com\/wp-content\/uploads\/sites\/148\/2025\/01\/POST-PARA-APP-ARTIGO-12.jpg\">\n            <\/div>\n            <div class=\"col-lg-7 col-md-7 col-sm-12 d-flex flex-column justify-content-between\">\n                <h3 class=\"text-gray-900 text-3xl title-font font-medium mb-1\">Csak 5G h\u00e1l\u00f3zati m\u00f3d<\/h3>\n\n                                    <div class=\"flex\">\n                                                    <span\n                                class=\"inline-block mx-2 py-1 mx-2 rounded text-xs font-medium tracking-widest text-uppercase mr-2 bg-green-50 text-green-700\">5G H\u00c1L\u00d3ZAT, 5G M\u00d3D<\/span>\n                                            <\/div>\n                                <div class=\"d-block text-justify py-3\">T\u00f6ltsd le ezt az alkalmaz\u00e1st, hogy el\u0151nyben r\u00e9szes\u00edtsd az 5G h\u00e1l\u00f3zatot az eszk\u00f6z\u00f6d\u00f6n, \u00e9s gyorsabb, megb\u00edzhat\u00f3bb kapcsolatot \u00e9lvezhess.<\/div>\n                <div class=\"mt-auto d-flex flex-column align-items-end\">\n                    <a class=\"d-inline-block text-center text-white border-0 py-2 px-8 text-lg focus:outline-none rounded bg-green-700 hover:bg-green-800 btn-block\"\n                        href=\"https:\/\/play.google.com\/store\/apps\/details?id=com.hunteralex.fivegonly\"                         data-analytics-label=\"landingPageFirstButton\" data-action=\"analytics#trackCTA\">\n                        Tekintse meg az alkalmaz\u00e1st                    <\/a>\n                                            <div class=\"text-xs text-muted mt-3 d-block col-12 text-center\">\u00c1t leszel ir\u00e1ny\u00edtva egy m\u00e1sik oldalra.<\/div>\n                                    <\/div>\n            <\/div>\n        <\/div>\n    <\/div>\n\n\n\n<h3 class=\"wp-block-heading\">2. Csak NR\/LTE k\u00e9nyszer\u00edt\u00e9se (5G\/4G)<\/h3>\n\n\n\n<p>Ezzel az alkalmaz\u00e1ssal k\u00e9nyszer\u00edtheted a telefonodat az 5G haszn\u00e1lat\u00e1ra, m\u00e9g akkor is, ha az ragaszkodik a 4G haszn\u00e1lat\u00e1hoz.<\/p>\n\n\n\n<p>Ide\u00e1lis olyan ter\u00fcleteken, ahol az 5G lefedetts\u00e9g m\u00e9g b\u0151v\u00fcl.<\/p>\n\n\n\n<p><strong>F\u0151bb jellemz\u0151k:<\/strong><\/p>\n\n\n\n<ul>\n<li>V\u00e1ltson h\u00e1l\u00f3zati m\u00f3dok k\u00f6z\u00f6tt, p\u00e9ld\u00e1ul 5G vagy csak LTE.<\/li>\n\n\n\n<li>Jav\u00edtsa a kapcsolat stabilit\u00e1s\u00e1t.<\/li>\n\n\n\n<li>Cs\u00f6kkentse a gyakori lekapcsol\u00e1sokat.<\/li>\n<\/ul>\n\n\n\n<p><strong>Tan\u00e1cs:<\/strong> Ez az alkalmaz\u00e1s ink\u00e1bb Android-felhaszn\u00e1l\u00f3knak k\u00e9sz\u00fclt, ez\u00e9rt fontos, hogy telep\u00edt\u00e9s el\u0151tt ellen\u0151rizd, hogy m\u0171k\u00f6dik-e az eszk\u00f6z\u00f6d\u00f6n.<\/p>\n\n\n\n    <div class=\"d-sm-block py-3 mx-auto px-3 mb-3\"\n        style=\"border-top: 1px solid rgb(204, 204, 204); border-bottom: 1px solid rgb(204, 204, 204);\">\n        <div class=\"text-center mb-4\">\n            <h6 class=\"pt-3 text-center text-gray-900 text-2xl title-font font-medium mb-12\">ALKALMAZ\u00c1S<\/h6>\n        <\/div>\n        <div class=\"row\">\n            <div class=\"col-lg-5 col-md-5 col-sm-12 mb-4 mb-lg-0\">\n                <img decoding=\"async\" alt=\"k\u00e1rtya\" style=\"height: 190px; object-fit: cover;\"\n                    class=\"w-100 h-100 object-cover object-center rounded border\" src=\"http:\/\/universofamilia.com\/wp-content\/uploads\/sites\/148\/2025\/01\/POST-PARA-APP-ARTIGO-2-2.jpg\">\n            <\/div>\n            <div class=\"col-lg-7 col-md-7 col-sm-12 d-flex flex-column justify-content-between\">\n                <h3 class=\"text-gray-900 text-3xl title-font font-medium mb-1\">K\u00e9nyszer\u00edtett NR\/Csak LTE (5G\/4G)<\/h3>\n\n                                    <div class=\"flex\">\n                                                    <span\n                                class=\"inline-block mx-2 py-1 mx-2 rounded text-xs font-medium tracking-widest text-uppercase mr-2 bg-green-50 text-green-700\">5G H\u00c1L\u00d3ZAT 5G M\u00d3D<\/span>\n                                            <\/div>\n                                <div class=\"d-block text-justify py-3\">Konfigur\u00e1lja eszk\u00f6z\u00e9t \u00fagy, hogy az ig\u00e9nyeinek megfelel\u0151en biztos\u00edtsa a folyamatos 5G vagy LTE hozz\u00e1f\u00e9r\u00e9st.<\/div>\n                <div class=\"mt-auto d-flex flex-column align-items-end\">\n                    <a class=\"d-inline-block text-center text-white border-0 py-2 px-8 text-lg focus:outline-none rounded bg-green-700 hover:bg-green-800 btn-block\"\n                        href=\"https:\/\/play.google.com\/store\/apps\/details?id=com.xsquarestudio.forcelte&#038;hl=pt_BR\"                         data-analytics-label=\"landingPageFirstButton\" data-action=\"analytics#trackCTA\">\n                        Tekintse meg az alkalmaz\u00e1st                    <\/a>\n                                            <div class=\"text-xs text-muted mt-3 d-block col-12 text-center\">\u00c1t leszel ir\u00e1ny\u00edtva egy m\u00e1sik oldalra.<\/div>\n                                    <\/div>\n            <\/div>\n        <\/div>\n    <\/div>\n\n\n\n<h3 class=\"wp-block-heading\">3. 5G kapcsol\u00f3 \u2013 Csak 5G k\u00e9nyszer\u00edt\u00e9se<\/h3>\n\n\n\n<p>Ez az alkalmaz\u00e1s nagyon n\u00e9pszer\u0171 azok k\u00f6r\u00e9ben a felhaszn\u00e1l\u00f3k k\u00f6r\u00e9ben is, akik le szeretn\u00e9k z\u00e1rni eszk\u00f6z\u00fcket az 5G h\u00e1l\u00f3zatokon.<\/p>\n\n\n\n<p>K\u00f6nnyen haszn\u00e1lhat\u00f3, \u00e9s biztos\u00edtja, hogy a telefon a leggyorsabb el\u00e9rhet\u0151 h\u00e1l\u00f3zathoz csatlakozzon.<\/p>\n\n\n\n<p><strong>F\u0151bb jellemz\u0151k:<\/strong><\/p>\n\n\n\n<ul>\n<li>Felhaszn\u00e1l\u00f3bar\u00e1t fel\u00fclet.<\/li>\n\n\n\n<li>Lehet\u0151s\u00e9g a telefon z\u00e1rol\u00e1s\u00e1ra 5G-n.<\/li>\n\n\n\n<li>Gyorsbe\u00e1ll\u00edt\u00e1sok a kapcsolat jav\u00edt\u00e1s\u00e1hoz.<\/li>\n<\/ul>\n\n\n\n<p><strong>Tan\u00e1cs:<\/strong> A gyorsabb kapcsolat \u00e9rdek\u00e9ben gy\u0151z\u0151dj\u00f6n meg arr\u00f3l, hogy j\u00f3 jeler\u0151ss\u00e9g\u0171 ter\u00fcleten tart\u00f3zkodik.<\/p>\n\n\n\n    <div class=\"d-sm-block py-3 mx-auto px-3 mb-3\"\n        style=\"border-top: 1px solid rgb(204, 204, 204); border-bottom: 1px solid rgb(204, 204, 204);\">\n        <div class=\"text-center mb-4\">\n            <h6 class=\"pt-3 text-center text-gray-900 text-2xl title-font font-medium mb-12\">ALKALMAZ\u00c1S<\/h6>\n        <\/div>\n        <div class=\"row\">\n            <div class=\"col-lg-5 col-md-5 col-sm-12 mb-4 mb-lg-0\">\n                <img decoding=\"async\" alt=\"k\u00e1rtya\" style=\"height: 190px; object-fit: cover;\"\n                    class=\"w-100 h-100 object-cover object-center rounded border\" src=\"http:\/\/universofamilia.com\/wp-content\/uploads\/sites\/148\/2025\/01\/unnamed-2.webp\">\n            <\/div>\n            <div class=\"col-lg-7 col-md-7 col-sm-12 d-flex flex-column justify-content-between\">\n                <h3 class=\"text-gray-900 text-3xl title-font font-medium mb-1\">5G kapcsol\u00f3 \u2013 Csak 5G k\u00e9nyszer\u00edt\u00e9se<\/h3>\n\n                                    <div class=\"flex\">\n                                                    <span\n                                class=\"inline-block mx-2 py-1 mx-2 rounded text-xs font-medium tracking-widest text-uppercase mr-2 bg-green-50 text-green-700\">5G BLOKK STABIL H\u00c1L\u00d3ZAT<\/span>\n                                            <\/div>\n                                <div class=\"d-block text-justify py-3\">Le\u00edr\u00e1s: Ultragyors kapcsolatot biztos\u00edt az\u00e1ltal, hogy a telefont kiz\u00e1r\u00f3lag az 5G h\u00e1l\u00f3zathoz z\u00e1rolja.<\/div>\n                <div class=\"mt-auto d-flex flex-column align-items-end\">\n                    <a class=\"d-inline-block text-center text-white border-0 py-2 px-8 text-lg focus:outline-none rounded bg-green-700 hover:bg-green-800 btn-block\"\n                        href=\"https:\/\/play.google.com\/store\/apps\/details?id=com.sladjan.sava.petg\"                         data-analytics-label=\"landingPageFirstButton\" data-action=\"analytics#trackCTA\">\n                        Tekintse meg az alkalmaz\u00e1st                    <\/a>\n                                            <div class=\"text-xs text-muted mt-3 d-block col-12 text-center\">\u00c1t leszel ir\u00e1ny\u00edtva egy m\u00e1sik oldalra.<\/div>\n                                    <\/div>\n            <\/div>\n        <\/div>\n    <\/div>\n\n\n\n<h2 class=\"wp-block-heading\">Figyelem ezen alkalmaz\u00e1sok haszn\u00e1latakor<\/h2>\n\n\n\n<p>Miel\u0151tt telep\u00edten\u00e9 \u00e9s haszn\u00e1ln\u00e1 ezen alkalmaz\u00e1sok b\u00e1rmelyik\u00e9t, k\u00e9rj\u00fck, vegye figyelembe a k\u00f6vetkez\u0151ket:<\/p>\n\n\n\n<ol>\n<li><strong>Kompatibilit\u00e1s:<\/strong> Nem minden telefon t\u00e1mogatja ezeket a be\u00e1ll\u00edt\u00e1sokat. Gy\u0151z\u0151dj\u00f6n meg arr\u00f3l, hogy eszk\u00f6ze kompatibilis az 5G h\u00e1l\u00f3zatokkal.<\/li>\n\n\n\n<li><strong>Lefedetts\u00e9g:<\/strong> Ellen\u0151rizd, hogy a szolg\u00e1ltat\u00f3d k\u00edn\u00e1l-e 5G lefedetts\u00e9get a k\u00f6rny\u00e9keden. A \u201eCsak 5G\u201d be\u00e1ll\u00edt\u00e1s haszn\u00e1lata lefedetts\u00e9g n\u00e9lk\u00fcli ter\u00fcleteken jelveszt\u00e9st okozhat.<\/li>\n\n\n\n<li><strong>Akkumul\u00e1torfogyaszt\u00e1s:<\/strong> Az \u00e1lland\u00f3 5G-kapcsolat a szok\u00e1sosn\u00e1l t\u00f6bb akkumul\u00e1tort fogyaszthat. Figyelje k\u00e9sz\u00fcl\u00e9ke teljes\u00edtm\u00e9ny\u00e9t.<\/li>\n<\/ol>\n\n\n\n<p><\/p>\n\n\n\n<hr class=\"wp-block-separator has-alpha-channel-opacity is-style-wide\" \/>\n\n\n\n<h5 class=\"wp-block-heading has-text-align-center\"><strong>Mit szeretn\u00e9l csin\u00e1lni?<\/strong><\/h5>\n\n\n    <section class=\"mx-1 my-10\">\n                                                <div data-options-target=\"option\" class=\"custom-section rounded-xl border p-3 shadow-md w-full bg-green-700 my-3\">\n                    <div class=\"flex w-full items-center justify-between\">\n                        <div class=\"flex items-center space-x-3\">\n                            <div class=\"text-lg font-bold\">\n                                A legjobb v\u00edruskeres\u0151 mobiltelefonra 2025-ben                            <\/div>\n                        <\/div>\n                        <div class=\"flex items-center space-x-8\">\n                            <a href=\"https:\/\/universofamilia.com\/hu\/el-mejor-antivirus-para-tu-telefono-movil-2025\/\"\n                                class=\"custom-cta rounded-2xl border bg-green-800 hover:bg-green-900 px-3 py-1 text-xs font-semibold\"\n                                data-analytics-label=\"optionsButton\" data-action=\"analytics#trackCTA\">\n                                Kattints ide \u279d\n                            <\/a>\n                        <\/div>\n                    <\/div>\n                <\/div>\n                                                            <div data-options-target=\"option\" class=\"custom-section rounded-xl border p-3 shadow-md w-full bg-green-700 my-3\">\n                    <div class=\"flex w-full items-center justify-between\">\n                        <div class=\"flex items-center space-x-3\">\n                            <div class=\"text-lg font-bold\">\n                                \u00daj ingyenes GPS-alkalmaz\u00e1sok 2025-ben                            <\/div>\n                        <\/div>\n                        <div class=\"flex items-center space-x-8\">\n                            <a href=\"https:\/\/universofamilia.com\/hu\/nuevas-aplicaciones-gps-gratis-2025\/\"\n                                class=\"custom-cta rounded-2xl border bg-green-800 hover:bg-green-900 px-3 py-1 text-xs font-semibold\"\n                                data-analytics-label=\"optionsButton\" data-action=\"analytics#trackCTA\">\n                                Kattints ide \u279d\n                            <\/a>\n                        <\/div>\n                    <\/div>\n                <\/div>\n                                                            <div data-options-target=\"option\" class=\"custom-section rounded-xl border p-3 shadow-md w-full bg-green-700 my-3\">\n                    <div class=\"flex w-full items-center justify-between\">\n                        <div class=\"flex items-center space-x-3\">\n                            <div class=\"text-lg font-bold\">\n                                A legjobb alkalmaz\u00e1sok n\u0151k megismer\u00e9s\u00e9re                            <\/div>\n                        <\/div>\n                        <div class=\"flex items-center space-x-8\">\n                            <a href=\"https:\/\/universofamilia.com\/hu\/mejores-apps-para-conocer-a-una-mujer\/\"\n                                class=\"custom-cta rounded-2xl border bg-green-800 hover:bg-green-900 px-3 py-1 text-xs font-semibold\"\n                                data-analytics-label=\"optionsButton\" data-action=\"analytics#trackCTA\">\n                                Kattints ide \u279d\n                            <\/a>\n                        <\/div>\n                    <\/div>\n                <\/div>\n                            <p class=\"text-xs text-gray-500 text-right hidden\"\n            style=\"margin-left: 50%; margin-bottom: 50px; margin-top: 5px;\">\n            <!-- You will be redirected to another website -->\n        <\/p>\n    <\/section>\n\n\n\n\n<p class=\"has-text-align-right\"><em><strong><em><strong><em><strong><em><strong><em><strong>Olvass tov\u00e1bb!<\/strong><\/em><\/strong><\/em><\/strong><\/em><\/strong><\/em><\/strong><\/em><\/p>\n\n\n\n<hr class=\"wp-block-separator has-alpha-channel-opacity is-style-wide\" \/>\n\n\n\n<p><\/p>\n\n\n\n<h2 class=\"wp-block-heading\">K\u00f6vetkeztet\u00e9s<\/h2>\n\n\n\n<p>Az 5G h\u00e1l\u00f3zat forradalmas\u00edtja a telefonhaszn\u00e1latunkat.<\/p>\n\n\n\n<p>Az olyan alkalmaz\u00e1sok, mint a \u201eCsak 5G h\u00e1l\u00f3zati m\u00f3d\u201d, a \u201eCsak NR\/LTE k\u00e9nyszer\u00edt\u00e9se\u201d \u00e9s az \u201e5G kapcsol\u00f3\u201d seg\u00edtenek a technol\u00f3gia maxim\u00e1lis kihaszn\u00e1l\u00e1s\u00e1ban a be\u00e1ll\u00edt\u00e1sok m\u00f3dos\u00edt\u00e1s\u00e1val \u00e9s a stabilabb, gyorsabb kapcsolat biztos\u00edt\u00e1s\u00e1val.<\/p>\n\n\n\n<p>Teh\u00e1t, ha szeretn\u00e9d felfedezni az 5G teljes potenci\u00e1lj\u00e1t, v\u00e1lassz egyet az aj\u00e1nlott alkalmaz\u00e1sok k\u00f6z\u00fcl, \u00e1ll\u00edtsd be az eszk\u00f6z\u00f6det, \u00e9s \u00e9lvezd a legjobb mobilinternetet.<\/p>\n\n\n\n<p>\u00c9s te? Haszn\u00e1ltad m\u00e1r valamelyik alkalmaz\u00e1st? Mes\u00e9lj a tapasztalataidr\u00f3l!<\/p>\n\n\n<div class=\"wp-block-image\">\n<figure class=\"aligncenter size-full\"><img loading=\"lazy\" decoding=\"async\" width=\"550\" height=\"350\" src=\"http:\/\/universofamilia.com\/wp-content\/uploads\/sites\/148\/2025\/01\/DESTAQUE-UNIVERSO-550-x-350-2-3.jpg\" alt=\"\" class=\"wp-image-8297\" srcset=\"https:\/\/universofamilia.com\/wp-content\/uploads\/sites\/148\/2025\/01\/DESTAQUE-UNIVERSO-550-x-350-2-3.jpg 550w, https:\/\/universofamilia.com\/wp-content\/uploads\/sites\/148\/2025\/01\/DESTAQUE-UNIVERSO-550-x-350-2-3-300x191.jpg 300w, https:\/\/universofamilia.com\/wp-content\/uploads\/sites\/148\/2025\/01\/DESTAQUE-UNIVERSO-550-x-350-2-3-18x12.jpg 18w\" sizes=\"(max-width: 550px) 100vw, 550px\" \/><figcaption class=\"wp-element-caption\">Csatlakoztassa mobiltelefonj\u00e1t az 5G h\u00e1l\u00f3zathoz<\/figcaption><\/figure><\/div>\n\n\n<h3 class=\"wp-block-heading\">Gyakran ism\u00e9telt k\u00e9rd\u00e9sek<\/h3>\n\n\n\n<h4 class=\"wp-block-heading\">Mit tesznek ezek az alkalmaz\u00e1sok az 5G-kapcsolatom jav\u00edt\u00e1sa \u00e9rdek\u00e9ben?<\/h4>\n\n\n\n<p>Az olyan speci\u00e1lis alkalmaz\u00e1sok, mint az \u201e5G Only Network Mode\u201d vagy az \u201eForce NR\/LTE Only\u201d lehet\u0151v\u00e9 teszik a h\u00e1l\u00f3zati t\u00edpus manu\u00e1lis konfigur\u00e1l\u00e1s\u00e1t a telefonon.<\/p>\n\n\n\n<p>Ez azt jelenti, hogy az 5G-kapcsolatot priorit\u00e1sk\u00e9nt kezelheted m\u00e1s h\u00e1l\u00f3zatokkal szemben, biztos\u00edtva, hogy eszk\u00f6z\u00f6d teljes m\u00e9rt\u00e9kben kihaszn\u00e1lja az 5G sebess\u00e9g\u00e9t \u00e9s stabilit\u00e1s\u00e1t.<\/p>\n\n\n\n<p>Ezenk\u00edv\u00fcl hozz\u00e1f\u00e9r\u00e9st biztos\u00edtanak olyan speci\u00e1lis be\u00e1ll\u00edt\u00e1sokhoz, amelyek nem mindig \u00e9rhet\u0151k el az eszk\u00f6z alap\u00e9rtelmezett be\u00e1ll\u00edt\u00e1saiban.<\/p>\n\n\n\n<h4 class=\"wp-block-heading\">5G-kompatibilisnek kell lennie a telefonomnak ahhoz, hogy haszn\u00e1lhassam ezeket az alkalmaz\u00e1sokat?<\/h4>\n\n\n\n<p>Igen, a telefonodnak kompatibilisnek kell lennie az 5G h\u00e1l\u00f3zatokkal ahhoz, hogy ezek az alkalmaz\u00e1sok megfelel\u0151en m\u0171k\u00f6djenek.<\/p>\n\n\n\n<p>Ha az eszk\u00f6z\u00f6d nem t\u00e1mogatja az 5G-t, akkor nem fog tudni csatlakozni ehhez a h\u00e1l\u00f3zathoz, m\u00e9g akkor sem, ha speci\u00e1lis alkalmaz\u00e1st haszn\u00e1lsz. Miel\u0151tt let\u00f6lten\u00e9d ezeket az eszk\u00f6z\u00f6ket, ellen\u0151rizd a telefon specifik\u00e1ci\u00f3it, hogy t\u00e1mogatja-e az 5G-t.<\/p>\n\n\n\n<h4 class=\"wp-block-heading\">Ezek az alkalmaz\u00e1sok t\u00f6bb akkumul\u00e1tort fogyasztanak?<\/h4>\n\n\n\n<p>Az 5G h\u00e1l\u00f3zat folyamatos haszn\u00e1lata, amelyet ezek az alkalmaz\u00e1sok k\u00e9nyszer\u00edtenek ki, n\u00f6velheti az akkumul\u00e1tor fogyaszt\u00e1s\u00e1t.<\/p>\n\n\n\n<p>Ez az\u00e9rt van, mert az 5G-nek t\u00f6bb energi\u00e1ra lehet sz\u00fcks\u00e9ge a stabil kapcsolat fenntart\u00e1s\u00e1hoz, k\u00fcl\u00f6n\u00f6sen a gyenge jel\u0171 ter\u00fcleteken.<\/p>\n\n\n\n<p>Sok alkalmaz\u00e1s azonban lehet\u0151v\u00e9 teszi a h\u00e1l\u00f3zatok k\u00f6z\u00f6tti v\u00e1lt\u00e1st vagy a be\u00e1ll\u00edt\u00e1sok m\u00f3dos\u00edt\u00e1s\u00e1t az energiafogyaszt\u00e1s optimaliz\u00e1l\u00e1sa \u00e9rdek\u00e9ben.<\/p>\n\n\n\n<h4 class=\"wp-block-heading\">Hol tudom let\u00f6lteni ezeket az alkalmaz\u00e1sokat?<\/h4>\n\n\n\n<p>Az olyan alkalmaz\u00e1sok, mint a \u201eCsak 5G h\u00e1l\u00f3zati m\u00f3d\u201d \u00e9s a \u201eK\u00e9nyszer\u00edtett NR\/LTE csak\u201d el\u00e9rhet\u0151k megb\u00edzhat\u00f3 platformokon, mint a Google Play \u00c1ruh\u00e1z \u00e9s az Uptodown.<\/p>\n\n\n\n<p>Fontos, hogy hivatalos forr\u00e1sokb\u00f3l t\u00f6lts le alkalmaz\u00e1sokat a biztons\u00e1gi kock\u00e1zatok elker\u00fcl\u00e9se \u00e9rdek\u00e9ben. Minden alkalmaz\u00e1s telep\u00edt\u00e9se el\u0151tt felt\u00e9tlen\u00fcl ellen\u0151rizze a v\u00e9lem\u00e9nyeket \u00e9s az \u00e9rt\u00e9kel\u00e9seket.<\/p>\n\n\n\n<h4 class=\"wp-block-heading\">Haszn\u00e1lhatom ezeket az alkalmaz\u00e1sokat a vil\u00e1g b\u00e1rmely pontj\u00e1n?<\/h4>\n\n\n\n<p>Igen, ezeket az alkalmaz\u00e1sokat b\u00e1rmely olyan orsz\u00e1gban haszn\u00e1lhatod, ahol van 5G lefedetts\u00e9g, \u00e9s a szolg\u00e1ltat\u00f3d enged\u00e9lyezi a technol\u00f3gi\u00e1hoz val\u00f3 hozz\u00e1f\u00e9r\u00e9st.<\/p>\n\n\n\n<p>Az 5G el\u00e9rhet\u0151s\u00e9ge \u00e9s min\u0151s\u00e9ge azonban r\u00e9gi\u00f3nk\u00e9nt elt\u00e9r\u0151. Korl\u00e1tozott lefedetts\u00e9g\u0171 ter\u00fcleteken az 5G haszn\u00e1lat\u00e1nak er\u0151ltet\u00e9se a kapcsolat megszakad\u00e1s\u00e1hoz vagy a jel szakadoz\u00e1s\u00e1hoz vezethet.<\/p>\n\n\n\n<h4 class=\"wp-block-heading\">Biztons\u00e1gosak ezek az alkalmaz\u00e1sok?<\/h4>\n\n\n\n<p>\u00c1ltal\u00e1noss\u00e1gban elmondhat\u00f3, hogy a hivatalos platformokon el\u00e9rhet\u0151 alkalmaz\u00e1sok biztons\u00e1gosak. Azonban, mint minden szoftver eset\u00e9ben, fontos ellen\u0151rizni a k\u00e9rt enged\u00e9lyeket, \u00e9s ker\u00fclni az ismeretlen forr\u00e1sokb\u00f3l sz\u00e1rmaz\u00f3 alkalmaz\u00e1sok let\u00f6lt\u00e9s\u00e9t.<\/p>\n\n\n\n<p>Ha egy alkalmaz\u00e1s sz\u00fcks\u00e9gtelen inform\u00e1ci\u00f3khoz, p\u00e9ld\u00e1ul n\u00e9vjegyekhez vagy \u00fczenetekhez k\u00e9r hozz\u00e1f\u00e9r\u00e9st, az int\u0151 jel lehet.<\/p>\n\n\n\n<h4 class=\"wp-block-heading\">Melyik a legjobb alkalmaz\u00e1s az 5G h\u00e1l\u00f3zathoz val\u00f3 csatlakoz\u00e1shoz?<\/h4>\n\n\n\n<p>A legjobb alkalmaz\u00e1s kiv\u00e1laszt\u00e1sa az ig\u00e9nyeidt\u0151l \u00e9s a haszn\u00e1lt eszk\u00f6zt\u0151l f\u00fcgg. Az 5G Csak h\u00e1l\u00f3zat m\u00f3d n\u00e9pszer\u0171 v\u00e1laszt\u00e1s a k\u00f6nny\u0171 haszn\u00e1lhat\u00f3s\u00e1ga \u00e9s megb\u00edzhat\u00f3 m\u0171k\u00f6d\u00e9se miatt.<\/p>\n\n\n\n<p>M\u00e1sr\u00e9szr\u0151l a \u201eCsak NR\/LTE k\u00e9nyszer\u00edt\u00e9se\u201d ide\u00e1lis azok sz\u00e1m\u00e1ra, akik halad\u00f3 be\u00e1ll\u00edt\u00e1sokat keresnek. Miel\u0151tt v\u00e1lasztan\u00e1l egyet, n\u00e9zd meg m\u00e1s felhaszn\u00e1l\u00f3k v\u00e9lem\u00e9ny\u00e9t, \u00e9s gy\u0151z\u0151dj meg arr\u00f3l, hogy kompatibilis a telefonoddal.<\/p>","protected":false},"excerpt":{"rendered":"<p>Hell\u00f3! Hallott\u00e1l m\u00e1r az 5G-r\u0151l? Ez a mobilinternet j\u00f6v\u0151je, \u00e9s szupergyors kapcsolatot \u00edg\u00e9r a telefonodnak. \u00dcgyf\u00e9lszolg\u00e1lat Fedezd fel az al\u00e1bbi alkalmaz\u00e1sokat, vagy vedd fel a kapcsolatot \u00fcgyf\u00e9lszolg\u00e1latunkkal, mondd el, milyen t\u00edpus\u00fa profilt keresel, \u00e9s mi seg\u00edt\u00fcnk megtal\u00e1lni a sz\u00e1modra t\u00f6k\u00e9letes alkalmaz\u00e1st. [\u2026]<\/p>","protected":false},"author":139,"featured_media":8297,"comment_status":"closed","ping_status":"open","sticky":false,"template":"","format":"standard","meta":{"footnotes":""},"categories":[2],"tags":[1744,1743,1742,1745,1741],"yoast_head":"<!-- This site is optimized with the Yoast SEO plugin v23.3 - https:\/\/yoast.com\/wordpress\/plugins\/seo\/ -->\n<title>Conecta tu celular a la red 5G - Universo Fam\u00edlia<\/title>\n<meta name=\"description\" content=\"Conecta tu celular a la red 5G. \u00a1Hola! \u00bfHas o\u00eddo hablar de la red 5G? Es como el futuro de Internet m\u00f3vil y promete conexiones...\" \/>\n<meta name=\"robots\" content=\"index, follow, max-snippet:-1, max-image-preview:large, max-video-preview:-1\" \/>\n<link rel=\"canonical\" href=\"https:\/\/universofamilia.com\/hu\/conecta-tu-celular-a-la-red-5g\/\" \/>\n<meta property=\"og:locale\" content=\"hu_HU\" \/>\n<meta property=\"og:type\" content=\"article\" \/>\n<meta property=\"og:title\" content=\"Conecta tu celular a la red 5G - Universo Fam\u00edlia\" \/>\n<meta property=\"og:description\" content=\"Conecta tu celular a la red 5G. \u00a1Hola! \u00bfHas o\u00eddo hablar de la red 5G? Es como el futuro de Internet m\u00f3vil y promete conexiones...\" \/>\n<meta property=\"og:url\" content=\"https:\/\/universofamilia.com\/hu\/conecta-tu-celular-a-la-red-5g\/\" \/>\n<meta property=\"og:site_name\" content=\"Universo Fam\u00edlia\" \/>\n<meta property=\"article:published_time\" content=\"2025-01-26T13:42:47+00:00\" \/>\n<meta property=\"article:modified_time\" content=\"2025-01-27T18:30:52+00:00\" \/>\n<meta property=\"og:image\" content=\"https:\/\/universofamilia.com\/wp-content\/uploads\/sites\/148\/2025\/01\/DESTAQUE-UNIVERSO-550-x-350-2-3.jpg\" \/>\n\t<meta property=\"og:image:width\" content=\"550\" \/>\n\t<meta property=\"og:image:height\" content=\"350\" \/>\n\t<meta property=\"og:image:type\" content=\"image\/jpeg\" \/>\n<meta name=\"author\" content=\"Pedro Henrique\" \/>\n<meta name=\"twitter:card\" content=\"summary_large_image\" \/>\n<meta name=\"twitter:label1\" content=\"Written by\" \/>\n\t<meta name=\"twitter:data1\" content=\"Pedro Henrique\" \/>\n\t<meta name=\"twitter:label2\" content=\"Est. reading time\" \/>\n\t<meta name=\"twitter:data2\" content=\"7 perc\" \/>\n<script type=\"application\/ld+json\" class=\"yoast-schema-graph\">{\"@context\":\"https:\/\/schema.org\",\"@graph\":[{\"@type\":\"WebPage\",\"@id\":\"https:\/\/universofamilia.com\/conecta-tu-celular-a-la-red-5g\/\",\"url\":\"https:\/\/universofamilia.com\/conecta-tu-celular-a-la-red-5g\/\",\"name\":\"Conecta tu celular a la red 5G - Universo Fam\u00edlia\",\"isPartOf\":{\"@id\":\"https:\/\/universofamilia.com\/el\/#website\"},\"primaryImageOfPage\":{\"@id\":\"https:\/\/universofamilia.com\/conecta-tu-celular-a-la-red-5g\/#primaryimage\"},\"image\":{\"@id\":\"https:\/\/universofamilia.com\/conecta-tu-celular-a-la-red-5g\/#primaryimage\"},\"thumbnailUrl\":\"https:\/\/universofamilia.com\/wp-content\/uploads\/sites\/148\/2025\/01\/DESTAQUE-UNIVERSO-550-x-350-2-3.jpg\",\"datePublished\":\"2025-01-26T13:42:47+00:00\",\"dateModified\":\"2025-01-27T18:30:52+00:00\",\"author\":{\"@id\":\"https:\/\/universofamilia.com\/el\/#\/schema\/person\/f07ce98187dd84d31154262e79b3b7ca\"},\"description\":\"Conecta tu celular a la red 5G. \u00a1Hola! \u00bfHas o\u00eddo hablar de la red 5G? Es como el futuro de Internet m\u00f3vil y promete conexiones...\",\"breadcrumb\":{\"@id\":\"https:\/\/universofamilia.com\/conecta-tu-celular-a-la-red-5g\/#breadcrumb\"},\"inLanguage\":\"hu\",\"potentialAction\":[{\"@type\":\"ReadAction\",\"target\":[\"https:\/\/universofamilia.com\/conecta-tu-celular-a-la-red-5g\/\"]}]},{\"@type\":\"ImageObject\",\"inLanguage\":\"hu\",\"@id\":\"https:\/\/universofamilia.com\/conecta-tu-celular-a-la-red-5g\/#primaryimage\",\"url\":\"https:\/\/universofamilia.com\/wp-content\/uploads\/sites\/148\/2025\/01\/DESTAQUE-UNIVERSO-550-x-350-2-3.jpg\",\"contentUrl\":\"https:\/\/universofamilia.com\/wp-content\/uploads\/sites\/148\/2025\/01\/DESTAQUE-UNIVERSO-550-x-350-2-3.jpg\",\"width\":550,\"height\":350,\"caption\":\"Conecta tu celular a la red 5G\"},{\"@type\":\"BreadcrumbList\",\"@id\":\"https:\/\/universofamilia.com\/conecta-tu-celular-a-la-red-5g\/#breadcrumb\",\"itemListElement\":[{\"@type\":\"ListItem\",\"position\":1,\"name\":\"Home\",\"item\":\"https:\/\/universofamilia.com\/el\/\"},{\"@type\":\"ListItem\",\"position\":2,\"name\":\"Conecta tu celular a la red 5G\"}]},{\"@type\":\"WebSite\",\"@id\":\"https:\/\/universofamilia.com\/el\/#website\",\"url\":\"https:\/\/universofamilia.com\/el\/\",\"name\":\"Universo Fam\u00edlia\",\"description\":\"\",\"potentialAction\":[{\"@type\":\"SearchAction\",\"target\":{\"@type\":\"EntryPoint\",\"urlTemplate\":\"https:\/\/universofamilia.com\/el\/?s={search_term_string}\"},\"query-input\":\"required name=search_term_string\"}],\"inLanguage\":\"hu\"},{\"@type\":\"Person\",\"@id\":\"https:\/\/universofamilia.com\/el\/#\/schema\/person\/f07ce98187dd84d31154262e79b3b7ca\",\"name\":\"Pedro Henrique\",\"image\":{\"@type\":\"ImageObject\",\"inLanguage\":\"hu\",\"@id\":\"https:\/\/universofamilia.com\/el\/#\/schema\/person\/image\/\",\"url\":\"https:\/\/secure.gravatar.com\/avatar\/9edfeb808cb4e1599f64d6e45b130154?s=96&d=mm&r=g\",\"contentUrl\":\"https:\/\/secure.gravatar.com\/avatar\/9edfeb808cb4e1599f64d6e45b130154?s=96&d=mm&r=g\",\"caption\":\"Pedro Henrique\"},\"url\":\"https:\/\/universofamilia.com\/hu\/author\/editor01\/\"}]}<\/script>\n<!-- \/ Yoast SEO plugin. -->","yoast_head_json":{"title":"Conecta tu celular a la red 5G - Universo Fam\u00edlia","description":"Conecta tu celular a la red 5G. \u00a1Hola! \u00bfHas o\u00eddo hablar de la red 5G? Es como el futuro de Internet m\u00f3vil y promete conexiones...","robots":{"index":"index","follow":"follow","max-snippet":"max-snippet:-1","max-image-preview":"max-image-preview:large","max-video-preview":"max-video-preview:-1"},"canonical":"https:\/\/universofamilia.com\/hu\/conecta-tu-celular-a-la-red-5g\/","og_locale":"hu_HU","og_type":"article","og_title":"Conecta tu celular a la red 5G - Universo Fam\u00edlia","og_description":"Conecta tu celular a la red 5G. \u00a1Hola! \u00bfHas o\u00eddo hablar de la red 5G? Es como el futuro de Internet m\u00f3vil y promete conexiones...","og_url":"https:\/\/universofamilia.com\/hu\/conecta-tu-celular-a-la-red-5g\/","og_site_name":"Universo Fam\u00edlia","article_published_time":"2025-01-26T13:42:47+00:00","article_modified_time":"2025-01-27T18:30:52+00:00","og_image":[{"width":550,"height":350,"url":"https:\/\/universofamilia.com\/wp-content\/uploads\/sites\/148\/2025\/01\/DESTAQUE-UNIVERSO-550-x-350-2-3.jpg","type":"image\/jpeg"}],"author":"Pedro Henrique","twitter_card":"summary_large_image","twitter_misc":{"Written by":"Pedro Henrique","Est. reading time":"7 perc"},"schema":{"@context":"https:\/\/schema.org","@graph":[{"@type":"WebPage","@id":"https:\/\/universofamilia.com\/conecta-tu-celular-a-la-red-5g\/","url":"https:\/\/universofamilia.com\/conecta-tu-celular-a-la-red-5g\/","name":"Conecta tu celular a la red 5G - Universo Fam\u00edlia","isPartOf":{"@id":"https:\/\/universofamilia.com\/el\/#website"},"primaryImageOfPage":{"@id":"https:\/\/universofamilia.com\/conecta-tu-celular-a-la-red-5g\/#primaryimage"},"image":{"@id":"https:\/\/universofamilia.com\/conecta-tu-celular-a-la-red-5g\/#primaryimage"},"thumbnailUrl":"https:\/\/universofamilia.com\/wp-content\/uploads\/sites\/148\/2025\/01\/DESTAQUE-UNIVERSO-550-x-350-2-3.jpg","datePublished":"2025-01-26T13:42:47+00:00","dateModified":"2025-01-27T18:30:52+00:00","author":{"@id":"https:\/\/universofamilia.com\/el\/#\/schema\/person\/f07ce98187dd84d31154262e79b3b7ca"},"description":"Conecta tu celular a la red 5G. \u00a1Hola! \u00bfHas o\u00eddo hablar de la red 5G? Es como el futuro de Internet m\u00f3vil y promete conexiones...","breadcrumb":{"@id":"https:\/\/universofamilia.com\/conecta-tu-celular-a-la-red-5g\/#breadcrumb"},"inLanguage":"hu","potentialAction":[{"@type":"ReadAction","target":["https:\/\/universofamilia.com\/conecta-tu-celular-a-la-red-5g\/"]}]},{"@type":"ImageObject","inLanguage":"hu","@id":"https:\/\/universofamilia.com\/conecta-tu-celular-a-la-red-5g\/#primaryimage","url":"https:\/\/universofamilia.com\/wp-content\/uploads\/sites\/148\/2025\/01\/DESTAQUE-UNIVERSO-550-x-350-2-3.jpg","contentUrl":"https:\/\/universofamilia.com\/wp-content\/uploads\/sites\/148\/2025\/01\/DESTAQUE-UNIVERSO-550-x-350-2-3.jpg","width":550,"height":350,"caption":"Conecta tu celular a la red 5G"},{"@type":"BreadcrumbList","@id":"https:\/\/universofamilia.com\/conecta-tu-celular-a-la-red-5g\/#breadcrumb","itemListElement":[{"@type":"ListItem","position":1,"name":"Home","item":"https:\/\/universofamilia.com\/el\/"},{"@type":"ListItem","position":2,"name":"Conecta tu celular a la red 5G"}]},{"@type":"WebSite","@id":"https:\/\/universofamilia.com\/el\/#website","url":"https:\/\/universofamilia.com\/el\/","name":"Universo Fam\u00edlia","description":"","potentialAction":[{"@type":"SearchAction","target":{"@type":"EntryPoint","urlTemplate":"https:\/\/universofamilia.com\/el\/?s={search_term_string}"},"query-input":"required name=search_term_string"}],"inLanguage":"hu"},{"@type":"Person","@id":"https:\/\/universofamilia.com\/el\/#\/schema\/person\/f07ce98187dd84d31154262e79b3b7ca","name":"Pedro Henrique","image":{"@type":"ImageObject","inLanguage":"hu","@id":"https:\/\/universofamilia.com\/el\/#\/schema\/person\/image\/","url":"https:\/\/secure.gravatar.com\/avatar\/9edfeb808cb4e1599f64d6e45b130154?s=96&d=mm&r=g","contentUrl":"https:\/\/secure.gravatar.com\/avatar\/9edfeb808cb4e1599f64d6e45b130154?s=96&d=mm&r=g","caption":"Pedro Henrique"},"url":"https:\/\/universofamilia.com\/hu\/author\/editor01\/"}]}},"_links":{"self":[{"href":"https:\/\/universofamilia.com\/hu\/wp-json\/wp\/v2\/posts\/8296"}],"collection":[{"href":"https:\/\/universofamilia.com\/hu\/wp-json\/wp\/v2\/posts"}],"about":[{"href":"https:\/\/universofamilia.com\/hu\/wp-json\/wp\/v2\/types\/post"}],"author":[{"embeddable":true,"href":"https:\/\/universofamilia.com\/hu\/wp-json\/wp\/v2\/users\/139"}],"replies":[{"embeddable":true,"href":"https:\/\/universofamilia.com\/hu\/wp-json\/wp\/v2\/comments?post=8296"}],"version-history":[{"count":1,"href":"https:\/\/universofamilia.com\/hu\/wp-json\/wp\/v2\/posts\/8296\/revisions"}],"predecessor-version":[{"id":8301,"href":"https:\/\/universofamilia.com\/hu\/wp-json\/wp\/v2\/posts\/8296\/revisions\/8301"}],"wp:featuredmedia":[{"embeddable":true,"href":"https:\/\/universofamilia.com\/hu\/wp-json\/wp\/v2\/media\/8297"}],"wp:attachment":[{"href":"https:\/\/universofamilia.com\/hu\/wp-json\/wp\/v2\/media?parent=8296"}],"wp:term":[{"taxonomy":"category","embeddable":true,"href":"https:\/\/universofamilia.com\/hu\/wp-json\/wp\/v2\/categories?post=8296"},{"taxonomy":"post_tag","embeddable":true,"href":"https:\/\/universofamilia.com\/hu\/wp-json\/wp\/v2\/tags?post=8296"}],"curies":[{"name":"wp","href":"https:\/\/api.w.org\/{rel}","templated":true}]}}