{"id":8302,"date":"2025-01-27T18:23:01","date_gmt":"2025-01-27T18:23:01","guid":{"rendered":"http:\/\/universofamilia.com\/?p=8302"},"modified":"2025-07-12T17:33:25","modified_gmt":"2025-07-12T20:33:25","slug":"mejor-ia-para-mejorar-fotos","status":"publish","type":"post","link":"https:\/\/universofamilia.com\/hu\/mejor-ia-para-mejorar-fotos\/","title":{"rendered":"A legjobb mesters\u00e9ges intelligencia a fot\u00f3feljav\u00edt\u00e1shoz"},"content":{"rendered":"<p>A technol\u00f3gia fejl\u0151d\u00e9s\u00e9vel a f\u00e9nyk\u00e9pek jav\u00edt\u00e1sa soha nem volt ilyen egyszer\u0171 \u00e9s el\u00e9rhet\u0151.<\/p>\n\n\n\n<p>A mesters\u00e9ges intelligenci\u00e1nak (MI) k\u00f6sz\u00f6nhet\u0151en az alkalmaz\u00e1sok ma m\u00e1r hihetetlen megold\u00e1sokat k\u00edn\u00e1lnak a k\u00e9pek szerkeszt\u00e9s\u00e9re mind\u00f6ssze n\u00e9h\u00e1ny koppint\u00e1ssal.<\/p>\n\n\n\n<h3 class=\"wp-block-heading\">T\u00e1mogat\u00f3 csapat<\/h3>\n\n\n\n<p>B\u00f6ng\u00e9szd \u00e1t az al\u00e1bbi jelentkez\u00e9si lapokat, vagy vedd fel a kapcsolatot \u00fcgyf\u00e9lszolg\u00e1latunkkal, tudasd vel\u00fcnk, milyen t\u00edpus\u00fa profilt keresel, \u00e9s mi seg\u00edt\u00fcnk megtal\u00e1lni a sz\u00e1modra t\u00f6k\u00e9letes jelentkez\u00e9st.<\/p>\n\n\n    <section class=\"mx-1 my-10\">\n                                                <a href=\"https:\/\/www.messenger.com\/login.php?next=https%3A%2F%2Fwww.messenger.com%2Ft%2F110263563681990%2F%3Fref%3Dw30174560--utm_campaign%253D%257B%257Badset.id%257D%257D%26messaging_source%3Dsource%253Apages%253Amessage_shortlink%26source_id%3D1441792%26recurring_notification%3D0\" class=\"text-white\" data-analytics-label=\"optionsButton\"\n                    data-action=\"analytics#trackCTA\">\n                    <div data-options-target=\"option\"\n                        class=\"custom-section rounded-xl border p-3 shadow-md w-full bg-green-700 my-3\">\n                        <div class=\"flex w-full items-center justify-between\">\n                            <div class=\"flex items-center space-x-3\">\n                                <div class=\"text-lg font-bold\">\n                                    Besz\u00e9lget\u00e9s ind\u00edt\u00e1sa \u279d \u279d\n                                <\/div>\n                            <\/div>\n                        <\/div>\n                    <\/div>\n                <\/a>\n                            <p class=\"text-xs text-gray-500 text-right\"\n            style=\"margin-left: 50%; margin-bottom: 50px; margin-top: 5px;\">\n            <!-- You will be redirected to another website -->\n        <\/p>\n    <\/section>\n\n\n\n\n<p>Ha praktikus, n\u00e9pszer\u0171 \u00e9s professzion\u00e1lis eredm\u00e9nyeket hoz\u00f3 alkalmaz\u00e1sokat keresel, ez a cikk neked sz\u00f3l.<\/p>\n\n\n\n<p>\u00cdme a legjobb mesters\u00e9ges intelligenci\u00e1val m\u0171k\u00f6d\u0151 fot\u00f3jav\u00edt\u00f3 alkalmaz\u00e1sok, amelyek mindegyike nagyon keresett \u00e9s magas \u00e9rt\u00e9kel\u00e9sekkel rendelkezik az alkalmaz\u00e1sboltokban.<\/p>\n\n\n\n<h2 class=\"wp-block-heading\">Mi\u00e9rt \u00e9rdemes mesters\u00e9ges intelligenci\u00e1t haszn\u00e1lni a fot\u00f3k jav\u00edt\u00e1s\u00e1hoz?<\/h2>\n\n\n\n<p>A mesters\u00e9ges intelligencia forradalmas\u00edtotta a k\u00e9pszerkeszt\u00e9s m\u00f3dj\u00e1t, olyan funkci\u00f3kat k\u00edn\u00e1lva, amelyekhez kor\u00e1bban fejlett berendez\u00e9sekre vagy \u00f6sszetett programokra volt sz\u00fcks\u00e9g.<\/p>\n\n\n\n<p>A mesters\u00e9ges intelligencia seg\u00edts\u00e9g\u00e9vel a k\u00f6vetkez\u0151k lehets\u00e9gesek:<\/p>\n\n\n\n<ul>\n<li>Alak\u00edtsa \u00e1t r\u00e9gi f\u00e9nyk\u00e9peit \u00e9les, \u00e9l\u00e9nk k\u00e9pekk\u00e9.<\/li>\n\n\n\n<li>Automatikusan be\u00e1ll\u00edtja a r\u00e9szleteket, id\u0151t takar\u00edtva meg.<\/li>\n\n\n\n<li>K\u00e9sz\u00edtsen m\u0171v\u00e9szi kompoz\u00edci\u00f3kat mind\u00f6ssze n\u00e9h\u00e1ny kattint\u00e1ssal.<\/li>\n<\/ul>\n\n\n\n<p>Annyi technol\u00f3gia van a kez\u00fcnk \u00fcgy\u00e9ben, hogy a megfelel\u0151 alkalmaz\u00e1s kiv\u00e1laszt\u00e1sa mindent megv\u00e1ltoztat.<\/p>\n\n\n\n<p><\/p>\n\n\n\n<hr class=\"wp-block-separator has-alpha-channel-opacity is-style-wide\" \/>\n\n\n\n<h5 class=\"wp-block-heading has-text-align-center\"><strong>Mit szeretn\u00e9l csin\u00e1lni?<\/strong><\/h5>\n\n\n    <section class=\"mx-1 my-10\">\n                                                <div data-options-target=\"option\" class=\"custom-section rounded-xl border p-3 shadow-md w-full bg-green-700 my-3\">\n                    <div class=\"flex w-full items-center justify-between\">\n                        <div class=\"flex items-center space-x-3\">\n                            <div class=\"text-lg font-bold\">\n                                A legjobb v\u00edruskeres\u0151 mobiltelefonra 2025-ben                            <\/div>\n                        <\/div>\n                        <div class=\"flex items-center space-x-8\">\n                            <a href=\"https:\/\/universofamilia.com\/hu\/el-mejor-antivirus-para-tu-telefono-movil-2025\/\"\n                                class=\"custom-cta rounded-2xl border bg-green-800 hover:bg-green-900 px-3 py-1 text-xs font-semibold\"\n                                data-analytics-label=\"optionsButton\" data-action=\"analytics#trackCTA\">\n                                Kattints ide \u279d\n                            <\/a>\n                        <\/div>\n                    <\/div>\n                <\/div>\n                                                            <div data-options-target=\"option\" class=\"custom-section rounded-xl border p-3 shadow-md w-full bg-green-700 my-3\">\n                    <div class=\"flex w-full items-center justify-between\">\n                        <div class=\"flex items-center space-x-3\">\n                            <div class=\"text-lg font-bold\">\n                                \u00daj ingyenes GPS-alkalmaz\u00e1sok 2025-ben                            <\/div>\n                        <\/div>\n                        <div class=\"flex items-center space-x-8\">\n                            <a href=\"https:\/\/universofamilia.com\/hu\/nuevas-aplicaciones-gps-gratis-2025\/\"\n                                class=\"custom-cta rounded-2xl border bg-green-800 hover:bg-green-900 px-3 py-1 text-xs font-semibold\"\n                                data-analytics-label=\"optionsButton\" data-action=\"analytics#trackCTA\">\n                                Kattints ide \u279d\n                            <\/a>\n                        <\/div>\n                    <\/div>\n                <\/div>\n                                                            <div data-options-target=\"option\" class=\"custom-section rounded-xl border p-3 shadow-md w-full bg-green-700 my-3\">\n                    <div class=\"flex w-full items-center justify-between\">\n                        <div class=\"flex items-center space-x-3\">\n                            <div class=\"text-lg font-bold\">\n                                A legjobb alkalmaz\u00e1sok n\u0151k megismer\u00e9s\u00e9re                            <\/div>\n                        <\/div>\n                        <div class=\"flex items-center space-x-8\">\n                            <a href=\"https:\/\/universofamilia.com\/hu\/mejores-apps-para-conocer-a-una-mujer\/\"\n                                class=\"custom-cta rounded-2xl border bg-green-800 hover:bg-green-900 px-3 py-1 text-xs font-semibold\"\n                                data-analytics-label=\"optionsButton\" data-action=\"analytics#trackCTA\">\n                                Kattints ide \u279d\n                            <\/a>\n                        <\/div>\n                    <\/div>\n                <\/div>\n                            <p class=\"text-xs text-gray-500 text-right hidden\"\n            style=\"margin-left: 50%; margin-bottom: 50px; margin-top: 5px;\">\n            <!-- You will be redirected to another website -->\n        <\/p>\n    <\/section>\n\n\n\n\n<p class=\"has-text-align-right\"><em><strong><em><strong><em><strong><em><strong><em><strong>Olvass tov\u00e1bb!<\/strong><\/em><\/strong><\/em><\/strong><\/em><\/strong><\/em><\/strong><\/em><\/p>\n\n\n\n<hr class=\"wp-block-separator has-alpha-channel-opacity is-style-wide\" \/>\n\n\n\n<p><\/p>\n\n\n\n<h2 class=\"wp-block-heading\">Imagine.AI: M\u0171v\u00e9szet \u00e9s technol\u00f3gia szinkronban<\/h2>\n\n\n\n<p>Az Imagine.AI egy innovat\u00edv alkalmaz\u00e1s, amely val\u00f3di m\u0171alkot\u00e1sokk\u00e1 alak\u00edtja fot\u00f3idat. Fejlett mesters\u00e9ges intelligencia algoritmusok seg\u00edts\u00e9g\u00e9vel eszk\u00f6z\u00f6ket k\u00edn\u00e1l a k\u00e9pek jav\u00edt\u00e1s\u00e1hoz \u00e9s egyedi kompoz\u00edci\u00f3k l\u00e9trehoz\u00e1s\u00e1hoz.<\/p>\n\n\n\n<h3 class=\"wp-block-heading\">F\u0151bb jellemz\u0151k<\/h3>\n\n\n\n<ul>\n<li><strong>M\u0171v\u00e9szeti st\u00edlusok<\/strong>: Alak\u00edtsa \u00e1t fot\u00f3it k\u00fcl\u00f6nb\u00f6z\u0151 st\u00edlus\u00fa festm\u00e9nyekk\u00e9.<\/li>\n\n\n\n<li><strong>Tov\u00e1bbfejlesztett r\u00e9szletek<\/strong>Automatikusan \u00e9lezi \u00e9s korrig\u00e1lja a t\u00f6k\u00e9letlens\u00e9geket.<\/li>\n\n\n\n<li><strong>Intuit\u00edv kezel\u0151fel\u00fclet<\/strong>Ide\u00e1lis kezd\u0151knek \u00e9s halad\u00f3 felhaszn\u00e1l\u00f3knak.<\/li>\n<\/ul>\n\n\n\n    <div class=\"d-sm-block py-3 mx-auto px-3 mb-3\"\n        style=\"border-top: 1px solid rgb(204, 204, 204); border-bottom: 1px solid rgb(204, 204, 204);\">\n        <div class=\"text-center mb-4\">\n            <h6 class=\"pt-3 text-center text-gray-900 text-2xl title-font font-medium mb-12\">ALKALMAZ\u00c1S<\/h6>\n        <\/div>\n        <div class=\"row\">\n            <div class=\"col-lg-5 col-md-5 col-sm-12 mb-4 mb-lg-0\">\n                <img decoding=\"async\" alt=\"k\u00e1rtya\" style=\"height: 190px; object-fit: cover;\"\n                    class=\"w-100 h-100 object-cover object-center rounded border\" src=\"http:\/\/universofamilia.com\/wp-content\/uploads\/sites\/148\/2025\/01\/POST-PARA-APP-ARTIGO-2-3.jpg\">\n            <\/div>\n            <div class=\"col-lg-7 col-md-7 col-sm-12 d-flex flex-column justify-content-between\">\n                <h3 class=\"text-gray-900 text-3xl title-font font-medium mb-1\">K\u00e9pzeld el.AI<\/h3>\n\n                                    <div class=\"flex\">\n                                                    <span\n                                class=\"inline-block mx-2 py-1 mx-2 rounded text-xs font-medium tracking-widest text-uppercase mr-2 bg-green-50 text-green-700\">M\u0170V\u00c9SZETI FOT\u00d3K MESTERS\u00c9GES INTELLIGENCIA<\/span>\n                                            <\/div>\n                                <div class=\"d-block text-justify py-3\">Fedezd fel, hogyan var\u00e1zsolja az Imagine.AI fot\u00f3idat egyedi m\u0171alkot\u00e1sokk\u00e1 a mesters\u00e9ges intelligencia seg\u00edts\u00e9g\u00e9vel. T\u00f6ltsd le most, \u00e9s alak\u00edtsd \u00e1t a k\u00e9peidet.<\/div>\n                <div class=\"mt-auto d-flex flex-column align-items-end\">\n                    <a class=\"d-inline-block text-center text-white border-0 py-2 px-8 text-lg focus:outline-none rounded bg-green-700 hover:bg-green-800 btn-block\"\n                        href=\"https:\/\/play.google.com\/store\/apps\/details?id=com.vyroai.aiart&#038;hl=pt_BR\"                         data-analytics-label=\"landingPageFirstButton\" data-action=\"analytics#trackCTA\">\n                        Tekintse meg az alkalmaz\u00e1st                    <\/a>\n                                            <div class=\"text-xs text-muted mt-3 d-block col-12 text-center\">\u00c1t leszel ir\u00e1ny\u00edtva egy m\u00e1sik oldalra.<\/div>\n                                    <\/div>\n            <\/div>\n        <\/div>\n    <\/div>\n\n\n\n<h2 class=\"wp-block-heading\">Adobe Photoshop Express: Az Adobe ereje a tenyeredben<\/h2>\n\n\n\n<p>Az Adobe Photoshop Express a n\u00e9pszer\u0171 Photoshop szoftver kiterjeszt\u00e9se, amely praktikus \u00e9s k\u00f6nnyen haszn\u00e1lhat\u00f3 eszk\u00f6z\u00f6ket k\u00edn\u00e1l okostelefonj\u00e1ra. Ez az alkalmaz\u00e1s ide\u00e1lis azok sz\u00e1m\u00e1ra, akik professzion\u00e1lis eredm\u00e9nyeket szeretn\u00e9nek az asztali szoftverek bonyolults\u00e1ga n\u00e9lk\u00fcl.<\/p>\n\n\n\n<h3 class=\"wp-block-heading\">F\u0151bb jellemz\u0151k<\/h3>\n\n\n\n<ul>\n<li><strong>Automatikus fejleszt\u00e9s<\/strong>Azonnali be\u00e1ll\u00edt\u00e1s a f\u00e9nyer\u0151, a kontraszt \u00e9s az expoz\u00edci\u00f3 tekintet\u00e9ben.<\/li>\n\n\n\n<li><strong>Konkr\u00e9t korrekci\u00f3k<\/strong>: Elt\u00e1vol\u00edtja a foltokat, be\u00e1ll\u00edtja a sz\u00edneket \u00e9s kiemeli a r\u00e9szleteket.<\/li>\n\n\n\n<li><strong>M\u0171v\u00e9szi sz\u0171r\u0151k<\/strong>: Adj kreat\u00edv k\u00fcls\u0151t fot\u00f3idnak exkluz\u00edv sz\u0171r\u0151kkel.<\/li>\n\n\n\n<li><strong>Integr\u00e1ci\u00f3 a Creative Clouddal<\/strong>: Projektjeid ment\u00e9se \u00e9s el\u00e9r\u00e9se k\u00fcl\u00f6nb\u00f6z\u0151 eszk\u00f6z\u00f6k\u00f6n.<\/li>\n<\/ul>\n\n\n\n<p>T\u00f6bb mint 100 milli\u00f3 let\u00f6lt\u00e9ssel \u00e9s pozit\u00edv \u00e9rt\u00e9kel\u00e9sekkel mindk\u00e9t alkalmaz\u00e1sboltban a Photoshop Express biztons\u00e1gos v\u00e1laszt\u00e1s azok sz\u00e1m\u00e1ra, akik egy robusztus fot\u00f3szerkeszt\u0151t keresnek.<\/p>\n\n\n\n    <div class=\"d-sm-block py-3 mx-auto px-3 mb-3\"\n        style=\"border-top: 1px solid rgb(204, 204, 204); border-bottom: 1px solid rgb(204, 204, 204);\">\n        <div class=\"text-center mb-4\">\n            <h6 class=\"pt-3 text-center text-gray-900 text-2xl title-font font-medium mb-12\">ALKALMAZ\u00c1S<\/h6>\n        <\/div>\n        <div class=\"row\">\n            <div class=\"col-lg-5 col-md-5 col-sm-12 mb-4 mb-lg-0\">\n                <img decoding=\"async\" alt=\"k\u00e1rtya\" style=\"height: 190px; object-fit: cover;\"\n                    class=\"w-100 h-100 object-cover object-center rounded border\" src=\"http:\/\/universofamilia.com\/wp-content\/uploads\/sites\/148\/2025\/01\/POST-PARA-APP-ARTIGO-3-2.jpg\">\n            <\/div>\n            <div class=\"col-lg-7 col-md-7 col-sm-12 d-flex flex-column justify-content-between\">\n                <h3 class=\"text-gray-900 text-3xl title-font font-medium mb-1\">Adobe Photoshop Express<\/h3>\n\n                                    <div class=\"flex\">\n                                                    <span\n                                class=\"inline-block mx-2 py-1 mx-2 rounded text-xs font-medium tracking-widest text-uppercase mr-2 bg-green-50 text-green-700\">FELJAV\u00cdTSA FOT\u00d3IT PROFESSZION\u00c1LIS ESZK\u00d6Z\u00d6KKEL<\/span>\n                                            <\/div>\n                                <div class=\"d-block text-justify py-3\">Egyszer\u0171s\u00edtsd a szerkeszt\u00e9st az Adobe Photoshop Express seg\u00edts\u00e9g\u00e9vel. K\u00f6nnyed\u00e9n \u00e1ll\u00edtsd be a f\u00e9nyer\u0151t, a sz\u00edneket \u00e9s egyebeket. Pr\u00f3b\u00e1ld ki ingyen m\u00e9g ma!<\/div>\n                <div class=\"mt-auto d-flex flex-column align-items-end\">\n                    <a class=\"d-inline-block text-center text-white border-0 py-2 px-8 text-lg focus:outline-none rounded bg-green-700 hover:bg-green-800 btn-block\"\n                        href=\"https:\/\/play.google.com\/store\/apps\/details?id=com.adobe.psmobile&#038;hl=pt_BR\"                         data-analytics-label=\"landingPageFirstButton\" data-action=\"analytics#trackCTA\">\n                        Tekintse meg az alkalmaz\u00e1st                    <\/a>\n                                            <div class=\"text-xs text-muted mt-3 d-block col-12 text-center\">\u00c1t leszel ir\u00e1ny\u00edtva egy m\u00e1sik oldalra.<\/div>\n                                    <\/div>\n            <\/div>\n        <\/div>\n    <\/div>\n\n\n\n<h2 class=\"wp-block-heading\">Canva: Teljes k\u00f6r\u0171 megold\u00e1s kreat\u00edv szakemberek sz\u00e1m\u00e1ra<\/h2>\n\n\n\n<p>A Canva nem csup\u00e1n egy fot\u00f3szerkeszt\u0151, hanem egy komplett platform tervek k\u00e9sz\u00edt\u00e9s\u00e9hez. A mesters\u00e9ges intelligencia \u00e9s az intuit\u00edv fel\u00fclet kombin\u00e1ci\u00f3ja hihetetlen eszk\u00f6zz\u00e9 teszi ezt az alkalmaz\u00e1st mind a kezd\u0151k, mind a profik sz\u00e1m\u00e1ra.<\/p>\n\n\n\n<h3 class=\"wp-block-heading\">F\u0151bb jellemz\u0151k<\/h3>\n\n\n\n<ul>\n<li><strong>AI fot\u00f3szerkeszt\u00e9s<\/strong>: Automatikusan jav\u00edtsa a k\u00e9peket, vagy haszn\u00e1ljon k\u00e9zi eszk\u00f6z\u00f6ket a pontos be\u00e1ll\u00edt\u00e1sokhoz.<\/li>\n\n\n\n<li><strong>El\u0151re tervezett sablonok<\/strong>T\u00f6bb ezer sablon k\u00f6z\u00f6ss\u00e9gi m\u00e9di\u00e1hoz, megh\u00edv\u00f3khoz \u00e9s kiadv\u00e1nyokhoz.<\/li>\n\n\n\n<li><strong>H\u00e1tt\u00e9r elt\u00e1vol\u00edt\u00e1sa<\/strong>Egyetlen kattint\u00e1ssal elt\u00e1vol\u00edthatod a h\u00e1ttereket \u00e9s kreat\u00edv kompoz\u00edci\u00f3kat hozhatsz l\u00e9tre.<\/li>\n\n\n\n<li><strong>Platformf\u00fcggetlen kompatibilit\u00e1s<\/strong>Szerkeszt\u00e9s mobilon, t\u00e1blag\u00e9pen vagy b\u00f6ng\u00e9sz\u0151ben.<\/li>\n<\/ul>\n\n\n\n<p>T\u00f6bb mint 500 milli\u00f3 regisztr\u00e1lt felhaszn\u00e1l\u00f3j\u00e1val a Canva sokoldal\u00fas\u00e1g\u00e1val t\u0171nik ki. Ez az egyik legkeresettebb alkalmaz\u00e1s a digit\u00e1lis influenszerek \u00e9s a kisv\u00e1llalkoz\u00f3k k\u00f6r\u00e9ben.<\/p>\n\n\n\n    <div class=\"d-sm-block py-3 mx-auto px-3 mb-3\"\n        style=\"border-top: 1px solid rgb(204, 204, 204); border-bottom: 1px solid rgb(204, 204, 204);\">\n        <div class=\"text-center mb-4\">\n            <h6 class=\"pt-3 text-center text-gray-900 text-2xl title-font font-medium mb-12\">ALKALMAZ\u00c1S<\/h6>\n        <\/div>\n        <div class=\"row\">\n            <div class=\"col-lg-5 col-md-5 col-sm-12 mb-4 mb-lg-0\">\n                <img decoding=\"async\" alt=\"k\u00e1rtya\" style=\"height: 190px; object-fit: cover;\"\n                    class=\"w-100 h-100 object-cover object-center rounded border\" src=\"http:\/\/universofamilia.com\/wp-content\/uploads\/sites\/148\/2025\/01\/POST-PARA-APP-ARTIGO-4-2.jpg\">\n            <\/div>\n            <div class=\"col-lg-7 col-md-7 col-sm-12 d-flex flex-column justify-content-between\">\n                <h3 class=\"text-gray-900 text-3xl title-font font-medium mb-1\">Canva<\/h3>\n\n                                    <div class=\"flex\">\n                                                    <span\n                                class=\"inline-block mx-2 py-1 mx-2 rounded text-xs font-medium tracking-widest text-uppercase mr-2 bg-green-50 text-green-700\">GRAFIKAI TERVEZ\u00c9S EGYSZER\u0170 SZERKESZT\u00c9S<\/span>\n                                            <\/div>\n                                <div class=\"d-block text-justify py-3\">Tervezze meg \u00e9s szerkessze fot\u00f3it a Canv\u00e1val. T\u00f6k\u00e9letes k\u00f6z\u00f6ss\u00e9gi m\u00e9di\u00e1hoz, megh\u00edv\u00f3khoz \u00e9s egyebekhez. Kezdjen el ingyenesen alkotni most!<\/div>\n                <div class=\"mt-auto d-flex flex-column align-items-end\">\n                    <a class=\"d-inline-block text-center text-white border-0 py-2 px-8 text-lg focus:outline-none rounded bg-green-700 hover:bg-green-800 btn-block\"\n                        href=\"https:\/\/play.google.com\/store\/apps\/details?id=com.canva.editor&#038;hl=pt_BR\"                         data-analytics-label=\"landingPageFirstButton\" data-action=\"analytics#trackCTA\">\n                        Tekintse meg az alkalmaz\u00e1st                    <\/a>\n                                            <div class=\"text-xs text-muted mt-3 d-block col-12 text-center\">\u00c1t leszel ir\u00e1ny\u00edtva egy m\u00e1sik oldalra.<\/div>\n                                    <\/div>\n            <\/div>\n        <\/div>\n    <\/div>\n\n\n\n<h2 class=\"wp-block-heading\">Facetune AI: A szelfik kir\u00e1lya<\/h2>\n\n\n\n<p>Portr\u00e9k k\u00e9sz\u00edt\u00e9se ter\u00e9n a Facetune AI az egyik legn\u00e9pszer\u0171bb alkalmaz\u00e1s. Mesters\u00e9ges intelligencia technol\u00f3gi\u00e1kat haszn\u00e1l t\u00f6k\u00e9letes szelfik k\u00e9sz\u00edt\u00e9s\u00e9hez, \u00edgy az influenszerek \u00e9s a tartalomk\u00e9sz\u00edt\u0151k kedvence.<\/p>\n\n\n\n<h3 class=\"wp-block-heading\">F\u0151bb jellemz\u0151k<\/h3>\n\n\n\n<ul>\n<li><strong>Automatikus jav\u00edt\u00e1sok<\/strong>: Jav\u00edtsa a megvil\u00e1g\u00edt\u00e1st, sim\u00edtsa a b\u0151rt \u00e9s \u00e1ll\u00edtsa be a sz\u00edneket egyetlen koppint\u00e1ssal.<\/li>\n\n\n\n<li><strong>Speci\u00e1lis eszk\u00f6z\u00f6k az arcra<\/strong>: Szerkessze a r\u00e9szleteket, p\u00e9ld\u00e1ul a mosolyt, a szemeket \u00e9s a hajat.<\/li>\n\n\n\n<li><strong>Exkluz\u00edv sz\u0171r\u0151k<\/strong>: Adj hozz\u00e1 szem\u00e9lyre szabott hat\u00e1st modern sz\u0171r\u0151kkel.<\/li>\n\n\n\n<li><strong>Val\u00f3s idej\u0171 fejleszt\u00e9sek<\/strong>: M\u00e1r a fot\u00f3 elk\u00e9sz\u00edt\u00e9se el\u0151tt l\u00e1thatod a fejleszt\u00e9seket.<\/li>\n<\/ul>\n\n\n\n<p>Az alkalmaz\u00e1sboltokban \u00e1tlagosan 4,5 csillagos \u00e9rt\u00e9kel\u00e9s\u00e9vel a Facetune AI tov\u00e1bbra is az egyik legmegb\u00edzhat\u00f3bb \u00e9s legkeresettebb alkalmaz\u00e1s azok sz\u00e1m\u00e1ra, akik gyors, hat\u00e1sos eredm\u00e9nyeket szeretn\u00e9nek.<\/p>\n\n\n\n    <div class=\"d-sm-block py-3 mx-auto px-3 mb-3\"\n        style=\"border-top: 1px solid rgb(204, 204, 204); border-bottom: 1px solid rgb(204, 204, 204);\">\n        <div class=\"text-center mb-4\">\n            <h6 class=\"pt-3 text-center text-gray-900 text-2xl title-font font-medium mb-12\">ALKALMAZ\u00c1S<\/h6>\n        <\/div>\n        <div class=\"row\">\n            <div class=\"col-lg-5 col-md-5 col-sm-12 mb-4 mb-lg-0\">\n                <img decoding=\"async\" alt=\"k\u00e1rtya\" style=\"height: 190px; object-fit: cover;\"\n                    class=\"w-100 h-100 object-cover object-center rounded border\" src=\"http:\/\/universofamilia.com\/wp-content\/uploads\/sites\/148\/2025\/01\/POST-PARA-APP-ARTIGO-5-1.jpg\">\n            <\/div>\n            <div class=\"col-lg-7 col-md-7 col-sm-12 d-flex flex-column justify-content-between\">\n                <h3 class=\"text-gray-900 text-3xl title-font font-medium mb-1\">Facetune AI<\/h3>\n\n                                    <div class=\"flex\">\n                                                    <span\n                                class=\"inline-block mx-2 py-1 mx-2 rounded text-xs font-medium tracking-widest text-uppercase mr-2 bg-green-50 text-green-700\">T\u00d6K\u00c9LETES SZELFIEK EGYSZER\u0170 REFERENCI\u00c1K<\/span>\n                                            <\/div>\n                                <div class=\"d-block text-justify py-3\">A Facetune AI eszk\u00f6z\u00f6ket k\u00edn\u00e1l a hib\u00e1tlan szelfikhez. Jav\u00edtsd a b\u0151r\u00f6d, a mosolyod \u00e9s sok m\u00e1st. T\u00f6ltsd le most!<\/div>\n                <div class=\"mt-auto d-flex flex-column align-items-end\">\n                    <a class=\"d-inline-block text-center text-white border-0 py-2 px-8 text-lg focus:outline-none rounded bg-green-700 hover:bg-green-800 btn-block\"\n                        href=\"https:\/\/play.google.com\/store\/apps\/details?id=com.lightricks.facetune.free&#038;hl=pt_BR\"                         data-analytics-label=\"landingPageFirstButton\" data-action=\"analytics#trackCTA\">\n                        Tekintse meg az alkalmaz\u00e1st                    <\/a>\n                                            <div class=\"text-xs text-muted mt-3 d-block col-12 text-center\">\u00c1t leszel ir\u00e1ny\u00edtva egy m\u00e1sik oldalra.<\/div>\n                                    <\/div>\n            <\/div>\n        <\/div>\n    <\/div>\n\n\n\n<h2 class=\"wp-block-heading\">Strat\u00e9gi\u00e1k a legjobb alkalmaz\u00e1s kiv\u00e1laszt\u00e1s\u00e1hoz<\/h2>\n\n\n\n<p>A piacon el\u00e9rhet\u0151 sz\u00e1mos lehet\u0151s\u00e9g k\u00f6z\u00fcl \u00e9rdemes megfontolni:<\/p>\n\n\n\n<ol>\n<li><strong>A c\u00e9lod<\/strong>Szeretn\u00e9l szelfiket feljav\u00edtani, mint\u00e1kat k\u00e9sz\u00edteni, vagy \u00e1ltal\u00e1nos fot\u00f3szerkeszt\u00e9st v\u00e9gezni?<\/li>\n\n\n\n<li><strong>K\u00f6nny\u0171 haszn\u00e1lat<\/strong>Az olyan alkalmaz\u00e1sok, mint a Canva, intuit\u00edvabbak, m\u00edg az Adobe Photoshop Express t\u00f6bb technikai eszk\u00f6zt k\u00edn\u00e1l.<\/li>\n\n\n\n<li><strong>Tov\u00e1bbi forr\u00e1sok<\/strong>: Ellen\u0151rizd, hogy az alkalmaz\u00e1s k\u00edn\u00e1l-e felh\u0151alap\u00fa t\u00e1rhelyet, platformf\u00fcggetlen kompatibilit\u00e1st \u00e9s technikai t\u00e1mogat\u00e1st.<\/li>\n<\/ol>\n\n\n\n<h3 class=\"wp-block-heading\">Extra borraval\u00f3<\/h3>\n\n\n\n<p>K\u00fcl\u00f6nb\u00f6z\u0151 alkalmaz\u00e1sok kombin\u00e1l\u00e1s\u00e1val m\u00e9g leny\u0171g\u00f6z\u0151bb eredm\u00e9nyeket \u00e9rhetsz el. \u00c9les\u00edts p\u00e9ld\u00e1ul egy fot\u00f3t a Photoshop Expressben, \u00e9s alkalmazz kreat\u00edv sz\u0171r\u0151t a Canv\u00e1ban.<\/p>\n\n\n\n<h2 class=\"wp-block-heading\">K\u00f6vetkeztet\u00e9s: V\u00e1lassza ki a legjobb mesters\u00e9ges intelligenci\u00e1t a f\u00e9nyk\u00e9pek jav\u00edt\u00e1s\u00e1hoz<\/h2>\n\n\n\n<p>A mesters\u00e9ges intelligencia \u00e1talak\u00edtotta a k\u00e9pszerkeszt\u00e9s m\u00f3dj\u00e1t, sokkal hozz\u00e1f\u00e9rhet\u0151bb\u00e9 \u00e9s kreat\u00edvabb\u00e1 t\u00e9ve a folyamatot. Az itt kiemelt lehet\u0151s\u00e9gek k\u00f6z\u00fcl \u2013 az Imagine.AI, az Adobe Photoshop Express, a Canva \u00e9s a Facetune AI \u2013 mind cs\u00facskateg\u00f3ri\u00e1s eszk\u00f6z\u00f6ket k\u00edn\u00e1lnak a k\u00fcl\u00f6nb\u00f6z\u0151 ig\u00e9nyek kiel\u00e9g\u00edt\u00e9s\u00e9re.<\/p>\n\n\n\n<p>Professzion\u00e1lis eredm\u00e9nyeket szeretn\u00e9l, vagy csak a szelfijeidet szeretn\u00e9d jobb\u00e1 tenni? Most megtal\u00e1ltad hozz\u00e1 a megfelel\u0151 alkalmaz\u00e1sokat!<\/p>","protected":false},"excerpt":{"rendered":"<p>A technol\u00f3gia fejl\u0151d\u00e9s\u00e9vel a f\u00e9nyk\u00e9pek jav\u00edt\u00e1sa soha nem volt ilyen egyszer\u0171 \u00e9s el\u00e9rhet\u0151. A mesters\u00e9ges intelligenci\u00e1nak (MI) k\u00f6sz\u00f6nhet\u0151en az alkalmaz\u00e1sok ma m\u00e1r hihetetlen megold\u00e1sokat k\u00edn\u00e1lnak a k\u00e9pek szerkeszt\u00e9s\u00e9re mind\u00f6ssze n\u00e9h\u00e1ny koppint\u00e1ssal. \u00dcgyf\u00e9lszolg\u00e1lat Fedezze fel az al\u00e1bbi alkalmaz\u00e1sokat, vagy vegye fel a kapcsolatot \u00fcgyf\u00e9lszolg\u00e1latunkkal, tudassa vel\u00fcnk profilt\u00edpus\u00e1t [\u2026]<\/p>","protected":false},"author":139,"featured_media":8306,"comment_status":"closed","ping_status":"open","sticky":false,"template":"","format":"standard","meta":{"footnotes":""},"categories":[2],"tags":[190,1749,1747,1748,1746],"yoast_head":"<!-- This site is optimized with the Yoast SEO plugin v23.3 - https:\/\/yoast.com\/wordpress\/plugins\/seo\/ -->\n<title>Mejor IA para Mejorar Fotos - Universo Fam\u00edlia<\/title>\n<meta name=\"description\" content=\"Mejor IA para Mejorar Fotos. Con el avance de la tecnolog\u00eda, mejorar fotos nunca ha sido tan f\u00e1cil y accesible.\" \/>\n<meta name=\"robots\" content=\"index, follow, max-snippet:-1, max-image-preview:large, max-video-preview:-1\" \/>\n<link rel=\"canonical\" href=\"https:\/\/universofamilia.com\/hu\/mejor-ia-para-mejorar-fotos\/\" \/>\n<meta property=\"og:locale\" content=\"hu_HU\" \/>\n<meta property=\"og:type\" content=\"article\" \/>\n<meta property=\"og:title\" content=\"Mejor IA para Mejorar Fotos - Universo Fam\u00edlia\" \/>\n<meta property=\"og:description\" content=\"Mejor IA para Mejorar Fotos. Con el avance de la tecnolog\u00eda, mejorar fotos nunca ha sido tan f\u00e1cil y accesible.\" \/>\n<meta property=\"og:url\" content=\"https:\/\/universofamilia.com\/hu\/mejor-ia-para-mejorar-fotos\/\" \/>\n<meta property=\"og:site_name\" content=\"Universo Fam\u00edlia\" \/>\n<meta property=\"article:published_time\" content=\"2025-01-27T18:23:01+00:00\" \/>\n<meta property=\"article:modified_time\" content=\"2025-07-12T20:33:25+00:00\" \/>\n<meta property=\"og:image\" content=\"https:\/\/universofamilia.com\/wp-content\/uploads\/sites\/148\/2025\/01\/POST-PARA-APP-ARTIGO-5-1.jpg\" \/>\n\t<meta property=\"og:image:width\" content=\"1080\" \/>\n\t<meta property=\"og:image:height\" content=\"1080\" \/>\n\t<meta property=\"og:image:type\" content=\"image\/jpeg\" \/>\n<meta name=\"author\" content=\"Pedro Henrique\" \/>\n<meta name=\"twitter:card\" content=\"summary_large_image\" \/>\n<meta name=\"twitter:label1\" content=\"Written by\" \/>\n\t<meta name=\"twitter:data1\" content=\"Pedro Henrique\" \/>\n\t<meta name=\"twitter:label2\" content=\"Est. reading time\" \/>\n\t<meta name=\"twitter:data2\" content=\"5 perc\" \/>\n<script type=\"application\/ld+json\" class=\"yoast-schema-graph\">{\"@context\":\"https:\/\/schema.org\",\"@graph\":[{\"@type\":\"WebPage\",\"@id\":\"https:\/\/universofamilia.com\/cs\/mejor-ia-para-mejorar-fotos\/\",\"url\":\"https:\/\/universofamilia.com\/cs\/mejor-ia-para-mejorar-fotos\/\",\"name\":\"Mejor IA para Mejorar Fotos - Universo Fam\u00edlia\",\"isPartOf\":{\"@id\":\"https:\/\/universofamilia.com\/el\/#website\"},\"primaryImageOfPage\":{\"@id\":\"https:\/\/universofamilia.com\/cs\/mejor-ia-para-mejorar-fotos\/#primaryimage\"},\"image\":{\"@id\":\"https:\/\/universofamilia.com\/cs\/mejor-ia-para-mejorar-fotos\/#primaryimage\"},\"thumbnailUrl\":\"https:\/\/universofamilia.com\/wp-content\/uploads\/sites\/148\/2025\/01\/POST-PARA-APP-ARTIGO-5-1.jpg\",\"datePublished\":\"2025-01-27T18:23:01+00:00\",\"dateModified\":\"2025-07-12T20:33:25+00:00\",\"author\":{\"@id\":\"https:\/\/universofamilia.com\/el\/#\/schema\/person\/f07ce98187dd84d31154262e79b3b7ca\"},\"description\":\"Mejor IA para Mejorar Fotos. Con el avance de la tecnolog\u00eda, mejorar fotos nunca ha sido tan f\u00e1cil y accesible.\",\"breadcrumb\":{\"@id\":\"https:\/\/universofamilia.com\/cs\/mejor-ia-para-mejorar-fotos\/#breadcrumb\"},\"inLanguage\":\"hu\",\"potentialAction\":[{\"@type\":\"ReadAction\",\"target\":[\"https:\/\/universofamilia.com\/cs\/mejor-ia-para-mejorar-fotos\/\"]}]},{\"@type\":\"ImageObject\",\"inLanguage\":\"hu\",\"@id\":\"https:\/\/universofamilia.com\/cs\/mejor-ia-para-mejorar-fotos\/#primaryimage\",\"url\":\"https:\/\/universofamilia.com\/wp-content\/uploads\/sites\/148\/2025\/01\/POST-PARA-APP-ARTIGO-5-1.jpg\",\"contentUrl\":\"https:\/\/universofamilia.com\/wp-content\/uploads\/sites\/148\/2025\/01\/POST-PARA-APP-ARTIGO-5-1.jpg\",\"width\":1080,\"height\":1080,\"caption\":\"Mejor IA para Mejorar Fotos\"},{\"@type\":\"BreadcrumbList\",\"@id\":\"https:\/\/universofamilia.com\/cs\/mejor-ia-para-mejorar-fotos\/#breadcrumb\",\"itemListElement\":[{\"@type\":\"ListItem\",\"position\":1,\"name\":\"Home\",\"item\":\"https:\/\/universofamilia.com\/el\/\"},{\"@type\":\"ListItem\",\"position\":2,\"name\":\"Mejor IA para Mejorar Fotos\"}]},{\"@type\":\"WebSite\",\"@id\":\"https:\/\/universofamilia.com\/el\/#website\",\"url\":\"https:\/\/universofamilia.com\/el\/\",\"name\":\"Universo Fam\u00edlia\",\"description\":\"\",\"potentialAction\":[{\"@type\":\"SearchAction\",\"target\":{\"@type\":\"EntryPoint\",\"urlTemplate\":\"https:\/\/universofamilia.com\/el\/?s={search_term_string}\"},\"query-input\":\"required name=search_term_string\"}],\"inLanguage\":\"hu\"},{\"@type\":\"Person\",\"@id\":\"https:\/\/universofamilia.com\/el\/#\/schema\/person\/f07ce98187dd84d31154262e79b3b7ca\",\"name\":\"Pedro Henrique\",\"image\":{\"@type\":\"ImageObject\",\"inLanguage\":\"hu\",\"@id\":\"https:\/\/universofamilia.com\/el\/#\/schema\/person\/image\/\",\"url\":\"https:\/\/secure.gravatar.com\/avatar\/9edfeb808cb4e1599f64d6e45b130154?s=96&d=mm&r=g\",\"contentUrl\":\"https:\/\/secure.gravatar.com\/avatar\/9edfeb808cb4e1599f64d6e45b130154?s=96&d=mm&r=g\",\"caption\":\"Pedro Henrique\"},\"url\":\"https:\/\/universofamilia.com\/hu\/author\/editor01\/\"}]}<\/script>\n<!-- \/ Yoast SEO plugin. -->","yoast_head_json":{"title":"Mejor IA para Mejorar Fotos - Universo Fam\u00edlia","description":"Mejor IA para Mejorar Fotos. Con el avance de la tecnolog\u00eda, mejorar fotos nunca ha sido tan f\u00e1cil y accesible.","robots":{"index":"index","follow":"follow","max-snippet":"max-snippet:-1","max-image-preview":"max-image-preview:large","max-video-preview":"max-video-preview:-1"},"canonical":"https:\/\/universofamilia.com\/hu\/mejor-ia-para-mejorar-fotos\/","og_locale":"hu_HU","og_type":"article","og_title":"Mejor IA para Mejorar Fotos - Universo Fam\u00edlia","og_description":"Mejor IA para Mejorar Fotos. Con el avance de la tecnolog\u00eda, mejorar fotos nunca ha sido tan f\u00e1cil y accesible.","og_url":"https:\/\/universofamilia.com\/hu\/mejor-ia-para-mejorar-fotos\/","og_site_name":"Universo Fam\u00edlia","article_published_time":"2025-01-27T18:23:01+00:00","article_modified_time":"2025-07-12T20:33:25+00:00","og_image":[{"width":1080,"height":1080,"url":"https:\/\/universofamilia.com\/wp-content\/uploads\/sites\/148\/2025\/01\/POST-PARA-APP-ARTIGO-5-1.jpg","type":"image\/jpeg"}],"author":"Pedro Henrique","twitter_card":"summary_large_image","twitter_misc":{"Written by":"Pedro Henrique","Est. reading time":"5 perc"},"schema":{"@context":"https:\/\/schema.org","@graph":[{"@type":"WebPage","@id":"https:\/\/universofamilia.com\/cs\/mejor-ia-para-mejorar-fotos\/","url":"https:\/\/universofamilia.com\/cs\/mejor-ia-para-mejorar-fotos\/","name":"Mejor IA para Mejorar Fotos - Universo Fam\u00edlia","isPartOf":{"@id":"https:\/\/universofamilia.com\/el\/#website"},"primaryImageOfPage":{"@id":"https:\/\/universofamilia.com\/cs\/mejor-ia-para-mejorar-fotos\/#primaryimage"},"image":{"@id":"https:\/\/universofamilia.com\/cs\/mejor-ia-para-mejorar-fotos\/#primaryimage"},"thumbnailUrl":"https:\/\/universofamilia.com\/wp-content\/uploads\/sites\/148\/2025\/01\/POST-PARA-APP-ARTIGO-5-1.jpg","datePublished":"2025-01-27T18:23:01+00:00","dateModified":"2025-07-12T20:33:25+00:00","author":{"@id":"https:\/\/universofamilia.com\/el\/#\/schema\/person\/f07ce98187dd84d31154262e79b3b7ca"},"description":"Mejor IA para Mejorar Fotos. Con el avance de la tecnolog\u00eda, mejorar fotos nunca ha sido tan f\u00e1cil y accesible.","breadcrumb":{"@id":"https:\/\/universofamilia.com\/cs\/mejor-ia-para-mejorar-fotos\/#breadcrumb"},"inLanguage":"hu","potentialAction":[{"@type":"ReadAction","target":["https:\/\/universofamilia.com\/cs\/mejor-ia-para-mejorar-fotos\/"]}]},{"@type":"ImageObject","inLanguage":"hu","@id":"https:\/\/universofamilia.com\/cs\/mejor-ia-para-mejorar-fotos\/#primaryimage","url":"https:\/\/universofamilia.com\/wp-content\/uploads\/sites\/148\/2025\/01\/POST-PARA-APP-ARTIGO-5-1.jpg","contentUrl":"https:\/\/universofamilia.com\/wp-content\/uploads\/sites\/148\/2025\/01\/POST-PARA-APP-ARTIGO-5-1.jpg","width":1080,"height":1080,"caption":"Mejor IA para Mejorar Fotos"},{"@type":"BreadcrumbList","@id":"https:\/\/universofamilia.com\/cs\/mejor-ia-para-mejorar-fotos\/#breadcrumb","itemListElement":[{"@type":"ListItem","position":1,"name":"Home","item":"https:\/\/universofamilia.com\/el\/"},{"@type":"ListItem","position":2,"name":"Mejor IA para Mejorar Fotos"}]},{"@type":"WebSite","@id":"https:\/\/universofamilia.com\/el\/#website","url":"https:\/\/universofamilia.com\/el\/","name":"Universo Fam\u00edlia","description":"","potentialAction":[{"@type":"SearchAction","target":{"@type":"EntryPoint","urlTemplate":"https:\/\/universofamilia.com\/el\/?s={search_term_string}"},"query-input":"required name=search_term_string"}],"inLanguage":"hu"},{"@type":"Person","@id":"https:\/\/universofamilia.com\/el\/#\/schema\/person\/f07ce98187dd84d31154262e79b3b7ca","name":"Pedro Henrique","image":{"@type":"ImageObject","inLanguage":"hu","@id":"https:\/\/universofamilia.com\/el\/#\/schema\/person\/image\/","url":"https:\/\/secure.gravatar.com\/avatar\/9edfeb808cb4e1599f64d6e45b130154?s=96&d=mm&r=g","contentUrl":"https:\/\/secure.gravatar.com\/avatar\/9edfeb808cb4e1599f64d6e45b130154?s=96&d=mm&r=g","caption":"Pedro Henrique"},"url":"https:\/\/universofamilia.com\/hu\/author\/editor01\/"}]}},"_links":{"self":[{"href":"https:\/\/universofamilia.com\/hu\/wp-json\/wp\/v2\/posts\/8302"}],"collection":[{"href":"https:\/\/universofamilia.com\/hu\/wp-json\/wp\/v2\/posts"}],"about":[{"href":"https:\/\/universofamilia.com\/hu\/wp-json\/wp\/v2\/types\/post"}],"author":[{"embeddable":true,"href":"https:\/\/universofamilia.com\/hu\/wp-json\/wp\/v2\/users\/139"}],"replies":[{"embeddable":true,"href":"https:\/\/universofamilia.com\/hu\/wp-json\/wp\/v2\/comments?post=8302"}],"version-history":[{"count":2,"href":"https:\/\/universofamilia.com\/hu\/wp-json\/wp\/v2\/posts\/8302\/revisions"}],"predecessor-version":[{"id":9573,"href":"https:\/\/universofamilia.com\/hu\/wp-json\/wp\/v2\/posts\/8302\/revisions\/9573"}],"wp:featuredmedia":[{"embeddable":true,"href":"https:\/\/universofamilia.com\/hu\/wp-json\/wp\/v2\/media\/8306"}],"wp:attachment":[{"href":"https:\/\/universofamilia.com\/hu\/wp-json\/wp\/v2\/media?parent=8302"}],"wp:term":[{"taxonomy":"category","embeddable":true,"href":"https:\/\/universofamilia.com\/hu\/wp-json\/wp\/v2\/categories?post=8302"},{"taxonomy":"post_tag","embeddable":true,"href":"https:\/\/universofamilia.com\/hu\/wp-json\/wp\/v2\/tags?post=8302"}],"curies":[{"name":"wp","href":"https:\/\/api.w.org\/{rel}","templated":true}]}}