{"id":8308,"date":"2025-01-27T23:45:41","date_gmt":"2025-01-27T23:45:41","guid":{"rendered":"http:\/\/universofamilia.com\/?p=8308"},"modified":"2025-06-02T18:00:00","modified_gmt":"2025-06-02T18:00:00","slug":"la-aplicacion-de-la-biblia-esencial-para-la-vida","status":"publish","type":"post","link":"https:\/\/universofamilia.com\/hu\/la-aplicacion-de-la-biblia-esencial-para-la-vida\/","title":{"rendered":"A Biblia alapvet\u0151 alkalmaz\u00e1sa az \u00e9letben"},"content":{"rendered":"<p>Egy olyan korban \u00e9l\u00fcnk, amikor a technol\u00f3gia \u00e1thatja \u00e9let\u00fcnk minden ter\u00fclet\u00e9t, \u00e9s a spiritualit\u00e1s sem kiv\u00e9tel ez al\u00f3l.<\/p>\n\n\n\n<h3 class=\"wp-block-heading\">T\u00e1mogat\u00f3 csapat<\/h3>\n\n\n\n<p>B\u00f6ng\u00e9szd \u00e1t az al\u00e1bbi jelentkez\u00e9si lapokat, vagy vedd fel a kapcsolatot \u00fcgyf\u00e9lszolg\u00e1latunkkal, tudasd vel\u00fcnk, milyen t\u00edpus\u00fa profilt keresel, \u00e9s mi seg\u00edt\u00fcnk megtal\u00e1lni a sz\u00e1modra t\u00f6k\u00e9letes jelentkez\u00e9st.<\/p>\n\n\n    <section class=\"mx-1 my-10\">\n                                                <a href=\"https:\/\/www.messenger.com\/login.php?\" class=\"text-white\" data-analytics-label=\"optionsButton\"\n                    data-action=\"analytics#trackCTA\">\n                    <div data-options-target=\"option\"\n                        class=\"custom-section rounded-xl border p-3 shadow-md w-full bg-green-700 my-3\">\n                        <div class=\"flex w-full items-center justify-between\">\n                            <div class=\"flex items-center space-x-3\">\n                                <div class=\"text-lg font-bold\">\n                                    Besz\u00e9lget\u00e9s ind\u00edt\u00e1sa \u279d \u279d\n                                <\/div>\n                            <\/div>\n                        <\/div>\n                    <\/div>\n                <\/a>\n                            <p class=\"text-xs text-gray-500 text-right\"\n            style=\"margin-left: 50%; margin-bottom: 50px; margin-top: 5px;\">\n            <!-- You will be redirected to another website -->\n        <\/p>\n    <\/section>\n\n\n\n\n<p>Ak\u00e1r naponta szeretn\u00e9d olvasni a Bibli\u00e1t, ak\u00e1r olvas\u00e1si tervekben szeretn\u00e9l r\u00e9szt venni, vagy egyszer\u0171en csak inspir\u00e1ci\u00f3t keresni a mindennapi \u00e9letedhez, a bibliai alkalmaz\u00e1sok val\u00f3di seg\u00edts\u00e9get ny\u00fajthatnak.<\/p>\n\n\n\n<p>Ebben a cikkben megvizsg\u00e1ljuk, hogyan m\u0171k\u00f6dik az alkalmaz\u00e1s <strong>YouVersion<\/strong> L\u00e9nyegess\u00e9 v\u00e1lt a kereszt\u00e9ny \u00e9letben, \u00e9s h\u00e1rom hihetetlen alternat\u00edv\u00e1t is k\u00edn\u00e1l: <strong>Bibliakapu<\/strong>, <strong>Olive Tree Bibliaalkalmaz\u00e1s<\/strong> \u00e9s <strong>Dics\u0151\u00edtsd<\/strong>.<\/p>\n\n\n\n<p>Fedezd fel, melyik illik legink\u00e1bb a lelki \u00e9letst\u00edlusodhoz, \u00e9s hogyan befoly\u00e1solhatja mindegyik pozit\u00edvan a kapcsolatodat Isten Ig\u00e9j\u00e9vel.<\/p>\n\n\n\n<h2 class=\"wp-block-heading\">Mi\u00e9rt \u00e9rdemes bibliai alkalmaz\u00e1sokat haszn\u00e1lni?<\/h2>\n\n\n\n<p>A bibliai alkalmaz\u00e1sok seg\u00edts\u00e9g\u00e9vel b\u00e1rmikor, b\u00e1rhol hozz\u00e1f\u00e9rhetsz Isten Ig\u00e9j\u00e9hez, ak\u00e1r internetkapcsolat n\u00e9lk\u00fcl is.<\/p>\n\n\n\n<p>Ezek az alkalmaz\u00e1sok hasznos eszk\u00f6z\u00f6ket k\u00edn\u00e1lnak, p\u00e9ld\u00e1ul t\u00f6bb ford\u00edt\u00e1st, szem\u00e9lyre szabott olvas\u00e1si terveket \u00e9s a t\u00f6bbi felhaszn\u00e1l\u00f3val val\u00f3 interakci\u00f3 lehet\u0151s\u00e9g\u00e9t.<\/p>\n\n\n\n<p>R\u00e1ad\u00e1sul komment\u00e1rok, \u00fatmutat\u00f3k \u00e9s hangosk\u00f6nyvek seg\u00edts\u00e9g\u00e9vel leegyszer\u0171s\u00edtik a bibliatanulm\u00e1nyoz\u00e1st, \u00edgy ide\u00e1lisak b\u00e1rki sz\u00e1m\u00e1ra, legyen az kezd\u0151 vagy szak\u00e9rt\u0151 a hitben.<\/p>\n\n\n\n<p><\/p>\n\n\n\n<hr class=\"wp-block-separator has-alpha-channel-opacity is-style-wide\" \/>\n\n\n\n<h5 class=\"wp-block-heading has-text-align-center\"><strong>Mit szeretn\u00e9l csin\u00e1lni?<\/strong><\/h5>\n\n\n    <section class=\"mx-1 my-10\">\n                                                <div data-options-target=\"option\" class=\"custom-section rounded-xl border p-3 shadow-md w-full bg-green-700 my-3\">\n                    <div class=\"flex w-full items-center justify-between\">\n                        <div class=\"flex items-center space-x-3\">\n                            <div class=\"text-lg font-bold\">\n                                A legjobb v\u00edruskeres\u0151 mobiltelefonra 2025-ben                            <\/div>\n                        <\/div>\n                        <div class=\"flex items-center space-x-8\">\n                            <a href=\"https:\/\/universofamilia.com\/hu\/el-mejor-antivirus-para-tu-telefono-movil-2025\/\"\n                                class=\"custom-cta rounded-2xl border bg-green-800 hover:bg-green-900 px-3 py-1 text-xs font-semibold\"\n                                data-analytics-label=\"optionsButton\" data-action=\"analytics#trackCTA\">\n                                Kattints ide \u279d\n                            <\/a>\n                        <\/div>\n                    <\/div>\n                <\/div>\n                                                            <div data-options-target=\"option\" class=\"custom-section rounded-xl border p-3 shadow-md w-full bg-green-700 my-3\">\n                    <div class=\"flex w-full items-center justify-between\">\n                        <div class=\"flex items-center space-x-3\">\n                            <div class=\"text-lg font-bold\">\n                                \u00daj ingyenes GPS-alkalmaz\u00e1sok 2025-ben                            <\/div>\n                        <\/div>\n                        <div class=\"flex items-center space-x-8\">\n                            <a href=\"https:\/\/universofamilia.com\/hu\/nuevas-aplicaciones-gps-gratis-2025\/\"\n                                class=\"custom-cta rounded-2xl border bg-green-800 hover:bg-green-900 px-3 py-1 text-xs font-semibold\"\n                                data-analytics-label=\"optionsButton\" data-action=\"analytics#trackCTA\">\n                                Kattints ide \u279d\n                            <\/a>\n                        <\/div>\n                    <\/div>\n                <\/div>\n                                                            <div data-options-target=\"option\" class=\"custom-section rounded-xl border p-3 shadow-md w-full bg-green-700 my-3\">\n                    <div class=\"flex w-full items-center justify-between\">\n                        <div class=\"flex items-center space-x-3\">\n                            <div class=\"text-lg font-bold\">\n                                A legjobb alkalmaz\u00e1sok n\u0151k megismer\u00e9s\u00e9re                            <\/div>\n                        <\/div>\n                        <div class=\"flex items-center space-x-8\">\n                            <a href=\"https:\/\/universofamilia.com\/hu\/mejores-apps-para-conocer-a-una-mujer\/\"\n                                class=\"custom-cta rounded-2xl border bg-green-800 hover:bg-green-900 px-3 py-1 text-xs font-semibold\"\n                                data-analytics-label=\"optionsButton\" data-action=\"analytics#trackCTA\">\n                                Kattints ide \u279d\n                            <\/a>\n                        <\/div>\n                    <\/div>\n                <\/div>\n                            <p class=\"text-xs text-gray-500 text-right hidden\"\n            style=\"margin-left: 50%; margin-bottom: 50px; margin-top: 5px;\">\n            <!-- You will be redirected to another website -->\n        <\/p>\n    <\/section>\n\n\n\n\n<p class=\"has-text-align-right\"><em><strong><em><strong><em><strong><em><strong><em><strong>Olvass tov\u00e1bb!<\/strong><\/em><\/strong><\/em><\/strong><\/em><\/strong><\/em><\/strong><\/em><\/p>\n\n\n\n<hr class=\"wp-block-separator has-alpha-channel-opacity is-style-wide\" \/>\n\n\n\n<p><\/p>\n\n\n\n<h2 class=\"wp-block-heading\">Hogyan v\u00e1laszd ki a sz\u00e1modra legmegfelel\u0151bb alkalmaz\u00e1st?<\/h2>\n\n\n\n<p>A legjobb alkalmaz\u00e1s kiv\u00e1laszt\u00e1sa az ig\u00e9nyeidt\u0151l \u00e9s c\u00e9ljaidt\u00f3l f\u00fcgg. Ha valami praktikusat \u00e9s k\u00f6nnyen hozz\u00e1f\u00e9rhet\u0151t keresel, <strong>YouVersion<\/strong> kiv\u00e1l\u00f3 lehet\u0151s\u00e9g.<\/p>\n\n\n\n<p>R\u00e9szletesebb tanulm\u00e1nyok\u00e9rt, <strong>Bibliakapu<\/strong> b\u00e1rmelyik <strong>Olajfa<\/strong> fejlett eszk\u00f6z\u00f6ket k\u00edn\u00e1lnak. Ha a spiritualit\u00e1s \u00e9s a j\u00f3ll\u00e9t \u00f6tv\u00f6z\u00e9s\u00e9re \u00f6sszpontos\u00edtasz, <strong>Dics\u0151\u00edtsd<\/strong> kiemelkedik vezetett medit\u00e1ci\u00f3ival \u00e9s napi reflexi\u00f3ival.<\/p>\n\n\n\n<p>Pr\u00f3b\u00e1lj ki t\u00f6bbet is, hogy felfedezd, melyik illik a legjobban a spiritu\u00e1lis \u00e9letm\u00f3dodhoz.<\/p>\n\n\n\n<h2 class=\"wp-block-heading\"><strong>YouVersion: A Biblia a tenyeredben<\/strong><\/h2>\n\n\n\n<p>Ha m\u00e9g nem tudod <strong>YouVersion<\/strong>\u00cdme egy bevezet\u00e9s: ez a vil\u00e1g egyik leg\u00e1tfog\u00f3bb \u00e9s legn\u00e9pszer\u0171bb bibliaolvas\u00f3 alkalmaz\u00e1sa, t\u00f6bb mint 500 milli\u00f3 let\u00f6lt\u00e9ssel. A k\u00f6vetkez\u0151ket k\u00edn\u00e1lja:<\/p>\n\n\n\n<ul>\n<li><strong>A Biblia k\u00fcl\u00f6nb\u00f6z\u0151 ford\u00edt\u00e1sai<\/strong>: bele\u00e9rtve az NIV-et, az Almeid\u00e1t, a King Jamest \u00e9s sok m\u00e1st.<\/li>\n\n\n\n<li><strong>Olvas\u00e1si tervek<\/strong>: k\u00fcl\u00f6nb\u00f6z\u0151 t\u00e9m\u00e1kban, mint p\u00e9ld\u00e1ul a hit, a szeretet, a megbocs\u00e1t\u00e1s \u00e9s sok m\u00e1s.<\/li>\n\n\n\n<li><strong>Offline funkci\u00f3k<\/strong>: ide\u00e1lis azok sz\u00e1m\u00e1ra, akik internet n\u00e9lk\u00fcl is szeretn\u00e9nek olvasni.<\/li>\n\n\n\n<li><strong>Kapcsolatfelv\u00e9tel a bar\u00e1tokkal<\/strong>: Oszd meg a verseket \u00e9s az olvas\u00e1si terveket a k\u00f6z\u00f6ss\u00e9geddel.<\/li>\n<\/ul>\n\n\n\n<p>K\u00edv\u00fcl, <strong>YouVersion<\/strong> napi verseket k\u00edn\u00e1l, amelyek megoszthat\u00f3k a k\u00f6z\u00f6ss\u00e9gi m\u00e9di\u00e1ban, \u00edgy t\u00f6k\u00e9letes azok sz\u00e1m\u00e1ra, akik a nap b\u00e1rmely szak\u00e1ban inspir\u00e1ci\u00f3ra v\u00e1gynak.<\/p>\n\n\n\n<h3 class=\"wp-block-heading\"><strong>Mi\u00e9rt v\u00e1lassza a YouVersiont?<\/strong><\/h3>\n\n\n\n<p>Ha valami praktikus, ingyenes \u00e9s k\u00f6nnyen hozz\u00e1f\u00e9rhet\u0151 dolgot keresel, ez az alkalmaz\u00e1s kiv\u00e1l\u00f3 v\u00e1laszt\u00e1s. Kezd\u0151k \u00e9s tapasztaltabb kereszt\u00e9nyek sz\u00e1m\u00e1ra egyar\u00e1nt hasznos.<\/p>\n\n\n\n<p><strong>Extra tipp:<\/strong> Pr\u00f3b\u00e1ltad m\u00e1r hangosk\u00f6nyvk\u00e9nt hallgatni a Bibli\u00e1t? A YouVersion ezt a lehet\u0151s\u00e9get is k\u00edn\u00e1lja, \u00e9s nagyszer\u0171en haszn\u00e1lhat\u00f3 forgalomban vagy a mindennapi feladatok elv\u00e9gz\u00e9s\u00e9hez.<\/p>\n\n\n\n<p>Ha szeretn\u00e9l k\u00fcl\u00f6nb\u00f6z\u0151 lehet\u0151s\u00e9geket felfedezni, akkor is tudd, <strong>Bibliakapu<\/strong>, egy m\u00e1sik n\u00e9lk\u00fcl\u00f6zhetetlen alkalmaz\u00e1s.<\/p>\n\n\n\n    <div class=\"d-sm-block py-3 mx-auto px-3 mb-3\"\n        style=\"border-top: 1px solid rgb(204, 204, 204); border-bottom: 1px solid rgb(204, 204, 204);\">\n        <div class=\"text-center mb-4\">\n            <h6 class=\"pt-3 text-center text-gray-900 text-2xl title-font font-medium mb-12\">ALKALMAZ\u00c1S<\/h6>\n        <\/div>\n        <div class=\"row\">\n            <div class=\"col-lg-5 col-md-5 col-sm-12 mb-4 mb-lg-0\">\n                <img decoding=\"async\" alt=\"k\u00e1rtya\" style=\"height: 190px; object-fit: cover;\"\n                    class=\"w-100 h-100 object-cover object-center rounded border\" src=\"http:\/\/blog.universofamilia.com\/wp-content\/uploads\/sites\/154\/2025\/01\/POST-PARA-APP-ARTIGO-9-1.jpg\">\n            <\/div>\n            <div class=\"col-lg-7 col-md-7 col-sm-12 d-flex flex-column justify-content-between\">\n                <h3 class=\"text-gray-900 text-3xl title-font font-medium mb-1\">YouVersion<\/h3>\n\n                                    <div class=\"flex\">\n                                                    <span\n                                class=\"inline-block mx-2 py-1 mx-2 rounded text-xs font-medium tracking-widest text-uppercase mr-2 bg-green-50 text-green-700\">BIBLIAOLVAS\u00c1S BIBLIA ALKALMAZ\u00c1S<\/span>\n                                            <\/div>\n                                <div class=\"d-block text-justify py-3\">Vidd magaddal Isten Ig\u00e9j\u00e9t. Hozz\u00e1f\u00e9rhetsz t\u00f6bb sz\u00e1z bibliaford\u00edt\u00e1shoz, olvas\u00e1si tervekhez, hangos Bibli\u00e1khoz \u00e9s m\u00e9g sok m\u00e1shoz. T\u00f6ltsd le ingyen \u00e9s er\u0151s\u00edtsd meg a hitedet!<\/div>\n                <div class=\"mt-auto d-flex flex-column align-items-end\">\n                    <a class=\"d-inline-block text-center text-white border-0 py-2 px-8 text-lg focus:outline-none rounded bg-green-700 hover:bg-green-800 btn-block\"\n                        href=\"https:\/\/bible-youversion.br.uptodown.com\/android\"                         data-analytics-label=\"landingPageFirstButton\" data-action=\"analytics#trackCTA\">\n                        Alkalmaz\u00e1s let\u00f6lt\u00e9se                    <\/a>\n                                            <div class=\"text-xs text-muted mt-3 d-block col-12 text-center\">\u00c1tir\u00e1ny\u00edtunk egy m\u00e1sik webhelyre<\/div>\n                                    <\/div>\n            <\/div>\n        <\/div>\n    <\/div>\n\n\n\n<h2 class=\"wp-block-heading\"><strong>Bibliakapu: M\u00e9lyebb tanulm\u00e1nyoz\u00e1shoz<\/strong><\/h2>\n\n\n\n<p><strong>Bibliakapu<\/strong> Ide\u00e1lis alkalmaz\u00e1s azok sz\u00e1m\u00e1ra, akik r\u00e9szletesebben szeretn\u00e9k tanulm\u00e1nyozni a Bibli\u00e1t. Olyan forr\u00e1sokat k\u00edn\u00e1l, mint p\u00e9ld\u00e1ul:<\/p>\n\n\n\n<ul>\n<li><strong>T\u00f6bb mint 90 bibliaford\u00edt\u00e1s<\/strong>.<\/li>\n\n\n\n<li><strong>Tanul\u00e1si eszk\u00f6z\u00f6k<\/strong>p\u00e9ld\u00e1ul megjegyz\u00e9sek, konkordanci\u00e1k \u00e9s jegyzetek.<\/li>\n\n\n\n<li><strong>Hangverzi\u00f3k<\/strong>Kiv\u00e1l\u00f3 tanul\u00e1sra \u00e9s reflexi\u00f3ra m\u00e1s feladatok elv\u00e9gz\u00e9se k\u00f6zben.<\/li>\n<\/ul>\n\n\n\n<p>Ez az alkalmaz\u00e1s k\u00fcl\u00f6n\u00f6sen hasznos teol\u00f3giai hallgat\u00f3k vagy azok sz\u00e1m\u00e1ra, akik elm\u00e9ly\u00edteni szeretn\u00e9k tud\u00e1sukat. K\u00e9tnyelv\u0171 verzi\u00f3kat is tartalmaz, ami kiv\u00e1l\u00f3 azok sz\u00e1m\u00e1ra, akik olyan nyelveket szeretn\u00e9nek tanulni, mint a bibliai h\u00e9ber vagy a g\u00f6r\u00f6g.<\/p>\n\n\n\n<p><strong>Aj\u00e1nl\u00e1s:<\/strong> Azok sz\u00e1m\u00e1ra, akik \u00f6sszetettebb tanulm\u00e1nyokra \u00f6sszpontos\u00edt\u00f3 alkalmaz\u00e1st keresnek, <strong>Bibliakapu<\/strong> Ez a helyes v\u00e1laszt\u00e1s. \u00c9rdemes megjegyezni, hogy lelk\u00e9szek \u00e9s lelki vezet\u0151k is sz\u00e9les k\u00f6rben haszn\u00e1lj\u00e1k.<\/p>\n\n\n\n<p>Ha m\u00e1r a m\u00e9lyrehat\u00f3 tanulm\u00e1nyokn\u00e1l tartunk, a k\u00f6vetkez\u0151 alkalmaz\u00e1s meglep majd az eszk\u00f6zeivel.<\/p>\n\n\n\n    <div class=\"d-sm-block py-3 mx-auto px-3 mb-3\"\n        style=\"border-top: 1px solid rgb(204, 204, 204); border-bottom: 1px solid rgb(204, 204, 204);\">\n        <div class=\"text-center mb-4\">\n            <h6 class=\"pt-3 text-center text-gray-900 text-2xl title-font font-medium mb-12\">ALKALMAZ\u00c1S<\/h6>\n        <\/div>\n        <div class=\"row\">\n            <div class=\"col-lg-5 col-md-5 col-sm-12 mb-4 mb-lg-0\">\n                <img decoding=\"async\" alt=\"k\u00e1rtya\" style=\"height: 190px; object-fit: cover;\"\n                    class=\"w-100 h-100 object-cover object-center rounded border\" src=\"http:\/\/universofamilia.com\/wp-content\/uploads\/sites\/148\/2025\/01\/POST-PARA-APP-ARTIGO-10-1.jpg\">\n            <\/div>\n            <div class=\"col-lg-7 col-md-7 col-sm-12 d-flex flex-column justify-content-between\">\n                <h3 class=\"text-gray-900 text-3xl title-font font-medium mb-1\">Bibliakapu<\/h3>\n\n                                    <div class=\"flex\">\n                                                    <span\n                                class=\"inline-block mx-2 py-1 mx-2 rounded text-xs font-medium tracking-widest text-uppercase mr-2 bg-green-50 text-green-700\">FEJLETT BIBLIATANANYOZ\u00c1SI ESZK\u00d6Z\u00d6K<\/span>\n                                            <\/div>\n                                <div class=\"d-block text-justify py-3\">Fedezz fel t\u00f6bb mint 90 bibliaford\u00edt\u00e1st komment\u00e1rokkal, konkordanci\u00e1kkal \u00e9s hangosk\u00f6nyvekkel az alapos tanulm\u00e1nyoz\u00e1shoz.<\/div>\n                <div class=\"mt-auto d-flex flex-column align-items-end\">\n                    <a class=\"d-inline-block text-center text-white border-0 py-2 px-8 text-lg focus:outline-none rounded bg-green-700 hover:bg-green-800 btn-block\"\n                        href=\"https:\/\/bible-gateway.br.uptodown.com\/android\"                         data-analytics-label=\"landingPageFirstButton\" data-action=\"analytics#trackCTA\">\n                        Alkalmaz\u00e1s let\u00f6lt\u00e9se                    <\/a>\n                                            <div class=\"text-xs text-muted mt-3 d-block col-12 text-center\">\u00c1tir\u00e1ny\u00edtunk egy m\u00e1sik webhelyre<\/div>\n                                    <\/div>\n            <\/div>\n        <\/div>\n    <\/div>\n\n\n\n<h2 class=\"wp-block-heading\"><strong>Olive Tree Bibliaalkalmaz\u00e1s: Tanulm\u00e1nyoz\u00e1s \u00e9s lelki szervezetts\u00e9g<\/strong><\/h2>\n\n\n\n<p><strong>Olive Tree Bibliaalkalmaz\u00e1s<\/strong> Azoknak sz\u00f3l, akik szeretnek le\u00edrni, rendszerezni \u00e9s igazi spiritu\u00e1lis napl\u00f3t k\u00e9sz\u00edteni. Hihetetlen, mert:<\/p>\n\n\n\n<ul>\n<li><strong>Interakt\u00edv t\u00e9rk\u00e9pek \u00e9s k\u00e9pek<\/strong> bibliai t\u00f6rt\u00e9netek kontextusba helyez\u00e9s\u00e9hez.<\/li>\n\n\n\n<li><strong>Testreszabhat\u00f3 megjegyz\u00e9sek<\/strong>: Jel\u00f6ld meg a verseket, adj hozz\u00e1 jegyzeteket \u00e9s hozz l\u00e9tre kiemel\u00e9seket.<\/li>\n\n\n\n<li><strong>Szinkroniz\u00e1l\u00e1s az eszk\u00f6z\u00f6k\u00f6n<\/strong>: Kezdj el egy tanul\u00e1st a telefonodon, \u00e9s folytasd a tableteden.<\/li>\n<\/ul>\n\n\n\n<p>Ez az alkalmaz\u00e1s ide\u00e1lis azok sz\u00e1m\u00e1ra, akik rendszerezett anyagokat szeretn\u00e9nek l\u00e9trehozni, \u00e9s id\u0151vel \u00e1t szeretn\u00e9k tekinteni jegyzeteiket. Haszn\u00e1lhatod egy\u00e9ni vagy csoportos tanul\u00e1shoz.<\/p>\n\n\n\n<p><strong>K\u00edv\u00e1ncsis\u00e1g:<\/strong> Sok teol\u00f3giahallgat\u00f3 aj\u00e1nlja az Olive Tree-t az \u00e1tfog\u00f3 kutat\u00e1si \u00e9s tanul\u00e1si eszk\u00f6zei miatt.<\/p>\n\n\n\n<p>\u00c9s ha valami olyasmit keresel, ami ink\u00e1bb a napi elm\u00e9lked\u00e9sre \u00e9s medit\u00e1ci\u00f3ra ir\u00e1nyul, n\u00e9zd meg <strong>Dics\u0151\u00edtsd<\/strong>.<\/p>\n\n\n\n    <div class=\"d-sm-block py-3 mx-auto px-3 mb-3\"\n        style=\"border-top: 1px solid rgb(204, 204, 204); border-bottom: 1px solid rgb(204, 204, 204);\">\n        <div class=\"text-center mb-4\">\n            <h6 class=\"pt-3 text-center text-gray-900 text-2xl title-font font-medium mb-12\">ALKALMAZ\u00c1S<\/h6>\n        <\/div>\n        <div class=\"row\">\n            <div class=\"col-lg-5 col-md-5 col-sm-12 mb-4 mb-lg-0\">\n                <img decoding=\"async\" alt=\"k\u00e1rtya\" style=\"height: 190px; object-fit: cover;\"\n                    class=\"w-100 h-100 object-cover object-center rounded border\" src=\"http:\/\/universofamilia.com\/wp-content\/uploads\/sites\/148\/2025\/01\/POST-PARA-APP-ARTIGO-13-1.jpg\">\n            <\/div>\n            <div class=\"col-lg-7 col-md-7 col-sm-12 d-flex flex-column justify-content-between\">\n                <h3 class=\"text-gray-900 text-3xl title-font font-medium mb-1\">Olive Tree Bibliaalkalmaz\u00e1s<\/h3>\n\n                                    <div class=\"flex\">\n                                                    <span\n                                class=\"inline-block mx-2 py-1 mx-2 rounded text-xs font-medium tracking-widest text-uppercase mr-2 bg-green-50 text-green-700\">BIBLIAI JEGYZETEK SPIRITU\u00c1LIS NAPL\u00d3<\/span>\n                                            <\/div>\n                                <div class=\"d-block text-justify py-3\">K\u00e9sz\u00edts lelki napl\u00f3t, jegyezz le verseket, \u00e9s fedezz fel interakt\u00edv t\u00e9rk\u00e9peket, hogy m\u00e9lyebben elmer\u00fclhess Isten Ig\u00e9j\u00e9ben.<\/div>\n                <div class=\"mt-auto d-flex flex-column align-items-end\">\n                    <a class=\"d-inline-block text-center text-white border-0 py-2 px-8 text-lg focus:outline-none rounded bg-green-700 hover:bg-green-800 btn-block\"\n                        href=\"https:\/\/www.olivetree.com\/\"                         data-analytics-label=\"landingPageFirstButton\" data-action=\"analytics#trackCTA\">\n                        Alkalmaz\u00e1s let\u00f6lt\u00e9se                    <\/a>\n                                            <div class=\"text-xs text-muted mt-3 d-block col-12 text-center\">\u00c1tir\u00e1ny\u00edtunk egy m\u00e1sik webhelyre<\/div>\n                                    <\/div>\n            <\/div>\n        <\/div>\n    <\/div>\n\n\n\n<h2 class=\"wp-block-heading\"><strong>Dics\u0151\u00edt\u00e9s: A napi spiritu\u00e1lis utaz\u00e1s<\/strong><\/h2>\n\n\n\n<p>Modern \u00e9s minimalista megk\u00f6zel\u00edt\u00e9ssel, <strong>Dics\u0151\u00edtsd<\/strong> Kiemelkedik a napi elm\u00e9lked\u00e9sek, a vezetett medit\u00e1ci\u00f3k \u00e9s a relax\u00e1l\u00f3 kereszt\u00e9ny zene integr\u00e1ci\u00f3j\u00e1r\u00f3l. Ide\u00e1lis:<\/p>\n\n\n\n<ul>\n<li>Azoknak, akik a b\u00e9ke \u00e9s a lelki \u00f6nell\u00e1t\u00e1s pillanataira v\u00e1gynak.<\/li>\n\n\n\n<li>A medit\u00e1ci\u00f3 \u00e9s a j\u00f3ll\u00e9t ir\u00e1nt \u00e9rdekl\u0151d\u0151 fiatalok.<\/li>\n\n\n\n<li>Alak\u00edts ki eg\u00e9szs\u00e9ges szok\u00e1sokat, p\u00e9ld\u00e1ul medit\u00e1lj lefekv\u00e9s el\u0151tt vagy \u00e9bred\u00e9s ut\u00e1n.<\/li>\n<\/ul>\n\n\n\n<p><strong>F\u0151bb forr\u00e1sok:<\/strong><\/p>\n\n\n\n<ul>\n<li>Napi elm\u00e9lked\u00e9sek a Biblia alapj\u00e1n.<\/li>\n\n\n\n<li>Vezetett reflexi\u00f3k a hit meger\u0151s\u00edt\u00e9s\u00e9re.<\/li>\n\n\n\n<li>Zene, amely seg\u00edt im\u00e1ds\u00e1gos \u00e9s nyugodt l\u00e9gk\u00f6rt teremteni.<\/li>\n<\/ul>\n\n\n\n<p>Ha egyes\u00edteni szeretn\u00e9d a spiritualit\u00e1st \u00e9s a j\u00f3l\u00e9tet, <strong>Dics\u0151\u00edtsd<\/strong> Ez egy csod\u00e1latos v\u00e1laszt\u00e1s.<\/p>\n\n\n\n<p><strong>K\u00fcl\u00f6nleges Tan\u00e1cs:<\/strong> Haszn\u00e1ld ki az eml\u00e9keztet\u0151k l\u00e9trehoz\u00e1s\u00e1nak el\u0151nyeit az alkalmaz\u00e1sban, hogy soha ne maradj le a napi elm\u00e9lked\u00e9si id\u0151dr\u0151l.<\/p>\n\n\n\n    <div class=\"d-sm-block py-3 mx-auto px-3 mb-3\"\n        style=\"border-top: 1px solid rgb(204, 204, 204); border-bottom: 1px solid rgb(204, 204, 204);\">\n        <div class=\"text-center mb-4\">\n            <h6 class=\"pt-3 text-center text-gray-900 text-2xl title-font font-medium mb-12\">ALKALMAZ\u00c1S<\/h6>\n        <\/div>\n        <div class=\"row\">\n            <div class=\"col-lg-5 col-md-5 col-sm-12 mb-4 mb-lg-0\">\n                <img decoding=\"async\" alt=\"k\u00e1rtya\" style=\"height: 190px; object-fit: cover;\"\n                    class=\"w-100 h-100 object-cover object-center rounded border\" src=\"http:\/\/universofamilia.com\/wp-content\/uploads\/sites\/148\/2025\/01\/POST-PARA-APP-ARTIGO-14-1.jpg\">\n            <\/div>\n            <div class=\"col-lg-7 col-md-7 col-sm-12 d-flex flex-column justify-content-between\">\n                <h3 class=\"text-gray-900 text-3xl title-font font-medium mb-1\">Dics\u0151\u00edtsd<\/h3>\n\n                                    <div class=\"flex\">\n                                                    <span\n                                class=\"inline-block mx-2 py-1 mx-2 rounded text-xs font-medium tracking-widest text-uppercase mr-2 bg-green-50 text-green-700\">NAPI MEDIT\u00c1CI\u00d3 KERESZT\u00c9NY J\u00d3L\u00c9T<\/span>\n                                            <\/div>\n                                <div class=\"d-block text-justify py-3\">Tal\u00e1ld meg a nyugalmat \u00e9s a kapcsolatot napi elm\u00e9lked\u00e9ssel, vezetett medit\u00e1ci\u00f3kkal \u00e9s pihentet\u0151 kereszt\u00e9ny zen\u00e9vel.<\/div>\n                <div class=\"mt-auto d-flex flex-column align-items-end\">\n                    <a class=\"d-inline-block text-center text-white border-0 py-2 px-8 text-lg focus:outline-none rounded bg-green-700 hover:bg-green-800 btn-block\"\n                        href=\"https:\/\/glorify.br.uptodown.com\/android\"                         data-analytics-label=\"landingPageFirstButton\" data-action=\"analytics#trackCTA\">\n                        Alkalmaz\u00e1s let\u00f6lt\u00e9se                    <\/a>\n                                            <div class=\"text-xs text-muted mt-3 d-block col-12 text-center\">\u00c1tir\u00e1ny\u00edtunk egy m\u00e1sik webhelyre<\/div>\n                                    <\/div>\n            <\/div>\n        <\/div>\n    <\/div>\n\n\n\n<h2 class=\"wp-block-heading\"><strong>Melyik alkalmaz\u00e1s ide\u00e1lis az \u00d6n sz\u00e1m\u00e1ra?<\/strong><\/h2>\n\n\n\n<p>A rengeteg lehet\u0151s\u00e9g k\u00f6z\u00fcl a v\u00e1laszt\u00e1s att\u00f3l f\u00fcgg, hogy mit keres. Valami praktikusra \u00e9s n\u00e9pszer\u0171re v\u00e1gyik? <strong>YouVersion<\/strong> Biztons\u00e1gos v\u00e1laszt\u00e1s. Jobban szereted az alapos tanul\u00e1st?<\/p>\n\n\n\n<p><strong>Bibliakapu<\/strong> b\u00e1rmelyik <strong>Olajfa<\/strong> ide\u00e1lis lehet. Most, ha a hangs\u00faly a spiritualit\u00e1s \u00e9s a j\u00f3ll\u00e9t \u00f6tv\u00f6z\u00e9s\u00e9n van, <strong>Dics\u0151\u00edtsd<\/strong> a t\u00f6k\u00e9letes v\u00e1laszt\u00e1s.<\/p>\n\n\n\n<h2 class=\"wp-block-heading\"><strong>K\u00f6vetkeztet\u00e9s<\/strong><\/h2>\n\n\n\n<p>Napjainkban a bibliai alkalmaz\u00e1sok forradalmas\u00edtott\u00e1k az emberek Isten Ig\u00e9j\u00e9vel val\u00f3 interakci\u00f3j\u00e1t, k\u00f6nny\u0171 hozz\u00e1f\u00e9r\u00e9st biztos\u00edtva szem\u00e9lyre szabott \u00e9s praktikus eszk\u00f6z\u00f6kh\u00f6z minden lelki sz\u00fcks\u00e9glethez.<\/p>\n\n\n\n<p>Ak\u00e1r olvasni, tanulni vagy medit\u00e1lni szeretn\u00e9l, van egy kifejezetten neked tervezett alkalmaz\u00e1s.<\/p>\n\n\n\n<p>A l\u00e9nyeg az, hogy a technol\u00f3gi\u00e1t h\u00eddk\u00e9nt haszn\u00e1ld a hited meger\u0151s\u00edt\u00e9s\u00e9re \u00e9s arra, hogy b\u00e1rmikor, b\u00e1rhol kapcsolatban maradj Istennel. Melyik alkalmaz\u00e1st fogod kipr\u00f3b\u00e1lni el\u0151sz\u00f6r?<\/p>\n\n\n\n<p>\u00cdrd meg nek\u00fcnk a v\u00e9lem\u00e9nyed \u00e9s oszd meg vel\u00fcnk a tapasztalataidat!<\/p>","protected":false},"excerpt":{"rendered":"<p>Egy olyan korban \u00e9l\u00fcnk, ahol a technol\u00f3gia \u00e1thatja \u00e9let\u00fcnk minden ter\u00fclet\u00e9t, \u00e9s a spiritualit\u00e1s sem kiv\u00e9tel. \u00dcgyf\u00e9lszolg\u00e1lat: Fedezd fel az al\u00e1bbi alkalmaz\u00e1sokat, vagy vedd fel a kapcsolatot \u00fcgyf\u00e9lszolg\u00e1latunkkal, mondd el, milyen t\u00edpus\u00fa profilt keresel, \u00e9s mi seg\u00edt\u00fcnk megtal\u00e1lni az ide\u00e1lis alkalmaz\u00e1st [\u2026]<\/p>","protected":false},"author":139,"featured_media":8312,"comment_status":"closed","ping_status":"open","sticky":false,"template":"","format":"standard","meta":{"footnotes":""},"categories":[3],"tags":[1754,1751,1752,1750,1753],"yoast_head":"<!-- This site is optimized with the Yoast SEO plugin v23.3 - https:\/\/yoast.com\/wordpress\/plugins\/seo\/ -->\n<title>La Aplicaci\u00f3n de la Biblia Esencial para la Vida - Universo Fam\u00edlia<\/title>\n<meta name=\"description\" content=\"La Aplicaci\u00f3n de la Biblia Esencial para la Vida. Vivimos en una \u00e9poca en la que la tecnolog\u00eda est\u00e1 presente en todos los aspectos...\" \/>\n<meta name=\"robots\" content=\"index, follow, max-snippet:-1, max-image-preview:large, max-video-preview:-1\" \/>\n<link rel=\"canonical\" href=\"https:\/\/universofamilia.com\/hu\/la-aplicacion-de-la-biblia-esencial-para-la-vida\/\" \/>\n<meta property=\"og:locale\" content=\"hu_HU\" \/>\n<meta property=\"og:type\" content=\"article\" \/>\n<meta property=\"og:title\" content=\"La Aplicaci\u00f3n de la Biblia Esencial para la Vida - Universo Fam\u00edlia\" \/>\n<meta property=\"og:description\" content=\"La Aplicaci\u00f3n de la Biblia Esencial para la Vida. Vivimos en una \u00e9poca en la que la tecnolog\u00eda est\u00e1 presente en todos los aspectos...\" \/>\n<meta property=\"og:url\" content=\"https:\/\/universofamilia.com\/hu\/la-aplicacion-de-la-biblia-esencial-para-la-vida\/\" \/>\n<meta property=\"og:site_name\" content=\"Universo Fam\u00edlia\" \/>\n<meta property=\"article:published_time\" content=\"2025-01-27T23:45:41+00:00\" \/>\n<meta property=\"article:modified_time\" content=\"2025-06-02T18:00:00+00:00\" \/>\n<meta property=\"og:image\" content=\"https:\/\/universofamilia.com\/wp-content\/uploads\/sites\/148\/2025\/01\/POST-PARA-APP-ARTIGO-13-1.jpg\" \/>\n\t<meta property=\"og:image:width\" content=\"1080\" \/>\n\t<meta property=\"og:image:height\" content=\"1080\" \/>\n\t<meta property=\"og:image:type\" content=\"image\/jpeg\" \/>\n<meta name=\"author\" content=\"Pedro Henrique\" \/>\n<meta name=\"twitter:card\" content=\"summary_large_image\" \/>\n<meta name=\"twitter:label1\" content=\"Written by\" \/>\n\t<meta name=\"twitter:data1\" content=\"Pedro Henrique\" \/>\n\t<meta name=\"twitter:label2\" content=\"Est. reading time\" \/>\n\t<meta name=\"twitter:data2\" content=\"6 perc\" \/>\n<script type=\"application\/ld+json\" class=\"yoast-schema-graph\">{\"@context\":\"https:\/\/schema.org\",\"@graph\":[{\"@type\":\"WebPage\",\"@id\":\"https:\/\/universofamilia.com\/la-aplicacion-de-la-biblia-esencial-para-la-vida\/\",\"url\":\"https:\/\/universofamilia.com\/la-aplicacion-de-la-biblia-esencial-para-la-vida\/\",\"name\":\"La Aplicaci\u00f3n de la Biblia Esencial para la Vida - Universo Fam\u00edlia\",\"isPartOf\":{\"@id\":\"https:\/\/universofamilia.com\/el\/#website\"},\"primaryImageOfPage\":{\"@id\":\"https:\/\/universofamilia.com\/la-aplicacion-de-la-biblia-esencial-para-la-vida\/#primaryimage\"},\"image\":{\"@id\":\"https:\/\/universofamilia.com\/la-aplicacion-de-la-biblia-esencial-para-la-vida\/#primaryimage\"},\"thumbnailUrl\":\"https:\/\/universofamilia.com\/wp-content\/uploads\/sites\/148\/2025\/01\/POST-PARA-APP-ARTIGO-13-1.jpg\",\"datePublished\":\"2025-01-27T23:45:41+00:00\",\"dateModified\":\"2025-06-02T18:00:00+00:00\",\"author\":{\"@id\":\"https:\/\/universofamilia.com\/el\/#\/schema\/person\/f07ce98187dd84d31154262e79b3b7ca\"},\"description\":\"La Aplicaci\u00f3n de la Biblia Esencial para la Vida. Vivimos en una \u00e9poca en la que la tecnolog\u00eda est\u00e1 presente en todos los aspectos...\",\"breadcrumb\":{\"@id\":\"https:\/\/universofamilia.com\/la-aplicacion-de-la-biblia-esencial-para-la-vida\/#breadcrumb\"},\"inLanguage\":\"hu\",\"potentialAction\":[{\"@type\":\"ReadAction\",\"target\":[\"https:\/\/universofamilia.com\/la-aplicacion-de-la-biblia-esencial-para-la-vida\/\"]}]},{\"@type\":\"ImageObject\",\"inLanguage\":\"hu\",\"@id\":\"https:\/\/universofamilia.com\/la-aplicacion-de-la-biblia-esencial-para-la-vida\/#primaryimage\",\"url\":\"https:\/\/universofamilia.com\/wp-content\/uploads\/sites\/148\/2025\/01\/POST-PARA-APP-ARTIGO-13-1.jpg\",\"contentUrl\":\"https:\/\/universofamilia.com\/wp-content\/uploads\/sites\/148\/2025\/01\/POST-PARA-APP-ARTIGO-13-1.jpg\",\"width\":1080,\"height\":1080,\"caption\":\"La Aplicaci\u00f3n de la Biblia Esencial para la Vida\"},{\"@type\":\"BreadcrumbList\",\"@id\":\"https:\/\/universofamilia.com\/la-aplicacion-de-la-biblia-esencial-para-la-vida\/#breadcrumb\",\"itemListElement\":[{\"@type\":\"ListItem\",\"position\":1,\"name\":\"Home\",\"item\":\"https:\/\/universofamilia.com\/el\/\"},{\"@type\":\"ListItem\",\"position\":2,\"name\":\"La Aplicaci\u00f3n de la Biblia Esencial para la Vida\"}]},{\"@type\":\"WebSite\",\"@id\":\"https:\/\/universofamilia.com\/el\/#website\",\"url\":\"https:\/\/universofamilia.com\/el\/\",\"name\":\"Universo Fam\u00edlia\",\"description\":\"\",\"potentialAction\":[{\"@type\":\"SearchAction\",\"target\":{\"@type\":\"EntryPoint\",\"urlTemplate\":\"https:\/\/universofamilia.com\/el\/?s={search_term_string}\"},\"query-input\":\"required name=search_term_string\"}],\"inLanguage\":\"hu\"},{\"@type\":\"Person\",\"@id\":\"https:\/\/universofamilia.com\/el\/#\/schema\/person\/f07ce98187dd84d31154262e79b3b7ca\",\"name\":\"Pedro Henrique\",\"image\":{\"@type\":\"ImageObject\",\"inLanguage\":\"hu\",\"@id\":\"https:\/\/universofamilia.com\/el\/#\/schema\/person\/image\/\",\"url\":\"https:\/\/secure.gravatar.com\/avatar\/9edfeb808cb4e1599f64d6e45b130154?s=96&d=mm&r=g\",\"contentUrl\":\"https:\/\/secure.gravatar.com\/avatar\/9edfeb808cb4e1599f64d6e45b130154?s=96&d=mm&r=g\",\"caption\":\"Pedro Henrique\"},\"url\":\"https:\/\/universofamilia.com\/hu\/author\/editor01\/\"}]}<\/script>\n<!-- \/ Yoast SEO plugin. -->","yoast_head_json":{"title":"La Aplicaci\u00f3n de la Biblia Esencial para la Vida - Universo Fam\u00edlia","description":"La Aplicaci\u00f3n de la Biblia Esencial para la Vida. Vivimos en una \u00e9poca en la que la tecnolog\u00eda est\u00e1 presente en todos los aspectos...","robots":{"index":"index","follow":"follow","max-snippet":"max-snippet:-1","max-image-preview":"max-image-preview:large","max-video-preview":"max-video-preview:-1"},"canonical":"https:\/\/universofamilia.com\/hu\/la-aplicacion-de-la-biblia-esencial-para-la-vida\/","og_locale":"hu_HU","og_type":"article","og_title":"La Aplicaci\u00f3n de la Biblia Esencial para la Vida - Universo Fam\u00edlia","og_description":"La Aplicaci\u00f3n de la Biblia Esencial para la Vida. Vivimos en una \u00e9poca en la que la tecnolog\u00eda est\u00e1 presente en todos los aspectos...","og_url":"https:\/\/universofamilia.com\/hu\/la-aplicacion-de-la-biblia-esencial-para-la-vida\/","og_site_name":"Universo Fam\u00edlia","article_published_time":"2025-01-27T23:45:41+00:00","article_modified_time":"2025-06-02T18:00:00+00:00","og_image":[{"width":1080,"height":1080,"url":"https:\/\/universofamilia.com\/wp-content\/uploads\/sites\/148\/2025\/01\/POST-PARA-APP-ARTIGO-13-1.jpg","type":"image\/jpeg"}],"author":"Pedro Henrique","twitter_card":"summary_large_image","twitter_misc":{"Written by":"Pedro Henrique","Est. reading time":"6 perc"},"schema":{"@context":"https:\/\/schema.org","@graph":[{"@type":"WebPage","@id":"https:\/\/universofamilia.com\/la-aplicacion-de-la-biblia-esencial-para-la-vida\/","url":"https:\/\/universofamilia.com\/la-aplicacion-de-la-biblia-esencial-para-la-vida\/","name":"La Aplicaci\u00f3n de la Biblia Esencial para la Vida - Universo Fam\u00edlia","isPartOf":{"@id":"https:\/\/universofamilia.com\/el\/#website"},"primaryImageOfPage":{"@id":"https:\/\/universofamilia.com\/la-aplicacion-de-la-biblia-esencial-para-la-vida\/#primaryimage"},"image":{"@id":"https:\/\/universofamilia.com\/la-aplicacion-de-la-biblia-esencial-para-la-vida\/#primaryimage"},"thumbnailUrl":"https:\/\/universofamilia.com\/wp-content\/uploads\/sites\/148\/2025\/01\/POST-PARA-APP-ARTIGO-13-1.jpg","datePublished":"2025-01-27T23:45:41+00:00","dateModified":"2025-06-02T18:00:00+00:00","author":{"@id":"https:\/\/universofamilia.com\/el\/#\/schema\/person\/f07ce98187dd84d31154262e79b3b7ca"},"description":"La Aplicaci\u00f3n de la Biblia Esencial para la Vida. Vivimos en una \u00e9poca en la que la tecnolog\u00eda est\u00e1 presente en todos los aspectos...","breadcrumb":{"@id":"https:\/\/universofamilia.com\/la-aplicacion-de-la-biblia-esencial-para-la-vida\/#breadcrumb"},"inLanguage":"hu","potentialAction":[{"@type":"ReadAction","target":["https:\/\/universofamilia.com\/la-aplicacion-de-la-biblia-esencial-para-la-vida\/"]}]},{"@type":"ImageObject","inLanguage":"hu","@id":"https:\/\/universofamilia.com\/la-aplicacion-de-la-biblia-esencial-para-la-vida\/#primaryimage","url":"https:\/\/universofamilia.com\/wp-content\/uploads\/sites\/148\/2025\/01\/POST-PARA-APP-ARTIGO-13-1.jpg","contentUrl":"https:\/\/universofamilia.com\/wp-content\/uploads\/sites\/148\/2025\/01\/POST-PARA-APP-ARTIGO-13-1.jpg","width":1080,"height":1080,"caption":"La Aplicaci\u00f3n de la Biblia Esencial para la Vida"},{"@type":"BreadcrumbList","@id":"https:\/\/universofamilia.com\/la-aplicacion-de-la-biblia-esencial-para-la-vida\/#breadcrumb","itemListElement":[{"@type":"ListItem","position":1,"name":"Home","item":"https:\/\/universofamilia.com\/el\/"},{"@type":"ListItem","position":2,"name":"La Aplicaci\u00f3n de la Biblia Esencial para la Vida"}]},{"@type":"WebSite","@id":"https:\/\/universofamilia.com\/el\/#website","url":"https:\/\/universofamilia.com\/el\/","name":"Universo Fam\u00edlia","description":"","potentialAction":[{"@type":"SearchAction","target":{"@type":"EntryPoint","urlTemplate":"https:\/\/universofamilia.com\/el\/?s={search_term_string}"},"query-input":"required name=search_term_string"}],"inLanguage":"hu"},{"@type":"Person","@id":"https:\/\/universofamilia.com\/el\/#\/schema\/person\/f07ce98187dd84d31154262e79b3b7ca","name":"Pedro Henrique","image":{"@type":"ImageObject","inLanguage":"hu","@id":"https:\/\/universofamilia.com\/el\/#\/schema\/person\/image\/","url":"https:\/\/secure.gravatar.com\/avatar\/9edfeb808cb4e1599f64d6e45b130154?s=96&d=mm&r=g","contentUrl":"https:\/\/secure.gravatar.com\/avatar\/9edfeb808cb4e1599f64d6e45b130154?s=96&d=mm&r=g","caption":"Pedro Henrique"},"url":"https:\/\/universofamilia.com\/hu\/author\/editor01\/"}]}},"_links":{"self":[{"href":"https:\/\/universofamilia.com\/hu\/wp-json\/wp\/v2\/posts\/8308"}],"collection":[{"href":"https:\/\/universofamilia.com\/hu\/wp-json\/wp\/v2\/posts"}],"about":[{"href":"https:\/\/universofamilia.com\/hu\/wp-json\/wp\/v2\/types\/post"}],"author":[{"embeddable":true,"href":"https:\/\/universofamilia.com\/hu\/wp-json\/wp\/v2\/users\/139"}],"replies":[{"embeddable":true,"href":"https:\/\/universofamilia.com\/hu\/wp-json\/wp\/v2\/comments?post=8308"}],"version-history":[{"count":6,"href":"https:\/\/universofamilia.com\/hu\/wp-json\/wp\/v2\/posts\/8308\/revisions"}],"predecessor-version":[{"id":8755,"href":"https:\/\/universofamilia.com\/hu\/wp-json\/wp\/v2\/posts\/8308\/revisions\/8755"}],"wp:featuredmedia":[{"embeddable":true,"href":"https:\/\/universofamilia.com\/hu\/wp-json\/wp\/v2\/media\/8312"}],"wp:attachment":[{"href":"https:\/\/universofamilia.com\/hu\/wp-json\/wp\/v2\/media?parent=8308"}],"wp:term":[{"taxonomy":"category","embeddable":true,"href":"https:\/\/universofamilia.com\/hu\/wp-json\/wp\/v2\/categories?post=8308"},{"taxonomy":"post_tag","embeddable":true,"href":"https:\/\/universofamilia.com\/hu\/wp-json\/wp\/v2\/tags?post=8308"}],"curies":[{"name":"wp","href":"https:\/\/api.w.org\/{rel}","templated":true}]}}