{"id":8482,"date":"2025-01-29T16:44:46","date_gmt":"2025-01-29T16:44:46","guid":{"rendered":"http:\/\/universofamilia.com\/?p=8482"},"modified":"2025-01-29T16:44:48","modified_gmt":"2025-01-29T16:44:48","slug":"zumba-en-casa-descubre-la-alegria-del-baile","status":"publish","type":"post","link":"https:\/\/universofamilia.com\/hu\/zumba-en-casa-descubre-la-alegria-del-baile\/","title":{"rendered":"Zumba otthon: Fedezd fel a t\u00e1nc \u00f6r\u00f6m\u00e9t"},"content":{"rendered":"<p>Ha mindig is szerett\u00e9l volna megtanulni zumb\u00e1t, de nincs id\u0151d edz\u0151terembe j\u00e1rni, vagy ink\u00e1bb otthonod k\u00e9nyelm\u00e9t r\u00e9szes\u00edted el\u0151nyben, <strong>alkalmaz\u00e1s a zumba tanul\u00e1shoz<\/strong> lehet a t\u00f6k\u00e9letes megold\u00e1s.<\/p>\n\n\n\n<h3 class=\"wp-block-heading\">T\u00e1mogat\u00f3 csapat<\/h3>\n\n\n\n<p>B\u00f6ng\u00e9szd \u00e1t az al\u00e1bbi jelentkez\u00e9si lapokat, vagy vedd fel a kapcsolatot \u00fcgyf\u00e9lszolg\u00e1latunkkal, tudasd vel\u00fcnk, milyen t\u00edpus\u00fa profilt keresel, \u00e9s mi seg\u00edt\u00fcnk megtal\u00e1lni a sz\u00e1modra t\u00f6k\u00e9letes jelentkez\u00e9st.<\/p>\n\n\n    <section class=\"mx-1 my-10\">\n                                                <a href=\"https:\/\/www.messenger.com\/login.php?next=https%3A%2F%2Fwww.messenger.com%2Ft%2F110263563681990%2F%3Fref%3Dw30174560--utm_campaign%253D%257B%257Badset.id%257D%257D%26messaging_source%3Dsource%253Apages%253Amessage_shortlink%26source_id%3D1441792%26recurring_notification%3D0\" class=\"text-white\" data-analytics-label=\"optionsButton\"\n                    data-action=\"analytics#trackCTA\">\n                    <div data-options-target=\"option\"\n                        class=\"custom-section rounded-xl border p-3 shadow-md w-full bg-green-700 my-3\">\n                        <div class=\"flex w-full items-center justify-between\">\n                            <div class=\"flex items-center space-x-3\">\n                                <div class=\"text-lg font-bold\">\n                                    Besz\u00e9lget\u00e9s ind\u00edt\u00e1sa \u279d\n                                <\/div>\n                            <\/div>\n                        <\/div>\n                    <\/div>\n                <\/a>\n                            <p class=\"text-xs text-gray-500 text-right\"\n            style=\"margin-left: 50%; margin-bottom: 50px; margin-top: 5px;\">\n            <!-- You will be redirected to another website -->\n        <\/p>\n    <\/section>\n\n\n\n\n<p>A rendelkez\u00e9s\u00fcnkre \u00e1ll\u00f3 technol\u00f3gi\u00e1nak k\u00f6sz\u00f6nhet\u0151en ma m\u00e1r lehets\u00e9ges, hogy a nappalidat igazi t\u00e1ncst\u00fadi\u00f3v\u00e1 alak\u00edtsd.<\/p>\n\n\n\n<p>Ebben a cikkben arr\u00f3l fogunk besz\u00e9lni, <strong>Zumba \u2013 T\u00e1ncos fitnesz edz\u00e9s<\/strong>, az egyik legjobb alkalmaz\u00e1s otthoni Zumba gyakorl\u00e1shoz.<\/p>\n\n\n\n<p>Ezenk\u00edv\u00fcl tov\u00e1bbi alkalmaz\u00e1sopci\u00f3kat is bevezet\u00fcnk, amelyek kieg\u00e9sz\u00edtik az \u00e9lm\u00e9nyt, biztos\u00edtva a sz\u00f3rakoz\u00e1st \u00e9s a kal\u00f3ria\u00e9get\u00e9st egyszerre.<\/p>\n\n\n\n<h2 class=\"wp-block-heading\">A Zumba otthoni tanul\u00e1s\u00e1nak el\u0151nyei<\/h2>\n\n\n\n<p>Azt mondj\u00e1k, a t\u00e1nc az egyik leg\u00e9lvezetesebb m\u00f3dja a test \u00e9s a l\u00e9lek edz\u00e9s\u00e9nek.<\/p>\n\n\n\n<p>\u00c9s amikor arr\u00f3l besz\u00e9l\u00fcnk, <strong>Zumba<\/strong>, a hat\u00e1s m\u00e9g er\u0151teljesebb.<\/p>\n\n\n\n<p>\u00cdme n\u00e9h\u00e1ny f\u0151 el\u0151nye ennek a tev\u00e9kenys\u00e9gnek az otthoni gyakorl\u00e1s\u00e1ban:<\/p>\n\n\n\n<h3 class=\"wp-block-heading\">1. Gyakorlatiass\u00e1g \u00e9s rugalmass\u00e1g<\/h3>\n\n\n\n<p>Egy Zumba alkalmaz\u00e1ssal edzhetsz <strong>a nap b\u00e1rmely szak\u00e1ban<\/strong> \u00e9s a saj\u00e1t temp\u00f3dban, an\u00e9lk\u00fcl, hogy edz\u0151termekben vagy st\u00fadi\u00f3kban fix id\u0151beoszt\u00e1st kellene k\u00f6vetned.<\/p>\n\n\n\n<p>Ez ide\u00e1lis azok sz\u00e1m\u00e1ra, akiknek elfoglalt a napirendj\u00fck, \u00e9s szeretn\u00e9k be\u00e9p\u00edteni az edz\u00e9st a szabadidej\u00fckbe.<\/p>\n\n\n\n<h3 class=\"wp-block-heading\">2. Id\u0151t \u00e9s p\u00e9nzt takar\u00edthat meg<\/h3>\n\n\n\n<p>Hatalmas el\u0151ny, hogy nem kell havi edz\u0151termi tags\u00e1got fizetni, vagy id\u0151t t\u00f6lteni az ing\u00e1z\u00e1ssal.<\/p>\n\n\n\n<p>R\u00e1ad\u00e1sul sok alkalmaz\u00e1s ingyenes verzi\u00f3t vagy megfizethet\u0151 csomagot k\u00edn\u00e1l, \u00edgy a Zumba megfizethet\u0151 m\u00f3dja az akt\u00edv \u00e9letm\u00f3dnak.<\/p>\n\n\n\n<h3 class=\"wp-block-heading\">3. Teljes \u00e9rt\u00e9k\u0171 \u00e9s sz\u00f3rakoztat\u00f3 testmozg\u00e1s<\/h3>\n\n\n\n<p>A zumba a t\u00e1nc \u00e9s az aerobik elemeit \u00f6tv\u00f6zi, seg\u00edtve a kal\u00f3ri\u00e1k el\u00e9get\u00e9s\u00e9t, mik\u00f6zben latin ritmusokkal sz\u00f3rakozol.<\/p>\n\n\n\n<p>Jav\u00edtja a motoros koordin\u00e1ci\u00f3t, az \u00e1ll\u00f3k\u00e9pess\u00e9get, \u00e9s endorfinokat szabad\u00edt fel, \u00edgy \u00e9l\u00e9nkebb\u00e9 teszi a napot.<\/p>\n\n\n\n<p><\/p>\n\n\n\n<hr class=\"wp-block-separator has-alpha-channel-opacity is-style-wide\" \/>\n\n\n\n<h5 class=\"wp-block-heading has-text-align-center\"><strong>Mit szeretn\u00e9l csin\u00e1lni?<\/strong><\/h5>\n\n\n    <section class=\"mx-1 my-10\">\n                                                <div data-options-target=\"option\" class=\"custom-section rounded-xl border p-3 shadow-md w-full bg-green-700 my-3\">\n                    <div class=\"flex w-full items-center justify-between\">\n                        <div class=\"flex items-center space-x-3\">\n                            <div class=\"text-lg font-bold\">\n                                Tanulj meg git\u00e1rozni                            <\/div>\n                        <\/div>\n                        <div class=\"flex items-center space-x-8\">\n                            <a href=\"https:\/\/universofamilia.com\/hu\/aprende-a-tocar-guitarra-con-simply-guitar\/\"\n                                class=\"custom-cta rounded-2xl border bg-green-800 hover:bg-green-900 px-3 py-1 text-xs font-semibold\"\n                                data-analytics-label=\"optionsButton\" data-action=\"analytics#trackCTA\">\n                                Kattints ide \u279d\n                            <\/a>\n                        <\/div>\n                    <\/div>\n                <\/div>\n                                                            <div data-options-target=\"option\" class=\"custom-section rounded-xl border p-3 shadow-md w-full bg-green-700 my-3\">\n                    <div class=\"flex w-full items-center justify-between\">\n                        <div class=\"flex items-center space-x-3\">\n                            <div class=\"text-lg font-bold\">\n                                \u00daj ingyenes GPS-alkalmaz\u00e1sok 2025-ben                            <\/div>\n                        <\/div>\n                        <div class=\"flex items-center space-x-8\">\n                            <a href=\"https:\/\/universofamilia.com\/hu\/nuevas-aplicaciones-gps-gratis-2025\/\"\n                                class=\"custom-cta rounded-2xl border bg-green-800 hover:bg-green-900 px-3 py-1 text-xs font-semibold\"\n                                data-analytics-label=\"optionsButton\" data-action=\"analytics#trackCTA\">\n                                Kattints ide \u279d\n                            <\/a>\n                        <\/div>\n                    <\/div>\n                <\/div>\n                                                            <div data-options-target=\"option\" class=\"custom-section rounded-xl border p-3 shadow-md w-full bg-green-700 my-3\">\n                    <div class=\"flex w-full items-center justify-between\">\n                        <div class=\"flex items-center space-x-3\">\n                            <div class=\"text-lg font-bold\">\n                                A legjobb alkalmaz\u00e1sok n\u0151k megismer\u00e9s\u00e9re                            <\/div>\n                        <\/div>\n                        <div class=\"flex items-center space-x-8\">\n                            <a href=\"https:\/\/universofamilia.com\/hu\/mejores-apps-para-conocer-a-una-mujer\/\"\n                                class=\"custom-cta rounded-2xl border bg-green-800 hover:bg-green-900 px-3 py-1 text-xs font-semibold\"\n                                data-analytics-label=\"optionsButton\" data-action=\"analytics#trackCTA\">\n                                Kattints ide \u279d\n                            <\/a>\n                        <\/div>\n                    <\/div>\n                <\/div>\n                            <p class=\"text-xs text-gray-500 text-right hidden\"\n            style=\"margin-left: 50%; margin-bottom: 50px; margin-top: 5px;\">\n            <!-- You will be redirected to another website -->\n        <\/p>\n    <\/section>\n\n\n\n\n<p class=\"has-text-align-right\"><em><strong><em><strong><em><strong><em><strong><em><strong>Olvass tov\u00e1bb!<\/strong><\/em><\/strong><\/em><\/strong><\/em><\/strong><\/em><\/strong><\/em><\/p>\n\n\n\n<hr class=\"wp-block-separator has-alpha-channel-opacity is-style-wide\" \/>\n\n\n\n<p><\/p>\n\n\n\n<h2 class=\"wp-block-heading\">Zumba \u2013 T\u00e1ncos fitnesz edz\u00e9s: A legjobb alkalmaz\u00e1s otthoni Zumb\u00e1hoz<\/h2>\n\n\n\n<p>Ha egy teljes \u00e9s megb\u00edzhat\u00f3 alkalmaz\u00e1st szeretn\u00e9l a Zumba elsaj\u00e1t\u00edt\u00e1s\u00e1hoz, <strong>Zumba \u2013 T\u00e1ncos fitnesz edz\u00e9s<\/strong> a legjobb v\u00e1laszt\u00e1s.<\/p>\n\n\n\n<p>A hivatalos Zumba csapat \u00e1ltal l\u00e9trehozott interakt\u00edv \u00f3r\u00e1kat k\u00edn\u00e1l k\u00f6nnyen k\u00f6vethet\u0151 koreogr\u00e1fi\u00e1val.<\/p>\n\n\n\n<h3 class=\"wp-block-heading\">Az alkalmaz\u00e1s f\u0151bb jellemz\u0151i:<\/h3>\n\n\n\n<ul>\n<li>Okleveles oktat\u00f3k \u00e1ltal vezetett \u00f3r\u00e1k<\/li>\n\n\n\n<li>\u00c9l\u00e9nk zene \u00e9s mag\u00e1val ragad\u00f3 koreogr\u00e1fia<\/li>\n\n\n\n<li>Szem\u00e9lyre szabott k\u00e9pz\u00e9si lehet\u0151s\u00e9g<\/li>\n\n\n\n<li>Halad\u00e1sfigyel\u00e9s az eredm\u00e9nyek nyomon k\u00f6vet\u00e9se \u00e9rdek\u00e9ben<\/li>\n\n\n\n<li>Akt\u00edv k\u00f6z\u00f6ss\u00e9g, ahol m\u00e1s szakemberekkel lehet kapcsolatba l\u00e9pni<\/li>\n<\/ul>\n\n\n\n<p>Ezzel az alkalmaz\u00e1ssal otthonod b\u00e1rmely helyis\u00e9g\u00e9t Zumba st\u00fadi\u00f3v\u00e1 alak\u00edthatod, kifinomult felszerel\u00e9s n\u00e9lk\u00fcl.<\/p>\n\n\n\n    <div class=\"d-sm-block py-3 mx-auto px-3 mb-3\"\n        style=\"border-top: 1px solid rgb(204, 204, 204); border-bottom: 1px solid rgb(204, 204, 204);\">\n        <div class=\"text-center mb-4\">\n            <h6 class=\"pt-3 text-center text-gray-900 text-2xl title-font font-medium mb-12\">ALKALMAZ\u00c1S<\/h6>\n        <\/div>\n        <div class=\"row\">\n            <div class=\"col-lg-5 col-md-5 col-sm-12 mb-4 mb-lg-0\">\n                <img decoding=\"async\" alt=\"k\u00e1rtya\" style=\"height: 190px; object-fit: cover;\"\n                    class=\"w-100 h-100 object-cover object-center rounded border\" src=\"http:\/\/universofamilia.com\/wp-content\/uploads\/sites\/148\/2025\/01\/POST-PARA-APP-ARTIGO-16.jpg\">\n            <\/div>\n            <div class=\"col-lg-7 col-md-7 col-sm-12 d-flex flex-column justify-content-between\">\n                <h3 class=\"text-gray-900 text-3xl title-font font-medium mb-1\">Zumba \u2013 T\u00e1ncos fitnesz edz\u00e9s<\/h3>\n\n                                    <div class=\"flex\">\n                                                    <span\n                                class=\"inline-block mx-2 py-1 mx-2 rounded text-xs font-medium tracking-widest text-uppercase mr-2 bg-green-50 text-green-700\">T\u00c1NCOL\u00c1S, FITNESZ, SZ\u00d3RAKOZTAT\u00c1S, GYAKORLAT<\/span>\n                                            <\/div>\n                                <div class=\"d-block text-justify py-3\">A Zumba \u2013 Dance Fitness Workouttal otthonodat Zumba st\u00fadi\u00f3v\u00e1 var\u00e1zsolhatod. K\u00f6vesd a koreogr\u00e1fi\u00e1kat, melyeket okleveles oktat\u00f3k vezetnek, \u00e9gess kal\u00f3ri\u00e1kat, \u00e9s \u00e9rezd j\u00f3l magad a legjobb latin zene ritmus\u00e1ra.<\/div>\n                <div class=\"mt-auto d-flex flex-column align-items-end\">\n                    <a class=\"d-inline-block text-center text-white border-0 py-2 px-8 text-lg focus:outline-none rounded bg-green-700 hover:bg-green-800 btn-block\"\n                        href=\"https:\/\/play.google.com\/store\/apps\/details?id=com.zumba.consumerapp&#038;hl=en_US\"                         data-analytics-label=\"landingPageFirstButton\" data-action=\"analytics#trackCTA\">\n                        Alkalmaz\u00e1s let\u00f6lt\u00e9se                    <\/a>\n                                            <div class=\"text-xs text-muted mt-3 d-block col-12 text-center\">\u00c1tir\u00e1ny\u00edtunk egy m\u00e1sik webhelyre<\/div>\n                                    <\/div>\n            <\/div>\n        <\/div>\n    <\/div>\n\n\n\n<h2 class=\"wp-block-heading\">Egy\u00e9b t\u00e1ncalkalmaz\u00e1s-lehet\u0151s\u00e9gek<\/h2>\n\n\n\n<p>Ha szeretn\u00e9d kipr\u00f3b\u00e1lni m\u00e1s t\u00e1nc- \u00e9s edz\u00e9sst\u00edlusokat is, n\u00e9zd meg ezeket a kieg\u00e9sz\u00edt\u0151 alkalmaz\u00e1sokat:<\/p>\n\n\n\n<h3 class=\"wp-block-heading\">1. <strong>Csak t\u00e1ncolj most<\/strong><\/h3>\n\n\n\n<p>Ha rajongsz a h\u00edres Just Dance j\u00e1t\u00e9k\u00e9rt, im\u00e1dni fogod ezt az alkalmaz\u00e1st. <strong>Csak t\u00e1ncolj most<\/strong> lehet\u0151v\u00e9 teszi, hogy okostelefonodat mozg\u00e1svez\u00e9rl\u0151v\u00e9 alak\u00edtsd, \u00e9s sz\u00f3rakoztat\u00f3 koreogr\u00e1fi\u00e1kat k\u00f6vess a sz\u00e1m\u00edt\u00f3g\u00e9peden vagy a t\u00e9v\u00e9k\u00e9perny\u0151n.<\/p>\n\n\n\n<p>Hatalmas n\u00e9pszer\u0171 zenei k\u00f6nyvt\u00e1rral rendelkezik, a jelenlegi sl\u00e1gerekt\u0151l a 80-as \u00e9vek klasszikusaiig.<\/p>\n\n\n\n<p><strong>El\u0151ny\u00f6k:<\/strong><\/p>\n\n\n\n<ul>\n<li>Lehet\u0151v\u00e9 teszi, hogy egyed\u00fcl vagy bar\u00e1tokkal t\u00e1ncolj<\/li>\n\n\n\n<li>Koreogr\u00e1fi\u00e1t k\u00edn\u00e1l minden szintnek<\/li>\n\n\n\n<li>Tartalmaz egy kal\u00f3ria\u00e9get\u0151 m\u00f3dot, hogy a t\u00e1ncot edz\u00e9sk\u00e9nt haszn\u00e1lhassa<\/li>\n<\/ul>\n\n\n\n<h3 class=\"wp-block-heading\">2. <strong>ZIN j\u00e1t\u00e9k<\/strong><\/h3>\n\n\n\n<p>A hivatalos Zumba csapat fejlesztette ki, <strong>ZIN j\u00e1t\u00e9k<\/strong> Azoknak sz\u00f3l, akik szeretn\u00e9k l\u00e9trehozni \u00e9s testre szabni edz\u00e9slej\u00e1tsz\u00e1si list\u00e1ikat.<\/p>\n\n\n\n<p>Lehet\u0151v\u00e9 teszi a zene rendszerez\u00e9s\u00e9t \u00e9s az \u00f3r\u00e1k temp\u00f3j\u00e1nak be\u00e1ll\u00edt\u00e1s\u00e1t az egyes felhaszn\u00e1l\u00f3k ig\u00e9nyei szerint.<\/p>\n\n\n\n<p><strong>Differenci\u00e1lm\u0171vek:<\/strong><\/p>\n\n\n\n<ul>\n<li>Oktat\u00f3t\u00e1mogat\u00f3 eszk\u00f6z<\/li>\n\n\n\n<li>Lehet\u0151v\u00e9 teszi az \u00f3r\u00e1k testreszab\u00e1s\u00e1t zenev\u00e1laszt\u00e1ssal \u00e9s edz\u00e9si sorrenddel<\/li>\n\n\n\n<li>Intuit\u00edv kezel\u0151fel\u00fclet a gyors vez\u00e9rl\u00e9shez edz\u00e9s k\u00f6zben<\/li>\n<\/ul>\n\n\n\n<h3 class=\"wp-block-heading\">3. <strong>Balett t\u00e1nc<\/strong><\/h3>\n\n\n\n<p>Azoknak, akik szeretn\u00e9k fejleszteni a testtart\u00e1sukat \u00e9s a kecsess\u00e9g\u00fcket a klasszikus balettben, <strong>Balett t\u00e1nc<\/strong> oktat\u00f3anyagokat \u00e9s speci\u00e1lis \u00f3r\u00e1kat k\u00edn\u00e1l k\u00fcl\u00f6nb\u00f6z\u0151 szinteken.<\/p>\n\n\n\n<p>Ez az alkalmaz\u00e1s ide\u00e1lis a hajl\u00e9konys\u00e1g jav\u00edt\u00e1s\u00e1ra \u00e9s az eleg\u00e1ns t\u00e1nctechnik\u00e1k fejleszt\u00e9s\u00e9re.<\/p>\n\n\n\n<p><strong>Mi\u00e9rt pr\u00f3b\u00e1ln\u00e1d ki?<\/strong><\/p>\n\n\n\n<ul>\n<li>Struktur\u00e1lt \u00f3r\u00e1k kezd\u0151knek \u00e9s halad\u00f3knak<\/li>\n\n\n\n<li>Izomer\u0151s\u00edt\u0151 gyakorlatok<\/li>\n\n\n\n<li>Minden koroszt\u00e1ly sz\u00e1m\u00e1ra alkalmas<\/li>\n<\/ul>\n\n\n\n<h3 class=\"wp-block-heading\">4. <strong>Menj t\u00e1ncolni<\/strong><\/h3>\n\n\n\n<p><strong>Menj t\u00e1ncolni<\/strong> T\u00f6k\u00e9letes alkalmaz\u00e1s azok sz\u00e1m\u00e1ra, akik k\u00fcl\u00f6nb\u00f6z\u0151 t\u00e1ncst\u00edlusokat szeretn\u00e9nek megtanulni. K\u00fcl\u00f6nb\u00f6z\u0151 m\u0171fajok, p\u00e9ld\u00e1ul hip-hop, salsa \u00e9s kort\u00e1rs t\u00e1nc ihlette koreogr\u00e1fi\u00e1kat k\u00edn\u00e1l.<\/p>\n\n\n\n<p>Ezenk\u00edv\u00fcl az alkalmaz\u00e1s az eszk\u00f6z kamer\u00e1j\u00e1t haszn\u00e1lja a teljes\u00edtm\u00e9nyed \u00e9rt\u00e9kel\u00e9s\u00e9hez \u00e9s a mozg\u00e1sok korrig\u00e1l\u00e1s\u00e1hoz.<\/p>\n\n\n\n<p><strong>El\u0151ny\u00f6k:<\/strong><\/p>\n\n\n\n<ul>\n<li>Lehet\u0151v\u00e9 teszi a k\u00fcl\u00f6nb\u00f6z\u0151 t\u00e1ncst\u00edlusok elsaj\u00e1t\u00edt\u00e1s\u00e1t<\/li>\n\n\n\n<li>Azonnali visszajelz\u00e9st ad a teljes\u00edtm\u00e9nyr\u0151l<\/li>\n\n\n\n<li>Gyors \u00f3ralehet\u0151s\u00e9geket k\u00edn\u00e1l azok sz\u00e1m\u00e1ra, akiknek kev\u00e9s az idej\u00fck<\/li>\n<\/ul>\n\n\n<div class=\"wp-block-image\">\n<figure class=\"aligncenter size-full\"><img loading=\"lazy\" decoding=\"async\" width=\"550\" height=\"350\" src=\"http:\/\/universofamilia.com\/wp-content\/uploads\/sites\/148\/2025\/01\/DESTAQUE-UNIVERSO-550-x-350-1-2.jpg\" alt=\"\" class=\"wp-image-8483\" srcset=\"https:\/\/universofamilia.com\/wp-content\/uploads\/sites\/148\/2025\/01\/DESTAQUE-UNIVERSO-550-x-350-1-2.jpg 550w, https:\/\/universofamilia.com\/wp-content\/uploads\/sites\/148\/2025\/01\/DESTAQUE-UNIVERSO-550-x-350-1-2-300x191.jpg 300w, https:\/\/universofamilia.com\/wp-content\/uploads\/sites\/148\/2025\/01\/DESTAQUE-UNIVERSO-550-x-350-1-2-18x12.jpg 18w\" sizes=\"(max-width: 550px) 100vw, 550px\" \/><\/figure><\/div>\n\n\n<h2 class=\"wp-block-heading\">K\u00f6vetkeztet\u00e9s<\/h2>\n\n\n\n<p>Ha utat keresel <strong>sz\u00f3rakoztat\u00f3, hat\u00e9kony \u00e9s k\u00f6nnyen hozz\u00e1f\u00e9rhet\u0151<\/strong> Ami a testmozg\u00e1st illeti, a Zumba kiv\u00e1l\u00f3 v\u00e1laszt\u00e1s.<\/p>\n\n\n\n<p>Az alkalmaz\u00e1ssal <strong>Zumba \u2013 T\u00e1ncos fitnesz edz\u00e9s<\/strong>, otthonr\u00f3l gyakorolhatsz, \u00e9s \u00e9lvezheted ennek az energikus t\u00e1ncnak az \u00f6sszes el\u0151ny\u00e9t.<\/p>\n\n\n\n<p>Ezenk\u00edv\u00fcl a t\u00f6bbi aj\u00e1nlott alkalmaz\u00e1s is seg\u00edt v\u00e1ltozatosabb\u00e1 tenni az edz\u00e9seidet \u00e9s fenntartani a motiv\u00e1ci\u00f3dat.<\/p>\n\n\n\n<p>Sz\u00f3val, mire v\u00e1rsz? T\u00f6lts le egyet ezek k\u00f6z\u00fcl az alkalmaz\u00e1sok k\u00f6z\u00fcl, tedd fel a kedvenc zen\u00e9idet, \u00e9s kezdj el t\u00e1ncolni m\u00e9g ma!<\/p>\n\n\n\n<h3 class=\"wp-block-heading\"><strong>Gyakran ism\u00e9telt k\u00e9rd\u00e9sek a t\u00e1nc- \u00e9s zumbaalkalmaz\u00e1sokr\u00f3l<\/strong><\/h3>\n\n\n\n<h4 class=\"wp-block-heading\"><strong>1. Melyik a legjobb alkalmaz\u00e1s otthoni Zumba tanul\u00e1shoz?<\/strong><\/h4>\n\n\n\n<p>Ha hivatalos \u00e9s teljes jelentkez\u00e9si lapot keres, <strong>Zumba \u2013 T\u00e1ncos fitnesz edz\u00e9s<\/strong> Ez a legjobb v\u00e1laszt\u00e1s. Interakt\u00edv \u00f3r\u00e1kat k\u00edn\u00e1l, melyeket min\u0151s\u00edtett oktat\u00f3k vezetnek, \u00edgy b\u00e1rmikor, b\u00e1rhol edzhetsz vid\u00e1m zen\u00e9vel \u00e9s hat\u00e9kony edz\u00e9stervekkel.<\/p>\n\n\n\n<h4 class=\"wp-block-heading\"><strong>2. Alkalmas a Just Dance Now testmozg\u00e1sra?<\/strong><\/h4>\n\n\n\n<p>Igen, <strong>Csak t\u00e1ncolj most<\/strong> Kiv\u00e1l\u00f3 m\u00f3dja a sz\u00f3rakoztat\u00f3 testmozg\u00e1snak. B\u00e1r j\u00e1t\u00e9knak tervezt\u00e9k, intenz\u00edv koreogr\u00e1fi\u00e1ja seg\u00edt jav\u00edtani az \u00e1ll\u00f3k\u00e9pess\u00e9get, a koordin\u00e1ci\u00f3t \u00e9s a kal\u00f3ri\u00e1k \u00e9get\u00e9s\u00e9t speci\u00e1lis felszerel\u00e9s n\u00e9lk\u00fcl.<\/p>\n\n\n\n<h4 class=\"wp-block-heading\"><strong>3. Haszn\u00e1lhatom a ZIN Play-t, ha nem vagyok Zumba oktat\u00f3?<\/strong><\/h4>\n\n\n\n<p>Igen, b\u00e1r <strong>ZIN j\u00e1t\u00e9k<\/strong> Oktat\u00f3k sz\u00e1m\u00e1ra tervezve, b\u00e1rmely felhaszn\u00e1l\u00f3 haszn\u00e1lhatja szem\u00e9lyre szabott lej\u00e1tsz\u00e1si list\u00e1k l\u00e9trehoz\u00e1s\u00e1ra \u00e9s rendszerez\u00e9s\u00e9re Zumba zen\u00e9kkel. Ide\u00e1lis azok sz\u00e1m\u00e1ra, akik edz\u00e9seiket a szem\u00e9lyes st\u00edlusukhoz szeretn\u00e9k igaz\u00edtani.<\/p>\n\n\n\n<h4 class=\"wp-block-heading\"><strong>4. Kezd\u0151knek aj\u00e1nlott a balett?<\/strong><\/h4>\n\n\n\n<p>Hat\u00e1rozottan. <strong>Balett t\u00e1nc<\/strong> struktur\u00e1lt \u00f3r\u00e1kat k\u00edn\u00e1l minden szintnek, kezd\u0151t\u0151l a halad\u00f3ig. Kiv\u00e1l\u00f3 lehet\u0151s\u00e9g a testtart\u00e1s, a hajl\u00e9konys\u00e1g \u00e9s az elegancia fejleszt\u00e9s\u00e9re a klasszikus t\u00e1ncon kereszt\u00fcl.<\/p>\n\n\n\n<h4 class=\"wp-block-heading\"><strong>5. Seg\u00edt a Go Dance a t\u00e1nctechnika fejleszt\u00e9s\u00e9ben?<\/strong><\/h4>\n\n\n\n<p>Igen, <strong>Menj t\u00e1ncolni<\/strong> Lehet\u0151v\u00e9 teszi k\u00fcl\u00f6nf\u00e9le t\u00e1ncst\u00edlusok elsaj\u00e1t\u00edt\u00e1s\u00e1t dinamikus koreogr\u00e1fi\u00e1val. A k\u00e9sz\u00fcl\u00e9k kamer\u00e1j\u00e1t is haszn\u00e1lja a mozg\u00e1sok val\u00f3s idej\u0171 ki\u00e9rt\u00e9kel\u00e9s\u00e9re \u00e9s korrig\u00e1l\u00e1s\u00e1ra, jav\u00edtva a pontoss\u00e1got \u00e9s a teljes\u00edtm\u00e9nyt.<\/p>\n\n\n\n<h4 class=\"wp-block-heading\"><strong>6. Sz\u00fcks\u00e9ges-e el\u0151zetes tapasztalat ezen alkalmaz\u00e1sok haszn\u00e1lat\u00e1hoz?<\/strong><\/h4>\n\n\n\n<p>Nem, az \u00f6sszes eml\u00edtett alkalmaz\u00e1s kezd\u0151 \u00e9s halad\u00f3 szinteket is k\u00edn\u00e1l. Ide\u00e1lisak mind azoknak, akik m\u00e9g soha nem t\u00e1ncoltak, mind azoknak, akik fejleszteni szeretn\u00e9k a k\u00e9pess\u00e9geiket.<\/p>\n\n\n\n<h4 class=\"wp-block-heading\"><strong>7. Sz\u00fcks\u00e9ged van speci\u00e1lis felszerel\u00e9sre ahhoz, hogy ezekkel az alkalmaz\u00e1sokkal t\u00e1ncolj?<\/strong><\/h4>\n\n\n\n<p>Nem, csak egy mobileszk\u00f6zre vagy k\u00e9perny\u0151re van sz\u00fcks\u00e9ged a koreogr\u00e1fi\u00e1k k\u00f6vet\u00e9s\u00e9hez. Abban az esetben, ha\u2026 <strong>Csak t\u00e1ncolj most<\/strong>, a telefonodat mozg\u00e1s\u00e9rz\u00e9kel\u0151k\u00e9nt haszn\u00e1lhatod az \u00e9lm\u00e9ny fokoz\u00e1sa \u00e9rdek\u00e9ben.<\/p>","protected":false},"excerpt":{"rendered":"<p>Ha mindig is szerett\u00e9l volna megtanulni Zumb\u00e1t, de nincs id\u0151d edz\u0151terembe j\u00e1rni, vagy ink\u00e1bb otthonod k\u00e9nyelm\u00e9t r\u00e9szes\u00edted el\u0151nyben, egy Zumba oktat\u00f3alkalmaz\u00e1s lehet a t\u00f6k\u00e9letes megold\u00e1s. \u00dcgyf\u00e9lszolg\u00e1lat: Fedezd fel az al\u00e1bbi alkalmaz\u00e1sokat, vagy vedd fel a kapcsolatot \u00fcgyf\u00e9lszolg\u00e1latunkkal, mondd el, milyen t\u00edpus\u00fa profilt keresel, \u00e9s [\u2026]<\/p>","protected":false},"author":139,"featured_media":8483,"comment_status":"closed","ping_status":"open","sticky":false,"template":"","format":"standard","meta":{"footnotes":""},"categories":[2],"tags":[1766,1768,1769,1767,1765],"yoast_head":"<!-- This site is optimized with the Yoast SEO plugin v23.3 - https:\/\/yoast.com\/wordpress\/plugins\/seo\/ -->\n<title>Zumba en casa: Descubre la alegr\u00eda del baile - Universo Fam\u00edlia<\/title>\n<meta name=\"description\" content=\"Zumba en casa: Descubre la alegr\u00eda del baile. Si siempre has querido aprender Zumba, pero no tienes tiempo para ir a un gimnasio...\" \/>\n<meta name=\"robots\" content=\"index, follow, max-snippet:-1, max-image-preview:large, max-video-preview:-1\" \/>\n<link rel=\"canonical\" href=\"https:\/\/universofamilia.com\/hu\/zumba-en-casa-descubre-la-alegria-del-baile\/\" \/>\n<meta property=\"og:locale\" content=\"hu_HU\" \/>\n<meta property=\"og:type\" content=\"article\" \/>\n<meta property=\"og:title\" content=\"Zumba en casa: Descubre la alegr\u00eda del baile - Universo Fam\u00edlia\" \/>\n<meta property=\"og:description\" content=\"Zumba en casa: Descubre la alegr\u00eda del baile. Si siempre has querido aprender Zumba, pero no tienes tiempo para ir a un gimnasio...\" \/>\n<meta property=\"og:url\" content=\"https:\/\/universofamilia.com\/hu\/zumba-en-casa-descubre-la-alegria-del-baile\/\" \/>\n<meta property=\"og:site_name\" content=\"Universo Fam\u00edlia\" \/>\n<meta property=\"article:published_time\" content=\"2025-01-29T16:44:46+00:00\" \/>\n<meta property=\"article:modified_time\" content=\"2025-01-29T16:44:48+00:00\" \/>\n<meta property=\"og:image\" content=\"https:\/\/universofamilia.com\/wp-content\/uploads\/sites\/148\/2025\/01\/DESTAQUE-UNIVERSO-550-x-350-1-2.jpg\" \/>\n\t<meta property=\"og:image:width\" content=\"550\" \/>\n\t<meta property=\"og:image:height\" content=\"350\" \/>\n\t<meta property=\"og:image:type\" content=\"image\/jpeg\" \/>\n<meta name=\"author\" content=\"Pedro Henrique\" \/>\n<meta name=\"twitter:card\" content=\"summary_large_image\" \/>\n<meta name=\"twitter:label1\" content=\"Written by\" \/>\n\t<meta name=\"twitter:data1\" content=\"Pedro Henrique\" \/>\n\t<meta name=\"twitter:label2\" content=\"Est. reading time\" \/>\n\t<meta name=\"twitter:data2\" content=\"7 perc\" \/>\n<script type=\"application\/ld+json\" class=\"yoast-schema-graph\">{\"@context\":\"https:\/\/schema.org\",\"@graph\":[{\"@type\":\"WebPage\",\"@id\":\"https:\/\/universofamilia.com\/nl\/zumba-en-casa-descubre-la-alegria-del-baile\/\",\"url\":\"https:\/\/universofamilia.com\/nl\/zumba-en-casa-descubre-la-alegria-del-baile\/\",\"name\":\"Zumba en casa: Descubre la alegr\u00eda del baile - Universo Fam\u00edlia\",\"isPartOf\":{\"@id\":\"https:\/\/universofamilia.com\/el\/#website\"},\"primaryImageOfPage\":{\"@id\":\"https:\/\/universofamilia.com\/nl\/zumba-en-casa-descubre-la-alegria-del-baile\/#primaryimage\"},\"image\":{\"@id\":\"https:\/\/universofamilia.com\/nl\/zumba-en-casa-descubre-la-alegria-del-baile\/#primaryimage\"},\"thumbnailUrl\":\"https:\/\/universofamilia.com\/wp-content\/uploads\/sites\/148\/2025\/01\/DESTAQUE-UNIVERSO-550-x-350-1-2.jpg\",\"datePublished\":\"2025-01-29T16:44:46+00:00\",\"dateModified\":\"2025-01-29T16:44:48+00:00\",\"author\":{\"@id\":\"https:\/\/universofamilia.com\/el\/#\/schema\/person\/f07ce98187dd84d31154262e79b3b7ca\"},\"description\":\"Zumba en casa: Descubre la alegr\u00eda del baile. Si siempre has querido aprender Zumba, pero no tienes tiempo para ir a un gimnasio...\",\"breadcrumb\":{\"@id\":\"https:\/\/universofamilia.com\/nl\/zumba-en-casa-descubre-la-alegria-del-baile\/#breadcrumb\"},\"inLanguage\":\"hu\",\"potentialAction\":[{\"@type\":\"ReadAction\",\"target\":[\"https:\/\/universofamilia.com\/nl\/zumba-en-casa-descubre-la-alegria-del-baile\/\"]}]},{\"@type\":\"ImageObject\",\"inLanguage\":\"hu\",\"@id\":\"https:\/\/universofamilia.com\/nl\/zumba-en-casa-descubre-la-alegria-del-baile\/#primaryimage\",\"url\":\"https:\/\/universofamilia.com\/wp-content\/uploads\/sites\/148\/2025\/01\/DESTAQUE-UNIVERSO-550-x-350-1-2.jpg\",\"contentUrl\":\"https:\/\/universofamilia.com\/wp-content\/uploads\/sites\/148\/2025\/01\/DESTAQUE-UNIVERSO-550-x-350-1-2.jpg\",\"width\":550,\"height\":350,\"caption\":\"Zumba en casa: Descubre la alegr\u00eda del baile\"},{\"@type\":\"BreadcrumbList\",\"@id\":\"https:\/\/universofamilia.com\/nl\/zumba-en-casa-descubre-la-alegria-del-baile\/#breadcrumb\",\"itemListElement\":[{\"@type\":\"ListItem\",\"position\":1,\"name\":\"Home\",\"item\":\"https:\/\/universofamilia.com\/el\/\"},{\"@type\":\"ListItem\",\"position\":2,\"name\":\"Zumba en casa: Descubre la alegr\u00eda del baile\"}]},{\"@type\":\"WebSite\",\"@id\":\"https:\/\/universofamilia.com\/el\/#website\",\"url\":\"https:\/\/universofamilia.com\/el\/\",\"name\":\"Universo Fam\u00edlia\",\"description\":\"\",\"potentialAction\":[{\"@type\":\"SearchAction\",\"target\":{\"@type\":\"EntryPoint\",\"urlTemplate\":\"https:\/\/universofamilia.com\/el\/?s={search_term_string}\"},\"query-input\":\"required name=search_term_string\"}],\"inLanguage\":\"hu\"},{\"@type\":\"Person\",\"@id\":\"https:\/\/universofamilia.com\/el\/#\/schema\/person\/f07ce98187dd84d31154262e79b3b7ca\",\"name\":\"Pedro Henrique\",\"image\":{\"@type\":\"ImageObject\",\"inLanguage\":\"hu\",\"@id\":\"https:\/\/universofamilia.com\/el\/#\/schema\/person\/image\/\",\"url\":\"https:\/\/secure.gravatar.com\/avatar\/9edfeb808cb4e1599f64d6e45b130154?s=96&d=mm&r=g\",\"contentUrl\":\"https:\/\/secure.gravatar.com\/avatar\/9edfeb808cb4e1599f64d6e45b130154?s=96&d=mm&r=g\",\"caption\":\"Pedro Henrique\"},\"url\":\"https:\/\/universofamilia.com\/hu\/author\/editor01\/\"}]}<\/script>\n<!-- \/ Yoast SEO plugin. -->","yoast_head_json":{"title":"Zumba en casa: Descubre la alegr\u00eda del baile - Universo Fam\u00edlia","description":"Zumba en casa: Descubre la alegr\u00eda del baile. Si siempre has querido aprender Zumba, pero no tienes tiempo para ir a un gimnasio...","robots":{"index":"index","follow":"follow","max-snippet":"max-snippet:-1","max-image-preview":"max-image-preview:large","max-video-preview":"max-video-preview:-1"},"canonical":"https:\/\/universofamilia.com\/hu\/zumba-en-casa-descubre-la-alegria-del-baile\/","og_locale":"hu_HU","og_type":"article","og_title":"Zumba en casa: Descubre la alegr\u00eda del baile - Universo Fam\u00edlia","og_description":"Zumba en casa: Descubre la alegr\u00eda del baile. Si siempre has querido aprender Zumba, pero no tienes tiempo para ir a un gimnasio...","og_url":"https:\/\/universofamilia.com\/hu\/zumba-en-casa-descubre-la-alegria-del-baile\/","og_site_name":"Universo Fam\u00edlia","article_published_time":"2025-01-29T16:44:46+00:00","article_modified_time":"2025-01-29T16:44:48+00:00","og_image":[{"width":550,"height":350,"url":"https:\/\/universofamilia.com\/wp-content\/uploads\/sites\/148\/2025\/01\/DESTAQUE-UNIVERSO-550-x-350-1-2.jpg","type":"image\/jpeg"}],"author":"Pedro Henrique","twitter_card":"summary_large_image","twitter_misc":{"Written by":"Pedro Henrique","Est. reading time":"7 perc"},"schema":{"@context":"https:\/\/schema.org","@graph":[{"@type":"WebPage","@id":"https:\/\/universofamilia.com\/nl\/zumba-en-casa-descubre-la-alegria-del-baile\/","url":"https:\/\/universofamilia.com\/nl\/zumba-en-casa-descubre-la-alegria-del-baile\/","name":"Zumba en casa: Descubre la alegr\u00eda del baile - Universo Fam\u00edlia","isPartOf":{"@id":"https:\/\/universofamilia.com\/el\/#website"},"primaryImageOfPage":{"@id":"https:\/\/universofamilia.com\/nl\/zumba-en-casa-descubre-la-alegria-del-baile\/#primaryimage"},"image":{"@id":"https:\/\/universofamilia.com\/nl\/zumba-en-casa-descubre-la-alegria-del-baile\/#primaryimage"},"thumbnailUrl":"https:\/\/universofamilia.com\/wp-content\/uploads\/sites\/148\/2025\/01\/DESTAQUE-UNIVERSO-550-x-350-1-2.jpg","datePublished":"2025-01-29T16:44:46+00:00","dateModified":"2025-01-29T16:44:48+00:00","author":{"@id":"https:\/\/universofamilia.com\/el\/#\/schema\/person\/f07ce98187dd84d31154262e79b3b7ca"},"description":"Zumba en casa: Descubre la alegr\u00eda del baile. Si siempre has querido aprender Zumba, pero no tienes tiempo para ir a un gimnasio...","breadcrumb":{"@id":"https:\/\/universofamilia.com\/nl\/zumba-en-casa-descubre-la-alegria-del-baile\/#breadcrumb"},"inLanguage":"hu","potentialAction":[{"@type":"ReadAction","target":["https:\/\/universofamilia.com\/nl\/zumba-en-casa-descubre-la-alegria-del-baile\/"]}]},{"@type":"ImageObject","inLanguage":"hu","@id":"https:\/\/universofamilia.com\/nl\/zumba-en-casa-descubre-la-alegria-del-baile\/#primaryimage","url":"https:\/\/universofamilia.com\/wp-content\/uploads\/sites\/148\/2025\/01\/DESTAQUE-UNIVERSO-550-x-350-1-2.jpg","contentUrl":"https:\/\/universofamilia.com\/wp-content\/uploads\/sites\/148\/2025\/01\/DESTAQUE-UNIVERSO-550-x-350-1-2.jpg","width":550,"height":350,"caption":"Zumba en casa: Descubre la alegr\u00eda del baile"},{"@type":"BreadcrumbList","@id":"https:\/\/universofamilia.com\/nl\/zumba-en-casa-descubre-la-alegria-del-baile\/#breadcrumb","itemListElement":[{"@type":"ListItem","position":1,"name":"Home","item":"https:\/\/universofamilia.com\/el\/"},{"@type":"ListItem","position":2,"name":"Zumba en casa: Descubre la alegr\u00eda del baile"}]},{"@type":"WebSite","@id":"https:\/\/universofamilia.com\/el\/#website","url":"https:\/\/universofamilia.com\/el\/","name":"Universo Fam\u00edlia","description":"","potentialAction":[{"@type":"SearchAction","target":{"@type":"EntryPoint","urlTemplate":"https:\/\/universofamilia.com\/el\/?s={search_term_string}"},"query-input":"required name=search_term_string"}],"inLanguage":"hu"},{"@type":"Person","@id":"https:\/\/universofamilia.com\/el\/#\/schema\/person\/f07ce98187dd84d31154262e79b3b7ca","name":"Pedro Henrique","image":{"@type":"ImageObject","inLanguage":"hu","@id":"https:\/\/universofamilia.com\/el\/#\/schema\/person\/image\/","url":"https:\/\/secure.gravatar.com\/avatar\/9edfeb808cb4e1599f64d6e45b130154?s=96&d=mm&r=g","contentUrl":"https:\/\/secure.gravatar.com\/avatar\/9edfeb808cb4e1599f64d6e45b130154?s=96&d=mm&r=g","caption":"Pedro Henrique"},"url":"https:\/\/universofamilia.com\/hu\/author\/editor01\/"}]}},"_links":{"self":[{"href":"https:\/\/universofamilia.com\/hu\/wp-json\/wp\/v2\/posts\/8482"}],"collection":[{"href":"https:\/\/universofamilia.com\/hu\/wp-json\/wp\/v2\/posts"}],"about":[{"href":"https:\/\/universofamilia.com\/hu\/wp-json\/wp\/v2\/types\/post"}],"author":[{"embeddable":true,"href":"https:\/\/universofamilia.com\/hu\/wp-json\/wp\/v2\/users\/139"}],"replies":[{"embeddable":true,"href":"https:\/\/universofamilia.com\/hu\/wp-json\/wp\/v2\/comments?post=8482"}],"version-history":[{"count":1,"href":"https:\/\/universofamilia.com\/hu\/wp-json\/wp\/v2\/posts\/8482\/revisions"}],"predecessor-version":[{"id":8485,"href":"https:\/\/universofamilia.com\/hu\/wp-json\/wp\/v2\/posts\/8482\/revisions\/8485"}],"wp:featuredmedia":[{"embeddable":true,"href":"https:\/\/universofamilia.com\/hu\/wp-json\/wp\/v2\/media\/8483"}],"wp:attachment":[{"href":"https:\/\/universofamilia.com\/hu\/wp-json\/wp\/v2\/media?parent=8482"}],"wp:term":[{"taxonomy":"category","embeddable":true,"href":"https:\/\/universofamilia.com\/hu\/wp-json\/wp\/v2\/categories?post=8482"},{"taxonomy":"post_tag","embeddable":true,"href":"https:\/\/universofamilia.com\/hu\/wp-json\/wp\/v2\/tags?post=8482"}],"curies":[{"name":"wp","href":"https:\/\/api.w.org\/{rel}","templated":true}]}}