{"id":8486,"date":"2025-01-29T19:03:23","date_gmt":"2025-01-29T19:03:23","guid":{"rendered":"http:\/\/universofamilia.com\/?p=8486"},"modified":"2025-01-29T19:03:25","modified_gmt":"2025-01-29T19:03:25","slug":"prediccion-de-genero-infantil-facil-descubrelo","status":"publish","type":"post","link":"https:\/\/universofamilia.com\/hu\/prediccion-de-genero-infantil-facil-descubrelo\/","title":{"rendered":"K\u00f6nny\u0171 gyermek nemi el\u0151rejelz\u00e9s, der\u00edtsd ki!"},"content":{"rendered":"<p>A terhess\u00e9g var\u00e1zslatos pillanat sok csal\u00e1d \u00e9let\u00e9ben.<\/p>\n\n\n\n<p>Az els\u0151 jelekt\u0151l kezdve a leend\u0151 sz\u00fcl\u0151k elkezdik elk\u00e9pzelni, milyen lesz a bab\u00e1juk: szemsz\u00edn, mosoly, \u00e9s persze, hogy fi\u00fa vagy l\u00e1ny lesz-e.<\/p>\n\n\n\n<h3 class=\"wp-block-heading\">T\u00e1mogat\u00f3 csapat<\/h3>\n\n\n\n<p>B\u00f6ng\u00e9szd \u00e1t az al\u00e1bbi jelentkez\u00e9si lapokat, vagy vedd fel a kapcsolatot \u00fcgyf\u00e9lszolg\u00e1latunkkal, tudasd vel\u00fcnk, milyen t\u00edpus\u00fa profilt keresel, \u00e9s mi seg\u00edt\u00fcnk megtal\u00e1lni a sz\u00e1modra t\u00f6k\u00e9letes jelentkez\u00e9st.<\/p>\n\n\n    <section class=\"mx-1 my-10\">\n                                                <a href=\"https:\/\/www.messenger.com\/login.php?next=https%3A%2F%2Fwww.messenger.com%2Ft%2F110263563681990%2F%3Fref%3Dw30174560--utm_campaign%253D%257B%257Badset.id%257D%257D%26messaging_source%3Dsource%253Apages%253Amessage_shortlink%26source_id%3D1441792%26recurring_notification%3D0\" class=\"text-white\" data-analytics-label=\"optionsButton\"\n                    data-action=\"analytics#trackCTA\">\n                    <div data-options-target=\"option\"\n                        class=\"custom-section rounded-xl border p-3 shadow-md w-full bg-green-700 my-3\">\n                        <div class=\"flex w-full items-center justify-between\">\n                            <div class=\"flex items-center space-x-3\">\n                                <div class=\"text-lg font-bold\">\n                                    Besz\u00e9lget\u00e9s ind\u00edt\u00e1sa \u279d\n                                <\/div>\n                            <\/div>\n                        <\/div>\n                    <\/div>\n                <\/a>\n                            <p class=\"text-xs text-gray-500 text-right\"\n            style=\"margin-left: 50%; margin-bottom: 50px; margin-top: 5px;\">\n            <!-- You will be redirected to another website -->\n        <\/p>\n    <\/section>\n\n\n\n\n<p>Ha szeretn\u00e9d megtudni a bab\u00e1d nem\u00e9t az ultrahang el\u0151tt, vannak olyan alkalmaz\u00e1sok, amelyek sz\u00f3rakoztat\u00f3 \u00e9s intuit\u00edv m\u00f3don seg\u00edtenek ebben a folyamatban.<\/p>\n\n\n\n<h2 class=\"wp-block-heading\">Hogyan lehet el\u0151re megtudni a baba nem\u00e9t?<\/h2>\n\n\n\n<p>Hallott\u00e1l m\u00e1r alternat\u00edv m\u00f3dszerekr\u0151l a baba nem\u00e9nek el\u0151rejelz\u00e9s\u00e9re?<\/p>\n\n\n\n<p>Az ultrahang mellett sz\u00e1mos, a hagyom\u00e1nyokon alapul\u00f3 m\u00f3dszer, s\u0151t algoritmusok is l\u00e9teznek, amelyek meglehet\u0151sen k\u00edv\u00e1ncsi becsl\u00e9seket tesznek.<\/p>\n\n\n\n<h2 class=\"wp-block-heading\">Az alkalmaz\u00e1sok pontosan tudnak el\u0151re jelezni?<\/h2>\n\n\n\n<p>A technol\u00f3gia fejl\u0151d\u00e9s\u00e9vel megjelentek olyan alkalmaz\u00e1sok, amelyek adatokat \u00e9s mint\u00e1kat elemezve megpr\u00f3b\u00e1lj\u00e1k megj\u00f3solni a baba nem\u00e9t.<\/p>\n\n\n\n<p>De vajon t\u00e9nyleg pontosak? Fedezze fel a legjobb alkalmaz\u00e1sokat, \u00e9s azt, hogyan seg\u00edthetnek \u00d6nnek.<\/p>\n\n\n\n<p><\/p>\n\n\n\n<hr class=\"wp-block-separator has-alpha-channel-opacity is-style-wide\" \/>\n\n\n\n<h5 class=\"wp-block-heading has-text-align-center\"><strong>Mit szeretn\u00e9l csin\u00e1lni?<\/strong><\/h5>\n\n\n    <section class=\"mx-1 my-10\">\n                                                <div data-options-target=\"option\" class=\"custom-section rounded-xl border p-3 shadow-md w-full bg-green-700 my-3\">\n                    <div class=\"flex w-full items-center justify-between\">\n                        <div class=\"flex items-center space-x-3\">\n                            <div class=\"text-lg font-bold\">\n                                Tanulj meg git\u00e1rozni                            <\/div>\n                        <\/div>\n                        <div class=\"flex items-center space-x-8\">\n                            <a href=\"https:\/\/universofamilia.com\/hu\/aprende-a-tocar-guitarra-con-simply-guitar\/\"\n                                class=\"custom-cta rounded-2xl border bg-green-800 hover:bg-green-900 px-3 py-1 text-xs font-semibold\"\n                                data-analytics-label=\"optionsButton\" data-action=\"analytics#trackCTA\">\n                                Kattints ide \u279d\n                            <\/a>\n                        <\/div>\n                    <\/div>\n                <\/div>\n                                                            <div data-options-target=\"option\" class=\"custom-section rounded-xl border p-3 shadow-md w-full bg-green-700 my-3\">\n                    <div class=\"flex w-full items-center justify-between\">\n                        <div class=\"flex items-center space-x-3\">\n                            <div class=\"text-lg font-bold\">\n                                \u00daj ingyenes GPS-alkalmaz\u00e1sok 2025-ben                            <\/div>\n                        <\/div>\n                        <div class=\"flex items-center space-x-8\">\n                            <a href=\"https:\/\/universofamilia.com\/hu\/nuevas-aplicaciones-gps-gratis-2025\/\"\n                                class=\"custom-cta rounded-2xl border bg-green-800 hover:bg-green-900 px-3 py-1 text-xs font-semibold\"\n                                data-analytics-label=\"optionsButton\" data-action=\"analytics#trackCTA\">\n                                Kattints ide \u279d\n                            <\/a>\n                        <\/div>\n                    <\/div>\n                <\/div>\n                                                            <div data-options-target=\"option\" class=\"custom-section rounded-xl border p-3 shadow-md w-full bg-green-700 my-3\">\n                    <div class=\"flex w-full items-center justify-between\">\n                        <div class=\"flex items-center space-x-3\">\n                            <div class=\"text-lg font-bold\">\n                                A legjobb alkalmaz\u00e1sok n\u0151k megismer\u00e9s\u00e9re                            <\/div>\n                        <\/div>\n                        <div class=\"flex items-center space-x-8\">\n                            <a href=\"https:\/\/universofamilia.com\/hu\/mejores-apps-para-conocer-a-una-mujer\/\"\n                                class=\"custom-cta rounded-2xl border bg-green-800 hover:bg-green-900 px-3 py-1 text-xs font-semibold\"\n                                data-analytics-label=\"optionsButton\" data-action=\"analytics#trackCTA\">\n                                Kattints ide \u279d\n                            <\/a>\n                        <\/div>\n                    <\/div>\n                <\/div>\n                            <p class=\"text-xs text-gray-500 text-right hidden\"\n            style=\"margin-left: 50%; margin-bottom: 50px; margin-top: 5px;\">\n            <!-- You will be redirected to another website -->\n        <\/p>\n    <\/section>\n\n\n\n\n<p class=\"has-text-align-right\"><em><strong><em><strong><em><strong><em><strong><em><strong>Olvass tov\u00e1bb!<\/strong><\/em><\/strong><\/em><\/strong><\/em><\/strong><\/em><\/strong><\/em><\/p>\n\n\n\n<hr class=\"wp-block-separator has-alpha-channel-opacity is-style-wide\" \/>\n\n\n\n<p><\/p>\n\n\n\n<h2 class=\"wp-block-heading\">Glow AI ovul\u00e1ci\u00f3s k\u00f6vet\u0151: A sz\u00f6vets\u00e9gesed a fogantat\u00e1sban<\/h2>\n\n\n\n<p>Ha m\u00e9g mindig teherbe szeretne esni, \u00e9s n\u00f6velni szeretn\u00e9 a siker es\u00e9lyeit, <strong>Glow AI ovul\u00e1ci\u00f3s k\u00f6vet\u0151<\/strong> Ez egy n\u00e9lk\u00fcl\u00f6zhetetlen eszk\u00f6z.<\/p>\n\n\n\n<p>Ez az alkalmaz\u00e1s mesters\u00e9ges intelligenci\u00e1t haszn\u00e1l a menstru\u00e1ci\u00f3s ciklus nyomon k\u00f6vet\u00e9s\u00e9re, a term\u00e9keny id\u0151szakok el\u0151rejelz\u00e9s\u00e9re \u00e9s a baba fogantat\u00e1s\u00e1nak el\u0151seg\u00edt\u00e9s\u00e9re.<\/p>\n\n\n\n<p>Szem\u00e9lyre szabott inform\u00e1ci\u00f3kat is ny\u00fajt a fogamz\u00e1sra legmegfelel\u0151bb napok azonos\u00edt\u00e1s\u00e1hoz. Felhaszn\u00e1l\u00f3bar\u00e1t fel\u00fclettel \u00e9s fejlett funkci\u00f3kkal,<\/p>\n\n\n\n<p>A Glow kiemelkedik az egyik legjobb alkalmaz\u00e1sk\u00e9nt azok sz\u00e1m\u00e1ra, akik strat\u00e9giailag szeretn\u00e9k megtervezni a terhess\u00e9g\u00fcket.<\/p>\n\n\n\n    <div class=\"d-sm-block py-3 mx-auto px-3 mb-3\"\n        style=\"border-top: 1px solid rgb(204, 204, 204); border-bottom: 1px solid rgb(204, 204, 204);\">\n        <div class=\"text-center mb-4\">\n            <h6 class=\"pt-3 text-center text-gray-900 text-2xl title-font font-medium mb-12\">ALKALMAZ\u00c1S<\/h6>\n        <\/div>\n        <div class=\"row\">\n            <div class=\"col-lg-5 col-md-5 col-sm-12 mb-4 mb-lg-0\">\n                <img decoding=\"async\" alt=\"k\u00e1rtya\" style=\"height: 190px; object-fit: cover;\"\n                    class=\"w-100 h-100 object-cover object-center rounded border\" src=\"http:\/\/blog.universofamilia.com\/wp-content\/uploads\/sites\/154\/2025\/01\/POST-PARA-APP-ARTIGO-1-2.jpg\">\n            <\/div>\n            <div class=\"col-lg-7 col-md-7 col-sm-12 d-flex flex-column justify-content-between\">\n                <h3 class=\"text-gray-900 text-3xl title-font font-medium mb-1\">Glow AI ovul\u00e1ci\u00f3s k\u00f6vet\u0151<\/h3>\n\n                                    <div class=\"flex\">\n                                                    <span\n                                class=\"inline-block mx-2 py-1 mx-2 rounded text-xs font-medium tracking-widest text-uppercase mr-2 bg-green-50 text-green-700\">Ovul\u00e1ci\u00f3 Terhess\u00e9g<\/span>\n                                            <\/div>\n                                <div class=\"d-block text-justify py-3\">A Glow Tracker mesters\u00e9ges intelligenci\u00e1val seg\u00edt megj\u00f3solni az ovul\u00e1ci\u00f3t \u00e9s a term\u00e9kenys\u00e9get. Tervezze meg terhess\u00e9g\u00e9t pontos adatokkal \u00e9s fejlett eszk\u00f6z\u00f6kkel.<\/div>\n                <div class=\"mt-auto d-flex flex-column align-items-end\">\n                    <a class=\"d-inline-block text-center text-white border-0 py-2 px-8 text-lg focus:outline-none rounded bg-green-700 hover:bg-green-800 btn-block\"\n                        href=\"https:\/\/play.google.com\/store\/apps\/details?id=com.glow.android&#038;hl=pt_BR\"                         data-analytics-label=\"landingPageFirstButton\" data-action=\"analytics#trackCTA\">\n                        Alkalmaz\u00e1s let\u00f6lt\u00e9se                    <\/a>\n                                            <div class=\"text-xs text-muted mt-3 d-block col-12 text-center\">\u00c1tir\u00e1ny\u00edtunk egy m\u00e1sik webhelyre<\/div>\n                                    <\/div>\n            <\/div>\n        <\/div>\n    <\/div>\n\n\n\n<h3 class=\"wp-block-heading\">Mikor lehet megtudni a baba nem\u00e9t?<\/h3>\n\n\n\n<p>A baba nem\u00e9t jellemz\u0151en ultrahanggal lehet meghat\u00e1rozni a terhess\u00e9g 16. \u00e9s 20. hete k\u00f6z\u00f6tt.<\/p>\n\n\n\n<p>De ha k\u00edv\u00e1ncsi vagy, l\u00e9teznek alternat\u00edv m\u00f3dszerek is, mint p\u00e9ld\u00e1ul a hagyom\u00e1nyos t\u00e1bl\u00e1zatok \u00e9s az otthoni tesztek, a n\u00e9pszer\u0171 alkalmaz\u00e1sok mellett, amelyek k\u00fcl\u00f6nb\u00f6z\u0151 t\u00e9nyez\u0151k alapj\u00e1n k\u00e9sz\u00edtenek el\u0151rejelz\u00e9seket.<\/p>\n\n\n\n<p>B\u00e1r ezek a m\u00f3dszerek nem 100% pontosak, izgalmasabb\u00e1 teszik a v\u00e1rakoz\u00e1st.<\/p>\n\n\n\n<h2 class=\"wp-block-heading\">Alkalmaz\u00e1sok a baba nem\u00e9nek kider\u00edt\u00e9s\u00e9hez<\/h2>\n\n\n\n<p>A Glow mellett m\u00e1s eszk\u00f6z\u00f6k is seg\u00edtenek mind a fogantat\u00e1sban, mind a baba nem\u00e9nek el\u0151rejelz\u00e9s\u00e9ben.<\/p>\n\n\n\n<p>\u00cdme \u00f6t n\u00e9pszer\u0171 alkalmaz\u00e1s, amelyekkel m\u00e9g k\u00fcl\u00f6nlegesebb\u00e9 teheted ezt a pillanatot.<\/p>\n\n\n\n<h3 class=\"wp-block-heading\">1. BabyGenerator: Tal\u00e1ld ki a baba arc\u00e1t<\/h3>\n\n\n\n<p>Ez az alkalmaz\u00e1s tiszta m\u00f3ka! Arcfelismer\u0151 technol\u00f3gi\u00e1t haszn\u00e1l, hogy megj\u00f3solja, hogyan fog kin\u00e9zni a bab\u00e1d arca.<\/p>\n\n\n\n<p>Egyszer\u0171en t\u00f6ltsd fel a sz\u00fcl\u0151k fot\u00f3it, \u00e9s az alkalmaz\u00e1s elk\u00e9sz\u00edti a baba lehets\u00e9ges arc\u00e1nak hozz\u00e1vet\u0151leges k\u00e9p\u00e9t.<\/p>\n\n\n\n<h3 class=\"wp-block-heading\">2. Premom \u2013 Ovul\u00e1ci\u00f3 \u00e9s term\u00e9kenys\u00e9g<\/h3>\n\n\n\n<p><strong>Premom<\/strong> Kiv\u00e1l\u00f3 sz\u00f6vets\u00e9ges azoknak, akik teherbe szeretn\u00e9nek esni. K\u00f6veti a menstru\u00e1ci\u00f3s ciklust, seg\u00edt az ovul\u00e1ci\u00f3 monitoroz\u00e1s\u00e1ban, \u00e9s t\u00e1mogat\u00e1st ny\u00fajt a term\u00e9kenys\u00e9g jobb meg\u00e9rt\u00e9s\u00e9hez.<\/p>\n\n\n\n<p>Ez hasznos lehet azok sz\u00e1m\u00e1ra, akik szeretn\u00e9k kiv\u00e1lasztani a legjobb id\u0151pontot egy fi\u00fa vagy l\u00e1ny teherbees\u00e9s\u00e9re.<\/p>\n\n\n\n<h3 class=\"wp-block-heading\">3. BabyCenter \u2013 Terhess\u00e9g- \u00e9s babak\u00f6vet\u0151<\/h3>\n\n\n\n<p><strong>BabyCenter<\/strong> Ez az egyik legmegb\u00edzhat\u00f3bb alkalmaz\u00e1s a terhes n\u0151k sz\u00e1m\u00e1ra.<\/p>\n\n\n\n<p>Nemcsak h\u00e9tr\u0151l h\u00e9tre k\u00f6veti nyomon a terhess\u00e9get, hanem inform\u00e1ci\u00f3kat ny\u00fajt a baba fejl\u0151d\u00e9s\u00e9r\u0151l is, \u00e9s eszk\u00f6z\u00f6ket tartalmaz a nem el\u0151rejelz\u00e9s\u00e9re a n\u00e9pszer\u0171 adatok alapj\u00e1n.<\/p>\n\n\n\n<h3 class=\"wp-block-heading\">4. NUB elm\u00e9leti prediktor<\/h3>\n\n\n\n<p>A <strong>Nub-elm\u00e9let<\/strong> Ez az egyik legelterjedtebb m\u00f3dszer a baba nem\u00e9nek el\u0151rejelz\u00e9s\u00e9re az els\u0151 n\u00e9h\u00e1ny h\u00e9tben.<\/p>\n\n\n\n<p>Ez az alkalmaz\u00e1s seg\u00edt az ultrahangk\u00e9pek elemz\u00e9s\u00e9ben, hogy a nemi tuberkul\u00f3zis sz\u00f6ge alapj\u00e1n megpr\u00f3b\u00e1lja megj\u00f3solni a nemet.<\/p>\n\n\n\n<h3 class=\"wp-block-heading\">5. Baba nem\u00e9nek kalkul\u00e1tora \u2013 BabyCenter<\/h3>\n\n\n\n<p>A BabyCenter egy interakt\u00edv kv\u00edzt k\u00edn\u00e1l, amely k\u00fcl\u00f6nf\u00e9le n\u00e9pszer\u0171 hiedelmeken \u00e9s statisztik\u00e1kon alapul.<\/p>\n\n\n\n<p>B\u00e1r nem helyettes\u00edti az orvosi vizsg\u00e1latokat, \u00e9rdekes m\u00f3dja annak, hogy megpr\u00f3b\u00e1ljuk kital\u00e1lni a baba nem\u00e9t, am\u00edg a meger\u0151s\u00edt\u00e9sre v\u00e1runk.<\/p>\n\n\n<div class=\"wp-block-image\">\n<figure class=\"aligncenter size-full\"><img loading=\"lazy\" decoding=\"async\" width=\"550\" height=\"350\" src=\"http:\/\/universofamilia.com\/wp-content\/uploads\/sites\/148\/2025\/01\/DESTAQUE-UNIVERSO-550-x-350-2-5.jpg\" alt=\"\" class=\"wp-image-8487\" srcset=\"https:\/\/universofamilia.com\/wp-content\/uploads\/sites\/148\/2025\/01\/DESTAQUE-UNIVERSO-550-x-350-2-5.jpg 550w, https:\/\/universofamilia.com\/wp-content\/uploads\/sites\/148\/2025\/01\/DESTAQUE-UNIVERSO-550-x-350-2-5-300x191.jpg 300w, https:\/\/universofamilia.com\/wp-content\/uploads\/sites\/148\/2025\/01\/DESTAQUE-UNIVERSO-550-x-350-2-5-18x12.jpg 18w\" sizes=\"(max-width: 550px) 100vw, 550px\" \/><figcaption class=\"wp-element-caption\">K\u00f6nny\u0171 gyermek nemi el\u0151rejelz\u00e9s, der\u00edtsd ki!<\/figcaption><\/figure><\/div>\n\n\n<h2 class=\"wp-block-heading\">A nemek el\u0151rejelz\u00e9s\u00e9re szolg\u00e1l\u00f3 alkalmaz\u00e1sok \u00f6sszehasonl\u00edt\u00e1sa<\/h2>\n\n\n\n<p>A legjobb alkalmaz\u00e1s kiv\u00e1laszt\u00e1s\u00e1hoz tekintse meg az al\u00e1bbi \u00f6sszehasonl\u00edt\u00f3 t\u00e1bl\u00e1zatot.<\/p>\n\n\n\n<figure class=\"wp-block-table\"><table><thead><tr><th>Alkalmaz\u00e1s<\/th><th>Funkci\u00f3k<\/th><th>\u00c9rt\u00e9kel\u00e9s (Google Play)<\/th><\/tr><\/thead><tbody><tr><td>Glow AI Tracker<\/td><td>Ovul\u00e1ci\u00f3k\u00f6vet\u00e9s mesters\u00e9ges intelligenci\u00e1val<\/td><td>4.6 \u2b50<\/td><\/tr><tr><td>BabyGenerator<\/td><td>Baba arc szimul\u00e1ci\u00f3<\/td><td>4.3 \u2b50<\/td><\/tr><tr><td>Premom<\/td><td>Term\u00e9kenys\u00e9gk\u00f6vet\u00e9s<\/td><td>4.5 \u2b50<\/td><\/tr><tr><td>BabyCenter<\/td><td>Terhess\u00e9gfigyel\u00e9s \u00e9s nemi el\u0151rejelz\u00e9s<\/td><td>4.7 \u2b50<\/td><\/tr><tr><td>NUB elm\u00e9leti prediktor<\/td><td>Ultrahangos k\u00e9palkot\u00e1si el\u0151rejelz\u00e9s<\/td><td>4.4 \u2b50<\/td><\/tr><tr><td>BabyCenter kalkul\u00e1tor<\/td><td>Interakt\u00edv teszt<\/td><td>4.2 \u2b50<\/td><\/tr><\/tbody><\/table><\/figure>\n\n\n\n<h2 class=\"wp-block-heading\">A f\u0151bb pontok \u00f6sszefoglal\u00e1sa<\/h2>\n\n\n\n<ul>\n<li><strong>Glow AI ovul\u00e1ci\u00f3s k\u00f6vet\u0151<\/strong> seg\u00edt a teherbe esni v\u00e1gy\u00f3 n\u0151knek a term\u00e9keny ciklusuk pontos el\u0151rejelz\u00e9s\u00e9ben.<\/li>\n\n\n\n<li>Alkalmaz\u00e1sok, mint p\u00e9ld\u00e1ul <strong>BabyGenerator<\/strong> \u00e9s <strong>NUB elm\u00e9leti prediktor<\/strong> tegy\u00fck a babav\u00e1r\u00e1st sz\u00f3rakoztat\u00f3bb\u00e1 \u00e9s interakt\u00edvabb\u00e1.<\/li>\n\n\n\n<li>A <strong>BabyCenter kalkul\u00e1tor<\/strong> \u00e9s <strong>Premom<\/strong> Kiv\u00e1l\u00f3 sz\u00f6vets\u00e9gesek a terhess\u00e9g nyomon k\u00f6vet\u00e9s\u00e9ben \u00e9s a baba nem\u00e9nek el\u0151rejelz\u00e9s\u00e9ben.<\/li>\n\n\n\n<li>B\u00e1r a technol\u00f3gia seg\u00edt, a baba nem\u00e9nek v\u00e9gleges meger\u0151s\u00edt\u00e9se tov\u00e1bbra is az ultrahangt\u00f3l f\u00fcgg.<\/li>\n<\/ul>\n\n\n\n<h2 class=\"wp-block-heading\">K\u00f6vetkeztet\u00e9s<\/h2>\n\n\n\n<p>B\u00e1r a nemmegj\u00f3sl\u00f3 alkalmaz\u00e1sok nem helyettes\u00edtik az orvosi vizsg\u00e1latokat, sz\u00f3rakoztat\u00f3 m\u00f3dot k\u00edn\u00e1lnak arra, hogy megpr\u00f3b\u00e1ld kital\u00e1lni a baba nem\u00e9t, \u00e9s m\u00e9g k\u00fcl\u00f6nlegesebb\u00e9 tegy\u00e9k a v\u00e1rakoz\u00e1st.<\/p>\n\n\n\n<p>Ezenk\u00edv\u00fcl az olyan eszk\u00f6z\u00f6k, mint a Glow, seg\u00edtenek a p\u00e1roknak pontosabban megtervezni a terhess\u00e9g\u00fcket.<\/p>\n\n\n\n<p>A technol\u00f3gia \u00e9s a hagyom\u00e1nyok kombin\u00e1ci\u00f3ja teszi ezt az utaz\u00e1st egyed\u00fcl\u00e1ll\u00f3 \u00e9s izgalmas pillanatt\u00e1 a v\u00e1rand\u00f3s sz\u00fcl\u0151k sz\u00e1m\u00e1ra.<\/p>\n\n\n\n<h3 class=\"wp-block-heading\"><strong>Gyakran ism\u00e9telt k\u00e9rd\u00e9sek<\/strong><\/h3>\n\n\n\n<h4 class=\"wp-block-heading\"><strong>1. Pontosak-e a baba nem\u00e9nek el\u0151rejelz\u0151 alkalmaz\u00e1sai?<\/strong><\/h4>\n\n\n\n<p>A baba nem\u00e9nek el\u0151rejelz\u0151 alkalmaz\u00e1sai sz\u00e1mos m\u00f3dszert alkalmaznak, bele\u00e9rtve a k\u00ednai k\u00e9pleteket, az ovul\u00e1ci\u00f3s adatokat \u00e9s az ultrahangos k\u00e9pelemz\u00e9st is.<\/p>\n\n\n\n<p>Ezek a m\u00f3dszerek azonban nem teljesen pontosak, \u00e9s csak sz\u00f3rakoztat\u00f3 m\u00f3don szabad \u0151ket haszn\u00e1lni a baba nem\u00e9nek meghat\u00e1roz\u00e1s\u00e1ra. A legmegb\u00edzhat\u00f3bb meger\u0151s\u00edt\u00e9s tov\u00e1bbra is a terhess\u00e9g 16. \u00e9s 20. hete k\u00f6z\u00f6tt elv\u00e9gzett ultrahangvizsg\u00e1lat.<\/p>\n\n\n\n<h4 class=\"wp-block-heading\"><strong>2. Melyik a legjobb alkalmaz\u00e1s a baba nem\u00e9nek megj\u00f3sol\u00e1s\u00e1ra?<\/strong><\/h4>\n\n\n\n<p>Sz\u00e1mos n\u00e9pszer\u0171 lehet\u0151s\u00e9g l\u00e9tezik. <strong>NUB elm\u00e9leti prediktor<\/strong> Ide\u00e1lis azok sz\u00e1m\u00e1ra, akik ultrahangos k\u00e9peket szeretn\u00e9nek elemezni, mik\u00f6zben <strong>BabyGenerator<\/strong> lehet\u0151v\u00e9 teszi a baba arc\u00e1nak lehets\u00e9ges szimul\u00e1ci\u00f3j\u00e1nak megtekint\u00e9s\u00e9t.<\/p>\n\n\n\n<p>A tudom\u00e1nyos adatokon alapul\u00f3 terhess\u00e9gfigyel\u00e9shez \u00e9s el\u0151rejelz\u00e9sekhez, <strong>BabyCenter<\/strong> \u00e9s <strong>Premom<\/strong> kiv\u00e1l\u00f3 lehet\u0151s\u00e9gek.<\/p>\n\n\n\n<h4 class=\"wp-block-heading\"><strong>3. Mikor kezdhetem el haszn\u00e1lni ezeket az alkalmaz\u00e1sokat?<\/strong><\/h4>\n\n\n\n<p>A terhess\u00e9g alatt b\u00e1rmikor haszn\u00e1lhatod \u0151ket, de a pontoss\u00e1g a st\u00e1diumt\u00f3l f\u00fcgg\u0151en v\u00e1ltozik.<\/p>\n\n\n\n<p>P\u00e9ld\u00e1ul a <strong>Nub-elm\u00e9let<\/strong> A 12. h\u00e9tt\u0151l haszn\u00e1lj\u00e1k, m\u00edg egyes nemi kalkul\u00e1torok, p\u00e9ld\u00e1ul a k\u00ednai nemi k\u00e9plet, m\u00e1r a fogantat\u00e1s el\u0151tt is haszn\u00e1lhat\u00f3k.<\/p>\n\n\n\n<p>Alkalmaz\u00e1sok, mint p\u00e9ld\u00e1ul <strong>Glow AI Tracker<\/strong> m\u00e1r a terhess\u00e9g megtervez\u00e9s\u00e9nek pillanat\u00e1t\u00f3l seg\u00edthet.<\/p>\n\n\n\n<h4 class=\"wp-block-heading\"><strong>4. Biztons\u00e1gos-e alkalmaz\u00e1sokat haszn\u00e1lni az ovul\u00e1ci\u00f3 \u00e9s a terhess\u00e9g nyomon k\u00f6vet\u00e9s\u00e9re?<\/strong><\/h4>\n\n\n\n<p>Igen, a legmegb\u00edzhat\u00f3bb alkalmaz\u00e1sok, mint p\u00e9ld\u00e1ul <strong>Izz\u00e1s<\/strong> \u00e9s <strong>Premom<\/strong>, biztons\u00e1gi \u00e9s adatv\u00e9delmi szabv\u00e1nyoknak megfelel\u0151en lettek tervezve.<\/p>\n\n\n\n<p>Azonban mindig \u00e9rdemes elolvasni az alkalmaz\u00e1s adatv\u00e9delmi ir\u00e1nyelveit, \u00e9s ker\u00fclni a bizalmas szem\u00e9lyes adatok megoszt\u00e1s\u00e1t az alkalmaz\u00e1s adatv\u00e9delmi ir\u00e1nyelveinek \u00e1ttekint\u00e9se n\u00e9lk\u00fcl.<\/p>\n\n\n\n<h4 class=\"wp-block-heading\"><strong>5. Hogyan n\u00f6velhetem az el\u0151rejelz\u00e9sek pontoss\u00e1g\u00e1t?<\/strong><\/h4>\n\n\n\n<p>A jobb el\u0151rejelz\u00e9sek \u00e9rdek\u00e9ben k\u00e9rj\u00fck, adjon meg pontos inform\u00e1ci\u00f3kat a menstru\u00e1ci\u00f3s ciklus\u00e1r\u00f3l \u00e9s a terhess\u00e9g szakasz\u00e1r\u00f3l.<\/p>\n\n\n\n<p>Ha az alkalmaz\u00e1s ultrahangos k\u00e9peket haszn\u00e1l, gy\u0151z\u0151dj\u00f6n meg arr\u00f3l, hogy azok tiszt\u00e1k \u00e9s a nap megfelel\u0151 id\u0151pontj\u00e1ban k\u00e9sz\u00fcltek. Ne feledje azonban, hogy ezek az eszk\u00f6z\u00f6k csak kieg\u00e9sz\u00edt\u0151 jelleg\u0171ek, \u00e9s nem helyettes\u00edtik az orvosi vizsg\u00e1latokat.<\/p>","protected":false},"excerpt":{"rendered":"<p>El embarazo es un momento m\u00e1gico en la vida de muchas familias. Desde los primeros signos, los futuros padres comienzan a imaginar c\u00f3mo ser\u00e1 su beb\u00e9: el color de los ojos, la sonrisa y, por supuesto, si ser\u00e1 un ni\u00f1o o una ni\u00f1a. Equipo de soporte Explora las aplicaciones a continuaci\u00f3n o contacta a nuestro [&hellip;]<\/p>","protected":false},"author":139,"featured_media":8487,"comment_status":"closed","ping_status":"open","sticky":false,"template":"","format":"standard","meta":{"footnotes":""},"categories":[2],"tags":[798,1770,1771,1772,1773],"yoast_head":"<!-- This site is optimized with the Yoast SEO plugin v23.3 - https:\/\/yoast.com\/wordpress\/plugins\/seo\/ -->\n<title>Predicci\u00f3n de G\u00e9nero Infantil F\u00e1cil, \u00a1desc\u00fabrelo! - Universo Fam\u00edlia<\/title>\n<meta name=\"description\" content=\"Predicci\u00f3n de G\u00e9nero Infantil F\u00e1cil, \u00a1desc\u00fabrelo! El embarazo es un momento m\u00e1gico en la vida de muchas familias.....\" \/>\n<meta name=\"robots\" content=\"index, follow, max-snippet:-1, max-image-preview:large, max-video-preview:-1\" \/>\n<link rel=\"canonical\" href=\"http:\/\/universofamilia.com\/hu\/prediccion-de-genero-infantil-facil-descubrelo\/\" \/>\n<meta property=\"og:locale\" content=\"hu_HU\" \/>\n<meta property=\"og:type\" content=\"article\" \/>\n<meta property=\"og:title\" content=\"Predicci\u00f3n de G\u00e9nero Infantil F\u00e1cil, \u00a1desc\u00fabrelo! - Universo Fam\u00edlia\" \/>\n<meta property=\"og:description\" content=\"Predicci\u00f3n de G\u00e9nero Infantil F\u00e1cil, \u00a1desc\u00fabrelo! El embarazo es un momento m\u00e1gico en la vida de muchas familias.....\" \/>\n<meta property=\"og:url\" content=\"http:\/\/universofamilia.com\/hu\/prediccion-de-genero-infantil-facil-descubrelo\/\" \/>\n<meta property=\"og:site_name\" content=\"Universo Fam\u00edlia\" \/>\n<meta property=\"article:published_time\" content=\"2025-01-29T19:03:23+00:00\" \/>\n<meta property=\"article:modified_time\" content=\"2025-01-29T19:03:25+00:00\" \/>\n<meta property=\"og:image\" content=\"http:\/\/universofamilia.com\/wp-content\/uploads\/sites\/148\/2025\/01\/DESTAQUE-UNIVERSO-550-x-350-2-5.jpg\" \/>\n\t<meta property=\"og:image:width\" content=\"550\" \/>\n\t<meta property=\"og:image:height\" content=\"350\" \/>\n\t<meta property=\"og:image:type\" content=\"image\/jpeg\" \/>\n<meta name=\"author\" content=\"Pedro Henrique\" \/>\n<meta name=\"twitter:card\" content=\"summary_large_image\" \/>\n<meta name=\"twitter:label1\" content=\"Written by\" \/>\n\t<meta name=\"twitter:data1\" content=\"Pedro Henrique\" \/>\n\t<meta name=\"twitter:label2\" content=\"Est. reading time\" \/>\n\t<meta name=\"twitter:data2\" content=\"7 perc\" \/>\n<script type=\"application\/ld+json\" class=\"yoast-schema-graph\">{\"@context\":\"https:\/\/schema.org\",\"@graph\":[{\"@type\":\"WebPage\",\"@id\":\"http:\/\/universofamilia.com\/ru\/prediccion-de-genero-infantil-facil-descubrelo\/\",\"url\":\"http:\/\/universofamilia.com\/ru\/prediccion-de-genero-infantil-facil-descubrelo\/\",\"name\":\"Predicci\u00f3n de G\u00e9nero Infantil F\u00e1cil, \u00a1desc\u00fabrelo! - Universo Fam\u00edlia\",\"isPartOf\":{\"@id\":\"https:\/\/universofamilia.com\/el\/#website\"},\"primaryImageOfPage\":{\"@id\":\"http:\/\/universofamilia.com\/ru\/prediccion-de-genero-infantil-facil-descubrelo\/#primaryimage\"},\"image\":{\"@id\":\"http:\/\/universofamilia.com\/ru\/prediccion-de-genero-infantil-facil-descubrelo\/#primaryimage\"},\"thumbnailUrl\":\"https:\/\/universofamilia.com\/wp-content\/uploads\/sites\/148\/2025\/01\/DESTAQUE-UNIVERSO-550-x-350-2-5.jpg\",\"datePublished\":\"2025-01-29T19:03:23+00:00\",\"dateModified\":\"2025-01-29T19:03:25+00:00\",\"author\":{\"@id\":\"https:\/\/universofamilia.com\/el\/#\/schema\/person\/f07ce98187dd84d31154262e79b3b7ca\"},\"description\":\"Predicci\u00f3n de G\u00e9nero Infantil F\u00e1cil, \u00a1desc\u00fabrelo! El embarazo es un momento m\u00e1gico en la vida de muchas familias.....\",\"breadcrumb\":{\"@id\":\"http:\/\/universofamilia.com\/ru\/prediccion-de-genero-infantil-facil-descubrelo\/#breadcrumb\"},\"inLanguage\":\"hu\",\"potentialAction\":[{\"@type\":\"ReadAction\",\"target\":[\"http:\/\/universofamilia.com\/ru\/prediccion-de-genero-infantil-facil-descubrelo\/\"]}]},{\"@type\":\"ImageObject\",\"inLanguage\":\"hu\",\"@id\":\"http:\/\/universofamilia.com\/ru\/prediccion-de-genero-infantil-facil-descubrelo\/#primaryimage\",\"url\":\"https:\/\/universofamilia.com\/wp-content\/uploads\/sites\/148\/2025\/01\/DESTAQUE-UNIVERSO-550-x-350-2-5.jpg\",\"contentUrl\":\"https:\/\/universofamilia.com\/wp-content\/uploads\/sites\/148\/2025\/01\/DESTAQUE-UNIVERSO-550-x-350-2-5.jpg\",\"width\":550,\"height\":350,\"caption\":\"Predicci\u00f3n de G\u00e9nero Infantil F\u00e1cil, \u00a1desc\u00fabrelo!\"},{\"@type\":\"BreadcrumbList\",\"@id\":\"http:\/\/universofamilia.com\/ru\/prediccion-de-genero-infantil-facil-descubrelo\/#breadcrumb\",\"itemListElement\":[{\"@type\":\"ListItem\",\"position\":1,\"name\":\"Home\",\"item\":\"https:\/\/universofamilia.com\/el\/\"},{\"@type\":\"ListItem\",\"position\":2,\"name\":\"Predicci\u00f3n de G\u00e9nero Infantil F\u00e1cil, \u00a1desc\u00fabrelo!\"}]},{\"@type\":\"WebSite\",\"@id\":\"https:\/\/universofamilia.com\/el\/#website\",\"url\":\"https:\/\/universofamilia.com\/el\/\",\"name\":\"Universo Fam\u00edlia\",\"description\":\"\",\"potentialAction\":[{\"@type\":\"SearchAction\",\"target\":{\"@type\":\"EntryPoint\",\"urlTemplate\":\"https:\/\/universofamilia.com\/el\/?s={search_term_string}\"},\"query-input\":\"required name=search_term_string\"}],\"inLanguage\":\"hu\"},{\"@type\":\"Person\",\"@id\":\"https:\/\/universofamilia.com\/el\/#\/schema\/person\/f07ce98187dd84d31154262e79b3b7ca\",\"name\":\"Pedro Henrique\",\"image\":{\"@type\":\"ImageObject\",\"inLanguage\":\"hu\",\"@id\":\"https:\/\/universofamilia.com\/el\/#\/schema\/person\/image\/\",\"url\":\"https:\/\/secure.gravatar.com\/avatar\/9edfeb808cb4e1599f64d6e45b130154?s=96&d=mm&r=g\",\"contentUrl\":\"https:\/\/secure.gravatar.com\/avatar\/9edfeb808cb4e1599f64d6e45b130154?s=96&d=mm&r=g\",\"caption\":\"Pedro Henrique\"},\"url\":\"https:\/\/universofamilia.com\/hu\/author\/editor01\/\"}]}<\/script>\n<!-- \/ Yoast SEO plugin. -->","yoast_head_json":{"title":"Predicci\u00f3n de G\u00e9nero Infantil F\u00e1cil, \u00a1desc\u00fabrelo! - Universo Fam\u00edlia","description":"Predicci\u00f3n de G\u00e9nero Infantil F\u00e1cil, \u00a1desc\u00fabrelo! El embarazo es un momento m\u00e1gico en la vida de muchas familias.....","robots":{"index":"index","follow":"follow","max-snippet":"max-snippet:-1","max-image-preview":"max-image-preview:large","max-video-preview":"max-video-preview:-1"},"canonical":"http:\/\/universofamilia.com\/hu\/prediccion-de-genero-infantil-facil-descubrelo\/","og_locale":"hu_HU","og_type":"article","og_title":"Predicci\u00f3n de G\u00e9nero Infantil F\u00e1cil, \u00a1desc\u00fabrelo! - Universo Fam\u00edlia","og_description":"Predicci\u00f3n de G\u00e9nero Infantil F\u00e1cil, \u00a1desc\u00fabrelo! El embarazo es un momento m\u00e1gico en la vida de muchas familias.....","og_url":"http:\/\/universofamilia.com\/hu\/prediccion-de-genero-infantil-facil-descubrelo\/","og_site_name":"Universo Fam\u00edlia","article_published_time":"2025-01-29T19:03:23+00:00","article_modified_time":"2025-01-29T19:03:25+00:00","og_image":[{"width":550,"height":350,"url":"http:\/\/universofamilia.com\/wp-content\/uploads\/sites\/148\/2025\/01\/DESTAQUE-UNIVERSO-550-x-350-2-5.jpg","type":"image\/jpeg"}],"author":"Pedro Henrique","twitter_card":"summary_large_image","twitter_misc":{"Written by":"Pedro Henrique","Est. reading time":"7 perc"},"schema":{"@context":"https:\/\/schema.org","@graph":[{"@type":"WebPage","@id":"http:\/\/universofamilia.com\/ru\/prediccion-de-genero-infantil-facil-descubrelo\/","url":"http:\/\/universofamilia.com\/ru\/prediccion-de-genero-infantil-facil-descubrelo\/","name":"Predicci\u00f3n de G\u00e9nero Infantil F\u00e1cil, \u00a1desc\u00fabrelo! - Universo Fam\u00edlia","isPartOf":{"@id":"https:\/\/universofamilia.com\/el\/#website"},"primaryImageOfPage":{"@id":"http:\/\/universofamilia.com\/ru\/prediccion-de-genero-infantil-facil-descubrelo\/#primaryimage"},"image":{"@id":"http:\/\/universofamilia.com\/ru\/prediccion-de-genero-infantil-facil-descubrelo\/#primaryimage"},"thumbnailUrl":"https:\/\/universofamilia.com\/wp-content\/uploads\/sites\/148\/2025\/01\/DESTAQUE-UNIVERSO-550-x-350-2-5.jpg","datePublished":"2025-01-29T19:03:23+00:00","dateModified":"2025-01-29T19:03:25+00:00","author":{"@id":"https:\/\/universofamilia.com\/el\/#\/schema\/person\/f07ce98187dd84d31154262e79b3b7ca"},"description":"Predicci\u00f3n de G\u00e9nero Infantil F\u00e1cil, \u00a1desc\u00fabrelo! El embarazo es un momento m\u00e1gico en la vida de muchas familias.....","breadcrumb":{"@id":"http:\/\/universofamilia.com\/ru\/prediccion-de-genero-infantil-facil-descubrelo\/#breadcrumb"},"inLanguage":"hu","potentialAction":[{"@type":"ReadAction","target":["http:\/\/universofamilia.com\/ru\/prediccion-de-genero-infantil-facil-descubrelo\/"]}]},{"@type":"ImageObject","inLanguage":"hu","@id":"http:\/\/universofamilia.com\/ru\/prediccion-de-genero-infantil-facil-descubrelo\/#primaryimage","url":"https:\/\/universofamilia.com\/wp-content\/uploads\/sites\/148\/2025\/01\/DESTAQUE-UNIVERSO-550-x-350-2-5.jpg","contentUrl":"https:\/\/universofamilia.com\/wp-content\/uploads\/sites\/148\/2025\/01\/DESTAQUE-UNIVERSO-550-x-350-2-5.jpg","width":550,"height":350,"caption":"Predicci\u00f3n de G\u00e9nero Infantil F\u00e1cil, \u00a1desc\u00fabrelo!"},{"@type":"BreadcrumbList","@id":"http:\/\/universofamilia.com\/ru\/prediccion-de-genero-infantil-facil-descubrelo\/#breadcrumb","itemListElement":[{"@type":"ListItem","position":1,"name":"Home","item":"https:\/\/universofamilia.com\/el\/"},{"@type":"ListItem","position":2,"name":"Predicci\u00f3n de G\u00e9nero Infantil F\u00e1cil, \u00a1desc\u00fabrelo!"}]},{"@type":"WebSite","@id":"https:\/\/universofamilia.com\/el\/#website","url":"https:\/\/universofamilia.com\/el\/","name":"Universo Fam\u00edlia","description":"","potentialAction":[{"@type":"SearchAction","target":{"@type":"EntryPoint","urlTemplate":"https:\/\/universofamilia.com\/el\/?s={search_term_string}"},"query-input":"required name=search_term_string"}],"inLanguage":"hu"},{"@type":"Person","@id":"https:\/\/universofamilia.com\/el\/#\/schema\/person\/f07ce98187dd84d31154262e79b3b7ca","name":"Pedro Henrique","image":{"@type":"ImageObject","inLanguage":"hu","@id":"https:\/\/universofamilia.com\/el\/#\/schema\/person\/image\/","url":"https:\/\/secure.gravatar.com\/avatar\/9edfeb808cb4e1599f64d6e45b130154?s=96&d=mm&r=g","contentUrl":"https:\/\/secure.gravatar.com\/avatar\/9edfeb808cb4e1599f64d6e45b130154?s=96&d=mm&r=g","caption":"Pedro Henrique"},"url":"https:\/\/universofamilia.com\/hu\/author\/editor01\/"}]}},"_links":{"self":[{"href":"https:\/\/universofamilia.com\/hu\/wp-json\/wp\/v2\/posts\/8486"}],"collection":[{"href":"https:\/\/universofamilia.com\/hu\/wp-json\/wp\/v2\/posts"}],"about":[{"href":"https:\/\/universofamilia.com\/hu\/wp-json\/wp\/v2\/types\/post"}],"author":[{"embeddable":true,"href":"https:\/\/universofamilia.com\/hu\/wp-json\/wp\/v2\/users\/139"}],"replies":[{"embeddable":true,"href":"https:\/\/universofamilia.com\/hu\/wp-json\/wp\/v2\/comments?post=8486"}],"version-history":[{"count":1,"href":"https:\/\/universofamilia.com\/hu\/wp-json\/wp\/v2\/posts\/8486\/revisions"}],"predecessor-version":[{"id":8488,"href":"https:\/\/universofamilia.com\/hu\/wp-json\/wp\/v2\/posts\/8486\/revisions\/8488"}],"wp:featuredmedia":[{"embeddable":true,"href":"https:\/\/universofamilia.com\/hu\/wp-json\/wp\/v2\/media\/8487"}],"wp:attachment":[{"href":"https:\/\/universofamilia.com\/hu\/wp-json\/wp\/v2\/media?parent=8486"}],"wp:term":[{"taxonomy":"category","embeddable":true,"href":"https:\/\/universofamilia.com\/hu\/wp-json\/wp\/v2\/categories?post=8486"},{"taxonomy":"post_tag","embeddable":true,"href":"https:\/\/universofamilia.com\/hu\/wp-json\/wp\/v2\/tags?post=8486"}],"curies":[{"name":"wp","href":"https:\/\/api.w.org\/{rel}","templated":true}]}}