{"id":8489,"date":"2025-01-29T20:16:42","date_gmt":"2025-01-29T20:16:42","guid":{"rendered":"http:\/\/universofamilia.com\/?p=8489"},"modified":"2025-01-30T18:28:16","modified_gmt":"2025-01-30T18:28:16","slug":"descubre-como-seras-en-la-vejez","status":"publish","type":"post","link":"https:\/\/universofamilia.com\/hu\/descubre-como-seras-en-la-vejez\/","title":{"rendered":"Fedezd fel, milyen leszel \u00f6regkorodban"},"content":{"rendered":"<p>Elgondolkodt\u00e1l m\u00e1r azon, hogy vajon hogyan fogsz kin\u00e9zni, ha id\u0151sebb leszel?<\/p>\n\n\n\n<p>A mai technol\u00f3gi\u00e1nak k\u00f6sz\u00f6nhet\u0151en m\u00e1r k\u00e9pet kaphatunk arr\u00f3l, hogyan v\u00e1ltozik az arcunk az \u00e9vek sor\u00e1n.<\/p>\n\n\n\n<p>Vannak olyan alkalmaz\u00e1sok, amelyek mesters\u00e9ges intelligenci\u00e1t haszn\u00e1lnak az \u00f6reged\u00e9s szimul\u00e1l\u00e1s\u00e1ra, lehet\u0151v\u00e9 t\u00e9ve, hogy egy id\u0151sebb verzi\u00f3dat l\u00e1sd. Nem csod\u00e1latos?<\/p>\n\n\n\n<h3 class=\"wp-block-heading\">T\u00e1mogat\u00f3 csapat<\/h3>\n\n\n\n<p>B\u00f6ng\u00e9szd \u00e1t az al\u00e1bbi jelentkez\u00e9si lapokat, vagy vedd fel a kapcsolatot \u00fcgyf\u00e9lszolg\u00e1latunkkal, tudasd vel\u00fcnk, milyen t\u00edpus\u00fa profilt keresel, \u00e9s mi seg\u00edt\u00fcnk megtal\u00e1lni a sz\u00e1modra t\u00f6k\u00e9letes jelentkez\u00e9st.<\/p>\n\n\n    <section class=\"mx-1 my-10\">\n                                                <a href=\"https:\/\/www.messenger.com\/login.php?next=https%3A%2F%2Fwww.messenger.com%2Ft%2F110263563681990%2F%3Fref%3Dw30174560--utm_campaign%253D%257B%257Badset.id%257D%257D%26messaging_source%3Dsource%253Apages%253Amessage_shortlink%26source_id%3D1441792%26recurring_notification%3D0\" class=\"text-white\" data-analytics-label=\"optionsButton\"\n                    data-action=\"analytics#trackCTA\">\n                    <div data-options-target=\"option\"\n                        class=\"custom-section rounded-xl border p-3 shadow-md w-full bg-green-700 my-3\">\n                        <div class=\"flex w-full items-center justify-between\">\n                            <div class=\"flex items-center space-x-3\">\n                                <div class=\"text-lg font-bold\">\n                                    Besz\u00e9lget\u00e9s ind\u00edt\u00e1sa \u279d\n                                <\/div>\n                            <\/div>\n                        <\/div>\n                    <\/div>\n                <\/a>\n                            <p class=\"text-xs text-gray-500 text-right\"\n            style=\"margin-left: 50%; margin-bottom: 50px; margin-top: 5px;\">\n            <!-- You will be redirected to another website -->\n        <\/p>\n    <\/section>\n\n\n\n\n<h2 class=\"wp-block-heading\">Hogyan m\u0171k\u00f6dnek az \u00f6reged\u0151 alkalmaz\u00e1sok?<\/h2>\n\n\n\n<p>Ezek az alkalmaz\u00e1sok fejlett mesters\u00e9ges intelligencia algoritmusokat haszn\u00e1lnak a f\u00e9nyk\u00e9pek digit\u00e1lis m\u00f3dos\u00edt\u00e1s\u00e1ra \u00e9s az \u00f6reged\u00e9s szimul\u00e1l\u00e1s\u00e1ra.<\/p>\n\n\n\n<p>Olyan arcvon\u00e1sokat elemeznek, mint a r\u00e1ncok, a b\u0151r text\u00far\u00e1ja, a haj pigment\u00e1ci\u00f3j\u00e1nak v\u00e1ltoz\u00e1sai \u00e9s az \u00f6reged\u00e9s egy\u00e9b gyakori jelei.<\/p>\n\n\n\n<p>A mesters\u00e9ges intelligencia ezeket a v\u00e1ltoz\u00e1sokat \u00f6sszehasonl\u00edtja a hatalmas adatb\u00e1zisokkal, \u00e9s hihetetlen\u00fcl realisztikus el\u0151rejelz\u00e9seket k\u00e9sz\u00edt.<\/p>\n\n\n\n<h2 class=\"wp-block-heading\">Mi\u00e9rt szeretik az emberek ezeket az alkalmaz\u00e1sokat kipr\u00f3b\u00e1lni?<\/h2>\n\n\n\n<p>A k\u00edv\u00e1ncsis\u00e1g az egyik f\u0151 oka annak, hogy ezek az alkalmaz\u00e1sok ilyen n\u00e9pszer\u0171ek.<\/p>\n\n\n\n<p>Sokan szeretn\u00e9k tudni, hogy fognak kin\u00e9zni a j\u00f6v\u0151ben, ak\u00e1r sz\u00f3rakoz\u00e1sb\u00f3l, ak\u00e1r a k\u00f6z\u00f6ss\u00e9gi m\u00e9di\u00e1ban val\u00f3 megoszt\u00e1s c\u00e9lj\u00e1b\u00f3l, vagy ak\u00e1r m\u0171v\u00e9szi c\u00e9lb\u00f3l.<\/p>\n\n\n\n<p>Ezenk\u00edv\u00fcl a technol\u00f3gia lehet\u0151v\u00e9 teszi sz\u00e1munkra, hogy k\u00fcl\u00f6nb\u00f6z\u0151 \u00e9letst\u00edlusokat tapasztaljunk meg, \u00e9s megj\u00f3soljuk, hogyan befoly\u00e1solhatja az \u00f6reged\u00e9s a megjelen\u00e9s\u00fcnket.<\/p>\n\n\n\n<p><\/p>\n\n\n\n<hr class=\"wp-block-separator has-alpha-channel-opacity is-style-wide\" \/>\n\n\n\n<h5 class=\"wp-block-heading has-text-align-center\"><strong>Mit szeretn\u00e9l csin\u00e1lni?<\/strong><\/h5>\n\n\n    <section class=\"mx-1 my-10\">\n                                                <div data-options-target=\"option\" class=\"custom-section rounded-xl border p-3 shadow-md w-full bg-green-700 my-3\">\n                    <div class=\"flex w-full items-center justify-between\">\n                        <div class=\"flex items-center space-x-3\">\n                            <div class=\"text-lg font-bold\">\n                                Tanulj meg git\u00e1rozni                            <\/div>\n                        <\/div>\n                        <div class=\"flex items-center space-x-8\">\n                            <a href=\"https:\/\/universofamilia.com\/hu\/aprende-a-tocar-guitarra-con-simply-guitar\/\"\n                                class=\"custom-cta rounded-2xl border bg-green-800 hover:bg-green-900 px-3 py-1 text-xs font-semibold\"\n                                data-analytics-label=\"optionsButton\" data-action=\"analytics#trackCTA\">\n                                Kattints ide \u279d\n                            <\/a>\n                        <\/div>\n                    <\/div>\n                <\/div>\n                                                            <div data-options-target=\"option\" class=\"custom-section rounded-xl border p-3 shadow-md w-full bg-green-700 my-3\">\n                    <div class=\"flex w-full items-center justify-between\">\n                        <div class=\"flex items-center space-x-3\">\n                            <div class=\"text-lg font-bold\">\n                                \u00daj ingyenes GPS-alkalmaz\u00e1sok 2025-ben                            <\/div>\n                        <\/div>\n                        <div class=\"flex items-center space-x-8\">\n                            <a href=\"https:\/\/universofamilia.com\/hu\/nuevas-aplicaciones-gps-gratis-2025\/\"\n                                class=\"custom-cta rounded-2xl border bg-green-800 hover:bg-green-900 px-3 py-1 text-xs font-semibold\"\n                                data-analytics-label=\"optionsButton\" data-action=\"analytics#trackCTA\">\n                                Kattints ide \u279d\n                            <\/a>\n                        <\/div>\n                    <\/div>\n                <\/div>\n                                                            <div data-options-target=\"option\" class=\"custom-section rounded-xl border p-3 shadow-md w-full bg-green-700 my-3\">\n                    <div class=\"flex w-full items-center justify-between\">\n                        <div class=\"flex items-center space-x-3\">\n                            <div class=\"text-lg font-bold\">\n                                A legjobb alkalmaz\u00e1sok n\u0151k megismer\u00e9s\u00e9re                            <\/div>\n                        <\/div>\n                        <div class=\"flex items-center space-x-8\">\n                            <a href=\"https:\/\/universofamilia.com\/hu\/mejores-apps-para-conocer-a-una-mujer\/\"\n                                class=\"custom-cta rounded-2xl border bg-green-800 hover:bg-green-900 px-3 py-1 text-xs font-semibold\"\n                                data-analytics-label=\"optionsButton\" data-action=\"analytics#trackCTA\">\n                                Kattints ide \u279d\n                            <\/a>\n                        <\/div>\n                    <\/div>\n                <\/div>\n                            <p class=\"text-xs text-gray-500 text-right hidden\"\n            style=\"margin-left: 50%; margin-bottom: 50px; margin-top: 5px;\">\n            <!-- You will be redirected to another website -->\n        <\/p>\n    <\/section>\n\n\n\n\n<p class=\"has-text-align-right\"><em><strong><em><strong><em><strong><em><strong><em><strong>Olvass tov\u00e1bb!<\/strong><\/em><\/strong><\/em><\/strong><\/em><\/strong><\/em><\/strong><\/em><\/p>\n\n\n\n<hr class=\"wp-block-separator has-alpha-channel-opacity is-style-wide\" \/>\n\n\n\n<p><\/p>\n\n\n\n<h2 class=\"wp-block-heading\">FaceApp: A legteljesebb arcszerkeszt\u0151<\/h2>\n\n\n\n<h3 class=\"wp-block-heading\">F\u0151bb jellemz\u0151k<\/h3>\n\n\n\n<ul>\n<li>Realisztikus \u00f6reged\u00e9si sz\u0171r\u0151<\/li>\n\n\n\n<li>Az arckifejez\u00e9sek v\u00e1ltoz\u00e1sa<\/li>\n\n\n\n<li>Nem m\u00f3dos\u00edt\u00e1sa<\/li>\n\n\n\n<li>Frizura \u00e9s hajsz\u00edn korrekci\u00f3<\/li>\n\n\n\n<li>Teljes szelfi szerkeszt\u00e9s<\/li>\n<\/ul>\n\n\n\n<h3 class=\"wp-block-heading\">FaceApp differenci\u00e1lok<\/h3>\n\n\n\n<p>A FaceApp az egyik legn\u00e9pszer\u0171bb alkalmaz\u00e1s a piacon, amely rendk\u00edv\u00fcl realisztikus \u00e1talakul\u00e1sok l\u00e9trehoz\u00e1s\u00e1nak k\u00e9pess\u00e9g\u00e9r\u0151l ismert.<\/p>\n\n\n\n<p>Nemcsak a fot\u00f3k \u00f6reg\u00edt\u00e9s\u00e9t, hanem a megfiatal\u00edt\u00e1s\u00e1t, a frizur\u00e1k \u00e9s sz\u00ednek megv\u00e1ltoztat\u00e1s\u00e1t, s\u0151t, digit\u00e1lis smink hozz\u00e1ad\u00e1s\u00e1t is lehet\u0151v\u00e9 teszi.<\/p>\n\n\n\n<h3 class=\"wp-block-heading\">Hogyan kell haszn\u00e1lni a FaceApp-ot<\/h3>\n\n\n\n<ol>\n<li>T\u00f6ltsd le \u00e9s telep\u00edtsd a FaceApp alkalmaz\u00e1st a Google Playr\u0151l vagy az Apple Store-b\u00f3l.<\/li>\n\n\n\n<li>Nyisd meg az alkalmaz\u00e1st, \u00e9s adj enged\u00e9lyt a fot\u00f3gal\u00e9ri\u00e1d el\u00e9r\u00e9s\u00e9hez.<\/li>\n\n\n\n<li>V\u00e1lassz egy fot\u00f3t, vagy k\u00e9sz\u00edts egy \u00fajat.<\/li>\n\n\n\n<li>V\u00e1laszd ki az \u00f6reged\u00e9si sz\u0171r\u0151t, \u00e9s n\u00e9zd meg az \u00e1talakul\u00e1st.<\/li>\n\n\n\n<li>Ment\u00e9s \u00e9s megoszt\u00e1s a k\u00f6z\u00f6ss\u00e9gi h\u00e1l\u00f3zatokon.<\/li>\n<\/ol>\n\n\n\n    <div class=\"d-sm-block py-3 mx-auto px-3 mb-3\"\n        style=\"border-top: 1px solid rgb(204, 204, 204); border-bottom: 1px solid rgb(204, 204, 204);\">\n        <div class=\"text-center mb-4\">\n            <h6 class=\"pt-3 text-center text-gray-900 text-2xl title-font font-medium mb-12\">ALKALMAZ\u00c1S<\/h6>\n        <\/div>\n        <div class=\"row\">\n            <div class=\"col-lg-5 col-md-5 col-sm-12 mb-4 mb-lg-0\">\n                <img decoding=\"async\" alt=\"k\u00e1rtya\" style=\"height: 190px; object-fit: cover;\"\n                    class=\"w-100 h-100 object-cover object-center rounded border\" src=\"http:\/\/universofamilia.com\/wp-content\/uploads\/sites\/148\/2025\/01\/POST-PARA-APP-ARTIGO-2-5.jpg\">\n            <\/div>\n            <div class=\"col-lg-7 col-md-7 col-sm-12 d-flex flex-column justify-content-between\">\n                <h3 class=\"text-gray-900 text-3xl title-font font-medium mb-1\">FaceApp<\/h3>\n\n                                    <div class=\"flex\">\n                                                    <span\n                                class=\"inline-block mx-2 py-1 mx-2 rounded text-xs font-medium tracking-widest text-uppercase mr-2 bg-green-50 text-green-700\">ARC \u00d6REGED\u00c9S SZERKESZT\u0150<\/span>\n                                            <\/div>\n                                <div class=\"d-block text-justify py-3\">A FaceApp a vil\u00e1g egyik legn\u00e9pszer\u0171bb arcszerkeszt\u0151 alkalmaz\u00e1sa. A fejlett mesters\u00e9ges intelligencia \u00e1ltal m\u0171k\u00f6dtetve lehet\u0151v\u00e9 teszi az arc \u00f6reg\u00edt\u00e9s\u00e9t, megfiatal\u00edt\u00e1s\u00e1t, a hajsz\u00edn megv\u00e1ltoztat\u00e1s\u00e1t \u00e9s realisztikus arcsz\u0171r\u0151k alkalmaz\u00e1s\u00e1t. T\u00f6ltsd le most, \u00e9s alak\u00edtsd \u00e1t a k\u00e9pedet egyetlen kattint\u00e1ssal.<\/div>\n                <div class=\"mt-auto d-flex flex-column align-items-end\">\n                    <a class=\"d-inline-block text-center text-white border-0 py-2 px-8 text-lg focus:outline-none rounded bg-green-700 hover:bg-green-800 btn-block\"\n                        href=\"https:\/\/play.google.com\/store\/apps\/details?id=io.faceapp&#038;hl=pt_BR\"                         data-analytics-label=\"landingPageFirstButton\" data-action=\"analytics#trackCTA\">\n                        Alkalmaz\u00e1s let\u00f6lt\u00e9se                    <\/a>\n                                            <div class=\"text-xs text-muted mt-3 d-block col-12 text-center\">\u00c1tir\u00e1ny\u00edtunk egy m\u00e1sik webhelyre<\/div>\n                                    <\/div>\n            <\/div>\n        <\/div>\n    <\/div>\n\n\n\n<h2 class=\"wp-block-heading\">Oldify: Sz\u00f3rakoztat\u00f3 \u00f6reged\u00e9si szimul\u00e1ci\u00f3<\/h2>\n\n\n\n<h3 class=\"wp-block-heading\">F\u0151bb jellemz\u0151k<\/h3>\n\n\n\n<ul>\n<li>Dinamikus \u00f6reged\u00e9si hat\u00e1s<\/li>\n\n\n\n<li>\u00d6reged\u0151 arckifejez\u00e9sek anim\u00e1ci\u00f3ja<\/li>\n\n\n\n<li>Lehet\u0151s\u00e9g vicces effektek hozz\u00e1ad\u00e1s\u00e1ra<\/li>\n\n\n\n<li>K\u00f6zvetlen megoszt\u00e1s a k\u00f6z\u00f6ss\u00e9gi h\u00e1l\u00f3zatokon<\/li>\n<\/ul>\n\n\n\n<h3 class=\"wp-block-heading\">Oldify differenci\u00e1lok<\/h3>\n\n\n\n<p>M\u00e1s alkalmaz\u00e1sokkal ellent\u00e9tben az Oldify nem csak statikus \u00f6reged\u00e9si sz\u0171r\u0151t alkalmaz, hanem arc anim\u00e1ci\u00f3kat is l\u00e9trehoz.<\/p>\n\n\n\n<p>Ez azt jelenti, hogy amikor \u00e1thelyezed az \u00f6reg fot\u00f3dat, l\u00e1thatod a pislog\u00f3 szemeidet \u00e9s a v\u00e1ltoz\u00f3 arckifejez\u00e9seidet, ami extra realizmust ad a k\u00e9pnek.<\/p>\n\n\n\n<h3 class=\"wp-block-heading\">Hogyan kell haszn\u00e1lni az Oldify-t?<\/h3>\n\n\n\n<ol>\n<li>Telep\u00edtse az Oldify alkalmaz\u00e1st a Google Playr\u0151l vagy az Apple Store-b\u00f3l.<\/li>\n\n\n\n<li>Nyisd meg az alkalmaz\u00e1st, \u00e9s v\u00e1lassz ki egy fot\u00f3t.<\/li>\n\n\n\n<li>V\u00e1lassza ki az \u00f6reged\u00e9si hat\u00e1st.<\/li>\n\n\n\n<li>Adj hozz\u00e1 anim\u00e1ci\u00f3kat, \u00e9s \u00e9lvezd, ahogy az arckifejez\u00e9sek \u00e9letre kelnek.<\/li>\n\n\n\n<li>Oszd meg alkot\u00e1sodat bar\u00e1taiddal.<\/li>\n<\/ol>\n\n\n\n    <div class=\"d-sm-block py-3 mx-auto px-3 mb-3\"\n        style=\"border-top: 1px solid rgb(204, 204, 204); border-bottom: 1px solid rgb(204, 204, 204);\">\n        <div class=\"text-center mb-4\">\n            <h6 class=\"pt-3 text-center text-gray-900 text-2xl title-font font-medium mb-12\">ALKALMAZ\u00c1S<\/h6>\n        <\/div>\n        <div class=\"row\">\n            <div class=\"col-lg-5 col-md-5 col-sm-12 mb-4 mb-lg-0\">\n                <img decoding=\"async\" alt=\"k\u00e1rtya\" style=\"height: 190px; object-fit: cover;\"\n                    class=\"w-100 h-100 object-cover object-center rounded border\" src=\"http:\/\/universofamilia.com\/wp-content\/uploads\/sites\/148\/2025\/01\/POST-PARA-APP-ARTIGO-3-3.jpg\">\n            <\/div>\n            <div class=\"col-lg-7 col-md-7 col-sm-12 d-flex flex-column justify-content-between\">\n                <h3 class=\"text-gray-900 text-3xl title-font font-medium mb-1\">Oldify<\/h3>\n\n                                    <div class=\"flex\">\n                                                    <span\n                                class=\"inline-block mx-2 py-1 mx-2 rounded text-xs font-medium tracking-widest text-uppercase mr-2 bg-green-50 text-green-700\">OTO FUN R\u00c9GI HAT\u00c1S<\/span>\n                                            <\/div>\n                                <div class=\"d-block text-justify py-3\">Az Oldify egy sz\u00f3rakoztat\u00f3 alkalmaz\u00e1s, amellyel l\u00e1thatod, hogyan fogsz kin\u00e9zni a j\u00f6v\u0151ben. Val\u00f3s\u00e1gh\u0171 anim\u00e1ci\u00f3kkal \u00e1talak\u00edtja az arcodat, \u00e9s dinamikusan \u00f6reged\u0151 arckifejez\u00e9seket ad hozz\u00e1. Oszd meg az eredm\u00e9nyt a k\u00f6z\u00f6ss\u00e9gi m\u00e9di\u00e1ban, \u00e9s \u00e9rezd j\u00f3l magad, mik\u00f6zben l\u00e1tod, hogyan fogsz v\u00e1ltozni az \u00e9vek sor\u00e1n.<\/div>\n                <div class=\"mt-auto d-flex flex-column align-items-end\">\n                    <a class=\"d-inline-block text-center text-white border-0 py-2 px-8 text-lg focus:outline-none rounded bg-green-700 hover:bg-green-800 btn-block\"\n                        href=\"https:\/\/play.google.com\/store\/apps\/details?id=com.phuocly.MakeMeOld&#038;hl=pt_BR\"                         data-analytics-label=\"landingPageFirstButton\" data-action=\"analytics#trackCTA\">\n                        Alkalmaz\u00e1s let\u00f6lt\u00e9se                    <\/a>\n                                            <div class=\"text-xs text-muted mt-3 d-block col-12 text-center\">\u00c1tir\u00e1ny\u00edtunk egy m\u00e1sik webhelyre<\/div>\n                                    <\/div>\n            <\/div>\n        <\/div>\n    <\/div>\n\n\n\n<h2 class=\"wp-block-heading\">FaceLab: A mesters\u00e9ges intelligencia pontoss\u00e1ga<\/h2>\n\n\n\n<h3 class=\"wp-block-heading\">F\u0151bb jellemz\u0151k<\/h3>\n\n\n\n<ul>\n<li>Realisztikus \u00f6reged\u00e9s mesters\u00e9ges intelligenci\u00e1val<\/li>\n\n\n\n<li>Nemv\u00e1lt\u00e1s<\/li>\n\n\n\n<li>Fiatal\u00edt\u00f3 sz\u0171r\u0151k<\/li>\n\n\n\n<li>Az arckifejez\u00e9sek m\u00f3dos\u00edt\u00e1sa<\/li>\n<\/ul>\n\n\n\n<h3 class=\"wp-block-heading\">FaceLab differenci\u00e1lm\u0171vek<\/h3>\n\n\n\n<p>A FaceLab az egyik legfejlettebb technol\u00f3giai alkalmaz\u00e1s. Mesters\u00e9ges intelligencia seg\u00edts\u00e9g\u00e9vel hihetetlen\u00fcl r\u00e9szletes arc\u00f6reged\u00e9s-el\u0151rejelz\u00e9seket k\u00e9sz\u00edt.<\/p>\n\n\n\n<p>M\u00e1s, egyszer\u0171en sz\u0171r\u0151t alkalmaz\u00f3 alkalmaz\u00e1sokkal ellent\u00e9tben a FaceLab olyan t\u00e9nyez\u0151k alapj\u00e1n m\u00f3dos\u00edtja a f\u00e9nyk\u00e9peket, mint a csontszerkezet \u00e9s a szem\u00e9ly term\u00e9szetes arckifejez\u00e9se.<\/p>\n\n\n\n<h3 class=\"wp-block-heading\">Hogyan kell haszn\u00e1lni a FaceLab-ot<\/h3>\n\n\n\n<ol>\n<li>T\u00f6ltsd le \u00e9s telep\u00edtsd a FaceLab-ot.<\/li>\n\n\n\n<li>V\u00e1lasszon ki egy fot\u00f3t a sz\u0171r\u0151k alkalmaz\u00e1s\u00e1hoz.<\/li>\n\n\n\n<li>V\u00e1laszd ki a k\u00edv\u00e1nt effektust, \u00e9s figyeld az \u00e1talakul\u00e1sokat val\u00f3s id\u0151ben.<\/li>\n\n\n\n<li>Mentsd el \u00e9s oszd meg a szerkesztett k\u00e9pedet.<\/li>\n<\/ol>\n\n\n\n    <div class=\"d-sm-block py-3 mx-auto px-3 mb-3\"\n        style=\"border-top: 1px solid rgb(204, 204, 204); border-bottom: 1px solid rgb(204, 204, 204);\">\n        <div class=\"text-center mb-4\">\n            <h6 class=\"pt-3 text-center text-gray-900 text-2xl title-font font-medium mb-12\">ALKALMAZ\u00c1S<\/h6>\n        <\/div>\n        <div class=\"row\">\n            <div class=\"col-lg-5 col-md-5 col-sm-12 mb-4 mb-lg-0\">\n                <img decoding=\"async\" alt=\"k\u00e1rtya\" style=\"height: 190px; object-fit: cover;\"\n                    class=\"w-100 h-100 object-cover object-center rounded border\" src=\"http:\/\/universofamilia.com\/wp-content\/uploads\/sites\/148\/2025\/01\/POST-PARA-APP-ARTIGO-4-3.jpg\">\n            <\/div>\n            <div class=\"col-lg-7 col-md-7 col-sm-12 d-flex flex-column justify-content-between\">\n                <h3 class=\"text-gray-900 text-3xl title-font font-medium mb-1\">ArcLab<\/h3>\n\n                                    <div class=\"flex\">\n                                                    <span\n                                class=\"inline-block mx-2 py-1 mx-2 rounded text-xs font-medium tracking-widest text-uppercase mr-2 bg-green-50 text-green-700\">Mesters\u00e9ges Intelligencia Fot\u00f3retus\u00e1l\u00e1s<\/span>\n                                            <\/div>\n                                <div class=\"d-block text-justify py-3\">A FaceLab mesters\u00e9ges intelligenci\u00e1t haszn\u00e1l \u00f6reged\u0151 arcod val\u00f3s\u00e1gh\u0171 m\u00e1solatainak elk\u00e9sz\u00edt\u00e9s\u00e9hez. Lehet\u0151v\u00e9 teszi a nem megv\u00e1ltoztat\u00e1s\u00e1t, \u00f6reged\u00e9sg\u00e1tl\u00f3 sz\u0171r\u0151k alkalmaz\u00e1s\u00e1t \u00e9s a prec\u00edz szerkeszt\u0151eszk\u00f6z\u00f6kkel a f\u00e9nyk\u00e9pek min\u0151s\u00e9g\u00e9nek jav\u00edt\u00e1s\u00e1t is. T\u00f6ltsd le a FaceLab alkalmaz\u00e1st, \u00e9s fedezd fel, hogyan fogsz kin\u00e9zni a j\u00f6v\u0151ben a legmodernebb technol\u00f3gia seg\u00edts\u00e9g\u00e9vel.<\/div>\n                <div class=\"mt-auto d-flex flex-column align-items-end\">\n                    <a class=\"d-inline-block text-center text-white border-0 py-2 px-8 text-lg focus:outline-none rounded bg-green-700 hover:bg-green-800 btn-block\"\n                        href=\"https:\/\/play.google.com\/store\/apps\/details?id=com.collage.m2&#038;hl=pt_BR\"                         data-analytics-label=\"landingPageFirstButton\" data-action=\"analytics#trackCTA\">\n                        Alkalmaz\u00e1s let\u00f6lt\u00e9se                    <\/a>\n                                            <div class=\"text-xs text-muted mt-3 d-block col-12 text-center\">\u00c1tir\u00e1ny\u00edtunk egy m\u00e1sik webhelyre<\/div>\n                                    <\/div>\n            <\/div>\n        <\/div>\n    <\/div>\n\n\n\n<h2 class=\"wp-block-heading\">Alkalmaz\u00e1sok \u00f6sszehasonl\u00edt\u00e1sa: melyiket v\u00e1lasszuk?<\/h2>\n\n\n\n<p>A d\u00f6nt\u00e9s megk\u00f6nny\u00edt\u00e9se \u00e9rdek\u00e9ben tekintse meg a k\u00f6vetkez\u0151 \u00f6sszehasonl\u00edt\u00f3 t\u00e1bl\u00e1zatot a h\u00e1rom alkalmaz\u00e1s k\u00f6z\u00f6tt:<\/p>\n\n\n\n<figure class=\"wp-block-table\"><table><thead><tr><th>Jellemz\u0151<\/th><th>FaceApp<\/th><th>Oldify<\/th><th>ArcLab<\/th><\/tr><\/thead><tbody><tr><td>\u00d6reged\u00e9si hat\u00e1s<\/td><td>Igen<\/td><td>Igen<\/td><td>Igen<\/td><\/tr><tr><td>Arc anim\u00e1ci\u00f3<\/td><td>Nem<\/td><td>Igen<\/td><td>Nem<\/td><\/tr><tr><td>Teljes szelfi szerkeszt\u00e9s<\/td><td>Igen<\/td><td>Nem<\/td><td>Igen<\/td><\/tr><tr><td>Fiatal\u00edt\u00f3 sz\u0171r\u0151k<\/td><td>Igen<\/td><td>Nem<\/td><td>Igen<\/td><\/tr><tr><td>Kifejez\u00e9sek m\u00f3dos\u00edt\u00e1sa<\/td><td>Igen<\/td><td>Igen<\/td><td>Igen<\/td><\/tr><tr><td>Gyors megoszt\u00e1s<\/td><td>Igen<\/td><td>Igen<\/td><td>Igen<\/td><\/tr><tr><td>Mesters\u00e9ges intelligencia haszn\u00e1lata<\/td><td>Igen<\/td><td>Nem<\/td><td>Igen<\/td><\/tr><\/tbody><\/table><figcaption class=\"wp-element-caption\">Fedezd fel, milyen leszel \u00f6regkorodban<\/figcaption><\/figure>\n\n\n\n<p>Ha egy teljes alkalmaz\u00e1st keresel, amellyel k\u00fcl\u00f6nb\u00f6z\u0151 m\u00f3dokon alak\u00edthatod \u00e1t a szelfiidet, <strong>FaceApp<\/strong> a legjobb v\u00e1laszt\u00e1s. Ha egy sz\u00f3rakoztat\u00f3bb alkalmaz\u00e1st szeretn\u00e9l vicces anim\u00e1ci\u00f3kkal \u00e9s effektekkel, <strong>Oldify<\/strong> ide\u00e1lis.<\/p>\n\n\n\n<p>Azoknak, akik a legnagyobb pontoss\u00e1gra v\u00e1gynak az \u00f6reged\u00e9si r\u00e9szletekben, <strong>ArcLab<\/strong> Ez a legfejlettebb opci\u00f3.<\/p>\n\n\n<div class=\"wp-block-image\">\n<figure class=\"aligncenter size-full\"><img loading=\"lazy\" decoding=\"async\" width=\"550\" height=\"350\" src=\"http:\/\/universofamilia.com\/wp-content\/uploads\/sites\/148\/2025\/01\/DESTAQUE-UNIVERSO-550-x-350-3-3.jpg\" alt=\"\" class=\"wp-image-8490\" srcset=\"https:\/\/universofamilia.com\/wp-content\/uploads\/sites\/148\/2025\/01\/DESTAQUE-UNIVERSO-550-x-350-3-3.jpg 550w, https:\/\/universofamilia.com\/wp-content\/uploads\/sites\/148\/2025\/01\/DESTAQUE-UNIVERSO-550-x-350-3-3-300x191.jpg 300w, https:\/\/universofamilia.com\/wp-content\/uploads\/sites\/148\/2025\/01\/DESTAQUE-UNIVERSO-550-x-350-3-3-18x12.jpg 18w\" sizes=\"(max-width: 550px) 100vw, 550px\" \/><figcaption class=\"wp-element-caption\">Fedezd fel, milyen leszel \u00f6regkorodban<\/figcaption><\/figure><\/div>\n\n\n<h2 class=\"wp-block-heading\">K\u00f6vetkeztet\u00e9s<\/h2>\n\n\n\n<p>Az olyan alkalmaz\u00e1sok, mint a FaceApp, az Oldify \u00e9s a FaceLab, sz\u00f3rakoztat\u00f3 \u00e9s \u00e9rdekes m\u00f3dot k\u00edn\u00e1lnak arra, hogy elk\u00e9pzelj\u00fck, hogyan fogunk kin\u00e9zni id\u0151s korunkban.<\/p>\n\n\n\n<p>Mindegyiknek megvannak a saj\u00e1t egyedi funkci\u00f3i, \u00e9s a v\u00e1laszt\u00e1s att\u00f3l f\u00fcgg, hogy milyen \u00e9lm\u00e9nyt szeretn\u00e9l. F\u00fcggetlen\u00fcl att\u00f3l, hogy melyik alkalmaz\u00e1st v\u00e1lasztod, ezek az eszk\u00f6z\u00f6k bemutatj\u00e1k, mennyire fejlett az arcszerkeszt\u00e9si technol\u00f3gia.<\/p>\n\n\n\n<p>T\u00f6ltsd le a kedvencedet, \u00e9s fedezd fel, milyen leszel a j\u00f6v\u0151ben.<\/p>\n\n\n\n<h3 class=\"wp-block-heading\">Gyakran ism\u00e9telt k\u00e9rd\u00e9sek<\/h3>\n\n\n\n<h4 class=\"wp-block-heading\">1. Melyik a legjobb alkalmaz\u00e1s, hogy megn\u00e9zzem, hogyan fogok kin\u00e9zni id\u0151s koromban?<\/h4>\n\n\n\n<p>A legjobb alkalmaz\u00e1s kiv\u00e1laszt\u00e1sa att\u00f3l f\u00fcgg, hogy mit keresel. Ha realisztikus hat\u00e1st szeretn\u00e9l t\u00f6bb szerkeszt\u00e9si lehet\u0151s\u00e9ggel, a FaceApp a legjobb v\u00e1laszt\u00e1s.<\/p>\n\n\n\n<p>Ha a sz\u00f3rakoztat\u00f3 anim\u00e1ci\u00f3kat kedveled, az Oldify kiv\u00e1l\u00f3 v\u00e1laszt\u00e1s. A fejlett mesters\u00e9ges intelligenci\u00e1val ny\u00fajtott r\u00e9szletes eredm\u00e9nyek\u00e9rt a FaceLab a legpontosabb alternat\u00edva.<\/p>\n\n\n\n<h4 class=\"wp-block-heading\">2. Ingyenesek az \u00f6reged\u0151 alkalmaz\u00e1sok?<\/h4>\n\n\n\n<p>Ezen alkalmaz\u00e1sok t\u00f6bbs\u00e9ge ingyenes verzi\u00f3t k\u00edn\u00e1l korl\u00e1tozott funkci\u00f3kkal. A pr\u00e9mium sz\u0171r\u0151k, a speci\u00e1lis szerkeszt\u00e9s \u00e9s a hirdet\u00e9sek elt\u00e1vol\u00edt\u00e1s\u00e1hoz azonban el\u0151fizet\u00e9sre vagy alkalmaz\u00e1son bel\u00fcli v\u00e1s\u00e1rl\u00e1sokra van sz\u00fcks\u00e9g.<\/p>\n\n\n\n<p>A FaceAppnak p\u00e9ld\u00e1ul van egy fizet\u0151s verzi\u00f3ja, FaceApp Pro n\u00e9ven.<\/p>\n\n\n\n<h4 class=\"wp-block-heading\">3. Sz\u00fcks\u00e9g van ezekre az alkalmaz\u00e1sokra internetkapcsolatra?<\/h4>\n\n\n\n<p>Az alkalmaz\u00e1st\u00f3l f\u00fcgg. N\u00e9h\u00e1ny, mint p\u00e9ld\u00e1ul a FaceApp, a felh\u0151ben dolgozza fel a k\u00e9peket, \u00edgy internetkapcsolatra van sz\u00fcks\u00e9g\u00fck.<\/p>\n\n\n\n<p>M\u00e1sok, mint p\u00e9ld\u00e1ul az Oldify, offline is tudnak dolgozni, mivel a feldolgoz\u00e1s az eszk\u00f6z\u00f6n t\u00f6rt\u00e9nik.<\/p>\n\n\n\n<h4 class=\"wp-block-heading\">4. Biztons\u00e1gosak az \u00f6reged\u0151 alkalmaz\u00e1sok?<\/h4>\n\n\n\n<p>Ezen alkalmaz\u00e1sok haszn\u00e1lata adatv\u00e9delmi agg\u00e1lyokat vet fel, mivel n\u00e9melyik\u00fckh\u00f6z fot\u00f3gal\u00e9ri\u00e1khoz \u00e9s arcadatokhoz kell hozz\u00e1f\u00e9rni.<\/p>\n\n\n\n<p>Haszn\u00e1lat el\u0151tt aj\u00e1nlott elolvasni a felhaszn\u00e1l\u00e1si felt\u00e9teleket. A FaceApp p\u00e9ld\u00e1ul vit\u00e1k t\u00e1rgy\u00e1t k\u00e9pezte a felhaszn\u00e1l\u00f3i adatok kezel\u00e9se miatt. A fokozott biztons\u00e1g \u00e9rdek\u00e9ben ker\u00fclje az \u00e9rz\u00e9keny f\u00e9nyk\u00e9pek felt\u00f6lt\u00e9s\u00e9t, \u00e9s tekintse \u00e1t a megadott enged\u00e9lyeket.<\/p>\n\n\n\n<h4 class=\"wp-block-heading\">5. Hogyan m\u0171k\u00f6dnek az \u00f6reged\u0151 alkalmaz\u00e1sok?<\/h4>\n\n\n\n<p>Ezek az alkalmaz\u00e1sok mesters\u00e9ges intelligenci\u00e1t haszn\u00e1lnak az arcvon\u00e1sok elemz\u00e9s\u00e9re \u00e9s az \u00f6reged\u00e9s szimul\u00e1l\u00e1s\u00e1ra.<\/p>\n\n\n\n<p>A k\u00e9pet egy kiterjedt adatb\u00e1zissal hasonl\u00edtj\u00e1k \u00f6ssze, hogy megj\u00f3solj\u00e1k, hogyan fog kin\u00e9zni egy szem\u00e9ly az \u00e9vek sor\u00e1n.<\/p>\n\n\n\n<p>A sz\u0171r\u0151k r\u00e1ncokat, hajsz\u00ednv\u00e1ltoz\u00e1sokat \u00e9s az \u00f6reged\u00e9s egy\u00e9b jeleit alkalmazz\u00e1k a realisztikus hat\u00e1s el\u00e9r\u00e9se \u00e9rdek\u00e9ben.<\/p>\n\n\n\n<h4 class=\"wp-block-heading\">6. Visszaford\u00edthat\u00f3k-e a f\u00e9nyk\u00e9peken l\u00e1that\u00f3 \u00f6reged\u00e9si hat\u00e1sok?<\/h4>\n\n\n\n<p>Igen, ezek k\u00f6z\u00fcl az alkalmaz\u00e1sok k\u00f6z\u00fcl sok lehet\u0151v\u00e9 teszi az arcod megfiatal\u00edt\u00e1s\u00e1t ford\u00edtott sz\u0171r\u0151kkel is.<\/p>\n\n\n\n<p>A FaceApp \u00e9s a FaceLab olyan rejuven\u00e1ci\u00f3s lehet\u0151s\u00e9geket k\u00edn\u00e1l, amelyek elt\u00e1vol\u00edtj\u00e1k a r\u00e1ncokat \u00e9s jav\u00edtj\u00e1k a b\u0151r megjelen\u00e9s\u00e9t, lehet\u0151v\u00e9 t\u00e9ve a felhaszn\u00e1l\u00f3k sz\u00e1m\u00e1ra, hogy l\u00e1ss\u00e1k, mennyivel fiatalabbnak n\u00e9zn\u00e9nek ki.<\/p>\n\n\n\n<h4 class=\"wp-block-heading\">7. Megoszthatom a szerkesztett k\u00e9peket a k\u00f6z\u00f6ss\u00e9gi m\u00e9di\u00e1ban?<\/h4>\n\n\n\n<p>Igen, ezek az alkalmaz\u00e1sok mindegyike lehet\u0151v\u00e9 teszi a szerkesztett f\u00e9nyk\u00e9pek k\u00f6zvetlen megoszt\u00e1s\u00e1t olyan platformokon, mint az Instagram, a Facebook \u00e9s a WhatsApp.<\/p>\n\n\n\n<p>Ezenk\u00edv\u00fcl lehet\u0151v\u00e9 teszik a k\u00e9pek ment\u00e9s\u00e9t az eszk\u00f6z gal\u00e9ri\u00e1j\u00e1ba k\u00e9s\u0151bbi felhaszn\u00e1l\u00e1s c\u00e9lj\u00e1b\u00f3l.<\/p>","protected":false},"excerpt":{"rendered":"<p>Elgondolkodt\u00e1l m\u00e1r azon, hogy hogyan fogsz kin\u00e9zni \u00f6regedve? A mai technol\u00f3gi\u00e1nak k\u00f6sz\u00f6nhet\u0151en k\u00e9pet kaphatsz arr\u00f3l, hogyan fog v\u00e1ltozni az arcod az \u00e9vek sor\u00e1n. Vannak olyan alkalmaz\u00e1sok, amelyek mesters\u00e9ges intelligenci\u00e1t haszn\u00e1lnak az \u00f6reged\u00e9s szimul\u00e1l\u00e1s\u00e1ra, lehet\u0151v\u00e9 t\u00e9ve, hogy egy id\u0151sebb \u00f6nmagad l\u00e1sd. Nem csod\u00e1latos? A csapat [\u2026]<\/p>","protected":false},"author":139,"featured_media":8490,"comment_status":"closed","ping_status":"open","sticky":false,"template":"","format":"standard","meta":{"footnotes":""},"categories":[2],"tags":[1775,1776,1777,1774,1748],"yoast_head":"<!-- This site is optimized with the Yoast SEO plugin v23.3 - https:\/\/yoast.com\/wordpress\/plugins\/seo\/ -->\n<title>Descubre c\u00f3mo ser\u00e1s en la vejez - Universo Fam\u00edlia<\/title>\n<meta name=\"description\" content=\"Descubre c\u00f3mo ser\u00e1s en la vejez. \u00bfAlguna vez te has preguntado c\u00f3mo ser\u00e1 tu apariencia cuando envejezcas?....\" \/>\n<meta name=\"robots\" content=\"index, follow, max-snippet:-1, max-image-preview:large, max-video-preview:-1\" \/>\n<link rel=\"canonical\" href=\"https:\/\/universofamilia.com\/hu\/descubre-como-seras-en-la-vejez\/\" \/>\n<meta property=\"og:locale\" content=\"hu_HU\" \/>\n<meta property=\"og:type\" content=\"article\" \/>\n<meta property=\"og:title\" content=\"Descubre c\u00f3mo ser\u00e1s en la vejez - Universo Fam\u00edlia\" \/>\n<meta property=\"og:description\" content=\"Descubre c\u00f3mo ser\u00e1s en la vejez. \u00bfAlguna vez te has preguntado c\u00f3mo ser\u00e1 tu apariencia cuando envejezcas?....\" \/>\n<meta property=\"og:url\" content=\"https:\/\/universofamilia.com\/hu\/descubre-como-seras-en-la-vejez\/\" \/>\n<meta property=\"og:site_name\" content=\"Universo Fam\u00edlia\" \/>\n<meta property=\"article:published_time\" content=\"2025-01-29T20:16:42+00:00\" \/>\n<meta property=\"article:modified_time\" content=\"2025-01-30T18:28:16+00:00\" \/>\n<meta property=\"og:image\" content=\"https:\/\/universofamilia.com\/wp-content\/uploads\/sites\/148\/2025\/01\/DESTAQUE-UNIVERSO-550-x-350-3-3.jpg\" \/>\n\t<meta property=\"og:image:width\" content=\"550\" \/>\n\t<meta property=\"og:image:height\" content=\"350\" \/>\n\t<meta property=\"og:image:type\" content=\"image\/jpeg\" \/>\n<meta name=\"author\" content=\"Pedro Henrique\" \/>\n<meta name=\"twitter:card\" content=\"summary_large_image\" \/>\n<meta name=\"twitter:label1\" content=\"Written by\" \/>\n\t<meta name=\"twitter:data1\" content=\"Pedro Henrique\" \/>\n\t<meta name=\"twitter:label2\" content=\"Est. reading time\" \/>\n\t<meta name=\"twitter:data2\" content=\"7 perc\" \/>\n<script type=\"application\/ld+json\" class=\"yoast-schema-graph\">{\"@context\":\"https:\/\/schema.org\",\"@graph\":[{\"@type\":\"WebPage\",\"@id\":\"https:\/\/universofamilia.com\/ro\/descubre-como-seras-en-la-vejez\/\",\"url\":\"https:\/\/universofamilia.com\/ro\/descubre-como-seras-en-la-vejez\/\",\"name\":\"Descubre c\u00f3mo ser\u00e1s en la vejez - Universo Fam\u00edlia\",\"isPartOf\":{\"@id\":\"https:\/\/universofamilia.com\/el\/#website\"},\"primaryImageOfPage\":{\"@id\":\"https:\/\/universofamilia.com\/ro\/descubre-como-seras-en-la-vejez\/#primaryimage\"},\"image\":{\"@id\":\"https:\/\/universofamilia.com\/ro\/descubre-como-seras-en-la-vejez\/#primaryimage\"},\"thumbnailUrl\":\"https:\/\/universofamilia.com\/wp-content\/uploads\/sites\/148\/2025\/01\/DESTAQUE-UNIVERSO-550-x-350-3-3.jpg\",\"datePublished\":\"2025-01-29T20:16:42+00:00\",\"dateModified\":\"2025-01-30T18:28:16+00:00\",\"author\":{\"@id\":\"https:\/\/universofamilia.com\/el\/#\/schema\/person\/f07ce98187dd84d31154262e79b3b7ca\"},\"description\":\"Descubre c\u00f3mo ser\u00e1s en la vejez. \u00bfAlguna vez te has preguntado c\u00f3mo ser\u00e1 tu apariencia cuando envejezcas?....\",\"breadcrumb\":{\"@id\":\"https:\/\/universofamilia.com\/ro\/descubre-como-seras-en-la-vejez\/#breadcrumb\"},\"inLanguage\":\"hu\",\"potentialAction\":[{\"@type\":\"ReadAction\",\"target\":[\"https:\/\/universofamilia.com\/ro\/descubre-como-seras-en-la-vejez\/\"]}]},{\"@type\":\"ImageObject\",\"inLanguage\":\"hu\",\"@id\":\"https:\/\/universofamilia.com\/ro\/descubre-como-seras-en-la-vejez\/#primaryimage\",\"url\":\"https:\/\/universofamilia.com\/wp-content\/uploads\/sites\/148\/2025\/01\/DESTAQUE-UNIVERSO-550-x-350-3-3.jpg\",\"contentUrl\":\"https:\/\/universofamilia.com\/wp-content\/uploads\/sites\/148\/2025\/01\/DESTAQUE-UNIVERSO-550-x-350-3-3.jpg\",\"width\":550,\"height\":350,\"caption\":\"Descubre c\u00f3mo ser\u00e1s en la vejez\"},{\"@type\":\"BreadcrumbList\",\"@id\":\"https:\/\/universofamilia.com\/ro\/descubre-como-seras-en-la-vejez\/#breadcrumb\",\"itemListElement\":[{\"@type\":\"ListItem\",\"position\":1,\"name\":\"Home\",\"item\":\"https:\/\/universofamilia.com\/el\/\"},{\"@type\":\"ListItem\",\"position\":2,\"name\":\"Descubre c\u00f3mo ser\u00e1s en la vejez\"}]},{\"@type\":\"WebSite\",\"@id\":\"https:\/\/universofamilia.com\/el\/#website\",\"url\":\"https:\/\/universofamilia.com\/el\/\",\"name\":\"Universo Fam\u00edlia\",\"description\":\"\",\"potentialAction\":[{\"@type\":\"SearchAction\",\"target\":{\"@type\":\"EntryPoint\",\"urlTemplate\":\"https:\/\/universofamilia.com\/el\/?s={search_term_string}\"},\"query-input\":\"required name=search_term_string\"}],\"inLanguage\":\"hu\"},{\"@type\":\"Person\",\"@id\":\"https:\/\/universofamilia.com\/el\/#\/schema\/person\/f07ce98187dd84d31154262e79b3b7ca\",\"name\":\"Pedro Henrique\",\"image\":{\"@type\":\"ImageObject\",\"inLanguage\":\"hu\",\"@id\":\"https:\/\/universofamilia.com\/el\/#\/schema\/person\/image\/\",\"url\":\"https:\/\/secure.gravatar.com\/avatar\/9edfeb808cb4e1599f64d6e45b130154?s=96&d=mm&r=g\",\"contentUrl\":\"https:\/\/secure.gravatar.com\/avatar\/9edfeb808cb4e1599f64d6e45b130154?s=96&d=mm&r=g\",\"caption\":\"Pedro Henrique\"},\"url\":\"https:\/\/universofamilia.com\/hu\/author\/editor01\/\"}]}<\/script>\n<!-- \/ Yoast SEO plugin. -->","yoast_head_json":{"title":"Descubre c\u00f3mo ser\u00e1s en la vejez - Universo Fam\u00edlia","description":"Descubre c\u00f3mo ser\u00e1s en la vejez. \u00bfAlguna vez te has preguntado c\u00f3mo ser\u00e1 tu apariencia cuando envejezcas?....","robots":{"index":"index","follow":"follow","max-snippet":"max-snippet:-1","max-image-preview":"max-image-preview:large","max-video-preview":"max-video-preview:-1"},"canonical":"https:\/\/universofamilia.com\/hu\/descubre-como-seras-en-la-vejez\/","og_locale":"hu_HU","og_type":"article","og_title":"Descubre c\u00f3mo ser\u00e1s en la vejez - Universo Fam\u00edlia","og_description":"Descubre c\u00f3mo ser\u00e1s en la vejez. \u00bfAlguna vez te has preguntado c\u00f3mo ser\u00e1 tu apariencia cuando envejezcas?....","og_url":"https:\/\/universofamilia.com\/hu\/descubre-como-seras-en-la-vejez\/","og_site_name":"Universo Fam\u00edlia","article_published_time":"2025-01-29T20:16:42+00:00","article_modified_time":"2025-01-30T18:28:16+00:00","og_image":[{"width":550,"height":350,"url":"https:\/\/universofamilia.com\/wp-content\/uploads\/sites\/148\/2025\/01\/DESTAQUE-UNIVERSO-550-x-350-3-3.jpg","type":"image\/jpeg"}],"author":"Pedro Henrique","twitter_card":"summary_large_image","twitter_misc":{"Written by":"Pedro Henrique","Est. reading time":"7 perc"},"schema":{"@context":"https:\/\/schema.org","@graph":[{"@type":"WebPage","@id":"https:\/\/universofamilia.com\/ro\/descubre-como-seras-en-la-vejez\/","url":"https:\/\/universofamilia.com\/ro\/descubre-como-seras-en-la-vejez\/","name":"Descubre c\u00f3mo ser\u00e1s en la vejez - Universo Fam\u00edlia","isPartOf":{"@id":"https:\/\/universofamilia.com\/el\/#website"},"primaryImageOfPage":{"@id":"https:\/\/universofamilia.com\/ro\/descubre-como-seras-en-la-vejez\/#primaryimage"},"image":{"@id":"https:\/\/universofamilia.com\/ro\/descubre-como-seras-en-la-vejez\/#primaryimage"},"thumbnailUrl":"https:\/\/universofamilia.com\/wp-content\/uploads\/sites\/148\/2025\/01\/DESTAQUE-UNIVERSO-550-x-350-3-3.jpg","datePublished":"2025-01-29T20:16:42+00:00","dateModified":"2025-01-30T18:28:16+00:00","author":{"@id":"https:\/\/universofamilia.com\/el\/#\/schema\/person\/f07ce98187dd84d31154262e79b3b7ca"},"description":"Descubre c\u00f3mo ser\u00e1s en la vejez. \u00bfAlguna vez te has preguntado c\u00f3mo ser\u00e1 tu apariencia cuando envejezcas?....","breadcrumb":{"@id":"https:\/\/universofamilia.com\/ro\/descubre-como-seras-en-la-vejez\/#breadcrumb"},"inLanguage":"hu","potentialAction":[{"@type":"ReadAction","target":["https:\/\/universofamilia.com\/ro\/descubre-como-seras-en-la-vejez\/"]}]},{"@type":"ImageObject","inLanguage":"hu","@id":"https:\/\/universofamilia.com\/ro\/descubre-como-seras-en-la-vejez\/#primaryimage","url":"https:\/\/universofamilia.com\/wp-content\/uploads\/sites\/148\/2025\/01\/DESTAQUE-UNIVERSO-550-x-350-3-3.jpg","contentUrl":"https:\/\/universofamilia.com\/wp-content\/uploads\/sites\/148\/2025\/01\/DESTAQUE-UNIVERSO-550-x-350-3-3.jpg","width":550,"height":350,"caption":"Descubre c\u00f3mo ser\u00e1s en la vejez"},{"@type":"BreadcrumbList","@id":"https:\/\/universofamilia.com\/ro\/descubre-como-seras-en-la-vejez\/#breadcrumb","itemListElement":[{"@type":"ListItem","position":1,"name":"Home","item":"https:\/\/universofamilia.com\/el\/"},{"@type":"ListItem","position":2,"name":"Descubre c\u00f3mo ser\u00e1s en la vejez"}]},{"@type":"WebSite","@id":"https:\/\/universofamilia.com\/el\/#website","url":"https:\/\/universofamilia.com\/el\/","name":"Universo Fam\u00edlia","description":"","potentialAction":[{"@type":"SearchAction","target":{"@type":"EntryPoint","urlTemplate":"https:\/\/universofamilia.com\/el\/?s={search_term_string}"},"query-input":"required name=search_term_string"}],"inLanguage":"hu"},{"@type":"Person","@id":"https:\/\/universofamilia.com\/el\/#\/schema\/person\/f07ce98187dd84d31154262e79b3b7ca","name":"Pedro Henrique","image":{"@type":"ImageObject","inLanguage":"hu","@id":"https:\/\/universofamilia.com\/el\/#\/schema\/person\/image\/","url":"https:\/\/secure.gravatar.com\/avatar\/9edfeb808cb4e1599f64d6e45b130154?s=96&d=mm&r=g","contentUrl":"https:\/\/secure.gravatar.com\/avatar\/9edfeb808cb4e1599f64d6e45b130154?s=96&d=mm&r=g","caption":"Pedro Henrique"},"url":"https:\/\/universofamilia.com\/hu\/author\/editor01\/"}]}},"_links":{"self":[{"href":"https:\/\/universofamilia.com\/hu\/wp-json\/wp\/v2\/posts\/8489"}],"collection":[{"href":"https:\/\/universofamilia.com\/hu\/wp-json\/wp\/v2\/posts"}],"about":[{"href":"https:\/\/universofamilia.com\/hu\/wp-json\/wp\/v2\/types\/post"}],"author":[{"embeddable":true,"href":"https:\/\/universofamilia.com\/hu\/wp-json\/wp\/v2\/users\/139"}],"replies":[{"embeddable":true,"href":"https:\/\/universofamilia.com\/hu\/wp-json\/wp\/v2\/comments?post=8489"}],"version-history":[{"count":2,"href":"https:\/\/universofamilia.com\/hu\/wp-json\/wp\/v2\/posts\/8489\/revisions"}],"predecessor-version":[{"id":8496,"href":"https:\/\/universofamilia.com\/hu\/wp-json\/wp\/v2\/posts\/8489\/revisions\/8496"}],"wp:featuredmedia":[{"embeddable":true,"href":"https:\/\/universofamilia.com\/hu\/wp-json\/wp\/v2\/media\/8490"}],"wp:attachment":[{"href":"https:\/\/universofamilia.com\/hu\/wp-json\/wp\/v2\/media?parent=8489"}],"wp:term":[{"taxonomy":"category","embeddable":true,"href":"https:\/\/universofamilia.com\/hu\/wp-json\/wp\/v2\/categories?post=8489"},{"taxonomy":"post_tag","embeddable":true,"href":"https:\/\/universofamilia.com\/hu\/wp-json\/wp\/v2\/tags?post=8489"}],"curies":[{"name":"wp","href":"https:\/\/api.w.org\/{rel}","templated":true}]}}