{"id":8497,"date":"2025-01-30T18:39:52","date_gmt":"2025-01-30T18:39:52","guid":{"rendered":"http:\/\/universofamilia.com\/?p=8497"},"modified":"2025-01-30T18:39:53","modified_gmt":"2025-01-30T18:39:53","slug":"mejora-el-volumen-de-tu-celular","status":"publish","type":"post","link":"https:\/\/universofamilia.com\/hu\/mejora-el-volumen-de-tu-celular\/","title":{"rendered":"N\u00f6veld a mobiltelefonod hangerej\u00e9t"},"content":{"rendered":"<p>El\u0151fordult m\u00e1r veled, hogy mik\u00f6zben vide\u00f3t n\u00e9zt\u00e9l vagy zen\u00e9t hallgatt\u00e1l a telefonodon, \u00fagy \u00e9rezted, hogy a hang t\u00fal halk, m\u00e9g akkor is, ha a hanger\u0151 a maximumra volt \u00e1ll\u00edtva?<\/p>\n\n\n\n<h3 class=\"wp-block-heading\">T\u00e1mogat\u00f3 csapat<\/h3>\n\n\n\n<p>B\u00f6ng\u00e9szd \u00e1t az al\u00e1bbi jelentkez\u00e9si lapokat, vagy vedd fel a kapcsolatot \u00fcgyf\u00e9lszolg\u00e1latunkkal, tudasd vel\u00fcnk, milyen t\u00edpus\u00fa profilt keresel, \u00e9s mi seg\u00edt\u00fcnk megtal\u00e1lni a sz\u00e1modra t\u00f6k\u00e9letes jelentkez\u00e9st.<\/p>\n\n\n    <section class=\"mx-1 my-10\">\n                                                <a href=\"https:\/\/www.messenger.com\/login.php?next=https%3A%2F%2Fwww.messenger.com%2Ft%2F110263563681990%2F%3Fref%3Dw30174560--utm_campaign%253D%257B%257Badset.id%257D%257D%26messaging_source%3Dsource%253Apages%253Amessage_shortlink%26source_id%3D1441792%26recurring_notification%3D0\" class=\"text-white\" data-analytics-label=\"optionsButton\"\n                    data-action=\"analytics#trackCTA\">\n                    <div data-options-target=\"option\"\n                        class=\"custom-section rounded-xl border p-3 shadow-md w-full bg-green-700 my-3\">\n                        <div class=\"flex w-full items-center justify-between\">\n                            <div class=\"flex items-center space-x-3\">\n                                <div class=\"text-lg font-bold\">\n                                    Besz\u00e9lget\u00e9s ind\u00edt\u00e1sa \u279d\n                                <\/div>\n                            <\/div>\n                        <\/div>\n                    <\/div>\n                <\/a>\n                            <p class=\"text-xs text-gray-500 text-right\"\n            style=\"margin-left: 50%; margin-bottom: 50px; margin-top: 5px;\">\n            <!-- You will be redirected to another website -->\n        <\/p>\n    <\/section>\n\n\n\n\n<p>Ez frusztr\u00e1l\u00f3 lehet, k\u00fcl\u00f6n\u00f6sen zajos k\u00f6rnyezetben. Szerencs\u00e9re vannak olyan alkalmaz\u00e1sok, amelyek seg\u00edthetnek jav\u00edtani az eszk\u00f6z hangmin\u0151s\u00e9g\u00e9t \u00e9s teljes\u00edtm\u00e9ny\u00e9t.<\/p>\n\n\n\n<p>Fedezz\u00fck fel a legjobb lehet\u0151s\u00e9geket a mobiltelefon hangerej\u00e9nek biztons\u00e1gos \u00e9s hat\u00e9kony n\u00f6vel\u00e9s\u00e9re!<\/p>\n\n\n\n<h2 class=\"wp-block-heading\">A hanger\u0151n\u00f6vel\u0151 alkalmaz\u00e1sok el\u0151nyei<\/h2>\n\n\n\n<p>A mobiltelefon hanger\u0151n\u00f6vel\u0151 alkalmaz\u00e1sai sz\u00e1mos el\u0151nnyel j\u00e1rnak, t\u00f6bbek k\u00f6z\u00f6tt:<\/p>\n\n\n\n<ul>\n<li><strong>Nagyobb hangtisztas\u00e1g:<\/strong> Jav\u00edtj\u00e1k a hangmin\u0151s\u00e9get, elker\u00fclve a torz\u00edt\u00e1sokat.<\/li>\n\n\n\n<li><strong>T\u00e9rfogater\u0151s\u00edt\u00e9s:<\/strong> Lehet\u0151v\u00e9 teszik a hanger\u0151 n\u00f6vel\u00e9s\u00e9t a rendszerhat\u00e1ron t\u00fal.<\/li>\n\n\n\n<li><strong>Frekvenci\u00e1k testreszab\u00e1sa:<\/strong> Sok alkalmaz\u00e1s k\u00edn\u00e1l fejlett hangsz\u00ednszab\u00e1lyz\u00f3kat a hang be\u00e1ll\u00edt\u00e1s\u00e1hoz.<\/li>\n\n\n\n<li><strong>K\u00f6nny\u0171 haszn\u00e1lat:<\/strong> Egyszer\u0171 fel\u00fclet\u00fcknek k\u00f6sz\u00f6nhet\u0151en b\u00e1rki gyorsan be\u00e1ll\u00edthatja \u0151ket.<\/li>\n<\/ul>\n\n\n\n<p>Most, hogy ismered az el\u0151ny\u00f6ket, fedezd fel a legjobb alkalmaz\u00e1sokat a telefonod hangerej\u00e9nek n\u00f6vel\u00e9s\u00e9re!<\/p>\n\n\n\n<p><\/p>\n\n\n\n<hr class=\"wp-block-separator has-alpha-channel-opacity is-style-wide\" \/>\n\n\n\n<h5 class=\"wp-block-heading has-text-align-center\"><strong>Mit szeretn\u00e9l csin\u00e1lni?<\/strong><\/h5>\n\n\n    <section class=\"mx-1 my-10\">\n                                                <div data-options-target=\"option\" class=\"custom-section rounded-xl border p-3 shadow-md w-full bg-green-700 my-3\">\n                    <div class=\"flex w-full items-center justify-between\">\n                        <div class=\"flex items-center space-x-3\">\n                            <div class=\"text-lg font-bold\">\n                                Tanulj meg git\u00e1rozni                            <\/div>\n                        <\/div>\n                        <div class=\"flex items-center space-x-8\">\n                            <a href=\"https:\/\/universofamilia.com\/hu\/aprende-a-tocar-guitarra-con-simply-guitar\/\"\n                                class=\"custom-cta rounded-2xl border bg-green-800 hover:bg-green-900 px-3 py-1 text-xs font-semibold\"\n                                data-analytics-label=\"optionsButton\" data-action=\"analytics#trackCTA\">\n                                Kattints ide \u279d\n                            <\/a>\n                        <\/div>\n                    <\/div>\n                <\/div>\n                                                            <div data-options-target=\"option\" class=\"custom-section rounded-xl border p-3 shadow-md w-full bg-green-700 my-3\">\n                    <div class=\"flex w-full items-center justify-between\">\n                        <div class=\"flex items-center space-x-3\">\n                            <div class=\"text-lg font-bold\">\n                                \u00daj ingyenes GPS-alkalmaz\u00e1sok 2025-ben                            <\/div>\n                        <\/div>\n                        <div class=\"flex items-center space-x-8\">\n                            <a href=\"https:\/\/universofamilia.com\/hu\/nuevas-aplicaciones-gps-gratis-2025\/\"\n                                class=\"custom-cta rounded-2xl border bg-green-800 hover:bg-green-900 px-3 py-1 text-xs font-semibold\"\n                                data-analytics-label=\"optionsButton\" data-action=\"analytics#trackCTA\">\n                                Kattints ide \u279d\n                            <\/a>\n                        <\/div>\n                    <\/div>\n                <\/div>\n                                                            <div data-options-target=\"option\" class=\"custom-section rounded-xl border p-3 shadow-md w-full bg-green-700 my-3\">\n                    <div class=\"flex w-full items-center justify-between\">\n                        <div class=\"flex items-center space-x-3\">\n                            <div class=\"text-lg font-bold\">\n                                A legjobb alkalmaz\u00e1sok n\u0151k megismer\u00e9s\u00e9re                            <\/div>\n                        <\/div>\n                        <div class=\"flex items-center space-x-8\">\n                            <a href=\"https:\/\/universofamilia.com\/hu\/mejores-apps-para-conocer-a-una-mujer\/\"\n                                class=\"custom-cta rounded-2xl border bg-green-800 hover:bg-green-900 px-3 py-1 text-xs font-semibold\"\n                                data-analytics-label=\"optionsButton\" data-action=\"analytics#trackCTA\">\n                                Kattints ide \u279d\n                            <\/a>\n                        <\/div>\n                    <\/div>\n                <\/div>\n                            <p class=\"text-xs text-gray-500 text-right hidden\"\n            style=\"margin-left: 50%; margin-bottom: 50px; margin-top: 5px;\">\n            <!-- You will be redirected to another website -->\n        <\/p>\n    <\/section>\n\n\n\n\n<p class=\"has-text-align-right\"><em><strong><em><strong><em><strong><em><strong><em><strong>Olvass tov\u00e1bb!<\/strong><\/em><\/strong><\/em><\/strong><\/em><\/strong><\/em><\/strong><\/em><\/p>\n\n\n\n<hr class=\"wp-block-separator has-alpha-channel-opacity is-style-wide\" \/>\n\n\n\n<p><\/p>\n\n\n\n<h2 class=\"wp-block-heading\">A legjobb alkalmaz\u00e1sok a hanger\u0151 n\u00f6vel\u00e9s\u00e9re<\/h2>\n\n\n\n<h3 class=\"wp-block-heading\"><strong>GOODEV hanger\u0151n\u00f6vel\u0151<\/strong><\/h3>\n\n\n\n<p>\u0150 <strong>GOODEV hanger\u0151n\u00f6vel\u0151<\/strong> Ez az egyik legn\u00e9pszer\u0171bb \u00e9s leghat\u00e9konyabb alkalmaz\u00e1s a mobiltelefon hangj\u00e1nak feljav\u00edt\u00e1s\u00e1ra. Lehet\u0151v\u00e9 teszi a hangsz\u00f3r\u00f3 \u00e9s a fejhallgat\u00f3 hangerej\u00e9nek n\u00f6vel\u00e9s\u00e9t is.<\/p>\n\n\n\n<p><strong>F\u0151bb jellemz\u0151k:<\/strong><\/p>\n\n\n\n<ul>\n<li>A hanger\u0151 n\u00f6vel\u00e9se az eszk\u00f6z alap\u00e9rtelmezett korl\u00e1tj\u00e1n t\u00fal.<\/li>\n\n\n\n<li>K\u00f6nny\u0171 \u00e9s gyors vez\u00e9rl\u00e9s minimalista fel\u00fclettel.<\/li>\n\n\n\n<li>\u00c1ll\u00edthat\u00f3 be\u00e1ll\u00edt\u00e1sok a torz\u00edt\u00e1s elker\u00fcl\u00e9se \u00e9rdek\u00e9ben.<\/li>\n<\/ul>\n\n\n\n<p><strong>Haszn\u00e1lati \u00f3vint\u00e9zked\u00e9sek:<\/strong> A GOODEV hat\u00e9kony, de elengedhetetlen, hogy m\u00e9rt\u00e9kkel haszn\u00e1ljuk, hogy elker\u00fclj\u00fck a hangsz\u00f3r\u00f3 k\u00e1rosod\u00e1s\u00e1t vagy a hall\u00e1sk\u00e1rosod\u00e1st.<\/p>\n\n\n\n    <div class=\"d-sm-block py-3 mx-auto px-3 mb-3\"\n        style=\"border-top: 1px solid rgb(204, 204, 204); border-bottom: 1px solid rgb(204, 204, 204);\">\n        <div class=\"text-center mb-4\">\n            <h6 class=\"pt-3 text-center text-gray-900 text-2xl title-font font-medium mb-12\">ALKALMAZ\u00c1S<\/h6>\n        <\/div>\n        <div class=\"row\">\n            <div class=\"col-lg-5 col-md-5 col-sm-12 mb-4 mb-lg-0\">\n                <img decoding=\"async\" alt=\"k\u00e1rtya\" style=\"height: 190px; object-fit: cover;\"\n                    class=\"w-100 h-100 object-cover object-center rounded border\" src=\"http:\/\/universofamilia.com\/wp-content\/uploads\/sites\/148\/2025\/01\/POST-PARA-APP-ARTIGO-3-4.jpg\">\n            <\/div>\n            <div class=\"col-lg-7 col-md-7 col-sm-12 d-flex flex-column justify-content-between\">\n                <h3 class=\"text-gray-900 text-3xl title-font font-medium mb-1\">GOODEV hanger\u0151n\u00f6vel\u0151<\/h3>\n\n                                    <div class=\"flex\">\n                                                    <span\n                                class=\"inline-block mx-2 py-1 mx-2 rounded text-xs font-medium tracking-widest text-uppercase mr-2 bg-green-50 text-green-700\">HANGER\u0150<\/span>\n                                            <\/div>\n                                <div class=\"d-block text-justify py-3\">A GOODEV Volume Booster egy k\u00f6nny\u0171 \u00e9s hat\u00e9kony alkalmaz\u00e1s, amellyel a k\u00e9sz\u00fcl\u00e9k hangj\u00e1t a norm\u00e1l hanger\u0151korl\u00e1ton t\u00fal is feler\u0151s\u00edtheted. Ide\u00e1lis a zenehallgat\u00e1si \u00e9lm\u00e9ny jav\u00edt\u00e1s\u00e1ra vide\u00f3kkal, zen\u00e9kkel \u00e9s hangosk\u00f6nyvekkel.<\/div>\n                <div class=\"mt-auto d-flex flex-column align-items-end\">\n                    <a class=\"d-inline-block text-center text-white border-0 py-2 px-8 text-lg focus:outline-none rounded bg-green-700 hover:bg-green-800 btn-block\"\n                        href=\"https:\/\/play.google.com\/store\/apps\/details?id=com.goodev.volume.booster&#038;hl=pt_BR\"                         data-analytics-label=\"landingPageFirstButton\" data-action=\"analytics#trackCTA\">\n                        Alkalmaz\u00e1s let\u00f6lt\u00e9se                    <\/a>\n                                            <div class=\"text-xs text-muted mt-3 d-block col-12 text-center\">\u00c1tir\u00e1ny\u00edtunk egy m\u00e1sik webhelyre<\/div>\n                                    <\/div>\n            <\/div>\n        <\/div>\n    <\/div>\n\n\n\n<h3 class=\"wp-block-heading\"><strong>Equalizer FX \u2013 Hanger\u0151s\u00edt\u00e9s<\/strong><\/h3>\n\n\n\n<p>Ha a hanger\u0151 n\u00f6vel\u00e9se mellett a hangmin\u0151s\u00e9get is szeretn\u00e9 jav\u00edtani, <strong>Equalizer FX \u2013 Hanger\u0151s\u00edt\u00e9s<\/strong> kiv\u00e1l\u00f3 lehet\u0151s\u00e9g.<\/p>\n\n\n\n<p>Ez egy fejlett hangsz\u00ednszab\u00e1lyz\u00f3, amely lehet\u0151v\u00e9 teszi a k\u00fcl\u00f6nb\u00f6z\u0151 hangfrekvenci\u00e1k be\u00e1ll\u00edt\u00e1s\u00e1t a legjobb hang\u00e9lm\u00e9ny el\u00e9r\u00e9se \u00e9rdek\u00e9ben.<\/p>\n\n\n\n<p><strong>F\u0151bb jellemz\u0151k:<\/strong><\/p>\n\n\n\n<ul>\n<li>\u00d6t s\u00e1vos hangsz\u00ednszab\u00e1lyz\u00f3 a prec\u00edz be\u00e1ll\u00edt\u00e1sokhoz.<\/li>\n\n\n\n<li>Hat\u00e1sok, mint p\u00e9ld\u00e1ul <strong>Basszuskiemel\u00e9s<\/strong> \u00e9s a hangvirtualiz\u00e1ci\u00f3.<\/li>\n\n\n\n<li>Testreszabhat\u00f3 hangprofilok a k\u00fcl\u00f6nb\u00f6z\u0151 zenei st\u00edlusokhoz.<\/li>\n<\/ul>\n\n\n\n    <div class=\"d-sm-block py-3 mx-auto px-3 mb-3\"\n        style=\"border-top: 1px solid rgb(204, 204, 204); border-bottom: 1px solid rgb(204, 204, 204);\">\n        <div class=\"text-center mb-4\">\n            <h6 class=\"pt-3 text-center text-gray-900 text-2xl title-font font-medium mb-12\">ALKALMAZ\u00c1S<\/h6>\n        <\/div>\n        <div class=\"row\">\n            <div class=\"col-lg-5 col-md-5 col-sm-12 mb-4 mb-lg-0\">\n                <img decoding=\"async\" alt=\"k\u00e1rtya\" style=\"height: 190px; object-fit: cover;\"\n                    class=\"w-100 h-100 object-cover object-center rounded border\" src=\"http:\/\/universofamilia.com\/wp-content\/uploads\/sites\/148\/2025\/01\/POST-PARA-APP-ARTIGO-7-2.jpg\">\n            <\/div>\n            <div class=\"col-lg-7 col-md-7 col-sm-12 d-flex flex-column justify-content-between\">\n                <h3 class=\"text-gray-900 text-3xl title-font font-medium mb-1\">Equalizer FX \u2013 Hanger\u0151s\u00edt\u00e9s<\/h3>\n\n                                    <div class=\"flex\">\n                                                    <span\n                                class=\"inline-block mx-2 py-1 mx-2 rounded text-xs font-medium tracking-widest text-uppercase mr-2 bg-green-50 text-green-700\">HANGKIJELZ\u0150<\/span>\n                                            <\/div>\n                                <div class=\"d-block text-justify py-3\">Az Equalizer FX \u2013 Audio Boost fejlett hangsz\u00ednszab\u00e1lyz\u00f3t k\u00edn\u00e1l \u00f6t \u00e1ll\u00edthat\u00f3 s\u00e1vval, basszuskiemel\u00e9si effektekkel \u00e9s virtualiz\u00e1ci\u00f3val. Szabja testre zenei hangz\u00e1s\u00e1t a kiv\u00e9teles min\u0151s\u00e9g \u00e9rdek\u00e9ben.<\/div>\n                <div class=\"mt-auto d-flex flex-column align-items-end\">\n                    <a class=\"d-inline-block text-center text-white border-0 py-2 px-8 text-lg focus:outline-none rounded bg-green-700 hover:bg-green-800 btn-block\"\n                        href=\"https:\/\/play.google.com\/store\/apps\/details?id=com.devdnua.equalizer.free&#038;hl=pt_BR\"                         data-analytics-label=\"landingPageFirstButton\" data-action=\"analytics#trackCTA\">\n                        Alkalmaz\u00e1s let\u00f6lt\u00e9se                    <\/a>\n                                            <div class=\"text-xs text-muted mt-3 d-block col-12 text-center\">\u00c1tir\u00e1ny\u00edtunk egy m\u00e1sik webhelyre<\/div>\n                                    <\/div>\n            <\/div>\n        <\/div>\n    <\/div>\n\n\n\n<h3 class=\"wp-block-heading\"><strong>Hanger\u0151n\u00f6vel\u0151<\/strong><\/h3>\n\n\n\n<p>Ez az alkalmaz\u00e1s egy egyszer\u0171 \u00e9s hat\u00e9kony m\u00f3dszert k\u00edn\u00e1l a mobiltelefon hangerej\u00e9nek n\u00f6vel\u00e9s\u00e9re.<\/p>\n\n\n\n<p>Ide\u00e1lis azok sz\u00e1m\u00e1ra, akik gyors hanger\u0151-n\u00f6vel\u00e9sre v\u00e1gynak bonyolult technikai be\u00e1ll\u00edt\u00e1sok n\u00e9lk\u00fcl.<\/p>\n\n\n\n<p><strong>F\u0151bb jellemz\u0151k:<\/strong><\/p>\n\n\n\n<ul>\n<li>Biztons\u00e1gosan n\u00f6veli a rendszer hangerej\u00e9t.<\/li>\n\n\n\n<li>Jav\u00edtja a hangmin\u0151s\u00e9get m\u00e9dia, h\u00edv\u00e1sok \u00e9s fejhallgat\u00f3k eset\u00e9n.<\/li>\n\n\n\n<li>Egyszer\u0171 \u00e9s intuit\u00edv fel\u00fclet minden felhaszn\u00e1l\u00f3 sz\u00e1m\u00e1ra.<\/li>\n<\/ul>\n\n\n\n    <div class=\"d-sm-block py-3 mx-auto px-3 mb-3\"\n        style=\"border-top: 1px solid rgb(204, 204, 204); border-bottom: 1px solid rgb(204, 204, 204);\">\n        <div class=\"text-center mb-4\">\n            <h6 class=\"pt-3 text-center text-gray-900 text-2xl title-font font-medium mb-12\">ALKALMAZ\u00c1S<\/h6>\n        <\/div>\n        <div class=\"row\">\n            <div class=\"col-lg-5 col-md-5 col-sm-12 mb-4 mb-lg-0\">\n                <img decoding=\"async\" alt=\"k\u00e1rtya\" style=\"height: 190px; object-fit: cover;\"\n                    class=\"w-100 h-100 object-cover object-center rounded border\" src=\"http:\/\/universofamilia.com\/wp-content\/uploads\/sites\/148\/2025\/01\/POST-PARA-APP-ARTIGO-8-1.jpg\">\n            <\/div>\n            <div class=\"col-lg-7 col-md-7 col-sm-12 d-flex flex-column justify-content-between\">\n                <h3 class=\"text-gray-900 text-3xl title-font font-medium mb-1\">Hanger\u0151n\u00f6vel\u0151<\/h3>\n\n                                    <div class=\"flex\">\n                                                    <span\n                                class=\"inline-block mx-2 py-1 mx-2 rounded text-xs font-medium tracking-widest text-uppercase mr-2 bg-green-50 text-green-700\">AUDIO ER\u0150S\u00cdT\u0150<\/span>\n                                            <\/div>\n                                <div class=\"d-block text-justify py-3\">A Volume Booster k\u00f6nnyed\u00e9n \u00e9s hat\u00e9konyan n\u00f6veli a mobiltelefon hangerej\u00e9t. Hangsz\u00f3r\u00f3kkal \u00e9s fejhallgat\u00f3kkal kompatibilis, \u00edgy er\u0151teljesebb hangz\u00e1st \u00e9lvezhet a min\u0151s\u00e9g roml\u00e1sa n\u00e9lk\u00fcl.<\/div>\n                <div class=\"mt-auto d-flex flex-column align-items-end\">\n                    <a class=\"d-inline-block text-center text-white border-0 py-2 px-8 text-lg focus:outline-none rounded bg-green-700 hover:bg-green-800 btn-block\"\n                        href=\"https:\/\/play.google.com\/store\/apps\/details?id=com.soulapps.superloud.volume.booster.sound.speaker\"                         data-analytics-label=\"landingPageFirstButton\" data-action=\"analytics#trackCTA\">\n                        Alkalmaz\u00e1s let\u00f6lt\u00e9se                    <\/a>\n                                            <div class=\"text-xs text-muted mt-3 d-block col-12 text-center\">\u00c1tir\u00e1ny\u00edtunk egy m\u00e1sik webhelyre<\/div>\n                                    <\/div>\n            <\/div>\n        <\/div>\n    <\/div>\n\n\n\n<h2 class=\"wp-block-heading\">Tov\u00e1bbi n\u00e9pszer\u0171 alkalmaz\u00e1sok a telefon hangerej\u00e9nek n\u00f6vel\u00e9s\u00e9re<\/h2>\n\n\n\n<p>Ha m\u00e9g t\u00f6bb lehet\u0151s\u00e9gre v\u00e1gysz, n\u00e9zd meg a Google Playen tal\u00e1lhat\u00f3 t\u00f6bbi, magasra \u00e9rt\u00e9kelt alkalmaz\u00e1st:<\/p>\n\n\n\n<h3 class=\"wp-block-heading\"><strong>Szuper nagy hanger\u0151n\u00f6vel\u0151<\/strong><\/h3>\n\n\n\n<p>Ez az alkalmaz\u00e1s t\u00f6k\u00e9letes azok sz\u00e1m\u00e1ra, akik extra hanger\u0151re v\u00e1gynak zen\u00e9hez, vide\u00f3khoz \u00e9s j\u00e1t\u00e9kokhoz.<\/p>\n\n\n\n<p>Optimaliz\u00e1l\u00f3 technol\u00f3gi\u00e1j\u00e1nak k\u00f6sz\u00f6nhet\u0151en lehet\u0151v\u00e9 teszi a hanger\u0151s\u00edt\u00e9st a min\u0151s\u00e9g fel\u00e1ldoz\u00e1sa n\u00e9lk\u00fcl.<\/p>\n\n\n\n<p><strong>F\u0151bb jellemz\u0151k:<\/strong><\/p>\n\n\n\n<ul>\n<li>Feler\u0151s\u00edti a hangsz\u00f3r\u00f3b\u00f3l \u00e9s a fejhallgat\u00f3b\u00f3l \u00e9rkez\u0151 hangot.<\/li>\n\n\n\n<li>Kompatibilis a k\u00fcl\u00f6nf\u00e9le m\u00e9diaalkalmaz\u00e1sokkal.<\/li>\n\n\n\n<li>Fejlett hangsz\u00ednszab\u00e1lyz\u00f3 a hang finomhangol\u00e1s\u00e1hoz.<\/li>\n<\/ul>\n\n\n\n<h3 class=\"wp-block-heading\"><strong>Hangsz\u00f3r\u00f3 Boost: Hanger\u0151 er\u0151s\u00edt\u0151 \u00e9s hanger\u0151n\u00f6vel\u0151<\/strong><\/h3>\n\n\n\n<p><strong>Hangsz\u00f3r\u00f3 er\u0151s\u00edt\u00e9se<\/strong> Ez egy hat\u00e9kony eszk\u00f6z a mobiltelefon hangj\u00e1nak feler\u0151s\u00edt\u00e9s\u00e9re bonyolult konfigur\u00e1ci\u00f3k n\u00e9lk\u00fcl.<\/p>\n\n\n\n<p>Ide\u00e1lis azok sz\u00e1m\u00e1ra, akik fejhallgat\u00f3t haszn\u00e1lnak \u00e9s nagyobb hangintenzit\u00e1sra v\u00e1gynak.<\/p>\n\n\n\n<p><strong>F\u0151bb jellemz\u0151k:<\/strong><\/p>\n\n\n\n<ul>\n<li>Biztons\u00e1gos hanger\u0151n\u00f6vel\u00e9s.<\/li>\n\n\n\n<li>Zajcs\u00f6kkent\u00e9s \u00e9s frekvenciaoptimaliz\u00e1l\u00e1s.<\/li>\n\n\n\n<li>K\u00f6nnyen haszn\u00e1lhat\u00f3, nincsenek speci\u00e1lis be\u00e1ll\u00edt\u00e1sok.<\/li>\n<\/ul>\n\n\n<div class=\"wp-block-image\">\n<figure class=\"aligncenter size-full\"><img loading=\"lazy\" decoding=\"async\" width=\"550\" height=\"350\" src=\"http:\/\/universofamilia.com\/wp-content\/uploads\/sites\/148\/2025\/01\/DESTAQUE-UNIVERSO-550-x-350-1-3.jpg\" alt=\"\" class=\"wp-image-8498\" srcset=\"https:\/\/universofamilia.com\/wp-content\/uploads\/sites\/148\/2025\/01\/DESTAQUE-UNIVERSO-550-x-350-1-3.jpg 550w, https:\/\/universofamilia.com\/wp-content\/uploads\/sites\/148\/2025\/01\/DESTAQUE-UNIVERSO-550-x-350-1-3-300x191.jpg 300w, https:\/\/universofamilia.com\/wp-content\/uploads\/sites\/148\/2025\/01\/DESTAQUE-UNIVERSO-550-x-350-1-3-18x12.jpg 18w\" sizes=\"(max-width: 550px) 100vw, 550px\" \/><figcaption class=\"wp-element-caption\">N\u00f6veld a mobiltelefonod hangerej\u00e9t<\/figcaption><\/figure><\/div>\n\n\n<h3 class=\"wp-block-heading\"><strong>Prec\u00edz hanger\u0151 \u2013 Fejlett hanger\u0151szab\u00e1lyoz\u00e1s<\/strong><\/h3>\n\n\n\n<p><strong>Pontos t\u00e9rfogat<\/strong> egy komplett alkalmaz\u00e1s, amely lecser\u00e9li az alap\u00e9rtelmezett Android hanger\u0151szab\u00e1lyz\u00f3t, lehet\u0151v\u00e9 t\u00e9ve a r\u00e9szletesebb \u00e9s pontosabb be\u00e1ll\u00edt\u00e1sokat.<\/p>\n\n\n\n<p><strong>F\u0151bb jellemz\u0151k:<\/strong><\/p>\n\n\n\n<ul>\n<li>Fejlett hanger\u0151szab\u00e1lyz\u00f3 t\u00f6bb mint 100 szinttel.<\/li>\n\n\n\n<li>Egyedi hangprofilok k\u00fcl\u00f6nb\u00f6z\u0151 helyzetekhez.<\/li>\n\n\n\n<li>Kompatibilis Bluetooth headsetekkel \u00e9s k\u00fcls\u0151 eszk\u00f6z\u00f6kkel.<\/li>\n<\/ul>\n\n\n\n<h2 class=\"wp-block-heading\">\u00d3vint\u00e9zked\u00e9sek a hanger\u0151n\u00f6vel\u0151 alkalmaz\u00e1sok haszn\u00e1latakor<\/h2>\n\n\n\n<p>B\u00e1r nagyon hasznosak, ezeket az alkalmaz\u00e1sokat felel\u0151ss\u00e9gteljesen kell haszn\u00e1lni:<\/p>\n\n\n\n<ul>\n<li><strong>Ker\u00fclje a t\u00falzott hanger\u0151t:<\/strong> A t\u00fal hangos hang maradand\u00f3 hall\u00e1sk\u00e1rosod\u00e1st okozhat.<\/li>\n\n\n\n<li><strong>V\u00e9dd a mobiltelefonod hangsz\u00f3r\u00f3it:<\/strong> A t\u00falzott er\u0151s\u00edt\u00e9s torz\u00edthatja vagy k\u00e1ros\u00edthatja az audio komponenseket.<\/li>\n\n\n\n<li><strong>Haszn\u00e1ljon min\u0151s\u00e9gi fejhallgat\u00f3t:<\/strong> A j\u00f3 fejhallgat\u00f3k jobb hang\u00e9lm\u00e9nyt garant\u00e1lnak an\u00e9lk\u00fcl, hogy t\u00fals\u00e1gosan fel kellene n\u00f6velni a hanger\u0151t.<\/li>\n<\/ul>\n\n\n\n<h2 class=\"wp-block-heading\">K\u00f6vetkeztet\u00e9s<\/h2>\n\n\n\n<p>A hanger\u0151n\u00f6vel\u0151 alkalmaz\u00e1sok nagyszer\u0171 sz\u00f6vets\u00e9gesek azok sz\u00e1m\u00e1ra, akik jav\u00edtani szeretn\u00e9k mobiltelefonjuk hangmin\u0151s\u00e9g\u00e9t.<\/p>\n\n\n\n<p>Ak\u00e1r vide\u00f3kat n\u00e9zel, zen\u00e9t hallgatsz, vagy j\u00e1t\u00e9kokat j\u00e1tszol, ezek az eszk\u00f6z\u00f6k mindent megv\u00e1ltoztatnak. V\u00e1laszd ki az ig\u00e9nyeidnek legink\u00e1bb megfelel\u0151 alkalmaz\u00e1st, \u00e9s \u00e9lvezd a hangosabb, tiszt\u00e1bb hangz\u00e1st!<\/p>\n\n\n\n<p>Tetszettek ezek a tippek? Oszd meg \u0151ket a bar\u00e1taiddal, akik szint\u00e9n szeretn\u00e9k jav\u00edtani a mobiltelefonjuk hangz\u00e1s\u00e1t!<\/p>\n\n\n\n<h3 class=\"wp-block-heading\">Gyakran ism\u00e9telt k\u00e9rd\u00e9sek<\/h3>\n\n\n\n<h4 class=\"wp-block-heading\">1. Biztons\u00e1gos-e alkalmaz\u00e1sokat haszn\u00e1lni a mobiltelefon hangerej\u00e9nek n\u00f6vel\u00e9s\u00e9re?<\/h4>\n\n\n\n<p>Igen, m\u00e9rt\u00e9kkel haszn\u00e1lva. A hanger\u0151 t\u00fal magasra emel\u00e9se k\u00e1ros\u00edthatja a k\u00e9sz\u00fcl\u00e9k hangsz\u00f3r\u00f3it, \u00e9s ha hossz\u00fa ideig nagyon magas hanger\u0151n haszn\u00e1lj\u00e1k, az hall\u00e1st is befoly\u00e1solhat.<\/p>\n\n\n\n<h4 class=\"wp-block-heading\">2. Melyik a legjobb alkalmaz\u00e1s a mobiltelefon hangj\u00e1nak feler\u0151s\u00edt\u00e9s\u00e9re?<\/h4>\n\n\n\n<p>N\u00e9h\u00e1ny a legjobb alkalmaz\u00e1sok k\u00f6z\u00fcl: <strong>GOODEV hanger\u0151n\u00f6vel\u0151<\/strong>, <strong>Equalizer FX \u2013 Hanger\u0151s\u00edt\u00e9s<\/strong> \u00e9s <strong>Hanger\u0151n\u00f6vel\u0151<\/strong>Ezek az eszk\u00f6z\u00f6k k\u00f6nnyen haszn\u00e1lhat\u00f3ak \u00e9s jelent\u0151sen jav\u00edtj\u00e1k a k\u00e9sz\u00fcl\u00e9k hangz\u00e1s\u00e1t.<\/p>\n\n\n\n<h4 class=\"wp-block-heading\">3. Jav\u00edthatj\u00e1k-e a hanger\u0151szab\u00e1lyz\u00f3 alkalmaz\u00e1sok a hangmin\u0151s\u00e9get?<\/h4>\n\n\n\n<p>Igen, sok alkalmaz\u00e1s nemcsak a hanger\u0151t n\u00f6veli, hanem a hangmin\u0151s\u00e9get is optimaliz\u00e1lja olyan hangsz\u00ednszab\u00e1lyz\u00f3kkal \u00e9s effektekkel, mint a basszuskiemel\u00e9s \u00e9s a virtualiz\u00e1ci\u00f3.<\/p>\n\n\n\n<h4 class=\"wp-block-heading\">4. Haszn\u00e1lhatom ezeket az alkalmaz\u00e1sokat Bluetooth fejhallgat\u00f3val \u00e9s hangsz\u00f3r\u00f3val?<\/h4>\n\n\n\n<p>Igen, ezek az alkalmaz\u00e1sok t\u00f6bbnyire vezet\u00e9kes fejhallgat\u00f3val, Bluetooth-szal \u00e9s k\u00fcls\u0151 hangsz\u00f3r\u00f3kkal is m\u0171k\u00f6dnek. A hangmin\u0151s\u00e9g azonban a haszn\u00e1lt eszk\u00f6zt\u0151l f\u00fcgg.<\/p>\n\n\n\n<h4 class=\"wp-block-heading\">5. K\u00e1ros\u00edthatja a telefonomat a t\u00fal hanger\u0151?<\/h4>\n\n\n\n<p>Igen, ha felel\u0151tlen\u00fcl haszn\u00e1lj\u00e1k. A hanger\u0151 t\u00fal magasra \u00e1ll\u00edt\u00e1sa torz\u00edt\u00e1st okozhat, s\u0151t ak\u00e1r a k\u00e9sz\u00fcl\u00e9k bels\u0151 hangsz\u00f3r\u00f3inak k\u00e1rosod\u00e1s\u00e1t is okozhatja.<\/p>\n\n\n\n<h4 class=\"wp-block-heading\">6. A hanger\u0151szab\u00e1lyz\u00f3 alkalmaz\u00e1sok kompatibilisek minden Android-eszk\u00f6zzel?<\/h4>\n\n\n\n<p>A legt\u00f6bb m\u0171k\u00f6dik az Android leg\u00fajabb verzi\u00f3ival, de egyesek nem biztos, hogy kompatibilisek bizonyos telefonmodellekkel vagy -m\u00e1rk\u00e1kkal.<\/p>\n\n\n\n<h4 class=\"wp-block-heading\">7. Haszn\u00e1lhat\u00f3k ezek az alkalmaz\u00e1sok iPhone-on?<\/h4>\n\n\n\n<p>N\u00e9h\u00e1ny alkalmaz\u00e1s el\u00e9rhet\u0151 iOS-re, de az Apple oper\u00e1ci\u00f3s rendszer\u00e9nek korl\u00e1toz\u00e1sai az Androidhoz k\u00e9pest korl\u00e1tozz\u00e1k a funkcionalit\u00e1sukat.<\/p>","protected":false},"excerpt":{"rendered":"<p>\u00bfAlguna vez has estado viendo un video o escuchando m\u00fasica en tu celular y sentiste que el sonido era demasiado bajo, incluso con el volumen al m\u00e1ximo? Equipo de soporte Explora las aplicaciones a continuaci\u00f3n o contacta a nuestro equipo de soporte, ind\u00edcanos el tipo de perfil que buscas y te ayudaremos a encontrar la [&hellip;]<\/p>","protected":false},"author":139,"featured_media":8498,"comment_status":"closed","ping_status":"open","sticky":false,"template":"","format":"standard","meta":{"footnotes":""},"categories":[2],"tags":[1782,1778,1781,1780,1779],"yoast_head":"<!-- This site is optimized with the Yoast SEO plugin v23.3 - https:\/\/yoast.com\/wordpress\/plugins\/seo\/ -->\n<title>Mejora el volumen de tu celular - Universo Fam\u00edlia<\/title>\n<meta name=\"description\" content=\"Mejora el volumen de tu celular. \u00bfAlguna vez has estado viendo un video o escuchando m\u00fasica en tu celular y sentiste que el sonido era...\" \/>\n<meta name=\"robots\" content=\"index, follow, max-snippet:-1, max-image-preview:large, max-video-preview:-1\" \/>\n<link rel=\"canonical\" href=\"https:\/\/universofamilia.com\/hu\/mejora-el-volumen-de-tu-celular\/\" \/>\n<meta property=\"og:locale\" content=\"hu_HU\" \/>\n<meta property=\"og:type\" content=\"article\" \/>\n<meta property=\"og:title\" content=\"Mejora el volumen de tu celular - Universo Fam\u00edlia\" \/>\n<meta property=\"og:description\" content=\"Mejora el volumen de tu celular. \u00bfAlguna vez has estado viendo un video o escuchando m\u00fasica en tu celular y sentiste que el sonido era...\" \/>\n<meta property=\"og:url\" content=\"https:\/\/universofamilia.com\/hu\/mejora-el-volumen-de-tu-celular\/\" \/>\n<meta property=\"og:site_name\" content=\"Universo Fam\u00edlia\" \/>\n<meta property=\"article:published_time\" content=\"2025-01-30T18:39:52+00:00\" \/>\n<meta property=\"article:modified_time\" content=\"2025-01-30T18:39:53+00:00\" \/>\n<meta property=\"og:image\" content=\"https:\/\/universofamilia.com\/wp-content\/uploads\/sites\/148\/2025\/01\/DESTAQUE-UNIVERSO-550-x-350-1-3.jpg\" \/>\n\t<meta property=\"og:image:width\" content=\"550\" \/>\n\t<meta property=\"og:image:height\" content=\"350\" \/>\n\t<meta property=\"og:image:type\" content=\"image\/jpeg\" \/>\n<meta name=\"author\" content=\"Pedro Henrique\" \/>\n<meta name=\"twitter:card\" content=\"summary_large_image\" \/>\n<meta name=\"twitter:label1\" content=\"Written by\" \/>\n\t<meta name=\"twitter:data1\" content=\"Pedro Henrique\" \/>\n\t<meta name=\"twitter:label2\" content=\"Est. reading time\" \/>\n\t<meta name=\"twitter:data2\" content=\"6 perc\" \/>\n<script type=\"application\/ld+json\" class=\"yoast-schema-graph\">{\"@context\":\"https:\/\/schema.org\",\"@graph\":[{\"@type\":\"WebPage\",\"@id\":\"https:\/\/universofamilia.com\/da\/mejora-el-volumen-de-tu-celular\/\",\"url\":\"https:\/\/universofamilia.com\/da\/mejora-el-volumen-de-tu-celular\/\",\"name\":\"Mejora el volumen de tu celular - Universo Fam\u00edlia\",\"isPartOf\":{\"@id\":\"https:\/\/universofamilia.com\/el\/#website\"},\"primaryImageOfPage\":{\"@id\":\"https:\/\/universofamilia.com\/da\/mejora-el-volumen-de-tu-celular\/#primaryimage\"},\"image\":{\"@id\":\"https:\/\/universofamilia.com\/da\/mejora-el-volumen-de-tu-celular\/#primaryimage\"},\"thumbnailUrl\":\"https:\/\/universofamilia.com\/wp-content\/uploads\/sites\/148\/2025\/01\/DESTAQUE-UNIVERSO-550-x-350-1-3.jpg\",\"datePublished\":\"2025-01-30T18:39:52+00:00\",\"dateModified\":\"2025-01-30T18:39:53+00:00\",\"author\":{\"@id\":\"https:\/\/universofamilia.com\/el\/#\/schema\/person\/f07ce98187dd84d31154262e79b3b7ca\"},\"description\":\"Mejora el volumen de tu celular. \u00bfAlguna vez has estado viendo un video o escuchando m\u00fasica en tu celular y sentiste que el sonido era...\",\"breadcrumb\":{\"@id\":\"https:\/\/universofamilia.com\/da\/mejora-el-volumen-de-tu-celular\/#breadcrumb\"},\"inLanguage\":\"hu\",\"potentialAction\":[{\"@type\":\"ReadAction\",\"target\":[\"https:\/\/universofamilia.com\/da\/mejora-el-volumen-de-tu-celular\/\"]}]},{\"@type\":\"ImageObject\",\"inLanguage\":\"hu\",\"@id\":\"https:\/\/universofamilia.com\/da\/mejora-el-volumen-de-tu-celular\/#primaryimage\",\"url\":\"https:\/\/universofamilia.com\/wp-content\/uploads\/sites\/148\/2025\/01\/DESTAQUE-UNIVERSO-550-x-350-1-3.jpg\",\"contentUrl\":\"https:\/\/universofamilia.com\/wp-content\/uploads\/sites\/148\/2025\/01\/DESTAQUE-UNIVERSO-550-x-350-1-3.jpg\",\"width\":550,\"height\":350,\"caption\":\"Mejora el volumen de tu celular\"},{\"@type\":\"BreadcrumbList\",\"@id\":\"https:\/\/universofamilia.com\/da\/mejora-el-volumen-de-tu-celular\/#breadcrumb\",\"itemListElement\":[{\"@type\":\"ListItem\",\"position\":1,\"name\":\"Home\",\"item\":\"https:\/\/universofamilia.com\/el\/\"},{\"@type\":\"ListItem\",\"position\":2,\"name\":\"Mejora el volumen de tu celular\"}]},{\"@type\":\"WebSite\",\"@id\":\"https:\/\/universofamilia.com\/el\/#website\",\"url\":\"https:\/\/universofamilia.com\/el\/\",\"name\":\"Universo Fam\u00edlia\",\"description\":\"\",\"potentialAction\":[{\"@type\":\"SearchAction\",\"target\":{\"@type\":\"EntryPoint\",\"urlTemplate\":\"https:\/\/universofamilia.com\/el\/?s={search_term_string}\"},\"query-input\":\"required name=search_term_string\"}],\"inLanguage\":\"hu\"},{\"@type\":\"Person\",\"@id\":\"https:\/\/universofamilia.com\/el\/#\/schema\/person\/f07ce98187dd84d31154262e79b3b7ca\",\"name\":\"Pedro Henrique\",\"image\":{\"@type\":\"ImageObject\",\"inLanguage\":\"hu\",\"@id\":\"https:\/\/universofamilia.com\/el\/#\/schema\/person\/image\/\",\"url\":\"https:\/\/secure.gravatar.com\/avatar\/9edfeb808cb4e1599f64d6e45b130154?s=96&d=mm&r=g\",\"contentUrl\":\"https:\/\/secure.gravatar.com\/avatar\/9edfeb808cb4e1599f64d6e45b130154?s=96&d=mm&r=g\",\"caption\":\"Pedro Henrique\"},\"url\":\"https:\/\/universofamilia.com\/hu\/author\/editor01\/\"}]}<\/script>\n<!-- \/ Yoast SEO plugin. -->","yoast_head_json":{"title":"Mejora el volumen de tu celular - Universo Fam\u00edlia","description":"Mejora el volumen de tu celular. \u00bfAlguna vez has estado viendo un video o escuchando m\u00fasica en tu celular y sentiste que el sonido era...","robots":{"index":"index","follow":"follow","max-snippet":"max-snippet:-1","max-image-preview":"max-image-preview:large","max-video-preview":"max-video-preview:-1"},"canonical":"https:\/\/universofamilia.com\/hu\/mejora-el-volumen-de-tu-celular\/","og_locale":"hu_HU","og_type":"article","og_title":"Mejora el volumen de tu celular - Universo Fam\u00edlia","og_description":"Mejora el volumen de tu celular. \u00bfAlguna vez has estado viendo un video o escuchando m\u00fasica en tu celular y sentiste que el sonido era...","og_url":"https:\/\/universofamilia.com\/hu\/mejora-el-volumen-de-tu-celular\/","og_site_name":"Universo Fam\u00edlia","article_published_time":"2025-01-30T18:39:52+00:00","article_modified_time":"2025-01-30T18:39:53+00:00","og_image":[{"width":550,"height":350,"url":"https:\/\/universofamilia.com\/wp-content\/uploads\/sites\/148\/2025\/01\/DESTAQUE-UNIVERSO-550-x-350-1-3.jpg","type":"image\/jpeg"}],"author":"Pedro Henrique","twitter_card":"summary_large_image","twitter_misc":{"Written by":"Pedro Henrique","Est. reading time":"6 perc"},"schema":{"@context":"https:\/\/schema.org","@graph":[{"@type":"WebPage","@id":"https:\/\/universofamilia.com\/da\/mejora-el-volumen-de-tu-celular\/","url":"https:\/\/universofamilia.com\/da\/mejora-el-volumen-de-tu-celular\/","name":"Mejora el volumen de tu celular - Universo Fam\u00edlia","isPartOf":{"@id":"https:\/\/universofamilia.com\/el\/#website"},"primaryImageOfPage":{"@id":"https:\/\/universofamilia.com\/da\/mejora-el-volumen-de-tu-celular\/#primaryimage"},"image":{"@id":"https:\/\/universofamilia.com\/da\/mejora-el-volumen-de-tu-celular\/#primaryimage"},"thumbnailUrl":"https:\/\/universofamilia.com\/wp-content\/uploads\/sites\/148\/2025\/01\/DESTAQUE-UNIVERSO-550-x-350-1-3.jpg","datePublished":"2025-01-30T18:39:52+00:00","dateModified":"2025-01-30T18:39:53+00:00","author":{"@id":"https:\/\/universofamilia.com\/el\/#\/schema\/person\/f07ce98187dd84d31154262e79b3b7ca"},"description":"Mejora el volumen de tu celular. \u00bfAlguna vez has estado viendo un video o escuchando m\u00fasica en tu celular y sentiste que el sonido era...","breadcrumb":{"@id":"https:\/\/universofamilia.com\/da\/mejora-el-volumen-de-tu-celular\/#breadcrumb"},"inLanguage":"hu","potentialAction":[{"@type":"ReadAction","target":["https:\/\/universofamilia.com\/da\/mejora-el-volumen-de-tu-celular\/"]}]},{"@type":"ImageObject","inLanguage":"hu","@id":"https:\/\/universofamilia.com\/da\/mejora-el-volumen-de-tu-celular\/#primaryimage","url":"https:\/\/universofamilia.com\/wp-content\/uploads\/sites\/148\/2025\/01\/DESTAQUE-UNIVERSO-550-x-350-1-3.jpg","contentUrl":"https:\/\/universofamilia.com\/wp-content\/uploads\/sites\/148\/2025\/01\/DESTAQUE-UNIVERSO-550-x-350-1-3.jpg","width":550,"height":350,"caption":"Mejora el volumen de tu celular"},{"@type":"BreadcrumbList","@id":"https:\/\/universofamilia.com\/da\/mejora-el-volumen-de-tu-celular\/#breadcrumb","itemListElement":[{"@type":"ListItem","position":1,"name":"Home","item":"https:\/\/universofamilia.com\/el\/"},{"@type":"ListItem","position":2,"name":"Mejora el volumen de tu celular"}]},{"@type":"WebSite","@id":"https:\/\/universofamilia.com\/el\/#website","url":"https:\/\/universofamilia.com\/el\/","name":"Universo Fam\u00edlia","description":"","potentialAction":[{"@type":"SearchAction","target":{"@type":"EntryPoint","urlTemplate":"https:\/\/universofamilia.com\/el\/?s={search_term_string}"},"query-input":"required name=search_term_string"}],"inLanguage":"hu"},{"@type":"Person","@id":"https:\/\/universofamilia.com\/el\/#\/schema\/person\/f07ce98187dd84d31154262e79b3b7ca","name":"Pedro Henrique","image":{"@type":"ImageObject","inLanguage":"hu","@id":"https:\/\/universofamilia.com\/el\/#\/schema\/person\/image\/","url":"https:\/\/secure.gravatar.com\/avatar\/9edfeb808cb4e1599f64d6e45b130154?s=96&d=mm&r=g","contentUrl":"https:\/\/secure.gravatar.com\/avatar\/9edfeb808cb4e1599f64d6e45b130154?s=96&d=mm&r=g","caption":"Pedro Henrique"},"url":"https:\/\/universofamilia.com\/hu\/author\/editor01\/"}]}},"_links":{"self":[{"href":"https:\/\/universofamilia.com\/hu\/wp-json\/wp\/v2\/posts\/8497"}],"collection":[{"href":"https:\/\/universofamilia.com\/hu\/wp-json\/wp\/v2\/posts"}],"about":[{"href":"https:\/\/universofamilia.com\/hu\/wp-json\/wp\/v2\/types\/post"}],"author":[{"embeddable":true,"href":"https:\/\/universofamilia.com\/hu\/wp-json\/wp\/v2\/users\/139"}],"replies":[{"embeddable":true,"href":"https:\/\/universofamilia.com\/hu\/wp-json\/wp\/v2\/comments?post=8497"}],"version-history":[{"count":1,"href":"https:\/\/universofamilia.com\/hu\/wp-json\/wp\/v2\/posts\/8497\/revisions"}],"predecessor-version":[{"id":8502,"href":"https:\/\/universofamilia.com\/hu\/wp-json\/wp\/v2\/posts\/8497\/revisions\/8502"}],"wp:featuredmedia":[{"embeddable":true,"href":"https:\/\/universofamilia.com\/hu\/wp-json\/wp\/v2\/media\/8498"}],"wp:attachment":[{"href":"https:\/\/universofamilia.com\/hu\/wp-json\/wp\/v2\/media?parent=8497"}],"wp:term":[{"taxonomy":"category","embeddable":true,"href":"https:\/\/universofamilia.com\/hu\/wp-json\/wp\/v2\/categories?post=8497"},{"taxonomy":"post_tag","embeddable":true,"href":"https:\/\/universofamilia.com\/hu\/wp-json\/wp\/v2\/tags?post=8497"}],"curies":[{"name":"wp","href":"https:\/\/api.w.org\/{rel}","templated":true}]}}