{"id":8509,"date":"2025-01-31T00:20:05","date_gmt":"2025-01-31T00:20:05","guid":{"rendered":"http:\/\/universofamilia.com\/?p=8509"},"modified":"2025-01-31T00:20:08","modified_gmt":"2025-01-31T00:20:08","slug":"veja-el-aplicativo-spirit","status":"publish","type":"post","link":"https:\/\/universofamilia.com\/hu\/veja-el-aplicativo-spirit\/","title":{"rendered":"Tekintse meg a Spirit alkalmaz\u00e1st: Lelki kalauz"},"content":{"rendered":"<p>\u00c9rezted m\u00e1r \u00fagy, hogy van valami a l\u00e1that\u00e1ron t\u00fal is?<\/p>\n\n\n\n<p>A spiritu\u00e1lis univerzum mindig is felkeltette a k\u00edv\u00e1ncsis\u00e1got \u00e9s a leny\u0171g\u00f6z\u0151 l\u00e1tv\u00e1nyt, \u00e9s most, a technol\u00f3gia fejl\u0151d\u00e9s\u00e9vel, k\u00f6nnyebb\u00e9 v\u00e1lt ennek a dimenzi\u00f3nak a felfedez\u00e9se.<\/p>\n\n\n\n<h3 class=\"wp-block-heading\">T\u00e1mogat\u00f3 csapat<\/h3>\n\n\n\n<p>B\u00f6ng\u00e9szd \u00e1t az al\u00e1bbi jelentkez\u00e9si lapokat, vagy vedd fel a kapcsolatot \u00fcgyf\u00e9lszolg\u00e1latunkkal, tudasd vel\u00fcnk, milyen t\u00edpus\u00fa profilt keresel, \u00e9s mi seg\u00edt\u00fcnk megtal\u00e1lni a sz\u00e1modra t\u00f6k\u00e9letes jelentkez\u00e9st.<\/p>\n\n\n    <section class=\"mx-1 my-10\">\n                                                <a href=\"https:\/\/www.messenger.com\/login.php?next=https%3A%2F%2Fwww.messenger.com%2Ft%2F110263563681990%2F%3Fref%3Dw30174560--utm_campaign%253D%257B%257Badset.id%257D%257D%26messaging_source%3Dsource%253Apages%253Amessage_shortlink%26source_id%3D1441792%26recurring_notification%3D0\" class=\"text-white\" data-analytics-label=\"optionsButton\"\n                    data-action=\"analytics#trackCTA\">\n                    <div data-options-target=\"option\"\n                        class=\"custom-section rounded-xl border p-3 shadow-md w-full bg-green-700 my-3\">\n                        <div class=\"flex w-full items-center justify-between\">\n                            <div class=\"flex items-center space-x-3\">\n                                <div class=\"text-lg font-bold\">\n                                    Besz\u00e9lget\u00e9s ind\u00edt\u00e1sa \u279d\n                                <\/div>\n                            <\/div>\n                        <\/div>\n                    <\/div>\n                <\/a>\n                            <p class=\"text-xs text-gray-500 text-right\"\n            style=\"margin-left: 50%; margin-bottom: 50px; margin-top: 5px;\">\n            <!-- You will be redirected to another website -->\n        <\/p>\n    <\/section>\n\n\n\n\n<p>A \u201eSpirit: Spiritu\u00e1lis \u00datmutat\u00f3\u201d alkalmaz\u00e1st az \u00f6nismeret keres\u00e9s\u00e9nek seg\u00edt\u00e9s\u00e9re fejlesztett\u00e9k ki, olyan eszk\u00f6z\u00f6ket biztos\u00edtva, amelyek el\u0151seg\u00edtik a finom energi\u00e1kkal \u00e9s a szem\u00e9lyes fejl\u0151d\u00e9ssel kapcsolatos folyamatokat.<\/p>\n\n\n\n<p>Ha szeretn\u00e9d felfedezni a Tarot, a horoszk\u00f3pok \u00e9s a spiritu\u00e1lis rezg\u00e9sek rejtelmeit, ez az \u00fatmutat\u00f3 megmutatja, hogyan lehet ez az alkalmaz\u00e1s nagyszer\u0171 sz\u00f6vets\u00e9gesed az utadon.<\/p>\n\n\n\n<h2 class=\"wp-block-heading\">Fedezd fel az \u00f6nismeret leny\u0171g\u00f6z\u0151 \u00fatj\u00e1t<\/h2>\n\n\n\n<p>Az \u00f6nismeret a szem\u00e9lyes \u00e9s spiritu\u00e1lis fejl\u0151d\u00e9s egyik kulcsa.<\/p>\n\n\n\n<p>A \u201eSpirit: Spiritu\u00e1lis \u00datmutat\u00f3\u201d alkalmaz\u00e1st az\u00e9rt fejlesztett\u00e9k ki, hogy seg\u00edtsen ezen az \u00faton, \u00e9rt\u00e9kes betekint\u00e9st ny\u00fajtva az \u00e9letedbe, az \u00e9rzelmeidbe \u00e9s a vil\u00e1gegyetemmel val\u00f3 kapcsolatodba.<\/p>\n\n\n\n<p>Az alkalmaz\u00e1s olyan eszk\u00f6z\u00f6kkel rendelkezik, amelyek \u00f6szt\u00f6nzik a reflexi\u00f3t \u00e9s az \u00f6nelemz\u00e9st, vezetett medit\u00e1ci\u00f3kat, napi horoszk\u00f3pokat \u00e9s szem\u00e9lyre szabott olvasm\u00e1nyokat k\u00edn\u00e1lnak, hogy jobban meg\u00e9rtsd a v\u00e1laszt\u00e1saidat \u00e9s az utaidat.<\/p>\n\n\n\n<p>A c\u00e9l a bels\u0151 n\u00f6veked\u00e9s \u00e9s az \u00e9rzelmi meger\u0151s\u00f6d\u00e9s folyamat\u00e1nak el\u0151seg\u00edt\u00e9se.<\/p>\n\n\n\n<p><\/p>\n\n\n\n<hr class=\"wp-block-separator has-alpha-channel-opacity is-style-wide\" \/>\n\n\n\n<h5 class=\"wp-block-heading has-text-align-center\"><strong>Mit szeretn\u00e9l csin\u00e1lni?<\/strong><\/h5>\n\n\n    <section class=\"mx-1 my-10\">\n                                                <div data-options-target=\"option\" class=\"custom-section rounded-xl border p-3 shadow-md w-full bg-green-700 my-3\">\n                    <div class=\"flex w-full items-center justify-between\">\n                        <div class=\"flex items-center space-x-3\">\n                            <div class=\"text-lg font-bold\">\n                                Tanulj meg git\u00e1rozni                            <\/div>\n                        <\/div>\n                        <div class=\"flex items-center space-x-8\">\n                            <a href=\"https:\/\/universofamilia.com\/hu\/aprende-a-tocar-guitarra-con-simply-guitar\/\"\n                                class=\"custom-cta rounded-2xl border bg-green-800 hover:bg-green-900 px-3 py-1 text-xs font-semibold\"\n                                data-analytics-label=\"optionsButton\" data-action=\"analytics#trackCTA\">\n                                Kattints ide \u279d\n                            <\/a>\n                        <\/div>\n                    <\/div>\n                <\/div>\n                                                            <div data-options-target=\"option\" class=\"custom-section rounded-xl border p-3 shadow-md w-full bg-green-700 my-3\">\n                    <div class=\"flex w-full items-center justify-between\">\n                        <div class=\"flex items-center space-x-3\">\n                            <div class=\"text-lg font-bold\">\n                                \u00daj ingyenes GPS-alkalmaz\u00e1sok 2025-ben                            <\/div>\n                        <\/div>\n                        <div class=\"flex items-center space-x-8\">\n                            <a href=\"https:\/\/universofamilia.com\/hu\/nuevas-aplicaciones-gps-gratis-2025\/\"\n                                class=\"custom-cta rounded-2xl border bg-green-800 hover:bg-green-900 px-3 py-1 text-xs font-semibold\"\n                                data-analytics-label=\"optionsButton\" data-action=\"analytics#trackCTA\">\n                                Kattints ide \u279d\n                            <\/a>\n                        <\/div>\n                    <\/div>\n                <\/div>\n                                                            <div data-options-target=\"option\" class=\"custom-section rounded-xl border p-3 shadow-md w-full bg-green-700 my-3\">\n                    <div class=\"flex w-full items-center justify-between\">\n                        <div class=\"flex items-center space-x-3\">\n                            <div class=\"text-lg font-bold\">\n                                A legjobb alkalmaz\u00e1sok n\u0151k megismer\u00e9s\u00e9re                            <\/div>\n                        <\/div>\n                        <div class=\"flex items-center space-x-8\">\n                            <a href=\"https:\/\/universofamilia.com\/hu\/mejores-apps-para-conocer-a-una-mujer\/\"\n                                class=\"custom-cta rounded-2xl border bg-green-800 hover:bg-green-900 px-3 py-1 text-xs font-semibold\"\n                                data-analytics-label=\"optionsButton\" data-action=\"analytics#trackCTA\">\n                                Kattints ide \u279d\n                            <\/a>\n                        <\/div>\n                    <\/div>\n                <\/div>\n                            <p class=\"text-xs text-gray-500 text-right hidden\"\n            style=\"margin-left: 50%; margin-bottom: 50px; margin-top: 5px;\">\n            <!-- You will be redirected to another website -->\n        <\/p>\n    <\/section>\n\n\n\n\n<p class=\"has-text-align-right\"><em><strong><em><strong><em><strong><em><strong><em><strong>Olvass tov\u00e1bb!<\/strong><\/em><\/strong><\/em><\/strong><\/em><\/strong><\/em><\/strong><\/em><\/p>\n\n\n\n<hr class=\"wp-block-separator has-alpha-channel-opacity is-style-wide\" \/>\n\n\n\n<p><\/p>\n\n\n\n<h2 class=\"wp-block-heading\">F\u0151bb pontok<\/h2>\n\n\n\n<ul>\n<li>Fedezze fel az alkalmaz\u00e1st <em>Szellem: Spiritu\u00e1lis vezet\u0151<\/em> \u00e9s fedezz fel egy k\u00fcl\u00f6nleges, misztikus vil\u00e1got.<\/li>\n\n\n\n<li>Hozz\u00e1f\u00e9r\u00e9s a tarot k\u00e1rty\u00e1hoz, horoszk\u00f3pokhoz, spiritu\u00e1lis r\u00e1di\u00f3hoz \u00e9s szem\u00e9lyis\u00e9gfejleszt\u0151 k\u00f6nyvekhez egy helyen.<\/li>\n\n\n\n<li>N\u00f6veld az \u00f6nismeretedet \u00e9s fedezd fel val\u00f3di sorsodat ezzel az \u00e1talak\u00edt\u00f3 eszk\u00f6zzel.<\/li>\n\n\n\n<li>Kapcsol\u00f3dj m\u00e9lyen a spiritualit\u00e1sodhoz, \u00e9s tal\u00e1ld meg a bels\u0151 harm\u00f3ni\u00e1t.<\/li>\n\n\n\n<li>L\u00e9gy a saj\u00e1t szem\u00e9lyes fejl\u0151d\u00e9sed \u00e9s \u00e1talakul\u00e1sod f\u0151szerepl\u0151je.<\/li>\n<\/ul>\n\n\n\n<h2 class=\"wp-block-heading\">Fedezd fel a Tarot \u00e9s a horoszk\u00f3pok univerzum\u00e1t<\/h2>\n\n\n\n<p>A \u201eSzellem: Spiritu\u00e1lis kalauz\u201d \u00e1tfog\u00f3 megk\u00f6zel\u00edt\u00e9st k\u00edn\u00e1l azok sz\u00e1m\u00e1ra, akik a tarot \u00e9s a horoszk\u00f3pok misztikus vil\u00e1g\u00e1t szeretn\u00e9k felfedezni.<\/p>\n\n\n\n<p>R\u00e9szletes olvasm\u00e1nyokkal \u00e9s m\u00e9lyrehat\u00f3 elemz\u00e9sekkel felt\u00e1rhatod a rejtett \u00fczeneteket, \u00e9s jobban meg\u00e9rtheted az univerzum \u00e1ltal k\u00fcld\u00f6tt jeleket.<\/p>\n\n\n\n<p>A Tarot egy \u0151si eszk\u00f6z, amely a jelen, a m\u00falt \u00e9s a j\u00f6v\u0151 megismer\u00e9s\u00e9re szolg\u00e1l.<\/p>\n\n\n\n<p>Az alkalmaz\u00e1s lehet\u0151v\u00e9 teszi, hogy naponta k\u00e1rty\u00e1kat h\u00fazzon, \u00e9s pontos \u00e9rtelmez\u00e9seket kapjon az aktu\u00e1lis helyzete alapj\u00e1n.<\/p>\n\n\n\n<p>A napi horoszk\u00f3pok seg\u00edtenek abban is, hogy tiszt\u00e1bban tervezd meg a napodat, kihaszn\u00e1lva az asztrol\u00f3giai energi\u00e1kat.<\/p>\n\n\n\n<h2 class=\"wp-block-heading\">Szem\u00e9lyre szabott olvasm\u00e1nyok az \u00f6nrendelkez\u00e9sed\u00e9rt<\/h2>\n\n\n\n<p>Minden ember egyedi, ez\u00e9rt a \u201eSzellem: Spiritu\u00e1lis \u00datmutat\u00f3\u201d szem\u00e9lyre szabott olvasm\u00e1nyokat k\u00edn\u00e1l az \u00f6nismeret \u00e9s a szem\u00e9lyes meger\u0151s\u00edt\u00e9s el\u0151seg\u00edt\u00e9s\u00e9re.<\/p>\n\n\n\n<p>Az \u00e9leteddel kapcsolatos inform\u00e1ci\u00f3k megad\u00e1s\u00e1val a val\u00f3s\u00e1godhoz igaz\u00edtott \u00e9rtelmez\u00e9seket kapsz, amelyek ir\u00e1nymutat\u00e1st \u00e9s egy\u00e9rtelm\u0171s\u00e9get biztos\u00edtanak.<\/p>\n\n\n\n<p>Ezek az elemz\u00e9sek magukban foglalj\u00e1k a jegyed elemz\u00e9s\u00e9t, az energetikai \u00f6sszhangodat, az asztrol\u00f3giai j\u00f3slatokat \u00e9s a Tarot k\u00e1rty\u00e1n alapul\u00f3 \u00fatmutat\u00e1st. Mindez seg\u00edt abban, hogy tudatosabb d\u00f6nt\u00e9seket hozz, \u00f6sszhangban az \u00e9letc\u00e9loddal.<\/p>\n\n\n\n    <div class=\"d-sm-block py-3 mx-auto px-3 mb-3\"\n        style=\"border-top: 1px solid rgb(204, 204, 204); border-bottom: 1px solid rgb(204, 204, 204);\">\n        <div class=\"text-center mb-4\">\n            <h6 class=\"pt-3 text-center text-gray-900 text-2xl title-font font-medium mb-12\">ALKALMAZ\u00c1S<\/h6>\n        <\/div>\n        <div class=\"row\">\n            <div class=\"col-lg-5 col-md-5 col-sm-12 mb-4 mb-lg-0\">\n                <img decoding=\"async\" alt=\"k\u00e1rtya\" style=\"height: 190px; object-fit: cover;\"\n                    class=\"w-100 h-100 object-cover object-center rounded border\" src=\"http:\/\/universofamilia.com\/wp-content\/uploads\/sites\/148\/2025\/01\/POST-PARA-APP-ARTIGO-12-1.jpg\">\n            <\/div>\n            <div class=\"col-lg-7 col-md-7 col-sm-12 d-flex flex-column justify-content-between\">\n                <h3 class=\"text-gray-900 text-3xl title-font font-medium mb-1\">Szellemdetektor Pro Radar<\/h3>\n\n                                    <div class=\"flex\">\n                                                    <span\n                                class=\"inline-block mx-2 py-1 mx-2 rounded text-xs font-medium tracking-widest text-uppercase mr-2 bg-green-50 text-green-700\">SZELLEM\u00c9R\u0150 SZELLEMVAD\u00c1SZAT<\/span>\n                                            <\/div>\n                                <div class=\"d-block text-justify py-3\">Mer\u00fclj el egy leny\u0171g\u00f6z\u0151 paranorm\u00e1lis utaz\u00e1son a Ghost Detectorral, a t\u00f6k\u00e9letes szellemvad\u00e1sz eszk\u00f6zzel \u00e9s egy teljesen mag\u00e1val ragad\u00f3 term\u00e9szetfeletti \u00e9lm\u00e9nnyel. A fejlett szellemradar-technol\u00f3gi\u00e1nak \u00e9s egy nagy teljes\u00edtm\u00e9ny\u0171 spektr\u00e1lis kamer\u00e1nak k\u00f6sz\u00f6nhet\u0151en ez az alkalmaz\u00e1s mind a tapasztalt nyomoz\u00f3k, mind a k\u00edv\u00e1ncsi rajong\u00f3k sz\u00e1m\u00e1ra k\u00e9sz\u00fclt. Fedezd fel a szellemvil\u00e1got a Ghost Detectorral, \u00e9s emeld a paranorm\u00e1lis kalandjaidat a k\u00f6vetkez\u0151 szintre.<\/div>\n                <div class=\"mt-auto d-flex flex-column align-items-end\">\n                    <a class=\"d-inline-block text-center text-white border-0 py-2 px-8 text-lg focus:outline-none rounded bg-green-700 hover:bg-green-800 btn-block\"\n                        href=\"https:\/\/play.google.com\/store\/apps\/details?id=com.PixelBro.ScreamerPro\"                         data-analytics-label=\"landingPageFirstButton\" data-action=\"analytics#trackCTA\">\n                        Alkalmaz\u00e1s let\u00f6lt\u00e9se                    <\/a>\n                                            <div class=\"text-xs text-muted mt-3 d-block col-12 text-center\">\u00c1tir\u00e1ny\u00edtunk egy m\u00e1sik webhelyre<\/div>\n                                    <\/div>\n            <\/div>\n        <\/div>\n    <\/div>\n\n\n\n<h2 class=\"wp-block-heading\">Hangol\u00f3dj az Univerz\u00e1lis Rezg\u00e9sre spiritu\u00e1lis r\u00e1di\u00f3nkkal<\/h2>\n\n\n\n<p>A \u201eSpirit: Spiritu\u00e1lis Vezet\u0151\u201d egyik leginnovat\u00edvabb funkci\u00f3ja a Spiritu\u00e1lis R\u00e1di\u00f3.<\/p>\n\n\n\n<p>K\u00fcl\u00f6nb\u00f6z\u0151 c\u00e9lokra \u00f6ssze\u00e1ll\u00edtott lej\u00e1tsz\u00e1si list\u00e1kkal \u00e9s hangokkal ez a funkci\u00f3 lehet\u0151v\u00e9 teszi, hogy kapcsolatba l\u00e9pj a gy\u00f3gy\u00edt\u00f3, medit\u00e1ci\u00f3s \u00e9s relax\u00e1ci\u00f3s frekvenci\u00e1kkal.<\/p>\n\n\n\n<p>A Spiritu\u00e1lis R\u00e1di\u00f3 olyan zen\u00e9ket tartalmaz, amelyek el\u0151seg\u00edtik az \u00e9rzelmi egyens\u00falyt, energiz\u00e1l\u00f3 mantr\u00e1kat \u00e9s hangrezg\u00e9seket, amelyek seg\u00edtenek felemelni a tudatoss\u00e1godat.<\/p>\n\n\n\n<p>Ak\u00e1r elm\u00e9lked\u00e9sr\u0151l, j\u00f3gagyakorl\u00e1sr\u00f3l vagy egyszer\u0171en csak pihen\u00e9sr\u0151l van sz\u00f3, ez az eszk\u00f6z ide\u00e1lis az energi\u00e1id harmoniz\u00e1l\u00e1s\u00e1ra.<\/p>\n\n\n\n<h2 class=\"wp-block-heading\">N\u00c9ZD MEG A SPIRIT ALKALMAZ\u00c1ST: Bels\u0151 Fejl\u0151d\u00e9s K\u00f6nyvt\u00e1r<\/h2>\n\n\n\n<p>Az olvasm\u00e1nyok \u00e9s medit\u00e1ci\u00f3k mellett a \u201eSpirit: Spiritu\u00e1lis kalauz\u201d egy exkluz\u00edv tartalomk\u00f6nyvt\u00e1rat is tartalmaz a bels\u0151 n\u00f6veked\u00e9shez.<\/p>\n\n\n\n<p>Ezek cikkek, vide\u00f3k \u00e9s \u00fatmutat\u00f3k, amelyek olyan t\u00e9m\u00e1kat \u00e9rintenek, mint a spiritualit\u00e1s, az asztrol\u00f3gia, az \u00f6nismeret \u00e9s a szem\u00e9lyis\u00e9gfejleszt\u00e9s.<\/p>\n\n\n\n<p>Ez a k\u00f6nyvt\u00e1r folyamatosan friss\u00fcl inspir\u00e1l\u00f3 anyagokkal, amelyek lehet\u0151v\u00e9 teszik, hogy t\u00f6bbet megtudj arr\u00f3l, hogyan egyens\u00falyozd az energi\u00e1idat, hogyan \u00e9rtelmezd az univerzum jeleit, \u00e9s hogyan alkalmazd a spiritu\u00e1lis gyakorlatokat a mindennapi \u00e9letedben.<\/p>\n\n\n<div class=\"wp-block-image\">\n<figure class=\"aligncenter size-full\"><img loading=\"lazy\" decoding=\"async\" width=\"550\" height=\"350\" src=\"http:\/\/universofamilia.com\/wp-content\/uploads\/sites\/148\/2025\/01\/DESTAQUE-UNIVERSO-550-x-350-4-1.jpg\" alt=\"\" class=\"wp-image-8511\" srcset=\"https:\/\/universofamilia.com\/wp-content\/uploads\/sites\/148\/2025\/01\/DESTAQUE-UNIVERSO-550-x-350-4-1.jpg 550w, https:\/\/universofamilia.com\/wp-content\/uploads\/sites\/148\/2025\/01\/DESTAQUE-UNIVERSO-550-x-350-4-1-300x191.jpg 300w, https:\/\/universofamilia.com\/wp-content\/uploads\/sites\/148\/2025\/01\/DESTAQUE-UNIVERSO-550-x-350-4-1-18x12.jpg 18w\" sizes=\"(max-width: 550px) 100vw, 550px\" \/><figcaption class=\"wp-element-caption\">Tekintse meg a Spirit alkalmaz\u00e1st: Lelki kalauz<\/figcaption><\/figure><\/div>\n\n\n<h2 class=\"wp-block-heading\">Alkalmaz\u00e1si kiemel\u00e9sek<\/h2>\n\n\n\n<ul>\n<li><strong>Szem\u00e9lyre szabott tarot \u00e9s horoszk\u00f3p k\u00e1rtyaolvas\u00e1sok<\/strong><\/li>\n\n\n\n<li><strong>Vezetett medit\u00e1ci\u00f3k a kikapcsol\u00f3d\u00e1s\u00e9rt \u00e9s a spiritu\u00e1lis kapcsolat\u00e9rt<\/strong><\/li>\n\n\n\n<li><strong>Spiritu\u00e1lis r\u00e1di\u00f3 zen\u00e9vel \u00e9s gy\u00f3gy\u00edt\u00f3 mantr\u00e1kkal<\/strong><\/li>\n\n\n\n<li><strong>Spiritu\u00e1lis tartalmak k\u00f6nyvt\u00e1ra a bels\u0151 n\u00f6veked\u00e9shez<\/strong><\/li>\n\n\n\n<li><strong>Eszk\u00f6z\u00f6k a tapasztalatok \u00e9s reflexi\u00f3k r\u00f6gz\u00edt\u00e9s\u00e9re<\/strong><\/li>\n<\/ul>\n\n\n\n<h2 class=\"wp-block-heading\">K\u00f6vetkeztet\u00e9s<\/h2>\n\n\n\n<p>A \u201eSpirit: Spiritu\u00e1lis \u00datmutat\u00f3\u201d t\u00f6bb mint egy alkalmaz\u00e1s; igazi t\u00e1rs a spiritu\u00e1lis utadon.<\/p>\n\n\n\n<p>Az \u00f6nismeretet, az energiaegyens\u00falyt \u00e9s az univerzummal val\u00f3 kapcsolatot el\u0151seg\u00edt\u0151 funkci\u00f3kkal \u00e9rt\u00e9kes eszk\u00f6zz\u00e9 v\u00e1lik azok sz\u00e1m\u00e1ra, akik elm\u00e9ly\u00edteni szeretn\u00e9k spiritualit\u00e1sukat.<\/p>\n\n\n\n<p>Ak\u00e1r a Tarot k\u00e1rty\u00e1t kutatod, ak\u00e1r spiritu\u00e1lis r\u00e1di\u00f3t hallgatsz, vagy exkluz\u00edv k\u00f6nyvt\u00e1ri tartalmakhoz f\u00e9rsz hozz\u00e1, ez az alkalmaz\u00e1s \u00e1talak\u00edthatja a l\u00e1thatatlan vil\u00e1ggal val\u00f3 kapcsolatodat.<\/p>\n\n\n\n<p>T\u00f6ltsd le most, \u00e9s kezdd el az utad a spiritu\u00e1lis \u00e9bred\u00e9s fel\u00e9!<\/p>\n\n\n\n<h3 class=\"wp-block-heading\"><strong>Gyakran ism\u00e9telt k\u00e9rd\u00e9sek<\/strong><\/h3>\n\n\n\n<h4 class=\"wp-block-heading\"><strong>1. Mi az a spiritu\u00e1lis alkalmaz\u00e1s, \u00e9s hogyan m\u0171k\u00f6dik?<\/strong><\/h4>\n\n\n\n<p>A spiritu\u00e1lis alkalmaz\u00e1s egy digit\u00e1lis eszk\u00f6z, amelynek c\u00e9lja, hogy seg\u00edtsen az embereknek az \u00f6nismeret, a j\u00f3ll\u00e9t \u00e9s a transzcendent\u00e1lissal val\u00f3 kapcsolatuk \u00fatj\u00e1n.<\/p>\n\n\n\n<p>Ezek az alkalmaz\u00e1sok olyan funkci\u00f3kat tartalmaznak, mint a tarot k\u00e1rtyaj\u00f3sl\u00e1s, horoszk\u00f3pok, vezetett medit\u00e1ci\u00f3k, relax\u00e1ci\u00f3s zene \u00e9s szem\u00e9lyes fejl\u0151d\u00e9si k\u00f6nyvt\u00e1rak.<\/p>\n\n\n\n<p>\u00dagy m\u0171k\u00f6dnek, hogy szem\u00e9lyre szabott tartalmat biztos\u00edtanak a felhaszn\u00e1l\u00f3 preferenci\u00e1i alapj\u00e1n, \u00e9s forr\u00e1sokat biztos\u00edtanak az \u00f6nvizsg\u00e1lathoz \u00e9s az energiaharmoniz\u00e1ci\u00f3hoz.<\/p>\n\n\n\n<h4 class=\"wp-block-heading\"><strong>2. Val\u00f3ban seg\u00edthetnek a spiritu\u00e1lis alkalmaz\u00e1sok a szem\u00e9lyes fejl\u0151d\u00e9sben?<\/strong><\/h4>\n\n\n\n<p>Igen, sokan \u00e9rt\u00e9kesnek tal\u00e1lj\u00e1k a spiritu\u00e1lis alkalmaz\u00e1sok haszn\u00e1lat\u00e1t, mivel eszk\u00f6z\u00f6ket k\u00edn\u00e1lnak a medit\u00e1ci\u00f3hoz, az elm\u00e9lked\u00e9shez \u00e9s a tarot vagy az asztrol\u00f3gia alap\u00fa d\u00f6nt\u00e9shozatalhoz.<\/p>\n\n\n\n<p>B\u00e1r hat\u00e9konys\u00e1guk a felhaszn\u00e1l\u00f3 hit\u00e9t\u0151l \u00e9s elk\u00f6telezetts\u00e9g\u00e9t\u0151l f\u00fcgg, ezek az alkalmaz\u00e1sok hasznos t\u00e1mogat\u00e1st ny\u00fajthatnak a nagyobb \u00e9rzelmi \u00e9s ment\u00e1lis egyens\u00faly el\u00e9r\u00e9s\u00e9hez.<\/p>\n\n\n\n<h4 class=\"wp-block-heading\"><strong>3. Hogyan adhat pontos v\u00e1laszokat a digit\u00e1lis tarot?<\/strong><\/h4>\n\n\n\n<p>A digit\u00e1lis tarot algoritmusokat haszn\u00e1l a k\u00e1rty\u00e1k v\u00e9letlenszer\u0171 kiv\u00e1laszt\u00e1s\u00e1hoz, a fizikai olvas\u00e1shoz hasonl\u00f3 elveket t\u00fckr\u00f6zve.<\/p>\n\n\n\n<p>A k\u00e1rty\u00e1k \u00e9rtelmez\u00e9se a hagyom\u00e1nyos tarot szab\u00e1lyait k\u00f6veti, \u00fczeneteket \u00e9s gondolatokat k\u00f6zvet\u00edtve, amelyek seg\u00edthetnek a d\u00f6nt\u00e9shozatalban.<\/p>\n\n\n\n<p>B\u00e1r a pontoss\u00e1g a szem\u00e9lyes \u00e9rtelmez\u00e9st\u0151l f\u00fcgg, sok felhaszn\u00e1l\u00f3 \u00e9rt\u00e9kesnek tal\u00e1lja ezeket az olvasm\u00e1nyokat.<\/p>\n\n\n\n<h4 class=\"wp-block-heading\"><strong>4. Biztons\u00e1gosak-e a spiritu\u00e1lis alkalmaz\u00e1sok a mindennapi haszn\u00e1latra?<\/strong><\/h4>\n\n\n\n<p>Igen, a legt\u00f6bb spiritu\u00e1lis alkalmaz\u00e1st \u00fagy tervezt\u00e9k, hogy biztons\u00e1gos \u00e9s priv\u00e1t \u00e9lm\u00e9nyt ny\u00fajtson.<\/p>\n\n\n\n<p>Fontos, hogy haszn\u00e1lat el\u0151tt \u00e1ttekintsd az alkalmaz\u00e1s adatv\u00e9delmi ir\u00e1nyelveit \u00e9s a megadott enged\u00e9lyeket. A bizalmas inform\u00e1ci\u00f3k megoszt\u00e1s\u00e1nak elker\u00fcl\u00e9se biztons\u00e1gosabb \u00e9lm\u00e9nyt ny\u00fajt.<\/p>\n\n\n\n<h4 class=\"wp-block-heading\"><strong>5. Val\u00f3ban m\u0171k\u00f6dnek a vezetett medit\u00e1ci\u00f3k?<\/strong><\/h4>\n\n\n\n<p>A vezetett medit\u00e1ci\u00f3kr\u00f3l kimutatt\u00e1k, hogy hat\u00e9konyak a stressz cs\u00f6kkent\u00e9s\u00e9ben, a koncentr\u00e1ci\u00f3 jav\u00edt\u00e1s\u00e1ban \u00e9s a j\u00f3ll\u00e9t \u00e9rz\u00e9s\u00e9nek fokoz\u00e1s\u00e1ban.<\/p>\n\n\n\n<p>Ezek az alkalmaz\u00e1sok l\u00e1gy hangokkal \u00e9s pihentet\u0151 hangokkal rendelkez\u0151 hangokat k\u00edn\u00e1lnak, amelyek seg\u00edtenek megnyugtatni az elm\u00e9t \u00e9s jav\u00edtani a kapcsolatot a jelennel.<\/p>\n\n\n\n<h4 class=\"wp-block-heading\"><strong>6. Vannak-e val\u00f3di el\u0151nyei a spiritu\u00e1lis r\u00e1di\u00f3\u00e1llom\u00e1soknak?<\/strong><\/h4>\n\n\n\n<p>Igen, a spiritu\u00e1lis r\u00e1di\u00f3\u00e1llom\u00e1sok olyan frekvenci\u00e1j\u00fa zen\u00e9t sug\u00e1roznak, amely seg\u00edthet a relax\u00e1ci\u00f3ban, a koncentr\u00e1ci\u00f3ban \u00e9s az energiafelt\u00f6lt\u00e9sben.<\/p>\n\n\n\n<p>A mantr\u00e1k \u00e9s a gy\u00f3gy\u00edt\u00f3 hangok olyan eszk\u00f6z\u00f6k, amelyeket \u00e9vsz\u00e1zadok \u00f3ta haszn\u00e1lnak a test \u00e9s az elme harmoniz\u00e1l\u00e1s\u00e1ra.<\/p>\n\n\n\n<h4 class=\"wp-block-heading\"><strong>7. Hol tudom let\u00f6lteni ezeket az alkalmaz\u00e1sokat?<\/strong><\/h4>\n\n\n\n<p>A spiritu\u00e1lis alkalmaz\u00e1sok olyan platformokon \u00e9rhet\u0151k el, mint a Google Play \u00e9s az Apple Store.<\/p>\n\n\n\n<p>Egyszer\u0171en keresd meg a k\u00edv\u00e1nt alkalmaz\u00e1s nev\u00e9t, t\u00f6ltsd le, \u00e9s telep\u00edtsd az eszk\u00f6z\u00f6dre, hogy elkezdhesd felfedezni a funkci\u00f3it.<\/p>","protected":false},"excerpt":{"rendered":"<p>\u00c9rezted m\u00e1r \u00fagy, hogy van valami a l\u00e1that\u00e1ron t\u00fal? A spiritu\u00e1lis univerzum mindig is felkeltette a k\u00edv\u00e1ncsis\u00e1got \u00e9s a leny\u0171g\u00f6z\u0151 l\u00e1tv\u00e1nyt, \u00e9s most a technol\u00f3gi\u00e1nak k\u00f6sz\u00f6nhet\u0151en k\u00f6nnyebb felfedezni ezt a dimenzi\u00f3t. \u00dcgyf\u00e9lszolg\u00e1lat Fedezd fel az al\u00e1bbi alkalmaz\u00e1sokat, vagy vedd fel a kapcsolatot \u00fcgyf\u00e9lszolg\u00e1latunkkal, tudasd vel\u00fcnk a [\u2026]<\/p>","protected":false},"author":139,"featured_media":8511,"comment_status":"closed","ping_status":"open","sticky":false,"template":"","format":"standard","meta":{"footnotes":""},"categories":[2],"tags":[1792,1789,1788,1790,1791],"yoast_head":"<!-- This site is optimized with the Yoast SEO plugin v23.3 - https:\/\/yoast.com\/wordpress\/plugins\/seo\/ -->\n<title>Veja el aplicativo Spirit: Gu\u00eda Espiritual - Universo Fam\u00edlia<\/title>\n<meta name=\"description\" content=\"Veja el aplicativo Spirit: Gu\u00eda Espiritual. \u00bfAlguna vez has sentido que hay algo m\u00e1s all\u00e1 de lo que los ojos pueden ver?\" \/>\n<meta name=\"robots\" content=\"index, follow, max-snippet:-1, max-image-preview:large, max-video-preview:-1\" \/>\n<link rel=\"canonical\" href=\"https:\/\/universofamilia.com\/hu\/veja-el-aplicativo-spirit\/\" \/>\n<meta property=\"og:locale\" content=\"hu_HU\" \/>\n<meta property=\"og:type\" content=\"article\" \/>\n<meta property=\"og:title\" content=\"Veja el aplicativo Spirit: Gu\u00eda Espiritual - Universo Fam\u00edlia\" \/>\n<meta property=\"og:description\" content=\"Veja el aplicativo Spirit: Gu\u00eda Espiritual. \u00bfAlguna vez has sentido que hay algo m\u00e1s all\u00e1 de lo que los ojos pueden ver?\" \/>\n<meta property=\"og:url\" content=\"https:\/\/universofamilia.com\/hu\/veja-el-aplicativo-spirit\/\" \/>\n<meta property=\"og:site_name\" content=\"Universo Fam\u00edlia\" \/>\n<meta property=\"article:published_time\" content=\"2025-01-31T00:20:05+00:00\" \/>\n<meta property=\"article:modified_time\" content=\"2025-01-31T00:20:08+00:00\" \/>\n<meta property=\"og:image\" content=\"https:\/\/universofamilia.com\/wp-content\/uploads\/sites\/148\/2025\/01\/DESTAQUE-UNIVERSO-550-x-350-4-1.jpg\" \/>\n\t<meta property=\"og:image:width\" content=\"550\" \/>\n\t<meta property=\"og:image:height\" content=\"350\" \/>\n\t<meta property=\"og:image:type\" content=\"image\/jpeg\" \/>\n<meta name=\"author\" content=\"Pedro Henrique\" \/>\n<meta name=\"twitter:card\" content=\"summary_large_image\" \/>\n<meta name=\"twitter:label1\" content=\"Written by\" \/>\n\t<meta name=\"twitter:data1\" content=\"Pedro Henrique\" \/>\n\t<meta name=\"twitter:label2\" content=\"Est. reading time\" \/>\n\t<meta name=\"twitter:data2\" content=\"7 perc\" \/>\n<script type=\"application\/ld+json\" class=\"yoast-schema-graph\">{\"@context\":\"https:\/\/schema.org\",\"@graph\":[{\"@type\":\"WebPage\",\"@id\":\"https:\/\/universofamilia.com\/ko\/veja-el-aplicativo-spirit\/\",\"url\":\"https:\/\/universofamilia.com\/ko\/veja-el-aplicativo-spirit\/\",\"name\":\"Veja el aplicativo Spirit: Gu\u00eda Espiritual - Universo Fam\u00edlia\",\"isPartOf\":{\"@id\":\"https:\/\/universofamilia.com\/el\/#website\"},\"primaryImageOfPage\":{\"@id\":\"https:\/\/universofamilia.com\/ko\/veja-el-aplicativo-spirit\/#primaryimage\"},\"image\":{\"@id\":\"https:\/\/universofamilia.com\/ko\/veja-el-aplicativo-spirit\/#primaryimage\"},\"thumbnailUrl\":\"https:\/\/universofamilia.com\/wp-content\/uploads\/sites\/148\/2025\/01\/DESTAQUE-UNIVERSO-550-x-350-4-1.jpg\",\"datePublished\":\"2025-01-31T00:20:05+00:00\",\"dateModified\":\"2025-01-31T00:20:08+00:00\",\"author\":{\"@id\":\"https:\/\/universofamilia.com\/el\/#\/schema\/person\/f07ce98187dd84d31154262e79b3b7ca\"},\"description\":\"Veja el aplicativo Spirit: Gu\u00eda Espiritual. \u00bfAlguna vez has sentido que hay algo m\u00e1s all\u00e1 de lo que los ojos pueden ver?\",\"breadcrumb\":{\"@id\":\"https:\/\/universofamilia.com\/ko\/veja-el-aplicativo-spirit\/#breadcrumb\"},\"inLanguage\":\"hu\",\"potentialAction\":[{\"@type\":\"ReadAction\",\"target\":[\"https:\/\/universofamilia.com\/ko\/veja-el-aplicativo-spirit\/\"]}]},{\"@type\":\"ImageObject\",\"inLanguage\":\"hu\",\"@id\":\"https:\/\/universofamilia.com\/ko\/veja-el-aplicativo-spirit\/#primaryimage\",\"url\":\"https:\/\/universofamilia.com\/wp-content\/uploads\/sites\/148\/2025\/01\/DESTAQUE-UNIVERSO-550-x-350-4-1.jpg\",\"contentUrl\":\"https:\/\/universofamilia.com\/wp-content\/uploads\/sites\/148\/2025\/01\/DESTAQUE-UNIVERSO-550-x-350-4-1.jpg\",\"width\":550,\"height\":350,\"caption\":\"Veja el aplicativo Spirit: Gu\u00eda Espiritual\"},{\"@type\":\"BreadcrumbList\",\"@id\":\"https:\/\/universofamilia.com\/ko\/veja-el-aplicativo-spirit\/#breadcrumb\",\"itemListElement\":[{\"@type\":\"ListItem\",\"position\":1,\"name\":\"Home\",\"item\":\"https:\/\/universofamilia.com\/el\/\"},{\"@type\":\"ListItem\",\"position\":2,\"name\":\"Veja el aplicativo Spirit: Gu\u00eda Espiritual\"}]},{\"@type\":\"WebSite\",\"@id\":\"https:\/\/universofamilia.com\/el\/#website\",\"url\":\"https:\/\/universofamilia.com\/el\/\",\"name\":\"Universo Fam\u00edlia\",\"description\":\"\",\"potentialAction\":[{\"@type\":\"SearchAction\",\"target\":{\"@type\":\"EntryPoint\",\"urlTemplate\":\"https:\/\/universofamilia.com\/el\/?s={search_term_string}\"},\"query-input\":\"required name=search_term_string\"}],\"inLanguage\":\"hu\"},{\"@type\":\"Person\",\"@id\":\"https:\/\/universofamilia.com\/el\/#\/schema\/person\/f07ce98187dd84d31154262e79b3b7ca\",\"name\":\"Pedro Henrique\",\"image\":{\"@type\":\"ImageObject\",\"inLanguage\":\"hu\",\"@id\":\"https:\/\/universofamilia.com\/el\/#\/schema\/person\/image\/\",\"url\":\"https:\/\/secure.gravatar.com\/avatar\/9edfeb808cb4e1599f64d6e45b130154?s=96&d=mm&r=g\",\"contentUrl\":\"https:\/\/secure.gravatar.com\/avatar\/9edfeb808cb4e1599f64d6e45b130154?s=96&d=mm&r=g\",\"caption\":\"Pedro Henrique\"},\"url\":\"https:\/\/universofamilia.com\/hu\/author\/editor01\/\"}]}<\/script>\n<!-- \/ Yoast SEO plugin. -->","yoast_head_json":{"title":"Veja el aplicativo Spirit: Gu\u00eda Espiritual - Universo Fam\u00edlia","description":"Veja el aplicativo Spirit: Gu\u00eda Espiritual. \u00bfAlguna vez has sentido que hay algo m\u00e1s all\u00e1 de lo que los ojos pueden ver?","robots":{"index":"index","follow":"follow","max-snippet":"max-snippet:-1","max-image-preview":"max-image-preview:large","max-video-preview":"max-video-preview:-1"},"canonical":"https:\/\/universofamilia.com\/hu\/veja-el-aplicativo-spirit\/","og_locale":"hu_HU","og_type":"article","og_title":"Veja el aplicativo Spirit: Gu\u00eda Espiritual - Universo Fam\u00edlia","og_description":"Veja el aplicativo Spirit: Gu\u00eda Espiritual. \u00bfAlguna vez has sentido que hay algo m\u00e1s all\u00e1 de lo que los ojos pueden ver?","og_url":"https:\/\/universofamilia.com\/hu\/veja-el-aplicativo-spirit\/","og_site_name":"Universo Fam\u00edlia","article_published_time":"2025-01-31T00:20:05+00:00","article_modified_time":"2025-01-31T00:20:08+00:00","og_image":[{"width":550,"height":350,"url":"https:\/\/universofamilia.com\/wp-content\/uploads\/sites\/148\/2025\/01\/DESTAQUE-UNIVERSO-550-x-350-4-1.jpg","type":"image\/jpeg"}],"author":"Pedro Henrique","twitter_card":"summary_large_image","twitter_misc":{"Written by":"Pedro Henrique","Est. reading time":"7 perc"},"schema":{"@context":"https:\/\/schema.org","@graph":[{"@type":"WebPage","@id":"https:\/\/universofamilia.com\/ko\/veja-el-aplicativo-spirit\/","url":"https:\/\/universofamilia.com\/ko\/veja-el-aplicativo-spirit\/","name":"Veja el aplicativo Spirit: Gu\u00eda Espiritual - Universo Fam\u00edlia","isPartOf":{"@id":"https:\/\/universofamilia.com\/el\/#website"},"primaryImageOfPage":{"@id":"https:\/\/universofamilia.com\/ko\/veja-el-aplicativo-spirit\/#primaryimage"},"image":{"@id":"https:\/\/universofamilia.com\/ko\/veja-el-aplicativo-spirit\/#primaryimage"},"thumbnailUrl":"https:\/\/universofamilia.com\/wp-content\/uploads\/sites\/148\/2025\/01\/DESTAQUE-UNIVERSO-550-x-350-4-1.jpg","datePublished":"2025-01-31T00:20:05+00:00","dateModified":"2025-01-31T00:20:08+00:00","author":{"@id":"https:\/\/universofamilia.com\/el\/#\/schema\/person\/f07ce98187dd84d31154262e79b3b7ca"},"description":"Veja el aplicativo Spirit: Gu\u00eda Espiritual. \u00bfAlguna vez has sentido que hay algo m\u00e1s all\u00e1 de lo que los ojos pueden ver?","breadcrumb":{"@id":"https:\/\/universofamilia.com\/ko\/veja-el-aplicativo-spirit\/#breadcrumb"},"inLanguage":"hu","potentialAction":[{"@type":"ReadAction","target":["https:\/\/universofamilia.com\/ko\/veja-el-aplicativo-spirit\/"]}]},{"@type":"ImageObject","inLanguage":"hu","@id":"https:\/\/universofamilia.com\/ko\/veja-el-aplicativo-spirit\/#primaryimage","url":"https:\/\/universofamilia.com\/wp-content\/uploads\/sites\/148\/2025\/01\/DESTAQUE-UNIVERSO-550-x-350-4-1.jpg","contentUrl":"https:\/\/universofamilia.com\/wp-content\/uploads\/sites\/148\/2025\/01\/DESTAQUE-UNIVERSO-550-x-350-4-1.jpg","width":550,"height":350,"caption":"Veja el aplicativo Spirit: Gu\u00eda Espiritual"},{"@type":"BreadcrumbList","@id":"https:\/\/universofamilia.com\/ko\/veja-el-aplicativo-spirit\/#breadcrumb","itemListElement":[{"@type":"ListItem","position":1,"name":"Home","item":"https:\/\/universofamilia.com\/el\/"},{"@type":"ListItem","position":2,"name":"Veja el aplicativo Spirit: Gu\u00eda Espiritual"}]},{"@type":"WebSite","@id":"https:\/\/universofamilia.com\/el\/#website","url":"https:\/\/universofamilia.com\/el\/","name":"Universo Fam\u00edlia","description":"","potentialAction":[{"@type":"SearchAction","target":{"@type":"EntryPoint","urlTemplate":"https:\/\/universofamilia.com\/el\/?s={search_term_string}"},"query-input":"required name=search_term_string"}],"inLanguage":"hu"},{"@type":"Person","@id":"https:\/\/universofamilia.com\/el\/#\/schema\/person\/f07ce98187dd84d31154262e79b3b7ca","name":"Pedro Henrique","image":{"@type":"ImageObject","inLanguage":"hu","@id":"https:\/\/universofamilia.com\/el\/#\/schema\/person\/image\/","url":"https:\/\/secure.gravatar.com\/avatar\/9edfeb808cb4e1599f64d6e45b130154?s=96&d=mm&r=g","contentUrl":"https:\/\/secure.gravatar.com\/avatar\/9edfeb808cb4e1599f64d6e45b130154?s=96&d=mm&r=g","caption":"Pedro Henrique"},"url":"https:\/\/universofamilia.com\/hu\/author\/editor01\/"}]}},"_links":{"self":[{"href":"https:\/\/universofamilia.com\/hu\/wp-json\/wp\/v2\/posts\/8509"}],"collection":[{"href":"https:\/\/universofamilia.com\/hu\/wp-json\/wp\/v2\/posts"}],"about":[{"href":"https:\/\/universofamilia.com\/hu\/wp-json\/wp\/v2\/types\/post"}],"author":[{"embeddable":true,"href":"https:\/\/universofamilia.com\/hu\/wp-json\/wp\/v2\/users\/139"}],"replies":[{"embeddable":true,"href":"https:\/\/universofamilia.com\/hu\/wp-json\/wp\/v2\/comments?post=8509"}],"version-history":[{"count":1,"href":"https:\/\/universofamilia.com\/hu\/wp-json\/wp\/v2\/posts\/8509\/revisions"}],"predecessor-version":[{"id":8513,"href":"https:\/\/universofamilia.com\/hu\/wp-json\/wp\/v2\/posts\/8509\/revisions\/8513"}],"wp:featuredmedia":[{"embeddable":true,"href":"https:\/\/universofamilia.com\/hu\/wp-json\/wp\/v2\/media\/8511"}],"wp:attachment":[{"href":"https:\/\/universofamilia.com\/hu\/wp-json\/wp\/v2\/media?parent=8509"}],"wp:term":[{"taxonomy":"category","embeddable":true,"href":"https:\/\/universofamilia.com\/hu\/wp-json\/wp\/v2\/categories?post=8509"},{"taxonomy":"post_tag","embeddable":true,"href":"https:\/\/universofamilia.com\/hu\/wp-json\/wp\/v2\/tags?post=8509"}],"curies":[{"name":"wp","href":"https:\/\/api.w.org\/{rel}","templated":true}]}}