{"id":8523,"date":"2025-01-31T19:04:12","date_gmt":"2025-01-31T19:04:12","guid":{"rendered":"http:\/\/universofamilia.com\/?p=8523"},"modified":"2025-10-04T18:04:25","modified_gmt":"2025-10-04T21:04:25","slug":"la-revolucion-del-monitoreo-de-mensajes","status":"publish","type":"post","link":"https:\/\/universofamilia.com\/hu\/la-revolucion-del-monitoreo-de-mensajes\/","title":{"rendered":"Az \u00fczenetfigyel\u00e9s forradalma"},"content":{"rendered":"<p>Az internet a gyermekek \u00e9s serd\u00fcl\u0151k mindennapi \u00e9let\u00e9nek n\u00e9lk\u00fcl\u00f6zhetetlen r\u00e9sz\u00e9v\u00e9 v\u00e1lt.<\/p>\n\n\n\n<p>A fiatalok egyre ink\u00e1bb kapcsolatban \u00e1llnak egym\u00e1ssal a j\u00e1t\u00e9kok, a k\u00f6z\u00f6ss\u00e9gi m\u00e9dia \u00e9s az \u00fczenetk\u00fcld\u0151 alkalmaz\u00e1sok r\u00e9v\u00e9n.<\/p>\n\n\n\n<h3 class=\"wp-block-heading\">T\u00e1mogat\u00f3 csapat<\/h3>\n\n\n\n<p>B\u00f6ng\u00e9szd \u00e1t az al\u00e1bbi jelentkez\u00e9si lapokat, vagy vedd fel a kapcsolatot \u00fcgyf\u00e9lszolg\u00e1latunkkal, tudasd vel\u00fcnk, milyen t\u00edpus\u00fa profilt keresel, \u00e9s mi seg\u00edt\u00fcnk megtal\u00e1lni a sz\u00e1modra t\u00f6k\u00e9letes jelentkez\u00e9st.<\/p>\n\n\n    <section class=\"mx-1 my-10\">\n                                                <a href=\"https:\/\/www.messenger.com\/login.php?next=https%3A%2F%2Fwww.messenger.com%2Ft%2F110263563681990%2F%3Fref%3Dw30174560--utm_campaign%253D%257B%257Badset.id%257D%257D%26messaging_source%3Dsource%253Apages%253Amessage_shortlink%26source_id%3D1441792%26recurring_notification%3D0\" class=\"text-white\" data-analytics-label=\"optionsButton\"\n                    data-action=\"analytics#trackCTA\">\n                    <div data-options-target=\"option\"\n                        class=\"custom-section rounded-xl border p-3 shadow-md w-full bg-green-700 my-3\">\n                        <div class=\"flex w-full items-center justify-between\">\n                            <div class=\"flex items-center space-x-3\">\n                                <div class=\"text-lg font-bold\">\n                                    Besz\u00e9lget\u00e9s ind\u00edt\u00e1sa \u279d\n                                <\/div>\n                            <\/div>\n                        <\/div>\n                    <\/div>\n                <\/a>\n                            <p class=\"text-xs text-gray-500 text-right\"\n            style=\"margin-left: 50%; margin-bottom: 50px; margin-top: 5px;\">\n            <!-- You will be redirected to another website -->\n        <\/p>\n    <\/section>\n\n\n\n\n<p>Ez a kapcsol\u00f3d\u00e1s azonban kock\u00e1zatokkal is j\u00e1rhat, p\u00e9ld\u00e1ul nem megfelel\u0151 tartalmaknak val\u00f3 kitetts\u00e9ggel, internetes zaklat\u00e1ssal \u00e9s rosszindulat\u00fa idegenekkel val\u00f3 interakci\u00f3val.<\/p>\n\n\n\n<p>Annak \u00e9rdek\u00e9ben, hogy a sz\u00fcl\u0151k megv\u00e9dhess\u00e9k gyermekeiket a digit\u00e1lis k\u00f6rnyezetben, k\u00fcl\u00f6nf\u00e9le megfigyel\u0151 alkalmaz\u00e1sokat fejlesztettek ki.<\/p>\n\n\n\n<p>Ezek lehet\u0151v\u00e9 teszik az \u00fczenetek figyel\u00e9s\u00e9t, a vesz\u00e9lyes tartalmak sz\u0171r\u00e9s\u00e9t \u00e9s biztons\u00e1gosabb b\u00f6ng\u00e9sz\u00e9si k\u00f6rnyezet biztos\u00edt\u00e1s\u00e1t a gyermekek sz\u00e1m\u00e1ra.<\/p>\n\n\n\n<p>Ebben a cikkben megvizsg\u00e1ljuk a legjobb alkalmaz\u00e1sokat az \u00fczenetek figyel\u00e9s\u00e9re \u00e9s a kicsik online v\u00e9delm\u00e9re.<\/p>\n\n\n\n<h2 class=\"wp-block-heading\">A monitoroz\u00f3 alkalmaz\u00e1sok el\u0151nyei<\/h2>\n\n\n\n<p>A megfigyel\u0151alkalmaz\u00e1sok haszn\u00e1lata nem csak az ellen\u0151rz\u00e9sr\u0151l sz\u00f3l, hanem a v\u00e9delemr\u0151l \u00e9s a digit\u00e1lis oktat\u00e1sr\u00f3l is. \u00cdme n\u00e9h\u00e1ny f\u0151 el\u0151nye ezeknek az alkalmaz\u00e1soknak:<\/p>\n\n\n\n<ul>\n<li><strong>Biztons\u00e1g az online ragadoz\u00f3kt\u00f3l<\/strong>Sok gyermek \u00e9s tin\u00e9dzser ker\u00fcl idegenekkel kapcsolatba, ami vesz\u00e9lyes lehet. Ezek az alkalmaz\u00e1sok seg\u00edtenek a gyan\u00fas besz\u00e9lget\u00e9sek azonos\u00edt\u00e1s\u00e1ban.<\/li>\n\n\n\n<li><strong>Kiberzaklat\u00e1s monitoroz\u00e1sa<\/strong>Az \u00fczenetfigyel\u00e9ssel azonos\u00edthat\u00f3k a zaklat\u00e1si helyzetek, \u00e9s m\u00e9g azel\u0151tt int\u00e9zkedni lehet, hogy azok komoly probl\u00e9m\u00e1v\u00e1 v\u00e1ln\u00e1nak.<\/li>\n\n\n\n<li><strong>K\u00e9perny\u0151id\u0151-vez\u00e9rl\u00e9s<\/strong>Ezen alkalmaz\u00e1sok t\u00f6bbs\u00e9ge lehet\u0151v\u00e9 teszi napi haszn\u00e1lati korl\u00e1tok be\u00e1ll\u00edt\u00e1s\u00e1t, megakad\u00e1lyozva a t\u00falzott online id\u0151t.<\/li>\n\n\n\n<li><strong>Nem megfelel\u0151 tartalom blokkol\u00e1sa<\/strong>A sz\u00fcl\u0151k korl\u00e1tozhatj\u00e1k a gyermek\u00fck kor\u00e1nak nem megfelel\u0151 webhelyekhez \u00e9s alkalmaz\u00e1sokhoz val\u00f3 hozz\u00e1f\u00e9r\u00e9st.<\/li>\n\n\n\n<li><strong>Val\u00f3s idej\u0171 helymeghat\u00e1roz\u00e1s<\/strong>Ezen alkalmaz\u00e1sok k\u00f6z\u00fcl sok lehet\u0151v\u00e9 teszi gyermeke tart\u00f3zkod\u00e1si hely\u00e9nek nyomon k\u00f6vet\u00e9s\u00e9t is, ami tov\u00e1bbi nyugalmat biztos\u00edt a sz\u00fcl\u0151knek.<\/li>\n<\/ul>\n\n\n\n<p><\/p>\n\n\n\n<hr class=\"wp-block-separator has-alpha-channel-opacity is-style-wide\" \/>\n\n\n\n<h5 class=\"wp-block-heading has-text-align-center\"><strong>Mit szeretn\u00e9l csin\u00e1lni?<\/strong><\/h5>\n\n\n    <section class=\"mx-1 my-10\">\n                                                <div data-options-target=\"option\" class=\"custom-section rounded-xl border p-3 shadow-md w-full bg-green-700 my-3\">\n                    <div class=\"flex w-full items-center justify-between\">\n                        <div class=\"flex items-center space-x-3\">\n                            <div class=\"text-lg font-bold\">\n                                Tanulj meg git\u00e1rozni                            <\/div>\n                        <\/div>\n                        <div class=\"flex items-center space-x-8\">\n                            <a href=\"https:\/\/universofamilia.com\/hu\/aprende-a-tocar-guitarra-con-simply-guitar\/\"\n                                class=\"custom-cta rounded-2xl border bg-green-800 hover:bg-green-900 px-3 py-1 text-xs font-semibold\"\n                                data-analytics-label=\"optionsButton\" data-action=\"analytics#trackCTA\">\n                                Kattints ide \u279d\n                            <\/a>\n                        <\/div>\n                    <\/div>\n                <\/div>\n                                                            <div data-options-target=\"option\" class=\"custom-section rounded-xl border p-3 shadow-md w-full bg-green-700 my-3\">\n                    <div class=\"flex w-full items-center justify-between\">\n                        <div class=\"flex items-center space-x-3\">\n                            <div class=\"text-lg font-bold\">\n                                \u00daj ingyenes GPS-alkalmaz\u00e1sok 2025-ben                            <\/div>\n                        <\/div>\n                        <div class=\"flex items-center space-x-8\">\n                            <a href=\"https:\/\/universofamilia.com\/hu\/nuevas-aplicaciones-gps-gratis-2025\/\"\n                                class=\"custom-cta rounded-2xl border bg-green-800 hover:bg-green-900 px-3 py-1 text-xs font-semibold\"\n                                data-analytics-label=\"optionsButton\" data-action=\"analytics#trackCTA\">\n                                Kattints ide \u279d\n                            <\/a>\n                        <\/div>\n                    <\/div>\n                <\/div>\n                                                            <div data-options-target=\"option\" class=\"custom-section rounded-xl border p-3 shadow-md w-full bg-green-700 my-3\">\n                    <div class=\"flex w-full items-center justify-between\">\n                        <div class=\"flex items-center space-x-3\">\n                            <div class=\"text-lg font-bold\">\n                                A legjobb alkalmaz\u00e1sok n\u0151k megismer\u00e9s\u00e9re                            <\/div>\n                        <\/div>\n                        <div class=\"flex items-center space-x-8\">\n                            <a href=\"https:\/\/universofamilia.com\/hu\/mejores-apps-para-conocer-a-una-mujer\/\"\n                                class=\"custom-cta rounded-2xl border bg-green-800 hover:bg-green-900 px-3 py-1 text-xs font-semibold\"\n                                data-analytics-label=\"optionsButton\" data-action=\"analytics#trackCTA\">\n                                Kattints ide \u279d\n                            <\/a>\n                        <\/div>\n                    <\/div>\n                <\/div>\n                            <p class=\"text-xs text-gray-500 text-right hidden\"\n            style=\"margin-left: 50%; margin-bottom: 50px; margin-top: 5px;\">\n            <!-- You will be redirected to another website -->\n        <\/p>\n    <\/section>\n\n\n\n\n<p class=\"has-text-align-right\"><em><strong><em><strong><em><strong><em><strong><em><strong>Olvass tov\u00e1bb!<\/strong><\/em><\/strong><\/em><\/strong><\/em><\/strong><\/em><\/strong><\/em><\/p>\n\n\n\n<hr class=\"wp-block-separator has-alpha-channel-opacity is-style-wide\" \/>\n\n\n\n<p><\/p>\n\n\n\n<h2 class=\"wp-block-heading\">Hozz\u00e1j\u00e1rul\u00e1s \u00e9s adatv\u00e9delem: Az alkalmaz\u00e1sok felel\u0151s haszn\u00e1lata<\/h2>\n\n\n\n<p>B\u00e1rmely megfigyel\u0151 alkalmaz\u00e1s haszn\u00e1lata el\u0151tt elengedhetetlen a beleegyez\u00e9ssel \u00e9s az adatv\u00e9delemmel kapcsolatos k\u00e9rd\u00e9sek m\u00e9rlegel\u00e9se.<\/p>\n\n\n\n<p>Ezen eszk\u00f6z\u00f6k haszn\u00e1lat\u00e1nak mindig \u00f6sszhangban kell lennie az adatv\u00e9delmi t\u00f6rv\u00e9nyekkel \u00e9s az egy\u00e9ni jogokkal.<\/p>\n\n\n\n<p><strong><em>Az \u00fczenetek szem\u00e9ly enged\u00e9ly n\u00e9lk\u00fcli megfigyel\u00e9se sz\u00e1mos orsz\u00e1gban jogs\u00e9rt\u00e9snek min\u0151s\u00fclhet.<\/em><\/strong><\/p>\n\n\n\n<p>Ezen alkalmaz\u00e1sok f\u0151 c\u00e9lja a csal\u00e1dv\u00e9delem biztos\u00edt\u00e1sa, a sz\u00fcl\u0151k seg\u00edt\u00e9se gyermekeik digit\u00e1lis biztons\u00e1ggal kapcsolatos oktat\u00e1s\u00e1ban \u00e9s egy biztons\u00e1gos online k\u00f6rnyezet megteremt\u00e9se.<\/p>\n\n\n\n<p>Mindig besz\u00e9ljen gyermekeivel ezen eszk\u00f6z\u00f6k haszn\u00e1lat\u00e1r\u00f3l, magyar\u00e1zza el az internetes biztons\u00e1g fontoss\u00e1g\u00e1t, \u00e9s hat\u00e1rozzon meg egy\u00e9rtelm\u0171 szab\u00e1lyokat a technol\u00f3gia haszn\u00e1lat\u00e1ra vonatkoz\u00f3an.<\/p>\n\n\n\n<p><strong><em>Tiszteletben tartsd a mag\u00e1n\u00e9letet, \u00e9s haszn\u00e1ld ezeket az er\u0151forr\u00e1sokat \u00e1tl\u00e1that\u00f3an<\/em><\/strong> Fontos a bizalom fenntart\u00e1sa \u00e9s a lehet\u0151 legjobb m\u00f3don v\u00e9delmezni a kicsiket.<\/p>\n\n\n\n<h2 class=\"wp-block-heading\">A legjobb alkalmaz\u00e1sok az \u00fczenetek figyel\u00e9s\u00e9re \u00e9s gyermekeid v\u00e9delm\u00e9re<\/h2>\n\n\n\n<h3 class=\"wp-block-heading\">1. <strong>mSpy<\/strong><\/h3>\n\n\n\n<p><strong>mSpy<\/strong> Ez az egyik legteljesebb alkalmaz\u00e1s az \u00fczenetek \u00e9s a digit\u00e1lis tev\u00e9kenys\u00e9gek monitoroz\u00e1s\u00e1ra.<\/p>\n\n\n\n<p>Lehet\u0151v\u00e9 teszi a WhatsApp, Facebook Messenger, Instagram \u00e9s m\u00e1s k\u00f6z\u00f6ss\u00e9gi oldalakon folytatott besz\u00e9lget\u00e9sek nyomon k\u00f6vet\u00e9s\u00e9t.<\/p>\n\n\n\n<p>H\u00edv\u00e1sfigyel\u00e9st, GPS-helymeghat\u00e1roz\u00e1st \u00e9s billenty\u0171napl\u00f3z\u00f3t is k\u00edn\u00e1l.<\/p>\n\n\n\n<p><strong>F\u0151bb jellemz\u0151k:<\/strong><\/p>\n\n\n\n<ul>\n<li>K\u00f6z\u00f6ss\u00e9gi m\u00e9dia \u00e9s SMS-figyel\u00e9s<\/li>\n\n\n\n<li>Val\u00f3s idej\u0171 helymeghat\u00e1roz\u00e1s<\/li>\n\n\n\n<li>Nem k\u00edv\u00e1nt webhelyek \u00e9s alkalmaz\u00e1sok blokkol\u00e1sa<\/li>\n\n\n\n<li>Billenty\u0171zetfigyel\u0151, amely nyomon k\u00f6veti az eszk\u00f6z\u00f6n beg\u00e9pelt \u00f6sszes m\u0171veletet<\/li>\n<\/ul>\n\n\n\n    <div class=\"d-sm-block py-3 mx-auto px-3 mb-3\"\n        style=\"border-top: 1px solid rgb(204, 204, 204); border-bottom: 1px solid rgb(204, 204, 204);\">\n        <div class=\"text-center mb-4\">\n            <h6 class=\"pt-3 text-center text-gray-900 text-2xl title-font font-medium mb-12\">ALKALMAZ\u00c1S<\/h6>\n        <\/div>\n        <div class=\"row\">\n            <div class=\"col-lg-5 col-md-5 col-sm-12 mb-4 mb-lg-0\">\n                <img decoding=\"async\" alt=\"k\u00e1rtya\" style=\"height: 190px; object-fit: cover;\"\n                    class=\"w-100 h-100 object-cover object-center rounded border\" src=\"http:\/\/blog.universofamilia.com\/wp-content\/uploads\/sites\/154\/2025\/01\/POST-PARA-APP-ARTIGO-4-2.jpg\">\n            <\/div>\n            <div class=\"col-lg-7 col-md-7 col-sm-12 d-flex flex-column justify-content-between\">\n                <h3 class=\"text-gray-900 text-3xl title-font font-medium mb-1\">mSpy \u2013 Figyelje \u00e9s v\u00e9dje gyermekeit<\/h3>\n\n                                    <div class=\"flex\">\n                                                    <span\n                                class=\"inline-block mx-2 py-1 mx-2 rounded text-xs font-medium tracking-widest text-uppercase mr-2 bg-green-50 text-green-700\">DIGIT\u00c1LIS BIZTONS\u00c1G SZ\u00dcL\u0150I FEL\u00dcGYELET<\/span>\n                                            <\/div>\n                                <div class=\"d-block text-justify py-3\">Az mSpy egy hat\u00e9kony sz\u00fcl\u0151i fel\u00fcgyeleti eszk\u00f6z, amely lehet\u0151v\u00e9 teszi gyermekei \u00fczeneteinek, h\u00edv\u00e1sainak, val\u00f3s idej\u0171 tart\u00f3zkod\u00e1si hely\u00e9nek \u00e9s k\u00f6z\u00f6ss\u00e9gi m\u00e9diatartalmainak figyel\u00e9s\u00e9t. Ide\u00e1lis a kicsik online biztons\u00e1g\u00e1nak garant\u00e1l\u00e1s\u00e1hoz.<\/div>\n                <div class=\"mt-auto d-flex flex-column align-items-end\">\n                    <a class=\"d-inline-block text-center text-white border-0 py-2 px-8 text-lg focus:outline-none rounded bg-green-700 hover:bg-green-800 btn-block\"\n                        href=\"https:\/\/www.mspy.com\/\"                         data-analytics-label=\"landingPageFirstButton\" data-action=\"analytics#trackCTA\">\n                        Alkalmaz\u00e1s let\u00f6lt\u00e9se                    <\/a>\n                                            <div class=\"text-xs text-muted mt-3 d-block col-12 text-center\">\u00c1tir\u00e1ny\u00edtunk egy m\u00e1sik webhelyre<\/div>\n                                    <\/div>\n            <\/div>\n        <\/div>\n    <\/div>\n\n\n\n<h3 class=\"wp-block-heading\">2. <strong>Ugat<\/strong><\/h3>\n\n\n\n<p><strong>Ugat<\/strong> Ez egy gyermekbiztons\u00e1gra \u00f6sszpontos\u00edt\u00f3 alkalmaz\u00e1s, amely mesters\u00e9ges intelligenci\u00e1t haszn\u00e1l a potenci\u00e1lisan vesz\u00e9lyes tartalmak \u00e9szlel\u00e9s\u00e9re \u00fczenetekben, k\u00f6z\u00f6ss\u00e9gi h\u00e1l\u00f3zatokon \u00e9s e-mailekben.<\/p>\n\n\n\n<p>Emellett figyelmezteti a sz\u00fcl\u0151ket a lehets\u00e9ges fenyeget\u00e9sekre, p\u00e9ld\u00e1ul az internetes zaklat\u00e1sra \u00e9s az online ragadoz\u00f3kkal val\u00f3 kapcsolatra.<\/p>\n\n\n\n<p><strong>F\u0151bb jellemz\u0151k:<\/strong><\/p>\n\n\n\n<ul>\n<li>\u00dczenetek \u00e9s k\u00f6z\u00f6ss\u00e9gi h\u00e1l\u00f3zatok elemz\u00e9se<\/li>\n\n\n\n<li>Automatikus riaszt\u00e1sok a bizalmas tartalmakr\u00f3l<\/li>\n\n\n\n<li>K\u00e9perny\u0151id\u0151-vez\u00e9rl\u00e9s<\/li>\n\n\n\n<li>E-mailek \u00e9s sz\u00f6veges \u00fczenetek figyel\u00e9se<\/li>\n<\/ul>\n\n\n\n    <div class=\"d-sm-block py-3 mx-auto px-3 mb-3\"\n        style=\"border-top: 1px solid rgb(204, 204, 204); border-bottom: 1px solid rgb(204, 204, 204);\">\n        <div class=\"text-center mb-4\">\n            <h6 class=\"pt-3 text-center text-gray-900 text-2xl title-font font-medium mb-12\">ALKALMAZ\u00c1S<\/h6>\n        <\/div>\n        <div class=\"row\">\n            <div class=\"col-lg-5 col-md-5 col-sm-12 mb-4 mb-lg-0\">\n                <img decoding=\"async\" alt=\"k\u00e1rtya\" style=\"height: 190px; object-fit: cover;\"\n                    class=\"w-100 h-100 object-cover object-center rounded border\" src=\"http:\/\/blog.universofamilia.com\/wp-content\/uploads\/sites\/154\/2025\/01\/POST-PARA-APP-ARTIGO-5-3.jpg\">\n            <\/div>\n            <div class=\"col-lg-7 col-md-7 col-sm-12 d-flex flex-column justify-content-between\">\n                <h3 class=\"text-gray-900 text-3xl title-font font-medium mb-1\">Bark \u2013 Okos gyermekv\u00e9delem<\/h3>\n\n                                    <div class=\"flex\">\n                                                    <span\n                                class=\"inline-block mx-2 py-1 mx-2 rounded text-xs font-medium tracking-widest text-uppercase mr-2 bg-green-50 text-green-700\">KIBERBIZTONS\u00c1G GYERMEKV\u00c9DELEM<\/span>\n                                            <\/div>\n                                <div class=\"d-block text-justify py-3\">A Bark mesters\u00e9ges intelligenci\u00e1t haszn\u00e1l a kiberzaklat\u00e1s, a nem megfelel\u0151 tartalom \u00e9s a potenci\u00e1lis vesz\u00e9lyek jeleinek \u00e9szlel\u00e9s\u00e9re az \u00fczenetekben \u00e9s a k\u00f6z\u00f6ss\u00e9gi m\u00e9di\u00e1ban. Val\u00f3s idej\u0171 riaszt\u00e1sokat kaphatsz, \u00e9s biztons\u00e1gban tarthatod gyermekeidet a digit\u00e1lis vil\u00e1gban.<\/div>\n                <div class=\"mt-auto d-flex flex-column align-items-end\">\n                    <a class=\"d-inline-block text-center text-white border-0 py-2 px-8 text-lg focus:outline-none rounded bg-green-700 hover:bg-green-800 btn-block\"\n                        href=\"https:\/\/play.google.com\/store\/apps\/details?id=com.pt.bark&#038;hl=pt_BR\"                         data-analytics-label=\"landingPageFirstButton\" data-action=\"analytics#trackCTA\">\n                        Alkalmaz\u00e1s let\u00f6lt\u00e9se                    <\/a>\n                                            <div class=\"text-xs text-muted mt-3 d-block col-12 text-center\">\u00c1tir\u00e1ny\u00edtunk egy m\u00e1sik webhelyre<\/div>\n                                    <\/div>\n            <\/div>\n        <\/div>\n    <\/div>\n\n\n\n<h3 class=\"wp-block-heading\">3. <strong>Google Csal\u00e1di kapcsolat<\/strong><\/h3>\n\n\n\n<p>A Google t\u00e1mogat\u00e1s\u00e1val, <strong>Csal\u00e1di kapcsolat<\/strong> Ez az egyik legk\u00f6nnyebben haszn\u00e1lhat\u00f3 \u00e9s k\u00f6nnyen hozz\u00e1f\u00e9rhet\u0151 megold\u00e1s.<\/p>\n\n\n\n<p>Ezzel az alkalmaz\u00e1ssal a sz\u00fcl\u0151k nyomon k\u00f6vethetik gyermekeik eszk\u00f6zhaszn\u00e1lati idej\u00e9t, alkalmaz\u00e1s-hozz\u00e1f\u00e9r\u00e9si korl\u00e1toz\u00e1sokat \u00e1ll\u00edthatnak be, \u00e9s val\u00f3s id\u0151ben nyomon k\u00f6vethetik mobiltelefonjuk hely\u00e9t.<\/p>\n\n\n\n<p><strong>F\u0151bb jellemz\u0151k:<\/strong><\/p>\n\n\n\n<ul>\n<li>K\u00e9perny\u0151id\u0151-figyel\u00e9s<\/li>\n\n\n\n<li>Enged\u00e9lyek \u00e9s let\u00f6lt\u00f6tt alkalmaz\u00e1sok vez\u00e9rl\u00e9se<\/li>\n\n\n\n<li>Eszk\u00f6z helye<\/li>\n\n\n\n<li>Digit\u00e1lis haszn\u00e1lati \u00e9s tev\u00e9kenys\u00e9gi jelent\u00e9sek<\/li>\n<\/ul>\n\n\n\n    <div class=\"d-sm-block py-3 mx-auto px-3 mb-3\"\n        style=\"border-top: 1px solid rgb(204, 204, 204); border-bottom: 1px solid rgb(204, 204, 204);\">\n        <div class=\"text-center mb-4\">\n            <h6 class=\"pt-3 text-center text-gray-900 text-2xl title-font font-medium mb-12\">ALKALMAZ\u00c1S<\/h6>\n        <\/div>\n        <div class=\"row\">\n            <div class=\"col-lg-5 col-md-5 col-sm-12 mb-4 mb-lg-0\">\n                <img decoding=\"async\" alt=\"k\u00e1rtya\" style=\"height: 190px; object-fit: cover;\"\n                    class=\"w-100 h-100 object-cover object-center rounded border\" src=\"http:\/\/blog.universofamilia.com\/wp-content\/uploads\/sites\/154\/2025\/01\/POST-PARA-APP-ARTIGO-6-3.jpg\">\n            <\/div>\n            <div class=\"col-lg-7 col-md-7 col-sm-12 d-flex flex-column justify-content-between\">\n                <h3 class=\"text-gray-900 text-3xl title-font font-medium mb-1\">C\u00edm: Google Family Link \u2013 Gyermekfel\u00fcgyelet \u00e9s -fel\u00fcgyelet<\/h3>\n\n                                    <div class=\"flex\">\n                                                    <span\n                                class=\"inline-block mx-2 py-1 mx-2 rounded text-xs font-medium tracking-widest text-uppercase mr-2 bg-green-50 text-green-700\">CSAL\u00c1D K\u00c9PERNY\u0150N\u00c9LK\u00dcLI ID\u0150 IR\u00c1NY\u00cdT\u00c1SA<\/span>\n                                            <\/div>\n                                <div class=\"d-block text-justify py-3\">A Google Family Link seg\u00edt a sz\u00fcl\u0151knek digit\u00e1lis szab\u00e1lyokat fel\u00e1ll\u00edtani, figyelni a k\u00e9perny\u0151 el\u0151tt t\u00f6lt\u00f6tt id\u0151t \u00e9s nyomon k\u00f6vetni gyermekeik tart\u00f3zkod\u00e1si hely\u00e9t. Tartsa fenn a t\u00f6k\u00e9letes egyens\u00falyt a biztons\u00e1g \u00e9s a digit\u00e1lis auton\u00f3mia k\u00f6z\u00f6tt.<\/div>\n                <div class=\"mt-auto d-flex flex-column align-items-end\">\n                    <a class=\"d-inline-block text-center text-white border-0 py-2 px-8 text-lg focus:outline-none rounded bg-green-700 hover:bg-green-800 btn-block\"\n                        href=\"https:\/\/google-family-link.br.uptodown.com\/android\"                         data-analytics-label=\"landingPageFirstButton\" data-action=\"analytics#trackCTA\">\n                        Alkalmaz\u00e1s let\u00f6lt\u00e9se                    <\/a>\n                                            <div class=\"text-xs text-muted mt-3 d-block col-12 text-center\">\u00c1tir\u00e1ny\u00edtunk egy m\u00e1sik webhelyre<\/div>\n                                    <\/div>\n            <\/div>\n        <\/div>\n    <\/div>\n\n\n\n<h2 class=\"wp-block-heading\">Tov\u00e1bbi, magasra \u00e9rt\u00e9kelt lehet\u0151s\u00e9gek a Google Playen<\/h2>\n\n\n\n<p>A lehet\u0151s\u00e9gek tov\u00e1bbi b\u0151v\u00edt\u00e9se \u00e9rdek\u00e9ben h\u00e1rom, a Google Play \u00c1ruh\u00e1zb\u00f3l sz\u00e1rmaz\u00f3, magasra \u00e9rt\u00e9kelt alkalmaz\u00e1st v\u00e1lasztottunk ki, amelyek hat\u00e9kony gyermekfel\u00fcgyeleti megold\u00e1sokat is k\u00edn\u00e1lnak.<\/p>\n\n\n\n<h3 class=\"wp-block-heading\">1. <strong>Let\u00e9tkezel\u0151<\/strong><\/h3>\n\n\n\n<p><strong>Let\u00e9tkezel\u0151<\/strong> Ez az egyik leg\u00e1tfog\u00f3bb sz\u00fcl\u0151i fel\u00fcgyeleti alkalmaz\u00e1s. Tev\u00e9kenys\u00e9gfigyel\u00e9st, online tartalomsz\u0171r\u00e9st, helymeghat\u00e1roz\u00e1st \u00e9s r\u00e9szletes jelent\u00e9seket k\u00edn\u00e1l a sz\u00fcl\u0151k sz\u00e1m\u00e1ra.<\/p>\n\n\n\n<p><strong>F\u0151bb jellemz\u0151k:<\/strong><\/p>\n\n\n\n<ul>\n<li>\u00dczenetek \u00e9s h\u00edv\u00e1sok figyel\u00e9se<\/li>\n\n\n\n<li>K\u00e9perny\u0151id\u0151-vez\u00e9rl\u00e9s<\/li>\n\n\n\n<li>Alkalmaz\u00e1sok \u00e9s webhelyek blokkol\u00e1sa<\/li>\n\n\n\n<li>Val\u00f3s idej\u0171 helymeghat\u00e1roz\u00e1s<\/li>\n<\/ul>\n\n\n<div class=\"wp-block-image\">\n<figure class=\"aligncenter size-full\"><img loading=\"lazy\" decoding=\"async\" width=\"550\" height=\"350\" src=\"http:\/\/universofamilia.com\/wp-content\/uploads\/sites\/148\/2025\/01\/DESTAQUE-UNIVERSO-550-x-350-2-7.jpg\" alt=\"\" class=\"wp-image-8524\" srcset=\"https:\/\/universofamilia.com\/wp-content\/uploads\/sites\/148\/2025\/01\/DESTAQUE-UNIVERSO-550-x-350-2-7.jpg 550w, https:\/\/universofamilia.com\/wp-content\/uploads\/sites\/148\/2025\/01\/DESTAQUE-UNIVERSO-550-x-350-2-7-300x191.jpg 300w, https:\/\/universofamilia.com\/wp-content\/uploads\/sites\/148\/2025\/01\/DESTAQUE-UNIVERSO-550-x-350-2-7-18x12.jpg 18w\" sizes=\"(max-width: 550px) 100vw, 550px\" \/><figcaption class=\"wp-element-caption\">Az \u00fczenetfigyel\u00e9s forradalma<\/figcaption><\/figure><\/div>\n\n\n<h3 class=\"wp-block-heading\">2. <strong>Norton csal\u00e1d<\/strong><\/h3>\n\n\n\n<p>A neves digit\u00e1lis biztons\u00e1gi c\u00e9g, a Norton \u00e1ltal fejlesztett alkalmaz\u00e1s k\u00f6nnyen haszn\u00e1lhat\u00f3 fel\u00fcletet \u00e9s sz\u00e1mos lehet\u0151s\u00e9get k\u00edn\u00e1l a gyermekek \u00e9s tin\u00e9dzserek online v\u00e9delm\u00e9re.<\/p>\n\n\n\n<p><strong>F\u0151bb jellemz\u0151k:<\/strong><\/p>\n\n\n\n<ul>\n<li>Online tev\u00e9kenys\u00e9gek monitoroz\u00e1sa<\/li>\n\n\n\n<li>Nem megfelel\u0151 webhelyek blokkol\u00e1sa<\/li>\n\n\n\n<li>R\u00e9szletes navig\u00e1ci\u00f3s jelent\u00e9sek<\/li>\n\n\n\n<li>Gyan\u00fas tev\u00e9kenys\u00e9gekr\u0151l sz\u00f3l\u00f3 riaszt\u00e1sok<\/li>\n<\/ul>\n\n\n\n<h3 class=\"wp-block-heading\">3. <strong>KidsGuard Pro<\/strong><\/h3>\n\n\n\n<p><strong>KidsGuard Pro<\/strong> Kiemelkedik a k\u00f6z\u00f6ss\u00e9gi h\u00e1l\u00f3zatokon, p\u00e9ld\u00e1ul a WhatsAppon, az Instagramon \u00e9s a Snapchat-en k\u00fcld\u00f6tt \u00fczenetek r\u00e9szletes monitoroz\u00e1s\u00e1r\u00f3l.<\/p>\n\n\n\n<p>Ide\u00e1lis azoknak a sz\u00fcl\u0151knek, akik szeretn\u00e9k figyelemmel k\u00eds\u00e9rni gyermekeik online interakci\u00f3it.<\/p>\n\n\n\n<p><strong>F\u0151bb jellemz\u0151k:<\/strong><\/p>\n\n\n\n<ul>\n<li>Teljes k\u00f6r\u0171 k\u00f6z\u00f6ss\u00e9gi m\u00e9dia monitoroz\u00e1s<\/li>\n\n\n\n<li>Hozz\u00e1f\u00e9r\u00e9s a b\u00f6ng\u00e9sz\u00e9si el\u0151zm\u00e9nyekhez<\/li>\n\n\n\n<li>Helymeghat\u00e1roz\u00e1s<\/li>\n\n\n\n<li>Automatikus k\u00e9perny\u0151k\u00e9p gyan\u00fas tev\u00e9kenys\u00e9gekkel kapcsolatos riaszt\u00e1sokr\u00f3l<\/li>\n<\/ul>\n\n\n\n<h2 class=\"wp-block-heading\">K\u00f6vetkeztet\u00e9s<\/h2>\n\n\n\n<p>A gyermekek v\u00e9delme a digit\u00e1lis vil\u00e1gban egyre nagyobb kih\u00edv\u00e1st jelent\u0151 feladat, de a megfelel\u0151 alkalmaz\u00e1sokkal a sz\u00fcl\u0151k nagyobb biztons\u00e1got \u00e9s nyugalmat biztos\u00edthatnak sz\u00e1mukra.<\/p>\n\n\n\n<p>Ak\u00e1r kereszt\u00fcl <strong>mSpy, Bark, Google Family Link<\/strong> vagy kieg\u00e9sz\u00edt\u0151 opci\u00f3k, mint p\u00e9ld\u00e1ul <strong>Qustodio, Norton Family \u00e9s KidsGuard Pro<\/strong>, lehet\u0151s\u00e9g van az \u00fczenetek figyel\u00e9s\u00e9re, a k\u00e9perny\u0151 el\u0151tt t\u00f6lt\u00f6tt id\u0151 korl\u00e1toz\u00e1s\u00e1ra \u00e9s a nem megfelel\u0151 tartalmakhoz val\u00f3 hozz\u00e1f\u00e9r\u00e9s megakad\u00e1lyoz\u00e1s\u00e1ra.<\/p>\n\n\n\n<p>Ha biztons\u00e1gos digit\u00e1lis k\u00f6rnyezetet szeretne fenntartani gyermekeinek, pr\u00f3b\u00e1lja ki ezen alkalmaz\u00e1sok egyik\u00e9t, \u00e9s v\u00e1lassza ki az ig\u00e9nyeinek legink\u00e1bb megfelel\u0151t. Az online biztons\u00e1g elengedhetetlen!<\/p>\n\n\n\n<p>Szeretne t\u00f6bbet megtudni a technol\u00f3gi\u00e1r\u00f3l \u00e9s a digit\u00e1lis biztons\u00e1gr\u00f3l? Tekintse meg blogunk tov\u00e1bbi cikkeit!<\/p>","protected":false},"excerpt":{"rendered":"<p>Internet se ha convertido en una parte esencial del d\u00eda a d\u00eda de los ni\u00f1os y adolescentes. Entre juegos, redes sociales y aplicaciones de mensajer\u00eda, los m\u00e1s j\u00f3venes est\u00e1n cada vez m\u00e1s conectados. Equipo de soporte Explora las aplicaciones a continuaci\u00f3n o contacta a nuestro equipo de soporte, ind\u00edcanos el tipo de perfil que buscas [&hellip;]<\/p>","protected":false},"author":139,"featured_media":8524,"comment_status":"closed","ping_status":"open","sticky":false,"template":"","format":"standard","meta":{"footnotes":""},"categories":[2],"tags":[181,694,1797,1798,1452],"yoast_head":"<!-- This site is optimized with the Yoast SEO plugin v23.3 - https:\/\/yoast.com\/wordpress\/plugins\/seo\/ -->\n<title>La Revoluci\u00f3n del Monitoreo de Mensajes - Universo Fam\u00edlia<\/title>\n<meta name=\"description\" content=\"La Revoluci\u00f3n del Monitoreo de Mensajes. Internet se ha convertido en una parte esencial del d\u00eda a d\u00eda de los ni\u00f1os y adolescentes...\" \/>\n<meta name=\"robots\" content=\"index, follow, max-snippet:-1, max-image-preview:large, max-video-preview:-1\" \/>\n<link rel=\"canonical\" href=\"https:\/\/universofamilia.com\/hu\/la-revolucion-del-monitoreo-de-mensajes\/\" \/>\n<meta property=\"og:locale\" content=\"hu_HU\" \/>\n<meta property=\"og:type\" content=\"article\" \/>\n<meta property=\"og:title\" content=\"La Revoluci\u00f3n del Monitoreo de Mensajes - Universo Fam\u00edlia\" \/>\n<meta property=\"og:description\" content=\"La Revoluci\u00f3n del Monitoreo de Mensajes. Internet se ha convertido en una parte esencial del d\u00eda a d\u00eda de los ni\u00f1os y adolescentes...\" \/>\n<meta property=\"og:url\" content=\"https:\/\/universofamilia.com\/hu\/la-revolucion-del-monitoreo-de-mensajes\/\" \/>\n<meta property=\"og:site_name\" content=\"Universo Fam\u00edlia\" \/>\n<meta property=\"article:published_time\" content=\"2025-01-31T19:04:12+00:00\" \/>\n<meta property=\"article:modified_time\" content=\"2025-10-04T21:04:25+00:00\" \/>\n<meta property=\"og:image\" content=\"https:\/\/universofamilia.com\/wp-content\/uploads\/sites\/148\/2025\/01\/DESTAQUE-UNIVERSO-550-x-350-2-7.jpg\" \/>\n\t<meta property=\"og:image:width\" content=\"550\" \/>\n\t<meta property=\"og:image:height\" content=\"350\" \/>\n\t<meta property=\"og:image:type\" content=\"image\/jpeg\" \/>\n<meta name=\"author\" content=\"Pedro Henrique\" \/>\n<meta name=\"twitter:card\" content=\"summary_large_image\" \/>\n<meta name=\"twitter:label1\" content=\"Written by\" \/>\n\t<meta name=\"twitter:data1\" content=\"Pedro Henrique\" \/>\n\t<meta name=\"twitter:label2\" content=\"Est. reading time\" \/>\n\t<meta name=\"twitter:data2\" content=\"6 perc\" \/>\n<script type=\"application\/ld+json\" class=\"yoast-schema-graph\">{\"@context\":\"https:\/\/schema.org\",\"@graph\":[{\"@type\":\"WebPage\",\"@id\":\"https:\/\/universofamilia.com\/ar\/la-revolucion-del-monitoreo-de-mensajes\/\",\"url\":\"https:\/\/universofamilia.com\/ar\/la-revolucion-del-monitoreo-de-mensajes\/\",\"name\":\"La Revoluci\u00f3n del Monitoreo de Mensajes - Universo Fam\u00edlia\",\"isPartOf\":{\"@id\":\"https:\/\/universofamilia.com\/el\/#website\"},\"primaryImageOfPage\":{\"@id\":\"https:\/\/universofamilia.com\/ar\/la-revolucion-del-monitoreo-de-mensajes\/#primaryimage\"},\"image\":{\"@id\":\"https:\/\/universofamilia.com\/ar\/la-revolucion-del-monitoreo-de-mensajes\/#primaryimage\"},\"thumbnailUrl\":\"https:\/\/universofamilia.com\/wp-content\/uploads\/sites\/148\/2025\/01\/DESTAQUE-UNIVERSO-550-x-350-2-7.jpg\",\"datePublished\":\"2025-01-31T19:04:12+00:00\",\"dateModified\":\"2025-10-04T21:04:25+00:00\",\"author\":{\"@id\":\"https:\/\/universofamilia.com\/el\/#\/schema\/person\/f07ce98187dd84d31154262e79b3b7ca\"},\"description\":\"La Revoluci\u00f3n del Monitoreo de Mensajes. Internet se ha convertido en una parte esencial del d\u00eda a d\u00eda de los ni\u00f1os y adolescentes...\",\"breadcrumb\":{\"@id\":\"https:\/\/universofamilia.com\/ar\/la-revolucion-del-monitoreo-de-mensajes\/#breadcrumb\"},\"inLanguage\":\"hu\",\"potentialAction\":[{\"@type\":\"ReadAction\",\"target\":[\"https:\/\/universofamilia.com\/ar\/la-revolucion-del-monitoreo-de-mensajes\/\"]}]},{\"@type\":\"ImageObject\",\"inLanguage\":\"hu\",\"@id\":\"https:\/\/universofamilia.com\/ar\/la-revolucion-del-monitoreo-de-mensajes\/#primaryimage\",\"url\":\"https:\/\/universofamilia.com\/wp-content\/uploads\/sites\/148\/2025\/01\/DESTAQUE-UNIVERSO-550-x-350-2-7.jpg\",\"contentUrl\":\"https:\/\/universofamilia.com\/wp-content\/uploads\/sites\/148\/2025\/01\/DESTAQUE-UNIVERSO-550-x-350-2-7.jpg\",\"width\":550,\"height\":350,\"caption\":\"La Revoluci\u00f3n del Monitoreo de Mensajes\"},{\"@type\":\"BreadcrumbList\",\"@id\":\"https:\/\/universofamilia.com\/ar\/la-revolucion-del-monitoreo-de-mensajes\/#breadcrumb\",\"itemListElement\":[{\"@type\":\"ListItem\",\"position\":1,\"name\":\"Home\",\"item\":\"https:\/\/universofamilia.com\/el\/\"},{\"@type\":\"ListItem\",\"position\":2,\"name\":\"La Revoluci\u00f3n del Monitoreo de Mensajes\"}]},{\"@type\":\"WebSite\",\"@id\":\"https:\/\/universofamilia.com\/el\/#website\",\"url\":\"https:\/\/universofamilia.com\/el\/\",\"name\":\"Universo Fam\u00edlia\",\"description\":\"\",\"potentialAction\":[{\"@type\":\"SearchAction\",\"target\":{\"@type\":\"EntryPoint\",\"urlTemplate\":\"https:\/\/universofamilia.com\/el\/?s={search_term_string}\"},\"query-input\":\"required name=search_term_string\"}],\"inLanguage\":\"hu\"},{\"@type\":\"Person\",\"@id\":\"https:\/\/universofamilia.com\/el\/#\/schema\/person\/f07ce98187dd84d31154262e79b3b7ca\",\"name\":\"Pedro Henrique\",\"image\":{\"@type\":\"ImageObject\",\"inLanguage\":\"hu\",\"@id\":\"https:\/\/universofamilia.com\/el\/#\/schema\/person\/image\/\",\"url\":\"https:\/\/secure.gravatar.com\/avatar\/9edfeb808cb4e1599f64d6e45b130154?s=96&d=mm&r=g\",\"contentUrl\":\"https:\/\/secure.gravatar.com\/avatar\/9edfeb808cb4e1599f64d6e45b130154?s=96&d=mm&r=g\",\"caption\":\"Pedro Henrique\"},\"url\":\"https:\/\/universofamilia.com\/hu\/author\/editor01\/\"}]}<\/script>\n<!-- \/ Yoast SEO plugin. -->","yoast_head_json":{"title":"La Revoluci\u00f3n del Monitoreo de Mensajes - Universo Fam\u00edlia","description":"La Revoluci\u00f3n del Monitoreo de Mensajes. Internet se ha convertido en una parte esencial del d\u00eda a d\u00eda de los ni\u00f1os y adolescentes...","robots":{"index":"index","follow":"follow","max-snippet":"max-snippet:-1","max-image-preview":"max-image-preview:large","max-video-preview":"max-video-preview:-1"},"canonical":"https:\/\/universofamilia.com\/hu\/la-revolucion-del-monitoreo-de-mensajes\/","og_locale":"hu_HU","og_type":"article","og_title":"La Revoluci\u00f3n del Monitoreo de Mensajes - Universo Fam\u00edlia","og_description":"La Revoluci\u00f3n del Monitoreo de Mensajes. Internet se ha convertido en una parte esencial del d\u00eda a d\u00eda de los ni\u00f1os y adolescentes...","og_url":"https:\/\/universofamilia.com\/hu\/la-revolucion-del-monitoreo-de-mensajes\/","og_site_name":"Universo Fam\u00edlia","article_published_time":"2025-01-31T19:04:12+00:00","article_modified_time":"2025-10-04T21:04:25+00:00","og_image":[{"width":550,"height":350,"url":"https:\/\/universofamilia.com\/wp-content\/uploads\/sites\/148\/2025\/01\/DESTAQUE-UNIVERSO-550-x-350-2-7.jpg","type":"image\/jpeg"}],"author":"Pedro Henrique","twitter_card":"summary_large_image","twitter_misc":{"Written by":"Pedro Henrique","Est. reading time":"6 perc"},"schema":{"@context":"https:\/\/schema.org","@graph":[{"@type":"WebPage","@id":"https:\/\/universofamilia.com\/ar\/la-revolucion-del-monitoreo-de-mensajes\/","url":"https:\/\/universofamilia.com\/ar\/la-revolucion-del-monitoreo-de-mensajes\/","name":"La Revoluci\u00f3n del Monitoreo de Mensajes - Universo Fam\u00edlia","isPartOf":{"@id":"https:\/\/universofamilia.com\/el\/#website"},"primaryImageOfPage":{"@id":"https:\/\/universofamilia.com\/ar\/la-revolucion-del-monitoreo-de-mensajes\/#primaryimage"},"image":{"@id":"https:\/\/universofamilia.com\/ar\/la-revolucion-del-monitoreo-de-mensajes\/#primaryimage"},"thumbnailUrl":"https:\/\/universofamilia.com\/wp-content\/uploads\/sites\/148\/2025\/01\/DESTAQUE-UNIVERSO-550-x-350-2-7.jpg","datePublished":"2025-01-31T19:04:12+00:00","dateModified":"2025-10-04T21:04:25+00:00","author":{"@id":"https:\/\/universofamilia.com\/el\/#\/schema\/person\/f07ce98187dd84d31154262e79b3b7ca"},"description":"La Revoluci\u00f3n del Monitoreo de Mensajes. Internet se ha convertido en una parte esencial del d\u00eda a d\u00eda de los ni\u00f1os y adolescentes...","breadcrumb":{"@id":"https:\/\/universofamilia.com\/ar\/la-revolucion-del-monitoreo-de-mensajes\/#breadcrumb"},"inLanguage":"hu","potentialAction":[{"@type":"ReadAction","target":["https:\/\/universofamilia.com\/ar\/la-revolucion-del-monitoreo-de-mensajes\/"]}]},{"@type":"ImageObject","inLanguage":"hu","@id":"https:\/\/universofamilia.com\/ar\/la-revolucion-del-monitoreo-de-mensajes\/#primaryimage","url":"https:\/\/universofamilia.com\/wp-content\/uploads\/sites\/148\/2025\/01\/DESTAQUE-UNIVERSO-550-x-350-2-7.jpg","contentUrl":"https:\/\/universofamilia.com\/wp-content\/uploads\/sites\/148\/2025\/01\/DESTAQUE-UNIVERSO-550-x-350-2-7.jpg","width":550,"height":350,"caption":"La Revoluci\u00f3n del Monitoreo de Mensajes"},{"@type":"BreadcrumbList","@id":"https:\/\/universofamilia.com\/ar\/la-revolucion-del-monitoreo-de-mensajes\/#breadcrumb","itemListElement":[{"@type":"ListItem","position":1,"name":"Home","item":"https:\/\/universofamilia.com\/el\/"},{"@type":"ListItem","position":2,"name":"La Revoluci\u00f3n del Monitoreo de Mensajes"}]},{"@type":"WebSite","@id":"https:\/\/universofamilia.com\/el\/#website","url":"https:\/\/universofamilia.com\/el\/","name":"Universo Fam\u00edlia","description":"","potentialAction":[{"@type":"SearchAction","target":{"@type":"EntryPoint","urlTemplate":"https:\/\/universofamilia.com\/el\/?s={search_term_string}"},"query-input":"required name=search_term_string"}],"inLanguage":"hu"},{"@type":"Person","@id":"https:\/\/universofamilia.com\/el\/#\/schema\/person\/f07ce98187dd84d31154262e79b3b7ca","name":"Pedro Henrique","image":{"@type":"ImageObject","inLanguage":"hu","@id":"https:\/\/universofamilia.com\/el\/#\/schema\/person\/image\/","url":"https:\/\/secure.gravatar.com\/avatar\/9edfeb808cb4e1599f64d6e45b130154?s=96&d=mm&r=g","contentUrl":"https:\/\/secure.gravatar.com\/avatar\/9edfeb808cb4e1599f64d6e45b130154?s=96&d=mm&r=g","caption":"Pedro Henrique"},"url":"https:\/\/universofamilia.com\/hu\/author\/editor01\/"}]}},"_links":{"self":[{"href":"https:\/\/universofamilia.com\/hu\/wp-json\/wp\/v2\/posts\/8523"}],"collection":[{"href":"https:\/\/universofamilia.com\/hu\/wp-json\/wp\/v2\/posts"}],"about":[{"href":"https:\/\/universofamilia.com\/hu\/wp-json\/wp\/v2\/types\/post"}],"author":[{"embeddable":true,"href":"https:\/\/universofamilia.com\/hu\/wp-json\/wp\/v2\/users\/139"}],"replies":[{"embeddable":true,"href":"https:\/\/universofamilia.com\/hu\/wp-json\/wp\/v2\/comments?post=8523"}],"version-history":[{"count":3,"href":"https:\/\/universofamilia.com\/hu\/wp-json\/wp\/v2\/posts\/8523\/revisions"}],"predecessor-version":[{"id":9800,"href":"https:\/\/universofamilia.com\/hu\/wp-json\/wp\/v2\/posts\/8523\/revisions\/9800"}],"wp:featuredmedia":[{"embeddable":true,"href":"https:\/\/universofamilia.com\/hu\/wp-json\/wp\/v2\/media\/8524"}],"wp:attachment":[{"href":"https:\/\/universofamilia.com\/hu\/wp-json\/wp\/v2\/media?parent=8523"}],"wp:term":[{"taxonomy":"category","embeddable":true,"href":"https:\/\/universofamilia.com\/hu\/wp-json\/wp\/v2\/categories?post=8523"},{"taxonomy":"post_tag","embeddable":true,"href":"https:\/\/universofamilia.com\/hu\/wp-json\/wp\/v2\/tags?post=8523"}],"curies":[{"name":"wp","href":"https:\/\/api.w.org\/{rel}","templated":true}]}}