{"id":8526,"date":"2025-01-31T20:00:10","date_gmt":"2025-01-31T20:00:10","guid":{"rendered":"http:\/\/universofamilia.com\/?p=8526"},"modified":"2025-02-12T17:45:52","modified_gmt":"2025-02-12T17:45:52","slug":"restaurando-fotos-eliminadas-facilmente","status":"publish","type":"post","link":"https:\/\/universofamilia.com\/hu\/restaurando-fotos-eliminadas-facilmente\/","title":{"rendered":"T\u00f6r\u00f6lt fot\u00f3k egyszer\u0171 vissza\u00e1ll\u00edt\u00e1sa"},"content":{"rendered":"<p>A telefonodr\u00f3l elvesztett fot\u00f3k igazi r\u00e9m\u00e1lom lehetnek, igaz?<\/p>\n\n\n\n<p>Ak\u00e1r gondatlans\u00e1gb\u00f3l, rendszerhib\u00e1b\u00f3l vagy ak\u00e1r egy rosszul megtervezett mem\u00f3riat\u00f6rl\u00e9sb\u0151l fakad, a k\u00fcl\u00f6nleges pillanatok elt\u0171n\u00e9s\u00e9nek l\u00e1tv\u00e1nya frusztr\u00e1l\u00f3 lehet.<\/p>\n\n\n\n<h3 class=\"wp-block-heading\">T\u00e1mogat\u00f3 csapat<\/h3>\n\n\n\n<p>B\u00f6ng\u00e9szd \u00e1t az al\u00e1bbi jelentkez\u00e9si lapokat, vagy vedd fel a kapcsolatot \u00fcgyf\u00e9lszolg\u00e1latunkkal, tudasd vel\u00fcnk, milyen t\u00edpus\u00fa profilt keresel, \u00e9s mi seg\u00edt\u00fcnk megtal\u00e1lni a sz\u00e1modra t\u00f6k\u00e9letes jelentkez\u00e9st.<\/p>\n\n\n    <section class=\"mx-1 my-10\">\n                                                <a href=\"https:\/\/www.messenger.com\/login.php?next=https%3A%2F%2Fwww.messenger.com%2Ft%2F110263563681990%2F%3Fref%3Dw30174560--utm_campaign%253D%257B%257Badset.id%257D%257D%26messaging_source%3Dsource%253Apages%253Amessage_shortlink%26source_id%3D1441792%26recurring_notification%3D0\" class=\"text-white\" data-analytics-label=\"optionsButton\"\n                    data-action=\"analytics#trackCTA\">\n                    <div data-options-target=\"option\"\n                        class=\"custom-section rounded-xl border p-3 shadow-md w-full bg-green-700 my-3\">\n                        <div class=\"flex w-full items-center justify-between\">\n                            <div class=\"flex items-center space-x-3\">\n                                <div class=\"text-lg font-bold\">\n                                    Besz\u00e9lget\u00e9s ind\u00edt\u00e1sa \u279d\n                                <\/div>\n                            <\/div>\n                        <\/div>\n                    <\/div>\n                <\/a>\n                            <p class=\"text-xs text-gray-500 text-right\"\n            style=\"margin-left: 50%; margin-bottom: 50px; margin-top: 5px;\">\n            <!-- You will be redirected to another website -->\n        <\/p>\n    <\/section>\n\n\n\n\n<p>De ne agg\u00f3dj! Szerencs\u00e9re sz\u00e1mos speci\u00e1lis alkalmaz\u00e1s seg\u00edthet a t\u00f6r\u00f6lt fot\u00f3k egyszer\u0171 vissza\u00e1ll\u00edt\u00e1s\u00e1ban.<\/p>\n\n\n\n<p>Ebben a cikkben bemutatjuk a feladathoz legjobb alkalmaz\u00e1sokat, kiemelve azok funkci\u00f3it \u00e9s m\u0171k\u00f6d\u00e9si m\u00f3dj\u00e1t.<\/p>\n\n\n\n<h2 class=\"wp-block-heading\">A fot\u00f3-helyre\u00e1ll\u00edt\u00f3 alkalmaz\u00e1sok el\u0151nyei<\/h2>\n\n\n\n<p>A t\u00f6r\u00f6lt fot\u00f3k helyre\u00e1ll\u00edt\u00e1s\u00e1nak nem kell bonyolult folyamatnak lennie.<\/p>\n\n\n\n<p>A megfelel\u0151 alkalmaz\u00e1sokkal mind\u00f6ssze n\u00e9h\u00e1ny kattint\u00e1ssal vissza\u00e1ll\u00edthatod a t\u00f6r\u00f6lt k\u00e9peket. A f\u0151bb el\u0151ny\u00f6k a k\u00f6vetkez\u0151k:<\/p>\n\n\n\n<ul>\n<li><strong>A t\u00f6r\u00f6lt fot\u00f3k gyors helyre\u00e1ll\u00edt\u00e1sa<\/strong>, an\u00e9lk\u00fcl, hogy ehhez speci\u00e1lis tud\u00e1sra lenne sz\u00fcks\u00e9g.<\/li>\n\n\n\n<li><strong>T\u00f6bb k\u00e9pform\u00e1tum t\u00e1mogat\u00e1sa<\/strong>, bele\u00e9rtve a JPG, PNG \u00e9s RAW form\u00e1tumokat.<\/li>\n\n\n\n<li><strong>F\u00e1jlok helyre\u00e1ll\u00edt\u00e1sa bels\u0151 t\u00e1rol\u00f3b\u00f3l \u00e9s SD-k\u00e1rty\u00e1r\u00f3l.<\/strong><\/li>\n\n\n\n<li><strong>Megold\u00e1sok roottal \u00e9s root n\u00e9lk\u00fcl<\/strong>, k\u00fcl\u00f6nb\u00f6z\u0151 felhaszn\u00e1l\u00f3i t\u00edpusoknak k\u00edn\u00e1lva lehet\u0151s\u00e9geket.<\/li>\n<\/ul>\n\n\n\n<p>Most pedig n\u00e9zz\u00fck meg a legjobb alkalmaz\u00e1sokat a t\u00f6r\u00f6lt fot\u00f3k vissza\u00e1ll\u00edt\u00e1s\u00e1ra!<\/p>\n\n\n\n<p><\/p>\n\n\n\n<hr class=\"wp-block-separator has-alpha-channel-opacity is-style-wide\" \/>\n\n\n\n<h5 class=\"wp-block-heading has-text-align-center\"><strong>Mit szeretn\u00e9l csin\u00e1lni?<\/strong><\/h5>\n\n\n    <section class=\"mx-1 my-10\">\n                                                <a href=\"https:\/\/universofamilia.com\/hu\/aprende-a-tocar-guitarra-con-simply-guitar\/\" class=\"text-white\" data-analytics-label=\"optionsButton\"\n                    data-action=\"analytics#trackCTA\">\n                    <div data-options-target=\"option\"\n                        class=\"custom-section rounded-xl border p-3 shadow-md w-full bg-green-700 my-3\">\n                        <div class=\"flex w-full items-center justify-between\">\n                            <div class=\"flex items-center space-x-3\">\n                                <div class=\"text-lg font-bold\">\n                                    Tanulj meg git\u00e1rozni \u279d\n                                <\/div>\n                            <\/div>\n                        <\/div>\n                    <\/div>\n                <\/a>\n                                                            <a href=\"https:\/\/universofamilia.com\/hu\/lp-apps-namoro\/\" class=\"text-white\" data-analytics-label=\"optionsButton\"\n                    data-action=\"analytics#trackCTA\">\n                    <div data-options-target=\"option\"\n                        class=\"custom-section rounded-xl border p-3 shadow-md w-full bg-green-700 my-3\">\n                        <div class=\"flex w-full items-center justify-between\">\n                            <div class=\"flex items-center space-x-3\">\n                                <div class=\"text-lg font-bold\">\n                                    App, hogy \u00faj emberekkel ismerkedj meg! \u279d\n                                <\/div>\n                            <\/div>\n                        <\/div>\n                    <\/div>\n                <\/a>\n                                                            <a href=\"https:\/\/universofamilia.com\/hu\/lp-biblia-catolica\/\" class=\"text-white\" data-analytics-label=\"optionsButton\"\n                    data-action=\"analytics#trackCTA\">\n                    <div data-options-target=\"option\"\n                        class=\"custom-section rounded-xl border p-3 shadow-md w-full bg-green-700 my-3\">\n                        <div class=\"flex w-full items-center justify-between\">\n                            <div class=\"flex items-center space-x-3\">\n                                <div class=\"text-lg font-bold\">\n                                    Isten Ig\u00e9je, b\u00e1rhol \u00e9s b\u00e1rmikor \u279d\n                                <\/div>\n                            <\/div>\n                        <\/div>\n                    <\/div>\n                <\/a>\n                            <p class=\"text-xs text-gray-500 text-right hidden\"\n            style=\"margin-left: 50%; margin-bottom: 50px; margin-top: 5px;\">\n            <!-- You will be redirected to another website -->\n        <\/p>\n    <\/section>\n\n\n\n\n<p class=\"has-text-align-right\"><em><strong><em><strong><em><strong><em><strong><em><strong>Olvass tov\u00e1bb!<\/strong><\/em><\/strong><\/em><\/strong><\/em><\/strong><\/em><\/strong><\/em><\/p>\n\n\n\n<hr class=\"wp-block-separator has-alpha-channel-opacity is-style-wide\" \/>\n\n\n\n<p><\/p>\n\n\n\n<h2 class=\"wp-block-heading\">Legjobb alkalmaz\u00e1sok a t\u00f6r\u00f6lt fot\u00f3k helyre\u00e1ll\u00edt\u00e1s\u00e1hoz<\/h2>\n\n\n\n<h3 class=\"wp-block-heading\">1. <strong>DiskDigger fot\u00f3-helyre\u00e1ll\u00edt\u00e1s<\/strong><\/h3>\n\n\n\n<p><strong>LemezDigger<\/strong> Ez az egyik legn\u00e9pszer\u0171bb alkalmaz\u00e1s a mobiltelefonr\u00f3l t\u00f6r\u00f6lt fot\u00f3k helyre\u00e1ll\u00edt\u00e1s\u00e1hoz.<\/p>\n\n\n\n<p>V\u00e9gezz el egy alapos vizsg\u00e1latot az eszk\u00f6z t\u00e1rhely\u00e9n, \u00e9s \u00e1ll\u00edtsd vissza az \u00f6sszes olyan k\u00e9pet, amely m\u00e9g vissza\u00e1ll\u00edthat\u00f3.<\/p>\n\n\n\n<p>Az alkalmaz\u00e1snak van egy ingyenes verzi\u00f3ja, de fizet\u0151s verzi\u00f3t is k\u00edn\u00e1l fejlett funkci\u00f3kkal.<\/p>\n\n\n\n<ul>\n<li><strong>F\u0151bb jellemz\u0151k:<\/strong>\n<ul>\n<li>Fot\u00f3k \u00e9s vide\u00f3k helyre\u00e1ll\u00edt\u00e1sa a bels\u0151 t\u00e1rol\u00f3b\u00f3l \u00e9s az SD-k\u00e1rty\u00e1r\u00f3l.<\/li>\n\n\n\n<li>Lehet\u0151v\u00e9 teszi a helyre\u00e1ll\u00edtott f\u00e1jlok felh\u0151be k\u00fcld\u00e9s\u00e9t.<\/li>\n\n\n\n<li>Biztons\u00e1gos t\u00f6rl\u00e9si lehet\u0151s\u00e9g a helyre\u00e1ll\u00edthatatlan f\u00e1jlokhoz.<\/li>\n<\/ul>\n<\/li>\n<\/ul>\n\n\n\n    <div class=\"d-sm-block py-3 mx-auto px-3 mb-3\"\n        style=\"border-top: 1px solid rgb(204, 204, 204); border-bottom: 1px solid rgb(204, 204, 204);\">\n        <div class=\"text-center mb-4\">\n            <h6 class=\"pt-3 text-center text-gray-900 text-2xl title-font font-medium mb-12\">ALKALMAZ\u00c1S<\/h6>\n        <\/div>\n        <div class=\"row\">\n            <div class=\"col-lg-5 col-md-5 col-sm-12 mb-4 mb-lg-0\">\n                <img decoding=\"async\" alt=\"k\u00e1rtya\" style=\"height: 190px; object-fit: cover;\"\n                    class=\"w-100 h-100 object-cover object-center rounded border\" src=\"http:\/\/universofamilia.com\/wp-content\/uploads\/sites\/148\/2025\/01\/POST-PARA-APP-ARTIGO-7-3.jpg\">\n            <\/div>\n            <div class=\"col-lg-7 col-md-7 col-sm-12 d-flex flex-column justify-content-between\">\n                <h3 class=\"text-gray-900 text-3xl title-font font-medium mb-1\">DiskDigger fot\u00f3-helyre\u00e1ll\u00edt\u00e1s<\/h3>\n\n                                    <div class=\"flex\">\n                                                    <span\n                                class=\"inline-block mx-2 py-1 mx-2 rounded text-xs font-medium tracking-widest text-uppercase mr-2 bg-green-50 text-green-700\">K\u00c9P-HELYRE\u00c1LL\u00cdT\u00c1S FOT\u00d3K VISSZA\u00c1LL\u00cdT\u00c1SA<\/span>\n                                            <\/div>\n                                <div class=\"d-block text-justify py-3\">K\u00f6nnyed\u00e9n vissza\u00e1ll\u00edthatod a t\u00f6r\u00f6lt fot\u00f3kat Android-eszk\u00f6z\u00f6dr\u0151l. Szkenneld be a bels\u0151 t\u00e1rhelyet \u00e9s az SD-k\u00e1rty\u00e1t az elveszett k\u00e9pek vissza\u00e1ll\u00edt\u00e1s\u00e1hoz. Ingyenes \u00e9s pr\u00e9mium verzi\u00f3ban is el\u00e9rhet\u0151, fejlettebb funkci\u00f3kkal.<\/div>\n                <div class=\"mt-auto d-flex flex-column align-items-end\">\n                    <a class=\"d-inline-block text-center text-white border-0 py-2 px-8 text-lg focus:outline-none rounded bg-green-700 hover:bg-green-800 btn-block\"\n                        href=\"https:\/\/diskdigger.org\/download\"                         data-analytics-label=\"landingPageFirstButton\" data-action=\"analytics#trackCTA\">\n                        Alkalmaz\u00e1s let\u00f6lt\u00e9se                    <\/a>\n                                            <div class=\"text-xs text-muted mt-3 d-block col-12 text-center\">\u00c1tir\u00e1ny\u00edtunk egy m\u00e1sik webhelyre<\/div>\n                                    <\/div>\n            <\/div>\n        <\/div>\n    <\/div>\n\n\n\n<h3 class=\"wp-block-heading\">2. <strong>Dr.Fone \u2013 Adatment\u00e9s<\/strong><\/h3>\n\n\n\n<p><strong>Dr.Fone<\/strong> Ez egy professzion\u00e1lis megold\u00e1s azok sz\u00e1m\u00e1ra, akiknek t\u00f6r\u00f6lt f\u00e9nyk\u00e9peket kell vissza\u00e1ll\u00edtaniuk.<\/p>\n\n\n\n<p>A Wondershare \u00e1ltal fejlesztett program sz\u00e1mos Android \u00e9s iOS eszk\u00f6zzel kompatibilis, \u00edgy ez az egyik leg\u00e1tfog\u00f3bb ebben a kateg\u00f3ri\u00e1ban.<\/p>\n\n\n\n<ul>\n<li><strong>F\u0151bb jellemz\u0151k:<\/strong>\n<ul>\n<li>T\u00f6bb mint 6000 okostelefon-modell t\u00e1mogat\u00e1sa.<\/li>\n\n\n\n<li>F\u00e9nyk\u00e9pek, \u00fczenetek, vide\u00f3k \u00e9s egy\u00e9b f\u00e1jlok helyre\u00e1ll\u00edt\u00e1sa.<\/li>\n\n\n\n<li>Helyre\u00e1ll\u00edt\u00e1si lehet\u0151s\u00e9gek form\u00e1z\u00e1s eset\u00e9n is.<\/li>\n<\/ul>\n<\/li>\n<\/ul>\n\n\n\n    <div class=\"d-sm-block py-3 mx-auto px-3 mb-3\"\n        style=\"border-top: 1px solid rgb(204, 204, 204); border-bottom: 1px solid rgb(204, 204, 204);\">\n        <div class=\"text-center mb-4\">\n            <h6 class=\"pt-3 text-center text-gray-900 text-2xl title-font font-medium mb-12\">ALKALMAZ\u00c1S<\/h6>\n        <\/div>\n        <div class=\"row\">\n            <div class=\"col-lg-5 col-md-5 col-sm-12 mb-4 mb-lg-0\">\n                <img decoding=\"async\" alt=\"k\u00e1rtya\" style=\"height: 190px; object-fit: cover;\"\n                    class=\"w-100 h-100 object-cover object-center rounded border\" src=\"http:\/\/universofamilia.com\/wp-content\/uploads\/sites\/148\/2025\/01\/POST-PARA-APP-ARTIGO-8-2.jpg\">\n            <\/div>\n            <div class=\"col-lg-7 col-md-7 col-sm-12 d-flex flex-column justify-content-between\">\n                <h3 class=\"text-gray-900 text-3xl title-font font-medium mb-1\">Dr.Fone \u2013 Adatment\u00e9s<\/h3>\n\n                                    <div class=\"flex\">\n                                                    <span\n                                class=\"inline-block mx-2 py-1 mx-2 rounded text-xs font-medium tracking-widest text-uppercase mr-2 bg-green-50 text-green-700\">ELVESZETT ADATOK F\u00c1JLOK VISSZA\u00c1LL\u00cdT\u00c1SA<\/span>\n                                            <\/div>\n                                <div class=\"d-block text-justify py-3\">A leg\u00e1tfog\u00f3bb eszk\u00f6z f\u00e9nyk\u00e9pek, vide\u00f3k, n\u00e9vjegyek \u00e9s egyebek helyre\u00e1ll\u00edt\u00e1s\u00e1ra Android \u00e9s iOS rendszeren. T\u00f6bb mint 6000 eszk\u00f6zzel kompatibilis. Ide\u00e1lis azok sz\u00e1m\u00e1ra, akik professzion\u00e1lis helyre\u00e1ll\u00edt\u00e1si megold\u00e1st keresnek.<\/div>\n                <div class=\"mt-auto d-flex flex-column align-items-end\">\n                    <a class=\"d-inline-block text-center text-white border-0 py-2 px-8 text-lg focus:outline-none rounded bg-green-700 hover:bg-green-800 btn-block\"\n                        href=\"https:\/\/drfone.wondershare.net\/br\/android-data-recovery.html?\"                         data-analytics-label=\"landingPageFirstButton\" data-action=\"analytics#trackCTA\">\n                        Alkalmaz\u00e1s let\u00f6lt\u00e9se                    <\/a>\n                                            <div class=\"text-xs text-muted mt-3 d-block col-12 text-center\">\u00c1tir\u00e1ny\u00edtunk egy m\u00e1sik webhelyre<\/div>\n                                    <\/div>\n            <\/div>\n        <\/div>\n    <\/div>\n\n\n\n<h3 class=\"wp-block-heading\">3. <strong>Kont\u00e9ner: Fot\u00f3ment\u00e9s<\/strong><\/h3>\n\n\n\n<p><strong>Kont\u00e9ner<\/strong> \u00dagy m\u0171k\u00f6dik, mint egy okostelefon \u00fajrahasznos\u00edt\u00f3 l\u00e1da.<\/p>\n\n\n\n<p>Automatikusan t\u00e1rolja a t\u00f6r\u00f6lt f\u00e1jlokat, \u00e9s lehet\u0151v\u00e9 teszi azok b\u00e1rmikori vissza\u00e1ll\u00edt\u00e1s\u00e1t, megakad\u00e1lyozva a v\u00e9gleges elveszt\u00e9st.<\/p>\n\n\n\n<ul>\n<li><strong>F\u0151bb jellemz\u0151k:<\/strong>\n<ul>\n<li>A t\u00f6r\u00f6lt fot\u00f3k egyszer\u0171 \u00e9s gyors vissza\u00e1ll\u00edt\u00e1sa.<\/li>\n\n\n\n<li>Felh\u0151alap\u00fa t\u00e1rhelyet k\u00edn\u00e1l a biztons\u00e1gi m\u00e1solatok t\u00e1rol\u00e1s\u00e1ra.<\/li>\n\n\n\n<li>Jelsz\u00f3v\u00e9delem a helyre\u00e1ll\u00edtott f\u00e1jlok fokozott biztons\u00e1ga \u00e9rdek\u00e9ben.<\/li>\n<\/ul>\n<\/li>\n<\/ul>\n\n\n\n    <div class=\"d-sm-block py-3 mx-auto px-3 mb-3\"\n        style=\"border-top: 1px solid rgb(204, 204, 204); border-bottom: 1px solid rgb(204, 204, 204);\">\n        <div class=\"text-center mb-4\">\n            <h6 class=\"pt-3 text-center text-gray-900 text-2xl title-font font-medium mb-12\">ALKALMAZ\u00c1S<\/h6>\n        <\/div>\n        <div class=\"row\">\n            <div class=\"col-lg-5 col-md-5 col-sm-12 mb-4 mb-lg-0\">\n                <img decoding=\"async\" alt=\"k\u00e1rtya\" style=\"height: 190px; object-fit: cover;\"\n                    class=\"w-100 h-100 object-cover object-center rounded border\" src=\"http:\/\/universofamilia.com\/wp-content\/uploads\/sites\/148\/2025\/01\/POST-PARA-APP-ARTIGO-9-2.jpg\">\n            <\/div>\n            <div class=\"col-lg-7 col-md-7 col-sm-12 d-flex flex-column justify-content-between\">\n                <h3 class=\"text-gray-900 text-3xl title-font font-medium mb-1\">Kont\u00e9ner: Fot\u00f3ment\u00e9s<\/h3>\n\n                                    <div class=\"flex\">\n                                                    <span\n                                class=\"inline-block mx-2 py-1 mx-2 rounded text-xs font-medium tracking-widest text-uppercase mr-2 bg-green-50 text-green-700\">\u00daJRAHASZNOS\u00cdT\u00d3 TART\u00c1LY, BIZTONS\u00c1GI M\u00c1SOLAT<\/span>\n                                            <\/div>\n                                <div class=\"d-block text-justify py-3\">Automatikusan t\u00e1rolja a t\u00f6r\u00f6lt f\u00e9nyk\u00e9peket, \u00e9s lehet\u0151v\u00e9 teszi azok egyszer\u0171 vissza\u00e1ll\u00edt\u00e1s\u00e1t. \u00dagy m\u0171k\u00f6dik, mint egy lomt\u00e1r a telefonodon. Felh\u0151alap\u00fa t\u00e1rol\u00e1si lehet\u0151s\u00e9geket is tartalmaz.<\/div>\n                <div class=\"mt-auto d-flex flex-column align-items-end\">\n                    <a class=\"d-inline-block text-center text-white border-0 py-2 px-8 text-lg focus:outline-none rounded bg-green-700 hover:bg-green-800 btn-block\"\n                        href=\"https:\/\/dumpsterapp.mobi\/\"                         data-analytics-label=\"landingPageFirstButton\" data-action=\"analytics#trackCTA\">\n                        Alkalmaz\u00e1s let\u00f6lt\u00e9se                    <\/a>\n                                            <div class=\"text-xs text-muted mt-3 d-block col-12 text-center\">\u00c1tir\u00e1ny\u00edtunk egy m\u00e1sik webhelyre<\/div>\n                                    <\/div>\n            <\/div>\n        <\/div>\n    <\/div>\n\n\n\n<h2 class=\"wp-block-heading\">Tov\u00e1bbi, magasra \u00e9rt\u00e9kelt alternat\u00edv\u00e1k a Google Playen<\/h2>\n\n\n\n<p>Ha a fent eml\u00edtett alkalmaz\u00e1sokon t\u00falmutat\u00f3 lehet\u0151s\u00e9geket keres, \u00edme h\u00e1rom alternat\u00edva, amelyeket a felhaszn\u00e1l\u00f3k a Google Playen is nagyon \u00e9rt\u00e9keltek:<\/p>\n\n\n\n<h3 class=\"wp-block-heading\">4. <strong>UltData \u2013 Android adatment\u00e9s<\/strong><\/h3>\n\n\n\n<p><strong>UltData<\/strong> Kiv\u00e1l\u00f3 lehet\u0151s\u00e9g a t\u00f6r\u00f6lt f\u00e9nyk\u00e9pek vissza\u00e1ll\u00edt\u00e1s\u00e1ra Android-eszk\u00f6z\u00f6kr\u0151l root n\u00e9lk\u00fcl.<\/p>\n\n\n\n<p>K\u00fcl\u00f6nlegess\u00e9ge a f\u00e1jl-helyre\u00e1ll\u00edt\u00e1s magas sikeress\u00e9gi ar\u00e1nya.<\/p>\n\n\n\n<ul>\n<li><strong>F\u0151bb jellemz\u0151k:<\/strong>\n<ul>\n<li>Helyre\u00e1ll\u00edt\u00e1s root n\u00e9lk\u00fcl.<\/li>\n\n\n\n<li>Kompatibilit\u00e1s t\u00f6bb okostelefon m\u00e1rk\u00e1val.<\/li>\n\n\n\n<li>Lehet\u0151v\u00e9 teszi a k\u00e9pek el\u0151n\u00e9zet\u00e9t a helyre\u00e1ll\u00edt\u00e1s el\u0151tt.<\/li>\n<\/ul>\n<\/li>\n<\/ul>\n\n\n\n<h3 class=\"wp-block-heading\">5. <strong>EaseUS MobiSaver<\/strong><\/h3>\n\n\n\n<p><strong>EaseUS MobiSaver<\/strong> Ez egy megb\u00edzhat\u00f3 alkalmaz\u00e1s, amely seg\u00edt a t\u00f6r\u00f6lt f\u00e9nyk\u00e9pek, vide\u00f3k, n\u00e9vjegyek \u00e9s \u00fczenetek helyre\u00e1ll\u00edt\u00e1s\u00e1ban.<\/p>\n\n\n\n<ul>\n<li><strong>F\u0151bb jellemz\u0151k:<\/strong>\n<ul>\n<li>Intuit\u00edv \u00e9s k\u00f6nnyen haszn\u00e1lhat\u00f3 fel\u00fclet.<\/li>\n\n\n\n<li>Gyors \u00e9s hat\u00e9kony fel\u00e9p\u00fcl\u00e9s.<\/li>\n\n\n\n<li>T\u00e1mogat\u00e1s a v\u00e9letlen\u00fcl vagy rendszerhiba miatt t\u00f6r\u00f6lt f\u00e1jlokhoz.<\/li>\n<\/ul>\n<\/li>\n<\/ul>\n\n\n\n<h3 class=\"wp-block-heading\">6. <strong>DigDeep k\u00e9pment\u00e9s<\/strong><\/h3>\n\n\n\n<p><strong>\u00c1ss m\u00e9lyre<\/strong> m\u00e9lyrehat\u00f3 vizsg\u00e1latot v\u00e9gez az eszk\u00f6z t\u00e1rhely\u00e9n, azonos\u00edtja a t\u00f6r\u00f6lt f\u00e9nyk\u00e9peket \u00e9s hat\u00e9konyan vissza\u00e1ll\u00edtja azokat.<\/p>\n\n\n\n<ul>\n<li><strong>F\u0151bb jellemz\u0151k:<\/strong>\n<ul>\n<li>Gyors \u00e9s hat\u00e9kony szkennel\u00e9s.<\/li>\n\n\n\n<li>K\u00e9pek helyre\u00e1ll\u00edt\u00e1sa a bels\u0151 mem\u00f3ri\u00e1b\u00f3l \u00e9s az SD-k\u00e1rty\u00e1r\u00f3l.<\/li>\n\n\n\n<li>Egyszer\u0171 \u00e9s felhaszn\u00e1l\u00f3bar\u00e1t fel\u00fclet.<\/li>\n<\/ul>\n<\/li>\n<\/ul>\n\n\n<div class=\"wp-block-image\">\n<figure class=\"aligncenter size-full\"><img loading=\"lazy\" decoding=\"async\" width=\"550\" height=\"350\" src=\"http:\/\/universofamilia.com\/wp-content\/uploads\/sites\/148\/2025\/01\/DESTAQUE-UNIVERSO-550-x-350-3-4.jpg\" alt=\"\" class=\"wp-image-8531\" srcset=\"https:\/\/universofamilia.com\/wp-content\/uploads\/sites\/148\/2025\/01\/DESTAQUE-UNIVERSO-550-x-350-3-4.jpg 550w, https:\/\/universofamilia.com\/wp-content\/uploads\/sites\/148\/2025\/01\/DESTAQUE-UNIVERSO-550-x-350-3-4-300x191.jpg 300w, https:\/\/universofamilia.com\/wp-content\/uploads\/sites\/148\/2025\/01\/DESTAQUE-UNIVERSO-550-x-350-3-4-18x12.jpg 18w\" sizes=\"(max-width: 550px) 100vw, 550px\" \/><figcaption class=\"wp-element-caption\">T\u00f6r\u00f6lt fot\u00f3k egyszer\u0171 vissza\u00e1ll\u00edt\u00e1sa<\/figcaption><\/figure><\/div>\n\n\n<h2 class=\"wp-block-heading\">A fot\u00f3-helyre\u00e1ll\u00edt\u00f3 alkalmaz\u00e1sok \u00f6sszehasonl\u00edt\u00e1sa<\/h2>\n\n\n\n<p>Miel\u0151tt kiv\u00e1lasztan\u00e1nk, melyik alkalmaz\u00e1st haszn\u00e1ljuk, fontos elemezni az egyes alkalmaz\u00e1sok el\u0151nyeit \u00e9s h\u00e1tr\u00e1nyait.<\/p>\n\n\n\n<p>Az al\u00e1bbi t\u00e1bl\u00e1zat \u00f6sszehasonl\u00edtja az egyes alkalmaz\u00e1sok f\u0151bb aspektusait:<\/p>\n\n\n\n<figure class=\"wp-block-table\"><table><thead><tr><th>Alkalmaz\u00e1s<\/th><th>Sz\u00fcks\u00e9ged van rootra?<\/th><th>Ingyenes?<\/th><th>Felh\u0151t\u00e1rhely<\/th><th>Egy\u00e9b f\u00e1jlok t\u00e1mogat\u00e1sa<\/th><\/tr><\/thead><tbody><tr><td>LemezDigger<\/td><td>V\u00e1laszthat\u00f3<\/td><td>Igen<\/td><td>Nem<\/td><td>Csak fot\u00f3k<\/td><\/tr><tr><td>Dr.Fone<\/td><td>Nem<\/td><td>Nem<\/td><td>Igen<\/td><td>Igen<\/td><\/tr><tr><td>Kont\u00e9ner<\/td><td>Nem<\/td><td>Igen<\/td><td>Igen<\/td><td>Igen<\/td><\/tr><tr><td>UltData<\/td><td>Nem<\/td><td>Nem<\/td><td>Nem<\/td><td>Igen<\/td><\/tr><tr><td>EaseUS MobiSaver<\/td><td>Nem<\/td><td>Igen<\/td><td>Nem<\/td><td>Igen<\/td><\/tr><tr><td>\u00c1ss m\u00e9lyre<\/td><td>Nem<\/td><td>Igen<\/td><td>Nem<\/td><td>Csak fot\u00f3k<\/td><\/tr><\/tbody><\/table><\/figure>\n\n\n\n<p>Ez az \u00f6sszehasonl\u00edt\u00e1s seg\u00edt meg\u00e9rteni, hogy melyik alkalmaz\u00e1s felel meg legink\u00e1bb az ig\u00e9nyeidnek.<\/p>\n\n\n\n<h2 class=\"wp-block-heading\">K\u00f6vetkeztet\u00e9s<\/h2>\n\n\n\n<p>A fontos f\u00e9nyk\u00e9pek elveszt\u00e9se frusztr\u00e1l\u00f3 lehet, de a megfelel\u0151 alkalmaz\u00e1sokkal gond n\u00e9lk\u00fcl vissza\u00e1ll\u00edthatod \u0151ket.<\/p>\n\n\n\n<p>Ak\u00e1r haszn\u00e1l <strong>LemezDigger<\/strong>, <strong>Dr.Fone<\/strong>, <strong>Kont\u00e9ner<\/strong> vagy a fent eml\u00edtett alternat\u00edv\u00e1k b\u00e1rmelyik\u00e9t, a j\u00f3 h\u00edr az, hogy vannak hat\u00e9kony megold\u00e1sok a t\u00f6r\u00f6lt k\u00e9pek vissza\u00e1ll\u00edt\u00e1s\u00e1ra.<\/p>\n\n\n\n<p>V\u00e1laszd ki az ig\u00e9nyeidnek legink\u00e1bb megfelel\u0151 alkalmaz\u00e1st, \u00e9s gondoskodj r\u00f3la, hogy eml\u00e9keid mindig biztons\u00e1gban legyenek!<\/p>\n\n\n\n<p>Tov\u00e1bbi tippeket szeretn\u00e9l kapni a hasznos alkalmaz\u00e1sokkal kapcsolatban? N\u00e9zd meg a blogunkon tal\u00e1lhat\u00f3 tov\u00e1bbi tartalmainkat!<\/p>\n\n\n\n<h3 class=\"wp-block-heading\"><strong>Gyakran ism\u00e9telt k\u00e9rd\u00e9sek<\/strong><\/h3>\n\n\n\n<h4 class=\"wp-block-heading\">1. Lehets\u00e9ges-e az \u00f6sszes t\u00f6r\u00f6lt fot\u00f3 vissza\u00e1ll\u00edt\u00e1sa a telefonomr\u00f3l?<\/h4>\n\n\n\n<p>Nem mindig lehets\u00e9ges az \u00f6sszes t\u00f6r\u00f6lt fot\u00f3t vissza\u00e1ll\u00edtani. A vissza\u00e1ll\u00edt\u00e1s lehet\u0151s\u00e9ge att\u00f3l f\u00fcgg, hogy mennyi ideje t\u00f6r\u00f6lt\u00e9k \u0151ket, \u00e9s hogy a t\u00e1rhelyet fel\u00fcl\u00edrt\u00e1k-e \u00faj adatokkal.<\/p>\n\n\n\n<p>Alkalmaz\u00e1sok, mint p\u00e9ld\u00e1ul <strong>LemezDigger<\/strong>, <strong>Dr.Fone<\/strong> \u00e9s <strong>Kont\u00e9ner<\/strong> Nagyobb es\u00e9lyt k\u00edn\u00e1lnak a sikerre, ha az elt\u00e1vol\u00edt\u00e1s ut\u00e1n hamarosan alkalmazz\u00e1k.<\/p>\n\n\n\n<h4 class=\"wp-block-heading\">2. Rootolni kell a telefonomat a fot\u00f3-helyre\u00e1ll\u00edt\u00f3 alkalmaz\u00e1sok haszn\u00e1lat\u00e1hoz?<\/h4>\n\n\n\n<p>Az alkalmaz\u00e1st\u00f3l f\u00fcgg. N\u00e9h\u00e1ny eszk\u00f6z, mint p\u00e9ld\u00e1ul <strong>LemezDigger<\/strong> Root hozz\u00e1f\u00e9r\u00e9s n\u00e9lk\u00fcl is m\u0171k\u00f6dhetnek, de a helyre\u00e1ll\u00edt\u00e1si k\u00e9pess\u00e9geik korl\u00e1tozottak.<\/p>\n\n\n\n<p>M\u00e1s alkalmaz\u00e1sok, mint p\u00e9ld\u00e1ul <strong>Dr.Fone<\/strong>, root n\u00e9lk\u00fcl t\u00f6bb f\u00e1jlt tud helyre\u00e1ll\u00edtani, b\u00e1r root hozz\u00e1f\u00e9r\u00e9ssel rendelkez\u0151 eszk\u00f6z eset\u00e9n fejlettebb funkci\u00f3kat k\u00edn\u00e1lnak.<\/p>\n\n\n\n<h4 class=\"wp-block-heading\">3. Biztons\u00e1gosak a fot\u00f3-helyre\u00e1ll\u00edt\u00f3 alkalmaz\u00e1sok?<\/h4>\n\n\n\n<p>\u00c1ltal\u00e1noss\u00e1gban igen, de fontos megb\u00edzhat\u00f3 alkalmaz\u00e1sokat let\u00f6lteni a k\u00f6vetkez\u0151 helyr\u0151l: <strong>Google Play \u00c1ruh\u00e1z<\/strong> a kock\u00e1zatok elker\u00fcl\u00e9se \u00e9rdek\u00e9ben. Olyan alkalmaz\u00e1sok, mint <strong>Kont\u00e9ner<\/strong> \u00e9s <strong>EaseUS MobiSaver<\/strong> Biztons\u00e1gosak \u00e9s sz\u00e9les k\u00f6rben haszn\u00e1lj\u00e1k \u0151ket.<\/p>\n\n\n\n<p>Azonban mindig ellen\u0151rizd az egyes alkalmaz\u00e1sok \u00e1ltal k\u00e9rt enged\u00e9lyeket az adatv\u00e9delem \u00e9rdek\u00e9ben.<\/p>\n\n\n\n<h4 class=\"wp-block-heading\">4. Mi a legjobb alkalmaz\u00e1s a t\u00f6r\u00f6lt fot\u00f3k helyre\u00e1ll\u00edt\u00e1s\u00e1ra Androidon?<\/h4>\n\n\n\n<p>A legjobb opci\u00f3 az ig\u00e9nyeidt\u0151l f\u00fcgg. <strong>LemezDigger<\/strong> Ide\u00e1lis a gyors \u00e9s k\u00f6nny\u0171 fel\u00e9p\u00fcl\u00e9shez. <strong>Dr.Fone<\/strong> fejlettebb megold\u00e1sokat k\u00edn\u00e1l, \u00e9s k\u00fcl\u00f6nf\u00e9le t\u00edpus\u00fa f\u00e1jlokat \u00e1ll\u00edt vissza.<\/p>\n\n\n\n<p><strong>Kont\u00e9ner<\/strong> \u00dagy m\u0171k\u00f6dik, mint egy lomt\u00e1r, automatikusan t\u00e1rolja a t\u00f6r\u00f6lt f\u00e9nyk\u00e9peket a gyors vissza\u00e1ll\u00edt\u00e1s \u00e9rdek\u00e9ben.<\/p>\n\n\n\n<h4 class=\"wp-block-heading\">5. Vissza\u00e1ll\u00edthatok f\u00e9nyk\u00e9peket az SD-k\u00e1rty\u00e1r\u00f3l ezekkel az alkalmaz\u00e1sokkal?<\/h4>\n\n\n\n<p>Igen, sok alkalmaz\u00e1s lehet\u0151v\u00e9 teszi a t\u00f6r\u00f6lt f\u00e9nyk\u00e9pek vissza\u00e1ll\u00edt\u00e1s\u00e1t az SD-k\u00e1rty\u00e1r\u00f3l.<\/p>\n\n\n\n<p><strong>LemezDigger<\/strong>, <strong>UltData<\/strong> \u00e9s <strong>EaseUS MobiSaver<\/strong> k\u00e9pes f\u00e1jlokat beolvasni \u00e9s vissza\u00e1ll\u00edtani az eszk\u00f6z bels\u0151 \u00e9s k\u00fcls\u0151 mem\u00f3ri\u00e1j\u00e1b\u00f3l.<\/p>\n\n\n\n<h4 class=\"wp-block-heading\">6. Ingyenesek a fot\u00f3-helyre\u00e1ll\u00edt\u00f3 alkalmaz\u00e1sok?<\/h4>\n\n\n\n<p>N\u00e9h\u00e1ny ingyenes funkci\u00f3kat k\u00edn\u00e1l, de korl\u00e1toz\u00e1sokkal. <strong>LemezDigger<\/strong> van egy ingyenes verzi\u00f3ja alapvet\u0151 funkci\u00f3kkal, m\u00edg <strong>Dr.Fone<\/strong> \u00e9s <strong>UltData<\/strong> fizet\u00e9s sz\u00fcks\u00e9ges a speci\u00e1lis be\u00e1ll\u00edt\u00e1sok el\u00e9r\u00e9s\u00e9hez.<\/p>\n\n\n\n<p><strong>Kont\u00e9ner<\/strong> felh\u0151alap\u00fa t\u00e1rhelyet k\u00edn\u00e1l, de pr\u00e9mium el\u0151fizet\u00e9ssel.<\/p>\n\n\n\n<h4 class=\"wp-block-heading\">7. Hogyan ker\u00fclhetem el a fot\u00f3im elveszt\u00e9s\u00e9t a j\u00f6v\u0151ben?<\/h4>\n\n\n\n<p>A f\u00e9nyk\u00e9pek elveszt\u00e9s\u00e9nek elker\u00fcl\u00e9se \u00e9rdek\u00e9ben aj\u00e1nlott enged\u00e9lyezni az automatikus biztons\u00e1gi ment\u00e9st olyan szolg\u00e1ltat\u00e1sokon, mint p\u00e9ld\u00e1ul a <strong>Google Fot\u00f3k<\/strong> b\u00e1rmelyik <strong>Dropbox<\/strong>.<\/p>\n\n\n\n<p>Haszn\u00e1lhatsz olyan alkalmaz\u00e1sokat is, mint a <strong>Kont\u00e9ner<\/strong>, amely egy lomt\u00e1rhoz hasonl\u00f3an m\u0171k\u00f6dik a k\u00e9pek v\u00e9gleges t\u00f6rl\u00e9se el\u0151tti helyre\u00e1ll\u00edt\u00e1s\u00e1hoz.<\/p>","protected":false},"excerpt":{"rendered":"<p>Perder fotos del m\u00f3vil puede ser una verdadera pesadilla, \u00bfverdad? Ya sea por un descuido, un error del sistema o incluso por una limpieza de memoria mal planificada, ver c\u00f3mo desaparecen esos momentos especiales puede ser frustrante. Equipo de soporte Explora las aplicaciones a continuaci\u00f3n o contacta a nuestro equipo de soporte, ind\u00edcanos el tipo [&hellip;]<\/p>","protected":false},"author":139,"featured_media":8531,"comment_status":"closed","ping_status":"open","sticky":false,"template":"","format":"standard","meta":{"footnotes":""},"categories":[2],"tags":[1799,1802,1801,1803,1800],"yoast_head":"<!-- This site is optimized with the Yoast SEO plugin v23.3 - https:\/\/yoast.com\/wordpress\/plugins\/seo\/ -->\n<title>Restaurando Fotos Eliminadas F\u00e1cilmente - Universo Fam\u00edlia<\/title>\n<meta name=\"description\" content=\"Restaurando Fotos Eliminadas F\u00e1cilmente. Perder fotos del m\u00f3vil puede ser una verdadera pesadilla, \u00bfverdad?...\" \/>\n<meta name=\"robots\" content=\"index, follow, max-snippet:-1, max-image-preview:large, max-video-preview:-1\" \/>\n<link rel=\"canonical\" href=\"http:\/\/universofamilia.com\/hu\/restaurando-fotos-eliminadas-facilmente\/\" \/>\n<meta property=\"og:locale\" content=\"hu_HU\" \/>\n<meta property=\"og:type\" content=\"article\" \/>\n<meta property=\"og:title\" content=\"Restaurando Fotos Eliminadas F\u00e1cilmente - Universo Fam\u00edlia\" \/>\n<meta property=\"og:description\" content=\"Restaurando Fotos Eliminadas F\u00e1cilmente. Perder fotos del m\u00f3vil puede ser una verdadera pesadilla, \u00bfverdad?...\" \/>\n<meta property=\"og:url\" content=\"http:\/\/universofamilia.com\/hu\/restaurando-fotos-eliminadas-facilmente\/\" \/>\n<meta property=\"og:site_name\" content=\"Universo Fam\u00edlia\" \/>\n<meta property=\"article:published_time\" content=\"2025-01-31T20:00:10+00:00\" \/>\n<meta property=\"article:modified_time\" content=\"2025-02-12T17:45:52+00:00\" \/>\n<meta property=\"og:image\" content=\"http:\/\/universofamilia.com\/wp-content\/uploads\/sites\/148\/2025\/01\/DESTAQUE-UNIVERSO-550-x-350-3-4.jpg\" \/>\n\t<meta property=\"og:image:width\" content=\"550\" \/>\n\t<meta property=\"og:image:height\" content=\"350\" \/>\n\t<meta property=\"og:image:type\" content=\"image\/jpeg\" \/>\n<meta name=\"author\" content=\"Pedro Henrique\" \/>\n<meta name=\"twitter:card\" content=\"summary_large_image\" \/>\n<meta name=\"twitter:label1\" content=\"Written by\" \/>\n\t<meta name=\"twitter:data1\" content=\"Pedro Henrique\" \/>\n\t<meta name=\"twitter:label2\" content=\"Est. reading time\" \/>\n\t<meta name=\"twitter:data2\" content=\"7 perc\" \/>\n<script type=\"application\/ld+json\" class=\"yoast-schema-graph\">{\"@context\":\"https:\/\/schema.org\",\"@graph\":[{\"@type\":\"WebPage\",\"@id\":\"http:\/\/universofamilia.com\/el\/restaurando-fotos-eliminadas-facilmente\/\",\"url\":\"http:\/\/universofamilia.com\/el\/restaurando-fotos-eliminadas-facilmente\/\",\"name\":\"Restaurando Fotos Eliminadas F\u00e1cilmente - Universo Fam\u00edlia\",\"isPartOf\":{\"@id\":\"https:\/\/universofamilia.com\/el\/#website\"},\"primaryImageOfPage\":{\"@id\":\"http:\/\/universofamilia.com\/el\/restaurando-fotos-eliminadas-facilmente\/#primaryimage\"},\"image\":{\"@id\":\"http:\/\/universofamilia.com\/el\/restaurando-fotos-eliminadas-facilmente\/#primaryimage\"},\"thumbnailUrl\":\"https:\/\/universofamilia.com\/wp-content\/uploads\/sites\/148\/2025\/01\/DESTAQUE-UNIVERSO-550-x-350-3-4.jpg\",\"datePublished\":\"2025-01-31T20:00:10+00:00\",\"dateModified\":\"2025-02-12T17:45:52+00:00\",\"author\":{\"@id\":\"https:\/\/universofamilia.com\/el\/#\/schema\/person\/f07ce98187dd84d31154262e79b3b7ca\"},\"description\":\"Restaurando Fotos Eliminadas F\u00e1cilmente. Perder fotos del m\u00f3vil puede ser una verdadera pesadilla, \u00bfverdad?...\",\"breadcrumb\":{\"@id\":\"http:\/\/universofamilia.com\/el\/restaurando-fotos-eliminadas-facilmente\/#breadcrumb\"},\"inLanguage\":\"hu\",\"potentialAction\":[{\"@type\":\"ReadAction\",\"target\":[\"http:\/\/universofamilia.com\/el\/restaurando-fotos-eliminadas-facilmente\/\"]}]},{\"@type\":\"ImageObject\",\"inLanguage\":\"hu\",\"@id\":\"http:\/\/universofamilia.com\/el\/restaurando-fotos-eliminadas-facilmente\/#primaryimage\",\"url\":\"https:\/\/universofamilia.com\/wp-content\/uploads\/sites\/148\/2025\/01\/DESTAQUE-UNIVERSO-550-x-350-3-4.jpg\",\"contentUrl\":\"https:\/\/universofamilia.com\/wp-content\/uploads\/sites\/148\/2025\/01\/DESTAQUE-UNIVERSO-550-x-350-3-4.jpg\",\"width\":550,\"height\":350,\"caption\":\"Restaurando Fotos Eliminadas F\u00e1cilmente\"},{\"@type\":\"BreadcrumbList\",\"@id\":\"http:\/\/universofamilia.com\/el\/restaurando-fotos-eliminadas-facilmente\/#breadcrumb\",\"itemListElement\":[{\"@type\":\"ListItem\",\"position\":1,\"name\":\"Home\",\"item\":\"https:\/\/universofamilia.com\/el\/\"},{\"@type\":\"ListItem\",\"position\":2,\"name\":\"Restaurando Fotos Eliminadas F\u00e1cilmente\"}]},{\"@type\":\"WebSite\",\"@id\":\"https:\/\/universofamilia.com\/el\/#website\",\"url\":\"https:\/\/universofamilia.com\/el\/\",\"name\":\"Universo Fam\u00edlia\",\"description\":\"\",\"potentialAction\":[{\"@type\":\"SearchAction\",\"target\":{\"@type\":\"EntryPoint\",\"urlTemplate\":\"https:\/\/universofamilia.com\/el\/?s={search_term_string}\"},\"query-input\":\"required name=search_term_string\"}],\"inLanguage\":\"hu\"},{\"@type\":\"Person\",\"@id\":\"https:\/\/universofamilia.com\/el\/#\/schema\/person\/f07ce98187dd84d31154262e79b3b7ca\",\"name\":\"Pedro Henrique\",\"image\":{\"@type\":\"ImageObject\",\"inLanguage\":\"hu\",\"@id\":\"https:\/\/universofamilia.com\/el\/#\/schema\/person\/image\/\",\"url\":\"https:\/\/secure.gravatar.com\/avatar\/9edfeb808cb4e1599f64d6e45b130154?s=96&d=mm&r=g\",\"contentUrl\":\"https:\/\/secure.gravatar.com\/avatar\/9edfeb808cb4e1599f64d6e45b130154?s=96&d=mm&r=g\",\"caption\":\"Pedro Henrique\"},\"url\":\"https:\/\/universofamilia.com\/hu\/author\/editor01\/\"}]}<\/script>\n<!-- \/ Yoast SEO plugin. -->","yoast_head_json":{"title":"Restaurando Fotos Eliminadas F\u00e1cilmente - Universo Fam\u00edlia","description":"Restaurando Fotos Eliminadas F\u00e1cilmente. Perder fotos del m\u00f3vil puede ser una verdadera pesadilla, \u00bfverdad?...","robots":{"index":"index","follow":"follow","max-snippet":"max-snippet:-1","max-image-preview":"max-image-preview:large","max-video-preview":"max-video-preview:-1"},"canonical":"http:\/\/universofamilia.com\/hu\/restaurando-fotos-eliminadas-facilmente\/","og_locale":"hu_HU","og_type":"article","og_title":"Restaurando Fotos Eliminadas F\u00e1cilmente - Universo Fam\u00edlia","og_description":"Restaurando Fotos Eliminadas F\u00e1cilmente. Perder fotos del m\u00f3vil puede ser una verdadera pesadilla, \u00bfverdad?...","og_url":"http:\/\/universofamilia.com\/hu\/restaurando-fotos-eliminadas-facilmente\/","og_site_name":"Universo Fam\u00edlia","article_published_time":"2025-01-31T20:00:10+00:00","article_modified_time":"2025-02-12T17:45:52+00:00","og_image":[{"width":550,"height":350,"url":"http:\/\/universofamilia.com\/wp-content\/uploads\/sites\/148\/2025\/01\/DESTAQUE-UNIVERSO-550-x-350-3-4.jpg","type":"image\/jpeg"}],"author":"Pedro Henrique","twitter_card":"summary_large_image","twitter_misc":{"Written by":"Pedro Henrique","Est. reading time":"7 perc"},"schema":{"@context":"https:\/\/schema.org","@graph":[{"@type":"WebPage","@id":"http:\/\/universofamilia.com\/el\/restaurando-fotos-eliminadas-facilmente\/","url":"http:\/\/universofamilia.com\/el\/restaurando-fotos-eliminadas-facilmente\/","name":"Restaurando Fotos Eliminadas F\u00e1cilmente - Universo Fam\u00edlia","isPartOf":{"@id":"https:\/\/universofamilia.com\/el\/#website"},"primaryImageOfPage":{"@id":"http:\/\/universofamilia.com\/el\/restaurando-fotos-eliminadas-facilmente\/#primaryimage"},"image":{"@id":"http:\/\/universofamilia.com\/el\/restaurando-fotos-eliminadas-facilmente\/#primaryimage"},"thumbnailUrl":"https:\/\/universofamilia.com\/wp-content\/uploads\/sites\/148\/2025\/01\/DESTAQUE-UNIVERSO-550-x-350-3-4.jpg","datePublished":"2025-01-31T20:00:10+00:00","dateModified":"2025-02-12T17:45:52+00:00","author":{"@id":"https:\/\/universofamilia.com\/el\/#\/schema\/person\/f07ce98187dd84d31154262e79b3b7ca"},"description":"Restaurando Fotos Eliminadas F\u00e1cilmente. Perder fotos del m\u00f3vil puede ser una verdadera pesadilla, \u00bfverdad?...","breadcrumb":{"@id":"http:\/\/universofamilia.com\/el\/restaurando-fotos-eliminadas-facilmente\/#breadcrumb"},"inLanguage":"hu","potentialAction":[{"@type":"ReadAction","target":["http:\/\/universofamilia.com\/el\/restaurando-fotos-eliminadas-facilmente\/"]}]},{"@type":"ImageObject","inLanguage":"hu","@id":"http:\/\/universofamilia.com\/el\/restaurando-fotos-eliminadas-facilmente\/#primaryimage","url":"https:\/\/universofamilia.com\/wp-content\/uploads\/sites\/148\/2025\/01\/DESTAQUE-UNIVERSO-550-x-350-3-4.jpg","contentUrl":"https:\/\/universofamilia.com\/wp-content\/uploads\/sites\/148\/2025\/01\/DESTAQUE-UNIVERSO-550-x-350-3-4.jpg","width":550,"height":350,"caption":"Restaurando Fotos Eliminadas F\u00e1cilmente"},{"@type":"BreadcrumbList","@id":"http:\/\/universofamilia.com\/el\/restaurando-fotos-eliminadas-facilmente\/#breadcrumb","itemListElement":[{"@type":"ListItem","position":1,"name":"Home","item":"https:\/\/universofamilia.com\/el\/"},{"@type":"ListItem","position":2,"name":"Restaurando Fotos Eliminadas F\u00e1cilmente"}]},{"@type":"WebSite","@id":"https:\/\/universofamilia.com\/el\/#website","url":"https:\/\/universofamilia.com\/el\/","name":"Universo Fam\u00edlia","description":"","potentialAction":[{"@type":"SearchAction","target":{"@type":"EntryPoint","urlTemplate":"https:\/\/universofamilia.com\/el\/?s={search_term_string}"},"query-input":"required name=search_term_string"}],"inLanguage":"hu"},{"@type":"Person","@id":"https:\/\/universofamilia.com\/el\/#\/schema\/person\/f07ce98187dd84d31154262e79b3b7ca","name":"Pedro Henrique","image":{"@type":"ImageObject","inLanguage":"hu","@id":"https:\/\/universofamilia.com\/el\/#\/schema\/person\/image\/","url":"https:\/\/secure.gravatar.com\/avatar\/9edfeb808cb4e1599f64d6e45b130154?s=96&d=mm&r=g","contentUrl":"https:\/\/secure.gravatar.com\/avatar\/9edfeb808cb4e1599f64d6e45b130154?s=96&d=mm&r=g","caption":"Pedro Henrique"},"url":"https:\/\/universofamilia.com\/hu\/author\/editor01\/"}]}},"_links":{"self":[{"href":"https:\/\/universofamilia.com\/hu\/wp-json\/wp\/v2\/posts\/8526"}],"collection":[{"href":"https:\/\/universofamilia.com\/hu\/wp-json\/wp\/v2\/posts"}],"about":[{"href":"https:\/\/universofamilia.com\/hu\/wp-json\/wp\/v2\/types\/post"}],"author":[{"embeddable":true,"href":"https:\/\/universofamilia.com\/hu\/wp-json\/wp\/v2\/users\/139"}],"replies":[{"embeddable":true,"href":"https:\/\/universofamilia.com\/hu\/wp-json\/wp\/v2\/comments?post=8526"}],"version-history":[{"count":3,"href":"https:\/\/universofamilia.com\/hu\/wp-json\/wp\/v2\/posts\/8526\/revisions"}],"predecessor-version":[{"id":8705,"href":"https:\/\/universofamilia.com\/hu\/wp-json\/wp\/v2\/posts\/8526\/revisions\/8705"}],"wp:featuredmedia":[{"embeddable":true,"href":"https:\/\/universofamilia.com\/hu\/wp-json\/wp\/v2\/media\/8531"}],"wp:attachment":[{"href":"https:\/\/universofamilia.com\/hu\/wp-json\/wp\/v2\/media?parent=8526"}],"wp:term":[{"taxonomy":"category","embeddable":true,"href":"https:\/\/universofamilia.com\/hu\/wp-json\/wp\/v2\/categories?post=8526"},{"taxonomy":"post_tag","embeddable":true,"href":"https:\/\/universofamilia.com\/hu\/wp-json\/wp\/v2\/tags?post=8526"}],"curies":[{"name":"wp","href":"https:\/\/api.w.org\/{rel}","templated":true}]}}