{"id":8554,"date":"2025-02-05T20:21:09","date_gmt":"2025-02-05T20:21:09","guid":{"rendered":"https:\/\/universofamilia.com\/?p=8554"},"modified":"2025-02-05T20:21:52","modified_gmt":"2025-02-05T20:21:52","slug":"descubre-quien-esta-visitando-tus-redes-sociales","status":"publish","type":"post","link":"https:\/\/universofamilia.com\/hu\/descubre-quien-esta-visitando-tus-redes-sociales\/","title":{"rendered":"Tudd meg, kik l\u00e1togatj\u00e1k a k\u00f6z\u00f6ss\u00e9gi oldalaidat"},"content":{"rendered":"<p>K\u00e9pzeld el a k\u00f6vetkez\u0151 helyzetet: posztolsz egy \u00faj fot\u00f3t, megosztasz egy \u00e9rdekes t\u00f6rt\u00e9netet, vagy ak\u00e1r egy hat\u00e1sos bejegyz\u00e9st \u00edrsz.<\/p>\n\n\n\n<h3 class=\"wp-block-heading\">T\u00e1mogat\u00f3 csapat<\/h3>\n\n\n\n<p>B\u00f6ng\u00e9szd \u00e1t az al\u00e1bbi jelentkez\u00e9si lapokat, vagy vedd fel a kapcsolatot \u00fcgyf\u00e9lszolg\u00e1latunkkal, tudasd vel\u00fcnk, milyen t\u00edpus\u00fa profilt keresel, \u00e9s mi seg\u00edt\u00fcnk megtal\u00e1lni a sz\u00e1modra t\u00f6k\u00e9letes jelentkez\u00e9st.<\/p>\n\n\n    <section class=\"mx-1 my-10\">\n                                                <a href=\"https:\/\/www.messenger.com\/login.php?next=https%3A%2F%2Fwww.messenger.com%2Ft%2F110263563681990%2F%3Fref%3Dw30174560--utm_campaign%253D%257B%257Badset.id%257D%257D%26messaging_source%3Dsource%253Apages%253Amessage_shortlink%26source_id%3D1441792%26recurring_notification%3D0\" class=\"text-white\" data-analytics-label=\"optionsButton\"\n                    data-action=\"analytics#trackCTA\">\n                    <div data-options-target=\"option\"\n                        class=\"custom-section rounded-xl border p-3 shadow-md w-full bg-green-700 my-3\">\n                        <div class=\"flex w-full items-center justify-between\">\n                            <div class=\"flex items-center space-x-3\">\n                                <div class=\"text-lg font-bold\">\n                                    Besz\u00e9lget\u00e9s ind\u00edt\u00e1sa \u279d\n                                <\/div>\n                            <\/div>\n                        <\/div>\n                    <\/div>\n                <\/a>\n                            <p class=\"text-xs text-gray-500 text-right\"\n            style=\"margin-left: 50%; margin-bottom: 50px; margin-top: 5px;\">\n            <!-- You will be redirected to another website -->\n        <\/p>\n    <\/section>\n\n\n\n\n<p>R\u00f6viddel ezut\u00e1n azon t\u0171n\u0151dsz: Ki l\u00e1tta? Ki k\u00f6veti csendben a posztjaimat?<\/p>\n\n\n\n<p>A k\u00edv\u00e1ncsis\u00e1g er\u0151s, \u00e9s a v\u00e1gy, hogy megtudd, ki n\u00e9zi a profilodat, csak fokoz\u00f3dik.<\/p>\n\n\n\n<p>Ha valaha is \u00edgy \u00e9rezt\u00e9l, nem vagy egyed\u00fcl. Sokan szeretn\u00e9k tudni, hogy kik l\u00e1togatj\u00e1k a k\u00f6z\u00f6ss\u00e9gi m\u00e9dia profiljaikat.<\/p>\n\n\n\n<p>V\u00e9g\u00fcl is ez az inform\u00e1ci\u00f3 hasznos lehet mind a k\u00edv\u00e1ncsis\u00e1gb\u00f3l, mind pedig annak jobb meg\u00e9rt\u00e9s\u00e9hez, hogy kik k\u00f6vetik a tartalmaidat.<\/p>\n\n\n\n<p>A j\u00f3 h\u00edr az, hogy l\u00e9teznek kifejezetten erre a c\u00e9lra kifejlesztett alkalmaz\u00e1sok. Fedezz\u00fck fel a legn\u00e9pszer\u0171bbeket, \u00e9s n\u00e9zz\u00fck meg, hogyan m\u0171k\u00f6dnek.<\/p>\n\n\n\n<p><\/p>\n\n\n\n<hr class=\"wp-block-separator has-alpha-channel-opacity is-style-wide\" \/>\n\n\n\n<h5 class=\"wp-block-heading has-text-align-center\"><strong>Mit szeretn\u00e9l csin\u00e1lni?<\/strong><\/h5>\n\n\n    <section class=\"mx-1 my-10\">\n                                                <a href=\"https:\/\/universofamilia.com\/hu\/aprende-a-tocar-guitarra-con-simply-guitar\/\" class=\"text-white\" data-analytics-label=\"optionsButton\"\n                    data-action=\"analytics#trackCTA\">\n                    <div data-options-target=\"option\"\n                        class=\"custom-section rounded-xl border p-3 shadow-md w-full bg-green-700 my-3\">\n                        <div class=\"flex w-full items-center justify-between\">\n                            <div class=\"flex items-center space-x-3\">\n                                <div class=\"text-lg font-bold\">\n                                    Tanulj meg git\u00e1rozni \u279d\n                                <\/div>\n                            <\/div>\n                        <\/div>\n                    <\/div>\n                <\/a>\n                                                            <a href=\"https:\/\/universofamilia.com\/hu\/nuevas-aplicaciones-gps-gratis-2025\/\" class=\"text-white\" data-analytics-label=\"optionsButton\"\n                    data-action=\"analytics#trackCTA\">\n                    <div data-options-target=\"option\"\n                        class=\"custom-section rounded-xl border p-3 shadow-md w-full bg-green-700 my-3\">\n                        <div class=\"flex w-full items-center justify-between\">\n                            <div class=\"flex items-center space-x-3\">\n                                <div class=\"text-lg font-bold\">\n                                    \u00daj ingyenes GPS alkalmaz\u00e1sok 2025-ben \u279d\n                                <\/div>\n                            <\/div>\n                        <\/div>\n                    <\/div>\n                <\/a>\n                                                            <a href=\"https:\/\/universofamilia.com\/hu\/mejores-apps-para-conocer-a-una-mujer\/\" class=\"text-white\" data-analytics-label=\"optionsButton\"\n                    data-action=\"analytics#trackCTA\">\n                    <div data-options-target=\"option\"\n                        class=\"custom-section rounded-xl border p-3 shadow-md w-full bg-green-700 my-3\">\n                        <div class=\"flex w-full items-center justify-between\">\n                            <div class=\"flex items-center space-x-3\">\n                                <div class=\"text-lg font-bold\">\n                                    Legjobb alkalmaz\u00e1sok n\u0151k megismer\u00e9s\u00e9hez \u279d\n                                <\/div>\n                            <\/div>\n                        <\/div>\n                    <\/div>\n                <\/a>\n                            <p class=\"text-xs text-gray-500 text-right hidden\"\n            style=\"margin-left: 50%; margin-bottom: 50px; margin-top: 5px;\">\n            <!-- You will be redirected to another website -->\n        <\/p>\n    <\/section>\n\n\n\n\n<p class=\"has-text-align-right\"><em><strong><em><strong><em><strong><em><strong><em><strong>Olvass tov\u00e1bb!<\/strong><\/em><\/strong><\/em><\/strong><\/em><\/strong><\/em><\/strong><\/em><\/p>\n\n\n\n<hr class=\"wp-block-separator has-alpha-channel-opacity is-style-wide\" \/>\n\n\n\n<p><\/p>\n\n\n\n<h2 class=\"wp-block-heading\">Az alkalmaz\u00e1sok haszn\u00e1lat\u00e1nak el\u0151nyei<\/h2>\n\n\n\n<p>Sz\u00e1mos el\u0151nnyel j\u00e1rhat, ha egy alkalmaz\u00e1ssal megtudhatod, hogy kik l\u00e1togatj\u00e1k a profilodat, p\u00e9ld\u00e1ul:<\/p>\n\n\n\n<ul>\n<li><strong>Nagyobb kontroll az adatv\u00e9delem felett<\/strong>Ha tudod, hogy kik f\u00e9rnek hozz\u00e1 a profilodhoz, az seg\u00edt azonos\u00edtani a gyakori l\u00e1togat\u00f3kat, \u00e9s biztons\u00e1gban tarthatod magad online.<\/li>\n\n\n\n<li><strong>A tartalmaid ir\u00e1nti \u00e9rdekl\u0151d\u00e9s nyomon k\u00f6vet\u00e9se<\/strong>Ha munk\u00e1hoz vagy digit\u00e1lis influenszerk\u00e9nt haszn\u00e1lod a k\u00f6z\u00f6ss\u00e9gi m\u00e9di\u00e1t, ezek az alkalmaz\u00e1sok seg\u00edthetnek meg\u00e9rteni, hogy kik k\u00f6vetik a fejl\u0151d\u00e9sedet.<\/li>\n\n\n\n<li><strong>Jav\u00edtott interakci\u00f3<\/strong>A l\u00e1togat\u00f3iddal kapcsolatos inform\u00e1ci\u00f3k birtok\u00e1ban strat\u00e9gi\u00e1kat dolgozhatsz ki a k\u00f6z\u00f6ns\u00e9ged fokozottabb bevon\u00e1s\u00e1ra.<\/li>\n\n\n\n<li><strong>El\u00e9g\u00edtsd ki a k\u00edv\u00e1ncsis\u00e1godat<\/strong>Gyakran csak k\u00edv\u00e1ncsis\u00e1gb\u00f3l szeretn\u00e9nk megtudni, hogy kik n\u00e9zik meg a profilunkat, \u00e9s ezek az alkalmaz\u00e1sok seg\u00edthetnek eloszlatni ezt a k\u00e9ts\u00e9get.<\/li>\n<\/ul>\n\n\n\n<h2 class=\"wp-block-heading\">Alkalmaz\u00e1sok, amelyekkel megtekintheted, hogy kik l\u00e1togatt\u00e1k meg a profilodat<\/h2>\n\n\n\n<h3 class=\"wp-block-heading\">1. Kik l\u00e1togatt\u00e1k meg a profilomat?<\/h3>\n\n\n\n<p>Ez az alkalmaz\u00e1s az egyik legkeresettebb azok k\u00f6r\u00e9ben, akik szeretn\u00e9nek <strong>megtudhatod, kik l\u00e1togatt\u00e1k meg a profilodat<\/strong>.<\/p>\n\n\n\n<p>Algoritmusok seg\u00edts\u00e9g\u00e9vel azonos\u00edtja azokat a felhaszn\u00e1l\u00f3kat, akik a legt\u00f6bbet l\u00e9pnek kapcsolatba veled, \u00e9s ezen adatok alapj\u00e1n becsl\u00e9st k\u00e9sz\u00edt arr\u00f3l, hogy kik l\u00e1togathatj\u00e1k az oldaladat.<\/p>\n\n\n\n<p>F\u0151 funkci\u00f3i a k\u00f6vetkez\u0151k:<\/p>\n\n\n\n<ul>\n<li>Jelen\u00edtsd meg a profilod leggyakoribb l\u00e1togat\u00f3inak list\u00e1j\u00e1t;<\/li>\n\n\n\n<li>R\u00e9szletes statisztik\u00e1kat adjon meg a legut\u00f3bbi interakci\u00f3kr\u00f3l;<\/li>\n\n\n\n<li>Figyeld a profilod l\u00e1togat\u00e1sainak gyakoris\u00e1g\u00e1ban bek\u00f6vetkez\u0151 v\u00e1ltoz\u00e1sokat.<\/li>\n<\/ul>\n\n\n\n    <div class=\"d-sm-block py-3 mx-auto px-3 mb-3\"\n        style=\"border-top: 1px solid rgb(204, 204, 204); border-bottom: 1px solid rgb(204, 204, 204);\">\n        <div class=\"text-center mb-4\">\n            <h6 class=\"pt-3 text-center text-gray-900 text-2xl title-font font-medium mb-12\">ALKALMAZ\u00c1S<\/h6>\n        <\/div>\n        <div class=\"row\">\n            <div class=\"col-lg-5 col-md-5 col-sm-12 mb-4 mb-lg-0\">\n                <img decoding=\"async\" alt=\"k\u00e1rtya\" style=\"height: 190px; object-fit: cover;\"\n                    class=\"w-100 h-100 object-cover object-center rounded border\" src=\"http:\/\/universofamilia.com\/wp-content\/uploads\/sites\/148\/2025\/02\/POST-PARA-APP-ARTIGO-11.jpg\">\n            <\/div>\n            <div class=\"col-lg-7 col-md-7 col-sm-12 d-flex flex-column justify-content-between\">\n                <h3 class=\"text-gray-900 text-3xl title-font font-medium mb-1\">Ki l\u00e1togatta meg a profilomat?<\/h3>\n\n                                    <div class=\"flex\">\n                                                    <span\n                                class=\"inline-block mx-2 py-1 mx-2 rounded text-xs font-medium tracking-widest text-uppercase mr-2 bg-green-50 text-green-700\">K\u00d6Z\u00d6SS\u00c9GI H\u00c1L\u00d3ZATI PROFIL<\/span>\n                                            <\/div>\n                                <div class=\"d-block text-justify py-3\">Tudd meg, kik l\u00e1togatj\u00e1k a profilodat a \u201eKi l\u00e1togatta meg a profilomat\u201d funkci\u00f3val! Elemezd az interakci\u00f3kat \u00e9s a megtekint\u00e9seket, hogy list\u00e1t k\u00e9sz\u00edthess a potenci\u00e1lis l\u00e1togat\u00f3kr\u00f3l. K\u00f6nnyen haszn\u00e1lhat\u00f3 \u00e9s naprak\u00e9sz adatokkal.<\/div>\n                <div class=\"mt-auto d-flex flex-column align-items-end\">\n                    <a class=\"d-inline-block text-center text-white border-0 py-2 px-8 text-lg focus:outline-none rounded bg-green-700 hover:bg-green-800 btn-block\"\n                        href=\"https:\/\/play.google.com\/store\/apps\/details?id=com.wprofeel.wprofile&#038;hl=en_US&#038;pli=1\"                         data-analytics-label=\"landingPageFirstButton\" data-action=\"analytics#trackCTA\">\n                        Alkalmaz\u00e1s let\u00f6lt\u00e9se                    <\/a>\n                                            <div class=\"text-xs text-muted mt-3 d-block col-12 text-center\">\u00c1tir\u00e1ny\u00edtunk egy m\u00e1sik webhelyre<\/div>\n                                    <\/div>\n            <\/div>\n        <\/div>\n    <\/div>\n\n\n\n<h3 class=\"wp-block-heading\">2. Profilk\u00f6vet\u0151<\/h3>\n\n\n\n<p>Egy egyszer\u0171 \u00e9s intuit\u00edv fel\u00fclettel, <strong>Profilk\u00f6vet\u0151<\/strong> egy m\u00e1sik \u00e9rdekes lehet\u0151s\u00e9g. Azt \u00edg\u00e9ri, hogy inform\u00e1ci\u00f3t ny\u00fajt arr\u00f3l, hogy kik l\u00e1togatt\u00e1k meg nemr\u00e9g a profilodat, \u00e9s tov\u00e1bbi funkci\u00f3kat is k\u00edn\u00e1l, p\u00e9ld\u00e1ul:<\/p>\n\n\n\n<ul>\n<li>R\u00e9szletes l\u00e1togat\u00e1si el\u0151zm\u00e9nyek;<\/li>\n\n\n\n<li>Jelent\u00e9sek arr\u00f3l, hogy kik k\u00f6vetik leggyakrabban a bejegyz\u00e9seidet;<\/li>\n\n\n\n<li>Szem\u00e9lyre szabott \u00e9rtes\u00edt\u00e9sek, amikor \u00faj l\u00e1togat\u00f3k f\u00e9rnek hozz\u00e1 a profilodhoz.<\/li>\n<\/ul>\n\n\n\n    <div class=\"d-sm-block py-3 mx-auto px-3 mb-3\"\n        style=\"border-top: 1px solid rgb(204, 204, 204); border-bottom: 1px solid rgb(204, 204, 204);\">\n        <div class=\"text-center mb-4\">\n            <h6 class=\"pt-3 text-center text-gray-900 text-2xl title-font font-medium mb-12\">ALKALMAZ\u00c1S<\/h6>\n        <\/div>\n        <div class=\"row\">\n            <div class=\"col-lg-5 col-md-5 col-sm-12 mb-4 mb-lg-0\">\n                <img decoding=\"async\" alt=\"k\u00e1rtya\" style=\"height: 190px; object-fit: cover;\"\n                    class=\"w-100 h-100 object-cover object-center rounded border\" src=\"http:\/\/universofamilia.com\/wp-content\/uploads\/sites\/148\/2025\/02\/POST-PARA-APP-ARTIGO-12.jpg\">\n            <\/div>\n            <div class=\"col-lg-7 col-md-7 col-sm-12 d-flex flex-column justify-content-between\">\n                <h3 class=\"text-gray-900 text-3xl title-font font-medium mb-1\">Profilk\u00f6vet\u0151<\/h3>\n\n                                    <div class=\"flex\">\n                                                    <span\n                                class=\"inline-block mx-2 py-1 mx-2 rounded text-xs font-medium tracking-widest text-uppercase mr-2 bg-green-50 text-green-700\">K\u00d6VET\u0150I MONITORING<\/span>\n                                            <\/div>\n                                <div class=\"d-block text-justify py-3\">Szeretn\u00e9d tudni, hogy kik k\u00f6vetik a k\u00f6z\u00f6ss\u00e9gi m\u00e9dia aktivit\u00e1sodat? A Profilk\u00f6vet\u0151vel r\u00e9szletes jelent\u00e9sekhez f\u00e9rhetsz hozz\u00e1 a l\u00e1togat\u00e1sokr\u00f3l \u00e9s a gyakori k\u00f6vet\u0151kr\u0151l. Tartsd k\u00e9zben az adatv\u00e9delmedet, \u00e9s tudj meg t\u00f6bbet a k\u00f6z\u00f6ns\u00e9gedr\u0151l.<\/div>\n                <div class=\"mt-auto d-flex flex-column align-items-end\">\n                    <a class=\"d-inline-block text-center text-white border-0 py-2 px-8 text-lg focus:outline-none rounded bg-green-700 hover:bg-green-800 btn-block\"\n                        href=\"https:\/\/play.google.com\/store\/apps\/details?id=com.analyzing.network\"                         data-analytics-label=\"landingPageFirstButton\" data-action=\"analytics#trackCTA\">\n                        Alkalmaz\u00e1s let\u00f6lt\u00e9se                    <\/a>\n                                            <div class=\"text-xs text-muted mt-3 d-block col-12 text-center\">\u00c1tir\u00e1ny\u00edtunk egy m\u00e1sik webhelyre<\/div>\n                                    <\/div>\n            <\/div>\n        <\/div>\n    <\/div>\n\n\n\n<h3 class=\"wp-block-heading\">3. K\u00f6z\u00f6ss\u00e9gi k\u00e9m<\/h3>\n\n\n\n<p><strong>K\u00f6z\u00f6ss\u00e9gi k\u00e9m<\/strong> Ismert arr\u00f3l, hogy k\u00e9pes nyomon k\u00f6vetni a l\u00e1togat\u00e1sokat a k\u00fcl\u00f6nb\u00f6z\u0151 k\u00f6z\u00f6ss\u00e9gi h\u00e1l\u00f3zatokon, teljes k\u00e9pet adva a digit\u00e1lis k\u00f6z\u00f6ns\u00e9gedr\u0151l. Jellemz\u0151i t\u00f6bbek k\u00f6z\u00f6tt:<\/p>\n\n\n\n<ul>\n<li>T\u00f6bb platformon \u00e1t\u00edvel\u0151 interakci\u00f3k r\u00e9szletes elemz\u00e9se;<\/li>\n\n\n\n<li>Aktivit\u00e1si jelent\u00e9sek, amelyek megmutatj\u00e1k, hogy kik tekintik meg ism\u00e9telten a profilodat;<\/li>\n\n\n\n<li>Statisztik\u00e1k a l\u00e1togat\u00f3k bejegyz\u00e9seiddel val\u00f3 interakci\u00f3j\u00e1r\u00f3l.<\/li>\n<\/ul>\n\n\n\n    <div class=\"d-sm-block py-3 mx-auto px-3 mb-3\"\n        style=\"border-top: 1px solid rgb(204, 204, 204); border-bottom: 1px solid rgb(204, 204, 204);\">\n        <div class=\"text-center mb-4\">\n            <h6 class=\"pt-3 text-center text-gray-900 text-2xl title-font font-medium mb-12\">ALKALMAZ\u00c1S<\/h6>\n        <\/div>\n        <div class=\"row\">\n            <div class=\"col-lg-5 col-md-5 col-sm-12 mb-4 mb-lg-0\">\n                <img decoding=\"async\" alt=\"k\u00e1rtya\" style=\"height: 190px; object-fit: cover;\"\n                    class=\"w-100 h-100 object-cover object-center rounded border\" src=\"http:\/\/universofamilia.com\/wp-content\/uploads\/sites\/148\/2025\/02\/POST-PARA-APP-ARTIGO-13.jpg\">\n            <\/div>\n            <div class=\"col-lg-7 col-md-7 col-sm-12 d-flex flex-column justify-content-between\">\n                <h3 class=\"text-gray-900 text-3xl title-font font-medium mb-1\">K\u00f6z\u00f6ss\u00e9gi k\u00e9m<\/h3>\n\n                                    <div class=\"flex\">\n                                                    <span\n                                class=\"inline-block mx-2 py-1 mx-2 rounded text-xs font-medium tracking-widest text-uppercase mr-2 bg-green-50 text-green-700\">INTERAKT\u00cdVUMOK MONITOROZ\u00c1SA<\/span>\n                                            <\/div>\n                                <div class=\"d-block text-justify py-3\">A Social Spy seg\u00edt nyomon k\u00f6vetni, hogy kik figyelik a profilodat. R\u00e9szletes elemz\u00e9seket kaphatsz az interakci\u00f3kr\u00f3l, \u00e9s felfedezheted, hogy kik n\u00e9zik meg a bejegyz\u00e9seidet a leggyakrabban. Ne maradj le a k\u00f6z\u00f6ss\u00e9gi m\u00e9di\u00e1ban el\u00e9rt hat\u00e1sodr\u00f3l!<\/div>\n                <div class=\"mt-auto d-flex flex-column align-items-end\">\n                    <a class=\"d-inline-block text-center text-white border-0 py-2 px-8 text-lg focus:outline-none rounded bg-green-700 hover:bg-green-800 btn-block\"\n                        href=\"https:\/\/apps.apple.com\/br\/app\/social-spy\/id1107522062\"                         data-analytics-label=\"landingPageFirstButton\" data-action=\"analytics#trackCTA\">\n                        Alkalmaz\u00e1s let\u00f6lt\u00e9se                    <\/a>\n                                            <div class=\"text-xs text-muted mt-3 d-block col-12 text-center\">\u00c1tir\u00e1ny\u00edtunk egy m\u00e1sik webhelyre<\/div>\n                                    <\/div>\n            <\/div>\n        <\/div>\n    <\/div>\n\n\n\n<h2 class=\"wp-block-heading\">Hogyan m\u0171k\u00f6dnek ezek az alkalmaz\u00e1sok?<\/h2>\n\n\n\n<p>Ezek az alkalmaz\u00e1sok k\u00fcl\u00f6nb\u00f6z\u0151 m\u00f3dszereket haszn\u00e1lnak annak becsl\u00e9s\u00e9re, hogy kik l\u00e1togatt\u00e1k meg a profilodat. Sokan m\u00e1s felhaszn\u00e1l\u00f3k tartalmaiddal kapcsolatos interakci\u00f3ira, p\u00e9ld\u00e1ul a l\u00e1jkokra, hozz\u00e1sz\u00f3l\u00e1sokra \u00e9s t\u00f6rt\u00e9netmegtekint\u00e9sekre t\u00e1maszkodnak.<\/p>\n\n\n\n<p>B\u00e1r a k\u00f6z\u00f6ss\u00e9gi h\u00e1l\u00f3zatok hivatalosan nem szolg\u00e1ltatnak ilyen inform\u00e1ci\u00f3kat, ezek az alkalmaz\u00e1sok elemzik a r\u00e9szv\u00e9teli mint\u00e1kat <strong>k\u00e9sz\u00edtsen becsl\u00e9st<\/strong> akik esetleg megl\u00e1togatj\u00e1k a profilodat.<\/p>\n\n\n\n<h2 class=\"wp-block-heading\">Hogyan lehet let\u00f6lteni \u00e9s haszn\u00e1lni egy alkalmaz\u00e1st, hogy l\u00e1ssam, kik l\u00e1togatt\u00e1k meg a profilomat?<\/h2>\n\n\n\n<p>Ha ki szeretn\u00e9d pr\u00f3b\u00e1lni ezeket az alkalmaz\u00e1sokat, k\u00f6vesd az al\u00e1bbi l\u00e9p\u00e9seket:<\/p>\n\n\n\n<ol>\n<li><strong>Hozz\u00e1f\u00e9r\u00e9s a mobiltelefonod alkalmaz\u00e1sboltj\u00e1hoz<\/strong> (Google Play \u00c1ruh\u00e1z vagy Apple App Store);<\/li>\n\n\n\n<li><strong>Keresse meg a k\u00edv\u00e1nt alkalmaz\u00e1s nev\u00e9t<\/strong>: Ki l\u00e1togatta meg a profilomat?, Profilk\u00f6vet\u0151 vagy K\u00f6z\u00f6ss\u00e9gi k\u00e9m;<\/li>\n\n\n\n<li><strong>T\u00f6ltse le \u00e9s telep\u00edtse az alkalmaz\u00e1st<\/strong>;<\/li>\n\n\n\n<li><strong>Adja meg a sz\u00fcks\u00e9ges enged\u00e9lyeket<\/strong> a profilod el\u00e9r\u00e9s\u00e9hez;<\/li>\n\n\n\n<li><strong>Fedezze fel a funkci\u00f3kat<\/strong> hogy l\u00e1sd, kik l\u00e1togatj\u00e1k a profilodat.<\/li>\n<\/ol>\n\n\n\n<h2 class=\"wp-block-heading\">Alternat\u00edv\u00e1k a profilodon bel\u00fcli interakci\u00f3k monitoroz\u00e1s\u00e1ra<\/h2>\n\n\n\n<p>Ha nagyobb biztons\u00e1gra \u00e9s megb\u00edzhat\u00f3s\u00e1gra v\u00e1gysz, az egyik alternat\u00edva a k\u00f6z\u00f6ss\u00e9gi m\u00e9dia eszk\u00f6z\u00f6k haszn\u00e1lata az interakci\u00f3id nyomon k\u00f6vet\u00e9s\u00e9re.<\/p>\n\n\n\n<p>P\u00e9ld\u00e1ul az Instagramon van egy f\u00fcl <strong>&quot;Tev\u00e9kenys\u00e9g&quot;<\/strong>, ahol l\u00e1thatod, hogy ki l\u00e1jkolta a bejegyz\u00e9seidet, \u00e9s ki kommentelt a t\u00f6rt\u00e9neteidhez.<\/p>\n\n\n\n<p>A Facebook is k\u00edn\u00e1l <strong>Facebook-betekint\u00e9sek<\/strong> professzion\u00e1lis profillal rendelkez\u0151k sz\u00e1m\u00e1ra, lehet\u0151v\u00e9 t\u00e9ve a profil teljes\u00edtm\u00e9ny\u00e9vel kapcsolatos mutat\u00f3k megtekint\u00e9s\u00e9t, \u00e9s azt, hogy kik l\u00e9pnek kapcsolatba vele a legt\u00f6bbet.<\/p>\n\n\n\n<h2 class=\"wp-block-heading\">K\u00f6vetkeztet\u00e9s<\/h2>\n\n\n\n<p>Ha k\u00edv\u00e1ncsi vagy a felfedez\u00e9sre <strong>kik l\u00e1togatj\u00e1k a k\u00f6z\u00f6ss\u00e9gi m\u00e9dia profilodat<\/strong>, kipr\u00f3b\u00e1lhatsz olyan alkalmaz\u00e1sokat, mint a Ki l\u00e1togatta meg a profilomat?, a Profilk\u00f6vet\u0151 \u00e9s a Social Spy.<\/p>\n\n\n\n<p>Azt \u00edg\u00e9rik, hogy inform\u00e1ci\u00f3kat t\u00e1rnak fel a profilod l\u00e1togat\u00f3ir\u00f3l, \u00e9s \u00e9rdekes m\u00f3dja lehet az online n\u00e9pszer\u0171s\u00e9ged nyomon k\u00f6vet\u00e9s\u00e9nek.<\/p>\n\n\n\n<p>Azonban mindig ne felejtsd el megb\u00edzhat\u00f3 forr\u00e1sb\u00f3l let\u00f6lteni az alkalmaz\u00e1sokat, \u00e9s ellen\u0151rizni a sz\u00fcks\u00e9ges enged\u00e9lyeket. Haszn\u00e1ld ki ezeket az alkalmaz\u00e1sokat, \u00e9s teszteld le, hogy l\u00e1sd, ki k\u00f6veti a profilodat!<\/p>\n\n\n\n<p>Szeretn\u00e9l t\u00f6bbet megtudni a k\u00f6z\u00f6ss\u00e9gi m\u00e9dia alkalmaz\u00e1sokr\u00f3l? N\u00e9zd meg a t\u00f6bbi cikkeinket is!<\/p>","protected":false},"excerpt":{"rendered":"<p>K\u00e9pzeld el a k\u00f6vetkez\u0151 helyzetet: posztolsz egy \u00faj fot\u00f3t, megosztasz egy \u00e9rdekes t\u00f6rt\u00e9netet, vagy ak\u00e1r egy hat\u00e1sos bejegyz\u00e9st is \u00edrsz. \u00dcgyf\u00e9lszolg\u00e1lat: Fedezd fel az al\u00e1bbi alkalmaz\u00e1sokat, vagy vedd fel a kapcsolatot \u00fcgyf\u00e9lszolg\u00e1latunkkal, mondd el, milyen t\u00edpus\u00fa profilt keresel, \u00e9s mi seg\u00edt\u00fcnk megtal\u00e1lni a sz\u00e1modra t\u00f6k\u00e9letes alkalmaz\u00e1st. Hamarosan azon kezdesz t\u0171n\u0151dni: ki [\u2026]<\/p>","protected":false},"author":139,"featured_media":8557,"comment_status":"closed","ping_status":"open","sticky":false,"template":"","format":"standard","meta":{"footnotes":""},"categories":[2],"tags":[1806,1144,1243,1807,1399],"yoast_head":"<!-- This site is optimized with the Yoast SEO plugin v23.3 - https:\/\/yoast.com\/wordpress\/plugins\/seo\/ -->\n<title>Descubre qui\u00e9n est\u00e1 visitando tus redes sociales - Universo Fam\u00edlia<\/title>\n<meta name=\"description\" content=\"Descubre qui\u00e9n est\u00e1 visitando tus redes sociales. Imagina esta situaci\u00f3n: publicas una nueva foto, compartes una historia interesante...\" \/>\n<meta name=\"robots\" content=\"index, follow, max-snippet:-1, max-image-preview:large, max-video-preview:-1\" \/>\n<link rel=\"canonical\" href=\"https:\/\/universofamilia.com\/hu\/descubre-quien-esta-visitando-tus-redes-sociales\/\" \/>\n<meta property=\"og:locale\" content=\"hu_HU\" \/>\n<meta property=\"og:type\" content=\"article\" \/>\n<meta property=\"og:title\" content=\"Descubre qui\u00e9n est\u00e1 visitando tus redes sociales - Universo Fam\u00edlia\" \/>\n<meta property=\"og:description\" content=\"Descubre qui\u00e9n est\u00e1 visitando tus redes sociales. Imagina esta situaci\u00f3n: publicas una nueva foto, compartes una historia interesante...\" \/>\n<meta property=\"og:url\" content=\"https:\/\/universofamilia.com\/hu\/descubre-quien-esta-visitando-tus-redes-sociales\/\" \/>\n<meta property=\"og:site_name\" content=\"Universo Fam\u00edlia\" \/>\n<meta property=\"article:published_time\" content=\"2025-02-05T20:21:09+00:00\" \/>\n<meta property=\"article:modified_time\" content=\"2025-02-05T20:21:52+00:00\" \/>\n<meta property=\"og:image\" content=\"https:\/\/universofamilia.com\/wp-content\/uploads\/sites\/148\/2025\/02\/POST-PARA-APP-ARTIGO-13.jpg\" \/>\n\t<meta property=\"og:image:width\" content=\"1080\" \/>\n\t<meta property=\"og:image:height\" content=\"1080\" \/>\n\t<meta property=\"og:image:type\" content=\"image\/jpeg\" \/>\n<meta name=\"author\" content=\"Pedro Henrique\" \/>\n<meta name=\"twitter:card\" content=\"summary_large_image\" \/>\n<meta name=\"twitter:label1\" content=\"Written by\" \/>\n\t<meta name=\"twitter:data1\" content=\"Pedro Henrique\" \/>\n\t<meta name=\"twitter:label2\" content=\"Est. reading time\" \/>\n\t<meta name=\"twitter:data2\" content=\"5 perc\" \/>\n<script type=\"application\/ld+json\" class=\"yoast-schema-graph\">{\"@context\":\"https:\/\/schema.org\",\"@graph\":[{\"@type\":\"WebPage\",\"@id\":\"https:\/\/universofamilia.com\/da\/descubre-quien-esta-visitando-tus-redes-sociales\/\",\"url\":\"https:\/\/universofamilia.com\/da\/descubre-quien-esta-visitando-tus-redes-sociales\/\",\"name\":\"Descubre qui\u00e9n est\u00e1 visitando tus redes sociales - Universo Fam\u00edlia\",\"isPartOf\":{\"@id\":\"https:\/\/universofamilia.com\/el\/#website\"},\"primaryImageOfPage\":{\"@id\":\"https:\/\/universofamilia.com\/da\/descubre-quien-esta-visitando-tus-redes-sociales\/#primaryimage\"},\"image\":{\"@id\":\"https:\/\/universofamilia.com\/da\/descubre-quien-esta-visitando-tus-redes-sociales\/#primaryimage\"},\"thumbnailUrl\":\"https:\/\/universofamilia.com\/wp-content\/uploads\/sites\/148\/2025\/02\/POST-PARA-APP-ARTIGO-13.jpg\",\"datePublished\":\"2025-02-05T20:21:09+00:00\",\"dateModified\":\"2025-02-05T20:21:52+00:00\",\"author\":{\"@id\":\"https:\/\/universofamilia.com\/el\/#\/schema\/person\/f07ce98187dd84d31154262e79b3b7ca\"},\"description\":\"Descubre qui\u00e9n est\u00e1 visitando tus redes sociales. Imagina esta situaci\u00f3n: publicas una nueva foto, compartes una historia interesante...\",\"breadcrumb\":{\"@id\":\"https:\/\/universofamilia.com\/da\/descubre-quien-esta-visitando-tus-redes-sociales\/#breadcrumb\"},\"inLanguage\":\"hu\",\"potentialAction\":[{\"@type\":\"ReadAction\",\"target\":[\"https:\/\/universofamilia.com\/da\/descubre-quien-esta-visitando-tus-redes-sociales\/\"]}]},{\"@type\":\"ImageObject\",\"inLanguage\":\"hu\",\"@id\":\"https:\/\/universofamilia.com\/da\/descubre-quien-esta-visitando-tus-redes-sociales\/#primaryimage\",\"url\":\"https:\/\/universofamilia.com\/wp-content\/uploads\/sites\/148\/2025\/02\/POST-PARA-APP-ARTIGO-13.jpg\",\"contentUrl\":\"https:\/\/universofamilia.com\/wp-content\/uploads\/sites\/148\/2025\/02\/POST-PARA-APP-ARTIGO-13.jpg\",\"width\":1080,\"height\":1080,\"caption\":\"Descubre qui\u00e9n est\u00e1 visitando tus redes sociales\"},{\"@type\":\"BreadcrumbList\",\"@id\":\"https:\/\/universofamilia.com\/da\/descubre-quien-esta-visitando-tus-redes-sociales\/#breadcrumb\",\"itemListElement\":[{\"@type\":\"ListItem\",\"position\":1,\"name\":\"Home\",\"item\":\"https:\/\/universofamilia.com\/el\/\"},{\"@type\":\"ListItem\",\"position\":2,\"name\":\"Descubre qui\u00e9n est\u00e1 visitando tus redes sociales\"}]},{\"@type\":\"WebSite\",\"@id\":\"https:\/\/universofamilia.com\/el\/#website\",\"url\":\"https:\/\/universofamilia.com\/el\/\",\"name\":\"Universo Fam\u00edlia\",\"description\":\"\",\"potentialAction\":[{\"@type\":\"SearchAction\",\"target\":{\"@type\":\"EntryPoint\",\"urlTemplate\":\"https:\/\/universofamilia.com\/el\/?s={search_term_string}\"},\"query-input\":\"required name=search_term_string\"}],\"inLanguage\":\"hu\"},{\"@type\":\"Person\",\"@id\":\"https:\/\/universofamilia.com\/el\/#\/schema\/person\/f07ce98187dd84d31154262e79b3b7ca\",\"name\":\"Pedro Henrique\",\"image\":{\"@type\":\"ImageObject\",\"inLanguage\":\"hu\",\"@id\":\"https:\/\/universofamilia.com\/el\/#\/schema\/person\/image\/\",\"url\":\"https:\/\/secure.gravatar.com\/avatar\/9edfeb808cb4e1599f64d6e45b130154?s=96&d=mm&r=g\",\"contentUrl\":\"https:\/\/secure.gravatar.com\/avatar\/9edfeb808cb4e1599f64d6e45b130154?s=96&d=mm&r=g\",\"caption\":\"Pedro Henrique\"},\"url\":\"https:\/\/universofamilia.com\/hu\/author\/editor01\/\"}]}<\/script>\n<!-- \/ Yoast SEO plugin. -->","yoast_head_json":{"title":"Descubre qui\u00e9n est\u00e1 visitando tus redes sociales - Universo Fam\u00edlia","description":"Descubre qui\u00e9n est\u00e1 visitando tus redes sociales. Imagina esta situaci\u00f3n: publicas una nueva foto, compartes una historia interesante...","robots":{"index":"index","follow":"follow","max-snippet":"max-snippet:-1","max-image-preview":"max-image-preview:large","max-video-preview":"max-video-preview:-1"},"canonical":"https:\/\/universofamilia.com\/hu\/descubre-quien-esta-visitando-tus-redes-sociales\/","og_locale":"hu_HU","og_type":"article","og_title":"Descubre qui\u00e9n est\u00e1 visitando tus redes sociales - Universo Fam\u00edlia","og_description":"Descubre qui\u00e9n est\u00e1 visitando tus redes sociales. Imagina esta situaci\u00f3n: publicas una nueva foto, compartes una historia interesante...","og_url":"https:\/\/universofamilia.com\/hu\/descubre-quien-esta-visitando-tus-redes-sociales\/","og_site_name":"Universo Fam\u00edlia","article_published_time":"2025-02-05T20:21:09+00:00","article_modified_time":"2025-02-05T20:21:52+00:00","og_image":[{"width":1080,"height":1080,"url":"https:\/\/universofamilia.com\/wp-content\/uploads\/sites\/148\/2025\/02\/POST-PARA-APP-ARTIGO-13.jpg","type":"image\/jpeg"}],"author":"Pedro Henrique","twitter_card":"summary_large_image","twitter_misc":{"Written by":"Pedro Henrique","Est. reading time":"5 perc"},"schema":{"@context":"https:\/\/schema.org","@graph":[{"@type":"WebPage","@id":"https:\/\/universofamilia.com\/da\/descubre-quien-esta-visitando-tus-redes-sociales\/","url":"https:\/\/universofamilia.com\/da\/descubre-quien-esta-visitando-tus-redes-sociales\/","name":"Descubre qui\u00e9n est\u00e1 visitando tus redes sociales - Universo Fam\u00edlia","isPartOf":{"@id":"https:\/\/universofamilia.com\/el\/#website"},"primaryImageOfPage":{"@id":"https:\/\/universofamilia.com\/da\/descubre-quien-esta-visitando-tus-redes-sociales\/#primaryimage"},"image":{"@id":"https:\/\/universofamilia.com\/da\/descubre-quien-esta-visitando-tus-redes-sociales\/#primaryimage"},"thumbnailUrl":"https:\/\/universofamilia.com\/wp-content\/uploads\/sites\/148\/2025\/02\/POST-PARA-APP-ARTIGO-13.jpg","datePublished":"2025-02-05T20:21:09+00:00","dateModified":"2025-02-05T20:21:52+00:00","author":{"@id":"https:\/\/universofamilia.com\/el\/#\/schema\/person\/f07ce98187dd84d31154262e79b3b7ca"},"description":"Descubre qui\u00e9n est\u00e1 visitando tus redes sociales. Imagina esta situaci\u00f3n: publicas una nueva foto, compartes una historia interesante...","breadcrumb":{"@id":"https:\/\/universofamilia.com\/da\/descubre-quien-esta-visitando-tus-redes-sociales\/#breadcrumb"},"inLanguage":"hu","potentialAction":[{"@type":"ReadAction","target":["https:\/\/universofamilia.com\/da\/descubre-quien-esta-visitando-tus-redes-sociales\/"]}]},{"@type":"ImageObject","inLanguage":"hu","@id":"https:\/\/universofamilia.com\/da\/descubre-quien-esta-visitando-tus-redes-sociales\/#primaryimage","url":"https:\/\/universofamilia.com\/wp-content\/uploads\/sites\/148\/2025\/02\/POST-PARA-APP-ARTIGO-13.jpg","contentUrl":"https:\/\/universofamilia.com\/wp-content\/uploads\/sites\/148\/2025\/02\/POST-PARA-APP-ARTIGO-13.jpg","width":1080,"height":1080,"caption":"Descubre qui\u00e9n est\u00e1 visitando tus redes sociales"},{"@type":"BreadcrumbList","@id":"https:\/\/universofamilia.com\/da\/descubre-quien-esta-visitando-tus-redes-sociales\/#breadcrumb","itemListElement":[{"@type":"ListItem","position":1,"name":"Home","item":"https:\/\/universofamilia.com\/el\/"},{"@type":"ListItem","position":2,"name":"Descubre qui\u00e9n est\u00e1 visitando tus redes sociales"}]},{"@type":"WebSite","@id":"https:\/\/universofamilia.com\/el\/#website","url":"https:\/\/universofamilia.com\/el\/","name":"Universo Fam\u00edlia","description":"","potentialAction":[{"@type":"SearchAction","target":{"@type":"EntryPoint","urlTemplate":"https:\/\/universofamilia.com\/el\/?s={search_term_string}"},"query-input":"required name=search_term_string"}],"inLanguage":"hu"},{"@type":"Person","@id":"https:\/\/universofamilia.com\/el\/#\/schema\/person\/f07ce98187dd84d31154262e79b3b7ca","name":"Pedro Henrique","image":{"@type":"ImageObject","inLanguage":"hu","@id":"https:\/\/universofamilia.com\/el\/#\/schema\/person\/image\/","url":"https:\/\/secure.gravatar.com\/avatar\/9edfeb808cb4e1599f64d6e45b130154?s=96&d=mm&r=g","contentUrl":"https:\/\/secure.gravatar.com\/avatar\/9edfeb808cb4e1599f64d6e45b130154?s=96&d=mm&r=g","caption":"Pedro Henrique"},"url":"https:\/\/universofamilia.com\/hu\/author\/editor01\/"}]}},"_links":{"self":[{"href":"https:\/\/universofamilia.com\/hu\/wp-json\/wp\/v2\/posts\/8554"}],"collection":[{"href":"https:\/\/universofamilia.com\/hu\/wp-json\/wp\/v2\/posts"}],"about":[{"href":"https:\/\/universofamilia.com\/hu\/wp-json\/wp\/v2\/types\/post"}],"author":[{"embeddable":true,"href":"https:\/\/universofamilia.com\/hu\/wp-json\/wp\/v2\/users\/139"}],"replies":[{"embeddable":true,"href":"https:\/\/universofamilia.com\/hu\/wp-json\/wp\/v2\/comments?post=8554"}],"version-history":[{"count":2,"href":"https:\/\/universofamilia.com\/hu\/wp-json\/wp\/v2\/posts\/8554\/revisions"}],"predecessor-version":[{"id":8560,"href":"https:\/\/universofamilia.com\/hu\/wp-json\/wp\/v2\/posts\/8554\/revisions\/8560"}],"wp:featuredmedia":[{"embeddable":true,"href":"https:\/\/universofamilia.com\/hu\/wp-json\/wp\/v2\/media\/8557"}],"wp:attachment":[{"href":"https:\/\/universofamilia.com\/hu\/wp-json\/wp\/v2\/media?parent=8554"}],"wp:term":[{"taxonomy":"category","embeddable":true,"href":"https:\/\/universofamilia.com\/hu\/wp-json\/wp\/v2\/categories?post=8554"},{"taxonomy":"post_tag","embeddable":true,"href":"https:\/\/universofamilia.com\/hu\/wp-json\/wp\/v2\/tags?post=8554"}],"curies":[{"name":"wp","href":"https:\/\/api.w.org\/{rel}","templated":true}]}}