{"id":8637,"date":"2025-02-08T17:30:06","date_gmt":"2025-02-08T17:30:06","guid":{"rendered":"https:\/\/universofamilia.com\/?p=8637"},"modified":"2025-02-13T19:01:03","modified_gmt":"2025-02-13T19:01:03","slug":"12-pasos-para-ser-un-ex-diabetico","status":"publish","type":"post","link":"https:\/\/universofamilia.com\/hu\/12-pasos-para-ser-un-ex-diabetico\/","title":{"rendered":"12 l\u00e9p\u00e9s a volt cukorbetegg\u00e9 v\u00e1l\u00e1shoz"},"content":{"rendered":"<p>A 2-es t\u00edpus\u00fa cukorbetegs\u00e9g a vil\u00e1gon az egyik leggyakoribb kr\u00f3nikus betegs\u00e9g, amely emberek milli\u00f3it \u00e9rinti.<\/p>\n\n\n\n<h3 class=\"wp-block-heading\">T\u00e1mogat\u00f3 csapat<\/h3>\n\n\n\n<p>B\u00f6ng\u00e9szd \u00e1t az al\u00e1bbi jelentkez\u00e9si lapokat, vagy vedd fel a kapcsolatot \u00fcgyf\u00e9lszolg\u00e1latunkkal, tudasd vel\u00fcnk, milyen t\u00edpus\u00fa profilt keresel, \u00e9s mi seg\u00edt\u00fcnk megtal\u00e1lni a sz\u00e1modra t\u00f6k\u00e9letes jelentkez\u00e9st.<\/p>\n\n\n    <section class=\"mx-1 my-10\">\n                                                <a href=\"https:\/\/www.messenger.com\/login.php?\" class=\"text-white\" data-analytics-label=\"optionsButton\"\n                    data-action=\"analytics#trackCTA\">\n                    <div data-options-target=\"option\"\n                        class=\"custom-section rounded-xl border p-3 shadow-md w-full bg-green-700 my-3\">\n                        <div class=\"flex w-full items-center justify-between\">\n                            <div class=\"flex items-center space-x-3\">\n                                <div class=\"text-lg font-bold\">\n                                    Besz\u00e9lget\u00e9s ind\u00edt\u00e1sa \u279d\n                                <\/div>\n                            <\/div>\n                        <\/div>\n                    <\/div>\n                <\/a>\n                            <p class=\"text-xs text-gray-500 text-right\"\n            style=\"margin-left: 50%; margin-bottom: 50px; margin-top: 5px;\">\n            <!-- You will be redirected to another website -->\n        <\/p>\n    <\/section>\n\n\n\n\n<p>A tanulm\u00e1nyok azonban azt mutatj\u00e1k, hogy \u00e9letm\u00f3dbeli v\u00e1ltoztat\u00e1sokkal ez az \u00e1llapot visszaford\u00edthat\u00f3.<\/p>\n\n\n\n<p>Egy tanulm\u00e1ny, amelyet a <strong>Nemzeti Cukorbetegs\u00e9g \u00e9s Em\u00e9szt\u0151rendszeri \u00e9s Vesebetegs\u00e9gek Int\u00e9zete (NIDDK)<\/strong>, az Egyes\u00fclt \u00c1llamokban megjegyzi, hogy a fogy\u00e1s, a kiegyens\u00falyozott \u00e9trend \u00e9s a fizikai aktivit\u00e1s jelent\u0151sen jav\u00edthatja az inzulinrezisztenci\u00e1t, \u00e9s sok beteg sz\u00e1m\u00e1ra lehet\u0151v\u00e9 teszi a gy\u00f3gyszerek sz\u00fcks\u00e9gess\u00e9g\u00e9nek cs\u00f6kkent\u00e9s\u00e9t vagy megsz\u00fcntet\u00e9s\u00e9t.<\/p>\n\n\n\n<p>Ha szeretn\u00e9 szab\u00e1lyozni a v\u00e9rcukorszintj\u00e9t, visszanyerni eg\u00e9szs\u00e9g\u00e9t \u00e9s cs\u00f6kkenteni a gy\u00f3gyszerf\u00fcgg\u0151s\u00e9g\u00e9t, k\u00f6vesse ezt az \u00fatmutat\u00f3t <strong>12 alapvet\u0151 l\u00e9p\u00e9s az ex-cukorbetegg\u00e9 v\u00e1l\u00e1shoz<\/strong>.<\/p>\n\n\n\n<h2 class=\"wp-block-heading\">1. Cs\u00f6kkentsd a finom\u00edtott sz\u00e9nhidr\u00e1tok fogyaszt\u00e1s\u00e1t<\/h2>\n\n\n\n<p>A finom\u00edtott sz\u00e9nhidr\u00e1tok, mint p\u00e9ld\u00e1ul a feh\u00e9r keny\u00e9r, a t\u00e9szta \u00e9s az \u00e9dess\u00e9gek, els\u0151sorban a v\u00e9rcukorszint emelked\u00e9s\u00e9\u00e9rt felel\u0151sek.<\/p>\n\n\n\n<p>Ez az\u00e9rt t\u00f6rt\u00e9nik, mert gyorsan em\u00e9szt\u0151dnek \u00e9s felsz\u00edv\u00f3dnak, ami a v\u00e9rcukorszint hirtelen emelked\u00e9s\u00e9t okozza.<\/p>\n\n\n\n<p>V\u00e1lasszon teljes ki\u0151rl\u00e9s\u0171, rostban gazdag \u00e9teleket, mint p\u00e9ld\u00e1ul a barna rizst, a zabot \u00e9s a h\u00fcvelyeseket, amelyek seg\u00edtenek szab\u00e1lyozni a cukor felsz\u00edv\u00f3d\u00e1s\u00e1t \u00e9s egyens\u00falyban tartani az energiaszintet.<\/p>\n\n\n\n<h3 class=\"wp-block-heading\">Gyakorlati p\u00e9lda:<\/h3>\n\n\n\n<p>Cser\u00e9ld le a feh\u00e9r kenyeret teljes ki\u0151rl\u00e9s\u0171 keny\u00e9rre, egy\u00e9l csicseribors\u00f3s t\u00e9szt\u00e1t, \u00e9s a feh\u00e9r rizst teljes ki\u0151rl\u00e9s\u0171 rizzsel vagy quino\u00e1val helyettes\u00edtsd.<\/p>\n\n\n\n<p><\/p>\n\n\n\n<hr class=\"wp-block-separator has-alpha-channel-opacity is-style-wide\" \/>\n\n\n\n<h5 class=\"wp-block-heading has-text-align-center\"><strong>Mit szeretn\u00e9l csin\u00e1lni?<\/strong><\/h5>\n\n\n    <section class=\"mx-1 my-10\">\n                                                <a href=\"https:\/\/universofamilia.com\/hu\/aprende-a-tocar-guitarra-con-simply-guitar\/\" class=\"text-white\" data-analytics-label=\"optionsButton\"\n                    data-action=\"analytics#trackCTA\">\n                    <div data-options-target=\"option\"\n                        class=\"custom-section rounded-xl border p-3 shadow-md w-full bg-green-700 my-3\">\n                        <div class=\"flex w-full items-center justify-between\">\n                            <div class=\"flex items-center space-x-3\">\n                                <div class=\"text-lg font-bold\">\n                                    Tanulj meg git\u00e1rozni \u279d\n                                <\/div>\n                            <\/div>\n                        <\/div>\n                    <\/div>\n                <\/a>\n                                                            <a href=\"https:\/\/universofamilia.com\/hu\/lp-apps-namoro\/\" class=\"text-white\" data-analytics-label=\"optionsButton\"\n                    data-action=\"analytics#trackCTA\">\n                    <div data-options-target=\"option\"\n                        class=\"custom-section rounded-xl border p-3 shadow-md w-full bg-green-700 my-3\">\n                        <div class=\"flex w-full items-center justify-between\">\n                            <div class=\"flex items-center space-x-3\">\n                                <div class=\"text-lg font-bold\">\n                                    App, hogy \u00faj emberekkel ismerkedj meg! \u279d\n                                <\/div>\n                            <\/div>\n                        <\/div>\n                    <\/div>\n                <\/a>\n                                                            <a href=\"https:\/\/universofamilia.com\/hu\/lp-biblia-catolica\/\" class=\"text-white\" data-analytics-label=\"optionsButton\"\n                    data-action=\"analytics#trackCTA\">\n                    <div data-options-target=\"option\"\n                        class=\"custom-section rounded-xl border p-3 shadow-md w-full bg-green-700 my-3\">\n                        <div class=\"flex w-full items-center justify-between\">\n                            <div class=\"flex items-center space-x-3\">\n                                <div class=\"text-lg font-bold\">\n                                    Isten Ig\u00e9je, b\u00e1rhol \u00e9s b\u00e1rmikor \u279d\n                                <\/div>\n                            <\/div>\n                        <\/div>\n                    <\/div>\n                <\/a>\n                            <p class=\"text-xs text-gray-500 text-right hidden\"\n            style=\"margin-left: 50%; margin-bottom: 50px; margin-top: 5px;\">\n            <!-- You will be redirected to another website -->\n        <\/p>\n    <\/section>\n\n\n\n\n<p class=\"has-text-align-right\"><em><strong><em><strong><em><strong><em><strong><em><strong>Olvass tov\u00e1bb!<\/strong><\/em><\/strong><\/em><\/strong><\/em><\/strong><\/em><\/strong><\/em><\/p>\n\n\n\n<hr class=\"wp-block-separator has-alpha-channel-opacity is-style-wide\" \/>\n\n\n\n<p><\/p>\n\n\n\n<h2 class=\"wp-block-heading\">2. Fogadjon el feh\u00e9rj\u00e9n \u00e9s eg\u00e9szs\u00e9ges zs\u00edrokon alapul\u00f3 \u00e9trendet<\/h2>\n\n\n\n<p>A sov\u00e1ny feh\u00e9rj\u00e9k, mint p\u00e9ld\u00e1ul a hal, a csirke, a toj\u00e1s \u00e9s az alacsony zs\u00edrtartalm\u00fa tejterm\u00e9kek, seg\u00edtenek stabiliz\u00e1lni a gl\u00fck\u00f3zszintet \u00e9s meghosszabb\u00edtani a j\u00f3llakotts\u00e1gi \u00e9rz\u00e9st.<\/p>\n\n\n\n<p>Az eg\u00e9szs\u00e9ges zs\u00edrok, mint p\u00e9ld\u00e1ul az ol\u00edvaolajban, az avok\u00e1d\u00f3ban \u00e9s a di\u00f3f\u00e9l\u00e9kben tal\u00e1lhat\u00f3k, seg\u00edtenek cs\u00f6kkenteni a gyullad\u00e1st \u00e9s jav\u00edtani az inzulinfunkci\u00f3t.<\/p>\n\n\n\n<h3 class=\"wp-block-heading\">Gyakorlati p\u00e9lda:<\/h3>\n\n\n\n<p>T\u00e1lalj egy mar\u00e9k di\u00f3t nassolnival\u00f3k\u00e9nt, \u00e9s ol\u00edvaolajjal \u00f6ntsd a sal\u00e1t\u00e1kat.<\/p>\n\n\n\n<h2 class=\"wp-block-heading\">3. Rendszeresen v\u00e9gezzen testmozg\u00e1st<\/h2>\n\n\n\n<p>A testmozg\u00e1s az egyik leghat\u00e9konyabb m\u00f3dja az inzulin\u00e9rz\u00e9kenys\u00e9g n\u00f6vel\u00e9s\u00e9nek.<\/p>\n\n\n\n<p>Az olyan tev\u00e9kenys\u00e9gek, mint a napi s\u00e9ta, a s\u00falyz\u00f3s edz\u00e9s \u00e9s az aerob testmozg\u00e1s, seg\u00edtenek cs\u00f6kkenteni a v\u00e9rcukorszintet \u00e9s jav\u00edtani a sz\u00edv- \u00e9s \u00e9rrendszeri eg\u00e9szs\u00e9get.<\/p>\n\n\n\n<p>Tanulm\u00e1nyok a <strong>Amerikai Diab\u00e9tesz T\u00e1rsas\u00e1g<\/strong> azt sugallj\u00e1k, hogy legal\u00e1bb heti 150 perc m\u00e9rs\u00e9kelt testmozg\u00e1s ide\u00e1lis a cukorbetegs\u00e9g kezel\u00e9s\u00e9hez.<\/p>\n\n\n\n<h3 class=\"wp-block-heading\">Gyakorlati p\u00e9lda:<\/h3>\n\n\n\n<p>S\u00e9t\u00e1ljon naponta 30 percet eb\u00e9d vagy vacsora ut\u00e1n, \u00e9s hetente 2-3 alkalommal v\u00e9gezzen ellen\u00e1ll\u00e1sos gyakorlatokat.<\/p>\n\n\n\n<h2 class=\"wp-block-heading\">4. Szab\u00e1lyozza a tests\u00faly\u00e1t<\/h2>\n\n\n\n<p>A t\u00fals\u00faly k\u00f6zvetlen\u00fcl \u00f6sszef\u00fcgg az inzulinrezisztenci\u00e1val.<\/p>\n\n\n\n<p>Az 5% \u00e9s 10% k\u00f6z\u00f6tti tests\u00falycs\u00f6kken\u00e9s jelent\u0151sen jav\u00edthatja az inzulin\u00e9rz\u00e9kenys\u00e9get \u00e9s cs\u00f6kkentheti a v\u00e9rcukorszintet.<\/p>\n\n\n\n<p>Ez kiegyens\u00falyozott \u00e9trenddel \u00e9s akt\u00edvabb \u00e9letm\u00f3ddal \u00e9rhet\u0151 el.<\/p>\n\n\n\n<h3 class=\"wp-block-heading\">Gyakorlati p\u00e9lda:<\/h3>\n\n\n\n<p>Ha 80 kg-ot nyomsz, m\u00e1r 4-8 kg fogy\u00e1s is jelent\u0151s javul\u00e1st hozhat az eg\u00e9szs\u00e9gedben.<\/p>\n\n\n\n<h2 class=\"wp-block-heading\">5. Ker\u00fclje az ultra-feldolgozott \u00e9lelmiszereket<\/h2>\n\n\n\n<p>Az \u00fcd\u00edt\u0151italok, r\u00e1gcs\u00e1lnival\u00f3k, t\u00f6lt\u00f6tt s\u00fctem\u00e9nyek \u00e9s kolb\u00e1szok rejtett cukrokat, k\u00e1ros zs\u00edrokat \u00e9s tart\u00f3s\u00edt\u00f3szereket tartalmaznak, amelyek ronthatj\u00e1k az anyagcsere eg\u00e9szs\u00e9g\u00e9t.<\/p>\n\n\n\n<p>R\u00e9szes\u00edtsd el\u0151nyben a term\u00e9szetes \u00e9s friss \u00e9teleket, p\u00e9ld\u00e1ul a gy\u00fcm\u00f6lcs\u00f6ket, z\u00f6lds\u00e9geket \u00e9s a min\u0151s\u00e9gi feh\u00e9rj\u00e9ket.<\/p>\n\n\n\n<h3 class=\"wp-block-heading\">Gyakorlati p\u00e9lda:<\/h3>\n\n\n\n<p>A feldolgozott leveket v\u00edzzel, citromszeletekkel vagy term\u00e9szetes te\u00e1kkal helyettes\u00edts\u00fck.<\/p>\n\n\n\n<h2 class=\"wp-block-heading\">6. Egy\u00e9l t\u00f6bb rostot<\/h2>\n\n\n\n<p>A rost elengedhetetlen a b\u00e9lrendszer eg\u00e9szs\u00e9g\u00e9hez, \u00e9s seg\u00edt cs\u00f6kkenteni a cukrok felsz\u00edv\u00f3d\u00e1s\u00e1t.<\/p>\n\n\n\n<p>Az olyan \u00e9telek, mint a chia, a lenmag, a zab, a h\u00fcvelyesek \u00e9s a z\u00f6ld leveles z\u00f6lds\u00e9gek, el\u0151seg\u00edtik az em\u00e9szt\u00e9st \u00e9s el\u0151seg\u00edtik a jobb glik\u00e9mi\u00e1s kontrollt.<\/p>\n\n\n\n<h3 class=\"wp-block-heading\">Gyakorlati p\u00e9lda:<\/h3>\n\n\n\n<p>Adj egy kan\u00e1l chia magot a joghurtodhoz vagy a reggeli turmixodhoz.<\/p>\n\n\n\n<h2 class=\"wp-block-heading\">7. Igy\u00e1l t\u00f6bb vizet<\/h2>\n\n\n\n<p>A megfelel\u0151 hidrat\u00e1l\u00e1s elengedhetetlen a szervezet cukor-anyagcser\u00e9j\u00e9hez. A v\u00edz seg\u00edt elt\u00e1vol\u00edtani a m\u00e9reganyagokat \u00e9s jav\u00edtja a vesem\u0171k\u00f6d\u00e9st.<\/p>\n\n\n\n<p>Ker\u00fcld a feldolgozott gy\u00fcm\u00f6lcsleveket \u00e9s \u00fcd\u00edt\u0151italokat, amelyek magas cukortartalm\u00faak.<\/p>\n\n\n\n<h3 class=\"wp-block-heading\">Gyakorlati p\u00e9lda:<\/h3>\n\n\n\n<p>Igy\u00e1l legal\u00e1bb 2 liter vizet naponta, \u00e9s mindig vigy\u00e9l magaddal egy \u00fcveget.<\/p>\n\n\n\n<h2 class=\"wp-block-heading\">8. Fogadjon antioxid\u00e1ns \u00e9telekre<\/h2>\n\n\n\n<p>A citrom, a z\u00f6ld tea \u00e9s az \u00e9l\u00e9nk sz\u00edn\u0171 z\u00f6lds\u00e9gek antioxid\u00e1nsokat tartalmaznak, amelyek lek\u00fczdik a gyullad\u00e1sokat \u00e9s jav\u00edtj\u00e1k az inzulin m\u0171k\u00f6d\u00e9s\u00e9t.<\/p>\n\n\n\n<p>A C-vitaminban gazdag \u00e9telek, mint p\u00e9ld\u00e1ul a narancs \u00e9s az eper, szint\u00e9n er\u0151s\u00edtik az immunrendszert \u00e9s seg\u00edtenek a cukorbetegs\u00e9g kezel\u00e9s\u00e9ben.<\/p>\n\n\n\n<h3 class=\"wp-block-heading\">Gyakorlati p\u00e9lda:<\/h3>\n\n\n\n<p>Reggelizz bogy\u00f3s gy\u00fcm\u00f6lcs\u00f6ket, \u00e9s igy\u00e1l z\u00f6ld te\u00e1t az \u00e9tkez\u00e9sek k\u00f6z\u00f6tt.<\/p>\n\n\n\n<h2 class=\"wp-block-heading\">9. Aludj j\u00f3l<\/h2>\n\n\n\n<p>Az alv\u00e1shi\u00e1ny fokozhatja az inzulinrezisztenci\u00e1t \u00e9s rossz v\u00e9rcukorszint-szab\u00e1lyoz\u00e1shoz vezethet.<\/p>\n\n\n\n<p>Egy tanulm\u00e1ny a <strong>Harvard Orvosi Egyetem<\/strong> kimutatta, hogy azokn\u00e1l az emberekn\u00e9l, akik kevesebb mint hat \u00f3r\u00e1t alszanak \u00e9jszak\u00e1nk\u00e9nt, jelent\u0151sen nagyobb a kock\u00e1zata a 2-es t\u00edpus\u00fa cukorbetegs\u00e9g kialakul\u00e1s\u00e1nak.<\/p>\n\n\n\n<p>T\u00f6rekedj a min\u0151s\u00e9gi alv\u00e1sra, \u00e9s t\u00f6rekedj arra, hogy \u00e9jszak\u00e1nk\u00e9nt h\u00e9t-kilenc \u00f3r\u00e1t aludj.<\/p>\n\n\n\n<h3 class=\"wp-block-heading\">Gyakorlati p\u00e9lda:<\/h3>\n\n\n\n<p>Alak\u00edts ki egy esti rutint azzal, hogy legal\u00e1bb egy \u00f3r\u00e1val lefekv\u00e9s el\u0151tt ker\u00fcl\u00f6d a k\u00e9perny\u0151ket, \u00e9s rendszeres lefekv\u00e9si id\u0151t \u00e1ll\u00edtasz be.<\/p>\n\n\n\n<h2 class=\"wp-block-heading\">10. Stressz kontroll\u00e1l\u00e1sa<\/h2>\n\n\n\n<p>A kr\u00f3nikus stressz olyan hormonokat szabad\u00edt fel, mint a kortizol, amelyek n\u00f6velik a v\u00e9rcukorszintet.<\/p>\n\n\n\n<p>Az olyan gyakorlatok, mint a medit\u00e1ci\u00f3, a j\u00f3ga, a szabadt\u00e9ri s\u00e9t\u00e1k \u00e9s a m\u00e9lyl\u00e9gz\u00e9s, seg\u00edthetnek cs\u00f6kkenteni a stresszt \u00e9s egyens\u00falyba hozni az anyagcser\u00e9t.<\/p>\n\n\n\n<h3 class=\"wp-block-heading\">Gyakorlati p\u00e9lda:<\/h3>\n\n\n\n<p>Gyakorolj m\u00e9ly l\u00e9gz\u00e9st 5 percig, amikor szorong\u00e1st \u00e9rzel.<\/p>\n\n\n\n<h2 class=\"wp-block-heading\">11. Ker\u00fclje a t\u00falzott alkoholfogyaszt\u00e1st<\/h2>\n\n\n\n<p>Az alkohol zavarja a gl\u00fck\u00f3zanyagcser\u00e9t \u00e9s befoly\u00e1solhatja az inzulin m\u0171k\u00f6d\u00e9s\u00e9t. Ha iszol, m\u00e9rt\u00e9kkel tedd, \u00e9s v\u00e1lassz alacsony cukortartalm\u00fa alternat\u00edv\u00e1kat, p\u00e9ld\u00e1ul sz\u00e1raz bort.<\/p>\n\n\n\n<h3 class=\"wp-block-heading\">Gyakorlati p\u00e9lda:<\/h3>\n\n\n\n<p>Korl\u00e1tozza az alkoholfogyaszt\u00e1st legfeljebb k\u00e9t poh\u00e1r sz\u00e1raz borra hetente.<\/p>\n\n\n\n<h2 class=\"wp-block-heading\">12. Figyelje a gl\u00fck\u00f3zszintj\u00e9t<\/h2>\n\n\n\n<p>A rendszeres v\u00e9rcukorszint-ellen\u0151rz\u00e9s seg\u00edt azonos\u00edtani a mint\u00e1zatokat, \u00e9s elv\u00e9gezni a sz\u00fcks\u00e9ges m\u00f3dos\u00edt\u00e1sokat az \u00e9trendben \u00e9s az \u00e9letm\u00f3dban.<\/p>\n\n\n\n<p>Haszn\u00e1ljon gl\u00fckom\u00e9tert vagy monitort rendszeres id\u0151k\u00f6z\u00f6nk\u00e9nti tesztekkel az \u00e1llapot megfelel\u0151 kontrollj\u00e1nak biztos\u00edt\u00e1sa \u00e9rdek\u00e9ben.<\/p>\n\n\n\n<h3 class=\"wp-block-heading\">Gyakorlati p\u00e9lda:<\/h3>\n\n\n\n<p>Naponta m\u00e9rje meg az \u00e9homi v\u00e9rcukorszintj\u00e9t, \u00e9s vezessen \u00e9tkez\u00e9si napl\u00f3t, hogy nyomon k\u00f6vesse az \u00e9telek v\u00e9rcukorszintre gyakorolt hat\u00e1s\u00e1t.<\/p>\n\n\n\n<h2 class=\"wp-block-heading\">Kezelje cukorbetegs\u00e9g\u00e9t alkalmaz\u00e1sokkal<\/h2>\n\n\n\n<h3 class=\"wp-block-heading\">mySugr \u2013 Cukorbetegs\u00e9g kezel\u00e9se<\/h3>\n\n\n\n<p>A mySugr az egyik legn\u00e9pszer\u0171bb cukorbetegs\u00e9g-kezel\u00e9si alkalmaz\u00e1s.<\/p>\n\n\n\n<p>Lehet\u0151v\u00e9 teszi a v\u00e9rcukorszint r\u00f6gz\u00edt\u00e9s\u00e9t, a sz\u00fcks\u00e9ges inzulin mennyis\u00e9g\u00e9nek kisz\u00e1m\u00edt\u00e1s\u00e1t, \u00e9s r\u00e9szletes jelent\u00e9sek k\u00e9sz\u00edt\u00e9s\u00e9t az orvosi nyomon k\u00f6vet\u00e9shez.<\/p>\n\n\n\n<p>Emellett kih\u00edv\u00e1sokat \u00e9s jutalmakat is k\u00edn\u00e1l, hogy motiv\u00e1lja a felhaszn\u00e1l\u00f3kat a j\u00f3 szok\u00e1sok fenntart\u00e1s\u00e1ra.<\/p>\n\n\n\n<p><strong>F\u0151 funkci\u00f3k:<\/strong><\/p>\n\n\n\n<ul>\n<li>A gl\u00fck\u00f3zszintek automatikus r\u00f6gz\u00edt\u00e9se;<\/li>\n\n\n\n<li>Inzulin \u00e9s sz\u00e9nhidr\u00e1t sz\u00e1m\u00edt\u00e1s;<\/li>\n\n\n\n<li>Jelent\u00e9sk\u00e9sz\u00edt\u00e9s az orvos sz\u00e1m\u00e1ra;<\/li>\n\n\n\n<li>Integr\u00e1ci\u00f3 folyamatos gl\u00fck\u00f3zm\u00e9r\u0151 eszk\u00f6z\u00f6kkel;<\/li>\n\n\n\n<li>Szem\u00e9lyre szabott tan\u00e1csad\u00e1s \u00e9s motiv\u00e1ci\u00f3s kih\u00edv\u00e1sok.<\/li>\n<\/ul>\n\n\n\n<p><strong>Tov\u00e1bbi felszerel\u00e9st ig\u00e9nyel?<\/strong> A mySugr manu\u00e1lisan is haszn\u00e1lhat\u00f3, de a funkci\u00f3i tov\u00e1bbfejleszthet\u0151k, ha folyamatos gl\u00fck\u00f3zmonitorhoz (CGM) csatlakoztatj\u00e1k.<\/p>\n\n\n\n    <div class=\"d-sm-block py-3 mx-auto px-3 mb-3\"\n        style=\"border-top: 1px solid rgb(204, 204, 204); border-bottom: 1px solid rgb(204, 204, 204);\">\n        <div class=\"text-center mb-4\">\n            <h6 class=\"pt-3 text-center text-gray-900 text-2xl title-font font-medium mb-12\">ALKALMAZ\u00c1S<\/h6>\n        <\/div>\n        <div class=\"row\">\n            <div class=\"col-lg-5 col-md-5 col-sm-12 mb-4 mb-lg-0\">\n                <img decoding=\"async\" alt=\"k\u00e1rtya\" style=\"height: 190px; object-fit: cover;\"\n                    class=\"w-100 h-100 object-cover object-center rounded border\" src=\"http:\/\/universofamilia.com\/wp-content\/uploads\/sites\/148\/2025\/02\/POST-PARA-APP-ARTIGO-3-1.jpg\">\n            <\/div>\n            <div class=\"col-lg-7 col-md-7 col-sm-12 d-flex flex-column justify-content-between\">\n                <h3 class=\"text-gray-900 text-3xl title-font font-medium mb-1\">mySugr \u2013 Cukorbetegs\u00e9g kezel\u00e9se<\/h3>\n\n                                    <div class=\"flex\">\n                                                    <span\n                                class=\"inline-block mx-2 py-1 mx-2 rounded text-xs font-medium tracking-widest text-uppercase mr-2 bg-green-50 text-green-700\">DIAB\u00c9TESZ MONITOROZ\u00c1S<\/span>\n                                            <\/div>\n                                <div class=\"d-block text-justify py-3\">Tedd egyszer\u0171v\u00e9 \u00e9s sz\u00f3rakoztat\u00f3v\u00e1 a cukorbetegs\u00e9ged kezel\u00e9s\u00e9t! A mySugr seg\u00edt nyomon k\u00f6vetni a gl\u00fck\u00f3zszintedet, kisz\u00e1m\u00edtani az inzulinig\u00e9nyedet, \u00e9s r\u00e9szletes jelent\u00e9seket k\u00e9sz\u00edteni orvosod sz\u00e1m\u00e1ra. A gl\u00fck\u00f3zmonitorokkal val\u00f3 integr\u00e1ci\u00f3nak \u00e9s a motiv\u00e1l\u00f3 kih\u00edv\u00e1soknak k\u00f6sz\u00f6nhet\u0151en k\u00f6nnyed\u00e9n tarthatod k\u00e9zben az eg\u00e9szs\u00e9gedet.<\/div>\n                <div class=\"mt-auto d-flex flex-column align-items-end\">\n                    <a class=\"d-inline-block text-center text-white border-0 py-2 px-8 text-lg focus:outline-none rounded bg-green-700 hover:bg-green-800 btn-block\"\n                        href=\"https:\/\/logbook.br.uptodown.com\/android\"                         data-analytics-label=\"landingPageFirstButton\" data-action=\"analytics#trackCTA\">\n                        Alkalmaz\u00e1s let\u00f6lt\u00e9se                    <\/a>\n                                            <div class=\"text-xs text-muted mt-3 d-block col-12 text-center\">\u00c1tir\u00e1ny\u00edtunk egy m\u00e1sik webhelyre<\/div>\n                                    <\/div>\n            <\/div>\n        <\/div>\n    <\/div>\n\n\n\n<h3 class=\"wp-block-heading\">Cukorbetegs\u00e9g \u2013 V\u00e9rcukorszint<\/h3>\n\n\n\n<p>Ez az alkalmaz\u00e1s seg\u00edt egyszer\u0171en \u00e9s k\u00e9nyelmesen nyomon k\u00f6vetni a gl\u00fck\u00f3zszintj\u00e9t.<\/p>\n\n\n\n<p>Lehet\u0151v\u00e9 teszi a napi m\u00e9r\u00e9sek r\u00f6gz\u00edt\u00e9s\u00e9t, az id\u0151beli mint\u00e1zatok azonos\u00edt\u00e1s\u00e1t, \u00e9s r\u00e9szletes grafikonokat k\u00edn\u00e1l a jobb betegs\u00e9gellen\u0151rz\u00e9s \u00e9rdek\u00e9ben.<\/p>\n\n\n\n<p>Eml\u00e9keztet\u0151ket is k\u00fcld a gy\u00f3gyszerek bev\u00e9tel\u00e9re \u00e9s a gl\u00fck\u00f3zszint ellen\u0151rz\u00e9s\u00e9re.<\/p>\n\n\n\n<p><strong>F\u0151 funkci\u00f3k:<\/strong><\/p>\n\n\n\n<ul>\n<li>Gl\u00fck\u00f3z napl\u00f3 \u00e9s trendelemz\u00e9s;<\/li>\n\n\n\n<li>\u00c9rtes\u00edt\u00e9sek \u00e9s eml\u00e9keztet\u0151k a gy\u00f3gyszerekr\u0151l \u00e9s a m\u00e9r\u00e9sekr\u0151l;<\/li>\n\n\n\n<li>Glik\u00e9mi\u00e1s evol\u00faci\u00f3s jelent\u00e9sek k\u00e9sz\u00edt\u00e9se;<\/li>\n\n\n\n<li>Integr\u00e1ci\u00f3 gl\u00fck\u00f3zm\u00e9r\u0151 eszk\u00f6z\u00f6kkel;<\/li>\n\n\n\n<li>Oktat\u00e1si inform\u00e1ci\u00f3k a cukorbetegs\u00e9gr\u0151l.<\/li>\n<\/ul>\n\n\n\n<p><strong>Tov\u00e1bbi felszerel\u00e9st ig\u00e9nyel?<\/strong> Manu\u00e1lisan is haszn\u00e1lhat\u00f3, vagy szinkroniz\u00e1lhat\u00f3 kompatibilis gl\u00fck\u00f3zm\u00e9r\u0151kkel a pontosabb nyomon k\u00f6vet\u00e9s \u00e9rdek\u00e9ben.<\/p>\n\n\n\n    <div class=\"d-sm-block py-3 mx-auto px-3 mb-3\"\n        style=\"border-top: 1px solid rgb(204, 204, 204); border-bottom: 1px solid rgb(204, 204, 204);\">\n        <div class=\"text-center mb-4\">\n            <h6 class=\"pt-3 text-center text-gray-900 text-2xl title-font font-medium mb-12\">ALKALMAZ\u00c1S<\/h6>\n        <\/div>\n        <div class=\"row\">\n            <div class=\"col-lg-5 col-md-5 col-sm-12 mb-4 mb-lg-0\">\n                <img decoding=\"async\" alt=\"k\u00e1rtya\" style=\"height: 190px; object-fit: cover;\"\n                    class=\"w-100 h-100 object-cover object-center rounded border\" src=\"http:\/\/universofamilia.com\/wp-content\/uploads\/sites\/148\/2025\/02\/POST-PARA-APP-ARTIGO-4-1.jpg\">\n            <\/div>\n            <div class=\"col-lg-7 col-md-7 col-sm-12 d-flex flex-column justify-content-between\">\n                <h3 class=\"text-gray-900 text-3xl title-font font-medium mb-1\">Cukorbetegs\u00e9g \u2013 V\u00e9rcukorszint<\/h3>\n\n                                    <div class=\"flex\">\n                                                    <span\n                                class=\"inline-block mx-2 py-1 mx-2 rounded text-xs font-medium tracking-widest text-uppercase mr-2 bg-green-50 text-green-700\">GL\u00dcK\u00d3Z EG\u00c9SZS\u00c9G<\/span>\n                                            <\/div>\n                                <div class=\"d-block text-justify py-3\">K\u00f6nnyed\u00e9n ellen\u0151rizheti v\u00e9rcukorszintj\u00e9t. R\u00f6gz\u00edtse napi \u00e9rt\u00e9keit, r\u00e9szletes jelent\u00e9seket kapjon, \u00e9s eml\u00e9keztet\u0151ket kapjon a gy\u00f3gyszerek szed\u00e9s\u00e9r\u0151l \u00e9s a vizsg\u00e1latokr\u00f3l. Kompatibilis a v\u00e9rcukorszintm\u00e9r\u0151 eszk\u00f6z\u00f6kkel a pontosabb szab\u00e1lyoz\u00e1s \u00e9rdek\u00e9ben. T\u00f6ltse le most, \u00e9s vigy\u00e1zzon eg\u00e9szs\u00e9g\u00e9re!<\/div>\n                <div class=\"mt-auto d-flex flex-column align-items-end\">\n                    <a class=\"d-inline-block text-center text-white border-0 py-2 px-8 text-lg focus:outline-none rounded bg-green-700 hover:bg-green-800 btn-block\"\n                        href=\"https:\/\/diabetes.br.uptodown.com\/android\"                         data-analytics-label=\"landingPageFirstButton\" data-action=\"analytics#trackCTA\">\n                        Alkalmaz\u00e1s let\u00f6lt\u00e9se                    <\/a>\n                                            <div class=\"text-xs text-muted mt-3 d-block col-12 text-center\">\u00c1tir\u00e1ny\u00edtunk egy m\u00e1sik webhelyre<\/div>\n                                    <\/div>\n            <\/div>\n        <\/div>\n    <\/div>\n\n\n\n<h2 class=\"wp-block-heading\">K\u00f6vetkeztet\u00e9s<\/h2>\n\n\n\n<p>A 2-es t\u00edpus\u00fa cukorbetegs\u00e9g visszaford\u00edthat\u00f3, amennyiben eg\u00e9szs\u00e9ges \u00e9letm\u00f3dot folytatsz \u00e9s fenntartod a t\u00fcrelmedet.<\/p>\n\n\n\n<p>A napi apr\u00f3 v\u00e1ltoztat\u00e1sok is nagy hat\u00e1ssal lehetnek az eg\u00e9szs\u00e9gedre.<\/p>\n\n\n\n<p>Kezdj hozz\u00e1 most, \u00e9s tedd meg az els\u0151 l\u00e9p\u00e9st afel\u00e9, hogy <strong>volt cukorbeteg<\/strong>!<\/p>\n\n\n\n<h2 class=\"wp-block-heading\">Kutat\u00e1si forr\u00e1sok<\/h2>\n\n\n\n<ul>\n<li><strong>Nemzeti Cukorbetegs\u00e9g \u00e9s Em\u00e9szt\u0151rendszeri \u00e9s Vesebetegs\u00e9gek Int\u00e9zete (NIDDK)<\/strong><\/li>\n\n\n\n<li><strong>Amerikai Diab\u00e9tesz T\u00e1rsas\u00e1g<\/strong><\/li>\n\n\n\n<li><strong>Harvard Orvosi Egyetem<\/strong><\/li>\n<\/ul>","protected":false},"excerpt":{"rendered":"<p>La diabetes tipo 2 es una de las enfermedades cr\u00f3nicas m\u00e1s comunes en el mundo, afectando a millones de personas. Equipo de soporte Explora las aplicaciones a continuaci\u00f3n o contacta a nuestro equipo de soporte, ind\u00edcanos el tipo de perfil que buscas y te ayudaremos a encontrar la aplicaci\u00f3n ideal para ti. Sin embargo, los [&hellip;]<\/p>","protected":false},"author":139,"featured_media":8638,"comment_status":"closed","ping_status":"open","sticky":false,"template":"","format":"standard","meta":{"footnotes":""},"categories":[2],"tags":[1828,689,1827,1132,1829],"yoast_head":"<!-- This site is optimized with the Yoast SEO plugin v23.3 - https:\/\/yoast.com\/wordpress\/plugins\/seo\/ -->\n<title>12 Pasos para Ser un Ex-Diab\u00e9tico - Universo Fam\u00edlia<\/title>\n<meta name=\"description\" content=\"12 Pasos para Ser un Ex-Diab\u00e9tico. La diabetes tipo 2 es una de las enfermedades cr\u00f3nicas m\u00e1s comunes en el mundo, afectando...\" \/>\n<meta name=\"robots\" content=\"index, follow, max-snippet:-1, max-image-preview:large, max-video-preview:-1\" \/>\n<link rel=\"canonical\" href=\"https:\/\/universofamilia.com\/hu\/12-pasos-para-ser-un-ex-diabetico\/\" \/>\n<meta property=\"og:locale\" content=\"hu_HU\" \/>\n<meta property=\"og:type\" content=\"article\" \/>\n<meta property=\"og:title\" content=\"12 Pasos para Ser un Ex-Diab\u00e9tico - Universo Fam\u00edlia\" \/>\n<meta property=\"og:description\" content=\"12 Pasos para Ser un Ex-Diab\u00e9tico. La diabetes tipo 2 es una de las enfermedades cr\u00f3nicas m\u00e1s comunes en el mundo, afectando...\" \/>\n<meta property=\"og:url\" content=\"https:\/\/universofamilia.com\/hu\/12-pasos-para-ser-un-ex-diabetico\/\" \/>\n<meta property=\"og:site_name\" content=\"Universo Fam\u00edlia\" \/>\n<meta property=\"article:published_time\" content=\"2025-02-08T17:30:06+00:00\" \/>\n<meta property=\"article:modified_time\" content=\"2025-02-13T19:01:03+00:00\" \/>\n<meta property=\"og:image\" content=\"https:\/\/universofamilia.com\/wp-content\/uploads\/sites\/148\/2025\/02\/POST-PARA-APP-ARTIGO-3-1.jpg\" \/>\n\t<meta property=\"og:image:width\" content=\"1080\" \/>\n\t<meta property=\"og:image:height\" content=\"1080\" \/>\n\t<meta property=\"og:image:type\" content=\"image\/jpeg\" \/>\n<meta name=\"author\" content=\"Pedro Henrique\" \/>\n<meta name=\"twitter:card\" content=\"summary_large_image\" \/>\n<meta name=\"twitter:label1\" content=\"Written by\" \/>\n\t<meta name=\"twitter:data1\" content=\"Pedro Henrique\" \/>\n\t<meta name=\"twitter:label2\" content=\"Est. reading time\" \/>\n\t<meta name=\"twitter:data2\" content=\"1 perc\" \/>\n<script type=\"application\/ld+json\" class=\"yoast-schema-graph\">{\"@context\":\"https:\/\/schema.org\",\"@graph\":[{\"@type\":\"WebPage\",\"@id\":\"https:\/\/universofamilia.com\/de\/12-pasos-para-ser-un-ex-diabetico\/\",\"url\":\"https:\/\/universofamilia.com\/de\/12-pasos-para-ser-un-ex-diabetico\/\",\"name\":\"12 Pasos para Ser un Ex-Diab\u00e9tico - Universo Fam\u00edlia\",\"isPartOf\":{\"@id\":\"https:\/\/universofamilia.com\/el\/#website\"},\"primaryImageOfPage\":{\"@id\":\"https:\/\/universofamilia.com\/de\/12-pasos-para-ser-un-ex-diabetico\/#primaryimage\"},\"image\":{\"@id\":\"https:\/\/universofamilia.com\/de\/12-pasos-para-ser-un-ex-diabetico\/#primaryimage\"},\"thumbnailUrl\":\"https:\/\/universofamilia.com\/wp-content\/uploads\/sites\/148\/2025\/02\/POST-PARA-APP-ARTIGO-3-1.jpg\",\"datePublished\":\"2025-02-08T17:30:06+00:00\",\"dateModified\":\"2025-02-13T19:01:03+00:00\",\"author\":{\"@id\":\"https:\/\/universofamilia.com\/el\/#\/schema\/person\/f07ce98187dd84d31154262e79b3b7ca\"},\"description\":\"12 Pasos para Ser un Ex-Diab\u00e9tico. La diabetes tipo 2 es una de las enfermedades cr\u00f3nicas m\u00e1s comunes en el mundo, afectando...\",\"breadcrumb\":{\"@id\":\"https:\/\/universofamilia.com\/de\/12-pasos-para-ser-un-ex-diabetico\/#breadcrumb\"},\"inLanguage\":\"hu\",\"potentialAction\":[{\"@type\":\"ReadAction\",\"target\":[\"https:\/\/universofamilia.com\/de\/12-pasos-para-ser-un-ex-diabetico\/\"]}]},{\"@type\":\"ImageObject\",\"inLanguage\":\"hu\",\"@id\":\"https:\/\/universofamilia.com\/de\/12-pasos-para-ser-un-ex-diabetico\/#primaryimage\",\"url\":\"https:\/\/universofamilia.com\/wp-content\/uploads\/sites\/148\/2025\/02\/POST-PARA-APP-ARTIGO-3-1.jpg\",\"contentUrl\":\"https:\/\/universofamilia.com\/wp-content\/uploads\/sites\/148\/2025\/02\/POST-PARA-APP-ARTIGO-3-1.jpg\",\"width\":1080,\"height\":1080,\"caption\":\"12 Pasos para Ser un Ex-Diab\u00e9tico\"},{\"@type\":\"BreadcrumbList\",\"@id\":\"https:\/\/universofamilia.com\/de\/12-pasos-para-ser-un-ex-diabetico\/#breadcrumb\",\"itemListElement\":[{\"@type\":\"ListItem\",\"position\":1,\"name\":\"Home\",\"item\":\"https:\/\/universofamilia.com\/el\/\"},{\"@type\":\"ListItem\",\"position\":2,\"name\":\"12 Pasos para Ser un Ex-Diab\u00e9tico\"}]},{\"@type\":\"WebSite\",\"@id\":\"https:\/\/universofamilia.com\/el\/#website\",\"url\":\"https:\/\/universofamilia.com\/el\/\",\"name\":\"Universo Fam\u00edlia\",\"description\":\"\",\"potentialAction\":[{\"@type\":\"SearchAction\",\"target\":{\"@type\":\"EntryPoint\",\"urlTemplate\":\"https:\/\/universofamilia.com\/el\/?s={search_term_string}\"},\"query-input\":\"required name=search_term_string\"}],\"inLanguage\":\"hu\"},{\"@type\":\"Person\",\"@id\":\"https:\/\/universofamilia.com\/el\/#\/schema\/person\/f07ce98187dd84d31154262e79b3b7ca\",\"name\":\"Pedro Henrique\",\"image\":{\"@type\":\"ImageObject\",\"inLanguage\":\"hu\",\"@id\":\"https:\/\/universofamilia.com\/el\/#\/schema\/person\/image\/\",\"url\":\"https:\/\/secure.gravatar.com\/avatar\/9edfeb808cb4e1599f64d6e45b130154?s=96&d=mm&r=g\",\"contentUrl\":\"https:\/\/secure.gravatar.com\/avatar\/9edfeb808cb4e1599f64d6e45b130154?s=96&d=mm&r=g\",\"caption\":\"Pedro Henrique\"},\"url\":\"https:\/\/universofamilia.com\/hu\/author\/editor01\/\"}]}<\/script>\n<!-- \/ Yoast SEO plugin. -->","yoast_head_json":{"title":"12 Pasos para Ser un Ex-Diab\u00e9tico - Universo Fam\u00edlia","description":"12 Pasos para Ser un Ex-Diab\u00e9tico. La diabetes tipo 2 es una de las enfermedades cr\u00f3nicas m\u00e1s comunes en el mundo, afectando...","robots":{"index":"index","follow":"follow","max-snippet":"max-snippet:-1","max-image-preview":"max-image-preview:large","max-video-preview":"max-video-preview:-1"},"canonical":"https:\/\/universofamilia.com\/hu\/12-pasos-para-ser-un-ex-diabetico\/","og_locale":"hu_HU","og_type":"article","og_title":"12 Pasos para Ser un Ex-Diab\u00e9tico - Universo Fam\u00edlia","og_description":"12 Pasos para Ser un Ex-Diab\u00e9tico. La diabetes tipo 2 es una de las enfermedades cr\u00f3nicas m\u00e1s comunes en el mundo, afectando...","og_url":"https:\/\/universofamilia.com\/hu\/12-pasos-para-ser-un-ex-diabetico\/","og_site_name":"Universo Fam\u00edlia","article_published_time":"2025-02-08T17:30:06+00:00","article_modified_time":"2025-02-13T19:01:03+00:00","og_image":[{"width":1080,"height":1080,"url":"https:\/\/universofamilia.com\/wp-content\/uploads\/sites\/148\/2025\/02\/POST-PARA-APP-ARTIGO-3-1.jpg","type":"image\/jpeg"}],"author":"Pedro Henrique","twitter_card":"summary_large_image","twitter_misc":{"Written by":"Pedro Henrique","Est. reading time":"1 perc"},"schema":{"@context":"https:\/\/schema.org","@graph":[{"@type":"WebPage","@id":"https:\/\/universofamilia.com\/de\/12-pasos-para-ser-un-ex-diabetico\/","url":"https:\/\/universofamilia.com\/de\/12-pasos-para-ser-un-ex-diabetico\/","name":"12 Pasos para Ser un Ex-Diab\u00e9tico - Universo Fam\u00edlia","isPartOf":{"@id":"https:\/\/universofamilia.com\/el\/#website"},"primaryImageOfPage":{"@id":"https:\/\/universofamilia.com\/de\/12-pasos-para-ser-un-ex-diabetico\/#primaryimage"},"image":{"@id":"https:\/\/universofamilia.com\/de\/12-pasos-para-ser-un-ex-diabetico\/#primaryimage"},"thumbnailUrl":"https:\/\/universofamilia.com\/wp-content\/uploads\/sites\/148\/2025\/02\/POST-PARA-APP-ARTIGO-3-1.jpg","datePublished":"2025-02-08T17:30:06+00:00","dateModified":"2025-02-13T19:01:03+00:00","author":{"@id":"https:\/\/universofamilia.com\/el\/#\/schema\/person\/f07ce98187dd84d31154262e79b3b7ca"},"description":"12 Pasos para Ser un Ex-Diab\u00e9tico. La diabetes tipo 2 es una de las enfermedades cr\u00f3nicas m\u00e1s comunes en el mundo, afectando...","breadcrumb":{"@id":"https:\/\/universofamilia.com\/de\/12-pasos-para-ser-un-ex-diabetico\/#breadcrumb"},"inLanguage":"hu","potentialAction":[{"@type":"ReadAction","target":["https:\/\/universofamilia.com\/de\/12-pasos-para-ser-un-ex-diabetico\/"]}]},{"@type":"ImageObject","inLanguage":"hu","@id":"https:\/\/universofamilia.com\/de\/12-pasos-para-ser-un-ex-diabetico\/#primaryimage","url":"https:\/\/universofamilia.com\/wp-content\/uploads\/sites\/148\/2025\/02\/POST-PARA-APP-ARTIGO-3-1.jpg","contentUrl":"https:\/\/universofamilia.com\/wp-content\/uploads\/sites\/148\/2025\/02\/POST-PARA-APP-ARTIGO-3-1.jpg","width":1080,"height":1080,"caption":"12 Pasos para Ser un Ex-Diab\u00e9tico"},{"@type":"BreadcrumbList","@id":"https:\/\/universofamilia.com\/de\/12-pasos-para-ser-un-ex-diabetico\/#breadcrumb","itemListElement":[{"@type":"ListItem","position":1,"name":"Home","item":"https:\/\/universofamilia.com\/el\/"},{"@type":"ListItem","position":2,"name":"12 Pasos para Ser un Ex-Diab\u00e9tico"}]},{"@type":"WebSite","@id":"https:\/\/universofamilia.com\/el\/#website","url":"https:\/\/universofamilia.com\/el\/","name":"Universo Fam\u00edlia","description":"","potentialAction":[{"@type":"SearchAction","target":{"@type":"EntryPoint","urlTemplate":"https:\/\/universofamilia.com\/el\/?s={search_term_string}"},"query-input":"required name=search_term_string"}],"inLanguage":"hu"},{"@type":"Person","@id":"https:\/\/universofamilia.com\/el\/#\/schema\/person\/f07ce98187dd84d31154262e79b3b7ca","name":"Pedro Henrique","image":{"@type":"ImageObject","inLanguage":"hu","@id":"https:\/\/universofamilia.com\/el\/#\/schema\/person\/image\/","url":"https:\/\/secure.gravatar.com\/avatar\/9edfeb808cb4e1599f64d6e45b130154?s=96&d=mm&r=g","contentUrl":"https:\/\/secure.gravatar.com\/avatar\/9edfeb808cb4e1599f64d6e45b130154?s=96&d=mm&r=g","caption":"Pedro Henrique"},"url":"https:\/\/universofamilia.com\/hu\/author\/editor01\/"}]}},"_links":{"self":[{"href":"https:\/\/universofamilia.com\/hu\/wp-json\/wp\/v2\/posts\/8637"}],"collection":[{"href":"https:\/\/universofamilia.com\/hu\/wp-json\/wp\/v2\/posts"}],"about":[{"href":"https:\/\/universofamilia.com\/hu\/wp-json\/wp\/v2\/types\/post"}],"author":[{"embeddable":true,"href":"https:\/\/universofamilia.com\/hu\/wp-json\/wp\/v2\/users\/139"}],"replies":[{"embeddable":true,"href":"https:\/\/universofamilia.com\/hu\/wp-json\/wp\/v2\/comments?post=8637"}],"version-history":[{"count":4,"href":"https:\/\/universofamilia.com\/hu\/wp-json\/wp\/v2\/posts\/8637\/revisions"}],"predecessor-version":[{"id":8760,"href":"https:\/\/universofamilia.com\/hu\/wp-json\/wp\/v2\/posts\/8637\/revisions\/8760"}],"wp:featuredmedia":[{"embeddable":true,"href":"https:\/\/universofamilia.com\/hu\/wp-json\/wp\/v2\/media\/8638"}],"wp:attachment":[{"href":"https:\/\/universofamilia.com\/hu\/wp-json\/wp\/v2\/media?parent=8637"}],"wp:term":[{"taxonomy":"category","embeddable":true,"href":"https:\/\/universofamilia.com\/hu\/wp-json\/wp\/v2\/categories?post=8637"},{"taxonomy":"post_tag","embeddable":true,"href":"https:\/\/universofamilia.com\/hu\/wp-json\/wp\/v2\/tags?post=8637"}],"curies":[{"name":"wp","href":"https:\/\/api.w.org\/{rel}","templated":true}]}}