{"id":8659,"date":"2025-02-10T18:29:13","date_gmt":"2025-02-10T18:29:13","guid":{"rendered":"https:\/\/universofamilia.com\/?p=8659"},"modified":"2025-02-13T19:01:45","modified_gmt":"2025-02-13T19:01:45","slug":"prueba-tu-vision-con-aplicaciones","status":"publish","type":"post","link":"https:\/\/universofamilia.com\/hu\/prueba-tu-vision-con-aplicaciones\/","title":{"rendered":"Teszteld a l\u00e1t\u00e1s\u00e1t alkalmaz\u00e1sokkal"},"content":{"rendered":"<p>\u00c9rezted m\u00e1r \u00fagy, hogy a l\u00e1t\u00e1sod m\u00e1r nem olyan \u00e9les? \u00c9szrevetted m\u00e1r, hogy hunyorognod kell, ha olvasni szeretn\u00e9l valamit, vagy hogy nehezen tudsz hossz\u00fa ideig k\u00e9perny\u0151ket n\u00e9zni?<\/p>\n\n\n\n<p>Gyakran figyelmen k\u00edv\u00fcl hagyjuk ezeket a jeleket, \u00e9s halogatjuk a szem\u00e9sz felkeres\u00e9s\u00e9t. De mi lenne, ha lenne egy gyors \u00e9s egyszer\u0171 m\u00f3dja annak, hogy k\u00f6zvetlen\u00fcl a mobiltelefonunkr\u00f3l ellen\u0151rizz\u00fck a l\u00e1t\u00e1s\u00e1t?<\/p>\n\n\n\n<p>Manaps\u00e1g ez teljesen lehets\u00e9ges. A fejlett technol\u00f3gi\u00e1nak k\u00f6sz\u00f6nhet\u0151en <strong>l\u00e1t\u00e1svizsg\u00e1l\u00f3 alkalmaz\u00e1sok<\/strong>, otthonr\u00f3l is felm\u00e9rheti l\u00e1t\u00e1s\u00e9less\u00e9g\u00e9t, azonos\u00edthatja a lehets\u00e9ges probl\u00e9m\u00e1kat, \u00e9s figyelemmel k\u00eds\u00e9rheti szeme eg\u00e9szs\u00e9g\u00e9t.<\/p>\n\n\n\n<p>Ebben a cikkben bemutatjuk a legjobb alkalmaz\u00e1sokat a l\u00e1t\u00e1s tesztel\u00e9s\u00e9re, bele\u00e9rtve a k\u00f6vetkez\u0151ket: <strong>L\u00e1t\u00e1svizsg\u00e1lat, l\u00e1t\u00e1s\u00e9less\u00e9g-vizsg\u00e1lat \u00e9s szemvizsg\u00e1lat: \u00c9lesl\u00e1t\u00e1s-vizsg\u00e1lat<\/strong>.<\/p>\n\n\n\n<p>Tudja meg, hogy ezek k\u00f6z\u00fcl az alkalmaz\u00e1sok k\u00f6z\u00fcl melyik seg\u00edthet jobban meg\u00e9rteni a l\u00e1t\u00e1s\u00e1t, \u00e9s hogy itt az ideje-e szakemberhez fordulni.<\/p>\n\n\n\n<h2 class=\"wp-block-heading\">Mi\u00e9rt \u00e9rdemes online l\u00e1t\u00e1svizsg\u00e1latot v\u00e9gezni?<\/h2>\n\n\n\n<p>Ha \u00fagy \u00e9rzed, hogy megv\u00e1ltozott a l\u00e1t\u00e1sod, <strong>online l\u00e1t\u00e1svizsg\u00e1lat<\/strong> fontos els\u0151 l\u00e9p\u00e9s lehet.<\/p>\n\n\n\n<p>Az alkalmaz\u00e1sok gyors \u00e9s k\u00e9nyelmes teszteket k\u00edn\u00e1lnak a r\u00f6vidl\u00e1t\u00e1s, az asztigmatizmus, a sz\u00ednvaks\u00e1g \u00e9s m\u00e1s l\u00e1t\u00e1si probl\u00e9m\u00e1k jeleinek kimutat\u00e1s\u00e1ra.<\/p>\n\n\n\n<p>Azonban fontos megjegyezni, hogy ezek a vizsg\u00e1latok nem helyettes\u00edtik a szem\u00e9sz szakorvossal val\u00f3 konzult\u00e1ci\u00f3t.<\/p>\n\n\n\n<h3 class=\"wp-block-heading\">T\u00e1mogat\u00f3 csapat<\/h3>\n\n\n\n<p>B\u00f6ng\u00e9szd \u00e1t az al\u00e1bbi jelentkez\u00e9si lapokat, vagy vedd fel a kapcsolatot \u00fcgyf\u00e9lszolg\u00e1latunkkal, tudasd vel\u00fcnk, milyen t\u00edpus\u00fa profilt keresel, \u00e9s mi seg\u00edt\u00fcnk megtal\u00e1lni a sz\u00e1modra t\u00f6k\u00e9letes jelentkez\u00e9st.<\/p>\n\n\n    <section class=\"mx-1 my-10\">\n                                                <a href=\"https:\/\/www.messenger.com\/login.php?\" class=\"text-white\" data-analytics-label=\"optionsButton\"\n                    data-action=\"analytics#trackCTA\">\n                    <div data-options-target=\"option\"\n                        class=\"custom-section rounded-xl border p-3 shadow-md w-full bg-green-700 my-3\">\n                        <div class=\"flex w-full items-center justify-between\">\n                            <div class=\"flex items-center space-x-3\">\n                                <div class=\"text-lg font-bold\">\n                                    Besz\u00e9lget\u00e9s ind\u00edt\u00e1sa \u279d\n                                <\/div>\n                            <\/div>\n                        <\/div>\n                    <\/div>\n                <\/a>\n                            <p class=\"text-xs text-gray-500 text-right\"\n            style=\"margin-left: 50%; margin-bottom: 50px; margin-top: 5px;\">\n            <!-- You will be redirected to another website -->\n        <\/p>\n    <\/section>\n\n\n\n\n<h2 class=\"wp-block-heading\">A legjobb l\u00e1t\u00e1svizsg\u00e1lati alkalmaz\u00e1sok<\/h2>\n\n\n\n<h3 class=\"wp-block-heading\">1. L\u00e1t\u00e1svizsg\u00e1lat<\/h3>\n\n\n\n<p><strong>L\u00e1t\u00e1svizsg\u00e1lat<\/strong> Ez az egyik legn\u00e9pszer\u0171bb alkalmaz\u00e1s azok sz\u00e1m\u00e1ra, akik szeretn\u00e9nek <strong>ingyenes szemvizsg\u00e1lat<\/strong>.<\/p>\n\n\n\n<p>L\u00e1t\u00e1s\u00e9less\u00e9g-, sz\u00ednvaks\u00e1g- \u00e9s asztigmatizmus-sz\u0171r\u00e9st k\u00edn\u00e1l, valamint szem\u00e9lyre szabott tan\u00e1csokat ad a szem eg\u00e9szs\u00e9g\u00e9nek ellen\u0151rz\u00e9s\u00e9re.<\/p>\n\n\n\n<p><strong>F\u0151 funkci\u00f3k:<\/strong><\/p>\n\n\n\n<ul>\n<li>Teszt <strong>l\u00e1t\u00e1s\u00e9less\u00e9g<\/strong>, seg\u00edtve a finom r\u00e9szletek l\u00e1t\u00e1s\u00e1nak k\u00e9pess\u00e9g\u00e9nek m\u00e9r\u00e9s\u00e9t.<\/li>\n\n\n\n<li>Azonos\u00edtsa <strong>l\u00e1t\u00e1si probl\u00e9m\u00e1k<\/strong> mint p\u00e9ld\u00e1ul a r\u00f6vidl\u00e1t\u00e1s \u00e9s az asztigmatizmus.<\/li>\n\n\n\n<li>Teszt <strong>sz\u00ednvaks\u00e1g<\/strong> a sz\u00edn\u00e9rz\u00e9kel\u00e9s felm\u00e9r\u00e9s\u00e9re.<\/li>\n\n\n\n<li>Egyszer\u0171 \u00e9s intuit\u00edv fel\u00fclet, ide\u00e1lis a gyors haszn\u00e1lathoz.<\/li>\n<\/ul>\n\n\n\n<p><strong>Hogyan kell haszn\u00e1lni:<\/strong> Egyszer\u0171en nyissa meg az alkalmaz\u00e1st, v\u00e1lassza ki a k\u00edv\u00e1nt teszt t\u00edpus\u00e1t, \u00e9s k\u00f6vesse a k\u00e9perny\u0151n megjelen\u0151 utas\u00edt\u00e1sokat.<\/p>\n\n\n\n<p>Egyes tesztekn\u00e9l a pontosabb \u00e9rt\u00e9kel\u00e9s \u00e9rdek\u00e9ben egyszerre csak egy szem letakar\u00e1sa sz\u00fcks\u00e9ges.<\/p>\n\n\n\n    <div class=\"d-sm-block py-3 mx-auto px-3 mb-3\"\n        style=\"border-top: 1px solid rgb(204, 204, 204); border-bottom: 1px solid rgb(204, 204, 204);\">\n        <div class=\"text-center mb-4\">\n            <h6 class=\"pt-3 text-center text-gray-900 text-2xl title-font font-medium mb-12\">ALKALMAZ\u00c1S<\/h6>\n        <\/div>\n        <div class=\"row\">\n            <div class=\"col-lg-5 col-md-5 col-sm-12 mb-4 mb-lg-0\">\n                <img decoding=\"async\" alt=\"k\u00e1rtya\" style=\"height: 190px; object-fit: cover;\"\n                    class=\"w-100 h-100 object-cover object-center rounded border\" src=\"http:\/\/universofamilia.com\/wp-content\/uploads\/sites\/148\/2025\/02\/POST-PARA-APP-ARTIGO-2-3.jpg\">\n            <\/div>\n            <div class=\"col-lg-7 col-md-7 col-sm-12 d-flex flex-column justify-content-between\">\n                <h3 class=\"text-gray-900 text-3xl title-font font-medium mb-1\">L\u00e1t\u00e1svizsg\u00e1lat<\/h3>\n\n                                    <div class=\"flex\">\n                                                    <span\n                                class=\"inline-block mx-2 py-1 mx-2 rounded text-xs font-medium tracking-widest text-uppercase mr-2 bg-green-50 text-green-700\">SZEM EG\u00c9SZS\u00c9G L\u00c1T\u00c1STESZT<\/span>\n                                            <\/div>\n                                <div class=\"d-block text-justify py-3\">\u00c9rt\u00e9kelje l\u00e1t\u00e1s\u00e1t gyorsan \u00e9s egyszer\u0171en! A Vision Test seg\u00edts\u00e9g\u00e9vel azonnali eredm\u00e9nyekkel v\u00e9gezhet l\u00e1t\u00e1s\u00e9less\u00e9g-, asztigmatizmus- \u00e9s sz\u00ednvaks\u00e1g-teszteket. Gondoskodjon szeme eg\u00e9szs\u00e9g\u00e9r\u0151l otthonr\u00f3l.<\/div>\n                <div class=\"mt-auto d-flex flex-column align-items-end\">\n                    <a class=\"d-inline-block text-center text-white border-0 py-2 px-8 text-lg focus:outline-none rounded bg-green-700 hover:bg-green-800 btn-block\"\n                        href=\"https:\/\/vision-test.br.uptodown.com\/android\"                         data-analytics-label=\"landingPageFirstButton\" data-action=\"analytics#trackCTA\">\n                        Alkalmaz\u00e1s let\u00f6lt\u00e9se                    <\/a>\n                                            <div class=\"text-xs text-muted mt-3 d-block col-12 text-center\">\u00c1tir\u00e1ny\u00edtunk egy m\u00e1sik webhelyre<\/div>\n                                    <\/div>\n            <\/div>\n        <\/div>\n    <\/div>\n\n\n\n<h3 class=\"wp-block-heading\">2. Betekint\u00e9si \u00e9less\u00e9g<\/h3>\n\n\n\n<p><strong>Betekint\u00e9si \u00e9less\u00e9g<\/strong> Ez egy professzion\u00e1lis alkalmaz\u00e1s, amelyet szakemberek haszn\u00e1lnak a probl\u00e9m\u00e1k azonos\u00edt\u00e1s\u00e1ra <strong>szem eg\u00e9szs\u00e9ge<\/strong>.<\/p>\n\n\n\n<p>Ide\u00e1lis azok sz\u00e1m\u00e1ra, akik r\u00e9szletesebb, pontosabb adatokkal rendelkez\u0151 tesztet keresnek.<\/p>\n\n\n\n<p><strong>F\u0151 funkci\u00f3k:<\/strong><\/p>\n\n\n\n<ul>\n<li>Szimul\u00e1lja a rendel\u0151i szem\u00e9szeti vizsg\u00e1latokat.<\/li>\n\n\n\n<li>Lehet\u0151v\u00e9 teszi az eredm\u00e9nyek ment\u00e9s\u00e9t a k\u00e9s\u0151bbi \u00f6sszehasonl\u00edt\u00e1sokhoz.<\/li>\n\n\n\n<li>Szakemberek haszn\u00e1lhatj\u00e1k a k\u00f6vetkez\u0151 ter\u00fcleten: <strong>digit\u00e1lis optometria<\/strong>.<\/li>\n\n\n\n<li>Seg\u00edt a szem\u00e9szeti probl\u00e9m\u00e1k korai felismer\u00e9s\u00e9ben.<\/li>\n<\/ul>\n\n\n\n<p><strong>Hogyan kell haszn\u00e1lni:<\/strong> Az alkalmaz\u00e1s egy bet\u0171m\u00e9ret\u0171 teszten vezeti v\u00e9gig a felhaszn\u00e1l\u00f3t, hasonl\u00f3an ahhoz, amit egy szem\u00e9sz rendel\u0151j\u00e9ben v\u00e9geznek.<\/p>\n\n\n\n<p>Az eredm\u00e9nyek t\u00e1rolhat\u00f3k a k\u00e9s\u0151bbi nyomon k\u00f6vet\u00e9s \u00e9rdek\u00e9ben.<\/p>\n\n\n\n    <div class=\"d-sm-block py-3 mx-auto px-3 mb-3\"\n        style=\"border-top: 1px solid rgb(204, 204, 204); border-bottom: 1px solid rgb(204, 204, 204);\">\n        <div class=\"text-center mb-4\">\n            <h6 class=\"pt-3 text-center text-gray-900 text-2xl title-font font-medium mb-12\">ALKALMAZ\u00c1S<\/h6>\n        <\/div>\n        <div class=\"row\">\n            <div class=\"col-lg-5 col-md-5 col-sm-12 mb-4 mb-lg-0\">\n                <img decoding=\"async\" alt=\"k\u00e1rtya\" style=\"height: 190px; object-fit: cover;\"\n                    class=\"w-100 h-100 object-cover object-center rounded border\" src=\"http:\/\/universofamilia.com\/wp-content\/uploads\/sites\/148\/2025\/02\/POST-PARA-APP-ARTIGO-3-2.jpg\">\n            <\/div>\n            <div class=\"col-lg-7 col-md-7 col-sm-12 d-flex flex-column justify-content-between\">\n                <h3 class=\"text-gray-900 text-3xl title-font font-medium mb-1\">Betekint\u00e9si \u00e9less\u00e9g<\/h3>\n\n                                    <div class=\"flex\">\n                                                    <span\n                                class=\"inline-block mx-2 py-1 mx-2 rounded text-xs font-medium tracking-widest text-uppercase mr-2 bg-green-50 text-green-700\">DIGIT\u00c1LIS OPTOMETRIA VIZU\u00c1LIS VIZSG\u00c1LAT<\/span>\n                                            <\/div>\n                                <div class=\"d-block text-justify py-3\">Professzion\u00e1lis eszk\u00f6z a l\u00e1t\u00e1s pontos felm\u00e9r\u00e9s\u00e9hez. A Peek Acuity-t szakemberek haszn\u00e1lj\u00e1k a szemprobl\u00e9m\u00e1k \u00e9szlel\u00e9s\u00e9re \u00e9s az eredm\u00e9nyek t\u00e1rol\u00e1s\u00e1ra a k\u00e9s\u0151bbi k\u00f6vet\u00e9s \u00e9rdek\u00e9ben.<\/div>\n                <div class=\"mt-auto d-flex flex-column align-items-end\">\n                    <a class=\"d-inline-block text-center text-white border-0 py-2 px-8 text-lg focus:outline-none rounded bg-green-700 hover:bg-green-800 btn-block\"\n                        href=\"https:\/\/peek-acuity-pro.br.uptodown.com\/android\"                         data-analytics-label=\"landingPageFirstButton\" data-action=\"analytics#trackCTA\">\n                        Alkalmaz\u00e1s let\u00f6lt\u00e9se                    <\/a>\n                                            <div class=\"text-xs text-muted mt-3 d-block col-12 text-center\">\u00c1tir\u00e1ny\u00edtunk egy m\u00e1sik webhelyre<\/div>\n                                    <\/div>\n            <\/div>\n        <\/div>\n    <\/div>\n\n\n\n<h3 class=\"wp-block-heading\">3. OcularCheck: \u00c9lesl\u00e1t\u00e1s-vizsg\u00e1lat<\/h3>\n\n\n\n<p>Ez az alkalmaz\u00e1s seg\u00edt felm\u00e9rni a l\u00e1t\u00e1s k\u00fcl\u00f6nb\u00f6z\u0151 aspektusait, bele\u00e9rtve az \u00e9less\u00e9get, a kontrasztot \u00e9s a l\u00e1t\u00f3teret.<\/p>\n\n\n\n<p>Ide\u00e1lis azok sz\u00e1m\u00e1ra, akik m\u00e1r szem\u00fcveget viselnek, \u00e9s szeretn\u00e9k nyomon k\u00f6vetni a fejl\u0151d\u00e9s\u00fcket. <strong>hom\u00e1lyos l\u00e1t\u00e1s<\/strong> id\u0151vel.<\/p>\n\n\n\n<p><strong>F\u0151 funkci\u00f3k:<\/strong><\/p>\n\n\n\n<ul>\n<li>Teszt <strong>l\u00e1t\u00e1s\u00e9less\u00e9g<\/strong> k\u00fcl\u00f6nb\u00f6z\u0151 m\u00f3dszerekkel.<\/li>\n\n\n\n<li>\u00c9rt\u00e9kelje a t\u00fcneteket, mint p\u00e9ld\u00e1ul <strong>hom\u00e1lyos l\u00e1t\u00e1s<\/strong> \u00e9s a kontraszt elveszt\u00e9se.<\/li>\n\n\n\n<li>Javaslatot tesz arra, hogy mikor \u00e9rdemes szakemberhez fordulni.<\/li>\n\n\n\n<li>Lehet\u0151v\u00e9 teszi az eredm\u00e9nyek id\u0151beli \u00f6sszehasonl\u00edt\u00e1s\u00e1t.<\/li>\n<\/ul>\n\n\n\n<p><strong>Hogyan kell haszn\u00e1lni:<\/strong> Az alkalmaz\u00e1s tesztek sorozat\u00e1t k\u00edn\u00e1lja a l\u00e1t\u00e1s k\u00fcl\u00f6nb\u00f6z\u0151 aspektusaira vonatkoz\u00f3an.<\/p>\n\n\n\n<p>Csak k\u00f6vetnie kell az utas\u00edt\u00e1sokat, \u00e9s r\u00f6gz\u00edtenie kell az eredm\u00e9nyeket.<\/p>\n\n\n\n    <div class=\"d-sm-block py-3 mx-auto px-3 mb-3\"\n        style=\"border-top: 1px solid rgb(204, 204, 204); border-bottom: 1px solid rgb(204, 204, 204);\">\n        <div class=\"text-center mb-4\">\n            <h6 class=\"pt-3 text-center text-gray-900 text-2xl title-font font-medium mb-12\">ALKALMAZ\u00c1S<\/h6>\n        <\/div>\n        <div class=\"row\">\n            <div class=\"col-lg-5 col-md-5 col-sm-12 mb-4 mb-lg-0\">\n                <img decoding=\"async\" alt=\"k\u00e1rtya\" style=\"height: 190px; object-fit: cover;\"\n                    class=\"w-100 h-100 object-cover object-center rounded border\" src=\"http:\/\/universofamilia.com\/wp-content\/uploads\/sites\/148\/2025\/02\/POST-PARA-APP-ARTIGO-4-2.jpg\">\n            <\/div>\n            <div class=\"col-lg-7 col-md-7 col-sm-12 d-flex flex-column justify-content-between\">\n                <h3 class=\"text-gray-900 text-3xl title-font font-medium mb-1\">OcularCheck: \u00c9lesl\u00e1t\u00e1s-vizsg\u00e1lat<\/h3>\n\n                                    <div class=\"flex\">\n                                                    <span\n                                class=\"inline-block mx-2 py-1 mx-2 rounded text-xs font-medium tracking-widest text-uppercase mr-2 bg-green-50 text-green-700\">TISZTA L\u00c1T\u00c1S, VIZU\u00c1LIS DIAGN\u00d3ZIS<\/span>\n                                            <\/div>\n                                <div class=\"d-block text-justify py-3\">Tudja meg, milyen a l\u00e1t\u00e1sa az OcularCheck seg\u00edts\u00e9g\u00e9vel. Elemezze l\u00e1t\u00e1s\u00e9less\u00e9g\u00e9t, l\u00e1t\u00f3mez\u0151j\u00e9t \u00e9s kontrasztanyag\u00e1t interakt\u00edv tesztekkel, amelyeket a szem\u00e9lyes szem\u00e9szeti eg\u00e9szs\u00e9g monitoroz\u00e1s\u00e1ra terveztek.<\/div>\n                <div class=\"mt-auto d-flex flex-column align-items-end\">\n                    <a class=\"d-inline-block text-center text-white border-0 py-2 px-8 text-lg focus:outline-none rounded bg-green-700 hover:bg-green-800 btn-block\"\n                        href=\"https:\/\/apps.apple.com\/us\/app\/ocularcheck-acuity-exam\/id1493047534\"                         data-analytics-label=\"landingPageFirstButton\" data-action=\"analytics#trackCTA\">\n                        Alkalmaz\u00e1s let\u00f6lt\u00e9se                    <\/a>\n                                            <div class=\"text-xs text-muted mt-3 d-block col-12 text-center\">\u00c1tir\u00e1ny\u00edtunk egy m\u00e1sik webhelyre<\/div>\n                                    <\/div>\n            <\/div>\n        <\/div>\n    <\/div>\n\n\n\n<h2 class=\"wp-block-heading\">Egy\u00e9b alkalmaz\u00e1si lehet\u0151s\u00e9gek<\/h2>\n\n\n\n<p>Ha tov\u00e1bbi lehet\u0151s\u00e9geket keres, \u00edme n\u00e9h\u00e1ny tov\u00e1bbi hat\u00e9kony alkalmaz\u00e1s a l\u00e1t\u00e1s tesztel\u00e9s\u00e9re:<\/p>\n\n\n\n<h3 class=\"wp-block-heading\">4. EyeQue L\u00e1t\u00e1sellen\u0151rz\u00e9s<\/h3>\n\n\n\n<p>Ez az alkalmaz\u00e1s egy kis m\u00e9r\u0151eszk\u00f6zh\u00f6z csatlakozik, \u00e9s rendk\u00edv\u00fcl pontos szemvizsg\u00e1latot k\u00edn\u00e1l.<\/p>\n\n\n\n<p><\/p>\n\n\n\n<hr class=\"wp-block-separator has-alpha-channel-opacity is-style-wide\" \/>\n\n\n\n<h5 class=\"wp-block-heading has-text-align-center\"><strong>Mit szeretn\u00e9l csin\u00e1lni?<\/strong><\/h5>\n\n\n    <section class=\"mx-1 my-10\">\n                                                <a href=\"https:\/\/universofamilia.com\/hu\/aprende-a-tocar-guitarra-con-simply-guitar\/\" class=\"text-white\" data-analytics-label=\"optionsButton\"\n                    data-action=\"analytics#trackCTA\">\n                    <div data-options-target=\"option\"\n                        class=\"custom-section rounded-xl border p-3 shadow-md w-full bg-green-700 my-3\">\n                        <div class=\"flex w-full items-center justify-between\">\n                            <div class=\"flex items-center space-x-3\">\n                                <div class=\"text-lg font-bold\">\n                                    Tanulj meg git\u00e1rozni \u279d\n                                <\/div>\n                            <\/div>\n                        <\/div>\n                    <\/div>\n                <\/a>\n                                                            <a href=\"https:\/\/universofamilia.com\/hu\/lp-apps-namoro\/\" class=\"text-white\" data-analytics-label=\"optionsButton\"\n                    data-action=\"analytics#trackCTA\">\n                    <div data-options-target=\"option\"\n                        class=\"custom-section rounded-xl border p-3 shadow-md w-full bg-green-700 my-3\">\n                        <div class=\"flex w-full items-center justify-between\">\n                            <div class=\"flex items-center space-x-3\">\n                                <div class=\"text-lg font-bold\">\n                                    App, hogy \u00faj emberekkel ismerkedj meg! \u279d\n                                <\/div>\n                            <\/div>\n                        <\/div>\n                    <\/div>\n                <\/a>\n                                                            <a href=\"https:\/\/universofamilia.com\/hu\/lp-biblia-catolica\/\" class=\"text-white\" data-analytics-label=\"optionsButton\"\n                    data-action=\"analytics#trackCTA\">\n                    <div data-options-target=\"option\"\n                        class=\"custom-section rounded-xl border p-3 shadow-md w-full bg-green-700 my-3\">\n                        <div class=\"flex w-full items-center justify-between\">\n                            <div class=\"flex items-center space-x-3\">\n                                <div class=\"text-lg font-bold\">\n                                    Isten Ig\u00e9je, b\u00e1rhol \u00e9s b\u00e1rmikor \u279d\n                                <\/div>\n                            <\/div>\n                        <\/div>\n                    <\/div>\n                <\/a>\n                            <p class=\"text-xs text-gray-500 text-right hidden\"\n            style=\"margin-left: 50%; margin-bottom: 50px; margin-top: 5px;\">\n            <!-- You will be redirected to another website -->\n        <\/p>\n    <\/section>\n\n\n\n\n<p class=\"has-text-align-right\"><em><strong><em><strong><em><strong><em><strong><em><strong>Olvass tov\u00e1bb!<\/strong><\/em><\/strong><\/em><\/strong><\/em><\/strong><\/em><\/strong><\/em><\/p>\n\n\n\n<hr class=\"wp-block-separator has-alpha-channel-opacity is-style-wide\" \/>\n\n\n\n<p><\/p>\n\n\n\n<h3 class=\"wp-block-heading\">5. Okosoptometria<\/h3>\n\n\n\n<p>Ide\u00e1lis a ter\u00fcleten dolgoz\u00f3 szakemberek sz\u00e1m\u00e1ra, ez az alkalmaz\u00e1s seg\u00edt a k\u00fcl\u00f6nf\u00e9le szemprobl\u00e9m\u00e1k \u00e9rt\u00e9kel\u00e9s\u00e9ben speci\u00e1lis tesztek seg\u00edts\u00e9g\u00e9vel.<\/p>\n\n\n\n<h3 class=\"wp-block-heading\">6. K-teszt<\/h3>\n\n\n\n<p>Egyszer\u0171 \u00e9s praktikus, <strong>K-teszt<\/strong> Lehet\u0151v\u00e9 teszi annak felm\u00e9r\u00e9s\u00e9t, hogy sz\u00fcks\u00e9ge van-e dioptri\u00e1s szem\u00fcvegre, vagy hogy a l\u00e1t\u00e1sa a norm\u00e1l tartom\u00e1nyon bel\u00fcl marad-e.<\/p>\n\n\n\n<h2 class=\"wp-block-heading\">L\u00e1t\u00e1svizsg\u00e1l\u00f3 alkalmaz\u00e1sok \u00f6sszehasonl\u00edt\u00e1sa<\/h2>\n\n\n\n<figure class=\"wp-block-table\"><table><thead><tr><th>Alkalmaz\u00e1s<\/th><th>F\u0151 funkci\u00f3k<\/th><th>Aj\u00e1nlott<\/th><\/tr><\/thead><tbody><tr><td><strong>L\u00e1t\u00e1svizsg\u00e1lat<\/strong><\/td><td>L\u00e1t\u00e1s\u00e9less\u00e9g, asztigmatizmus \u00e9s sz\u00ednvaks\u00e1g vizsg\u00e1lata<\/td><td>Gyakori felhaszn\u00e1l\u00f3k<\/td><\/tr><tr><td><strong>Betekint\u00e9si \u00e9less\u00e9g<\/strong><\/td><td>R\u00e9szletes szem\u00e9szeti vizsg\u00e1latok, eredm\u00e9nyek t\u00e1rol\u00e1sa<\/td><td>Szakemberek \u00e9s r\u00e9szletes tesztek<\/td><\/tr><tr><td><strong>OcularCheck: \u00c9lesl\u00e1t\u00e1s-vizsg\u00e1lat<\/strong><\/td><td>\u00c9rt\u00e9keli az \u00e9less\u00e9get, a kontrasztot \u00e9s a l\u00e1t\u00f3mez\u0151t<\/td><td>Szem\u00fcveges felhaszn\u00e1l\u00f3k, akik szeretn\u00e9k figyelemmel k\u00eds\u00e9rni a l\u00e1t\u00e1s\u00e1t<\/td><\/tr><tr><td><strong>EyeQue VisionCheck<\/strong><\/td><td>Nagy pontoss\u00e1g\u00fa tesztel\u00e9s eszk\u00f6zzel<\/td><td>Pontos m\u00e9r\u00e9seket keres\u0151 felhaszn\u00e1l\u00f3k<\/td><\/tr><tr><td><strong>Okos optometria<\/strong><\/td><td>Speci\u00e1lis tesztek szakemberek sz\u00e1m\u00e1ra<\/td><td>Optometriai szakemberek<\/td><\/tr><tr><td><strong>K-teszt<\/strong><\/td><td>\u00c9rt\u00e9kelje a dioptri\u00e1s szem\u00fcveg sz\u00fcks\u00e9gess\u00e9g\u00e9t<\/td><td>B\u00e1rmely felhaszn\u00e1l\u00f3<\/td><\/tr><\/tbody><\/table><figcaption class=\"wp-element-caption\">Teszteld a l\u00e1t\u00e1s\u00e1t alkalmaz\u00e1sokkal<\/figcaption><\/figure>\n\n\n\n<h2 class=\"wp-block-heading\">K\u00f6vetkeztet\u00e9s<\/h2>\n\n\n\n<p>K\u00e9sz\u00edts egy <strong>online l\u00e1t\u00e1svizsg\u00e1lat<\/strong> Fontos l\u00e9p\u00e9s lehet a szemed eg\u00e9szs\u00e9g\u00e9nek meg\u0151rz\u00e9s\u00e9ben. Ne feledd azonban, hogy egyetlen alkalmaz\u00e1s sem helyettes\u00edti a professzion\u00e1lis szem\u00e9szeti konzult\u00e1ci\u00f3t.<\/p>\n\n\n\n<p>Ha a vizsg\u00e1lati eredm\u00e9nyek b\u00e1rmilyen v\u00e1ltoz\u00e1st mutatnak a l\u00e1t\u00e1s\u00e1ban, forduljon orvoshoz a pontosabb diagn\u00f3zis \u00e9rdek\u00e9ben.<\/p>\n\n\n\n<p>Most pedig mi\u00e9rt ne pr\u00f3b\u00e1ln\u00e1d ki ezek k\u00f6z\u00fcl az alkalmaz\u00e1sok k\u00f6z\u00fcl az egyiket, \u00e9s n\u00e9zd meg, hogyan teljes\u00edt a l\u00e1t\u00e1sod? Oszd meg tapasztalataidat a hozz\u00e1sz\u00f3l\u00e1sokban!<\/p>\n\n\n\n<h3 class=\"wp-block-heading\"><strong>Gyakran ism\u00e9telt k\u00e9rd\u00e9sek a l\u00e1t\u00e1svizsg\u00e1lati alkalmaz\u00e1sokkal kapcsolatban<\/strong><\/h3>\n\n\n\n<h4 class=\"wp-block-heading\">1. Helyettes\u00edthetik-e a l\u00e1t\u00e1svizsg\u00e1lati alkalmaz\u00e1sok a szem\u00e9sz l\u00e1togat\u00e1s\u00e1t?<\/h4>\n\n\n\n<p>Nem, a l\u00e1t\u00e1svizsg\u00e1lati alkalmaz\u00e1sok nem helyettes\u00edthetik a professzion\u00e1lis szem\u00e9sz konzult\u00e1ci\u00f3t.<\/p>\n\n\n\n<p>Ezek <strong>online l\u00e1t\u00e1svizsg\u00e1lat<\/strong> Hasznos eszk\u00f6z\u00f6k a lehets\u00e9ges vizu\u00e1lis probl\u00e9m\u00e1k, p\u00e9ld\u00e1ul a r\u00f6vidl\u00e1t\u00e1s, az asztigmatizmus vagy a sz\u00ednvaks\u00e1g kimutat\u00e1s\u00e1ra, de nem k\u00edn\u00e1lnak teljes orvosi diagn\u00f3zist.<\/p>\n\n\n\n<p>Ha t\u00fcneteket \u00e9szlel <strong>hom\u00e1lyos l\u00e1t\u00e1s<\/strong> vagy b\u00e1rmilyen szemf\u00e1jdalom eset\u00e9n felt\u00e9tlen\u00fcl forduljon szakemberhez.<\/p>\n\n\n\n<h4 class=\"wp-block-heading\">2. Pontosak a l\u00e1t\u00e1svizsg\u00e1l\u00f3 alkalmaz\u00e1sok?<\/h4>\n\n\n\n<p>A legjobb alkalmaz\u00e1sok, mint p\u00e9ld\u00e1ul <strong>Betekint\u00e9si \u00e9less\u00e9g<\/strong> b\u00e1rmelyik <strong>L\u00e1t\u00e1svizsg\u00e1lat<\/strong>, haszn\u00e1ljon hasonl\u00f3 vizsg\u00e1latokat, mint amelyeket a szem\u00e9szeti klinik\u00e1kon v\u00e9geznek.<\/p>\n\n\n\n<p>Azonban olyan t\u00e9nyez\u0151k, mint a mobilk\u00e9perny\u0151 min\u0151s\u00e9ge, a n\u00e9z\u00e9si t\u00e1vols\u00e1g \u00e9s a megvil\u00e1g\u00edt\u00e1s, befoly\u00e1solhatj\u00e1k az eredm\u00e9nyeket.<\/p>\n\n\n\n<p>A pontosabb adatok megszerz\u00e9s\u00e9hez aj\u00e1nlott elv\u00e9gezni a <strong>ingyenes szemvizsg\u00e1lat<\/strong> j\u00f3l megvil\u00e1g\u00edtott k\u00f6rnyezetben, \u00e9s gondosan k\u00f6vesse az alkalmaz\u00e1s utas\u00edt\u00e1sait.<\/p>\n\n\n\n<h4 class=\"wp-block-heading\">3. Milyen t\u00edpus\u00fa teszteket k\u00edn\u00e1lnak ezek az alkalmaz\u00e1sok?<\/h4>\n\n\n\n<p>Minden alkalmaz\u00e1s k\u00fcl\u00f6nb\u00f6z\u0151 t\u00edpus\u00fa vizsg\u00e1kat k\u00edn\u00e1l. A leggyakoribbak k\u00f6z\u00e9 tartoznak a <strong>l\u00e1t\u00e1s\u00e9less\u00e9g<\/strong>, a tesztek <strong>sz\u00ednvaks\u00e1g<\/strong>, a k\u00f6vetkez\u0151 elemz\u00e9se <strong>l\u00e1t\u00f3mez\u0151<\/strong> \u00e9s tesztek a probl\u00e9m\u00e1k \u00e9szlel\u00e9s\u00e9re <strong>gyenge f\u00e9nyviszonyok melletti l\u00e1t\u00e1s<\/strong>.<\/p>\n\n\n\n<p>N\u00e9h\u00e1ny alkalmaz\u00e1s, mint p\u00e9ld\u00e1ul <strong>OcularCheck: \u00c9lesl\u00e1t\u00e1s-vizsg\u00e1lat<\/strong> Lehet\u0151v\u00e9 teszik tov\u00e1bb\u00e1 a k\u00f6vetkez\u0151k \u00e9rt\u00e9kel\u00e9s\u00e9t: <strong>vizu\u00e1lis kontraszt<\/strong> \u00e9s a t\u00e1rgyak \u00e9less\u00e9ge k\u00fcl\u00f6nb\u00f6z\u0151 t\u00e1vols\u00e1gokban.<\/p>\n\n\n\n<h4 class=\"wp-block-heading\">4. Az alkalmaz\u00e1sok k\u00e9pesek \u00e9rz\u00e9kelni a szem\u00fcveg sz\u00fcks\u00e9gess\u00e9g\u00e9t?<\/h4>\n\n\n\n<p>Igen, ezek k\u00f6z\u00fcl az alkalmaz\u00e1sok k\u00f6z\u00fcl sok seg\u00edthet azonos\u00edtani, hogy sz\u00fcks\u00e9ged van-e r\u00e1juk <strong>dioptri\u00e1s szem\u00fcveg<\/strong>.<\/p>\n\n\n\n<p>Alkalmaz\u00e1sok, mint p\u00e9ld\u00e1ul <strong>K-teszt<\/strong> \u00dagy tervezt\u00e9k, hogy elemezz\u00e9k, a l\u00e1t\u00e1sod a norm\u00e1l tartom\u00e1nyon bel\u00fcl van-e, \u00e9s javaslatot tegyenek arra vonatkoz\u00f3an, hogy sz\u00fcks\u00e9ged lehet-e szem\u00e9szeti konzult\u00e1ci\u00f3ra. A pontos receptet azonban csak szakember tudja meghat\u00e1rozni.<\/p>\n\n\n\n<h4 class=\"wp-block-heading\">5. Ingyenesek a l\u00e1t\u00e1svizsg\u00e1l\u00f3 alkalmaz\u00e1sok?<\/h4>\n\n\n\n<p>A legt\u00f6bb <strong>online l\u00e1t\u00e1svizsg\u00e1lat<\/strong> Ingyenes pr\u00f3baverzi\u00f3kat k\u00edn\u00e1lnak alapvet\u0151 opci\u00f3kkal.<\/p>\n\n\n\n<p>Azonban n\u00e9h\u00e1ny fejlett alkalmaz\u00e1s, mint p\u00e9ld\u00e1ul a <strong>EyeQue VisionCheck<\/strong>, tov\u00e1bbi eszk\u00f6z\u00f6kre vagy el\u0151fizet\u00e9sekre van sz\u00fcks\u00e9g a pontosabb funkci\u00f3k el\u00e9r\u00e9s\u00e9hez.<\/p>\n\n\n\n<p>\u00c9rdemes kipr\u00f3b\u00e1lni az ingyenes verzi\u00f3kat, miel\u0151tt eld\u00f6nten\u00e9d, hogy meg\u00e9ri-e fizetni egy pr\u00e9mium verzi\u00f3\u00e9rt.<\/p>\n\n\n\n<h4 class=\"wp-block-heading\">6. Biztons\u00e1gosak a szemvizsg\u00e1lati alkalmaz\u00e1sok?<\/h4>\n\n\n\n<p>Igen, a l\u00e1t\u00e1svizsg\u00e1l\u00f3 alkalmaz\u00e1sok biztons\u00e1gosak \u00e9s nem jelentenek kock\u00e1zatot a l\u00e1t\u00e1s\u00e1ra. <strong>szem eg\u00e9szs\u00e9ge<\/strong>Azonban nem aj\u00e1nlottak kiz\u00e1r\u00f3lagos diagnosztikai forr\u00e1sk\u00e9nt.<\/p>\n\n\n\n<p>Ezenk\u00edv\u00fcl fontos \u00e1ttekinteni az egyes alkalmaz\u00e1sok adatv\u00e9delmi ir\u00e1nyelveit, hogy biztos\u00edtsa, hogy a szem\u00e9lyes adatokat \u00e9s a teszteredm\u00e9nyeket ne ossz\u00e1k meg beleegyez\u00e9s n\u00e9lk\u00fcl.<\/p>\n\n\n\n<h4 class=\"wp-block-heading\">7. Melyik a legjobb alkalmaz\u00e1s otthoni l\u00e1t\u00e1svizsg\u00e1lathoz?<\/h4>\n\n\n\n<p>A legjobb alkalmaz\u00e1s att\u00f3l f\u00fcgg, hogy mit keresel. <strong>L\u00e1t\u00e1svizsg\u00e1lat<\/strong> Ide\u00e1lis a gyors \u00e9s egyszer\u0171 tesztel\u00e9shez, mik\u00f6zben <strong>Betekint\u00e9si \u00e9less\u00e9g<\/strong> Fejlettebb, \u00e9s szakemberek haszn\u00e1lj\u00e1k.<\/p>\n\n\n\n<p><strong>Szemvizsg\u00e1lat<\/strong> Nagyszer\u0171 a szem eg\u00e9szs\u00e9g\u00e9nek id\u0151beli monitoroz\u00e1s\u00e1ra. Ha pontosabb m\u00e9r\u0151eszk\u00f6zt keres, <strong>EyeQue VisionCheck<\/strong> r\u00e9szletes eredm\u00e9nyeket k\u00edn\u00e1l egy speci\u00e1lis eszk\u00f6zzel kombin\u00e1lva.<\/p>\n\n\n\n<p>Ha biztos akar lenni abban, hogy l\u00e1t\u00e1sa optim\u00e1lis \u00e1llapotban van, t\u00f6ltse le az al\u00e1bbi alkalmaz\u00e1sok egyik\u00e9t, \u00e9s v\u00e9gezzen el egy <strong>online l\u00e1t\u00e1svizsg\u00e1lat<\/strong> ma.<\/p>","protected":false},"excerpt":{"rendered":"<p>\u00c9rezted m\u00e1r \u00fagy, hogy a l\u00e1t\u00e1sod m\u00e1r nem olyan \u00e9les? \u00c9szrevetted m\u00e1r, hogy hunyorognod kell, ha olvasni szeretn\u00e9l valamit, vagy hogy nehezen n\u00e9zed a k\u00e9perny\u0151ket t\u00fal sok\u00e1ig? Gyakran figyelmen k\u00edv\u00fcl hagyjuk ezeket a jeleket, \u00e9s halogatjuk a szem\u00e9sz felkeres\u00e9s\u00e9t. De mi lenne, ha lenne egy gyors \u00e9s egyszer\u0171 m\u00f3dja annak, hogy [\u2026]<\/p>","protected":false},"author":139,"featured_media":8660,"comment_status":"closed","ping_status":"open","sticky":false,"template":"","format":"standard","meta":{"footnotes":""},"categories":[2],"tags":[1843,1844,1840,1841,1842],"yoast_head":"<!-- This site is optimized with the Yoast SEO plugin v23.3 - https:\/\/yoast.com\/wordpress\/plugins\/seo\/ -->\n<title>Prueba tu Visi\u00f3n con Aplicaciones - Universo Fam\u00edlia<\/title>\n<meta name=\"description\" content=\"Prueba tu Visi\u00f3n con Aplicaciones. \u00bfAlguna vez has sentido que tu visi\u00f3n ya no es tan n\u00edtida? \u00bfTe has dado cuenta...\" \/>\n<meta name=\"robots\" content=\"index, follow, max-snippet:-1, max-image-preview:large, max-video-preview:-1\" \/>\n<link rel=\"canonical\" href=\"https:\/\/universofamilia.com\/hu\/prueba-tu-vision-con-aplicaciones\/\" \/>\n<meta property=\"og:locale\" content=\"hu_HU\" \/>\n<meta property=\"og:type\" content=\"article\" \/>\n<meta property=\"og:title\" content=\"Prueba tu Visi\u00f3n con Aplicaciones - Universo Fam\u00edlia\" \/>\n<meta property=\"og:description\" content=\"Prueba tu Visi\u00f3n con Aplicaciones. \u00bfAlguna vez has sentido que tu visi\u00f3n ya no es tan n\u00edtida? \u00bfTe has dado cuenta...\" \/>\n<meta property=\"og:url\" content=\"https:\/\/universofamilia.com\/hu\/prueba-tu-vision-con-aplicaciones\/\" \/>\n<meta property=\"og:site_name\" content=\"Universo Fam\u00edlia\" \/>\n<meta property=\"article:published_time\" content=\"2025-02-10T18:29:13+00:00\" \/>\n<meta property=\"article:modified_time\" content=\"2025-02-13T19:01:45+00:00\" \/>\n<meta property=\"og:image\" content=\"https:\/\/universofamilia.com\/wp-content\/uploads\/sites\/148\/2025\/02\/POST-PARA-APP-ARTIGO-2-3.jpg\" \/>\n\t<meta property=\"og:image:width\" content=\"1080\" \/>\n\t<meta property=\"og:image:height\" content=\"1080\" \/>\n\t<meta property=\"og:image:type\" content=\"image\/jpeg\" \/>\n<meta name=\"author\" content=\"Pedro Henrique\" \/>\n<meta name=\"twitter:card\" content=\"summary_large_image\" \/>\n<meta name=\"twitter:label1\" content=\"Written by\" \/>\n\t<meta name=\"twitter:data1\" content=\"Pedro Henrique\" \/>\n\t<meta name=\"twitter:label2\" content=\"Est. reading time\" \/>\n\t<meta name=\"twitter:data2\" content=\"8 perc\" \/>\n<script type=\"application\/ld+json\" class=\"yoast-schema-graph\">{\"@context\":\"https:\/\/schema.org\",\"@graph\":[{\"@type\":\"WebPage\",\"@id\":\"https:\/\/universofamilia.com\/prueba-tu-vision-con-aplicaciones\/\",\"url\":\"https:\/\/universofamilia.com\/prueba-tu-vision-con-aplicaciones\/\",\"name\":\"Prueba tu Visi\u00f3n con Aplicaciones - Universo Fam\u00edlia\",\"isPartOf\":{\"@id\":\"https:\/\/universofamilia.com\/el\/#website\"},\"primaryImageOfPage\":{\"@id\":\"https:\/\/universofamilia.com\/prueba-tu-vision-con-aplicaciones\/#primaryimage\"},\"image\":{\"@id\":\"https:\/\/universofamilia.com\/prueba-tu-vision-con-aplicaciones\/#primaryimage\"},\"thumbnailUrl\":\"https:\/\/universofamilia.com\/wp-content\/uploads\/sites\/148\/2025\/02\/POST-PARA-APP-ARTIGO-2-3.jpg\",\"datePublished\":\"2025-02-10T18:29:13+00:00\",\"dateModified\":\"2025-02-13T19:01:45+00:00\",\"author\":{\"@id\":\"https:\/\/universofamilia.com\/el\/#\/schema\/person\/f07ce98187dd84d31154262e79b3b7ca\"},\"description\":\"Prueba tu Visi\u00f3n con Aplicaciones. \u00bfAlguna vez has sentido que tu visi\u00f3n ya no es tan n\u00edtida? \u00bfTe has dado cuenta...\",\"breadcrumb\":{\"@id\":\"https:\/\/universofamilia.com\/prueba-tu-vision-con-aplicaciones\/#breadcrumb\"},\"inLanguage\":\"hu\",\"potentialAction\":[{\"@type\":\"ReadAction\",\"target\":[\"https:\/\/universofamilia.com\/prueba-tu-vision-con-aplicaciones\/\"]}]},{\"@type\":\"ImageObject\",\"inLanguage\":\"hu\",\"@id\":\"https:\/\/universofamilia.com\/prueba-tu-vision-con-aplicaciones\/#primaryimage\",\"url\":\"https:\/\/universofamilia.com\/wp-content\/uploads\/sites\/148\/2025\/02\/POST-PARA-APP-ARTIGO-2-3.jpg\",\"contentUrl\":\"https:\/\/universofamilia.com\/wp-content\/uploads\/sites\/148\/2025\/02\/POST-PARA-APP-ARTIGO-2-3.jpg\",\"width\":1080,\"height\":1080,\"caption\":\"Prueba tu Visi\u00f3n con Aplicaciones\"},{\"@type\":\"BreadcrumbList\",\"@id\":\"https:\/\/universofamilia.com\/prueba-tu-vision-con-aplicaciones\/#breadcrumb\",\"itemListElement\":[{\"@type\":\"ListItem\",\"position\":1,\"name\":\"Home\",\"item\":\"https:\/\/universofamilia.com\/el\/\"},{\"@type\":\"ListItem\",\"position\":2,\"name\":\"Prueba tu Visi\u00f3n con Aplicaciones\"}]},{\"@type\":\"WebSite\",\"@id\":\"https:\/\/universofamilia.com\/el\/#website\",\"url\":\"https:\/\/universofamilia.com\/el\/\",\"name\":\"Universo Fam\u00edlia\",\"description\":\"\",\"potentialAction\":[{\"@type\":\"SearchAction\",\"target\":{\"@type\":\"EntryPoint\",\"urlTemplate\":\"https:\/\/universofamilia.com\/el\/?s={search_term_string}\"},\"query-input\":\"required name=search_term_string\"}],\"inLanguage\":\"hu\"},{\"@type\":\"Person\",\"@id\":\"https:\/\/universofamilia.com\/el\/#\/schema\/person\/f07ce98187dd84d31154262e79b3b7ca\",\"name\":\"Pedro Henrique\",\"image\":{\"@type\":\"ImageObject\",\"inLanguage\":\"hu\",\"@id\":\"https:\/\/universofamilia.com\/el\/#\/schema\/person\/image\/\",\"url\":\"https:\/\/secure.gravatar.com\/avatar\/9edfeb808cb4e1599f64d6e45b130154?s=96&d=mm&r=g\",\"contentUrl\":\"https:\/\/secure.gravatar.com\/avatar\/9edfeb808cb4e1599f64d6e45b130154?s=96&d=mm&r=g\",\"caption\":\"Pedro Henrique\"},\"url\":\"https:\/\/universofamilia.com\/hu\/author\/editor01\/\"}]}<\/script>\n<!-- \/ Yoast SEO plugin. -->","yoast_head_json":{"title":"Prueba tu Visi\u00f3n con Aplicaciones - Universo Fam\u00edlia","description":"Prueba tu Visi\u00f3n con Aplicaciones. \u00bfAlguna vez has sentido que tu visi\u00f3n ya no es tan n\u00edtida? \u00bfTe has dado cuenta...","robots":{"index":"index","follow":"follow","max-snippet":"max-snippet:-1","max-image-preview":"max-image-preview:large","max-video-preview":"max-video-preview:-1"},"canonical":"https:\/\/universofamilia.com\/hu\/prueba-tu-vision-con-aplicaciones\/","og_locale":"hu_HU","og_type":"article","og_title":"Prueba tu Visi\u00f3n con Aplicaciones - Universo Fam\u00edlia","og_description":"Prueba tu Visi\u00f3n con Aplicaciones. \u00bfAlguna vez has sentido que tu visi\u00f3n ya no es tan n\u00edtida? \u00bfTe has dado cuenta...","og_url":"https:\/\/universofamilia.com\/hu\/prueba-tu-vision-con-aplicaciones\/","og_site_name":"Universo Fam\u00edlia","article_published_time":"2025-02-10T18:29:13+00:00","article_modified_time":"2025-02-13T19:01:45+00:00","og_image":[{"width":1080,"height":1080,"url":"https:\/\/universofamilia.com\/wp-content\/uploads\/sites\/148\/2025\/02\/POST-PARA-APP-ARTIGO-2-3.jpg","type":"image\/jpeg"}],"author":"Pedro Henrique","twitter_card":"summary_large_image","twitter_misc":{"Written by":"Pedro Henrique","Est. reading time":"8 perc"},"schema":{"@context":"https:\/\/schema.org","@graph":[{"@type":"WebPage","@id":"https:\/\/universofamilia.com\/prueba-tu-vision-con-aplicaciones\/","url":"https:\/\/universofamilia.com\/prueba-tu-vision-con-aplicaciones\/","name":"Prueba tu Visi\u00f3n con Aplicaciones - Universo Fam\u00edlia","isPartOf":{"@id":"https:\/\/universofamilia.com\/el\/#website"},"primaryImageOfPage":{"@id":"https:\/\/universofamilia.com\/prueba-tu-vision-con-aplicaciones\/#primaryimage"},"image":{"@id":"https:\/\/universofamilia.com\/prueba-tu-vision-con-aplicaciones\/#primaryimage"},"thumbnailUrl":"https:\/\/universofamilia.com\/wp-content\/uploads\/sites\/148\/2025\/02\/POST-PARA-APP-ARTIGO-2-3.jpg","datePublished":"2025-02-10T18:29:13+00:00","dateModified":"2025-02-13T19:01:45+00:00","author":{"@id":"https:\/\/universofamilia.com\/el\/#\/schema\/person\/f07ce98187dd84d31154262e79b3b7ca"},"description":"Prueba tu Visi\u00f3n con Aplicaciones. \u00bfAlguna vez has sentido que tu visi\u00f3n ya no es tan n\u00edtida? \u00bfTe has dado cuenta...","breadcrumb":{"@id":"https:\/\/universofamilia.com\/prueba-tu-vision-con-aplicaciones\/#breadcrumb"},"inLanguage":"hu","potentialAction":[{"@type":"ReadAction","target":["https:\/\/universofamilia.com\/prueba-tu-vision-con-aplicaciones\/"]}]},{"@type":"ImageObject","inLanguage":"hu","@id":"https:\/\/universofamilia.com\/prueba-tu-vision-con-aplicaciones\/#primaryimage","url":"https:\/\/universofamilia.com\/wp-content\/uploads\/sites\/148\/2025\/02\/POST-PARA-APP-ARTIGO-2-3.jpg","contentUrl":"https:\/\/universofamilia.com\/wp-content\/uploads\/sites\/148\/2025\/02\/POST-PARA-APP-ARTIGO-2-3.jpg","width":1080,"height":1080,"caption":"Prueba tu Visi\u00f3n con Aplicaciones"},{"@type":"BreadcrumbList","@id":"https:\/\/universofamilia.com\/prueba-tu-vision-con-aplicaciones\/#breadcrumb","itemListElement":[{"@type":"ListItem","position":1,"name":"Home","item":"https:\/\/universofamilia.com\/el\/"},{"@type":"ListItem","position":2,"name":"Prueba tu Visi\u00f3n con Aplicaciones"}]},{"@type":"WebSite","@id":"https:\/\/universofamilia.com\/el\/#website","url":"https:\/\/universofamilia.com\/el\/","name":"Universo Fam\u00edlia","description":"","potentialAction":[{"@type":"SearchAction","target":{"@type":"EntryPoint","urlTemplate":"https:\/\/universofamilia.com\/el\/?s={search_term_string}"},"query-input":"required name=search_term_string"}],"inLanguage":"hu"},{"@type":"Person","@id":"https:\/\/universofamilia.com\/el\/#\/schema\/person\/f07ce98187dd84d31154262e79b3b7ca","name":"Pedro Henrique","image":{"@type":"ImageObject","inLanguage":"hu","@id":"https:\/\/universofamilia.com\/el\/#\/schema\/person\/image\/","url":"https:\/\/secure.gravatar.com\/avatar\/9edfeb808cb4e1599f64d6e45b130154?s=96&d=mm&r=g","contentUrl":"https:\/\/secure.gravatar.com\/avatar\/9edfeb808cb4e1599f64d6e45b130154?s=96&d=mm&r=g","caption":"Pedro Henrique"},"url":"https:\/\/universofamilia.com\/hu\/author\/editor01\/"}]}},"_links":{"self":[{"href":"https:\/\/universofamilia.com\/hu\/wp-json\/wp\/v2\/posts\/8659"}],"collection":[{"href":"https:\/\/universofamilia.com\/hu\/wp-json\/wp\/v2\/posts"}],"about":[{"href":"https:\/\/universofamilia.com\/hu\/wp-json\/wp\/v2\/types\/post"}],"author":[{"embeddable":true,"href":"https:\/\/universofamilia.com\/hu\/wp-json\/wp\/v2\/users\/139"}],"replies":[{"embeddable":true,"href":"https:\/\/universofamilia.com\/hu\/wp-json\/wp\/v2\/comments?post=8659"}],"version-history":[{"count":8,"href":"https:\/\/universofamilia.com\/hu\/wp-json\/wp\/v2\/posts\/8659\/revisions"}],"predecessor-version":[{"id":8761,"href":"https:\/\/universofamilia.com\/hu\/wp-json\/wp\/v2\/posts\/8659\/revisions\/8761"}],"wp:featuredmedia":[{"embeddable":true,"href":"https:\/\/universofamilia.com\/hu\/wp-json\/wp\/v2\/media\/8660"}],"wp:attachment":[{"href":"https:\/\/universofamilia.com\/hu\/wp-json\/wp\/v2\/media?parent=8659"}],"wp:term":[{"taxonomy":"category","embeddable":true,"href":"https:\/\/universofamilia.com\/hu\/wp-json\/wp\/v2\/categories?post=8659"},{"taxonomy":"post_tag","embeddable":true,"href":"https:\/\/universofamilia.com\/hu\/wp-json\/wp\/v2\/tags?post=8659"}],"curies":[{"name":"wp","href":"https:\/\/api.w.org\/{rel}","templated":true}]}}