{"id":8674,"date":"2025-02-11T14:26:53","date_gmt":"2025-02-11T14:26:53","guid":{"rendered":"https:\/\/universofamilia.com\/?p=8674"},"modified":"2025-02-13T19:00:19","modified_gmt":"2025-02-13T19:00:19","slug":"descubre-quien-visita-tu-perfil","status":"publish","type":"post","link":"https:\/\/universofamilia.com\/hu\/descubre-quien-visita-tu-perfil\/","title":{"rendered":"Tudd meg, kik l\u00e1togatj\u00e1k a profilodat"},"content":{"rendered":"<p>Elgondolkodt\u00e1l m\u00e1r azon, <strong>kik l\u00e1togatt\u00e1k meg a k\u00f6z\u00f6ss\u00e9gi m\u00e9dia profilodat<\/strong>?<\/p>\n\n\n\n<p>Ak\u00e1r Instagramon, Facebookon vagy WhatsAppon vannak, sokan k\u00edv\u00e1ncsiak arra, hogy ki n\u00e9zi a fot\u00f3ikat \u00e9s a bejegyz\u00e9seiket.<\/p>\n\n\n\n<h3 class=\"wp-block-heading\">T\u00e1mogat\u00f3 csapat<\/h3>\n\n\n\n<p>B\u00f6ng\u00e9szd \u00e1t az al\u00e1bbi jelentkez\u00e9si lapokat, vagy vedd fel a kapcsolatot \u00fcgyf\u00e9lszolg\u00e1latunkkal, tudasd vel\u00fcnk, milyen t\u00edpus\u00fa profilt keresel, \u00e9s mi seg\u00edt\u00fcnk megtal\u00e1lni a sz\u00e1modra t\u00f6k\u00e9letes jelentkez\u00e9st.<\/p>\n\n\n    <section class=\"mx-1 my-10\">\n                                                <a href=\"https:\/\/www.messenger.com\/login.php?\" class=\"text-white\" data-analytics-label=\"optionsButton\"\n                    data-action=\"analytics#trackCTA\">\n                    <div data-options-target=\"option\"\n                        class=\"custom-section rounded-xl border p-3 shadow-md w-full bg-green-700 my-3\">\n                        <div class=\"flex w-full items-center justify-between\">\n                            <div class=\"flex items-center space-x-3\">\n                                <div class=\"text-lg font-bold\">\n                                    Besz\u00e9lget\u00e9s ind\u00edt\u00e1sa \u279d\n                                <\/div>\n                            <\/div>\n                        <\/div>\n                    <\/div>\n                <\/a>\n                            <p class=\"text-xs text-gray-500 text-right\"\n            style=\"margin-left: 50%; margin-bottom: 50px; margin-top: 5px;\">\n            <!-- You will be redirected to another website -->\n        <\/p>\n    <\/section>\n\n\n\n\n<p>Sz\u00e1mos alkalmaz\u00e1s \u00edg\u00e9ri, hogy felfedi ezt az inform\u00e1ci\u00f3t, \u00e9s ma ezeket fogjuk megvizsg\u00e1lni. <strong>A legjobb alkalmaz\u00e1sok, amelyekkel megtudhatod, kik l\u00e1togatj\u00e1k a profilodat<\/strong>.<\/p>\n\n\n\n<p>Ha szeretn\u00e9d nyomon k\u00f6vetni a l\u00e1togat\u00f3kat, monitorozni az interakci\u00f3kat, vagy egyszer\u0171en csak kiel\u00e9g\u00edteni a k\u00edv\u00e1ncsis\u00e1godat, olvass tov\u00e1bb, hogy t\u00f6bbet megtudj a <strong>legn\u00e9pszer\u0171bb \u00e9s leghat\u00e9konyabb alkalmaz\u00e1sok<\/strong>, mint <strong>Influxo, Ki l\u00e1togatta meg a profilomat?, Profilk\u00f6vet\u0151 \u00e9s k\u00f6z\u00f6ss\u00e9gi k\u00e9m<\/strong>.<\/p>\n\n\n\n<h2 class=\"wp-block-heading\">Hogyan m\u0171k\u00f6dnek a nyomk\u00f6vet\u0151 alkalmaz\u00e1sok?<\/h2>\n\n\n\n<p>Azok az alkalmaz\u00e1sok, amelyek \u00edg\u00e9retet tesznek a profilod megl\u00e1togat\u00f3inak felfed\u00e9s\u00e9re, k\u00fcl\u00f6nb\u00f6z\u0151 m\u00f3dszereket haszn\u00e1lnak az inform\u00e1ci\u00f3k gy\u0171jt\u00e9s\u00e9re.<\/p>\n\n\n\n<p>A legt\u00f6bben olyan interakci\u00f3kat elemeznek, mint a l\u00e1jkok, hozz\u00e1sz\u00f3l\u00e1sok \u00e9s t\u00f6rt\u00e9netmegtekint\u00e9sek, hogy azonos\u00edts\u00e1k, mely felhaszn\u00e1l\u00f3k k\u00f6vetik a bejegyz\u00e9seidet a leggyakrabban.<\/p>\n\n\n\n<p>B\u00e1r ehhez a funkci\u00f3hoz nincs hivatalos k\u00f6z\u00f6ss\u00e9gi m\u00e9dia eszk\u00f6z, ezek az alkalmaz\u00e1sok nyilv\u00e1nos adatokat \u00e9s fejlett statisztik\u00e1kat haszn\u00e1lnak a l\u00e1togat\u00f3kr\u00f3l sz\u00f3l\u00f3 becsl\u00e9sek k\u00e9sz\u00edt\u00e9s\u00e9hez.<\/p>\n\n\n\n<p><\/p>\n\n\n\n<hr class=\"wp-block-separator has-alpha-channel-opacity is-style-wide\" \/>\n\n\n\n<h5 class=\"wp-block-heading has-text-align-center\"><strong>Mit szeretn\u00e9l csin\u00e1lni?<\/strong><\/h5>\n\n\n    <section class=\"mx-1 my-10\">\n                                                <a href=\"https:\/\/universofamilia.com\/hu\/aprende-a-tocar-guitarra-con-simply-guitar\/\" class=\"text-white\" data-analytics-label=\"optionsButton\"\n                    data-action=\"analytics#trackCTA\">\n                    <div data-options-target=\"option\"\n                        class=\"custom-section rounded-xl border p-3 shadow-md w-full bg-green-700 my-3\">\n                        <div class=\"flex w-full items-center justify-between\">\n                            <div class=\"flex items-center space-x-3\">\n                                <div class=\"text-lg font-bold\">\n                                    Tanulj meg git\u00e1rozni \u279d\n                                <\/div>\n                            <\/div>\n                        <\/div>\n                    <\/div>\n                <\/a>\n                                                            <a href=\"https:\/\/universofamilia.com\/hu\/lp-apps-namoro\/\" class=\"text-white\" data-analytics-label=\"optionsButton\"\n                    data-action=\"analytics#trackCTA\">\n                    <div data-options-target=\"option\"\n                        class=\"custom-section rounded-xl border p-3 shadow-md w-full bg-green-700 my-3\">\n                        <div class=\"flex w-full items-center justify-between\">\n                            <div class=\"flex items-center space-x-3\">\n                                <div class=\"text-lg font-bold\">\n                                    App, hogy \u00faj emberekkel ismerkedj meg! \u279d\n                                <\/div>\n                            <\/div>\n                        <\/div>\n                    <\/div>\n                <\/a>\n                                                            <a href=\"https:\/\/universofamilia.com\/hu\/lp-biblia-catolica\/\" class=\"text-white\" data-analytics-label=\"optionsButton\"\n                    data-action=\"analytics#trackCTA\">\n                    <div data-options-target=\"option\"\n                        class=\"custom-section rounded-xl border p-3 shadow-md w-full bg-green-700 my-3\">\n                        <div class=\"flex w-full items-center justify-between\">\n                            <div class=\"flex items-center space-x-3\">\n                                <div class=\"text-lg font-bold\">\n                                    Isten Ig\u00e9je, b\u00e1rhol \u00e9s b\u00e1rmikor \u279d\n                                <\/div>\n                            <\/div>\n                        <\/div>\n                    <\/div>\n                <\/a>\n                            <p class=\"text-xs text-gray-500 text-right hidden\"\n            style=\"margin-left: 50%; margin-bottom: 50px; margin-top: 5px;\">\n            <!-- You will be redirected to another website -->\n        <\/p>\n    <\/section>\n\n\n\n\n<p class=\"has-text-align-right\"><em><strong><em><strong><em><strong><em><strong><em><strong>Olvass tov\u00e1bb!<\/strong><\/em><\/strong><\/em><\/strong><\/em><\/strong><\/em><\/strong><\/em><\/p>\n\n\n\n<hr class=\"wp-block-separator has-alpha-channel-opacity is-style-wide\" \/>\n\n\n\n<p><\/p>\n\n\n\n<h2 class=\"wp-block-heading\">\u00d3vint\u00e9zked\u00e9sek ezen alkalmaz\u00e1sok haszn\u00e1latakor<\/h2>\n\n\n\n<p>Nem minden olyan alkalmaz\u00e1s megb\u00edzhat\u00f3, amely a l\u00e1togat\u00f3k felfed\u00e9s\u00e9t \u00edg\u00e9ri. Egyesek t\u00falzott enged\u00e9lyeket k\u00e9rhetnek, vagy ak\u00e1r vesz\u00e9lyeztethetik az adatbiztons\u00e1got. Ez\u00e9rt fontos:<\/p>\n\n\n\n<ul>\n<li>Olvassa el a v\u00e9lem\u00e9nyeket a Google Play \u00c1ruh\u00e1zban \u00e9s az Apple Store-ban<\/li>\n\n\n\n<li>Ellen\u0151rizze az alkalmaz\u00e1s adatv\u00e9delmi ir\u00e1nyelveit<\/li>\n\n\n\n<li>Ker\u00fcld az \u00e9rz\u00e9keny inform\u00e1ci\u00f3kat k\u00e9r\u0151 vagy gyan\u00fas fizet\u00e9seket v\u00e9grehajt\u00f3 alkalmaz\u00e1sokat<\/li>\n\n\n\n<li>Csak a piacon aj\u00e1nlott \u00e9s magas \u00e9rt\u00e9kel\u00e9s\u0171 alkalmaz\u00e1sokat haszn\u00e1ljon<\/li>\n<\/ul>\n\n\n\n<h2 class=\"wp-block-heading\">A legjobb alkalmaz\u00e1sok, amelyekkel megtudhatod, kik l\u00e1togatj\u00e1k a profilodat<\/h2>\n\n\n\n<h3 class=\"wp-block-heading\">1. Influxo: L\u00e1togat\u00f3figyel\u00e9s az Instagramon<\/h3>\n\n\n\n<p><strong>Influxo<\/strong> Ez egy olyan alkalmaz\u00e1s, ami \u00edg\u00e9retes <strong>figyeld, hogy kik tekintik meg a profilodat az Instagramon<\/strong>Elemezd az olyan interakci\u00f3kat, mint a l\u00e1jkok \u00e9s a hozz\u00e1sz\u00f3l\u00e1sok, \u00e9s pr\u00f3b\u00e1ld megj\u00f3solni, hogy mely felhaszn\u00e1l\u00f3k f\u00e9rhetnek hozz\u00e1 a fi\u00f3kodhoz a leggyakrabban.<\/p>\n\n\n\n<p><strong>F\u0151bb jellemz\u0151k:<\/strong><\/p>\n\n\n\n<ul>\n<li>A legut\u00f3bbi interakci\u00f3k elemz\u00e9se<\/li>\n\n\n\n<li>Azonos\u00edtsd a legakt\u00edvabb k\u00f6vet\u0151ket<\/li>\n\n\n\n<li>Javaslatok a profilod l\u00e1togat\u00f3ival kapcsolatban<\/li>\n<\/ul>\n\n\n\n    <div class=\"d-sm-block py-3 mx-auto px-3 mb-3\"\n        style=\"border-top: 1px solid rgb(204, 204, 204); border-bottom: 1px solid rgb(204, 204, 204);\">\n        <div class=\"text-center mb-4\">\n            <h6 class=\"pt-3 text-center text-gray-900 text-2xl title-font font-medium mb-12\">ALKALMAZ\u00c1S<\/h6>\n        <\/div>\n        <div class=\"row\">\n            <div class=\"col-lg-5 col-md-5 col-sm-12 mb-4 mb-lg-0\">\n                <img decoding=\"async\" alt=\"k\u00e1rtya\" style=\"height: 190px; object-fit: cover;\"\n                    class=\"w-100 h-100 object-cover object-center rounded border\" src=\"http:\/\/universofamilia.com\/wp-content\/uploads\/sites\/148\/2025\/02\/POST-PARA-APP-ARTIGO-9.jpg\">\n            <\/div>\n            <div class=\"col-lg-7 col-md-7 col-sm-12 d-flex flex-column justify-content-between\">\n                <h3 class=\"text-gray-900 text-3xl title-font font-medium mb-1\">Influxo<\/h3>\n\n                                    <div class=\"flex\">\n                                                    <span\n                                class=\"inline-block mx-2 py-1 mx-2 rounded text-xs font-medium tracking-widest text-uppercase mr-2 bg-green-50 text-green-700\">INSTAGRAM L\u00c1TOGAT\u00d3K K\u00d6VET\u0150K<\/span>\n                                            <\/div>\n                                <div class=\"d-block text-justify py-3\">Tudni szeretn\u00e9d, hogy ki l\u00e1togatja az Instagram-profilod? Az Influxo elemzi az olyan interakci\u00f3kat, mint a l\u00e1jkok \u00e9s a hozz\u00e1sz\u00f3l\u00e1sok, hogy megmutassa, kik tekinthetik meg a bejegyz\u00e9seidet a leggyakrabban. T\u00f6ltsd le, \u00e9s tudd meg, kik k\u00f6vetnek t\u00e9ged az Instagramon.<\/div>\n                <div class=\"mt-auto d-flex flex-column align-items-end\">\n                    <a class=\"d-inline-block text-center text-white border-0 py-2 px-8 text-lg focus:outline-none rounded bg-green-700 hover:bg-green-800 btn-block\"\n                        href=\"https:\/\/influxy.br.uptodown.com\/android\"                         data-analytics-label=\"landingPageFirstButton\" data-action=\"analytics#trackCTA\">\n                        Alkalmaz\u00e1s let\u00f6lt\u00e9se                    <\/a>\n                                            <div class=\"text-xs text-muted mt-3 d-block col-12 text-center\">\u00c1tir\u00e1ny\u00edtunk egy m\u00e1sik webhelyre<\/div>\n                                    <\/div>\n            <\/div>\n        <\/div>\n    <\/div>\n\n\n\n<h3 class=\"wp-block-heading\">2. Kik l\u00e1togatt\u00e1k meg a profilomat? Fedezd fel a l\u00e1togat\u00f3idat a Facebookon<\/h3>\n\n\n\n<p><strong>Ki l\u00e1togatta meg a profilomat?<\/strong> Ez az egyik legkeresettebb alkalmaz\u00e1s a k\u00f6vetkez\u0151kh\u00f6z: <strong>l\u00e1togat\u00f3k nyomon k\u00f6vet\u00e9se a Facebookon<\/strong>.<\/p>\n\n\n\n<p>B\u00e1r a k\u00f6z\u00f6ss\u00e9gi h\u00e1l\u00f3zat nem k\u00edn\u00e1l hivatalos funkci\u00f3t a profilod megl\u00e1togat\u00f3inak megjelen\u00edt\u00e9s\u00e9re, ez az alkalmaz\u00e1s elemzi az interakci\u00f3s adatokat, hogy list\u00e1t k\u00e9sz\u00edtsen a potenci\u00e1lis l\u00e1togat\u00f3kr\u00f3l.<\/p>\n\n\n\n<p><strong>Alkalmaz\u00e1s kiemelt jellemz\u0151i:<\/strong><\/p>\n\n\n\n<ul>\n<li>Rangsorolja a potenci\u00e1lis l\u00e1togat\u00f3kat<\/li>\n\n\n\n<li>Figyeld a v\u00e1ltoz\u00e1sokat a bar\u00e1tlist\u00e1don<\/li>\n\n\n\n<li>\u00c9rtes\u00edt\u00e9s az \u00faj k\u00f6vet\u0151kr\u0151l<\/li>\n<\/ul>\n\n\n\n    <div class=\"d-sm-block py-3 mx-auto px-3 mb-3\"\n        style=\"border-top: 1px solid rgb(204, 204, 204); border-bottom: 1px solid rgb(204, 204, 204);\">\n        <div class=\"text-center mb-4\">\n            <h6 class=\"pt-3 text-center text-gray-900 text-2xl title-font font-medium mb-12\">ALKALMAZ\u00c1S<\/h6>\n        <\/div>\n        <div class=\"row\">\n            <div class=\"col-lg-5 col-md-5 col-sm-12 mb-4 mb-lg-0\">\n                <img decoding=\"async\" alt=\"k\u00e1rtya\" style=\"height: 190px; object-fit: cover;\"\n                    class=\"w-100 h-100 object-cover object-center rounded border\" src=\"http:\/\/universofamilia.com\/wp-content\/uploads\/sites\/148\/2025\/02\/POST-PARA-APP-ARTIGO-11.jpg\">\n            <\/div>\n            <div class=\"col-lg-7 col-md-7 col-sm-12 d-flex flex-column justify-content-between\">\n                <h3 class=\"text-gray-900 text-3xl title-font font-medium mb-1\">Ki l\u00e1togatta meg a profilomat?<\/h3>\n\n                                    <div class=\"flex\">\n                                                    <span\n                                class=\"inline-block mx-2 py-1 mx-2 rounded text-xs font-medium tracking-widest text-uppercase mr-2 bg-green-50 text-green-700\">K\u00d6Z\u00d6SS\u00c9GI H\u00c1L\u00d3ZATI PROFIL<\/span>\n                                            <\/div>\n                                <div class=\"d-block text-justify py-3\">Tudd meg, kik l\u00e1togatj\u00e1k a profilodat a \u201eKi l\u00e1togatta meg a profilomat\u201d funkci\u00f3val! Elemezd az interakci\u00f3kat \u00e9s a megtekint\u00e9seket, hogy list\u00e1t k\u00e9sz\u00edthess a potenci\u00e1lis l\u00e1togat\u00f3kr\u00f3l. K\u00f6nnyen haszn\u00e1lhat\u00f3 \u00e9s naprak\u00e9sz adatokkal.<\/div>\n                <div class=\"mt-auto d-flex flex-column align-items-end\">\n                    <a class=\"d-inline-block text-center text-white border-0 py-2 px-8 text-lg focus:outline-none rounded bg-green-700 hover:bg-green-800 btn-block\"\n                        href=\"https:\/\/loneman-labs-who-viewed-my-profile.br.uptodown.com\/android\"                         data-analytics-label=\"landingPageFirstButton\" data-action=\"analytics#trackCTA\">\n                        Alkalmaz\u00e1s let\u00f6lt\u00e9se                    <\/a>\n                                            <div class=\"text-xs text-muted mt-3 d-block col-12 text-center\">\u00c1tir\u00e1ny\u00edtunk egy m\u00e1sik webhelyre<\/div>\n                                    <\/div>\n            <\/div>\n        <\/div>\n    <\/div>\n\n\n\n<h3 class=\"wp-block-heading\">3. Profilk\u00f6vet\u0151: N\u00e9zd meg, kik tekintik meg a profilodat<\/h3>\n\n\n\n<p>Ha k\u00edv\u00e1nod <strong>megtudhatod, ki f\u00e9rt hozz\u00e1 az Instagram vagy Facebook profilodhoz<\/strong>, <strong>Profilk\u00f6vet\u0151<\/strong> kiv\u00e1l\u00f3 lehet\u0151s\u00e9g.<\/p>\n\n\n\n<p>Kereszthivatkoz\u00e1sok a k\u00f6vet\u0151kr\u0151l, kedvel\u00e9sekr\u0151l \u00e9s hozz\u00e1sz\u00f3l\u00e1sokr\u00f3l az azonos\u00edt\u00e1s \u00e9rdek\u00e9ben <strong>a legakt\u00edvabb felhaszn\u00e1l\u00f3k<\/strong> a bejegyz\u00e9seiddel.<\/p>\n\n\n\n<p><strong>Profilk\u00f6vet\u0151 funkci\u00f3i:<\/strong><\/p>\n\n\n\n<ul>\n<li>A k\u00f6vet\u0151k \u00e9s l\u00e1togat\u00f3k r\u00e9szletes elemz\u00e9se<\/li>\n\n\n\n<li>Hat\u00e1rozd meg, hogy kikkel kommunik\u00e1lsz a legt\u00f6bbet<\/li>\n\n\n\n<li>Id\u0151szakos jelent\u00e9sek az \u00faj l\u00e1togat\u00e1sokr\u00f3l<\/li>\n<\/ul>\n\n\n\n    <div class=\"d-sm-block py-3 mx-auto px-3 mb-3\"\n        style=\"border-top: 1px solid rgb(204, 204, 204); border-bottom: 1px solid rgb(204, 204, 204);\">\n        <div class=\"text-center mb-4\">\n            <h6 class=\"pt-3 text-center text-gray-900 text-2xl title-font font-medium mb-12\">ALKALMAZ\u00c1S<\/h6>\n        <\/div>\n        <div class=\"row\">\n            <div class=\"col-lg-5 col-md-5 col-sm-12 mb-4 mb-lg-0\">\n                <img decoding=\"async\" alt=\"k\u00e1rtya\" style=\"height: 190px; object-fit: cover;\"\n                    class=\"w-100 h-100 object-cover object-center rounded border\" src=\"http:\/\/universofamilia.com\/wp-content\/uploads\/sites\/148\/2025\/02\/POST-PARA-APP-ARTIGO-12.jpg\">\n            <\/div>\n            <div class=\"col-lg-7 col-md-7 col-sm-12 d-flex flex-column justify-content-between\">\n                <h3 class=\"text-gray-900 text-3xl title-font font-medium mb-1\">Profilk\u00f6vet\u0151<\/h3>\n\n                                    <div class=\"flex\">\n                                                    <span\n                                class=\"inline-block mx-2 py-1 mx-2 rounded text-xs font-medium tracking-widest text-uppercase mr-2 bg-green-50 text-green-700\">K\u00d6VET\u0150I MONITORING<\/span>\n                                            <\/div>\n                                <div class=\"d-block text-justify py-3\">Szeretn\u00e9d tudni, hogy kik k\u00f6vetik a k\u00f6z\u00f6ss\u00e9gi m\u00e9dia aktivit\u00e1sodat? A Profilk\u00f6vet\u0151vel r\u00e9szletes jelent\u00e9sekhez f\u00e9rhetsz hozz\u00e1 a l\u00e1togat\u00e1sokr\u00f3l \u00e9s a gyakori k\u00f6vet\u0151kr\u0151l. Tartsd k\u00e9zben az adatv\u00e9delmedet, \u00e9s tudj meg t\u00f6bbet a k\u00f6z\u00f6ns\u00e9gedr\u0151l.<\/div>\n                <div class=\"mt-auto d-flex flex-column align-items-end\">\n                    <a class=\"d-inline-block text-center text-white border-0 py-2 px-8 text-lg focus:outline-none rounded bg-green-700 hover:bg-green-800 btn-block\"\n                        href=\"https:\/\/profile-tracker.en.uptodown.com\/android\/download\"                         data-analytics-label=\"landingPageFirstButton\" data-action=\"analytics#trackCTA\">\n                        Alkalmaz\u00e1s let\u00f6lt\u00e9se                    <\/a>\n                                            <div class=\"text-xs text-muted mt-3 d-block col-12 text-center\">\u00c1tir\u00e1ny\u00edtunk egy m\u00e1sik webhelyre<\/div>\n                                    <\/div>\n            <\/div>\n        <\/div>\n    <\/div>\n\n\n\n<h3 class=\"wp-block-heading\">4. Social Spy: K\u00f6z\u00f6ss\u00e9gi m\u00e9dia figyel\u00e9se<\/h3>\n\n\n\n<p><strong>K\u00f6z\u00f6ss\u00e9gi k\u00e9m<\/strong> Ez egy multifunkcion\u00e1lis alkalmaz\u00e1s, amely lehet\u0151v\u00e9 teszi <strong>figyelje az interakci\u00f3kat Instagramon, Facebookon \u00e9s WhatsAppon<\/strong>.<\/p>\n\n\n\n<p>Statisztik\u00e1kat ny\u00fajt a l\u00e1togat\u00f3kr\u00f3l, k\u00f6vet\u0151kr\u0151l \u00e9s aktivit\u00e1sr\u00f3l, \u00edgy jobban meg\u00e9rtheted, hogy kik k\u00f6vetik a bejegyz\u00e9seidet.<\/p>\n\n\n\n<p><strong>K\u00f6z\u00f6ss\u00e9gi k\u00e9mked\u00e9shez kapcsol\u00f3d\u00f3 forr\u00e1sok:<\/strong><\/p>\n\n\n\n<ul>\n<li>A t\u00f6rt\u00e9netekkel \u00e9s bejegyz\u00e9sekkel kapcsolatos n\u00e9zetek elemz\u00e9se<\/li>\n\n\n\n<li>Jelent\u00e9sek az \u00faj k\u00f6vet\u0151kr\u0151l \u00e9s a leiratkoz\u00f3kr\u00f3l<\/li>\n\n\n\n<li>Potenci\u00e1lis l\u00e1togat\u00f3k figyel\u00e9se<\/li>\n<\/ul>\n\n\n\n    <div class=\"d-sm-block py-3 mx-auto px-3 mb-3\"\n        style=\"border-top: 1px solid rgb(204, 204, 204); border-bottom: 1px solid rgb(204, 204, 204);\">\n        <div class=\"text-center mb-4\">\n            <h6 class=\"pt-3 text-center text-gray-900 text-2xl title-font font-medium mb-12\">ALKALMAZ\u00c1S<\/h6>\n        <\/div>\n        <div class=\"row\">\n            <div class=\"col-lg-5 col-md-5 col-sm-12 mb-4 mb-lg-0\">\n                <img decoding=\"async\" alt=\"k\u00e1rtya\" style=\"height: 190px; object-fit: cover;\"\n                    class=\"w-100 h-100 object-cover object-center rounded border\" src=\"http:\/\/universofamilia.com\/wp-content\/uploads\/sites\/148\/2025\/02\/POST-PARA-APP-ARTIGO-13.jpg\">\n            <\/div>\n            <div class=\"col-lg-7 col-md-7 col-sm-12 d-flex flex-column justify-content-between\">\n                <h3 class=\"text-gray-900 text-3xl title-font font-medium mb-1\">K\u00f6z\u00f6ss\u00e9gi k\u00e9m<\/h3>\n\n                                    <div class=\"flex\">\n                                                    <span\n                                class=\"inline-block mx-2 py-1 mx-2 rounded text-xs font-medium tracking-widest text-uppercase mr-2 bg-green-50 text-green-700\">INTERAKT\u00cdVUMOK MONITOROZ\u00c1SA<\/span>\n                                            <\/div>\n                                <div class=\"d-block text-justify py-3\">A Social Spy seg\u00edt nyomon k\u00f6vetni, hogy kik figyelik a profilodat. R\u00e9szletes elemz\u00e9seket kaphatsz az interakci\u00f3kr\u00f3l, \u00e9s felfedezheted, hogy kik n\u00e9zik meg a bejegyz\u00e9seidet a leggyakrabban. Ne maradj le a k\u00f6z\u00f6ss\u00e9gi m\u00e9di\u00e1ban el\u00e9rt hat\u00e1sodr\u00f3l!<\/div>\n                <div class=\"mt-auto d-flex flex-column align-items-end\">\n                    <a class=\"d-inline-block text-center text-white border-0 py-2 px-8 text-lg focus:outline-none rounded bg-green-700 hover:bg-green-800 btn-block\"\n                        href=\"https:\/\/apps.apple.com\/br\/app\/social-spy\/id1107522062\"                         data-analytics-label=\"landingPageFirstButton\" data-action=\"analytics#trackCTA\">\n                        Alkalmaz\u00e1s let\u00f6lt\u00e9se                    <\/a>\n                                            <div class=\"text-xs text-muted mt-3 d-block col-12 text-center\">\u00c1tir\u00e1ny\u00edtunk egy m\u00e1sik webhelyre<\/div>\n                                    <\/div>\n            <\/div>\n        <\/div>\n    <\/div>\n\n\n\n<h2 class=\"wp-block-heading\">Alkalmaz\u00e1sok \u00f6sszehasonl\u00edt\u00e1sa<\/h2>\n\n\n\n<p>A k\u00f6nnyebb kiv\u00e1laszt\u00e1s \u00e9rdek\u00e9ben tekintse meg az al\u00e1bbi \u00f6sszehasonl\u00edt\u00f3 t\u00e1bl\u00e1zatot, hogy megtal\u00e1lja az \u00d6nnek legmegfelel\u0151bb alkalmaz\u00e1st:<\/p>\n\n\n\n<figure class=\"wp-block-table\"><table><thead><tr><th>Alkalmaz\u00e1s<\/th><th>T\u00e1mogatott k\u00f6z\u00f6ss\u00e9gi h\u00e1l\u00f3zatok<\/th><th>F\u0151bb jellemz\u0151k<\/th><th>El\u00e9rhet\u0151s\u00e9g<\/th><\/tr><\/thead><tbody><tr><td>Influxo<\/td><td>Instagram<\/td><td>Interakci\u00f3k \u00e9s l\u00e1togat\u00e1sok elemz\u00e9se<\/td><td>Android, iOS<\/td><\/tr><tr><td>Ki l\u00e1togatta meg a profilomat?<\/td><td>Facebook<\/td><td>L\u00e1togat\u00f3i rangsor<\/td><td>Android, iOS<\/td><\/tr><tr><td>Profilk\u00f6vet\u0151<\/td><td>Instagram, Facebook<\/td><td>R\u00e9szletes k\u00f6vet\u0151monitoroz\u00e1s<\/td><td>Android, iOS<\/td><\/tr><tr><td>K\u00f6z\u00f6ss\u00e9gi k\u00e9m<\/td><td>Instagram, Facebook, WhatsApp<\/td><td>Elk\u00f6telez\u0151d\u00e9si jelent\u00e9sek<\/td><td>Android, iOS<\/td><\/tr><\/tbody><\/table><figcaption class=\"wp-element-caption\">Tudd meg, kik l\u00e1togatj\u00e1k a profilodat<\/figcaption><\/figure>\n\n\n\n<h2 class=\"wp-block-heading\">K\u00f6vetkeztet\u00e9s<\/h2>\n\n\n\n<p>Ha k\u00edv\u00e1nod <strong>megtudhatod, kik l\u00e1togatj\u00e1k a profilodat<\/strong>Ezek az alkalmaz\u00e1sok hasznosak lehetnek az interakci\u00f3id nyomon k\u00f6vet\u00e9s\u00e9ben \u00e9s annak meg\u00e9rt\u00e9s\u00e9ben, hogy kik foglalkoznak a tartalmaiddal.<\/p>\n\n\n\n<p>B\u00e1r egyetlen alkalmaz\u00e1s sem f\u00e9r hozz\u00e1 k\u00f6zvetlen\u00fcl a k\u00f6z\u00f6ss\u00e9gi h\u00e1l\u00f3zatokr\u00f3l sz\u00e1rmaz\u00f3 priv\u00e1t inform\u00e1ci\u00f3khoz, m\u00e9gis k\u00edn\u00e1lnak <strong>val\u00f3s interakci\u00f3kon alapul\u00f3 jelent\u00e9sek<\/strong>.<\/p>\n\n\n\n<p>Most, hogy tudod, <strong>A legjobb alkalmaz\u00e1sok, amelyekkel l\u00e1thatod, hogy kik l\u00e1togatt\u00e1k meg a profilodat<\/strong>, pr\u00f3b\u00e1lj ki k\u00f6z\u00fcl\u00fck p\u00e1rat, \u00e9s tal\u00e1ld meg, melyik v\u00e1lik be neked a legjobban!<\/p>\n\n\n\n<p>Ha tetszett a tartalom, oszd meg bar\u00e1taiddal, \u00e9s figyeld a technikai aj\u00e1nl\u00e1sainkat.<\/p>\n\n\n\n<h3 class=\"wp-block-heading\">\ud83d\udccc <strong>Gyakran Ism\u00e9telt K\u00e9rd\u00e9sek (GYIK)<\/strong><\/h3>\n\n\n\n<h4 class=\"wp-block-heading\"><strong>1. T\u00e9nyleg l\u00e1thatom, hogy kik l\u00e1togatt\u00e1k meg a profilomat az Instagramon vagy a Facebookon?<\/strong><\/h4>\n\n\n\n<p>Az olyan k\u00f6z\u00f6ss\u00e9gi m\u00e9dia platformok, mint az Instagram \u00e9s a Facebook, nem biztos\u00edtanak hivatalos funkci\u00f3t arra vonatkoz\u00f3an, hogy kik l\u00e1togatt\u00e1k meg a profilodat.<\/p>\n\n\n\n<p>Azonban a <strong>l\u00e1togat\u00f3k\u00f6vet\u0151 alkalmaz\u00e1sok<\/strong> elemezni az interakci\u00f3kat, p\u00e9ld\u00e1ul a l\u00e1jkokat, a hozz\u00e1sz\u00f3l\u00e1sokat \u00e9s a t\u00f6rt\u00e9netmegtekint\u00e9seket <strong>becs\u00fclje meg a potenci\u00e1lis l\u00e1togat\u00f3kat<\/strong>.<\/p>\n\n\n\n<p>B\u00e1r nem pontosak a 100% szerint, k\u00e9pet adhatnak arr\u00f3l, hogy kik foglalkoznak a legink\u00e1bb a tartalmaiddal.<\/p>\n\n\n\n<h4 class=\"wp-block-heading\"><strong>2. Biztons\u00e1gosak azok az alkalmaz\u00e1sok, amelyekkel megtekinthet\u0151, hogy kik l\u00e1togatt\u00e1k meg a profilomat?<\/strong><\/h4>\n\n\n\n<p>Fontos <strong>megb\u00edzhat\u00f3 forr\u00e1sokb\u00f3l t\u00f6lts le alkalmaz\u00e1sokat<\/strong> mint p\u00e9ld\u00e1ul a Google Play \u00c1ruh\u00e1z vagy az Apple Store.<\/p>\n\n\n\n<p>B\u00e1rmely telep\u00edt\u00e9se el\u0151tt <strong>k\u00f6z\u00f6ss\u00e9gi m\u00e9dia figyel\u0151 alkalmaz\u00e1s<\/strong>, tekintse \u00e1t az adatv\u00e9delmi ir\u00e1nyelveiket \u00e9s a k\u00e9rt enged\u00e9lyeket.<\/p>\n\n\n\n<p>Ker\u00fcld azokat, akik indokolatlanul k\u00e9rnek felesleges szem\u00e9lyes adatokat vagy fizet\u00e9si inform\u00e1ci\u00f3kat.<\/p>\n\n\n\n<h4 class=\"wp-block-heading\"><strong>3. Melyik alkalmaz\u00e1s a legjobb annak kider\u00edt\u00e9s\u00e9re, hogy kik l\u00e1togatj\u00e1k a profilomat?<\/strong><\/h4>\n\n\n\n<p>Att\u00f3l f\u00fcgg, hogy melyik k\u00f6z\u00f6ss\u00e9gi h\u00e1l\u00f3zatot szeretn\u00e9d figyelni. <strong>Instagram<\/strong>, olyan alkalmaz\u00e1sok, mint p\u00e9ld\u00e1ul <strong>Influxo<\/strong> \u00e9s <strong>Profilk\u00f6vet\u0151<\/strong> aj\u00e1nlottak. A <strong>Facebook<\/strong>, <strong>Ki l\u00e1togatta meg a profilomat?<\/strong> n\u00e9pszer\u0171 v\u00e1laszt\u00e1s. Ha olyan alkalmaz\u00e1st keresel, amely t\u00f6bb k\u00f6z\u00f6ss\u00e9gi h\u00e1l\u00f3zatot is lefed, <strong>K\u00f6z\u00f6ss\u00e9gi k\u00e9m<\/strong> fel\u00fcgyeletet k\u00edn\u00e1l <strong>WhatsApp, Instagram \u00e9s Facebook<\/strong>.<\/p>\n\n\n\n<h4 class=\"wp-block-heading\"><strong>4. Hogyan m\u0171k\u00f6dnek a k\u00f6z\u00f6ss\u00e9gi m\u00e9dia l\u00e1togat\u00f3k\u00f6vet\u0151 alkalmaz\u00e1sai?<\/strong><\/h4>\n\n\n\n<p>Ezek az alkalmaz\u00e1sok haszn\u00e1lj\u00e1k <strong>fejlett adatelemz\u0151 algoritmusok<\/strong> \u00e9szlelni <strong>olyan felhaszn\u00e1l\u00f3k, akik gyakran l\u00e9pnek kapcsolatba a profiloddal<\/strong>. Olyan mutat\u00f3kat \u00e9rt\u00e9kelnek, mint p\u00e9ld\u00e1ul:\\n<\/p>\n\n\n\n<ul>\n<li>A bejegyz\u00e9seid l\u00e1jkjainak vagy hozz\u00e1sz\u00f3l\u00e1sainak sz\u00e1ma.<\/li>\n\n\n\n<li>A t\u00f6rt\u00e9neteid vagy vide\u00f3id megtekint\u00e9s\u00e9nek gyakoris\u00e1ga.<\/li>\n\n\n\n<li>V\u00e1ltoz\u00e1sok a k\u00f6vet\u0151id vagy az ismer\u0151seid list\u00e1j\u00e1ban.<\/li>\n<\/ul>\n\n\n\n<h4 class=\"wp-block-heading\"><strong>5. M\u0171k\u00f6dnek a l\u00e1togat\u00f3k\u00f6vet\u0151 alkalmaz\u00e1sok a WhatsAppon?<\/strong><\/h4>\n\n\n\n<p>A WhatsApp nem teszi lehet\u0151v\u00e9, hogy k\u00f6zvetlen\u00fcl l\u00e1sd, ki l\u00e1togatta meg a profilodat. Azonban olyan alkalmaz\u00e1sok, mint a <strong>K\u00f6z\u00f6ss\u00e9gi k\u00e9m<\/strong> eszk\u00f6z\u00f6ket k\u00edn\u00e1lnak <strong>interakci\u00f3k figyel\u00e9se a WhatsAppon<\/strong>, p\u00e9ld\u00e1ul annak ismerete, hogy ki n\u00e9zte meg a profilk\u00e9pedet vagy az \u00e1llapotodat a leggyakrabban.<\/p>\n\n\n\n<h4 class=\"wp-block-heading\"><strong>6. Ingyenesek a k\u00f6z\u00f6ss\u00e9gi m\u00e9dia figyel\u0151 alkalmaz\u00e1sok?<\/strong><\/h4>\n\n\n\n<p>Sok <strong>k\u00f6vet\u0151- \u00e9s l\u00e1togat\u00f3k\u00f6vet\u0151 alkalmaz\u00e1sok<\/strong> Ingyenes verzi\u00f3t k\u00edn\u00e1lnak korl\u00e1tozott funkci\u00f3kkal \u00e9s pr\u00e9mium verzi\u00f3kat r\u00e9szletesebb elemz\u00e9sekkel.<\/p>\n\n\n\n<p>Fizet\u00e9s el\u0151tt ellen\u0151rizze a v\u00e9lem\u00e9nyeket, \u00e9s gy\u0151z\u0151dj\u00f6n meg arr\u00f3l, hogy az alkalmaz\u00e1s megfelel az elv\u00e1r\u00e1sainak.<\/p>\n\n\n\n<h4 class=\"wp-block-heading\"><strong>7. Leg\u00e1lis-e alkalmaz\u00e1sokat haszn\u00e1lni a k\u00f6z\u00f6ss\u00e9gi oldalakon tett l\u00e1togat\u00e1sok nyomon k\u00f6vet\u00e9s\u00e9re?<\/strong><\/h4>\n\n\n\n<p>Igen, am\u00edg tiszteletben tartj\u00e1k <strong>Az Instagram, a Facebook \u00e9s a WhatsApp adatv\u00e9delmi ir\u00e1nyelvei<\/strong>.<\/p>\n\n\n\n<p>Ezeknek a p\u00e1ly\u00e1zatoknak a k\u00f6vetkez\u0151n kell alapulniuk: <strong>nyilv\u00e1nos adatok \u00e9s interakci\u00f3elemz\u00e9s<\/strong> ahelyett, hogy enged\u00e9ly n\u00e9lk\u00fcl hozz\u00e1f\u00e9rn\u00e9nek a szem\u00e9lyes adatokhoz.<\/p>\n\n\n\n<p>V\u00e1lasszon legitim, a szab\u00e1lyoz\u00e1soknak megfelel\u0151 alkalmaz\u00e1sokat, \u00e9s ker\u00fclje azokat, amelyek lehetetlen\u00fcl megszerezhet\u0151 adatokat \u00edg\u00e9rnek.<\/p>","protected":false},"excerpt":{"rendered":"<p>\u00bfAlguna vez te has preguntado qui\u00e9n visit\u00f3 tu perfil en las redes sociales? Ya sea en Instagram, Facebook o WhatsApp, muchas personas sienten curiosidad por saber qui\u00e9n est\u00e1 mirando sus fotos y publicaciones. Equipo de soporte Explora las aplicaciones a continuaci\u00f3n o contacta a nuestro equipo de soporte, ind\u00edcanos el tipo de perfil que buscas [&hellip;]<\/p>","protected":false},"author":139,"featured_media":8675,"comment_status":"closed","ping_status":"open","sticky":false,"template":"","format":"standard","meta":{"footnotes":""},"categories":[2],"tags":[1850,1852,1849,1853,1851],"yoast_head":"<!-- This site is optimized with the Yoast SEO plugin v23.3 - https:\/\/yoast.com\/wordpress\/plugins\/seo\/ -->\n<title>Descubre Qui\u00e9n Visita Tu Perfil - Universo Fam\u00edlia<\/title>\n<meta name=\"description\" content=\"Descubre Qui\u00e9n Visita Tu Perfil. \u00bfAlguna vez te has preguntado qui\u00e9n visit\u00f3 tu perfil en las redes sociales?\" \/>\n<meta name=\"robots\" content=\"index, follow, max-snippet:-1, max-image-preview:large, max-video-preview:-1\" \/>\n<link rel=\"canonical\" href=\"https:\/\/universofamilia.com\/hu\/descubre-quien-visita-tu-perfil\/\" \/>\n<meta property=\"og:locale\" content=\"hu_HU\" \/>\n<meta property=\"og:type\" content=\"article\" \/>\n<meta property=\"og:title\" content=\"Descubre Qui\u00e9n Visita Tu Perfil - Universo Fam\u00edlia\" \/>\n<meta property=\"og:description\" content=\"Descubre Qui\u00e9n Visita Tu Perfil. \u00bfAlguna vez te has preguntado qui\u00e9n visit\u00f3 tu perfil en las redes sociales?\" \/>\n<meta property=\"og:url\" content=\"https:\/\/universofamilia.com\/hu\/descubre-quien-visita-tu-perfil\/\" \/>\n<meta property=\"og:site_name\" content=\"Universo Fam\u00edlia\" \/>\n<meta property=\"article:published_time\" content=\"2025-02-11T14:26:53+00:00\" \/>\n<meta property=\"article:modified_time\" content=\"2025-02-13T19:00:19+00:00\" \/>\n<meta property=\"og:image\" content=\"https:\/\/universofamilia.com\/wp-content\/uploads\/sites\/148\/2025\/02\/POST-PARA-APP-ARTIGO-9.jpg\" \/>\n\t<meta property=\"og:image:width\" content=\"1080\" \/>\n\t<meta property=\"og:image:height\" content=\"1080\" \/>\n\t<meta property=\"og:image:type\" content=\"image\/jpeg\" \/>\n<meta name=\"author\" content=\"Pedro Henrique\" \/>\n<meta name=\"twitter:card\" content=\"summary_large_image\" \/>\n<meta name=\"twitter:label1\" content=\"Written by\" \/>\n\t<meta name=\"twitter:data1\" content=\"Pedro Henrique\" \/>\n\t<meta name=\"twitter:label2\" content=\"Est. reading time\" \/>\n\t<meta name=\"twitter:data2\" content=\"7 perc\" \/>\n<script type=\"application\/ld+json\" class=\"yoast-schema-graph\">{\"@context\":\"https:\/\/schema.org\",\"@graph\":[{\"@type\":\"WebPage\",\"@id\":\"https:\/\/universofamilia.com\/hu\/descubre-quien-visita-tu-perfil\/\",\"url\":\"https:\/\/universofamilia.com\/hu\/descubre-quien-visita-tu-perfil\/\",\"name\":\"Descubre Qui\u00e9n Visita Tu Perfil - Universo Fam\u00edlia\",\"isPartOf\":{\"@id\":\"https:\/\/universofamilia.com\/el\/#website\"},\"primaryImageOfPage\":{\"@id\":\"https:\/\/universofamilia.com\/hu\/descubre-quien-visita-tu-perfil\/#primaryimage\"},\"image\":{\"@id\":\"https:\/\/universofamilia.com\/hu\/descubre-quien-visita-tu-perfil\/#primaryimage\"},\"thumbnailUrl\":\"https:\/\/universofamilia.com\/wp-content\/uploads\/sites\/148\/2025\/02\/POST-PARA-APP-ARTIGO-9.jpg\",\"datePublished\":\"2025-02-11T14:26:53+00:00\",\"dateModified\":\"2025-02-13T19:00:19+00:00\",\"author\":{\"@id\":\"https:\/\/universofamilia.com\/el\/#\/schema\/person\/f07ce98187dd84d31154262e79b3b7ca\"},\"description\":\"Descubre Qui\u00e9n Visita Tu Perfil. \u00bfAlguna vez te has preguntado qui\u00e9n visit\u00f3 tu perfil en las redes sociales?\",\"breadcrumb\":{\"@id\":\"https:\/\/universofamilia.com\/hu\/descubre-quien-visita-tu-perfil\/#breadcrumb\"},\"inLanguage\":\"hu\",\"potentialAction\":[{\"@type\":\"ReadAction\",\"target\":[\"https:\/\/universofamilia.com\/hu\/descubre-quien-visita-tu-perfil\/\"]}]},{\"@type\":\"ImageObject\",\"inLanguage\":\"hu\",\"@id\":\"https:\/\/universofamilia.com\/hu\/descubre-quien-visita-tu-perfil\/#primaryimage\",\"url\":\"https:\/\/universofamilia.com\/wp-content\/uploads\/sites\/148\/2025\/02\/POST-PARA-APP-ARTIGO-9.jpg\",\"contentUrl\":\"https:\/\/universofamilia.com\/wp-content\/uploads\/sites\/148\/2025\/02\/POST-PARA-APP-ARTIGO-9.jpg\",\"width\":1080,\"height\":1080,\"caption\":\"Descubre Qui\u00e9n Visita Tu Perfil\"},{\"@type\":\"BreadcrumbList\",\"@id\":\"https:\/\/universofamilia.com\/hu\/descubre-quien-visita-tu-perfil\/#breadcrumb\",\"itemListElement\":[{\"@type\":\"ListItem\",\"position\":1,\"name\":\"Home\",\"item\":\"https:\/\/universofamilia.com\/el\/\"},{\"@type\":\"ListItem\",\"position\":2,\"name\":\"Descubre Qui\u00e9n Visita Tu Perfil\"}]},{\"@type\":\"WebSite\",\"@id\":\"https:\/\/universofamilia.com\/el\/#website\",\"url\":\"https:\/\/universofamilia.com\/el\/\",\"name\":\"Universo Fam\u00edlia\",\"description\":\"\",\"potentialAction\":[{\"@type\":\"SearchAction\",\"target\":{\"@type\":\"EntryPoint\",\"urlTemplate\":\"https:\/\/universofamilia.com\/el\/?s={search_term_string}\"},\"query-input\":\"required name=search_term_string\"}],\"inLanguage\":\"hu\"},{\"@type\":\"Person\",\"@id\":\"https:\/\/universofamilia.com\/el\/#\/schema\/person\/f07ce98187dd84d31154262e79b3b7ca\",\"name\":\"Pedro Henrique\",\"image\":{\"@type\":\"ImageObject\",\"inLanguage\":\"hu\",\"@id\":\"https:\/\/universofamilia.com\/el\/#\/schema\/person\/image\/\",\"url\":\"https:\/\/secure.gravatar.com\/avatar\/9edfeb808cb4e1599f64d6e45b130154?s=96&d=mm&r=g\",\"contentUrl\":\"https:\/\/secure.gravatar.com\/avatar\/9edfeb808cb4e1599f64d6e45b130154?s=96&d=mm&r=g\",\"caption\":\"Pedro Henrique\"},\"url\":\"https:\/\/universofamilia.com\/hu\/author\/editor01\/\"}]}<\/script>\n<!-- \/ Yoast SEO plugin. -->","yoast_head_json":{"title":"Descubre Qui\u00e9n Visita Tu Perfil - Universo Fam\u00edlia","description":"Descubre Qui\u00e9n Visita Tu Perfil. \u00bfAlguna vez te has preguntado qui\u00e9n visit\u00f3 tu perfil en las redes sociales?","robots":{"index":"index","follow":"follow","max-snippet":"max-snippet:-1","max-image-preview":"max-image-preview:large","max-video-preview":"max-video-preview:-1"},"canonical":"https:\/\/universofamilia.com\/hu\/descubre-quien-visita-tu-perfil\/","og_locale":"hu_HU","og_type":"article","og_title":"Descubre Qui\u00e9n Visita Tu Perfil - Universo Fam\u00edlia","og_description":"Descubre Qui\u00e9n Visita Tu Perfil. \u00bfAlguna vez te has preguntado qui\u00e9n visit\u00f3 tu perfil en las redes sociales?","og_url":"https:\/\/universofamilia.com\/hu\/descubre-quien-visita-tu-perfil\/","og_site_name":"Universo Fam\u00edlia","article_published_time":"2025-02-11T14:26:53+00:00","article_modified_time":"2025-02-13T19:00:19+00:00","og_image":[{"width":1080,"height":1080,"url":"https:\/\/universofamilia.com\/wp-content\/uploads\/sites\/148\/2025\/02\/POST-PARA-APP-ARTIGO-9.jpg","type":"image\/jpeg"}],"author":"Pedro Henrique","twitter_card":"summary_large_image","twitter_misc":{"Written by":"Pedro Henrique","Est. reading time":"7 perc"},"schema":{"@context":"https:\/\/schema.org","@graph":[{"@type":"WebPage","@id":"https:\/\/universofamilia.com\/hu\/descubre-quien-visita-tu-perfil\/","url":"https:\/\/universofamilia.com\/hu\/descubre-quien-visita-tu-perfil\/","name":"Descubre Qui\u00e9n Visita Tu Perfil - Universo Fam\u00edlia","isPartOf":{"@id":"https:\/\/universofamilia.com\/el\/#website"},"primaryImageOfPage":{"@id":"https:\/\/universofamilia.com\/hu\/descubre-quien-visita-tu-perfil\/#primaryimage"},"image":{"@id":"https:\/\/universofamilia.com\/hu\/descubre-quien-visita-tu-perfil\/#primaryimage"},"thumbnailUrl":"https:\/\/universofamilia.com\/wp-content\/uploads\/sites\/148\/2025\/02\/POST-PARA-APP-ARTIGO-9.jpg","datePublished":"2025-02-11T14:26:53+00:00","dateModified":"2025-02-13T19:00:19+00:00","author":{"@id":"https:\/\/universofamilia.com\/el\/#\/schema\/person\/f07ce98187dd84d31154262e79b3b7ca"},"description":"Descubre Qui\u00e9n Visita Tu Perfil. \u00bfAlguna vez te has preguntado qui\u00e9n visit\u00f3 tu perfil en las redes sociales?","breadcrumb":{"@id":"https:\/\/universofamilia.com\/hu\/descubre-quien-visita-tu-perfil\/#breadcrumb"},"inLanguage":"hu","potentialAction":[{"@type":"ReadAction","target":["https:\/\/universofamilia.com\/hu\/descubre-quien-visita-tu-perfil\/"]}]},{"@type":"ImageObject","inLanguage":"hu","@id":"https:\/\/universofamilia.com\/hu\/descubre-quien-visita-tu-perfil\/#primaryimage","url":"https:\/\/universofamilia.com\/wp-content\/uploads\/sites\/148\/2025\/02\/POST-PARA-APP-ARTIGO-9.jpg","contentUrl":"https:\/\/universofamilia.com\/wp-content\/uploads\/sites\/148\/2025\/02\/POST-PARA-APP-ARTIGO-9.jpg","width":1080,"height":1080,"caption":"Descubre Qui\u00e9n Visita Tu Perfil"},{"@type":"BreadcrumbList","@id":"https:\/\/universofamilia.com\/hu\/descubre-quien-visita-tu-perfil\/#breadcrumb","itemListElement":[{"@type":"ListItem","position":1,"name":"Home","item":"https:\/\/universofamilia.com\/el\/"},{"@type":"ListItem","position":2,"name":"Descubre Qui\u00e9n Visita Tu Perfil"}]},{"@type":"WebSite","@id":"https:\/\/universofamilia.com\/el\/#website","url":"https:\/\/universofamilia.com\/el\/","name":"Universo Fam\u00edlia","description":"","potentialAction":[{"@type":"SearchAction","target":{"@type":"EntryPoint","urlTemplate":"https:\/\/universofamilia.com\/el\/?s={search_term_string}"},"query-input":"required name=search_term_string"}],"inLanguage":"hu"},{"@type":"Person","@id":"https:\/\/universofamilia.com\/el\/#\/schema\/person\/f07ce98187dd84d31154262e79b3b7ca","name":"Pedro Henrique","image":{"@type":"ImageObject","inLanguage":"hu","@id":"https:\/\/universofamilia.com\/el\/#\/schema\/person\/image\/","url":"https:\/\/secure.gravatar.com\/avatar\/9edfeb808cb4e1599f64d6e45b130154?s=96&d=mm&r=g","contentUrl":"https:\/\/secure.gravatar.com\/avatar\/9edfeb808cb4e1599f64d6e45b130154?s=96&d=mm&r=g","caption":"Pedro Henrique"},"url":"https:\/\/universofamilia.com\/hu\/author\/editor01\/"}]}},"_links":{"self":[{"href":"https:\/\/universofamilia.com\/hu\/wp-json\/wp\/v2\/posts\/8674"}],"collection":[{"href":"https:\/\/universofamilia.com\/hu\/wp-json\/wp\/v2\/posts"}],"about":[{"href":"https:\/\/universofamilia.com\/hu\/wp-json\/wp\/v2\/types\/post"}],"author":[{"embeddable":true,"href":"https:\/\/universofamilia.com\/hu\/wp-json\/wp\/v2\/users\/139"}],"replies":[{"embeddable":true,"href":"https:\/\/universofamilia.com\/hu\/wp-json\/wp\/v2\/comments?post=8674"}],"version-history":[{"count":4,"href":"https:\/\/universofamilia.com\/hu\/wp-json\/wp\/v2\/posts\/8674\/revisions"}],"predecessor-version":[{"id":8757,"href":"https:\/\/universofamilia.com\/hu\/wp-json\/wp\/v2\/posts\/8674\/revisions\/8757"}],"wp:featuredmedia":[{"embeddable":true,"href":"https:\/\/universofamilia.com\/hu\/wp-json\/wp\/v2\/media\/8675"}],"wp:attachment":[{"href":"https:\/\/universofamilia.com\/hu\/wp-json\/wp\/v2\/media?parent=8674"}],"wp:term":[{"taxonomy":"category","embeddable":true,"href":"https:\/\/universofamilia.com\/hu\/wp-json\/wp\/v2\/categories?post=8674"},{"taxonomy":"post_tag","embeddable":true,"href":"https:\/\/universofamilia.com\/hu\/wp-json\/wp\/v2\/tags?post=8674"}],"curies":[{"name":"wp","href":"https:\/\/api.w.org\/{rel}","templated":true}]}}