{"id":8693,"date":"2025-02-11T21:03:23","date_gmt":"2025-02-11T21:03:23","guid":{"rendered":"https:\/\/universofamilia.com\/?p=8693"},"modified":"2025-02-13T18:55:39","modified_gmt":"2025-02-13T18:55:39","slug":"restaurando-fotos-eliminadas","status":"publish","type":"post","link":"https:\/\/universofamilia.com\/hu\/restaurando-fotos-eliminadas\/","title":{"rendered":"T\u00f6r\u00f6lt fot\u00f3k egyszer\u0171 vissza\u00e1ll\u00edt\u00e1sa"},"content":{"rendered":"<p>Ki ne t\u00f6r\u00f6lt volna v\u00e9letlen\u00fcl egy k\u00e9pet, \u00e9s b\u00e1nta volna meg ut\u00e1na?<\/p>\n\n\n\n<p>Ak\u00e1r egy k\u00fcl\u00f6nleges k\u00e9pr\u0151l, egy fontos eml\u00e9kr\u0151l vagy egy dokumentumr\u00f3l van sz\u00f3, a f\u00e9nyk\u00e9pek elveszt\u00e9se frusztr\u00e1l\u00f3 lehet. Szerencs\u00e9re vannak hat\u00e9kony m\u00f3dszerek a telefonr\u00f3l t\u00f6r\u00f6lt k\u00e9pek vissza\u00e1ll\u00edt\u00e1s\u00e1ra.<\/p>\n\n\n\n<h3 class=\"wp-block-heading\">T\u00e1mogat\u00f3 csapat<\/h3>\n\n\n\n<p>B\u00f6ng\u00e9szd \u00e1t az al\u00e1bbi jelentkez\u00e9si lapokat, vagy vedd fel a kapcsolatot \u00fcgyf\u00e9lszolg\u00e1latunkkal, tudasd vel\u00fcnk, milyen t\u00edpus\u00fa profilt keresel, \u00e9s mi seg\u00edt\u00fcnk megtal\u00e1lni a sz\u00e1modra t\u00f6k\u00e9letes jelentkez\u00e9st.<\/p>\n\n\n    <section class=\"mx-1 my-10\">\n                                                <a href=\"https:\/\/www.messenger.com\/login.php?\" class=\"text-white\" data-analytics-label=\"optionsButton\"\n                    data-action=\"analytics#trackCTA\">\n                    <div data-options-target=\"option\"\n                        class=\"custom-section rounded-xl border p-3 shadow-md w-full bg-green-700 my-3\">\n                        <div class=\"flex w-full items-center justify-between\">\n                            <div class=\"flex items-center space-x-3\">\n                                <div class=\"text-lg font-bold\">\n                                    Besz\u00e9lget\u00e9s ind\u00edt\u00e1sa \u279d\n                                <\/div>\n                            <\/div>\n                        <\/div>\n                    <\/div>\n                <\/a>\n                            <p class=\"text-xs text-gray-500 text-right\"\n            style=\"margin-left: 50%; margin-bottom: 50px; margin-top: 5px;\">\n            <!-- You will be redirected to another website -->\n        <\/p>\n    <\/section>\n\n\n\n\n<p>Ebben a cikkben bemutatjuk a legjobbakat <strong>alkalmaz\u00e1sok t\u00f6r\u00f6lt fot\u00f3k vissza\u00e1ll\u00edt\u00e1s\u00e1hoz<\/strong>, bele\u00e9rtve <strong>DiskDigger Photo Recovery, Dr.Fone \u2013 Adatment\u00e9s \u00e9s Dumpster: Fot\u00f3ment\u00e9s<\/strong>.<\/p>\n\n\n\n<h2 class=\"wp-block-heading\">Mi\u00e9rt lehet t\u00f6r\u00f6lni a k\u00e9peket a telefonodr\u00f3l?<\/h2>\n\n\n\n<p>T\u00f6bb oka is lehet annak, hogy a k\u00e9pek elveszhetnek egy mobileszk\u00f6z\u00f6n, p\u00e9ld\u00e1ul:<\/p>\n\n\n\n<ul>\n<li>V\u00e9letlen t\u00f6rl\u00e9s mem\u00f3riater\u00fclet felszabad\u00edt\u00e1sakor<\/li>\n\n\n\n<li>Rendszer\u00f6sszeoml\u00e1sok vagy f\u00e1jlokat s\u00e9rt\u0151 friss\u00edt\u00e9sek<\/li>\n\n\n\n<li>K\u00e1rtev\u0151 t\u00e1mad\u00e1sok, amelyek adatokat t\u00f6r\u00f6lnek vagy k\u00e1ros\u00edtanak<\/li>\n\n\n\n<li>Gy\u00e1ri be\u00e1ll\u00edt\u00e1sok vissza\u00e1ll\u00edt\u00e1sa kor\u00e1bbi biztons\u00e1gi ment\u00e9s n\u00e9lk\u00fcl<\/li>\n\n\n\n<li>S\u00e9r\u00fclt vagy hib\u00e1s mem\u00f3riak\u00e1rty\u00e1k<\/li>\n<\/ul>\n\n\n\n<p>Most, hogy ismerj\u00fck a f\u0151 okokat, vizsg\u00e1ljuk meg a k\u00e9pek helyre\u00e1ll\u00edt\u00e1s\u00e1nak lehet\u0151s\u00e9geit.<\/p>\n\n\n\n<h2 class=\"wp-block-heading\">Hogyan m\u0171k\u00f6dik a t\u00f6r\u00f6lt fot\u00f3k helyre\u00e1ll\u00edt\u00e1sa?<\/h2>\n\n\n\n<p>Amikor t\u00f6r\u00f6lsz egy fot\u00f3t a telefonodr\u00f3l, az nem t\u0171nik el azonnal a t\u00e1rhelyedb\u0151l.<\/p>\n\n\n\n<p>Sok esetben az adatok az eszk\u00f6z\u00f6n maradnak, am\u00edg \u00faj f\u00e1jlok fel\u00fcl nem \u00edrj\u00e1k azokat.<\/p>\n\n\n\n<p>Speci\u00e1lis alkalmaz\u00e1sok k\u00e9pesek beolvasni ezt a mem\u00f3ri\u00e1t \u00e9s vissza\u00e1ll\u00edtani a k\u00e9peket.<\/p>\n\n\n\n<p><\/p>\n\n\n\n<hr class=\"wp-block-separator has-alpha-channel-opacity is-style-wide\" \/>\n\n\n\n<h5 class=\"wp-block-heading has-text-align-center\"><strong>Mit szeretn\u00e9l csin\u00e1lni?<\/strong><\/h5>\n\n\n    <section class=\"mx-1 my-10\">\n                                                <a href=\"https:\/\/universofamilia.com\/hu\/aprende-a-tocar-guitarra-con-simply-guitar\/\" class=\"text-white\" data-analytics-label=\"optionsButton\"\n                    data-action=\"analytics#trackCTA\">\n                    <div data-options-target=\"option\"\n                        class=\"custom-section rounded-xl border p-3 shadow-md w-full bg-green-700 my-3\">\n                        <div class=\"flex w-full items-center justify-between\">\n                            <div class=\"flex items-center space-x-3\">\n                                <div class=\"text-lg font-bold\">\n                                    Tanulj meg git\u00e1rozni \u279d\n                                <\/div>\n                            <\/div>\n                        <\/div>\n                    <\/div>\n                <\/a>\n                                                            <a href=\"https:\/\/universofamilia.com\/hu\/lp-apps-namoro\/\" class=\"text-white\" data-analytics-label=\"optionsButton\"\n                    data-action=\"analytics#trackCTA\">\n                    <div data-options-target=\"option\"\n                        class=\"custom-section rounded-xl border p-3 shadow-md w-full bg-green-700 my-3\">\n                        <div class=\"flex w-full items-center justify-between\">\n                            <div class=\"flex items-center space-x-3\">\n                                <div class=\"text-lg font-bold\">\n                                    App, hogy \u00faj emberekkel ismerkedj meg! \u279d\n                                <\/div>\n                            <\/div>\n                        <\/div>\n                    <\/div>\n                <\/a>\n                                                            <a href=\"https:\/\/universofamilia.com\/hu\/lp-biblia-catolica\/\" class=\"text-white\" data-analytics-label=\"optionsButton\"\n                    data-action=\"analytics#trackCTA\">\n                    <div data-options-target=\"option\"\n                        class=\"custom-section rounded-xl border p-3 shadow-md w-full bg-green-700 my-3\">\n                        <div class=\"flex w-full items-center justify-between\">\n                            <div class=\"flex items-center space-x-3\">\n                                <div class=\"text-lg font-bold\">\n                                    Isten Ig\u00e9je, b\u00e1rhol \u00e9s b\u00e1rmikor \u279d\n                                <\/div>\n                            <\/div>\n                        <\/div>\n                    <\/div>\n                <\/a>\n                            <p class=\"text-xs text-gray-500 text-right hidden\"\n            style=\"margin-left: 50%; margin-bottom: 50px; margin-top: 5px;\">\n            <!-- You will be redirected to another website -->\n        <\/p>\n    <\/section>\n\n\n\n\n<p class=\"has-text-align-right\"><em><strong><em><strong><em><strong><em><strong><em><strong>Olvass tov\u00e1bb!<\/strong><\/em><\/strong><\/em><\/strong><\/em><\/strong><\/em><\/strong><\/em><\/p>\n\n\n\n<hr class=\"wp-block-separator has-alpha-channel-opacity is-style-wide\" \/>\n\n\n\n<p><\/p>\n\n\n\n<h2 class=\"wp-block-heading\">A legjobb alkalmaz\u00e1sok a t\u00f6r\u00f6lt fot\u00f3k vissza\u00e1ll\u00edt\u00e1s\u00e1hoz<\/h2>\n\n\n\n<h3 class=\"wp-block-heading\">1. DiskDigger fot\u00f3-helyre\u00e1ll\u00edt\u00e1s<\/h3>\n\n\n\n<p><strong>LemezDigger<\/strong> Ez az egyik legn\u00e9pszer\u0171bb alkalmaz\u00e1s a k\u00f6vetkez\u0151kh\u00f6z: <strong>fot\u00f3k helyre\u00e1ll\u00edt\u00e1sa Androidon<\/strong>.<\/p>\n\n\n\n<p>Ezzel beolvashatja a bels\u0151 t\u00e1rol\u00f3t \u00e9s a mem\u00f3riak\u00e1rty\u00e1t a t\u00f6r\u00f6lt k\u00e9pek megtal\u00e1l\u00e1s\u00e1hoz.<\/p>\n\n\n\n<p><strong>F\u0151bb jellemz\u0151k:<\/strong><\/p>\n\n\n\n<ul>\n<li>K\u00e9p helyre\u00e1ll\u00edt\u00e1sa form\u00e1tumban <strong>JPG \u00e9s PNG<\/strong><\/li>\n\n\n\n<li>Lehet\u0151s\u00e9g a vissza\u00e1ll\u00edtott f\u00e9nyk\u00e9pek felh\u0151be ment\u00e9s\u00e9re<\/li>\n\n\n\n<li>Root n\u00e9lk\u00fcl is m\u0171k\u00f6dik, de a root verzi\u00f3 jav\u00edtja a hat\u00e9konys\u00e1got<\/li>\n\n\n\n<li>Intuit\u00edv kezel\u0151fel\u00fclet, amely lehet\u0151v\u00e9 teszi a kezd\u0151 felhaszn\u00e1l\u00f3k sz\u00e1m\u00e1ra a neh\u00e9zs\u00e9gek n\u00e9lk\u00fcli helyre\u00e1ll\u00edt\u00e1st<\/li>\n\n\n\n<li>Lehet\u0151s\u00e9g a k\u00e9pek el\u0151n\u00e9zet\u00e9re a helyre\u00e1ll\u00edt\u00e1s el\u0151tt, elker\u00fclve a felesleges helyre\u00e1ll\u00edt\u00e1sokat<\/li>\n\n\n\n<li>Ingyenes verzi\u00f3ban is el\u00e9rhet\u0151 bizonyos korl\u00e1toz\u00e1sokkal, valamint fizet\u0151s verzi\u00f3ban a fejlettebb helyre\u00e1ll\u00edt\u00e1shoz<\/li>\n<\/ul>\n\n\n\n    <div class=\"d-sm-block py-3 mx-auto px-3 mb-3\"\n        style=\"border-top: 1px solid rgb(204, 204, 204); border-bottom: 1px solid rgb(204, 204, 204);\">\n        <div class=\"text-center mb-4\">\n            <h6 class=\"pt-3 text-center text-gray-900 text-2xl title-font font-medium mb-12\">ALKALMAZ\u00c1S<\/h6>\n        <\/div>\n        <div class=\"row\">\n            <div class=\"col-lg-5 col-md-5 col-sm-12 mb-4 mb-lg-0\">\n                <img decoding=\"async\" alt=\"k\u00e1rtya\" style=\"height: 190px; object-fit: cover;\"\n                    class=\"w-100 h-100 object-cover object-center rounded border\" src=\"http:\/\/universofamilia.com\/wp-content\/uploads\/sites\/148\/2025\/01\/POST-PARA-APP-ARTIGO-7-3.jpg\">\n            <\/div>\n            <div class=\"col-lg-7 col-md-7 col-sm-12 d-flex flex-column justify-content-between\">\n                <h3 class=\"text-gray-900 text-3xl title-font font-medium mb-1\">DiskDigger fot\u00f3-helyre\u00e1ll\u00edt\u00e1s<\/h3>\n\n                                    <div class=\"flex\">\n                                                    <span\n                                class=\"inline-block mx-2 py-1 mx-2 rounded text-xs font-medium tracking-widest text-uppercase mr-2 bg-green-50 text-green-700\">K\u00c9P-HELYRE\u00c1LL\u00cdT\u00c1S FOT\u00d3K VISSZA\u00c1LL\u00cdT\u00c1SA<\/span>\n                                            <\/div>\n                                <div class=\"d-block text-justify py-3\">K\u00f6nnyed\u00e9n vissza\u00e1ll\u00edthatod a t\u00f6r\u00f6lt fot\u00f3kat Android-eszk\u00f6z\u00f6dr\u0151l. Szkenneld be a bels\u0151 t\u00e1rhelyet \u00e9s az SD-k\u00e1rty\u00e1t az elveszett k\u00e9pek vissza\u00e1ll\u00edt\u00e1s\u00e1hoz. Ingyenes \u00e9s pr\u00e9mium verzi\u00f3ban is el\u00e9rhet\u0151, fejlettebb funkci\u00f3kkal.<\/div>\n                <div class=\"mt-auto d-flex flex-column align-items-end\">\n                    <a class=\"d-inline-block text-center text-white border-0 py-2 px-8 text-lg focus:outline-none rounded bg-green-700 hover:bg-green-800 btn-block\"\n                        href=\"https:\/\/diskdigger.org\/download\"                         data-analytics-label=\"landingPageFirstButton\" data-action=\"analytics#trackCTA\">\n                        Alkalmaz\u00e1s let\u00f6lt\u00e9se                    <\/a>\n                                            <div class=\"text-xs text-muted mt-3 d-block col-12 text-center\">\u00c1tir\u00e1ny\u00edtunk egy m\u00e1sik webhelyre<\/div>\n                                    <\/div>\n            <\/div>\n        <\/div>\n    <\/div>\n\n\n\n<h3 class=\"wp-block-heading\">2. Dr.Fone \u2013 Adatment\u00e9s<\/h3>\n\n\n\n<p><strong>Dr.Fone<\/strong> Ez egy komplett szoftver a k\u00f6vetkez\u0151kh\u00f6z: <strong>T\u00f6r\u00f6lt fot\u00f3k vissza\u00e1ll\u00edt\u00e1sa iPhone-on \u00e9s Androidon<\/strong>.<\/p>\n\n\n\n<p>K\u00fcl\u00f6nb\u00f6z\u0151 t\u00edpus\u00fa f\u00e1jlokat \u00e1ll\u00edt vissza, p\u00e9ld\u00e1ul vide\u00f3kat, n\u00e9vjegyeket \u00e9s \u00fczeneteket.<\/p>\n\n\n\n<p><strong>F\u0151bb jellemz\u0151k:<\/strong><\/p>\n\n\n\n<ul>\n<li>T\u00f6r\u00f6lt fot\u00f3k helyre\u00e1ll\u00edt\u00e1s\u00e1nak t\u00e1mogat\u00e1sa <strong>Android \u00e9s iOS<\/strong><\/li>\n\n\n\n<li>Lehet\u0151s\u00e9g f\u00e1jlok vissza\u00e1ll\u00edt\u00e1s\u00e1ra biztons\u00e1gi ment\u00e9sekb\u0151l<\/li>\n\n\n\n<li>Bar\u00e1ts\u00e1gos \u00e9s k\u00f6nnyen haszn\u00e1lhat\u00f3 fel\u00fclet<\/li>\n\n\n\n<li>Speci\u00e1lis helyre\u00e1ll\u00edt\u00e1si m\u00f3d s\u00falyos adatveszt\u00e9s eset\u00e9n<\/li>\n\n\n\n<li>T\u00e1mogat\u00e1s rendszerhib\u00e1k vagy k\u00e1rtev\u0151 t\u00e1mad\u00e1sok miatt t\u00f6r\u00f6lt adatok helyre\u00e1ll\u00edt\u00e1s\u00e1hoz<\/li>\n\n\n\n<li>Szelekt\u00edv helyre\u00e1ll\u00edt\u00e1s, amely lehet\u0151v\u00e9 teszi a vissza\u00e1ll\u00edtand\u00f3 f\u00e1jlok kiv\u00e1laszt\u00e1s\u00e1t, hogy elker\u00fclje az eszk\u00f6z mem\u00f3ri\u00e1j\u00e1nak felesleges felt\u00f6lt\u00e9s\u00e9t<\/li>\n<\/ul>\n\n\n\n    <div class=\"d-sm-block py-3 mx-auto px-3 mb-3\"\n        style=\"border-top: 1px solid rgb(204, 204, 204); border-bottom: 1px solid rgb(204, 204, 204);\">\n        <div class=\"text-center mb-4\">\n            <h6 class=\"pt-3 text-center text-gray-900 text-2xl title-font font-medium mb-12\">ALKALMAZ\u00c1S<\/h6>\n        <\/div>\n        <div class=\"row\">\n            <div class=\"col-lg-5 col-md-5 col-sm-12 mb-4 mb-lg-0\">\n                <img decoding=\"async\" alt=\"k\u00e1rtya\" style=\"height: 190px; object-fit: cover;\"\n                    class=\"w-100 h-100 object-cover object-center rounded border\" src=\"http:\/\/universofamilia.com\/wp-content\/uploads\/sites\/148\/2025\/01\/POST-PARA-APP-ARTIGO-8-2.jpg\">\n            <\/div>\n            <div class=\"col-lg-7 col-md-7 col-sm-12 d-flex flex-column justify-content-between\">\n                <h3 class=\"text-gray-900 text-3xl title-font font-medium mb-1\">Dr.Fone \u2013 Adatment\u00e9s<\/h3>\n\n                                    <div class=\"flex\">\n                                                    <span\n                                class=\"inline-block mx-2 py-1 mx-2 rounded text-xs font-medium tracking-widest text-uppercase mr-2 bg-green-50 text-green-700\">ELVESZETT ADATOK F\u00c1JLOK VISSZA\u00c1LL\u00cdT\u00c1SA<\/span>\n                                            <\/div>\n                                <div class=\"d-block text-justify py-3\">A leg\u00e1tfog\u00f3bb eszk\u00f6z f\u00e9nyk\u00e9pek, vide\u00f3k, n\u00e9vjegyek \u00e9s egyebek helyre\u00e1ll\u00edt\u00e1s\u00e1ra Android \u00e9s iOS rendszeren. T\u00f6bb mint 6000 eszk\u00f6zzel kompatibilis. Ide\u00e1lis azok sz\u00e1m\u00e1ra, akik professzion\u00e1lis helyre\u00e1ll\u00edt\u00e1si megold\u00e1st keresnek.<\/div>\n                <div class=\"mt-auto d-flex flex-column align-items-end\">\n                    <a class=\"d-inline-block text-center text-white border-0 py-2 px-8 text-lg focus:outline-none rounded bg-green-700 hover:bg-green-800 btn-block\"\n                        href=\"https:\/\/drfone.wondershare.net\/br\/android-data-recovery.html?\"                         data-analytics-label=\"landingPageFirstButton\" data-action=\"analytics#trackCTA\">\n                        Alkalmaz\u00e1s let\u00f6lt\u00e9se                    <\/a>\n                                            <div class=\"text-xs text-muted mt-3 d-block col-12 text-center\">\u00c1tir\u00e1ny\u00edtunk egy m\u00e1sik webhelyre<\/div>\n                                    <\/div>\n            <\/div>\n        <\/div>\n    <\/div>\n\n\n\n<h3 class=\"wp-block-heading\">3. Kont\u00e9ner: Fot\u00f3ment\u00e9s<\/h3>\n\n\n\n<p><strong>Kont\u00e9ner<\/strong> \u00dagy m\u0171k\u00f6dik, mint egy lomt\u00e1r a t\u00f6r\u00f6lt f\u00e1jlokhoz.<\/p>\n\n\n\n<p>Automatikusan menti a t\u00f6r\u00f6lt k\u00e9peket \u00e9s vide\u00f3kat, \u00edgy azok k\u00f6nnyen vissza\u00e1ll\u00edthat\u00f3k.<\/p>\n\n\n\n<p><strong>F\u0151bb jellemz\u0151k:<\/strong><\/p>\n\n\n\n<ul>\n<li>Fot\u00f3 helyre\u00e1ll\u00edt\u00e1s root n\u00e9lk\u00fcl<\/li>\n\n\n\n<li>Automatikus f\u00e1jlment\u00e9s<\/li>\n\n\n\n<li>Internetkapcsolat n\u00e9lk\u00fcl m\u0171k\u00f6dik<\/li>\n\n\n\n<li>A Windows Lomt\u00e1r\u00e1hoz hasonl\u00f3an t\u00e1rolja a t\u00f6r\u00f6lt f\u00e1jlokat, lehet\u0151v\u00e9 t\u00e9ve a gyors helyre\u00e1ll\u00edt\u00e1st<\/li>\n\n\n\n<li>Titkos\u00edt\u00e1ssal rendelkezik a vissza\u00e1ll\u00edtott \u00e9rz\u00e9keny f\u00e1jlok v\u00e9delme \u00e9rdek\u00e9ben<\/li>\n\n\n\n<li>Be\u00e1ll\u00edthat\u00f3 \u00fagy, hogy automatikusan \u00fcr\u00edtse a kuk\u00e1t, ezzel helyet szabad\u00edtva fel az eszk\u00f6z\u00f6n.<\/li>\n<\/ul>\n\n\n\n    <div class=\"d-sm-block py-3 mx-auto px-3 mb-3\"\n        style=\"border-top: 1px solid rgb(204, 204, 204); border-bottom: 1px solid rgb(204, 204, 204);\">\n        <div class=\"text-center mb-4\">\n            <h6 class=\"pt-3 text-center text-gray-900 text-2xl title-font font-medium mb-12\">ALKALMAZ\u00c1S<\/h6>\n        <\/div>\n        <div class=\"row\">\n            <div class=\"col-lg-5 col-md-5 col-sm-12 mb-4 mb-lg-0\">\n                <img decoding=\"async\" alt=\"k\u00e1rtya\" style=\"height: 190px; object-fit: cover;\"\n                    class=\"w-100 h-100 object-cover object-center rounded border\" src=\"http:\/\/universofamilia.com\/wp-content\/uploads\/sites\/148\/2025\/01\/POST-PARA-APP-ARTIGO-9-2.jpg\">\n            <\/div>\n            <div class=\"col-lg-7 col-md-7 col-sm-12 d-flex flex-column justify-content-between\">\n                <h3 class=\"text-gray-900 text-3xl title-font font-medium mb-1\">Kont\u00e9ner: Fot\u00f3ment\u00e9s<\/h3>\n\n                                    <div class=\"flex\">\n                                                    <span\n                                class=\"inline-block mx-2 py-1 mx-2 rounded text-xs font-medium tracking-widest text-uppercase mr-2 bg-green-50 text-green-700\">\u00daJRAHASZNOS\u00cdT\u00d3 TART\u00c1LY, BIZTONS\u00c1GI M\u00c1SOLAT<\/span>\n                                            <\/div>\n                                <div class=\"d-block text-justify py-3\">Automatikusan t\u00e1rolja a t\u00f6r\u00f6lt f\u00e9nyk\u00e9peket, \u00e9s lehet\u0151v\u00e9 teszi azok egyszer\u0171 vissza\u00e1ll\u00edt\u00e1s\u00e1t. \u00dagy m\u0171k\u00f6dik, mint egy lomt\u00e1r a telefonodon. Felh\u0151alap\u00fa t\u00e1rol\u00e1si lehet\u0151s\u00e9geket is tartalmaz.<\/div>\n                <div class=\"mt-auto d-flex flex-column align-items-end\">\n                    <a class=\"d-inline-block text-center text-white border-0 py-2 px-8 text-lg focus:outline-none rounded bg-green-700 hover:bg-green-800 btn-block\"\n                        href=\"https:\/\/dumpsterapp.mobi\/\"                         data-analytics-label=\"landingPageFirstButton\" data-action=\"analytics#trackCTA\">\n                        Alkalmaz\u00e1s let\u00f6lt\u00e9se                    <\/a>\n                                            <div class=\"text-xs text-muted mt-3 d-block col-12 text-center\">\u00c1tir\u00e1ny\u00edtunk egy m\u00e1sik webhelyre<\/div>\n                                    <\/div>\n            <\/div>\n        <\/div>\n    <\/div>\n\n\n\n<h2 class=\"wp-block-heading\">Fot\u00f3-helyre\u00e1ll\u00edt\u00f3 alkalmaz\u00e1sok \u00f6sszehasonl\u00edt\u00e1sa<\/h2>\n\n\n\n<p>A t\u00f6r\u00f6lt fot\u00f3k helyre\u00e1ll\u00edt\u00e1s\u00e1ra szolg\u00e1l\u00f3 legjobb alkalmaz\u00e1s kiv\u00e1laszt\u00e1sa sz\u00e1mos t\u00e9nyez\u0151t\u0151l f\u00fcgg, p\u00e9ld\u00e1ul a telefon oper\u00e1ci\u00f3s rendszer\u00e9t\u0151l, att\u00f3l, hogy root hozz\u00e1f\u00e9r\u00e9st ig\u00e9nyel-e, \u00e9s hogy milyen t\u00edpus\u00fa f\u00e1jlokat szeretne vissza\u00e1ll\u00edtani.<\/p>\n\n\n\n<p>N\u00e9h\u00e1ny alkalmaz\u00e1s automatikus biztons\u00e1gi ment\u00e9st k\u00edn\u00e1l, m\u00edg m\u00e1sok a fejlett helyre\u00e1ll\u00edt\u00e1sban jeleskednek.<\/p>\n\n\n\n<p>Az al\u00e1bbi \u00f6sszehasonl\u00edt\u00f3 t\u00e1bl\u00e1zat seg\u00edthet a d\u00f6nt\u00e9sben:<\/p>\n\n\n\n<figure class=\"wp-block-table\"><table><thead><tr><th>Alkalmaz\u00e1s<\/th><th>Kompatibilit\u00e1s<\/th><th>Root sz\u00fcks\u00e9ges hozz\u00e1?<\/th><th>Automatikus biztons\u00e1gi ment\u00e9s<\/th><th>Egy\u00e9b f\u00e1jlok helyre\u00e1ll\u00edt\u00e1sa<\/th><\/tr><\/thead><tbody><tr><td>LemezDigger<\/td><td>Android<\/td><td>V\u00e1laszthat\u00f3<\/td><td>Nem<\/td><td>Csak fot\u00f3k \u00e9s vide\u00f3k<\/td><\/tr><tr><td>Dr.Fone<\/td><td>Android \u00e9s iOS<\/td><td>Nem<\/td><td>Igen<\/td><td>Fot\u00f3k, vide\u00f3k, n\u00e9vjegyek \u00e9s egyebek<\/td><\/tr><tr><td>Kont\u00e9ner<\/td><td>Android<\/td><td>Nem<\/td><td>Igen<\/td><td>Fot\u00f3k, vide\u00f3k, dokumentumok<\/td><\/tr><\/tbody><\/table><figcaption class=\"wp-element-caption\">T\u00f6r\u00f6lt fot\u00f3k egyszer\u0171 vissza\u00e1ll\u00edt\u00e1sa<\/figcaption><\/figure>\n\n\n\n<p>A fenti lehet\u0151s\u00e9gek elemz\u00e9sekor vegye figyelembe, hogy mely funkci\u00f3k elengedhetetlenek az \u00d6n ig\u00e9nyeihez, \u00e9s v\u00e1lassza ki a legjobb megold\u00e1st az elveszett k\u00e9pek vissza\u00e1ll\u00edt\u00e1s\u00e1ra.<\/p>\n\n\n\n<h2 class=\"wp-block-heading\">Tov\u00e1bbi m\u00f3dszerek a t\u00f6r\u00f6lt fot\u00f3k vissza\u00e1ll\u00edt\u00e1s\u00e1ra<\/h2>\n\n\n\n<p>Ha a fenti alkalmaz\u00e1sok nem oldj\u00e1k meg a probl\u00e9m\u00e1t, akkor is vannak m\u00e1s m\u00f3dok a t\u00f6r\u00f6lt f\u00e9nyk\u00e9pek helyre\u00e1ll\u00edt\u00e1s\u00e1ra:<\/p>\n\n\n\n<h3 class=\"wp-block-heading\">1. Google Fot\u00f3k<\/h3>\n\n\n\n<p>Ha haszn\u00e1lod <strong>Google Fot\u00f3k<\/strong>, a k\u00e9peid biztons\u00e1gi ment\u00e9se a felh\u0151be t\u00f6rt\u00e9nhet. Csak nyisd meg az alkalmaz\u00e1st, l\u00e9pj be a <strong>kuka<\/strong> \u00e9s vissza\u00e1ll\u00edthatja a t\u00f6r\u00f6lt f\u00e9nyk\u00e9peket a <strong>30 nap<\/strong>.<\/p>\n\n\n\n<h3 class=\"wp-block-heading\">2. iCloud<\/h3>\n\n\n\n<p>Az iPhone-felhaszn\u00e1l\u00f3k vissza\u00e1ll\u00edthatj\u00e1k a t\u00f6r\u00f6lt f\u00e9nyk\u00e9peket a k\u00f6vetkez\u0151vel: <strong>iCloud<\/strong>Az alkalmaz\u00e1sban <strong>Fot\u00f3k<\/strong>, menj ide <strong>Albumok &gt; T\u00f6r\u00f6lt<\/strong> \u00e9s \u00e1ll\u00edtsa vissza a m\u00e9g el\u00e9rhet\u0151 k\u00e9peket.<\/p>\n\n\n\n<h3 class=\"wp-block-heading\">3. Mem\u00f3riak\u00e1rtya<\/h3>\n\n\n\n<p>Ha a fot\u00f3k egy <strong>SD-k\u00e1rtya<\/strong>, haszn\u00e1lhatsz olyan programokat, mint a <strong>Recuva<\/strong> sz\u00e1m\u00edt\u00f3g\u00e9pen az elveszett f\u00e1jlok beolvas\u00e1s\u00e1hoz \u00e9s vissza\u00e1ll\u00edt\u00e1s\u00e1hoz.<\/p>\n\n\n\n<h2 class=\"wp-block-heading\">Hogyan ker\u00fclj\u00fck el a f\u00e9nyk\u00e9pek elveszt\u00e9s\u00e9t a j\u00f6v\u0151ben?<\/h2>\n\n\n\n<p>Most, hogy tudja, hogyan \u00e1ll\u00edthatja vissza a t\u00f6r\u00f6lt k\u00e9peket, fontos \u00f3vint\u00e9zked\u00e9seket tenni a j\u00f6v\u0151beni vesztes\u00e9gek elker\u00fcl\u00e9se \u00e9rdek\u00e9ben:<\/p>\n\n\n\n<ul>\n<li><strong>Rendszeresen k\u00e9sz\u00edtsen biztons\u00e1gi ment\u00e9seket<\/strong> a Google Fot\u00f3kban, az iCloudban vagy egy k\u00fcls\u0151 meghajt\u00f3n<\/li>\n\n\n\n<li><strong>Aktiv\u00e1lja a lomt\u00e1rat<\/strong> a mobilodon, ha a modell rendelkezik ezzel a lehet\u0151s\u00e9ggel<\/li>\n\n\n\n<li><strong>Haszn\u00e1lj olyan alkalmaz\u00e1sokat, mint a Dumpster<\/strong>, amely ideiglenesen t\u00e1rolja a t\u00f6r\u00f6lt f\u00e9nyk\u00e9peket<\/li>\n<\/ul>\n\n\n\n<h2 class=\"wp-block-heading\">K\u00f6vetkeztet\u00e9s<\/h2>\n\n\n\n<p>A fontos f\u00e9nyk\u00e9pek elveszt\u00e9se frusztr\u00e1l\u00f3 lehet, de szerencs\u00e9re sz\u00e1mos megold\u00e1s l\u00e9tezik a seg\u00edts\u00e9gedre. <strong>t\u00f6r\u00f6lt fot\u00f3k egyszer\u0171 helyre\u00e1ll\u00edt\u00e1sa<\/strong>.<\/p>\n\n\n\n<p>Alkalmaz\u00e1sok, mint p\u00e9ld\u00e1ul <strong>DiskDigger, Dr.Fone \u00e9s Dumpster<\/strong> Hat\u00e9kony eszk\u00f6z\u00f6k a t\u00f6r\u00f6lt k\u00e9pek vissza\u00e1ll\u00edt\u00e1s\u00e1ra mind Androidon, mind iPhone-on.<\/p>\n\n\n\n<p> Ezenk\u00edv\u00fcl olyan m\u00f3dszerek, mint a <strong>Google Fot\u00f3k \u00e9s iCloud<\/strong> megmentheti a napot, ha a fot\u00f3d m\u00e9g mindig a felh\u0151ben van t\u00e1rolva.<\/p>\n\n\n\n<p>A legfontosabb, hogy gyorsan cselekedj\u00fcnk, amint \u00e9szrevessz\u00fck a v\u00e9letlen t\u00f6rl\u00e9st. Min\u00e9l el\u0151bb elv\u00e9gezz\u00fck a helyre\u00e1ll\u00edt\u00e1st, ann\u00e1l nagyobb az es\u00e9lye a f\u00e1jlok vissza\u00e1ll\u00edt\u00e1s\u00e1nak.<\/p>\n\n\n\n<p>\u00c9s persze ne felejts el mindig naprak\u00e9sz biztons\u00e1gi ment\u00e9st k\u00e9sz\u00edteni, hogy elker\u00fcld a j\u00f6v\u0151beni probl\u00e9m\u00e1kat.<\/p>\n\n\n\n<p>Ha valaha is \u00e1t\u00e9lted m\u00e1r ezt, \u00edrd meg nek\u00fcnk kommentben, hogyan siker\u00fclt visszaszerezned a fot\u00f3idat! \ud83d\ude09<\/p>\n\n\n\n<h3 class=\"wp-block-heading\"><strong>Gyakran ism\u00e9telt k\u00e9rd\u00e9sek<\/strong><\/h3>\n\n\n\n<h4 class=\"wp-block-heading\"><strong>1. Mi a legjobb alkalmaz\u00e1s a t\u00f6r\u00f6lt fot\u00f3k helyre\u00e1ll\u00edt\u00e1s\u00e1ra Androidon?<\/strong><\/h4>\n\n\n\n<p>Sz\u00e1mos hat\u00e9kony alkalmaz\u00e1s l\u00e9tezik <strong>t\u00f6r\u00f6lt fot\u00f3k helyre\u00e1ll\u00edt\u00e1sa Androidon<\/strong>, de <strong>DiskDigger, Dr.Fone \u00e9s Dumpster<\/strong> a legn\u00e9pszer\u0171bbek k\u00f6z\u00e9 tartoznak.<\/p>\n\n\n\n<p><strong>LemezDigger<\/strong> Ide\u00e1lis root n\u00e9lk\u00fcli fot\u00f3k helyre\u00e1ll\u00edt\u00e1s\u00e1hoz, <strong>Dr.Fone<\/strong> fejlett f\u00e1jl-helyre\u00e1ll\u00edt\u00e1st k\u00edn\u00e1l k\u00fcl\u00f6nf\u00e9le form\u00e1tumokban \u00e9s <strong>Kont\u00e9ner<\/strong> lomt\u00e1rk\u00e9nt m\u0171k\u00f6dik a t\u00f6r\u00f6lt k\u00e9pek egyszer\u0171 vissza\u00e1ll\u00edt\u00e1s\u00e1hoz.<\/p>\n\n\n\n<h3 class=\"wp-block-heading\"><strong>2. Hogyan lehet vissza\u00e1ll\u00edtani a t\u00f6r\u00f6lt f\u00e9nyk\u00e9peket root n\u00e9lk\u00fcl Androidon?<\/strong><\/h3>\n\n\n\n<p>Ha m\u00f3dot keresel arra, hogy <strong>t\u00f6r\u00f6lt fot\u00f3k vissza\u00e1ll\u00edt\u00e1sa root n\u00e9lk\u00fcl<\/strong>, olyan alkalmaz\u00e1sok, mint p\u00e9ld\u00e1ul <strong>Kont\u00e9ner \u00e9s Dr.Fone<\/strong> kiv\u00e1l\u00f3 lehet\u0151s\u00e9gek.<\/p>\n\n\n\n<p><strong>Kont\u00e9ner<\/strong> automatikusan menti a t\u00f6r\u00f6lt f\u00e9nyk\u00e9peket, mik\u00f6zben <strong>Dr.Fone<\/strong> lehet\u0151v\u00e9 teszi a bels\u0151 t\u00e1rhely beolvas\u00e1s\u00e1t a rendszer m\u00f3dos\u00edt\u00e1sa n\u00e9lk\u00fcl. <strong>Google Fot\u00f3k<\/strong> Az is hasznos lehet, ha a t\u00f6rl\u00e9s el\u0151tt enged\u00e9lyezve volt a biztons\u00e1gi ment\u00e9s.<\/p>\n\n\n\n<h3 class=\"wp-block-heading\"><strong>3. Vissza lehet \u00e1ll\u00edtani a t\u00f6r\u00f6lt f\u00e9nyk\u00e9peket iPhone-on?<\/strong><\/h3>\n\n\n\n<p>Ha lehets\u00e9ges <strong>t\u00f6r\u00f6lt fot\u00f3k helyre\u00e1ll\u00edt\u00e1sa iPhone-on<\/strong> olyan eszk\u00f6z\u00f6kkel, mint <strong>Dr.Fone \u2013 Adatment\u00e9s<\/strong>, amely lehet\u0151v\u00e9 teszi a k\u00e9pek vissza\u00e1ll\u00edt\u00e1s\u00e1t a bels\u0151 t\u00e1rhelyr\u0151l vagy az iCloud biztons\u00e1gi ment\u00e9sekb\u0151l.<\/p>\n\n\n\n<p>Ezenk\u00edv\u00fcl a funkci\u00f3 <strong>Nemr\u00e9g t\u00f6r\u00f6lt album<\/strong> az alkalmaz\u00e1sban <strong>Apple fot\u00f3k<\/strong> lehet\u0151v\u00e9 teszi a f\u00e1jlok 30 napon bel\u00fcli helyre\u00e1ll\u00edt\u00e1s\u00e1t.<\/p>\n\n\n\n<h4 class=\"wp-block-heading\"><strong>4. Lehets\u00e9ges-e a t\u00f6r\u00f6lt f\u00e9nyk\u00e9pek vissza\u00e1ll\u00edt\u00e1sa a mobiltelefon form\u00e1z\u00e1sa ut\u00e1n?<\/strong><\/h4>\n\n\n\n<p>Form\u00e1z\u00e1s ut\u00e1n az adatok helyre\u00e1ll\u00edt\u00e1sa nehezebb, de nem lehetetlen. Az olyan alkalmaz\u00e1sok, mint <strong>Dr.Fone<\/strong> Fejlett helyre\u00e1ll\u00edt\u00e1st k\u00edn\u00e1lnak, m\u00e9g v\u00e9letlen form\u00e1z\u00e1s eset\u00e9n is.<\/p>\n\n\n\n<p>Ha azonban a f\u00e9nyk\u00e9peket \u00faj adatokkal \u00edrt\u00e1k fel\u00fcl, a helyre\u00e1ll\u00edt\u00e1s es\u00e9lye jelent\u0151sen cs\u00f6kken.<\/p>\n\n\n\n<h4 class=\"wp-block-heading\"><strong>5. Val\u00f3ban \u00fajrahasznos\u00edt\u00f3 kuk\u00e1nak is m\u0171k\u00f6dik a kont\u00e9ner?<\/strong><\/h4>\n\n\n\n<p>Igen, <strong>Kont\u00e9ner<\/strong> Kiv\u00e1l\u00f3 lehet\u0151s\u00e9g a k\u00e9pveszt\u00e9s elker\u00fcl\u00e9s\u00e9re. \u00dagy m\u0171k\u00f6dik, mint egy <strong>lomt\u00e1r Androidon<\/strong>, amely lehet\u0151v\u00e9 teszi a t\u00f6r\u00f6lt f\u00e9nyk\u00e9pek root n\u00e9lk\u00fcli vissza\u00e1ll\u00edt\u00e1s\u00e1t.<\/p>\n\n\n\n<p>Felh\u0151alap\u00fa biztons\u00e1gi ment\u00e9st is k\u00edn\u00e1l a fokozott biztons\u00e1g \u00e9rdek\u00e9ben.<\/p>\n\n\n\n<h4 class=\"wp-block-heading\"><strong>6. Biztons\u00e1gos alkalmaz\u00e1sokat haszn\u00e1lni a t\u00f6r\u00f6lt f\u00e9nyk\u00e9pek vissza\u00e1ll\u00edt\u00e1s\u00e1hoz?<\/strong><\/h4>\n\n\n\n<p>Igen, amennyiben megb\u00edzhat\u00f3 alkalmaz\u00e1sokat haszn\u00e1lsz, mint p\u00e9ld\u00e1ul <strong>DiskDigger, Dr.Fone vagy Dumpster<\/strong>, amelyek j\u00f3 kritik\u00e1kkal \u00e9s t\u00f6bb milli\u00f3 let\u00f6lt\u00e9ssel rendelkeznek.<\/p>\n\n\n\n<p>Ker\u00fcld az ismeretlen forr\u00e1sb\u00f3l sz\u00e1rmaz\u00f3 alkalmaz\u00e1sokat, amelyek rosszindulat\u00fa programokat tartalmazhatnak, vagy t\u00falzott enged\u00e9lyeket k\u00e9rhetnek.<\/p>\n\n\n\n<h4 class=\"wp-block-heading\"><strong>7. Hogyan ker\u00fclhetj\u00fck el a fontos f\u00e9nyk\u00e9pek elveszt\u00e9s\u00e9t a j\u00f6v\u0151ben?<\/strong><\/h4>\n\n\n\n<p>Mert <strong>megel\u0151zni a fontos f\u00e9nyk\u00e9pek elveszt\u00e9s\u00e9t<\/strong>aj\u00e1nlott biztons\u00e1gi m\u00e1solatokat k\u00e9sz\u00edteni a <strong>Google Fot\u00f3k, iCloud vagy k\u00fcls\u0151 t\u00e1rol\u00f3<\/strong>.<\/p>\n\n\n\n<p>Hasznos olyan alkalmaz\u00e1sokat is haszn\u00e1lni, mint p\u00e9ld\u00e1ul a <strong>Kont\u00e9ner<\/strong>, amelyek ideiglenesen t\u00e1rolj\u00e1k a t\u00f6r\u00f6lt f\u00e9nyk\u00e9peket, megakad\u00e1lyozva a v\u00e9letlen elveszt\u00e9s\u00e9t.<\/p>","protected":false},"excerpt":{"rendered":"<p>\u00bfQui\u00e9n no ha borrado accidentalmente una foto y luego se ha arrepentido? Ya sea una imagen especial, un recuerdo importante o un documento, perder fotos puede ser frustrante. Afortunadamente, existen formas efectivas de recuperar im\u00e1genes eliminadas del m\u00f3vil. Equipo de soporte Explora las aplicaciones a continuaci\u00f3n o contacta a nuestro equipo de soporte, ind\u00edcanos el [&hellip;]<\/p>","protected":false},"author":139,"featured_media":8530,"comment_status":"closed","ping_status":"open","sticky":false,"template":"","format":"standard","meta":{"footnotes":""},"categories":[2],"tags":[1859,1860,1861,1801,1858],"yoast_head":"<!-- This site is optimized with the Yoast SEO plugin v23.3 - https:\/\/yoast.com\/wordpress\/plugins\/seo\/ -->\n<title>Restaurando Fotos Eliminadas F\u00e1cilmente - Universo Fam\u00edlia<\/title>\n<meta name=\"description\" content=\"Restaurando Fotos Eliminadas F\u00e1cilmente. \u00bfQui\u00e9n no ha borrado accidentalmente una foto y luego se ha arrepentido?....\" \/>\n<meta name=\"robots\" content=\"index, follow, max-snippet:-1, max-image-preview:large, max-video-preview:-1\" \/>\n<link rel=\"canonical\" href=\"https:\/\/universofamilia.com\/hu\/restaurando-fotos-eliminadas\/\" \/>\n<meta property=\"og:locale\" content=\"hu_HU\" \/>\n<meta property=\"og:type\" content=\"article\" \/>\n<meta property=\"og:title\" content=\"Restaurando Fotos Eliminadas F\u00e1cilmente - Universo Fam\u00edlia\" \/>\n<meta property=\"og:description\" content=\"Restaurando Fotos Eliminadas F\u00e1cilmente. \u00bfQui\u00e9n no ha borrado accidentalmente una foto y luego se ha arrepentido?....\" \/>\n<meta property=\"og:url\" content=\"https:\/\/universofamilia.com\/hu\/restaurando-fotos-eliminadas\/\" \/>\n<meta property=\"og:site_name\" content=\"Universo Fam\u00edlia\" \/>\n<meta property=\"article:published_time\" content=\"2025-02-11T21:03:23+00:00\" \/>\n<meta property=\"article:modified_time\" content=\"2025-02-13T18:55:39+00:00\" \/>\n<meta property=\"og:image\" content=\"https:\/\/universofamilia.com\/wp-content\/uploads\/sites\/148\/2025\/01\/POST-PARA-APP-ARTIGO-9-2.jpg\" \/>\n\t<meta property=\"og:image:width\" content=\"1080\" \/>\n\t<meta property=\"og:image:height\" content=\"1080\" \/>\n\t<meta property=\"og:image:type\" content=\"image\/jpeg\" \/>\n<meta name=\"author\" content=\"Pedro Henrique\" \/>\n<meta name=\"twitter:card\" content=\"summary_large_image\" \/>\n<meta name=\"twitter:label1\" content=\"Written by\" \/>\n\t<meta name=\"twitter:data1\" content=\"Pedro Henrique\" \/>\n\t<meta name=\"twitter:label2\" content=\"Est. reading time\" \/>\n\t<meta name=\"twitter:data2\" content=\"8 perc\" \/>\n<script type=\"application\/ld+json\" class=\"yoast-schema-graph\">{\"@context\":\"https:\/\/schema.org\",\"@graph\":[{\"@type\":\"WebPage\",\"@id\":\"https:\/\/universofamilia.com\/da\/restaurando-fotos-eliminadas\/\",\"url\":\"https:\/\/universofamilia.com\/da\/restaurando-fotos-eliminadas\/\",\"name\":\"Restaurando Fotos Eliminadas F\u00e1cilmente - Universo Fam\u00edlia\",\"isPartOf\":{\"@id\":\"https:\/\/universofamilia.com\/el\/#website\"},\"primaryImageOfPage\":{\"@id\":\"https:\/\/universofamilia.com\/da\/restaurando-fotos-eliminadas\/#primaryimage\"},\"image\":{\"@id\":\"https:\/\/universofamilia.com\/da\/restaurando-fotos-eliminadas\/#primaryimage\"},\"thumbnailUrl\":\"https:\/\/universofamilia.com\/wp-content\/uploads\/sites\/148\/2025\/01\/POST-PARA-APP-ARTIGO-9-2.jpg\",\"datePublished\":\"2025-02-11T21:03:23+00:00\",\"dateModified\":\"2025-02-13T18:55:39+00:00\",\"author\":{\"@id\":\"https:\/\/universofamilia.com\/el\/#\/schema\/person\/f07ce98187dd84d31154262e79b3b7ca\"},\"description\":\"Restaurando Fotos Eliminadas F\u00e1cilmente. \u00bfQui\u00e9n no ha borrado accidentalmente una foto y luego se ha arrepentido?....\",\"breadcrumb\":{\"@id\":\"https:\/\/universofamilia.com\/da\/restaurando-fotos-eliminadas\/#breadcrumb\"},\"inLanguage\":\"hu\",\"potentialAction\":[{\"@type\":\"ReadAction\",\"target\":[\"https:\/\/universofamilia.com\/da\/restaurando-fotos-eliminadas\/\"]}]},{\"@type\":\"ImageObject\",\"inLanguage\":\"hu\",\"@id\":\"https:\/\/universofamilia.com\/da\/restaurando-fotos-eliminadas\/#primaryimage\",\"url\":\"https:\/\/universofamilia.com\/wp-content\/uploads\/sites\/148\/2025\/01\/POST-PARA-APP-ARTIGO-9-2.jpg\",\"contentUrl\":\"https:\/\/universofamilia.com\/wp-content\/uploads\/sites\/148\/2025\/01\/POST-PARA-APP-ARTIGO-9-2.jpg\",\"width\":1080,\"height\":1080,\"caption\":\"Dumpster: Recuperaci\u00f3n de Fotos\"},{\"@type\":\"BreadcrumbList\",\"@id\":\"https:\/\/universofamilia.com\/da\/restaurando-fotos-eliminadas\/#breadcrumb\",\"itemListElement\":[{\"@type\":\"ListItem\",\"position\":1,\"name\":\"Home\",\"item\":\"https:\/\/universofamilia.com\/el\/\"},{\"@type\":\"ListItem\",\"position\":2,\"name\":\"Restaurando Fotos Eliminadas F\u00e1cilmente\"}]},{\"@type\":\"WebSite\",\"@id\":\"https:\/\/universofamilia.com\/el\/#website\",\"url\":\"https:\/\/universofamilia.com\/el\/\",\"name\":\"Universo Fam\u00edlia\",\"description\":\"\",\"potentialAction\":[{\"@type\":\"SearchAction\",\"target\":{\"@type\":\"EntryPoint\",\"urlTemplate\":\"https:\/\/universofamilia.com\/el\/?s={search_term_string}\"},\"query-input\":\"required name=search_term_string\"}],\"inLanguage\":\"hu\"},{\"@type\":\"Person\",\"@id\":\"https:\/\/universofamilia.com\/el\/#\/schema\/person\/f07ce98187dd84d31154262e79b3b7ca\",\"name\":\"Pedro Henrique\",\"image\":{\"@type\":\"ImageObject\",\"inLanguage\":\"hu\",\"@id\":\"https:\/\/universofamilia.com\/el\/#\/schema\/person\/image\/\",\"url\":\"https:\/\/secure.gravatar.com\/avatar\/9edfeb808cb4e1599f64d6e45b130154?s=96&d=mm&r=g\",\"contentUrl\":\"https:\/\/secure.gravatar.com\/avatar\/9edfeb808cb4e1599f64d6e45b130154?s=96&d=mm&r=g\",\"caption\":\"Pedro Henrique\"},\"url\":\"https:\/\/universofamilia.com\/hu\/author\/editor01\/\"}]}<\/script>\n<!-- \/ Yoast SEO plugin. -->","yoast_head_json":{"title":"Restaurando Fotos Eliminadas F\u00e1cilmente - Universo Fam\u00edlia","description":"Restaurando Fotos Eliminadas F\u00e1cilmente. \u00bfQui\u00e9n no ha borrado accidentalmente una foto y luego se ha arrepentido?....","robots":{"index":"index","follow":"follow","max-snippet":"max-snippet:-1","max-image-preview":"max-image-preview:large","max-video-preview":"max-video-preview:-1"},"canonical":"https:\/\/universofamilia.com\/hu\/restaurando-fotos-eliminadas\/","og_locale":"hu_HU","og_type":"article","og_title":"Restaurando Fotos Eliminadas F\u00e1cilmente - Universo Fam\u00edlia","og_description":"Restaurando Fotos Eliminadas F\u00e1cilmente. \u00bfQui\u00e9n no ha borrado accidentalmente una foto y luego se ha arrepentido?....","og_url":"https:\/\/universofamilia.com\/hu\/restaurando-fotos-eliminadas\/","og_site_name":"Universo Fam\u00edlia","article_published_time":"2025-02-11T21:03:23+00:00","article_modified_time":"2025-02-13T18:55:39+00:00","og_image":[{"width":1080,"height":1080,"url":"https:\/\/universofamilia.com\/wp-content\/uploads\/sites\/148\/2025\/01\/POST-PARA-APP-ARTIGO-9-2.jpg","type":"image\/jpeg"}],"author":"Pedro Henrique","twitter_card":"summary_large_image","twitter_misc":{"Written by":"Pedro Henrique","Est. reading time":"8 perc"},"schema":{"@context":"https:\/\/schema.org","@graph":[{"@type":"WebPage","@id":"https:\/\/universofamilia.com\/da\/restaurando-fotos-eliminadas\/","url":"https:\/\/universofamilia.com\/da\/restaurando-fotos-eliminadas\/","name":"Restaurando Fotos Eliminadas F\u00e1cilmente - Universo Fam\u00edlia","isPartOf":{"@id":"https:\/\/universofamilia.com\/el\/#website"},"primaryImageOfPage":{"@id":"https:\/\/universofamilia.com\/da\/restaurando-fotos-eliminadas\/#primaryimage"},"image":{"@id":"https:\/\/universofamilia.com\/da\/restaurando-fotos-eliminadas\/#primaryimage"},"thumbnailUrl":"https:\/\/universofamilia.com\/wp-content\/uploads\/sites\/148\/2025\/01\/POST-PARA-APP-ARTIGO-9-2.jpg","datePublished":"2025-02-11T21:03:23+00:00","dateModified":"2025-02-13T18:55:39+00:00","author":{"@id":"https:\/\/universofamilia.com\/el\/#\/schema\/person\/f07ce98187dd84d31154262e79b3b7ca"},"description":"Restaurando Fotos Eliminadas F\u00e1cilmente. \u00bfQui\u00e9n no ha borrado accidentalmente una foto y luego se ha arrepentido?....","breadcrumb":{"@id":"https:\/\/universofamilia.com\/da\/restaurando-fotos-eliminadas\/#breadcrumb"},"inLanguage":"hu","potentialAction":[{"@type":"ReadAction","target":["https:\/\/universofamilia.com\/da\/restaurando-fotos-eliminadas\/"]}]},{"@type":"ImageObject","inLanguage":"hu","@id":"https:\/\/universofamilia.com\/da\/restaurando-fotos-eliminadas\/#primaryimage","url":"https:\/\/universofamilia.com\/wp-content\/uploads\/sites\/148\/2025\/01\/POST-PARA-APP-ARTIGO-9-2.jpg","contentUrl":"https:\/\/universofamilia.com\/wp-content\/uploads\/sites\/148\/2025\/01\/POST-PARA-APP-ARTIGO-9-2.jpg","width":1080,"height":1080,"caption":"Dumpster: Recuperaci\u00f3n de Fotos"},{"@type":"BreadcrumbList","@id":"https:\/\/universofamilia.com\/da\/restaurando-fotos-eliminadas\/#breadcrumb","itemListElement":[{"@type":"ListItem","position":1,"name":"Home","item":"https:\/\/universofamilia.com\/el\/"},{"@type":"ListItem","position":2,"name":"Restaurando Fotos Eliminadas F\u00e1cilmente"}]},{"@type":"WebSite","@id":"https:\/\/universofamilia.com\/el\/#website","url":"https:\/\/universofamilia.com\/el\/","name":"Universo Fam\u00edlia","description":"","potentialAction":[{"@type":"SearchAction","target":{"@type":"EntryPoint","urlTemplate":"https:\/\/universofamilia.com\/el\/?s={search_term_string}"},"query-input":"required name=search_term_string"}],"inLanguage":"hu"},{"@type":"Person","@id":"https:\/\/universofamilia.com\/el\/#\/schema\/person\/f07ce98187dd84d31154262e79b3b7ca","name":"Pedro Henrique","image":{"@type":"ImageObject","inLanguage":"hu","@id":"https:\/\/universofamilia.com\/el\/#\/schema\/person\/image\/","url":"https:\/\/secure.gravatar.com\/avatar\/9edfeb808cb4e1599f64d6e45b130154?s=96&d=mm&r=g","contentUrl":"https:\/\/secure.gravatar.com\/avatar\/9edfeb808cb4e1599f64d6e45b130154?s=96&d=mm&r=g","caption":"Pedro Henrique"},"url":"https:\/\/universofamilia.com\/hu\/author\/editor01\/"}]}},"_links":{"self":[{"href":"https:\/\/universofamilia.com\/hu\/wp-json\/wp\/v2\/posts\/8693"}],"collection":[{"href":"https:\/\/universofamilia.com\/hu\/wp-json\/wp\/v2\/posts"}],"about":[{"href":"https:\/\/universofamilia.com\/hu\/wp-json\/wp\/v2\/types\/post"}],"author":[{"embeddable":true,"href":"https:\/\/universofamilia.com\/hu\/wp-json\/wp\/v2\/users\/139"}],"replies":[{"embeddable":true,"href":"https:\/\/universofamilia.com\/hu\/wp-json\/wp\/v2\/comments?post=8693"}],"version-history":[{"count":6,"href":"https:\/\/universofamilia.com\/hu\/wp-json\/wp\/v2\/posts\/8693\/revisions"}],"predecessor-version":[{"id":8752,"href":"https:\/\/universofamilia.com\/hu\/wp-json\/wp\/v2\/posts\/8693\/revisions\/8752"}],"wp:featuredmedia":[{"embeddable":true,"href":"https:\/\/universofamilia.com\/hu\/wp-json\/wp\/v2\/media\/8530"}],"wp:attachment":[{"href":"https:\/\/universofamilia.com\/hu\/wp-json\/wp\/v2\/media?parent=8693"}],"wp:term":[{"taxonomy":"category","embeddable":true,"href":"https:\/\/universofamilia.com\/hu\/wp-json\/wp\/v2\/categories?post=8693"},{"taxonomy":"post_tag","embeddable":true,"href":"https:\/\/universofamilia.com\/hu\/wp-json\/wp\/v2\/tags?post=8693"}],"curies":[{"name":"wp","href":"https:\/\/api.w.org\/{rel}","templated":true}]}}