{"id":8774,"date":"2025-02-14T14:29:53","date_gmt":"2025-02-14T14:29:53","guid":{"rendered":"https:\/\/universofamilia.com\/?p=8774"},"modified":"2025-02-14T19:56:22","modified_gmt":"2025-02-14T19:56:22","slug":"descubre-quien-visita-tu-perfil-y-no-lo-sabes","status":"publish","type":"post","link":"https:\/\/universofamilia.com\/hu\/descubre-quien-visita-tu-perfil-y-no-lo-sabes\/","title":{"rendered":"Tudd meg, ki l\u00e1togatja a profilodat, \u00e9s te nem is tudsz r\u00f3la"},"content":{"rendered":"<p><\/p>\n\n\n\n<hr class=\"wp-block-separator has-alpha-channel-opacity is-style-wide\" \/>\n\n\n\n<h5 class=\"wp-block-heading has-text-align-center\"><strong>Mit szeretn\u00e9l el\u0151sz\u00f6r csin\u00e1lni?<\/strong><\/h5>\n\n\n    <section class=\"mx-1 my-10\">\n                                                <a href=\"https:\/\/universofamilia.com\/hu\/lp-dating-apps-0001\/\" class=\"text-white\" data-analytics-label=\"optionsButton\"\n                    data-action=\"analytics#trackCTA\">\n                    <div data-options-target=\"option\"\n                        class=\"custom-section rounded-xl border p-3 shadow-md w-full bg-green-700 my-3\">\n                        <div class=\"flex w-full items-center justify-between\">\n                            <div class=\"flex items-center space-x-3\">\n                                <div class=\"text-lg font-bold\">\n                                    \ud83d\udc96 Fedezd fel \u00fajra a szerelmet \u279d\n                                <\/div>\n                            <\/div>\n                        <\/div>\n                    <\/div>\n                <\/a>\n                                                            <a href=\"https:\/\/universofamilia.com\/hu\/lp-biblia-catolica\/\" class=\"text-white\" data-analytics-label=\"optionsButton\"\n                    data-action=\"analytics#trackCTA\">\n                    <div data-options-target=\"option\"\n                        class=\"custom-section rounded-xl border p-3 shadow-md w-full bg-green-700 my-3\">\n                        <div class=\"flex w-full items-center justify-between\">\n                            <div class=\"flex items-center space-x-3\">\n                                <div class=\"text-lg font-bold\">\n                                    \ud83d\udcd6 Vidd magaddal a hited \u279d\n                                <\/div>\n                            <\/div>\n                        <\/div>\n                    <\/div>\n                <\/a>\n                                                            <a href=\"https:\/\/universofamilia.com\/hu\/conectate-al-wifi-gratuito-con-estas-aplicaciones\/\" class=\"text-white\" data-analytics-label=\"optionsButton\"\n                    data-action=\"analytics#trackCTA\">\n                    <div data-options-target=\"option\"\n                        class=\"custom-section rounded-xl border p-3 shadow-md w-full bg-green-700 my-3\">\n                        <div class=\"flex w-full items-center justify-between\">\n                            <div class=\"flex items-center space-x-3\">\n                                <div class=\"text-lg font-bold\">\n                                    \ud83d\udcf6 Egyszer\u0171 ingyenes WiFi \u279d\n                                <\/div>\n                            <\/div>\n                        <\/div>\n                    <\/div>\n                <\/a>\n                            <p class=\"text-xs text-gray-500 text-right hidden\"\n            style=\"margin-left: 50%; margin-bottom: 50px; margin-top: 5px;\">\n            <!-- You will be redirected to another website -->\n        <\/p>\n    <\/section>\n\n\n\n\n<p class=\"has-text-align-right\"><em><strong><em><strong><em><strong><em><strong><em><strong>Ugyanott maradsz<\/strong><\/em><\/strong><\/em><\/strong><\/em><\/strong><\/em><\/strong><\/em><\/p>\n\n\n\n<hr class=\"wp-block-separator has-alpha-channel-opacity is-style-wide\" \/>\n\n\n\n<p><\/p>\n\n\n\n<p class=\"has-text-align-center\">\ud83d\udd25 <strong>Szeretn\u00e9d tudni, hogy kik l\u00e1togatj\u00e1k a k\u00f6z\u00f6ss\u00e9gi m\u00e9dia profilodat?<\/strong> \ud83d\udc40 Ne agg\u00f3dj! N\u00e9zd meg, kivel kommunik\u00e1lsz most, \u00e9s \u00e1mulj el \ud83d\ude31<\/p>\n\n\n\n<p><\/p>\n\n\n\n    <div class=\"d-sm-block py-3 mx-auto px-3 mb-3\"\n        style=\"border-top: 1px solid rgb(204, 204, 204); border-bottom: 1px solid rgb(204, 204, 204);\">\n        <div class=\"text-center mb-4\">\n            <h6 class=\"pt-3 text-center text-gray-900 text-2xl title-font font-medium mb-12\">\ud83d\udcf2 T\u00f6ltsd le a legjobb alkalmaz\u00e1st \u00e9s pr\u00f3b\u00e1ld ki M\u00c9G MA! \ud83d\ude80\u2728<\/h6>\n        <\/div>\n        <div class=\"row\">\n            <div class=\"col-lg-5 col-md-5 col-sm-12 mb-4 mb-lg-0\">\n                <img decoding=\"async\" alt=\"k\u00e1rtya\" style=\"height: 190px; object-fit: cover;\"\n                    class=\"w-100 h-100 object-cover object-center rounded border\" src=\"http:\/\/universofamilia.com\/wp-content\/uploads\/sites\/148\/2025\/02\/POST-PARA-APP-ARTIGO-14.jpg\">\n            <\/div>\n            <div class=\"col-lg-7 col-md-7 col-sm-12 d-flex flex-column justify-content-between\">\n                <h3 class=\"text-gray-900 text-3xl title-font font-medium mb-1\"><\/h3>\n\n                                <div class=\"d-block text-justify py-3\">Fejlett elemz\u00e9si funkci\u00f3inak k\u00f6sz\u00f6nhet\u0151en figyelemmel k\u00eds\u00e9rheted a k\u00f6vet\u0151idet, \u00e9szlelheted, hogy kik hagyt\u00e1k abba a k\u00f6vet\u00e9sedet, \u00e9s r\u00e9szletes jelent\u00e9seket kaphatsz a k\u00f6z\u00f6ss\u00e9gi m\u00e9dia aktivit\u00e1sodr\u00f3l. \ud83d\udcca\ud83d\udd25 Intuit\u00edv kezel\u0151fel\u00fclete \u00e9s prec\u00edz funkci\u00f3i ide\u00e1lis eszk\u00f6zz\u00e9 teszik azok sz\u00e1m\u00e1ra, akik szeretn\u00e9k k\u00e9zben tartani a profiljukat.<\/div>\n                <div class=\"mt-auto d-flex flex-column align-items-end\">\n                    <a class=\"d-inline-block text-center text-white border-0 py-2 px-8 text-lg focus:outline-none rounded bg-green-700 hover:bg-green-800 btn-block\"\n                        href=\"https:\/\/influxy.br.uptodown.com\/android\"                         data-analytics-label=\"landingPageFirstButton\" data-action=\"analytics#trackCTA\">\n                        Alkalmaz\u00e1s let\u00f6lt\u00e9se                    <\/a>\n                                            <div class=\"text-xs text-muted mt-3 d-block col-12 text-center\">Ugyanott maradsz<\/div>\n                                    <\/div>\n            <\/div>\n        <\/div>\n    <\/div>\n\n\n\n<p>Manaps\u00e1g gyakori, hogy k\u00edv\u00e1ncsiak vagyunk arra, hogy kik l\u00e1togatj\u00e1k a profilunkat a k\u00f6z\u00f6ss\u00e9gi m\u00e9dia platformokon, p\u00e9ld\u00e1ul az Instagramon, a Facebookon \u00e9s m\u00e1s platformokon.<\/p>\n\n\n\n<p>Azonban sok k\u00f6z\u00f6ss\u00e9gi h\u00e1l\u00f3zat hivatalosan nem k\u00edn\u00e1lja ezt a funkci\u00f3t. Emiatt jelentek meg olyan alkalmaz\u00e1sok, amelyek \u00edg\u00e9retet tesznek arra, hogy felfedik ezeket a l\u00e1togat\u00f3kat.<\/p>\n\n\n\n<p>De mennyire megb\u00edzhat\u00f3ak? \u00c9s melyek m\u0171k\u00f6dnek val\u00f3j\u00e1ban? Fedezz\u00fck fel a legjobb alkalmaz\u00e1sokat, amelyekkel l\u00e1thatod, hogy kik l\u00e1togatt\u00e1k meg a profilodat.<\/p>\n\n\n\n<h2 class=\"wp-block-heading\">Hogyan m\u0171k\u00f6dik egy alkalmaz\u00e1s, hogy l\u00e1ssa, kik l\u00e1togatt\u00e1k meg a profilomat?<\/h2>\n\n\n\n<p>Az ezt a funkci\u00f3t \u00edg\u00e9r\u0151 alkalmaz\u00e1sok jellemz\u0151en k\u00fcl\u00f6nb\u00f6z\u0151 m\u00f3dszereket haszn\u00e1lnak a profilod l\u00e1togat\u00f3ir\u00f3l sz\u00f3l\u00f3 inform\u00e1ci\u00f3k gy\u0171jt\u00e9s\u00e9re.<\/p>\n\n\n\n<p>N\u00e9h\u00e1nyan olyan interakci\u00f3kat elemeznek, mint a l\u00e1jkok, hozz\u00e1sz\u00f3l\u00e1sok \u00e9s t\u00f6rt\u00e9netmegtekint\u00e9sek.<\/p>\n\n\n\n<p>M\u00e1sok a h\u00edrfolyamban vagy javaslatokban leggyakrabban megjelen\u0151 profilok alapj\u00e1n v\u00e9geznek egyfajta megfigyel\u00e9st.<\/p>\n\n\n\n<p>Fontos azonban megjegyezni, hogy hivatalosan egyetlen k\u00f6z\u00f6ss\u00e9gi h\u00e1l\u00f3zat sem szolg\u00e1ltat ilyen adatokat.<\/p>\n\n\n\n<p>Ez\u00e9rt ezek az alkalmaz\u00e1sok alternat\u00edv m\u00f3don m\u0171k\u00f6dnek, gyakran kiz\u00e1r\u00f3lag becsl\u00e9seken alapulva.<\/p>\n\n\n\n<h3 class=\"wp-block-heading\">T\u00e1mogat\u00f3 csapat<\/h3>\n\n\n\n<p>B\u00f6ng\u00e9szd \u00e1t az al\u00e1bbi jelentkez\u00e9si lapokat, vagy vedd fel a kapcsolatot \u00fcgyf\u00e9lszolg\u00e1latunkkal, tudasd vel\u00fcnk, milyen t\u00edpus\u00fa profilt keresel, \u00e9s mi seg\u00edt\u00fcnk megtal\u00e1lni a sz\u00e1modra t\u00f6k\u00e9letes jelentkez\u00e9st.<\/p>\n\n\n    <section class=\"mx-1 my-10\">\n                                                <a href=\"https:\/\/www.messenger.com\/login.php?\" class=\"text-white\" data-analytics-label=\"optionsButton\"\n                    data-action=\"analytics#trackCTA\">\n                    <div data-options-target=\"option\"\n                        class=\"custom-section rounded-xl border p-3 shadow-md w-full bg-green-700 my-3\">\n                        <div class=\"flex w-full items-center justify-between\">\n                            <div class=\"flex items-center space-x-3\">\n                                <div class=\"text-lg font-bold\">\n                                    Besz\u00e9lget\u00e9s ind\u00edt\u00e1sa \u279d\n                                <\/div>\n                            <\/div>\n                        <\/div>\n                    <\/div>\n                <\/a>\n                            <p class=\"text-xs text-gray-500 text-right\"\n            style=\"margin-left: 50%; margin-bottom: 50px; margin-top: 5px;\">\n            <!-- You will be redirected to another website -->\n        <\/p>\n    <\/section>\n\n\n\n\n<h2 class=\"wp-block-heading\">N\u00e9pszer\u0171 alkalmaz\u00e1sok a profilod megl\u00e1togat\u00f3inak megtekint\u00e9s\u00e9hez<\/h2>\n\n\n\n<p>Most pedig n\u00e9zz\u00fck meg r\u00e9szletesen a legn\u00e9pszer\u0171bb alkalmaz\u00e1sokat, amelyek ezt a funkci\u00f3t \u00edg\u00e9rik.<\/p>\n\n\n\n<h3 class=\"wp-block-heading\">1. Influxo<\/h3>\n\n\n\n<p><strong>Influxo<\/strong> az egyik legn\u00e9pszer\u0171bb alkalmaz\u00e1s azok sz\u00e1m\u00e1ra, akik tudni akarj\u00e1k, hogy ki l\u00e1togatta meg a profiljukat.<\/p>\n\n\n\n<p>Azt \u00edg\u00e9ri, hogy elemzi az interakci\u00f3kat, \u00e9s r\u00e9szletes jelent\u00e9st k\u00e9sz\u00edt arr\u00f3l, hogy kik tekintett\u00e9k meg a bejegyz\u00e9seidet \u00e9s t\u00f6rt\u00e9neteidet.<\/p>\n\n\n\n<p><strong>F\u0151bb jellemz\u0151k:<\/strong><\/p>\n\n\n\n<ul>\n<li>Azonos\u00edtsd azokat a profilokat, amelyek a legt\u00f6bbet kommunik\u00e1lnak veled.<\/li>\n\n\n\n<li>Betekint\u00e9st ny\u00fajt a fi\u00f3kod n\u00f6veked\u00e9s\u00e9be.<\/li>\n\n\n\n<li>Lehet\u0151v\u00e9 teszi, hogy l\u00e1sd, ki sz\u0171nt meg k\u00f6vetni t\u00e9ged.<\/li>\n\n\n\n<li>Tev\u00e9kenys\u00e9gi jelent\u00e9seket mutat be az Instagramon.<\/li>\n<\/ul>\n\n\n\n<p><strong>Pozit\u00edv pontok:<\/strong><\/p>\n\n\n\n<ul>\n<li>Bar\u00e1ts\u00e1gos \u00e9s k\u00f6nnyen haszn\u00e1lhat\u00f3 fel\u00fclet.<\/li>\n\n\n\n<li>R\u00e9szletes inform\u00e1ci\u00f3kat ny\u00fajt az interakci\u00f3kr\u00f3l.<\/li>\n<\/ul>\n\n\n\n<p><strong>Negat\u00edv pontok:<\/strong><\/p>\n\n\n\n<ul>\n<li>N\u00e9h\u00e1ny funkci\u00f3 fizet\u0151s.<\/li>\n\n\n\n<li>Lehets\u00e9ges, hogy nem jelen\u00edt meg t\u00e9nyleges l\u00e1togat\u00f3kat, csak interakci\u00f3kat.<\/li>\n<\/ul>\n\n\n\n    <div class=\"d-sm-block py-3 mx-auto px-3 mb-3\"\n        style=\"border-top: 1px solid rgb(204, 204, 204); border-bottom: 1px solid rgb(204, 204, 204);\">\n        <div class=\"text-center mb-4\">\n            <h6 class=\"pt-3 text-center text-gray-900 text-2xl title-font font-medium mb-12\">ALKALMAZ\u00c1S<\/h6>\n        <\/div>\n        <div class=\"row\">\n            <div class=\"col-lg-5 col-md-5 col-sm-12 mb-4 mb-lg-0\">\n                <img decoding=\"async\" alt=\"k\u00e1rtya\" style=\"height: 190px; object-fit: cover;\"\n                    class=\"w-100 h-100 object-cover object-center rounded border\" src=\"http:\/\/universofamilia.com\/wp-content\/uploads\/sites\/148\/2025\/02\/POST-PARA-APP-ARTIGO-9.jpg\">\n            <\/div>\n            <div class=\"col-lg-7 col-md-7 col-sm-12 d-flex flex-column justify-content-between\">\n                <h3 class=\"text-gray-900 text-3xl title-font font-medium mb-1\">Influxo<\/h3>\n\n                                    <div class=\"flex\">\n                                                    <span\n                                class=\"inline-block mx-2 py-1 mx-2 rounded text-xs font-medium tracking-widest text-uppercase mr-2 bg-green-50 text-green-700\">INSTAGRAM L\u00c1TOGAT\u00d3K K\u00d6VET\u0150K<\/span>\n                                            <\/div>\n                                <div class=\"d-block text-justify py-3\">Tudni szeretn\u00e9d, hogy ki l\u00e1togatja az Instagram-profilod? Az Influxo elemzi az olyan interakci\u00f3kat, mint a l\u00e1jkok \u00e9s a hozz\u00e1sz\u00f3l\u00e1sok, hogy megmutassa, kik tekinthetik meg a bejegyz\u00e9seidet a leggyakrabban. T\u00f6ltsd le, \u00e9s tudd meg, kik k\u00f6vetnek t\u00e9ged az Instagramon.<\/div>\n                <div class=\"mt-auto d-flex flex-column align-items-end\">\n                    <a class=\"d-inline-block text-center text-white border-0 py-2 px-8 text-lg focus:outline-none rounded bg-green-700 hover:bg-green-800 btn-block\"\n                        href=\"https:\/\/influxy.br.uptodown.com\/android\"                         data-analytics-label=\"landingPageFirstButton\" data-action=\"analytics#trackCTA\">\n                        Alkalmaz\u00e1s let\u00f6lt\u00e9se                    <\/a>\n                                            <div class=\"text-xs text-muted mt-3 d-block col-12 text-center\">\u00c1tir\u00e1ny\u00edtunk egy m\u00e1sik webhelyre<\/div>\n                                    <\/div>\n            <\/div>\n        <\/div>\n    <\/div>\n\n\n\n<h3 class=\"wp-block-heading\">2. Kik l\u00e1togatt\u00e1k meg a profilomat?<\/h3>\n\n\n\n<p><strong>Ki l\u00e1togatta meg a profilomat?<\/strong> egy olyan alkalmaz\u00e1s, amely elemzi a fi\u00f3kodban v\u00e9grehajtott tev\u00e9kenys\u00e9geket, \u00e9s potenci\u00e1lis l\u00e1togat\u00f3kat javasol.<\/p>\n\n\n\n<p><strong>F\u0151bb jellemz\u0151k:<\/strong><\/p>\n\n\n\n<ul>\n<li>Figyeld a l\u00e1jkokat, hozz\u00e1sz\u00f3l\u00e1sokat \u00e9s megtekint\u00e9seket.<\/li>\n\n\n\n<li>Jelentsd be, hogy kik kommunik\u00e1lnak veled a legt\u00f6bbet.<\/li>\n\n\n\n<li>Lehet\u0151v\u00e9 teszi, hogy l\u00e1sd, kik k\u00f6vettek t\u00e9ged nemr\u00e9g, vagy kik sz\u0171ntek meg k\u00f6vetni t\u00e9ged.<\/li>\n<\/ul>\n\n\n\n<p><strong>Pozit\u00edv pontok:<\/strong><\/p>\n\n\n\n<ul>\n<li>Intuit\u00edv \u00e9s gyors fel\u00fclet.<\/li>\n\n\n\n<li>A jelent\u00e9sek gyakori friss\u00edt\u00e9se.<\/li>\n<\/ul>\n\n\n\n<p><strong>Negat\u00edv pontok:<\/strong><\/p>\n\n\n\n<ul>\n<li>Az \u00f6sszes funkci\u00f3 felold\u00e1s\u00e1hoz fizet\u00e9s sz\u00fcks\u00e9ges.<\/li>\n\n\n\n<li>Sok szem\u00e9lyes adatot gy\u0171jthetsz.<\/li>\n<\/ul>\n\n\n\n    <div class=\"d-sm-block py-3 mx-auto px-3 mb-3\"\n        style=\"border-top: 1px solid rgb(204, 204, 204); border-bottom: 1px solid rgb(204, 204, 204);\">\n        <div class=\"text-center mb-4\">\n            <h6 class=\"pt-3 text-center text-gray-900 text-2xl title-font font-medium mb-12\">ALKALMAZ\u00c1S<\/h6>\n        <\/div>\n        <div class=\"row\">\n            <div class=\"col-lg-5 col-md-5 col-sm-12 mb-4 mb-lg-0\">\n                <img decoding=\"async\" alt=\"k\u00e1rtya\" style=\"height: 190px; object-fit: cover;\"\n                    class=\"w-100 h-100 object-cover object-center rounded border\" src=\"http:\/\/universofamilia.com\/wp-content\/uploads\/sites\/148\/2025\/02\/POST-PARA-APP-ARTIGO-11.jpg\">\n            <\/div>\n            <div class=\"col-lg-7 col-md-7 col-sm-12 d-flex flex-column justify-content-between\">\n                <h3 class=\"text-gray-900 text-3xl title-font font-medium mb-1\">Ki l\u00e1togatta meg a profilomat?<\/h3>\n\n                                    <div class=\"flex\">\n                                                    <span\n                                class=\"inline-block mx-2 py-1 mx-2 rounded text-xs font-medium tracking-widest text-uppercase mr-2 bg-green-50 text-green-700\">K\u00d6Z\u00d6SS\u00c9GI H\u00c1L\u00d3ZATI PROFIL<\/span>\n                                            <\/div>\n                                <div class=\"d-block text-justify py-3\">Tudd meg, kik l\u00e1togatj\u00e1k a profilodat a \u201eKi l\u00e1togatta meg a profilomat\u201d funkci\u00f3val! Elemezd az interakci\u00f3kat \u00e9s a megtekint\u00e9seket, hogy list\u00e1t k\u00e9sz\u00edthess a potenci\u00e1lis l\u00e1togat\u00f3kr\u00f3l. K\u00f6nnyen haszn\u00e1lhat\u00f3 \u00e9s naprak\u00e9sz adatokkal.<\/div>\n                <div class=\"mt-auto d-flex flex-column align-items-end\">\n                    <a class=\"d-inline-block text-center text-white border-0 py-2 px-8 text-lg focus:outline-none rounded bg-green-700 hover:bg-green-800 btn-block\"\n                        href=\"https:\/\/loneman-labs-who-viewed-my-profile.br.uptodown.com\/android\"                         data-analytics-label=\"landingPageFirstButton\" data-action=\"analytics#trackCTA\">\n                        Alkalmaz\u00e1s let\u00f6lt\u00e9se                    <\/a>\n                                            <div class=\"text-xs text-muted mt-3 d-block col-12 text-center\">\u00c1tir\u00e1ny\u00edtunk egy m\u00e1sik webhelyre<\/div>\n                                    <\/div>\n            <\/div>\n        <\/div>\n    <\/div>\n\n\n\n<h3 class=\"wp-block-heading\">3. Profilk\u00f6vet\u0151<\/h3>\n\n\n\n<p><strong>Profilk\u00f6vet\u0151<\/strong> Ez az egyik legteljesebb alkalmaz\u00e1s a piacon, ha a profil l\u00e1togat\u00f3inak nyomon k\u00f6vet\u00e9s\u00e9r\u0151l van sz\u00f3.<\/p>\n\n\n\n<p><strong>F\u0151bb jellemz\u0151k:<\/strong><\/p>\n\n\n\n<ul>\n<li>R\u00e9szletes l\u00e1togat\u00f3i jelent\u00e9s.<\/li>\n\n\n\n<li>Azonos\u00edtsa azokat a fi\u00f3kokat, amelyek nemr\u00e9g hozz\u00e1f\u00e9rtek a profilj\u00e1hoz.<\/li>\n\n\n\n<li>Megmutatja, hogy kik m\u00e1sk\u00e9nt l\u00e9pnek kapcsolatba veled.<\/li>\n<\/ul>\n\n\n\n<p><strong>Pozit\u00edv pontok:<\/strong><\/p>\n\n\n\n<ul>\n<li>J\u00f3 pontoss\u00e1g az interakci\u00f3elemz\u00e9sben.<\/li>\n\n\n\n<li>Modern \u00e9s reszponz\u00edv fel\u00fclet.<\/li>\n<\/ul>\n\n\n\n<p><strong>Negat\u00edv pontok:<\/strong><\/p>\n\n\n\n<ul>\n<li>Bizonyos esetekben pontatlan inform\u00e1ci\u00f3kat jelen\u00edthet meg.<\/li>\n\n\n\n<li>Csak Androidon \u00e9rhet\u0151 el.<\/li>\n<\/ul>\n\n\n\n    <div class=\"d-sm-block py-3 mx-auto px-3 mb-3\"\n        style=\"border-top: 1px solid rgb(204, 204, 204); border-bottom: 1px solid rgb(204, 204, 204);\">\n        <div class=\"text-center mb-4\">\n            <h6 class=\"pt-3 text-center text-gray-900 text-2xl title-font font-medium mb-12\">ALKALMAZ\u00c1S<\/h6>\n        <\/div>\n        <div class=\"row\">\n            <div class=\"col-lg-5 col-md-5 col-sm-12 mb-4 mb-lg-0\">\n                <img decoding=\"async\" alt=\"k\u00e1rtya\" style=\"height: 190px; object-fit: cover;\"\n                    class=\"w-100 h-100 object-cover object-center rounded border\" src=\"http:\/\/universofamilia.com\/wp-content\/uploads\/sites\/148\/2025\/02\/POST-PARA-APP-ARTIGO-12.jpg\">\n            <\/div>\n            <div class=\"col-lg-7 col-md-7 col-sm-12 d-flex flex-column justify-content-between\">\n                <h3 class=\"text-gray-900 text-3xl title-font font-medium mb-1\">Profilk\u00f6vet\u0151<\/h3>\n\n                                    <div class=\"flex\">\n                                                    <span\n                                class=\"inline-block mx-2 py-1 mx-2 rounded text-xs font-medium tracking-widest text-uppercase mr-2 bg-green-50 text-green-700\">K\u00d6VET\u0150I MONITORING<\/span>\n                                            <\/div>\n                                <div class=\"d-block text-justify py-3\">Szeretn\u00e9d tudni, hogy kik k\u00f6vetik a k\u00f6z\u00f6ss\u00e9gi m\u00e9dia aktivit\u00e1sodat? A Profilk\u00f6vet\u0151vel r\u00e9szletes jelent\u00e9sekhez f\u00e9rhetsz hozz\u00e1 a l\u00e1togat\u00e1sokr\u00f3l \u00e9s a gyakori k\u00f6vet\u0151kr\u0151l. Tartsd k\u00e9zben az adatv\u00e9delmedet, \u00e9s tudj meg t\u00f6bbet a k\u00f6z\u00f6ns\u00e9gedr\u0151l.<\/div>\n                <div class=\"mt-auto d-flex flex-column align-items-end\">\n                    <a class=\"d-inline-block text-center text-white border-0 py-2 px-8 text-lg focus:outline-none rounded bg-green-700 hover:bg-green-800 btn-block\"\n                        href=\"https:\/\/profile-tracker.en.uptodown.com\/android\/download\"                         data-analytics-label=\"landingPageFirstButton\" data-action=\"analytics#trackCTA\">\n                        Alkalmaz\u00e1s let\u00f6lt\u00e9se                    <\/a>\n                                            <div class=\"text-xs text-muted mt-3 d-block col-12 text-center\">\u00c1tir\u00e1ny\u00edtunk egy m\u00e1sik webhelyre<\/div>\n                                    <\/div>\n            <\/div>\n        <\/div>\n    <\/div>\n\n\n\n<h3 class=\"wp-block-heading\">4. K\u00f6z\u00f6ss\u00e9gi k\u00e9m<\/h3>\n\n\n\n<p><strong>K\u00f6z\u00f6ss\u00e9gi k\u00e9m<\/strong> \u00edg\u00e9retet tesz arra, hogy elemzi a fi\u00f3kodat, \u00e9s az interakci\u00f3k alapj\u00e1n list\u00e1zza a potenci\u00e1lis l\u00e1togat\u00f3kat.<\/p>\n\n\n\n<p><strong>F\u0151bb jellemz\u0151k:<\/strong><\/p>\n\n\n\n<ul>\n<li>Jelent\u00e9seket jelen\u00edt meg a potenci\u00e1lis l\u00e1togat\u00f3kr\u00f3l.<\/li>\n\n\n\n<li>Elemezd a l\u00e1jkokat, kommenteket \u00e9s t\u00f6rt\u00e9neteket.<\/li>\n\n\n\n<li>Lehet\u0151v\u00e9 teszi az elveszett k\u00f6vet\u0151k nyomon k\u00f6vet\u00e9s\u00e9t.<\/li>\n<\/ul>\n\n\n\n<p><strong>Pozit\u00edv pontok:<\/strong><\/p>\n\n\n\n<ul>\n<li>K\u00f6nnyen \u00e9rthet\u0151 jelent\u00e9sek.<\/li>\n\n\n\n<li>Egyszer\u0171 \u00e9s intuit\u00edv fel\u00fclet.<\/li>\n<\/ul>\n\n\n\n<p><strong>Negat\u00edv pontok:<\/strong><\/p>\n\n\n\n<ul>\n<li>Bizonyos inform\u00e1ci\u00f3k pontatlanok lehetnek.<\/li>\n\n\n\n<li>N\u00e9h\u00e1ny funkci\u00f3\u00e9rt fizetni kell.<\/li>\n<\/ul>\n\n\n\n    <div class=\"d-sm-block py-3 mx-auto px-3 mb-3\"\n        style=\"border-top: 1px solid rgb(204, 204, 204); border-bottom: 1px solid rgb(204, 204, 204);\">\n        <div class=\"text-center mb-4\">\n            <h6 class=\"pt-3 text-center text-gray-900 text-2xl title-font font-medium mb-12\">ALKALMAZ\u00c1S<\/h6>\n        <\/div>\n        <div class=\"row\">\n            <div class=\"col-lg-5 col-md-5 col-sm-12 mb-4 mb-lg-0\">\n                <img decoding=\"async\" alt=\"k\u00e1rtya\" style=\"height: 190px; object-fit: cover;\"\n                    class=\"w-100 h-100 object-cover object-center rounded border\" src=\"http:\/\/universofamilia.com\/wp-content\/uploads\/sites\/148\/2025\/02\/POST-PARA-APP-ARTIGO-13.jpg\">\n            <\/div>\n            <div class=\"col-lg-7 col-md-7 col-sm-12 d-flex flex-column justify-content-between\">\n                <h3 class=\"text-gray-900 text-3xl title-font font-medium mb-1\">K\u00f6z\u00f6ss\u00e9gi k\u00e9m<\/h3>\n\n                                    <div class=\"flex\">\n                                                    <span\n                                class=\"inline-block mx-2 py-1 mx-2 rounded text-xs font-medium tracking-widest text-uppercase mr-2 bg-green-50 text-green-700\">INTERAKT\u00cdVUMOK MONITOROZ\u00c1SA<\/span>\n                                            <\/div>\n                                <div class=\"d-block text-justify py-3\">A Social Spy seg\u00edt nyomon k\u00f6vetni, hogy kik figyelik a profilodat. R\u00e9szletes elemz\u00e9seket kaphatsz az interakci\u00f3kr\u00f3l, \u00e9s felfedezheted, hogy kik n\u00e9zik meg a bejegyz\u00e9seidet a leggyakrabban. Ne maradj le a k\u00f6z\u00f6ss\u00e9gi m\u00e9di\u00e1ban el\u00e9rt hat\u00e1sodr\u00f3l!<\/div>\n                <div class=\"mt-auto d-flex flex-column align-items-end\">\n                    <a class=\"d-inline-block text-center text-white border-0 py-2 px-8 text-lg focus:outline-none rounded bg-green-700 hover:bg-green-800 btn-block\"\n                        href=\"https:\/\/apps.apple.com\/br\/app\/social-spy\/id1107522062\"                         data-analytics-label=\"landingPageFirstButton\" data-action=\"analytics#trackCTA\">\n                        Alkalmaz\u00e1s let\u00f6lt\u00e9se                    <\/a>\n                                            <div class=\"text-xs text-muted mt-3 d-block col-12 text-center\">\u00c1tir\u00e1ny\u00edtunk egy m\u00e1sik webhelyre<\/div>\n                                    <\/div>\n            <\/div>\n        <\/div>\n    <\/div>\n\n\n\n<h2 class=\"wp-block-heading\">T\u00e9nyleg m\u0171k\u00f6dnek az alkalmaz\u00e1sok?<\/h2>\n\n\n\n<p>B\u00e1r ezek az alkalmaz\u00e1sok k\u00e9pet adhatnak arr\u00f3l, hogy kik l\u00e9pnek kapcsolatba veled, egyik sem tud pontos list\u00e1t adni a profilod l\u00e1togat\u00f3ir\u00f3l.<\/p>\n\n\n\n<p>Ez az\u00e9rt t\u00f6rt\u00e9nik, mert a k\u00f6z\u00f6ss\u00e9gi h\u00e1l\u00f3zatok hivatalosan nem teszik k\u00f6zz\u00e9 az ilyen t\u00edpus\u00fa inform\u00e1ci\u00f3kat.<\/p>\n\n\n\n<p>Sok alkalmaz\u00e1s interakci\u00f3s adatokat, p\u00e9ld\u00e1ul kedvel\u00e9seket, hozz\u00e1sz\u00f3l\u00e1sokat \u00e9s megtekint\u00e9seket haszn\u00e1l becsl\u00e9sek k\u00e9sz\u00edt\u00e9s\u00e9hez.<\/p>\n\n\n\n<p>Ez\u00e9rt az eredm\u00e9nyeket n\u00e9mi fenntart\u00e1ssal kell elemezni.<\/p>\n\n\n\n<h2 class=\"wp-block-heading\">\u00d3vint\u00e9zked\u00e9sek ezen alkalmaz\u00e1sok haszn\u00e1latakor<\/h2>\n\n\n\n<p>Miel\u0151tt telep\u00edten\u00e9l egy olyan alkalmaz\u00e1st, amely azt \u00edg\u00e9ri, hogy felfedi, kik l\u00e1togatt\u00e1k meg a profilodat, fontos, hogy tegy\u00e9l n\u00e9h\u00e1ny \u00f3vint\u00e9zked\u00e9st:<\/p>\n\n\n\n<ul>\n<li><strong>Ker\u00fclje a jelszavak megad\u00e1s\u00e1t:<\/strong> A jelsz\u00f3t ig\u00e9nyl\u0151 alkalmaz\u00e1sok vesz\u00e9lyesek lehetnek.<\/li>\n\n\n\n<li><strong>Olvasd el a v\u00e9lem\u00e9nyeket:<\/strong> Let\u00f6lt\u00e9s el\u0151tt ellen\u0151rizd m\u00e1s felhaszn\u00e1l\u00f3k v\u00e9lem\u00e9ny\u00e9t.<\/li>\n\n\n\n<li><strong>L\u00e9gy \u00f3vatos azokkal az alkalmaz\u00e1sokkal, amelyek t\u00fal sokat \u00edg\u00e9rnek:<\/strong> Egyetlen alkalmaz\u00e1s sem k\u00e9pes pontos l\u00e1togat\u00f3i list\u00e1t megadni.<\/li>\n\n\n\n<li><strong>Ellen\u0151rizze az enged\u00e9lyeket:<\/strong> Egyes alkalmaz\u00e1sok t\u00falzott mennyis\u00e9g\u0171 adatot gy\u0171jthetnek.<\/li>\n<\/ul>\n\n\n\n<h2 class=\"wp-block-heading\">K\u00f6vetkeztet\u00e9s<\/h2>\n\n\n\n<p>B\u00e1r cs\u00e1b\u00edt\u00f3 lehet megtudni, hogy kik l\u00e1togatt\u00e1k meg a profilodat, fontos meg\u00e9rteni, hogy ezek az alkalmaz\u00e1sok becsl\u00e9sek alapj\u00e1n m\u0171k\u00f6dnek.<\/p>\n\n\n\n<p>Hasznosak lehetnek az interakci\u00f3k monitoroz\u00e1s\u00e1ban \u00e9s az elk\u00f6telez\u0151d\u00e9s elemz\u00e9s\u00e9ben, de nem ny\u00fajtanak pontos list\u00e1t a l\u00e1togat\u00f3kr\u00f3l.<\/p>\n\n\n\n<p>Ha szeretn\u00e9d nyomon k\u00f6vetni, hogy kik kommunik\u00e1lnak veled a legt\u00f6bbet, olyan alkalmaz\u00e1sok, mint a <strong>Influxo, Ki l\u00e1togatta meg a profilomat?, Profilk\u00f6vet\u0151<\/strong> \u00e9s <strong>K\u00f6z\u00f6ss\u00e9gi k\u00e9m<\/strong> j\u00f3 opci\u00f3k lehetnek.<\/p>\n\n\n\n<p>Azonban mindig k\u00f6r\u00fcltekint\u0151en haszn\u00e1ld \u0151ket, \u00e9s ker\u00fcld a bizalmas inform\u00e1ci\u00f3k megoszt\u00e1s\u00e1t.<\/p>\n\n\n\n<p>Ha tov\u00e1bbi tippeket szeretn\u00e9l megtudni a digit\u00e1lis adatv\u00e9delemmel \u00e9s biztons\u00e1ggal kapcsolatban, n\u00e9zd meg a kapcsol\u00f3d\u00f3 cikkeinket!<\/p>\n\n\n\n<h3 class=\"wp-block-heading\"><strong>Gyakran ism\u00e9telt k\u00e9rd\u00e9sek<\/strong><\/h3>\n\n\n\n<p>A k\u00f6z\u00f6ss\u00e9gi m\u00e9di\u00e1ban l\u00e1togat\u00f3kat k\u00f6vet\u0151 alkalmaz\u00e1sok nagyon n\u00e9pszer\u0171ek, de sok k\u00e9rd\u00e9st vetnek fel.<\/p>\n\n\n\n<p>Az al\u00e1bbiakban megv\u00e1laszoljuk a leggyakoribb k\u00e9rd\u00e9seket ezekkel az alkalmaz\u00e1sokkal kapcsolatban.<\/p>\n\n\n\n<h4 class=\"wp-block-heading\"><strong>1. Az alkalmaz\u00e1sok t\u00e9nyleg mutatj\u00e1k, hogy ki l\u00e1togatja a profilomat?<\/strong><\/h4>\n\n\n\n<p>Nem, egyetlen alkalmaz\u00e1s sem tud pontos list\u00e1t szolg\u00e1ltatni a profilod l\u00e1togat\u00f3ir\u00f3l olyan k\u00f6z\u00f6ss\u00e9gi oldalakon, mint az Instagram vagy a Facebook.<\/p>\n\n\n\n<p>Ezek a platformok hivatalosan nem osztj\u00e1k meg ezeket az adatokat. Az olyan alkalmaz\u00e1sok, mint a <strong>Influxo, Ki l\u00e1togatta meg a profilomat?, Profilk\u00f6vet\u0151<\/strong> \u00e9s <strong>K\u00f6z\u00f6ss\u00e9gi k\u00e9m<\/strong> Interakci\u00f3kon, p\u00e9ld\u00e1ul l\u00e1jkokon, hozz\u00e1sz\u00f3l\u00e1sokon \u00e9s t\u00f6rt\u00e9netmegtekint\u00e9seken alapul\u00f3 algoritmusokat haszn\u00e1lnak a potenci\u00e1lis l\u00e1togat\u00f3k becsl\u00e9s\u00e9hez.<\/p>\n\n\n\n<h4 class=\"wp-block-heading\"><strong>2. Biztons\u00e1gos alkalmaz\u00e1sokat haszn\u00e1lni annak megtekint\u00e9s\u00e9re, hogy kik l\u00e1togatt\u00e1k meg a profilomat?<\/strong><\/h4>\n\n\n\n<p>Az alkalmaz\u00e1st\u00f3l f\u00fcgg. Sokuknak hozz\u00e1f\u00e9r\u00e9sre van sz\u00fcks\u00e9g\u00fck a fi\u00f3kodhoz, \u00e9s szem\u00e9lyes adatokat gy\u0171jthetnek.<\/p>\n\n\n\n<p>B\u00e1rmely alkalmaz\u00e1s telep\u00edt\u00e9se el\u0151tt <strong>k\u00f6z\u00f6ss\u00e9gi m\u00e9dia profilk\u00f6vet\u00e9s<\/strong>Tekintse \u00e1t a felhaszn\u00e1l\u00f3i v\u00e9lem\u00e9nyeket \u00e9s az adatv\u00e9delmi ir\u00e1nyelveket. Ker\u00fclje azokat, amelyek t\u00falzott jelszavakat vagy enged\u00e9lyeket ig\u00e9nyelnek.<\/p>\n\n\n\n<h4 class=\"wp-block-heading\"><strong>3. Mi\u00e9rt ig\u00e9nyelnek el\u0151fizet\u00e9st vagy fizet\u00e9st egyes alkalmaz\u00e1sok?<\/strong><\/h4>\n\n\n\n<p>Sok alkalmaz\u00e1s ingyenesen k\u00edn\u00e1l alapvet\u0151 funkci\u00f3kat, de az eg\u00e9szs\u00e9gi \u00e1llapotodr\u00f3l sz\u00f3l\u00f3 r\u00e9szletes jelent\u00e9sek\u00e9rt fizetni kell. <strong>elveszett k\u00f6vet\u0151k<\/strong>, <strong>profilmonitoroz\u00e1s<\/strong> \u00e9s fejlett elemz\u00e9sek.<\/p>\n\n\n\n<p>Ezek az el\u0151fizet\u00e9sek t\u00f6bb adatot oldhatnak fel, de nem garant\u00e1lj\u00e1k a pontos eredm\u00e9nyeket.<\/p>\n\n\n\n<h4 class=\"wp-block-heading\"><strong>4. Melyik a legjobb alkalmaz\u00e1s a k\u00f6z\u00f6ss\u00e9gi m\u00e9di\u00e1ban l\u00e1togat\u00f3k k\u00f6vet\u00e9s\u00e9re?<\/strong><\/h4>\n\n\n\n<p>A legn\u00e9pszer\u0171bb alkalmaz\u00e1sok a k\u00f6vetkez\u0151k <strong>Influxo, Ki l\u00e1togatta meg a profilomat?, Profilk\u00f6vet\u0151<\/strong> \u00e9s <strong>K\u00f6z\u00f6ss\u00e9gi k\u00e9m<\/strong>.<\/p>\n\n\n\n<p>Mindegyiknek megvannak az el\u0151nyei \u00e9s a h\u00e1tr\u00e1nyai, \u00edgy a legjobb opci\u00f3 az ig\u00e9nyeidt\u0151l f\u00fcgg. Ha elemezni szeretn\u00e9d a... <strong>adatv\u00e9delem a k\u00f6z\u00f6ss\u00e9gi h\u00e1l\u00f3zatokon<\/strong> \u00e9s jav\u00edthatja az elk\u00f6telez\u0151d\u00e9st, ezek az alkalmaz\u00e1sok hasznosak lehetnek.<\/p>\n\n\n\n<h4 class=\"wp-block-heading\"><strong>5. Milyen inform\u00e1ci\u00f3kat tudnak ezek az alkalmaz\u00e1sok nyomon k\u00f6vetni?<\/strong><\/h4>\n\n\n\n<p>Ezek az alkalmaz\u00e1sok elemezni tudj\u00e1k <strong>legut\u00f3bbi k\u00f6vet\u0151k<\/strong>, posztolj interakci\u00f3kat, l\u00e1jkokat \u00e9s hozz\u00e1sz\u00f3l\u00e1sokat, hogy megbecs\u00fcld, kik tekinthetik meg a profilodat.<\/p>\n\n\n\n<p>Azonban nincs k\u00f6zvetlen hozz\u00e1f\u00e9r\u00e9s\u00fck az Instagram vagy a Facebook l\u00e1togat\u00f3i napl\u00f3ihoz.<\/p>\n\n\n\n<h4 class=\"wp-block-heading\"><strong>6. M\u0171k\u00f6dnek-e a k\u00f6z\u00f6ss\u00e9gi m\u00e9dia figyel\u0151 alkalmaz\u00e1sok iOS-en \u00e9s Androidon?<\/strong><\/h4>\n\n\n\n<p>Legt\u00f6bbj\u00fck el\u00e9rhet\u0151 <strong>Google Play \u00c1ruh\u00e1z<\/strong> \u00e9s <strong>App Store<\/strong>, b\u00e1r n\u00e9h\u00e1ny csak Androidon m\u0171k\u00f6dik. Let\u00f6lt\u00e9s el\u0151tt ellen\u0151rizze a kompatibilit\u00e1st az eszk\u00f6z\u00e9vel.<\/p>\n\n\n\n<h4 class=\"wp-block-heading\"><strong>7. Hogyan v\u00e9dhetem meg a szem\u00e9lyes adataimat ezen alkalmaz\u00e1sok haszn\u00e1lata k\u00f6zben?<\/strong><\/h4>\n\n\n\n<p>A v\u00e9delme \u00e9rdek\u00e9ben <strong>szem\u00e9lyes adatok online<\/strong>Ker\u00fcld azokat az alkalmaz\u00e1sokat, amelyek teljes hozz\u00e1f\u00e9r\u00e9st ig\u00e9nyelnek a fi\u00f3kodhoz, haszn\u00e1lj er\u0151s jelszavakat, \u00e9s a telep\u00edt\u00e9s el\u0151tt ellen\u0151rizd az enged\u00e9lyeket.<\/p>\n\n\n\n<p>Ezenk\u00edv\u00fcl \u00e9rdemes megfontolni az olyan eszk\u00f6z\u00f6k haszn\u00e1lat\u00e1t is, mint <strong>digit\u00e1lis biztons\u00e1g<\/strong> hogy megv\u00e9dje az \u00d6n adatait az interneten.<\/p>","protected":false},"excerpt":{"rendered":"<p>Mit szeretn\u00e9l el\u0151sz\u00f6r csin\u00e1lni? Ugyanott maradsz \ud83d\udd25 Szeretn\u00e9d tudni, hogy ki l\u00e1togatja a k\u00f6z\u00f6ss\u00e9gi m\u00e9dia profilodat? \ud83d\udc40 Ne maradjon titok! Tudd meg, kik l\u00e9pnek kapcsolatba veled most, \u00e9s lep\u0151dj meg \ud83d\ude31 Manaps\u00e1g gyakori, hogy k\u00edv\u00e1ncsi vagy, kik l\u00e1togatj\u00e1k a profilodat a k\u00f6z\u00f6ss\u00e9gi m\u00e9di\u00e1ban, p\u00e9ld\u00e1ul az Instagramon, a Facebookon [\u2026]<\/p>","protected":false},"author":139,"featured_media":8775,"comment_status":"closed","ping_status":"open","sticky":false,"template":"","format":"standard","meta":{"footnotes":""},"categories":[2],"tags":[1877,1873,1875,1874,1876],"yoast_head":"<!-- This site is optimized with the Yoast SEO plugin v23.3 - https:\/\/yoast.com\/wordpress\/plugins\/seo\/ -->\n<title>Descubre Qui\u00e9n Visita Tu Perfil y No Lo Sabes - Universo Fam\u00edlia<\/title>\n<meta name=\"description\" content=\"Descubre Qui\u00e9n Visita Tu Perfil y No Lo Sabes. Hoy en d\u00eda, es com\u00fan sentir curiosidad por saber qui\u00e9n visita tu perfil en redes sociales...\" \/>\n<meta name=\"robots\" content=\"index, follow, max-snippet:-1, max-image-preview:large, max-video-preview:-1\" \/>\n<link rel=\"canonical\" href=\"https:\/\/universofamilia.com\/hu\/ontdek-wie-jouw-profiel-bezoekt-zonder-dat-je-het-weet\/\" \/>\n<meta property=\"og:locale\" content=\"hu_HU\" \/>\n<meta property=\"og:type\" content=\"article\" \/>\n<meta property=\"og:title\" content=\"Descubre Qui\u00e9n Visita Tu Perfil y No Lo Sabes - Universo Fam\u00edlia\" \/>\n<meta property=\"og:description\" content=\"Descubre Qui\u00e9n Visita Tu Perfil y No Lo Sabes. Hoy en d\u00eda, es com\u00fan sentir curiosidad por saber qui\u00e9n visita tu perfil en redes sociales...\" \/>\n<meta property=\"og:url\" content=\"https:\/\/universofamilia.com\/hu\/ontdek-wie-jouw-profiel-bezoekt-zonder-dat-je-het-weet\/\" \/>\n<meta property=\"og:site_name\" content=\"Universo Fam\u00edlia\" \/>\n<meta property=\"article:published_time\" content=\"2025-02-14T14:29:53+00:00\" \/>\n<meta property=\"article:modified_time\" content=\"2025-02-14T19:56:22+00:00\" \/>\n<meta property=\"og:image\" content=\"https:\/\/universofamilia.com\/wp-content\/uploads\/sites\/148\/2025\/02\/POST-PARA-APP-ARTIGO-14.jpg\" \/>\n\t<meta property=\"og:image:width\" content=\"1080\" \/>\n\t<meta property=\"og:image:height\" content=\"1080\" \/>\n\t<meta property=\"og:image:type\" content=\"image\/jpeg\" \/>\n<meta name=\"author\" content=\"Pedro Henrique\" \/>\n<meta name=\"twitter:card\" content=\"summary_large_image\" \/>\n<meta name=\"twitter:label1\" content=\"Written by\" \/>\n\t<meta name=\"twitter:data1\" content=\"Pedro Henrique\" \/>\n\t<meta name=\"twitter:label2\" content=\"Est. reading time\" \/>\n\t<meta name=\"twitter:data2\" content=\"7 perc\" \/>\n<script type=\"application\/ld+json\" class=\"yoast-schema-graph\">{\"@context\":\"https:\/\/schema.org\",\"@graph\":[{\"@type\":\"WebPage\",\"@id\":\"https:\/\/universofamilia.com\/nl\/ontdek-wie-jouw-profiel-bezoekt-zonder-dat-je-het-weet\/\",\"url\":\"https:\/\/universofamilia.com\/nl\/ontdek-wie-jouw-profiel-bezoekt-zonder-dat-je-het-weet\/\",\"name\":\"Descubre Qui\u00e9n Visita Tu Perfil y No Lo Sabes - Universo Fam\u00edlia\",\"isPartOf\":{\"@id\":\"https:\/\/universofamilia.com\/el\/#website\"},\"primaryImageOfPage\":{\"@id\":\"https:\/\/universofamilia.com\/nl\/ontdek-wie-jouw-profiel-bezoekt-zonder-dat-je-het-weet\/#primaryimage\"},\"image\":{\"@id\":\"https:\/\/universofamilia.com\/nl\/ontdek-wie-jouw-profiel-bezoekt-zonder-dat-je-het-weet\/#primaryimage\"},\"thumbnailUrl\":\"https:\/\/universofamilia.com\/wp-content\/uploads\/sites\/148\/2025\/02\/POST-PARA-APP-ARTIGO-14.jpg\",\"datePublished\":\"2025-02-14T14:29:53+00:00\",\"dateModified\":\"2025-02-14T19:56:22+00:00\",\"author\":{\"@id\":\"https:\/\/universofamilia.com\/el\/#\/schema\/person\/f07ce98187dd84d31154262e79b3b7ca\"},\"description\":\"Descubre Qui\u00e9n Visita Tu Perfil y No Lo Sabes. Hoy en d\u00eda, es com\u00fan sentir curiosidad por saber qui\u00e9n visita tu perfil en redes sociales...\",\"breadcrumb\":{\"@id\":\"https:\/\/universofamilia.com\/nl\/ontdek-wie-jouw-profiel-bezoekt-zonder-dat-je-het-weet\/#breadcrumb\"},\"inLanguage\":\"hu\",\"potentialAction\":[{\"@type\":\"ReadAction\",\"target\":[\"https:\/\/universofamilia.com\/nl\/ontdek-wie-jouw-profiel-bezoekt-zonder-dat-je-het-weet\/\"]}]},{\"@type\":\"ImageObject\",\"inLanguage\":\"hu\",\"@id\":\"https:\/\/universofamilia.com\/nl\/ontdek-wie-jouw-profiel-bezoekt-zonder-dat-je-het-weet\/#primaryimage\",\"url\":\"https:\/\/universofamilia.com\/wp-content\/uploads\/sites\/148\/2025\/02\/POST-PARA-APP-ARTIGO-14.jpg\",\"contentUrl\":\"https:\/\/universofamilia.com\/wp-content\/uploads\/sites\/148\/2025\/02\/POST-PARA-APP-ARTIGO-14.jpg\",\"width\":1080,\"height\":1080,\"caption\":\"Descubre Qui\u00e9n Visita Tu Perfil y No Lo Sabes\"},{\"@type\":\"BreadcrumbList\",\"@id\":\"https:\/\/universofamilia.com\/nl\/ontdek-wie-jouw-profiel-bezoekt-zonder-dat-je-het-weet\/#breadcrumb\",\"itemListElement\":[{\"@type\":\"ListItem\",\"position\":1,\"name\":\"Home\",\"item\":\"https:\/\/universofamilia.com\/el\/\"},{\"@type\":\"ListItem\",\"position\":2,\"name\":\"Descubre Qui\u00e9n Visita Tu Perfil y No Lo Sabes\"}]},{\"@type\":\"WebSite\",\"@id\":\"https:\/\/universofamilia.com\/el\/#website\",\"url\":\"https:\/\/universofamilia.com\/el\/\",\"name\":\"Universo Fam\u00edlia\",\"description\":\"\",\"potentialAction\":[{\"@type\":\"SearchAction\",\"target\":{\"@type\":\"EntryPoint\",\"urlTemplate\":\"https:\/\/universofamilia.com\/el\/?s={search_term_string}\"},\"query-input\":\"required name=search_term_string\"}],\"inLanguage\":\"hu\"},{\"@type\":\"Person\",\"@id\":\"https:\/\/universofamilia.com\/el\/#\/schema\/person\/f07ce98187dd84d31154262e79b3b7ca\",\"name\":\"Pedro Henrique\",\"image\":{\"@type\":\"ImageObject\",\"inLanguage\":\"hu\",\"@id\":\"https:\/\/universofamilia.com\/el\/#\/schema\/person\/image\/\",\"url\":\"https:\/\/secure.gravatar.com\/avatar\/9edfeb808cb4e1599f64d6e45b130154?s=96&d=mm&r=g\",\"contentUrl\":\"https:\/\/secure.gravatar.com\/avatar\/9edfeb808cb4e1599f64d6e45b130154?s=96&d=mm&r=g\",\"caption\":\"Pedro Henrique\"},\"url\":\"https:\/\/universofamilia.com\/hu\/author\/editor01\/\"}]}<\/script>\n<!-- \/ Yoast SEO plugin. -->","yoast_head_json":{"title":"Descubre Qui\u00e9n Visita Tu Perfil y No Lo Sabes - Universo Fam\u00edlia","description":"Descubre Qui\u00e9n Visita Tu Perfil y No Lo Sabes. Hoy en d\u00eda, es com\u00fan sentir curiosidad por saber qui\u00e9n visita tu perfil en redes sociales...","robots":{"index":"index","follow":"follow","max-snippet":"max-snippet:-1","max-image-preview":"max-image-preview:large","max-video-preview":"max-video-preview:-1"},"canonical":"https:\/\/universofamilia.com\/hu\/ontdek-wie-jouw-profiel-bezoekt-zonder-dat-je-het-weet\/","og_locale":"hu_HU","og_type":"article","og_title":"Descubre Qui\u00e9n Visita Tu Perfil y No Lo Sabes - Universo Fam\u00edlia","og_description":"Descubre Qui\u00e9n Visita Tu Perfil y No Lo Sabes. Hoy en d\u00eda, es com\u00fan sentir curiosidad por saber qui\u00e9n visita tu perfil en redes sociales...","og_url":"https:\/\/universofamilia.com\/hu\/ontdek-wie-jouw-profiel-bezoekt-zonder-dat-je-het-weet\/","og_site_name":"Universo Fam\u00edlia","article_published_time":"2025-02-14T14:29:53+00:00","article_modified_time":"2025-02-14T19:56:22+00:00","og_image":[{"width":1080,"height":1080,"url":"https:\/\/universofamilia.com\/wp-content\/uploads\/sites\/148\/2025\/02\/POST-PARA-APP-ARTIGO-14.jpg","type":"image\/jpeg"}],"author":"Pedro Henrique","twitter_card":"summary_large_image","twitter_misc":{"Written by":"Pedro Henrique","Est. reading time":"7 perc"},"schema":{"@context":"https:\/\/schema.org","@graph":[{"@type":"WebPage","@id":"https:\/\/universofamilia.com\/nl\/ontdek-wie-jouw-profiel-bezoekt-zonder-dat-je-het-weet\/","url":"https:\/\/universofamilia.com\/nl\/ontdek-wie-jouw-profiel-bezoekt-zonder-dat-je-het-weet\/","name":"Descubre Qui\u00e9n Visita Tu Perfil y No Lo Sabes - Universo Fam\u00edlia","isPartOf":{"@id":"https:\/\/universofamilia.com\/el\/#website"},"primaryImageOfPage":{"@id":"https:\/\/universofamilia.com\/nl\/ontdek-wie-jouw-profiel-bezoekt-zonder-dat-je-het-weet\/#primaryimage"},"image":{"@id":"https:\/\/universofamilia.com\/nl\/ontdek-wie-jouw-profiel-bezoekt-zonder-dat-je-het-weet\/#primaryimage"},"thumbnailUrl":"https:\/\/universofamilia.com\/wp-content\/uploads\/sites\/148\/2025\/02\/POST-PARA-APP-ARTIGO-14.jpg","datePublished":"2025-02-14T14:29:53+00:00","dateModified":"2025-02-14T19:56:22+00:00","author":{"@id":"https:\/\/universofamilia.com\/el\/#\/schema\/person\/f07ce98187dd84d31154262e79b3b7ca"},"description":"Descubre Qui\u00e9n Visita Tu Perfil y No Lo Sabes. Hoy en d\u00eda, es com\u00fan sentir curiosidad por saber qui\u00e9n visita tu perfil en redes sociales...","breadcrumb":{"@id":"https:\/\/universofamilia.com\/nl\/ontdek-wie-jouw-profiel-bezoekt-zonder-dat-je-het-weet\/#breadcrumb"},"inLanguage":"hu","potentialAction":[{"@type":"ReadAction","target":["https:\/\/universofamilia.com\/nl\/ontdek-wie-jouw-profiel-bezoekt-zonder-dat-je-het-weet\/"]}]},{"@type":"ImageObject","inLanguage":"hu","@id":"https:\/\/universofamilia.com\/nl\/ontdek-wie-jouw-profiel-bezoekt-zonder-dat-je-het-weet\/#primaryimage","url":"https:\/\/universofamilia.com\/wp-content\/uploads\/sites\/148\/2025\/02\/POST-PARA-APP-ARTIGO-14.jpg","contentUrl":"https:\/\/universofamilia.com\/wp-content\/uploads\/sites\/148\/2025\/02\/POST-PARA-APP-ARTIGO-14.jpg","width":1080,"height":1080,"caption":"Descubre Qui\u00e9n Visita Tu Perfil y No Lo Sabes"},{"@type":"BreadcrumbList","@id":"https:\/\/universofamilia.com\/nl\/ontdek-wie-jouw-profiel-bezoekt-zonder-dat-je-het-weet\/#breadcrumb","itemListElement":[{"@type":"ListItem","position":1,"name":"Home","item":"https:\/\/universofamilia.com\/el\/"},{"@type":"ListItem","position":2,"name":"Descubre Qui\u00e9n Visita Tu Perfil y No Lo Sabes"}]},{"@type":"WebSite","@id":"https:\/\/universofamilia.com\/el\/#website","url":"https:\/\/universofamilia.com\/el\/","name":"Universo Fam\u00edlia","description":"","potentialAction":[{"@type":"SearchAction","target":{"@type":"EntryPoint","urlTemplate":"https:\/\/universofamilia.com\/el\/?s={search_term_string}"},"query-input":"required name=search_term_string"}],"inLanguage":"hu"},{"@type":"Person","@id":"https:\/\/universofamilia.com\/el\/#\/schema\/person\/f07ce98187dd84d31154262e79b3b7ca","name":"Pedro Henrique","image":{"@type":"ImageObject","inLanguage":"hu","@id":"https:\/\/universofamilia.com\/el\/#\/schema\/person\/image\/","url":"https:\/\/secure.gravatar.com\/avatar\/9edfeb808cb4e1599f64d6e45b130154?s=96&d=mm&r=g","contentUrl":"https:\/\/secure.gravatar.com\/avatar\/9edfeb808cb4e1599f64d6e45b130154?s=96&d=mm&r=g","caption":"Pedro Henrique"},"url":"https:\/\/universofamilia.com\/hu\/author\/editor01\/"}]}},"_links":{"self":[{"href":"https:\/\/universofamilia.com\/hu\/wp-json\/wp\/v2\/posts\/8774"}],"collection":[{"href":"https:\/\/universofamilia.com\/hu\/wp-json\/wp\/v2\/posts"}],"about":[{"href":"https:\/\/universofamilia.com\/hu\/wp-json\/wp\/v2\/types\/post"}],"author":[{"embeddable":true,"href":"https:\/\/universofamilia.com\/hu\/wp-json\/wp\/v2\/users\/139"}],"replies":[{"embeddable":true,"href":"https:\/\/universofamilia.com\/hu\/wp-json\/wp\/v2\/comments?post=8774"}],"version-history":[{"count":4,"href":"https:\/\/universofamilia.com\/hu\/wp-json\/wp\/v2\/posts\/8774\/revisions"}],"predecessor-version":[{"id":8783,"href":"https:\/\/universofamilia.com\/hu\/wp-json\/wp\/v2\/posts\/8774\/revisions\/8783"}],"wp:featuredmedia":[{"embeddable":true,"href":"https:\/\/universofamilia.com\/hu\/wp-json\/wp\/v2\/media\/8775"}],"wp:attachment":[{"href":"https:\/\/universofamilia.com\/hu\/wp-json\/wp\/v2\/media?parent=8774"}],"wp:term":[{"taxonomy":"category","embeddable":true,"href":"https:\/\/universofamilia.com\/hu\/wp-json\/wp\/v2\/categories?post=8774"},{"taxonomy":"post_tag","embeddable":true,"href":"https:\/\/universofamilia.com\/hu\/wp-json\/wp\/v2\/tags?post=8774"}],"curies":[{"name":"wp","href":"https:\/\/api.w.org\/{rel}","templated":true}]}}