{"id":8779,"date":"2025-02-14T19:02:48","date_gmt":"2025-02-14T19:02:48","guid":{"rendered":"https:\/\/universofamilia.com\/?p=8779"},"modified":"2025-02-17T14:39:15","modified_gmt":"2025-02-17T14:39:15","slug":"telefono-sea-mucho-mas-rapido","status":"publish","type":"post","link":"https:\/\/universofamilia.com\/hu\/telefono-sea-mucho-mas-rapido\/","title":{"rendered":"Tedd sokkal gyorsabb\u00e1 a telefonod!"},"content":{"rendered":"<p><\/p>\n\n\n\n<hr class=\"wp-block-separator has-alpha-channel-opacity is-style-wide\" \/>\n\n\n\n<h5 class=\"wp-block-heading has-text-align-center\"><strong>Mit szeretn\u00e9l el\u0151sz\u00f6r csin\u00e1lni?<\/strong><\/h5>\n\n\n    <section class=\"mx-1 my-10\">\n                                                <a href=\"https:\/\/universofamilia.com\/hu\/lp-dating-apps-0001\/\" class=\"text-white\" data-analytics-label=\"optionsButton\"\n                    data-action=\"analytics#trackCTA\">\n                    <div data-options-target=\"option\"\n                        class=\"custom-section rounded-xl border p-3 shadow-md w-full bg-green-700 my-3\">\n                        <div class=\"flex w-full items-center justify-between\">\n                            <div class=\"flex items-center space-x-3\">\n                                <div class=\"text-lg font-bold\">\n                                    \ud83d\udc96 Fedezd fel \u00fajra a szerelmet \u279d\n                                <\/div>\n                            <\/div>\n                        <\/div>\n                    <\/div>\n                <\/a>\n                                                            <a href=\"https:\/\/universofamilia.com\/hu\/lp-biblia-catolica\/\" class=\"text-white\" data-analytics-label=\"optionsButton\"\n                    data-action=\"analytics#trackCTA\">\n                    <div data-options-target=\"option\"\n                        class=\"custom-section rounded-xl border p-3 shadow-md w-full bg-green-700 my-3\">\n                        <div class=\"flex w-full items-center justify-between\">\n                            <div class=\"flex items-center space-x-3\">\n                                <div class=\"text-lg font-bold\">\n                                    \ud83d\udcd6 Vidd magaddal a hited \u279d\n                                <\/div>\n                            <\/div>\n                        <\/div>\n                    <\/div>\n                <\/a>\n                                                            <a href=\"https:\/\/universofamilia.com\/hu\/conectate-al-wifi-gratuito-con-estas-aplicaciones\/\" class=\"text-white\" data-analytics-label=\"optionsButton\"\n                    data-action=\"analytics#trackCTA\">\n                    <div data-options-target=\"option\"\n                        class=\"custom-section rounded-xl border p-3 shadow-md w-full bg-green-700 my-3\">\n                        <div class=\"flex w-full items-center justify-between\">\n                            <div class=\"flex items-center space-x-3\">\n                                <div class=\"text-lg font-bold\">\n                                    \ud83d\udcf6 Egyszer\u0171 ingyenes WiFi \u279d\n                                <\/div>\n                            <\/div>\n                        <\/div>\n                    <\/div>\n                <\/a>\n                            <p class=\"text-xs text-gray-500 text-right hidden\"\n            style=\"margin-left: 50%; margin-bottom: 50px; margin-top: 5px;\">\n            <!-- You will be redirected to another website -->\n        <\/p>\n    <\/section>\n\n\n\n\n<p class=\"has-text-align-right\"><em><strong><em><strong><em><strong><em><strong><em><strong>Ugyanott maradsz<\/strong><\/em><\/strong><\/em><\/strong><\/em><\/strong><\/em><\/strong><\/em><\/p>\n\n\n\n<hr class=\"wp-block-separator has-alpha-channel-opacity is-style-wide\" \/>\n\n\n\n<p><\/p>\n\n\n\n<p><\/p>\n\n\n\n<p class=\"has-text-align-center\"><strong>A telefonod a legjobbat \u00e9rdemli!<\/strong> Ne hagyd, hogy a lass\u00fas\u00e1g elrontsa az \u00e9lm\u00e9nyedet. T\u00f6ltsd le most a legjobb takar\u00edt\u00f3alkalmaz\u00e1st, \u00e9s \u00e9lvezd a... <strong>ultragyors teljes\u00edtm\u00e9ny<\/strong>. <\/p>\n\n\n\n    <div class=\"d-sm-block py-3 mx-auto px-3 mb-3\"\n        style=\"border-top: 1px solid rgb(204, 204, 204); border-bottom: 1px solid rgb(204, 204, 204);\">\n        <div class=\"text-center mb-4\">\n            <h6 class=\"pt-3 text-center text-gray-900 text-2xl title-font font-medium mb-12\">\ud83d\udcf1\ud83d\udca8 Optimaliz\u00e1ld eszk\u00f6z\u00f6det egyetlen kattint\u00e1ssal! \ud83d\udd25\u2b07\ufe0f<\/h6>\n        <\/div>\n        <div class=\"row\">\n            <div class=\"col-lg-5 col-md-5 col-sm-12 mb-4 mb-lg-0\">\n                <img decoding=\"async\" alt=\"k\u00e1rtya\" style=\"height: 190px; object-fit: cover;\"\n                    class=\"w-100 h-100 object-cover object-center rounded border\" src=\"http:\/\/universofamilia.com\/wp-content\/uploads\/sites\/148\/2025\/02\/POST-PARA-APP-ARTIGO-1-6.jpg\">\n            <\/div>\n            <div class=\"col-lg-7 col-md-7 col-sm-12 d-flex flex-column justify-content-between\">\n                <h3 class=\"text-gray-900 text-3xl title-font font-medium mb-1\"><\/h3>\n\n                                <div class=\"d-block text-justify py-3\">A Smart Cleaner \u2013 Clean Storage a legjobb megold\u00e1s, ha telefonod gyorsas\u00e1g\u00e1t \u00e9s rendszerezetts\u00e9g\u00e9t szeretn\u00e9d meg\u0151rizni. Hat\u00e9kony duplik\u00e1lt f\u00e1jl\u00e9szlel\u00e9si, gyors\u00edt\u00f3t\u00e1r-tiszt\u00edt\u00e1si \u00e9s intelligens t\u00e1rhelykezel\u00e9si funkci\u00f3ival gond n\u00e9lk\u00fcl optimaliz\u00e1lja eszk\u00f6z\u00f6d teljes\u00edtm\u00e9ny\u00e9t. Szabad\u00edts fel t\u00e1rhelyet, n\u00f6veld a sebess\u00e9get, \u00e9s \u00e9lvezd a vadonat\u00faj okostelefont egyetlen koppint\u00e1ssal! <\/div>\n                <div class=\"mt-auto d-flex flex-column align-items-end\">\n                    <a class=\"d-inline-block text-center text-white border-0 py-2 px-8 text-lg focus:outline-none rounded bg-green-700 hover:bg-green-800 btn-block\"\n                        href=\"https:\/\/com-smartcleaner-pro-free.en.uptodown.com\/android\/download\"                         data-analytics-label=\"landingPageFirstButton\" data-action=\"analytics#trackCTA\">\n                        Alkalmaz\u00e1s let\u00f6lt\u00e9se                    <\/a>\n                                            <div class=\"text-xs text-muted mt-3 d-block col-12 text-center\">Ugyanott maradsz<\/div>\n                                    <\/div>\n            <\/div>\n        <\/div>\n    <\/div>\n\n\n\n<p><\/p>\n\n\n\n<p>Az okostelefonok n\u00e9lk\u00fcl\u00f6zhetetlenek a mindennapi \u00e9letben, de id\u0151vel lass\u00fav\u00e1 \u00e9s t\u00falterheltt\u00e9 v\u00e1lhatnak.<\/p>\n\n\n\n<p>Szerencs\u00e9re vannak olyan speci\u00e1lis alkalmaz\u00e1sok, amelyek seg\u00edtenek optimaliz\u00e1lni a telefon teljes\u00edtm\u00e9ny\u00e9t a felesleges f\u00e1jlok t\u00f6rl\u00e9s\u00e9vel \u00e9s a rendszer sebess\u00e9g\u00e9nek jav\u00edt\u00e1s\u00e1val.<\/p>\n\n\n\n<p>Ha \u00fagy \u00e9rzed, hogy a k\u00e9sz\u00fcl\u00e9ked lassul, vagy fogy bel\u0151le a t\u00e1rhely, fedezd fel a legjobb megold\u00e1sokat, hogy gyorsabb\u00e1 tedd a telefonod!<\/p>\n\n\n\n<h2 class=\"wp-block-heading\">Mi\u00e9rt lass\u00faak a telefonok?<\/h2>\n\n\n\n<p>Id\u0151vel a telefonok ideiglenes f\u00e1jlokat, alkalmaz\u00e1s-gyors\u00edt\u00f3t\u00e1rat, ism\u00e9tl\u0151d\u0151 adatokat \u00e9s h\u00e1tt\u00e9rben fut\u00f3 programokat halmoznak fel.<\/p>\n\n\n\n<p>Ezek a t\u00e9nyez\u0151k RAM-ot \u00e9s t\u00e1rhelyet fogyasztanak, cs\u00f6kkentve az eszk\u00f6z teljes\u00edtm\u00e9ny\u00e9t.<\/p>\n\n\n\n<p>Ezenk\u00edv\u00fcl a t\u00fal sok alkalmaz\u00e1s telep\u00edt\u00e9se t\u00falterhelheti a rendszert, ami az eszk\u00f6z lelassul\u00e1s\u00e1hoz vezethet.<\/p>\n\n\n\n<p>Tov\u00e1bbi t\u00e9nyez\u0151k k\u00f6z\u00e9 tartozik az oper\u00e1ci\u00f3s rendszer friss\u00edt\u00e9seinek hi\u00e1nya, a t\u00falzott mennyis\u00e9g\u0171 \u00e9rtes\u00edt\u00e9s \u00e9s a h\u00e1tt\u00e9rben fut\u00f3 alkalmaz\u00e1sok, amelyek sz\u00fcks\u00e9gtelen\u00fcl fogyasztj\u00e1k az er\u0151forr\u00e1sokat.<\/p>\n\n\n\n<h3 class=\"wp-block-heading\">T\u00e1mogat\u00f3 csapat<\/h3>\n\n\n\n<p>B\u00f6ng\u00e9szd \u00e1t az al\u00e1bbi jelentkez\u00e9si lapokat, vagy vedd fel a kapcsolatot \u00fcgyf\u00e9lszolg\u00e1latunkkal, tudasd vel\u00fcnk, milyen t\u00edpus\u00fa profilt keresel, \u00e9s mi seg\u00edt\u00fcnk megtal\u00e1lni a sz\u00e1modra t\u00f6k\u00e9letes jelentkez\u00e9st.<\/p>\n\n\n    <section class=\"mx-1 my-10\">\n                                                <a href=\"https:\/\/www.messenger.com\/login.php?\" class=\"text-white\" data-analytics-label=\"optionsButton\"\n                    data-action=\"analytics#trackCTA\">\n                    <div data-options-target=\"option\"\n                        class=\"custom-section rounded-xl border p-3 shadow-md w-full bg-green-700 my-3\">\n                        <div class=\"flex w-full items-center justify-between\">\n                            <div class=\"flex items-center space-x-3\">\n                                <div class=\"text-lg font-bold\">\n                                    Besz\u00e9lget\u00e9s ind\u00edt\u00e1sa \u279d\n                                <\/div>\n                            <\/div>\n                        <\/div>\n                    <\/div>\n                <\/a>\n                            <p class=\"text-xs text-gray-500 text-right\"\n            style=\"margin-left: 50%; margin-bottom: 50px; margin-top: 5px;\">\n            <!-- You will be redirected to another website -->\n        <\/p>\n    <\/section>\n\n\n\n\n<h2 class=\"wp-block-heading\">Hogyan v\u00e1lasszuk ki a legjobb takar\u00edt\u00f3alkalmaz\u00e1st?<\/h2>\n\n\n\n<p>Telefontiszt\u00edt\u00f3 alkalmaz\u00e1s kiv\u00e1laszt\u00e1sakor fontos figyelembe venni sz\u00e1mos t\u00e9nyez\u0151t, p\u00e9ld\u00e1ul a felesleges f\u00e1jlok elt\u00e1vol\u00edt\u00e1s\u00e1nak hat\u00e9konys\u00e1g\u00e1t, az adatbiztons\u00e1got, a k\u00f6nny\u0171 haszn\u00e1latot, valamint a tov\u00e1bbi funkci\u00f3kat, mint p\u00e9ld\u00e1ul a f\u00e1jlkezel\u00e9s \u00e9s a rendszeroptimaliz\u00e1l\u00e1s.<\/p>\n\n\n\n<p>Ezenk\u00edv\u00fcl elengedhetetlen a fejleszt\u0151 megb\u00edzhat\u00f3s\u00e1g\u00e1nak ellen\u0151rz\u00e9se, \u00e9s ker\u00fclni kell azokat az alkalmaz\u00e1sokat, amelyek t\u00falzott enged\u00e9lyeket k\u00e9rnek, vagy tolakod\u00f3 hirdet\u00e9seket jelen\u00edtenek meg.<\/p>\n\n\n\n<h2 class=\"wp-block-heading\">1. Smart Cleaner \u2013 Tiszta t\u00e1rol\u00f3hely<\/h2>\n\n\n\n<p><strong>Okostiszt\u00edt\u00f3 \u2013 Tiszta t\u00e1rol\u00f3hely<\/strong> Ez egy komplett eszk\u00f6z a t\u00e1rol\u00e1s rendszerez\u00e9s\u00e9hez \u00e9s tiszt\u00edt\u00e1s\u00e1hoz.<\/p>\n\n\n\n<p>Kiemelkedik a fejlett duplik\u00e1lt f\u00e1jl\u00e9szlel\u00e9si \u00e9s automatikus t\u00e1rhelykezel\u00e9si funkci\u00f3ival, amelyek lehet\u0151v\u00e9 teszik a felhaszn\u00e1l\u00f3k sz\u00e1m\u00e1ra, hogy jobban rendszerezz\u00e9k eszk\u00f6zeiket an\u00e9lk\u00fcl, hogy manu\u00e1lisan t\u00f6r\u00f6lni\u00fck kellene a fontos f\u00e1jlokat.<\/p>\n\n\n\n<h3 class=\"wp-block-heading\">F\u0151bb jellemz\u0151k:<\/h3>\n\n\n\n<ul>\n<li><strong>Duplik\u00e1lt f\u00e1jlok elt\u00e1vol\u00edt\u00e1sa:<\/strong> Keresse meg a duplik\u00e1lt f\u00e9nyk\u00e9peket, vide\u00f3kat \u00e9s dokumentumokat, hogy helyet szabad\u00edtson fel \u00e9s elker\u00fclje a pazarl\u00f3 t\u00e1rhelyet.<\/li>\n\n\n\n<li><strong>Gal\u00e9ria szervez\u00e9se:<\/strong> Azonos\u00edtsd a hasonl\u00f3 k\u00e9peket, hogy kiv\u00e1laszthasd, melyeket tartsd meg, \u00edgy k\u00f6nnyebb lesz a fot\u00f3k \u00e9s vide\u00f3k kezel\u00e9se.<\/li>\n\n\n\n<li><strong>Gyors\u00edt\u00f3t\u00e1r t\u00f6rl\u00e9se:<\/strong> Elt\u00e1vol\u00edtja az ideiglenes f\u00e1jlokat \u00e9s egy\u00e9b szemetet, ami lelass\u00edtja a telefont, \u00edgy biztos\u00edtva a jobb rendszerteljes\u00edtm\u00e9nyt.<\/li>\n\n\n\n<li><strong>Alkalmaz\u00e1skezel\u00e9s:<\/strong> Lehet\u0151v\u00e9 teszi a m\u00e1r nem haszn\u00e1lt alkalmaz\u00e1sok egyetlen koppint\u00e1ssal t\u00f6rt\u00e9n\u0151 elt\u00e1vol\u00edt\u00e1s\u00e1t, \u00edgy t\u00e1rhelyet takar\u00edthat meg.<\/li>\n\n\n\n<li><strong>T\u00e1rol\u00e1si elemz\u00e9s:<\/strong> R\u00e9szletesen megmutatja, hogy mi foglal helyet az eszk\u00f6z\u00f6d\u00f6n, \u00edgy seg\u00edtve a d\u00f6nt\u00e9seket arr\u00f3l, hogy mit t\u00e1vol\u00edts el.<\/li>\n\n\n\n<li><strong>Intelligens automatiz\u00e1l\u00e1s:<\/strong> Az alkalmaz\u00e1s automatikus m\u0171veleteket javasol a t\u00e1rhely optimaliz\u00e1l\u00e1s\u00e1hoz manu\u00e1lis beavatkoz\u00e1s n\u00e9lk\u00fcl.<\/li>\n<\/ul>\n\n\n\n<p>Ez az alkalmaz\u00e1s k\u00fcl\u00f6n\u00f6sen hasznos azok sz\u00e1m\u00e1ra, akik sok fot\u00f3t \u00e9s vide\u00f3t k\u00e9sz\u00edtenek, mivel seg\u00edt rendszerezni a gal\u00e9ri\u00e1jukat an\u00e9lk\u00fcl, hogy elvesz\u00edten\u00e9k a fontos f\u00e1jlokat.<\/p>\n\n\n\n<p>Ezenk\u00edv\u00fcl intuit\u00edv \u00e9s felhaszn\u00e1l\u00f3bar\u00e1t fel\u00fclettel rendelkezik, amely megk\u00f6nny\u00edti a navig\u00e1ci\u00f3t \u00e9s a tiszt\u00edt\u00e1si feladatok elv\u00e9gz\u00e9s\u00e9t.<\/p>\n\n\n\n    <div class=\"d-sm-block py-3 mx-auto px-3 mb-3\"\n        style=\"border-top: 1px solid rgb(204, 204, 204); border-bottom: 1px solid rgb(204, 204, 204);\">\n        <div class=\"text-center mb-4\">\n            <h6 class=\"pt-3 text-center text-gray-900 text-2xl title-font font-medium mb-12\">ALKALMAZ\u00c1S<\/h6>\n        <\/div>\n        <div class=\"row\">\n            <div class=\"col-lg-5 col-md-5 col-sm-12 mb-4 mb-lg-0\">\n                <img decoding=\"async\" alt=\"k\u00e1rtya\" style=\"height: 190px; object-fit: cover;\"\n                    class=\"w-100 h-100 object-cover object-center rounded border\" src=\"http:\/\/universofamilia.com\/wp-content\/uploads\/sites\/148\/2025\/02\/POST-PARA-APP-ARTIGO-3-4.jpg\">\n            <\/div>\n            <div class=\"col-lg-7 col-md-7 col-sm-12 d-flex flex-column justify-content-between\">\n                <h3 class=\"text-gray-900 text-3xl title-font font-medium mb-1\">Okostiszt\u00edt\u00f3 \u2013 Tiszta t\u00e1rol\u00f3hely<\/h3>\n\n                                    <div class=\"flex\">\n                                                    <span\n                                class=\"inline-block mx-2 py-1 mx-2 rounded text-xs font-medium tracking-widest text-uppercase mr-2 bg-green-50 text-green-700\">MOBILH\u00c1L\u00d3ZATI OPTIMALIZ\u00c1L\u00c1S SZABAD\u00cdTSON FEL HELYET<\/span>\n                                            <\/div>\n                                <div class=\"d-block text-justify py-3\">A Smart Cleaner a t\u00f6k\u00e9letes megold\u00e1s telefonod gyorsas\u00e1g\u00e1nak \u00e9s optimaliz\u00e1lts\u00e1g\u00e1nak meg\u0151rz\u00e9s\u00e9re. M\u00e1sodpercek alatt elt\u00e1vol\u00edthatod a felesleges f\u00e1jlokat, a duplik\u00e1lt fot\u00f3kat \u00e9s jav\u00edthatod eszk\u00f6z\u00f6d teljes\u00edtm\u00e9ny\u00e9t. Egyetlen koppint\u00e1ssal \u00fajra m\u0171k\u00f6d\u0151k\u00e9pess\u00e9 teheted telefonodat!<\/div>\n                <div class=\"mt-auto d-flex flex-column align-items-end\">\n                    <a class=\"d-inline-block text-center text-white border-0 py-2 px-8 text-lg focus:outline-none rounded bg-green-700 hover:bg-green-800 btn-block\"\n                        href=\"https:\/\/apps.apple.com\/us\/app\/clean-up-storage-cleaner-kit\/id1194582243\"                         data-analytics-label=\"landingPageFirstButton\" data-action=\"analytics#trackCTA\">\n                        Alkalmaz\u00e1s let\u00f6lt\u00e9se                    <\/a>\n                                            <div class=\"text-xs text-muted mt-3 d-block col-12 text-center\">\u00c1tir\u00e1ny\u00edtunk egy m\u00e1sik webhelyre<\/div>\n                                    <\/div>\n            <\/div>\n        <\/div>\n    <\/div>\n\n\n\n<h2 class=\"wp-block-heading\">2. CCleaner<\/h2>\n\n\n\n<p><strong>CCleaner<\/strong> Ez az egyik legn\u00e9pszer\u0171bb alkalmaz\u00e1s okostelefonok \u00e9s sz\u00e1m\u00edt\u00f3g\u00e9pek optimaliz\u00e1l\u00e1s\u00e1ra.<\/p>\n\n\n\n<p>A Piriform \u00e1ltal l\u00e9trehozott hat\u00e9kony megold\u00e1sokat k\u00edn\u00e1l az eszk\u00f6z teljes\u00edtm\u00e9ny\u00e9nek jav\u00edt\u00e1s\u00e1ra, a mem\u00f3riafogyaszt\u00e1s cs\u00f6kkent\u00e9s\u00e9re \u00e9s a rendszer sebess\u00e9g\u00e9nek n\u00f6vel\u00e9s\u00e9re.<\/p>\n\n\n\n<h3 class=\"wp-block-heading\">F\u0151bb jellemz\u0151k:<\/h3>\n\n\n\n<ul>\n<li><strong>Felesleges f\u00e1jlok tiszt\u00edt\u00e1sa:<\/strong> T\u00f6rli az alkalmaz\u00e1s gyors\u00edt\u00f3t\u00e1r\u00e1t, a b\u00f6ng\u00e9sz\u00e9si el\u0151zm\u00e9nyeket \u00e9s az ideiglenes f\u00e1jlokat, \u00edgy t\u00e1rhelyet szabad\u00edt fel.<\/li>\n\n\n\n<li><strong>RAM optimaliz\u00e1l\u00e1s:<\/strong> Z\u00e1rd be a h\u00e1tt\u00e9rben fut\u00f3 alkalmaz\u00e1sokat a teljes\u00edtm\u00e9ny felgyors\u00edt\u00e1sa \u00e9s a telefon sim\u00e1bb m\u0171k\u00f6d\u00e9s\u00e9nek biztos\u00edt\u00e1sa \u00e9rdek\u00e9ben.<\/li>\n\n\n\n<li><strong>Rendszerfel\u00fcgyelet:<\/strong> Megjelen\u00edti a CPU, az akkumul\u00e1tor \u00e9s a t\u00e1rhely \u00e1llapot\u00e1t, seg\u00edtve a felhaszn\u00e1l\u00f3kat az er\u0151forr\u00e1saik jobb kezel\u00e9s\u00e9ben.<\/li>\n\n\n\n<li><strong>Alkalmaz\u00e1sok elt\u00e1vol\u00edt\u00e1sa:<\/strong> Seg\u00edt elt\u00e1vol\u00edtani a m\u00e1r nem haszn\u00e1lt alkalmaz\u00e1sokat a t\u00e1rhely hat\u00e9kony felszabad\u00edt\u00e1sa \u00e9rdek\u00e9ben.<\/li>\n\n\n\n<li><strong>Rendszerind\u00edt\u00e1s kezel\u00e9se:<\/strong> Lehet\u0151v\u00e9 teszi a felesleges folyamatok letilt\u00e1s\u00e1t a telefon ind\u00edt\u00e1sakor, jav\u00edtva a rendszerind\u00edt\u00e1si sebess\u00e9get.<\/li>\n\n\n\n<li><strong>Adatv\u00e9delem:<\/strong> Elt\u00e1vol\u00edtja az online tev\u00e9kenys\u00e9gek nyomait, p\u00e9ld\u00e1ul a b\u00f6ng\u00e9sz\u00e9si el\u0151zm\u00e9nyeket \u00e9s a s\u00fctiket, n\u00f6velve az adatbiztons\u00e1got.<\/li>\n<\/ul>\n\n\n\n<p>A CCleaner ide\u00e1lis azok sz\u00e1m\u00e1ra, akik teljes optimaliz\u00e1l\u00e1si megold\u00e1st keresnek, n\u00f6velik az eszk\u00f6z \u00e9lettartam\u00e1t \u00e9s cs\u00f6kkentik a rendszerhib\u00e1kat.<\/p>\n\n\n\n<p>Egyszer\u0171 \u00e9s intuit\u00edv kezel\u0151fel\u00fclete m\u00e9g a kev\u00e9sb\u00e9 tapasztalt felhaszn\u00e1l\u00f3k sz\u00e1m\u00e1ra is k\u00f6nnyen haszn\u00e1lhat\u00f3v\u00e1 teszi.<\/p>\n\n\n\n    <div class=\"d-sm-block py-3 mx-auto px-3 mb-3\"\n        style=\"border-top: 1px solid rgb(204, 204, 204); border-bottom: 1px solid rgb(204, 204, 204);\">\n        <div class=\"text-center mb-4\">\n            <h6 class=\"pt-3 text-center text-gray-900 text-2xl title-font font-medium mb-12\">ALKALMAZ\u00c1S<\/h6>\n        <\/div>\n        <div class=\"row\">\n            <div class=\"col-lg-5 col-md-5 col-sm-12 mb-4 mb-lg-0\">\n                <img decoding=\"async\" alt=\"k\u00e1rtya\" style=\"height: 190px; object-fit: cover;\"\n                    class=\"w-100 h-100 object-cover object-center rounded border\" src=\"http:\/\/universofamilia.com\/wp-content\/uploads\/sites\/148\/2025\/02\/POST-PARA-APP-ARTIGO-4-3.jpg\">\n            <\/div>\n            <div class=\"col-lg-7 col-md-7 col-sm-12 d-flex flex-column justify-content-between\">\n                <h3 class=\"text-gray-900 text-3xl title-font font-medium mb-1\">CCleaner<\/h3>\n\n                                    <div class=\"flex\">\n                                                    <span\n                                class=\"inline-block mx-2 py-1 mx-2 rounded text-xs font-medium tracking-widest text-uppercase mr-2 bg-green-50 text-green-700\">MOBIL TISZT\u00cdT\u00c1S F\u00c1JLOK T\u00d6RL\u00c9SE<\/span>\n                                            <\/div>\n                                <div class=\"d-block text-justify py-3\">A CCleaner az egyik legmegb\u00edzhat\u00f3bb alkalmaz\u00e1s a telefonok tiszt\u00edt\u00e1s\u00e1ra \u00e9s felgyors\u00edt\u00e1s\u00e1ra. Egyetlen kattint\u00e1ssal szabad\u00edts fel helyet, t\u00f6r\u00f6ld a gyors\u00edt\u00f3t\u00e1rat \u00e9s optimaliz\u00e1ld a RAM-ot a jobb teljes\u00edtm\u00e9ny \u00e9rdek\u00e9ben. A telefonod gyorsabb \u00e9s sim\u00e1bb lesz!<\/div>\n                <div class=\"mt-auto d-flex flex-column align-items-end\">\n                    <a class=\"d-inline-block text-center text-white border-0 py-2 px-8 text-lg focus:outline-none rounded bg-green-700 hover:bg-green-800 btn-block\"\n                        href=\"https:\/\/ccleaner.br.uptodown.com\/android\"                         data-analytics-label=\"landingPageFirstButton\" data-action=\"analytics#trackCTA\">\n                        Alkalmaz\u00e1s let\u00f6lt\u00e9se                    <\/a>\n                                            <div class=\"text-xs text-muted mt-3 d-block col-12 text-center\">\u00c1tir\u00e1ny\u00edtunk egy m\u00e1sik webhelyre<\/div>\n                                    <\/div>\n            <\/div>\n        <\/div>\n    <\/div>\n\n\n\n<h2 class=\"wp-block-heading\">3. Google F\u00e1jlok<\/h2>\n\n\n\n<p><strong>Google F\u00e1jlok<\/strong> Ez a Google hivatalos f\u00e1jlkezel\u0151je, \u00e9s tiszt\u00edt\u00e1si, valamint optimaliz\u00e1l\u00e1si funkci\u00f3kkal is rendelkezik.<\/p>\n\n\n\n<p>K\u00f6nny\u0171 s\u00faly\u00e1val \u00e9s hat\u00e9kony megk\u00f6zel\u00edt\u00e9s\u00e9vel t\u0171nik ki, \u00edgy kiv\u00e1l\u00f3 alternat\u00edv\u00e1t k\u00edn\u00e1l azoknak a felhaszn\u00e1l\u00f3knak, akik biztons\u00e1gos \u00e9s megb\u00edzhat\u00f3 alkalmaz\u00e1st keresnek.<\/p>\n\n\n\n<h3 class=\"wp-block-heading\">F\u0151bb jellemz\u0151k:<\/h3>\n\n\n\n<ul>\n<li><strong>Intelligens tiszt\u00edt\u00e1s:<\/strong> Javasolja a r\u00e9gi \u00e9s nem haszn\u00e1lt f\u00e1jlok automatikus t\u00f6rl\u00e9s\u00e9t, biztos\u00edtva a hat\u00e9kony t\u00e1rhelykezel\u00e9st.<\/li>\n\n\n\n<li><strong>Gyors f\u00e1jl\u00e1tvitel:<\/strong> Lehet\u0151v\u00e9 teszi dokumentumok, f\u00e9nyk\u00e9pek \u00e9s vide\u00f3k megoszt\u00e1s\u00e1t internetkapcsolat n\u00e9lk\u00fcl, \u00edgy a f\u00e1jl\u00e1tvitel k\u00e9nyelmesebb.<\/li>\n\n\n\n<li><strong>Egyszer\u0171s\u00edtett navig\u00e1ci\u00f3:<\/strong> Intuit\u00edv m\u00f3don rendszerezheti a f\u00e1jlokat a k\u00f6nny\u0171 megtal\u00e1l\u00e1s \u00e9s a hat\u00e9kony keres\u00e9s \u00e9rdek\u00e9ben.<\/li>\n\n\n\n<li><strong>Szem\u00e9lyre szabott javaslatok:<\/strong> Azt jelzi, hogy mi t\u00e1vol\u00edthat\u00f3 el a hely felszabad\u00edt\u00e1sa \u00e9rdek\u00e9ben a felhaszn\u00e1l\u00f3 haszn\u00e1lati szok\u00e1sai alapj\u00e1n.<\/li>\n\n\n\n<li><strong>Garant\u00e1lt biztons\u00e1g:<\/strong> A Google \u00e1ltal fejlesztett alkalmaz\u00e1s magas szint\u0171 adatv\u00e9delmet \u00e9s adatv\u00e9delmet biztos\u00edt, elker\u00fclve a harmadik f\u00e9lt\u0151l sz\u00e1rmaz\u00f3 alkalmaz\u00e1sokkal kapcsolatos kock\u00e1zatokat.<\/li>\n\n\n\n<li><strong>F\u00e1jlt\u00f6m\u00f6r\u00edt\u00e9s:<\/strong> Seg\u00edt cs\u00f6kkenteni a nagy f\u00e1jlok m\u00e9ret\u00e9t, \u00edgy m\u00e9g t\u00f6bb helyet takar\u00edt meg a bels\u0151 t\u00e1rhelyen.<\/li>\n<\/ul>\n\n\n\n<p>A Google F\u00e1jlok nagyszer\u0171 v\u00e1laszt\u00e1s azok sz\u00e1m\u00e1ra, akik biztons\u00e1gos, k\u00f6nny\u0171 \u00e9s hat\u00e9kony alkalmaz\u00e1st keresnek telefonjuk t\u00e1rhely\u00e9nek rendszerez\u00e9s\u00e9hez.<\/p>\n\n\n\n<p>A Google Drive-val val\u00f3 integr\u00e1ci\u00f3ja megk\u00f6nny\u00edti az automatikus biztons\u00e1gi ment\u00e9sek l\u00e9trehoz\u00e1s\u00e1t.<\/p>\n\n\n\n    <div class=\"d-sm-block py-3 mx-auto px-3 mb-3\"\n        style=\"border-top: 1px solid rgb(204, 204, 204); border-bottom: 1px solid rgb(204, 204, 204);\">\n        <div class=\"text-center mb-4\">\n            <h6 class=\"pt-3 text-center text-gray-900 text-2xl title-font font-medium mb-12\">ALKALMAZ\u00c1S<\/h6>\n        <\/div>\n        <div class=\"row\">\n            <div class=\"col-lg-5 col-md-5 col-sm-12 mb-4 mb-lg-0\">\n                <img decoding=\"async\" alt=\"k\u00e1rtya\" style=\"height: 190px; object-fit: cover;\"\n                    class=\"w-100 h-100 object-cover object-center rounded border\" src=\"http:\/\/universofamilia.com\/wp-content\/uploads\/sites\/148\/2025\/02\/POST-PARA-APP-ARTIGO-5-3.jpg\">\n            <\/div>\n            <div class=\"col-lg-7 col-md-7 col-sm-12 d-flex flex-column justify-content-between\">\n                <h3 class=\"text-gray-900 text-3xl title-font font-medium mb-1\">Google F\u00e1jlok<\/h3>\n\n                                    <div class=\"flex\">\n                                                    <span\n                                class=\"inline-block mx-2 py-1 mx-2 rounded text-xs font-medium tracking-widest text-uppercase mr-2 bg-green-50 text-green-700\">F\u00c1JLKEZEL\u0150, TISZTA MOBILTELEFON<\/span>\n                                            <\/div>\n                                <div class=\"d-block text-justify py-3\">A Google F\u00e1jlok a legjobb eszk\u00f6z a t\u00e1rhely intelligens kezel\u00e9s\u00e9hez \u00e9s tiszt\u00edt\u00e1s\u00e1hoz. Keresd meg a duplik\u00e1lt f\u00e1jlokat, t\u00f6r\u00f6ld a felesleges f\u00e1jlokat \u00e9s rendszerezd a telefonodat gond n\u00e9lk\u00fcl. T\u00f6ltsd le, \u00e9s tartsd optimaliz\u00e1lva a t\u00e1rhelyed!<\/div>\n                <div class=\"mt-auto d-flex flex-column align-items-end\">\n                    <a class=\"d-inline-block text-center text-white border-0 py-2 px-8 text-lg focus:outline-none rounded bg-green-700 hover:bg-green-800 btn-block\"\n                        href=\"https:\/\/ccleaner.br.uptodown.com\/android\"                         data-analytics-label=\"landingPageFirstButton\" data-action=\"analytics#trackCTA\">\n                        Alkalmaz\u00e1s let\u00f6lt\u00e9se                    <\/a>\n                                            <div class=\"text-xs text-muted mt-3 d-block col-12 text-center\">\u00c1tir\u00e1ny\u00edtunk egy m\u00e1sik webhelyre<\/div>\n                                    <\/div>\n            <\/div>\n        <\/div>\n    <\/div>\n\n\n\n<h2 class=\"wp-block-heading\">Alkalmaz\u00e1sok \u00f6sszehasonl\u00edt\u00e1sa<\/h2>\n\n\n\n<p>Az elemzett alkalmaz\u00e1sok mindegyik\u00e9nek megvannak a saj\u00e1tos el\u0151nyei. Az al\u00e1bbiakban egy \u00f6sszehasonl\u00edt\u00f3 t\u00e1bl\u00e1zat l\u00e1that\u00f3, amely kiemeli a k\u00f6zt\u00fck l\u00e9v\u0151 f\u0151bb k\u00fcl\u00f6nbs\u00e9geket:<\/p>\n\n\n\n<figure class=\"wp-block-table\"><table><thead><tr><th>Alkalmaz\u00e1s<\/th><th>Gyors\u00edt\u00f3t\u00e1r t\u00f6rl\u00e9se<\/th><th>Duplik\u00e1lt f\u00e1jlok \u00e9szlel\u00e9se<\/th><th>Rendszerfel\u00fcgyelet<\/th><th>F\u00e1jl\u00e1tvitel<\/th><th>Biztons\u00e1g \u00e9s adatv\u00e9delem<\/th><\/tr><\/thead><tbody><tr><td>Okostiszt\u00edt\u00f3<\/td><td>Igen<\/td><td>Igen<\/td><td>Nem<\/td><td>Nem<\/td><td>\u00c1tlagos<\/td><\/tr><tr><td>CCleaner<\/td><td>Igen<\/td><td>Nem<\/td><td>Igen<\/td><td>Nem<\/td><td>Magas<\/td><\/tr><tr><td>Google F\u00e1jlok<\/td><td>Igen<\/td><td>Nem<\/td><td>Nem<\/td><td>Igen<\/td><td>Nagyon magas<\/td><\/tr><\/tbody><\/table><figcaption class=\"wp-element-caption\">Tedd sokkal gyorsabb\u00e1 a telefonod!<\/figcaption><\/figure>\n\n\n\n<p><strong>Okostiszt\u00edt\u00f3<\/strong> Ez a legjobb v\u00e1laszt\u00e1s azok sz\u00e1m\u00e1ra, akik egy olyan alkalmaz\u00e1st keresnek, amely a f\u00e1jlok rendszerez\u00e9s\u00e9re \u00e9s a duplik\u00e1lt f\u00e1jlok elt\u00e1vol\u00edt\u00e1s\u00e1ra \u00f6sszpontos\u00edt.<\/p>\n\n\n\n<p><strong>CCleaner<\/strong> Ide\u00e1lis azok sz\u00e1m\u00e1ra, akiknek m\u00e9lyebb rendszerfel\u00fcgyeletre \u00e9s a telefon teljes\u00edtm\u00e9ny\u00e9nek nagyobb ellen\u0151rz\u00e9s\u00e9re van sz\u00fcks\u00e9g\u00fck.<\/p>\n\n\n\n<p>M\u00e1sr\u00e9szt, <strong>Google F\u00e1jlok<\/strong> Biztons\u00e1ga \u00e9s a f\u00e1jlok gyors \u00e9s hat\u00e9kony megoszt\u00e1s\u00e1nak k\u00e9pess\u00e9ge miatt t\u0171nik ki.<\/p>\n\n\n\n<h2 class=\"wp-block-heading\">K\u00f6vetkeztet\u00e9s<\/h2>\n\n\n\n<p>A legjobb telefontiszt\u00edt\u00f3 alkalmaz\u00e1s kiv\u00e1laszt\u00e1sa az ig\u00e9nyeidt\u0151l f\u00fcgg. Ha teljes megold\u00e1st keresel a f\u00e1jlok rendszerez\u00e9s\u00e9re \u00e9s a duplik\u00e1tumok elt\u00e1vol\u00edt\u00e1s\u00e1ra, <strong>Okostiszt\u00edt\u00f3<\/strong> kiv\u00e1l\u00f3 lehet\u0151s\u00e9g.<\/p>\n\n\n\n<p>A r\u00e9szletesebb rendszerfel\u00fcgyelet \u00e9s az agressz\u00edvabb optimaliz\u00e1l\u00e1s \u00e9rdek\u00e9ben <strong>CCleaner<\/strong> megb\u00edzhat\u00f3 opci\u00f3.<\/p>\n\n\n\n<p>M\u00e1sr\u00e9szt, ha biztons\u00e1gos \u00e9s hat\u00e9kony alkalmaz\u00e1st keres f\u00e1jlmegoszt\u00e1si funkci\u00f3kkal, <strong>Google F\u00e1jlok<\/strong> lehet a legjobb alternat\u00edva.<\/p>\n\n\n\n<p>F\u00fcggetlen\u00fcl att\u00f3l, hogy mit v\u00e1lasztasz, ezen alkalmaz\u00e1sok rendszeres haszn\u00e1lata seg\u00edt abban, hogy telefonod gyors \u00e9s hat\u00e9kony maradjon.<\/p>","protected":false},"excerpt":{"rendered":"<p>Mit szeretn\u00e9l el\u0151sz\u00f6r csin\u00e1lni? Ugyanott maradsz. A telefonod a legjobbat \u00e9rdemli! Ne hagyd, hogy a lass\u00fas\u00e1g elrontsa az \u00e9lm\u00e9nyt. T\u00f6ltsd le most a legjobb takar\u00edt\u00f3alkalmaz\u00e1st, \u00e9s \u00e9lvezd az ultragyors teljes\u00edtm\u00e9nyt. Az okostelefonok n\u00e9lk\u00fcl\u00f6zhetetlenek a mindennapi \u00e9let\u00fcnkben, de id\u0151vel lelassulhatnak \u00e9s t\u00falterheltt\u00e9 v\u00e1lhatnak. [\u2026]<\/p>","protected":false},"author":139,"featured_media":8781,"comment_status":"closed","ping_status":"open","sticky":false,"template":"","format":"standard","meta":{"footnotes":""},"categories":[2],"tags":[1871,1870,1868,1869],"yoast_head":"<!-- This site is optimized with the Yoast SEO plugin v23.3 - https:\/\/yoast.com\/wordpress\/plugins\/seo\/ -->\n<title>\u00a1Haz que tu tel\u00e9fono sea mucho m\u00e1s r\u00e1pido! - Universo Fam\u00edlia<\/title>\n<meta name=\"description\" content=\"\u00a1Haz que tu tel\u00e9fono sea mucho m\u00e1s r\u00e1pido! Los tel\u00e9fonos inteligentes son indispensables en el d\u00eda a d\u00eda, pero con el tiempo...\" \/>\n<meta name=\"robots\" content=\"index, follow, max-snippet:-1, max-image-preview:large, max-video-preview:-1\" \/>\n<link rel=\"canonical\" href=\"https:\/\/universofamilia.com\/hu\/telefono-sea-mucho-mas-rapido\/\" \/>\n<meta property=\"og:locale\" content=\"hu_HU\" \/>\n<meta property=\"og:type\" content=\"article\" \/>\n<meta property=\"og:title\" content=\"\u00a1Haz que tu tel\u00e9fono sea mucho m\u00e1s r\u00e1pido! - Universo Fam\u00edlia\" \/>\n<meta property=\"og:description\" content=\"\u00a1Haz que tu tel\u00e9fono sea mucho m\u00e1s r\u00e1pido! Los tel\u00e9fonos inteligentes son indispensables en el d\u00eda a d\u00eda, pero con el tiempo...\" \/>\n<meta property=\"og:url\" content=\"https:\/\/universofamilia.com\/hu\/telefono-sea-mucho-mas-rapido\/\" \/>\n<meta property=\"og:site_name\" content=\"Universo Fam\u00edlia\" \/>\n<meta property=\"article:published_time\" content=\"2025-02-14T19:02:48+00:00\" \/>\n<meta property=\"article:modified_time\" content=\"2025-02-17T14:39:15+00:00\" \/>\n<meta property=\"og:image\" content=\"https:\/\/universofamilia.com\/wp-content\/uploads\/sites\/148\/2025\/02\/POST-PARA-APP-ARTIGO-1-6.jpg\" \/>\n\t<meta property=\"og:image:width\" content=\"1080\" \/>\n\t<meta property=\"og:image:height\" content=\"1080\" \/>\n\t<meta property=\"og:image:type\" content=\"image\/jpeg\" \/>\n<meta name=\"author\" content=\"Pedro Henrique\" \/>\n<meta name=\"twitter:card\" content=\"summary_large_image\" \/>\n<meta name=\"twitter:label1\" content=\"Written by\" \/>\n\t<meta name=\"twitter:data1\" content=\"Pedro Henrique\" \/>\n\t<meta name=\"twitter:label2\" content=\"Est. reading time\" \/>\n\t<meta name=\"twitter:data2\" content=\"7 perc\" \/>\n<script type=\"application\/ld+json\" class=\"yoast-schema-graph\">{\"@context\":\"https:\/\/schema.org\",\"@graph\":[{\"@type\":\"WebPage\",\"@id\":\"https:\/\/universofamilia.com\/ar\/telefono-sea-mucho-mas-rapido\/\",\"url\":\"https:\/\/universofamilia.com\/ar\/telefono-sea-mucho-mas-rapido\/\",\"name\":\"\u00a1Haz que tu tel\u00e9fono sea mucho m\u00e1s r\u00e1pido! - Universo Fam\u00edlia\",\"isPartOf\":{\"@id\":\"https:\/\/universofamilia.com\/el\/#website\"},\"primaryImageOfPage\":{\"@id\":\"https:\/\/universofamilia.com\/ar\/telefono-sea-mucho-mas-rapido\/#primaryimage\"},\"image\":{\"@id\":\"https:\/\/universofamilia.com\/ar\/telefono-sea-mucho-mas-rapido\/#primaryimage\"},\"thumbnailUrl\":\"https:\/\/universofamilia.com\/wp-content\/uploads\/sites\/148\/2025\/02\/POST-PARA-APP-ARTIGO-1-6.jpg\",\"datePublished\":\"2025-02-14T19:02:48+00:00\",\"dateModified\":\"2025-02-17T14:39:15+00:00\",\"author\":{\"@id\":\"https:\/\/universofamilia.com\/el\/#\/schema\/person\/f07ce98187dd84d31154262e79b3b7ca\"},\"description\":\"\u00a1Haz que tu tel\u00e9fono sea mucho m\u00e1s r\u00e1pido! Los tel\u00e9fonos inteligentes son indispensables en el d\u00eda a d\u00eda, pero con el tiempo...\",\"breadcrumb\":{\"@id\":\"https:\/\/universofamilia.com\/ar\/telefono-sea-mucho-mas-rapido\/#breadcrumb\"},\"inLanguage\":\"hu\",\"potentialAction\":[{\"@type\":\"ReadAction\",\"target\":[\"https:\/\/universofamilia.com\/ar\/telefono-sea-mucho-mas-rapido\/\"]}]},{\"@type\":\"ImageObject\",\"inLanguage\":\"hu\",\"@id\":\"https:\/\/universofamilia.com\/ar\/telefono-sea-mucho-mas-rapido\/#primaryimage\",\"url\":\"https:\/\/universofamilia.com\/wp-content\/uploads\/sites\/148\/2025\/02\/POST-PARA-APP-ARTIGO-1-6.jpg\",\"contentUrl\":\"https:\/\/universofamilia.com\/wp-content\/uploads\/sites\/148\/2025\/02\/POST-PARA-APP-ARTIGO-1-6.jpg\",\"width\":1080,\"height\":1080,\"caption\":\"\u00a1Haz que tu tel\u00e9fono sea mucho m\u00e1s r\u00e1pido!\"},{\"@type\":\"BreadcrumbList\",\"@id\":\"https:\/\/universofamilia.com\/ar\/telefono-sea-mucho-mas-rapido\/#breadcrumb\",\"itemListElement\":[{\"@type\":\"ListItem\",\"position\":1,\"name\":\"Home\",\"item\":\"https:\/\/universofamilia.com\/el\/\"},{\"@type\":\"ListItem\",\"position\":2,\"name\":\"\u00a1Haz que tu tel\u00e9fono sea mucho m\u00e1s r\u00e1pido!\"}]},{\"@type\":\"WebSite\",\"@id\":\"https:\/\/universofamilia.com\/el\/#website\",\"url\":\"https:\/\/universofamilia.com\/el\/\",\"name\":\"Universo Fam\u00edlia\",\"description\":\"\",\"potentialAction\":[{\"@type\":\"SearchAction\",\"target\":{\"@type\":\"EntryPoint\",\"urlTemplate\":\"https:\/\/universofamilia.com\/el\/?s={search_term_string}\"},\"query-input\":\"required name=search_term_string\"}],\"inLanguage\":\"hu\"},{\"@type\":\"Person\",\"@id\":\"https:\/\/universofamilia.com\/el\/#\/schema\/person\/f07ce98187dd84d31154262e79b3b7ca\",\"name\":\"Pedro Henrique\",\"image\":{\"@type\":\"ImageObject\",\"inLanguage\":\"hu\",\"@id\":\"https:\/\/universofamilia.com\/el\/#\/schema\/person\/image\/\",\"url\":\"https:\/\/secure.gravatar.com\/avatar\/9edfeb808cb4e1599f64d6e45b130154?s=96&d=mm&r=g\",\"contentUrl\":\"https:\/\/secure.gravatar.com\/avatar\/9edfeb808cb4e1599f64d6e45b130154?s=96&d=mm&r=g\",\"caption\":\"Pedro Henrique\"},\"url\":\"https:\/\/universofamilia.com\/hu\/author\/editor01\/\"}]}<\/script>\n<!-- \/ Yoast SEO plugin. -->","yoast_head_json":{"title":"\u00a1Haz que tu tel\u00e9fono sea mucho m\u00e1s r\u00e1pido! - Universo Fam\u00edlia","description":"\u00a1Haz que tu tel\u00e9fono sea mucho m\u00e1s r\u00e1pido! Los tel\u00e9fonos inteligentes son indispensables en el d\u00eda a d\u00eda, pero con el tiempo...","robots":{"index":"index","follow":"follow","max-snippet":"max-snippet:-1","max-image-preview":"max-image-preview:large","max-video-preview":"max-video-preview:-1"},"canonical":"https:\/\/universofamilia.com\/hu\/telefono-sea-mucho-mas-rapido\/","og_locale":"hu_HU","og_type":"article","og_title":"\u00a1Haz que tu tel\u00e9fono sea mucho m\u00e1s r\u00e1pido! - Universo Fam\u00edlia","og_description":"\u00a1Haz que tu tel\u00e9fono sea mucho m\u00e1s r\u00e1pido! Los tel\u00e9fonos inteligentes son indispensables en el d\u00eda a d\u00eda, pero con el tiempo...","og_url":"https:\/\/universofamilia.com\/hu\/telefono-sea-mucho-mas-rapido\/","og_site_name":"Universo Fam\u00edlia","article_published_time":"2025-02-14T19:02:48+00:00","article_modified_time":"2025-02-17T14:39:15+00:00","og_image":[{"width":1080,"height":1080,"url":"https:\/\/universofamilia.com\/wp-content\/uploads\/sites\/148\/2025\/02\/POST-PARA-APP-ARTIGO-1-6.jpg","type":"image\/jpeg"}],"author":"Pedro Henrique","twitter_card":"summary_large_image","twitter_misc":{"Written by":"Pedro Henrique","Est. reading time":"7 perc"},"schema":{"@context":"https:\/\/schema.org","@graph":[{"@type":"WebPage","@id":"https:\/\/universofamilia.com\/ar\/telefono-sea-mucho-mas-rapido\/","url":"https:\/\/universofamilia.com\/ar\/telefono-sea-mucho-mas-rapido\/","name":"\u00a1Haz que tu tel\u00e9fono sea mucho m\u00e1s r\u00e1pido! - Universo Fam\u00edlia","isPartOf":{"@id":"https:\/\/universofamilia.com\/el\/#website"},"primaryImageOfPage":{"@id":"https:\/\/universofamilia.com\/ar\/telefono-sea-mucho-mas-rapido\/#primaryimage"},"image":{"@id":"https:\/\/universofamilia.com\/ar\/telefono-sea-mucho-mas-rapido\/#primaryimage"},"thumbnailUrl":"https:\/\/universofamilia.com\/wp-content\/uploads\/sites\/148\/2025\/02\/POST-PARA-APP-ARTIGO-1-6.jpg","datePublished":"2025-02-14T19:02:48+00:00","dateModified":"2025-02-17T14:39:15+00:00","author":{"@id":"https:\/\/universofamilia.com\/el\/#\/schema\/person\/f07ce98187dd84d31154262e79b3b7ca"},"description":"\u00a1Haz que tu tel\u00e9fono sea mucho m\u00e1s r\u00e1pido! Los tel\u00e9fonos inteligentes son indispensables en el d\u00eda a d\u00eda, pero con el tiempo...","breadcrumb":{"@id":"https:\/\/universofamilia.com\/ar\/telefono-sea-mucho-mas-rapido\/#breadcrumb"},"inLanguage":"hu","potentialAction":[{"@type":"ReadAction","target":["https:\/\/universofamilia.com\/ar\/telefono-sea-mucho-mas-rapido\/"]}]},{"@type":"ImageObject","inLanguage":"hu","@id":"https:\/\/universofamilia.com\/ar\/telefono-sea-mucho-mas-rapido\/#primaryimage","url":"https:\/\/universofamilia.com\/wp-content\/uploads\/sites\/148\/2025\/02\/POST-PARA-APP-ARTIGO-1-6.jpg","contentUrl":"https:\/\/universofamilia.com\/wp-content\/uploads\/sites\/148\/2025\/02\/POST-PARA-APP-ARTIGO-1-6.jpg","width":1080,"height":1080,"caption":"\u00a1Haz que tu tel\u00e9fono sea mucho m\u00e1s r\u00e1pido!"},{"@type":"BreadcrumbList","@id":"https:\/\/universofamilia.com\/ar\/telefono-sea-mucho-mas-rapido\/#breadcrumb","itemListElement":[{"@type":"ListItem","position":1,"name":"Home","item":"https:\/\/universofamilia.com\/el\/"},{"@type":"ListItem","position":2,"name":"\u00a1Haz que tu tel\u00e9fono sea mucho m\u00e1s r\u00e1pido!"}]},{"@type":"WebSite","@id":"https:\/\/universofamilia.com\/el\/#website","url":"https:\/\/universofamilia.com\/el\/","name":"Universo Fam\u00edlia","description":"","potentialAction":[{"@type":"SearchAction","target":{"@type":"EntryPoint","urlTemplate":"https:\/\/universofamilia.com\/el\/?s={search_term_string}"},"query-input":"required name=search_term_string"}],"inLanguage":"hu"},{"@type":"Person","@id":"https:\/\/universofamilia.com\/el\/#\/schema\/person\/f07ce98187dd84d31154262e79b3b7ca","name":"Pedro Henrique","image":{"@type":"ImageObject","inLanguage":"hu","@id":"https:\/\/universofamilia.com\/el\/#\/schema\/person\/image\/","url":"https:\/\/secure.gravatar.com\/avatar\/9edfeb808cb4e1599f64d6e45b130154?s=96&d=mm&r=g","contentUrl":"https:\/\/secure.gravatar.com\/avatar\/9edfeb808cb4e1599f64d6e45b130154?s=96&d=mm&r=g","caption":"Pedro Henrique"},"url":"https:\/\/universofamilia.com\/hu\/author\/editor01\/"}]}},"_links":{"self":[{"href":"https:\/\/universofamilia.com\/hu\/wp-json\/wp\/v2\/posts\/8779"}],"collection":[{"href":"https:\/\/universofamilia.com\/hu\/wp-json\/wp\/v2\/posts"}],"about":[{"href":"https:\/\/universofamilia.com\/hu\/wp-json\/wp\/v2\/types\/post"}],"author":[{"embeddable":true,"href":"https:\/\/universofamilia.com\/hu\/wp-json\/wp\/v2\/users\/139"}],"replies":[{"embeddable":true,"href":"https:\/\/universofamilia.com\/hu\/wp-json\/wp\/v2\/comments?post=8779"}],"version-history":[{"count":1,"href":"https:\/\/universofamilia.com\/hu\/wp-json\/wp\/v2\/posts\/8779\/revisions"}],"predecessor-version":[{"id":8782,"href":"https:\/\/universofamilia.com\/hu\/wp-json\/wp\/v2\/posts\/8779\/revisions\/8782"}],"wp:featuredmedia":[{"embeddable":true,"href":"https:\/\/universofamilia.com\/hu\/wp-json\/wp\/v2\/media\/8781"}],"wp:attachment":[{"href":"https:\/\/universofamilia.com\/hu\/wp-json\/wp\/v2\/media?parent=8779"}],"wp:term":[{"taxonomy":"category","embeddable":true,"href":"https:\/\/universofamilia.com\/hu\/wp-json\/wp\/v2\/categories?post=8779"},{"taxonomy":"post_tag","embeddable":true,"href":"https:\/\/universofamilia.com\/hu\/wp-json\/wp\/v2\/tags?post=8779"}],"curies":[{"name":"wp","href":"https:\/\/api.w.org\/{rel}","templated":true}]}}