{"id":8784,"date":"2025-02-14T20:44:36","date_gmt":"2025-02-14T20:44:36","guid":{"rendered":"https:\/\/universofamilia.com\/?p=8784"},"modified":"2025-02-14T20:44:38","modified_gmt":"2025-02-14T20:44:38","slug":"app-controle-glicose","status":"publish","type":"post","link":"https:\/\/universofamilia.com\/hu\/app-controle-glicose\/","title":{"rendered":"12 l\u00e9p\u00e9s a volt cukorbetegg\u00e9 v\u00e1l\u00e1shoz"},"content":{"rendered":"<p><\/p>\n\n\n\n<hr class=\"wp-block-separator has-alpha-channel-opacity is-style-wide\" \/>\n\n\n\n<h5 class=\"wp-block-heading has-text-align-center\"><strong>Mit szeretn\u00e9l el\u0151sz\u00f6r csin\u00e1lni?<\/strong><\/h5>\n\n\n    <section class=\"mx-1 my-10\">\n                                                <a href=\"https:\/\/universofamilia.com\/hu\/lp-dating-apps-0001\/\" class=\"text-white\" data-analytics-label=\"optionsButton\"\n                    data-action=\"analytics#trackCTA\">\n                    <div data-options-target=\"option\"\n                        class=\"custom-section rounded-xl border p-3 shadow-md w-full bg-green-700 my-3\">\n                        <div class=\"flex w-full items-center justify-between\">\n                            <div class=\"flex items-center space-x-3\">\n                                <div class=\"text-lg font-bold\">\n                                    \ud83d\udc96 Fedezd fel \u00fajra a szerelmet \u279d\n                                <\/div>\n                            <\/div>\n                        <\/div>\n                    <\/div>\n                <\/a>\n                                                            <a href=\"https:\/\/universofamilia.com\/hu\/lp-biblia-catolica\/\" class=\"text-white\" data-analytics-label=\"optionsButton\"\n                    data-action=\"analytics#trackCTA\">\n                    <div data-options-target=\"option\"\n                        class=\"custom-section rounded-xl border p-3 shadow-md w-full bg-green-700 my-3\">\n                        <div class=\"flex w-full items-center justify-between\">\n                            <div class=\"flex items-center space-x-3\">\n                                <div class=\"text-lg font-bold\">\n                                    \ud83d\udcd6 Vidd magaddal a hited \u279d\n                                <\/div>\n                            <\/div>\n                        <\/div>\n                    <\/div>\n                <\/a>\n                                                            <a href=\"https:\/\/universofamilia.com\/hu\/conectate-al-wifi-gratuito-con-estas-aplicaciones\/\" class=\"text-white\" data-analytics-label=\"optionsButton\"\n                    data-action=\"analytics#trackCTA\">\n                    <div data-options-target=\"option\"\n                        class=\"custom-section rounded-xl border p-3 shadow-md w-full bg-green-700 my-3\">\n                        <div class=\"flex w-full items-center justify-between\">\n                            <div class=\"flex items-center space-x-3\">\n                                <div class=\"text-lg font-bold\">\n                                    \ud83d\udcf6 Egyszer\u0171 ingyenes WiFi \u279d\n                                <\/div>\n                            <\/div>\n                        <\/div>\n                    <\/div>\n                <\/a>\n                            <p class=\"text-xs text-gray-500 text-right hidden\"\n            style=\"margin-left: 50%; margin-bottom: 50px; margin-top: 5px;\">\n            <!-- You will be redirected to another website -->\n        <\/p>\n    <\/section>\n\n\n\n\n<p class=\"has-text-align-right\"><em><strong><em><strong><em><strong><em><strong><em><strong>Ugyanott maradsz<\/strong><\/em><\/strong><\/em><\/strong><\/em><\/strong><\/em><\/strong><\/em><\/p>\n\n\n\n<hr class=\"wp-block-separator has-alpha-channel-opacity is-style-wide\" \/>\n\n\n\n<p><\/p>\n\n\n\n<p class=\"has-text-align-center\">Vegye kez\u00e9be az eg\u00e9szs\u00e9ge ir\u00e1ny\u00edt\u00e1s\u00e1t m\u00e9g ma! K\u00f6vesse ezt a 12 l\u00e9p\u00e9st, forduljon orvoshoz, \u00e9s v\u00e1ltoztassa meg az \u00e9let\u00e9t. A j\u00f3l\u00e9te most kezd\u0151dik!<\/p>\n\n\n\n<p><\/p>\n\n\n\n    <div class=\"d-sm-block py-3 mx-auto px-3 mb-3\"\n        style=\"border-top: 1px solid rgb(204, 204, 204); border-bottom: 1px solid rgb(204, 204, 204);\">\n        <div class=\"text-center mb-4\">\n            <h6 class=\"pt-3 text-center text-gray-900 text-2xl title-font font-medium mb-12\">\ud83d\udc99 Kezeld k\u00f6nnyed\u00e9n a cukorbetegs\u00e9gedet. Fedezd fel az alkalmaz\u00e1st, ami lehet\u0151v\u00e9 teszi! <\/h6>\n        <\/div>\n        <div class=\"row\">\n            <div class=\"col-lg-5 col-md-5 col-sm-12 mb-4 mb-lg-0\">\n                <img decoding=\"async\" alt=\"k\u00e1rtya\" style=\"height: 190px; object-fit: cover;\"\n                    class=\"w-100 h-100 object-cover object-center rounded border\" src=\"http:\/\/universofamilia.com\/wp-content\/uploads\/sites\/148\/2025\/02\/POST-PARA-APP-ARTIGO-2-6.jpg\">\n            <\/div>\n            <div class=\"col-lg-7 col-md-7 col-sm-12 d-flex flex-column justify-content-between\">\n                <h3 class=\"text-gray-900 text-3xl title-font font-medium mb-1\"><\/h3>\n\n                                <div class=\"d-block text-justify py-3\">A cukorbetegs\u00e9g kezel\u00e9s\u00e9nek legjobb sz\u00f6vets\u00e9gese a mySugr. Intuit\u00edv kezel\u0151fel\u00fclet\u00e9nek \u00e9s fejlett eszk\u00f6zeinek k\u00f6sz\u00f6nhet\u0151en k\u00f6nnyed\u00e9n r\u00f6gz\u00edtheti a gl\u00fck\u00f3z-, sz\u00e9nhidr\u00e1t-, fizikai aktivit\u00e1s- \u00e9s inzulinszintj\u00e9t. R\u00e9szletes jelent\u00e9seket is k\u00e9sz\u00edt, amelyeket megoszthat orvos\u00e1val, megk\u00f6nny\u00edtve a pontosabb monitoroz\u00e1st.<\/div>\n                <div class=\"mt-auto d-flex flex-column align-items-end\">\n                    <a class=\"d-inline-block text-center text-white border-0 py-2 px-8 text-lg focus:outline-none rounded bg-green-700 hover:bg-green-800 btn-block\"\n                        href=\"https:\/\/logbook.br.uptodown.com\/android\"                         data-analytics-label=\"landingPageFirstButton\" data-action=\"analytics#trackCTA\">\n                        Alkalmaz\u00e1s let\u00f6lt\u00e9se                    <\/a>\n                                            <div class=\"text-xs text-muted mt-3 d-block col-12 text-center\">Ugyanott maradsz<\/div>\n                                    <\/div>\n            <\/div>\n        <\/div>\n    <\/div>\n\n\n\n<p>A 2-es t\u00edpus\u00fa cukorbetegs\u00e9g egy olyan \u00e1llapot, amely sok esetben visszaford\u00edthat\u00f3 \u00e9letm\u00f3dbeli v\u00e1ltoztat\u00e1sokkal.<\/p>\n\n\n\n<p>B\u00e1r nincs \u201evar\u00e1zsgy\u00f3gym\u00f3d\u201d, a t\u00fcnetek kiegyens\u00falyozott \u00e9trenddel, rendszeres testmozg\u00e1ssal \u00e9s m\u00e1s eg\u00e9szs\u00e9ges int\u00e9zked\u00e9sekkel kontroll\u00e1lhat\u00f3k, s\u0151t megsz\u00fcntethet\u0151k.<\/p>\n\n\n\n<p>De fontos hangs\u00falyozni: <strong>Mindig konzult\u00e1ljon orvos\u00e1val, miel\u0151tt b\u00e1rmilyen v\u00e1ltoztat\u00e1st eszk\u00f6z\u00f6lne eg\u00e9szs\u00e9g\u00fcgyi rutinj\u00e1ban.<\/strong><\/p>\n\n\n\n<h2 class=\"wp-block-heading\">Seg\u00edthet a citroml\u00e9?<\/h2>\n\n\n\n<p>A citroml\u00e9 sz\u00f6vets\u00e9ges lehet a cukorbetegs\u00e9g kezel\u00e9s\u00e9ben, mivel alacsony a glik\u00e9mi\u00e1s indexe, gazdag C-vitaminban \u00e9s seg\u00edt cs\u00f6kkenteni a gyullad\u00e1sokat.<\/p>\n\n\n\n<p>Ezenk\u00edv\u00fcl el\u0151seg\u00edti az em\u00e9szt\u00e9st \u00e9s jav\u00edtja a t\u00e1panyagok felsz\u00edv\u00f3d\u00e1s\u00e1t. Azonban, <strong>Ez nem elszigetelt megold\u00e1s<\/strong>.<\/p>\n\n\n\n<p>A 2-es t\u00edpus\u00fa cukorbetegs\u00e9g val\u00f3di kontroll\u00e1l\u00e1s\u00e1hoz vagy visszaford\u00edt\u00e1s\u00e1hoz sz\u00e1mos eg\u00e9szs\u00e9ges szok\u00e1s elsaj\u00e1t\u00edt\u00e1sa sz\u00fcks\u00e9ges.<\/p>\n\n\n\n<p>Most fedezd fel a <strong>12 alapvet\u0151 l\u00e9p\u00e9s<\/strong> hogy \u201eex-cukorbeteg\u201d legyen.<\/p>\n\n\n\n<h2 class=\"wp-block-heading\">1. Rendszeresen keresse fel orvos\u00e1t<\/h2>\n\n\n\n<p>Miel\u0151tt b\u00e1rmilyen v\u00e1ltoztat\u00e1st eszk\u00f6z\u00f6ln\u00e9l, elengedhetetlen, hogy szakember seg\u00edts\u00e9g\u00e9t k\u00e9rd. Orvosod vizsg\u00e1latokat rendelhet el, javasolhatja a legjobb strat\u00e9gi\u00e1t, \u00e9s figyelemmel k\u00eds\u00e9rheti a fejl\u0151d\u00e9sedet.<\/p>\n\n\n\n<p>A cukorbetegs\u00e9g a szervezet k\u00fcl\u00f6nb\u00f6z\u0151 szerveit, p\u00e9ld\u00e1ul a ves\u00e9ket, a sz\u00edvet \u00e9s a szemet is \u00e9rintheti, ez\u00e9rt a megfelel\u0151 ellen\u0151rz\u00e9s elengedhetetlen a sz\u00f6v\u0151dm\u00e9nyek elker\u00fcl\u00e9se \u00e9rdek\u00e9ben.<\/p>\n\n\n\n<p>Csak szakember tudja m\u00f3dos\u00edtani a gy\u00f3gyszeradagot, vagy szem\u00e9lyre szabott kezel\u00e9seket javasolni az \u00d6n eset\u00e9re.<\/p>\n\n\n\n<h2 class=\"wp-block-heading\">2. Cs\u00f6kkentse a finom\u00edtott sz\u00e9nhidr\u00e1tok fogyaszt\u00e1s\u00e1t<\/h2>\n\n\n\n<p>Az olyan \u00e9telek, mint a feh\u00e9r keny\u00e9r, a t\u00e9szta \u00e9s az \u00e9dess\u00e9gek, gyorsan megemelik a v\u00e9rcukorszintet. V\u00e1lasszon \u00f6sszetett sz\u00e9nhidr\u00e1tokat, p\u00e9ld\u00e1ul zabpelyhet, \u00e9desburgony\u00e1t \u00e9s barna rizst.<\/p>\n\n\n\n<p>A finom\u00edtott sz\u00e9nhidr\u00e1tok inzulincs\u00facsokat is okozhatnak, hozz\u00e1j\u00e1rulva a s\u00falygyarapod\u00e1shoz \u00e9s az inzulinrezisztenci\u00e1hoz.<\/p>\n\n\n\n<p>A jobb \u00e1tmenet \u00e9rdek\u00e9ben pr\u00f3b\u00e1lja meg fokozatosan lecser\u00e9lni a feldolgozott \u00e9lelmiszereket term\u00e9szetesebb alternat\u00edv\u00e1kra.<\/p>\n\n\n\n<h2 class=\"wp-block-heading\">3. A feh\u00e9rj\u00e9ket \u00e9s az eg\u00e9szs\u00e9ges zs\u00edrokat r\u00e9szes\u00edtsd el\u0151nyben<\/h2>\n\n\n\n<p>\u00c9trendedbe iktasd be a halat, a csirk\u00e9t, a toj\u00e1st, az avok\u00e1d\u00f3t, az ol\u00edvaolajat \u00e9s a di\u00f3f\u00e9l\u00e9ket. Ezek az \u00e9telek seg\u00edtenek szab\u00e1lyozni a v\u00e9rcukorszintet \u00e9s j\u00f3llakotts\u00e1g\u00e9rzetet biztos\u00edtanak.<\/p>\n\n\n\n<p>A feh\u00e9rje seg\u00edt az izomt\u00f6meg \u00e9p\u00edt\u00e9s\u00e9ben, ami elengedhetetlen a v\u00e9rcukorszint szab\u00e1lyoz\u00e1s\u00e1hoz.<\/p>\n\n\n\n<p>Az eg\u00e9szs\u00e9ges zs\u00edrok viszont elengedhetetlenek a hormontermel\u00e9shez, \u00e9s seg\u00edtenek cs\u00f6kkenteni a szervezetben a gyullad\u00e1st.<\/p>\n\n\n\n<h2 class=\"wp-block-heading\">4. Gyakoroljon testmozg\u00e1st<\/h2>\n\n\n\n<p>Az olyan tev\u00e9kenys\u00e9gek, mint a gyalogl\u00e1s, a s\u00falyz\u00f3s edz\u00e9s \u00e9s a HIIT (nagy intenzit\u00e1s\u00fa intervallum edz\u00e9s) jav\u00edtj\u00e1k az inzulin\u00e9rz\u00e9kenys\u00e9get \u00e9s seg\u00edtenek a fogy\u00e1sban.<\/p>\n\n\n\n<p>A testmozg\u00e1s cs\u00f6kkenti a stresszt, jav\u00edtja az alv\u00e1s min\u0151s\u00e9g\u00e9t \u00e9s er\u0151s\u00edti a sz\u00edv- \u00e9s \u00e9rrendszeri eg\u00e9szs\u00e9get. Ide\u00e1lis esetben tal\u00e1lj egy olyan tev\u00e9kenys\u00e9get, amit \u00e9lvezel, hogy fenntartsd a k\u00f6vetkezetess\u00e9get, legyen az t\u00e1nc, ker\u00e9kp\u00e1roz\u00e1s vagy \u00fasz\u00e1s.<\/p>\n\n\n\n<h2 class=\"wp-block-heading\">5. Szab\u00e1lyozza tests\u00faly\u00e1t<\/h2>\n\n\n\n<p>A t\u00falzott zs\u00edrlerak\u00f3d\u00e1s, k\u00fcl\u00f6n\u00f6sen a hasi r\u00e9gi\u00f3ban, k\u00f6zvetlen\u00fcl \u00f6sszef\u00fcgg az inzulinrezisztenci\u00e1val.<\/p>\n\n\n\n<p>A fogy\u00e1s seg\u00edthet visszaford\u00edtani az \u00e1llapotot. A fogy\u00e1st kiegyens\u00falyozott m\u00f3don kell v\u00e9gezni, az \u00e9trend \u00e9s a testmozg\u00e1s kombin\u00e1l\u00e1s\u00e1val.<\/p>\n\n\n\n<p>Az apr\u00f3 v\u00e1ltoztat\u00e1sok, mint p\u00e9ld\u00e1ul a feldolgozott \u00e9lelmiszerek fogyaszt\u00e1s\u00e1nak cs\u00f6kkent\u00e9se \u00e9s a hossz\u00fa \u00e9tkez\u00e9s n\u00e9lk\u00fcli id\u0151szakok elker\u00fcl\u00e9se, hossz\u00fa t\u00e1von nagy k\u00fcl\u00f6nbs\u00e9get jelenthetnek.<\/p>\n\n\n\n<h2 class=\"wp-block-heading\">6. Ker\u00fclje a cukros italokat<\/h2>\n\n\n\n<p>Az \u00fcd\u00edt\u0151italok, a mesters\u00e9ges gy\u00fcm\u00f6lcslevek \u00e9s az energiaitalok nagy mennyis\u00e9g\u0171 cukrot tartalmaznak, ez\u00e9rt ki kell z\u00e1rni \u0151ket az \u00e9trendb\u0151l.<\/p>\n\n\n\n<p>Ezek az italok gyorsan megemelik a v\u00e9rcukorszintet, \u00e9s hozz\u00e1j\u00e1rulhatnak az elh\u00edz\u00e1shoz. V\u00e1lasszon eg\u00e9szs\u00e9ges alternat\u00edv\u00e1kat, p\u00e9ld\u00e1ul term\u00e9szetes \u00edzes\u00edt\u00e9s\u0171 vizet, cukrozatlan te\u00e1kat \u00e9s v\u00edzzel h\u00edg\u00edtott term\u00e9szetes gy\u00fcm\u00f6lcsleveket.<\/p>\n\n\n\n<h2 class=\"wp-block-heading\">7. Fogadj a rostokra<\/h2>\n\n\n\n<p>A rostban gazdag \u00e9telek, mint p\u00e9ld\u00e1ul a chia, a lenmag, a z\u00f6lds\u00e9gek \u00e9s a h\u00e9jas gy\u00fcm\u00f6lcs\u00f6k, seg\u00edtenek lelass\u00edtani a cukor felsz\u00edv\u00f3d\u00e1s\u00e1t \u00e9s jav\u00edtani a b\u00e9lfl\u00f3r\u00e1t.<\/p>\n\n\n\n<p>A rost a nagyobb j\u00f3llakotts\u00e1g\u00e9rzetet is el\u0151seg\u00edti, seg\u00edtve megel\u0151zni a t\u00falev\u00e9st. A rostbevitel hat\u00e9kony strat\u00e9gia a gl\u00fck\u00f3zszint kord\u00e1ban tart\u00e1s\u00e1ra \u00e9s a glik\u00e9mi\u00e1s cs\u00facsok megel\u0151z\u00e9s\u00e9re.<\/p>\n\n\n\n<h2 class=\"wp-block-heading\">8. Aludj j\u00f3l<\/h2>\n\n\n\n<p>Az alv\u00e1shi\u00e1ny befoly\u00e1solhatja az \u00e9hs\u00e9g\u00e9rzetet \u00e9s az inzulint szab\u00e1lyoz\u00f3 hormonokat. Legal\u00e1bb az alv\u00e1shi\u00e1nyt tartsd fontoss\u00e1gi sorrendben. <strong>7-9 \u00f3ra min\u0151s\u00e9gi alv\u00e1s \u00e9jszak\u00e1nk\u00e9nt<\/strong>.<\/p>\n\n\n\n<p>A j\u00f3 \u00e9jszakai alv\u00e1s seg\u00edt a stressz kezel\u00e9s\u00e9ben, cs\u00f6kkenti a gyullad\u00e1sokat \u00e9s jav\u00edtja a kognit\u00edv funkci\u00f3kat. A jobb alv\u00e1s \u00e9rdek\u00e9ben ker\u00fclje az elektronikus eszk\u00f6z\u00f6k haszn\u00e1lat\u00e1t lefekv\u00e9s el\u0151tt, \u00e9s legyen s\u00f6t\u00e9t, csendes k\u00f6rnyezet.<\/p>\n\n\n\n<h2 class=\"wp-block-heading\">9. Stressz kontroll\u00e1l\u00e1sa<\/h2>\n\n\n\n<p>A stressz olyan hormonokat szabad\u00edt fel, amelyek n\u00f6velik a v\u00e9rcukorszintet. Gyakoroljon medit\u00e1ci\u00f3t, j\u00f3g\u00e1t vagy l\u00e9gz\u0151gyakorlatokat a relax\u00e1ci\u00f3hoz.<\/p>\n\n\n\n<p>A term\u00e9szettel val\u00f3 kapcsolat, a kellemes hobbik, s\u0151t m\u00e9g a ter\u00e1pia is seg\u00edthet cs\u00f6kkenteni a stressz eg\u00e9szs\u00e9gre gyakorolt hat\u00e1s\u00e1t.<\/p>\n\n\n\n<h2 class=\"wp-block-heading\">10. Igy\u00e1l el\u00e9g vizet<\/h2>\n\n\n\n<p>A hidrat\u00e1l\u00e1s elengedhetetlen a m\u00e9reganyagok elt\u00e1vol\u00edt\u00e1s\u00e1hoz \u00e9s a v\u00e9rcukorszint-ingadoz\u00e1sok elker\u00fcl\u00e9s\u00e9hez. Ink\u00e1bb vizet \u00e9s cukrozatlan te\u00e1kat fogyassz.<\/p>\n\n\n\n<p>A rendszeres v\u00edzfogyaszt\u00e1s seg\u00edti az em\u00e9szt\u00e9st \u00e9s jav\u00edtja a vese eg\u00e9szs\u00e9g\u00e9t, megel\u0151zve a cukorbetegs\u00e9ggel kapcsolatos sz\u00f6v\u0151dm\u00e9nyeket.<\/p>\n\n\n\n<h2 class=\"wp-block-heading\">11. Cs\u00f6kkentse a feldolgozott \u00e9lelmiszerek fogyaszt\u00e1s\u00e1t<\/h2>\n\n\n\n<p>Az ultra-feldolgozott \u00e9lelmiszerek adal\u00e9kanyagokat, eg\u00e9szs\u00e9gtelen zs\u00edrokat \u00e9s rejtett cukrokat tartalmaznak, amelyek s\u00falyosb\u00edthatj\u00e1k a cukorbetegs\u00e9get.<\/p>\n\n\n\n<p>Ezek a term\u00e9kek hajlamosak a v\u00e9rcukorszint emelked\u00e9seire, \u00e9s hossz\u00fa t\u00e1v\u00fa anyagcsere-sz\u00f6v\u0151dm\u00e9nyekhez vezethetnek.<\/p>\n\n\n\n<p>A v\u00e9rcukorszint szab\u00e1lyoz\u00e1s\u00e1nak szempontj\u00e1b\u00f3l elengedhetetlen a h\u00e1zi k\u00e9sz\u00edt\u00e9s\u0171 \u00e9teleken \u00e9s term\u00e9szetes alapanyagokon alapul\u00f3 \u00e9trend kiv\u00e1laszt\u00e1sa.<\/p>\n\n\n\n<p>Olvasd el a term\u00e9kek c\u00edmk\u00e9it, ker\u00fcld a mesters\u00e9ges tart\u00f3s\u00edt\u00f3szereket tartalmaz\u00f3 term\u00e9keket, \u00e9s ha lehets\u00e9ges, v\u00e1lassz eg\u00e9szs\u00e9gesebb alternat\u00edv\u00e1kat.<\/p>\n\n\n\n<h2 class=\"wp-block-heading\">12. L\u00e9gy k\u00f6vetkezetes \u00e9s kitart\u00f3<\/h2>\n\n\n\n<p>A 2-es t\u00edpus\u00fa cukorbetegs\u00e9g kontroll\u00e1l\u00e1sa vagy visszaford\u00edt\u00e1sa egy folyamat. A kis napi l\u00e9p\u00e9sek is sokat sz\u00e1m\u00edtanak. Maradjon elk\u00f6telezett a szok\u00e1sai megv\u00e1ltoztat\u00e1sa ir\u00e1nt.<\/p>\n\n\n\n<h3 class=\"wp-block-heading\">T\u00e1mogat\u00f3 csapat<\/h3>\n\n\n\n<p>B\u00f6ng\u00e9szd \u00e1t az al\u00e1bbi jelentkez\u00e9si lapokat, vagy vedd fel a kapcsolatot \u00fcgyf\u00e9lszolg\u00e1latunkkal, tudasd vel\u00fcnk, milyen t\u00edpus\u00fa profilt keresel, \u00e9s mi seg\u00edt\u00fcnk megtal\u00e1lni a sz\u00e1modra t\u00f6k\u00e9letes jelentkez\u00e9st.<\/p>\n\n\n    <section class=\"mx-1 my-10\">\n                                                <a href=\"https:\/\/www.messenger.com\/login.php?\" class=\"text-white\" data-analytics-label=\"optionsButton\"\n                    data-action=\"analytics#trackCTA\">\n                    <div data-options-target=\"option\"\n                        class=\"custom-section rounded-xl border p-3 shadow-md w-full bg-green-700 my-3\">\n                        <div class=\"flex w-full items-center justify-between\">\n                            <div class=\"flex items-center space-x-3\">\n                                <div class=\"text-lg font-bold\">\n                                    Besz\u00e9lget\u00e9s ind\u00edt\u00e1sa \u279d\n                                <\/div>\n                            <\/div>\n                        <\/div>\n                    <\/div>\n                <\/a>\n                            <p class=\"text-xs text-gray-500 text-right\"\n            style=\"margin-left: 50%; margin-bottom: 50px; margin-top: 5px;\">\n            <!-- You will be redirected to another website -->\n        <\/p>\n    <\/section>\n\n\n\n\n<h2 class=\"wp-block-heading\">Kezelje cukorbetegs\u00e9g\u00e9t cukorbetegs\u00e9g-alkalmaz\u00e1sokkal<\/h2>\n\n\n\n<p>A technol\u00f3gia nagyszer\u0171 sz\u00f6vets\u00e9ges lehet a cukorbetegs\u00e9g kezel\u00e9s\u00e9ben.<\/p>\n\n\n\n<p>Vannak olyan alkalmaz\u00e1sok, amelyek seg\u00edtenek a gl\u00fck\u00f3zszint, a t\u00e1pl\u00e1lkoz\u00e1s \u00e9s a fizikai aktivit\u00e1s monitoroz\u00e1s\u00e1ban, \u00edgy a k\u00f6vet\u00e9s praktikusabb\u00e1 \u00e9s k\u00f6nnyebben el\u00e9rhet\u0151v\u00e9 v\u00e1lik.<\/p>\n\n\n\n<h3 class=\"wp-block-heading\">mySugr \u2014 Vedd \u00e1t az ir\u00e1ny\u00edt\u00e1st a cukorbetegs\u00e9g felett!<\/h3>\n\n\n\n<p><strong>mySugr<\/strong> az egyik legn\u00e9pszer\u0171bb alkalmaz\u00e1s a cukorbetegs\u00e9g monitoroz\u00e1s\u00e1ra.<\/p>\n\n\n\n<p>Lehet\u0151v\u00e9 teszi a v\u00e9rcukorszint, a sz\u00e9nhidr\u00e1tfogyaszt\u00e1s, a fizikai aktivit\u00e1s, s\u0151t az inzulinadagol\u00e1s r\u00f6gz\u00edt\u00e9s\u00e9t is.<\/p>\n\n\n\n<p>R\u00e9szletes jelent\u00e9seket is k\u00edn\u00e1l, amelyeket megoszthat orvos\u00e1val. A pontosabb monitoroz\u00e1s \u00e9rdek\u00e9ben az alkalmaz\u00e1s n\u00e9h\u00e1ny kompatibilis gl\u00fck\u00f3zmonitorhoz csatlakoztathat\u00f3.<\/p>\n\n\n\n    <div class=\"d-sm-block py-3 mx-auto px-3 mb-3\"\n        style=\"border-top: 1px solid rgb(204, 204, 204); border-bottom: 1px solid rgb(204, 204, 204);\">\n        <div class=\"text-center mb-4\">\n            <h6 class=\"pt-3 text-center text-gray-900 text-2xl title-font font-medium mb-12\">ALKALMAZ\u00c1S<\/h6>\n        <\/div>\n        <div class=\"row\">\n            <div class=\"col-lg-5 col-md-5 col-sm-12 mb-4 mb-lg-0\">\n                <img decoding=\"async\" alt=\"k\u00e1rtya\" style=\"height: 190px; object-fit: cover;\"\n                    class=\"w-100 h-100 object-cover object-center rounded border\" src=\"http:\/\/universofamilia.com\/wp-content\/uploads\/sites\/148\/2025\/02\/POST-PARA-APP-ARTIGO-3-1.jpg\">\n            <\/div>\n            <div class=\"col-lg-7 col-md-7 col-sm-12 d-flex flex-column justify-content-between\">\n                <h3 class=\"text-gray-900 text-3xl title-font font-medium mb-1\">mySugr \u2013 Cukorbetegs\u00e9g kezel\u00e9se<\/h3>\n\n                                    <div class=\"flex\">\n                                                    <span\n                                class=\"inline-block mx-2 py-1 mx-2 rounded text-xs font-medium tracking-widest text-uppercase mr-2 bg-green-50 text-green-700\">DIAB\u00c9TESZ MONITOROZ\u00c1S<\/span>\n                                            <\/div>\n                                <div class=\"d-block text-justify py-3\">Tedd egyszer\u0171v\u00e9 \u00e9s sz\u00f3rakoztat\u00f3v\u00e1 a cukorbetegs\u00e9ged kezel\u00e9s\u00e9t! A mySugr seg\u00edt nyomon k\u00f6vetni a gl\u00fck\u00f3zszintedet, kisz\u00e1m\u00edtani az inzulinig\u00e9nyedet, \u00e9s r\u00e9szletes jelent\u00e9seket k\u00e9sz\u00edteni orvosod sz\u00e1m\u00e1ra. A gl\u00fck\u00f3zmonitorokkal val\u00f3 integr\u00e1ci\u00f3nak \u00e9s a motiv\u00e1l\u00f3 kih\u00edv\u00e1soknak k\u00f6sz\u00f6nhet\u0151en k\u00f6nnyed\u00e9n tarthatod k\u00e9zben az eg\u00e9szs\u00e9gedet.<\/div>\n                <div class=\"mt-auto d-flex flex-column align-items-end\">\n                    <a class=\"d-inline-block text-center text-white border-0 py-2 px-8 text-lg focus:outline-none rounded bg-green-700 hover:bg-green-800 btn-block\"\n                        href=\"https:\/\/logbook.br.uptodown.com\/android\"                         data-analytics-label=\"landingPageFirstButton\" data-action=\"analytics#trackCTA\">\n                        Alkalmaz\u00e1s let\u00f6lt\u00e9se                    <\/a>\n                                            <div class=\"text-xs text-muted mt-3 d-block col-12 text-center\">\u00c1tir\u00e1ny\u00edtunk egy m\u00e1sik webhelyre<\/div>\n                                    <\/div>\n            <\/div>\n        <\/div>\n    <\/div>\n\n\n\n<h3 class=\"wp-block-heading\">Cukorbetegs\u00e9g \u2013 V\u00e9rcukorszint<\/h3>\n\n\n\n<p><strong>Cukorbetegs\u00e9g \u2013 V\u00e9rcukorszint<\/strong> egy m\u00e1sik hasznos alkalmaz\u00e1s azok sz\u00e1m\u00e1ra, akiknek szigor\u00faan ellen\u0151rizni\u00fck kell a gl\u00fck\u00f3zszintj\u00fcket.<\/p>\n\n\n\n<p>Eszk\u00f6z\u00f6ket k\u00edn\u00e1l a v\u00e9rcukorszint m\u00e9r\u00e9s\u00e9nek r\u00f6gz\u00edt\u00e9s\u00e9re, a gy\u00f3gyszeres kezel\u00e9sek \u00fctemez\u00e9s\u00e9nek eml\u00e9keztet\u00e9s\u00e9re \u00e9s az \u00e1llapotod id\u0151beli alakul\u00e1s\u00e1nak nyomon k\u00f6vet\u00e9s\u00e9re.<\/p>\n\n\n\n<p>Grafikonokat \u00e9s statisztik\u00e1kat is tartalmaz, amelyek megk\u00f6nny\u00edtik az adatelemz\u00e9st. B\u00e1r nem ig\u00e9nyel tov\u00e1bbi felszerel\u00e9st, az alkalmaz\u00e1s gl\u00fck\u00f3zmonitorhoz val\u00f3 csatlakoztat\u00e1sa m\u00e9g hat\u00e9konyabb\u00e1 teheti a k\u00f6vet\u00e9st.<\/p>\n\n\n\n    <div class=\"d-sm-block py-3 mx-auto px-3 mb-3\"\n        style=\"border-top: 1px solid rgb(204, 204, 204); border-bottom: 1px solid rgb(204, 204, 204);\">\n        <div class=\"text-center mb-4\">\n            <h6 class=\"pt-3 text-center text-gray-900 text-2xl title-font font-medium mb-12\">ALKALMAZ\u00c1S<\/h6>\n        <\/div>\n        <div class=\"row\">\n            <div class=\"col-lg-5 col-md-5 col-sm-12 mb-4 mb-lg-0\">\n                <img decoding=\"async\" alt=\"k\u00e1rtya\" style=\"height: 190px; object-fit: cover;\"\n                    class=\"w-100 h-100 object-cover object-center rounded border\" src=\"http:\/\/universofamilia.com\/wp-content\/uploads\/sites\/148\/2025\/02\/POST-PARA-APP-ARTIGO-4-1.jpg\">\n            <\/div>\n            <div class=\"col-lg-7 col-md-7 col-sm-12 d-flex flex-column justify-content-between\">\n                <h3 class=\"text-gray-900 text-3xl title-font font-medium mb-1\">Cukorbetegs\u00e9g \u2013 V\u00e9rcukorszint<\/h3>\n\n                                    <div class=\"flex\">\n                                                    <span\n                                class=\"inline-block mx-2 py-1 mx-2 rounded text-xs font-medium tracking-widest text-uppercase mr-2 bg-green-50 text-green-700\">GL\u00dcK\u00d3Z EG\u00c9SZS\u00c9G<\/span>\n                                            <\/div>\n                                <div class=\"d-block text-justify py-3\">K\u00f6nnyed\u00e9n ellen\u0151rizheti v\u00e9rcukorszintj\u00e9t. R\u00f6gz\u00edtse napi \u00e9rt\u00e9keit, r\u00e9szletes jelent\u00e9seket kapjon, \u00e9s eml\u00e9keztet\u0151ket kapjon a gy\u00f3gyszerek szed\u00e9s\u00e9r\u0151l \u00e9s a vizsg\u00e1latokr\u00f3l. Kompatibilis a v\u00e9rcukorszintm\u00e9r\u0151 eszk\u00f6z\u00f6kkel a pontosabb szab\u00e1lyoz\u00e1s \u00e9rdek\u00e9ben. T\u00f6ltse le most, \u00e9s vigy\u00e1zzon eg\u00e9szs\u00e9g\u00e9re!<\/div>\n                <div class=\"mt-auto d-flex flex-column align-items-end\">\n                    <a class=\"d-inline-block text-center text-white border-0 py-2 px-8 text-lg focus:outline-none rounded bg-green-700 hover:bg-green-800 btn-block\"\n                        href=\"https:\/\/diabetes.br.uptodown.com\/android\"                         data-analytics-label=\"landingPageFirstButton\" data-action=\"analytics#trackCTA\">\n                        Alkalmaz\u00e1s let\u00f6lt\u00e9se                    <\/a>\n                                            <div class=\"text-xs text-muted mt-3 d-block col-12 text-center\">\u00c1tir\u00e1ny\u00edtunk egy m\u00e1sik webhelyre<\/div>\n                                    <\/div>\n            <\/div>\n        <\/div>\n    <\/div>\n\n\n\n<h2 class=\"wp-block-heading\">K\u00f6vetkeztet\u00e9s<\/h2>\n\n\n\n<p>A 2-es t\u00edpus\u00fa cukorbetegs\u00e9g visszaford\u00edt\u00e1sa vagy kontroll\u00e1l\u00e1sa elk\u00f6telezetts\u00e9get \u00e9s jelent\u0151s \u00e9letm\u00f3dbeli v\u00e1ltoztat\u00e1sokat ig\u00e9nyel.<\/p>\n\n\n\n<p>E 12 l\u00e9p\u00e9s betart\u00e1sa jelent\u0151s v\u00e1ltoz\u00e1st hozhat az eg\u00e9szs\u00e9g\u00e9ben \u00e9s az \u00e9letmin\u0151s\u00e9g\u00e9ben, seg\u00edtve a v\u00e9rcukorszint cs\u00f6kkent\u00e9s\u00e9t \u00e9s a j\u00f6v\u0151beni sz\u00f6v\u0151dm\u00e9nyek megel\u0151z\u00e9s\u00e9t.<\/p>\n\n\n\n<p>A legjobb eredm\u00e9nyek el\u00e9r\u00e9se \u00e9rdek\u00e9ben elengedhetetlen a folyamatos orvosi k\u00f6vet\u00e9s \u00e9s a kiegyens\u00falyozott megk\u00f6zel\u00edt\u00e9s alkalmaz\u00e1sa.<\/p>\n\n\n\n<p>A mindennapi apr\u00f3 er\u0151fesz\u00edt\u00e9sek jelent\u0151s hossz\u00fa t\u00e1v\u00fa javul\u00e1shoz vezethetnek, \u00e9s tart\u00f3s j\u00f3l\u00e9tet biztos\u00edthatnak.<\/p>","protected":false},"excerpt":{"rendered":"<p>\u00bfQu\u00e9 le gustar\u00eda hacer primero? Permanecer\u00e1s en el mismo sitio Tome el control de su salud hoy. Siga estos 12 pasos, consulte a su m\u00e9dico y transforme su vida. \u00a1Su bienestar comienza ahora! La diabetes tipo 2 es una condici\u00f3n que puede revertirse en muchos casos con cambios en el estilo de vida. Aunque no [&hellip;]<\/p>","protected":false},"author":139,"featured_media":8785,"comment_status":"closed","ping_status":"open","sticky":false,"template":"","format":"standard","meta":{"footnotes":""},"categories":[2],"tags":[1881,1878,1880,1879,1882],"yoast_head":"<!-- This site is optimized with the Yoast SEO plugin v23.3 - https:\/\/yoast.com\/wordpress\/plugins\/seo\/ -->\n<title>12 Pasos para Ser un Ex-Diab\u00e9tico - Universo Fam\u00edlia<\/title>\n<meta name=\"description\" content=\"12 Pasos para Ser un Ex-Diab\u00e9tico. La diabetes tipo 2 es una condici\u00f3n que puede revertirse en muchos casos con cambios en el estilo de vida.\" \/>\n<meta name=\"robots\" content=\"index, follow, max-snippet:-1, max-image-preview:large, max-video-preview:-1\" \/>\n<link rel=\"canonical\" href=\"https:\/\/universofamilia.com\/hu\/app-controle-glicose\/\" \/>\n<meta property=\"og:locale\" content=\"hu_HU\" \/>\n<meta property=\"og:type\" content=\"article\" \/>\n<meta property=\"og:title\" content=\"12 Pasos para Ser un Ex-Diab\u00e9tico - Universo Fam\u00edlia\" \/>\n<meta property=\"og:description\" content=\"12 Pasos para Ser un Ex-Diab\u00e9tico. La diabetes tipo 2 es una condici\u00f3n que puede revertirse en muchos casos con cambios en el estilo de vida.\" \/>\n<meta property=\"og:url\" content=\"https:\/\/universofamilia.com\/hu\/app-controle-glicose\/\" \/>\n<meta property=\"og:site_name\" content=\"Universo Fam\u00edlia\" \/>\n<meta property=\"article:published_time\" content=\"2025-02-14T20:44:36+00:00\" \/>\n<meta property=\"article:modified_time\" content=\"2025-02-14T20:44:38+00:00\" \/>\n<meta property=\"og:image\" content=\"https:\/\/universofamilia.com\/wp-content\/uploads\/sites\/148\/2025\/02\/POST-PARA-APP-ARTIGO-2-6.jpg\" \/>\n\t<meta property=\"og:image:width\" content=\"1080\" \/>\n\t<meta property=\"og:image:height\" content=\"1080\" \/>\n\t<meta property=\"og:image:type\" content=\"image\/jpeg\" \/>\n<meta name=\"author\" content=\"Pedro Henrique\" \/>\n<meta name=\"twitter:card\" content=\"summary_large_image\" \/>\n<meta name=\"twitter:label1\" content=\"Written by\" \/>\n\t<meta name=\"twitter:data1\" content=\"Pedro Henrique\" \/>\n\t<meta name=\"twitter:label2\" content=\"Est. reading time\" \/>\n\t<meta name=\"twitter:data2\" content=\"7 perc\" \/>\n<script type=\"application\/ld+json\" class=\"yoast-schema-graph\">{\"@context\":\"https:\/\/schema.org\",\"@graph\":[{\"@type\":\"WebPage\",\"@id\":\"https:\/\/universofamilia.com\/bg\/app-controle-glicose\/\",\"url\":\"https:\/\/universofamilia.com\/bg\/app-controle-glicose\/\",\"name\":\"12 Pasos para Ser un Ex-Diab\u00e9tico - Universo Fam\u00edlia\",\"isPartOf\":{\"@id\":\"https:\/\/universofamilia.com\/el\/#website\"},\"primaryImageOfPage\":{\"@id\":\"https:\/\/universofamilia.com\/bg\/app-controle-glicose\/#primaryimage\"},\"image\":{\"@id\":\"https:\/\/universofamilia.com\/bg\/app-controle-glicose\/#primaryimage\"},\"thumbnailUrl\":\"https:\/\/universofamilia.com\/wp-content\/uploads\/sites\/148\/2025\/02\/POST-PARA-APP-ARTIGO-2-6.jpg\",\"datePublished\":\"2025-02-14T20:44:36+00:00\",\"dateModified\":\"2025-02-14T20:44:38+00:00\",\"author\":{\"@id\":\"https:\/\/universofamilia.com\/el\/#\/schema\/person\/f07ce98187dd84d31154262e79b3b7ca\"},\"description\":\"12 Pasos para Ser un Ex-Diab\u00e9tico. La diabetes tipo 2 es una condici\u00f3n que puede revertirse en muchos casos con cambios en el estilo de vida.\",\"breadcrumb\":{\"@id\":\"https:\/\/universofamilia.com\/bg\/app-controle-glicose\/#breadcrumb\"},\"inLanguage\":\"hu\",\"potentialAction\":[{\"@type\":\"ReadAction\",\"target\":[\"https:\/\/universofamilia.com\/bg\/app-controle-glicose\/\"]}]},{\"@type\":\"ImageObject\",\"inLanguage\":\"hu\",\"@id\":\"https:\/\/universofamilia.com\/bg\/app-controle-glicose\/#primaryimage\",\"url\":\"https:\/\/universofamilia.com\/wp-content\/uploads\/sites\/148\/2025\/02\/POST-PARA-APP-ARTIGO-2-6.jpg\",\"contentUrl\":\"https:\/\/universofamilia.com\/wp-content\/uploads\/sites\/148\/2025\/02\/POST-PARA-APP-ARTIGO-2-6.jpg\",\"width\":1080,\"height\":1080,\"caption\":\"12 Pasos para Ser un Ex-Diab\u00e9tico\"},{\"@type\":\"BreadcrumbList\",\"@id\":\"https:\/\/universofamilia.com\/bg\/app-controle-glicose\/#breadcrumb\",\"itemListElement\":[{\"@type\":\"ListItem\",\"position\":1,\"name\":\"Home\",\"item\":\"https:\/\/universofamilia.com\/el\/\"},{\"@type\":\"ListItem\",\"position\":2,\"name\":\"12 Pasos para Ser un Ex-Diab\u00e9tico\"}]},{\"@type\":\"WebSite\",\"@id\":\"https:\/\/universofamilia.com\/el\/#website\",\"url\":\"https:\/\/universofamilia.com\/el\/\",\"name\":\"Universo Fam\u00edlia\",\"description\":\"\",\"potentialAction\":[{\"@type\":\"SearchAction\",\"target\":{\"@type\":\"EntryPoint\",\"urlTemplate\":\"https:\/\/universofamilia.com\/el\/?s={search_term_string}\"},\"query-input\":\"required name=search_term_string\"}],\"inLanguage\":\"hu\"},{\"@type\":\"Person\",\"@id\":\"https:\/\/universofamilia.com\/el\/#\/schema\/person\/f07ce98187dd84d31154262e79b3b7ca\",\"name\":\"Pedro Henrique\",\"image\":{\"@type\":\"ImageObject\",\"inLanguage\":\"hu\",\"@id\":\"https:\/\/universofamilia.com\/el\/#\/schema\/person\/image\/\",\"url\":\"https:\/\/secure.gravatar.com\/avatar\/9edfeb808cb4e1599f64d6e45b130154?s=96&d=mm&r=g\",\"contentUrl\":\"https:\/\/secure.gravatar.com\/avatar\/9edfeb808cb4e1599f64d6e45b130154?s=96&d=mm&r=g\",\"caption\":\"Pedro Henrique\"},\"url\":\"https:\/\/universofamilia.com\/hu\/author\/editor01\/\"}]}<\/script>\n<!-- \/ Yoast SEO plugin. -->","yoast_head_json":{"title":"12 Pasos para Ser un Ex-Diab\u00e9tico - Universo Fam\u00edlia","description":"12 Pasos para Ser un Ex-Diab\u00e9tico. La diabetes tipo 2 es una condici\u00f3n que puede revertirse en muchos casos con cambios en el estilo de vida.","robots":{"index":"index","follow":"follow","max-snippet":"max-snippet:-1","max-image-preview":"max-image-preview:large","max-video-preview":"max-video-preview:-1"},"canonical":"https:\/\/universofamilia.com\/hu\/app-controle-glicose\/","og_locale":"hu_HU","og_type":"article","og_title":"12 Pasos para Ser un Ex-Diab\u00e9tico - Universo Fam\u00edlia","og_description":"12 Pasos para Ser un Ex-Diab\u00e9tico. La diabetes tipo 2 es una condici\u00f3n que puede revertirse en muchos casos con cambios en el estilo de vida.","og_url":"https:\/\/universofamilia.com\/hu\/app-controle-glicose\/","og_site_name":"Universo Fam\u00edlia","article_published_time":"2025-02-14T20:44:36+00:00","article_modified_time":"2025-02-14T20:44:38+00:00","og_image":[{"width":1080,"height":1080,"url":"https:\/\/universofamilia.com\/wp-content\/uploads\/sites\/148\/2025\/02\/POST-PARA-APP-ARTIGO-2-6.jpg","type":"image\/jpeg"}],"author":"Pedro Henrique","twitter_card":"summary_large_image","twitter_misc":{"Written by":"Pedro Henrique","Est. reading time":"7 perc"},"schema":{"@context":"https:\/\/schema.org","@graph":[{"@type":"WebPage","@id":"https:\/\/universofamilia.com\/bg\/app-controle-glicose\/","url":"https:\/\/universofamilia.com\/bg\/app-controle-glicose\/","name":"12 Pasos para Ser un Ex-Diab\u00e9tico - Universo Fam\u00edlia","isPartOf":{"@id":"https:\/\/universofamilia.com\/el\/#website"},"primaryImageOfPage":{"@id":"https:\/\/universofamilia.com\/bg\/app-controle-glicose\/#primaryimage"},"image":{"@id":"https:\/\/universofamilia.com\/bg\/app-controle-glicose\/#primaryimage"},"thumbnailUrl":"https:\/\/universofamilia.com\/wp-content\/uploads\/sites\/148\/2025\/02\/POST-PARA-APP-ARTIGO-2-6.jpg","datePublished":"2025-02-14T20:44:36+00:00","dateModified":"2025-02-14T20:44:38+00:00","author":{"@id":"https:\/\/universofamilia.com\/el\/#\/schema\/person\/f07ce98187dd84d31154262e79b3b7ca"},"description":"12 Pasos para Ser un Ex-Diab\u00e9tico. La diabetes tipo 2 es una condici\u00f3n que puede revertirse en muchos casos con cambios en el estilo de vida.","breadcrumb":{"@id":"https:\/\/universofamilia.com\/bg\/app-controle-glicose\/#breadcrumb"},"inLanguage":"hu","potentialAction":[{"@type":"ReadAction","target":["https:\/\/universofamilia.com\/bg\/app-controle-glicose\/"]}]},{"@type":"ImageObject","inLanguage":"hu","@id":"https:\/\/universofamilia.com\/bg\/app-controle-glicose\/#primaryimage","url":"https:\/\/universofamilia.com\/wp-content\/uploads\/sites\/148\/2025\/02\/POST-PARA-APP-ARTIGO-2-6.jpg","contentUrl":"https:\/\/universofamilia.com\/wp-content\/uploads\/sites\/148\/2025\/02\/POST-PARA-APP-ARTIGO-2-6.jpg","width":1080,"height":1080,"caption":"12 Pasos para Ser un Ex-Diab\u00e9tico"},{"@type":"BreadcrumbList","@id":"https:\/\/universofamilia.com\/bg\/app-controle-glicose\/#breadcrumb","itemListElement":[{"@type":"ListItem","position":1,"name":"Home","item":"https:\/\/universofamilia.com\/el\/"},{"@type":"ListItem","position":2,"name":"12 Pasos para Ser un Ex-Diab\u00e9tico"}]},{"@type":"WebSite","@id":"https:\/\/universofamilia.com\/el\/#website","url":"https:\/\/universofamilia.com\/el\/","name":"Universo Fam\u00edlia","description":"","potentialAction":[{"@type":"SearchAction","target":{"@type":"EntryPoint","urlTemplate":"https:\/\/universofamilia.com\/el\/?s={search_term_string}"},"query-input":"required name=search_term_string"}],"inLanguage":"hu"},{"@type":"Person","@id":"https:\/\/universofamilia.com\/el\/#\/schema\/person\/f07ce98187dd84d31154262e79b3b7ca","name":"Pedro Henrique","image":{"@type":"ImageObject","inLanguage":"hu","@id":"https:\/\/universofamilia.com\/el\/#\/schema\/person\/image\/","url":"https:\/\/secure.gravatar.com\/avatar\/9edfeb808cb4e1599f64d6e45b130154?s=96&d=mm&r=g","contentUrl":"https:\/\/secure.gravatar.com\/avatar\/9edfeb808cb4e1599f64d6e45b130154?s=96&d=mm&r=g","caption":"Pedro Henrique"},"url":"https:\/\/universofamilia.com\/hu\/author\/editor01\/"}]}},"_links":{"self":[{"href":"https:\/\/universofamilia.com\/hu\/wp-json\/wp\/v2\/posts\/8784"}],"collection":[{"href":"https:\/\/universofamilia.com\/hu\/wp-json\/wp\/v2\/posts"}],"about":[{"href":"https:\/\/universofamilia.com\/hu\/wp-json\/wp\/v2\/types\/post"}],"author":[{"embeddable":true,"href":"https:\/\/universofamilia.com\/hu\/wp-json\/wp\/v2\/users\/139"}],"replies":[{"embeddable":true,"href":"https:\/\/universofamilia.com\/hu\/wp-json\/wp\/v2\/comments?post=8784"}],"version-history":[{"count":1,"href":"https:\/\/universofamilia.com\/hu\/wp-json\/wp\/v2\/posts\/8784\/revisions"}],"predecessor-version":[{"id":8786,"href":"https:\/\/universofamilia.com\/hu\/wp-json\/wp\/v2\/posts\/8784\/revisions\/8786"}],"wp:featuredmedia":[{"embeddable":true,"href":"https:\/\/universofamilia.com\/hu\/wp-json\/wp\/v2\/media\/8785"}],"wp:attachment":[{"href":"https:\/\/universofamilia.com\/hu\/wp-json\/wp\/v2\/media?parent=8784"}],"wp:term":[{"taxonomy":"category","embeddable":true,"href":"https:\/\/universofamilia.com\/hu\/wp-json\/wp\/v2\/categories?post=8784"},{"taxonomy":"post_tag","embeddable":true,"href":"https:\/\/universofamilia.com\/hu\/wp-json\/wp\/v2\/tags?post=8784"}],"curies":[{"name":"wp","href":"https:\/\/api.w.org\/{rel}","templated":true}]}}