{"id":8822,"date":"2025-02-19T18:17:54","date_gmt":"2025-02-19T18:17:54","guid":{"rendered":"https:\/\/universofamilia.com\/?p=8822"},"modified":"2025-02-24T14:05:28","modified_gmt":"2025-02-24T14:05:28","slug":"app-para-recuperar-fotos-borradas","status":"publish","type":"post","link":"https:\/\/universofamilia.com\/hu\/app-para-recuperar-fotos-borradas\/","title":{"rendered":"T\u00f6r\u00f6lt fot\u00f3k helyre\u00e1ll\u00edt\u00e1sa: Ne vesz\u00edtse el fontos eml\u00e9keit"},"content":{"rendered":"<p class=\"has-text-align-center\">Fedezze fel a k\u00f6vetkez\u0151 lehet\u0151s\u00e9geket a t\u00e9m\u00e1hoz kapcsol\u00f3d\u00f3an <strong>t\u00f6r\u00f6lt fot\u00f3k helyre\u00e1ll\u00edt\u00e1sa<\/strong>.<\/p>\n\n\n    <section class=\"mx-1 my-10\">\n                                                <a href=\"https:\/\/diskdigger.org\/download\" class=\"text-white\" data-analytics-label=\"optionsButton\"\n                    data-action=\"analytics#trackCTA\">\n                    <div data-options-target=\"option\"\n                        class=\"custom-section rounded-xl border p-3 shadow-md w-full bg-green-700 my-3\">\n                        <div class=\"flex w-full items-center justify-between\">\n                            <div class=\"flex items-center space-x-3\">\n                                <div class=\"text-lg font-bold\">\n                                    R\u00c9GI FOT\u00d3K HELYRE\u00c1LL\u00cdT\u00c1SA \u279d\n                                <\/div>\n                            <\/div>\n                        <\/div>\n                    <\/div>\n                <\/a>\n                                                            <a href=\"https:\/\/drfone.wondershare.net\/br\/android-data-recovery.html?\" class=\"text-white\" data-analytics-label=\"optionsButton\"\n                    data-action=\"analytics#trackCTA\">\n                    <div data-options-target=\"option\"\n                        class=\"custom-section rounded-xl border p-3 shadow-md w-full bg-green-700 my-3\">\n                        <div class=\"flex w-full items-center justify-between\">\n                            <div class=\"flex items-center space-x-3\">\n                                <div class=\"text-lg font-bold\">\n                                    HOZZ\u00c1F\u00c9R\u00c9S A REJTETT SZEM\u00c9THEZ \u279d\n                                <\/div>\n                            <\/div>\n                        <\/div>\n                    <\/div>\n                <\/a>\n                                                            <a href=\"https:\/\/drfone.wondershare.net\/br\/android-data-recovery.html?\" class=\"text-white\" data-analytics-label=\"optionsButton\"\n                    data-action=\"analytics#trackCTA\">\n                    <div data-options-target=\"option\"\n                        class=\"custom-section rounded-xl border p-3 shadow-md w-full bg-green-700 my-3\">\n                        <div class=\"flex w-full items-center justify-between\">\n                            <div class=\"flex items-center space-x-3\">\n                                <div class=\"text-lg font-bold\">\n                                    HELYRE\u00c1LL\u00cdTSA FOT\u00d3IT \u279d\n                                <\/div>\n                            <\/div>\n                        <\/div>\n                    <\/div>\n                <\/a>\n                            <p class=\"text-xs text-gray-500 text-right\"\n            style=\"margin-left: 50%; margin-bottom: 50px; margin-top: 5px;\">\n            <!-- You will be redirected to another website -->\n        <\/p>\n    <\/section>\n\n\n\n\n<p class=\"has-text-align-right\"><em><strong><em><strong><em><strong><em><strong><em><strong>\u00c1tir\u00e1ny\u00edtunk egy m\u00e1sik webhelyre<\/strong><\/em><\/strong><\/em><\/strong><\/em><\/strong><\/em><\/strong><\/em><\/p>\n\n\n\n<hr class=\"wp-block-separator has-alpha-channel-opacity is-style-wide\" \/>\n\n\n\n<p><\/p>\n\n\n\n<p>Ki ne t\u00f6r\u00f6lt volna m\u00e1r v\u00e9letlen\u00fcl egy fontos fot\u00f3t? Legyen sz\u00f3 ak\u00e1r egy felejthetetlen utaz\u00e1s eml\u00e9k\u00e9r\u0151l, egy k\u00fcl\u00f6nleges csal\u00e1di pillanatr\u00f3l vagy a t\u00f6k\u00e9letes szelfir\u0151l, a fot\u00f3k elveszt\u00e9se frusztr\u00e1l\u00f3 lehet.<\/p>\n\n\n\n<p>De ne agg\u00f3dj! Manaps\u00e1g sz\u00e1mos alkalmaz\u00e1s l\u00e9tezik, amelyek seg\u00edthetnek az elveszett k\u00e9pek visszaszerz\u00e9s\u00e9ben.<\/p>\n\n\n\n<p>Ebben a cikkben bemutatjuk a legjobbakat <strong>alkalmaz\u00e1sok t\u00f6r\u00f6lt fot\u00f3k vissza\u00e1ll\u00edt\u00e1s\u00e1hoz<\/strong> \u00e9s \u00fcgyelj arra, hogy ne vesz\u00edtsd el az eml\u00e9keidet. K\u00e9sz\u00fclj fel, hogy megismerd azokat az eszk\u00f6z\u00f6ket, amelyek igazi \u00e9letment\u0151k lehetnek!<\/p>\n\n\n\n<h2 class=\"wp-block-heading\"><strong>Mi\u00e9rt t\u00f6rl\u0151dnek a fot\u00f3k a mobiltelefonr\u00f3l?<\/strong><\/h2>\n\n\n\n<p>A f\u00e9nyk\u00e9pek v\u00e9letlen\u00fcl is t\u00f6r\u00f6lhet\u0151k rendszerhib\u00e1k miatt, vagy ak\u00e1r a telefonon l\u00e9v\u0151 t\u00e1rhely felszabad\u00edt\u00e1sa k\u00f6zben is.<\/p>\n\n\n\n<p>\u00c9s amikor ez megt\u00f6rt\u00e9nik, sokan azt hiszik, hogy minden elveszett. A j\u00f3 h\u00edr az, hogy a mai technol\u00f3gi\u00e1nak k\u00f6sz\u00f6nhet\u0151en gyors \u00e9s praktikus megold\u00e1sok l\u00e9teznek a k\u00e9pek visszaszerz\u00e9s\u00e9re.<\/p>\n\n\n\n<h2 class=\"wp-block-heading\"><strong>A 3 legjobb alkalmaz\u00e1s a t\u00f6r\u00f6lt fot\u00f3k helyre\u00e1ll\u00edt\u00e1s\u00e1hoz<\/strong><\/h2>\n\n\n\n<h3 class=\"wp-block-heading\"><strong>1. DiskDigger \u2013 Fot\u00f3-helyre\u00e1ll\u00edt\u00e1s<\/strong><\/h3>\n\n\n\n<p><strong>LemezDigger<\/strong> Ez az egyik legismertebb alkalmaz\u00e1s, ha arr\u00f3l van sz\u00f3, hogy <strong>t\u00f6r\u00f6lt fot\u00f3k helyre\u00e1ll\u00edt\u00e1sa<\/strong>.<\/p>\n\n\n\n<p>Szkenneld be a telefon bels\u0151 mem\u00f3ri\u00e1j\u00e1t \u00e9s SD-k\u00e1rty\u00e1j\u00e1t a t\u00f6r\u00f6lt f\u00e1jlok megtal\u00e1l\u00e1s\u00e1hoz. M\u00e9g root hozz\u00e1f\u00e9r\u00e9s n\u00e9lk\u00fcl is k\u00e9pes nagysz\u00e1m\u00fa fot\u00f3t helyre\u00e1ll\u00edtani.<\/p>\n\n\n\n<p><strong>F\u0151 funkci\u00f3k:<\/strong><\/p>\n\n\n\n<ul>\n<li>T\u00f6r\u00f6lt f\u00e9nyk\u00e9pek \u00e9s k\u00e9pek helyre\u00e1ll\u00edt\u00e1sa.<\/li>\n\n\n\n<li>Lehet\u0151v\u00e9 teszi a helyre\u00e1ll\u00edtott f\u00e9nyk\u00e9pek k\u00f6zvetlen ment\u00e9s\u00e9t az eszk\u00f6z\u00e9re vagy a felh\u0151be.<\/li>\n\n\n\n<li>K\u00f6nnyen haszn\u00e1lhat\u00f3, intuit\u00edv fel\u00fclettel.<\/li>\n<\/ul>\n\n\n\n    <div class=\"d-sm-block py-3 mx-auto px-3 mb-3\"\n        style=\"border-top: 1px solid rgb(204, 204, 204); border-bottom: 1px solid rgb(204, 204, 204);\">\n        <div class=\"text-center mb-4\">\n            <h6 class=\"pt-3 text-center text-gray-900 text-2xl title-font font-medium mb-12\">ALKALMAZ\u00c1S<\/h6>\n        <\/div>\n        <div class=\"row\">\n            <div class=\"col-lg-5 col-md-5 col-sm-12 mb-4 mb-lg-0\">\n                <img decoding=\"async\" alt=\"k\u00e1rtya\" style=\"height: 190px; object-fit: cover;\"\n                    class=\"w-100 h-100 object-cover object-center rounded border\" src=\"http:\/\/universofamilia.com\/wp-content\/uploads\/sites\/148\/2025\/01\/POST-PARA-APP-ARTIGO-7-3.jpg\">\n            <\/div>\n            <div class=\"col-lg-7 col-md-7 col-sm-12 d-flex flex-column justify-content-between\">\n                <h3 class=\"text-gray-900 text-3xl title-font font-medium mb-1\">DiskDigger fot\u00f3-helyre\u00e1ll\u00edt\u00e1s<\/h3>\n\n                                    <div class=\"flex\">\n                                                    <span\n                                class=\"inline-block mx-2 py-1 mx-2 rounded text-xs font-medium tracking-widest text-uppercase mr-2 bg-green-50 text-green-700\">K\u00c9P-HELYRE\u00c1LL\u00cdT\u00c1S FOT\u00d3K VISSZA\u00c1LL\u00cdT\u00c1SA<\/span>\n                                            <\/div>\n                                <div class=\"d-block text-justify py-3\">K\u00f6nnyed\u00e9n vissza\u00e1ll\u00edthatod a t\u00f6r\u00f6lt fot\u00f3kat Android-eszk\u00f6z\u00f6dr\u0151l. Szkenneld be a bels\u0151 t\u00e1rhelyet \u00e9s az SD-k\u00e1rty\u00e1t az elveszett k\u00e9pek vissza\u00e1ll\u00edt\u00e1s\u00e1hoz. Ingyenes \u00e9s pr\u00e9mium verzi\u00f3ban is el\u00e9rhet\u0151, fejlettebb funkci\u00f3kkal.<\/div>\n                <div class=\"mt-auto d-flex flex-column align-items-end\">\n                    <a class=\"d-inline-block text-center text-white border-0 py-2 px-8 text-lg focus:outline-none rounded bg-green-700 hover:bg-green-800 btn-block\"\n                        href=\"https:\/\/diskdigger.org\/download\"                         data-analytics-label=\"landingPageFirstButton\" data-action=\"analytics#trackCTA\">\n                        Alkalmaz\u00e1s let\u00f6lt\u00e9se                    <\/a>\n                                            <div class=\"text-xs text-muted mt-3 d-block col-12 text-center\">\u00c1tir\u00e1ny\u00edtunk egy m\u00e1sik webhelyre<\/div>\n                                    <\/div>\n            <\/div>\n        <\/div>\n    <\/div>\n\n\n\n<h3 class=\"wp-block-heading\"><strong>2. Dr.Fone \u2013 Adatment\u00e9s<\/strong><\/h3>\n\n\n\n<p><strong>Dr.Fone<\/strong> Ez egy komplett eszk\u00f6z azok sz\u00e1m\u00e1ra, akik nemcsak a f\u00e9nyk\u00e9peket, hanem m\u00e1s f\u00e1jlokat, p\u00e9ld\u00e1ul vide\u00f3kat, \u00fczeneteket \u00e9s n\u00e9vjegyeket is vissza akarnak \u00e1ll\u00edtani.<\/p>\n\n\n\n<p>Ide\u00e1lis azok sz\u00e1m\u00e1ra, akik \u00e1tfog\u00f3bb megold\u00e1st keresnek.<\/p>\n\n\n\n<p><strong>F\u0151 funkci\u00f3k:<\/strong><\/p>\n\n\n\n<ul>\n<li>K\u00fcl\u00f6nb\u00f6z\u0151 t\u00edpus\u00fa f\u00e1jlokat \u00e1ll\u00edt vissza.<\/li>\n\n\n\n<li>Kompatibilis Android \u00e9s iOS rendszerekkel.<\/li>\n\n\n\n<li>Gyors \u00e9s hat\u00e9kony szkennel\u00e9s.<\/li>\n<\/ul>\n\n\n\n    <div class=\"d-sm-block py-3 mx-auto px-3 mb-3\"\n        style=\"border-top: 1px solid rgb(204, 204, 204); border-bottom: 1px solid rgb(204, 204, 204);\">\n        <div class=\"text-center mb-4\">\n            <h6 class=\"pt-3 text-center text-gray-900 text-2xl title-font font-medium mb-12\">ALKALMAZ\u00c1S<\/h6>\n        <\/div>\n        <div class=\"row\">\n            <div class=\"col-lg-5 col-md-5 col-sm-12 mb-4 mb-lg-0\">\n                <img decoding=\"async\" alt=\"k\u00e1rtya\" style=\"height: 190px; object-fit: cover;\"\n                    class=\"w-100 h-100 object-cover object-center rounded border\" src=\"http:\/\/universofamilia.com\/wp-content\/uploads\/sites\/148\/2025\/01\/POST-PARA-APP-ARTIGO-8-2.jpg\">\n            <\/div>\n            <div class=\"col-lg-7 col-md-7 col-sm-12 d-flex flex-column justify-content-between\">\n                <h3 class=\"text-gray-900 text-3xl title-font font-medium mb-1\">Dr.Fone \u2013 Adatment\u00e9s<\/h3>\n\n                                    <div class=\"flex\">\n                                                    <span\n                                class=\"inline-block mx-2 py-1 mx-2 rounded text-xs font-medium tracking-widest text-uppercase mr-2 bg-green-50 text-green-700\">ELVESZETT ADATOK F\u00c1JLOK VISSZA\u00c1LL\u00cdT\u00c1SA<\/span>\n                                            <\/div>\n                                <div class=\"d-block text-justify py-3\">A leg\u00e1tfog\u00f3bb eszk\u00f6z f\u00e9nyk\u00e9pek, vide\u00f3k, n\u00e9vjegyek \u00e9s egyebek helyre\u00e1ll\u00edt\u00e1s\u00e1ra Android \u00e9s iOS rendszeren. T\u00f6bb mint 6000 eszk\u00f6zzel kompatibilis. Ide\u00e1lis azok sz\u00e1m\u00e1ra, akik professzion\u00e1lis helyre\u00e1ll\u00edt\u00e1si megold\u00e1st keresnek.<\/div>\n                <div class=\"mt-auto d-flex flex-column align-items-end\">\n                    <a class=\"d-inline-block text-center text-white border-0 py-2 px-8 text-lg focus:outline-none rounded bg-green-700 hover:bg-green-800 btn-block\"\n                        href=\"https:\/\/drfone.wondershare.net\/br\/android-data-recovery.html?\"                         data-analytics-label=\"landingPageFirstButton\" data-action=\"analytics#trackCTA\">\n                        Alkalmaz\u00e1s let\u00f6lt\u00e9se                    <\/a>\n                                            <div class=\"text-xs text-muted mt-3 d-block col-12 text-center\">\u00c1tir\u00e1ny\u00edtunk egy m\u00e1sik webhelyre<\/div>\n                                    <\/div>\n            <\/div>\n        <\/div>\n    <\/div>\n\n\n\n<h3 class=\"wp-block-heading\"><strong>3. Kont\u00e9ner \u2013 Fot\u00f3ment\u00e9s<\/strong><\/h3>\n\n\n\n<p><strong>Kont\u00e9ner<\/strong> \u00dagy m\u0171k\u00f6dik, mint egy telefonod lomt\u00e1rja, t\u00e1rolja a t\u00f6r\u00f6lt f\u00e1jlokat, \u00edgy k\u00f6nnyen vissza\u00e1ll\u00edthatod \u0151ket.<\/p>\n\n\n\n<p>Nagyszer\u0171 azok sz\u00e1m\u00e1ra, akik hajlamosak f\u00e1jlokat t\u00f6r\u00f6lni k\u00e9tszeri ellen\u0151rz\u00e9s n\u00e9lk\u00fcl.<\/p>\n\n\n\n<p><strong>F\u0151 funkci\u00f3k:<\/strong><\/p>\n\n\n\n<ul>\n<li>Fot\u00f3k, vide\u00f3k \u00e9s dokumentumok helyre\u00e1ll\u00edt\u00e1sa.<\/li>\n\n\n\n<li>Automatikus biztons\u00e1gi ment\u00e9sk\u00e9nt m\u0171k\u00f6dik.<\/li>\n\n\n\n<li>Lehet\u0151v\u00e9 teszi a f\u00e1jlok megtekint\u00e9s\u00e9t a helyre\u00e1ll\u00edt\u00e1s el\u0151tt.<\/li>\n<\/ul>\n\n\n\n    <div class=\"d-sm-block py-3 mx-auto px-3 mb-3\"\n        style=\"border-top: 1px solid rgb(204, 204, 204); border-bottom: 1px solid rgb(204, 204, 204);\">\n        <div class=\"text-center mb-4\">\n            <h6 class=\"pt-3 text-center text-gray-900 text-2xl title-font font-medium mb-12\">ALKALMAZ\u00c1S<\/h6>\n        <\/div>\n        <div class=\"row\">\n            <div class=\"col-lg-5 col-md-5 col-sm-12 mb-4 mb-lg-0\">\n                <img decoding=\"async\" alt=\"k\u00e1rtya\" style=\"height: 190px; object-fit: cover;\"\n                    class=\"w-100 h-100 object-cover object-center rounded border\" src=\"http:\/\/universofamilia.com\/wp-content\/uploads\/sites\/148\/2025\/01\/POST-PARA-APP-ARTIGO-9-2.jpg\">\n            <\/div>\n            <div class=\"col-lg-7 col-md-7 col-sm-12 d-flex flex-column justify-content-between\">\n                <h3 class=\"text-gray-900 text-3xl title-font font-medium mb-1\">Kont\u00e9ner: Fot\u00f3ment\u00e9s<\/h3>\n\n                                    <div class=\"flex\">\n                                                    <span\n                                class=\"inline-block mx-2 py-1 mx-2 rounded text-xs font-medium tracking-widest text-uppercase mr-2 bg-green-50 text-green-700\">\u00daJRAHASZNOS\u00cdT\u00d3 TART\u00c1LY, BIZTONS\u00c1GI M\u00c1SOLAT<\/span>\n                                            <\/div>\n                                <div class=\"d-block text-justify py-3\">Automatikusan t\u00e1rolja a t\u00f6r\u00f6lt f\u00e9nyk\u00e9peket, \u00e9s lehet\u0151v\u00e9 teszi azok egyszer\u0171 vissza\u00e1ll\u00edt\u00e1s\u00e1t. \u00dagy m\u0171k\u00f6dik, mint egy lomt\u00e1r a telefonodon. Felh\u0151alap\u00fa t\u00e1rol\u00e1si lehet\u0151s\u00e9geket is tartalmaz.<\/div>\n                <div class=\"mt-auto d-flex flex-column align-items-end\">\n                    <a class=\"d-inline-block text-center text-white border-0 py-2 px-8 text-lg focus:outline-none rounded bg-green-700 hover:bg-green-800 btn-block\"\n                        href=\"https:\/\/dumpsterapp.mobi\/\"                         data-analytics-label=\"landingPageFirstButton\" data-action=\"analytics#trackCTA\">\n                        Alkalmaz\u00e1s let\u00f6lt\u00e9se                    <\/a>\n                                            <div class=\"text-xs text-muted mt-3 d-block col-12 text-center\">\u00c1tir\u00e1ny\u00edtunk egy m\u00e1sik webhelyre<\/div>\n                                    <\/div>\n            <\/div>\n        <\/div>\n    <\/div>\n\n\n\n<h2 class=\"wp-block-heading\"><strong>3 tov\u00e1bbi, magasra \u00e9rt\u00e9kelt fot\u00f3-helyre\u00e1ll\u00edt\u00f3 alkalmaz\u00e1s<\/strong><\/h2>\n\n\n\n<h3 class=\"wp-block-heading\"><strong>4. EaseUS MobiSaver<\/strong><\/h3>\n\n\n\n<p><strong>EaseUS MobiSaver<\/strong> Ismert a f\u00e9nyk\u00e9pek \u00e9s egy\u00e9b adatok helyre\u00e1ll\u00edt\u00e1s\u00e1ban ny\u00fajtott hat\u00e9konys\u00e1g\u00e1r\u00f3l. \u00c1tvizsg\u00e1lja az eszk\u00f6zt, \u00e9s megjelen\u00edti a helyre\u00e1ll\u00edthat\u00f3 f\u00e1jlok list\u00e1j\u00e1t.<\/p>\n\n\n\n<p><strong>F\u0151 funkci\u00f3k:<\/strong><\/p>\n\n\n\n<ul>\n<li>Fot\u00f3k, vide\u00f3k \u00e9s n\u00e9vjegyek helyre\u00e1ll\u00edt\u00e1sa.<\/li>\n\n\n\n<li>Egyszer\u0171 \u00e9s k\u00f6nnyen haszn\u00e1lhat\u00f3 fel\u00fclet.<\/li>\n\n\n\n<li>Kompatibilis Android \u00e9s iOS eszk\u00f6z\u00f6kkel.<\/li>\n<\/ul>\n\n\n\n<p><strong>Kaphat\u00f3:<\/strong> Google Play<\/p>\n\n\n\n<h3 class=\"wp-block-heading\"><strong>5. T\u00f6r\u00f6lt fot\u00f3k helyre\u00e1ll\u00edt\u00e1sa<\/strong><\/h3>\n\n\n\n<p>Ahogy a neve is sugallja, ez az alkalmaz\u00e1s erre specializ\u00e1l\u00f3dott <strong>t\u00f6r\u00f6lt fot\u00f3k vissza\u00e1ll\u00edt\u00e1sa mobiltelefonr\u00f3l<\/strong>Ide\u00e1lis azok sz\u00e1m\u00e1ra, akik gyors \u00e9s probl\u00e9mamentes megold\u00e1st keresnek.<\/p>\n\n\n\n<p><strong>F\u0151 funkci\u00f3k:<\/strong><\/p>\n\n\n\n<ul>\n<li>Gyors \u00e9s hat\u00e9kony szkennel\u00e9s.<\/li>\n\n\n\n<li>A t\u00f6r\u00f6lt fot\u00f3k egyszer\u0171 helyre\u00e1ll\u00edt\u00e1sa.<\/li>\n\n\n\n<li>Nem ig\u00e9nyel root hozz\u00e1f\u00e9r\u00e9st.<\/li>\n<\/ul>\n\n\n\n<p><strong>Kaphat\u00f3:<\/strong> Google Play<\/p>\n\n\n\n<h3 class=\"wp-block-heading\"><strong>6. K\u00e9p vissza\u00e1ll\u00edt\u00e1sa<\/strong><\/h3>\n\n\n\n<p><strong>K\u00e9p vissza\u00e1ll\u00edt\u00e1sa<\/strong> Lehet\u0151v\u00e9 teszi a t\u00f6r\u00f6lt k\u00e9pek vissza\u00e1ll\u00edt\u00e1s\u00e1t speci\u00e1lis enged\u00e9lyek n\u00e9lk\u00fcl. Ide\u00e1lis azok sz\u00e1m\u00e1ra, akik a k\u00e9nyelmet \u00e9s a gyorsas\u00e1got keresik.<\/p>\n\n\n\n<p><strong>F\u0151 funkci\u00f3k:<\/strong><\/p>\n\n\n\n<ul>\n<li>Automatikus szkennel\u00e9s.<\/li>\n\n\n\n<li>A f\u00e9nyk\u00e9pek helyre\u00e1ll\u00edt\u00e1sa a gyors\u00edt\u00f3t\u00e1r t\u00f6rl\u00e9se ut\u00e1n is.<\/li>\n\n\n\n<li>K\u00f6nnyen haszn\u00e1lhat\u00f3 \u00e9s k\u00f6nny\u0171.<\/li>\n<\/ul>\n\n\n\n<p><strong>Kaphat\u00f3:<\/strong> Google Play<\/p>\n\n\n\n<p><\/p>\n\n\n\n<hr class=\"wp-block-separator has-alpha-channel-opacity is-style-wide\" \/>\n\n\n\n<h5 class=\"wp-block-heading has-text-align-center\"><strong>Olvasd el ezt is<\/strong><\/h5>\n\n\n    <section class=\"mx-1 my-10\">\n                                                <a href=\"https:\/\/universofamilia.com\/hu\/aprende-a-tocar-guitarra-con-simply-guitar\/\" class=\"text-white\" data-analytics-label=\"optionsButton\"\n                    data-action=\"analytics#trackCTA\">\n                    <div data-options-target=\"option\"\n                        class=\"custom-section rounded-xl border p-3 shadow-md w-full bg-green-700 my-3\">\n                        <div class=\"flex w-full items-center justify-between\">\n                            <div class=\"flex items-center space-x-3\">\n                                <div class=\"text-lg font-bold\">\n                                    Tanulj meg git\u00e1rozni \u279d\n                                <\/div>\n                            <\/div>\n                        <\/div>\n                    <\/div>\n                <\/a>\n                                                            <a href=\"https:\/\/universofamilia.com\/hu\/lp-apps-namoro\/\" class=\"text-white\" data-analytics-label=\"optionsButton\"\n                    data-action=\"analytics#trackCTA\">\n                    <div data-options-target=\"option\"\n                        class=\"custom-section rounded-xl border p-3 shadow-md w-full bg-green-700 my-3\">\n                        <div class=\"flex w-full items-center justify-between\">\n                            <div class=\"flex items-center space-x-3\">\n                                <div class=\"text-lg font-bold\">\n                                    App, hogy \u00faj emberekkel ismerkedj meg! \u279d\n                                <\/div>\n                            <\/div>\n                        <\/div>\n                    <\/div>\n                <\/a>\n                                                            <a href=\"https:\/\/universofamilia.com\/hu\/lp-biblia-catolica\/\" class=\"text-white\" data-analytics-label=\"optionsButton\"\n                    data-action=\"analytics#trackCTA\">\n                    <div data-options-target=\"option\"\n                        class=\"custom-section rounded-xl border p-3 shadow-md w-full bg-green-700 my-3\">\n                        <div class=\"flex w-full items-center justify-between\">\n                            <div class=\"flex items-center space-x-3\">\n                                <div class=\"text-lg font-bold\">\n                                    Isten Ig\u00e9je, b\u00e1rhol \u00e9s b\u00e1rmikor \u279d\n                                <\/div>\n                            <\/div>\n                        <\/div>\n                    <\/div>\n                <\/a>\n                            <p class=\"text-xs text-gray-500 text-right hidden\"\n            style=\"margin-left: 50%; margin-bottom: 50px; margin-top: 5px;\">\n            <!-- You will be redirected to another website -->\n        <\/p>\n    <\/section>\n\n\n\n\n<p class=\"has-text-align-right\"><em><strong><em><strong><em><strong><em><strong><em><strong>Olvass tov\u00e1bb!<\/strong><\/em><\/strong><\/em><\/strong><\/em><\/strong><\/em><\/strong><\/em><\/p>\n\n\n\n<hr class=\"wp-block-separator has-alpha-channel-opacity is-style-wide\" \/>\n\n\n\n<p><\/p>\n\n\n\n<p><\/p>\n\n\n\n<h2 class=\"wp-block-heading\"><strong>Tippek a f\u00e9nyk\u00e9pek elveszt\u00e9s\u00e9nek elker\u00fcl\u00e9s\u00e9re a j\u00f6v\u0151ben<\/strong><\/h2>\n\n\n\n<p>B\u00e1r sok hasznos alkalmaz\u00e1s l\u00e9tezik, a megel\u0151z\u00e9s mindig jobb, mint a gy\u00f3gy\u00edt\u00e1s. \u00cdme n\u00e9h\u00e1ny tipp a f\u00e9nyk\u00e9pek elveszt\u00e9s\u00e9nek elker\u00fcl\u00e9s\u00e9re:<\/p>\n\n\n\n<ul>\n<li><strong>Automatikus biztons\u00e1gi ment\u00e9s aktiv\u00e1l\u00e1sa<\/strong> a Google Fot\u00f3kban vagy az iCloudban.<\/li>\n\n\n\n<li><strong>F\u00e1jlok t\u00f6rl\u00e9se el\u0151tt ellen\u0151rizze<\/strong> fontos.<\/li>\n\n\n\n<li><strong>Haszn\u00e1ljon biztons\u00e1gi ment\u00e9si alkalmaz\u00e1sokat<\/strong> Az eml\u00e9keid v\u00e9delme \u00e9rdek\u00e9ben. Ezek az egyszer\u0171 gyakorlatok seg\u00edthetnek megmenteni a fot\u00f3idat \u00e9s megel\u0151zni a j\u00f6v\u0151beni fejf\u00e1j\u00e1st.<\/li>\n<\/ul>\n\n\n\n<h3 class=\"wp-block-heading\">\u2753 Hogyan lehet vissza\u00e1ll\u00edtani a t\u00f6r\u00f6lt f\u00e9nyk\u00e9peket a mobiltelefonr\u00f3l?<\/h3>\n\n\n\n<p>Haszn\u00e1ljon olyan alkalmaz\u00e1sokat, mint a <strong>LemezDigger<\/strong>, <strong>Dr.Fone<\/strong> b\u00e1rmelyik <strong>Kont\u00e9ner<\/strong>Beolvass\u00e1k a mobiltelefonodat, \u00e9s lehet\u0151v\u00e9 teszik a t\u00f6r\u00f6lt k\u00e9pek vissza\u00e1ll\u00edt\u00e1s\u00e1t.<\/p>\n\n\n\n<h3 class=\"wp-block-heading\">\u2753 Sz\u00fcks\u00e9gem van rootra a fot\u00f3k vissza\u00e1ll\u00edt\u00e1s\u00e1hoz?<\/h3>\n\n\n\n<p>N\u00e9h\u00e1ny alkalmaz\u00e1s root n\u00e9lk\u00fcl is m\u0171k\u00f6dik, de a root hozz\u00e1f\u00e9r\u00e9s n\u00f6velheti a helyre\u00e1ll\u00edt\u00e1si ar\u00e1nyt.<\/p>\n\n\n\n<h3 class=\"wp-block-heading\">\u2753 Vissza tudom \u00e1ll\u00edtani a r\u00e9gen t\u00f6r\u00f6lt fot\u00f3kat?<\/h3>\n\n\n\n<p>Igen, de az es\u00e9lyek cs\u00f6kkennek, ha a f\u00e1jlokat fel\u00fcl\u00edrt\u00e1k. Min\u00e9l el\u0151bb cselekszel, ann\u00e1l jobb.<\/p>\n\n\n\n<h3 class=\"wp-block-heading\">\u2753 Ingyenesek ezek az alkalmaz\u00e1sok?<\/h3>\n\n\n\n<p>A legt\u00f6bb ingyenes verzi\u00f3t k\u00edn\u00e1l pr\u00e9mium opci\u00f3kkal a halad\u00f3 funkci\u00f3khoz.<\/p>\n\n\n\n<h3 class=\"wp-block-heading\">\u2753 Milyen t\u00edpus\u00fa f\u00e1jlokat tudok helyre\u00e1ll\u00edtani a f\u00e9nyk\u00e9peken k\u00edv\u00fcl?<\/h3>\n\n\n\n<p>A f\u00e9nyk\u00e9pek mellett ezek k\u00f6z\u00fcl az alkalmaz\u00e1sok k\u00f6z\u00fcl sok lehet\u0151v\u00e9 teszi vide\u00f3k, dokumentumok, \u00fczenetek \u00e9s n\u00e9vjegyek helyre\u00e1ll\u00edt\u00e1s\u00e1t.<\/p>\n\n\n\n<p>Eszk\u00f6z\u00f6k, mint p\u00e9ld\u00e1ul <strong>Dr.Fone<\/strong> \u00e9s <strong>EaseUS MobiSaver<\/strong> speci\u00e1lis be\u00e1ll\u00edt\u00e1sokat k\u00edn\u00e1l t\u00f6bb f\u00e1jlt\u00edpushoz.<\/p>\n\n\n\n<h3 class=\"wp-block-heading\">\u2753 Mennyi ideig tart a fot\u00f3k helyre\u00e1ll\u00edt\u00e1si folyamata?<\/h3>\n\n\n\n<p>A szkennel\u00e9si id\u0151 a szkennelt adatok mennyis\u00e9g\u00e9t\u0151l \u00e9s az eszk\u00f6z sebess\u00e9g\u00e9t\u0151l f\u00fcgg\u0151en v\u00e1ltozik. A gyors szkennel\u00e9s 5-10 percig is eltarthat, m\u00edg a m\u00e9lyrehat\u00f3 szkennel\u00e9s ak\u00e1r egy \u00f3r\u00e1t is ig\u00e9nybe vehet.<\/p>\n\n\n\n<h3 class=\"wp-block-heading\">\u2753 Lehets\u00e9ges a f\u00e9nyk\u00e9pek vissza\u00e1ll\u00edt\u00e1sa a telefon form\u00e1z\u00e1sa ut\u00e1n?<\/h3>\n\n\n\n<p>Igen, b\u00e1r a siker es\u00e9lye kisebb. Olyan alkalmaz\u00e1sok, mint p\u00e9ld\u00e1ul <strong>LemezDigger<\/strong> \u00e9s <strong>Kont\u00e9ner<\/strong> M\u00e9lyszkennel\u00e9si lehet\u0151s\u00e9geket k\u00edn\u00e1lnak, amelyek form\u00e1z\u00e1s ut\u00e1n is k\u00e9pesek felismerni a f\u00e9nyk\u00e9peket, b\u00e1r nem mindig t\u00f6k\u00e9letes \u00e1llapotban \u00e1ll\u00edthat\u00f3k vissza.<\/p>\n\n\n\n<h3 class=\"wp-block-heading\">\u2753 Hogyan jav\u00edthatom a t\u00f6r\u00f6lt fot\u00f3k helyre\u00e1ll\u00edt\u00e1si ar\u00e1ny\u00e1t?<\/h3>\n\n\n\n<p>A f\u00e9nyk\u00e9pek helyre\u00e1ll\u00edt\u00e1s\u00e1nak es\u00e9lyeinek n\u00f6vel\u00e9se \u00e9rdek\u00e9ben:<\/p>\n\n\n\n<ul>\n<li>V\u00e9letlen t\u00f6rl\u00e9s ut\u00e1n azonnal hagyja abba az eszk\u00f6z haszn\u00e1lat\u00e1t.<\/li>\n\n\n\n<li>Ne telep\u00edtsen olyan \u00faj alkalmaz\u00e1sokat vagy f\u00e1jlokat, amelyek fel\u00fcl\u00edrhatj\u00e1k a f\u00e9nyk\u00e9peket.<\/li>\n\n\n\n<li>Haszn\u00e1ljon m\u00e9lyrehat\u00f3 vizsg\u00e1latokat, ha van r\u00e1 lehet\u0151s\u00e9g.<\/li>\n\n\n\n<li>Ha lehets\u00e9ges, a helyre\u00e1ll\u00edt\u00e1st a telefonhoz csatlakoztatott sz\u00e1m\u00edt\u00f3g\u00e9pr\u0151l v\u00e9gezze el.<\/li>\n<\/ul>\n\n\n\n<h3 class=\"wp-block-heading\">\u2753 Biztons\u00e1gosak ezek az alkalmaz\u00e1sok a f\u00e9nyk\u00e9pek helyre\u00e1ll\u00edt\u00e1s\u00e1hoz?<\/h3>\n\n\n\n<p>Igen, amennyiben hivatalos \u00e1ruh\u00e1zakb\u00f3l, p\u00e9ld\u00e1ul a Google Play \u00e1ruh\u00e1zb\u00f3l vagy az App Store-b\u00f3l t\u00f6lt\u00f6d le az alkalmaz\u00e1sokat. Ker\u00fcld az ismeretlen forr\u00e1sb\u00f3l sz\u00e1rmaz\u00f3 alkalmaz\u00e1sok telep\u00edt\u00e9s\u00e9t a v\u00edrusok \u00e9s rosszindulat\u00fa programok megel\u0151z\u00e9se \u00e9rdek\u00e9ben.<\/p>\n\n\n\n<h3 class=\"wp-block-heading\">\u2753 Vissza lehet \u00e1ll\u00edtani a t\u00f6r\u00f6lt f\u00e9nyk\u00e9peket SD-k\u00e1rty\u00e1r\u00f3l?<\/h3>\n\n\n\n<p>Term\u00e9szetesen. Olyan alkalmaz\u00e1sok, mint p\u00e9ld\u00e1ul <strong>EaseUS MobiSaver<\/strong> \u00e9s <strong>K\u00e9p vissza\u00e1ll\u00edt\u00e1sa<\/strong> K\u00fcl\u00f6n\u00f6sen hasznosak k\u00fcls\u0151 mem\u00f3riak\u00e1rty\u00e1kr\u00f3l sz\u00e1rmaz\u00f3 f\u00e1jlok szkennel\u00e9s\u00e9hez \u00e9s helyre\u00e1ll\u00edt\u00e1s\u00e1hoz.<\/p>\n\n\n\n<h3 class=\"wp-block-heading\">\u2753 Mit tegyek, ha az alkalmaz\u00e1sok nem tudj\u00e1k helyre\u00e1ll\u00edtani a fot\u00f3imat?<\/h3>\n\n\n\n<p>Ha a mobileszk\u00f6z\u00f6k nem m\u0171k\u00f6dnek, \u00e9rdemes lehet sz\u00e1m\u00edt\u00f3g\u00e9pes helyre\u00e1ll\u00edt\u00f3 szoftvert haszn\u00e1lni, amely gyakran fejlettebb szkennel\u00e9si lehet\u0151s\u00e9geket k\u00edn\u00e1l.<\/p>\n\n\n\n<p>Fordulhatsz professzion\u00e1lis adatment\u00e9si szolg\u00e1ltat\u00e1sokhoz is, b\u00e1r ezek \u00e1ltal\u00e1ban dr\u00e1g\u00e1bbak.<\/p>\n\n\n\n<h3 class=\"wp-block-heading\">\u2753 Vissza\u00e1ll\u00edthatom a t\u00f6r\u00f6lt f\u00e9nyk\u00e9peket iPhone-on biztons\u00e1gi ment\u00e9s n\u00e9lk\u00fcl?<\/h3>\n\n\n\n<p>Igen, b\u00e1r a lehet\u0151s\u00e9gek korl\u00e1tozottabbak. Alkalmaz\u00e1sok, mint p\u00e9ld\u00e1ul <strong>Dr.Fone<\/strong> T\u00e1mogat\u00e1st k\u00edn\u00e1lnak iOS-eszk\u00f6z\u00f6kh\u00f6z, de ha nincs kor\u00e1bbi biztons\u00e1gi ment\u00e9sed, az es\u00e9lyeid kisebbek lehetnek.<\/p>\n\n\n\n<h2 class=\"wp-block-heading\"><strong>K\u00f6vetkeztet\u00e9s<\/strong><\/h2>\n\n\n\n<p>A f\u00e9nyk\u00e9pek elveszt\u00e9se frusztr\u00e1l\u00f3 lehet, de a megfelel\u0151 alkalmaz\u00e1sokkal k\u00f6nnyen vissza\u00e1ll\u00edthatod az eml\u00e9keidet.<\/p>\n\n\n\n<p>Eszk\u00f6z\u00f6k, mint p\u00e9ld\u00e1ul <strong>LemezDigger<\/strong>, <strong>Dr.Fone<\/strong>, <strong>Kont\u00e9ner<\/strong> \u00e9s a t\u00f6bbi itt eml\u00edtett szem\u00e9ly kiv\u00e1l\u00f3 sz\u00f6vets\u00e9ges ebben a k\u00fcldet\u00e9sben.<\/p>\n\n\n\n<p>Ne felejtsen el megel\u0151z\u0151 gyakorlatokat alkalmazni, p\u00e9ld\u00e1ul automatikus biztons\u00e1gi ment\u00e9seket haszn\u00e1lni a j\u00f6v\u0151beni probl\u00e9m\u00e1k elker\u00fcl\u00e9se \u00e9rdek\u00e9ben.<\/p>\n\n\n\n<p>Tetszett ez a cikk? Oszd meg a bar\u00e1taiddal, \u00e9s seg\u00edts t\u00f6bb embernek elker\u00fclni a fontos pillanatok lemarad\u00e1s\u00e1t!<\/p>","protected":false},"excerpt":{"rendered":"<p>Explora las siguientes opciones relacionadas con la recuperaci\u00f3n de fotos borradas. Ser\u00e1s redirigido a otro sitio \u00bfQui\u00e9n no ha borrado una foto importante por accidente? Ya sea un recuerdo de un viaje inolvidable, un momento especial en familia o esa selfie perfecta, perder fotos puede ser frustrante. \u00a1Pero tranquilo! Hoy en d\u00eda existen varias aplicaciones [&hellip;]<\/p>","protected":false},"author":139,"featured_media":8528,"comment_status":"closed","ping_status":"open","sticky":false,"template":"","format":"standard","meta":{"footnotes":""},"categories":[2],"tags":[1904,345,1903,1387,1905],"yoast_head":"<!-- This site is optimized with the Yoast SEO plugin v23.3 - https:\/\/yoast.com\/wordpress\/plugins\/seo\/ -->\n<title>Aplicaci\u00f3n para recuperar fotos borradas: no pierdas tus recuerdos importantes - Universo Fam\u00edlia<\/title>\n<meta name=\"description\" content=\"Aplicaci\u00f3n para recuperar fotos borradas: no pierdas tus recuerdos importantes. \u00bfQui\u00e9n no ha borrado una foto importante por accidente?...\" \/>\n<meta name=\"robots\" content=\"index, follow, max-snippet:-1, max-image-preview:large, max-video-preview:-1\" \/>\n<link rel=\"canonical\" href=\"http:\/\/universofamilia.com\/hu\/app-para-recuperar-fotos-borradas\/\" \/>\n<meta property=\"og:locale\" content=\"hu_HU\" \/>\n<meta property=\"og:type\" content=\"article\" \/>\n<meta property=\"og:title\" content=\"Aplicaci\u00f3n para recuperar fotos borradas: no pierdas tus recuerdos importantes - Universo Fam\u00edlia\" \/>\n<meta property=\"og:description\" content=\"Aplicaci\u00f3n para recuperar fotos borradas: no pierdas tus recuerdos importantes. \u00bfQui\u00e9n no ha borrado una foto importante por accidente?...\" \/>\n<meta property=\"og:url\" content=\"http:\/\/universofamilia.com\/hu\/app-para-recuperar-fotos-borradas\/\" \/>\n<meta property=\"og:site_name\" content=\"Universo Fam\u00edlia\" \/>\n<meta property=\"article:published_time\" content=\"2025-02-19T18:17:54+00:00\" \/>\n<meta property=\"article:modified_time\" content=\"2025-02-24T14:05:28+00:00\" \/>\n<meta property=\"og:image\" content=\"http:\/\/universofamilia.com\/wp-content\/uploads\/sites\/148\/2025\/01\/POST-PARA-APP-ARTIGO-7-3.jpg\" \/>\n\t<meta property=\"og:image:width\" content=\"1080\" \/>\n\t<meta property=\"og:image:height\" content=\"1080\" \/>\n\t<meta property=\"og:image:type\" content=\"image\/jpeg\" \/>\n<meta name=\"author\" content=\"Pedro Henrique\" \/>\n<meta name=\"twitter:card\" content=\"summary_large_image\" \/>\n<meta name=\"twitter:label1\" content=\"Written by\" \/>\n\t<meta name=\"twitter:data1\" content=\"Pedro Henrique\" \/>\n\t<meta name=\"twitter:label2\" content=\"Est. reading time\" \/>\n\t<meta name=\"twitter:data2\" content=\"6 perc\" \/>\n<script type=\"application\/ld+json\" class=\"yoast-schema-graph\">{\"@context\":\"https:\/\/schema.org\",\"@graph\":[{\"@type\":\"WebPage\",\"@id\":\"http:\/\/universofamilia.com\/fr\/app-para-recuperar-fotos-borradas\/\",\"url\":\"http:\/\/universofamilia.com\/fr\/app-para-recuperar-fotos-borradas\/\",\"name\":\"Aplicaci\u00f3n para recuperar fotos borradas: no pierdas tus recuerdos importantes - Universo Fam\u00edlia\",\"isPartOf\":{\"@id\":\"https:\/\/universofamilia.com\/el\/#website\"},\"primaryImageOfPage\":{\"@id\":\"http:\/\/universofamilia.com\/fr\/app-para-recuperar-fotos-borradas\/#primaryimage\"},\"image\":{\"@id\":\"http:\/\/universofamilia.com\/fr\/app-para-recuperar-fotos-borradas\/#primaryimage\"},\"thumbnailUrl\":\"https:\/\/universofamilia.com\/wp-content\/uploads\/sites\/148\/2025\/01\/POST-PARA-APP-ARTIGO-7-3.jpg\",\"datePublished\":\"2025-02-19T18:17:54+00:00\",\"dateModified\":\"2025-02-24T14:05:28+00:00\",\"author\":{\"@id\":\"https:\/\/universofamilia.com\/el\/#\/schema\/person\/f07ce98187dd84d31154262e79b3b7ca\"},\"description\":\"Aplicaci\u00f3n para recuperar fotos borradas: no pierdas tus recuerdos importantes. \u00bfQui\u00e9n no ha borrado una foto importante por accidente?...\",\"breadcrumb\":{\"@id\":\"http:\/\/universofamilia.com\/fr\/app-para-recuperar-fotos-borradas\/#breadcrumb\"},\"inLanguage\":\"hu\",\"potentialAction\":[{\"@type\":\"ReadAction\",\"target\":[\"http:\/\/universofamilia.com\/fr\/app-para-recuperar-fotos-borradas\/\"]}]},{\"@type\":\"ImageObject\",\"inLanguage\":\"hu\",\"@id\":\"http:\/\/universofamilia.com\/fr\/app-para-recuperar-fotos-borradas\/#primaryimage\",\"url\":\"https:\/\/universofamilia.com\/wp-content\/uploads\/sites\/148\/2025\/01\/POST-PARA-APP-ARTIGO-7-3.jpg\",\"contentUrl\":\"https:\/\/universofamilia.com\/wp-content\/uploads\/sites\/148\/2025\/01\/POST-PARA-APP-ARTIGO-7-3.jpg\",\"width\":1080,\"height\":1080,\"caption\":\"DiskDigger Recuperaci\u00f3n de Fotos\"},{\"@type\":\"BreadcrumbList\",\"@id\":\"http:\/\/universofamilia.com\/fr\/app-para-recuperar-fotos-borradas\/#breadcrumb\",\"itemListElement\":[{\"@type\":\"ListItem\",\"position\":1,\"name\":\"Home\",\"item\":\"https:\/\/universofamilia.com\/el\/\"},{\"@type\":\"ListItem\",\"position\":2,\"name\":\"Aplicaci\u00f3n para recuperar fotos borradas: no pierdas tus recuerdos importantes\"}]},{\"@type\":\"WebSite\",\"@id\":\"https:\/\/universofamilia.com\/el\/#website\",\"url\":\"https:\/\/universofamilia.com\/el\/\",\"name\":\"Universo Fam\u00edlia\",\"description\":\"\",\"potentialAction\":[{\"@type\":\"SearchAction\",\"target\":{\"@type\":\"EntryPoint\",\"urlTemplate\":\"https:\/\/universofamilia.com\/el\/?s={search_term_string}\"},\"query-input\":\"required name=search_term_string\"}],\"inLanguage\":\"hu\"},{\"@type\":\"Person\",\"@id\":\"https:\/\/universofamilia.com\/el\/#\/schema\/person\/f07ce98187dd84d31154262e79b3b7ca\",\"name\":\"Pedro Henrique\",\"image\":{\"@type\":\"ImageObject\",\"inLanguage\":\"hu\",\"@id\":\"https:\/\/universofamilia.com\/el\/#\/schema\/person\/image\/\",\"url\":\"https:\/\/secure.gravatar.com\/avatar\/9edfeb808cb4e1599f64d6e45b130154?s=96&d=mm&r=g\",\"contentUrl\":\"https:\/\/secure.gravatar.com\/avatar\/9edfeb808cb4e1599f64d6e45b130154?s=96&d=mm&r=g\",\"caption\":\"Pedro Henrique\"},\"url\":\"https:\/\/universofamilia.com\/hu\/author\/editor01\/\"}]}<\/script>\n<!-- \/ Yoast SEO plugin. -->","yoast_head_json":{"title":"Aplicaci\u00f3n para recuperar fotos borradas: no pierdas tus recuerdos importantes - Universo Fam\u00edlia","description":"Aplicaci\u00f3n para recuperar fotos borradas: no pierdas tus recuerdos importantes. \u00bfQui\u00e9n no ha borrado una foto importante por accidente?...","robots":{"index":"index","follow":"follow","max-snippet":"max-snippet:-1","max-image-preview":"max-image-preview:large","max-video-preview":"max-video-preview:-1"},"canonical":"http:\/\/universofamilia.com\/hu\/app-para-recuperar-fotos-borradas\/","og_locale":"hu_HU","og_type":"article","og_title":"Aplicaci\u00f3n para recuperar fotos borradas: no pierdas tus recuerdos importantes - Universo Fam\u00edlia","og_description":"Aplicaci\u00f3n para recuperar fotos borradas: no pierdas tus recuerdos importantes. \u00bfQui\u00e9n no ha borrado una foto importante por accidente?...","og_url":"http:\/\/universofamilia.com\/hu\/app-para-recuperar-fotos-borradas\/","og_site_name":"Universo Fam\u00edlia","article_published_time":"2025-02-19T18:17:54+00:00","article_modified_time":"2025-02-24T14:05:28+00:00","og_image":[{"width":1080,"height":1080,"url":"http:\/\/universofamilia.com\/wp-content\/uploads\/sites\/148\/2025\/01\/POST-PARA-APP-ARTIGO-7-3.jpg","type":"image\/jpeg"}],"author":"Pedro Henrique","twitter_card":"summary_large_image","twitter_misc":{"Written by":"Pedro Henrique","Est. reading time":"6 perc"},"schema":{"@context":"https:\/\/schema.org","@graph":[{"@type":"WebPage","@id":"http:\/\/universofamilia.com\/fr\/app-para-recuperar-fotos-borradas\/","url":"http:\/\/universofamilia.com\/fr\/app-para-recuperar-fotos-borradas\/","name":"Aplicaci\u00f3n para recuperar fotos borradas: no pierdas tus recuerdos importantes - Universo Fam\u00edlia","isPartOf":{"@id":"https:\/\/universofamilia.com\/el\/#website"},"primaryImageOfPage":{"@id":"http:\/\/universofamilia.com\/fr\/app-para-recuperar-fotos-borradas\/#primaryimage"},"image":{"@id":"http:\/\/universofamilia.com\/fr\/app-para-recuperar-fotos-borradas\/#primaryimage"},"thumbnailUrl":"https:\/\/universofamilia.com\/wp-content\/uploads\/sites\/148\/2025\/01\/POST-PARA-APP-ARTIGO-7-3.jpg","datePublished":"2025-02-19T18:17:54+00:00","dateModified":"2025-02-24T14:05:28+00:00","author":{"@id":"https:\/\/universofamilia.com\/el\/#\/schema\/person\/f07ce98187dd84d31154262e79b3b7ca"},"description":"Aplicaci\u00f3n para recuperar fotos borradas: no pierdas tus recuerdos importantes. \u00bfQui\u00e9n no ha borrado una foto importante por accidente?...","breadcrumb":{"@id":"http:\/\/universofamilia.com\/fr\/app-para-recuperar-fotos-borradas\/#breadcrumb"},"inLanguage":"hu","potentialAction":[{"@type":"ReadAction","target":["http:\/\/universofamilia.com\/fr\/app-para-recuperar-fotos-borradas\/"]}]},{"@type":"ImageObject","inLanguage":"hu","@id":"http:\/\/universofamilia.com\/fr\/app-para-recuperar-fotos-borradas\/#primaryimage","url":"https:\/\/universofamilia.com\/wp-content\/uploads\/sites\/148\/2025\/01\/POST-PARA-APP-ARTIGO-7-3.jpg","contentUrl":"https:\/\/universofamilia.com\/wp-content\/uploads\/sites\/148\/2025\/01\/POST-PARA-APP-ARTIGO-7-3.jpg","width":1080,"height":1080,"caption":"DiskDigger Recuperaci\u00f3n de Fotos"},{"@type":"BreadcrumbList","@id":"http:\/\/universofamilia.com\/fr\/app-para-recuperar-fotos-borradas\/#breadcrumb","itemListElement":[{"@type":"ListItem","position":1,"name":"Home","item":"https:\/\/universofamilia.com\/el\/"},{"@type":"ListItem","position":2,"name":"Aplicaci\u00f3n para recuperar fotos borradas: no pierdas tus recuerdos importantes"}]},{"@type":"WebSite","@id":"https:\/\/universofamilia.com\/el\/#website","url":"https:\/\/universofamilia.com\/el\/","name":"Universo Fam\u00edlia","description":"","potentialAction":[{"@type":"SearchAction","target":{"@type":"EntryPoint","urlTemplate":"https:\/\/universofamilia.com\/el\/?s={search_term_string}"},"query-input":"required name=search_term_string"}],"inLanguage":"hu"},{"@type":"Person","@id":"https:\/\/universofamilia.com\/el\/#\/schema\/person\/f07ce98187dd84d31154262e79b3b7ca","name":"Pedro Henrique","image":{"@type":"ImageObject","inLanguage":"hu","@id":"https:\/\/universofamilia.com\/el\/#\/schema\/person\/image\/","url":"https:\/\/secure.gravatar.com\/avatar\/9edfeb808cb4e1599f64d6e45b130154?s=96&d=mm&r=g","contentUrl":"https:\/\/secure.gravatar.com\/avatar\/9edfeb808cb4e1599f64d6e45b130154?s=96&d=mm&r=g","caption":"Pedro Henrique"},"url":"https:\/\/universofamilia.com\/hu\/author\/editor01\/"}]}},"_links":{"self":[{"href":"https:\/\/universofamilia.com\/hu\/wp-json\/wp\/v2\/posts\/8822"}],"collection":[{"href":"https:\/\/universofamilia.com\/hu\/wp-json\/wp\/v2\/posts"}],"about":[{"href":"https:\/\/universofamilia.com\/hu\/wp-json\/wp\/v2\/types\/post"}],"author":[{"embeddable":true,"href":"https:\/\/universofamilia.com\/hu\/wp-json\/wp\/v2\/users\/139"}],"replies":[{"embeddable":true,"href":"https:\/\/universofamilia.com\/hu\/wp-json\/wp\/v2\/comments?post=8822"}],"version-history":[{"count":2,"href":"https:\/\/universofamilia.com\/hu\/wp-json\/wp\/v2\/posts\/8822\/revisions"}],"predecessor-version":[{"id":8841,"href":"https:\/\/universofamilia.com\/hu\/wp-json\/wp\/v2\/posts\/8822\/revisions\/8841"}],"wp:featuredmedia":[{"embeddable":true,"href":"https:\/\/universofamilia.com\/hu\/wp-json\/wp\/v2\/media\/8528"}],"wp:attachment":[{"href":"https:\/\/universofamilia.com\/hu\/wp-json\/wp\/v2\/media?parent=8822"}],"wp:term":[{"taxonomy":"category","embeddable":true,"href":"https:\/\/universofamilia.com\/hu\/wp-json\/wp\/v2\/categories?post=8822"},{"taxonomy":"post_tag","embeddable":true,"href":"https:\/\/universofamilia.com\/hu\/wp-json\/wp\/v2\/tags?post=8822"}],"curies":[{"name":"wp","href":"https:\/\/api.w.org\/{rel}","templated":true}]}}