{"id":8828,"date":"2025-02-21T01:27:40","date_gmt":"2025-02-21T01:27:40","guid":{"rendered":"https:\/\/universofamilia.com\/?p=8828"},"modified":"2025-02-21T01:27:42","modified_gmt":"2025-02-21T01:27:42","slug":"como-hacer-un-examen-de-la-vista-con-aplicaciones","status":"publish","type":"post","link":"https:\/\/universofamilia.com\/hu\/como-hacer-un-examen-de-la-vista-con-aplicaciones\/","title":{"rendered":"Hogyan v\u00e9gezz\u00fcnk szemvizsg\u00e1latot alkalmaz\u00e1sokkal"},"content":{"rendered":"<p class=\"has-text-align-center\">V\u00e1lasszon az al\u00e1bbi lehet\u0151s\u00e9gek k\u00f6z\u00fcl, \u00e9s fedezze fel a legjobb m\u00f3dszert <strong>Teszteld a l\u00e1t\u00e1s\u00e1t otthon, gyorsan, egyszer\u0171en \u00e9s an\u00e9lk\u00fcl, hogy felkeln\u00e9l a kanap\u00e9r\u00f3l!<\/strong><\/p>\n\n\n\n<p><\/p>\n\n\n    <section class=\"mx-1 my-10\">\n                                                <a href=\"https:\/\/apps.apple.com\/uz\/app\/vision-tests-eyesight-care\/id6683313092\" class=\"text-white\" data-analytics-label=\"optionsButton\"\n                    data-action=\"analytics#trackCTA\">\n                    <div data-options-target=\"option\"\n                        class=\"custom-section rounded-xl border p-3 shadow-md w-full bg-green-700 my-3\">\n                        <div class=\"flex w-full items-center justify-between\">\n                            <div class=\"flex items-center space-x-3\">\n                                <div class=\"text-lg font-bold\">\n                                    \u2705 Teszteld a l\u00e1t\u00e1s\u00e1t most! \u279d\n                                <\/div>\n                            <\/div>\n                        <\/div>\n                    <\/div>\n                <\/a>\n                                                            <a href=\"https:\/\/universofamilia.com\/hu\/prueba-tu-vision-con-aplicaciones\/\" class=\"text-white\" data-analytics-label=\"optionsButton\"\n                    data-action=\"analytics#trackCTA\">\n                    <div data-options-target=\"option\"\n                        class=\"custom-section rounded-xl border p-3 shadow-md w-full bg-green-700 my-3\">\n                        <div class=\"flex w-full items-center justify-between\">\n                            <div class=\"flex items-center space-x-3\">\n                                <div class=\"text-lg font-bold\">\n                                    \ud83c\udd95 Fedezd fel a legjobb l\u00e1t\u00e1sjav\u00edt\u00f3 alkalmaz\u00e1sokat! \u279d\n                                <\/div>\n                            <\/div>\n                        <\/div>\n                    <\/div>\n                <\/a>\n                                                            <a href=\"https:\/\/www.messenger.com\/login.php?\" class=\"text-white\" data-analytics-label=\"optionsButton\"\n                    data-action=\"analytics#trackCTA\">\n                    <div data-options-target=\"option\"\n                        class=\"custom-section rounded-xl border p-3 shadow-md w-full bg-green-700 my-3\">\n                        <div class=\"flex w-full items-center justify-between\">\n                            <div class=\"flex items-center space-x-3\">\n                                <div class=\"text-lg font-bold\">\n                                    \ud83d\udcac Besz\u00e9ljen szakemberrel! \u279d\n                                <\/div>\n                            <\/div>\n                        <\/div>\n                    <\/div>\n                <\/a>\n                            <p class=\"text-xs text-gray-500 text-right\"\n            style=\"margin-left: 50%; margin-bottom: 50px; margin-top: 5px;\">\n            <!-- You will be redirected to another website -->\n        <\/p>\n    <\/section>\n\n\n\n\n<p>Meg\u00e1llt\u00e1l m\u00e1r valaha, hogy elgondolkodj a v\u00edzi\u00f3d fontoss\u00e1g\u00e1n?<\/p>\n\n\n\n<p>A legt\u00f6bb mindennapi tev\u00e9kenys\u00e9g\u00fcnk a szem\u00fcnkt\u0151l f\u00fcgg, \u00e9s nem mindig vessz\u00fck \u00e9szre, ha valami elkezd v\u00e1ltozni.<\/p>\n\n\n\n<p>A j\u00f3 h\u00edr az, hogy ma m\u00e1r l\u00e9teznek olyan alkalmaz\u00e1sok, amelyek seg\u00edtenek gyorsan \u00e9s k\u00e9nyelmesen ellen\u0151rizni a l\u00e1t\u00e1s\u00e1t.<\/p>\n\n\n\n<p>Ebben a cikkben megvizsg\u00e1ljuk, hogyan v\u00e9gezhet\u00fcnk szemvizsg\u00e1latot alkalmaz\u00e1sokkal, bemutatjuk a legjobb el\u00e9rhet\u0151 alkalmaz\u00e1sokat, \u00e9s tippeket adunk a szemed eg\u00e9szs\u00e9g\u00e9nek jobb meg\u0151rz\u00e9s\u00e9hez.<\/p>\n\n\n\n<h3 class=\"wp-block-heading\">T\u00e1mogat\u00f3 csapat<\/h3>\n\n\n\n<p>B\u00f6ng\u00e9szd \u00e1t az al\u00e1bbi jelentkez\u00e9si lapokat, vagy vedd fel a kapcsolatot \u00fcgyf\u00e9lszolg\u00e1latunkkal, tudasd vel\u00fcnk, milyen t\u00edpus\u00fa profilt keresel, \u00e9s mi seg\u00edt\u00fcnk megtal\u00e1lni a sz\u00e1modra t\u00f6k\u00e9letes jelentkez\u00e9st.<\/p>\n\n\n    <section class=\"mx-1 my-10\">\n                                                <a href=\"https:\/\/www.messenger.com\/login.php?\" class=\"text-white\" data-analytics-label=\"optionsButton\"\n                    data-action=\"analytics#trackCTA\">\n                    <div data-options-target=\"option\"\n                        class=\"custom-section rounded-xl border p-3 shadow-md w-full bg-green-700 my-3\">\n                        <div class=\"flex w-full items-center justify-between\">\n                            <div class=\"flex items-center space-x-3\">\n                                <div class=\"text-lg font-bold\">\n                                    Besz\u00e9lget\u00e9s ind\u00edt\u00e1sa \u279d\n                                <\/div>\n                            <\/div>\n                        <\/div>\n                    <\/div>\n                <\/a>\n                            <p class=\"text-xs text-gray-500 text-right\"\n            style=\"margin-left: 50%; margin-bottom: 50px; margin-top: 5px;\">\n            <!-- You will be redirected to another website -->\n        <\/p>\n    <\/section>\n\n\n\n\n<h2 class=\"wp-block-heading\">Hogyan seg\u00edthetik az alkalmaz\u00e1sok a szemed eg\u00e9szs\u00e9g\u00e9t?<\/h2>\n\n\n\n<p>A rohan\u00f3 mindennapok miatt nem mindig lehets\u00e9ges olyan gyakran id\u0151pontot egyeztetni az orvoshoz, amennyire kellene.<\/p>\n\n\n\n<p>Itt j\u00f6nnek k\u00e9pbe a l\u00e1t\u00e1svizsg\u00e1l\u00f3 alkalmaz\u00e1sok! Kiv\u00e1l\u00f3 sz\u00f6vets\u00e9gesek a l\u00e1t\u00e1sprobl\u00e9m\u00e1k, p\u00e9ld\u00e1ul a r\u00f6vidl\u00e1t\u00e1s, a t\u00e1voll\u00e1t\u00e1s \u00e9s az asztigmatizmus korai jeleinek azonos\u00edt\u00e1s\u00e1ban.<\/p>\n\n\n\n<p>B\u00e1r nem helyettes\u00edtik a szem\u00e9sz diagn\u00f3zis\u00e1t, ezek az alkalmaz\u00e1sok seg\u00edtenek a szem eg\u00e9szs\u00e9g\u00e9nek ellen\u0151rz\u00e9s\u00e9ben, \u00e9s seg\u00edtenek eld\u00f6nteni, hogy itt az ideje szakemberhez fordulni.<\/p>\n\n\n\n<p>R\u00e1ad\u00e1sul ezek az alkalmaz\u00e1sok praktikusak, k\u00f6nnyen haszn\u00e1lhat\u00f3ak \u00e9s b\u00e1rki sz\u00e1m\u00e1ra ide\u00e1lisak.<\/p>\n\n\n\n<p>Haszn\u00e1lhat\u00f3k gyermekei l\u00e1t\u00e1s\u00e1nak megfigyel\u00e9s\u00e9re, az id\u0151beli v\u00e1ltoz\u00e1sok nyomon k\u00f6vet\u00e9s\u00e9re, vagy egyszer\u0171en csak a saj\u00e1t l\u00e1t\u00e1sm\u00f3dj\u00e1val kapcsolatos k\u00edv\u00e1ncsis\u00e1g kiel\u00e9g\u00edt\u00e9s\u00e9re.<\/p>\n\n\n\n<h2 class=\"wp-block-heading\">A l\u00e1t\u00e1svizsg\u00e1latok f\u0151bb alkalmaz\u00e1sai<\/h2>\n\n\n\n<p>H\u00e1rom n\u00e9pszer\u0171 \u00e9s kiv\u00e1l\u00f3 \u00e9rt\u00e9kel\u00e9s\u0171 alkalmaz\u00e1st v\u00e1lasztottunk ki, amelyek nagyon hasznosak lehetnek a mindennapi \u00e9letben.<\/p>\n\n\n\n<p>Most r\u00e9szletes magyar\u00e1zatokkal, hogy jobban meg\u00e9rthesd, hogyan m\u0171k\u00f6dnek mindegyik, \u00e9s hogyan seg\u00edthetnek a l\u00e1t\u00e1sod meg\u0151rz\u00e9s\u00e9ben.<\/p>\n\n\n\n<h3 class=\"wp-block-heading\">1. L\u00e1t\u00e1svizsg\u00e1lat<\/h3>\n\n\n\n<p><strong>L\u00e1t\u00e1svizsg\u00e1lat<\/strong> Ez az egyik leg\u00e1tfog\u00f3bb alkalmaz\u00e1s a szem eg\u00e9szs\u00e9ge szempontj\u00e1b\u00f3l.<\/p>\n\n\n\n<p>Androidra el\u00e9rhet\u0151, \u00e9s sz\u00e1mos l\u00e1t\u00e1stesztet k\u00edn\u00e1l, amelyek seg\u00edtenek azonos\u00edtani a gyakori probl\u00e9m\u00e1kat, p\u00e9ld\u00e1ul a r\u00f6vidl\u00e1t\u00e1st, a t\u00e1voll\u00e1t\u00e1st \u00e9s a sz\u00ednvaks\u00e1got.<\/p>\n\n\n\n<p>Ami igaz\u00e1n kiemelkedik ebben az alkalmaz\u00e1sban, az a rendelkez\u00e9sre \u00e1ll\u00f3 vizsg\u00e1k sokf\u00e9les\u00e9ge, bele\u00e9rtve:<\/p>\n\n\n\n<ul>\n<li><strong>L\u00e1t\u00e1s\u00e9less\u00e9g-teszt:<\/strong> A klasszikus, orvosi rendel\u0151kben haszn\u00e1lt bet\u0171t\u00e1bl\u00e1zatot szimul\u00e1lja, lehet\u0151v\u00e9 t\u00e9ve a l\u00e1t\u00e1s\u00e9less\u00e9g felm\u00e9r\u00e9s\u00e9t.<\/li>\n\n\n\n<li><strong>Asztigmatizmus teszt:<\/strong> Seg\u00edt azonos\u00edtani azokat a v\u00e1ltoz\u00e1sokat, amelyek torz\u00edthatj\u00e1k a l\u00e1t\u00e1st.<\/li>\n\n\n\n<li><strong>Sz\u00edn\u00e9rz\u00e9kel\u00e9si teszt:<\/strong> T\u00f6k\u00e9letes a sz\u00ednvaks\u00e1g gyakorlati azonos\u00edt\u00e1s\u00e1ra.<\/li>\n\n\n\n<li><strong>F\u00e9ny\u00e9rz\u00e9kenys\u00e9g:<\/strong> \u00c9rt\u00e9kelje, hogy a szeme \u00e9rz\u00e9kenyebb-e a f\u00e9nyre, ami gyakori t\u00fcnet a k\u00fcl\u00f6nb\u00f6z\u0151 szembetegs\u00e9gekben.<\/li>\n<\/ul>\n\n\n\n<p>Tov\u00e1bbi el\u0151nye a felhaszn\u00e1l\u00f3bar\u00e1t \u00e9s intuit\u00edv kezel\u0151fel\u00fclet. M\u00e9g ha nincs tapasztalatod a technol\u00f3gi\u00e1ban, akkor is gond n\u00e9lk\u00fcl haszn\u00e1lhatod.<\/p>\n\n\n\n<p>Egyszer\u0171en k\u00f6vesd a k\u00e9perny\u0151n megjelen\u0151 utas\u00edt\u00e1sokat, gy\u0151z\u0151dj meg r\u00f3la, hogy j\u00f3l megvil\u00e1g\u00edtott k\u00f6rnyezetben vagy, \u00e9s sz\u00e1nj r\u00e1 id\u0151t a tesztek sor\u00e1n.<\/p>\n\n\n\n<p>Az eredm\u00e9nyek gyorsan megjelennek, \u00e9s seg\u00edthetnek eld\u00f6nteni, hogy szakemberhez kell-e fordulni.<\/p>\n\n\n\n    <div class=\"d-sm-block py-3 mx-auto px-3 mb-3\"\n        style=\"border-top: 1px solid rgb(204, 204, 204); border-bottom: 1px solid rgb(204, 204, 204);\">\n        <div class=\"text-center mb-4\">\n            <h6 class=\"pt-3 text-center text-gray-900 text-2xl title-font font-medium mb-12\">ALKALMAZ\u00c1S<\/h6>\n        <\/div>\n        <div class=\"row\">\n            <div class=\"col-lg-5 col-md-5 col-sm-12 mb-4 mb-lg-0\">\n                <img decoding=\"async\" alt=\"k\u00e1rtya\" style=\"height: 190px; object-fit: cover;\"\n                    class=\"w-100 h-100 object-cover object-center rounded border\" src=\"http:\/\/universofamilia.com\/wp-content\/uploads\/sites\/148\/2025\/02\/BLOCO-APP-ARTIGO-5.jpg\">\n            <\/div>\n            <div class=\"col-lg-7 col-md-7 col-sm-12 d-flex flex-column justify-content-between\">\n                <h3 class=\"text-gray-900 text-3xl title-font font-medium mb-1\">L\u00e1t\u00e1svizsg\u00e1lat<\/h3>\n\n                                    <div class=\"flex\">\n                                                    <span\n                                class=\"inline-block mx-2 py-1 mx-2 rounded text-xs font-medium tracking-widest text-uppercase mr-2 bg-green-50 text-green-700\">EG\u00c9SZS\u00c9GV\u00cdZI\u00d3<\/span>\n                                            <\/div>\n                                <div class=\"d-block text-justify py-3\">A Vision Test egy \u00e1tfog\u00f3 alkalmaz\u00e1s, amely lehet\u0151v\u00e9 teszi l\u00e1t\u00e1s\u00e9less\u00e9ged, asztigmatizmusod, sz\u00edn\u00e9rz\u00e9kel\u00e9sed \u00e9s f\u00e9ny\u00e9rz\u00e9kenys\u00e9ged felm\u00e9r\u00e9s\u00e9t otthonod k\u00e9nyelm\u00e9b\u0151l. Intuit\u00edv fel\u00fclet\u00e9nek k\u00f6sz\u00f6nhet\u0151en gyors eredm\u00e9nyeket k\u00edn\u00e1l, \u00edgy k\u00f6nnyed\u00e9n figyelemmel k\u00eds\u00e9rheted szemed eg\u00e9szs\u00e9g\u00e9t.<\/div>\n                <div class=\"mt-auto d-flex flex-column align-items-end\">\n                    <a class=\"d-inline-block text-center text-white border-0 py-2 px-8 text-lg focus:outline-none rounded bg-green-700 hover:bg-green-800 btn-block\"\n                        href=\"https:\/\/apps.apple.com\/uz\/app\/vision-tests-eyesight-care\/id6683313092\"                         data-analytics-label=\"landingPageFirstButton\" data-action=\"analytics#trackCTA\">\n                        Alkalmaz\u00e1s let\u00f6lt\u00e9se                    <\/a>\n                                            <div class=\"text-xs text-muted mt-3 d-block col-12 text-center\">\u00c1tir\u00e1ny\u00edtunk egy m\u00e1sik webhelyre<\/div>\n                                    <\/div>\n            <\/div>\n        <\/div>\n    <\/div>\n\n\n\n<h3 class=\"wp-block-heading\">2. Vula orvosi beutal\u00f3<\/h3>\n\n\n\n<p><strong>Vula orvosi beutal\u00f3<\/strong> Eredetileg az\u00e9rt fejlesztett\u00e9k ki, hogy seg\u00edtsen az eg\u00e9szs\u00e9g\u00fcgyi szakembereknek a betegek szakorvosokhoz ir\u00e1ny\u00edt\u00e1s\u00e1ban, de hasznos mindazok sz\u00e1m\u00e1ra is, akiket \u00e9rdekel a l\u00e1t\u00e1suk monitoroz\u00e1sa.<\/p>\n\n\n\n<p>Ez az alkalmaz\u00e1s alapvet\u0151 vizsg\u00e1latokat \u00e9s inform\u00e1ci\u00f3kat k\u00edn\u00e1l a szem eg\u00e9szs\u00e9g\u00e9r\u0151l, \u00edgy \u00e9rt\u00e9kes forr\u00e1s, k\u00fcl\u00f6n\u00f6sen azokban a r\u00e9gi\u00f3kban, ahol korl\u00e1tozott a hozz\u00e1f\u00e9r\u00e9s a speci\u00e1lis orvosi ell\u00e1t\u00e1shoz.<\/p>\n\n\n\n<p>F\u0151 funkci\u00f3i a k\u00f6vetkez\u0151k:<\/p>\n\n\n\n<ul>\n<li><strong>Alapvet\u0151 l\u00e1t\u00e1svizsg\u00e1latok:<\/strong> Lehet\u0151v\u00e9 teszi a gyors \u00e9rt\u00e9kel\u00e9st a lehets\u00e9ges vizu\u00e1lis zavarok azonos\u00edt\u00e1s\u00e1ra.<\/li>\n\n\n\n<li><strong>Eszk\u00f6z\u00f6k szakembereknek:<\/strong> Ha az eg\u00e9szs\u00e9g\u00fcgyben dolgozol, az alkalmaz\u00e1s seg\u00edts\u00e9g\u00e9vel k\u00f6zvetlen\u00fcl egy szakembernek k\u00fcldhetsz inform\u00e1ci\u00f3kat, felgyors\u00edtva a diagn\u00f3zist.<\/li>\n\n\n\n<li><strong>Hozz\u00e1f\u00e9r\u00e9s az oktat\u00e1si tartalmakhoz:<\/strong> Tudjon meg t\u00f6bbet a szemvizsg\u00e1latok menet\u00e9r\u0151l \u00e9s a teend\u0151kr\u0151l szem\u00e9szeti v\u00e9szhelyzetek eset\u00e9n.<\/li>\n<\/ul>\n\n\n\n<p>B\u00e1r professzion\u00e1lis haszn\u00e1latra k\u00e9sz\u00fclt, <strong>Vula orvosi beutal\u00f3<\/strong> El\u00e9g intuit\u00edv ahhoz, hogy b\u00e1rmely felhaszn\u00e1l\u00f3 profit\u00e1ljon bel\u0151le.<\/p>\n\n\n\n<p>Ha egy praktikus, megb\u00edzhat\u00f3 inform\u00e1ci\u00f3kat tartalmaz\u00f3 alkalmaz\u00e1st keresel, akkor ez lehet a megfelel\u0151 sz\u00e1modra.<\/p>\n\n\n\n<p><\/p>\n\n\n\n    <div class=\"d-sm-block py-3 mx-auto px-3 mb-3\"\n        style=\"border-top: 1px solid rgb(204, 204, 204); border-bottom: 1px solid rgb(204, 204, 204);\">\n        <div class=\"text-center mb-4\">\n            <h6 class=\"pt-3 text-center text-gray-900 text-2xl title-font font-medium mb-12\">ALKALMAZ\u00c1S<\/h6>\n        <\/div>\n        <div class=\"row\">\n            <div class=\"col-lg-5 col-md-5 col-sm-12 mb-4 mb-lg-0\">\n                <img decoding=\"async\" alt=\"k\u00e1rtya\" style=\"height: 190px; object-fit: cover;\"\n                    class=\"w-100 h-100 object-cover object-center rounded border\" src=\"http:\/\/universofamilia.com\/wp-content\/uploads\/sites\/148\/2025\/02\/BLOCO-APP-ARTIGO-6.jpg\">\n            <\/div>\n            <div class=\"col-lg-7 col-md-7 col-sm-12 d-flex flex-column justify-content-between\">\n                <h3 class=\"text-gray-900 text-3xl title-font font-medium mb-1\">Vula orvosi beutal\u00f3<\/h3>\n\n                                    <div class=\"flex\">\n                                                    <span\n                                class=\"inline-block mx-2 py-1 mx-2 rounded text-xs font-medium tracking-widest text-uppercase mr-2 bg-green-50 text-green-700\">EG\u00c9SZS\u00c9GV\u00cdZI\u00d3<\/span>\n                                            <\/div>\n                                <div class=\"d-block text-justify py-3\">A Vula Medical Referral c\u00e9lja, hogy seg\u00edtsen az eg\u00e9szs\u00e9g\u00fcgyi szakembereknek a betegek szakorvoshoz utal\u00e1s\u00e1ban, de alapvet\u0151 l\u00e1t\u00e1svizsg\u00e1lathoz is k\u00edn\u00e1l eszk\u00f6z\u00f6ket. Ide\u00e1lis azok sz\u00e1m\u00e1ra, akik megb\u00edzhat\u00f3 inform\u00e1ci\u00f3kat \u00e9s gyors eredm\u00e9nyeket keresnek a l\u00e1t\u00e1sukkal kapcsolatban.<\/div>\n                <div class=\"mt-auto d-flex flex-column align-items-end\">\n                    <a class=\"d-inline-block text-center text-white border-0 py-2 px-8 text-lg focus:outline-none rounded bg-green-700 hover:bg-green-800 btn-block\"\n                        href=\"https:\/\/apps.apple.com\/za\/app\/vula-medical-referral\/id898174360\"                         data-analytics-label=\"landingPageFirstButton\" data-action=\"analytics#trackCTA\">\n                        Alkalmaz\u00e1s let\u00f6lt\u00e9se                    <\/a>\n                                            <div class=\"text-xs text-muted mt-3 d-block col-12 text-center\">\u00c1tir\u00e1ny\u00edtunk egy m\u00e1sik webhelyre<\/div>\n                                    <\/div>\n            <\/div>\n        <\/div>\n    <\/div>\n\n\n\n<h3 class=\"wp-block-heading\">3. PDCheck AR<\/h3>\n\n\n\n<p><strong>PDCheck AR<\/strong> Ez egy innovat\u00edv alkalmaz\u00e1s, amely kiterjesztett val\u00f3s\u00e1g technol\u00f3gi\u00e1t haszn\u00e1l a pupillat\u00e1vols\u00e1g (PD) m\u00e9r\u00e9s\u00e9re, ami alapvet\u0151 inform\u00e1ci\u00f3 azok sz\u00e1m\u00e1ra, akik dioptri\u00e1s szem\u00fcveget vagy napszem\u00fcveget szeretn\u00e9nek v\u00e1s\u00e1rolni.<\/p>\n\n\n\n<p>A megfelel\u0151 PD (fizikai \u00e9rz\u00e9kenys\u00e9g) elengedhetetlen a vizu\u00e1lis k\u00e9nyelem \u00e9s a lencsehat\u00e9konys\u00e1g biztos\u00edt\u00e1s\u00e1hoz.<\/p>\n\n\n\n<p>A m\u00e9r\u00e9si folyamat egyszer\u0171: az alkalmaz\u00e1s az okostelefonod kamer\u00e1j\u00e1t haszn\u00e1lja a szemed helyzet\u00e9nek r\u00f6gz\u00edt\u00e9s\u00e9hez, l\u00e9p\u00e9sr\u0151l l\u00e9p\u00e9sre vezetve t\u00e9ged.<\/p>\n\n\n\n<p>N\u00e9h\u00e1ny perc alatt pontos eredm\u00e9nyt kapsz, amelyet felhaszn\u00e1lhatsz \u00faj szem\u00fcveg v\u00e1s\u00e1rl\u00e1sakor, mind a fizikai \u00fczletekben, mind online.<\/p>\n\n\n\n<p>A PD-m\u00e9r\u00e9s mellett az alkalmaz\u00e1s tippeket is k\u00edn\u00e1l az eredm\u00e9nyek felhaszn\u00e1l\u00e1s\u00e1hoz a szem\u00fcveg jobb illeszked\u00e9s\u00e9hez, valamint \u00fatmutat\u00e1st azoknak, akik m\u00e9g soha nem v\u00e9geztett\u00e9k el ezt a m\u00e9r\u00e9st.<\/p>\n\n\n\n<p>Modern \u00e9s interakt\u00edv fel\u00fclete sz\u00f3rakoztat\u00f3v\u00e1 \u00e9s tanuls\u00e1goss\u00e1 teszi a j\u00e1t\u00e9kot.<\/p>\n\n\n\n    <div class=\"d-sm-block py-3 mx-auto px-3 mb-3\"\n        style=\"border-top: 1px solid rgb(204, 204, 204); border-bottom: 1px solid rgb(204, 204, 204);\">\n        <div class=\"text-center mb-4\">\n            <h6 class=\"pt-3 text-center text-gray-900 text-2xl title-font font-medium mb-12\">ALKALMAZ\u00c1S<\/h6>\n        <\/div>\n        <div class=\"row\">\n            <div class=\"col-lg-5 col-md-5 col-sm-12 mb-4 mb-lg-0\">\n                <img decoding=\"async\" alt=\"k\u00e1rtya\" style=\"height: 190px; object-fit: cover;\"\n                    class=\"w-100 h-100 object-cover object-center rounded border\" src=\"http:\/\/universofamilia.com\/wp-content\/uploads\/sites\/148\/2025\/02\/BLOCO-APP-ARTIGO-7.jpg\">\n            <\/div>\n            <div class=\"col-lg-7 col-md-7 col-sm-12 d-flex flex-column justify-content-between\">\n                <h3 class=\"text-gray-900 text-3xl title-font font-medium mb-1\">PDCheck AR<\/h3>\n\n                                    <div class=\"flex\">\n                                                    <span\n                                class=\"inline-block mx-2 py-1 mx-2 rounded text-xs font-medium tracking-widest text-uppercase mr-2 bg-green-50 text-green-700\">TECHNOL\u00d3GIAI V\u00cdZI\u00d3<\/span>\n                                            <\/div>\n                                <div class=\"d-block text-justify py-3\">A PDCheck AR kiterjesztett val\u00f3s\u00e1got haszn\u00e1l a pupillat\u00e1vols\u00e1g (PD) pontos m\u00e9r\u00e9s\u00e9re. T\u00f6k\u00e9letes azok sz\u00e1m\u00e1ra, akiknek pontos inform\u00e1ci\u00f3kra van sz\u00fcks\u00e9g\u00fck szem\u00fcveg v\u00e1s\u00e1rl\u00e1sakor, ez az alkalmaz\u00e1s interakt\u00edv \u00e9lm\u00e9nyt \u00e9s perceken bel\u00fcl pontos eredm\u00e9nyeket biztos\u00edt.<\/div>\n                <div class=\"mt-auto d-flex flex-column align-items-end\">\n                    <a class=\"d-inline-block text-center text-white border-0 py-2 px-8 text-lg focus:outline-none rounded bg-green-700 hover:bg-green-800 btn-block\"\n                        href=\"https:\/\/apps.apple.com\/us\/app\/pdcheck-ar\/id1563806777\"                         data-analytics-label=\"landingPageFirstButton\" data-action=\"analytics#trackCTA\">\n                        Alkalmaz\u00e1s let\u00f6lt\u00e9se                    <\/a>\n                                            <div class=\"text-xs text-muted mt-3 d-block col-12 text-center\">\u00c1tir\u00e1ny\u00edtunk egy m\u00e1sik webhelyre<\/div>\n                                    <\/div>\n            <\/div>\n        <\/div>\n    <\/div>\n\n\n\n<h2 class=\"wp-block-heading\">Egy\u00e9b alkalmaz\u00e1si lehet\u0151s\u00e9gek<\/h2>\n\n\n\n<p>A m\u00e1r eml\u00edtetteken k\u00edv\u00fcl \u00edme h\u00e1rom n\u00e9pszer\u0171 \u00e9s vil\u00e1gszerte magasra \u00e9rt\u00e9kelt l\u00e1t\u00e1svizsg\u00e1lati lehet\u0151s\u00e9g.<\/p>\n\n\n\n<h3 class=\"wp-block-heading\">4. EyeQue L\u00e1t\u00e1sellen\u0151rz\u00e9s<\/h3>\n\n\n\n<p><strong>EyeQue VisionCheck<\/strong> egy alkalmaz\u00e1st egy fizikai eszk\u00f6zzel kombin\u00e1l, amely csatlakozik az okostelefonodhoz, lehet\u0151v\u00e9 t\u00e9ve a nagy pontoss\u00e1g\u00fa vizu\u00e1lis tesztel\u00e9st.<\/p>\n\n\n\n<p>Ez az eszk\u00f6z m\u00e9ri a l\u00e1t\u00e1s\u00e9less\u00e9get, \u00e9s r\u00e9szletes adatokat szolg\u00e1ltat, amelyek seg\u00edts\u00e9g\u00e9vel egyedi szem\u00fcveget k\u00e9sz\u00edthet. K\u00fcl\u00f6n\u00f6sen hasznos azok sz\u00e1m\u00e1ra, akik gyakran szeretn\u00e9k ellen\u0151rizni a l\u00e1t\u00e1s\u00e1t an\u00e9lk\u00fcl, hogy elhagyn\u00e1k otthonukat.<\/p>\n\n\n\n<h3 class=\"wp-block-heading\">5. Betekint\u00e9si \u00e9less\u00e9g<\/h3>\n\n\n\n<p>Kifejlesztve a vizu\u00e1lis vizsg\u00e1latokhoz val\u00f3 hozz\u00e1f\u00e9r\u00e9s megk\u00f6nny\u00edt\u00e9s\u00e9re korl\u00e1tozott orvosi er\u0151forr\u00e1sokkal rendelkez\u0151 ter\u00fcleteken, <strong>Betekint\u00e9si \u00e9less\u00e9g<\/strong> Mind az eg\u00e9szs\u00e9g\u00fcgyi szakemberek, mind a nagyk\u00f6z\u00f6ns\u00e9g haszn\u00e1lja.<\/p>\n\n\n\n<p>A klasszikus Snellen-tesztet haszn\u00e1lja (k\u00fcl\u00f6nb\u00f6z\u0151 m\u00e9ret\u0171 bet\u0171kkel), \u00e9s lehet\u0151v\u00e9 teszi, hogy k\u00f6nnyen azonos\u00edtsa a szem\u00e9szeti konzult\u00e1ci\u00f3 sz\u00fcks\u00e9gess\u00e9g\u00e9t.<\/p>\n\n\n\n<h3 class=\"wp-block-heading\">6. Szem\u00e9szeti k\u00e9zik\u00f6nyv<\/h3>\n\n\n\n<p><strong>Szem k\u00e9zik\u00f6nyv<\/strong> Ez egy teljes k\u00f6r\u0171 alkalmaz\u00e1s, amely az eg\u00e9szs\u00e9g\u00fcgyi szakemberek sz\u00e1m\u00e1ra k\u00e9sz\u00fclt, de a nagyk\u00f6z\u00f6ns\u00e9g sz\u00e1m\u00e1ra is hasznos.<\/p>\n\n\n\n<p>L\u00e1t\u00e1svizsg\u00e1latokat, informat\u00edv grafik\u00e1kat \u00e9s k\u00fcl\u00f6nf\u00e9le szembetegs\u00e9gekr\u0151l sz\u00f3l\u00f3 inform\u00e1ci\u00f3kat k\u00edn\u00e1l. Ide\u00e1lis azok sz\u00e1m\u00e1ra, akik m\u00e9lyebben szeretn\u00e9nek elmer\u00fclni a szem eg\u00e9szs\u00e9g\u00e9nek meg\u0151rz\u00e9s\u00e9ben.<\/p>\n\n\n\n<h2 class=\"wp-block-heading\">Tippek a l\u00e1t\u00e1s meg\u0151rz\u00e9s\u00e9hez<\/h2>\n\n\n\n<p>Az alkalmaz\u00e1sok haszn\u00e1lata mellett a napi apr\u00f3 szok\u00e1sok bevezet\u00e9se is nagy v\u00e1ltoz\u00e1st hozhat a szemed eg\u00e9szs\u00e9g\u00e9ben:<\/p>\n\n\n\n<ul>\n<li><strong>Tartson sz\u00fcnetet a k\u00e9perny\u0151k haszn\u00e1lat\u00e1ban:<\/strong> 20 percenk\u00e9nt n\u00e9zz valamire 20 m\u00e9terre legal\u00e1bb 20 m\u00e1sodpercig.<\/li>\n\n\n\n<li><strong>Viseljen napszem\u00fcveget:<\/strong> V\u00e9dd a szemed az UV-sugarakt\u00f3l, amelyek sz\u00fcrkeh\u00e1lyogot \u00e9s makuladegener\u00e1ci\u00f3t okozhatnak.<\/li>\n\n\n\n<li><strong>Ker\u00fclje a szem d\u00f6rzs\u00f6l\u00e9s\u00e9t:<\/strong> Ez irrit\u00e1ci\u00f3t \u00e9s fert\u0151z\u00e9st okozhat.<\/li>\n\n\n\n<li><strong>Fogyasszon A-vitaminban gazdag \u00e9teleket:<\/strong> A s\u00e1rgar\u00e9pa, a t\u00f6k \u00e9s a spen\u00f3t seg\u00edt fenntartani az eg\u00e9szs\u00e9ges l\u00e1t\u00e1st.<\/li>\n<\/ul>\n\n\n\n<h2 class=\"wp-block-heading\">K\u00f6vetkeztet\u00e9s<\/h2>\n\n\n\n<p>A k\u00e9zn\u00e9l l\u00e9v\u0151 technol\u00f3gia megk\u00f6nny\u00edti a l\u00e1t\u00e1sod meg\u0151rz\u00e9s\u00e9t.<\/p>\n\n\n\n<p>Alkalmaz\u00e1sok, mint p\u00e9ld\u00e1ul <strong>L\u00e1t\u00e1svizsg\u00e1lat<\/strong>, <strong>Vula orvosi beutal\u00f3<\/strong>, <strong>PDCheck AR<\/strong> \u00e9s m\u00e1s, a piacon kaphat\u00f3 term\u00e9kek praktikus eszk\u00f6z\u00f6k a szeme eg\u00e9szs\u00e9g\u00e9nek figyelemmel k\u00eds\u00e9r\u00e9s\u00e9re \u00e9s a lehets\u00e9ges probl\u00e9m\u00e1k id\u0151ben t\u00f6rt\u00e9n\u0151 felismer\u00e9s\u00e9re.<\/p>\n\n\n\n<p>De ne feledd: ezek a vizsg\u00e1latok csak t\u00e1j\u00e9koztat\u00f3 jelleg\u0171ek. Ha b\u00e1rmilyen v\u00e1ltoz\u00e1st vagy kellemetlens\u00e9get \u00e9szlelsz, fordulj szem\u00e9szhez.<\/p>","protected":false},"excerpt":{"rendered":"<p>\u00a1Elige una de las opciones a continuaci\u00f3n y descubre la mejor manera de probar tu visi\u00f3n en casa, de forma r\u00e1pida, f\u00e1cil y sin moverte del sof\u00e1! \u00bfAlguna vez te has detenido a pensar en la importancia de tu visi\u00f3n? La mayor\u00eda de las actividades que realizamos a diario dependen de nuestros ojos, y no [&hellip;]<\/p>","protected":false},"author":139,"featured_media":8829,"comment_status":"closed","ping_status":"open","sticky":false,"template":"","format":"standard","meta":{"footnotes":""},"categories":[2],"tags":[1919,1916,1917,1918,1915],"yoast_head":"<!-- This site is optimized with the Yoast SEO plugin v23.3 - https:\/\/yoast.com\/wordpress\/plugins\/seo\/ -->\n<title>C\u00f3mo hacer un examen de la vista con aplicaciones - Universo Fam\u00edlia<\/title>\n<meta name=\"description\" content=\"C\u00f3mo hacer un examen de la vista con aplicaciones. \u00a1Elige una de las opciones a continuaci\u00f3n y descubre la mejor manera...\" \/>\n<meta name=\"robots\" content=\"index, follow, max-snippet:-1, max-image-preview:large, max-video-preview:-1\" \/>\n<link rel=\"canonical\" href=\"https:\/\/universofamilia.com\/hu\/como-hacer-un-examen-de-la-vista-con-aplicaciones\/\" \/>\n<meta property=\"og:locale\" content=\"hu_HU\" \/>\n<meta property=\"og:type\" content=\"article\" \/>\n<meta property=\"og:title\" content=\"C\u00f3mo hacer un examen de la vista con aplicaciones - Universo Fam\u00edlia\" \/>\n<meta property=\"og:description\" content=\"C\u00f3mo hacer un examen de la vista con aplicaciones. \u00a1Elige una de las opciones a continuaci\u00f3n y descubre la mejor manera...\" \/>\n<meta property=\"og:url\" content=\"https:\/\/universofamilia.com\/hu\/como-hacer-un-examen-de-la-vista-con-aplicaciones\/\" \/>\n<meta property=\"og:site_name\" content=\"Universo Fam\u00edlia\" \/>\n<meta property=\"article:published_time\" content=\"2025-02-21T01:27:40+00:00\" \/>\n<meta property=\"article:modified_time\" content=\"2025-02-21T01:27:42+00:00\" \/>\n<meta property=\"og:image\" content=\"https:\/\/universofamilia.com\/wp-content\/uploads\/sites\/148\/2025\/02\/BLOCO-APP-ARTIGO-5.jpg\" \/>\n\t<meta property=\"og:image:width\" content=\"1080\" \/>\n\t<meta property=\"og:image:height\" content=\"1080\" \/>\n\t<meta property=\"og:image:type\" content=\"image\/jpeg\" \/>\n<meta name=\"author\" content=\"Pedro Henrique\" \/>\n<meta name=\"twitter:card\" content=\"summary_large_image\" \/>\n<meta name=\"twitter:label1\" content=\"Written by\" \/>\n\t<meta name=\"twitter:data1\" content=\"Pedro Henrique\" \/>\n\t<meta name=\"twitter:label2\" content=\"Est. reading time\" \/>\n\t<meta name=\"twitter:data2\" content=\"7 perc\" \/>\n<script type=\"application\/ld+json\" class=\"yoast-schema-graph\">{\"@context\":\"https:\/\/schema.org\",\"@graph\":[{\"@type\":\"WebPage\",\"@id\":\"https:\/\/universofamilia.com\/pl\/como-hacer-un-examen-de-la-vista-con-aplicaciones\/\",\"url\":\"https:\/\/universofamilia.com\/pl\/como-hacer-un-examen-de-la-vista-con-aplicaciones\/\",\"name\":\"C\u00f3mo hacer un examen de la vista con aplicaciones - Universo Fam\u00edlia\",\"isPartOf\":{\"@id\":\"https:\/\/universofamilia.com\/el\/#website\"},\"primaryImageOfPage\":{\"@id\":\"https:\/\/universofamilia.com\/pl\/como-hacer-un-examen-de-la-vista-con-aplicaciones\/#primaryimage\"},\"image\":{\"@id\":\"https:\/\/universofamilia.com\/pl\/como-hacer-un-examen-de-la-vista-con-aplicaciones\/#primaryimage\"},\"thumbnailUrl\":\"https:\/\/universofamilia.com\/wp-content\/uploads\/sites\/148\/2025\/02\/BLOCO-APP-ARTIGO-5.jpg\",\"datePublished\":\"2025-02-21T01:27:40+00:00\",\"dateModified\":\"2025-02-21T01:27:42+00:00\",\"author\":{\"@id\":\"https:\/\/universofamilia.com\/el\/#\/schema\/person\/f07ce98187dd84d31154262e79b3b7ca\"},\"description\":\"C\u00f3mo hacer un examen de la vista con aplicaciones. \u00a1Elige una de las opciones a continuaci\u00f3n y descubre la mejor manera...\",\"breadcrumb\":{\"@id\":\"https:\/\/universofamilia.com\/pl\/como-hacer-un-examen-de-la-vista-con-aplicaciones\/#breadcrumb\"},\"inLanguage\":\"hu\",\"potentialAction\":[{\"@type\":\"ReadAction\",\"target\":[\"https:\/\/universofamilia.com\/pl\/como-hacer-un-examen-de-la-vista-con-aplicaciones\/\"]}]},{\"@type\":\"ImageObject\",\"inLanguage\":\"hu\",\"@id\":\"https:\/\/universofamilia.com\/pl\/como-hacer-un-examen-de-la-vista-con-aplicaciones\/#primaryimage\",\"url\":\"https:\/\/universofamilia.com\/wp-content\/uploads\/sites\/148\/2025\/02\/BLOCO-APP-ARTIGO-5.jpg\",\"contentUrl\":\"https:\/\/universofamilia.com\/wp-content\/uploads\/sites\/148\/2025\/02\/BLOCO-APP-ARTIGO-5.jpg\",\"width\":1080,\"height\":1080,\"caption\":\"C\u00f3mo hacer un examen de la vista con aplicaciones\"},{\"@type\":\"BreadcrumbList\",\"@id\":\"https:\/\/universofamilia.com\/pl\/como-hacer-un-examen-de-la-vista-con-aplicaciones\/#breadcrumb\",\"itemListElement\":[{\"@type\":\"ListItem\",\"position\":1,\"name\":\"Home\",\"item\":\"https:\/\/universofamilia.com\/el\/\"},{\"@type\":\"ListItem\",\"position\":2,\"name\":\"C\u00f3mo hacer un examen de la vista con aplicaciones\"}]},{\"@type\":\"WebSite\",\"@id\":\"https:\/\/universofamilia.com\/el\/#website\",\"url\":\"https:\/\/universofamilia.com\/el\/\",\"name\":\"Universo Fam\u00edlia\",\"description\":\"\",\"potentialAction\":[{\"@type\":\"SearchAction\",\"target\":{\"@type\":\"EntryPoint\",\"urlTemplate\":\"https:\/\/universofamilia.com\/el\/?s={search_term_string}\"},\"query-input\":\"required name=search_term_string\"}],\"inLanguage\":\"hu\"},{\"@type\":\"Person\",\"@id\":\"https:\/\/universofamilia.com\/el\/#\/schema\/person\/f07ce98187dd84d31154262e79b3b7ca\",\"name\":\"Pedro Henrique\",\"image\":{\"@type\":\"ImageObject\",\"inLanguage\":\"hu\",\"@id\":\"https:\/\/universofamilia.com\/el\/#\/schema\/person\/image\/\",\"url\":\"https:\/\/secure.gravatar.com\/avatar\/9edfeb808cb4e1599f64d6e45b130154?s=96&d=mm&r=g\",\"contentUrl\":\"https:\/\/secure.gravatar.com\/avatar\/9edfeb808cb4e1599f64d6e45b130154?s=96&d=mm&r=g\",\"caption\":\"Pedro Henrique\"},\"url\":\"https:\/\/universofamilia.com\/hu\/author\/editor01\/\"}]}<\/script>\n<!-- \/ Yoast SEO plugin. -->","yoast_head_json":{"title":"C\u00f3mo hacer un examen de la vista con aplicaciones - Universo Fam\u00edlia","description":"C\u00f3mo hacer un examen de la vista con aplicaciones. \u00a1Elige una de las opciones a continuaci\u00f3n y descubre la mejor manera...","robots":{"index":"index","follow":"follow","max-snippet":"max-snippet:-1","max-image-preview":"max-image-preview:large","max-video-preview":"max-video-preview:-1"},"canonical":"https:\/\/universofamilia.com\/hu\/como-hacer-un-examen-de-la-vista-con-aplicaciones\/","og_locale":"hu_HU","og_type":"article","og_title":"C\u00f3mo hacer un examen de la vista con aplicaciones - Universo Fam\u00edlia","og_description":"C\u00f3mo hacer un examen de la vista con aplicaciones. \u00a1Elige una de las opciones a continuaci\u00f3n y descubre la mejor manera...","og_url":"https:\/\/universofamilia.com\/hu\/como-hacer-un-examen-de-la-vista-con-aplicaciones\/","og_site_name":"Universo Fam\u00edlia","article_published_time":"2025-02-21T01:27:40+00:00","article_modified_time":"2025-02-21T01:27:42+00:00","og_image":[{"width":1080,"height":1080,"url":"https:\/\/universofamilia.com\/wp-content\/uploads\/sites\/148\/2025\/02\/BLOCO-APP-ARTIGO-5.jpg","type":"image\/jpeg"}],"author":"Pedro Henrique","twitter_card":"summary_large_image","twitter_misc":{"Written by":"Pedro Henrique","Est. reading time":"7 perc"},"schema":{"@context":"https:\/\/schema.org","@graph":[{"@type":"WebPage","@id":"https:\/\/universofamilia.com\/pl\/como-hacer-un-examen-de-la-vista-con-aplicaciones\/","url":"https:\/\/universofamilia.com\/pl\/como-hacer-un-examen-de-la-vista-con-aplicaciones\/","name":"C\u00f3mo hacer un examen de la vista con aplicaciones - Universo Fam\u00edlia","isPartOf":{"@id":"https:\/\/universofamilia.com\/el\/#website"},"primaryImageOfPage":{"@id":"https:\/\/universofamilia.com\/pl\/como-hacer-un-examen-de-la-vista-con-aplicaciones\/#primaryimage"},"image":{"@id":"https:\/\/universofamilia.com\/pl\/como-hacer-un-examen-de-la-vista-con-aplicaciones\/#primaryimage"},"thumbnailUrl":"https:\/\/universofamilia.com\/wp-content\/uploads\/sites\/148\/2025\/02\/BLOCO-APP-ARTIGO-5.jpg","datePublished":"2025-02-21T01:27:40+00:00","dateModified":"2025-02-21T01:27:42+00:00","author":{"@id":"https:\/\/universofamilia.com\/el\/#\/schema\/person\/f07ce98187dd84d31154262e79b3b7ca"},"description":"C\u00f3mo hacer un examen de la vista con aplicaciones. \u00a1Elige una de las opciones a continuaci\u00f3n y descubre la mejor manera...","breadcrumb":{"@id":"https:\/\/universofamilia.com\/pl\/como-hacer-un-examen-de-la-vista-con-aplicaciones\/#breadcrumb"},"inLanguage":"hu","potentialAction":[{"@type":"ReadAction","target":["https:\/\/universofamilia.com\/pl\/como-hacer-un-examen-de-la-vista-con-aplicaciones\/"]}]},{"@type":"ImageObject","inLanguage":"hu","@id":"https:\/\/universofamilia.com\/pl\/como-hacer-un-examen-de-la-vista-con-aplicaciones\/#primaryimage","url":"https:\/\/universofamilia.com\/wp-content\/uploads\/sites\/148\/2025\/02\/BLOCO-APP-ARTIGO-5.jpg","contentUrl":"https:\/\/universofamilia.com\/wp-content\/uploads\/sites\/148\/2025\/02\/BLOCO-APP-ARTIGO-5.jpg","width":1080,"height":1080,"caption":"C\u00f3mo hacer un examen de la vista con aplicaciones"},{"@type":"BreadcrumbList","@id":"https:\/\/universofamilia.com\/pl\/como-hacer-un-examen-de-la-vista-con-aplicaciones\/#breadcrumb","itemListElement":[{"@type":"ListItem","position":1,"name":"Home","item":"https:\/\/universofamilia.com\/el\/"},{"@type":"ListItem","position":2,"name":"C\u00f3mo hacer un examen de la vista con aplicaciones"}]},{"@type":"WebSite","@id":"https:\/\/universofamilia.com\/el\/#website","url":"https:\/\/universofamilia.com\/el\/","name":"Universo Fam\u00edlia","description":"","potentialAction":[{"@type":"SearchAction","target":{"@type":"EntryPoint","urlTemplate":"https:\/\/universofamilia.com\/el\/?s={search_term_string}"},"query-input":"required name=search_term_string"}],"inLanguage":"hu"},{"@type":"Person","@id":"https:\/\/universofamilia.com\/el\/#\/schema\/person\/f07ce98187dd84d31154262e79b3b7ca","name":"Pedro Henrique","image":{"@type":"ImageObject","inLanguage":"hu","@id":"https:\/\/universofamilia.com\/el\/#\/schema\/person\/image\/","url":"https:\/\/secure.gravatar.com\/avatar\/9edfeb808cb4e1599f64d6e45b130154?s=96&d=mm&r=g","contentUrl":"https:\/\/secure.gravatar.com\/avatar\/9edfeb808cb4e1599f64d6e45b130154?s=96&d=mm&r=g","caption":"Pedro Henrique"},"url":"https:\/\/universofamilia.com\/hu\/author\/editor01\/"}]}},"_links":{"self":[{"href":"https:\/\/universofamilia.com\/hu\/wp-json\/wp\/v2\/posts\/8828"}],"collection":[{"href":"https:\/\/universofamilia.com\/hu\/wp-json\/wp\/v2\/posts"}],"about":[{"href":"https:\/\/universofamilia.com\/hu\/wp-json\/wp\/v2\/types\/post"}],"author":[{"embeddable":true,"href":"https:\/\/universofamilia.com\/hu\/wp-json\/wp\/v2\/users\/139"}],"replies":[{"embeddable":true,"href":"https:\/\/universofamilia.com\/hu\/wp-json\/wp\/v2\/comments?post=8828"}],"version-history":[{"count":1,"href":"https:\/\/universofamilia.com\/hu\/wp-json\/wp\/v2\/posts\/8828\/revisions"}],"predecessor-version":[{"id":8833,"href":"https:\/\/universofamilia.com\/hu\/wp-json\/wp\/v2\/posts\/8828\/revisions\/8833"}],"wp:featuredmedia":[{"embeddable":true,"href":"https:\/\/universofamilia.com\/hu\/wp-json\/wp\/v2\/media\/8829"}],"wp:attachment":[{"href":"https:\/\/universofamilia.com\/hu\/wp-json\/wp\/v2\/media?parent=8828"}],"wp:term":[{"taxonomy":"category","embeddable":true,"href":"https:\/\/universofamilia.com\/hu\/wp-json\/wp\/v2\/categories?post=8828"},{"taxonomy":"post_tag","embeddable":true,"href":"https:\/\/universofamilia.com\/hu\/wp-json\/wp\/v2\/tags?post=8828"}],"curies":[{"name":"wp","href":"https:\/\/api.w.org\/{rel}","templated":true}]}}