{"id":8842,"date":"2025-02-24T18:12:39","date_gmt":"2025-02-24T18:12:39","guid":{"rendered":"https:\/\/universofamilia.com\/?p=8842"},"modified":"2025-02-24T18:12:41","modified_gmt":"2025-02-24T18:12:41","slug":"descubre-quien-visualiza-tu-perfil","status":"publish","type":"post","link":"https:\/\/universofamilia.com\/hu\/descubre-quien-visualiza-tu-perfil\/","title":{"rendered":"Tudja meg, kik tekintik meg a profilj\u00e1t a k\u00f6z\u00f6ss\u00e9gi h\u00e1l\u00f3zatokon"},"content":{"rendered":"<p class=\"has-text-align-center\">Elgondolkodt\u00e1l m\u00e1r azon, hogy val\u00f3j\u00e1ban ki n\u00e9zi meg a k\u00f6z\u00f6ss\u00e9gi m\u00e9dia profilodat?<\/p>\n\n\n\n    <div class=\"d-sm-block py-3 mx-auto px-3 mb-3\"\n        style=\"border-top: 1px solid rgb(204, 204, 204); border-bottom: 1px solid rgb(204, 204, 204);\">\n        <div class=\"text-center mb-4\">\n            <h6 class=\"pt-3 text-center text-gray-900 text-2xl title-font font-medium mb-12\">\ud83d\udcf2 T\u00f6ltsd le a legjobb alkalmaz\u00e1st \u00e9s pr\u00f3b\u00e1ld ki M\u00c9G MA! \ud83d\ude80\u2728<\/h6>\n        <\/div>\n        <div class=\"row\">\n            <div class=\"col-lg-5 col-md-5 col-sm-12 mb-4 mb-lg-0\">\n                <img decoding=\"async\" alt=\"k\u00e1rtya\" style=\"height: 190px; object-fit: cover;\"\n                    class=\"w-100 h-100 object-cover object-center rounded border\" src=\"http:\/\/universofamilia.com\/wp-content\/uploads\/sites\/148\/2025\/02\/BLOCO-APP-ARTIGO-3.jpg\">\n            <\/div>\n            <div class=\"col-lg-7 col-md-7 col-sm-12 d-flex flex-column justify-content-between\">\n                <h3 class=\"text-gray-900 text-3xl title-font font-medium mb-1\"><\/h3>\n\n                                <div class=\"d-block text-justify py-3\">Fejlett elemz\u00e9si funkci\u00f3inak k\u00f6sz\u00f6nhet\u0151en figyelemmel k\u00eds\u00e9rheted a k\u00f6vet\u0151idet, \u00e9szlelheted, hogy kik hagyt\u00e1k abba a k\u00f6vet\u00e9sedet, \u00e9s r\u00e9szletes jelent\u00e9seket kaphatsz a k\u00f6z\u00f6ss\u00e9gi m\u00e9dia aktivit\u00e1sodr\u00f3l. \ud83d\udcca\ud83d\udd25 Intuit\u00edv kezel\u0151fel\u00fclete \u00e9s prec\u00edz funkci\u00f3i ide\u00e1lis eszk\u00f6zz\u00e9 teszik azok sz\u00e1m\u00e1ra, akik szeretn\u00e9k k\u00e9zben tartani a profiljukat.<\/div>\n                <div class=\"mt-auto d-flex flex-column align-items-end\">\n                    <a class=\"d-inline-block text-center text-white border-0 py-2 px-8 text-lg focus:outline-none rounded bg-green-700 hover:bg-green-800 btn-block\"\n                        href=\"https:\/\/influxy.br.uptodown.com\/android\"                         data-analytics-label=\"landingPageFirstButton\" data-action=\"analytics#trackCTA\">\n                        Alkalmaz\u00e1s let\u00f6lt\u00e9se                    <\/a>\n                                            <div class=\"text-xs text-muted mt-3 d-block col-12 text-center\">\u00c1tir\u00e1ny\u00edtunk egy m\u00e1sik webhelyre<\/div>\n                                    <\/div>\n            <\/div>\n        <\/div>\n    <\/div>\n\n\n\n<h3 class=\"wp-block-heading\">T\u00e1mogat\u00f3 csapat<\/h3>\n\n\n\n<p>B\u00f6ng\u00e9szd \u00e1t az al\u00e1bbi jelentkez\u00e9si lapokat, vagy vedd fel a kapcsolatot \u00fcgyf\u00e9lszolg\u00e1latunkkal, tudasd vel\u00fcnk, milyen t\u00edpus\u00fa profilt keresel, \u00e9s mi seg\u00edt\u00fcnk megtal\u00e1lni a sz\u00e1modra t\u00f6k\u00e9letes jelentkez\u00e9st.<\/p>\n\n\n    <section class=\"mx-1 my-10\">\n                                                <a href=\"https:\/\/www.messenger.com\/login.php?\" class=\"text-white\" data-analytics-label=\"optionsButton\"\n                    data-action=\"analytics#trackCTA\">\n                    <div data-options-target=\"option\"\n                        class=\"custom-section rounded-xl border p-3 shadow-md w-full bg-green-700 my-3\">\n                        <div class=\"flex w-full items-center justify-between\">\n                            <div class=\"flex items-center space-x-3\">\n                                <div class=\"text-lg font-bold\">\n                                    Besz\u00e9lget\u00e9s ind\u00edt\u00e1sa \u279d\n                                <\/div>\n                            <\/div>\n                        <\/div>\n                    <\/div>\n                <\/a>\n                            <p class=\"text-xs text-gray-500 text-right\"\n            style=\"margin-left: 50%; margin-bottom: 50px; margin-top: 5px;\">\n            <!-- You will be redirected to another website -->\n        <\/p>\n    <\/section>\n\n\n\n\n<p>A k\u00edv\u00e1ncsis\u00e1g term\u00e9szetes, k\u00fcl\u00f6n\u00f6sen akkor, ha jobban meg akarjuk \u00e9rteni, hogyan l\u00e9pnek interakci\u00f3ba az emberek az online jelenl\u00e9t\u00fcnkkel.<\/p>\n\n\n\n<p>Ma arr\u00f3l fogunk besz\u00e9lni, hogyan lehet azonos\u00edtani ezeket a l\u00e1togat\u00e1sokat, \u00e9s megismerked\u00fcnk n\u00e9h\u00e1ny alkalmaz\u00e1ssal, amelyek seg\u00edtenek ebben a nyomon k\u00f6vet\u00e9sben, mint p\u00e9ld\u00e1ul a Reports Followers, az Influxo, a Who Visited My Profile?, a Profile Tracker \u00e9s a Social Spy.<\/p>\n\n\n\n<p>Mindent egyszer\u0171en \u00e9s \u00e9rthet\u0151en elmagyar\u00e1zunk, \u00edgy m\u00e9g egy 13 \u00e9ves is k\u00f6nnyen meg\u00e9rtheti.<\/p>\n\n\n\n<h2 class=\"wp-block-heading\">A profilod l\u00e1togat\u00f3inak leny\u0171g\u00f6z\u0151 ismerete<\/h2>\n\n\n\n<p>Teljesen norm\u00e1lis, ha egy kicsit k\u00edv\u00e1ncsiv\u00e1 tesz, amikor \u00e9szreveszed, hogy a profilod hirtelen sok l\u00e1togat\u00e1st kap. <strong>profil n\u00e9zet<\/strong> Ez az egyik leggyakoribb mutat\u00f3ja az \u00e9rdekl\u0151d\u00e9snek \u00e9s az elk\u00f6telez\u0151d\u00e9snek b\u00e1rmely ter\u00fcleten. <strong>k\u00f6z\u00f6ss\u00e9gi h\u00e1l\u00f3zat<\/strong>.<\/p>\n\n\n\n<p>Elgondolkodt\u00e1l m\u00e1r azon, hogy minden kattint\u00e1s m\u00f6g\u00f6tt \u00e1llhat egy bar\u00e1t, egy rajong\u00f3, vagy ak\u00e1r valaki, aki kapcsolatba szeretne l\u00e9pni veled? Minden digit\u00e1lis interakci\u00f3 online \u00e9let\u00fcnk elengedhetetlen r\u00e9sz\u00e9v\u00e9 v\u00e1lt.<\/p>\n\n\n\n<p>Amikor egy <strong>profilk\u00f6vet\u0151 alkalmaz\u00e1s<\/strong>, olyan eszk\u00f6z\u00f6kre utalunk, amelyek praktikus \u00e9s automatiz\u00e1lt m\u00f3don inform\u00e1ci\u00f3kat mutatnak nek\u00fcnk arr\u00f3l, hogy kik l\u00e1togatt\u00e1k meg a profilunkat.<\/p>\n\n\n\n<p>Ez b\u00e1rmit mag\u00e1ban foglalhat a k\u00f6vetkez\u0151kt\u0151l kezdve: <strong>l\u00e1togat\u00e1sk\u00f6vet\u00e9s<\/strong> konkr\u00e9tabb r\u00e9szletekre, p\u00e9ld\u00e1ul arra, hogy a szem\u00e9ly mennyi id\u0151t t\u00f6lt\u00f6tt a tartalom megtekint\u00e9s\u00e9vel.<\/p>\n\n\n\n<p>Ezek az adatok nagyon \u00e9rt\u00e9kesek ahhoz, hogy jobban meg\u00e9rtsd a k\u00f6z\u00f6ns\u00e9gedet \u00e9s fejleszd a szolg\u00e1ltat\u00e1saidat. <strong>k\u00f6vet\u0151elemz\u00e9s<\/strong>.<\/p>\n\n\n\n<h2 class=\"wp-block-heading\">Az alkalmaz\u00e1sok megismer\u00e9se: Jelent\u00e9sek, k\u00f6vet\u0151k, Influxo, Kik l\u00e1togatt\u00e1k meg a profilomat? \u00e9s egyebek<\/h2>\n\n\n\n<p>Most pedig n\u00e9zz\u00fck meg a legn\u00e9pszer\u0171bb alkalmaz\u00e1sokat, amelyek seg\u00edtenek a folyamatos karbantart\u00e1sban. <strong>profilmonitoroz\u00e1s<\/strong> csin\u00e1ld m\u00e1r meg <strong>l\u00e1togat\u00e1sk\u00f6vet\u00e9s<\/strong>:<\/p>\n\n\n\n<h3 class=\"wp-block-heading\">Jelent\u00e9sek K\u00f6vet\u0151k<\/h3>\n\n\n\n<p>A Jelent\u00e9sek K\u00f6vet\u0151i az egyik els\u0151 n\u00e9v, ami felmer\u00fcl, ha egy <strong>profilelemz\u0151 alkalmaz\u00e1s<\/strong>.<\/p>\n\n\n\n<p>Ezzel az eszk\u00f6zzel l\u00e1thatod, hogy kik l\u00e1togatt\u00e1k meg a profilodat, \u00e9s elemezheted a n\u00f6veked\u00e9sedet. <strong>k\u00f6vet\u0151k az Instagramon<\/strong>.<\/p>\n\n\n\n<p>Ez egy <strong>megfigyel\u0151 eszk\u00f6z<\/strong> amely \u00e9rt\u00e9kes adatokat szolg\u00e1ltat a tartalmaiddal val\u00f3 interakci\u00f3r\u00f3l, megk\u00f6nny\u00edtve a kapcsolataid kezel\u00e9s\u00e9t \u00e9s nyomon k\u00f6vet\u00e9s\u00e9t.<\/p>\n\n\n\n    <div class=\"d-sm-block py-3 mx-auto px-3 mb-3\"\n        style=\"border-top: 1px solid rgb(204, 204, 204); border-bottom: 1px solid rgb(204, 204, 204);\">\n        <div class=\"text-center mb-4\">\n            <h6 class=\"pt-3 text-center text-gray-900 text-2xl title-font font-medium mb-12\">ALKALMAZ\u00c1S<\/h6>\n        <\/div>\n        <div class=\"row\">\n            <div class=\"col-lg-5 col-md-5 col-sm-12 mb-4 mb-lg-0\">\n                <img decoding=\"async\" alt=\"k\u00e1rtya\" style=\"height: 190px; object-fit: cover;\"\n                    class=\"w-100 h-100 object-cover object-center rounded border\" src=\"http:\/\/universofamilia.com\/wp-content\/uploads\/sites\/148\/2025\/02\/BLOCO-APP-ARTIGO-1-1.jpg\">\n            <\/div>\n            <div class=\"col-lg-7 col-md-7 col-sm-12 d-flex flex-column justify-content-between\">\n                <h3 class=\"text-gray-900 text-3xl title-font font-medium mb-1\">Jelent\u00e9sek K\u00f6vet\u0151k<\/h3>\n\n                                    <div class=\"flex\">\n                                                    <span\n                                class=\"inline-block mx-2 py-1 mx-2 rounded text-xs font-medium tracking-widest text-uppercase mr-2 bg-green-50 text-green-700\">INSTAGRAM ELEMZ\u00c9S<\/span>\n                                            <\/div>\n                                <div class=\"d-block text-justify py-3\">Hivatalos alkalmaz\u00e1s Instagram-k\u00f6vet\u0151id figyel\u00e9s\u00e9re \u00e9s elemz\u00e9s\u00e9re, r\u00e9szletes jelent\u00e9seket k\u00edn\u00e1lva arr\u00f3l, hogy kik l\u00e1togatj\u00e1k a profilodat, \u00e9s milyen a k\u00f6z\u00f6ns\u00e9ged n\u00f6veked\u00e9se.<\/div>\n                <div class=\"mt-auto d-flex flex-column align-items-end\">\n                    <a class=\"d-inline-block text-center text-white border-0 py-2 px-8 text-lg focus:outline-none rounded bg-green-700 hover:bg-green-800 btn-block\"\n                        href=\"https:\/\/apps.apple.com\/br\/app\/reports-followers-instagram-ig\/id1481469888\"                         data-analytics-label=\"landingPageFirstButton\" data-action=\"analytics#trackCTA\">\n                        Alkalmaz\u00e1s let\u00f6lt\u00e9se                    <\/a>\n                                            <div class=\"text-xs text-muted mt-3 d-block col-12 text-center\">\u00c1tir\u00e1ny\u00edtunk egy m\u00e1sik webhelyre<\/div>\n                                    <\/div>\n            <\/div>\n        <\/div>\n    <\/div>\n\n\n\n<h3 class=\"wp-block-heading\">Influxo<\/h3>\n\n\n\n<p>Az Influxo egy m\u00e1sik nagyon keresett alkalmaz\u00e1s. Amellett, hogy lehet\u0151v\u00e9 teszi, hogy l\u00e1sd, kik l\u00e1togatt\u00e1k meg a profilodat, tov\u00e1bbi funkci\u00f3kat k\u00edn\u00e1l a k\u00f6vet\u0151k m\u00e9lyebb elemz\u00e9s\u00e9hez.<\/p>\n\n\n\n<p>Ez az alkalmaz\u00e1s k\u00fcl\u00f6n\u00f6sen hasznos azok sz\u00e1m\u00e1ra, akik akt\u00edvan haszn\u00e1lj\u00e1k <strong>Instagram Instagram-instagram<\/strong>, mivel val\u00f3s idej\u0171 adatokat jelen\u00edt meg a <strong>l\u00e1togat\u00e1sk\u00f6vet\u00e9s<\/strong>.<\/p>\n\n\n\n    <div class=\"d-sm-block py-3 mx-auto px-3 mb-3\"\n        style=\"border-top: 1px solid rgb(204, 204, 204); border-bottom: 1px solid rgb(204, 204, 204);\">\n        <div class=\"text-center mb-4\">\n            <h6 class=\"pt-3 text-center text-gray-900 text-2xl title-font font-medium mb-12\">ALKALMAZ\u00c1S<\/h6>\n        <\/div>\n        <div class=\"row\">\n            <div class=\"col-lg-5 col-md-5 col-sm-12 mb-4 mb-lg-0\">\n                <img decoding=\"async\" alt=\"k\u00e1rtya\" style=\"height: 190px; object-fit: cover;\"\n                    class=\"w-100 h-100 object-cover object-center rounded border\" src=\"http:\/\/universofamilia.com\/wp-content\/uploads\/sites\/148\/2025\/02\/POST-PARA-APP-ARTIGO-9.jpg\">\n            <\/div>\n            <div class=\"col-lg-7 col-md-7 col-sm-12 d-flex flex-column justify-content-between\">\n                <h3 class=\"text-gray-900 text-3xl title-font font-medium mb-1\">Influxo<\/h3>\n\n                                    <div class=\"flex\">\n                                                    <span\n                                class=\"inline-block mx-2 py-1 mx-2 rounded text-xs font-medium tracking-widest text-uppercase mr-2 bg-green-50 text-green-700\">INSTAGRAM L\u00c1TOGAT\u00d3K K\u00d6VET\u0150K<\/span>\n                                            <\/div>\n                                <div class=\"d-block text-justify py-3\">Tudni szeretn\u00e9d, hogy ki l\u00e1togatja az Instagram-profilod? Az Influxo elemzi az olyan interakci\u00f3kat, mint a l\u00e1jkok \u00e9s a hozz\u00e1sz\u00f3l\u00e1sok, hogy megmutassa, kik tekinthetik meg a bejegyz\u00e9seidet a leggyakrabban. T\u00f6ltsd le, \u00e9s tudd meg, kik k\u00f6vetnek t\u00e9ged az Instagramon.<\/div>\n                <div class=\"mt-auto d-flex flex-column align-items-end\">\n                    <a class=\"d-inline-block text-center text-white border-0 py-2 px-8 text-lg focus:outline-none rounded bg-green-700 hover:bg-green-800 btn-block\"\n                        href=\"https:\/\/influxy.br.uptodown.com\/android\"                         data-analytics-label=\"landingPageFirstButton\" data-action=\"analytics#trackCTA\">\n                        Alkalmaz\u00e1s let\u00f6lt\u00e9se                    <\/a>\n                                            <div class=\"text-xs text-muted mt-3 d-block col-12 text-center\">\u00c1tir\u00e1ny\u00edtunk egy m\u00e1sik webhelyre<\/div>\n                                    <\/div>\n            <\/div>\n        <\/div>\n    <\/div>\n\n\n\n<h3 class=\"wp-block-heading\">Ki l\u00e1togatta meg a profilomat?<\/h3>\n\n\n\n<p>A mindent el\u00e1rul\u00f3 n\u00e9vvel a \u201eKi l\u00e1togatta meg a profilomat?\u201d egy egyszer\u0171 \u00e9s letisztult alkalmaz\u00e1s. F\u0151 c\u00e9lja, hogy gyorsan \u00e9s pontosan t\u00e1j\u00e9koztasson arr\u00f3l, hogy kik l\u00e1togatt\u00e1k meg a profilodat.<\/p>\n\n\n\n<p>Ez <strong>profiln\u00e9zet alkalmaz\u00e1s<\/strong> Ide\u00e1lis azok sz\u00e1m\u00e1ra, akik az egyszer\u0171s\u00e9get keresik, felesleges zavar\u00f3 t\u00e9nyez\u0151k n\u00e9lk\u00fcl. Kiv\u00e1l\u00f3 v\u00e1laszt\u00e1s, ha meg szeretn\u00e9 tartani a <strong>online adatv\u00e9delem<\/strong> an\u00e9lk\u00fcl, hogy elvesz\u00edten\u00e9 az ir\u00e1ny\u00edt\u00e1st az adatai felett.<\/p>\n\n\n\n    <div class=\"d-sm-block py-3 mx-auto px-3 mb-3\"\n        style=\"border-top: 1px solid rgb(204, 204, 204); border-bottom: 1px solid rgb(204, 204, 204);\">\n        <div class=\"text-center mb-4\">\n            <h6 class=\"pt-3 text-center text-gray-900 text-2xl title-font font-medium mb-12\">ALKALMAZ\u00c1S<\/h6>\n        <\/div>\n        <div class=\"row\">\n            <div class=\"col-lg-5 col-md-5 col-sm-12 mb-4 mb-lg-0\">\n                <img decoding=\"async\" alt=\"k\u00e1rtya\" style=\"height: 190px; object-fit: cover;\"\n                    class=\"w-100 h-100 object-cover object-center rounded border\" src=\"http:\/\/universofamilia.com\/wp-content\/uploads\/sites\/148\/2025\/02\/POST-PARA-APP-ARTIGO-11.jpg\">\n            <\/div>\n            <div class=\"col-lg-7 col-md-7 col-sm-12 d-flex flex-column justify-content-between\">\n                <h3 class=\"text-gray-900 text-3xl title-font font-medium mb-1\">Ki l\u00e1togatta meg a profilomat?<\/h3>\n\n                                    <div class=\"flex\">\n                                                    <span\n                                class=\"inline-block mx-2 py-1 mx-2 rounded text-xs font-medium tracking-widest text-uppercase mr-2 bg-green-50 text-green-700\">K\u00d6Z\u00d6SS\u00c9GI H\u00c1L\u00d3ZATI PROFIL<\/span>\n                                            <\/div>\n                                <div class=\"d-block text-justify py-3\">Tudd meg, kik l\u00e1togatj\u00e1k a profilodat a \u201eKi l\u00e1togatta meg a profilomat\u201d funkci\u00f3val! Elemezd az interakci\u00f3kat \u00e9s a megtekint\u00e9seket, hogy list\u00e1t k\u00e9sz\u00edthess a potenci\u00e1lis l\u00e1togat\u00f3kr\u00f3l. K\u00f6nnyen haszn\u00e1lhat\u00f3 \u00e9s naprak\u00e9sz adatokkal.<\/div>\n                <div class=\"mt-auto d-flex flex-column align-items-end\">\n                    <a class=\"d-inline-block text-center text-white border-0 py-2 px-8 text-lg focus:outline-none rounded bg-green-700 hover:bg-green-800 btn-block\"\n                        href=\"https:\/\/loneman-labs-who-viewed-my-profile.br.uptodown.com\/android\"                         data-analytics-label=\"landingPageFirstButton\" data-action=\"analytics#trackCTA\">\n                        Alkalmaz\u00e1s let\u00f6lt\u00e9se                    <\/a>\n                                            <div class=\"text-xs text-muted mt-3 d-block col-12 text-center\">\u00c1tir\u00e1ny\u00edtunk egy m\u00e1sik webhelyre<\/div>\n                                    <\/div>\n            <\/div>\n        <\/div>\n    <\/div>\n\n\n\n<h3 class=\"wp-block-heading\">Profilk\u00f6vet\u0151<\/h3>\n\n\n\n<p>A profilk\u00f6vet\u0151 kiemelkedik azzal a k\u00e9pess\u00e9g\u00e9vel, hogy elk\u00fcldi neked <strong>l\u00e1togat\u00f3i \u00e9rtes\u00edt\u00e9sek<\/strong> minden alkalommal, amikor valaki hozz\u00e1f\u00e9r a profilodhoz.<\/p>\n\n\n\n<p>Ez a szolg\u00e1ltat\u00e1s lehet\u0151v\u00e9 teszi online tev\u00e9kenys\u00e9geinek r\u00e9szletes nyomon k\u00f6vet\u00e9s\u00e9t. Vele, <strong>profilmonitoroz\u00e1s<\/strong> dinamikusabb\u00e1 \u00e9s interakt\u00edvabb\u00e1 v\u00e1lik, lehet\u0151s\u00e9get adva arra, hogy v\u00e1laszolj vagy kapcsolatba l\u00e9pj azokkal, akik \u00e9rdekl\u0151d\u00e9st mutattak.<\/p>\n\n\n\n    <div class=\"d-sm-block py-3 mx-auto px-3 mb-3\"\n        style=\"border-top: 1px solid rgb(204, 204, 204); border-bottom: 1px solid rgb(204, 204, 204);\">\n        <div class=\"text-center mb-4\">\n            <h6 class=\"pt-3 text-center text-gray-900 text-2xl title-font font-medium mb-12\">ALKALMAZ\u00c1S<\/h6>\n        <\/div>\n        <div class=\"row\">\n            <div class=\"col-lg-5 col-md-5 col-sm-12 mb-4 mb-lg-0\">\n                <img decoding=\"async\" alt=\"k\u00e1rtya\" style=\"height: 190px; object-fit: cover;\"\n                    class=\"w-100 h-100 object-cover object-center rounded border\" src=\"http:\/\/universofamilia.com\/wp-content\/uploads\/sites\/148\/2025\/02\/POST-PARA-APP-ARTIGO-12.jpg\">\n            <\/div>\n            <div class=\"col-lg-7 col-md-7 col-sm-12 d-flex flex-column justify-content-between\">\n                <h3 class=\"text-gray-900 text-3xl title-font font-medium mb-1\">Profilk\u00f6vet\u0151<\/h3>\n\n                                    <div class=\"flex\">\n                                                    <span\n                                class=\"inline-block mx-2 py-1 mx-2 rounded text-xs font-medium tracking-widest text-uppercase mr-2 bg-green-50 text-green-700\">K\u00d6VET\u0150I MONITORING<\/span>\n                                            <\/div>\n                                <div class=\"d-block text-justify py-3\">Szeretn\u00e9d tudni, hogy kik k\u00f6vetik a k\u00f6z\u00f6ss\u00e9gi m\u00e9dia aktivit\u00e1sodat? A Profilk\u00f6vet\u0151vel r\u00e9szletes jelent\u00e9sekhez f\u00e9rhetsz hozz\u00e1 a l\u00e1togat\u00e1sokr\u00f3l \u00e9s a gyakori k\u00f6vet\u0151kr\u0151l. Tartsd k\u00e9zben az adatv\u00e9delmedet, \u00e9s tudj meg t\u00f6bbet a k\u00f6z\u00f6ns\u00e9gedr\u0151l.<\/div>\n                <div class=\"mt-auto d-flex flex-column align-items-end\">\n                    <a class=\"d-inline-block text-center text-white border-0 py-2 px-8 text-lg focus:outline-none rounded bg-green-700 hover:bg-green-800 btn-block\"\n                        href=\"https:\/\/profile-tracker.en.uptodown.com\/android\/download\"                         data-analytics-label=\"landingPageFirstButton\" data-action=\"analytics#trackCTA\">\n                        Alkalmaz\u00e1s let\u00f6lt\u00e9se                    <\/a>\n                                            <div class=\"text-xs text-muted mt-3 d-block col-12 text-center\">\u00c1tir\u00e1ny\u00edtunk egy m\u00e1sik webhelyre<\/div>\n                                    <\/div>\n            <\/div>\n        <\/div>\n    <\/div>\n\n\n\n<h3 class=\"wp-block-heading\">K\u00f6z\u00f6ss\u00e9gi k\u00e9m<\/h3>\n\n\n\n<p>V\u00e9g\u00fcl a Social Spy teljesebb k\u00e9pet ny\u00fajt a <strong>l\u00e1togat\u00e1sk\u00f6vet\u00e9s<\/strong> -ra utal.<\/p>\n\n\n\n<p>Nemcsak azt mutatja, hogy kik n\u00e9zik a profilodat, hanem adatokat is ny\u00fajt arr\u00f3l, hogy <strong>k\u00f6z\u00f6ss\u00e9gi m\u00e9dia elemz\u00e9sek<\/strong> \u00e9s lehet\u0151v\u00e9 teszi az \u00d6n alaposabb elemz\u00e9s\u00e9t <strong>k\u00f6vet\u0151k<\/strong>.<\/p>\n\n\n\n<p>Ez az alkalmaz\u00e1s r\u00f6viden egy ide\u00e1lis ir\u00e1ny\u00edt\u00f3k\u00f6zpont azok sz\u00e1m\u00e1ra, akik teljes k\u00e9pet szeretn\u00e9nek kapni a k\u00f6z\u00f6ns\u00e9g\u00fckr\u0151l, garant\u00e1lva a <strong>digit\u00e1lis biztons\u00e1g<\/strong> \u00e9s az interakci\u00f3k feletti abszol\u00fat kontroll.<\/p>\n\n\n\n    <div class=\"d-sm-block py-3 mx-auto px-3 mb-3\"\n        style=\"border-top: 1px solid rgb(204, 204, 204); border-bottom: 1px solid rgb(204, 204, 204);\">\n        <div class=\"text-center mb-4\">\n            <h6 class=\"pt-3 text-center text-gray-900 text-2xl title-font font-medium mb-12\">ALKALMAZ\u00c1S<\/h6>\n        <\/div>\n        <div class=\"row\">\n            <div class=\"col-lg-5 col-md-5 col-sm-12 mb-4 mb-lg-0\">\n                <img decoding=\"async\" alt=\"k\u00e1rtya\" style=\"height: 190px; object-fit: cover;\"\n                    class=\"w-100 h-100 object-cover object-center rounded border\" src=\"http:\/\/universofamilia.com\/wp-content\/uploads\/sites\/148\/2025\/02\/POST-PARA-APP-ARTIGO-13.jpg\">\n            <\/div>\n            <div class=\"col-lg-7 col-md-7 col-sm-12 d-flex flex-column justify-content-between\">\n                <h3 class=\"text-gray-900 text-3xl title-font font-medium mb-1\">K\u00f6z\u00f6ss\u00e9gi k\u00e9m<\/h3>\n\n                                    <div class=\"flex\">\n                                                    <span\n                                class=\"inline-block mx-2 py-1 mx-2 rounded text-xs font-medium tracking-widest text-uppercase mr-2 bg-green-50 text-green-700\">INTERAKT\u00cdVUMOK MONITOROZ\u00c1SA<\/span>\n                                            <\/div>\n                                <div class=\"d-block text-justify py-3\">A Social Spy seg\u00edt nyomon k\u00f6vetni, hogy kik figyelik a profilodat. R\u00e9szletes elemz\u00e9seket kaphatsz az interakci\u00f3kr\u00f3l, \u00e9s felfedezheted, hogy kik n\u00e9zik meg a bejegyz\u00e9seidet a leggyakrabban. Ne maradj le a k\u00f6z\u00f6ss\u00e9gi m\u00e9di\u00e1ban el\u00e9rt hat\u00e1sodr\u00f3l!<\/div>\n                <div class=\"mt-auto d-flex flex-column align-items-end\">\n                    <a class=\"d-inline-block text-center text-white border-0 py-2 px-8 text-lg focus:outline-none rounded bg-green-700 hover:bg-green-800 btn-block\"\n                        href=\"https:\/\/apps.apple.com\/br\/app\/social-spy\/id1107522062\"                         data-analytics-label=\"landingPageFirstButton\" data-action=\"analytics#trackCTA\">\n                        Alkalmaz\u00e1s let\u00f6lt\u00e9se                    <\/a>\n                                            <div class=\"text-xs text-muted mt-3 d-block col-12 text-center\">\u00c1tir\u00e1ny\u00edtunk egy m\u00e1sik webhelyre<\/div>\n                                    <\/div>\n            <\/div>\n        <\/div>\n    <\/div>\n\n\n\n<h2 class=\"wp-block-heading\">Mi\u00e9rt \u00e9rdemes profilk\u00f6vet\u0151 alkalmaz\u00e1st haszn\u00e1lni?<\/h2>\n\n\n\n<p>Lehet, hogy azt k\u00e9rdezed magadt\u00f3l: \u201eMi\u00e9rt lenne sz\u00fcks\u00e9gem egy\u2026?\u201d <strong>profilk\u00f6vet\u0151 alkalmaz\u00e1s<\/strong>?\u201d<\/p>\n\n\n\n<p>A v\u00e1lasz egyszer\u0171. Ezek az alkalmaz\u00e1sok nemcsak kiel\u00e9g\u00edtik a k\u00edv\u00e1ncsis\u00e1got, hanem seg\u00edtenek jobban meg\u00e9rteni a k\u00f6z\u00f6ns\u00e9g viselked\u00e9s\u00e9t is.<\/p>\n\n\n\n<p>Azonos\u00edt\u00e1ssal <strong>kik l\u00e1togatt\u00e1k meg a profilomat<\/strong>, tud:<\/p>\n\n\n\n<ul>\n<li><strong>Tartalomstrat\u00e9gia fejleszt\u00e9se:<\/strong> Ha tudod, hogy milyen t\u00edpus\u00fa bejegyz\u00e9sek vonzz\u00e1k a legt\u00f6bb megtekint\u00e9st, akkor olyan tartalmat hozhatsz l\u00e9tre, amely val\u00f3ban megragadja a k\u00f6z\u00f6ns\u00e9gedet.<\/li>\n\n\n\n<li><strong>N\u00f6velje a digit\u00e1lis biztons\u00e1got:<\/strong> A l\u00e1togat\u00e1sok monitoroz\u00e1s\u00e1val gyan\u00fas mint\u00e1kat azonos\u00edthat, \u00e9s megv\u00e9dheti mag\u00e1t. <strong>online adatv\u00e9delem<\/strong>.<\/li>\n\n\n\n<li><strong>Strat\u00e9giai egy\u00fcttm\u0171k\u00f6d\u00e9sek el\u0151mozd\u00edt\u00e1sa:<\/strong> A k\u00f6z\u00f6ns\u00e9ged meg\u00e9rt\u00e9se \u00e9s a k\u00f6vet\u0151id elemz\u00e9se egy\u00fcttm\u0171k\u00f6d\u00e9sek \u00e9s \u00fczleti lehet\u0151s\u00e9gek kapuit nyithatja meg.<\/li>\n<\/ul>\n\n\n\n<p>K\u00e9pzeld el, hogy posztolsz egy fot\u00f3t vagy vide\u00f3t, \u00e9s szinte azonnal \u00e9rtes\u00edt\u00e9st kapsz arr\u00f3l, hogy egy k\u00fcl\u00f6nleges szem\u00e9ly megl\u00e1togatta a profilodat.<\/p>\n\n\n\n<p>Az elismer\u00e9s \u00e9rz\u00e9se nagyon motiv\u00e1l\u00f3. R\u00e1ad\u00e1sul ezeknek az alkalmaz\u00e1soknak a haszn\u00e1lata seg\u00edt felismerni a fejl\u0151d\u00e9si lehet\u0151s\u00e9geket, \u00e9s tal\u00e1n egy alkalmi k\u00f6vet\u0151b\u0151l bar\u00e1tot vagy munkat\u00e1rsat is var\u00e1zsolni.<\/p>\n\n\n\n<h2 class=\"wp-block-heading\">Hogyan m\u0171k\u00f6dik a l\u00e1togat\u00e1sk\u00f6vet\u00e9s?<\/h2>\n\n\n\n<p>Mer\u00fclj\u00fcnk el egy kicsit m\u00e9lyebben a m\u00f6g\u00f6tte \u00e1ll\u00f3 mechanizmusban <strong>l\u00e1togat\u00e1sk\u00f6vet\u00e9s<\/strong>Ezek az alkalmaz\u00e1sok fejlett algoritmusokat haszn\u00e1lnak a l\u00e1togat\u00f3i adatok gy\u0171jt\u00e9s\u00e9re \u00e9s elemz\u00e9s\u00e9re.<\/p>\n\n\n\n<p>Minden alkalommal, amikor valaki megl\u00e1togatja a profilodat, r\u00f6gz\u00edt\u00e9sre ker\u00fclnek olyan inform\u00e1ci\u00f3k, mint a d\u00e1tum, az id\u0151pont, s\u0151t bizonyos esetekben a l\u00e1togat\u00e1s id\u0151tartama is.<\/p>\n\n\n\n<p>Mindezeket az inform\u00e1ci\u00f3kat grafikonokk\u00e1 \u00e9s jelent\u00e9sekk\u00e9 alak\u00edtjuk \u00e1t, amelyek seg\u00edtenek jobban meg\u00e9rteni a l\u00e1togat\u00e1sok folyamat\u00e1t.<\/p>\n\n\n\n<p>A folyamat els\u0151re bonyolultnak t\u0171nhet, de val\u00f3j\u00e1ban nagyon egyszer\u0171. El tudod k\u00e9pzelni, hogy <strong>profilelemz\u0151 alkalmaz\u00e1s<\/strong> mint egy digit\u00e1lis detekt\u00edv, aki nyomokat gy\u0171jt, hogy teljes k\u00e9pet alkothasson a k\u00f6z\u00f6ns\u00e9gedr\u0151l.<\/p>\n\n\n\n<p>Ez <strong>profilmonitoroz\u00e1s<\/strong> Fontos, hogy megalapozott d\u00f6nt\u00e9seket hozz arr\u00f3l, hogy mit posztolj, \u00e9s hogyan l\u00e9pj kapcsolatba a k\u00f6vet\u0151iddel.<\/p>\n\n\n\n<p>Ezenk\u00edv\u00fcl ezek k\u00f6z\u00fcl az alkalmaz\u00e1sok k\u00f6z\u00fcl sok lehet\u0151v\u00e9 teszi az \u00e9rtes\u00edt\u00e9sek testreszab\u00e1s\u00e1t, \u00edgy riaszt\u00e1st kaphat, amikor \u00faj esem\u00e9ny t\u00f6rt\u00e9nik. <strong>l\u00e1togat\u00e1sokr\u00f3l sz\u00f3l\u00f3 \u00e9rtes\u00edt\u00e9s<\/strong>.<\/p>\n\n\n\n<p>\u00cdgy val\u00f3s id\u0151ben nyomon k\u00f6vetheted, hogy kit \u00e9rdekel a tartalmad, \u00e9s gyorsan reag\u00e1lhatsz.<\/p>\n\n\n\n<h2 class=\"wp-block-heading\">A profilfigyel\u00e9s el\u0151nyeinek felt\u00e1r\u00e1sa<\/h2>\n\n\n\n<p>Olyan eszk\u00f6z\u00f6k haszn\u00e1lat\u00e1val, mint a Jelent\u00e9sek a k\u00f6vet\u0151kr\u0151l, az Influxo, a Ki l\u00e1togatta meg a profilomat?, a Profilk\u00f6vet\u0151 \u00e9s a K\u00f6z\u00f6ss\u00e9gi k\u00e9m, nemcsak inform\u00e1ci\u00f3kat kaphatsz a k\u00f6vetkez\u0151kr\u0151l: <strong>kik l\u00e1togatt\u00e1k meg a profilomat<\/strong>, de a saj\u00e1t fontos adataihoz is hozz\u00e1f\u00e9rhet <strong>k\u00f6vet\u0151elemz\u00e9s<\/strong>.<\/p>\n\n\n\n<p>Ezek az el\u0151ny\u00f6k az elk\u00f6telez\u0151d\u00e9s n\u00f6vel\u00e9s\u00e9t\u0151l a javul\u00e1sig terjednek. <strong>digit\u00e1lis biztons\u00e1g<\/strong>N\u00e9zz\u00fcnk meg n\u00e9h\u00e1nyat k\u00f6z\u00fcl\u00fck:<\/p>\n\n\n\n<h3 class=\"wp-block-heading\">Ismerd a k\u00f6z\u00f6ns\u00e9ged<\/h3>\n\n\n\n<p>Tud <strong>kik l\u00e1togatt\u00e1k meg a profilomat<\/strong> Seg\u00edt meg\u00e9rteni a k\u00f6z\u00f6ns\u00e9ged \u00e9rdekl\u0151d\u00e9si k\u00f6reit. Ezen inform\u00e1ci\u00f3k birtok\u00e1ban testre szabhatod a tartalmaidat, hogy jobban megfeleljenek k\u00f6vet\u0151id preferenci\u00e1inak, n\u00f6velve az elk\u00f6telez\u0151d\u00e9st.<\/p>\n\n\n\n<p>Ez a strat\u00e9gia a digit\u00e1lis jelenl\u00e9t optimaliz\u00e1l\u00e1sa mellett lehet\u0151v\u00e9 teszi, hogy nagyobb kontrollt gyakoroljon a szem\u00e9lyes adataihoz val\u00f3 hozz\u00e1f\u00e9r\u00e9s felett.<\/p>\n\n\n\n<h3 class=\"wp-block-heading\">Elk\u00f6telez\u0151d\u00e9s \u00e9s interakci\u00f3<\/h3>\n\n\n\n<p>Kap <strong>l\u00e1togat\u00f3i \u00e9rtes\u00edt\u00e9sek<\/strong> \u00e9s a l\u00e1togat\u00f3k r\u00e9szletes list\u00e1ja lehet\u0151s\u00e9get ad arra, hogy kapcsolatba l\u00e9pjen vel\u00fck.<\/p>\n\n\n\n<p>Ez az interakci\u00f3 kulcsfontoss\u00e1g\u00fa az elk\u00f6telez\u0151d\u00e9s n\u00f6vel\u00e9se \u00e9rdek\u00e9ben, mivel azt mutatja, hogy odafigyelsz azokra, akiket \u00e9rdekel a tartalmad.<\/p>\n\n\n\n<p>Ez egy hat\u00e9kony m\u00f3dja a kapcsolatok \u00e9p\u00edt\u00e9s\u00e9nek, \u00e9s bizonyos esetekben a k\u00f6vet\u0151k bar\u00e1tokk\u00e1 vagy partnerekk\u00e9 alak\u00edt\u00e1s\u00e1nak.<\/p>\n\n\n\n<h3 class=\"wp-block-heading\">Biztons\u00e1g \u00e9s ellen\u0151rz\u00e9s<\/h3>\n\n\n\n<p>Fenntart egy <strong>profilmonitoroz\u00e1s<\/strong> Az \u00e1lland\u00f3 megfigyel\u00e9s lehet\u0151v\u00e9 teszi a gyan\u00fas vagy tolakod\u00f3 viselked\u00e9s azonos\u00edt\u00e1s\u00e1t. Ha szokatlan l\u00e1togat\u00e1si mint\u00e1zatot \u00e9szlel, l\u00e9p\u00e9seket tehet a meger\u0151s\u00edt\u00e9se \u00e9rdek\u00e9ben. <strong>digit\u00e1lis biztons\u00e1g<\/strong>.<\/p>\n\n\n\n<p>Ez a megk\u00f6zel\u00edt\u00e9s elengedhetetlen az adatai integrit\u00e1s\u00e1nak v\u00e9delme \u00e9s annak biztos\u00edt\u00e1sa \u00e9rdek\u00e9ben, hogy az \u00d6n <strong>online adatv\u00e9delem<\/strong> \u00e9pek maradnak.<\/p>\n\n\n\n<h2 class=\"wp-block-heading\">Digit\u00e1lis adatv\u00e9delmi \u00e9s biztons\u00e1gi k\u00e9rd\u00e9sek<\/h2>\n\n\n\n<p>Az el\u0151ny\u00f6k ellen\u00e9re fontos tiszt\u00e1ban lenni n\u00e9h\u00e1ny, a term\u00e9kkel kapcsolatos szemponttal. <strong>online adatv\u00e9delem<\/strong> amikor egy <strong>profilk\u00f6vet\u0151 alkalmaz\u00e1s<\/strong>.<\/p>\n\n\n\n<p>Nem minden, a piacon kaphat\u00f3 eszk\u00f6z teljesen biztons\u00e1gos vagy megb\u00edzhat\u00f3, ez\u00e9rt az alkalmaz\u00e1s kiv\u00e1laszt\u00e1s\u00e1t nagy k\u00f6r\u00fcltekint\u00e9ssel kell elv\u00e9gezni.<\/p>\n\n\n\n<h3 class=\"wp-block-heading\">Hogyan biztos\u00edthatja adatainak v\u00e9delm\u00e9t<\/h3>\n\n\n\n<ul>\n<li><strong>Ellen\u0151rizze az enged\u00e9lyeket:<\/strong> A telep\u00edt\u00e9s el\u0151tt mindig ellen\u0151rizd, hogy az alkalmaz\u00e1s milyen enged\u00e9lyeket k\u00e9r. Gy\u0151z\u0151dj meg r\u00f3la, hogy nem ig\u00e9nyel hozz\u00e1f\u00e9r\u00e9st felesleges inform\u00e1ci\u00f3khoz.<\/li>\n\n\n\n<li><strong>V\u00e9lem\u00e9nyek ellen\u0151rz\u00e9se:<\/strong> Olvasd el m\u00e1s felhaszn\u00e1l\u00f3k hozz\u00e1sz\u00f3l\u00e1sait \u00e9s \u00e9rt\u00e9kel\u00e9seit a t\u00e9m\u00e1r\u00f3l <strong>profilmonitoroz\u00e1s<\/strong>Ez\u00e1ltal val\u00f3s k\u00e9pet kaphat az alkalmaz\u00e1s hat\u00e9konys\u00e1g\u00e1r\u00f3l \u00e9s biztons\u00e1g\u00e1r\u00f3l.<\/li>\n\n\n\n<li><strong>Tartsa naprak\u00e9szen szoftver\u00e9t:<\/strong> Az alkalmaz\u00e1s friss\u00edt\u00e9se elengedhetetlen az \u00faj fenyeget\u00e9sek \u00e9s sebezhet\u0151s\u00e9gek elleni v\u00e9delemhez.<\/li>\n<\/ul>\n\n\n\n<p>Ne feledd: a ti\u00e9d <strong>digit\u00e1lis biztons\u00e1g<\/strong> Ez nagyban f\u00fcgg a meghozott d\u00f6nt\u00e9sekt\u0151l.<\/p>\n\n\n\n<p>Telep\u00edt\u00e9skor <strong>profilelemz\u0151 alkalmaz\u00e1s<\/strong>\u00e9rdemesebb azokat v\u00e1lasztani, akik j\u00f3 h\u00edrn\u00e9vnek \u00f6rvendenek \u00e9s j\u00f3 szolg\u00e1ltat\u00e1st ny\u00fajtanak. <strong>l\u00e1togat\u00e1sk\u00f6vet\u00e9s<\/strong> \u00e1tl\u00e1that\u00f3 \u00e9s megb\u00edzhat\u00f3.<\/p>\n\n\n\n<h3 class=\"wp-block-heading\">A gy\u0171jt\u00f6tt adatok hat\u00e1sa<\/h3>\n\n\n\n<p>Az ezeken az alkalmaz\u00e1sokon kereszt\u00fcl gy\u0171jt\u00f6tt adatok sokat el\u00e1rulhatnak a profilodat l\u00e1togat\u00f3k viselked\u00e9s\u00e9r\u0151l.<\/p>\n\n\n\n<p>Ezekkel <strong>k\u00f6z\u00f6ss\u00e9gi m\u00e9dia elemz\u00e9sek<\/strong>, m\u00f3dos\u00edthatja publik\u00e1ci\u00f3s strat\u00e9gi\u00e1it \u00e9s jav\u00edthatja a <strong>k\u00f6vet\u0151elemz\u00e9s<\/strong>Azonban kulcsfontoss\u00e1g\u00fa, hogy ezeket az adatokat felel\u0151ss\u00e9gteljesen haszn\u00e1ljuk \u00e9s v\u00e9dj\u00fck.<\/p>\n\n\n\n<h2 class=\"wp-block-heading\">Hogyan v\u00e1laszd ki a sz\u00e1modra legmegfelel\u0151bb alkalmaz\u00e1st<\/h2>\n\n\n\n<p>A piacon el\u00e9rhet\u0151 rengeteg lehet\u0151s\u00e9g k\u00f6z\u00fcl v\u00e1laszthatja ki a legjobbat <strong>profilelemz\u0151 alkalmaz\u00e1s<\/strong> Bonyolult lehet.<\/p>\n\n\n\n<p>Minden eszk\u00f6znek megvannak a saj\u00e1t egyedi jellemz\u0151i, \u00e9s jobban illeszkedhet a k\u00fcl\u00f6nb\u00f6z\u0151 ig\u00e9nyekhez. \u00cdme n\u00e9h\u00e1ny szempont, amit \u00e9rdemes figyelembe venni:<\/p>\n\n\n\n<h3 class=\"wp-block-heading\">K\u00edn\u00e1lt funkci\u00f3k<\/h3>\n\n\n\n<p>Ellen\u0151rizd, hogy az alkalmaz\u00e1s rendelkezik-e minden sz\u00fcks\u00e9ges funkci\u00f3val, p\u00e9ld\u00e1ul <strong>l\u00e1togat\u00f3i \u00e9rtes\u00edt\u00e9sek<\/strong>, <strong>l\u00e1togat\u00e1sk\u00f6vet\u00e9s<\/strong> \u00e9s egy felhaszn\u00e1l\u00f3bar\u00e1t fel\u00fclet <strong>k\u00f6vet\u0151elemz\u00e9s<\/strong>.<\/p>\n\n\n\n<p>N\u00e9h\u00e1ny alkalmaz\u00e1s, mint p\u00e9ld\u00e1ul a Jelent\u00e9sek, K\u00f6vet\u0151k \u00e9s a Profilk\u00f6vet\u0151, pontosan gazdag funkcionalit\u00e1sukkal t\u0171nik ki.<\/p>\n\n\n\n<h3 class=\"wp-block-heading\">K\u00f6nny\u0171 haszn\u00e1lat<\/h3>\n\n\n\n<p>Ahhoz, hogy b\u00e1rki, m\u00e9g egy 13 \u00e9ves is, haszn\u00e1lni tudja az alkalmaz\u00e1st, fontos, hogy a fel\u00fclet intuit\u00edv \u00e9s k\u00f6nnyen navig\u00e1lhat\u00f3 legyen.<\/p>\n\n\n\n<p>A bonyolult eszk\u00f6z\u00f6k elriaszthatj\u00e1k a felhaszn\u00e1l\u00f3kat, k\u00fcl\u00f6n\u00f6sen a fiatalabbakat.<\/p>\n\n\n\n<h3 class=\"wp-block-heading\">H\u00edrn\u00e9v \u00e9s biztons\u00e1g<\/h3>\n\n\n\n<p>Mindig olyan alkalmaz\u00e1sokat v\u00e1lassz, amelyek j\u00f3 h\u00edrn\u00e9vnek \u00f6rvendenek a piacon. Keress m\u00e1s felhaszn\u00e1l\u00f3k v\u00e9lem\u00e9nyeit \u00e9s aj\u00e1nl\u00e1sait, \u00e9s ha lehets\u00e9ges, kutasd fel az alkalmaz\u00e1s m\u00f6g\u00f6tt \u00e1ll\u00f3 c\u00e9get.<\/p>\n\n\n\n<p>A biztons\u00e1g a legfontosabb, k\u00fcl\u00f6n\u00f6sen akkor, ha <strong>online adatv\u00e9delem<\/strong> \u00e9s <strong>digit\u00e1lis biztons\u00e1g<\/strong>.<\/p>\n\n\n\n<h2 class=\"wp-block-heading\">Val\u00f3di t\u00f6rt\u00e9netek: Kapcsolatfelv\u00e9tel a k\u00f6z\u00f6ns\u00e9ggel<\/h2>\n\n\n\n<p>Hadd mes\u00e9ljek el egy r\u00f6vid t\u00f6rt\u00e9netet, hogy bemutassam, hogyan <strong>l\u00e1togat\u00e1sk\u00f6vet\u00e9s<\/strong> Nagyon hasznos lehet. K\u00e9pzeld el, hogy sok m\u00e1s emberhez hasonl\u00f3an te is szeretsz fot\u00f3kat posztolni az Instagramra.<\/p>\n\n\n\n<p>Egy nap \u00e9szreveszed, hogy egy profil, amit mindig is csod\u00e1lt\u00e1l \u2013 tal\u00e1n egy influenszer\u00e9 vagy ak\u00e1r egy bar\u00e1tod\u00e9 \u2013 rendszeresen l\u00e1togatja a ti\u00e9det.<\/p>\n\n\n\n<p>Ez nemcsak k\u00fcl\u00f6nlegesnek \u00e9rzed magad t\u0151le, hanem arra is \u00f6szt\u00f6n\u00f6z, hogy elgondolkodj a megosztott tartalmaid t\u00edpus\u00e1n.<\/p>\n\n\n\n<p>Tal\u00e1n itt az ideje befektetni egy <strong>profilmonitoroz\u00e1s<\/strong> r\u00e9szletesebben, egy <strong>profilelemz\u0151 alkalmaz\u00e1s<\/strong> hogy jobban meg\u00e9rts\u00fck ezt a k\u00f6lcs\u00f6nhat\u00e1st.<\/p>\n\n\n\n<p>Ez a r\u00f6vid t\u00f6rt\u00e9net bemutatja, hogyan alak\u00edthatj\u00e1k \u00e1t az olyan eszk\u00f6z\u00f6k, mint az Influxo \u00e9s a Ki l\u00e1togatta meg a profilomat? a k\u00f6z\u00f6ss\u00e9gi h\u00e1l\u00f3zatokkal val\u00f3 interakci\u00f3dat.<\/p>\n\n\n\n<p>Amellett, hogy tudjuk <strong>kik l\u00e1togatt\u00e1k meg a profilomat<\/strong>, felfedezheti, mely kiadv\u00e1nyok keltik a legnagyobb \u00e9rdekl\u0151d\u00e9st, \u00e9s ez\u00e1ltal jav\u00edthatja a <strong>k\u00f6vet\u0151elemz\u00e9s<\/strong> hogy sz\u00e9lesebb k\u00f6z\u00f6ns\u00e9ghez jusson el.<\/p>\n\n\n\n<h2 class=\"wp-block-heading\">Gyakorlati tippek a profilk\u00f6vet\u0151 alkalmaz\u00e1sok haszn\u00e1lat\u00e1hoz<\/h2>\n\n\n\n<p>Most, hogy ismeri a legn\u00e9pszer\u0171bb alkalmaz\u00e1sokat, \u00edme n\u00e9h\u00e1ny gyakorlati tipp, hogy a legt\u00f6bbet hozhassa ki bel\u0151l\u00fck:<\/p>\n\n\n\n<h3 class=\"wp-block-heading\">\u00c9rtes\u00edt\u00e9sek konfigur\u00e1l\u00e1sa<\/h3>\n\n\n\n<p>Aktiv\u00e1lja a <strong>l\u00e1togat\u00f3i \u00e9rtes\u00edt\u00e9sek<\/strong> \u00edgy nem maradsz le semmilyen r\u00e9szletr\u0151l. \u00cdgy mindig tudni fogod, ha egy \u00e9rdekes szem\u00e9ly megl\u00e1togatja a profilodat. Ez az egyik legjobb gyakorlat a profilod naprak\u00e9szen tart\u00e1s\u00e1ra. <strong>profilmonitoroz\u00e1s<\/strong>.<\/p>\n\n\n\n<h3 class=\"wp-block-heading\">Rendszeresen elemezd az adatokat<\/h3>\n\n\n\n<p>Nem el\u00e9g puszt\u00e1n l\u00e1tni, hogy kik l\u00e1togatt\u00e1k meg a profilodat; elengedhetetlen ezeknek az adatoknak az elemz\u00e9se a viselked\u00e9si mint\u00e1k meg\u00e9rt\u00e9s\u00e9hez.<\/p>\n\n\n\n<p>Haszn\u00e1lja az olyan alkalmaz\u00e1sok \u00e1ltal k\u00edn\u00e1lt jelent\u00e9seket, mint a Social Spy vagy a Profile Tracker, hogy m\u00f3dos\u00edtsa tartalomstrat\u00e9gi\u00e1j\u00e1t \u00e9s jav\u00edtsa a <strong>k\u00f6vet\u0151elemz\u00e9s<\/strong>.<\/p>\n\n\n\n<h3 class=\"wp-block-heading\">Kombin\u00e1lt eszk\u00f6z\u00f6k<\/h3>\n\n\n\n<p>Minden <strong>megfigyel\u0151 eszk\u00f6z<\/strong> megvannak a maga saj\u00e1toss\u00e1gai. P\u00e9ld\u00e1ul haszn\u00e1lhatod a Jelent\u00e9sek k\u00f6vet\u0151i funkci\u00f3t a tev\u00e9kenys\u00e9geid r\u00e9szletes nyomon k\u00f6vet\u00e9s\u00e9hez. <strong>k\u00f6vet\u0151k az Instagramon<\/strong> \u00e9s Ki l\u00e1togatta meg a profilomat?<\/p>\n\n\n\n<p>gyorsan tudni <strong>kik l\u00e1togatt\u00e1k meg a profilomat<\/strong>Ez a kombin\u00e1ci\u00f3 teljesebb k\u00e9pet ad a <strong>l\u00e1togat\u00e1sk\u00f6vet\u00e9s<\/strong>.<\/p>\n\n\n\n<h2 class=\"wp-block-heading\">Strat\u00e9gi\u00e1k a profil megjelen\u00edt\u00e9s\u00e9nek jav\u00edt\u00e1s\u00e1ra<\/h2>\n\n\n\n<p>A l\u00e1togat\u00e1sok monitoroz\u00e1sa mellett elengedhetetlen olyan strat\u00e9gi\u00e1kba val\u00f3 befektet\u00e9s, amelyek n\u00f6velik a profilod megtekint\u00e9seinek sz\u00e1m\u00e1t.<\/p>\n\n\n\n<p>\u00cdme n\u00e9h\u00e1ny egyszer\u0171 \u00e9s praktikus javaslat:<\/p>\n\n\n\n<h3 class=\"wp-block-heading\">Relev\u00e1ns \u00e9s gyakori tartalmak k\u00f6zz\u00e9t\u00e9tele<\/h3>\n\n\n\n<p>A bejegyz\u00e9sek folyamatos \u00e1raml\u00e1s\u00e1nak fenntart\u00e1sa kritikus fontoss\u00e1g\u00fa. Ha n\u00f6velni szeretn\u00e9d a <strong>profil n\u00e9zet<\/strong>, \u00fcgyelj arra, hogy \u00e9rdekes tartalmakat ossz meg, amelyek felkeltik a k\u00f6z\u00f6ns\u00e9ged \u00e9rdekl\u0151d\u00e9s\u00e9t.<\/p>\n\n\n\n<p>Ez is kedvez a <strong>k\u00f6vet\u0151elemz\u00e9s<\/strong>, mivel a k\u00f6z\u00f6ss\u00e9gi m\u00e9dia algoritmusai jutalmazz\u00e1k az akt\u00edv profilokat.<\/p>\n\n\n\n<h3 class=\"wp-block-heading\">Kapcsolatba l\u00e9phetsz a k\u00f6vet\u0151iddel<\/h3>\n\n\n\n<p>A k\u00f6vet\u0151id hozz\u00e1sz\u00f3l\u00e1saira v\u00e1laszolni, l\u00e1jkolni \u00e9s megosztani a bejegyz\u00e9seidet hat\u00e9kony m\u00f3dja az elk\u00f6telez\u0151d\u00e9s n\u00f6vel\u00e9s\u00e9nek.<\/p>\n\n\n\n<p>Amikor interakci\u00f3ba l\u00e9ptek, a <strong>l\u00e1togat\u00e1sk\u00f6vet\u00e9s<\/strong> \u00e9rtelmesebb\u00e9 v\u00e1lik, ahogy az emberek jobban k\u00f6t\u0151dnek a profilodhoz.<\/p>\n\n\n\n<h3 class=\"wp-block-heading\">Haszn\u00e1lj hashtageket \u00e9s strat\u00e9giai kulcsszavakat<\/h3>\n\n\n\n<p>Kulcsszavak, mint p\u00e9ld\u00e1ul <strong>kik l\u00e1togatt\u00e1k meg a profilomat<\/strong>, <strong>profilelemz\u0151 alkalmaz\u00e1s<\/strong> \u00e9s <strong>k\u00f6vet\u0151k az Instagramon<\/strong> elengedhetetlenek a l\u00e1togat\u00f3k sz\u00e1m\u00e1nak n\u00f6vel\u00e9s\u00e9hez, \u00e9s ez\u00e1ltal a <strong>profil n\u00e9zet<\/strong>.<\/p>\n\n\n\n<p>Term\u00e9szetes m\u00f3don \u00e9p\u00edtsd be \u0151ket a bejegyz\u00e9seidbe \u00e9s le\u00edr\u00e1saidba az el\u00e9r\u00e9s n\u00f6vel\u00e9se \u00e9rdek\u00e9ben.<\/p>\n\n\n\n<h2 class=\"wp-block-heading\">A k\u00f6vet\u00e9s fontoss\u00e1ga a szem\u00e9lyes \u00e9s szakmai fejl\u0151d\u00e9s szempontj\u00e1b\u00f3l<\/h2>\n\n\n\n<p>Manaps\u00e1g a k\u00f6z\u00f6ss\u00e9gi m\u00e9dia nem csak egy hely a fot\u00f3k \u00e9s vide\u00f3k megoszt\u00e1s\u00e1ra; hat\u00e9kony eszk\u00f6zz\u00e9 v\u00e1lt a szem\u00e9lyes \u00e9s szakmai fejl\u0151d\u00e9shez.<\/p>\n\n\n\n<p>Pontos inform\u00e1ci\u00f3kkal rendelkezzen a <strong>profilmonitoroz\u00e1s<\/strong> Seg\u00edthet mind a digit\u00e1lis jelenl\u00e9t\u00fcket \u00e9p\u00edt\u0151 fiataloknak, mind az \u00faj lehet\u0151s\u00e9geket keres\u0151 szakembereknek.<\/p>\n\n\n\n<h3 class=\"wp-block-heading\">Szem\u00e9lyes m\u00e1rka fejleszt\u00e9se<\/h3>\n\n\n\n<p>Tud <strong>kik l\u00e1togatt\u00e1k meg a profilomat<\/strong> nagyszer\u0171 sz\u00f6vets\u00e9ges lehet a szem\u00e9lyes m\u00e1rka\u00e9p\u00edt\u00e9sben.<\/p>\n\n\n\n<p>Azzal, hogy azonos\u00edtod, mely bejegyz\u00e9st\u00edpusok gener\u00e1lj\u00e1k a legnagyobb \u00e9rdekl\u0151d\u00e9st, testre szabhatod a tartalmaidat, hogy kit\u0171njenek a t\u00f6megb\u0151l \u00e9s lehet\u0151s\u00e9geket vonzzanak, legyen sz\u00f3 egy\u00fcttm\u0171k\u00f6d\u00e9sekr\u0151l vagy esem\u00e9nymegh\u00edv\u00e1sokr\u00f3l.<\/p>\n\n\n\n<p>Ez a hangs\u00faly a <strong>k\u00f6vet\u0151elemz\u00e9s<\/strong> elengedhetetlen minden szem\u00e9lyes marketingstrat\u00e9gi\u00e1hoz.<\/p>\n\n\n\n<h3 class=\"wp-block-heading\">Adatvez\u00e9relt d\u00f6nt\u00e9sek meghozatala<\/h3>\n\n\n\n<p>Amikor egy <strong>profilk\u00f6vet\u0151 alkalmaz\u00e1s<\/strong> \u00e9s elemzed az adatokat, \u00e9rt\u00e9kes inform\u00e1ci\u00f3khoz jutsz, amelyek seg\u00edthetnek a d\u00f6nt\u00e9seidben.<\/p>\n\n\n\n<p>Ak\u00e1r a legjobb k\u00f6zz\u00e9t\u00e9teli id\u0151pont kiv\u00e1laszt\u00e1s\u00e1r\u00f3l, ak\u00e1r a legt\u00f6bb elk\u00f6telez\u0151d\u00e9st gener\u00e1l\u00f3 t\u00e9m\u00e1k meghat\u00e1roz\u00e1s\u00e1r\u00f3l van sz\u00f3, ezek <strong>k\u00f6z\u00f6ss\u00e9gi m\u00e9dia elemz\u00e9sek<\/strong> elengedhetetlenek a k\u00f6vetkezetes \u00e9s hat\u00e9kony eredm\u00e9nyek el\u00e9r\u00e9s\u00e9hez.<\/p>\n\n\n\n<h2 class=\"wp-block-heading\">Z\u00e1r\u00f3 megfontol\u00e1sok: A profilmonitoroz\u00e1s j\u00f6v\u0151je<\/h2>\n\n\n\n<p>A digit\u00e1lis univerzum folyamatosan fejl\u0151dik, \u00e9s a benne val\u00f3 interakci\u00f3ink m\u00f3dja is v\u00e1ltozik. <strong>k\u00f6z\u00f6ss\u00e9gi h\u00e1l\u00f3zatok<\/strong> napr\u00f3l napra v\u00e1ltozik.<\/p>\n\n\n\n<p>Ami ma egyszer\u0171 dolognak sz\u00e1m\u00edt <strong>l\u00e1togat\u00e1sk\u00f6vet\u00e9s<\/strong> a j\u00f6v\u0151ben egy m\u00e9g robusztusabb eszk\u00f6zz\u00e9 alak\u00edthat\u00f3 \u00e1t a <strong>k\u00f6vet\u0151elemz\u00e9s<\/strong> \u00e9s szem\u00e9lyre szabott strat\u00e9gi\u00e1k kidolgoz\u00e1sa.<\/p>\n\n\n\n<h3 class=\"wp-block-heading\">Az alkalmaz\u00e1sok fejl\u0151d\u00e9se<\/h3>\n\n\n\n<p>Az olyan alkalmaz\u00e1sok, mint a Jelent\u00e9sek a k\u00f6vet\u0151kr\u0151l, az Influxo, a Ki l\u00e1togatta meg a profilomat?, a Profilk\u00f6vet\u0151 \u00e9s a K\u00f6z\u00f6ss\u00e9gi k\u00e9m, m\u00e1r bizony\u00edtj\u00e1k az eszk\u00f6z\u00f6kben rejl\u0151 lehet\u0151s\u00e9geket. <strong>profilmonitoroz\u00e1s<\/strong>.<\/p>\n\n\n\n<p>De a technol\u00f3gia nem \u00e1ll meg. Minden friss\u00edt\u00e9s \u00faj funkci\u00f3kat hoz, \u00e9s a <strong>k\u00f6z\u00f6ss\u00e9gi m\u00e9dia elemz\u00e9sek<\/strong> egyre pontosabb\u00e1 v\u00e1lnak.<\/p>\n\n\n\n<p>Ez a fejl\u0151d\u00e9s kulcsfontoss\u00e1g\u00fa azok sz\u00e1m\u00e1ra, akik \u00e9rt\u00e9kelik a <strong>digit\u00e1lis biztons\u00e1g<\/strong> \u00e9s a <strong>online adatv\u00e9delem<\/strong>, mivel a fejleszt\u00e9sek biztos\u00edtj\u00e1k az adataid v\u00e9delm\u00e9t, mik\u00f6zben a legt\u00f6bbet hozhatod ki a <strong>profil n\u00e9zet<\/strong>.<\/p>\n\n\n\n<h3 class=\"wp-block-heading\">Naprak\u00e9szen tart\u00e1s<\/h3>\n\n\n\n<p>A digit\u00e1lis vil\u00e1g dinamikus, \u00e9s a legjobb gyakorlatok a k\u00f6vetkez\u0151kre vonatkoznak: <strong>k\u00f6vet\u0151elemz\u00e9s<\/strong> \u00e9s a <strong>profilmonitoroz\u00e1s<\/strong> folyamatosan v\u00e1ltoznak.<\/p>\n\n\n\n<p>Ez\u00e9rt fontos, hogy t\u00e1j\u00e9kozott maradj, \u00faj alkalmaz\u00e1sokkal k\u00eds\u00e9rletezz, \u00e9s ismerd meg a trendeket \u00e9s az innov\u00e1ci\u00f3kat.<\/p>\n\n\n\n<p>Ne feledd, hogy a tud\u00e1s a kulcs ahhoz, hogy kihaszn\u00e1ld a technol\u00f3gia \u00e1ltal k\u00edn\u00e1lt \u00f6sszes el\u0151nyt.<\/p>\n\n\n\n<h2 class=\"wp-block-heading\">Konkl\u00fazi\u00f3: Utaz\u00e1sod a digit\u00e1lis vil\u00e1gban<\/h2>\n\n\n\n<p>V\u00e9g\u00fcl fontos \u00e1tgondolni, hogy hogyan <strong>profilk\u00f6vet\u0151 alkalmaz\u00e1s<\/strong> hat\u00e9kony eszk\u00f6zz\u00e9 v\u00e1lhat sz\u00e1modra.<\/p>\n\n\n\n<p>Nem csak arr\u00f3l van sz\u00f3, hogy tudjuk <strong>kik l\u00e1togatt\u00e1k meg a profilomat<\/strong>, hanem az emberek viselked\u00e9s\u00e9nek meg\u00e9rt\u00e9s\u00e9hez, a k\u00f6z\u00f6ss\u00e9gi h\u00e1l\u00f3zatokon val\u00f3 jelenl\u00e9t optimaliz\u00e1l\u00e1s\u00e1hoz \u00e9s term\u00e9szetesen a <strong>digit\u00e1lis biztons\u00e1g<\/strong>.<\/p>\n\n\n\n<p>Az alkalmaz\u00e1sok mindegyike \u2013 legyen sz\u00f3 a Jelent\u00e9sek, K\u00f6vet\u0151k, Influxo, Ki l\u00e1togatta meg a profilomat?, Profilk\u00f6vet\u0151 vagy K\u00f6z\u00f6ss\u00e9gi k\u00e9m \u2013 egyedi m\u00f3dot k\u00edn\u00e1l a k\u00f6z\u00f6ss\u00e9gi m\u00e9dia vil\u00e1g\u00e1nak felfedez\u00e9s\u00e9re. <strong>k\u00f6vet\u0151elemz\u00e9s<\/strong> \u00e9s a <strong>profilmonitoroz\u00e1s<\/strong>.<\/p>\n\n\n\n<p>Ha ezeket az eszk\u00f6z\u00f6ket be\u00e9p\u00edted a rutinodba, sz\u00e9lesk\u00f6r\u0171 \u00e9s r\u00e9szletes k\u00e9pet kapsz a\u2026 <strong>profil n\u00e9zet<\/strong>.<\/p>\n\n\n\n<p>Ez a gyakorlat lehet az els\u0151 l\u00e9p\u00e9s afel\u00e9, hogy egy hobbib\u00f3l val\u00f3di digit\u00e1lis strat\u00e9gi\u00e1t v\u00e1ljon, legyen sz\u00f3 ak\u00e1r a bar\u00e1tokkal val\u00f3 jobb kapcsolattart\u00e1sr\u00f3l, ak\u00e1r egy stabil online karrier fel\u00e9p\u00edt\u00e9s\u00e9r\u0151l.<\/p>\n\n\n\n<h2 class=\"wp-block-heading\">Az el\u0151ny\u00f6k \u00e9s kih\u00edv\u00e1sok \u00f6sszefoglal\u00e1sa<\/h2>\n\n\n\n<p>Ebben a cikkben a felismer\u00e9s \u00e9s meg\u00e9rt\u00e9s k\u00fcl\u00f6nb\u00f6z\u0151 aspektusait t\u00e1rgyaltuk <strong>kik l\u00e1togatt\u00e1k meg a profilomat<\/strong> speci\u00e1lis alkalmaz\u00e1sokon kereszt\u00fcl.<\/p>\n\n\n\n<p>\u00d6sszefoglaljuk az eszk\u00f6z\u00f6k haszn\u00e1lat\u00e1nak f\u0151bb el\u0151nyeit \u00e9s kih\u00edv\u00e1sait:<\/p>\n\n\n\n<ul>\n<li><strong>El\u0151ny\u00f6k:<\/strong>\n<ul>\n<li>Lehet\u0151v\u00e9 teszi a <strong>k\u00f6vet\u0151elemz\u00e9s<\/strong> pontosabb \u00e9s t\u00e1j\u00e9kozottabb.<\/li>\n\n\n\n<li>Jav\u00edtsd a tartalomstrat\u00e9gi\u00e1dat \u00e9s a k\u00f6z\u00f6ns\u00e9geddel val\u00f3 interakci\u00f3dat.<\/li>\n\n\n\n<li>Seg\u00edt a gyan\u00fas viselked\u00e9s azonos\u00edt\u00e1s\u00e1ban, meger\u0151s\u00edtve az <strong>digit\u00e1lis biztons\u00e1g<\/strong>.<\/li>\n\n\n\n<li>Aj\u00e1nlatok <strong>k\u00f6z\u00f6ss\u00e9gi m\u00e9dia elemz\u00e9sek<\/strong> \u00e9rt\u00e9kes az online jelenl\u00e9t finomhangol\u00e1s\u00e1hoz.<\/li>\n\n\n\n<li>Val\u00f3s idej\u0171 \u00e9rtes\u00edt\u00e9seket biztos\u00edt a <strong>l\u00e1togat\u00f3i \u00e9rtes\u00edt\u00e9sek<\/strong>.<\/li>\n<\/ul>\n<\/li>\n\n\n\n<li><strong>Kih\u00edv\u00e1sok:<\/strong>\n<ul>\n<li>V\u00e1lasszon egy megb\u00edzhat\u00f3 alkalmaz\u00e1st, amely tiszteletben tartja az \u00d6n adatainak v\u00e9delm\u00e9t. <strong>online adatv\u00e9delem<\/strong>.<\/li>\n\n\n\n<li>Gy\u0151z\u0151dj\u00f6n meg arr\u00f3l, hogy a <strong>profilmonitoroz\u00e1s<\/strong> ne v\u00e1lj a stressz vagy a megsz\u00e1llotts\u00e1g forr\u00e1s\u00e1v\u00e1.<\/li>\n\n\n\n<li>Egyens\u00falyozd ki ezen eszk\u00f6z\u00f6k haszn\u00e1lat\u00e1t a k\u00f6vet\u0151iddel val\u00f3 val\u00f3di interakci\u00f3val.<\/li>\n\n\n\n<li>Maradjon naprak\u00e9sz az alkalmaz\u00e1sok innov\u00e1ci\u00f3ival \u00e9s v\u00e1ltoz\u00e1saival kapcsolatban <strong>l\u00e1togat\u00e1sk\u00f6vet\u00e9s<\/strong>.<\/li>\n<\/ul>\n<\/li>\n<\/ul>\n\n\n\n<p>Ezen pontok mindegyike gondos elemz\u00e9st ig\u00e9nyel, de a megosztott tippekkel k\u00f6nnyebb eligazodni ebben az univerzumban, \u00e9s a lehet\u0151 legt\u00f6bbet kihozni a rendelkez\u00e9sre \u00e1ll\u00f3 eszk\u00f6z\u00f6kb\u0151l.<\/p>\n\n\n\n<h2 class=\"wp-block-heading\">Z\u00e1r\u00f3 megfontol\u00e1sok \u00e9s cselekv\u00e9sre \u00f6szt\u00f6nz\u00e9sek<\/h2>\n\n\n\n<p>Ha id\u00e1ig eljutott\u00e1l, m\u00e1r \u00e9rted, milyen fontos tudni, hogy <strong>kik l\u00e1togatt\u00e1k meg a profilomat<\/strong> \u00e9s hogyan alkalmazhat\u00f3k <strong>l\u00e1togat\u00e1sk\u00f6vet\u00e9s<\/strong> \u00e1talak\u00edthatja az \u00e9lm\u00e9ny\u00e9t azz\u00e1, <strong>k\u00f6z\u00f6ss\u00e9gi h\u00e1l\u00f3zatok<\/strong>.<\/p>\n\n\n\n<p>Minden \u00faj l\u00e1togat\u00e1s lehet\u0151s\u00e9get ad az interakci\u00f3ra, a tanul\u00e1sra \u00e9s a szakmai fejl\u0151d\u00e9sre. Mi\u00e9rt ne pr\u00f3b\u00e1ln\u00e1 ki ezeket az eszk\u00f6z\u00f6ket, \u00e9s gy\u0151z\u0151dne meg saj\u00e1t szem\u00e9vel az \u00e1ltaluk k\u00edn\u00e1lt el\u0151ny\u00f6kr\u0151l?<\/p>\n\n\n\n<p>Megh\u00edvlak, hogy fedezd fel a fent eml\u00edtett alkalmaz\u00e1sokat: Jelent\u00e9sek a k\u00f6vet\u0151kr\u0151l, Influxo, Ki l\u00e1togatta meg a profilomat?, Profilk\u00f6vet\u0151 \u00e9s K\u00f6z\u00f6ss\u00e9gi k\u00e9m.<\/p>\n\n\n\n<p>Pr\u00f3b\u00e1ld ki mindegyiket, hasonl\u00edtsd \u00f6ssze a tulajdons\u00e1gaikat, \u00e9s tal\u00e1ld meg, melyik illik legink\u00e1bb a st\u00edlusodhoz \u00e9s ig\u00e9nyeidhez.<\/p>\n\n\n\n<p>Mindig eml\u00e9kezz arra, hogy felel\u0151ss\u00e9gteljesen haszn\u00e1ld \u0151ket, \u00f3vd a <strong>online adatv\u00e9delem<\/strong> \u00e9s megtartva a <strong>digit\u00e1lis biztons\u00e1g<\/strong> el\u0151sz\u00f6r is.<\/p>\n\n\n\n<h2 class=\"wp-block-heading\">A f\u0151bb pontok \u00f6sszefoglal\u00e1sa<\/h2>\n\n\n\n<p>\u00d6sszefoglal\u00e1sk\u00e9nt tekints\u00fck \u00e1t a cikkben t\u00e1rgyalt l\u00e9nyeges szempontokat:<\/p>\n\n\n\n<ul>\n<li>Haszn\u00e1ljon egy <strong>profilk\u00f6vet\u0151 alkalmaz\u00e1s<\/strong> seg\u00edt jobban meg\u00e9rteni a k\u00f6z\u00f6ns\u00e9gedet az\u00e1ltal, hogy pontos adatokat szolg\u00e1ltat r\u00f3lad <strong>kik l\u00e1togatt\u00e1k meg a profilomat<\/strong> \u00e9s el\u0151seg\u00edtve a <strong>profilmonitoroz\u00e1s<\/strong>.<\/li>\n\n\n\n<li>Az olyan alkalmaz\u00e1sok, mint a Jelent\u00e9sek a k\u00f6vet\u0151kr\u0151l, az Influxo, a Ki l\u00e1togatta meg a profilomat?, a Profilk\u00f6vet\u0151 \u00e9s a K\u00f6z\u00f6ss\u00e9gi k\u00e9m kiv\u00e1l\u00f3 eszk\u00f6z\u00f6k a keres\u00e9shez. <strong>profil n\u00e9zet<\/strong> r\u00e9szletes \u00e9s \u00e9rt\u00e9kes <strong>k\u00f6z\u00f6ss\u00e9gi m\u00e9dia elemz\u00e9sek<\/strong>.<\/li>\n\n\n\n<li>Ezen eszk\u00f6z\u00f6k haszn\u00e1lata nemcsak a javul\u00e1st eredm\u00e9nyezi <strong>k\u00f6vet\u0151elemz\u00e9s<\/strong>, de er\u0151s\u00edti is a <strong>digit\u00e1lis biztons\u00e1g<\/strong> \u00e9s v\u00e9dd meg a <strong>online adatv\u00e9delem<\/strong>.<\/li>\n\n\n\n<li>Alapvet\u0151 fontoss\u00e1g\u00fa megb\u00edzhat\u00f3 eszk\u00f6z\u00f6ket v\u00e1lasztani, rendszeresen elemezni az adatokat, \u00e9s az inform\u00e1ci\u00f3kat felhaszn\u00e1lni a digit\u00e1lis jelenl\u00e9t optimaliz\u00e1l\u00e1s\u00e1ra.<\/li>\n\n\n\n<li>Javasolt a k\u00fcl\u00f6nb\u00f6z\u0151 alkalmaz\u00e1sok kombin\u00e1l\u00e1sa \u00e9s a folyamatos figyel\u00e9s. <strong>l\u00e1togat\u00f3i \u00e9rtes\u00edt\u00e9sek<\/strong> hogy a legt\u00f6bbet hozza ki a <strong>k\u00f6z\u00f6ss\u00e9gi m\u00e9dia elemz\u00e9sek<\/strong>.<\/li>\n<\/ul>\n\n\n\n<h2 class=\"wp-block-heading\">K\u00f6vetkeztet\u00e9s<\/h2>\n\n\n\n<p>El\u00e9rkezt\u00fcnk ennek a hosszas besz\u00e9lget\u00e9snek a v\u00e9g\u00e9re arr\u00f3l, hogyan der\u00edthetj\u00fck ki, hogy kik tekintik meg a k\u00f6z\u00f6ss\u00e9gi m\u00e9dia profilunkat.<\/p>\n\n\n\n<p>A c\u00e9l nem csak a k\u00edv\u00e1ncsis\u00e1g kiel\u00e9g\u00edt\u00e9se, hanem az is, hogy megtanuljuk, hogyan haszn\u00e1ljuk fel a megszerzett inform\u00e1ci\u00f3kat. <strong>profilelemz\u0151 alkalmaz\u00e1sok<\/strong> online strat\u00e9gi\u00e1d fejleszt\u00e9s\u00e9hez \u00e9s a <strong>digit\u00e1lis biztons\u00e1g<\/strong>.<\/p>\n\n\n\n<p>Minden <strong>k\u00f6vet\u0151 az Instagramon<\/strong> \u00e9s mindegyik <strong>profil n\u00e9zet<\/strong> Olyan t\u00f6rt\u00e9neteket mes\u00e9lnek el, amelyek seg\u00edthetnek a fejl\u0151d\u00e9sedben, mind szem\u00e9lyesen, mind szakmailag.<\/p>\n\n\n\n<p>B\u00e1r az alkalmaz\u00e1sok <strong>l\u00e1togat\u00e1sk\u00f6vet\u00e9s<\/strong> Nagyon hasznos eszk\u00f6z\u00f6k, tudatosan \u00e9s felel\u0151ss\u00e9gteljesen kell haszn\u00e1lni \u0151ket.<\/p>\n\n\n\n<p>A legjobb strat\u00e9gia mindig az, ha a megszerzett adatokat val\u00f3di, emberi interakci\u00f3val kombin\u00e1ljuk.<\/p>\n\n\n\n<p>Rem\u00e9lem, hogy ez a tartalom seg\u00edtett megalapozottabb d\u00f6nt\u00e9seket hozni a digit\u00e1lis jelenl\u00e9t\u00e9vel kapcsolatban. Ha b\u00e1rmilyen k\u00e9rd\u00e9se van, vagy szeretn\u00e9 megosztani tapasztalatait, k\u00e9rj\u00fck, hagyjon megjegyz\u00e9st, vagy vegye fel vel\u00fcnk a kapcsolatot.<\/p>\n\n\n\n<p>Egy\u00fctt vagyunk ezen az \u00faton a leny\u0171g\u00f6z\u0151 vil\u00e1gban, <strong>k\u00f6z\u00f6ss\u00e9gi h\u00e1l\u00f3zatok<\/strong>.<\/p>","protected":false},"excerpt":{"rendered":"<p>Elgondolkodt\u00e1l m\u00e1r azon, hogy ki n\u00e9zi meg val\u00f3j\u00e1ban a k\u00f6z\u00f6ss\u00e9gi m\u00e9dia profilodat? \u00dcgyf\u00e9lszolg\u00e1lat Fedezd fel az al\u00e1bbi alkalmaz\u00e1sokat, vagy vedd fel a kapcsolatot \u00fcgyf\u00e9lszolg\u00e1latunkkal, mondd el, milyen t\u00edpus\u00fa profilt keresel, \u00e9s mi seg\u00edt\u00fcnk megtal\u00e1lni a sz\u00e1modra t\u00f6k\u00e9letes alkalmaz\u00e1st. A k\u00edv\u00e1ncsis\u00e1g term\u00e9szetes, k\u00fcl\u00f6n\u00f6sen [\u2026]<\/p>","protected":false},"author":139,"featured_media":8843,"comment_status":"closed","ping_status":"open","sticky":false,"template":"","format":"standard","meta":{"footnotes":""},"categories":[2],"tags":[1920,1922,1921,1399,1452],"yoast_head":"<!-- This site is optimized with the Yoast SEO plugin v23.3 - https:\/\/yoast.com\/wordpress\/plugins\/seo\/ -->\n<title>Descubre qui\u00e9n visualiza tu perfil en las redes sociales - Universo Fam\u00edlia<\/title>\n<meta name=\"description\" content=\"Descubre qui\u00e9n visualiza tu perfil en las redes sociales. \u00bfAlguna vez te has preguntado qui\u00e9n realmente echa un vistazo a tu perfil en las redes sociales?\" \/>\n<meta name=\"robots\" content=\"index, follow, max-snippet:-1, max-image-preview:large, max-video-preview:-1\" \/>\n<link rel=\"canonical\" href=\"https:\/\/universofamilia.com\/hu\/\u0441\u0430\u0437\u043d\u0430\u0458\u0442\u0435-\u043a\u043e-\u0433\u043b\u0435\u0434\u0430-\u0432\u0430\u0448-\u043f\u0440\u043e\u0444\u0438\u043b\/\" \/>\n<meta property=\"og:locale\" content=\"hu_HU\" \/>\n<meta property=\"og:type\" content=\"article\" \/>\n<meta property=\"og:title\" content=\"Descubre qui\u00e9n visualiza tu perfil en las redes sociales - Universo Fam\u00edlia\" \/>\n<meta property=\"og:description\" content=\"Descubre qui\u00e9n visualiza tu perfil en las redes sociales. \u00bfAlguna vez te has preguntado qui\u00e9n realmente echa un vistazo a tu perfil en las redes sociales?\" \/>\n<meta property=\"og:url\" content=\"https:\/\/universofamilia.com\/hu\/\u0441\u0430\u0437\u043d\u0430\u0458\u0442\u0435-\u043a\u043e-\u0433\u043b\u0435\u0434\u0430-\u0432\u0430\u0448-\u043f\u0440\u043e\u0444\u0438\u043b\/\" \/>\n<meta property=\"og:site_name\" content=\"Universo Fam\u00edlia\" \/>\n<meta property=\"article:published_time\" content=\"2025-02-24T18:12:39+00:00\" \/>\n<meta property=\"article:modified_time\" content=\"2025-02-24T18:12:41+00:00\" \/>\n<meta property=\"og:image\" content=\"https:\/\/universofamilia.com\/wp-content\/uploads\/sites\/148\/2025\/02\/BLOCO-APP-ARTIGO-3.jpg\" \/>\n\t<meta property=\"og:image:width\" content=\"1080\" \/>\n\t<meta property=\"og:image:height\" content=\"1080\" \/>\n\t<meta property=\"og:image:type\" content=\"image\/jpeg\" \/>\n<meta name=\"author\" content=\"Pedro Henrique\" \/>\n<meta name=\"twitter:card\" content=\"summary_large_image\" \/>\n<meta name=\"twitter:label1\" content=\"Written by\" \/>\n\t<meta name=\"twitter:data1\" content=\"Pedro Henrique\" \/>\n\t<meta name=\"twitter:label2\" content=\"Est. reading time\" \/>\n\t<meta name=\"twitter:data2\" content=\"19 perc\" \/>\n<script type=\"application\/ld+json\" class=\"yoast-schema-graph\">{\"@context\":\"https:\/\/schema.org\",\"@graph\":[{\"@type\":\"WebPage\",\"@id\":\"https:\/\/universofamilia.com\/sr\/\u0441\u0430\u0437\u043d\u0430\u0458\u0442\u0435-\u043a\u043e-\u0433\u043b\u0435\u0434\u0430-\u0432\u0430\u0448-\u043f\u0440\u043e\u0444\u0438\u043b\/\",\"url\":\"https:\/\/universofamilia.com\/sr\/\u0441\u0430\u0437\u043d\u0430\u0458\u0442\u0435-\u043a\u043e-\u0433\u043b\u0435\u0434\u0430-\u0432\u0430\u0448-\u043f\u0440\u043e\u0444\u0438\u043b\/\",\"name\":\"Descubre qui\u00e9n visualiza tu perfil en las redes sociales - Universo Fam\u00edlia\",\"isPartOf\":{\"@id\":\"https:\/\/universofamilia.com\/el\/#website\"},\"primaryImageOfPage\":{\"@id\":\"https:\/\/universofamilia.com\/sr\/\u0441\u0430\u0437\u043d\u0430\u0458\u0442\u0435-\u043a\u043e-\u0433\u043b\u0435\u0434\u0430-\u0432\u0430\u0448-\u043f\u0440\u043e\u0444\u0438\u043b\/#primaryimage\"},\"image\":{\"@id\":\"https:\/\/universofamilia.com\/sr\/\u0441\u0430\u0437\u043d\u0430\u0458\u0442\u0435-\u043a\u043e-\u0433\u043b\u0435\u0434\u0430-\u0432\u0430\u0448-\u043f\u0440\u043e\u0444\u0438\u043b\/#primaryimage\"},\"thumbnailUrl\":\"https:\/\/universofamilia.com\/wp-content\/uploads\/sites\/148\/2025\/02\/BLOCO-APP-ARTIGO-3.jpg\",\"datePublished\":\"2025-02-24T18:12:39+00:00\",\"dateModified\":\"2025-02-24T18:12:41+00:00\",\"author\":{\"@id\":\"https:\/\/universofamilia.com\/el\/#\/schema\/person\/f07ce98187dd84d31154262e79b3b7ca\"},\"description\":\"Descubre qui\u00e9n visualiza tu perfil en las redes sociales. \u00bfAlguna vez te has preguntado qui\u00e9n realmente echa un vistazo a tu perfil en las redes sociales?\",\"breadcrumb\":{\"@id\":\"https:\/\/universofamilia.com\/sr\/\u0441\u0430\u0437\u043d\u0430\u0458\u0442\u0435-\u043a\u043e-\u0433\u043b\u0435\u0434\u0430-\u0432\u0430\u0448-\u043f\u0440\u043e\u0444\u0438\u043b\/#breadcrumb\"},\"inLanguage\":\"hu\",\"potentialAction\":[{\"@type\":\"ReadAction\",\"target\":[\"https:\/\/universofamilia.com\/sr\/\u0441\u0430\u0437\u043d\u0430\u0458\u0442\u0435-\u043a\u043e-\u0433\u043b\u0435\u0434\u0430-\u0432\u0430\u0448-\u043f\u0440\u043e\u0444\u0438\u043b\/\"]}]},{\"@type\":\"ImageObject\",\"inLanguage\":\"hu\",\"@id\":\"https:\/\/universofamilia.com\/sr\/\u0441\u0430\u0437\u043d\u0430\u0458\u0442\u0435-\u043a\u043e-\u0433\u043b\u0435\u0434\u0430-\u0432\u0430\u0448-\u043f\u0440\u043e\u0444\u0438\u043b\/#primaryimage\",\"url\":\"https:\/\/universofamilia.com\/wp-content\/uploads\/sites\/148\/2025\/02\/BLOCO-APP-ARTIGO-3.jpg\",\"contentUrl\":\"https:\/\/universofamilia.com\/wp-content\/uploads\/sites\/148\/2025\/02\/BLOCO-APP-ARTIGO-3.jpg\",\"width\":1080,\"height\":1080,\"caption\":\"Descubre qui\u00e9n visualiza tu perfil en las redes sociales\"},{\"@type\":\"BreadcrumbList\",\"@id\":\"https:\/\/universofamilia.com\/sr\/\u0441\u0430\u0437\u043d\u0430\u0458\u0442\u0435-\u043a\u043e-\u0433\u043b\u0435\u0434\u0430-\u0432\u0430\u0448-\u043f\u0440\u043e\u0444\u0438\u043b\/#breadcrumb\",\"itemListElement\":[{\"@type\":\"ListItem\",\"position\":1,\"name\":\"Home\",\"item\":\"https:\/\/universofamilia.com\/el\/\"},{\"@type\":\"ListItem\",\"position\":2,\"name\":\"Descubre qui\u00e9n visualiza tu perfil en las redes sociales\"}]},{\"@type\":\"WebSite\",\"@id\":\"https:\/\/universofamilia.com\/el\/#website\",\"url\":\"https:\/\/universofamilia.com\/el\/\",\"name\":\"Universo Fam\u00edlia\",\"description\":\"\",\"potentialAction\":[{\"@type\":\"SearchAction\",\"target\":{\"@type\":\"EntryPoint\",\"urlTemplate\":\"https:\/\/universofamilia.com\/el\/?s={search_term_string}\"},\"query-input\":\"required name=search_term_string\"}],\"inLanguage\":\"hu\"},{\"@type\":\"Person\",\"@id\":\"https:\/\/universofamilia.com\/el\/#\/schema\/person\/f07ce98187dd84d31154262e79b3b7ca\",\"name\":\"Pedro Henrique\",\"image\":{\"@type\":\"ImageObject\",\"inLanguage\":\"hu\",\"@id\":\"https:\/\/universofamilia.com\/el\/#\/schema\/person\/image\/\",\"url\":\"https:\/\/secure.gravatar.com\/avatar\/9edfeb808cb4e1599f64d6e45b130154?s=96&d=mm&r=g\",\"contentUrl\":\"https:\/\/secure.gravatar.com\/avatar\/9edfeb808cb4e1599f64d6e45b130154?s=96&d=mm&r=g\",\"caption\":\"Pedro Henrique\"},\"url\":\"https:\/\/universofamilia.com\/hu\/author\/editor01\/\"}]}<\/script>\n<!-- \/ Yoast SEO plugin. -->","yoast_head_json":{"title":"Descubre qui\u00e9n visualiza tu perfil en las redes sociales - Universo Fam\u00edlia","description":"Descubre qui\u00e9n visualiza tu perfil en las redes sociales. \u00bfAlguna vez te has preguntado qui\u00e9n realmente echa un vistazo a tu perfil en las redes sociales?","robots":{"index":"index","follow":"follow","max-snippet":"max-snippet:-1","max-image-preview":"max-image-preview:large","max-video-preview":"max-video-preview:-1"},"canonical":"https:\/\/universofamilia.com\/hu\/\u0441\u0430\u0437\u043d\u0430\u0458\u0442\u0435-\u043a\u043e-\u0433\u043b\u0435\u0434\u0430-\u0432\u0430\u0448-\u043f\u0440\u043e\u0444\u0438\u043b\/","og_locale":"hu_HU","og_type":"article","og_title":"Descubre qui\u00e9n visualiza tu perfil en las redes sociales - Universo Fam\u00edlia","og_description":"Descubre qui\u00e9n visualiza tu perfil en las redes sociales. \u00bfAlguna vez te has preguntado qui\u00e9n realmente echa un vistazo a tu perfil en las redes sociales?","og_url":"https:\/\/universofamilia.com\/hu\/\u0441\u0430\u0437\u043d\u0430\u0458\u0442\u0435-\u043a\u043e-\u0433\u043b\u0435\u0434\u0430-\u0432\u0430\u0448-\u043f\u0440\u043e\u0444\u0438\u043b\/","og_site_name":"Universo Fam\u00edlia","article_published_time":"2025-02-24T18:12:39+00:00","article_modified_time":"2025-02-24T18:12:41+00:00","og_image":[{"width":1080,"height":1080,"url":"https:\/\/universofamilia.com\/wp-content\/uploads\/sites\/148\/2025\/02\/BLOCO-APP-ARTIGO-3.jpg","type":"image\/jpeg"}],"author":"Pedro Henrique","twitter_card":"summary_large_image","twitter_misc":{"Written by":"Pedro Henrique","Est. reading time":"19 perc"},"schema":{"@context":"https:\/\/schema.org","@graph":[{"@type":"WebPage","@id":"https:\/\/universofamilia.com\/sr\/\u0441\u0430\u0437\u043d\u0430\u0458\u0442\u0435-\u043a\u043e-\u0433\u043b\u0435\u0434\u0430-\u0432\u0430\u0448-\u043f\u0440\u043e\u0444\u0438\u043b\/","url":"https:\/\/universofamilia.com\/sr\/\u0441\u0430\u0437\u043d\u0430\u0458\u0442\u0435-\u043a\u043e-\u0433\u043b\u0435\u0434\u0430-\u0432\u0430\u0448-\u043f\u0440\u043e\u0444\u0438\u043b\/","name":"Descubre qui\u00e9n visualiza tu perfil en las redes sociales - Universo Fam\u00edlia","isPartOf":{"@id":"https:\/\/universofamilia.com\/el\/#website"},"primaryImageOfPage":{"@id":"https:\/\/universofamilia.com\/sr\/\u0441\u0430\u0437\u043d\u0430\u0458\u0442\u0435-\u043a\u043e-\u0433\u043b\u0435\u0434\u0430-\u0432\u0430\u0448-\u043f\u0440\u043e\u0444\u0438\u043b\/#primaryimage"},"image":{"@id":"https:\/\/universofamilia.com\/sr\/\u0441\u0430\u0437\u043d\u0430\u0458\u0442\u0435-\u043a\u043e-\u0433\u043b\u0435\u0434\u0430-\u0432\u0430\u0448-\u043f\u0440\u043e\u0444\u0438\u043b\/#primaryimage"},"thumbnailUrl":"https:\/\/universofamilia.com\/wp-content\/uploads\/sites\/148\/2025\/02\/BLOCO-APP-ARTIGO-3.jpg","datePublished":"2025-02-24T18:12:39+00:00","dateModified":"2025-02-24T18:12:41+00:00","author":{"@id":"https:\/\/universofamilia.com\/el\/#\/schema\/person\/f07ce98187dd84d31154262e79b3b7ca"},"description":"Descubre qui\u00e9n visualiza tu perfil en las redes sociales. \u00bfAlguna vez te has preguntado qui\u00e9n realmente echa un vistazo a tu perfil en las redes sociales?","breadcrumb":{"@id":"https:\/\/universofamilia.com\/sr\/\u0441\u0430\u0437\u043d\u0430\u0458\u0442\u0435-\u043a\u043e-\u0433\u043b\u0435\u0434\u0430-\u0432\u0430\u0448-\u043f\u0440\u043e\u0444\u0438\u043b\/#breadcrumb"},"inLanguage":"hu","potentialAction":[{"@type":"ReadAction","target":["https:\/\/universofamilia.com\/sr\/\u0441\u0430\u0437\u043d\u0430\u0458\u0442\u0435-\u043a\u043e-\u0433\u043b\u0435\u0434\u0430-\u0432\u0430\u0448-\u043f\u0440\u043e\u0444\u0438\u043b\/"]}]},{"@type":"ImageObject","inLanguage":"hu","@id":"https:\/\/universofamilia.com\/sr\/\u0441\u0430\u0437\u043d\u0430\u0458\u0442\u0435-\u043a\u043e-\u0433\u043b\u0435\u0434\u0430-\u0432\u0430\u0448-\u043f\u0440\u043e\u0444\u0438\u043b\/#primaryimage","url":"https:\/\/universofamilia.com\/wp-content\/uploads\/sites\/148\/2025\/02\/BLOCO-APP-ARTIGO-3.jpg","contentUrl":"https:\/\/universofamilia.com\/wp-content\/uploads\/sites\/148\/2025\/02\/BLOCO-APP-ARTIGO-3.jpg","width":1080,"height":1080,"caption":"Descubre qui\u00e9n visualiza tu perfil en las redes sociales"},{"@type":"BreadcrumbList","@id":"https:\/\/universofamilia.com\/sr\/\u0441\u0430\u0437\u043d\u0430\u0458\u0442\u0435-\u043a\u043e-\u0433\u043b\u0435\u0434\u0430-\u0432\u0430\u0448-\u043f\u0440\u043e\u0444\u0438\u043b\/#breadcrumb","itemListElement":[{"@type":"ListItem","position":1,"name":"Home","item":"https:\/\/universofamilia.com\/el\/"},{"@type":"ListItem","position":2,"name":"Descubre qui\u00e9n visualiza tu perfil en las redes sociales"}]},{"@type":"WebSite","@id":"https:\/\/universofamilia.com\/el\/#website","url":"https:\/\/universofamilia.com\/el\/","name":"Universo Fam\u00edlia","description":"","potentialAction":[{"@type":"SearchAction","target":{"@type":"EntryPoint","urlTemplate":"https:\/\/universofamilia.com\/el\/?s={search_term_string}"},"query-input":"required name=search_term_string"}],"inLanguage":"hu"},{"@type":"Person","@id":"https:\/\/universofamilia.com\/el\/#\/schema\/person\/f07ce98187dd84d31154262e79b3b7ca","name":"Pedro Henrique","image":{"@type":"ImageObject","inLanguage":"hu","@id":"https:\/\/universofamilia.com\/el\/#\/schema\/person\/image\/","url":"https:\/\/secure.gravatar.com\/avatar\/9edfeb808cb4e1599f64d6e45b130154?s=96&d=mm&r=g","contentUrl":"https:\/\/secure.gravatar.com\/avatar\/9edfeb808cb4e1599f64d6e45b130154?s=96&d=mm&r=g","caption":"Pedro Henrique"},"url":"https:\/\/universofamilia.com\/hu\/author\/editor01\/"}]}},"_links":{"self":[{"href":"https:\/\/universofamilia.com\/hu\/wp-json\/wp\/v2\/posts\/8842"}],"collection":[{"href":"https:\/\/universofamilia.com\/hu\/wp-json\/wp\/v2\/posts"}],"about":[{"href":"https:\/\/universofamilia.com\/hu\/wp-json\/wp\/v2\/types\/post"}],"author":[{"embeddable":true,"href":"https:\/\/universofamilia.com\/hu\/wp-json\/wp\/v2\/users\/139"}],"replies":[{"embeddable":true,"href":"https:\/\/universofamilia.com\/hu\/wp-json\/wp\/v2\/comments?post=8842"}],"version-history":[{"count":1,"href":"https:\/\/universofamilia.com\/hu\/wp-json\/wp\/v2\/posts\/8842\/revisions"}],"predecessor-version":[{"id":8846,"href":"https:\/\/universofamilia.com\/hu\/wp-json\/wp\/v2\/posts\/8842\/revisions\/8846"}],"wp:featuredmedia":[{"embeddable":true,"href":"https:\/\/universofamilia.com\/hu\/wp-json\/wp\/v2\/media\/8843"}],"wp:attachment":[{"href":"https:\/\/universofamilia.com\/hu\/wp-json\/wp\/v2\/media?parent=8842"}],"wp:term":[{"taxonomy":"category","embeddable":true,"href":"https:\/\/universofamilia.com\/hu\/wp-json\/wp\/v2\/categories?post=8842"},{"taxonomy":"post_tag","embeddable":true,"href":"https:\/\/universofamilia.com\/hu\/wp-json\/wp\/v2\/tags?post=8842"}],"curies":[{"name":"wp","href":"https:\/\/api.w.org\/{rel}","templated":true}]}}