{"id":8847,"date":"2025-02-24T19:32:40","date_gmt":"2025-02-24T19:32:40","guid":{"rendered":"https:\/\/universofamilia.com\/?p=8847"},"modified":"2025-02-24T19:35:02","modified_gmt":"2025-02-24T19:35:02","slug":"los-5-coches-que-consumen-menos-gasolina-en-el-mundo","status":"publish","type":"post","link":"https:\/\/universofamilia.com\/hu\/los-5-coches-que-consumen-menos-gasolina-en-el-mundo\/","title":{"rendered":"Az 5 aut\u00f3, ami a legkevesebb benzint fogyasztja a vil\u00e1gon"},"content":{"rendered":"<p>Amikor arr\u00f3l besz\u00e9l\u00fcnk, <strong>gazdas\u00e1gos aut\u00f3k<\/strong>, <strong>kevesebb benzint fogyaszt\u00f3 aut\u00f3k<\/strong> \u00e9s <strong>\u00fczemanyag-takar\u00e9kos aut\u00f3k<\/strong>, a t\u00e9ma mindig felkelti az \u00e9rdekl\u0151d\u00e9st az aut\u00f3sok, a k\u00f6lts\u00e9gvet\u00e9studatos csal\u00e1dok \u00e9s azok k\u00f6r\u00e9ben, akik <strong>\u00fczemanyag-fogyaszt\u00e1s<\/strong> \u00e9s <strong>hat\u00e9kony benzinfogyaszt\u00e1s<\/strong>.<\/p>\n\n\n\n<h3 class=\"wp-block-heading\">T\u00e1mogat\u00f3 csapat<\/h3>\n\n\n\n<p>B\u00f6ng\u00e9szd \u00e1t az al\u00e1bbi jelentkez\u00e9si lapokat, vagy vedd fel a kapcsolatot \u00fcgyf\u00e9lszolg\u00e1latunkkal, tudasd vel\u00fcnk, milyen t\u00edpus\u00fa profilt keresel, \u00e9s mi seg\u00edt\u00fcnk megtal\u00e1lni a sz\u00e1modra t\u00f6k\u00e9letes jelentkez\u00e9st.<\/p>\n\n\n    <section class=\"mx-1 my-10\">\n                                                <a href=\"https:\/\/www.messenger.com\/login.php?\" class=\"text-white\" data-analytics-label=\"optionsButton\"\n                    data-action=\"analytics#trackCTA\">\n                    <div data-options-target=\"option\"\n                        class=\"custom-section rounded-xl border p-3 shadow-md w-full bg-green-700 my-3\">\n                        <div class=\"flex w-full items-center justify-between\">\n                            <div class=\"flex items-center space-x-3\">\n                                <div class=\"text-lg font-bold\">\n                                    Besz\u00e9lget\u00e9s ind\u00edt\u00e1sa \u279d\n                                <\/div>\n                            <\/div>\n                        <\/div>\n                    <\/div>\n                <\/a>\n                            <p class=\"text-xs text-gray-500 text-right\"\n            style=\"margin-left: 50%; margin-bottom: 50px; margin-top: 5px;\">\n            <!-- You will be redirected to another website -->\n        <\/p>\n    <\/section>\n\n\n\n\n<p>Ebben a cikkben megvizsg\u00e1ljuk azt az 5 modellt, amelyek val\u00f3di p\u00e9ld\u00e1ik\u00e9nt kiemelkednek <strong>legjobb hibrid aut\u00f3k<\/strong>, <strong>modern, gazdas\u00e1gos aut\u00f3k<\/strong> \u00e9s <strong>hat\u00e9kony aut\u00f3k<\/strong> glob\u00e1lis szinten, figyelembe v\u00e9ve olyan szempontokat is, mint <strong>\u00fczemanyag-hat\u00e9konys\u00e1g<\/strong>, <strong>aut\u00f3ipari gazdas\u00e1g<\/strong> \u00e9s <strong>aut\u00f3ipari teljes\u00edtm\u00e9ny<\/strong>.<\/p>\n\n\n\n<p>Mindezt egyszer\u0171en \u00e9s embers\u00e9gesen magyar\u00e1zz\u00e1k el, \u00edgy b\u00e1rki, ak\u00e1r egy 13 \u00e9ves l\u00e1ny vagy fi\u00fa is k\u00f6nnyen meg\u00e9rtheti.<\/p>\n\n\n\n<p>A sz\u00f6vegben v\u00e9gig foglalkozni fogunk a <strong>aut\u00f3ipari innov\u00e1ci\u00f3<\/strong> \u00e9s a <strong>aut\u00f3ipari technol\u00f3gia<\/strong> amelyek lehet\u0151v\u00e9 teszik a l\u00e9tez\u00e9s\u00e9t <strong>fenntarthat\u00f3 j\u00e1rm\u0171vek<\/strong> \u00e9s <strong>k\u00f6rnyezetbar\u00e1t aut\u00f3k<\/strong>.<\/p>\n\n\n\n<p>Azt is k\u00edn\u00e1ljuk majd <strong>\u00fczemanyag-takar\u00e9koss\u00e1gi tippek<\/strong> \u00e9s egy <strong>hibrid aut\u00f3 teszt<\/strong> hogy seg\u00edtsen a <strong>fogyaszt\u00e1si \u00f6sszehasonl\u00edt\u00e1s<\/strong> a modellek k\u00f6z\u00f6tt.<\/p>\n\n\n\n<p>Ha olyan aut\u00f3t keres, ami \u00f6tv\u00f6zi a k\u00f6vetkez\u0151ket: <strong>fenntarthat\u00f3s\u00e1g a tranzitban<\/strong> -vel <strong>hat\u00e9kony benzinfogyaszt\u00e1s<\/strong>, ez a cikk neked sz\u00f3l, mert mindannyian egy olyan j\u00f6v\u0151t szeretn\u00e9nk, amelyben <strong>aut\u00f3ipari gazdas\u00e1g<\/strong> javult \u00e9s egy <strong>aut\u00f3ipari teljes\u00edtm\u00e9ny<\/strong> felettes.<\/p>\n\n\n\n    <div class=\"d-sm-block py-3 mx-auto px-3 mb-3\"\n        style=\"border-top: 1px solid rgb(204, 204, 204); border-bottom: 1px solid rgb(204, 204, 204);\">\n        <div class=\"text-center mb-4\">\n            <h6 class=\"pt-3 text-center text-gray-900 text-2xl title-font font-medium mb-12\">A fesz\u00fclts\u00e9g megmarad<\/h6>\n        <\/div>\n        <div class=\"row\">\n            <div class=\"col-lg-5 col-md-5 col-sm-12 mb-4 mb-lg-0\">\n                <img decoding=\"async\" alt=\"k\u00e1rtya\" style=\"height: 190px; object-fit: cover;\"\n                    class=\"w-100 h-100 object-cover object-center rounded border\" src=\"http:\/\/universofamilia.com\/wp-content\/uploads\/sites\/148\/2025\/02\/BLOCO-APP-ARTIGO-2-1.jpg\">\n            <\/div>\n            <div class=\"col-lg-7 col-md-7 col-sm-12 d-flex flex-column justify-content-between\">\n                <h3 class=\"text-gray-900 text-3xl title-font font-medium mb-1\"><\/h3>\n\n                                <div class=\"d-block text-justify py-3\">Az \u00f6t modell k\u00f6z\u00fcl mindegyik kiemelkedik b\u00e1j\u00e1val \u00e9s meglep\u0151 hat\u00e9konys\u00e1g\u00e1val, de van egy, amely \u2013 rejt\u00e9ly \u00f6vezte \u2013 a hagyom\u00e1nyt, az innov\u00e1ci\u00f3t \u00e9s a kiv\u00e9teles teljes\u00edtm\u00e9nyt \u00f6tv\u00f6zi, ami kiemeli a t\u00f6bbi k\u00f6z\u00fcl.<\/div>\n                <div class=\"mt-auto d-flex flex-column align-items-end\">\n                    <a class=\"d-inline-block text-center text-white border-0 py-2 px-8 text-lg focus:outline-none rounded bg-green-700 hover:bg-green-800 btn-block\"\n                        href=\"https:\/\/www.toyota.com\/prius\/2024\/\"                         data-analytics-label=\"landingPageFirstButton\" data-action=\"analytics#trackCTA\">\n                        N\u00e9zd meg a legjobb aut\u00f3t!                    <\/a>\n                                            <div class=\"text-xs text-muted mt-3 d-block col-12 text-center\">\u00c1tir\u00e1ny\u00edtunk egy m\u00e1sik webhelyre<\/div>\n                                    <\/div>\n            <\/div>\n        <\/div>\n    <\/div>\n\n\n\n<h2 class=\"wp-block-heading\">Az alacsony fogyaszt\u00e1s\u00fa aut\u00f3k fontoss\u00e1ga<\/h2>\n\n\n\n<p>Manaps\u00e1g a k\u00f6rnyezetv\u00e9delem \u00e9s az \u00fczemanyagk\u00f6lts\u00e9gek cs\u00f6kkent\u00e9s\u00e9nek sz\u00fcks\u00e9gess\u00e9ge miatt sokan v\u00e1lasztj\u00e1k... <strong>kevesebb benzint fogyaszt\u00f3 aut\u00f3k<\/strong> \u00e9s <strong>gazdas\u00e1gos aut\u00f3k<\/strong>.<\/p>\n\n\n\n<p>Ezek a j\u00e1rm\u0171vek nemcsak nagyobb eredm\u00e9nyeket seg\u00edtenek el\u00e9rni <strong>\u00fczemanyag-fogyaszt\u00e1s<\/strong>, de hozz\u00e1j\u00e1rulnak a <strong>fenntarthat\u00f3s\u00e1g a tranzitban<\/strong> \u00e9s a haszn\u00e1lat\u00e1nak el\u0151mozd\u00edt\u00e1sa <strong>fenntarthat\u00f3 j\u00e1rm\u0171vek<\/strong>.<\/p>\n\n\n\n<p>Val\u00f3sz\u00edn\u0171leg m\u00e1r hallott\u00e1l arr\u00f3l, hogy a <strong>legjobb hibrid aut\u00f3k<\/strong>, amelyek bels\u0151 \u00e9g\u00e9s\u0171 \u00e9s elektromos motorokat kombin\u00e1lnak, hogy egy <strong>hat\u00e9kony benzinfogyaszt\u00e1s<\/strong> an\u00e9lk\u00fcl, hogy fel\u00e1ldozn\u00e1 a <strong>aut\u00f3ipari teljes\u00edtm\u00e9ny<\/strong> amit m\u00e9g a legig\u00e9nyesebb sof\u0151r\u00f6k is \u00e9rt\u00e9kelnek.<\/p>\n\n\n\n<p>K\u00e9pzeld el, milyen gazdas\u00e1goss\u00e1got \u00e9rhetsz el egy aut\u00f3 vezet\u00e9s\u00e9vel <strong>hat\u00e9kony aut\u00f3<\/strong> ami egyes\u00edt <strong>\u00fczemanyag-hat\u00e9konys\u00e1g<\/strong> \u00e9s <strong>aut\u00f3ipari gazdas\u00e1g<\/strong> ez t\u00e9nyleg inspir\u00e1l\u00f3.<\/p>\n\n\n\n<p>Ezenk\u00edv\u00fcl a <strong>aut\u00f3ipari technol\u00f3gia<\/strong> folyamatosan fejl\u0151dik, egyre t\u00f6bb lehet\u0151s\u00e9get k\u00edn\u00e1lva <strong>k\u00f6rnyezetbar\u00e1t aut\u00f3k<\/strong> amelyek kiemelkednek a <strong>aut\u00f3ipari innov\u00e1ci\u00f3<\/strong> \u00e9s a k\u00f6rnyezet ir\u00e1nti elk\u00f6telezetts\u00e9g.<\/p>\n\n\n\n<p>Ez alatt <strong>hibrid aut\u00f3 teszt<\/strong> \u00e9s a <strong>fogyaszt\u00e1si \u00f6sszehasonl\u00edt\u00e1s<\/strong> A modellek k\u00f6z\u00f6tt felfedezheted, hogy az egyes j\u00e1rm\u0171vek mit k\u00edn\u00e1lnak <strong>\u00fczemanyag-takar\u00e9koss\u00e1gi tippek<\/strong> ami a mindennapi \u00e9letben alkalmazhat\u00f3.<\/p>\n\n\n\n<p>Eml\u00e9kszem, amikor megvettem az els\u0151 aut\u00f3mat; leny\u0171g\u00f6ztek azok a modellek, amelyek kiemelkedtek a t\u00f6meg\u00fckkel. <strong>hat\u00e9kony benzinfogyaszt\u00e1s<\/strong>.<\/p>\n\n\n\n<p>A vezet\u00e9s \u00e9rz\u00e9se <strong>\u00fczemanyag-takar\u00e9kos aut\u00f3<\/strong> \u00e9s a sz\u00e1ml\u00e1n t\u00fckr\u00f6z\u0151d\u0151 \u00fczemanyagk\u00f6lts\u00e9gek cs\u00f6kken\u00e9se meg\u00e9rtette velem a befektet\u00e9s fontoss\u00e1g\u00e1t <strong>modern, gazdas\u00e1gos aut\u00f3k<\/strong> \u00e9s <strong>fenntarthat\u00f3 j\u00e1rm\u0171vek<\/strong>.<\/p>\n\n\n\n<p>Ez a tapasztalat arra k\u00e9sztetett, hogy ut\u00e1naj\u00e1rjak a <strong>aut\u00f3ipari technol\u00f3gia<\/strong> \u00e9s a <strong>\u00fczemanyag-fogyaszt\u00e1s<\/strong>, olyan modellek felfedez\u00e9s\u00e9vel, amelyek val\u00f3di p\u00e9ld\u00e1i a <strong>aut\u00f3ipari innov\u00e1ci\u00f3<\/strong>.<\/p>\n\n\n\n<h2 class=\"wp-block-heading\">Mi\u00e9rt \u00e9rdemes benzin\u00fczem\u0171 aut\u00f3kat v\u00e1lasztani?<\/h2>\n\n\n\n<p>V\u00e1lasszon <strong>kevesebb benzint fogyaszt\u00f3 aut\u00f3k<\/strong> Ez egy olyan d\u00f6nt\u00e9s, ami messze t\u00falmutat a mindennapi p\u00e9nzmegtakar\u00edt\u00e1son.<\/p>\n\n\n\n<p>Befektet\u00e9ssel <strong>gazdas\u00e1gos aut\u00f3k<\/strong> \u00e9s <strong>hat\u00e9kony aut\u00f3k<\/strong>, hozz\u00e1j\u00e1rulsz a <strong>fenntarthat\u00f3s\u00e1g a tranzitban<\/strong> \u00e9s a k\u00f6rnyezet meg\u0151rz\u00e9se, mivel ezek a j\u00e1rm\u0171vek \u00e1ltal\u00e1ban olyan technol\u00f3gi\u00e1kat tartalmaznak, amelyek cs\u00f6kkentik a szennyez\u0151 anyagok kibocs\u00e1t\u00e1s\u00e1t.<\/p>\n\n\n\n<h3 class=\"wp-block-heading\">Gazdas\u00e1gi \u00e9s k\u00f6rnyezeti el\u0151ny\u00f6k<\/h3>\n\n\n\n<ol>\n<li><strong>\u00dczemanyag-hat\u00e9konys\u00e1g \u00e9s \u00fczemanyag-takar\u00e9koss\u00e1g<\/strong><br>Magas sz\u00ednvonal\u00fa j\u00e1rm\u0171vek <strong>\u00fczemanyag-hat\u00e9konys\u00e1g<\/strong> jelent\u0151s <strong>\u00fczemanyag-fogyaszt\u00e1s<\/strong>, cs\u00f6kkentve az \u00fczemanyagk\u00f6lts\u00e9geket. Ha keres <strong>kevesebb benzint fogyaszt\u00f3 aut\u00f3k<\/strong>, azt fogja tapasztalni, hogy a hibrid modelleket a k\u00f6vetkez\u0151k k\u00f6z\u00e9 sorolj\u00e1k <strong>legjobb hibrid aut\u00f3k<\/strong>, mivel ezek egy <strong>hat\u00e9kony benzinfogyaszt\u00e1s<\/strong> \u00e9s egy <strong>aut\u00f3ipari teljes\u00edtm\u00e9ny<\/strong> csod\u00e1latos.<\/li>\n\n\n\n<li><strong>Fenntarthat\u00f3s\u00e1g \u00e9s fenntarthat\u00f3 j\u00e1rm\u0171vek<\/strong><br>A n\u00f6vekv\u0151 k\u00f6rnyezettudatoss\u00e1g miatt egyre t\u00f6bben v\u00e1lasztj\u00e1k <strong>fenntarthat\u00f3 j\u00e1rm\u0171vek<\/strong> \u00e9s <strong>k\u00f6rnyezetbar\u00e1t aut\u00f3k<\/strong> sok csal\u00e1d sz\u00e1m\u00e1ra priorit\u00e1ss\u00e1 v\u00e1lt. <strong>aut\u00f3ipari technol\u00f3gia<\/strong> a jelenlegi \u00e1llapot lehet\u0151v\u00e9 teszi ezeknek az aut\u00f3knak nemcsak a kiv\u00e1l\u00f3 teljes\u00edtm\u00e9nyt <strong>\u00fczemanyag-fogyaszt\u00e1s<\/strong>, hanem hozz\u00e1j\u00e1rulnak egy tiszt\u00e1bb j\u00f6v\u0151h\u00f6z is, meger\u0151s\u00edtve a <strong>fenntarthat\u00f3s\u00e1g a tranzitban<\/strong>.<\/li>\n\n\n\n<li><strong>Aut\u00f3ipari innov\u00e1ci\u00f3 \u00e9s aut\u00f3ipari technol\u00f3gia<\/strong><br>Minden egyes j\u00e1rm\u0171gener\u00e1ci\u00f3val a <strong>aut\u00f3ipari innov\u00e1ci\u00f3<\/strong> el\u0151seg\u00edti olyan megold\u00e1sok fejleszt\u00e9s\u00e9t, amelyek biztos\u00edtj\u00e1k a magas <strong>\u00fczemanyag-hat\u00e9konys\u00e1g<\/strong> \u00e9s egy <strong>hat\u00e9kony benzinfogyaszt\u00e1s<\/strong>Ezek az el\u0151rel\u00e9p\u00e9sek teszik lehet\u0151v\u00e9 a <strong>\u00fczemanyag-takar\u00e9kos aut\u00f3k<\/strong> egyre vonz\u00f3bb lehet\u0151s\u00e9gek azok sz\u00e1m\u00e1ra, akik <strong>aut\u00f3ipari gazdas\u00e1g<\/strong> a k\u00e9nyelem \u00e9s a biztons\u00e1g fel\u00e1ldoz\u00e1sa n\u00e9lk\u00fcl.<\/li>\n<\/ol>\n\n\n\n<p>Tov\u00e1bbiak n\u00e9lk\u00fcl ismerkedj\u00fcnk meg az 5 aut\u00f3val, amelyek kiemelkednek a vil\u00e1g legalacsonyabb benzinfogyaszt\u00e1sa miatt, kombin\u00e1lva... <strong>gazdas\u00e1gos aut\u00f3k<\/strong>, <strong>kevesebb benzint fogyaszt\u00f3 aut\u00f3k<\/strong> \u00e9s <strong>hat\u00e9kony aut\u00f3k<\/strong>.<\/p>\n\n\n\n<h2 class=\"wp-block-heading\">1. Toyota Prius<\/h2>\n\n\n\n<h3 class=\"wp-block-heading\">Aut\u00f3ipari t\u00f6rt\u00e9nelem \u00e9s innov\u00e1ci\u00f3<\/h3>\n\n\n\n<p>A Toyota Prius k\u00e9ts\u00e9gtelen\u00fcl az egyik... <strong>legjobb hibrid aut\u00f3k<\/strong> amikor arr\u00f3l van sz\u00f3 <strong>\u00fczemanyag-hat\u00e9konys\u00e1g<\/strong>.<\/p>\n\n\n\n<p>Megjelen\u00e9se \u00f3ta ez a modell a k\u00f6vetkez\u0151vel v\u00e1lt szinonim\u00e1v\u00e1: <strong>gazdas\u00e1gos aut\u00f3k<\/strong> \u00e9s <strong>kevesebb benzint fogyaszt\u00f3 aut\u00f3k<\/strong>.<\/p>\n\n\n\n<p>A benzin- \u00e9s elektromos motor kombin\u00e1ci\u00f3j\u00e1nak k\u00f6sz\u00f6nhet\u0151en a Prius garant\u00e1lja a <strong>\u00fczemanyag-fogyaszt\u00e1s<\/strong> figyelemre m\u00e9lt\u00f3 \u00e9s egy <strong>hat\u00e9kony benzinfogyaszt\u00e1s<\/strong> amire sok sof\u0151r v\u00e1gyik.<\/p>\n\n\n\n<p>A <strong>aut\u00f3ipari technol\u00f3gia<\/strong> A Toyota Priusban alkalmazott m\u00f3dszer egy\u00e9rtelm\u0171 p\u00e9lda erre <strong>aut\u00f3ipari innov\u00e1ci\u00f3<\/strong>.<\/p>\n\n\n\n<p>K\u00edn\u00e1latok <strong>aut\u00f3ipari teljes\u00edtm\u00e9ny<\/strong> Egyenletes \u00e9s sima vezet\u00e9si \u00e9lm\u00e9ny, alapvet\u0151 funkci\u00f3k azok sz\u00e1m\u00e1ra, akik a k\u00f6vetkez\u0151ket keresik: <strong>modern, gazdas\u00e1gos aut\u00f3k<\/strong>.<\/p>\n\n\n\n<p>Ezenk\u00edv\u00fcl a tervez\u00e9se arra \u00f6sszpontos\u00edt, hogy <strong>fenntarthat\u00f3s\u00e1g a tranzitban<\/strong> egyikek\u00e9nt pozicion\u00e1lja <strong>fenntarthat\u00f3 j\u00e1rm\u0171vek<\/strong> vil\u00e1gszerte legink\u00e1bb csod\u00e1lt.<\/p>\n\n\n\n<h3 class=\"wp-block-heading\">Aut\u00f3ipari teljes\u00edtm\u00e9ny \u00e9s gazdas\u00e1goss\u00e1g<\/h3>\n\n\n\n<p>Ha amit keresel, az <strong>aut\u00f3ipari gazdas\u00e1g<\/strong>a Toyota Prius biztons\u00e1gos v\u00e1laszt\u00e1s. Ez <strong>hat\u00e9kony aut\u00f3<\/strong> \u00fagy tervezt\u00e9k, hogy maximaliz\u00e1lja a <strong>\u00fczemanyag-hat\u00e9konys\u00e1g<\/strong>, \u00fcgyelve arra, hogy minden csepp benzint b\u00f6lcsen haszn\u00e1ljanak fel.<\/p>\n\n\n\n<p>Az \u00f6v\u00e9 <strong>hat\u00e9kony benzinfogyaszt\u00e1s<\/strong> az egyik legnagyobb vonzereje, \u00e9s a h\u00edrneve az egyik legjobb <strong>legjobb hibrid aut\u00f3k<\/strong> ez nem v\u00e9letlen.<\/p>\n\n\n\n<p>A legut\u00f3bbiak <strong>hibrid aut\u00f3k \u00e9rt\u00e9kel\u00e9sei<\/strong> Kiemelik, hogy a Prius tov\u00e1bbra is az egyik <strong>kevesebb benzint fogyaszt\u00f3 aut\u00f3k<\/strong> a piacr\u00f3l.<\/p>\n\n\n\n<p>A kombin\u00e1ci\u00f3s k\u00e9pess\u00e9ge <strong>\u00fczemanyag-takar\u00e9kos aut\u00f3k<\/strong> tapasztalattal <strong>aut\u00f3ipari teljes\u00edtm\u00e9ny<\/strong> A kellemes valami olyasmi, amivel kev\u00e9s modell \u00e9rhet fel.<\/p>\n\n\n\n<h3 class=\"wp-block-heading\">Szem\u00e9lyes tapasztalat a Toyota Priusszal<\/h3>\n\n\n\n<p>Eml\u00e9kszem, amikor el\u0151sz\u00f6r pr\u00f3b\u00e1ltam ki egy Toyota Priust egy csal\u00e1di kir\u00e1ndul\u00e1son; milyen \u00e9rz\u00e9s volt vezetni egyet <strong>gazdas\u00e1gos aut\u00f3<\/strong> amely teljes\u00edtette az \u00edg\u00e9reteket a k\u00f6vetkez\u0151k tekintet\u00e9ben: <strong>\u00fczemanyag-fogyaszt\u00e1s<\/strong> Csod\u00e1latos volt.<\/p>\n\n\n\n<p>Els\u0151 k\u00e9zb\u0151l tapasztalhattam meg, hogyan <strong>aut\u00f3ipari technol\u00f3gia<\/strong> \u00e1talak\u00edthatja a mindennapi \u00e9lm\u00e9nyeket, biztos\u00edtva a <strong>hat\u00e9kony benzinfogyaszt\u00e1s<\/strong> \u00e9s a <strong>fenntarthat\u00f3s\u00e1g a tranzitban<\/strong>.<\/p>\n\n\n\n<p>Ha egy val\u00f3s p\u00e9ld\u00e1t szeretn\u00e9l tudni <strong>aut\u00f3ipari innov\u00e1ci\u00f3<\/strong> alkalmazott <strong>kevesebb benzint fogyaszt\u00f3 aut\u00f3k<\/strong>a Prius k\u00e9ts\u00e9gtelen\u00fcl kiv\u00e1l\u00f3 v\u00e1laszt\u00e1s.<\/p>\n\n\n\n<h2 class=\"wp-block-heading\">2. Hyundai Ioniq hibrid<\/h2>\n\n\n\n<h3 class=\"wp-block-heading\">Aut\u00f3ipari formatervez\u00e9s \u00e9s technol\u00f3gia<\/h3>\n\n\n\n<p>A Hyundai Ioniq Hybrid kiemelkedik a t\u00f6bbi k\u00f6z\u00fcl. <strong>legjobb hibrid aut\u00f3k<\/strong> az\u00e9rt, mert k\u00e9pes magas sz\u00ednvonalat k\u00edn\u00e1lni <strong>\u00fczemanyag-hat\u00e9konys\u00e1g<\/strong> \u00e9s egy meglep\u0151 <strong>aut\u00f3ipari teljes\u00edtm\u00e9ny<\/strong>.<\/p>\n\n\n\n<p>Ez a modell az egyik olyan modellk\u00e9nt ismert, <strong>gazdas\u00e1gos aut\u00f3k<\/strong> modernebb, \u00f6tv\u00f6zve az innovat\u00edv diz\u00e1jnt a legmodernebb technol\u00f3gi\u00e1val <strong>aut\u00f3ipari technol\u00f3gia<\/strong>.<\/p>\n\n\n\n<p>Az Ioniq egy\u00e9rtelm\u0171 p\u00e9lda erre <strong>aut\u00f3ipari innov\u00e1ci\u00f3<\/strong>mivel k\u00fcl\u00f6nf\u00e9le technol\u00f3gi\u00e1kat tartalmaz, amelyek optimaliz\u00e1lj\u00e1k a <strong>benzinfogyaszt\u00e1s<\/strong> \u00e9s n\u00e9pszer\u0171s\u00edtsenek egy <strong>\u00fczemanyag-fogyaszt\u00e1s<\/strong> kiv\u00e9teles.<\/p>\n\n\n\n<p>Ha keresel <strong>kevesebb benzint fogyaszt\u00f3 aut\u00f3k<\/strong> \u00e9s befektetni szeretn\u00e9l egy <strong>hat\u00e9kony aut\u00f3<\/strong>, a Hyundai Ioniq Hybrid egy olyan alternat\u00edva, amely egyes\u00edti <strong>k\u00f6rnyezetbar\u00e1t aut\u00f3k<\/strong> \u00e9s <strong>modern, gazdas\u00e1gos aut\u00f3k<\/strong>.<\/p>\n\n\n\n<h3 class=\"wp-block-heading\">\u00dczemanyag-fogyaszt\u00e1s \u00e9s fenntarthat\u00f3s\u00e1g a k\u00f6zleked\u00e9sben<\/h3>\n\n\n\n<p>A Hyundai Ioniq Hybrid egyik nagy el\u0151nye az elk\u00f6telezetts\u00e9ge a <strong>fenntarthat\u00f3s\u00e1g a tranzitban<\/strong>A maxim\u00e1lis teljes\u00edtm\u00e9ny el\u00e9r\u00e9s\u00e9re tervezett motoroknak k\u00f6sz\u00f6nhet\u0151en <strong>\u00fczemanyag-hat\u00e9konys\u00e1g<\/strong>, ez a modell el\u0151kel\u0151 helyet v\u00edvott ki mag\u00e1nak a <strong>\u00fczemanyag-takar\u00e9kos aut\u00f3k<\/strong>, mivel ez az el\u0151nyben r\u00e9szes\u00edtett opci\u00f3 azok sz\u00e1m\u00e1ra, akik val\u00f3di <strong>aut\u00f3ipari gazdas\u00e1g<\/strong>.<\/p>\n\n\n\n<p>Ugyanakkor a kialak\u00edt\u00e1sa hangs\u00falyozza a <strong>aut\u00f3ipari technol\u00f3gia<\/strong> a fejleszt\u00e9s\u00e9ben <strong>kevesebb benzint fogyaszt\u00f3 aut\u00f3k<\/strong>.<\/p>\n\n\n\n<p>Ezenk\u00edv\u00fcl a Hyundai Ioniq Hybridet \u00fagy tervezt\u00e9k, hogy ne csak kiv\u00e1l\u00f3 <strong>\u00fczemanyag-fogyaszt\u00e1s<\/strong>, de egyben egy <strong>aut\u00f3ipari teljes\u00edtm\u00e9ny<\/strong> ami garant\u00e1lja a biztons\u00e1got \u00e9s a k\u00e9nyelmet.<\/p>\n\n\n\n<p>Ez az egyens\u00faly a k\u00f6vetkez\u0151k k\u00f6z\u00f6tt: <strong>hat\u00e9kony benzinfogyaszt\u00e1s<\/strong> \u00e9s a vezet\u00e9si \u00e9lm\u00e9ny egy\u00e9rtelm\u0171 p\u00e9ld\u00e1ja az Ioniq-nak <strong>hat\u00e9kony aut\u00f3<\/strong>, s\u0151t, felaj\u00e1nlva is <strong>\u00fczemanyag-takar\u00e9koss\u00e1gi tippek<\/strong> ami seg\u00edthet cs\u00f6kkenteni a napi kiad\u00e1sokat.<\/p>\n\n\n\n<h3 class=\"wp-block-heading\">Tapasztalataim az Ioniq Hybriddel<\/h3>\n\n\n\n<p>Amikor teszteltem a Hyundai Ioniq Hybridet, els\u0151 k\u00e9zb\u0151l l\u00e1thattam a k\u00fcl\u00f6nbs\u00e9get, amit egy <strong>gazdas\u00e1gos aut\u00f3<\/strong> meg tudja csin\u00e1lni.<\/p>\n\n\n\n<p>A t\u00f6bbi modellel \u00f6sszehasonl\u00edtva a fogyaszt\u00e1s tekintet\u00e9ben az Ioniq kiemelkedett a t\u00f6bbi k\u00f6z\u00fcl. <strong>kevesebb benzint fogyaszt\u00f3 aut\u00f3k<\/strong>, bemutatva egy <strong>\u00fczemanyag-fogyaszt\u00e1s<\/strong> amely bemutatja, hogyan <strong>aut\u00f3ipari technol\u00f3gia<\/strong> hozz\u00e1j\u00e1rul a <strong>fenntarthat\u00f3s\u00e1g a tranzitban<\/strong>.<\/p>\n\n\n\n<p>Ez a tapasztalat meger\u0151s\u00edtett abban, hogy \u00e9rdemes befektetni <strong>modern, gazdas\u00e1gos aut\u00f3k<\/strong> \u00e9s a <strong>fenntarthat\u00f3 j\u00e1rm\u0171vek<\/strong> Okos d\u00f6nt\u00e9s mind a p\u00e9nzt\u00e1rc\u00e1d, mind a k\u00f6rnyezet szempontj\u00e1b\u00f3l.<\/p>\n\n\n\n<h2 class=\"wp-block-heading\">3. Honda Insight<\/h2>\n\n\n\n<h3 class=\"wp-block-heading\">Aut\u00f3ipari evol\u00faci\u00f3 \u00e9s teljes\u00edtm\u00e9ny<\/h3>\n\n\n\n<p>A Honda Insight egy m\u00e1sik p\u00e9lda erre. <strong>kevesebb benzint fogyaszt\u00f3 aut\u00f3k<\/strong> \u00e9s megvetette a l\u00e1b\u00e1t a <strong>legjobb hibrid aut\u00f3k<\/strong> fejlett funkci\u00f3inak k\u00f6sz\u00f6nhet\u0151en <strong>\u00fczemanyag-hat\u00e9konys\u00e1g<\/strong>.<\/p>\n\n\n\n<p>Ez a modell arr\u00f3l h\u00edres, hogy az egyik <strong>gazdas\u00e1gos aut\u00f3k<\/strong> amely t\u00f6k\u00e9letesen egyens\u00falyban tartja <strong>aut\u00f3ipari innov\u00e1ci\u00f3<\/strong> egy <strong>hat\u00e9kony benzinfogyaszt\u00e1s<\/strong>.<\/p>\n\n\n\n<p>Az Insight egyes\u00edti a hagyom\u00e1nyt \u00e9s a modernit\u00e1st, \u00e9s egy... <strong>aut\u00f3ipari teljes\u00edtm\u00e9ny<\/strong> amely a sima vezet\u00e9s\u00e9vel \u00e9s a megb\u00edzhat\u00f3s\u00e1g\u00e1val h\u00f3d\u00edt. <strong>aut\u00f3ipari technol\u00f3gia<\/strong>.<\/p>\n\n\n\n<p>Egy\u00e9rtelm\u0171en a k\u00f6vetkez\u0151re \u00f6sszpontos\u00edtva: <strong>aut\u00f3ipari gazdas\u00e1g<\/strong>a Honda Insight term\u00e9szetes v\u00e1laszt\u00e1s azok sz\u00e1m\u00e1ra, akik <strong>\u00fczemanyag-takar\u00e9kos aut\u00f3k<\/strong> \u00e9s olyan j\u00e1rm\u0171vet szeretn\u00e9nek, ami \u00f6tv\u00f6zi <strong>\u00fczemanyag-fogyaszt\u00e1s<\/strong> -vel <strong>fenntarthat\u00f3s\u00e1g a tranzitban<\/strong>.<\/p>\n\n\n\n<h3 class=\"wp-block-heading\">Technol\u00f3gia \u00e9s fogyaszt\u00f3i \u00f6sszehasonl\u00edt\u00e1s<\/h3>\n\n\n\n<p>K\u00fcl\u00f6nb\u00f6z\u0151 <strong>hibrid aut\u00f3k \u00e9rt\u00e9kel\u00e9sei<\/strong>a Honda Insight kiemelkedik azzal a k\u00e9pess\u00e9g\u00e9vel, hogy... <strong>benzinfogyaszt\u00e1s<\/strong> cs\u00f6kkenthet\u0151 an\u00e9lk\u00fcl, hogy vesz\u00e9lyeztetn\u00e9 <strong>aut\u00f3ipari teljes\u00edtm\u00e9ny<\/strong>.<\/p>\n\n\n\n<p>A <strong>fogyaszt\u00e1si \u00f6sszehasonl\u00edt\u00e1s<\/strong> a Bel\u00e1t\u00e1s \u00e9s m\u00e1sok k\u00f6z\u00f6tt <strong>modern, gazdas\u00e1gos aut\u00f3k<\/strong> azt mutatja, hogy a fejlett technol\u00f3gi\u00e1nak k\u00f6sz\u00f6nhet\u0151en <strong>aut\u00f3ipari technol\u00f3gia<\/strong>, lehets\u00e9ges olyan j\u00e1rm\u0171vel rendelkezni, amely egyes\u00edti a <strong>\u00fczemanyag-hat\u00e9konys\u00e1g<\/strong> kiv\u00e1l\u00f3 min\u0151s\u00e9g\u0171 vezet\u00e9si \u00e9lm\u00e9ny mellett.<\/p>\n\n\n\n<p>Ha keresel <strong>k\u00f6rnyezetbar\u00e1t aut\u00f3k<\/strong> \u00e9s <strong>hat\u00e9kony aut\u00f3k<\/strong>a Honda Insight egy\u00e9rtelm\u0171 p\u00e9lda arra, hogyan <strong>aut\u00f3ipari innov\u00e1ci\u00f3<\/strong> \u00e1talak\u00edthatja a vezet\u00e9si \u00e9lm\u00e9nyt, lehet\u0151v\u00e9 t\u00e9ve a <strong>\u00fczemanyag-fogyaszt\u00e1s<\/strong> k\u00e9zzelfoghat\u00f3 val\u00f3s\u00e1g legyen.<\/p>\n\n\n\n<p>Ez a modell k\u00e9ts\u00e9gtelen\u00fcl a f\u0151bb referenci\u00e1k k\u00f6z\u00f6tt van, ha a k\u00f6vetkez\u0151kr\u0151l van sz\u00f3: <strong>kevesebb benzint fogyaszt\u00f3 aut\u00f3k<\/strong>.<\/p>\n\n\n\n<h3 class=\"wp-block-heading\">Szem\u00e9lyes t\u00f6rt\u00e9net a Honda Insightr\u00f3l<\/h3>\n\n\n\n<p>Eml\u00e9kszem, besz\u00e9ltem egy bar\u00e1tommal, aki lelkesen \u00e9rdekl\u0151d\u00f6tt ir\u00e1nta <strong>aut\u00f3ipari gazdas\u00e1g<\/strong>, aki elmondta, milyen leny\u0171g\u00f6z\u0151 a Honda Insight a <strong>\u00fczemanyag-hat\u00e9konys\u00e1g<\/strong>.<\/p>\n\n\n\n<p>Amikor m\u00e1s j\u00e1rm\u0171vek fogyaszt\u00e1s\u00e1t hasonl\u00edtotta \u00f6ssze, hangs\u00falyozta, hogy az Insight az egyik <strong>gazdas\u00e1gos aut\u00f3k<\/strong> leny\u0171g\u00f6z\u0151bb, k\u00f6sz\u00f6nhet\u0151en annak a k\u00e9pess\u00e9g\u00e9nek, hogy egy <strong>fenntarthat\u00f3 j\u00e1rm\u0171<\/strong> amely figyelemre m\u00e9lt\u00f3 <strong>hat\u00e9kony benzinfogyaszt\u00e1s<\/strong>.<\/p>\n\n\n\n<p>Ez a gyakorlati tapasztalat seg\u00edtett meg\u00e9rtenem, hogyan <strong>legjobb hibrid aut\u00f3k<\/strong> val\u00f3ban v\u00e1ltoz\u00e1st hozhat a mindennapokban.<\/p>\n\n\n\n<h2 class=\"wp-block-heading\">4. Toyota Corolla hibrid<\/h2>\n\n\n\n<h3 class=\"wp-block-heading\">Hagyom\u00e1ny \u00e9s aut\u00f3ipari technol\u00f3gia<\/h3>\n\n\n\n<p>A Toyota Corolla Hybrid a vil\u00e1g egyik legh\u00edresebb szed\u00e1nj\u00e1nak hibrid v\u00e1ltozata. Ez a modell a Toyot\u00e1ra mindig is jellemz\u0151 megb\u00edzhat\u00f3s\u00e1got \u00f6tv\u00f6zi a legjobb tulajdons\u00e1gokkal. <strong>aut\u00f3ipari technol\u00f3gia<\/strong> jelenlegi.<\/p>\n\n\n\n<p>Mivel az egyik a <strong>kevesebb benzint fogyaszt\u00f3 aut\u00f3k<\/strong>a Corolla Hybrid garant\u00e1lja a <strong>\u00fczemanyag-hat\u00e9konys\u00e1g<\/strong> leny\u0171g\u00f6z\u0151, az egyik legy\u00e9l <strong>gazdas\u00e1gos aut\u00f3k<\/strong> fogyaszt\u00f3i kedvencek.<\/p>\n\n\n\n<p>A Corolla Hybrid nemcsak egy p\u00e9lda erre <strong>aut\u00f3ipari gazdas\u00e1g<\/strong>, de egyben szimboliz\u00e1lja is a <strong>legjobb hibrid aut\u00f3k<\/strong>.<\/p>\n\n\n\n<p>Az a k\u00e9pess\u00e9ge, hogy egy <strong>hat\u00e9kony benzinfogyaszt\u00e1s<\/strong> an\u00e9lk\u00fcl, hogy fel\u00e1ldozn\u00e1 a <strong>aut\u00f3ipari teljes\u00edtm\u00e9ny<\/strong> azt mutatja, hogy a v\u00e1laszt\u00e1s <strong>kevesebb benzint fogyaszt\u00f3 aut\u00f3k<\/strong> nem jelenti a min\u0151s\u00e9g \u00e9s a k\u00e9nyelem felad\u00e1s\u00e1t.<\/p>\n\n\n\n<p>Azok, akik keresnek <strong>modern, gazdas\u00e1gos aut\u00f3k<\/strong> \u00e9s <strong>fenntarthat\u00f3 j\u00e1rm\u0171vek<\/strong> A Corolla Hybridben olyan opci\u00f3t tal\u00e1lhat, amely \u00f6tv\u00f6zi a hagyom\u00e1nyt az avantg\u00e1rd st\u00edlussal <strong>aut\u00f3ipari technol\u00f3gia<\/strong>.<\/p>\n\n\n\n<h3 class=\"wp-block-heading\">\u00dczemanyag-fogyaszt\u00e1s \u00e9s fenntarthat\u00f3s\u00e1g<\/h3>\n\n\n\n<p>Ami a k\u00f6vetkez\u0151ket illeti <strong>\u00fczemanyag-fogyaszt\u00e1s<\/strong>A Toyota Corolla Hybrid kiemelkedik a hat\u00e9konys\u00e1g \u00e9s a praktikum \u00f6tv\u00f6z\u00e9s\u00e9nek k\u00e9pess\u00e9g\u00e9vel.<\/p>\n\n\n\n<p>Ez a modell ide\u00e1lis azok sz\u00e1m\u00e1ra, akik a k\u00f6vetkez\u0151ket keresik: <strong>\u00fczemanyag-takar\u00e9kos aut\u00f3k<\/strong> \u00e9s a k\u00e9nyelem vagy a modern diz\u00e1jn fel\u00e1ldoz\u00e1sa n\u00e9lk\u00fcl szeretn\u00e9k cs\u00f6kkenteni a k\u00f6lts\u00e9geket.<\/p>\n\n\n\n<p>Teljes\u00edtm\u00e9nye val\u00f3di <strong>hibrid aut\u00f3 teszt<\/strong> amelyben a <strong>fogyaszt\u00e1si \u00f6sszehasonl\u00edt\u00e1s<\/strong> a hagyom\u00e1nyos modellekkel kiemeli az olyan j\u00e1rm\u0171 v\u00e1laszt\u00e1s\u00e1nak el\u0151ny\u00e9t, amely a k\u00f6vetkez\u0151ket k\u00edn\u00e1lja: <strong>hat\u00e9kony benzinfogyaszt\u00e1s<\/strong>.<\/p>\n\n\n\n<p>A k\u00e9relmez\u00e9s <strong>aut\u00f3ipari technol\u00f3gia<\/strong> a Corolla Hybridben azt bizony\u00edtja, hogy a keres\u00e9s <strong>kevesebb benzint fogyaszt\u00f3 aut\u00f3k<\/strong> Nem kell, hogy a teljes\u00edtm\u00e9ny rov\u00e1s\u00e1ra menjen.<\/p>\n\n\n\n<p>\u00c9pp ellenkez\u0151leg, ez a modell azt mutatja, hogy a <strong>modern, gazdas\u00e1gos aut\u00f3k<\/strong> sz\u00f6vets\u00e9gesei lehetnek a <strong>aut\u00f3ipari gazdas\u00e1g<\/strong> \u00e9s a <strong>fenntarthat\u00f3s\u00e1g a tranzitban<\/strong>, olyan \u00e9lm\u00e9nyt ny\u00fajtva, <strong>aut\u00f3ipari teljes\u00edtm\u00e9ny<\/strong> ami mindk\u00e9t szeret\u0151t kiel\u00e9g\u00edti <strong>aut\u00f3ipari innov\u00e1ci\u00f3<\/strong> mint akik keresik <strong>\u00fczemanyag-takar\u00e9koss\u00e1gi tippek<\/strong> alkalmazhat\u00f3 a mindennapi \u00e9letben.<\/p>\n\n\n\n<h3 class=\"wp-block-heading\">Gyakori tapasztalat a Corolla Hybriddel<\/h3>\n\n\n\n<p>Sok tulajdonos szerint a Toyota Corolla Hybrid kiv\u00e1laszt\u00e1sa p\u00e1ratlan teljes\u00edtm\u00e9nye miatt volt d\u00f6nt\u0151. <strong>hat\u00e9kony benzinfogyaszt\u00e1s<\/strong> \u00e9s a vezet\u00e9s \u00e9rz\u00e9se <strong>hat\u00e9kony aut\u00f3<\/strong>.<\/p>\n\n\n\n<p>Egy koll\u00e9g\u00e1mmal folytatott k\u00f6tetlen besz\u00e9lget\u00e9s eszembe juttatta, mennyire fontos az aggodalom a <strong>\u00fczemanyag-fogyaszt\u00e1s<\/strong> \u00e9s a preferencia a <strong>fenntarthat\u00f3 j\u00e1rm\u0171vek<\/strong> \u00e1talak\u00edtott\u00e1k a forgalomr\u00f3l alkotott k\u00e9p\u00fcket. Ezek a t\u00f6rt\u00e9netek meger\u0151s\u00edtik, hogy amikor a forgalomr\u00f3l besz\u00e9l\u00fcnk <strong>kevesebb benzint fogyaszt\u00f3 aut\u00f3k<\/strong>A Corolla Hybrid egy olyan opci\u00f3, amely a hagyom\u00e1nyt a legjobbakkal \u00f6tv\u00f6zi. <strong>aut\u00f3ipari technol\u00f3gia<\/strong>.<\/p>\n\n\n\n<h2 class=\"wp-block-heading\">5. Kia Niro<\/h2>\n\n\n\n<h3 class=\"wp-block-heading\">Sokoldal\u00fas\u00e1g \u00e9s k\u00f6rnyezetbar\u00e1t aut\u00f3k<\/h3>\n\n\n\n<p>A Kia Niro az egyik leg\u00e9rdekesebb p\u00e9lda erre. <strong>modern, gazdas\u00e1gos aut\u00f3k<\/strong> \u00e9s <strong>legjobb hibrid aut\u00f3k<\/strong> kaphat\u00f3 a piacon.<\/p>\n\n\n\n<p>Ez a modell sokoldal\u00fas\u00e1g\u00e1val t\u0171nik ki, \u00e9s a legjobbak k\u00f6z\u00e9 tartozik. <strong>kevesebb benzint fogyaszt\u00f3 aut\u00f3k<\/strong> \u00e9s a <strong>hat\u00e9kony aut\u00f3k<\/strong> v\u00e1rosi k\u00f6zleked\u00e9sre \u00e9s hossz\u00fa utakra egyar\u00e1nt.<\/p>\n\n\n\n<p>A hibrid hat\u00e9konys\u00e1g\u00e1nak \u00e9s a crossoverek k\u00e9nyelm\u00e9nek \u00f6tv\u00f6z\u00e9s\u00e9re ir\u00e1nyul\u00f3 javaslata a ... egyik legmodernebb aut\u00f3ja. <strong>gazdas\u00e1gos aut\u00f3k<\/strong> ma a legk\u00edv\u00e1natosabb.<\/p>\n\n\n\n<p>A Kia Niro a leg\u00fajabb technol\u00f3gi\u00e1kat alkalmazza. <strong>aut\u00f3ipari technol\u00f3gia<\/strong> \u00e9s magas szint\u0171 <strong>\u00fczemanyag-hat\u00e9konys\u00e1g<\/strong>Ez a j\u00e1rm\u0171 ide\u00e1lis azok sz\u00e1m\u00e1ra, akik <strong>\u00fczemanyag-fogyaszt\u00e1s<\/strong> \u00e9s \u00e9lvezni szeretn\u00e9d egy <strong>hat\u00e9kony benzinfogyaszt\u00e1s<\/strong> a teljes\u00edtm\u00e9ny fel\u00e1ldoz\u00e1sa n\u00e9lk\u00fcl.<\/p>\n\n\n\n<p>Ezenk\u00edv\u00fcl a Niro a k\u00f6vetkez\u0151k k\u00f6z\u00f6tt szerepel: <strong>k\u00f6rnyezetbar\u00e1t aut\u00f3k<\/strong> \u00e9s <strong>fenntarthat\u00f3 j\u00e1rm\u0171vek<\/strong>, bemutatva, hogy lehets\u00e9ges egyes\u00edteni a designt, <strong>aut\u00f3ipari innov\u00e1ci\u00f3<\/strong> \u00e9s <strong>aut\u00f3ipari gazdas\u00e1g<\/strong> harmonikus m\u00f3don.<\/p>\n\n\n\n<h3 class=\"wp-block-heading\">Aut\u00f3ipari teljes\u00edtm\u00e9ny \u00e9s fogyaszt\u00e1s \u00f6sszehasonl\u00edt\u00e1sa<\/h3>\n\n\n\n<p>Egy r\u00e9szletes elemz\u00e9s azt mutatja, hogy a Kia Niro kiv\u00e1l\u00f3 <strong>fogyaszt\u00e1si \u00f6sszehasonl\u00edt\u00e1s<\/strong> amikor m\u00e1sokkal \u00f6sszehasonl\u00edtva <strong>\u00fczemanyag-takar\u00e9kos aut\u00f3k<\/strong>.<\/p>\n\n\n\n<p>Teljes\u00edtm\u00e9nye, p\u00e1rosulva a magas <strong>\u00fczemanyag-hat\u00e9konys\u00e1g<\/strong>, a k\u00f6z\u00e9 sorolja <strong>legjobb hibrid aut\u00f3k<\/strong> a piac, ami figyelemre m\u00e9lt\u00f3 <strong>\u00fczemanyag-fogyaszt\u00e1s<\/strong> mindennapi haszn\u00e1latra.<\/p>\n\n\n\n<p>Ez az egyens\u00faly a teljes\u00edtm\u00e9ny \u00e9s a gazdas\u00e1goss\u00e1g k\u00f6z\u00f6tt egy\u00e9rtelm\u0171 p\u00e9ld\u00e1v\u00e1 teszi a Nir\u00f3t <strong>aut\u00f3ipari teljes\u00edtm\u00e9ny<\/strong> amit sok sof\u0151r keres.<\/p>\n\n\n\n<p>T\u00f6bb Kia Niro tulajdonossal folytatott besz\u00e9lget\u00e9s sor\u00e1n a modellel val\u00f3 el\u00e9gedetts\u00e9gr\u0151l sz\u0171rtem le. <strong>hat\u00e9kony benzinfogyaszt\u00e1s<\/strong> \u00e9s a j\u00e1rm\u0171 megb\u00edzhat\u00f3s\u00e1ga, ami meger\u0151s\u00edti azt az elk\u00e9pzel\u00e9st, hogy a befektet\u00e9s <strong>kevesebb benzint fogyaszt\u00f3 aut\u00f3k<\/strong> B\u00f6lcs d\u00f6nt\u00e9s azok sz\u00e1m\u00e1ra, akik \u00e9rt\u00e9kelik a <strong>aut\u00f3ipari gazdas\u00e1g<\/strong> \u00e9s a <strong>fenntarthat\u00f3s\u00e1g a tranzitban<\/strong>.<\/p>\n\n\n\n<h2 class=\"wp-block-heading\">\u00dczemanyag-fogyaszt\u00e1s \u00e9s karbantart\u00e1si tippek<\/h2>\n\n\n\n<p>Az 5 kiemelt modell egyik\u00e9nek kiv\u00e1laszt\u00e1sa mellett fontos bizonyos szab\u00e1lyokat betartani <strong>\u00fczemanyag-takar\u00e9koss\u00e1gi tippek<\/strong> amelyek seg\u00edtenek fenntartani egy <strong>hat\u00e9kony benzinfogyaszt\u00e1s<\/strong> optim\u00e1lis.<\/p>\n\n\n\n<p>Az al\u00e1bbiakban n\u00e9h\u00e1ny aj\u00e1nl\u00e1st tal\u00e1l, amelyek mindenre vonatkoznak <strong>gazdas\u00e1gos aut\u00f3<\/strong>:<\/p>\n\n\n\n<ul>\n<li><strong>Tartsa naprak\u00e9szen a karbantart\u00e1st:<\/strong> Egy j\u00f3l karbantartott j\u00e1rm\u0171, legyen az ak\u00e1r az egyik <strong>legjobb hibrid aut\u00f3k<\/strong> vagy egy <strong>hat\u00e9kony aut\u00f3<\/strong>, mindig jobbat fog mutatni <strong>\u00fczemanyag-hat\u00e9konys\u00e1g<\/strong>Az optim\u00e1lis teljes\u00edtm\u00e9ny biztos\u00edt\u00e1sa \u00e9rdek\u00e9ben rendszeresen ellen\u0151rizze a gumiabroncsokat, a sz\u0171r\u0151ket \u00e9s a motorolajat. <strong>\u00fczemanyag-fogyaszt\u00e1s<\/strong>.<\/li>\n\n\n\n<li><strong>Vezess sim\u00e1n:<\/strong> A hirtelen gyors\u00edt\u00e1s \u00e9s f\u00e9kez\u00e9s elker\u00fcl\u00e9se seg\u00edt fenntartani a magas szint\u0171 biztons\u00e1got. <strong>aut\u00f3ipari teljes\u00edtm\u00e9ny<\/strong>, garant\u00e1lva a kiskor\u00fa <strong>benzinfogyaszt\u00e1s<\/strong>Ez a gyakorlat elengedhetetlen azok sz\u00e1m\u00e1ra, akik <strong>\u00fczemanyag-takar\u00e9kos aut\u00f3k<\/strong> \u00e9s k\u00e9nyelmes utaz\u00e1sra v\u00e1gyik.<\/li>\n\n\n\n<li><strong>Tervezze meg utaz\u00e1sait:<\/strong> Amikor csak lehets\u00e9ges, szervezze meg utaz\u00e1sait, \u00e9s ker\u00fclje a cs\u00facsforgalmi \u00f3r\u00e1kat. Ez nemcsak a <strong>aut\u00f3ipari gazdas\u00e1g<\/strong> de azt is el\u0151nyben r\u00e9szes\u00edti, <strong>fenntarthat\u00f3s\u00e1g a tranzitban<\/strong>.<\/li>\n\n\n\n<li><strong>Haszn\u00e1lja m\u00e9rt\u00e9kkel a l\u00e9gkondicion\u00e1l\u00f3t:<\/strong> A l\u00e9gkondicion\u00e1l\u00e1s t\u00falzott haszn\u00e1lata negat\u00edvan befoly\u00e1solhatja a <strong>\u00fczemanyag-hat\u00e9konys\u00e1g<\/strong>\u00c1ll\u00edtsa be a h\u0151m\u00e9rs\u00e9kletet, vagy haszn\u00e1ljon term\u00e9szetes szell\u0151z\u00e9st, ha lehets\u00e9ges, hogy fenntartsa a <strong>hat\u00e9kony benzinfogyaszt\u00e1s<\/strong>.<\/li>\n\n\n\n<li><strong>Fektess be a vezet\u00e9si technik\u00e1kba:<\/strong> Tanuljon vezet\u00e9si m\u00f3dszereket, amelyek a k\u00f6vetkez\u0151kre \u00f6sszpontos\u00edtanak: <strong>\u00fczemanyag-fogyaszt\u00e1s<\/strong> \u00e1talak\u00edthatja a vezet\u00e9si st\u00edlus\u00e1t, j\u00e1rm\u0171v\u00e9t a legjobb p\u00e9ld\u00e1v\u00e1 alak\u00edtva. <strong>k\u00f6rnyezetbar\u00e1t aut\u00f3k<\/strong> \u00e9s <strong>hat\u00e9kony aut\u00f3k<\/strong>.<\/li>\n<\/ul>\n\n\n\n<p>Ezek <strong>\u00fczemanyag-takar\u00e9koss\u00e1gi tippek<\/strong> olyan gyakorlatok, amelyek seg\u00edthetnek j\u00e1rm\u0171ve karbantart\u00e1s\u00e1ban \u2013 f\u00fcggetlen\u00fcl att\u00f3l, hogy az egyik a <strong>legjobb hibrid aut\u00f3k<\/strong> vagy egy <strong>modern, gazdas\u00e1gos aut\u00f3<\/strong>\u2013 mindig maxim\u00e1lis teljes\u00edtm\u00e9nyen m\u0171k\u00f6dik <strong>\u00fczemanyag-hat\u00e9konys\u00e1g<\/strong>.<\/p>\n\n\n\n<h2 class=\"wp-block-heading\">Z\u00e1r\u00f3 megfontol\u00e1sok<\/h2>\n\n\n\n<p>V\u00e1laszthat\u00f3 <strong>kevesebb benzint fogyaszt\u00f3 aut\u00f3k<\/strong> Ez messze t\u00falmutat a p\u00e9nzmegtakar\u00edt\u00e1son.<\/p>\n\n\n\n<p>Az 5 bemutatott modell \u2013 Toyota Prius, Hyundai Ioniq Hybrid, Honda Insight, Toyota Corolla Hybrid \u00e9s Kia Niro \u2013 egyik\u00e9nek kiv\u00e1laszt\u00e1s\u00e1val egy fenntarthat\u00f3bb j\u00f6v\u0151be fektet be, amelyet a k\u00f6vetkez\u0151k t\u00e1mogatnak: <strong>fenntarthat\u00f3 j\u00e1rm\u0171vek<\/strong> \u00e9s <strong>k\u00f6rnyezetbar\u00e1t aut\u00f3k<\/strong> amelyek az evol\u00faci\u00f3j\u00e1t k\u00e9pviselik <strong>aut\u00f3ipari technol\u00f3gia<\/strong>.<\/p>\n\n\n\n<p>Ezek <strong>gazdas\u00e1gos aut\u00f3k<\/strong> mutasd be, hogyan <strong>aut\u00f3ipari innov\u00e1ci\u00f3<\/strong> magas h\u0151m\u00e9rs\u00e9klet\u0171 j\u00e1rm\u0171vekhez vezethet <strong>\u00fczemanyag-hat\u00e9konys\u00e1g<\/strong>, biztos\u00edtva a val\u00f3di <strong>aut\u00f3ipari gazdas\u00e1g<\/strong> \u00e9s hozz\u00e1j\u00e1rulva a <strong>fenntarthat\u00f3s\u00e1g a tranzitban<\/strong>.<\/p>\n\n\n\n<p>Ezen modellek mindegyike kiemelkedik azzal a k\u00e9pess\u00e9g\u00e9vel, hogy <strong>hat\u00e9kony benzinfogyaszt\u00e1s<\/strong> an\u00e9lk\u00fcl, hogy fel\u00e1ldozn\u00e1 a <strong>aut\u00f3ipari teljes\u00edtm\u00e9ny<\/strong> \u00e9s a v\u00e1rhat\u00f3 min\u0151s\u00e9g <strong>hat\u00e9kony aut\u00f3<\/strong>.<\/p>\n\n\n\n<p>Ak\u00e1r a <strong>\u00fczemanyag-takar\u00e9koss\u00e1gi tippek<\/strong> vagy a saj\u00e1tj\u00e1n kereszt\u00fcl <strong>hibrid aut\u00f3 teszt<\/strong> hogy mi is \u00edgy tesz\u00fcnk, egy\u00e9rtelm\u0171, hogy a befektet\u00e9s <strong>\u00fczemanyag-takar\u00e9kos aut\u00f3k<\/strong> \u00e9s <strong>kevesebb benzint fogyaszt\u00f3 aut\u00f3k<\/strong> Ez egy alapvet\u0151 d\u00f6nt\u00e9s azok sz\u00e1m\u00e1ra, akik a hat\u00e9konys\u00e1got \u00e9s a fenntarthat\u00f3s\u00e1got keresik.<\/p>\n\n\n\n<h3 class=\"wp-block-heading\">Modellek \u00e9s el\u0151ny\u00f6k \u00f6sszefoglal\u00e1sa<\/h3>\n\n\n\n<ul>\n<li><strong>Toyota Prius:<\/strong> Egy ikon a <strong>gazdas\u00e1gos aut\u00f3k<\/strong> \u00e9s a <strong>legjobb hibrid aut\u00f3k<\/strong>a Prius magas <strong>\u00fczemanyag-hat\u00e9konys\u00e1g<\/strong> \u00e9s bizony\u00edtott tapasztalattal rendelkezik <strong>aut\u00f3ipari gazdas\u00e1g<\/strong>.<\/li>\n\n\n\n<li><strong>Hyundai Ioniq hibrid:<\/strong> Ez a modell a leg\u00fajabb technol\u00f3gi\u00e1kat \u00f6tv\u00f6zi <strong>aut\u00f3ipari technol\u00f3gia<\/strong> -vel <strong>aut\u00f3ipari innov\u00e1ci\u00f3<\/strong>, kiv\u00e1l\u00f3 <strong>hat\u00e9kony benzinfogyaszt\u00e1s<\/strong> \u00e9s pozicion\u00e1lja mag\u00e1t a <strong>k\u00f6rnyezetbar\u00e1t aut\u00f3k<\/strong>.<\/li>\n\n\n\n<li><strong>Honda Insight:<\/strong> A hagyom\u00e1nyt \u00e9s a modernit\u00e1st \u00f6tv\u00f6z\u0151 Insight referenciak\u00e9nt szolg\u00e1l a <strong>kevesebb benzint fogyaszt\u00f3 aut\u00f3k<\/strong>, szil\u00e1rd <strong>\u00fczemanyag-fogyaszt\u00e1s<\/strong> \u00e9s egy csod\u00e1latra m\u00e9lt\u00f3 <strong>aut\u00f3ipari teljes\u00edtm\u00e9ny<\/strong>.<\/li>\n\n\n\n<li><strong>Toyota Corolla hibrid:<\/strong> Egy szed\u00e1n, amely \u00f6tv\u00f6zi a hagyom\u00e1nyt a fejl\u0151d\u00e9ssel <strong>aut\u00f3ipari technol\u00f3gia<\/strong>a Corolla Hybrid erre egy p\u00e9lda <strong>modern, gazdas\u00e1gos aut\u00f3k<\/strong> \u00e9s egy hiteles <strong>hat\u00e9kony benzinfogyaszt\u00e1s<\/strong>.<\/li>\n\n\n\n<li><strong>Kia Niro:<\/strong> Sokoldal\u00fa \u00e9s praktikus, a Niro a legjav\u00e1t k\u00e9pviseli <strong>hat\u00e9kony aut\u00f3k<\/strong>, kombin\u00e1lva <strong>aut\u00f3ipari innov\u00e1ci\u00f3<\/strong> egy olyan kialak\u00edt\u00e1ssal, amely el\u0151t\u00e9rbe helyezi a <strong>aut\u00f3ipari gazdas\u00e1g<\/strong> \u00e9s a <strong>fenntarthat\u00f3s\u00e1g a tranzitban<\/strong>.<\/li>\n<\/ul>\n\n\n\n<p>Ezen modellek mindegyike bet\u00f6lti az egyik funkci\u00f3t <strong>kevesebb benzint fogyaszt\u00f3 aut\u00f3k<\/strong> a vil\u00e1gnak, bizony\u00edtva, hogy lehets\u00e9ges magas sz\u00ednvonalat el\u00e9rni <strong>\u00fczemanyag-hat\u00e9konys\u00e1g<\/strong> felad\u00e1s n\u00e9lk\u00fcl <strong>aut\u00f3ipari teljes\u00edtm\u00e9ny<\/strong>.<\/p>\n\n\n\n<p>\u0150k p\u00e9ld\u00e1k arra, <strong>\u00fczemanyag-takar\u00e9kos aut\u00f3k<\/strong> amelyek seg\u00edtenek cs\u00f6kkenteni a napi kiad\u00e1sokat \u00e9s el\u0151seg\u00edtik a k\u00f6vetkezetes <strong>\u00fczemanyag-fogyaszt\u00e1s<\/strong>, hozz\u00e1j\u00e1rulva ezzel egy vir\u00e1gz\u00f3bb j\u00f6v\u0151h\u00f6z <strong>fenntarthat\u00f3 sz\u00e1ll\u00edt\u00e1s k\u00f6zben<\/strong>.<\/p>\n\n\n\n<h2 class=\"wp-block-heading\">Befejez\u0151<\/h2>\n\n\n\n<p>R\u00f6viden, v\u00e1lasszon egyet az 5 kiemelt modell k\u00f6z\u00fcl \u2013 amelyek a legjobbat k\u00e9pviselik a\u2026 <strong>gazdas\u00e1gos aut\u00f3k<\/strong>, <strong>kevesebb benzint fogyaszt\u00f3 aut\u00f3k<\/strong> \u00e9s <strong>k\u00f6rnyezetbar\u00e1t aut\u00f3k<\/strong> \u2013 b\u00f6lcs d\u00f6nt\u00e9s azok sz\u00e1m\u00e1ra, akik \u00e9rt\u00e9kelik a <strong>aut\u00f3ipari gazdas\u00e1g<\/strong> \u00e9s a <strong>\u00fczemanyag-hat\u00e9konys\u00e1g<\/strong>.<\/p>\n\n\n\n<p>Ezen j\u00e1rm\u0171vek kiv\u00e1laszt\u00e1s\u00e1val a leg\u00fajabb technol\u00f3gi\u00e1kba is befektet. <strong>aut\u00f3ipari technol\u00f3gia<\/strong> \u00e9s a <strong>aut\u00f3ipari innov\u00e1ci\u00f3<\/strong> ami garant\u00e1l egy <strong>hat\u00e9kony benzinfogyaszt\u00e1s<\/strong> kiv\u00e1l\u00f3 fel\u00e1ldoz\u00e1sa n\u00e9lk\u00fcl <strong>aut\u00f3ipari teljes\u00edtm\u00e9ny<\/strong>.<\/p>\n\n\n\n<p>Rem\u00e9lj\u00fck, hogy ez a cikk seg\u00edtett jobban meg\u00e9rteni, hogyan <strong>legjobb hibrid aut\u00f3k<\/strong> \u00e9s a v\u00e1laszt\u00e1s fontoss\u00e1ga <strong>hat\u00e9kony aut\u00f3k<\/strong> az optim\u00e1lis el\u00e9r\u00e9s\u00e9hez <strong>\u00fczemanyag-fogyaszt\u00e1s<\/strong>.<\/p>\n\n\n\n<p>Mindegyik a <strong>\u00fczemanyag-takar\u00e9koss\u00e1gi tippek<\/strong> az itt bemutatott v\u00e1lasz meger\u0151s\u00edti azt az elk\u00e9pzel\u00e9st, hogy <strong>fenntarthat\u00f3 j\u00e1rm\u0171vek<\/strong> \u00e9s <strong>modern, gazdas\u00e1gos aut\u00f3k<\/strong> Ez egy befektet\u00e9s nemcsak a p\u00e9nzt\u00e1rc\u00e1dnak, hanem a bolyg\u00f3nak is.<\/p>\n\n\n\n<p>Ne feledd, hogy minden alkalommal, amikor v\u00e1lasztasz <strong>\u00fczemanyag-takar\u00e9kos aut\u00f3<\/strong> vagy egy olyan j\u00e1rm\u0171, amely el\u0151seg\u00edti a <strong>fenntarthat\u00f3s\u00e1g a tranzitban<\/strong>, hozz\u00e1j\u00e1rulsz egy olyan j\u00f6v\u0151h\u00f6z, ahol <strong>aut\u00f3ipari gazdas\u00e1g<\/strong> \u00e9s a <strong>aut\u00f3ipari innov\u00e1ci\u00f3<\/strong> k\u00e9z a k\u00e9zben haladnak el\u0151re.<\/p>\n\n\n\n<p>Ak\u00e1r azok <strong>\u00fczemanyag-takar\u00e9koss\u00e1gi tippek<\/strong>, <strong>hibrid aut\u00f3k \u00e9rt\u00e9kel\u00e9sei<\/strong> vagy egy egyszer\u0171 <strong>fogyaszt\u00e1si \u00f6sszehasonl\u00edt\u00e1s<\/strong>, minden r\u00e9szlet sz\u00e1m\u00edt, hogy j\u00e1rm\u0171ved igazi p\u00e9ld\u00e1ja legyen <strong>hat\u00e9kony aut\u00f3<\/strong> \u00e9s a <strong>modern, gazdas\u00e1gos aut\u00f3k<\/strong>.<\/p>\n\n\n\n<p>Legyen ez az utaz\u00e1s a vil\u00e1gegyetemen kereszt\u00fcl <strong>kevesebb benzint fogyaszt\u00f3 aut\u00f3k<\/strong> seg\u00edt\u00fcnk a legjobb d\u00f6nt\u00e9st meghozni \u00e9s \u00e9lvezni a vezet\u00e9s minden el\u0151ny\u00e9t <strong>gazdas\u00e1gos aut\u00f3<\/strong> ami t\u00e9nyleg k\u00edn\u00e1l <strong>\u00fczemanyag-hat\u00e9konys\u00e1g<\/strong>, <strong>aut\u00f3ipari gazdas\u00e1g<\/strong> \u00e9s egy magas <strong>aut\u00f3ipari teljes\u00edtm\u00e9ny<\/strong>.<\/p>\n\n\n\n<p>R\u00f6viden, azoknak, akik szeretn\u00e9k kombin\u00e1lni a <strong>aut\u00f3ipari innov\u00e1ci\u00f3<\/strong>, a <strong>aut\u00f3ipari technol\u00f3gia<\/strong> \u00e9s a <strong>fenntarthat\u00f3s\u00e1g a tranzitban<\/strong>Az 5 bemutatott aut\u00f3 \u2013 a Toyota Prius, a Hyundai Ioniq Hybrid, a Honda Insight, a Toyota Corolla Hybrid \u00e9s a Kia Niro \u2013 a piacon el\u00e9rhet\u0151 legjobb v\u00e1laszt\u00e1s.<\/p>\n\n\n\n<p>\u0150k k\u00e9pviselik a j\u00f6v\u0151t <strong>gazdas\u00e1gos aut\u00f3k<\/strong> \u00e9s a gyakorlatban bizony\u00edtani, hogy az elk\u00f6telezetts\u00e9g a <strong>\u00fczemanyag-fogyaszt\u00e1s<\/strong> \u00e9s a <strong>hat\u00e9kony benzinfogyaszt\u00e1s<\/strong> El\u00e9rhet\u0151 a k\u00e9nyelem felad\u00e1sa n\u00e9lk\u00fcl <strong>aut\u00f3ipari teljes\u00edtm\u00e9ny<\/strong>.<\/p>\n\n\n\n<p>Rem\u00e9lj\u00fck, hogy ez a cikk arra \u00f6szt\u00f6nzi \u00d6nt, hogy megalapozott d\u00f6nt\u00e9seket hozzon, \u00e9s \u00e9rt\u00e9kelje, hogy ezek mindegyike hogyan m\u0171k\u00f6dik. <strong>kevesebb benzint fogyaszt\u00f3 aut\u00f3k<\/strong> \u00e1talak\u00edthatja a vezet\u00e9si \u00e9lm\u00e9nyedet.<\/p>\n\n\n\n<p>Ezen ismeretek alkalmaz\u00e1s\u00e1val \u00e9s <strong>\u00fczemanyag-takar\u00e9koss\u00e1gi tippek<\/strong>, hozz\u00e1j\u00e1rulsz a fenntarthat\u00f3bb mobilit\u00e1shoz \u00e9s egy val\u00f3di <strong>aut\u00f3ipari gazdas\u00e1g<\/strong> ami a p\u00e9nzt\u00e1rc\u00e1dnak \u00e9s a bolyg\u00f3nknak is j\u00f3t tesz.<\/p>","protected":false},"excerpt":{"rendered":"<p>Az \u00fczemanyag-takar\u00e9kos aut\u00f3k, az \u00fczemanyag-takar\u00e9kos aut\u00f3k \u00e9s az \u00fczemanyag-takar\u00e9kos aut\u00f3k t\u00e9ma mindig felkelti az \u00e9rdekl\u0151d\u00e9st a k\u00f6lts\u00e9gvet\u00e9s-tudatos sof\u0151r\u00f6k, csal\u00e1dok \u00e9s az \u00fczemanyag-takar\u00e9koss\u00e1gra \u00e9s az \u00fczemanyag-hat\u00e9konys\u00e1gra t\u00f6rekv\u0151k k\u00f6r\u00e9ben. \u00dcgyf\u00e9lszolg\u00e1lat: Fedezze fel az al\u00e1bbi alkalmaz\u00e1sokat, vagy vegye fel a kapcsolatot \u00fcgyf\u00e9lszolg\u00e1latunkkal, tudassa vel\u00fcnk [\u2026]<\/p>","protected":false},"author":139,"featured_media":8848,"comment_status":"closed","ping_status":"open","sticky":false,"template":"","format":"standard","meta":{"footnotes":""},"categories":[5],"tags":[1923,1925,1927,1924,1926],"yoast_head":"<!-- This site is optimized with the Yoast SEO plugin v23.3 - https:\/\/yoast.com\/wordpress\/plugins\/seo\/ -->\n<title>Los 5 coches que consumen menos gasolina en el mundo - Universo Fam\u00edlia<\/title>\n<meta name=\"description\" content=\"Los 5 coches que consumen menos gasolina en el mundo. uando se habla de coches econ\u00f3micos, coches que consumen menos...\" \/>\n<meta name=\"robots\" content=\"index, follow, max-snippet:-1, max-image-preview:large, max-video-preview:-1\" \/>\n<link rel=\"canonical\" href=\"http:\/\/universofamilia.com\/hu\/los-5-coches-que-consumen-menos-gasolina-en-el-mundo\/\" \/>\n<meta property=\"og:locale\" content=\"hu_HU\" \/>\n<meta property=\"og:type\" content=\"article\" \/>\n<meta property=\"og:title\" content=\"Los 5 coches que consumen menos gasolina en el mundo - Universo Fam\u00edlia\" \/>\n<meta property=\"og:description\" content=\"Los 5 coches que consumen menos gasolina en el mundo. uando se habla de coches econ\u00f3micos, coches que consumen menos...\" \/>\n<meta property=\"og:url\" content=\"http:\/\/universofamilia.com\/hu\/los-5-coches-que-consumen-menos-gasolina-en-el-mundo\/\" \/>\n<meta property=\"og:site_name\" content=\"Universo Fam\u00edlia\" \/>\n<meta property=\"article:published_time\" content=\"2025-02-24T19:32:40+00:00\" \/>\n<meta property=\"article:modified_time\" content=\"2025-02-24T19:35:02+00:00\" \/>\n<meta property=\"og:image\" content=\"http:\/\/universofamilia.com\/wp-content\/uploads\/sites\/148\/2025\/02\/BLOCO-APP-ARTIGO-2-1.jpg\" \/>\n\t<meta property=\"og:image:width\" content=\"1080\" \/>\n\t<meta property=\"og:image:height\" content=\"1080\" \/>\n\t<meta property=\"og:image:type\" content=\"image\/jpeg\" \/>\n<meta name=\"author\" content=\"Pedro Henrique\" \/>\n<meta name=\"twitter:card\" content=\"summary_large_image\" \/>\n<meta name=\"twitter:label1\" content=\"Written by\" \/>\n\t<meta name=\"twitter:data1\" content=\"Pedro Henrique\" \/>\n\t<meta name=\"twitter:label2\" content=\"Est. reading time\" \/>\n\t<meta name=\"twitter:data2\" content=\"20 perc\" \/>\n<script type=\"application\/ld+json\" class=\"yoast-schema-graph\">{\"@context\":\"https:\/\/schema.org\",\"@graph\":[{\"@type\":\"WebPage\",\"@id\":\"http:\/\/universofamilia.com\/el\/los-5-coches-que-consumen-menos-gasolina-en-el-mundo\/\",\"url\":\"http:\/\/universofamilia.com\/el\/los-5-coches-que-consumen-menos-gasolina-en-el-mundo\/\",\"name\":\"Los 5 coches que consumen menos gasolina en el mundo - Universo Fam\u00edlia\",\"isPartOf\":{\"@id\":\"https:\/\/universofamilia.com\/el\/#website\"},\"primaryImageOfPage\":{\"@id\":\"http:\/\/universofamilia.com\/el\/los-5-coches-que-consumen-menos-gasolina-en-el-mundo\/#primaryimage\"},\"image\":{\"@id\":\"http:\/\/universofamilia.com\/el\/los-5-coches-que-consumen-menos-gasolina-en-el-mundo\/#primaryimage\"},\"thumbnailUrl\":\"https:\/\/universofamilia.com\/wp-content\/uploads\/sites\/148\/2025\/02\/BLOCO-APP-ARTIGO-2-1.jpg\",\"datePublished\":\"2025-02-24T19:32:40+00:00\",\"dateModified\":\"2025-02-24T19:35:02+00:00\",\"author\":{\"@id\":\"https:\/\/universofamilia.com\/el\/#\/schema\/person\/f07ce98187dd84d31154262e79b3b7ca\"},\"description\":\"Los 5 coches que consumen menos gasolina en el mundo. uando se habla de coches econ\u00f3micos, coches que consumen menos...\",\"breadcrumb\":{\"@id\":\"http:\/\/universofamilia.com\/el\/los-5-coches-que-consumen-menos-gasolina-en-el-mundo\/#breadcrumb\"},\"inLanguage\":\"hu\",\"potentialAction\":[{\"@type\":\"ReadAction\",\"target\":[\"http:\/\/universofamilia.com\/el\/los-5-coches-que-consumen-menos-gasolina-en-el-mundo\/\"]}]},{\"@type\":\"ImageObject\",\"inLanguage\":\"hu\",\"@id\":\"http:\/\/universofamilia.com\/el\/los-5-coches-que-consumen-menos-gasolina-en-el-mundo\/#primaryimage\",\"url\":\"https:\/\/universofamilia.com\/wp-content\/uploads\/sites\/148\/2025\/02\/BLOCO-APP-ARTIGO-2-1.jpg\",\"contentUrl\":\"https:\/\/universofamilia.com\/wp-content\/uploads\/sites\/148\/2025\/02\/BLOCO-APP-ARTIGO-2-1.jpg\",\"width\":1080,\"height\":1080,\"caption\":\"Los 5 coches que consumen menos gasolina en el mundo\"},{\"@type\":\"BreadcrumbList\",\"@id\":\"http:\/\/universofamilia.com\/el\/los-5-coches-que-consumen-menos-gasolina-en-el-mundo\/#breadcrumb\",\"itemListElement\":[{\"@type\":\"ListItem\",\"position\":1,\"name\":\"Home\",\"item\":\"https:\/\/universofamilia.com\/el\/\"},{\"@type\":\"ListItem\",\"position\":2,\"name\":\"Los 5 coches que consumen menos gasolina en el mundo\"}]},{\"@type\":\"WebSite\",\"@id\":\"https:\/\/universofamilia.com\/el\/#website\",\"url\":\"https:\/\/universofamilia.com\/el\/\",\"name\":\"Universo Fam\u00edlia\",\"description\":\"\",\"potentialAction\":[{\"@type\":\"SearchAction\",\"target\":{\"@type\":\"EntryPoint\",\"urlTemplate\":\"https:\/\/universofamilia.com\/el\/?s={search_term_string}\"},\"query-input\":\"required name=search_term_string\"}],\"inLanguage\":\"hu\"},{\"@type\":\"Person\",\"@id\":\"https:\/\/universofamilia.com\/el\/#\/schema\/person\/f07ce98187dd84d31154262e79b3b7ca\",\"name\":\"Pedro Henrique\",\"image\":{\"@type\":\"ImageObject\",\"inLanguage\":\"hu\",\"@id\":\"https:\/\/universofamilia.com\/el\/#\/schema\/person\/image\/\",\"url\":\"https:\/\/secure.gravatar.com\/avatar\/9edfeb808cb4e1599f64d6e45b130154?s=96&d=mm&r=g\",\"contentUrl\":\"https:\/\/secure.gravatar.com\/avatar\/9edfeb808cb4e1599f64d6e45b130154?s=96&d=mm&r=g\",\"caption\":\"Pedro Henrique\"},\"url\":\"https:\/\/universofamilia.com\/hu\/author\/editor01\/\"}]}<\/script>\n<!-- \/ Yoast SEO plugin. -->","yoast_head_json":{"title":"Los 5 coches que consumen menos gasolina en el mundo - Universo Fam\u00edlia","description":"Los 5 coches que consumen menos gasolina en el mundo. uando se habla de coches econ\u00f3micos, coches que consumen menos...","robots":{"index":"index","follow":"follow","max-snippet":"max-snippet:-1","max-image-preview":"max-image-preview:large","max-video-preview":"max-video-preview:-1"},"canonical":"http:\/\/universofamilia.com\/hu\/los-5-coches-que-consumen-menos-gasolina-en-el-mundo\/","og_locale":"hu_HU","og_type":"article","og_title":"Los 5 coches que consumen menos gasolina en el mundo - Universo Fam\u00edlia","og_description":"Los 5 coches que consumen menos gasolina en el mundo. uando se habla de coches econ\u00f3micos, coches que consumen menos...","og_url":"http:\/\/universofamilia.com\/hu\/los-5-coches-que-consumen-menos-gasolina-en-el-mundo\/","og_site_name":"Universo Fam\u00edlia","article_published_time":"2025-02-24T19:32:40+00:00","article_modified_time":"2025-02-24T19:35:02+00:00","og_image":[{"width":1080,"height":1080,"url":"http:\/\/universofamilia.com\/wp-content\/uploads\/sites\/148\/2025\/02\/BLOCO-APP-ARTIGO-2-1.jpg","type":"image\/jpeg"}],"author":"Pedro Henrique","twitter_card":"summary_large_image","twitter_misc":{"Written by":"Pedro Henrique","Est. reading time":"20 perc"},"schema":{"@context":"https:\/\/schema.org","@graph":[{"@type":"WebPage","@id":"http:\/\/universofamilia.com\/el\/los-5-coches-que-consumen-menos-gasolina-en-el-mundo\/","url":"http:\/\/universofamilia.com\/el\/los-5-coches-que-consumen-menos-gasolina-en-el-mundo\/","name":"Los 5 coches que consumen menos gasolina en el mundo - Universo Fam\u00edlia","isPartOf":{"@id":"https:\/\/universofamilia.com\/el\/#website"},"primaryImageOfPage":{"@id":"http:\/\/universofamilia.com\/el\/los-5-coches-que-consumen-menos-gasolina-en-el-mundo\/#primaryimage"},"image":{"@id":"http:\/\/universofamilia.com\/el\/los-5-coches-que-consumen-menos-gasolina-en-el-mundo\/#primaryimage"},"thumbnailUrl":"https:\/\/universofamilia.com\/wp-content\/uploads\/sites\/148\/2025\/02\/BLOCO-APP-ARTIGO-2-1.jpg","datePublished":"2025-02-24T19:32:40+00:00","dateModified":"2025-02-24T19:35:02+00:00","author":{"@id":"https:\/\/universofamilia.com\/el\/#\/schema\/person\/f07ce98187dd84d31154262e79b3b7ca"},"description":"Los 5 coches que consumen menos gasolina en el mundo. uando se habla de coches econ\u00f3micos, coches que consumen menos...","breadcrumb":{"@id":"http:\/\/universofamilia.com\/el\/los-5-coches-que-consumen-menos-gasolina-en-el-mundo\/#breadcrumb"},"inLanguage":"hu","potentialAction":[{"@type":"ReadAction","target":["http:\/\/universofamilia.com\/el\/los-5-coches-que-consumen-menos-gasolina-en-el-mundo\/"]}]},{"@type":"ImageObject","inLanguage":"hu","@id":"http:\/\/universofamilia.com\/el\/los-5-coches-que-consumen-menos-gasolina-en-el-mundo\/#primaryimage","url":"https:\/\/universofamilia.com\/wp-content\/uploads\/sites\/148\/2025\/02\/BLOCO-APP-ARTIGO-2-1.jpg","contentUrl":"https:\/\/universofamilia.com\/wp-content\/uploads\/sites\/148\/2025\/02\/BLOCO-APP-ARTIGO-2-1.jpg","width":1080,"height":1080,"caption":"Los 5 coches que consumen menos gasolina en el mundo"},{"@type":"BreadcrumbList","@id":"http:\/\/universofamilia.com\/el\/los-5-coches-que-consumen-menos-gasolina-en-el-mundo\/#breadcrumb","itemListElement":[{"@type":"ListItem","position":1,"name":"Home","item":"https:\/\/universofamilia.com\/el\/"},{"@type":"ListItem","position":2,"name":"Los 5 coches que consumen menos gasolina en el mundo"}]},{"@type":"WebSite","@id":"https:\/\/universofamilia.com\/el\/#website","url":"https:\/\/universofamilia.com\/el\/","name":"Universo Fam\u00edlia","description":"","potentialAction":[{"@type":"SearchAction","target":{"@type":"EntryPoint","urlTemplate":"https:\/\/universofamilia.com\/el\/?s={search_term_string}"},"query-input":"required name=search_term_string"}],"inLanguage":"hu"},{"@type":"Person","@id":"https:\/\/universofamilia.com\/el\/#\/schema\/person\/f07ce98187dd84d31154262e79b3b7ca","name":"Pedro Henrique","image":{"@type":"ImageObject","inLanguage":"hu","@id":"https:\/\/universofamilia.com\/el\/#\/schema\/person\/image\/","url":"https:\/\/secure.gravatar.com\/avatar\/9edfeb808cb4e1599f64d6e45b130154?s=96&d=mm&r=g","contentUrl":"https:\/\/secure.gravatar.com\/avatar\/9edfeb808cb4e1599f64d6e45b130154?s=96&d=mm&r=g","caption":"Pedro Henrique"},"url":"https:\/\/universofamilia.com\/hu\/author\/editor01\/"}]}},"_links":{"self":[{"href":"https:\/\/universofamilia.com\/hu\/wp-json\/wp\/v2\/posts\/8847"}],"collection":[{"href":"https:\/\/universofamilia.com\/hu\/wp-json\/wp\/v2\/posts"}],"about":[{"href":"https:\/\/universofamilia.com\/hu\/wp-json\/wp\/v2\/types\/post"}],"author":[{"embeddable":true,"href":"https:\/\/universofamilia.com\/hu\/wp-json\/wp\/v2\/users\/139"}],"replies":[{"embeddable":true,"href":"https:\/\/universofamilia.com\/hu\/wp-json\/wp\/v2\/comments?post=8847"}],"version-history":[{"count":4,"href":"https:\/\/universofamilia.com\/hu\/wp-json\/wp\/v2\/posts\/8847\/revisions"}],"predecessor-version":[{"id":8853,"href":"https:\/\/universofamilia.com\/hu\/wp-json\/wp\/v2\/posts\/8847\/revisions\/8853"}],"wp:featuredmedia":[{"embeddable":true,"href":"https:\/\/universofamilia.com\/hu\/wp-json\/wp\/v2\/media\/8848"}],"wp:attachment":[{"href":"https:\/\/universofamilia.com\/hu\/wp-json\/wp\/v2\/media?parent=8847"}],"wp:term":[{"taxonomy":"category","embeddable":true,"href":"https:\/\/universofamilia.com\/hu\/wp-json\/wp\/v2\/categories?post=8847"},{"taxonomy":"post_tag","embeddable":true,"href":"https:\/\/universofamilia.com\/hu\/wp-json\/wp\/v2\/tags?post=8847"}],"curies":[{"name":"wp","href":"https:\/\/api.w.org\/{rel}","templated":true}]}}