{"id":8859,"date":"2025-03-01T17:41:59","date_gmt":"2025-03-01T17:41:59","guid":{"rendered":"https:\/\/universofamilia.com\/?p=8859"},"modified":"2025-03-01T22:39:19","modified_gmt":"2025-03-01T22:39:19","slug":"cortes-de-pelo-con-ia","status":"publish","type":"post","link":"https:\/\/universofamilia.com\/hu\/cortes-de-pelo-con-ia\/","title":{"rendered":"Tapasztald meg a frizur\u00e1d megv\u00e1ltoztat\u00e1s\u00e1t ezzel a mesters\u00e9ges intelligencia alkalmaz\u00e1ssal"},"content":{"rendered":"<p class=\"has-text-align-center\">Hogyan m\u0171k\u00f6dik a mesters\u00e9ges intelligencia <strong>Forradalmas\u00edtja a haj \u00e1talakul\u00e1s\u00e1t<\/strong>.<\/p>\n\n\n\n    <div class=\"d-sm-block py-3 mx-auto px-3 mb-3\"\n        style=\"border-top: 1px solid rgb(204, 204, 204); border-bottom: 1px solid rgb(204, 204, 204);\">\n        <div class=\"text-center mb-4\">\n            <h6 class=\"pt-3 text-center text-gray-900 text-2xl title-font font-medium mb-12\">Tudd meg most!<\/h6>\n        <\/div>\n        <div class=\"row\">\n            <div class=\"col-lg-5 col-md-5 col-sm-12 mb-4 mb-lg-0\">\n                <img decoding=\"async\" alt=\"k\u00e1rtya\" style=\"height: 190px; object-fit: cover;\"\n                    class=\"w-100 h-100 object-cover object-center rounded border\" src=\"http:\/\/universofamilia.com\/wp-content\/uploads\/sites\/148\/2025\/03\/BLOCO-APP-ARTIGO.jpg\">\n            <\/div>\n            <div class=\"col-lg-7 col-md-7 col-sm-12 d-flex flex-column justify-content-between\">\n                <h3 class=\"text-gray-900 text-3xl title-font font-medium mb-1\">AI hajv\u00e1g\u00e1sok<\/h3>\n\n                                    <div class=\"flex\">\n                                                    <span\n                                class=\"inline-block mx-2 py-1 mx-2 rounded text-xs font-medium tracking-widest text-uppercase mr-2 bg-green-50 text-green-700\">HAJSZIMUL\u00c1TOR MESTERS\u00c9GES INTELLIGENCIA<\/span>\n                                            <\/div>\n                                <div class=\"d-block text-justify py-3\">V\u00e1ltoztasd meg a megjelen\u00e9sedet, miel\u0151tt szalonba m\u00e9sz a mesters\u00e9ges intelligencia \u00e1ltal fejlesztett hajv\u00e1g\u00e1sokkal. Pr\u00f3b\u00e1lj ki k\u00fcl\u00f6nb\u00f6z\u0151 v\u00e1g\u00e1sokat, sz\u00edneket \u00e9s frizur\u00e1kat fejlett arcfelismer\u0151 technol\u00f3gi\u00e1val \u00e9s val\u00f3s\u00e1gh\u0171 szimul\u00e1ci\u00f3val.<\/div>\n                <div class=\"mt-auto d-flex flex-column align-items-end\">\n                    <a class=\"d-inline-block text-center text-white border-0 py-2 px-8 text-lg focus:outline-none rounded bg-green-700 hover:bg-green-800 btn-block\"\n                        href=\"https:\/\/apkpure.com\/br\/try-hairstyles-ai-generate\/com.mobile.bizo.inpainting.haircut\/download\"                         data-analytics-label=\"landingPageFirstButton\" data-action=\"analytics#trackCTA\">\n                        Alkalmaz\u00e1s let\u00f6lt\u00e9se                    <\/a>\n                                            <div class=\"text-xs text-muted mt-3 d-block col-12 text-center\">\u00c1tir\u00e1ny\u00edtunk egy m\u00e1sik webhelyre<\/div>\n                                    <\/div>\n            <\/div>\n        <\/div>\n    <\/div>\n\n\n\n<p>Gondolt\u00e1l m\u00e1r arra, hogy teljesen megv\u00e1ltoztatod a st\u00edlusodat, miel\u0151tt oll\u00f3t fogt\u00e1l vagy befestetted a hajad?<\/p>\n\n\n\n<p>Most m\u00e1r lehets\u00e9ges egy mesters\u00e9ges intelligencia (MI) alkalmaz\u00e1ssal, amely lehet\u0151v\u00e9 teszi, hogy virtu\u00e1lisan kipr\u00f3b\u00e1lj k\u00fcl\u00f6nb\u00f6z\u0151 hajv\u00e1g\u00e1sokat, frizur\u00e1kat \u00e9s sz\u00edneket.<\/p>\n\n\n\n<p>N\u00e9h\u00e1ny koppint\u00e1ssal elk\u00e9pzelheted, hogyan n\u00e9zn\u00e9l ki egy \u00faj frizur\u00e1val, \u00e9s magabiztosabb d\u00f6nt\u00e9seket hozhatsz, miel\u0151tt ell\u00e1togatn\u00e1l a szalonba.<\/p>\n\n\n\n<h2 class=\"wp-block-heading\">Az alkalmaz\u00e1s f\u0151bb pontjai<\/h2>\n\n\n\n<p>Az \u201eAI Haircuts\u201d alkalmaz\u00e1s fejlett technol\u00f3gi\u00e1t haszn\u00e1l a hajv\u00e1g\u00e1sok szimul\u00e1l\u00e1s\u00e1ra \u00e9s a tincsek sz\u00edn\u00e9nek val\u00f3s idej\u0171 megv\u00e1ltoztat\u00e1s\u00e1ra. Csak t\u00f6lts fel egy fot\u00f3t, vagy haszn\u00e1ld a telefonod kamer\u00e1j\u00e1t az \u00faj lehet\u0151s\u00e9gek kipr\u00f3b\u00e1l\u00e1s\u00e1hoz.<\/p>\n\n\n\n<p>Az alkalmaz\u00e1s f\u0151bb jellemz\u0151i k\u00f6z\u00fcl a k\u00f6vetkez\u0151k emelkednek ki:<\/p>\n\n\n\n<ul>\n<li><strong>F\u00e9rfi \u00e9s n\u0151i hajv\u00e1g\u00e1sok szimul\u00e1ci\u00f3ja<\/strong> nagy pontoss\u00e1ggal.<\/li>\n\n\n\n<li><strong>Sz\u00edn- \u00e9s visszaver\u0151d\u00e9steszt<\/strong> hogy l\u00e1sd, hogyan illenek az arcodhoz a k\u00fcl\u00f6nb\u00f6z\u0151 \u00e1rnyalatok.<\/li>\n\n\n\n<li><strong>Fejlett mesters\u00e9ges intelligencia<\/strong>, amely az arc form\u00e1j\u00e1hoz \u00e9s a haj text\u00far\u00e1j\u00e1hoz igaz\u00edtja a st\u00edlusokat.<\/li>\n\n\n\n<li><strong>Ment\u00e9s \u00e9s megoszt\u00e1s opci\u00f3<\/strong> k\u00f6z\u00f6ss\u00e9gi m\u00e9dia \u00e1talak\u00edt\u00e1sok, hogy v\u00e9lem\u00e9nyeket szerezzenek bar\u00e1taikt\u00f3l.<\/li>\n<\/ul>\n\n\n\n<h3 class=\"wp-block-heading\">T\u00e1mogat\u00f3 csapat<\/h3>\n\n\n\n<p>B\u00f6ng\u00e9szd \u00e1t az al\u00e1bbi jelentkez\u00e9si lapokat, vagy vedd fel a kapcsolatot \u00fcgyf\u00e9lszolg\u00e1latunkkal, tudasd vel\u00fcnk, milyen t\u00edpus\u00fa profilt keresel, \u00e9s mi seg\u00edt\u00fcnk megtal\u00e1lni a sz\u00e1modra t\u00f6k\u00e9letes jelentkez\u00e9st.<\/p>\n\n\n    <section class=\"mx-1 my-10\">\n                                                <a href=\"https:\/\/www.messenger.com\/login.php?\" class=\"text-white\" data-analytics-label=\"optionsButton\"\n                    data-action=\"analytics#trackCTA\">\n                    <div data-options-target=\"option\"\n                        class=\"custom-section rounded-xl border p-3 shadow-md w-full bg-green-700 my-3\">\n                        <div class=\"flex w-full items-center justify-between\">\n                            <div class=\"flex items-center space-x-3\">\n                                <div class=\"text-lg font-bold\">\n                                    Besz\u00e9lget\u00e9s ind\u00edt\u00e1sa \u279d\n                                <\/div>\n                            <\/div>\n                        <\/div>\n                    <\/div>\n                <\/a>\n                            <p class=\"text-xs text-gray-500 text-right\"\n            style=\"margin-left: 50%; margin-bottom: 50px; margin-top: 5px;\">\n            <!-- You will be redirected to another website -->\n        <\/p>\n    <\/section>\n\n\n\n\n<h2 class=\"wp-block-heading\">Pr\u00f3b\u00e1ljon ki egy \u00faj frizur\u00e1t ezzel a mesters\u00e9ges intelligencia alkalmaz\u00e1ssal<\/h2>\n\n\n\n<p>Gyakori, hogy k\u00e9ts\u00e9geid vannak a frizurav\u00e1lt\u00e1s sor\u00e1n, \u00e9s a rossz v\u00e1g\u00e1s vagy sz\u00edn kiv\u00e1laszt\u00e1sa frusztr\u00e1l\u00f3 lehet. Egy hajszimul\u00e1ci\u00f3s alkalmaz\u00e1ssal elker\u00fclheted a megb\u00e1n\u00e1st, \u00e9s magabiztosabbnak \u00e9rezheted magad a v\u00e1laszt\u00e1sodban.<\/p>\n\n\n\n<h3 class=\"wp-block-heading\">Tesztel\u00e9s a v\u00e1lt\u00e1s el\u0151tt<\/h3>\n\n\n\n<p>Az alkalmaz\u00e1s egyik legnagyobb vonzereje az a lehet\u0151s\u00e9g, hogy <strong>pr\u00f3b\u00e1lj ki k\u00fcl\u00f6nb\u00f6z\u0151 st\u00edlusokat elk\u00f6telez\u0151d\u00e9s n\u00e9lk\u00fcl<\/strong>.<\/p>\n\n\n\n<p>Ha mindig is r\u00f6vid hajra v\u00e1gyt\u00e1l, de f\u00e9lt\u00e9l lev\u00e1gatni, vagy ha fantasy \u00e1rnyalatokkal k\u00eds\u00e9rletezn\u00e9l, most mindent realisztikusan elk\u00e9pzelhetsz, miel\u0151tt v\u00e9gs\u0151 d\u00f6nt\u00e9st hozol.<\/p>\n\n\n\n<h3 class=\"wp-block-heading\">Id\u0151 \u00e9s p\u00e9nz megtakar\u00edt\u00e1sa<\/h3>\n\n\n\n<p>A fodr\u00e1szatban t\u00f6rt\u00e9n\u0151 hajv\u00e1g\u00e1s dr\u00e1ga lehet, \u00e9s ha az eredm\u00e9ny nem olyan, mint amire sz\u00e1m\u00edtott\u00e1l, a korrekci\u00f3nak is \u00e1ra van.<\/p>\n\n\n\n<p>Az alkalmaz\u00e1ssal elker\u00fclheted a felesleges kiad\u00e1sokat, \u00e9s magabiztosabban v\u00e1laszthatod ki azt, ami igaz\u00e1n illik hozz\u00e1d.<\/p>\n\n\n\n<h3 class=\"wp-block-heading\">Trendk\u00f6vet\u00e9s<\/h3>\n\n\n\n<p>A mesters\u00e9ges intelligenci\u00e1n alapul\u00f3 sz\u00e9ps\u00e9g\u00e1pol\u00e1si alkalmaz\u00e1sok mindig naprak\u00e9szek a leg\u00fajabb trendekkel <strong>frizur\u00e1k \u00e9s sz\u00ednek trendjei<\/strong>\u00cdgy kipr\u00f3b\u00e1lhatsz modern \u00e9s innovat\u00edv st\u00edlusokat, miel\u0151tt a szalonba induln\u00e1l.<\/p>\n\n\n\n<p><\/p>\n\n\n\n<hr class=\"wp-block-separator has-alpha-channel-opacity is-style-wide\" \/>\n\n\n\n<h5 class=\"wp-block-heading has-text-align-center\"><strong>Olvasd el ezt is<\/strong><\/h5>\n\n\n    <section class=\"mx-1 my-10\">\n                                                <a href=\"https:\/\/universofamilia.com\/hu\/el-mejor-antivirus-para-tu-telefono-movil-2025\/\" class=\"text-white\" data-analytics-label=\"optionsButton\"\n                    data-action=\"analytics#trackCTA\">\n                    <div data-options-target=\"option\"\n                        class=\"custom-section rounded-xl border p-3 shadow-md w-full bg-green-700 my-3\">\n                        <div class=\"flex w-full items-center justify-between\">\n                            <div class=\"flex items-center space-x-3\">\n                                <div class=\"text-lg font-bold\">\n                                    A legjobb v\u00edrusirt\u00f3 mobiltelefonodra 2025-ben \u279d\n                                <\/div>\n                            <\/div>\n                        <\/div>\n                    <\/div>\n                <\/a>\n                                                            <a href=\"https:\/\/universofamilia.com\/hu\/nuevas-aplicaciones-gps-gratis-2025\/\" class=\"text-white\" data-analytics-label=\"optionsButton\"\n                    data-action=\"analytics#trackCTA\">\n                    <div data-options-target=\"option\"\n                        class=\"custom-section rounded-xl border p-3 shadow-md w-full bg-green-700 my-3\">\n                        <div class=\"flex w-full items-center justify-between\">\n                            <div class=\"flex items-center space-x-3\">\n                                <div class=\"text-lg font-bold\">\n                                    \u00daj ingyenes GPS alkalmaz\u00e1sok 2025-ben \u279d\n                                <\/div>\n                            <\/div>\n                        <\/div>\n                    <\/div>\n                <\/a>\n                                                            <a href=\"https:\/\/universofamilia.com\/hu\/mejores-apps-para-conocer-a-una-mujer\/\" class=\"text-white\" data-analytics-label=\"optionsButton\"\n                    data-action=\"analytics#trackCTA\">\n                    <div data-options-target=\"option\"\n                        class=\"custom-section rounded-xl border p-3 shadow-md w-full bg-green-700 my-3\">\n                        <div class=\"flex w-full items-center justify-between\">\n                            <div class=\"flex items-center space-x-3\">\n                                <div class=\"text-lg font-bold\">\n                                    Legjobb alkalmaz\u00e1sok n\u0151k megismer\u00e9s\u00e9hez \u279d\n                                <\/div>\n                            <\/div>\n                        <\/div>\n                    <\/div>\n                <\/a>\n                            <p class=\"text-xs text-gray-500 text-right hidden\"\n            style=\"margin-left: 50%; margin-bottom: 50px; margin-top: 5px;\">\n            <!-- You will be redirected to another website -->\n        <\/p>\n    <\/section>\n\n\n\n\n<p class=\"has-text-align-right\"><em><strong><em><strong><em><strong><em><strong><em><strong>Ugyanott fog maradni!<\/strong><\/em><\/strong><\/em><\/strong><\/em><\/strong><\/em><\/strong><\/em><\/p>\n\n\n\n<hr class=\"wp-block-separator has-alpha-channel-opacity is-style-wide\" \/>\n\n\n\n<p><\/p>\n\n\n\n<h2 class=\"wp-block-heading\">Exkluz\u00edv funkci\u00f3k a st\u00edlusod \u00e1talak\u00edt\u00e1s\u00e1hoz<\/h2>\n\n\n\n<p>Az \u201eAI Haircuts\u201d egyedi funkci\u00f3kat k\u00edn\u00e1l azok sz\u00e1m\u00e1ra, akik \u00faj hajv\u00e1g\u00e1si lehet\u0151s\u00e9geket szeretn\u00e9nek felfedezni:<\/p>\n\n\n\n<ul>\n<li><strong>Speci\u00e1lis sz\u00ednez\u0151sz\u0171r\u0151k<\/strong> hogy val\u00f3s id\u0151ben jelen\u00edtse meg a k\u00fcl\u00f6nb\u00f6z\u0151 \u00e1rnyalatokat.<\/li>\n\n\n\n<li><strong>Tov\u00e1bbfejlesztett arcfelismer\u00e9s<\/strong>, \u00fcgyelve arra, hogy a szab\u00e1s illeszkedjen az arc form\u00e1j\u00e1hoz.<\/li>\n\n\n\n<li><strong>Kiterjesztett val\u00f3s\u00e1g m\u00f3d<\/strong>, lehet\u0151v\u00e9 t\u00e9ve a st\u00edlusok \u00e9l\u0151 kipr\u00f3b\u00e1l\u00e1s\u00e1t.<\/li>\n\n\n\n<li><strong>Trendek K\u00f6nyvt\u00e1r<\/strong> a pillanat legn\u00e9pszer\u0171bb v\u00e1g\u00e1saival.<\/li>\n<\/ul>\n\n\n\n<h2 class=\"wp-block-heading\">Tippek a legjobb eredm\u00e9nyek el\u00e9r\u00e9s\u00e9hez az alkalmaz\u00e1sban<\/h2>\n\n\n\n<p>Annak \u00e9rdek\u00e9ben, hogy a szimul\u00e1ci\u00f3 a lehet\u0151 legrealisztikusabb legyen, k\u00f6vesse az al\u00e1bbi tippeket:<\/p>\n\n\n\n<ol>\n<li><strong>Haszn\u00e1ljon j\u00f3l megvil\u00e1g\u00edtott fot\u00f3t<\/strong> \u00e9s egy semleges h\u00e1tteret a jobb arcfelismer\u00e9s \u00e9rdek\u00e9ben.<\/li>\n\n\n\n<li><strong>Pr\u00f3b\u00e1ljon ki k\u00fcl\u00f6nb\u00f6z\u0151 sz\u00f6geket<\/strong> hogy elk\u00e9pzelje, hogyan n\u00e9zne ki a v\u00e1g\u00e1s vagy a sz\u00edn k\u00fcl\u00f6nb\u00f6z\u0151 perspekt\u00edv\u00e1kb\u00f3l.<\/li>\n\n\n\n<li><strong>K\u00eds\u00e9rletezzen k\u00fcl\u00f6nb\u00f6z\u0151 lehet\u0151s\u00e9gekkel<\/strong> miel\u0151tt v\u00e9gleges d\u00f6nt\u00e9st hozna.<\/li>\n\n\n\n<li><strong>Forduljon szakemberhez<\/strong> ha k\u00e9ts\u00e9gei vannak az \u00faj st\u00edlus \u00e9letk\u00e9pess\u00e9g\u00e9vel kapcsolatban.<\/li>\n<\/ol>\n\n\n\n<h2 class=\"wp-block-heading\">K\u00f6vetkeztet\u00e9s<\/h2>\n\n\n\n<p>A mesters\u00e9ges intelligencia forradalmas\u00edtotta a sz\u00e9ps\u00e9g\u00e1pol\u00e1s vil\u00e1g\u00e1t, \u00e9s most a frizura megv\u00e1ltoztat\u00e1sa k\u00f6nnyebb \u00e9s el\u00e9rhet\u0151bb, mint valaha.<\/p>\n\n\n\n<p>Az AI Haircuts alkalmaz\u00e1ssal \u00faj frizur\u00e1kat \u00e9s sz\u00edneket pr\u00f3b\u00e1lhatsz ki otthonod elhagy\u00e1sa n\u00e9lk\u00fcl, kock\u00e1zat n\u00e9lk\u00fcl.<\/p>\n\n\n\n<p>Amellett, hogy praktikus eszk\u00f6z, seg\u00edt jobb d\u00f6nt\u00e9seket hozni a st\u00edlusod megv\u00e1ltoztat\u00e1s\u00e1val kapcsolatban.<\/p>\n\n\n\n<p>Ha magabiztosan \u00e9s k\u00e9nyelmesen szeretn\u00e9d \u00e1talak\u00edtani a megjelen\u00e9sedet, ez az alkalmaz\u00e1s nagyszer\u0171 v\u00e1laszt\u00e1s. T\u00f6ltsd le most, \u00e9s fedezd fel a hajad legjobb verzi\u00f3j\u00e1t!<\/p>\n\n\n\n<h3 class=\"wp-block-heading\"><strong>Gyakran ism\u00e9telt k\u00e9rd\u00e9sek<\/strong><\/h3>\n\n\n\n<h4 class=\"wp-block-heading\"><strong>1. Mi az a mesters\u00e9ges intelligenci\u00e1n alapul\u00f3 hajform\u00e1z\u00f3 alkalmaz\u00e1s?<\/strong><\/h4>\n\n\n\n<p>Az alkalmaz\u00e1sok <strong>mesters\u00e9ges intelligencia a haj megv\u00e1ltoztat\u00e1s\u00e1hoz<\/strong> Ezek digit\u00e1lis eszk\u00f6z\u00f6k, amelyek lehet\u0151v\u00e9 teszik, hogy virtu\u00e1lisan kipr\u00f3b\u00e1lj k\u00fcl\u00f6nb\u00f6z\u0151 v\u00e1g\u00e1sokat, frizur\u00e1kat \u00e9s sz\u00edneket, miel\u0151tt val\u00f3di v\u00e1ltoz\u00e1st hozn\u00e1l.<\/p>\n\n\n\n<p>Ezek az alkalmaz\u00e1sok fejlett algoritmusokat haszn\u00e1lnak a st\u00edlusok val\u00f3s idej\u0171 szimul\u00e1l\u00e1s\u00e1ra, pontos \u00e9s szem\u00e9lyre szabott vizualiz\u00e1ci\u00f3t k\u00edn\u00e1lva.<\/p>\n\n\n\n<h4 class=\"wp-block-heading\"><strong>2. Hogyan m\u0171k\u00f6dnek a mesters\u00e9ges intelligenci\u00e1n alapul\u00f3 hajv\u00e1g\u00e1stesztel\u0151 alkalmaz\u00e1sok?<\/strong><\/h4>\n\n\n\n<p>Ezek az alkalmaz\u00e1sok haszn\u00e1lj\u00e1k <strong>arcfelismer\u00e9s \u00e9s mesters\u00e9ges intelligencia<\/strong> hogy felismerje az arcform\u00e1dat \u00e9s a hajszerkezetedet.<\/p>\n\n\n\n<p>Egy fot\u00f3 vagy \u00e9l\u0151 kamera seg\u00edts\u00e9g\u00e9vel az alkalmaz\u00e1s val\u00f3s\u00e1gh\u0171 effekteket alkalmaz, amelyek szimul\u00e1lj\u00e1k, hogyan n\u00e9zne ki egy \u00faj frizura vagy sz\u00edn. Ez lehet\u0151v\u00e9 teszi, hogy magabiztosabb d\u00f6nt\u00e9seket hozz, miel\u0151tt fodr\u00e1szhoz forduln\u00e1l.<\/p>\n\n\n\n<h4 class=\"wp-block-heading\"><strong>3. Megb\u00edzhat\u00f3-e a hajsz\u00edn \u00e9s a v\u00e1g\u00e1s szimul\u00e1ci\u00f3ja ezekben az alkalmaz\u00e1sokban?<\/strong><\/h4>\n\n\n\n<p>Igen, ezeknek az alkalmaz\u00e1soknak a legt\u00f6bbje <strong>hajv\u00e1g\u00e1s szimul\u00e1ci\u00f3<\/strong> Meglehet\u0151sen pontos k\u00e9pet adnak.<\/p>\n\n\n\n<p>Azonban olyan t\u00e9nyez\u0151k, mint a megvil\u00e1g\u00edt\u00e1s, a k\u00e9pmin\u0151s\u00e9g \u00e9s a hajt\u00edpus befoly\u00e1solhatj\u00e1k az eredm\u00e9nyt.<\/p>\n\n\n\n<p>A legjobb eredm\u00e9ny el\u00e9r\u00e9se \u00e9rdek\u00e9ben aj\u00e1nlott j\u00f3l megvil\u00e1g\u00edtott, nagy felbont\u00e1s\u00fa k\u00e9peket haszn\u00e1lni.<\/p>\n\n\n\n<h4 class=\"wp-block-heading\"><strong>4. Melyek a legjobb mesters\u00e9ges intelligenci\u00e1val t\u00e1mogatott hajform\u00e1z\u00f3 alkalmaz\u00e1sok?<\/strong><\/h4>\n\n\n\n<p>N\u00e9h\u00e1ny a legjobb alkalmaz\u00e1sok k\u00f6z\u00fcl:<\/p>\n\n\n\n<ul>\n<li><strong>AI hajv\u00e1g\u00e1sok<\/strong><\/li>\n\n\n\n<li><strong>YouCam smink<\/strong><\/li>\n\n\n\n<li><strong>Form\u00e1zd a hajam<\/strong> a L&#039;Or\u00e9alt\u00f3l<\/li>\n\n\n\n<li><strong>Hajsz\u00edn V\u00e1lt\u00f3<\/strong><\/li>\n\n\n\n<li><strong>Frizura Felpr\u00f3b\u00e1l\u00e1s<\/strong><br>Ezek az alkalmaz\u00e1sok <strong>sz\u00e9ps\u00e9g mesters\u00e9ges intelligenci\u00e1val<\/strong> lehet\u0151v\u00e9 teszi, hogy realisztikus \u00e9s szem\u00e9lyre szabott m\u00f3don pr\u00f3b\u00e1lj ki k\u00fcl\u00f6nb\u00f6z\u0151 frizur\u00e1kat \u00e9s sz\u00edneket.<\/li>\n<\/ul>\n\n\n\n<h4 class=\"wp-block-heading\"><strong>5. Ingyenesek a mesters\u00e9ges intelligencia alap\u00fa hajszimul\u00e1ci\u00f3s alkalmaz\u00e1sok?<\/strong><\/h4>\n\n\n\n<p>Ezen alkalmaz\u00e1sok k\u00f6z\u00fcl sok ingyenes verzi\u00f3t k\u00edn\u00e1l alapvet\u0151 funkci\u00f3kkal.<\/p>\n\n\n\n<p>N\u00e9h\u00e1ny azonban mag\u00e1ban foglalja <strong>pr\u00e9mium el\u0151fizet\u00e9sek<\/strong> amelyek olyan fejlett eszk\u00f6z\u00f6ket oldanak fel, mint a r\u00e9szletes testreszab\u00e1s, a 3D szimul\u00e1ci\u00f3k \u00e9s a pontosabb sz\u00ednez\u00e9si lehet\u0151s\u00e9gek.<\/p>\n\n\n\n<h4 class=\"wp-block-heading\"><strong>6. Val\u00f3s id\u0151ben lehet frizur\u00e1kat \u00e9s hajsz\u00edneket kipr\u00f3b\u00e1lni?<\/strong><\/h4>\n\n\n\n<p>Igen, n\u00e9h\u00e1ny alkalmaz\u00e1s enged\u00e9lyezi. <strong>v\u00e1ltoztasd meg a hajsz\u00ednedet \u00e9s st\u00edlusodat \u00e9l\u0151ben<\/strong> a mobil kamera haszn\u00e1lat\u00e1val.<\/p>\n\n\n\n<p>Ez interakt\u00edv \u00e9lm\u00e9nyt ny\u00fajt, \u00e9s megk\u00f6nny\u00edti a legjobb megjelen\u00e9s kiv\u00e1laszt\u00e1s\u00e1t fot\u00f3k felt\u00f6lt\u00e9se n\u00e9lk\u00fcl.<\/p>\n\n\n\n<h4 class=\"wp-block-heading\"><strong>7. Hol tudom let\u00f6lteni a legjobb mesters\u00e9ges intelligenci\u00e1val vez\u00e9relt hajform\u00e1z\u00f3 alkalmaz\u00e1sokat?<\/strong><\/h4>\n\n\n\n<p>Az alkalmaz\u00e1sok <strong>AI haj szimul\u00e1ci\u00f3<\/strong> el\u00e9rhet\u0151k:<\/p>\n\n\n\n<ul>\n<li><strong>Google Play \u00c1ruh\u00e1z<\/strong> Android-eszk\u00f6z\u00f6kh\u00f6z<\/li>\n\n\n\n<li><strong>App Store<\/strong> iOS-re<br>T\u00f6ltsd le a v\u00e1lasztott alkalmaz\u00e1st, \u00e9s k\u00eds\u00e9rletezz egy \u00faj st\u00edlussal m\u00e1sodpercek alatt.<\/li>\n<\/ul>","protected":false},"excerpt":{"rendered":"<p>C\u00f3mo la Inteligencia Artificial Est\u00e1 Revolucionando la Transformaci\u00f3n Capilar. \u00bfAlguna vez has pensado en cambiar completamente tu estilo antes de tomar las tijeras o el tinte? Ahora es posible con una aplicaci\u00f3n de inteligencia artificial (IA) que te permite probar diferentes cortes, peinados y colores de cabello de manera virtual. Con solo unos toques en [&hellip;]<\/p>","protected":false},"author":139,"featured_media":8860,"comment_status":"closed","ping_status":"open","sticky":false,"template":"","format":"standard","meta":{"footnotes":""},"categories":[2],"tags":[1935,1933,1932,1936,1934],"yoast_head":"<!-- This site is optimized with the Yoast SEO plugin v23.3 - https:\/\/yoast.com\/wordpress\/plugins\/seo\/ -->\n<title>Experimenta Cambiar el Estilo de tu Cabello con Esta App de IA - Universo Fam\u00edlia<\/title>\n<meta name=\"description\" content=\"Cortes de pelo con IA. C\u00f3mo la Inteligencia Artificial Est\u00e1 Revolucionando la Transformaci\u00f3n Capilar....\" \/>\n<meta name=\"robots\" content=\"index, follow, max-snippet:-1, max-image-preview:large, max-video-preview:-1\" \/>\n<link rel=\"canonical\" href=\"https:\/\/universofamilia.com\/hu\/cortes-de-pelo-con-ia\/\" \/>\n<meta property=\"og:locale\" content=\"hu_HU\" \/>\n<meta property=\"og:type\" content=\"article\" \/>\n<meta property=\"og:title\" content=\"Experimenta Cambiar el Estilo de tu Cabello con Esta App de IA - Universo Fam\u00edlia\" \/>\n<meta property=\"og:description\" content=\"Cortes de pelo con IA. C\u00f3mo la Inteligencia Artificial Est\u00e1 Revolucionando la Transformaci\u00f3n Capilar....\" \/>\n<meta property=\"og:url\" content=\"https:\/\/universofamilia.com\/hu\/cortes-de-pelo-con-ia\/\" \/>\n<meta property=\"og:site_name\" content=\"Universo Fam\u00edlia\" \/>\n<meta property=\"article:published_time\" content=\"2025-03-01T17:41:59+00:00\" \/>\n<meta property=\"article:modified_time\" content=\"2025-03-01T22:39:19+00:00\" \/>\n<meta property=\"og:image\" content=\"https:\/\/universofamilia.com\/wp-content\/uploads\/sites\/148\/2025\/03\/BLOCO-APP-ARTIGO.jpg\" \/>\n\t<meta property=\"og:image:width\" content=\"1080\" \/>\n\t<meta property=\"og:image:height\" content=\"1080\" \/>\n\t<meta property=\"og:image:type\" content=\"image\/jpeg\" \/>\n<meta name=\"author\" content=\"Pedro Henrique\" \/>\n<meta name=\"twitter:card\" content=\"summary_large_image\" \/>\n<meta name=\"twitter:label1\" content=\"Written by\" \/>\n\t<meta name=\"twitter:data1\" content=\"Pedro Henrique\" \/>\n\t<meta name=\"twitter:label2\" content=\"Est. reading time\" \/>\n\t<meta name=\"twitter:data2\" content=\"6 perc\" \/>\n<script type=\"application\/ld+json\" class=\"yoast-schema-graph\">{\"@context\":\"https:\/\/schema.org\",\"@graph\":[{\"@type\":\"WebPage\",\"@id\":\"https:\/\/universofamilia.com\/ru\/cortes-de-pelo-con-ia\/\",\"url\":\"https:\/\/universofamilia.com\/ru\/cortes-de-pelo-con-ia\/\",\"name\":\"Experimenta Cambiar el Estilo de tu Cabello con Esta App de IA - Universo Fam\u00edlia\",\"isPartOf\":{\"@id\":\"https:\/\/universofamilia.com\/el\/#website\"},\"primaryImageOfPage\":{\"@id\":\"https:\/\/universofamilia.com\/ru\/cortes-de-pelo-con-ia\/#primaryimage\"},\"image\":{\"@id\":\"https:\/\/universofamilia.com\/ru\/cortes-de-pelo-con-ia\/#primaryimage\"},\"thumbnailUrl\":\"https:\/\/universofamilia.com\/wp-content\/uploads\/sites\/148\/2025\/03\/BLOCO-APP-ARTIGO.jpg\",\"datePublished\":\"2025-03-01T17:41:59+00:00\",\"dateModified\":\"2025-03-01T22:39:19+00:00\",\"author\":{\"@id\":\"https:\/\/universofamilia.com\/el\/#\/schema\/person\/f07ce98187dd84d31154262e79b3b7ca\"},\"description\":\"Cortes de pelo con IA. C\u00f3mo la Inteligencia Artificial Est\u00e1 Revolucionando la Transformaci\u00f3n Capilar....\",\"breadcrumb\":{\"@id\":\"https:\/\/universofamilia.com\/ru\/cortes-de-pelo-con-ia\/#breadcrumb\"},\"inLanguage\":\"hu\",\"potentialAction\":[{\"@type\":\"ReadAction\",\"target\":[\"https:\/\/universofamilia.com\/ru\/cortes-de-pelo-con-ia\/\"]}]},{\"@type\":\"ImageObject\",\"inLanguage\":\"hu\",\"@id\":\"https:\/\/universofamilia.com\/ru\/cortes-de-pelo-con-ia\/#primaryimage\",\"url\":\"https:\/\/universofamilia.com\/wp-content\/uploads\/sites\/148\/2025\/03\/BLOCO-APP-ARTIGO.jpg\",\"contentUrl\":\"https:\/\/universofamilia.com\/wp-content\/uploads\/sites\/148\/2025\/03\/BLOCO-APP-ARTIGO.jpg\",\"width\":1080,\"height\":1080,\"caption\":\"Cortes de pelo con IA\"},{\"@type\":\"BreadcrumbList\",\"@id\":\"https:\/\/universofamilia.com\/ru\/cortes-de-pelo-con-ia\/#breadcrumb\",\"itemListElement\":[{\"@type\":\"ListItem\",\"position\":1,\"name\":\"Home\",\"item\":\"https:\/\/universofamilia.com\/el\/\"},{\"@type\":\"ListItem\",\"position\":2,\"name\":\"Experimenta Cambiar el Estilo de tu Cabello con Esta App de IA\"}]},{\"@type\":\"WebSite\",\"@id\":\"https:\/\/universofamilia.com\/el\/#website\",\"url\":\"https:\/\/universofamilia.com\/el\/\",\"name\":\"Universo Fam\u00edlia\",\"description\":\"\",\"potentialAction\":[{\"@type\":\"SearchAction\",\"target\":{\"@type\":\"EntryPoint\",\"urlTemplate\":\"https:\/\/universofamilia.com\/el\/?s={search_term_string}\"},\"query-input\":\"required name=search_term_string\"}],\"inLanguage\":\"hu\"},{\"@type\":\"Person\",\"@id\":\"https:\/\/universofamilia.com\/el\/#\/schema\/person\/f07ce98187dd84d31154262e79b3b7ca\",\"name\":\"Pedro Henrique\",\"image\":{\"@type\":\"ImageObject\",\"inLanguage\":\"hu\",\"@id\":\"https:\/\/universofamilia.com\/el\/#\/schema\/person\/image\/\",\"url\":\"https:\/\/secure.gravatar.com\/avatar\/9edfeb808cb4e1599f64d6e45b130154?s=96&d=mm&r=g\",\"contentUrl\":\"https:\/\/secure.gravatar.com\/avatar\/9edfeb808cb4e1599f64d6e45b130154?s=96&d=mm&r=g\",\"caption\":\"Pedro Henrique\"},\"url\":\"https:\/\/universofamilia.com\/hu\/author\/editor01\/\"}]}<\/script>\n<!-- \/ Yoast SEO plugin. -->","yoast_head_json":{"title":"Experimenta Cambiar el Estilo de tu Cabello con Esta App de IA - Universo Fam\u00edlia","description":"Cortes de pelo con IA. C\u00f3mo la Inteligencia Artificial Est\u00e1 Revolucionando la Transformaci\u00f3n Capilar....","robots":{"index":"index","follow":"follow","max-snippet":"max-snippet:-1","max-image-preview":"max-image-preview:large","max-video-preview":"max-video-preview:-1"},"canonical":"https:\/\/universofamilia.com\/hu\/cortes-de-pelo-con-ia\/","og_locale":"hu_HU","og_type":"article","og_title":"Experimenta Cambiar el Estilo de tu Cabello con Esta App de IA - Universo Fam\u00edlia","og_description":"Cortes de pelo con IA. C\u00f3mo la Inteligencia Artificial Est\u00e1 Revolucionando la Transformaci\u00f3n Capilar....","og_url":"https:\/\/universofamilia.com\/hu\/cortes-de-pelo-con-ia\/","og_site_name":"Universo Fam\u00edlia","article_published_time":"2025-03-01T17:41:59+00:00","article_modified_time":"2025-03-01T22:39:19+00:00","og_image":[{"width":1080,"height":1080,"url":"https:\/\/universofamilia.com\/wp-content\/uploads\/sites\/148\/2025\/03\/BLOCO-APP-ARTIGO.jpg","type":"image\/jpeg"}],"author":"Pedro Henrique","twitter_card":"summary_large_image","twitter_misc":{"Written by":"Pedro Henrique","Est. reading time":"6 perc"},"schema":{"@context":"https:\/\/schema.org","@graph":[{"@type":"WebPage","@id":"https:\/\/universofamilia.com\/ru\/cortes-de-pelo-con-ia\/","url":"https:\/\/universofamilia.com\/ru\/cortes-de-pelo-con-ia\/","name":"Experimenta Cambiar el Estilo de tu Cabello con Esta App de IA - Universo Fam\u00edlia","isPartOf":{"@id":"https:\/\/universofamilia.com\/el\/#website"},"primaryImageOfPage":{"@id":"https:\/\/universofamilia.com\/ru\/cortes-de-pelo-con-ia\/#primaryimage"},"image":{"@id":"https:\/\/universofamilia.com\/ru\/cortes-de-pelo-con-ia\/#primaryimage"},"thumbnailUrl":"https:\/\/universofamilia.com\/wp-content\/uploads\/sites\/148\/2025\/03\/BLOCO-APP-ARTIGO.jpg","datePublished":"2025-03-01T17:41:59+00:00","dateModified":"2025-03-01T22:39:19+00:00","author":{"@id":"https:\/\/universofamilia.com\/el\/#\/schema\/person\/f07ce98187dd84d31154262e79b3b7ca"},"description":"Cortes de pelo con IA. C\u00f3mo la Inteligencia Artificial Est\u00e1 Revolucionando la Transformaci\u00f3n Capilar....","breadcrumb":{"@id":"https:\/\/universofamilia.com\/ru\/cortes-de-pelo-con-ia\/#breadcrumb"},"inLanguage":"hu","potentialAction":[{"@type":"ReadAction","target":["https:\/\/universofamilia.com\/ru\/cortes-de-pelo-con-ia\/"]}]},{"@type":"ImageObject","inLanguage":"hu","@id":"https:\/\/universofamilia.com\/ru\/cortes-de-pelo-con-ia\/#primaryimage","url":"https:\/\/universofamilia.com\/wp-content\/uploads\/sites\/148\/2025\/03\/BLOCO-APP-ARTIGO.jpg","contentUrl":"https:\/\/universofamilia.com\/wp-content\/uploads\/sites\/148\/2025\/03\/BLOCO-APP-ARTIGO.jpg","width":1080,"height":1080,"caption":"Cortes de pelo con IA"},{"@type":"BreadcrumbList","@id":"https:\/\/universofamilia.com\/ru\/cortes-de-pelo-con-ia\/#breadcrumb","itemListElement":[{"@type":"ListItem","position":1,"name":"Home","item":"https:\/\/universofamilia.com\/el\/"},{"@type":"ListItem","position":2,"name":"Experimenta Cambiar el Estilo de tu Cabello con Esta App de IA"}]},{"@type":"WebSite","@id":"https:\/\/universofamilia.com\/el\/#website","url":"https:\/\/universofamilia.com\/el\/","name":"Universo Fam\u00edlia","description":"","potentialAction":[{"@type":"SearchAction","target":{"@type":"EntryPoint","urlTemplate":"https:\/\/universofamilia.com\/el\/?s={search_term_string}"},"query-input":"required name=search_term_string"}],"inLanguage":"hu"},{"@type":"Person","@id":"https:\/\/universofamilia.com\/el\/#\/schema\/person\/f07ce98187dd84d31154262e79b3b7ca","name":"Pedro Henrique","image":{"@type":"ImageObject","inLanguage":"hu","@id":"https:\/\/universofamilia.com\/el\/#\/schema\/person\/image\/","url":"https:\/\/secure.gravatar.com\/avatar\/9edfeb808cb4e1599f64d6e45b130154?s=96&d=mm&r=g","contentUrl":"https:\/\/secure.gravatar.com\/avatar\/9edfeb808cb4e1599f64d6e45b130154?s=96&d=mm&r=g","caption":"Pedro Henrique"},"url":"https:\/\/universofamilia.com\/hu\/author\/editor01\/"}]}},"_links":{"self":[{"href":"https:\/\/universofamilia.com\/hu\/wp-json\/wp\/v2\/posts\/8859"}],"collection":[{"href":"https:\/\/universofamilia.com\/hu\/wp-json\/wp\/v2\/posts"}],"about":[{"href":"https:\/\/universofamilia.com\/hu\/wp-json\/wp\/v2\/types\/post"}],"author":[{"embeddable":true,"href":"https:\/\/universofamilia.com\/hu\/wp-json\/wp\/v2\/users\/139"}],"replies":[{"embeddable":true,"href":"https:\/\/universofamilia.com\/hu\/wp-json\/wp\/v2\/comments?post=8859"}],"version-history":[{"count":2,"href":"https:\/\/universofamilia.com\/hu\/wp-json\/wp\/v2\/posts\/8859\/revisions"}],"predecessor-version":[{"id":8872,"href":"https:\/\/universofamilia.com\/hu\/wp-json\/wp\/v2\/posts\/8859\/revisions\/8872"}],"wp:featuredmedia":[{"embeddable":true,"href":"https:\/\/universofamilia.com\/hu\/wp-json\/wp\/v2\/media\/8860"}],"wp:attachment":[{"href":"https:\/\/universofamilia.com\/hu\/wp-json\/wp\/v2\/media?parent=8859"}],"wp:term":[{"taxonomy":"category","embeddable":true,"href":"https:\/\/universofamilia.com\/hu\/wp-json\/wp\/v2\/categories?post=8859"},{"taxonomy":"post_tag","embeddable":true,"href":"https:\/\/universofamilia.com\/hu\/wp-json\/wp\/v2\/tags?post=8859"}],"curies":[{"name":"wp","href":"https:\/\/api.w.org\/{rel}","templated":true}]}}