{"id":8886,"date":"2025-03-03T20:59:17","date_gmt":"2025-03-03T20:59:17","guid":{"rendered":"https:\/\/universofamilia.com\/?p=8886"},"modified":"2025-03-03T21:00:28","modified_gmt":"2025-03-03T21:00:28","slug":"lp-recuperar-fotos","status":"publish","type":"post","link":"https:\/\/universofamilia.com\/hu\/lp-recuperar-fotos\/","title":{"rendered":"T\u00f6r\u00f6lt fot\u00f3k vissza\u00e1ll\u00edt\u00e1sa ezzel az alkalmaz\u00e1ssal!"},"content":{"rendered":"<p class=\"has-text-align-center\">Utazz vissza az id\u0151ben egy szempillant\u00e1s alatt, \u00e9s <strong>visszaszerezni a szeretett fot\u00f3idat<\/strong> gyorsan \u00e9s egyszer\u0171en ezzel az alkalmaz\u00e1ssal!<\/p>\n\n\n    <section class=\"mx-1 my-10\">\n                                                <a href=\"https:\/\/universofamilia.com\/hu\/app-para-recuperar-fotos-borradas\/\" class=\"text-white\" data-analytics-label=\"optionsButton\"\n                    data-action=\"analytics#trackCTA\">\n                    <div data-options-target=\"option\"\n                        class=\"custom-section rounded-xl border p-3 shadow-md w-full bg-green-700 my-3\">\n                        <div class=\"flex w-full items-center justify-between\">\n                            <div class=\"flex items-center space-x-3\">\n                                <div class=\"text-lg font-bold\">\n                                    SZEREZZ BE EGY INGYENES FOT\u00d3-HELYRE\u00c1LL\u00cdT\u00d3 ALKALMAZ\u00c1ST MOST! \u279d\n                                <\/div>\n                            <\/div>\n                        <\/div>\n                    <\/div>\n                <\/a>\n                            <p class=\"text-xs text-gray-500 text-right hidden\"\n            style=\"margin-left: 50%; margin-bottom: 50px; margin-top: 5px;\">\n            <!-- You will be redirected to another website -->\n        <\/p>\n    <\/section>\n\n\n\n\n<p class=\"has-text-align-right\"><em><strong><em><strong><em><strong><em><strong><em><strong><strong>Ugyanott maradsz<\/strong><\/strong><\/em><\/strong><\/em><\/strong><\/em><\/strong><\/em><\/strong><\/em><\/p>\n\n\n\n<hr class=\"wp-block-separator has-alpha-channel-opacity is-style-wide\" \/>\n\n\n\n<p><\/p>\n\n\n\n<p class=\"has-text-align-left\">El\u0151fordult m\u00e1r, hogy elvesz\u00edtett\u00e9l fontos fot\u00f3kat, \u00e9s azt gondoltad, hogy nincs megold\u00e1s? Ne agg\u00f3dj! Van egy egyszer\u0171 m\u00f3dja a t\u00f6r\u00f6lt k\u00e9pek gond n\u00e9lk\u00fcli vissza\u00e1ll\u00edt\u00e1s\u00e1nak.<\/p>\n\n\n\n<p>Az alkalmaz\u00e1s <strong>T\u00f6r\u00f6lt fot\u00f3k helyre\u00e1ll\u00edt\u00e1sa<\/strong> Ez az egyik legjobb eszk\u00f6z a t\u00f6r\u00f6lt f\u00e1jlok vissza\u00e1ll\u00edt\u00e1s\u00e1ra az eszk\u00f6z\u00f6dr\u0151l. N\u00e9zz\u00fck meg, hogyan m\u0171k\u00f6dik, \u00e9s hogyan \u00e1ll\u00edthatod vissza a fot\u00f3idat most azonnal!<\/p>\n\n\n\n<p>A fot\u00f3k elveszt\u00e9se t\u00f6bbf\u00e9lek\u00e9ppen is el\u0151fordulhat: v\u00e9letlen t\u00f6rl\u00e9s, rendszerhiba, telefon form\u00e1z\u00e1sa vagy ak\u00e1r mem\u00f3riak\u00e1rtya meghib\u00e1sod\u00e1sa.<\/p>\n\n\n\n<p>Szerencs\u00e9re a technol\u00f3giai fejl\u0151d\u00e9snek k\u00f6sz\u00f6nhet\u0151en hat\u00e9kony megold\u00e1sok l\u00e9teznek ennek a probl\u00e9m\u00e1nak a kezel\u00e9s\u00e9re.<\/p>\n\n\n\n<h2 class=\"wp-block-heading\">Mit fogsz tanulni?<\/h2>\n\n\n\n<p>Ebben az \u00fatmutat\u00f3ban a k\u00f6vetkez\u0151ket fedezheti fel:<\/p>\n\n\n\n<ul>\n<li>Hogyan m\u0171k\u00f6dik <strong>T\u00f6r\u00f6lt fot\u00f3k helyre\u00e1ll\u00edt\u00e1sa<\/strong>.<\/li>\n\n\n\n<li>Amire sz\u00fcks\u00e9ged van a helyes haszn\u00e1lat\u00e1hoz.<\/li>\n\n\n\n<li>Kik profit\u00e1lhatnak ebb\u0151l az alkalmaz\u00e1sb\u00f3l?<\/li>\n\n\n\n<li>Hogyan maximaliz\u00e1lhat\u00f3 a f\u00e1jl-helyre\u00e1ll\u00edt\u00e1s.<\/li>\n\n\n\n<li>Sz\u00fcks\u00e9ges \u00f3vatoss\u00e1g a k\u00e9sz\u00fcl\u00e9k akkumul\u00e1tor\u00e1nak k\u00e1rosod\u00e1s\u00e1nak elker\u00fcl\u00e9se \u00e9rdek\u00e9ben.<\/li>\n\n\n\n<li>Hogy az alkalmaz\u00e1s ingyenes vagy fizet\u0151s opci\u00f3kat k\u00edn\u00e1l-e.<\/li>\n\n\n\n<li>Alternat\u00edv\u00e1k a f\u00e9nyk\u00e9pek helyre\u00e1ll\u00edt\u00e1s\u00e1ra alkalmaz\u00e1sok haszn\u00e1lata n\u00e9lk\u00fcl.<\/li>\n\n\n\n<li>Hogyan el\u0151zhet\u0151 meg a fot\u00f3k elveszt\u00e9se a j\u00f6v\u0151ben.<\/li>\n<\/ul>\n\n\n\n<p>Ha vissza szeretn\u00e9d \u00e1ll\u00edtani a fot\u00f3idat, olvass tov\u00e1bb a v\u00e9g\u00e9ig!<\/p>\n\n\n\n<h2 class=\"wp-block-heading\">Mire van sz\u00fcks\u00e9ged?<\/h2>\n\n\n\n<p>Miel\u0151tt elkezden\u00e9 a helyre\u00e1ll\u00edt\u00e1si folyamatot, fontos, hogy n\u00e9h\u00e1ny dolgot el\u0151k\u00e9sz\u00edtsen:<\/p>\n\n\n\n<ul>\n<li><strong><a href=\"https:\/\/universofamilia.com\/hu\/app-para-recuperar-fotos-borradas\/\">Olvasd el a teljes cikket<\/a><\/strong> hogy helyesen meg\u00e9rtsd a l\u00e9p\u00e9seket.<\/li>\n\n\n\n<li><strong>Internet-hozz\u00e1f\u00e9r\u00e9s<\/strong> az alkalmaz\u00e1s let\u00f6lt\u00e9s\u00e9hez \u00e9s friss\u00edt\u00e9s\u00e9hez.<\/li>\n\n\n\n<li><strong>Okostelefon vagy t\u00e1blag\u00e9p<\/strong> ahonnan a fot\u00f3kat elt\u00e1vol\u00edtott\u00e1k.<\/li>\n\n\n\n<li><strong>Ingyenes t\u00e1rhely<\/strong> a helyre\u00e1ll\u00edtott f\u00e1jlok ment\u00e9s\u00e9hez.<\/li>\n\n\n\n<li><strong>Hozz\u00e1f\u00e9r\u00e9s megad\u00e1sa<\/strong> az alkalmaz\u00e1shoz, hogy az megkereshesse a t\u00f6r\u00f6lt f\u00e1jlokat.<\/li>\n\n\n\n<li><strong>T\u00fcrelem<\/strong>, mivel a folyamat a t\u00f6r\u00f6lt f\u00e1jlok sz\u00e1m\u00e1t\u00f3l f\u00fcgg\u0151en eltarthat egy ideig.<\/li>\n\n\n\n<li><strong>Helyre\u00e1ll\u00edtott f\u00e1jlok biztons\u00e1gi ment\u00e9se<\/strong>, mivel a f\u00e9nyk\u00e9pek nem mindig garant\u00e1ltan az eredeti hely\u00fck\u00f6n maradnak.<\/li>\n<\/ul>\n\n\n\n<h2 class=\"wp-block-heading\">Kinek lesz haszna?<\/h2>\n\n\n\n<p>Ez az alkalmaz\u00e1s ide\u00e1lis a k\u00f6vetkez\u0151kh\u00f6z:<\/p>\n\n\n\n<ul>\n<li>Azok, akik v\u00e9letlen\u00fcl t\u00f6r\u00f6ltek f\u00e9nyk\u00e9peket, \u00e9s vissza szeretn\u00e9k \u00e1ll\u00edtani azokat.<\/li>\n\n\n\n<li>Azoknak, akiknek t\u00f6r\u00f6lt f\u00e1jlokat kell vissza\u00e1ll\u00edtaniuk r\u00e9gi eszk\u00f6z\u00f6kr\u0151l.<\/li>\n\n\n\n<li>Fot\u00f3sok \u00e9s tartalomk\u00e9sz\u00edt\u0151k, akik nem engedhetik meg maguknak, hogy lemaradjanak a fontos feljegyz\u00e9sekr\u0151l.<\/li>\n\n\n\n<li>B\u00e1rki, aki gyors \u00e9s egyszer\u0171 megold\u00e1st keres a k\u00e9pment\u00e9sre.<\/li>\n\n\n\n<li>Digit\u00e1lis dokumentumokat kezel\u0151 szakemberek, akiknek elveszett f\u00e1jlokat kell vissza\u00e1ll\u00edtaniuk.<\/li>\n<\/ul>\n\n\n    <section class=\"mx-1 my-10\">\n                                                <a href=\"https:\/\/universofamilia.com\/hu\/app-para-recuperar-fotos-borradas\/\" class=\"text-white\" data-analytics-label=\"optionsButton\"\n                    data-action=\"analytics#trackCTA\">\n                    <div data-options-target=\"option\"\n                        class=\"custom-section rounded-xl border p-3 shadow-md w-full bg-green-700 my-3\">\n                        <div class=\"flex w-full items-center justify-between\">\n                            <div class=\"flex items-center space-x-3\">\n                                <div class=\"text-lg font-bold\">\n                                    SZEREZZ BE EGY INGYENES FOT\u00d3-HELYRE\u00c1LL\u00cdT\u00d3 ALKALMAZ\u00c1ST MOST! \u279d\n                                <\/div>\n                            <\/div>\n                        <\/div>\n                    <\/div>\n                <\/a>\n                            <p class=\"text-xs text-gray-500 text-right hidden\"\n            style=\"margin-left: 50%; margin-bottom: 50px; margin-top: 5px;\">\n            <!-- You will be redirected to another website -->\n        <\/p>\n    <\/section>\n\n\n\n\n<p class=\"has-text-align-right\"><em><strong><em><strong><em><strong><em><strong><em><strong><strong>Ugyanott maradsz<\/strong><\/strong><\/em><\/strong><\/em><\/strong><\/em><\/strong><\/em><\/strong><\/em><\/p>\n\n\n\n<hr class=\"wp-block-separator has-alpha-channel-opacity is-style-wide\" \/>\n\n\n\n<p><\/p>\n\n\n\n<h2 class=\"wp-block-heading\">TIPP: MAXIMALIZ\u00c1LJA A HELYRE\u00c1LL\u00cdT\u00c1ST OKOS ELLEN\u0150RZ\u00c9SSEL<\/h2>\n\n\n\n<p><strong>T\u00f6r\u00f6lt fot\u00f3k helyre\u00e1ll\u00edt\u00e1sa<\/strong> lehet\u0151s\u00e9ge van <strong>Intelligens ellen\u0151rz\u00e9s<\/strong>, egy fejlett funkci\u00f3, amely m\u00e9lyrehat\u00f3 vizsg\u00e1latot v\u00e9gez az eszk\u00f6z t\u00e1rhely\u00e9n, hogy megtal\u00e1lja azokat a f\u00e9nyk\u00e9peket, amelyek esetleg nem jelennek meg egy gyorskeres\u00e9sben.<\/p>\n\n\n\n<p>Az aktiv\u00e1l\u00e1shoz egyszer\u0171en l\u00e9pjen az alkalmaz\u00e1s be\u00e1ll\u00edt\u00e1saiba, \u00e9s v\u00e1lassza a speci\u00e1lis vizsg\u00e1lat opci\u00f3t. Ez jelent\u0151sen n\u00f6velheti a f\u00e1jlok helyre\u00e1ll\u00edt\u00e1s\u00e1nak sikeress\u00e9gi ar\u00e1ny\u00e1t.<\/p>\n\n\n\n<p>Ker\u00fcld az eszk\u00f6z t\u00e1rhely\u00e9nek fel\u00fcl\u00edr\u00e1s\u00e1t is. Min\u00e9l kevesebb m\u00f3dos\u00edt\u00e1st hajtasz v\u00e9gre a telefonodon a t\u00f6rl\u00e9s ut\u00e1n, ann\u00e1l nagyobb az es\u00e9lye a sikeres helyre\u00e1ll\u00edt\u00e1snak.<\/p>\n\n\n\n<h2 class=\"wp-block-heading\">FIGYELMEZTET\u00c9S: \u00dcGYELJEN AZ AKKUMUL\u00c1TOR \u00c9LETTARTAMA IDEJ\u00c9VEL<\/h2>\n\n\n\n<p>Az alkalmaz\u00e1s intenz\u00edv haszn\u00e1lata jelent\u0151s akkumul\u00e1tor-\u00fczemid\u0151t ig\u00e9nyelhet, k\u00fcl\u00f6n\u00f6sen, ha a Smart Check funkci\u00f3t haszn\u00e1lod. A k\u00e9sz\u00fcl\u00e9k lemer\u00fcl\u00e9s\u00e9nek elker\u00fcl\u00e9se \u00e9rdek\u00e9ben a helyre\u00e1ll\u00edt\u00e1s sor\u00e1n k\u00f6vesse az al\u00e1bbi tippeket:<\/p>\n\n\n\n<ul>\n<li>A folyamat megkezd\u00e9se el\u0151tt csatlakoztassa a telefont egy t\u00f6lt\u0151h\u00f6z.<\/li>\n\n\n\n<li>Energiatakar\u00e9koss\u00e1g \u00e9rdek\u00e9ben cs\u00f6kkentse a k\u00e9perny\u0151 f\u00e9nyerej\u00e9t.<\/li>\n\n\n\n<li>Z\u00e1rja be a t\u00f6bbi h\u00e1tt\u00e9ralkalmaz\u00e1st a tov\u00e1bbi adatfelhaszn\u00e1l\u00e1s elker\u00fcl\u00e9se \u00e9rdek\u00e9ben.<\/li>\n\n\n\n<li>Ha lehets\u00e9ges, haszn\u00e1lja a k\u00e9sz\u00fcl\u00e9k energiatakar\u00e9kos m\u00f3dj\u00e1t.<\/li>\n\n\n\n<li>Haszn\u00e1lj Wi-Fi-t a mobilinternet helyett, hogy megakad\u00e1lyozd az eszk\u00f6z\u00f6d t\u00falmeleged\u00e9s\u00e9t.<\/li>\n<\/ul>\n\n\n\n<h2 class=\"wp-block-heading\">Ingyenes a T\u00f6r\u00f6lt Fot\u00f3k Helyre\u00e1ll\u00edt\u00e1sa alkalmaz\u00e1s?<\/h2>\n\n\n\n<p>Igen! <strong>T\u00f6r\u00f6lt fot\u00f3k helyre\u00e1ll\u00edt\u00e1sa<\/strong> ingyenesen let\u00f6lthet\u0151.<\/p>\n\n\n\n<p>Azonban n\u00e9h\u00e1ny fejlett funkci\u00f3, mint p\u00e9ld\u00e1ul a <strong>Intelligens ellen\u0151rz\u00e9s<\/strong>, el\u0151fordulhat, hogy csak a pr\u00e9mium verzi\u00f3ban \u00e9rhet\u0151 el.<\/p>\n\n\n\n<p>Ez azt jelenti, hogy ingyenesen kipr\u00f3b\u00e1lhatod az eszk\u00f6zt, majd eld\u00f6ntheted, hogy meg\u00e9rik-e a fizet\u0151s funkci\u00f3kba fektetni.<\/p>\n\n\n\n<p>Ha teljesen ingyenes megold\u00e1st keresel, vannak m\u00e1s lehet\u0151s\u00e9gek is, mint p\u00e9ld\u00e1ul <strong>Google Fot\u00f3k<\/strong> b\u00e1rmelyik <strong>OneDrive<\/strong>felt\u00e9ve, hogy a t\u00f6rl\u00e9s el\u0151tt biztons\u00e1gi m\u00e1solatot k\u00e9sz\u00edtett.<\/p>\n\n\n\n<h2 class=\"wp-block-heading\">Alternat\u00edv\u00e1k a f\u00e9nyk\u00e9pek alkalmaz\u00e1s n\u00e9lk\u00fcli helyre\u00e1ll\u00edt\u00e1s\u00e1hoz<\/h2>\n\n\n\n<ul>\n<li><strong>Google Fot\u00f3k<\/strong>: Ha az automatikus szinkroniz\u00e1l\u00e1s be van kapcsolva, a fot\u00f3id ak\u00e1r 60 napig is a Google Fot\u00f3k kuk\u00e1j\u00e1ban lehetnek.<\/li>\n\n\n\n<li><strong>Mem\u00f3riak\u00e1rtya<\/strong>: Ha SD-k\u00e1rty\u00e1ra menti a f\u00e9nyk\u00e9peket, haszn\u00e1lhatja a sz\u00e1m\u00edt\u00f3g\u00e9pen tal\u00e1lhat\u00f3 helyre\u00e1ll\u00edt\u00f3 szoftvert.<\/li>\n\n\n\n<li><strong>Rendszer Lomt\u00e1r<\/strong>N\u00e9h\u00e1ny eszk\u00f6z rendelkezik egy bels\u0151 kuk\u00e1val, amely egy meghat\u00e1rozott ideig t\u00e1rolja a t\u00f6r\u00f6lt f\u00e1jlokat.<\/li>\n<\/ul>\n\n\n\n<h2 class=\"wp-block-heading\">K\u00f6vetkeztet\u00e9s<\/h2>\n\n\n\n<p>A f\u00e9nyk\u00e9pek elveszt\u00e9se frusztr\u00e1l\u00f3 lehet, de <strong>T\u00f6r\u00f6lt fot\u00f3k helyre\u00e1ll\u00edt\u00e1sa<\/strong>, nagyszer\u0171 lehet\u0151s\u00e9ged van visszaszerezni \u0151ket.<\/p>\n\n\n\n<p>Ezen tippek k\u00f6vet\u00e9s\u00e9vel \u00e9s a \u201eSmart Check\u201d haszn\u00e1lat\u00e1val maximaliz\u00e1lhatja a siker es\u00e9lyeit.<\/p>\n\n\n\n<p>Ne feledd, hogy a folyamat eltarthat egy ideig \u00e9s fogyaszthatja az akkumul\u00e1tort, ez\u00e9rt \u00e9rdemes felk\u00e9sz\u00fclni a helyre\u00e1ll\u00edt\u00e1s megkezd\u00e9se el\u0151tt.<\/p>\n\n\n\n<h2 class=\"wp-block-heading\">Tov\u00e1bbi tippek<\/h2>\n\n\n\n<ul>\n<li>Ker\u00fcld a f\u00e9nyk\u00e9pek t\u00f6rl\u00e9s\u00e9t an\u00e9lk\u00fcl, hogy el\u0151tte biztons\u00e1gi m\u00e1solatot k\u00e9sz\u00edten\u00e9l r\u00f3luk a felh\u0151be.<\/li>\n\n\n\n<li>Hagyj szabad helyet az eszk\u00f6z\u00f6d\u00f6n a helyre\u00e1ll\u00edt\u00e1s megk\u00f6nny\u00edt\u00e9se \u00e9rdek\u00e9ben.<\/li>\n\n\n\n<li>Az alkalmaz\u00e1s haszn\u00e1lata el\u0151tt ellen\u0151rizd, hogy a fot\u00f3 csak a kuk\u00e1ba ker\u00fclt-e.<\/li>\n\n\n\n<li>Mindig megb\u00edzhat\u00f3 forr\u00e1sokb\u00f3l t\u00f6lts\u00f6n le adatment\u0151 alkalmaz\u00e1sokat.<\/li>\n\n\n\n<li>\u00c1ll\u00edtson be automatikus biztons\u00e1gi ment\u00e9st a j\u00f6v\u0151beni adatveszt\u00e9sek elker\u00fcl\u00e9se \u00e9rdek\u00e9ben.<\/li>\n\n\n\n<li>Haszn\u00e1ljon pendrive-okat vagy k\u00fcls\u0151 merevlemezeket a fontos f\u00e9nyk\u00e9pek t\u00e1rol\u00e1s\u00e1ra.<\/li>\n<\/ul>\n\n\n\n<p><strong>Most rajtad a sor!<\/strong> T\u00f6ltsd le a T\u00f6r\u00f6lt Fot\u00f3k Helyre\u00e1ll\u00edt\u00e1sa alkalmaz\u00e1st, \u00e9s szerezd vissza eml\u00e9keidet most azonnal.<\/p>\n\n\n\n<h3 class=\"wp-block-heading\">Gyakran ism\u00e9telt k\u00e9rd\u00e9sek a fot\u00f3-helyre\u00e1ll\u00edt\u00f3 alkalmaz\u00e1sokkal kapcsolatban<\/h3>\n\n\n\n<h4 class=\"wp-block-heading\">1. Mi az a t\u00f6r\u00f6lt fot\u00f3k helyre\u00e1ll\u00edt\u00e1s\u00e1ra szolg\u00e1l\u00f3 alkalmaz\u00e1s?<\/h4>\n\n\n\n<p>A t\u00f6r\u00f6lt fot\u00f3k helyre\u00e1ll\u00edt\u00e1s\u00e1ra szolg\u00e1l\u00f3 alkalmaz\u00e1sok olyan eszk\u00f6z\u00f6k, amelyek seg\u00edtenek a felhaszn\u00e1l\u00f3knak a v\u00e9letlen\u00fcl t\u00f6r\u00f6lt k\u00e9pek vissza\u00e1ll\u00edt\u00e1s\u00e1ban a mobileszk\u00f6zeikr\u0151l.<\/p>\n\n\n\n<p>Ezek az alkalmaz\u00e1sok fejlett algoritmusokat haszn\u00e1lnak a bels\u0151 t\u00e1rhely \u00e9s az SD-k\u00e1rtya \u00e1tvizsg\u00e1l\u00e1s\u00e1ra a m\u00e9g nem fel\u00fcl\u00edrt f\u00e1jlok ut\u00e1n kutatva.<\/p>\n\n\n\n<p>N\u00e9h\u00e1ny a legjobb alkalmaz\u00e1sok k\u00f6z\u00fcl: <strong>T\u00f6r\u00f6lt fot\u00f3k helyre\u00e1ll\u00edt\u00e1sa<\/strong>, <strong>LemezDigger<\/strong> \u00e9s <strong>EaseUS MobiSaver<\/strong>.<\/p>\n\n\n\n<h4 class=\"wp-block-heading\">2. Hogyan m\u0171k\u00f6dnek a fot\u00f3-helyre\u00e1ll\u00edt\u00f3 alkalmaz\u00e1sok?<\/h4>\n\n\n\n<p>Ezek az alkalmaz\u00e1sok \u00fagy m\u0171k\u00f6dnek, hogy beolvass\u00e1k azokat a mem\u00f3riaszektorokat, ahol a t\u00f6r\u00f6lt f\u00e9nyk\u00e9pek m\u00e9g mindig megtal\u00e1lhat\u00f3k, miel\u0151tt \u00faj adatokkal helyettes\u00edten\u00e9k \u0151ket.<\/p>\n\n\n\n<p>Egy m\u00e9lyrehat\u00f3 vizsg\u00e1lat elv\u00e9gz\u00e9s\u00e9vel k\u00e9pesek azonos\u00edtani \u00e9s helyre\u00e1ll\u00edtani a k\u00e9peket olyan form\u00e1tumokban, mint p\u00e9ld\u00e1ul <strong>JPEG, PNG, RAW<\/strong> \u00e9s m\u00e1sok. A <strong>fot\u00f3 helyre\u00e1ll\u00edt\u00e1s<\/strong> Akkor a leghat\u00e9konyabb, ha a felhaszn\u00e1l\u00f3 gyorsan cselekszik, \u00e9s elker\u00fcli az eszk\u00f6z t\u00e1rhely\u00e9nek fel\u00fcl\u00edr\u00e1s\u00e1t.<\/p>\n\n\n\n<h4 class=\"wp-block-heading\">3. Vissza lehet \u00e1ll\u00edtani a t\u00f6r\u00f6lt f\u00e9nyk\u00e9peket root n\u00e9lk\u00fcl?<\/h4>\n\n\n\n<p>Igen, egyes alkalmaz\u00e1sok lehet\u0151v\u00e9 teszik a f\u00e9nyk\u00e9pek root n\u00e9lk\u00fcli helyre\u00e1ll\u00edt\u00e1s\u00e1t, de bizonyos korl\u00e1toz\u00e1sokkal.<\/p>\n\n\n\n<p>A root hozz\u00e1f\u00e9r\u00e9s azonban speci\u00e1lis jogosults\u00e1gokat biztos\u00edt, amelyek jav\u00edtj\u00e1k a f\u00e1jl-helyre\u00e1ll\u00edt\u00e1si k\u00e9pess\u00e9geket az\u00e1ltal, hogy lehet\u0151v\u00e9 teszik a rendszer t\u00e1rhely\u00e9nek m\u00e9lyebb vizsg\u00e1lat\u00e1t.<\/p>\n\n\n\n<p>Alkalmaz\u00e1sok, mint p\u00e9ld\u00e1ul <strong>T\u00f6r\u00f6lt fot\u00f3k helyre\u00e1ll\u00edt\u00e1sa<\/strong> Nem root opci\u00f3kat k\u00edn\u00e1lnak, de a teljes helyre\u00e1ll\u00edt\u00e1shoz \u00e1ltal\u00e1ban tov\u00e1bbi enged\u00e9lyek sz\u00fcks\u00e9gesek.<\/p>\n\n\n\n<h4 class=\"wp-block-heading\">4. Biztons\u00e1gos-e adat-helyre\u00e1ll\u00edt\u00f3 alkalmaz\u00e1st haszn\u00e1lni?<\/h4>\n\n\n\n<p>Igen, amennyiben megb\u00edzhat\u00f3 forr\u00e1sb\u00f3l t\u00f6ltik le \u0151ket, mint p\u00e9ld\u00e1ul <strong>Google Play \u00c1ruh\u00e1z<\/strong> b\u00e1rmelyik <strong>Apple App Store<\/strong>.<\/p>\n\n\n\n<p>A legjobb alkalmaz\u00e1sok <strong>t\u00f6r\u00f6lt fot\u00f3k helyre\u00e1ll\u00edt\u00e1sa<\/strong> V\u00e9dik a felhaszn\u00e1l\u00f3k adatait, \u00e9s nem t\u00e1rolj\u00e1k vagy osztj\u00e1k meg a helyre\u00e1ll\u00edtott f\u00e1jlokat.<\/p>\n\n\n\n<p>Fontos, hogy elolvasd a v\u00e9lem\u00e9nyeket, \u00e9s ellen\u0151rizd az alkalmaz\u00e1s \u00e1ltal k\u00e9rt enged\u00e9lyeket a telep\u00edt\u00e9s el\u0151tt.<\/p>\n\n\n\n<h4 class=\"wp-block-heading\">5. Mennyi id\u0151 m\u00falva tudom vissza\u00e1ll\u00edtani egy fot\u00f3t a t\u00f6rl\u00e9se ut\u00e1n?<\/h4>\n\n\n\n<p>A helyre\u00e1ll\u00edt\u00e1si id\u0151 az eszk\u00f6z haszn\u00e1lat\u00e1t\u00f3l f\u00fcgg. Ha a f\u00e9nyk\u00e9peket nemr\u00e9g t\u00f6r\u00f6lt\u00e9k, \u00e9s a t\u00e1rhelyet nem \u00edrt\u00e1k fel\u00fcl \u00faj adatokkal, a siker es\u00e9lye magas.<\/p>\n\n\n\n<p>Ha azonban sok id\u0151 telt el, \u00e9s az eszk\u00f6z t\u00f6bb friss\u00edt\u00e9st vagy \u00faj alkalmaz\u00e1st kapott, a k\u00e9pf\u00e1jl-helyre\u00e1ll\u00edt\u00e1s nehezebb lehet.<\/p>\n\n\n\n<h4 class=\"wp-block-heading\">6. Ingyenesek a fot\u00f3-helyre\u00e1ll\u00edt\u00f3 alkalmaz\u00e1sok?<\/h4>\n\n\n\n<p>Ingyenes \u00e9s fizet\u0151s alkalmaz\u00e1sok is el\u00e9rhet\u0151k. Sok eszk\u00f6z k\u00edn\u00e1l ingyenes verzi\u00f3t alapvet\u0151 funkci\u00f3kkal. <strong>k\u00e9pment\u00e9s<\/strong>, de a speci\u00e1lis be\u00e1ll\u00edt\u00e1sok el\u00e9r\u00e9s\u00e9hez, mint p\u00e9ld\u00e1ul a <strong>m\u00e9lyrehat\u00f3 keres\u00e9s a t\u00f6r\u00f6lt f\u00e1jlok k\u00f6z\u00f6tt<\/strong>, meg kell v\u00e1s\u00e1rolnod a pr\u00e9mium verzi\u00f3t.<\/p>\n\n\n\n<p>\u00c9rdemes el\u0151sz\u00f6r az ingyenes opci\u00f3t kipr\u00f3b\u00e1lni, miel\u0151tt eld\u00f6nten\u00e9d, hogy meg\u00e9ri-e el\u0151fizet\u00e9st k\u00f6tni.<\/p>\n\n\n\n<h4 class=\"wp-block-heading\">7. Hogyan ker\u00fclhetj\u00fck el a f\u00e9nyk\u00e9pek elveszt\u00e9s\u00e9t a j\u00f6v\u0151ben?<\/h4>\n\n\n\n<p>A f\u00e9nyk\u00e9pek elveszt\u00e9s\u00e9nek elker\u00fcl\u00e9se \u00e9rdek\u00e9ben aj\u00e1nlott rendszeresen biztons\u00e1gi ment\u00e9st k\u00e9sz\u00edteni a felh\u0151be olyan szolg\u00e1ltat\u00e1sokkal, mint p\u00e9ld\u00e1ul <strong>Google Fot\u00f3k, iCloud<\/strong> b\u00e1rmelyik <strong>OneDrive<\/strong>.<\/p>\n\n\n\n<p>Az is hasznos, ha a fontos k\u00e9peket k\u00fcls\u0151 adatt\u00e1rol\u00f3 eszk\u00f6z\u00f6n vagy merevlemezen t\u00e1rolod. Ezenk\u00edv\u00fcl a telefon gal\u00e9ri\u00e1j\u00e1ban be\u00e1ll\u00edthatsz egy \u201elomt\u00e1r\u201d opci\u00f3t, amely lehet\u0151v\u00e9 teszi a t\u00f6r\u00f6lt k\u00e9pek vissza\u00e1ll\u00edt\u00e1s\u00e1t v\u00e9letlen hib\u00e1k eset\u00e9n.<\/p>","protected":false},"excerpt":{"rendered":"<p>Utazz vissza az id\u0151ben egy szempillant\u00e1s alatt, \u00e9s \u00e1ll\u00edtsd vissza szeretett fot\u00f3idat gyorsan \u00e9s egyszer\u0171en ezzel az alkalmaz\u00e1ssal! Ugyanott maradsz. Elvesztett\u00e9l m\u00e1r fontos fot\u00f3kat, \u00e9s azt hitted, nincs megold\u00e1s? Ne agg\u00f3dj! Van egy egyszer\u0171 m\u00f3dja a t\u00f6r\u00f6lt k\u00e9pek gond n\u00e9lk\u00fcli vissza\u00e1ll\u00edt\u00e1s\u00e1nak. A [\u2026]<\/p>","protected":false},"author":139,"featured_media":8887,"comment_status":"closed","ping_status":"open","sticky":false,"template":"","format":"standard","meta":{"footnotes":""},"categories":[2],"tags":[1960,1959,1958,1957,1389],"yoast_head":"<!-- This site is optimized with the Yoast SEO plugin v23.3 - https:\/\/yoast.com\/wordpress\/plugins\/seo\/ -->\n<title>Recupera fotos eliminadas con esta aplicaci\u00f3n! - Universo Fam\u00edlia<\/title>\n<meta name=\"description\" content=\"Recupera fotos eliminadas con esta aplicaci\u00f3n! \u00a1Viaja en el tiempo en un abrir y cerrar de ojos y recupera tus fotos queridas...\" \/>\n<meta name=\"robots\" content=\"index, follow, max-snippet:-1, max-image-preview:large, max-video-preview:-1\" \/>\n<link rel=\"canonical\" href=\"https:\/\/universofamilia.com\/hu\/lp-recuperar-fotos\/\" \/>\n<meta property=\"og:locale\" content=\"hu_HU\" \/>\n<meta property=\"og:type\" content=\"article\" \/>\n<meta property=\"og:title\" content=\"Recupera fotos eliminadas con esta aplicaci\u00f3n! - Universo Fam\u00edlia\" \/>\n<meta property=\"og:description\" content=\"Recupera fotos eliminadas con esta aplicaci\u00f3n! \u00a1Viaja en el tiempo en un abrir y cerrar de ojos y recupera tus fotos queridas...\" \/>\n<meta property=\"og:url\" content=\"https:\/\/universofamilia.com\/hu\/lp-recuperar-fotos\/\" \/>\n<meta property=\"og:site_name\" content=\"Universo Fam\u00edlia\" \/>\n<meta property=\"article:published_time\" content=\"2025-03-03T20:59:17+00:00\" \/>\n<meta property=\"article:modified_time\" content=\"2025-03-03T21:00:28+00:00\" \/>\n<meta property=\"og:image\" content=\"https:\/\/universofamilia.com\/wp-content\/uploads\/sites\/148\/2025\/03\/BLOCO-APP-ARTIGO-4.jpg\" \/>\n\t<meta property=\"og:image:width\" content=\"1080\" \/>\n\t<meta property=\"og:image:height\" content=\"1080\" \/>\n\t<meta property=\"og:image:type\" content=\"image\/jpeg\" \/>\n<meta name=\"author\" content=\"Pedro Henrique\" \/>\n<meta name=\"twitter:card\" content=\"summary_large_image\" \/>\n<meta name=\"twitter:label1\" content=\"Written by\" \/>\n\t<meta name=\"twitter:data1\" content=\"Pedro Henrique\" \/>\n\t<meta name=\"twitter:label2\" content=\"Est. reading time\" \/>\n\t<meta name=\"twitter:data2\" content=\"8 perc\" \/>\n<script type=\"application\/ld+json\" class=\"yoast-schema-graph\">{\"@context\":\"https:\/\/schema.org\",\"@graph\":[{\"@type\":\"WebPage\",\"@id\":\"https:\/\/universofamilia.com\/de\/lp-recuperar-fotos\/\",\"url\":\"https:\/\/universofamilia.com\/de\/lp-recuperar-fotos\/\",\"name\":\"Recupera fotos eliminadas con esta aplicaci\u00f3n! - Universo Fam\u00edlia\",\"isPartOf\":{\"@id\":\"https:\/\/universofamilia.com\/el\/#website\"},\"primaryImageOfPage\":{\"@id\":\"https:\/\/universofamilia.com\/de\/lp-recuperar-fotos\/#primaryimage\"},\"image\":{\"@id\":\"https:\/\/universofamilia.com\/de\/lp-recuperar-fotos\/#primaryimage\"},\"thumbnailUrl\":\"https:\/\/universofamilia.com\/wp-content\/uploads\/sites\/148\/2025\/03\/BLOCO-APP-ARTIGO-4.jpg\",\"datePublished\":\"2025-03-03T20:59:17+00:00\",\"dateModified\":\"2025-03-03T21:00:28+00:00\",\"author\":{\"@id\":\"https:\/\/universofamilia.com\/el\/#\/schema\/person\/f07ce98187dd84d31154262e79b3b7ca\"},\"description\":\"Recupera fotos eliminadas con esta aplicaci\u00f3n! \u00a1Viaja en el tiempo en un abrir y cerrar de ojos y recupera tus fotos queridas...\",\"breadcrumb\":{\"@id\":\"https:\/\/universofamilia.com\/de\/lp-recuperar-fotos\/#breadcrumb\"},\"inLanguage\":\"hu\",\"potentialAction\":[{\"@type\":\"ReadAction\",\"target\":[\"https:\/\/universofamilia.com\/de\/lp-recuperar-fotos\/\"]}]},{\"@type\":\"ImageObject\",\"inLanguage\":\"hu\",\"@id\":\"https:\/\/universofamilia.com\/de\/lp-recuperar-fotos\/#primaryimage\",\"url\":\"https:\/\/universofamilia.com\/wp-content\/uploads\/sites\/148\/2025\/03\/BLOCO-APP-ARTIGO-4.jpg\",\"contentUrl\":\"https:\/\/universofamilia.com\/wp-content\/uploads\/sites\/148\/2025\/03\/BLOCO-APP-ARTIGO-4.jpg\",\"width\":1080,\"height\":1080,\"caption\":\"Recupera fotos eliminadas con esta aplicaci\u00f3n!\"},{\"@type\":\"BreadcrumbList\",\"@id\":\"https:\/\/universofamilia.com\/de\/lp-recuperar-fotos\/#breadcrumb\",\"itemListElement\":[{\"@type\":\"ListItem\",\"position\":1,\"name\":\"Home\",\"item\":\"https:\/\/universofamilia.com\/el\/\"},{\"@type\":\"ListItem\",\"position\":2,\"name\":\"Recupera fotos eliminadas con esta aplicaci\u00f3n!\"}]},{\"@type\":\"WebSite\",\"@id\":\"https:\/\/universofamilia.com\/el\/#website\",\"url\":\"https:\/\/universofamilia.com\/el\/\",\"name\":\"Universo Fam\u00edlia\",\"description\":\"\",\"potentialAction\":[{\"@type\":\"SearchAction\",\"target\":{\"@type\":\"EntryPoint\",\"urlTemplate\":\"https:\/\/universofamilia.com\/el\/?s={search_term_string}\"},\"query-input\":\"required name=search_term_string\"}],\"inLanguage\":\"hu\"},{\"@type\":\"Person\",\"@id\":\"https:\/\/universofamilia.com\/el\/#\/schema\/person\/f07ce98187dd84d31154262e79b3b7ca\",\"name\":\"Pedro Henrique\",\"image\":{\"@type\":\"ImageObject\",\"inLanguage\":\"hu\",\"@id\":\"https:\/\/universofamilia.com\/el\/#\/schema\/person\/image\/\",\"url\":\"https:\/\/secure.gravatar.com\/avatar\/9edfeb808cb4e1599f64d6e45b130154?s=96&d=mm&r=g\",\"contentUrl\":\"https:\/\/secure.gravatar.com\/avatar\/9edfeb808cb4e1599f64d6e45b130154?s=96&d=mm&r=g\",\"caption\":\"Pedro Henrique\"},\"url\":\"https:\/\/universofamilia.com\/hu\/author\/editor01\/\"}]}<\/script>\n<!-- \/ Yoast SEO plugin. -->","yoast_head_json":{"title":"Recupera fotos eliminadas con esta aplicaci\u00f3n! - Universo Fam\u00edlia","description":"Recupera fotos eliminadas con esta aplicaci\u00f3n! \u00a1Viaja en el tiempo en un abrir y cerrar de ojos y recupera tus fotos queridas...","robots":{"index":"index","follow":"follow","max-snippet":"max-snippet:-1","max-image-preview":"max-image-preview:large","max-video-preview":"max-video-preview:-1"},"canonical":"https:\/\/universofamilia.com\/hu\/lp-recuperar-fotos\/","og_locale":"hu_HU","og_type":"article","og_title":"Recupera fotos eliminadas con esta aplicaci\u00f3n! - Universo Fam\u00edlia","og_description":"Recupera fotos eliminadas con esta aplicaci\u00f3n! \u00a1Viaja en el tiempo en un abrir y cerrar de ojos y recupera tus fotos queridas...","og_url":"https:\/\/universofamilia.com\/hu\/lp-recuperar-fotos\/","og_site_name":"Universo Fam\u00edlia","article_published_time":"2025-03-03T20:59:17+00:00","article_modified_time":"2025-03-03T21:00:28+00:00","og_image":[{"width":1080,"height":1080,"url":"https:\/\/universofamilia.com\/wp-content\/uploads\/sites\/148\/2025\/03\/BLOCO-APP-ARTIGO-4.jpg","type":"image\/jpeg"}],"author":"Pedro Henrique","twitter_card":"summary_large_image","twitter_misc":{"Written by":"Pedro Henrique","Est. reading time":"8 perc"},"schema":{"@context":"https:\/\/schema.org","@graph":[{"@type":"WebPage","@id":"https:\/\/universofamilia.com\/de\/lp-recuperar-fotos\/","url":"https:\/\/universofamilia.com\/de\/lp-recuperar-fotos\/","name":"Recupera fotos eliminadas con esta aplicaci\u00f3n! - Universo Fam\u00edlia","isPartOf":{"@id":"https:\/\/universofamilia.com\/el\/#website"},"primaryImageOfPage":{"@id":"https:\/\/universofamilia.com\/de\/lp-recuperar-fotos\/#primaryimage"},"image":{"@id":"https:\/\/universofamilia.com\/de\/lp-recuperar-fotos\/#primaryimage"},"thumbnailUrl":"https:\/\/universofamilia.com\/wp-content\/uploads\/sites\/148\/2025\/03\/BLOCO-APP-ARTIGO-4.jpg","datePublished":"2025-03-03T20:59:17+00:00","dateModified":"2025-03-03T21:00:28+00:00","author":{"@id":"https:\/\/universofamilia.com\/el\/#\/schema\/person\/f07ce98187dd84d31154262e79b3b7ca"},"description":"Recupera fotos eliminadas con esta aplicaci\u00f3n! \u00a1Viaja en el tiempo en un abrir y cerrar de ojos y recupera tus fotos queridas...","breadcrumb":{"@id":"https:\/\/universofamilia.com\/de\/lp-recuperar-fotos\/#breadcrumb"},"inLanguage":"hu","potentialAction":[{"@type":"ReadAction","target":["https:\/\/universofamilia.com\/de\/lp-recuperar-fotos\/"]}]},{"@type":"ImageObject","inLanguage":"hu","@id":"https:\/\/universofamilia.com\/de\/lp-recuperar-fotos\/#primaryimage","url":"https:\/\/universofamilia.com\/wp-content\/uploads\/sites\/148\/2025\/03\/BLOCO-APP-ARTIGO-4.jpg","contentUrl":"https:\/\/universofamilia.com\/wp-content\/uploads\/sites\/148\/2025\/03\/BLOCO-APP-ARTIGO-4.jpg","width":1080,"height":1080,"caption":"Recupera fotos eliminadas con esta aplicaci\u00f3n!"},{"@type":"BreadcrumbList","@id":"https:\/\/universofamilia.com\/de\/lp-recuperar-fotos\/#breadcrumb","itemListElement":[{"@type":"ListItem","position":1,"name":"Home","item":"https:\/\/universofamilia.com\/el\/"},{"@type":"ListItem","position":2,"name":"Recupera fotos eliminadas con esta aplicaci\u00f3n!"}]},{"@type":"WebSite","@id":"https:\/\/universofamilia.com\/el\/#website","url":"https:\/\/universofamilia.com\/el\/","name":"Universo Fam\u00edlia","description":"","potentialAction":[{"@type":"SearchAction","target":{"@type":"EntryPoint","urlTemplate":"https:\/\/universofamilia.com\/el\/?s={search_term_string}"},"query-input":"required name=search_term_string"}],"inLanguage":"hu"},{"@type":"Person","@id":"https:\/\/universofamilia.com\/el\/#\/schema\/person\/f07ce98187dd84d31154262e79b3b7ca","name":"Pedro Henrique","image":{"@type":"ImageObject","inLanguage":"hu","@id":"https:\/\/universofamilia.com\/el\/#\/schema\/person\/image\/","url":"https:\/\/secure.gravatar.com\/avatar\/9edfeb808cb4e1599f64d6e45b130154?s=96&d=mm&r=g","contentUrl":"https:\/\/secure.gravatar.com\/avatar\/9edfeb808cb4e1599f64d6e45b130154?s=96&d=mm&r=g","caption":"Pedro Henrique"},"url":"https:\/\/universofamilia.com\/hu\/author\/editor01\/"}]}},"_links":{"self":[{"href":"https:\/\/universofamilia.com\/hu\/wp-json\/wp\/v2\/posts\/8886"}],"collection":[{"href":"https:\/\/universofamilia.com\/hu\/wp-json\/wp\/v2\/posts"}],"about":[{"href":"https:\/\/universofamilia.com\/hu\/wp-json\/wp\/v2\/types\/post"}],"author":[{"embeddable":true,"href":"https:\/\/universofamilia.com\/hu\/wp-json\/wp\/v2\/users\/139"}],"replies":[{"embeddable":true,"href":"https:\/\/universofamilia.com\/hu\/wp-json\/wp\/v2\/comments?post=8886"}],"version-history":[{"count":1,"href":"https:\/\/universofamilia.com\/hu\/wp-json\/wp\/v2\/posts\/8886\/revisions"}],"predecessor-version":[{"id":8888,"href":"https:\/\/universofamilia.com\/hu\/wp-json\/wp\/v2\/posts\/8886\/revisions\/8888"}],"wp:featuredmedia":[{"embeddable":true,"href":"https:\/\/universofamilia.com\/hu\/wp-json\/wp\/v2\/media\/8887"}],"wp:attachment":[{"href":"https:\/\/universofamilia.com\/hu\/wp-json\/wp\/v2\/media?parent=8886"}],"wp:term":[{"taxonomy":"category","embeddable":true,"href":"https:\/\/universofamilia.com\/hu\/wp-json\/wp\/v2\/categories?post=8886"},{"taxonomy":"post_tag","embeddable":true,"href":"https:\/\/universofamilia.com\/hu\/wp-json\/wp\/v2\/tags?post=8886"}],"curies":[{"name":"wp","href":"https:\/\/api.w.org\/{rel}","templated":true}]}}