{"id":8905,"date":"2025-03-05T20:35:12","date_gmt":"2025-03-05T20:35:12","guid":{"rendered":"https:\/\/universofamilia.com\/?p=8905"},"modified":"2025-03-05T20:36:20","modified_gmt":"2025-03-05T20:36:20","slug":"asistencia-de-transicion","status":"publish","type":"post","link":"https:\/\/universofamilia.com\/hu\/asistencia-de-transicion\/","title":{"rendered":"\u00c1tmeneti t\u00e1mogat\u00e1s: Programok a veter\u00e1nok civil \u00e9letben val\u00f3 t\u00e1mogat\u00e1s\u00e1ra"},"content":{"rendered":"<p>A katonai \u00e9letb\u0151l a civil \u00e9letbe val\u00f3 \u00e1tmenet sok veter\u00e1n sz\u00e1m\u00e1ra kih\u00edv\u00e1st jelenthet.<\/p>\n\n\n<div class=\"wp-block-image\">\n<figure class=\"aligncenter size-full\"><img loading=\"lazy\" decoding=\"async\" width=\"550\" height=\"350\" src=\"https:\/\/universofamilia.com\/wp-content\/uploads\/sites\/148\/2025\/03\/DESTAQUE-UNIVERSO-550-x-350-1.jpg\" alt=\"\" class=\"wp-image-8906\" srcset=\"https:\/\/universofamilia.com\/wp-content\/uploads\/sites\/148\/2025\/03\/DESTAQUE-UNIVERSO-550-x-350-1.jpg 550w, https:\/\/universofamilia.com\/wp-content\/uploads\/sites\/148\/2025\/03\/DESTAQUE-UNIVERSO-550-x-350-1-300x191.jpg 300w, https:\/\/universofamilia.com\/wp-content\/uploads\/sites\/148\/2025\/03\/DESTAQUE-UNIVERSO-550-x-350-1-18x12.jpg 18w\" sizes=\"(max-width: 550px) 100vw, 550px\" \/><figcaption class=\"wp-element-caption\">\u00c1tmeneti seg\u00edts\u00e9gny\u00fajt\u00e1s<\/figcaption><\/figure><\/div>\n\n\n<p>Szerencs\u00e9re sz\u00e1mos t\u00e1mogat\u00f3 program seg\u00edti ezt a folyamatot, az \u00e9rzelmi t\u00e1mogat\u00e1st\u00f3l kezdve a munkaer\u0151piacra val\u00f3 visszailleszked\u00e9st seg\u00edt\u0151 k\u00e9pz\u00e9sig mindent k\u00edn\u00e1lva.<\/p>\n\n\n\n<p>Ebben a cikkben megvizsg\u00e1ljuk a veter\u00e1nok sz\u00e1m\u00e1ra el\u00e9rhet\u0151 f\u0151bb forr\u00e1sokat \u00e9s azok el\u00e9r\u00e9s\u00e9nek m\u00f3dj\u00e1t.<\/p>\n\n\n\n<h2 class=\"wp-block-heading\">Mik azok az \u00e1tmeneti t\u00e1mogat\u00e1si programok, \u00e9s mi\u00e9rt fontosak?<\/h2>\n\n\n\n<p>\u00c1tmeneti seg\u00e9lyprogramokat hoztak l\u00e9tre, hogy seg\u00edts\u00e9k a veter\u00e1nokat a katonai szolg\u00e1lat let\u00e9tele ut\u00e1ni beilleszked\u00e9sben a polg\u00e1ri \u00e9letbe.<\/p>\n\n\n\n<p>P\u00e9nz\u00fcgyi, \u00e9rzelmi \u00e9s szakmai t\u00e1mogat\u00e1st ny\u00fajtanak annak \u00e9rdek\u00e9ben, hogy a veter\u00e1nok stabil \u00e9s sikeres \u00e9letet \u00e9lhessenek a katonas\u00e1gon k\u00edv\u00fcl.<\/p>\n\n\n\n<p>Ezeknek a programoknak a jelent\u0151s\u00e9ge \u00f3ri\u00e1si, mivel sok veter\u00e1n k\u00fczd az elhelyezked\u00e9ssel, szenved poszttraum\u00e1s stressz szindr\u00f3m\u00e1ban (PTSD), vagy k\u00fczd fizikai eg\u00e9szs\u00e9g\u00fcgyi probl\u00e9m\u00e1kkal.<\/p>\n\n\n\n<p>Tov\u00e1bb\u00e1 a t\u00e1rsadalmi \u00fajraadapt\u00e1ci\u00f3 bonyolult lehet, mivel a civil \u00e9let szerkezete \u00e9s rutinja nagyon elt\u00e9r a katonai szolg\u00e1lat tapasztalatait\u00f3l.<\/p>\n\n\n\n<p>Megfelel\u0151 t\u00e1mogat\u00e1ssal a veter\u00e1nok lek\u00fczdhetik ezeket az akad\u00e1lyokat, \u00e9s \u00faj utat \u00e9p\u00edthetnek a sikerhez, biztos\u00edtva nemcsak a gazdas\u00e1gi stabilit\u00e1st, hanem az \u00e9letmin\u0151s\u00e9get \u00e9s az \u00e9rzelmi j\u00f3l\u00e9tet is.<\/p>\n\n\n<div class=\"wp-block-image\">\n<figure class=\"aligncenter size-full\"><img loading=\"lazy\" decoding=\"async\" width=\"550\" height=\"350\" src=\"https:\/\/universofamilia.com\/wp-content\/uploads\/sites\/148\/2025\/03\/DESTAQUE-UNIVERSO-550-x-350-2.jpg\" alt=\"\" class=\"wp-image-8907\" srcset=\"https:\/\/universofamilia.com\/wp-content\/uploads\/sites\/148\/2025\/03\/DESTAQUE-UNIVERSO-550-x-350-2.jpg 550w, https:\/\/universofamilia.com\/wp-content\/uploads\/sites\/148\/2025\/03\/DESTAQUE-UNIVERSO-550-x-350-2-300x191.jpg 300w, https:\/\/universofamilia.com\/wp-content\/uploads\/sites\/148\/2025\/03\/DESTAQUE-UNIVERSO-550-x-350-2-18x12.jpg 18w\" sizes=\"(max-width: 550px) 100vw, 550px\" \/><figcaption class=\"wp-element-caption\">\u00c1tmeneti seg\u00edts\u00e9gny\u00fajt\u00e1s<\/figcaption><\/figure><\/div>\n\n\n<h2 class=\"wp-block-heading\">Legfontosabb forr\u00e1sok a veter\u00e1nok civil \u00e9lethez val\u00f3 alkalmazkod\u00e1s\u00e1hoz<\/h2>\n\n\n\n<p>Sz\u00e1mos program \u00e9s szervezet l\u00e9tezik, amelyek kifejezetten a veter\u00e1nok t\u00e1mogat\u00e1s\u00e1ra t\u00f6rekednek, seg\u00edtve \u0151ket a civil \u00e9let k\u00fcl\u00f6nb\u00f6z\u0151 ter\u00fcletein.<\/p>\n\n\n\n<h3 class=\"wp-block-heading\">Kapcsolatfelv\u00e9tel m\u00e1s veter\u00e1nokkal<\/h3>\n\n\n\n<p>A z\u00f6kken\u0151mentes \u00e1tmenet \u00e9rdek\u00e9ben elengedhetetlen a t\u00f6bbi veter\u00e1nnal val\u00f3 kapcsolattart\u00e1s.<\/p>\n\n\n\n<p>Olyan szervezetek, mint p\u00e9ld\u00e1ul <strong>Amerikai L\u00e9gi\u00f3<\/strong> \u00e9s <strong>K\u00fclf\u00f6ldi H\u00e1bor\u00fak Veter\u00e1njai (VFW)<\/strong> T\u00e1mogat\u00f3 h\u00e1l\u00f3zatokat, t\u00e1rsadalmi esem\u00e9nyeket \u00e9s \u00f6nk\u00e9ntes lehet\u0151s\u00e9geket n\u00e9pszer\u0171s\u00edtenek.<\/p>\n\n\n\n<p>Ezek a h\u00e1l\u00f3zatok kulcsfontoss\u00e1g\u00faak a veter\u00e1nok sz\u00e1m\u00e1ra, hogy megossz\u00e1k tapasztalataikat, \u00e9rzelmi t\u00e1mogat\u00e1st kapjanak, \u00e9s egy olyan k\u00f6z\u00f6ss\u00e9g r\u00e9sz\u00e9nek \u00e9rezz\u00e9k magukat, amely meg\u00e9rti a kih\u00edv\u00e1saikat.<\/p>\n\n\n\n<h3 class=\"wp-block-heading\">El\u0151rel\u00e9p\u00e9s<\/h3>\n\n\n\n<p><strong>El\u0151rel\u00e9p\u00e9s<\/strong> egy online program, amelyet az\u00e9rt fejlesztettek ki, hogy seg\u00edtsen a veter\u00e1noknak megbirk\u00f3zni a mindennapi kih\u00edv\u00e1sokkal kognit\u00edv viselked\u00e9ster\u00e1pi\u00e1n alapul\u00f3 strat\u00e9gi\u00e1k seg\u00edts\u00e9g\u00e9vel.<\/p>\n\n\n\n<p>A program stresszkezel\u00e9si, probl\u00e9mamegold\u00e1si \u00e9s d\u00f6nt\u00e9shozatali technik\u00e1kat tan\u00edt, seg\u00edtve a civil \u00e9lethez val\u00f3 alkalmazkod\u00e1st.<\/p>\n\n\n\n<h3 class=\"wp-block-heading\">\u00f6ngyilkoss\u00e1g megel\u0151z\u00e9se<\/h3>\n\n\n\n<p>A veter\u00e1nok ment\u00e1lis eg\u00e9szs\u00e9ge priorit\u00e1s. Olyan szervezetek, mint a <strong>Veter\u00e1nok Kr\u00edzisvonala<\/strong> 24 \u00f3r\u00e1s t\u00e1mogat\u00e1st ny\u00fajtanak a kr\u00edzishelyzetben l\u00e9v\u0151 veter\u00e1noknak, biztos\u00edtva az azonnali seg\u00edts\u00e9get.<\/p>\n\n\n\n<p>Sajnos a veter\u00e1nok \u00f6ngyilkoss\u00e1gi ar\u00e1nya magasabb, mint az \u00e1tlagn\u00e9pess\u00e9g\u00e9, ez\u00e9rt elengedhetetlen a ment\u00e1lis eg\u00e9szs\u00e9g\u00fcgyi \u00e9s \u00f6ngyilkoss\u00e1g-megel\u0151z\u0151 szolg\u00e1ltat\u00e1sokhoz val\u00f3 hozz\u00e1f\u00e9r\u00e9s.<\/p>\n\n\n\n<h3 class=\"wp-block-heading\">Traum\u00e1s agys\u00e9r\u00fcl\u00e9s (TBI) ell\u00e1t\u00e1sa<\/h3>\n\n\n\n<p>Sok veter\u00e1n szenved t\u0151le <strong>traum\u00e1s agys\u00e9r\u00fcl\u00e9s (TBI)<\/strong> katonai szolg\u00e1lat sor\u00e1n bek\u00f6vetkezett robban\u00e1soknak \u00e9s s\u00e9r\u00fcl\u00e9seknek val\u00f3 kitetts\u00e9g miatt.<\/p>\n\n\n\n<p>A VA (Veter\u00e1n\u00fcgyi Miniszt\u00e9rium) speci\u00e1lis programokat k\u00edn\u00e1l a koponyas\u00e9r\u00fcl\u00e9sek kezel\u00e9s\u00e9re \u00e9s rehabilit\u00e1ci\u00f3j\u00e1ra, seg\u00edtve a veter\u00e1nokat a kognit\u00edv \u00e9s motoros funkci\u00f3k visszanyer\u00e9s\u00e9ben.<\/p>\n\n\n\n<h2 class=\"wp-block-heading\">Hogyan vehetek ig\u00e9nybe ingyenes szakmai t\u00e1mogat\u00e1st \u00e9s k\u00e9pz\u00e9st veter\u00e1nk\u00e9nt?<\/h2>\n\n\n\n<p>\u0150 <strong>Az Egyes\u00fclt \u00c1llamok Veter\u00e1n\u00fcgyi Miniszt\u00e9riuma (VA)<\/strong> k\u00fcl\u00f6nf\u00e9le kezdem\u00e9nyez\u00e9seket k\u00edn\u00e1l a veter\u00e1nok munkaer\u0151piacra val\u00f3 visszailleszked\u00e9s\u00e9nek el\u0151seg\u00edt\u00e9s\u00e9re.<\/p>\n\n\n    <section class=\"mx-1 my-10\">\n                                                <a href=\"https:\/\/www.mentalhealth.va.gov\/transitioning-service\/resources.asp\" class=\"text-white\" data-analytics-label=\"optionsButton\"\n                    data-action=\"analytics#trackCTA\">\n                    <div data-options-target=\"option\"\n                        class=\"custom-section rounded-xl border p-3 shadow-md w-full bg-green-700 my-3\">\n                        <div class=\"flex w-full items-center justify-between\">\n                            <div class=\"flex items-center space-x-3\">\n                                <div class=\"text-lg font-bold\">\n                                    Az Egyes\u00fclt \u00c1llamok Veter\u00e1n\u00fcgyi Miniszt\u00e9riuma (VA) \u279d\n                                <\/div>\n                            <\/div>\n                        <\/div>\n                    <\/div>\n                <\/a>\n                            <p class=\"text-xs text-gray-500 text-right\"\n            style=\"margin-left: 50%; margin-bottom: 50px; margin-top: 5px;\">\n            <!-- You will be redirected to another website -->\n        <\/p>\n    <\/section>\n\n\n\n\n<p class=\"has-text-align-center\"><em><strong><em><strong><em><strong><em><strong><em><strong><strong><em><strong><em><strong><em><strong><em><strong><em><strong><em><strong><em><strong><em><strong><em><strong><em><strong><strong><em><strong><em><strong><em><strong><em><strong><em><strong><em><strong><em><strong><em><strong><em><strong><em><strong><strong>\u00c1tir\u00e1ny\u00edtunk egy m\u00e1sik webhelyre<\/strong><\/strong><\/em><\/strong><\/em><\/strong><\/em><\/strong><\/em><\/strong><\/em><\/strong><\/em><\/strong><\/em><\/strong><\/em><\/strong><\/em><\/strong><\/em><\/strong><\/strong><\/em><\/strong><\/em><\/strong><\/em><\/strong><\/em><\/strong><\/em><\/strong><\/em><\/strong><\/em><\/strong><\/em><\/strong><\/em><\/strong><\/em><\/strong><\/strong><\/em><\/strong><\/em><\/strong><\/em><\/strong><\/em><\/strong><\/em><\/p>\n\n\n\n<hr class=\"wp-block-separator has-alpha-channel-opacity is-style-wide\" \/>\n\n\n\n<p><\/p>\n\n\n\n<h3 class=\"wp-block-heading\">Szakmai Rehabilit\u00e1ci\u00f3s Program (VR&amp;E)<\/h3>\n\n\n\n<p>Ez a program szakk\u00e9pz\u00e9st, \u00e1ll\u00e1skeres\u00e9si t\u00e1mogat\u00e1st \u00e9s seg\u00edts\u00e9get ny\u00fajt a katonai vonatkoz\u00e1s\u00fa fogyat\u00e9koss\u00e1ggal \u00e9l\u0151 veter\u00e1noknak.<\/p>\n\n\n\n<p>Kiv\u00e1l\u00f3 lehet\u0151s\u00e9g azok sz\u00e1m\u00e1ra, akik \u00faj k\u00e9szs\u00e9geket szeretn\u00e9nek elsaj\u00e1t\u00edtani \u00e9s p\u00e9nz\u00fcgyi stabilit\u00e1sra t\u00f6rekedni.<\/p>\n\n\n\n<p>Ezenk\u00edv\u00fcl a VA ingyenes kurzusokat is k\u00edn\u00e1l fels\u0151oktat\u00e1si int\u00e9zm\u00e9nyekkel egy\u00fcttm\u0171k\u00f6dve, lehet\u0151v\u00e9 t\u00e9ve a veter\u00e1nok sz\u00e1m\u00e1ra, hogy \u00faj k\u00e9pes\u00edt\u00e9seket szerezzenek civil karrierj\u00fckh\u00f6z.<\/p>\n\n\n    <section class=\"mx-1 my-10\">\n                                                <a href=\"https:\/\/www.va.gov\/health-care\/eligibility\/\" class=\"text-white\" data-analytics-label=\"optionsButton\"\n                    data-action=\"analytics#trackCTA\">\n                    <div data-options-target=\"option\"\n                        class=\"custom-section rounded-xl border p-3 shadow-md w-full bg-green-700 my-3\">\n                        <div class=\"flex w-full items-center justify-between\">\n                            <div class=\"flex items-center space-x-3\">\n                                <div class=\"text-lg font-bold\">\n                                    Szakmai Rehabilit\u00e1ci\u00f3s Program (VR&amp;E) \u279d\n                                <\/div>\n                            <\/div>\n                        <\/div>\n                    <\/div>\n                <\/a>\n                            <p class=\"text-xs text-gray-500 text-right\"\n            style=\"margin-left: 50%; margin-bottom: 50px; margin-top: 5px;\">\n            <!-- You will be redirected to another website -->\n        <\/p>\n    <\/section>\n\n\n\n\n<p class=\"has-text-align-center\"><em><strong><em><strong><em><strong><em><strong><em><strong><strong><em><strong><em><strong><em><strong><em><strong><em><strong><em><strong><em><strong><em><strong><em><strong><em><strong><strong><em><strong><em><strong><em><strong><em><strong><em><strong><em><strong><em><strong><em><strong><em><strong><em><strong><strong>\u00c1tir\u00e1ny\u00edtunk egy m\u00e1sik webhelyre<\/strong><\/strong><\/em><\/strong><\/em><\/strong><\/em><\/strong><\/em><\/strong><\/em><\/strong><\/em><\/strong><\/em><\/strong><\/em><\/strong><\/em><\/strong><\/em><\/strong><\/strong><\/em><\/strong><\/em><\/strong><\/em><\/strong><\/em><\/strong><\/em><\/strong><\/em><\/strong><\/em><\/strong><\/em><\/strong><\/em><\/strong><\/em><\/strong><\/strong><\/em><\/strong><\/em><\/strong><\/em><\/strong><\/em><\/strong><\/em><\/p>\n\n\n\n<hr class=\"wp-block-separator has-alpha-channel-opacity is-style-wide\" \/>\n\n\n\n<p><\/p>\n\n\n\n<h2 class=\"wp-block-heading\">P\u00e9nz\u00fcgyi tervez\u00e9s \u00e9s lakhat\u00e1si t\u00e1mogat\u00e1s \u00e1tmeneti id\u0151szakban l\u00e9v\u0151 veter\u00e1nok sz\u00e1m\u00e1ra<\/h2>\n\n\n\n<p>A p\u00e9nz\u00fcgyi stabilit\u00e1s az egyik legfontosabb pill\u00e9r a polg\u00e1ri \u00e9letbe val\u00f3 \u00e1tmenetben.<\/p>\n\n\n\n<p>Sz\u00e1mos program k\u00edn\u00e1l p\u00e9nz\u00fcgyi \u00e9s lakhat\u00e1si t\u00e1mogat\u00e1st a veter\u00e1noknak:<\/p>\n\n\n\n<ul>\n<li><strong>VA lakhat\u00e1si ell\u00e1t\u00e1sok<\/strong>A VA hitelgaranci\u00e1kat k\u00edn\u00e1l, \u00edgy a veter\u00e1nok k\u00fcl\u00f6nleges felt\u00e9telekkel v\u00e1s\u00e1rolhatnak otthonokat.<\/li>\n\n\n\n<li><strong>P\u00e9nz\u00fcgyi k\u00e9pz\u00e9s<\/strong>Az olyan szervezetek, mint az USAA, p\u00e9nz\u00fcgyi t\u00e1mogat\u00e1st ny\u00fajtanak a veter\u00e1noknak, hogy jobban kezelj\u00e9k a p\u00e9nz\u00fcket.<\/li>\n<\/ul>\n\n\n\n<h2 class=\"wp-block-heading\">Sikert\u00f6rt\u00e9netek: Veter\u00e1nok, akik boldogulnak a TAP szolg\u00e1ltat\u00e1sok ig\u00e9nybev\u00e9tele ut\u00e1n<\/h2>\n\n\n\n<p>\u0150 <strong>\u00c1tmeneti T\u00e1mogat\u00e1si Program (TAP)<\/strong> t\u00f6bb ezer veter\u00e1nnak seg\u00edtett a katonai szolg\u00e1lat ut\u00e1ni siker el\u00e9r\u00e9s\u00e9ben.<\/p>\n\n\n\n<p>Sokaknak siker\u00fclt saj\u00e1t v\u00e1llalkoz\u00e1st ind\u00edtaniuk, egyetemi tanulm\u00e1nyokat folytatniuk, \u00e9s el\u0151kel\u0151 karriert befutniuk a civil szektorban.<\/p>\n\n\n\n<h2 class=\"wp-block-heading\">Az \u00e1tmeneti t\u00e1mogat\u00e1si programok elengedhetetlenek<\/h2>\n\n\n\n<p>A civil \u00e9letbe val\u00f3 \u00e1tmenet kih\u00edv\u00e1sokkal teli lehet, de a megfelel\u0151 er\u0151forr\u00e1sokkal a veter\u00e1nok f\u00e9nyes j\u00f6v\u0151t \u00e9p\u00edthetnek.<\/p>\n\n\n\n<p>A megfelel\u0151 t\u00e1mogat\u00e1s mindent megv\u00e1ltoztat, biztos\u00edtva, hogy azok, akik haz\u00e1nkat szolg\u00e1lt\u00e1k, megkapj\u00e1k a boldogul\u00e1shoz sz\u00fcks\u00e9ges seg\u00edts\u00e9get.<\/p>\n\n\n\n<p>Ha veter\u00e1n vagy, vagy ismersz valakit, akinek seg\u00edts\u00e9gre van sz\u00fcks\u00e9ge, t\u00e1j\u00e9koz\u00f3dj ezekr\u0151l a programokr\u00f3l, \u00e9s csatlakozz ehhez a t\u00e1mogat\u00f3 h\u00e1l\u00f3zathoz.<\/p>\n\n\n\n<h2 class=\"wp-block-heading\">Forr\u00e1sok<\/h2>\n\n\n\n<ul>\n<li>Az Egyes\u00fclt \u00c1llamok Veter\u00e1n\u00fcgyi Miniszt\u00e9riuma (VA)<\/li>\n\n\n\n<li>Amerikai L\u00e9gi\u00f3<\/li>\n\n\n\n<li>Veter\u00e1nok Kr\u00edzisvonala<\/li>\n\n\n\n<li>\u00c1tmeneti T\u00e1mogat\u00e1si Program (TAP)<\/li>\n\n\n\n<li>USAA P\u00e9nz\u00fcgyi Szolg\u00e1ltat\u00e1sok<\/li>\n<\/ul>\n\n\n\n<h2 class=\"wp-block-heading\"><strong>Gyakran ism\u00e9telt k\u00e9rd\u00e9sek a veter\u00e1nok \u00e1tmeneti t\u00e1mogat\u00e1s\u00e1val kapcsolatban<\/strong><\/h2>\n\n\n\n<h3 class=\"wp-block-heading\">Mi az \u00e1tmeneti t\u00e1mogat\u00e1s a katonai veter\u00e1noknak?<\/h3>\n\n\n\n<p>Az \u00e1tmeneti t\u00e1mogat\u00e1s olyan programok \u00e9s er\u0151forr\u00e1sok \u00f6sszess\u00e9ge, amelyek c\u00e9lja, hogy seg\u00edtsenek <strong>katonai veter\u00e1nok<\/strong> alkalmazkodni a <strong>polg\u00e1ri \u00e9let<\/strong> fegyveres er\u0151kn\u00e9l teljes\u00edtett szolg\u00e1lata ut\u00e1n.<\/p>\n\n\n\n<p>Ezek a programok p\u00e9nz\u00fcgyi t\u00e1mogat\u00e1st, ment\u00e1lhigi\u00e9n\u00e9s tan\u00e1csad\u00e1st, munkalehet\u0151s\u00e9geket \u00e9s szakk\u00e9pz\u00e9st foglalnak magukban. C\u00e9ljuk a sikeres reintegr\u00e1ci\u00f3 biztos\u00edt\u00e1sa \u00e9s a veter\u00e1nok katonai szolg\u00e1latb\u00f3l val\u00f3 leszerel\u00e9s\u00e9t k\u00f6vet\u0151en tapasztalt kih\u00edv\u00e1sok minimaliz\u00e1l\u00e1sa.<\/p>\n\n\n\n<h3 class=\"wp-block-heading\">Melyek a veter\u00e1nok f\u0151 el\u0151nyei a civil \u00e9letbe val\u00f3 \u00e1tmenet sor\u00e1n?<\/h3>\n\n\n\n<p>A <strong>veter\u00e1nok juttat\u00e1sai<\/strong> \u00e1tmeneti id\u0151szakban seg\u00edts\u00e9get ny\u00fajtanak a <strong>\u00e1ll\u00e1skeres\u00e9s<\/strong>, \u00f6szt\u00f6nd\u00edjakkal \u00e9s t\u00e1mogat\u00e1sokkal el\u00e9rhet\u0151 fels\u0151oktat\u00e1s, t\u00e1mogat\u00e1s a <strong>ment\u00e1lis eg\u00e9szs\u00e9g<\/strong> kezel\u00e9s\u00e9re <strong>Poszttraum\u00e1s stressz szindr\u00f3ma (PTSD)<\/strong> \u00e9s egy\u00e9b, szolg\u00e1ltat\u00e1ssal kapcsolatos rendelleness\u00e9gek, valamint a programokhoz val\u00f3 hozz\u00e1f\u00e9r\u00e9s <strong>szakmai rehabilit\u00e1ci\u00f3<\/strong> \u00e9s anyagi t\u00e1mogat\u00e1st lak\u00e1sv\u00e1s\u00e1rl\u00e1shoz.<\/p>\n\n\n\n<h3 class=\"wp-block-heading\">Milyen programok k\u00edn\u00e1lnak ment\u00e1lis eg\u00e9szs\u00e9g\u00fcgyi t\u00e1mogat\u00e1st a veter\u00e1noknak?<\/h3>\n\n\n\n<p>Sz\u00e1mos kezdem\u00e9nyez\u00e9s foglalkozik a pszichol\u00f3giai j\u00f3l\u00e9t\u00fckkel. <strong>katonai veter\u00e1nok<\/strong>\u0150 <strong>Veter\u00e1nok Kr\u00edzisvonala<\/strong> 24 \u00f3r\u00e1s seg\u00edts\u00e9get ny\u00fajt \u00e9rzelmi kr\u00edzisekkel vagy \u00f6ngyilkoss\u00e1gi gondolatokkal k\u00fczd\u0151knek.<\/p>\n\n\n\n<p>Vannak olyan programok is, mint p\u00e9ld\u00e1ul <strong>El\u0151rel\u00e9p\u00e9s<\/strong>, amely kognit\u00edv viselked\u00e9ster\u00e1pi\u00e1n alapul\u00f3 strat\u00e9gi\u00e1kat k\u00edn\u00e1l a stressz \u00e9s a szorong\u00e1s kezel\u00e9s\u00e9re.<\/p>\n\n\n\n<p>Ezenk\u00edv\u00fcl a Veter\u00e1n\u00fcgyi Miniszt\u00e9rium kezel\u00e9seket biztos\u00edt a k\u00f6vetkez\u0151k sz\u00e1m\u00e1ra: <strong>poszttraum\u00e1s stressz zavar (PTSD)<\/strong> \u00e9s a <strong>traum\u00e1s agys\u00e9r\u00fcl\u00e9s (TBI)<\/strong>.<\/p>\n\n\n\n<h3 class=\"wp-block-heading\">Hogyan f\u00e9rhetnek hozz\u00e1 egy veter\u00e1nok a szakmai rehabilit\u00e1ci\u00f3s programokhoz?<\/h3>\n\n\n\n<p>\u0150 <strong>Szakmai Rehabilit\u00e1ci\u00f3s Program (VR&amp;E)<\/strong> a Veter\u00e1n\u00fcgyi Miniszt\u00e9riumt\u00f3l kiv\u00e1l\u00f3 lehet\u0151s\u00e9g azok sz\u00e1m\u00e1ra, akik ingyenes szakmai k\u00e9pz\u00e9sre v\u00e1gynak.<\/p>\n\n\n\n<p>Ez a program seg\u00edti a <strong>katonai veter\u00e1nok<\/strong> szolg\u00e1ltat\u00e1ssal kapcsolatos fogyat\u00e9koss\u00e1ggal \u00e9l\u0151k sz\u00e1m\u00e1ra, hogy m\u0171szaki k\u00e9pz\u00e9sben, oktat\u00e1si t\u00e1mogat\u00e1sban \u00e9s \u00e1ll\u00e1skeres\u00e9si tan\u00e1csad\u00e1sban r\u00e9szes\u00fcljenek.<\/p>\n\n\n\n<p>Az \u00e9rdekl\u0151d\u0151k a hivatalos port\u00e1lon kereszt\u00fcl regisztr\u00e1lhatnak. <strong>GOES<\/strong> vagy l\u00e1togasson el egy veter\u00e1nok ell\u00e1t\u00f3 k\u00f6zpontj\u00e1ba.<\/p>\n\n\n\n<h3 class=\"wp-block-heading\">Milyen lakhat\u00e1si t\u00e1mogat\u00e1sok \u00e9rhet\u0151k el a veter\u00e1nok sz\u00e1m\u00e1ra?<\/h3>\n\n\n\n<p>A <strong>katonai veter\u00e1nok<\/strong> \u00e1ltal garant\u00e1lt hitelekhez f\u00e9rhetnek hozz\u00e1 <strong>GOES<\/strong> alacsony kamatoz\u00e1s\u00fa \u00e9s \u00f6ner\u0151 n\u00e9lk\u00fcli lak\u00e1sv\u00e1s\u00e1rl\u00e1shoz.<\/p>\n\n\n\n<p>Vannak t\u00e1mogat\u00e1sok fogyat\u00e9kkal \u00e9l\u0151 veter\u00e1nok sz\u00e1m\u00e1ra is, akiknek otthoni \u00e1talak\u00edt\u00e1sra van sz\u00fcks\u00e9g\u00fck. Ezenk\u00edv\u00fcl vannak olyan szervezetek is, amelyek b\u00e9rl\u00e9si seg\u00edts\u00e9get \u00e9s t\u00e1mogat\u00e1st k\u00edn\u00e1lnak... <strong>hajl\u00e9ktalan veter\u00e1nok<\/strong>.<\/p>\n\n\n\n<h3 class=\"wp-block-heading\">Hogyan jav\u00edthatja egy veter\u00e1n a p\u00e9nz\u00fcgyi stabilit\u00e1s\u00e1t katonai szolg\u00e1lat ut\u00e1n?<\/h3>\n\n\n\n<p>A p\u00e9nz\u00fcgyi stabilit\u00e1s kulcsfontoss\u00e1g\u00fa <strong>\u00e1tmenet a polg\u00e1ri \u00e9letbe<\/strong>Vannak olyan programok, <strong>p\u00e9nz\u00fcgyi oktat\u00e1s<\/strong> mint p\u00e9ld\u00e1ul az USAA \u00e1ltal biztos\u00edtottak, amelyek a di\u00e1kokat tan\u00edtj\u00e1k <strong>katonai veter\u00e1nok<\/strong> a p\u00e9nzkezel\u00e9sr\u0151l, a befektet\u00e9sr\u0151l \u00e9s a nyugd\u00edjtervez\u00e9sr\u0151l.<\/p>\n\n\n\n<p>Ezenk\u00edv\u00fcl a korm\u00e1nyzati \u00e9s mag\u00e1nszervezetek seg\u00edts\u00e9get ny\u00fajtanak a juttat\u00e1sok kezel\u00e9s\u00e9ben \u00e9s a p\u00e9nz\u00fcgyi forr\u00e1sok maximaliz\u00e1l\u00e1s\u00e1ban.<\/p>\n\n\n\n<h3 class=\"wp-block-heading\">Mi\u00e9rt fontos, hogy a veter\u00e1nok r\u00e9szt vegyenek a t\u00e1mogat\u00f3 h\u00e1l\u00f3zatokban?<\/h3>\n\n\n\n<p>Kapcsolatfelv\u00e9tel m\u00e1sokkal <strong>katonai veter\u00e1nok<\/strong> elengedhetetlen a sikeres reintegr\u00e1ci\u00f3hoz.<\/p>\n\n\n\n<p>Olyan szervezetek, mint p\u00e9ld\u00e1ul <strong>Amerikai L\u00e9gi\u00f3<\/strong> \u00e9s <strong>K\u00fclf\u00f6ldi H\u00e1bor\u00fak Veter\u00e1njai (VFW)<\/strong> Rendezv\u00e9nyeket, tan\u00e1csad\u00e1st \u00e9s \u00f6nk\u00e9ntes lehet\u0151s\u00e9geket szerveznek, lehet\u0151v\u00e9 t\u00e9ve a veter\u00e1nok sz\u00e1m\u00e1ra, hogy megossz\u00e1k tapasztalataikat, \u00e9rzelmi t\u00e1mogat\u00e1st kapjanak \u00e9s munkalehet\u0151s\u00e9geket tal\u00e1ljanak.<\/p>\n\n\n\n<p>A k\u00f6z\u00f6ss\u00e9ghez tartoz\u00e1s seg\u00edt cs\u00f6kkenteni az elszigetelts\u00e9g \u00e9rz\u00e9s\u00e9t \u00e9s el\u0151seg\u00edti a hovatartoz\u00e1s \u00e9rz\u00e9s\u00e9t.<\/p>","protected":false},"excerpt":{"rendered":"<p>La transici\u00f3n de la vida militar a la vida civil puede ser un desaf\u00edo para muchos veteranos. Afortunadamente, existen varios programas de apoyo que ayudan en este proceso, ofreciendo desde apoyo emocional hasta entrenamientos para la reinserci\u00f3n en el mercado laboral. En este art\u00edculo, exploramos los principales recursos disponibles para los veteranos y c\u00f3mo acceder [&hellip;]<\/p>","protected":false},"author":139,"featured_media":8907,"comment_status":"closed","ping_status":"open","sticky":false,"template":"","format":"standard","meta":{"footnotes":""},"categories":[5],"tags":[1983,1984,1982,1981,1980],"yoast_head":"<!-- This site is optimized with the Yoast SEO plugin v23.3 - https:\/\/yoast.com\/wordpress\/plugins\/seo\/ -->\n<title>Asistencia de Transici\u00f3n: Programas de Apoyo a Veteranos en la Vida Civil - Universo Fam\u00edlia<\/title>\n<meta name=\"description\" content=\"Asistencia de Transici\u00f3n. La transici\u00f3n de la vida militar a la vida civil puede ser un desaf\u00edo para muchos veteranos.\" \/>\n<meta name=\"robots\" content=\"index, follow, max-snippet:-1, max-image-preview:large, max-video-preview:-1\" \/>\n<link rel=\"canonical\" href=\"http:\/\/universofamilia.com\/hu\/asistencia-de-transicion\/\" \/>\n<meta property=\"og:locale\" content=\"hu_HU\" \/>\n<meta property=\"og:type\" content=\"article\" \/>\n<meta property=\"og:title\" content=\"Asistencia de Transici\u00f3n: Programas de Apoyo a Veteranos en la Vida Civil - Universo Fam\u00edlia\" \/>\n<meta property=\"og:description\" content=\"Asistencia de Transici\u00f3n. La transici\u00f3n de la vida militar a la vida civil puede ser un desaf\u00edo para muchos veteranos.\" \/>\n<meta property=\"og:url\" content=\"http:\/\/universofamilia.com\/hu\/asistencia-de-transicion\/\" \/>\n<meta property=\"og:site_name\" content=\"Universo Fam\u00edlia\" \/>\n<meta property=\"article:published_time\" content=\"2025-03-05T20:35:12+00:00\" \/>\n<meta property=\"article:modified_time\" content=\"2025-03-05T20:36:20+00:00\" \/>\n<meta property=\"og:image\" content=\"http:\/\/universofamilia.com\/wp-content\/uploads\/sites\/148\/2025\/03\/DESTAQUE-UNIVERSO-550-x-350-2.jpg\" \/>\n\t<meta property=\"og:image:width\" content=\"550\" \/>\n\t<meta property=\"og:image:height\" content=\"350\" \/>\n\t<meta property=\"og:image:type\" content=\"image\/jpeg\" \/>\n<meta name=\"author\" content=\"Pedro Henrique\" \/>\n<meta name=\"twitter:card\" content=\"summary_large_image\" \/>\n<meta name=\"twitter:label1\" content=\"Written by\" \/>\n\t<meta name=\"twitter:data1\" content=\"Pedro Henrique\" \/>\n\t<meta name=\"twitter:label2\" content=\"Est. reading time\" \/>\n\t<meta name=\"twitter:data2\" content=\"8 perc\" \/>\n<script type=\"application\/ld+json\" class=\"yoast-schema-graph\">{\"@context\":\"https:\/\/schema.org\",\"@graph\":[{\"@type\":\"WebPage\",\"@id\":\"http:\/\/universofamilia.com\/sk\/asistencia-de-transicion\/\",\"url\":\"http:\/\/universofamilia.com\/sk\/asistencia-de-transicion\/\",\"name\":\"Asistencia de Transici\u00f3n: Programas de Apoyo a Veteranos en la Vida Civil - Universo Fam\u00edlia\",\"isPartOf\":{\"@id\":\"https:\/\/universofamilia.com\/el\/#website\"},\"primaryImageOfPage\":{\"@id\":\"http:\/\/universofamilia.com\/sk\/asistencia-de-transicion\/#primaryimage\"},\"image\":{\"@id\":\"http:\/\/universofamilia.com\/sk\/asistencia-de-transicion\/#primaryimage\"},\"thumbnailUrl\":\"https:\/\/universofamilia.com\/wp-content\/uploads\/sites\/148\/2025\/03\/DESTAQUE-UNIVERSO-550-x-350-2.jpg\",\"datePublished\":\"2025-03-05T20:35:12+00:00\",\"dateModified\":\"2025-03-05T20:36:20+00:00\",\"author\":{\"@id\":\"https:\/\/universofamilia.com\/el\/#\/schema\/person\/f07ce98187dd84d31154262e79b3b7ca\"},\"description\":\"Asistencia de Transici\u00f3n. La transici\u00f3n de la vida militar a la vida civil puede ser un desaf\u00edo para muchos veteranos.\",\"breadcrumb\":{\"@id\":\"http:\/\/universofamilia.com\/sk\/asistencia-de-transicion\/#breadcrumb\"},\"inLanguage\":\"hu\",\"potentialAction\":[{\"@type\":\"ReadAction\",\"target\":[\"http:\/\/universofamilia.com\/sk\/asistencia-de-transicion\/\"]}]},{\"@type\":\"ImageObject\",\"inLanguage\":\"hu\",\"@id\":\"http:\/\/universofamilia.com\/sk\/asistencia-de-transicion\/#primaryimage\",\"url\":\"https:\/\/universofamilia.com\/wp-content\/uploads\/sites\/148\/2025\/03\/DESTAQUE-UNIVERSO-550-x-350-2.jpg\",\"contentUrl\":\"https:\/\/universofamilia.com\/wp-content\/uploads\/sites\/148\/2025\/03\/DESTAQUE-UNIVERSO-550-x-350-2.jpg\",\"width\":550,\"height\":350,\"caption\":\"Asistencia de Transici\u00f3n\"},{\"@type\":\"BreadcrumbList\",\"@id\":\"http:\/\/universofamilia.com\/sk\/asistencia-de-transicion\/#breadcrumb\",\"itemListElement\":[{\"@type\":\"ListItem\",\"position\":1,\"name\":\"Home\",\"item\":\"https:\/\/universofamilia.com\/el\/\"},{\"@type\":\"ListItem\",\"position\":2,\"name\":\"Asistencia de Transici\u00f3n: Programas de Apoyo a Veteranos en la Vida Civil\"}]},{\"@type\":\"WebSite\",\"@id\":\"https:\/\/universofamilia.com\/el\/#website\",\"url\":\"https:\/\/universofamilia.com\/el\/\",\"name\":\"Universo Fam\u00edlia\",\"description\":\"\",\"potentialAction\":[{\"@type\":\"SearchAction\",\"target\":{\"@type\":\"EntryPoint\",\"urlTemplate\":\"https:\/\/universofamilia.com\/el\/?s={search_term_string}\"},\"query-input\":\"required name=search_term_string\"}],\"inLanguage\":\"hu\"},{\"@type\":\"Person\",\"@id\":\"https:\/\/universofamilia.com\/el\/#\/schema\/person\/f07ce98187dd84d31154262e79b3b7ca\",\"name\":\"Pedro Henrique\",\"image\":{\"@type\":\"ImageObject\",\"inLanguage\":\"hu\",\"@id\":\"https:\/\/universofamilia.com\/el\/#\/schema\/person\/image\/\",\"url\":\"https:\/\/secure.gravatar.com\/avatar\/9edfeb808cb4e1599f64d6e45b130154?s=96&d=mm&r=g\",\"contentUrl\":\"https:\/\/secure.gravatar.com\/avatar\/9edfeb808cb4e1599f64d6e45b130154?s=96&d=mm&r=g\",\"caption\":\"Pedro Henrique\"},\"url\":\"https:\/\/universofamilia.com\/hu\/author\/editor01\/\"}]}<\/script>\n<!-- \/ Yoast SEO plugin. -->","yoast_head_json":{"title":"Asistencia de Transici\u00f3n: Programas de Apoyo a Veteranos en la Vida Civil - Universo Fam\u00edlia","description":"Asistencia de Transici\u00f3n. La transici\u00f3n de la vida militar a la vida civil puede ser un desaf\u00edo para muchos veteranos.","robots":{"index":"index","follow":"follow","max-snippet":"max-snippet:-1","max-image-preview":"max-image-preview:large","max-video-preview":"max-video-preview:-1"},"canonical":"http:\/\/universofamilia.com\/hu\/asistencia-de-transicion\/","og_locale":"hu_HU","og_type":"article","og_title":"Asistencia de Transici\u00f3n: Programas de Apoyo a Veteranos en la Vida Civil - Universo Fam\u00edlia","og_description":"Asistencia de Transici\u00f3n. La transici\u00f3n de la vida militar a la vida civil puede ser un desaf\u00edo para muchos veteranos.","og_url":"http:\/\/universofamilia.com\/hu\/asistencia-de-transicion\/","og_site_name":"Universo Fam\u00edlia","article_published_time":"2025-03-05T20:35:12+00:00","article_modified_time":"2025-03-05T20:36:20+00:00","og_image":[{"width":550,"height":350,"url":"http:\/\/universofamilia.com\/wp-content\/uploads\/sites\/148\/2025\/03\/DESTAQUE-UNIVERSO-550-x-350-2.jpg","type":"image\/jpeg"}],"author":"Pedro Henrique","twitter_card":"summary_large_image","twitter_misc":{"Written by":"Pedro Henrique","Est. reading time":"8 perc"},"schema":{"@context":"https:\/\/schema.org","@graph":[{"@type":"WebPage","@id":"http:\/\/universofamilia.com\/sk\/asistencia-de-transicion\/","url":"http:\/\/universofamilia.com\/sk\/asistencia-de-transicion\/","name":"Asistencia de Transici\u00f3n: Programas de Apoyo a Veteranos en la Vida Civil - Universo Fam\u00edlia","isPartOf":{"@id":"https:\/\/universofamilia.com\/el\/#website"},"primaryImageOfPage":{"@id":"http:\/\/universofamilia.com\/sk\/asistencia-de-transicion\/#primaryimage"},"image":{"@id":"http:\/\/universofamilia.com\/sk\/asistencia-de-transicion\/#primaryimage"},"thumbnailUrl":"https:\/\/universofamilia.com\/wp-content\/uploads\/sites\/148\/2025\/03\/DESTAQUE-UNIVERSO-550-x-350-2.jpg","datePublished":"2025-03-05T20:35:12+00:00","dateModified":"2025-03-05T20:36:20+00:00","author":{"@id":"https:\/\/universofamilia.com\/el\/#\/schema\/person\/f07ce98187dd84d31154262e79b3b7ca"},"description":"Asistencia de Transici\u00f3n. La transici\u00f3n de la vida militar a la vida civil puede ser un desaf\u00edo para muchos veteranos.","breadcrumb":{"@id":"http:\/\/universofamilia.com\/sk\/asistencia-de-transicion\/#breadcrumb"},"inLanguage":"hu","potentialAction":[{"@type":"ReadAction","target":["http:\/\/universofamilia.com\/sk\/asistencia-de-transicion\/"]}]},{"@type":"ImageObject","inLanguage":"hu","@id":"http:\/\/universofamilia.com\/sk\/asistencia-de-transicion\/#primaryimage","url":"https:\/\/universofamilia.com\/wp-content\/uploads\/sites\/148\/2025\/03\/DESTAQUE-UNIVERSO-550-x-350-2.jpg","contentUrl":"https:\/\/universofamilia.com\/wp-content\/uploads\/sites\/148\/2025\/03\/DESTAQUE-UNIVERSO-550-x-350-2.jpg","width":550,"height":350,"caption":"Asistencia de Transici\u00f3n"},{"@type":"BreadcrumbList","@id":"http:\/\/universofamilia.com\/sk\/asistencia-de-transicion\/#breadcrumb","itemListElement":[{"@type":"ListItem","position":1,"name":"Home","item":"https:\/\/universofamilia.com\/el\/"},{"@type":"ListItem","position":2,"name":"Asistencia de Transici\u00f3n: Programas de Apoyo a Veteranos en la Vida Civil"}]},{"@type":"WebSite","@id":"https:\/\/universofamilia.com\/el\/#website","url":"https:\/\/universofamilia.com\/el\/","name":"Universo Fam\u00edlia","description":"","potentialAction":[{"@type":"SearchAction","target":{"@type":"EntryPoint","urlTemplate":"https:\/\/universofamilia.com\/el\/?s={search_term_string}"},"query-input":"required name=search_term_string"}],"inLanguage":"hu"},{"@type":"Person","@id":"https:\/\/universofamilia.com\/el\/#\/schema\/person\/f07ce98187dd84d31154262e79b3b7ca","name":"Pedro Henrique","image":{"@type":"ImageObject","inLanguage":"hu","@id":"https:\/\/universofamilia.com\/el\/#\/schema\/person\/image\/","url":"https:\/\/secure.gravatar.com\/avatar\/9edfeb808cb4e1599f64d6e45b130154?s=96&d=mm&r=g","contentUrl":"https:\/\/secure.gravatar.com\/avatar\/9edfeb808cb4e1599f64d6e45b130154?s=96&d=mm&r=g","caption":"Pedro Henrique"},"url":"https:\/\/universofamilia.com\/hu\/author\/editor01\/"}]}},"_links":{"self":[{"href":"https:\/\/universofamilia.com\/hu\/wp-json\/wp\/v2\/posts\/8905"}],"collection":[{"href":"https:\/\/universofamilia.com\/hu\/wp-json\/wp\/v2\/posts"}],"about":[{"href":"https:\/\/universofamilia.com\/hu\/wp-json\/wp\/v2\/types\/post"}],"author":[{"embeddable":true,"href":"https:\/\/universofamilia.com\/hu\/wp-json\/wp\/v2\/users\/139"}],"replies":[{"embeddable":true,"href":"https:\/\/universofamilia.com\/hu\/wp-json\/wp\/v2\/comments?post=8905"}],"version-history":[{"count":3,"href":"https:\/\/universofamilia.com\/hu\/wp-json\/wp\/v2\/posts\/8905\/revisions"}],"predecessor-version":[{"id":8910,"href":"https:\/\/universofamilia.com\/hu\/wp-json\/wp\/v2\/posts\/8905\/revisions\/8910"}],"wp:featuredmedia":[{"embeddable":true,"href":"https:\/\/universofamilia.com\/hu\/wp-json\/wp\/v2\/media\/8907"}],"wp:attachment":[{"href":"https:\/\/universofamilia.com\/hu\/wp-json\/wp\/v2\/media?parent=8905"}],"wp:term":[{"taxonomy":"category","embeddable":true,"href":"https:\/\/universofamilia.com\/hu\/wp-json\/wp\/v2\/categories?post=8905"},{"taxonomy":"post_tag","embeddable":true,"href":"https:\/\/universofamilia.com\/hu\/wp-json\/wp\/v2\/tags?post=8905"}],"curies":[{"name":"wp","href":"https:\/\/api.w.org\/{rel}","templated":true}]}}