{"id":8922,"date":"2025-03-07T20:39:53","date_gmt":"2025-03-07T20:39:53","guid":{"rendered":"https:\/\/universofamilia.com\/?p=8922"},"modified":"2025-03-07T20:39:55","modified_gmt":"2025-03-07T20:39:55","slug":"aplicaciones-con-tecnologia-de-ia","status":"publish","type":"post","link":"https:\/\/universofamilia.com\/hu\/aplicaciones-con-tecnologia-de-ia\/","title":{"rendered":"Fitneszc\u00e9lok maximaliz\u00e1l\u00e1sa mesters\u00e9ges intelligencia \u00e1ltal vez\u00e9relt alkalmaz\u00e1sokkal 2025-ben"},"content":{"rendered":"<p>A technol\u00f3gia \u00e1talak\u00edtja a testmozg\u00e1s m\u00f3dj\u00e1t, \u00e9s <strong>mesters\u00e9ges intelligenci\u00e1val (MI) ell\u00e1tott fitneszalkalmaz\u00e1sok<\/strong> forradalmas\u00edtj\u00e1k az otthoni edz\u00e9seket.<\/p>\n\n\n\n<p>Ha r\u00e9gebben edz\u0151termekre vagy szem\u00e9lyi edz\u0151kre volt sz\u00fcks\u00e9g\u00fcnk a min\u0151s\u00e9gi nyomon k\u00f6vet\u00e9shez, ma m\u00e1r egyetlen okostelefonnal is szem\u00e9lyre szabott edz\u00e9seket, fejl\u0151d\u00e9sfigyel\u00e9st \u00e9s val\u00f3s idej\u0171 t\u00e1pl\u00e1lkoz\u00e1si tan\u00e1csokat kaphatunk.<\/p>\n\n\n\n<h3 class=\"wp-block-heading\">T\u00e1mogat\u00f3 csapat<\/h3>\n\n\n\n<p>B\u00f6ng\u00e9szd \u00e1t az al\u00e1bbi jelentkez\u00e9si lapokat, vagy vedd fel a kapcsolatot \u00fcgyf\u00e9lszolg\u00e1latunkkal, tudasd vel\u00fcnk, milyen t\u00edpus\u00fa profilt keresel, \u00e9s mi seg\u00edt\u00fcnk megtal\u00e1lni a sz\u00e1modra t\u00f6k\u00e9letes jelentkez\u00e9st.<\/p>\n\n\n    <section class=\"mx-1 my-10\">\n                                                <a href=\"https:\/\/www.messenger.com\/login.php?\" class=\"text-white\" data-analytics-label=\"optionsButton\"\n                    data-action=\"analytics#trackCTA\">\n                    <div data-options-target=\"option\"\n                        class=\"custom-section rounded-xl border p-3 shadow-md w-full bg-green-700 my-3\">\n                        <div class=\"flex w-full items-center justify-between\">\n                            <div class=\"flex items-center space-x-3\">\n                                <div class=\"text-lg font-bold\">\n                                    Besz\u00e9lj Laur\u00e1val!  \u279d\n                                <\/div>\n                            <\/div>\n                        <\/div>\n                    <\/div>\n                <\/a>\n                            <p class=\"text-xs text-gray-500 text-right\"\n            style=\"margin-left: 50%; margin-bottom: 50px; margin-top: 5px;\">\n            <!-- You will be redirected to another website -->\n        <\/p>\n    <\/section>\n\n\n\n\n<p>Az intelligens algoritmusok \u00e9s \u00e9rz\u00e9kel\u0151k fejl\u0151d\u00e9s\u00e9vel a fitneszalkalmaz\u00e1sok elkezdtek k\u00edn\u00e1lni <strong>mag\u00e1val ragad\u00f3bb \u00e9s szem\u00e9lyre szabottabb \u00e9lm\u00e9nyek<\/strong>, \u00edgy minden edz\u00e9s hat\u00e9konyabb \u00e9s az egyes felhaszn\u00e1l\u00f3k profilj\u00e1hoz igazodik.<\/p>\n\n\n\n<p>A mesters\u00e9ges intelligencia lehet\u0151v\u00e9 teszi az automatikus intenzit\u00e1s-be\u00e1ll\u00edt\u00e1sokat, a teljes\u00edtm\u00e9nyel\u0151zm\u00e9nyeken alapul\u00f3 javaslatokat, s\u0151t, ak\u00e1r viselhet\u0151 eszk\u00f6z\u00f6kkel, p\u00e9ld\u00e1ul okos\u00f3r\u00e1kkal val\u00f3 integr\u00e1ci\u00f3t is a pontosabb monitoroz\u00e1s \u00e9rdek\u00e9ben.<\/p>\n\n\n\n<h2 class=\"wp-block-heading\">A mesters\u00e9ges intelligencia forradalma a fitneszben: hogyan alak\u00edtja \u00e1t a technol\u00f3gia az otthoni edz\u00e9seket<\/h2>\n\n\n\n<p>A modern fitneszalkalmaz\u00e1sok haszn\u00e1lata <strong>mesters\u00e9ges intelligencia<\/strong> szem\u00e9lyre szabott edz\u00e9sek l\u00e9trehoz\u00e1s\u00e1ra, teljes\u00edtm\u00e9ny elemz\u00e9s\u00e9re, s\u0151t, ak\u00e1r a testtart\u00e1s korrig\u00e1l\u00e1s\u00e1ra is.<\/p>\n\n\n\n<p>Ez azt jelenti, hogy minden edz\u00e9s az \u00d6n ig\u00e9nyeihez optimaliz\u00e1lhat\u00f3, gyorsabb \u00e9s hat\u00e9konyabb eredm\u00e9nyeket \u00e9rve el.<\/p>\n\n\n\n<p>Ezenk\u00edv\u00fcl ezek k\u00f6z\u00fcl az alkalmaz\u00e1sok k\u00f6z\u00fcl sok t\u00e1mogat\u00e1st ny\u00fajt a k\u00f6vetkez\u0151kh\u00f6z: <strong>kal\u00f3riamonitoroz\u00e1s<\/strong>, viselhet\u0151 eszk\u00f6z\u00f6kkel val\u00f3 integr\u00e1ci\u00f3 \u00e9s t\u00e1pl\u00e1lkoz\u00e1si tan\u00e1csad\u00e1s.<\/p>\n\n\n\n<p>A mesters\u00e9ges intelligencia is seg\u00edt a <strong>dinamikus edz\u00e9stervek k\u00e9sz\u00edt\u00e9se<\/strong>, amelyek alkalmazkodnak a felhaszn\u00e1l\u00f3i teljes\u00edtm\u00e9nyhez.<\/p>\n\n\n\n<p><\/p>\n\n\n\n<hr class=\"wp-block-separator has-alpha-channel-opacity is-style-wide\" \/>\n\n\n\n<h5 class=\"wp-block-heading has-text-align-center\"><strong>Olvasd el ezt is<\/strong><\/h5>\n\n\n    <section class=\"mx-1 my-10\">\n                                                <a href=\"https:\/\/universofamilia.com\/hu\/lp-filmes-asiaticos\/\" class=\"text-white\" data-analytics-label=\"optionsButton\"\n                    data-action=\"analytics#trackCTA\">\n                    <div data-options-target=\"option\"\n                        class=\"custom-section rounded-xl border p-3 shadow-md w-full bg-green-700 my-3\">\n                        <div class=\"flex w-full items-center justify-between\">\n                            <div class=\"flex items-center space-x-3\">\n                                <div class=\"text-lg font-bold\">\n                                    App koreai dr\u00e1m\u00e1k n\u00e9z\u00e9s\u00e9hez \u279d\n                                <\/div>\n                            <\/div>\n                        <\/div>\n                    <\/div>\n                <\/a>\n                                                            <a href=\"https:\/\/universofamilia.com\/hu\/lp-recuperar-fotos\/\" class=\"text-white\" data-analytics-label=\"optionsButton\"\n                    data-action=\"analytics#trackCTA\">\n                    <div data-options-target=\"option\"\n                        class=\"custom-section rounded-xl border p-3 shadow-md w-full bg-green-700 my-3\">\n                        <div class=\"flex w-full items-center justify-between\">\n                            <div class=\"flex items-center space-x-3\">\n                                <div class=\"text-lg font-bold\">\n                                    T\u00f6r\u00f6lt fot\u00f3k helyre\u00e1ll\u00edt\u00e1sa ezzel az alkalmaz\u00e1ssal!  \u279d\n                                <\/div>\n                            <\/div>\n                        <\/div>\n                    <\/div>\n                <\/a>\n                                                            <a href=\"https:\/\/universofamilia.com\/hu\/el-amor-a-un-clic\/\" class=\"text-white\" data-analytics-label=\"optionsButton\"\n                    data-action=\"analytics#trackCTA\">\n                    <div data-options-target=\"option\"\n                        class=\"custom-section rounded-xl border p-3 shadow-md w-full bg-green-700 my-3\">\n                        <div class=\"flex w-full items-center justify-between\">\n                            <div class=\"flex items-center space-x-3\">\n                                <div class=\"text-lg font-bold\">\n                                    Fedezd fel az ide\u00e1lis t\u00e1rskeres\u0151 alkalmaz\u00e1st \u279d\n                                <\/div>\n                            <\/div>\n                        <\/div>\n                    <\/div>\n                <\/a>\n                            <p class=\"text-xs text-gray-500 text-right hidden\"\n            style=\"margin-left: 50%; margin-bottom: 50px; margin-top: 5px;\">\n            <!-- You will be redirected to another website -->\n        <\/p>\n    <\/section>\n\n\n\n\n<p class=\"has-text-align-right\"><em><strong><em><strong><em><strong><em><strong><em><strong>Ugyanott fog maradni!<\/strong><\/em><\/strong><\/em><\/strong><\/em><\/strong><\/em><\/strong><\/em><\/p>\n\n\n\n<hr class=\"wp-block-separator has-alpha-channel-opacity is-style-wide\" \/>\n\n\n\n<p><\/p>\n\n\n\n<p>Ha egy gyakorlat t\u00fal k\u00f6nny\u0171 vagy t\u00fal neh\u00e9z, az alkalmaz\u00e1s automatikus m\u00f3dos\u00edt\u00e1sokat hajthat v\u00e9gre, biztos\u00edtva a folyamatos fejl\u0151d\u00e9st.<\/p>\n\n\n\n<p>Emellett az alkalmaz\u00e1sok egyre intelligensebbek, biometrikus elemz\u00e9s \u00e9s kameraalap\u00fa mozg\u00e1sfelismer\u00e9s r\u00e9v\u00e9n adnak visszajelz\u00e9st, interakt\u00edvabb\u00e1 t\u00e9ve az edz\u00e9seket.<\/p>\n\n\n\n<h2 class=\"wp-block-heading\">A legjobb mesters\u00e9ges intelligenci\u00e1val m\u0171k\u00f6d\u0151 fitneszalkalmaz\u00e1sok 2025-ben<\/h2>\n\n\n\n<p>A <strong>Legjobb mesters\u00e9ges intelligencia fitneszalkalmaz\u00e1sok<\/strong> a piacr\u00f3l a k\u00f6vetkez\u0151k emelkednek ki:<\/p>\n\n\n\n<h3 class=\"wp-block-heading\"><strong>Fitbit: Eg\u00e9szs\u00e9g \u00e9s fitnesz \u2013 Teljes k\u00f6r\u0171 monitoroz\u00e1s az eg\u00e9szs\u00e9ges \u00e9letm\u00f3dhoz<\/strong><\/h3>\n\n\n\n<p>\u0150 <strong>Fitbit: Eg\u00e9szs\u00e9g \u00e9s fitnesz<\/strong> az egyik legn\u00e9pszer\u0171bb alkalmaz\u00e1s azok sz\u00e1m\u00e1ra, akik jav\u00edtani szeretn\u00e9k \u00e1ltal\u00e1nos eg\u00e9szs\u00e9gi \u00e1llapotukat.<\/p>\n\n\n\n<p>Ez az alkalmaz\u00e1s messze t\u00falmutat egy egyszer\u0171 l\u00e9p\u00e9ssz\u00e1ml\u00e1l\u00f3n: lehet\u0151v\u00e9 teszi a l\u00e9p\u00e9seid nyomon k\u00f6vet\u00e9s\u00e9t <strong>a fizikai aktivit\u00e1s, az alv\u00e1s min\u0151s\u00e9ge, a pulzussz\u00e1m, s\u0151t m\u00e9g a stressz-szint is<\/strong>.<\/p>\n\n\n\n<ul>\n<li><strong>Aktivit\u00e1sfigyel\u00e9s<\/strong>A Fitbit automatikusan r\u00f6gz\u00edti a napi aktivit\u00e1sodat, ak\u00e1r s\u00e9t\u00e1lsz, futsz, ker\u00e9kp\u00e1rozol, vagy az edz\u0151teremben edzel.<\/li>\n\n\n\n<li><strong>\u00c1lomelemz\u00e9s<\/strong>: Az alkalmaz\u00e1s nyomon k\u00f6veti az alv\u00e1si szok\u00e1saidat, \u00e9s tippeket ad az alv\u00e1s min\u0151s\u00e9g\u00e9nek jav\u00edt\u00e1s\u00e1ra.<\/li>\n\n\n\n<li><strong>Pulzusm\u00e9r\u00e9s<\/strong>: Val\u00f3s id\u0151ben m\u00e9ri a pulzussz\u00e1mot, \u00e9s figyelmeztet a szokatlan v\u00e1ltoz\u00e1sokra.<\/li>\n\n\n\n<li><strong>Integr\u00e1ci\u00f3 Fitbit eszk\u00f6z\u00f6kkel<\/strong>M\u00e9g \u00e1tfog\u00f3bb \u00e9lm\u00e9ny\u00e9rt Fitbit okos\u00f3r\u00e1kat \u00e9s csukl\u00f3p\u00e1ntokat is csatlakoztathatsz, amelyek lehet\u0151v\u00e9 teszik az edz\u00e9seid pontosabb nyomon k\u00f6vet\u00e9s\u00e9t.<\/li>\n<\/ul>\n\n\n\n<p>Ezenk\u00edv\u00fcl a Fitbit rendelkezik egy olyan funkci\u00f3val, amely lehet\u0151v\u00e9 teszi a m\u00e9r\u00e9st <strong>pulzussz\u00e1m edz\u00e9s k\u00f6zben<\/strong>, seg\u00edtve abban, hogy az ide\u00e1lis z\u00f3n\u00e1ban maradj a zs\u00edr\u00e9get\u00e9shez vagy az \u00e1ll\u00f3k\u00e9pess\u00e9g fejleszt\u00e9s\u00e9hez.<\/p>\n\n\n\n    <div class=\"d-sm-block py-3 mx-auto px-3 mb-3\"\n        style=\"border-top: 1px solid rgb(204, 204, 204); border-bottom: 1px solid rgb(204, 204, 204);\">\n        <div class=\"text-center mb-4\">\n            <h6 class=\"pt-3 text-center text-gray-900 text-2xl title-font font-medium mb-12\">Alkalmaz\u00e1s:<\/h6>\n        <\/div>\n        <div class=\"row\">\n            <div class=\"col-lg-5 col-md-5 col-sm-12 mb-4 mb-lg-0\">\n                <img decoding=\"async\" alt=\"k\u00e1rtya\" style=\"height: 190px; object-fit: cover;\"\n                    class=\"w-100 h-100 object-cover object-center rounded border\" src=\"http:\/\/universofamilia.com\/wp-content\/uploads\/sites\/148\/2025\/03\/BLOCO-APP-ARTIGO-8.jpg\">\n            <\/div>\n            <div class=\"col-lg-7 col-md-7 col-sm-12 d-flex flex-column justify-content-between\">\n                <h3 class=\"text-gray-900 text-3xl title-font font-medium mb-1\">Fitbit: Eg\u00e9szs\u00e9g \u00e9s fitnesz<\/h3>\n\n                                    <div class=\"flex\">\n                                                    <span\n                                class=\"inline-block mx-2 py-1 mx-2 rounded text-xs font-medium tracking-widest text-uppercase mr-2 bg-green-50 text-green-700\">EG\u00c9SZS\u00c9G J\u00d3L\u00c9T<\/span>\n                                            <\/div>\n                                <div class=\"d-block text-justify py-3\">Maradj akt\u00edv \u00e9s eg\u00e9szs\u00e9ges a Fitbit seg\u00edts\u00e9g\u00e9vel. K\u00f6vesd nyomon a napi aktivit\u00e1sodat, pulzusodat, alv\u00e1sodat \u00e9s stressz-szintedet. Csatlakozz Fitbit eszk\u00f6z\u00f6kh\u00f6z a pontos nyomon k\u00f6vet\u00e9s\u00e9rt, \u00e9s jav\u00edtsd a k\u00f6z\u00e9rzetedet szem\u00e9lyre szabott tan\u00e1csokkal.<\/div>\n                <div class=\"mt-auto d-flex flex-column align-items-end\">\n                    <a class=\"d-inline-block text-center text-white border-0 py-2 px-8 text-lg focus:outline-none rounded bg-green-700 hover:bg-green-800 btn-block\"\n                        href=\"https:\/\/apps.apple.com\/us\/app\/fitbit-health-fitness\/id462638897\"                         data-analytics-label=\"landingPageFirstButton\" data-action=\"analytics#trackCTA\">\n                        Alkalmaz\u00e1s let\u00f6lt\u00e9se                    <\/a>\n                                            <div class=\"text-xs text-muted mt-3 d-block col-12 text-center\">\u00c1tir\u00e1ny\u00edtunk egy m\u00e1sik webhelyre<\/div>\n                                    <\/div>\n            <\/div>\n        <\/div>\n    <\/div>\n\n\n\n<h3 class=\"wp-block-heading\"><strong>MyFitnessPal: Kal\u00f3riasz\u00e1ml\u00e1l\u00f3 \u2013 Teljes kontroll az \u00e9trended felett<\/strong><\/h3>\n\n\n\n<p><strong>MyFitnessPal<\/strong> Ez az egyik legteljesebb alkalmaz\u00e1s, ha a k\u00f6vetkez\u0151kr\u0151l van sz\u00f3 <strong>kal\u00f3riaszab\u00e1lyoz\u00e1s \u00e9s t\u00e1pl\u00e1lkoz\u00e1si monitoroz\u00e1s<\/strong>.<\/p>\n\n\n\n<p>Ha fogyni, izomt\u00f6meget n\u00f6velni, vagy egyszer\u0171en csak kiegyens\u00falyozott \u00e9trendet szeretn\u00e9l fenntartani, ez az alkalmaz\u00e1s kiv\u00e1l\u00f3 sz\u00f6vets\u00e9gesed lehet.<\/p>\n\n\n\n<ul>\n<li><strong>Kiterjedt t\u00e1pl\u00e1lkoz\u00e1si adatb\u00e1zis<\/strong>T\u00f6bb mint 14 milli\u00f3 napl\u00f3zott \u00e9tellel k\u00f6nnyed\u00e9n r\u00f6gz\u00edtheted az \u00e9tkez\u00e9seidet.<\/li>\n\n\n\n<li><strong>Vonalk\u00f3d beolvas\u00e1s<\/strong>: Megk\u00f6nny\u00edti az \u00e9telek hozz\u00e1ad\u00e1s\u00e1t a term\u00e9keken tal\u00e1lhat\u00f3 vonalk\u00f3d egyszer\u0171 beolvas\u00e1s\u00e1val.<\/li>\n\n\n\n<li><strong>Makrot\u00e1panyag-napl\u00f3<\/strong>Nyomon k\u00f6veti a sz\u00e9nhidr\u00e1tokat, feh\u00e9rj\u00e9ket \u00e9s zs\u00edrokat, seg\u00edtve az \u00e9trend tervez\u00e9s\u00e9t.<\/li>\n\n\n\n<li><strong>Szinkroniz\u00e1l\u00e1s m\u00e1s alkalmaz\u00e1sokkal<\/strong>Csatlakozhat a Fitbithez, az Apple Healthhez \u00e9s m\u00e1s fitneszalkalmaz\u00e1sokhoz.<\/li>\n<\/ul>\n\n\n\n<p>A MyFitnessPal nagy el\u0151nye a k\u00f6vetkez\u0151: <strong>testreszab\u00e1si kapacit\u00e1s<\/strong>, amely lehet\u0151v\u00e9 teszi, hogy az \u00e9letm\u00f3dod \u00e9s fitneszc\u00e9ljaid alapj\u00e1n konkr\u00e9t kal\u00f3ria- \u00e9s makrot\u00e1panyag-c\u00e9lokat \u00e1ll\u00edts be.<\/p>\n\n\n\n    <div class=\"d-sm-block py-3 mx-auto px-3 mb-3\"\n        style=\"border-top: 1px solid rgb(204, 204, 204); border-bottom: 1px solid rgb(204, 204, 204);\">\n        <div class=\"text-center mb-4\">\n            <h6 class=\"pt-3 text-center text-gray-900 text-2xl title-font font-medium mb-12\">Alkalmaz\u00e1s:<\/h6>\n        <\/div>\n        <div class=\"row\">\n            <div class=\"col-lg-5 col-md-5 col-sm-12 mb-4 mb-lg-0\">\n                <img decoding=\"async\" alt=\"k\u00e1rtya\" style=\"height: 190px; object-fit: cover;\"\n                    class=\"w-100 h-100 object-cover object-center rounded border\" src=\"http:\/\/universofamilia.com\/wp-content\/uploads\/sites\/148\/2025\/03\/BLOCO-APP-ARTIGO-1-4.jpg\">\n            <\/div>\n            <div class=\"col-lg-7 col-md-7 col-sm-12 d-flex flex-column justify-content-between\">\n                <h3 class=\"text-gray-900 text-3xl title-font font-medium mb-1\">MyFitnessPal: Kal\u00f3riasz\u00e1ml\u00e1l\u00f3<\/h3>\n\n                                    <div class=\"flex\">\n                                                    <span\n                                class=\"inline-block mx-2 py-1 mx-2 rounded text-xs font-medium tracking-widest text-uppercase mr-2 bg-green-50 text-green-700\">T\u00c1PL\u00c1LKOZ\u00c1SI ELLEN\u0150RZ\u00c9S<\/span>\n                                            <\/div>\n                                <div class=\"d-block text-justify py-3\">K\u00f6vesd nyomon a t\u00e1pl\u00e1lkoz\u00e1sodat \u00e9s \u00e9rd el eg\u00e9szs\u00e9g\u00fcgyi c\u00e9ljaidat a MyFitnessPal seg\u00edts\u00e9g\u00e9vel. K\u00f6nnyed\u00e9n napl\u00f3zd az \u00e9tkez\u00e9seidet, olvass be vonalk\u00f3dokat, \u00e9s a c\u00e9ljaid alapj\u00e1n \u00e1ll\u00edtsd be a kal\u00f3riabeviteledet. Kompatibilis a Fitbit \u00e9s az Apple Health alkalmaz\u00e1sokkal.<\/div>\n                <div class=\"mt-auto d-flex flex-column align-items-end\">\n                    <a class=\"d-inline-block text-center text-white border-0 py-2 px-8 text-lg focus:outline-none rounded bg-green-700 hover:bg-green-800 btn-block\"\n                        href=\"https:\/\/apps.apple.com\/us\/app\/myfitnesspal-calorie-counter\/id341232718\"                         data-analytics-label=\"landingPageFirstButton\" data-action=\"analytics#trackCTA\">\n                        Alkalmaz\u00e1s let\u00f6lt\u00e9se                    <\/a>\n                                            <div class=\"text-xs text-muted mt-3 d-block col-12 text-center\">\u00c1tir\u00e1ny\u00edtunk egy m\u00e1sik webhelyre<\/div>\n                                    <\/div>\n            <\/div>\n        <\/div>\n    <\/div>\n\n\n\n<h3 class=\"wp-block-heading\"><strong>Nike Training Club: Wellness \u2013 A digit\u00e1lis szem\u00e9lyi edz\u0151d<\/strong><\/h3>\n\n\n\n<p>\u0150 <strong>Nike Edz\u0151klub<\/strong> Ez az egyik legjobb alkalmaz\u00e1s azok sz\u00e1m\u00e1ra, akik <strong>kiv\u00e1l\u00f3 min\u0151s\u00e9g\u0171 vezetett edz\u00e9sek<\/strong>.<\/p>\n\n\n\n<p>Testreszabott programokat k\u00edn\u00e1l k\u00fcl\u00f6nb\u00f6z\u0151 c\u00e9lok el\u00e9r\u00e9s\u00e9hez, p\u00e9ld\u00e1ul fogy\u00e1shoz, izomt\u00f6meg n\u00f6vel\u00e9shez \u00e9s fitts\u00e9g jav\u00edt\u00e1s\u00e1hoz.<\/p>\n\n\n\n<ul>\n<li><strong>Szak\u00e9rt\u0151k \u00e1ltal vezetett k\u00e9pz\u00e9s<\/strong>Szakk\u00e9pzett oktat\u00f3k \u00e1ltal vezetett foglalkoz\u00e1sok r\u00e9szletes magyar\u00e1zatokkal.<\/li>\n\n\n\n<li><strong>V\u00e1ltozatos gyakorlatok<\/strong>A j\u00f3g\u00e1t\u00f3l \u00e9s a ny\u00fajt\u00e1st\u00f3l kezdve a HIIT \u00e9s test\u00e9p\u00edt\u0151 edz\u00e9sekig.<\/li>\n\n\n\n<li><strong>Testreszabott programok<\/strong>Az alkalmaz\u00e1s a halad\u00e1sod \u00e9s a visszajelz\u00e9seid alapj\u00e1n m\u00f3dos\u00edtja az edz\u00e9seket.<\/li>\n\n\n\n<li><strong>Edz\u00e9s felszerel\u00e9s n\u00e9lk\u00fcl<\/strong>Lehet\u0151s\u00e9gek azok sz\u00e1m\u00e1ra, akik otthon szeretn\u00e9nek edzeni s\u00falyok \u00e9s g\u00e9pek n\u00e9lk\u00fcl.<\/li>\n<\/ul>\n\n\n\n<p>Ezzel az alkalmaz\u00e1ssal l\u00e9trehozhatsz egy <strong>teljes edz\u00e9sterv<\/strong>, a tapasztalati szintj\u00e9nek \u00e9s a rendelkez\u00e9sre \u00e1ll\u00f3 id\u0151nek megfelel\u0151en, biztos\u00edtva a k\u00f6vetkezetesebb eredm\u00e9nyeket.<\/p>\n\n\n\n    <div class=\"d-sm-block py-3 mx-auto px-3 mb-3\"\n        style=\"border-top: 1px solid rgb(204, 204, 204); border-bottom: 1px solid rgb(204, 204, 204);\">\n        <div class=\"text-center mb-4\">\n            <h6 class=\"pt-3 text-center text-gray-900 text-2xl title-font font-medium mb-12\">Alkalmaz\u00e1s:<\/h6>\n        <\/div>\n        <div class=\"row\">\n            <div class=\"col-lg-5 col-md-5 col-sm-12 mb-4 mb-lg-0\">\n                <img decoding=\"async\" alt=\"k\u00e1rtya\" style=\"height: 190px; object-fit: cover;\"\n                    class=\"w-100 h-100 object-cover object-center rounded border\" src=\"http:\/\/universofamilia.com\/wp-content\/uploads\/sites\/148\/2025\/03\/230x0w-2.webp\">\n            <\/div>\n            <div class=\"col-lg-7 col-md-7 col-sm-12 d-flex flex-column justify-content-between\">\n                <h3 class=\"text-gray-900 text-3xl title-font font-medium mb-1\">Nike Edz\u0151klub: Wellness<\/h3>\n\n                                    <div class=\"flex\">\n                                                    <span\n                                class=\"inline-block mx-2 py-1 mx-2 rounded text-xs font-medium tracking-widest text-uppercase mr-2 bg-green-50 text-green-700\">SPORTEDZ\u00c9S<\/span>\n                                            <\/div>\n                                <div class=\"d-block text-justify py-3\">Otthoni szem\u00e9lyi edz\u0151d. Szak\u00e9rt\u0151k \u00e1ltal vezetett edz\u00e9sekhez, szem\u00e9lyre szabott programokhoz \u00e9s eszk\u00f6zmentes edz\u00e9sprogramokhoz f\u00e9rhetsz hozz\u00e1. Ide\u00e1lis a tested er\u0151s\u00edt\u00e9s\u00e9hez \u00e9s az er\u0151nl\u00e9ted jav\u00edt\u00e1s\u00e1hoz a Nike t\u00e1mogat\u00e1s\u00e1val.<\/div>\n                <div class=\"mt-auto d-flex flex-column align-items-end\">\n                    <a class=\"d-inline-block text-center text-white border-0 py-2 px-8 text-lg focus:outline-none rounded bg-green-700 hover:bg-green-800 btn-block\"\n                        href=\"https:\/\/apps.apple.com\/us\/app\/myfitnesspal-calorie-counter\/id341232718\"                         data-analytics-label=\"landingPageFirstButton\" data-action=\"analytics#trackCTA\">\n                        Alkalmaz\u00e1s let\u00f6lt\u00e9se                    <\/a>\n                                            <div class=\"text-xs text-muted mt-3 d-block col-12 text-center\">\u00c1tir\u00e1ny\u00edtunk egy m\u00e1sik webhelyre<\/div>\n                                    <\/div>\n            <\/div>\n        <\/div>\n    <\/div>\n\n\n\n<h2 class=\"wp-block-heading\">Interakt\u00edv edz\u00e9sek \u00e9s j\u00e1t\u00e9kos\u00edt\u00e1s: Hogyan teszi a mesters\u00e9ges intelligencia a testmozg\u00e1st m\u00e9g vonz\u00f3bb\u00e1<\/h2>\n\n\n\n<p>A modern fitneszalkalmaz\u00e1sok j\u00e1t\u00e9kos elemeket haszn\u00e1lnak a felhaszn\u00e1l\u00f3k motiv\u00e1l\u00e1s\u00e1nak fenntart\u00e1sa \u00e9rdek\u00e9ben.<\/p>\n\n\n\n<p>Az olyan funkci\u00f3k, mint a napi kih\u00edv\u00e1sok, a c\u00e9lok el\u00e9r\u00e9s\u00e9\u00e9rt j\u00e1r\u00f3 jutalmak \u00e9s a ranglist\u00e1k seg\u00edtenek abban, hogy az edz\u00e9s dinamikusabb \u00e9s stimul\u00e1l\u00f3bb legyen.<\/p>\n\n\n\n<p>Ezenk\u00edv\u00fcl a mesters\u00e9ges intelligencia a felhaszn\u00e1l\u00f3i teljes\u00edtm\u00e9ny alapj\u00e1n igaz\u00edtja a kih\u00edv\u00e1sokat, biztos\u00edtva a folyamatos fejl\u0151d\u00e9st.<\/p>\n\n\n\n<h2 class=\"wp-block-heading\">A regener\u00e1l\u00f3d\u00e1s \u00e9s a pihen\u00e9s fontoss\u00e1ga a fitnesz rutinban<\/h2>\n\n\n\n<p>Sokan csak az edz\u00e9sekre koncentr\u00e1lnak, de a regener\u00e1l\u00f3d\u00e1s elengedhetetlen a s\u00e9r\u00fcl\u00e9sek elker\u00fcl\u00e9se \u00e9s a jobb eredm\u00e9nyek biztos\u00edt\u00e1sa \u00e9rdek\u00e9ben.<\/p>\n\n\n\n<p>Az olyan alkalmaz\u00e1sok, mint a Fitbit \u00e9s a Nike Training Club, betekint\u00e9st ny\u00fajtanak az alv\u00e1s min\u0151s\u00e9g\u00e9be, \u00e9s \u00fatmutat\u00e1st ny\u00fajtanak a megfelel\u0151 pihen\u0151id\u0151kkel kapcsolatban, el\u0151seg\u00edtve az izmok regener\u00e1l\u00f3d\u00e1s\u00e1t \u00e9s a fizikai teljes\u00edtm\u00e9nyt.<\/p>\n\n\n\n<h2 class=\"wp-block-heading\">A fitneszalkalmaz\u00e1sok hat\u00e1sa a ment\u00e1lis eg\u00e9szs\u00e9gre \u00e9s a j\u00f3ll\u00e9tre<\/h2>\n\n\n\n<p>A fizikai el\u0151ny\u00f6k mellett a fitneszalkalmaz\u00e1sok a ment\u00e1lis eg\u00e9szs\u00e9gre is hozz\u00e1j\u00e1rulnak.<\/p>\n\n\n\n<p>A rendszeres testmozg\u00e1s seg\u00edt cs\u00f6kkenteni a stresszt \u00e9s jav\u00edtja a hangulatot, \u00e9s sz\u00e1mos alkalmaz\u00e1s k\u00edn\u00e1l wellness-k\u00f6zpont\u00fa funkci\u00f3kat, p\u00e9ld\u00e1ul vezetett medit\u00e1ci\u00f3kat \u00e9s l\u00e9gz\u0151gyakorlatokat a szorong\u00e1s kezel\u00e9s\u00e9re.<\/p>\n\n\n\n<h2 class=\"wp-block-heading\">K\u00f6vetkeztet\u00e9s<\/h2>\n\n\n\n<p>A mesters\u00e9ges intelligencia \u00e1ltal vez\u00e9relt fitneszalkalmaz\u00e1sok \u00e1talak\u00edtj\u00e1k az eg\u00e9szs\u00e9g\u00fcnk meg\u0151rz\u00e9s\u00e9nek m\u00f3dj\u00e1t. Ak\u00e1r\u2026 <strong>fogyni, izomt\u00f6meget n\u00f6velni vagy a j\u00f3 k\u00f6z\u00e9rzet fenntart\u00e1sa \u00e9rdek\u00e9ben<\/strong>, ezek az eszk\u00f6z\u00f6k fejlett \u00e9s k\u00f6nnyen hozz\u00e1f\u00e9rhet\u0151 t\u00e1mogat\u00e1st ny\u00fajtanak.<\/p>\n\n\n\n<p>Olyan funkci\u00f3kkal, mint <strong>Kal\u00f3riafigyel\u00e9s, ir\u00e1ny\u00edtott edz\u00e9sek \u00e9s val\u00f3s idej\u0171 elemz\u00e9s<\/strong>, sokkal k\u00f6nnyebb el\u00e9rni a c\u00e9ljaidat.<\/p>\n\n\n\n<p>V\u00e1laszd ki az ig\u00e9nyeidnek legink\u00e1bb megfelel\u0151 alkalmaz\u00e1st, \u00e9s kezdd el az eg\u00e9szs\u00e9gesebb \u00e9let fel\u00e9 vezet\u0151 utad.<\/p>","protected":false},"excerpt":{"rendered":"<p>La tecnolog\u00eda est\u00e1 transformando la forma en que hacemos ejercicio, y las aplicaciones de fitness con inteligencia artificial (IA) est\u00e1n revolucionando los entrenamientos en casa. Si antes necesit\u00e1bamos gimnasios o entrenadores personales para un seguimiento de calidad, hoy, con solo un tel\u00e9fono inteligente, podemos tener entrenamientos personalizados, monitoreo del progreso y consejos de alimentaci\u00f3n en [&hellip;]<\/p>","protected":false},"author":139,"featured_media":8924,"comment_status":"closed","ping_status":"open","sticky":false,"template":"","format":"standard","meta":{"footnotes":""},"categories":[2],"tags":[1997,1864,1995,1996,1998],"yoast_head":"<!-- This site is optimized with the Yoast SEO plugin v23.3 - https:\/\/yoast.com\/wordpress\/plugins\/seo\/ -->\n<title>Maximizando sus metas de acondicionamiento f\u00edsico con aplicaciones con tecnolog\u00eda de IA en 2025 - Universo Fam\u00edlia<\/title>\n<meta name=\"description\" content=\"Maximizando sus metas de acondicionamiento f\u00edsico con aplicaciones con tecnolog\u00eda de IA en 2025.\" \/>\n<meta name=\"robots\" content=\"index, follow, max-snippet:-1, max-image-preview:large, max-video-preview:-1\" \/>\n<link rel=\"canonical\" href=\"http:\/\/universofamilia.com\/hu\/aplicaciones-con-tecnologia-de-ia\/\" \/>\n<meta property=\"og:locale\" content=\"hu_HU\" \/>\n<meta property=\"og:type\" content=\"article\" \/>\n<meta property=\"og:title\" content=\"Maximizando sus metas de acondicionamiento f\u00edsico con aplicaciones con tecnolog\u00eda de IA en 2025 - Universo Fam\u00edlia\" \/>\n<meta property=\"og:description\" content=\"Maximizando sus metas de acondicionamiento f\u00edsico con aplicaciones con tecnolog\u00eda de IA en 2025.\" \/>\n<meta property=\"og:url\" content=\"http:\/\/universofamilia.com\/hu\/aplicaciones-con-tecnologia-de-ia\/\" \/>\n<meta property=\"og:site_name\" content=\"Universo Fam\u00edlia\" \/>\n<meta property=\"article:published_time\" content=\"2025-03-07T20:39:53+00:00\" \/>\n<meta property=\"article:modified_time\" content=\"2025-03-07T20:39:55+00:00\" \/>\n<meta property=\"og:image\" content=\"http:\/\/universofamilia.com\/wp-content\/uploads\/sites\/148\/2025\/03\/BLOCO-APP-ARTIGO-1-4.jpg\" \/>\n\t<meta property=\"og:image:width\" content=\"1080\" \/>\n\t<meta property=\"og:image:height\" content=\"1080\" \/>\n\t<meta property=\"og:image:type\" content=\"image\/jpeg\" \/>\n<meta name=\"author\" content=\"Pedro Henrique\" \/>\n<meta name=\"twitter:card\" content=\"summary_large_image\" \/>\n<meta name=\"twitter:label1\" content=\"Written by\" \/>\n\t<meta name=\"twitter:data1\" content=\"Pedro Henrique\" \/>\n\t<meta name=\"twitter:label2\" content=\"Est. reading time\" \/>\n\t<meta name=\"twitter:data2\" content=\"6 perc\" \/>\n<script type=\"application\/ld+json\" class=\"yoast-schema-graph\">{\"@context\":\"https:\/\/schema.org\",\"@graph\":[{\"@type\":\"WebPage\",\"@id\":\"http:\/\/universofamilia.com\/sr\/aplicaciones-con-tecnologia-de-ia\/\",\"url\":\"http:\/\/universofamilia.com\/sr\/aplicaciones-con-tecnologia-de-ia\/\",\"name\":\"Maximizando sus metas de acondicionamiento f\u00edsico con aplicaciones con tecnolog\u00eda de IA en 2025 - Universo Fam\u00edlia\",\"isPartOf\":{\"@id\":\"https:\/\/universofamilia.com\/el\/#website\"},\"primaryImageOfPage\":{\"@id\":\"http:\/\/universofamilia.com\/sr\/aplicaciones-con-tecnologia-de-ia\/#primaryimage\"},\"image\":{\"@id\":\"http:\/\/universofamilia.com\/sr\/aplicaciones-con-tecnologia-de-ia\/#primaryimage\"},\"thumbnailUrl\":\"https:\/\/universofamilia.com\/wp-content\/uploads\/sites\/148\/2025\/03\/BLOCO-APP-ARTIGO-1-4.jpg\",\"datePublished\":\"2025-03-07T20:39:53+00:00\",\"dateModified\":\"2025-03-07T20:39:55+00:00\",\"author\":{\"@id\":\"https:\/\/universofamilia.com\/el\/#\/schema\/person\/f07ce98187dd84d31154262e79b3b7ca\"},\"description\":\"Maximizando sus metas de acondicionamiento f\u00edsico con aplicaciones con tecnolog\u00eda de IA en 2025.\",\"breadcrumb\":{\"@id\":\"http:\/\/universofamilia.com\/sr\/aplicaciones-con-tecnologia-de-ia\/#breadcrumb\"},\"inLanguage\":\"hu\",\"potentialAction\":[{\"@type\":\"ReadAction\",\"target\":[\"http:\/\/universofamilia.com\/sr\/aplicaciones-con-tecnologia-de-ia\/\"]}]},{\"@type\":\"ImageObject\",\"inLanguage\":\"hu\",\"@id\":\"http:\/\/universofamilia.com\/sr\/aplicaciones-con-tecnologia-de-ia\/#primaryimage\",\"url\":\"https:\/\/universofamilia.com\/wp-content\/uploads\/sites\/148\/2025\/03\/BLOCO-APP-ARTIGO-1-4.jpg\",\"contentUrl\":\"https:\/\/universofamilia.com\/wp-content\/uploads\/sites\/148\/2025\/03\/BLOCO-APP-ARTIGO-1-4.jpg\",\"width\":1080,\"height\":1080,\"caption\":\"MyFitnessPal: Calorie Counter\"},{\"@type\":\"BreadcrumbList\",\"@id\":\"http:\/\/universofamilia.com\/sr\/aplicaciones-con-tecnologia-de-ia\/#breadcrumb\",\"itemListElement\":[{\"@type\":\"ListItem\",\"position\":1,\"name\":\"Home\",\"item\":\"https:\/\/universofamilia.com\/el\/\"},{\"@type\":\"ListItem\",\"position\":2,\"name\":\"Maximizando sus metas de acondicionamiento f\u00edsico con aplicaciones con tecnolog\u00eda de IA en 2025\"}]},{\"@type\":\"WebSite\",\"@id\":\"https:\/\/universofamilia.com\/el\/#website\",\"url\":\"https:\/\/universofamilia.com\/el\/\",\"name\":\"Universo Fam\u00edlia\",\"description\":\"\",\"potentialAction\":[{\"@type\":\"SearchAction\",\"target\":{\"@type\":\"EntryPoint\",\"urlTemplate\":\"https:\/\/universofamilia.com\/el\/?s={search_term_string}\"},\"query-input\":\"required name=search_term_string\"}],\"inLanguage\":\"hu\"},{\"@type\":\"Person\",\"@id\":\"https:\/\/universofamilia.com\/el\/#\/schema\/person\/f07ce98187dd84d31154262e79b3b7ca\",\"name\":\"Pedro Henrique\",\"image\":{\"@type\":\"ImageObject\",\"inLanguage\":\"hu\",\"@id\":\"https:\/\/universofamilia.com\/el\/#\/schema\/person\/image\/\",\"url\":\"https:\/\/secure.gravatar.com\/avatar\/9edfeb808cb4e1599f64d6e45b130154?s=96&d=mm&r=g\",\"contentUrl\":\"https:\/\/secure.gravatar.com\/avatar\/9edfeb808cb4e1599f64d6e45b130154?s=96&d=mm&r=g\",\"caption\":\"Pedro Henrique\"},\"url\":\"https:\/\/universofamilia.com\/hu\/author\/editor01\/\"}]}<\/script>\n<!-- \/ Yoast SEO plugin. -->","yoast_head_json":{"title":"Maximizando sus metas de acondicionamiento f\u00edsico con aplicaciones con tecnolog\u00eda de IA en 2025 - Universo Fam\u00edlia","description":"Maximizando sus metas de acondicionamiento f\u00edsico con aplicaciones con tecnolog\u00eda de IA en 2025.","robots":{"index":"index","follow":"follow","max-snippet":"max-snippet:-1","max-image-preview":"max-image-preview:large","max-video-preview":"max-video-preview:-1"},"canonical":"http:\/\/universofamilia.com\/hu\/aplicaciones-con-tecnologia-de-ia\/","og_locale":"hu_HU","og_type":"article","og_title":"Maximizando sus metas de acondicionamiento f\u00edsico con aplicaciones con tecnolog\u00eda de IA en 2025 - Universo Fam\u00edlia","og_description":"Maximizando sus metas de acondicionamiento f\u00edsico con aplicaciones con tecnolog\u00eda de IA en 2025.","og_url":"http:\/\/universofamilia.com\/hu\/aplicaciones-con-tecnologia-de-ia\/","og_site_name":"Universo Fam\u00edlia","article_published_time":"2025-03-07T20:39:53+00:00","article_modified_time":"2025-03-07T20:39:55+00:00","og_image":[{"width":1080,"height":1080,"url":"http:\/\/universofamilia.com\/wp-content\/uploads\/sites\/148\/2025\/03\/BLOCO-APP-ARTIGO-1-4.jpg","type":"image\/jpeg"}],"author":"Pedro Henrique","twitter_card":"summary_large_image","twitter_misc":{"Written by":"Pedro Henrique","Est. reading time":"6 perc"},"schema":{"@context":"https:\/\/schema.org","@graph":[{"@type":"WebPage","@id":"http:\/\/universofamilia.com\/sr\/aplicaciones-con-tecnologia-de-ia\/","url":"http:\/\/universofamilia.com\/sr\/aplicaciones-con-tecnologia-de-ia\/","name":"Maximizando sus metas de acondicionamiento f\u00edsico con aplicaciones con tecnolog\u00eda de IA en 2025 - Universo Fam\u00edlia","isPartOf":{"@id":"https:\/\/universofamilia.com\/el\/#website"},"primaryImageOfPage":{"@id":"http:\/\/universofamilia.com\/sr\/aplicaciones-con-tecnologia-de-ia\/#primaryimage"},"image":{"@id":"http:\/\/universofamilia.com\/sr\/aplicaciones-con-tecnologia-de-ia\/#primaryimage"},"thumbnailUrl":"https:\/\/universofamilia.com\/wp-content\/uploads\/sites\/148\/2025\/03\/BLOCO-APP-ARTIGO-1-4.jpg","datePublished":"2025-03-07T20:39:53+00:00","dateModified":"2025-03-07T20:39:55+00:00","author":{"@id":"https:\/\/universofamilia.com\/el\/#\/schema\/person\/f07ce98187dd84d31154262e79b3b7ca"},"description":"Maximizando sus metas de acondicionamiento f\u00edsico con aplicaciones con tecnolog\u00eda de IA en 2025.","breadcrumb":{"@id":"http:\/\/universofamilia.com\/sr\/aplicaciones-con-tecnologia-de-ia\/#breadcrumb"},"inLanguage":"hu","potentialAction":[{"@type":"ReadAction","target":["http:\/\/universofamilia.com\/sr\/aplicaciones-con-tecnologia-de-ia\/"]}]},{"@type":"ImageObject","inLanguage":"hu","@id":"http:\/\/universofamilia.com\/sr\/aplicaciones-con-tecnologia-de-ia\/#primaryimage","url":"https:\/\/universofamilia.com\/wp-content\/uploads\/sites\/148\/2025\/03\/BLOCO-APP-ARTIGO-1-4.jpg","contentUrl":"https:\/\/universofamilia.com\/wp-content\/uploads\/sites\/148\/2025\/03\/BLOCO-APP-ARTIGO-1-4.jpg","width":1080,"height":1080,"caption":"MyFitnessPal: Calorie Counter"},{"@type":"BreadcrumbList","@id":"http:\/\/universofamilia.com\/sr\/aplicaciones-con-tecnologia-de-ia\/#breadcrumb","itemListElement":[{"@type":"ListItem","position":1,"name":"Home","item":"https:\/\/universofamilia.com\/el\/"},{"@type":"ListItem","position":2,"name":"Maximizando sus metas de acondicionamiento f\u00edsico con aplicaciones con tecnolog\u00eda de IA en 2025"}]},{"@type":"WebSite","@id":"https:\/\/universofamilia.com\/el\/#website","url":"https:\/\/universofamilia.com\/el\/","name":"Universo Fam\u00edlia","description":"","potentialAction":[{"@type":"SearchAction","target":{"@type":"EntryPoint","urlTemplate":"https:\/\/universofamilia.com\/el\/?s={search_term_string}"},"query-input":"required name=search_term_string"}],"inLanguage":"hu"},{"@type":"Person","@id":"https:\/\/universofamilia.com\/el\/#\/schema\/person\/f07ce98187dd84d31154262e79b3b7ca","name":"Pedro Henrique","image":{"@type":"ImageObject","inLanguage":"hu","@id":"https:\/\/universofamilia.com\/el\/#\/schema\/person\/image\/","url":"https:\/\/secure.gravatar.com\/avatar\/9edfeb808cb4e1599f64d6e45b130154?s=96&d=mm&r=g","contentUrl":"https:\/\/secure.gravatar.com\/avatar\/9edfeb808cb4e1599f64d6e45b130154?s=96&d=mm&r=g","caption":"Pedro Henrique"},"url":"https:\/\/universofamilia.com\/hu\/author\/editor01\/"}]}},"_links":{"self":[{"href":"https:\/\/universofamilia.com\/hu\/wp-json\/wp\/v2\/posts\/8922"}],"collection":[{"href":"https:\/\/universofamilia.com\/hu\/wp-json\/wp\/v2\/posts"}],"about":[{"href":"https:\/\/universofamilia.com\/hu\/wp-json\/wp\/v2\/types\/post"}],"author":[{"embeddable":true,"href":"https:\/\/universofamilia.com\/hu\/wp-json\/wp\/v2\/users\/139"}],"replies":[{"embeddable":true,"href":"https:\/\/universofamilia.com\/hu\/wp-json\/wp\/v2\/comments?post=8922"}],"version-history":[{"count":1,"href":"https:\/\/universofamilia.com\/hu\/wp-json\/wp\/v2\/posts\/8922\/revisions"}],"predecessor-version":[{"id":8926,"href":"https:\/\/universofamilia.com\/hu\/wp-json\/wp\/v2\/posts\/8922\/revisions\/8926"}],"wp:featuredmedia":[{"embeddable":true,"href":"https:\/\/universofamilia.com\/hu\/wp-json\/wp\/v2\/media\/8924"}],"wp:attachment":[{"href":"https:\/\/universofamilia.com\/hu\/wp-json\/wp\/v2\/media?parent=8922"}],"wp:term":[{"taxonomy":"category","embeddable":true,"href":"https:\/\/universofamilia.com\/hu\/wp-json\/wp\/v2\/categories?post=8922"},{"taxonomy":"post_tag","embeddable":true,"href":"https:\/\/universofamilia.com\/hu\/wp-json\/wp\/v2\/tags?post=8922"}],"curies":[{"name":"wp","href":"https:\/\/api.w.org\/{rel}","templated":true}]}}