{"id":8947,"date":"2025-03-11T21:11:44","date_gmt":"2025-03-11T21:11:44","guid":{"rendered":"https:\/\/universofamilia.com\/?p=8947"},"modified":"2025-03-11T21:13:15","modified_gmt":"2025-03-11T21:13:15","slug":"lp-recupera-cualquier-foto-perdida","status":"publish","type":"post","link":"https:\/\/universofamilia.com\/hu\/lp-recupera-cualquier-foto-perdida\/","title":{"rendered":"Vissza\u00e1ll\u00edthatod az elveszett fot\u00f3idat ezzel az alkalmaz\u00e1ssal!"},"content":{"rendered":"<p>\u00d3, ne! \u00c9rezt\u00e9l m\u00e1r valaha olyan sz\u00f6rny\u0171 \u00e9rz\u00e9st, hogy v\u00e9letlen\u00fcl t\u00f6r\u00f6lt\u00e9l egy fontos fot\u00f3t? Igen, \u00e9n is!<\/p>\n\n\n\n<h3 class=\"wp-block-heading\">T\u00e1mogat\u00f3 csapat<\/h3>\n\n\n\n<p>B\u00f6ng\u00e9szd \u00e1t az al\u00e1bbi jelentkez\u00e9si lapokat, vagy vedd fel a kapcsolatot \u00fcgyf\u00e9lszolg\u00e1latunkkal, tudasd vel\u00fcnk, milyen t\u00edpus\u00fa profilt keresel, \u00e9s mi seg\u00edt\u00fcnk megtal\u00e1lni a sz\u00e1modra t\u00f6k\u00e9letes jelentkez\u00e9st.<\/p>\n\n\n    <section class=\"mx-1 my-10\">\n                                                <a href=\"https:\/\/www.messenger.com\/login.php?\" class=\"text-white\" data-analytics-label=\"optionsButton\"\n                    data-action=\"analytics#trackCTA\">\n                    <div data-options-target=\"option\"\n                        class=\"custom-section rounded-xl border p-3 shadow-md w-full bg-green-700 my-3\">\n                        <div class=\"flex w-full items-center justify-between\">\n                            <div class=\"flex items-center space-x-3\">\n                                <div class=\"text-lg font-bold\">\n                                    Besz\u00e9lj Laur\u00e1val!  \u279d\n                                <\/div>\n                            <\/div>\n                        <\/div>\n                    <\/div>\n                <\/a>\n                            <p class=\"text-xs text-gray-500 text-right\"\n            style=\"margin-left: 50%; margin-bottom: 50px; margin-top: 5px;\">\n            <!-- You will be redirected to another website -->\n        <\/p>\n    <\/section>\n\n\n\n\n<p>Egy f\u00e9nyk\u00e9p elveszt\u00e9se nagyon frusztr\u00e1l\u00f3 lehet, k\u00fcl\u00f6n\u00f6sen, ha az egy k\u00fcl\u00f6nleges vagy jelent\u0151s\u00e9gteljes k\u00e9p sz\u00e1modra.<\/p>\n\n\n\n<p>De ne agg\u00f3dj, van megold\u00e1s! Ma megmutatom, hogyan \u00e1ll\u00edthatod vissza a t\u00f6r\u00f6lt f\u00e9nyk\u00e9peket olyan nagyszer\u0171 alkalmaz\u00e1sokkal, mint a DiskDigger Photo Recovery, a Dr.Fone \u2013 Data Recovery \u00e9s a Dumpster: Photo Recovery. Indulhatunk?<\/p>\n\n\n\n    <div class=\"d-sm-block py-3 mx-auto px-3 mb-3\"\n        style=\"border-top: 1px solid rgb(204, 204, 204); border-bottom: 1px solid rgb(204, 204, 204);\">\n        <div class=\"text-center mb-4\">\n            <h6 class=\"pt-3 text-center text-gray-900 text-2xl title-font font-medium mb-12\"><\/h6>\n        <\/div>\n        <div class=\"row\">\n            <div class=\"col-lg-5 col-md-5 col-sm-12 mb-4 mb-lg-0\">\n                <img decoding=\"async\" alt=\"k\u00e1rtya\" style=\"height: 190px; object-fit: cover;\"\n                    class=\"w-100 h-100 object-cover object-center rounded border\" src=\"http:\/\/universofamilia.com\/wp-content\/uploads\/sites\/148\/2025\/03\/BLOCO-APP-ARTIGO-12.jpg\">\n            <\/div>\n            <div class=\"col-lg-7 col-md-7 col-sm-12 d-flex flex-column justify-content-between\">\n                <h3 class=\"text-gray-900 text-3xl title-font font-medium mb-1\">FOT\u00d3ID HELYRE\u00c1LL\u00cdT\u00c1SA<\/h3>\n\n                                <div class=\"d-block text-justify py-3\">A fot\u00f3id olyan t\u00f6rt\u00e9neteket mes\u00e9lnek, amelyek meg\u00e9rdemelnek egy m\u00e1sodik es\u00e9lyt! \ud83d\udcf8\u2728<\/div>\n                <div class=\"mt-auto d-flex flex-column align-items-end\">\n                    <a class=\"d-inline-block text-center text-white border-0 py-2 px-8 text-lg focus:outline-none rounded bg-green-700 hover:bg-green-800 btn-block\"\n                        href=\"https:\/\/universofamilia.com\/hu\/app-para-recuperar-fotos-borradas\/\"                         data-analytics-label=\"landingPageFirstButton\" data-action=\"analytics#trackCTA\">\n                        KATTINTS IDE A FOT\u00d3K HELYRE\u00c1LL\u00cdT\u00c1S\u00c1HOZ                    <\/a>\n                                            <div class=\"text-xs text-muted mt-3 d-block col-12 text-center\">Ugyanott fog maradni!<\/div>\n                                    <\/div>\n            <\/div>\n        <\/div>\n    <\/div>\n\n\n\n<h2 class=\"wp-block-heading\">Mit fogsz tanulni?<\/h2>\n\n\n\n<p>Ebben a cikkben megtudhatja, hogyan \u00e1ll\u00edthatja vissza a mobiltelefonj\u00e1r\u00f3l vagy t\u00e1blag\u00e9p\u00e9r\u0151l t\u00f6r\u00f6lt f\u00e9nyk\u00e9peket.<\/p>\n\n\n\n<p>L\u00e9p\u00e9sr\u0151l l\u00e9p\u00e9sre megmutatom, hogyan m\u0171k\u00f6dnek ezek az alkalmaz\u00e1sok, \u00e9s term\u00e9szetesen azt is, hogyan hozhatod ki a legt\u00f6bbet az egyes funkci\u00f3ikb\u00f3l, k\u00fcl\u00f6n\u00f6sen a h\u00edres &quot;Intelligens ellen\u0151rz\u00e9sb\u0151l&quot;.<\/p>\n\n\n\n<p>Ja, \u00e9s adok m\u00e9g n\u00e9h\u00e1ny tippet, hogy m\u00e9g k\u00f6nnyebb legyen a dolgod.<\/p>\n\n\n\n<h2 class=\"wp-block-heading\">Mire lesz sz\u00fcks\u00e9ged?<\/h2>\n\n\n\n<p>N\u00e9zd, nem bonyolult, de van n\u00e9h\u00e1ny dolog, ami sokat seg\u00edthet:<\/p>\n\n\n\n<ul>\n<li><strong>Olvasd el a t\u00f6k\u00e9letes cikk\u00fcnket<\/strong> (ezt!)<\/li>\n\n\n\n<li><strong>Internet-hozz\u00e1f\u00e9r\u00e9s<\/strong> (az alkalmaz\u00e1sok let\u00f6lt\u00e9s\u00e9hez \u00e9s a fot\u00f3k vissza\u00e1ll\u00edt\u00e1s\u00e1hoz)<\/li>\n\n\n\n<li><strong>Okostelefon vagy tablet<\/strong> (Android vagy iPhone)<\/li>\n\n\n\n<li><strong>El\u00e9rhet\u0151 t\u00e1rhely<\/strong> (a vissza\u00e1ll\u00edtott fot\u00f3k ment\u00e9s\u00e9hez)<\/li>\n\n\n\n<li><strong>Hozz\u00e1f\u00e9r\u00e9s megad\u00e1sa<\/strong> (hogy enged\u00e9lyezze az alkalmaz\u00e1soknak az eszk\u00f6z szkennel\u00e9s\u00e9t)<\/li>\n\n\n\n<li><strong>T\u00fcrelem<\/strong> (ez fontos!)<\/li>\n<\/ul>\n\n\n\n<p><\/p>\n\n\n\n<hr class=\"wp-block-separator has-alpha-channel-opacity is-style-wide\" \/>\n\n\n\n<h5 class=\"wp-block-heading has-text-align-center\"><strong>Olvasd el ezt is<\/strong><\/h5>\n\n\n    <section class=\"mx-1 my-10\">\n                                                <a href=\"https:\/\/universofamilia.com\/hu\/lp-filmes-asiaticos\/\" class=\"text-white\" data-analytics-label=\"optionsButton\"\n                    data-action=\"analytics#trackCTA\">\n                    <div data-options-target=\"option\"\n                        class=\"custom-section rounded-xl border p-3 shadow-md w-full bg-green-700 my-3\">\n                        <div class=\"flex w-full items-center justify-between\">\n                            <div class=\"flex items-center space-x-3\">\n                                <div class=\"text-lg font-bold\">\n                                    App koreai dr\u00e1m\u00e1k n\u00e9z\u00e9s\u00e9hez \u279d\n                                <\/div>\n                            <\/div>\n                        <\/div>\n                    <\/div>\n                <\/a>\n                                                            <a href=\"https:\/\/universofamilia.com\/hu\/lp-recuperar-fotos\/\" class=\"text-white\" data-analytics-label=\"optionsButton\"\n                    data-action=\"analytics#trackCTA\">\n                    <div data-options-target=\"option\"\n                        class=\"custom-section rounded-xl border p-3 shadow-md w-full bg-green-700 my-3\">\n                        <div class=\"flex w-full items-center justify-between\">\n                            <div class=\"flex items-center space-x-3\">\n                                <div class=\"text-lg font-bold\">\n                                    T\u00f6r\u00f6lt fot\u00f3k helyre\u00e1ll\u00edt\u00e1sa ezzel az alkalmaz\u00e1ssal!  \u279d\n                                <\/div>\n                            <\/div>\n                        <\/div>\n                    <\/div>\n                <\/a>\n                                                            <a href=\"https:\/\/universofamilia.com\/hu\/el-amor-a-un-clic\/\" class=\"text-white\" data-analytics-label=\"optionsButton\"\n                    data-action=\"analytics#trackCTA\">\n                    <div data-options-target=\"option\"\n                        class=\"custom-section rounded-xl border p-3 shadow-md w-full bg-green-700 my-3\">\n                        <div class=\"flex w-full items-center justify-between\">\n                            <div class=\"flex items-center space-x-3\">\n                                <div class=\"text-lg font-bold\">\n                                    Fedezd fel az ide\u00e1lis t\u00e1rskeres\u0151 alkalmaz\u00e1st \u279d\n                                <\/div>\n                            <\/div>\n                        <\/div>\n                    <\/div>\n                <\/a>\n                            <p class=\"text-xs text-gray-500 text-right hidden\"\n            style=\"margin-left: 50%; margin-bottom: 50px; margin-top: 5px;\">\n            <!-- You will be redirected to another website -->\n        <\/p>\n    <\/section>\n\n\n\n\n<p class=\"has-text-align-right\"><em><strong><em><strong><em><strong><em><strong><em><strong>Ugyanott fog maradni!<\/strong><\/em><\/strong><\/em><\/strong><\/em><\/strong><\/em><\/strong><\/em><\/p>\n\n\n\n<hr class=\"wp-block-separator has-alpha-channel-opacity is-style-wide\" \/>\n\n\n\n<p><\/p>\n\n\n\n<h2 class=\"wp-block-heading\">Kinek lesz haszna?<\/h2>\n\n\n\n<p>Gyakorlatilag mindenki! Ha valaha is v\u00e9letlen\u00fcl t\u00f6r\u00f6lt\u00e9l fot\u00f3kat, form\u00e1ztad a telefonodat, vagy ak\u00e1r v\u00e1ratlanul \u00f6sszeomlott az okostelefonod, ez a cikk neked sz\u00f3l!<\/p>\n\n\n\n<p>K\u00fcl\u00f6n\u00f6sen azok fogj\u00e1k szeretni ezeket a tippeket, akik szeretnek sok fot\u00f3t k\u00e9sz\u00edteni (mint \u00e9n!).<\/p>\n\n\n\n<h3 class=\"wp-block-heading\">DiskDigger fot\u00f3-helyre\u00e1ll\u00edt\u00e1s: Egyszer\u0171 \u00e9s hat\u00e9kony<\/h3>\n\n\n\n<p>A DiskDigger szuper egyszer\u0171, \u00e9s van egy funkci\u00f3ja, amit im\u00e1dok, a \u201eSmart Check\u201d.<\/p>\n\n\n\n<p>V\u00e9gezz alapos keres\u00e9st az eszk\u00f6z mem\u00f3ri\u00e1j\u00e1ban, \u00e9s szinte mindent vissza\u00e1ll\u00edthatsz, m\u00e9g azokat a f\u00e9nyk\u00e9peket is, amelyekr\u0151l azt hitted, hogy \u00f6r\u00f6kre elvesztek.<\/p>\n\n\n\n<p>Ezenk\u00edv\u00fcl a DiskDigger lehet\u0151v\u00e9 teszi a helyre\u00e1ll\u00edtani k\u00edv\u00e1nt f\u00e1jlt\u00edpus konkr\u00e9t kiv\u00e1laszt\u00e1s\u00e1t, \u00edgy m\u00e9g k\u00f6nnyebben megtal\u00e1lhatja a f\u00e9nyk\u00e9peit.<\/p>\n\n\n\n<p>Eml\u00e9kszel arra a vicces fot\u00f3ra a bar\u00e1taiddal, ami elt\u0171nt, miut\u00e1n v\u00e9letlen\u00fcl t\u00f6r\u00f6lted? Nos, a DiskDiggerrel j\u00f3 es\u00e9lyed van r\u00e1, hogy visszaszerezd.<\/p>\n\n\n\n<p>Csak telep\u00edtsd az alkalmaz\u00e1st, nyisd meg, add meg a sz\u00fcks\u00e9ges enged\u00e9lyeket, \u00e9s k\u00e9sz is. A t\u00f6bbit mag\u00e1t\u00f3l elv\u00e9gzi. M\u00e9g csak tech szak\u00e9rt\u0151nek sem kell lenned!<\/p>\n\n\n\n    <div class=\"d-sm-block py-3 mx-auto px-3 mb-3\"\n        style=\"border-top: 1px solid rgb(204, 204, 204); border-bottom: 1px solid rgb(204, 204, 204);\">\n        <div class=\"text-center mb-4\">\n            <h6 class=\"pt-3 text-center text-gray-900 text-2xl title-font font-medium mb-12\">ALKALMAZ\u00c1S<\/h6>\n        <\/div>\n        <div class=\"row\">\n            <div class=\"col-lg-5 col-md-5 col-sm-12 mb-4 mb-lg-0\">\n                <img decoding=\"async\" alt=\"k\u00e1rtya\" style=\"height: 190px; object-fit: cover;\"\n                    class=\"w-100 h-100 object-cover object-center rounded border\" src=\"http:\/\/universofamilia.com\/wp-content\/uploads\/sites\/148\/2025\/01\/POST-PARA-APP-ARTIGO-7-3.jpg\">\n            <\/div>\n            <div class=\"col-lg-7 col-md-7 col-sm-12 d-flex flex-column justify-content-between\">\n                <h3 class=\"text-gray-900 text-3xl title-font font-medium mb-1\">DiskDigger fot\u00f3-helyre\u00e1ll\u00edt\u00e1s<\/h3>\n\n                                    <div class=\"flex\">\n                                                    <span\n                                class=\"inline-block mx-2 py-1 mx-2 rounded text-xs font-medium tracking-widest text-uppercase mr-2 bg-green-50 text-green-700\">K\u00c9P-HELYRE\u00c1LL\u00cdT\u00c1S FOT\u00d3K VISSZA\u00c1LL\u00cdT\u00c1SA<\/span>\n                                            <\/div>\n                                <div class=\"d-block text-justify py-3\">K\u00f6nnyed\u00e9n vissza\u00e1ll\u00edthatod a t\u00f6r\u00f6lt fot\u00f3kat Android-eszk\u00f6z\u00f6dr\u0151l. Szkenneld be a bels\u0151 t\u00e1rhelyet \u00e9s az SD-k\u00e1rty\u00e1t az elveszett k\u00e9pek vissza\u00e1ll\u00edt\u00e1s\u00e1hoz. Ingyenes \u00e9s pr\u00e9mium verzi\u00f3ban is el\u00e9rhet\u0151, fejlettebb funkci\u00f3kkal.<\/div>\n                <div class=\"mt-auto d-flex flex-column align-items-end\">\n                    <a class=\"d-inline-block text-center text-white border-0 py-2 px-8 text-lg focus:outline-none rounded bg-green-700 hover:bg-green-800 btn-block\"\n                        href=\"https:\/\/diskdigger.org\/download\"                         data-analytics-label=\"landingPageFirstButton\" data-action=\"analytics#trackCTA\">\n                        Alkalmaz\u00e1s let\u00f6lt\u00e9se                    <\/a>\n                                            <div class=\"text-xs text-muted mt-3 d-block col-12 text-center\">\u00c1tir\u00e1ny\u00edtunk egy m\u00e1sik webhelyre<\/div>\n                                    <\/div>\n            <\/div>\n        <\/div>\n    <\/div>\n\n\n\n<h3 class=\"wp-block-heading\">Dr.Fone \u2013 Adatment\u00e9s: T\u00f6bb mint fot\u00f3k helyre\u00e1ll\u00edt\u00e1sa!<\/h3>\n\n\n\n<p>Ez az igazi sokoldal\u00fa alkalmaz\u00e1s. A f\u00e9nyk\u00e9pek mellett a Dr. Fone \u00fczeneteket, n\u00e9vjegyeket, vide\u00f3kat \u00e9s sok minden m\u00e1st is k\u00e9pes helyre\u00e1ll\u00edtani. Ha v\u00e9letlen\u00fcl t\u00f6r\u00f6lt\u00e9l valami \u00e9rt\u00e9keset, nyugodtan t\u00f6ltsd le!<\/p>\n\n\n\n<p>A Dr.Fone fejlett be\u00e1ll\u00edt\u00e1sokat is k\u00edn\u00e1l, p\u00e9ld\u00e1ul az adatok helyre\u00e1ll\u00edt\u00e1s\u00e1t az eszk\u00f6z form\u00e1z\u00e1sa ut\u00e1n, vagy amikor a telefon beragadt az ijeszt\u0151 fekete k\u00e9perny\u0151re.<\/p>\n\n\n\n<p>Saj\u00e1t tapasztalatb\u00f3l mondhatom, hogy hihetetlen vide\u00f3kat siker\u00fclt visszaszereznem csal\u00e1di nyaral\u00e1sokon, amiket azt hittem, \u00f6r\u00f6kre elvesztek.<\/p>\n\n\n\n<p>A fel\u00e9p\u00fcl\u00e9s gyors \u00e9s intuit\u00edv. M\u00e9g a nagymam\u00e1m is k\u00f6nnyed\u00e9n tudta haszn\u00e1lni a Dr.Fone-t, miut\u00e1n megmutattam neki.<\/p>\n\n\n\n    <div class=\"d-sm-block py-3 mx-auto px-3 mb-3\"\n        style=\"border-top: 1px solid rgb(204, 204, 204); border-bottom: 1px solid rgb(204, 204, 204);\">\n        <div class=\"text-center mb-4\">\n            <h6 class=\"pt-3 text-center text-gray-900 text-2xl title-font font-medium mb-12\">ALKALMAZ\u00c1S<\/h6>\n        <\/div>\n        <div class=\"row\">\n            <div class=\"col-lg-5 col-md-5 col-sm-12 mb-4 mb-lg-0\">\n                <img decoding=\"async\" alt=\"k\u00e1rtya\" style=\"height: 190px; object-fit: cover;\"\n                    class=\"w-100 h-100 object-cover object-center rounded border\" src=\"http:\/\/universofamilia.com\/wp-content\/uploads\/sites\/148\/2025\/01\/POST-PARA-APP-ARTIGO-8-2.jpg\">\n            <\/div>\n            <div class=\"col-lg-7 col-md-7 col-sm-12 d-flex flex-column justify-content-between\">\n                <h3 class=\"text-gray-900 text-3xl title-font font-medium mb-1\">Dr.Fone \u2013 Adatment\u00e9s<\/h3>\n\n                                    <div class=\"flex\">\n                                                    <span\n                                class=\"inline-block mx-2 py-1 mx-2 rounded text-xs font-medium tracking-widest text-uppercase mr-2 bg-green-50 text-green-700\">ELVESZETT ADATOK F\u00c1JLOK VISSZA\u00c1LL\u00cdT\u00c1SA<\/span>\n                                            <\/div>\n                                <div class=\"d-block text-justify py-3\">A leg\u00e1tfog\u00f3bb eszk\u00f6z f\u00e9nyk\u00e9pek, vide\u00f3k, n\u00e9vjegyek \u00e9s egyebek helyre\u00e1ll\u00edt\u00e1s\u00e1ra Android \u00e9s iOS rendszeren. T\u00f6bb mint 6000 eszk\u00f6zzel kompatibilis. Ide\u00e1lis azok sz\u00e1m\u00e1ra, akik professzion\u00e1lis helyre\u00e1ll\u00edt\u00e1si megold\u00e1st keresnek.<\/div>\n                <div class=\"mt-auto d-flex flex-column align-items-end\">\n                    <a class=\"d-inline-block text-center text-white border-0 py-2 px-8 text-lg focus:outline-none rounded bg-green-700 hover:bg-green-800 btn-block\"\n                        href=\"https:\/\/drfone.wondershare.net\/br\/android-data-recovery.html?\"                         data-analytics-label=\"landingPageFirstButton\" data-action=\"analytics#trackCTA\">\n                        Alkalmaz\u00e1s let\u00f6lt\u00e9se                    <\/a>\n                                            <div class=\"text-xs text-muted mt-3 d-block col-12 text-center\">\u00c1tir\u00e1ny\u00edtunk egy m\u00e1sik webhelyre<\/div>\n                                    <\/div>\n            <\/div>\n        <\/div>\n    <\/div>\n\n\n\n<h3 class=\"wp-block-heading\">Kont\u00e9ner: Fot\u00f3ment\u00e9s: \u00dajrahasznos\u00edt\u00f3 kuka a telefonodon!<\/h3>\n\n\n\n<p>Hallott\u00e1l m\u00e1r a sz\u00e1m\u00edt\u00f3g\u00e9ped szem\u00e9tgy\u0171jt\u0151j\u00e9r\u0151l? A kont\u00e9ner hasonl\u00f3 elven m\u0171k\u00f6dik, ideiglenesen t\u00e1rol mindent, amit t\u00f6r\u00f6lsz, \u00edgy sokkal k\u00f6nnyebben vissza\u00e1ll\u00edthatod a t\u00f6r\u00f6lt fot\u00f3kat.<\/p>\n\n\n\n<p>A Dumpster tov\u00e1bbi funkci\u00f3kat is k\u00edn\u00e1l, p\u00e9ld\u00e1ul felh\u0151alap\u00fa t\u00e1rhelyet, \u00edgy soha t\u00f6bb\u00e9 nem kock\u00e1ztathatja a fontos f\u00e9nyk\u00e9pek elveszt\u00e9s\u00e9t.<\/p>\n\n\n\n<p>A Dumpster m\u00e1sik nagyszer\u0171 tulajdons\u00e1ga a felhaszn\u00e1l\u00f3bar\u00e1t fel\u00fclete. N\u00e9h\u00e1ny kattint\u00e1ssal vissza\u00e1ll\u00edthatod a v\u00e9letlen\u00fcl t\u00f6r\u00f6lt fot\u00f3kat.<\/p>\n\n\n\n<p>\u00c9n magam is minden nap haszn\u00e1lom a Dumpstert, \u00e9s sokszor megsp\u00f3rolt m\u00e1r nekem, amikor a fot\u00f3im alapos tiszt\u00edt\u00e1s\u00e1t v\u00e9geztem.<\/p>\n\n\n\n    <div class=\"d-sm-block py-3 mx-auto px-3 mb-3\"\n        style=\"border-top: 1px solid rgb(204, 204, 204); border-bottom: 1px solid rgb(204, 204, 204);\">\n        <div class=\"text-center mb-4\">\n            <h6 class=\"pt-3 text-center text-gray-900 text-2xl title-font font-medium mb-12\">ALKALMAZ\u00c1S<\/h6>\n        <\/div>\n        <div class=\"row\">\n            <div class=\"col-lg-5 col-md-5 col-sm-12 mb-4 mb-lg-0\">\n                <img decoding=\"async\" alt=\"k\u00e1rtya\" style=\"height: 190px; object-fit: cover;\"\n                    class=\"w-100 h-100 object-cover object-center rounded border\" src=\"http:\/\/universofamilia.com\/wp-content\/uploads\/sites\/148\/2025\/01\/POST-PARA-APP-ARTIGO-9-2.jpg\">\n            <\/div>\n            <div class=\"col-lg-7 col-md-7 col-sm-12 d-flex flex-column justify-content-between\">\n                <h3 class=\"text-gray-900 text-3xl title-font font-medium mb-1\">Kont\u00e9ner: Fot\u00f3ment\u00e9s<\/h3>\n\n                                    <div class=\"flex\">\n                                                    <span\n                                class=\"inline-block mx-2 py-1 mx-2 rounded text-xs font-medium tracking-widest text-uppercase mr-2 bg-green-50 text-green-700\">\u00daJRAHASZNOS\u00cdT\u00d3 TART\u00c1LY, BIZTONS\u00c1GI M\u00c1SOLAT<\/span>\n                                            <\/div>\n                                <div class=\"d-block text-justify py-3\">Automatikusan t\u00e1rolja a t\u00f6r\u00f6lt f\u00e9nyk\u00e9peket, \u00e9s lehet\u0151v\u00e9 teszi azok egyszer\u0171 vissza\u00e1ll\u00edt\u00e1s\u00e1t. \u00dagy m\u0171k\u00f6dik, mint egy lomt\u00e1r a telefonodon. Felh\u0151alap\u00fa t\u00e1rol\u00e1si lehet\u0151s\u00e9geket is tartalmaz.<\/div>\n                <div class=\"mt-auto d-flex flex-column align-items-end\">\n                    <a class=\"d-inline-block text-center text-white border-0 py-2 px-8 text-lg focus:outline-none rounded bg-green-700 hover:bg-green-800 btn-block\"\n                        href=\"https:\/\/dumpsterapp.mobi\/\"                         data-analytics-label=\"landingPageFirstButton\" data-action=\"analytics#trackCTA\">\n                        Alkalmaz\u00e1s let\u00f6lt\u00e9se                    <\/a>\n                                            <div class=\"text-xs text-muted mt-3 d-block col-12 text-center\">\u00c1tir\u00e1ny\u00edtunk egy m\u00e1sik webhelyre<\/div>\n                                    <\/div>\n            <\/div>\n        <\/div>\n    <\/div>\n\n\n\n<h2 class=\"wp-block-heading\">TIPP: MAXIMALIZ\u00c1LJA A HELYRE\u00c1LL\u00cdT\u00c1ST OKOS ELLEN\u0150RZ\u00c9SSEL<\/h2>\n\n\n\n<p>Fontos tipp: mindig haszn\u00e1ld az \u201eIntelligens ellen\u0151rz\u00e9s\u201d funkci\u00f3t, ha el\u00e9rhet\u0151 az alkalmaz\u00e1sokban.<\/p>\n\n\n\n<p>Ez a lehet\u0151s\u00e9g nagyban megn\u00f6veli az \u00f6r\u00f6kre elveszettnek t\u0171n\u0151 fot\u00f3k visszaszerz\u00e9s\u00e9nek es\u00e9lyeit. Olyan, mint a var\u00e1zslat, de val\u00f3s\u00e1gos!<\/p>\n\n\n\n<p>Ez az ellen\u0151rz\u00e9s r\u00e9szletesebb, kicsit tov\u00e1bb tart, de meg\u00e9ri.<\/p>\n\n\n\n<p>Eml\u00e9kszel arra a gy\u00f6ny\u00f6r\u0171 naplement\u00e9s fot\u00f3ra, ami rejt\u00e9lyesen elt\u0171nt?<\/p>\n\n\n\n<p>Nos, az Intelligens Ellen\u0151rz\u00e9s olyan k\u00e9peket is k\u00e9pes helyre\u00e1ll\u00edtani, amelyek lehetetlennek t\u0171ntek. \u00c1ltalam tesztelt\u00e9k \u00e9s j\u00f3v\u00e1hagyt\u00e1k, higgyenek nekem!<\/p>\n\n\n\n<h3 class=\"wp-block-heading\">FIGYELMEZTET\u00c9S: \u00dcGYELJEN AZ AKKUMUL\u00c1TOR \u00c9LETTARTAMA IDEJ\u00c9VEL<\/h3>\n\n\n\n<p>De l\u00e9gy \u00f3vatos: a fot\u00f3k helyre\u00e1ll\u00edt\u00e1sa sor\u00e1n a telefonod sok energi\u00e1t fogyaszthat.<\/p>\n\n\n\n<p>Azt javaslom, hogy miel\u0151tt elkezden\u00e9d, tartsd felt\u00f6ltve, vagy legal\u00e1bbis j\u00f3l felt\u00f6ltve, ok\u00e9?<\/p>\n\n\n\n<p>Egy m\u00e1sik fontos tipp, hogy ker\u00fcld a helyre\u00e1ll\u00edt\u00e1st, amikor nincs \u00e1ramforr\u00e1s k\u00f6zel\u00e9ben, vagy utaz\u00e1s k\u00f6zben, \u00edgy elker\u00fclheted a v\u00e1ratlan akkumul\u00e1tor lemer\u00fcl\u00e9s\u00e9t.<\/p>\n\n\n\n<h2 class=\"wp-block-heading\">K\u00f6vetkeztet\u00e9s<\/h2>\n\n\n\n<p>F\u00fa! Most m\u00e1r tudod, hogyan \u00e1ll\u00edthatod vissza az elveszett f\u00e9nyk\u00e9peket a DiskDigger, a Dr.Fone \u00e9s a Dumpster seg\u00edts\u00e9g\u00e9vel.<\/p>\n\n\n\n<p>Ak\u00e1r gondatlans\u00e1gr\u00f3l, ak\u00e1r technikai probl\u00e9m\u00e1kr\u00f3l van sz\u00f3, ezek az alkalmaz\u00e1sok megmentik a leg\u00e9rt\u00e9kesebb eml\u00e9keidet.<\/p>\n\n\n\n<h3 class=\"wp-block-heading\">Extra tippek:<\/h3>\n\n\n\n<ul>\n<li>K\u00e9sz\u00edtsen gyakran biztons\u00e1gi ment\u00e9seket a felh\u0151be (Google Fot\u00f3k, iCloud) a bonyolult helyzetek elker\u00fcl\u00e9se \u00e9rdek\u00e9ben.<\/li>\n\n\n\n<li>Ker\u00fclje a t\u00fal sok alkalmaz\u00e1s egyidej\u0171 haszn\u00e1lat\u00e1t a helyre\u00e1ll\u00edt\u00e1s sor\u00e1n.<\/li>\n\n\n\n<li>Mindig tartsd naprak\u00e9szen az alkalmaz\u00e1saidat.<\/li>\n\n\n\n<li>Ne csak a telefonodon t\u00e1rold a fot\u00f3idat, f\u0151leg a legfontosabbakat.<\/li>\n\n\n\n<li>Haszn\u00e1ljon mem\u00f3riak\u00e1rty\u00e1kat a f\u00e9nyk\u00e9pek t\u00e1rol\u00e1s\u00e1ra, \u00edgy k\u00f6nnyen el\u0151h\u00edvhatja \u0151ket, ha sz\u00fcks\u00e9ges.<\/li>\n\n\n\n<li>Fontold meg a fizet\u0151s alkalmaz\u00e1sokat, ha m\u00e9lyebb, professzion\u00e1lisabb fel\u00e9p\u00fcl\u00e9sre van sz\u00fcks\u00e9ged.<\/li>\n<\/ul>\n\n\n\n<p>Tetszettek a tippek? Oszd meg ezt a cikket azzal a sz\u00f3rakozott bar\u00e1toddal, aki szint\u00e9n folyton elvesz\u00edti a fot\u00f3it!<\/p>\n\n\n\n<p>Most m\u00e1r soha t\u00f6bb\u00e9 nem kell a t\u00f6r\u00f6lt fot\u00f3k miatt szenvedned. Sok szerencs\u00e9t \u00e9s kellemes fot\u00f3z\u00e1st!<\/p>\n\n\n\n<h2 class=\"wp-block-heading\">Gyakran ism\u00e9telt k\u00e9rd\u00e9sek a t\u00f6r\u00f6lt fot\u00f3k vissza\u00e1ll\u00edt\u00e1s\u00e1ra szolg\u00e1l\u00f3 alkalmaz\u00e1sokkal kapcsolatban<\/h2>\n\n\n\n<h3 class=\"wp-block-heading\">1. Mi a legjobb alkalmaz\u00e1s a t\u00f6r\u00f6lt fot\u00f3k vissza\u00e1ll\u00edt\u00e1s\u00e1ra?<\/h3>\n\n\n\n<p>A legjobb fot\u00f3-helyre\u00e1ll\u00edt\u00f3 alkalmaz\u00e1s kiv\u00e1laszt\u00e1sa nagyban f\u00fcgg az \u00d6n ig\u00e9nyeit\u0151l.<\/p>\n\n\n\n<p>A DiskDigger Photo Recovery ide\u00e1lis a k\u00f6nny\u0171 haszn\u00e1lat \u00e9s a t\u00f6r\u00f6lt k\u00e9pek gyors vissza\u00e1ll\u00edt\u00e1s\u00e1nak hat\u00e9konys\u00e1ga miatt.<\/p>\n\n\n\n<p>A Dr.Fone Data Recovery kiemelkedik, mivel vide\u00f3kat, \u00fczeneteket \u00e9s n\u00e9vjegyeket is helyre\u00e1ll\u00edt. A Dumpster Photo Recovery egy lomt\u00e1rhoz hasonl\u00f3an m\u0171k\u00f6dik, megakad\u00e1lyozva a v\u00e9letlen adatveszt\u00e9st.<\/p>\n\n\n\n<h3 class=\"wp-block-heading\">2. Lehets\u00e9ges a r\u00e9gen t\u00f6r\u00f6lt fot\u00f3k vissza\u00e1ll\u00edt\u00e1sa?<\/h3>\n\n\n\n<p>Igen, k\u00fcl\u00f6n\u00f6sen, ha olyan alkalmaz\u00e1sokat haszn\u00e1lsz, amelyek t\u00e1mogatj\u00e1k a Smart Scan-t, mint a DiskDigger vagy a Dr.Fone.<\/p>\n\n\n\n<p>Ezek az eszk\u00f6z\u00f6k m\u00e9lyrehat\u00f3 keres\u00e9st v\u00e9geznek a mobileszk\u00f6z\u00f6d\u00f6n, n\u00f6velve a t\u00f6r\u00f6lt k\u00e9pek vissza\u00e1ll\u00edt\u00e1s\u00e1nak es\u00e9ly\u00e9t m\u00e9g hossz\u00fa t\u00f6rl\u00e9si id\u0151 ut\u00e1n is.<\/p>\n\n\n\n<h3 class=\"wp-block-heading\">3. Hogyan tudom vissza\u00e1ll\u00edtani a t\u00f6r\u00f6lt f\u00e9nyk\u00e9peket iPhone-on?<\/h3>\n\n\n\n<p>iPhone-ok eset\u00e9ben a Dr.Fone Data Recovery az egyik legjobb el\u00e9rhet\u0151 opci\u00f3. Ez az alkalmaz\u00e1s gyorsan \u00e9s egyszer\u0171en helyre\u00e1ll\u00edtja az iPhone-r\u00f3l k\u00e9sz\u00fclt f\u00e9nyk\u00e9peket.<\/p>\n\n\n\n<p>Egyszer\u0171en csatlakoztassa a k\u00e9sz\u00fcl\u00e9ket a sz\u00e1m\u00edt\u00f3g\u00e9phez, nyissa meg a Dr.Fone alkalmaz\u00e1st, \u00e9s k\u00f6vesse az utas\u00edt\u00e1sokat a t\u00f6r\u00f6lt f\u00e9nyk\u00e9pek vissza\u00e1ll\u00edt\u00e1s\u00e1hoz.<\/p>\n\n\n\n<h3 class=\"wp-block-heading\">4. Ezek az alkalmaz\u00e1sok sok akkumul\u00e1tort fogyasztanak?<\/h3>\n\n\n\n<p>Az intelligens fot\u00f3-helyre\u00e1ll\u00edt\u00e1s sor\u00e1n gyakori, hogy az okostelefon t\u00f6bb energi\u00e1t fogyaszt.<\/p>\n\n\n\n<p>Javasoljuk, hogy a telefont t\u00f6ltve vagy teljesen felt\u00f6ltve tartsa, miel\u0151tt elkezden\u00e9 a fekete fot\u00f3k helyre\u00e1ll\u00edt\u00e1s\u00e1t, \u00edgy elker\u00fclheti a v\u00e1ratlan megszak\u00edt\u00e1sokat.<\/p>\n\n\n\n<h3 class=\"wp-block-heading\">5. Biztons\u00e1gos a fot\u00f3-helyre\u00e1ll\u00edt\u00f3 alkalmaz\u00e1sok haszn\u00e1lata?<\/h3>\n\n\n\n<p>Igen, ezek a fot\u00f3-helyre\u00e1ll\u00edt\u00f3 eszk\u00f6z\u00f6k t\u00f6bbnyire, k\u00fcl\u00f6n\u00f6sen az olyan ismert alkalmaz\u00e1sok, mint a Dumpster, a DiskDigger \u00e9s a Dr.Fone, teljesen biztons\u00e1gosak.<\/p>\n\n\n\n<p>Mindig hivatalos forr\u00e1sokb\u00f3l, p\u00e9ld\u00e1ul a Google Playr\u0151l vagy az Apple Store-b\u00f3l t\u00f6lts le alkalmaz\u00e1sokat a biztons\u00e1g \u00e9s a sz\u00fcks\u00e9gtelen kock\u00e1zatok elker\u00fcl\u00e9se \u00e9rdek\u00e9ben.<\/p>\n\n\n\n<h3 class=\"wp-block-heading\">6. Mi\u00e9rt nem lehet egyes fot\u00f3kat helyre\u00e1ll\u00edtani?<\/h3>\n\n\n\n<p>A fot\u00f3k helyre\u00e1ll\u00edt\u00e1sa sikertelen lehet, ha a t\u00e1rhelyet m\u00e1r fel\u00fcl\u00edrt\u00e1k \u00faj f\u00e1jlokkal, vagy ha az eszk\u00f6zt hard reset-elt\u00e9k.<\/p>\n\n\n\n<p>Ez\u00e9rt kulcsfontoss\u00e1g\u00fa, hogy a v\u00e9letlen\u00fcl t\u00f6r\u00f6lt fontos f\u00e9nyk\u00e9p ut\u00e1n a lehet\u0151 leghamarabb elkezdj\u00fck a t\u00f6r\u00f6lt f\u00e9nyk\u00e9pek helyre\u00e1ll\u00edt\u00e1s\u00e1t.<\/p>\n\n\n\n<h3 class=\"wp-block-heading\">7. Az ingyenes alkalmaz\u00e1sok vissza\u00e1ll\u00edtj\u00e1k az \u00f6sszes t\u00f6r\u00f6lt fot\u00f3t?<\/h3>\n\n\n\n<p>M\u00edg sok ingyenes alkalmaz\u00e1s hat\u00e9konyan helyre\u00e1ll\u00edtja a t\u00f6r\u00f6lt f\u00e9nyk\u00e9peket, egyes fizet\u0151s verzi\u00f3k, mint p\u00e9ld\u00e1ul a Dr.Fone Data Recovery, tov\u00e1bbi m\u00e9lyrehat\u00f3 vizsg\u00e1latokat k\u00edn\u00e1lnak, amelyek n\u00f6velik a nehezen t\u00f6r\u00f6lhet\u0151 vagy r\u00e9g\u00f3ta t\u00f6r\u00f6lt f\u00e9nyk\u00e9pek vissza\u00e1ll\u00edt\u00e1s\u00e1nak es\u00e9ly\u00e9t.<\/p>\n\n\n\n<p>Meg\u00e9rheti egy professzion\u00e1lis alkalmaz\u00e1sba val\u00f3 befektet\u00e9s, ha l\u00e9tfontoss\u00e1g\u00fa f\u00e1jlokat kell vissza\u00e1ll\u00edtania.<\/p>","protected":false},"excerpt":{"rendered":"<p>\u00d3, ne! \u00c9rezt\u00e9l m\u00e1r olyan sz\u00f6rny\u0171 \u00e9rz\u00e9st, hogy v\u00e9letlen\u00fcl t\u00f6r\u00f6lt\u00e9l egy fontos fot\u00f3t? Igen, \u00e9n is! \u00dcgyf\u00e9lszolg\u00e1lat Fedezd fel az al\u00e1bbi alkalmaz\u00e1sokat, vagy vedd fel a kapcsolatot \u00fcgyf\u00e9lszolg\u00e1latunkkal, mondd el, milyen t\u00edpus\u00fa profilt keresel, \u00e9s mi seg\u00edt\u00fcnk megtal\u00e1lni a sz\u00e1modra t\u00f6k\u00e9letes alkalmaz\u00e1st. Egy fot\u00f3 elveszt\u00e9se [\u2026]<\/p>","protected":false},"author":139,"featured_media":8948,"comment_status":"closed","ping_status":"open","sticky":false,"template":"","format":"standard","meta":{"footnotes":""},"categories":[2],"tags":[2013,2012,2014,1387,2015],"yoast_head":"<!-- This site is optimized with the Yoast SEO plugin v23.3 - https:\/\/yoast.com\/wordpress\/plugins\/seo\/ -->\n<title>\u00a1Recupera cualquier foto perdida con esta aplicaci\u00f3n! - Universo Fam\u00edlia<\/title>\n<meta name=\"description\" content=\"\u00a1Recupera cualquier foto perdida con esta aplicaci\u00f3n! \u00a1Ay no! \u00bfHas sentido alguna vez esa horrible sensaci\u00f3n de borrar accidentalmente...\" \/>\n<meta name=\"robots\" content=\"index, follow, max-snippet:-1, max-image-preview:large, max-video-preview:-1\" \/>\n<link rel=\"canonical\" href=\"https:\/\/universofamilia.com\/hu\/lp-recupera-cualquier-foto-perdida\/\" \/>\n<meta property=\"og:locale\" content=\"hu_HU\" \/>\n<meta property=\"og:type\" content=\"article\" \/>\n<meta property=\"og:title\" content=\"\u00a1Recupera cualquier foto perdida con esta aplicaci\u00f3n! - Universo Fam\u00edlia\" \/>\n<meta property=\"og:description\" content=\"\u00a1Recupera cualquier foto perdida con esta aplicaci\u00f3n! \u00a1Ay no! \u00bfHas sentido alguna vez esa horrible sensaci\u00f3n de borrar accidentalmente...\" \/>\n<meta property=\"og:url\" content=\"https:\/\/universofamilia.com\/hu\/lp-recupera-cualquier-foto-perdida\/\" \/>\n<meta property=\"og:site_name\" content=\"Universo Fam\u00edlia\" \/>\n<meta property=\"article:published_time\" content=\"2025-03-11T21:11:44+00:00\" \/>\n<meta property=\"article:modified_time\" content=\"2025-03-11T21:13:15+00:00\" \/>\n<meta property=\"og:image\" content=\"https:\/\/universofamilia.com\/wp-content\/uploads\/sites\/148\/2025\/03\/BLOCO-APP-ARTIGO-12.jpg\" \/>\n\t<meta property=\"og:image:width\" content=\"1080\" \/>\n\t<meta property=\"og:image:height\" content=\"1080\" \/>\n\t<meta property=\"og:image:type\" content=\"image\/jpeg\" \/>\n<meta name=\"author\" content=\"Pedro Henrique\" \/>\n<meta name=\"twitter:card\" content=\"summary_large_image\" \/>\n<meta name=\"twitter:label1\" content=\"Written by\" \/>\n\t<meta name=\"twitter:data1\" content=\"Pedro Henrique\" \/>\n\t<meta name=\"twitter:label2\" content=\"Est. reading time\" \/>\n\t<meta name=\"twitter:data2\" content=\"7 perc\" \/>\n<script type=\"application\/ld+json\" class=\"yoast-schema-graph\">{\"@context\":\"https:\/\/schema.org\",\"@graph\":[{\"@type\":\"WebPage\",\"@id\":\"https:\/\/universofamilia.com\/lp-recupera-cualquier-foto-perdida\/\",\"url\":\"https:\/\/universofamilia.com\/lp-recupera-cualquier-foto-perdida\/\",\"name\":\"\u00a1Recupera cualquier foto perdida con esta aplicaci\u00f3n! - Universo Fam\u00edlia\",\"isPartOf\":{\"@id\":\"https:\/\/universofamilia.com\/el\/#website\"},\"primaryImageOfPage\":{\"@id\":\"https:\/\/universofamilia.com\/lp-recupera-cualquier-foto-perdida\/#primaryimage\"},\"image\":{\"@id\":\"https:\/\/universofamilia.com\/lp-recupera-cualquier-foto-perdida\/#primaryimage\"},\"thumbnailUrl\":\"https:\/\/universofamilia.com\/wp-content\/uploads\/sites\/148\/2025\/03\/BLOCO-APP-ARTIGO-12.jpg\",\"datePublished\":\"2025-03-11T21:11:44+00:00\",\"dateModified\":\"2025-03-11T21:13:15+00:00\",\"author\":{\"@id\":\"https:\/\/universofamilia.com\/el\/#\/schema\/person\/f07ce98187dd84d31154262e79b3b7ca\"},\"description\":\"\u00a1Recupera cualquier foto perdida con esta aplicaci\u00f3n! \u00a1Ay no! \u00bfHas sentido alguna vez esa horrible sensaci\u00f3n de borrar accidentalmente...\",\"breadcrumb\":{\"@id\":\"https:\/\/universofamilia.com\/lp-recupera-cualquier-foto-perdida\/#breadcrumb\"},\"inLanguage\":\"hu\",\"potentialAction\":[{\"@type\":\"ReadAction\",\"target\":[\"https:\/\/universofamilia.com\/lp-recupera-cualquier-foto-perdida\/\"]}]},{\"@type\":\"ImageObject\",\"inLanguage\":\"hu\",\"@id\":\"https:\/\/universofamilia.com\/lp-recupera-cualquier-foto-perdida\/#primaryimage\",\"url\":\"https:\/\/universofamilia.com\/wp-content\/uploads\/sites\/148\/2025\/03\/BLOCO-APP-ARTIGO-12.jpg\",\"contentUrl\":\"https:\/\/universofamilia.com\/wp-content\/uploads\/sites\/148\/2025\/03\/BLOCO-APP-ARTIGO-12.jpg\",\"width\":1080,\"height\":1080,\"caption\":\"\u00a1Recupera cualquier foto perdida con esta aplicaci\u00f3n!\"},{\"@type\":\"BreadcrumbList\",\"@id\":\"https:\/\/universofamilia.com\/lp-recupera-cualquier-foto-perdida\/#breadcrumb\",\"itemListElement\":[{\"@type\":\"ListItem\",\"position\":1,\"name\":\"Home\",\"item\":\"https:\/\/universofamilia.com\/el\/\"},{\"@type\":\"ListItem\",\"position\":2,\"name\":\"\u00a1Recupera cualquier foto perdida con esta aplicaci\u00f3n!\"}]},{\"@type\":\"WebSite\",\"@id\":\"https:\/\/universofamilia.com\/el\/#website\",\"url\":\"https:\/\/universofamilia.com\/el\/\",\"name\":\"Universo Fam\u00edlia\",\"description\":\"\",\"potentialAction\":[{\"@type\":\"SearchAction\",\"target\":{\"@type\":\"EntryPoint\",\"urlTemplate\":\"https:\/\/universofamilia.com\/el\/?s={search_term_string}\"},\"query-input\":\"required name=search_term_string\"}],\"inLanguage\":\"hu\"},{\"@type\":\"Person\",\"@id\":\"https:\/\/universofamilia.com\/el\/#\/schema\/person\/f07ce98187dd84d31154262e79b3b7ca\",\"name\":\"Pedro Henrique\",\"image\":{\"@type\":\"ImageObject\",\"inLanguage\":\"hu\",\"@id\":\"https:\/\/universofamilia.com\/el\/#\/schema\/person\/image\/\",\"url\":\"https:\/\/secure.gravatar.com\/avatar\/9edfeb808cb4e1599f64d6e45b130154?s=96&d=mm&r=g\",\"contentUrl\":\"https:\/\/secure.gravatar.com\/avatar\/9edfeb808cb4e1599f64d6e45b130154?s=96&d=mm&r=g\",\"caption\":\"Pedro Henrique\"},\"url\":\"https:\/\/universofamilia.com\/hu\/author\/editor01\/\"}]}<\/script>\n<!-- \/ Yoast SEO plugin. -->","yoast_head_json":{"title":"\u00a1Recupera cualquier foto perdida con esta aplicaci\u00f3n! - Universo Fam\u00edlia","description":"\u00a1Recupera cualquier foto perdida con esta aplicaci\u00f3n! \u00a1Ay no! \u00bfHas sentido alguna vez esa horrible sensaci\u00f3n de borrar accidentalmente...","robots":{"index":"index","follow":"follow","max-snippet":"max-snippet:-1","max-image-preview":"max-image-preview:large","max-video-preview":"max-video-preview:-1"},"canonical":"https:\/\/universofamilia.com\/hu\/lp-recupera-cualquier-foto-perdida\/","og_locale":"hu_HU","og_type":"article","og_title":"\u00a1Recupera cualquier foto perdida con esta aplicaci\u00f3n! - Universo Fam\u00edlia","og_description":"\u00a1Recupera cualquier foto perdida con esta aplicaci\u00f3n! \u00a1Ay no! \u00bfHas sentido alguna vez esa horrible sensaci\u00f3n de borrar accidentalmente...","og_url":"https:\/\/universofamilia.com\/hu\/lp-recupera-cualquier-foto-perdida\/","og_site_name":"Universo Fam\u00edlia","article_published_time":"2025-03-11T21:11:44+00:00","article_modified_time":"2025-03-11T21:13:15+00:00","og_image":[{"width":1080,"height":1080,"url":"https:\/\/universofamilia.com\/wp-content\/uploads\/sites\/148\/2025\/03\/BLOCO-APP-ARTIGO-12.jpg","type":"image\/jpeg"}],"author":"Pedro Henrique","twitter_card":"summary_large_image","twitter_misc":{"Written by":"Pedro Henrique","Est. reading time":"7 perc"},"schema":{"@context":"https:\/\/schema.org","@graph":[{"@type":"WebPage","@id":"https:\/\/universofamilia.com\/lp-recupera-cualquier-foto-perdida\/","url":"https:\/\/universofamilia.com\/lp-recupera-cualquier-foto-perdida\/","name":"\u00a1Recupera cualquier foto perdida con esta aplicaci\u00f3n! - Universo Fam\u00edlia","isPartOf":{"@id":"https:\/\/universofamilia.com\/el\/#website"},"primaryImageOfPage":{"@id":"https:\/\/universofamilia.com\/lp-recupera-cualquier-foto-perdida\/#primaryimage"},"image":{"@id":"https:\/\/universofamilia.com\/lp-recupera-cualquier-foto-perdida\/#primaryimage"},"thumbnailUrl":"https:\/\/universofamilia.com\/wp-content\/uploads\/sites\/148\/2025\/03\/BLOCO-APP-ARTIGO-12.jpg","datePublished":"2025-03-11T21:11:44+00:00","dateModified":"2025-03-11T21:13:15+00:00","author":{"@id":"https:\/\/universofamilia.com\/el\/#\/schema\/person\/f07ce98187dd84d31154262e79b3b7ca"},"description":"\u00a1Recupera cualquier foto perdida con esta aplicaci\u00f3n! \u00a1Ay no! \u00bfHas sentido alguna vez esa horrible sensaci\u00f3n de borrar accidentalmente...","breadcrumb":{"@id":"https:\/\/universofamilia.com\/lp-recupera-cualquier-foto-perdida\/#breadcrumb"},"inLanguage":"hu","potentialAction":[{"@type":"ReadAction","target":["https:\/\/universofamilia.com\/lp-recupera-cualquier-foto-perdida\/"]}]},{"@type":"ImageObject","inLanguage":"hu","@id":"https:\/\/universofamilia.com\/lp-recupera-cualquier-foto-perdida\/#primaryimage","url":"https:\/\/universofamilia.com\/wp-content\/uploads\/sites\/148\/2025\/03\/BLOCO-APP-ARTIGO-12.jpg","contentUrl":"https:\/\/universofamilia.com\/wp-content\/uploads\/sites\/148\/2025\/03\/BLOCO-APP-ARTIGO-12.jpg","width":1080,"height":1080,"caption":"\u00a1Recupera cualquier foto perdida con esta aplicaci\u00f3n!"},{"@type":"BreadcrumbList","@id":"https:\/\/universofamilia.com\/lp-recupera-cualquier-foto-perdida\/#breadcrumb","itemListElement":[{"@type":"ListItem","position":1,"name":"Home","item":"https:\/\/universofamilia.com\/el\/"},{"@type":"ListItem","position":2,"name":"\u00a1Recupera cualquier foto perdida con esta aplicaci\u00f3n!"}]},{"@type":"WebSite","@id":"https:\/\/universofamilia.com\/el\/#website","url":"https:\/\/universofamilia.com\/el\/","name":"Universo Fam\u00edlia","description":"","potentialAction":[{"@type":"SearchAction","target":{"@type":"EntryPoint","urlTemplate":"https:\/\/universofamilia.com\/el\/?s={search_term_string}"},"query-input":"required name=search_term_string"}],"inLanguage":"hu"},{"@type":"Person","@id":"https:\/\/universofamilia.com\/el\/#\/schema\/person\/f07ce98187dd84d31154262e79b3b7ca","name":"Pedro Henrique","image":{"@type":"ImageObject","inLanguage":"hu","@id":"https:\/\/universofamilia.com\/el\/#\/schema\/person\/image\/","url":"https:\/\/secure.gravatar.com\/avatar\/9edfeb808cb4e1599f64d6e45b130154?s=96&d=mm&r=g","contentUrl":"https:\/\/secure.gravatar.com\/avatar\/9edfeb808cb4e1599f64d6e45b130154?s=96&d=mm&r=g","caption":"Pedro Henrique"},"url":"https:\/\/universofamilia.com\/hu\/author\/editor01\/"}]}},"_links":{"self":[{"href":"https:\/\/universofamilia.com\/hu\/wp-json\/wp\/v2\/posts\/8947"}],"collection":[{"href":"https:\/\/universofamilia.com\/hu\/wp-json\/wp\/v2\/posts"}],"about":[{"href":"https:\/\/universofamilia.com\/hu\/wp-json\/wp\/v2\/types\/post"}],"author":[{"embeddable":true,"href":"https:\/\/universofamilia.com\/hu\/wp-json\/wp\/v2\/users\/139"}],"replies":[{"embeddable":true,"href":"https:\/\/universofamilia.com\/hu\/wp-json\/wp\/v2\/comments?post=8947"}],"version-history":[{"count":3,"href":"https:\/\/universofamilia.com\/hu\/wp-json\/wp\/v2\/posts\/8947\/revisions"}],"predecessor-version":[{"id":8951,"href":"https:\/\/universofamilia.com\/hu\/wp-json\/wp\/v2\/posts\/8947\/revisions\/8951"}],"wp:featuredmedia":[{"embeddable":true,"href":"https:\/\/universofamilia.com\/hu\/wp-json\/wp\/v2\/media\/8948"}],"wp:attachment":[{"href":"https:\/\/universofamilia.com\/hu\/wp-json\/wp\/v2\/media?parent=8947"}],"wp:term":[{"taxonomy":"category","embeddable":true,"href":"https:\/\/universofamilia.com\/hu\/wp-json\/wp\/v2\/categories?post=8947"},{"taxonomy":"post_tag","embeddable":true,"href":"https:\/\/universofamilia.com\/hu\/wp-json\/wp\/v2\/tags?post=8947"}],"curies":[{"name":"wp","href":"https:\/\/api.w.org\/{rel}","templated":true}]}}