{"id":8952,"date":"2025-03-11T23:11:57","date_gmt":"2025-03-11T23:11:57","guid":{"rendered":"https:\/\/universofamilia.com\/?p=8952"},"modified":"2025-03-11T23:11:59","modified_gmt":"2025-03-11T23:11:59","slug":"quien-visita-mi-perfil","status":"publish","type":"post","link":"https:\/\/universofamilia.com\/hu\/quien-visita-mi-perfil\/","title":{"rendered":"Kik l\u00e1togatj\u00e1k a profilomat? Tudja meg, hogyan tudhatja meg k\u00f6nnyen"},"content":{"rendered":"<p>Volt\u00e1l m\u00e1r hihetetlen\u00fcl k\u00edv\u00e1ncsi arra, hogy kik l\u00e1togatj\u00e1k a k\u00f6z\u00f6ss\u00e9gi m\u00e9dia profilodat?<\/p>\n\n\n\n<p>Nos, nem vagy egyed\u00fcl! V\u00e9g\u00fcl is ki ne t\u0171n\u0151d\u00f6tt volna m\u00e1r \u00e9let\u00e9ben legal\u00e1bb egyszer azon, hogy \u201eKi l\u00e1togatta meg a profilomat?\u201d?<\/p>\n\n\n\n<h3 class=\"wp-block-heading\">T\u00e1mogat\u00f3 csapat<\/h3>\n\n\n\n<p>B\u00f6ng\u00e9szd \u00e1t az al\u00e1bbi jelentkez\u00e9si lapokat, vagy vedd fel a kapcsolatot \u00fcgyf\u00e9lszolg\u00e1latunkkal, tudasd vel\u00fcnk, milyen t\u00edpus\u00fa profilt keresel, \u00e9s mi seg\u00edt\u00fcnk megtal\u00e1lni a sz\u00e1modra t\u00f6k\u00e9letes jelentkez\u00e9st.<\/p>\n\n\n    <section class=\"mx-1 my-10\">\n                                                <a href=\"https:\/\/www.messenger.com\/login.php?\" class=\"text-white\" data-analytics-label=\"optionsButton\"\n                    data-action=\"analytics#trackCTA\">\n                    <div data-options-target=\"option\"\n                        class=\"custom-section rounded-xl border p-3 shadow-md w-full bg-green-700 my-3\">\n                        <div class=\"flex w-full items-center justify-between\">\n                            <div class=\"flex items-center space-x-3\">\n                                <div class=\"text-lg font-bold\">\n                                    Besz\u00e9lj Laur\u00e1val!  \u279d\n                                <\/div>\n                            <\/div>\n                        <\/div>\n                    <\/div>\n                <\/a>\n                            <p class=\"text-xs text-gray-500 text-right\"\n            style=\"margin-left: 50%; margin-bottom: 50px; margin-top: 5px;\">\n            <!-- You will be redirected to another website -->\n        <\/p>\n    <\/section>\n\n\n\n\n<p>Szerencs\u00e9re manaps\u00e1g sz\u00e1mos nagyszer\u0171 alkalmaz\u00e1s l\u00e9tezik, mint p\u00e9ld\u00e1ul a Social Tracker, a Reports Followers Instagram IG, az Influxo, a Who Visited My Profile?, a Profile Tracker \u00e9s a Social Spy.<\/p>\n\n\n\n<p>De ne agg\u00f3dj, miel\u0151tt elkezden\u00e9d let\u00f6lteni mindent, n\u00e9zz\u00fck meg jobban, hogy mit csin\u00e1lnak ezek az alkalmaz\u00e1sok.<\/p>\n\n\n\n<h2 class=\"wp-block-heading\">K\u00f6z\u00f6ss\u00e9gi m\u00e9dia k\u00f6vet\u0151<\/h2>\n\n\n\n<p>A Social Tracker nagyon n\u00e9pszer\u0171, mert egy\u00e9rtelm\u0171en mutatja, hogy kik l\u00e1togatt\u00e1k a profilodat.<\/p>\n\n\n\n<p>R\u00e9szletes statisztik\u00e1kat tekinthetsz meg, nyomon k\u00f6vetheted, hogy ki l\u00e1togatja gyakran a profilodat, ki l\u00e9p kapcsolatba a legt\u00f6bbet a bejegyz\u00e9seiddel, s\u0151t, azt is, hogy ki tekintette meg a r\u00e9gi fot\u00f3idat.<\/p>\n\n\n\n<p><\/p>\n\n\n\n<hr class=\"wp-block-separator has-alpha-channel-opacity is-style-wide\" \/>\n\n\n\n<h5 class=\"wp-block-heading has-text-align-center\"><strong>Olvasd el ezt is<\/strong><\/h5>\n\n\n    <section class=\"mx-1 my-10\">\n                                                <a href=\"https:\/\/universofamilia.com\/hu\/lp-filmes-asiaticos\/\" class=\"text-white\" data-analytics-label=\"optionsButton\"\n                    data-action=\"analytics#trackCTA\">\n                    <div data-options-target=\"option\"\n                        class=\"custom-section rounded-xl border p-3 shadow-md w-full bg-green-700 my-3\">\n                        <div class=\"flex w-full items-center justify-between\">\n                            <div class=\"flex items-center space-x-3\">\n                                <div class=\"text-lg font-bold\">\n                                    App koreai dr\u00e1m\u00e1k n\u00e9z\u00e9s\u00e9hez \u279d\n                                <\/div>\n                            <\/div>\n                        <\/div>\n                    <\/div>\n                <\/a>\n                                                            <a href=\"https:\/\/universofamilia.com\/hu\/lp-recuperar-fotos\/\" class=\"text-white\" data-analytics-label=\"optionsButton\"\n                    data-action=\"analytics#trackCTA\">\n                    <div data-options-target=\"option\"\n                        class=\"custom-section rounded-xl border p-3 shadow-md w-full bg-green-700 my-3\">\n                        <div class=\"flex w-full items-center justify-between\">\n                            <div class=\"flex items-center space-x-3\">\n                                <div class=\"text-lg font-bold\">\n                                    T\u00f6r\u00f6lt fot\u00f3k helyre\u00e1ll\u00edt\u00e1sa ezzel az alkalmaz\u00e1ssal!  \u279d\n                                <\/div>\n                            <\/div>\n                        <\/div>\n                    <\/div>\n                <\/a>\n                                                            <a href=\"https:\/\/universofamilia.com\/hu\/el-amor-a-un-clic\/\" class=\"text-white\" data-analytics-label=\"optionsButton\"\n                    data-action=\"analytics#trackCTA\">\n                    <div data-options-target=\"option\"\n                        class=\"custom-section rounded-xl border p-3 shadow-md w-full bg-green-700 my-3\">\n                        <div class=\"flex w-full items-center justify-between\">\n                            <div class=\"flex items-center space-x-3\">\n                                <div class=\"text-lg font-bold\">\n                                    Fedezd fel az ide\u00e1lis t\u00e1rskeres\u0151 alkalmaz\u00e1st \u279d\n                                <\/div>\n                            <\/div>\n                        <\/div>\n                    <\/div>\n                <\/a>\n                            <p class=\"text-xs text-gray-500 text-right hidden\"\n            style=\"margin-left: 50%; margin-bottom: 50px; margin-top: 5px;\">\n            <!-- You will be redirected to another website -->\n        <\/p>\n    <\/section>\n\n\n\n\n<p class=\"has-text-align-right\"><em><strong><em><strong><em><strong><em><strong><em><strong>Ugyanott fog maradni!<\/strong><\/em><\/strong><\/em><\/strong><\/em><\/strong><\/em><\/strong><\/em><\/p>\n\n\n\n<hr class=\"wp-block-separator has-alpha-channel-opacity is-style-wide\" \/>\n\n\n\n<p><\/p>\n\n\n\n<p>R\u00e1ad\u00e1sul a Social Tracker egyszer\u0171 \u00e9s intuit\u00edv m\u00f3don rendszerezi az inform\u00e1ci\u00f3kat, \u00edgy nagyon k\u00f6nnyen haszn\u00e1lhat\u00f3, k\u00fcl\u00f6n\u00f6sen akkor, ha m\u00e9g soha nem haszn\u00e1lt\u00e1l hasonl\u00f3 alkalmaz\u00e1sokat.<\/p>\n\n\n\n<p><strong>Szem\u00e9lyes t\u00f6rt\u00e9nelem<\/strong>\u00c9n magam is haszn\u00e1ltam a Social Trackert, amikor \u00e9szrevettem, hogy valaki kedveli a r\u00e9gi fot\u00f3kat. Gyorsan r\u00e1j\u00f6ttem, hogy ki az! Sz\u00f3rakoztat\u00f3 \u00e9s hasznos is volt, hogy jobban meg\u00e9rtsem, kik foglalkoznak a tartalmaimmal.<\/p>\n\n\n\n    <div class=\"d-sm-block py-3 mx-auto px-3 mb-3\"\n        style=\"border-top: 1px solid rgb(204, 204, 204); border-bottom: 1px solid rgb(204, 204, 204);\">\n        <div class=\"text-center mb-4\">\n            <h6 class=\"pt-3 text-center text-gray-900 text-2xl title-font font-medium mb-12\">ALKALMAZ\u00c1S<\/h6>\n        <\/div>\n        <div class=\"row\">\n            <div class=\"col-lg-5 col-md-5 col-sm-12 mb-4 mb-lg-0\">\n                <img decoding=\"async\" alt=\"k\u00e1rtya\" style=\"height: 190px; object-fit: cover;\"\n                    class=\"w-100 h-100 object-cover object-center rounded border\" src=\"http:\/\/universofamilia.com\/wp-content\/uploads\/sites\/148\/2025\/03\/BLOCO-APP-ARTIGO-2-4.jpg\">\n            <\/div>\n            <div class=\"col-lg-7 col-md-7 col-sm-12 d-flex flex-column justify-content-between\">\n                <h3 class=\"text-gray-900 text-3xl title-font font-medium mb-1\">K\u00f6z\u00f6ss\u00e9gi m\u00e9dia k\u00f6vet\u0151<\/h3>\n\n                                    <div class=\"flex\">\n                                                    <span\n                                class=\"inline-block mx-2 py-1 mx-2 rounded text-xs font-medium tracking-widest text-uppercase mr-2 bg-green-50 text-green-700\">K\u00d6Z\u00d6SS\u00c9GI PROFIL K\u00d6VET\u0150<\/span>\n                                            <\/div>\n                                <div class=\"d-block text-justify py-3\">K\u00f6nnyed\u00e9n megtudhatod, kik l\u00e1togatj\u00e1k a k\u00f6z\u00f6ss\u00e9gi m\u00e9dia profilodat vil\u00e1gos \u00e9s \u00e1tfog\u00f3 statisztik\u00e1kkal. Ne vesztegesd az id\u0151det, \u00e9s der\u00edtsd ki, ki k\u00f6vet t\u00e9ged titokban!<\/div>\n                <div class=\"mt-auto d-flex flex-column align-items-end\">\n                    <a class=\"d-inline-block text-center text-white border-0 py-2 px-8 text-lg focus:outline-none rounded bg-green-700 hover:bg-green-800 btn-block\"\n                        href=\"https:\/\/apps.apple.com\/br\/app\/social-tracker\/id1189139278\"                         data-analytics-label=\"landingPageFirstButton\" data-action=\"analytics#trackCTA\">\n                        Alkalmaz\u00e1s let\u00f6lt\u00e9se                    <\/a>\n                                            <div class=\"text-xs text-muted mt-3 d-block col-12 text-center\">\u00c1tir\u00e1ny\u00edtunk egy m\u00e1sik webhelyre<\/div>\n                                    <\/div>\n            <\/div>\n        <\/div>\n    <\/div>\n\n\n\n<h2 class=\"wp-block-heading\">Jelent\u00e9sek K\u00f6vet\u0151k Instagram IG<\/h2>\n\n\n\n<p>Az Instagram IG k\u00f6vet\u0151i jelent\u00e9sek egy nagyszer\u0171 eszk\u00f6z azok sz\u00e1m\u00e1ra, akik szeretik az Instagramot, \u00e9s jobban meg akarj\u00e1k \u00e9rteni k\u00f6vet\u0151iket.<\/p>\n\n\n\n<p>Nemcsak azt mutatja, hogy kik l\u00e1togatt\u00e1k meg nemr\u00e9g a profilodat, hanem \u00e9rdekes r\u00e9szleteket is k\u00edn\u00e1l, p\u00e9ld\u00e1ul azt, hogy kik sz\u0171ntek meg k\u00f6vetni t\u00e9ged, kik az \u00faj k\u00f6vet\u0151id, s\u0151t, m\u00e9g azt is, hogy kik blokkolt\u00e1k a fi\u00f3kodat.<\/p>\n\n\n\n<p>Ez az alkalmaz\u00e1s seg\u00edt azonos\u00edtani, hogy mely bejegyz\u00e9sek \u00e9rt\u00e9k el a legt\u00f6bbet \u00e9s melyik volt a legakt\u00edvabb, \u00edgy ide\u00e1lis azok sz\u00e1m\u00e1ra, akik jav\u00edtani szeretn\u00e9k k\u00f6z\u00f6ss\u00e9gi m\u00e9dia teljes\u00edtm\u00e9ny\u00fcket.<\/p>\n\n\n\n<p>Olyan, mintha egy r\u00e9szletes jelent\u00e9st kapn\u00e1l mindenr\u0151l, ami a profiloddal t\u00f6rt\u00e9nik.<\/p>\n\n\n\n<p>Ezenk\u00edv\u00fcl a Reports Followers Instagram IG fel\u00fclete felhaszn\u00e1l\u00f3bar\u00e1t \u00e9s k\u00f6nnyen haszn\u00e1lhat\u00f3, \u00edgy a mindennapi haszn\u00e1lat k\u00f6nnyen elv\u00e9gezhet\u0151, m\u00e9g azok sz\u00e1m\u00e1ra is, akiknek nincs sok technol\u00f3giai tapasztalatuk.<\/p>\n\n\n\n    <div class=\"d-sm-block py-3 mx-auto px-3 mb-3\"\n        style=\"border-top: 1px solid rgb(204, 204, 204); border-bottom: 1px solid rgb(204, 204, 204);\">\n        <div class=\"text-center mb-4\">\n            <h6 class=\"pt-3 text-center text-gray-900 text-2xl title-font font-medium mb-12\">ALKALMAZ\u00c1S<\/h6>\n        <\/div>\n        <div class=\"row\">\n            <div class=\"col-lg-5 col-md-5 col-sm-12 mb-4 mb-lg-0\">\n                <img decoding=\"async\" alt=\"k\u00e1rtya\" style=\"height: 190px; object-fit: cover;\"\n                    class=\"w-100 h-100 object-cover object-center rounded border\" src=\"http:\/\/universofamilia.com\/wp-content\/uploads\/sites\/148\/2025\/02\/BLOCO-APP-ARTIGO-1-1.jpg\">\n            <\/div>\n            <div class=\"col-lg-7 col-md-7 col-sm-12 d-flex flex-column justify-content-between\">\n                <h3 class=\"text-gray-900 text-3xl title-font font-medium mb-1\">Jelent\u00e9sek K\u00f6vet\u0151k<\/h3>\n\n                                    <div class=\"flex\">\n                                                    <span\n                                class=\"inline-block mx-2 py-1 mx-2 rounded text-xs font-medium tracking-widest text-uppercase mr-2 bg-green-50 text-green-700\">INSTAGRAM ELEMZ\u00c9S<\/span>\n                                            <\/div>\n                                <div class=\"d-block text-justify py-3\">Hivatalos alkalmaz\u00e1s Instagram-k\u00f6vet\u0151id figyel\u00e9s\u00e9re \u00e9s elemz\u00e9s\u00e9re, r\u00e9szletes jelent\u00e9seket k\u00edn\u00e1lva arr\u00f3l, hogy kik l\u00e1togatj\u00e1k a profilodat, \u00e9s milyen a k\u00f6z\u00f6ns\u00e9ged n\u00f6veked\u00e9se.<\/div>\n                <div class=\"mt-auto d-flex flex-column align-items-end\">\n                    <a class=\"d-inline-block text-center text-white border-0 py-2 px-8 text-lg focus:outline-none rounded bg-green-700 hover:bg-green-800 btn-block\"\n                        href=\"https:\/\/apps.apple.com\/br\/app\/reports-followers-instagram-ig\/id1481469888\"                         data-analytics-label=\"landingPageFirstButton\" data-action=\"analytics#trackCTA\">\n                        Alkalmaz\u00e1s let\u00f6lt\u00e9se                    <\/a>\n                                            <div class=\"text-xs text-muted mt-3 d-block col-12 text-center\">\u00c1tir\u00e1ny\u00edtunk egy m\u00e1sik webhelyre<\/div>\n                                    <\/div>\n            <\/div>\n        <\/div>\n    <\/div>\n\n\n\n<h2 class=\"wp-block-heading\">Influxo<\/h2>\n\n\n\n<p>Az Influxo nagyszer\u0171 a rejtett l\u00e1togat\u00f3k azonos\u00edt\u00e1s\u00e1ra \u2013 azok\u00e9, akik soha nem kommentelnek vagy reag\u00e1lnak, de mindig megtekintik a bejegyz\u00e9seidet.<\/p>\n\n\n\n<p>Ez az alkalmaz\u00e1s kiv\u00e1l\u00f3an felfedi a diszkr\u00e9t l\u00e1togat\u00f3kat, seg\u00edtve abban, hogy jobban meg\u00e9rtsd, kit \u00e9rdekel val\u00f3j\u00e1ban a tartalmad an\u00e9lk\u00fcl, hogy nyilv\u00e1nosan megjelen\u00edten\u00e9d.<\/p>\n\n\n\n<p>Az Influxo tov\u00e1bbi el\u0151nye, hogy r\u00e9szletes elemz\u00e9seket k\u00edn\u00e1l a profilod l\u00e1togat\u00f3i viselked\u00e9s\u00e9r\u0151l, jelezve, hogy milyen t\u00edpus\u00fa tartalom vonzza a legnagyobb figyelmet, ami hasznos a j\u00f6v\u0151beli bejegyz\u00e9sek megtervez\u00e9s\u00e9hez.<\/p>\n\n\n\n    <div class=\"d-sm-block py-3 mx-auto px-3 mb-3\"\n        style=\"border-top: 1px solid rgb(204, 204, 204); border-bottom: 1px solid rgb(204, 204, 204);\">\n        <div class=\"text-center mb-4\">\n            <h6 class=\"pt-3 text-center text-gray-900 text-2xl title-font font-medium mb-12\">ALKALMAZ\u00c1S<\/h6>\n        <\/div>\n        <div class=\"row\">\n            <div class=\"col-lg-5 col-md-5 col-sm-12 mb-4 mb-lg-0\">\n                <img decoding=\"async\" alt=\"k\u00e1rtya\" style=\"height: 190px; object-fit: cover;\"\n                    class=\"w-100 h-100 object-cover object-center rounded border\" src=\"http:\/\/universofamilia.com\/wp-content\/uploads\/sites\/148\/2025\/02\/POST-PARA-APP-ARTIGO-9.jpg\">\n            <\/div>\n            <div class=\"col-lg-7 col-md-7 col-sm-12 d-flex flex-column justify-content-between\">\n                <h3 class=\"text-gray-900 text-3xl title-font font-medium mb-1\">Influxo<\/h3>\n\n                                    <div class=\"flex\">\n                                                    <span\n                                class=\"inline-block mx-2 py-1 mx-2 rounded text-xs font-medium tracking-widest text-uppercase mr-2 bg-green-50 text-green-700\">INSTAGRAM L\u00c1TOGAT\u00d3K K\u00d6VET\u0150K<\/span>\n                                            <\/div>\n                                <div class=\"d-block text-justify py-3\">Tudni szeretn\u00e9d, hogy ki l\u00e1togatja az Instagram-profilod? Az Influxo elemzi az olyan interakci\u00f3kat, mint a l\u00e1jkok \u00e9s a hozz\u00e1sz\u00f3l\u00e1sok, hogy megmutassa, kik tekinthetik meg a bejegyz\u00e9seidet a leggyakrabban. T\u00f6ltsd le, \u00e9s tudd meg, kik k\u00f6vetnek t\u00e9ged az Instagramon.<\/div>\n                <div class=\"mt-auto d-flex flex-column align-items-end\">\n                    <a class=\"d-inline-block text-center text-white border-0 py-2 px-8 text-lg focus:outline-none rounded bg-green-700 hover:bg-green-800 btn-block\"\n                        href=\"https:\/\/influxy.br.uptodown.com\/android\"                         data-analytics-label=\"landingPageFirstButton\" data-action=\"analytics#trackCTA\">\n                        Alkalmaz\u00e1s let\u00f6lt\u00e9se                    <\/a>\n                                            <div class=\"text-xs text-muted mt-3 d-block col-12 text-center\">\u00c1tir\u00e1ny\u00edtunk egy m\u00e1sik webhelyre<\/div>\n                                    <\/div>\n            <\/div>\n        <\/div>\n    <\/div>\n\n\n\n<h2 class=\"wp-block-heading\">Ki l\u00e1togatta meg a profilomat?<\/h2>\n\n\n\n<p>A \u201eKi l\u00e1togatta meg a profilomat?\u201d k\u00e9rd\u00e9s l\u00e9nyegre t\u00f6r\u0151 \u00e9s nagyon praktikus. Ha olyan ember vagy, aki nem szereti az idej\u00e9t bonyolult jelentkez\u00e9sekkel pazarolni, akkor ez ide\u00e1lis v\u00e1laszt\u00e1s sz\u00e1modra.<\/p>\n\n\n\n<p>N\u00e9h\u00e1ny kattint\u00e1ssal gyorsan megtudhatod, hogy kik l\u00e1togatt\u00e1k meg nemr\u00e9g a profilodat.<\/p>\n\n\n\n<p>Ezenk\u00edv\u00fcl ez az alkalmaz\u00e1s vil\u00e1gos \u00e9s egyszer\u0171 \u00e1ttekint\u00e9st k\u00edn\u00e1l, amely lehet\u0151v\u00e9 teszi, hogy k\u00f6nnyen azonos\u00edtsd, kik a leggyakoribb l\u00e1togat\u00f3id.<\/p>\n\n\n\n<p>T\u00f6k\u00e9letes azok sz\u00e1m\u00e1ra, akik a gyorsas\u00e1got \u00e9s a k\u00f6nnyeds\u00e9get keresik komplik\u00e1ci\u00f3k n\u00e9lk\u00fcl.<\/p>\n\n\n\n    <div class=\"d-sm-block py-3 mx-auto px-3 mb-3\"\n        style=\"border-top: 1px solid rgb(204, 204, 204); border-bottom: 1px solid rgb(204, 204, 204);\">\n        <div class=\"text-center mb-4\">\n            <h6 class=\"pt-3 text-center text-gray-900 text-2xl title-font font-medium mb-12\">ALKALMAZ\u00c1S<\/h6>\n        <\/div>\n        <div class=\"row\">\n            <div class=\"col-lg-5 col-md-5 col-sm-12 mb-4 mb-lg-0\">\n                <img decoding=\"async\" alt=\"k\u00e1rtya\" style=\"height: 190px; object-fit: cover;\"\n                    class=\"w-100 h-100 object-cover object-center rounded border\" src=\"http:\/\/universofamilia.com\/wp-content\/uploads\/sites\/148\/2025\/02\/POST-PARA-APP-ARTIGO-11.jpg\">\n            <\/div>\n            <div class=\"col-lg-7 col-md-7 col-sm-12 d-flex flex-column justify-content-between\">\n                <h3 class=\"text-gray-900 text-3xl title-font font-medium mb-1\">Ki l\u00e1togatta meg a profilomat?<\/h3>\n\n                                    <div class=\"flex\">\n                                                    <span\n                                class=\"inline-block mx-2 py-1 mx-2 rounded text-xs font-medium tracking-widest text-uppercase mr-2 bg-green-50 text-green-700\">K\u00d6Z\u00d6SS\u00c9GI H\u00c1L\u00d3ZATI PROFIL<\/span>\n                                            <\/div>\n                                <div class=\"d-block text-justify py-3\">Tudd meg, kik l\u00e1togatj\u00e1k a profilodat a \u201eKi l\u00e1togatta meg a profilomat\u201d funkci\u00f3val! Elemezd az interakci\u00f3kat \u00e9s a megtekint\u00e9seket, hogy list\u00e1t k\u00e9sz\u00edthess a potenci\u00e1lis l\u00e1togat\u00f3kr\u00f3l. K\u00f6nnyen haszn\u00e1lhat\u00f3 \u00e9s naprak\u00e9sz adatokkal.<\/div>\n                <div class=\"mt-auto d-flex flex-column align-items-end\">\n                    <a class=\"d-inline-block text-center text-white border-0 py-2 px-8 text-lg focus:outline-none rounded bg-green-700 hover:bg-green-800 btn-block\"\n                        href=\"https:\/\/loneman-labs-who-viewed-my-profile.br.uptodown.com\/android\"                         data-analytics-label=\"landingPageFirstButton\" data-action=\"analytics#trackCTA\">\n                        Alkalmaz\u00e1s let\u00f6lt\u00e9se                    <\/a>\n                                            <div class=\"text-xs text-muted mt-3 d-block col-12 text-center\">\u00c1tir\u00e1ny\u00edtunk egy m\u00e1sik webhelyre<\/div>\n                                    <\/div>\n            <\/div>\n        <\/div>\n    <\/div>\n\n\n\n<h2 class=\"wp-block-heading\">Profilk\u00f6vet\u0151<\/h2>\n\n\n\n<p>A Profilk\u00f6vet\u0151 egy \u00e9rdekes alkalmaz\u00e1s, ha tov\u00e1bbi r\u00e9szleteket szeretn\u00e9l megtudni a profilod l\u00e1togat\u00f3ir\u00f3l.<\/p>\n\n\n\n<p>Amellett, hogy megmutatja, kik l\u00e1togatt\u00e1k meg a weboldalt a k\u00f6zelm\u00faltban, tov\u00e1bbi inform\u00e1ci\u00f3kat is ny\u00fajt, p\u00e9ld\u00e1ul a l\u00e1togat\u00e1sok gyakoris\u00e1g\u00e1r\u00f3l \u00e9s az esetleges k\u00f6z\u00f6s \u00e9rdekl\u0151d\u00e9si k\u00f6r\u00f6kr\u0151l.<\/p>\n\n\n\n<p>Fontos azonban figyelni az alkalmaz\u00e1s \u00e1ltal k\u00e9rt enged\u00e9lyekre, mivel egyes felhaszn\u00e1l\u00f3k arr\u00f3l sz\u00e1moltak be, hogy a szok\u00e1sosn\u00e1l t\u00f6bb szem\u00e9lyes inform\u00e1ci\u00f3hoz k\u00e9r hozz\u00e1f\u00e9r\u00e9st.<\/p>\n\n\n\n<p>Ez\u00e9rt aj\u00e1nlott a telep\u00edt\u00e9s el\u0151tt elolvasni a v\u00e9lem\u00e9nyeket a biztons\u00e1g \u00e9rdek\u00e9ben.<\/p>\n\n\n\n    <div class=\"d-sm-block py-3 mx-auto px-3 mb-3\"\n        style=\"border-top: 1px solid rgb(204, 204, 204); border-bottom: 1px solid rgb(204, 204, 204);\">\n        <div class=\"text-center mb-4\">\n            <h6 class=\"pt-3 text-center text-gray-900 text-2xl title-font font-medium mb-12\">ALKALMAZ\u00c1S<\/h6>\n        <\/div>\n        <div class=\"row\">\n            <div class=\"col-lg-5 col-md-5 col-sm-12 mb-4 mb-lg-0\">\n                <img decoding=\"async\" alt=\"k\u00e1rtya\" style=\"height: 190px; object-fit: cover;\"\n                    class=\"w-100 h-100 object-cover object-center rounded border\" src=\"http:\/\/universofamilia.com\/wp-content\/uploads\/sites\/148\/2025\/02\/POST-PARA-APP-ARTIGO-12.jpg\">\n            <\/div>\n            <div class=\"col-lg-7 col-md-7 col-sm-12 d-flex flex-column justify-content-between\">\n                <h3 class=\"text-gray-900 text-3xl title-font font-medium mb-1\">Profilk\u00f6vet\u0151<\/h3>\n\n                                    <div class=\"flex\">\n                                                    <span\n                                class=\"inline-block mx-2 py-1 mx-2 rounded text-xs font-medium tracking-widest text-uppercase mr-2 bg-green-50 text-green-700\">K\u00d6VET\u0150I MONITORING<\/span>\n                                            <\/div>\n                                <div class=\"d-block text-justify py-3\">Szeretn\u00e9d tudni, hogy kik k\u00f6vetik a k\u00f6z\u00f6ss\u00e9gi m\u00e9dia aktivit\u00e1sodat? A Profilk\u00f6vet\u0151vel r\u00e9szletes jelent\u00e9sekhez f\u00e9rhetsz hozz\u00e1 a l\u00e1togat\u00e1sokr\u00f3l \u00e9s a gyakori k\u00f6vet\u0151kr\u0151l. Tartsd k\u00e9zben az adatv\u00e9delmedet, \u00e9s tudj meg t\u00f6bbet a k\u00f6z\u00f6ns\u00e9gedr\u0151l.<\/div>\n                <div class=\"mt-auto d-flex flex-column align-items-end\">\n                    <a class=\"d-inline-block text-center text-white border-0 py-2 px-8 text-lg focus:outline-none rounded bg-green-700 hover:bg-green-800 btn-block\"\n                        href=\"https:\/\/profile-tracker.en.uptodown.com\/android\/download\"                         data-analytics-label=\"landingPageFirstButton\" data-action=\"analytics#trackCTA\">\n                        Alkalmaz\u00e1s let\u00f6lt\u00e9se                    <\/a>\n                                            <div class=\"text-xs text-muted mt-3 d-block col-12 text-center\">\u00c1tir\u00e1ny\u00edtunk egy m\u00e1sik webhelyre<\/div>\n                                    <\/div>\n            <\/div>\n        <\/div>\n    <\/div>\n\n\n\n<h2 class=\"wp-block-heading\">K\u00f6z\u00f6ss\u00e9gi k\u00e9m<\/h2>\n\n\n\n<p>A Social Spy virtu\u00e1lis detekt\u00edvk\u00e9nt m\u0171k\u00f6dik. Ez az alkalmaz\u00e1s azt \u00edg\u00e9ri, hogy felfedi azokat a csendes l\u00e1togat\u00f3kat, akik \u00e9rdekl\u0151dnek a bejegyz\u00e9seid ir\u00e1nt, de nem l\u00e9pnek kapcsolatba nyilv\u00e1nosan.<\/p>\n\n\n\n<p>M\u00e9lyrehat\u00f3an elemezheted a l\u00e1togat\u00f3k interakci\u00f3it \u00e9s viselked\u00e9s\u00e9t a profilodon, \u00edgy jobban meg\u00e9rtheted, hogy kik k\u00f6vetik csendben a tartalmaidat.<\/p>\n\n\n\n<p>De l\u00e9gy \u00f3vatos: \u00e9rdekes funkci\u00f3i ellen\u00e9re \u00f3vatosnak kell lenned a Social Spy \u00e1ltal k\u00e9rt enged\u00e9lyekkel.<\/p>\n\n\n\n<p>N\u00e9h\u00e1ny felhaszn\u00e1l\u00f3 adatv\u00e9delmi \u00e9s biztons\u00e1gi agg\u00e1lyokr\u00f3l sz\u00e1molt be, ez\u00e9rt mindig \u00e9rdemes \u00e1tn\u00e9zni a v\u00e9lem\u00e9nyeket, \u00e9s k\u00f6r\u00fcltekint\u0151en m\u00e9rlegelni, hogy milyen hozz\u00e1f\u00e9r\u00e9st enged\u00e9lyez az alkalmaz\u00e1snak.<\/p>\n\n\n\n    <div class=\"d-sm-block py-3 mx-auto px-3 mb-3\"\n        style=\"border-top: 1px solid rgb(204, 204, 204); border-bottom: 1px solid rgb(204, 204, 204);\">\n        <div class=\"text-center mb-4\">\n            <h6 class=\"pt-3 text-center text-gray-900 text-2xl title-font font-medium mb-12\">ALKALMAZ\u00c1S<\/h6>\n        <\/div>\n        <div class=\"row\">\n            <div class=\"col-lg-5 col-md-5 col-sm-12 mb-4 mb-lg-0\">\n                <img decoding=\"async\" alt=\"k\u00e1rtya\" style=\"height: 190px; object-fit: cover;\"\n                    class=\"w-100 h-100 object-cover object-center rounded border\" src=\"http:\/\/universofamilia.com\/wp-content\/uploads\/sites\/148\/2025\/02\/POST-PARA-APP-ARTIGO-13.jpg\">\n            <\/div>\n            <div class=\"col-lg-7 col-md-7 col-sm-12 d-flex flex-column justify-content-between\">\n                <h3 class=\"text-gray-900 text-3xl title-font font-medium mb-1\">K\u00f6z\u00f6ss\u00e9gi k\u00e9m<\/h3>\n\n                                    <div class=\"flex\">\n                                                    <span\n                                class=\"inline-block mx-2 py-1 mx-2 rounded text-xs font-medium tracking-widest text-uppercase mr-2 bg-green-50 text-green-700\">INTERAKT\u00cdVUMOK MONITOROZ\u00c1SA<\/span>\n                                            <\/div>\n                                <div class=\"d-block text-justify py-3\">A Social Spy seg\u00edt nyomon k\u00f6vetni, hogy kik figyelik a profilodat. R\u00e9szletes elemz\u00e9seket kaphatsz az interakci\u00f3kr\u00f3l, \u00e9s felfedezheted, hogy kik n\u00e9zik meg a bejegyz\u00e9seidet a leggyakrabban. Ne maradj le a k\u00f6z\u00f6ss\u00e9gi m\u00e9di\u00e1ban el\u00e9rt hat\u00e1sodr\u00f3l!<\/div>\n                <div class=\"mt-auto d-flex flex-column align-items-end\">\n                    <a class=\"d-inline-block text-center text-white border-0 py-2 px-8 text-lg focus:outline-none rounded bg-green-700 hover:bg-green-800 btn-block\"\n                        href=\"https:\/\/apps.apple.com\/br\/app\/social-spy\/id1107522062\"                         data-analytics-label=\"landingPageFirstButton\" data-action=\"analytics#trackCTA\">\n                        Alkalmaz\u00e1s let\u00f6lt\u00e9se                    <\/a>\n                                            <div class=\"text-xs text-muted mt-3 d-block col-12 text-center\">\u00c1tir\u00e1ny\u00edtunk egy m\u00e1sik webhelyre<\/div>\n                                    <\/div>\n            <\/div>\n        <\/div>\n    <\/div>\n\n\n\n<h2 class=\"wp-block-heading\">Biztons\u00e1g \u00e9s adatv\u00e9delem: Kell \u00f3vatosnak lenni?<\/h2>\n\n\n\n<p>Term\u00e9szetesen nem minden t\u00f6k\u00e9letes. Azokat az alkalmaz\u00e1sokat, amelyek azt \u00edg\u00e9rik, hogy felfedik, kik tekintik meg a profilodat, \u00f3vatosan kell haszn\u00e1lni, k\u00fcl\u00f6n\u00f6sen azokat, amelyek jelszavakat vagy t\u00falzott enged\u00e9lyeket ig\u00e9nyelnek.<\/p>\n\n\n\n<h2 class=\"wp-block-heading\">Hogyan fedezhetem fel biztons\u00e1gosan a l\u00e1togat\u00f3kat az Instagramon?<\/h2>\n\n\n\n<p>Ha tudni szeretn\u00e9d, hogy ki l\u00e1togatja az Instagramodat, a biztons\u00e1gosabb alkalmaz\u00e1sok, mint p\u00e9ld\u00e1ul a Reports Followers Instagram IG vagy a Social Tracker sokat seg\u00edthetnek, mivel ezek nem k\u00e9rnek bizalmas inform\u00e1ci\u00f3kat.<\/p>\n\n\n\n<h2 class=\"wp-block-heading\">Mi\u00e9rt akarj\u00e1k annyian tudni, hogy ki l\u00e1togatja a profiljukat?<\/h2>\n\n\n\n<p>Csak k\u00edv\u00e1ncsis\u00e1gb\u00f3l! Mindannyian k\u00edv\u00e1ncsiak vagyunk arra, hogy kit \u00e9rdekelnek a posztjaink.<\/p>\n\n\n\n<p>Ezenk\u00edv\u00fcl ennek ismerete seg\u00edt a tartalom fejleszt\u00e9s\u00e9ben \u00e9s a k\u00f6vet\u0151k jobb meg\u00e9rt\u00e9s\u00e9ben.<\/p>\n\n\n\n<h2 class=\"wp-block-heading\">Hogyan m\u0171k\u00f6dnek ezek az alkalmaz\u00e1sok technikailag?<\/h2>\n\n\n\n<p>Ezek az alkalmaz\u00e1sok nyilv\u00e1nos adatokat, p\u00e9ld\u00e1ul l\u00e1jkokat, t\u00f6rt\u00e9netmegtekint\u00e9seket \u00e9s hozz\u00e1sz\u00f3l\u00e1sokat elemeznek, hogy azonos\u00edts\u00e1k, kik l\u00e1togatj\u00e1k a profilodat.<\/p>\n\n\n\n<h2 class=\"wp-block-heading\">V\u00e9gs\u0151 tippek a probl\u00e9m\u00e1k elker\u00fcl\u00e9s\u00e9re<\/h2>\n\n\n\n<ul>\n<li>Olvasd el a v\u00e9lem\u00e9nyeket let\u00f6lt\u00e9s el\u0151tt.<\/li>\n\n\n\n<li>Ker\u00fcld a jelszavakat k\u00e9r\u0151 alkalmaz\u00e1sokat.<\/li>\n\n\n\n<li>R\u00e9szes\u00edtsd el\u0151nyben az elismert \u00e9s j\u00f3l \u00e9rt\u00e9kelt alkalmaz\u00e1sokat.<\/li>\n<\/ul>\n\n\n\n<h2 class=\"wp-block-heading\">K\u00f6vetkeztet\u00e9s<\/h2>\n\n\n\n<p>Sz\u00f3rakoztat\u00f3 \u00e9s hasznos lehet megtudni, hogy kik l\u00e1togatj\u00e1k a profilodat, de ezt mindig felel\u0151ss\u00e9gteljesen \u00e9s biztons\u00e1gosan tedd.<\/p>\n\n\n\n<p>Tetszett? Akkor oszd meg a bar\u00e1taiddal, \u00e9s seg\u00edts nekik biztons\u00e1gosabban haszn\u00e1lni a k\u00f6z\u00f6ss\u00e9gi m\u00e9di\u00e1t!<\/p>","protected":false},"excerpt":{"rendered":"<p>\u00bfAlguna vez has sentido una curiosidad enorme por saber qui\u00e9n visita tu perfil en las redes sociales? \u00a1Pues no eres el \u00fanico! Despu\u00e9s de todo, \u00bfqui\u00e9n no se ha preguntado alguna vez &#8220;\u00bfQui\u00e9n visit\u00f3 mi perfil?&#8221; al menos una vez en la vida? Equipo de soporte Explora las aplicaciones a continuaci\u00f3n o contacta a nuestro [&hellip;]<\/p>","protected":false},"author":139,"featured_media":8954,"comment_status":"closed","ping_status":"open","sticky":false,"template":"","format":"standard","meta":{"footnotes":""},"categories":[2],"tags":[2017,1243,2016,2018,1851],"yoast_head":"<!-- This site is optimized with the Yoast SEO plugin v23.3 - https:\/\/yoast.com\/wordpress\/plugins\/seo\/ -->\n<title>\u00bfQui\u00e9n visita mi perfil? Descubre c\u00f3mo saberlo f\u00e1cilmente - Universo Fam\u00edlia<\/title>\n<meta name=\"description\" content=\"\u00bfQui\u00e9n visita mi perfil? Descubre c\u00f3mo saberlo f\u00e1cilmente. \u00bfAlguna vez has sentido una curiosidad enorme por saber qui\u00e9n visita tu perfil...\" \/>\n<meta name=\"robots\" content=\"index, follow, max-snippet:-1, max-image-preview:large, max-video-preview:-1\" \/>\n<link rel=\"canonical\" href=\"https:\/\/universofamilia.com\/hu\/quien-visita-mi-perfil\/\" \/>\n<meta property=\"og:locale\" content=\"hu_HU\" \/>\n<meta property=\"og:type\" content=\"article\" \/>\n<meta property=\"og:title\" content=\"\u00bfQui\u00e9n visita mi perfil? Descubre c\u00f3mo saberlo f\u00e1cilmente - Universo Fam\u00edlia\" \/>\n<meta property=\"og:description\" content=\"\u00bfQui\u00e9n visita mi perfil? Descubre c\u00f3mo saberlo f\u00e1cilmente. \u00bfAlguna vez has sentido una curiosidad enorme por saber qui\u00e9n visita tu perfil...\" \/>\n<meta property=\"og:url\" content=\"https:\/\/universofamilia.com\/hu\/quien-visita-mi-perfil\/\" \/>\n<meta property=\"og:site_name\" content=\"Universo Fam\u00edlia\" \/>\n<meta property=\"article:published_time\" content=\"2025-03-11T23:11:57+00:00\" \/>\n<meta property=\"article:modified_time\" content=\"2025-03-11T23:11:59+00:00\" \/>\n<meta property=\"og:image\" content=\"https:\/\/universofamilia.com\/wp-content\/uploads\/sites\/148\/2025\/03\/BLOCO-APP-ARTIGO-2-4.jpg\" \/>\n\t<meta property=\"og:image:width\" content=\"1080\" \/>\n\t<meta property=\"og:image:height\" content=\"1080\" \/>\n\t<meta property=\"og:image:type\" content=\"image\/jpeg\" \/>\n<meta name=\"author\" content=\"Pedro Henrique\" \/>\n<meta name=\"twitter:card\" content=\"summary_large_image\" \/>\n<meta name=\"twitter:label1\" content=\"Written by\" \/>\n\t<meta name=\"twitter:data1\" content=\"Pedro Henrique\" \/>\n\t<meta name=\"twitter:label2\" content=\"Est. reading time\" \/>\n\t<meta name=\"twitter:data2\" content=\"5 perc\" \/>\n<script type=\"application\/ld+json\" class=\"yoast-schema-graph\">{\"@context\":\"https:\/\/schema.org\",\"@graph\":[{\"@type\":\"WebPage\",\"@id\":\"https:\/\/universofamilia.com\/de\/quien-visita-mi-perfil\/\",\"url\":\"https:\/\/universofamilia.com\/de\/quien-visita-mi-perfil\/\",\"name\":\"\u00bfQui\u00e9n visita mi perfil? Descubre c\u00f3mo saberlo f\u00e1cilmente - Universo Fam\u00edlia\",\"isPartOf\":{\"@id\":\"https:\/\/universofamilia.com\/el\/#website\"},\"primaryImageOfPage\":{\"@id\":\"https:\/\/universofamilia.com\/de\/quien-visita-mi-perfil\/#primaryimage\"},\"image\":{\"@id\":\"https:\/\/universofamilia.com\/de\/quien-visita-mi-perfil\/#primaryimage\"},\"thumbnailUrl\":\"https:\/\/universofamilia.com\/wp-content\/uploads\/sites\/148\/2025\/03\/BLOCO-APP-ARTIGO-2-4.jpg\",\"datePublished\":\"2025-03-11T23:11:57+00:00\",\"dateModified\":\"2025-03-11T23:11:59+00:00\",\"author\":{\"@id\":\"https:\/\/universofamilia.com\/el\/#\/schema\/person\/f07ce98187dd84d31154262e79b3b7ca\"},\"description\":\"\u00bfQui\u00e9n visita mi perfil? Descubre c\u00f3mo saberlo f\u00e1cilmente. \u00bfAlguna vez has sentido una curiosidad enorme por saber qui\u00e9n visita tu perfil...\",\"breadcrumb\":{\"@id\":\"https:\/\/universofamilia.com\/de\/quien-visita-mi-perfil\/#breadcrumb\"},\"inLanguage\":\"hu\",\"potentialAction\":[{\"@type\":\"ReadAction\",\"target\":[\"https:\/\/universofamilia.com\/de\/quien-visita-mi-perfil\/\"]}]},{\"@type\":\"ImageObject\",\"inLanguage\":\"hu\",\"@id\":\"https:\/\/universofamilia.com\/de\/quien-visita-mi-perfil\/#primaryimage\",\"url\":\"https:\/\/universofamilia.com\/wp-content\/uploads\/sites\/148\/2025\/03\/BLOCO-APP-ARTIGO-2-4.jpg\",\"contentUrl\":\"https:\/\/universofamilia.com\/wp-content\/uploads\/sites\/148\/2025\/03\/BLOCO-APP-ARTIGO-2-4.jpg\",\"width\":1080,\"height\":1080,\"caption\":\"\u00bfQui\u00e9n visita mi perfil? Descubre c\u00f3mo saberlo f\u00e1cilmente\"},{\"@type\":\"BreadcrumbList\",\"@id\":\"https:\/\/universofamilia.com\/de\/quien-visita-mi-perfil\/#breadcrumb\",\"itemListElement\":[{\"@type\":\"ListItem\",\"position\":1,\"name\":\"Home\",\"item\":\"https:\/\/universofamilia.com\/el\/\"},{\"@type\":\"ListItem\",\"position\":2,\"name\":\"\u00bfQui\u00e9n visita mi perfil? Descubre c\u00f3mo saberlo f\u00e1cilmente\"}]},{\"@type\":\"WebSite\",\"@id\":\"https:\/\/universofamilia.com\/el\/#website\",\"url\":\"https:\/\/universofamilia.com\/el\/\",\"name\":\"Universo Fam\u00edlia\",\"description\":\"\",\"potentialAction\":[{\"@type\":\"SearchAction\",\"target\":{\"@type\":\"EntryPoint\",\"urlTemplate\":\"https:\/\/universofamilia.com\/el\/?s={search_term_string}\"},\"query-input\":\"required name=search_term_string\"}],\"inLanguage\":\"hu\"},{\"@type\":\"Person\",\"@id\":\"https:\/\/universofamilia.com\/el\/#\/schema\/person\/f07ce98187dd84d31154262e79b3b7ca\",\"name\":\"Pedro Henrique\",\"image\":{\"@type\":\"ImageObject\",\"inLanguage\":\"hu\",\"@id\":\"https:\/\/universofamilia.com\/el\/#\/schema\/person\/image\/\",\"url\":\"https:\/\/secure.gravatar.com\/avatar\/9edfeb808cb4e1599f64d6e45b130154?s=96&d=mm&r=g\",\"contentUrl\":\"https:\/\/secure.gravatar.com\/avatar\/9edfeb808cb4e1599f64d6e45b130154?s=96&d=mm&r=g\",\"caption\":\"Pedro Henrique\"},\"url\":\"https:\/\/universofamilia.com\/hu\/author\/editor01\/\"}]}<\/script>\n<!-- \/ Yoast SEO plugin. -->","yoast_head_json":{"title":"\u00bfQui\u00e9n visita mi perfil? Descubre c\u00f3mo saberlo f\u00e1cilmente - Universo Fam\u00edlia","description":"\u00bfQui\u00e9n visita mi perfil? Descubre c\u00f3mo saberlo f\u00e1cilmente. \u00bfAlguna vez has sentido una curiosidad enorme por saber qui\u00e9n visita tu perfil...","robots":{"index":"index","follow":"follow","max-snippet":"max-snippet:-1","max-image-preview":"max-image-preview:large","max-video-preview":"max-video-preview:-1"},"canonical":"https:\/\/universofamilia.com\/hu\/quien-visita-mi-perfil\/","og_locale":"hu_HU","og_type":"article","og_title":"\u00bfQui\u00e9n visita mi perfil? Descubre c\u00f3mo saberlo f\u00e1cilmente - Universo Fam\u00edlia","og_description":"\u00bfQui\u00e9n visita mi perfil? Descubre c\u00f3mo saberlo f\u00e1cilmente. \u00bfAlguna vez has sentido una curiosidad enorme por saber qui\u00e9n visita tu perfil...","og_url":"https:\/\/universofamilia.com\/hu\/quien-visita-mi-perfil\/","og_site_name":"Universo Fam\u00edlia","article_published_time":"2025-03-11T23:11:57+00:00","article_modified_time":"2025-03-11T23:11:59+00:00","og_image":[{"width":1080,"height":1080,"url":"https:\/\/universofamilia.com\/wp-content\/uploads\/sites\/148\/2025\/03\/BLOCO-APP-ARTIGO-2-4.jpg","type":"image\/jpeg"}],"author":"Pedro Henrique","twitter_card":"summary_large_image","twitter_misc":{"Written by":"Pedro Henrique","Est. reading time":"5 perc"},"schema":{"@context":"https:\/\/schema.org","@graph":[{"@type":"WebPage","@id":"https:\/\/universofamilia.com\/de\/quien-visita-mi-perfil\/","url":"https:\/\/universofamilia.com\/de\/quien-visita-mi-perfil\/","name":"\u00bfQui\u00e9n visita mi perfil? Descubre c\u00f3mo saberlo f\u00e1cilmente - Universo Fam\u00edlia","isPartOf":{"@id":"https:\/\/universofamilia.com\/el\/#website"},"primaryImageOfPage":{"@id":"https:\/\/universofamilia.com\/de\/quien-visita-mi-perfil\/#primaryimage"},"image":{"@id":"https:\/\/universofamilia.com\/de\/quien-visita-mi-perfil\/#primaryimage"},"thumbnailUrl":"https:\/\/universofamilia.com\/wp-content\/uploads\/sites\/148\/2025\/03\/BLOCO-APP-ARTIGO-2-4.jpg","datePublished":"2025-03-11T23:11:57+00:00","dateModified":"2025-03-11T23:11:59+00:00","author":{"@id":"https:\/\/universofamilia.com\/el\/#\/schema\/person\/f07ce98187dd84d31154262e79b3b7ca"},"description":"\u00bfQui\u00e9n visita mi perfil? Descubre c\u00f3mo saberlo f\u00e1cilmente. \u00bfAlguna vez has sentido una curiosidad enorme por saber qui\u00e9n visita tu perfil...","breadcrumb":{"@id":"https:\/\/universofamilia.com\/de\/quien-visita-mi-perfil\/#breadcrumb"},"inLanguage":"hu","potentialAction":[{"@type":"ReadAction","target":["https:\/\/universofamilia.com\/de\/quien-visita-mi-perfil\/"]}]},{"@type":"ImageObject","inLanguage":"hu","@id":"https:\/\/universofamilia.com\/de\/quien-visita-mi-perfil\/#primaryimage","url":"https:\/\/universofamilia.com\/wp-content\/uploads\/sites\/148\/2025\/03\/BLOCO-APP-ARTIGO-2-4.jpg","contentUrl":"https:\/\/universofamilia.com\/wp-content\/uploads\/sites\/148\/2025\/03\/BLOCO-APP-ARTIGO-2-4.jpg","width":1080,"height":1080,"caption":"\u00bfQui\u00e9n visita mi perfil? Descubre c\u00f3mo saberlo f\u00e1cilmente"},{"@type":"BreadcrumbList","@id":"https:\/\/universofamilia.com\/de\/quien-visita-mi-perfil\/#breadcrumb","itemListElement":[{"@type":"ListItem","position":1,"name":"Home","item":"https:\/\/universofamilia.com\/el\/"},{"@type":"ListItem","position":2,"name":"\u00bfQui\u00e9n visita mi perfil? Descubre c\u00f3mo saberlo f\u00e1cilmente"}]},{"@type":"WebSite","@id":"https:\/\/universofamilia.com\/el\/#website","url":"https:\/\/universofamilia.com\/el\/","name":"Universo Fam\u00edlia","description":"","potentialAction":[{"@type":"SearchAction","target":{"@type":"EntryPoint","urlTemplate":"https:\/\/universofamilia.com\/el\/?s={search_term_string}"},"query-input":"required name=search_term_string"}],"inLanguage":"hu"},{"@type":"Person","@id":"https:\/\/universofamilia.com\/el\/#\/schema\/person\/f07ce98187dd84d31154262e79b3b7ca","name":"Pedro Henrique","image":{"@type":"ImageObject","inLanguage":"hu","@id":"https:\/\/universofamilia.com\/el\/#\/schema\/person\/image\/","url":"https:\/\/secure.gravatar.com\/avatar\/9edfeb808cb4e1599f64d6e45b130154?s=96&d=mm&r=g","contentUrl":"https:\/\/secure.gravatar.com\/avatar\/9edfeb808cb4e1599f64d6e45b130154?s=96&d=mm&r=g","caption":"Pedro Henrique"},"url":"https:\/\/universofamilia.com\/hu\/author\/editor01\/"}]}},"_links":{"self":[{"href":"https:\/\/universofamilia.com\/hu\/wp-json\/wp\/v2\/posts\/8952"}],"collection":[{"href":"https:\/\/universofamilia.com\/hu\/wp-json\/wp\/v2\/posts"}],"about":[{"href":"https:\/\/universofamilia.com\/hu\/wp-json\/wp\/v2\/types\/post"}],"author":[{"embeddable":true,"href":"https:\/\/universofamilia.com\/hu\/wp-json\/wp\/v2\/users\/139"}],"replies":[{"embeddable":true,"href":"https:\/\/universofamilia.com\/hu\/wp-json\/wp\/v2\/comments?post=8952"}],"version-history":[{"count":1,"href":"https:\/\/universofamilia.com\/hu\/wp-json\/wp\/v2\/posts\/8952\/revisions"}],"predecessor-version":[{"id":8955,"href":"https:\/\/universofamilia.com\/hu\/wp-json\/wp\/v2\/posts\/8952\/revisions\/8955"}],"wp:featuredmedia":[{"embeddable":true,"href":"https:\/\/universofamilia.com\/hu\/wp-json\/wp\/v2\/media\/8954"}],"wp:attachment":[{"href":"https:\/\/universofamilia.com\/hu\/wp-json\/wp\/v2\/media?parent=8952"}],"wp:term":[{"taxonomy":"category","embeddable":true,"href":"https:\/\/universofamilia.com\/hu\/wp-json\/wp\/v2\/categories?post=8952"},{"taxonomy":"post_tag","embeddable":true,"href":"https:\/\/universofamilia.com\/hu\/wp-json\/wp\/v2\/tags?post=8952"}],"curies":[{"name":"wp","href":"https:\/\/api.w.org\/{rel}","templated":true}]}}