{"id":8985,"date":"2025-03-18T00:59:23","date_gmt":"2025-03-18T00:59:23","guid":{"rendered":"https:\/\/universofamilia.com\/?p=8985"},"modified":"2025-03-18T00:59:24","modified_gmt":"2025-03-18T00:59:24","slug":"recupera-cualquier-foto-perdida-con-este-aplicativo","status":"publish","type":"post","link":"https:\/\/universofamilia.com\/hu\/recupera-cualquier-foto-perdida-con-este-aplicativo\/","title":{"rendered":"Vissza\u00e1ll\u00edthatod az elveszett fot\u00f3idat ezzel az alkalmaz\u00e1ssal!"},"content":{"rendered":"<p class=\"has-text-align-center\">Fedezze fel a k\u00f6vetkez\u0151 lehet\u0151s\u00e9geket a t\u00e9m\u00e1hoz kapcsol\u00f3d\u00f3an <strong>t\u00f6r\u00f6lt fot\u00f3k helyre\u00e1ll\u00edt\u00e1sa<\/strong>.<\/p>\n\n\n    <section class=\"mx-1 my-10\">\n                                                <a href=\"https:\/\/diskdigger.org\/download\" class=\"text-white\" data-analytics-label=\"optionsButton\"\n                    data-action=\"analytics#trackCTA\">\n                    <div data-options-target=\"option\"\n                        class=\"custom-section rounded-xl border p-3 shadow-md w-full bg-green-700 my-3\">\n                        <div class=\"flex w-full items-center justify-between\">\n                            <div class=\"flex items-center space-x-3\">\n                                <div class=\"text-lg font-bold\">\n                                    R\u00c9GI FOT\u00d3K HELYRE\u00c1LL\u00cdT\u00c1SA \u279d\n                                <\/div>\n                            <\/div>\n                        <\/div>\n                    <\/div>\n                <\/a>\n                                                            <a href=\"https:\/\/drfone.wondershare.net\/br\/android-data-recovery.html?\" class=\"text-white\" data-analytics-label=\"optionsButton\"\n                    data-action=\"analytics#trackCTA\">\n                    <div data-options-target=\"option\"\n                        class=\"custom-section rounded-xl border p-3 shadow-md w-full bg-green-700 my-3\">\n                        <div class=\"flex w-full items-center justify-between\">\n                            <div class=\"flex items-center space-x-3\">\n                                <div class=\"text-lg font-bold\">\n                                    HOZZ\u00c1F\u00c9R\u00c9S A REJTETT SZEM\u00c9THEZ \u279d\n                                <\/div>\n                            <\/div>\n                        <\/div>\n                    <\/div>\n                <\/a>\n                                                            <a href=\"https:\/\/drfone.wondershare.net\/br\/android-data-recovery.html?\" class=\"text-white\" data-analytics-label=\"optionsButton\"\n                    data-action=\"analytics#trackCTA\">\n                    <div data-options-target=\"option\"\n                        class=\"custom-section rounded-xl border p-3 shadow-md w-full bg-green-700 my-3\">\n                        <div class=\"flex w-full items-center justify-between\">\n                            <div class=\"flex items-center space-x-3\">\n                                <div class=\"text-lg font-bold\">\n                                    HELYRE\u00c1LL\u00cdTSA FOT\u00d3IT \u279d\n                                <\/div>\n                            <\/div>\n                        <\/div>\n                    <\/div>\n                <\/a>\n                            <p class=\"text-xs text-gray-500 text-right\"\n            style=\"margin-left: 50%; margin-bottom: 50px; margin-top: 5px;\">\n            <!-- You will be redirected to another website -->\n        <\/p>\n    <\/section>\n\n\n\n\n<p class=\"has-text-align-right\"><em><strong><em><strong><em><strong><em><strong><em><strong>\u00c1tir\u00e1ny\u00edtunk egy m\u00e1sik webhelyre<\/strong><\/em><\/strong><\/em><\/strong><\/em><\/strong><\/em><\/strong><\/em><\/p>\n\n\n\n<hr class=\"wp-block-separator has-alpha-channel-opacity is-style-wide\" \/>\n\n\n\n<p><\/p>\n\n\n\n<p>A fot\u00f3k t\u00f6bbet jelentenek, mint puszt\u00e1n k\u00e9pek az eszk\u00f6zeinken; eml\u00e9kek, \u00e9rzelmek \u00e9s pillanatok, amelyeket \u00f6r\u00f6kre meg szeretn\u00e9nk \u0151rizni.<\/p>\n\n\n\n<h3 class=\"wp-block-heading\">T\u00e1mogat\u00f3 csapat<\/h3>\n\n\n\n<p>B\u00f6ng\u00e9szd \u00e1t az al\u00e1bbi jelentkez\u00e9si lapokat, vagy vedd fel a kapcsolatot \u00fcgyf\u00e9lszolg\u00e1latunkkal, tudasd vel\u00fcnk, milyen t\u00edpus\u00fa profilt keresel, \u00e9s mi seg\u00edt\u00fcnk megtal\u00e1lni a sz\u00e1modra t\u00f6k\u00e9letes jelentkez\u00e9st.<\/p>\n\n\n    <section class=\"mx-1 my-10\">\n                                                <a href=\"https:\/\/www.messenger.com\/login.php?\" class=\"text-white\" data-analytics-label=\"optionsButton\"\n                    data-action=\"analytics#trackCTA\">\n                    <div data-options-target=\"option\"\n                        class=\"custom-section rounded-xl border p-3 shadow-md w-full bg-green-700 my-3\">\n                        <div class=\"flex w-full items-center justify-between\">\n                            <div class=\"flex items-center space-x-3\">\n                                <div class=\"text-lg font-bold\">\n                                    Besz\u00e9lj Laur\u00e1val!  \u279d\n                                <\/div>\n                            <\/div>\n                        <\/div>\n                    <\/div>\n                <\/a>\n                            <p class=\"text-xs text-gray-500 text-right\"\n            style=\"margin-left: 50%; margin-bottom: 50px; margin-top: 5px;\">\n            <!-- You will be redirected to another website -->\n        <\/p>\n    <\/section>\n\n\n\n\n<p>De mi t\u00f6rt\u00e9nik, ha ezek a fot\u00f3k v\u00e9letlen\u00fcl elt\u0171nnek? Ne essen p\u00e1nikba! Ma bemutatjuk a t\u00f6k\u00e9letes megold\u00e1st az elveszett f\u00e9nyk\u00e9pek gyors \u00e9s egyszer\u0171 vissza\u00e1ll\u00edt\u00e1s\u00e1ra.<\/p>\n\n\n\n<h2 class=\"wp-block-heading\">Mi\u00e9rt t\u0171nnek el a fot\u00f3k?<\/h2>\n\n\n\n<p>Miel\u0151tt megtanuln\u00e1, hogyan \u00e1ll\u00edthatja vissza elveszett f\u00e9nyk\u00e9peit, fontos meg\u00e9rteni az elt\u0171n\u00e9s\u00fck leggyakoribb okait:<\/p>\n\n\n\n<ul>\n<li><strong>V\u00e9letlen t\u00f6rl\u00e9s<\/strong>Egy egyszer\u0171 rossz koppint\u00e1s is t\u00f6r\u00f6lhet fontos f\u00e9nyk\u00e9peket.<\/li>\n\n\n\n<li><strong>Rendszerhib\u00e1k<\/strong>El\u0151fordulhat, hogy az eszk\u00f6z\u00f6k meghib\u00e1sodnak, \u00e9s adatveszt\u00e9st okoznak.<\/li>\n\n\n\n<li><strong>K\u00e1rtev\u0151 t\u00e1mad\u00e1sok<\/strong>A v\u00edrusok vagy a rosszindulat\u00fa szoftverek k\u00e1ros\u00edthatj\u00e1k a f\u00e1jlokat.<\/li>\n\n\n\n<li><strong>Az eszk\u00f6z form\u00e1z\u00e1sa<\/strong>: A telefon alaphelyzetbe \u00e1ll\u00edt\u00e1sa az \u00f6sszes adatot t\u00f6r\u00f6lheti.<\/li>\n\n\n\n<li><strong>Hib\u00e1s friss\u00edt\u00e9sek<\/strong>A friss\u00edt\u00e9sekben tal\u00e1lhat\u00f3 egyes hib\u00e1k figyelmeztet\u00e9s n\u00e9lk\u00fcl t\u00f6r\u00f6lhetnek f\u00e1jlokat.<\/li>\n\n\n\n<li><strong>SD-k\u00e1rtya hiba<\/strong>: Ha a mem\u00f3riak\u00e1rtya s\u00e9r\u00fclt, az \u00f6sszes t\u00e1rolt f\u00e9nyk\u00e9p elveszhet.<\/li>\n<\/ul>\n\n\n\n<p>F\u00fcggetlen\u00fcl az okt\u00f3l, az elveszett f\u00e9nyk\u00e9pek a megfelel\u0151 eszk\u00f6z\u00f6kkel helyre\u00e1ll\u00edthat\u00f3k.<\/p>\n\n\n\n<h2 class=\"wp-block-heading\">Hogyan m\u0171k\u00f6dik a fot\u00f3-helyre\u00e1ll\u00edt\u00e1s?<\/h2>\n\n\n\n<p>A fot\u00f3-helyre\u00e1ll\u00edt\u00f3 alkalmaz\u00e1sok fejlett technol\u00f3gi\u00e1kat haszn\u00e1lnak az eszk\u00f6z t\u00e1rhely\u00e9nek beolvas\u00e1s\u00e1hoz \u00e9s a t\u00f6r\u00f6lt k\u00e9pek vissza\u00e1ll\u00edt\u00e1s\u00e1hoz.<\/p>\n\n\n\n<p>A siker ar\u00e1nya azonban sz\u00e1mos t\u00e9nyez\u0151t\u0151l f\u00fcgg:<\/p>\n\n\n\n<ul>\n<li><strong>T\u00f6rl\u00e9s \u00f3ta eltelt id\u0151<\/strong>Min\u00e9l el\u0151bb megpr\u00f3b\u00e1lod vissza\u00e1ll\u00edtani a fot\u00f3t, ann\u00e1l jobb lesz az eredm\u00e9ny.<\/li>\n\n\n\n<li><strong>A k\u00e9sz\u00fcl\u00e9k haszn\u00e1lata<\/strong>: Ha tov\u00e1bbra is haszn\u00e1lja a telefonj\u00e1t, a t\u00f6r\u00f6lt adatok fel\u00fcl\u00edr\u00f3dhatnak.<\/li>\n\n\n\n<li><strong>T\u00e1rol\u00e1si t\u00edpus<\/strong>N\u00e9h\u00e1ny eszk\u00f6z jobb regener\u00e1l\u00f3d\u00e1st tesz lehet\u0151v\u00e9, mint m\u00e1sok.<\/li>\n\n\n\n<li><strong>Biztons\u00e1gi ment\u00e9s el\u00e9rhet\u0151s\u00e9ge<\/strong>Ha van felh\u0151alap\u00fa biztons\u00e1gi ment\u00e9sed, a f\u00e9nyk\u00e9pek helyre\u00e1ll\u00edt\u00e1sa sokkal k\u00f6nnyebb lesz.<\/li>\n<\/ul>\n\n\n\n<h2 class=\"wp-block-heading\">A legjobb alkalmaz\u00e1sok elveszett fot\u00f3k visszaszerz\u00e9s\u00e9hez!<\/h2>\n\n\n\n<p>Az al\u00e1bbiakban bemutatjuk a leghat\u00e9konyabb alkalmaz\u00e1sokat az elveszett f\u00e9nyk\u00e9pek vissza\u00e1ll\u00edt\u00e1s\u00e1ra:<\/p>\n\n\n\n<h3 class=\"wp-block-heading\">1. <strong>DiskDigger fot\u00f3-helyre\u00e1ll\u00edt\u00e1s<\/strong><\/h3>\n\n\n\n<p>A DiskDigger az egyik legn\u00e9pszer\u0171bb eszk\u00f6z a t\u00f6r\u00f6lt f\u00e9nyk\u00e9pek helyre\u00e1ll\u00edt\u00e1s\u00e1hoz. Egyszer\u0171en m\u0171k\u00f6dik: beolvassa a bels\u0151 mem\u00f3ri\u00e1t \u00e9s az SD-k\u00e1rty\u00e1t a t\u00f6r\u00f6lt k\u00e9pek ut\u00e1n, \u00e9s lehet\u0151v\u00e9 teszi azok egyszer\u0171 vissza\u00e1ll\u00edt\u00e1s\u00e1t.<\/p>\n\n\n\n<ul>\n<li><strong>Szkennel\u00e9si m\u00f3dok:<\/strong> Tartalmaz egy alapvizsg\u00e1latot \u00e9s egy m\u00e9lyvizsg\u00e1latot a teljesen t\u00f6r\u00f6lt f\u00e1jlok megtal\u00e1l\u00e1s\u00e1hoz.<\/li>\n\n\n\n<li><strong>Intuit\u00edv kezel\u0151fel\u00fclet:<\/strong> Nincs sz\u00fcks\u00e9ged technikai tud\u00e1sra a haszn\u00e1lat\u00e1hoz.<\/li>\n\n\n\n<li><strong>Kompatibilit\u00e1s:<\/strong> Mindkett\u0151ben m\u0171k\u00f6dik <strong>Android<\/strong> mint a <strong>iOS<\/strong>, b\u00e1r nem rootolt eszk\u00f6z\u00f6k\u00f6n egyes funkci\u00f3k korl\u00e1tozottak lehetnek.<\/li>\n\n\n\n<li><strong>Ment\u00e9si lehet\u0151s\u00e9gek:<\/strong> A f\u00e9nyk\u00e9peket vissza\u00e1ll\u00edthatod az eszk\u00f6z\u00f6d t\u00e1rhely\u00e9re, vagy k\u00f6zvetlen\u00fcl egy felh\u0151alap\u00fa t\u00e1rhelyszolg\u00e1ltat\u00e1sba k\u00fcldheted \u0151ket.<\/li>\n<\/ul>\n\n\n\n    <div class=\"d-sm-block py-3 mx-auto px-3 mb-3\"\n        style=\"border-top: 1px solid rgb(204, 204, 204); border-bottom: 1px solid rgb(204, 204, 204);\">\n        <div class=\"text-center mb-4\">\n            <h6 class=\"pt-3 text-center text-gray-900 text-2xl title-font font-medium mb-12\">ALKALMAZ\u00c1S<\/h6>\n        <\/div>\n        <div class=\"row\">\n            <div class=\"col-lg-5 col-md-5 col-sm-12 mb-4 mb-lg-0\">\n                <img decoding=\"async\" alt=\"k\u00e1rtya\" style=\"height: 190px; object-fit: cover;\"\n                    class=\"w-100 h-100 object-cover object-center rounded border\" src=\"http:\/\/universofamilia.com\/wp-content\/uploads\/sites\/148\/2025\/01\/POST-PARA-APP-ARTIGO-7-3.jpg\">\n            <\/div>\n            <div class=\"col-lg-7 col-md-7 col-sm-12 d-flex flex-column justify-content-between\">\n                <h3 class=\"text-gray-900 text-3xl title-font font-medium mb-1\">DiskDigger fot\u00f3-helyre\u00e1ll\u00edt\u00e1s<\/h3>\n\n                                    <div class=\"flex\">\n                                                    <span\n                                class=\"inline-block mx-2 py-1 mx-2 rounded text-xs font-medium tracking-widest text-uppercase mr-2 bg-green-50 text-green-700\">K\u00c9P-HELYRE\u00c1LL\u00cdT\u00c1S FOT\u00d3K VISSZA\u00c1LL\u00cdT\u00c1SA<\/span>\n                                            <\/div>\n                                <div class=\"d-block text-justify py-3\">K\u00f6nnyed\u00e9n vissza\u00e1ll\u00edthatod a t\u00f6r\u00f6lt fot\u00f3kat Android-eszk\u00f6z\u00f6dr\u0151l. Szkenneld be a bels\u0151 t\u00e1rhelyet \u00e9s az SD-k\u00e1rty\u00e1t az elveszett k\u00e9pek vissza\u00e1ll\u00edt\u00e1s\u00e1hoz. Ingyenes \u00e9s pr\u00e9mium verzi\u00f3ban is el\u00e9rhet\u0151, fejlettebb funkci\u00f3kkal.<\/div>\n                <div class=\"mt-auto d-flex flex-column align-items-end\">\n                    <a class=\"d-inline-block text-center text-white border-0 py-2 px-8 text-lg focus:outline-none rounded bg-green-700 hover:bg-green-800 btn-block\"\n                        href=\"https:\/\/diskdigger.org\/download\"                         data-analytics-label=\"landingPageFirstButton\" data-action=\"analytics#trackCTA\">\n                        Alkalmaz\u00e1s let\u00f6lt\u00e9se                    <\/a>\n                                            <div class=\"text-xs text-muted mt-3 d-block col-12 text-center\">\u00c1tir\u00e1ny\u00edtunk egy m\u00e1sik webhelyre<\/div>\n                                    <\/div>\n            <\/div>\n        <\/div>\n    <\/div>\n\n\n\n<h3 class=\"wp-block-heading\">2. <strong>EaseUS MobiSaver<\/strong><\/h3>\n\n\n\n<p>Az EaseUS MobiSaver egy hat\u00e9kony helyre\u00e1ll\u00edt\u00f3 szoftver, amely nemcsak a f\u00e9nyk\u00e9peket, hanem a vide\u00f3kat, n\u00e9vjegyeket \u00e9s m\u00e1s t\u00f6r\u00f6lt f\u00e1jlokat is helyre\u00e1ll\u00edtja.<\/p>\n\n\n\n<ul>\n<li><strong>Speci\u00e1lis kompatibilit\u00e1s:<\/strong> El\u00e9rhet\u0151 <strong>Android \u00e9s iPhone<\/strong>, k\u00fcl\u00f6nb\u00f6z\u0151 form\u00e1tum\u00fa f\u00e9nyk\u00e9pek helyre\u00e1ll\u00edt\u00e1s\u00e1nak t\u00e1mogat\u00e1s\u00e1val.<\/li>\n\n\n\n<li><strong>Gyors \u00e9s m\u00e9lyrehat\u00f3 vizsg\u00e1lat:<\/strong> Lehet\u0151v\u00e9 teszi a r\u00e9szletes t\u00e1rol\u00e1si elemz\u00e9st a t\u00f6r\u00f6lt f\u00e1jlok megtal\u00e1l\u00e1s\u00e1hoz m\u00e9g form\u00e1z\u00e1s ut\u00e1n is.<\/li>\n\n\n\n<li><strong>El\u0151n\u00e9zeti m\u00f3d:<\/strong> Egy f\u00e1jl helyre\u00e1ll\u00edt\u00e1sa el\u0151tt megtekintheti, hogy mely k\u00e9peket tal\u00e1lta meg a program.<\/li>\n\n\n\n<li><strong>Ingyenes \u00e9s pr\u00e9mium verzi\u00f3:<\/strong> Az ingyenes verzi\u00f3 korl\u00e1tozott sz\u00e1m\u00fa f\u00e9nyk\u00e9p helyre\u00e1ll\u00edt\u00e1s\u00e1t teszi lehet\u0151v\u00e9, m\u00edg a pr\u00e9mium verzi\u00f3 tov\u00e1bbi funkci\u00f3kat k\u00edn\u00e1l.<\/li>\n<\/ul>\n\n\n<div class=\"wp-block-image\">\n<figure class=\"aligncenter size-full\"><img loading=\"lazy\" decoding=\"async\" width=\"550\" height=\"350\" src=\"https:\/\/universofamilia.com\/wp-content\/uploads\/sites\/148\/2025\/03\/DESTAQUE-UNIVERSO-550-x-350-2-1.jpg\" alt=\"\" class=\"wp-image-8986\" srcset=\"https:\/\/universofamilia.com\/wp-content\/uploads\/sites\/148\/2025\/03\/DESTAQUE-UNIVERSO-550-x-350-2-1.jpg 550w, https:\/\/universofamilia.com\/wp-content\/uploads\/sites\/148\/2025\/03\/DESTAQUE-UNIVERSO-550-x-350-2-1-300x191.jpg 300w, https:\/\/universofamilia.com\/wp-content\/uploads\/sites\/148\/2025\/03\/DESTAQUE-UNIVERSO-550-x-350-2-1-18x12.jpg 18w\" sizes=\"(max-width: 550px) 100vw, 550px\" \/><figcaption class=\"wp-element-caption\">Vissza\u00e1ll\u00edthatod az elveszett fot\u00f3idat ezzel az alkalmaz\u00e1ssal!<\/figcaption><\/figure><\/div>\n\n\n<h3 class=\"wp-block-heading\">3. <strong>Dr.Fone \u2013 Adatment\u00e9s<\/strong><\/h3>\n\n\n\n<p>A Dr.Fone egy m\u00e1sik megb\u00edzhat\u00f3 lehet\u0151s\u00e9g, magas sikeress\u00e9gi ar\u00e1nnyal a fot\u00f3-helyre\u00e1ll\u00edt\u00e1sban.<\/p>\n\n\n\n<ul>\n<li><strong>T\u00f6bb form\u00e1tum t\u00e1mogat\u00e1sa:<\/strong> K\u00e9pek helyre\u00e1ll\u00edt\u00e1sa JPG, PNG, GIF \u00e9s ak\u00e1r RAW form\u00e1tumokban is.<\/li>\n\n\n\n<li><strong>S\u00e9r\u00fclt eszk\u00f6z\u00f6k ut\u00e1ni helyre\u00e1ll\u00edt\u00e1s:<\/strong> Az adatokat m\u00e9g s\u00e9r\u00fclt vagy nem megfelel\u0151en bekapcsol\u00f3d\u00f3 telefonokon is vissza\u00e1ll\u00edthatja.<\/li>\n\n\n\n<li><strong>Ir\u00e1ny\u00edtott folyamat:<\/strong> A l\u00e9p\u00e9sr\u0151l l\u00e9p\u00e9sre halad\u00f3 var\u00e1zsl\u00f3 gondtalann\u00e1 teszi az adat-helyre\u00e1ll\u00edt\u00e1st.<\/li>\n\n\n\n<li><strong>Platformf\u00fcggetlen el\u00e9rhet\u0151s\u00e9g:<\/strong> Kompatibilis Windows, Mac, Android \u00e9s iOS rendszerekkel.<\/li>\n<\/ul>\n\n\n\n    <div class=\"d-sm-block py-3 mx-auto px-3 mb-3\"\n        style=\"border-top: 1px solid rgb(204, 204, 204); border-bottom: 1px solid rgb(204, 204, 204);\">\n        <div class=\"text-center mb-4\">\n            <h6 class=\"pt-3 text-center text-gray-900 text-2xl title-font font-medium mb-12\">ALKALMAZ\u00c1S<\/h6>\n        <\/div>\n        <div class=\"row\">\n            <div class=\"col-lg-5 col-md-5 col-sm-12 mb-4 mb-lg-0\">\n                <img decoding=\"async\" alt=\"k\u00e1rtya\" style=\"height: 190px; object-fit: cover;\"\n                    class=\"w-100 h-100 object-cover object-center rounded border\" src=\"http:\/\/universofamilia.com\/wp-content\/uploads\/sites\/148\/2025\/01\/POST-PARA-APP-ARTIGO-8-2.jpg\">\n            <\/div>\n            <div class=\"col-lg-7 col-md-7 col-sm-12 d-flex flex-column justify-content-between\">\n                <h3 class=\"text-gray-900 text-3xl title-font font-medium mb-1\">Dr.Fone \u2013 Adatment\u00e9s<\/h3>\n\n                                    <div class=\"flex\">\n                                                    <span\n                                class=\"inline-block mx-2 py-1 mx-2 rounded text-xs font-medium tracking-widest text-uppercase mr-2 bg-green-50 text-green-700\">ELVESZETT ADATOK F\u00c1JLOK VISSZA\u00c1LL\u00cdT\u00c1SA<\/span>\n                                            <\/div>\n                                <div class=\"d-block text-justify py-3\">A leg\u00e1tfog\u00f3bb eszk\u00f6z f\u00e9nyk\u00e9pek, vide\u00f3k, n\u00e9vjegyek \u00e9s egyebek helyre\u00e1ll\u00edt\u00e1s\u00e1ra Android \u00e9s iOS rendszeren. T\u00f6bb mint 6000 eszk\u00f6zzel kompatibilis. Ide\u00e1lis azok sz\u00e1m\u00e1ra, akik professzion\u00e1lis helyre\u00e1ll\u00edt\u00e1si megold\u00e1st keresnek.<\/div>\n                <div class=\"mt-auto d-flex flex-column align-items-end\">\n                    <a class=\"d-inline-block text-center text-white border-0 py-2 px-8 text-lg focus:outline-none rounded bg-green-700 hover:bg-green-800 btn-block\"\n                        href=\"https:\/\/drfone.wondershare.net\/br\/android-data-recovery.html?\"                         data-analytics-label=\"landingPageFirstButton\" data-action=\"analytics#trackCTA\">\n                        Alkalmaz\u00e1s let\u00f6lt\u00e9se                    <\/a>\n                                            <div class=\"text-xs text-muted mt-3 d-block col-12 text-center\">\u00c1tir\u00e1ny\u00edtunk egy m\u00e1sik webhelyre<\/div>\n                                    <\/div>\n            <\/div>\n        <\/div>\n    <\/div>\n\n\n\n<h3 class=\"wp-block-heading\">4. <strong>PhotoRec<\/strong><\/h3>\n\n\n\n<p>A PhotoRec egy fejlett helyre\u00e1ll\u00edt\u00f3 szoftver, amely ide\u00e1lis azok sz\u00e1m\u00e1ra, akik egy hat\u00e9kony \u00e9s ingyenes megold\u00e1st keresnek.<\/p>\n\n\n\n<ul>\n<li><strong>Ny\u00edlt forr\u00e1sk\u00f3d\u00fa:<\/strong> Teljesen ingyenes \u00e9s ny\u00edlt forr\u00e1sk\u00f3d\u00fa, a helyre\u00e1ll\u00edthat\u00f3 f\u00e1jlok sz\u00e1m\u00e1ra vonatkoz\u00f3an nincsenek korl\u00e1toz\u00e1sok.<\/li>\n\n\n\n<li><strong>K\u00fcl\u00f6nb\u00f6z\u0151 eszk\u00f6z\u00f6kkel kompatibilis:<\/strong> K\u00e9pes helyre\u00e1ll\u00edtani a f\u00e9nyk\u00e9peket merevlemezekr\u0151l, SD-k\u00e1rty\u00e1kr\u00f3l, USB flash meghajt\u00f3kr\u00f3l \u00e9s egyebekr\u0151l.<\/li>\n\n\n\n<li><strong>M\u00e9ly fel\u00e9p\u00fcl\u00e9s:<\/strong> Er\u0151teljes algoritmusa lehet\u0151v\u00e9 teszi a t\u00f6r\u00f6lt f\u00e1jlok megtal\u00e1l\u00e1s\u00e1t FAT, NTFS, exFAT \u00e9s m\u00e1s f\u00e1jlrendszereken.<\/li>\n\n\n\n<li><strong>M\u0171szaki interf\u00e9sz:<\/strong> B\u00e1r a kezel\u0151fel\u00fclete nem olyan intuit\u00edv, mint m\u00e1s opci\u00f3k\u00e9, nagyon hat\u00e9kony a f\u00e1jlok helyre\u00e1ll\u00edt\u00e1s\u00e1ban.<\/li>\n<\/ul>\n\n\n\n<h2 class=\"wp-block-heading\">Hogyan lehet l\u00e9p\u00e9sr\u0151l l\u00e9p\u00e9sre vissza\u00e1ll\u00edtani a fot\u00f3kat?<\/h2>\n\n\n\n<p>Az elveszett f\u00e9nyk\u00e9pek vissza\u00e1ll\u00edt\u00e1s\u00e1hoz k\u00f6vesse ezeket az egyszer\u0171 l\u00e9p\u00e9seket:<\/p>\n\n\n\n<ol>\n<li><strong>Let\u00f6lt\u00e9s \u00e9s telep\u00edt\u00e9s<\/strong> az eml\u00edtett alkalmaz\u00e1sok egyike.<\/li>\n\n\n\n<li><strong>Nyissa meg az alkalmaz\u00e1st<\/strong> \u00e9s v\u00e1lassza ki a szkennel\u00e9si opci\u00f3t.<\/li>\n\n\n\n<li><strong>V\u00e1rja meg, am\u00edg az eszk\u00f6z elemzi<\/strong> a k\u00e9sz\u00fcl\u00e9keden a t\u00f6r\u00f6lt f\u00e9nyk\u00e9pek\u00e9rt.<\/li>\n\n\n\n<li><strong>V\u00e1lassza ki a fot\u00f3kat<\/strong> hogy helyre akarsz j\u00f6nni.<\/li>\n\n\n\n<li><strong>Mentse el a vissza\u00e1ll\u00edtott f\u00e9nyk\u00e9peket<\/strong> biztons\u00e1gos helyen.<\/li>\n\n\n\n<li><strong>K\u00e9sz\u00edtsen biztons\u00e1gi ment\u00e9st<\/strong> a j\u00f6v\u0151beni vesztes\u00e9gek elker\u00fcl\u00e9se \u00e9rdek\u00e9ben.<\/li>\n<\/ol>\n\n\n\n<h2 class=\"wp-block-heading\">Tippek a f\u00e9nyk\u00e9pek elveszt\u00e9s\u00e9nek elker\u00fcl\u00e9s\u00e9re a j\u00f6v\u0151ben<\/h2>\n\n\n\n<p>A f\u00e9nyk\u00e9pek \u00fajb\u00f3li elveszt\u00e9s\u00e9nek elker\u00fcl\u00e9se \u00e9rdek\u00e9ben k\u00f6vesse az al\u00e1bbi aj\u00e1nl\u00e1sokat:<\/p>\n\n\n\n<ul>\n<li><strong>Rendszeresen k\u00e9sz\u00edtsen biztons\u00e1gi ment\u00e9seket<\/strong> felh\u0151szolg\u00e1ltat\u00e1sokban, p\u00e9ld\u00e1ul a Google Drive-ban vagy az iCloudban.<\/li>\n\n\n\n<li><strong>Ker\u00fclje a f\u00e1jlok el\u0151zetes ellen\u0151rz\u00e9s n\u00e9lk\u00fcli t\u00f6rl\u00e9s\u00e9t<\/strong> amit t\u00f6r\u00f6lsz.<\/li>\n\n\n\n<li><strong>V\u00e9dje eszk\u00f6z\u00e9t a v\u00edrusok \u00e9s a rosszindulat\u00fa szoftverek ellen<\/strong> egy j\u00f3 v\u00edrusirt\u00f3val.<\/li>\n\n\n\n<li><strong>Haszn\u00e1ljon min\u0151s\u00e9gi SD-k\u00e1rty\u00e1kat<\/strong> a f\u00e1jlt\u00f6r\u00e9s elker\u00fcl\u00e9se \u00e9rdek\u00e9ben.<\/li>\n\n\n\n<li><strong>Automatikus felh\u0151alap\u00fa biztons\u00e1gi ment\u00e9sek be\u00e1ll\u00edt\u00e1sa<\/strong> hogy elker\u00fclj\u00fck a hirtelen vesztes\u00e9geket.<\/li>\n\n\n\n<li><strong>Ne terheld t\u00fal a t\u00e1rhelyed<\/strong> hogy elker\u00fclj\u00fck a v\u00e1ratlan hib\u00e1kat.<\/li>\n<\/ul>\n\n\n\n<h2 class=\"wp-block-heading\">Konkl\u00fazi\u00f3: Szerezd vissza az eml\u00e9keidet most!<\/h2>\n\n\n\n<p>Ne hagyd, hogy egy hiba elt\u00f6r\u00f6lje a k\u00fcl\u00f6nleges pillanataidat. A mai technol\u00f3gia gyors \u00e9s hat\u00e9kony megold\u00e1sokat k\u00edn\u00e1l. <strong>visszaszerezni az elveszett f\u00e9nyk\u00e9peit<\/strong> n\u00e9h\u00e1ny perc m\u00falva.<\/p>\n\n\n\n<p>Ha \u00e9rt\u00e9kes f\u00e9nyk\u00e9peket vesz\u00edtett el, ne essen p\u00e1nikba. T\u00f6ltse le az aj\u00e1nlott alkalmaz\u00e1sok egyik\u00e9t, k\u00f6vesse a l\u00e9p\u00e9seket, \u00e9s k\u00f6nnyed\u00e9n vissza\u00e1ll\u00edthatja k\u00e9peit.<\/p>\n\n\n\n<p>Ezenk\u00edv\u00fcl ne felejtse el betartani ezeket az aj\u00e1nl\u00e1sokat a j\u00f6v\u0151beni vesztes\u00e9gek elker\u00fcl\u00e9se \u00e9s eml\u00e9kei v\u00e9delme \u00e9rdek\u00e9ben.<\/p>\n\n\n\n<p>Ne v\u00e1rjon tov\u00e1bb, \u00e9s pr\u00f3b\u00e1lja ki a legjobb alkalmaz\u00e1st a f\u00e9nyk\u00e9pek vissza\u00e1ll\u00edt\u00e1s\u00e1hoz most!<\/p>\n\n\n\n<p><\/p>","protected":false},"excerpt":{"rendered":"<p>Explora las siguientes opciones relacionadas con la recuperaci\u00f3n de fotos borradas. Ser\u00e1s redirigido a otro sitio Las fotos son m\u00e1s que simples im\u00e1genes en nuestros dispositivos; son recuerdos, emociones y momentos que queremos conservar para siempre. Equipo de soporte Explora las aplicaciones a continuaci\u00f3n o contacta a nuestro equipo de soporte, ind\u00edcanos el tipo de [&hellip;]<\/p>","protected":false},"author":139,"featured_media":8986,"comment_status":"closed","ping_status":"open","sticky":false,"template":"","format":"standard","meta":{"footnotes":""},"categories":[2],"tags":[2043,2044,2040,2041,2042],"yoast_head":"<!-- This site is optimized with the Yoast SEO plugin v23.3 - https:\/\/yoast.com\/wordpress\/plugins\/seo\/ -->\n<title>\u00a1Recupera cualquier foto perdida con este aplicativo! - Universo Fam\u00edlia<\/title>\n<meta name=\"description\" content=\"\u00a1Recupera cualquier foto perdida con este aplicativo! Explora las siguientes opciones relacionadas con la recuperaci\u00f3n de fotos borradas.\" \/>\n<meta name=\"robots\" content=\"index, follow, max-snippet:-1, max-image-preview:large, max-video-preview:-1\" \/>\n<link rel=\"canonical\" href=\"http:\/\/universofamilia.com\/hu\/recupera-cualquier-foto-perdida-con-este-aplicativo\/\" \/>\n<meta property=\"og:locale\" content=\"hu_HU\" \/>\n<meta property=\"og:type\" content=\"article\" \/>\n<meta property=\"og:title\" content=\"\u00a1Recupera cualquier foto perdida con este aplicativo! - Universo Fam\u00edlia\" \/>\n<meta property=\"og:description\" content=\"\u00a1Recupera cualquier foto perdida con este aplicativo! Explora las siguientes opciones relacionadas con la recuperaci\u00f3n de fotos borradas.\" \/>\n<meta property=\"og:url\" content=\"http:\/\/universofamilia.com\/hu\/recupera-cualquier-foto-perdida-con-este-aplicativo\/\" \/>\n<meta property=\"og:site_name\" content=\"Universo Fam\u00edlia\" \/>\n<meta property=\"article:published_time\" content=\"2025-03-18T00:59:23+00:00\" \/>\n<meta property=\"article:modified_time\" content=\"2025-03-18T00:59:24+00:00\" \/>\n<meta property=\"og:image\" content=\"http:\/\/universofamilia.com\/wp-content\/uploads\/sites\/148\/2025\/03\/DESTAQUE-UNIVERSO-550-x-350-2-1.jpg\" \/>\n\t<meta property=\"og:image:width\" content=\"550\" \/>\n\t<meta property=\"og:image:height\" content=\"350\" \/>\n\t<meta property=\"og:image:type\" content=\"image\/jpeg\" \/>\n<meta name=\"author\" content=\"Pedro Henrique\" \/>\n<meta name=\"twitter:card\" content=\"summary_large_image\" \/>\n<meta name=\"twitter:label1\" content=\"Written by\" \/>\n\t<meta name=\"twitter:data1\" content=\"Pedro Henrique\" \/>\n\t<meta name=\"twitter:label2\" content=\"Est. reading time\" \/>\n\t<meta name=\"twitter:data2\" content=\"6 perc\" \/>\n<script type=\"application\/ld+json\" class=\"yoast-schema-graph\">{\"@context\":\"https:\/\/schema.org\",\"@graph\":[{\"@type\":\"WebPage\",\"@id\":\"http:\/\/universofamilia.com\/ro\/recupera-cualquier-foto-perdida-con-este-aplicativo\/\",\"url\":\"http:\/\/universofamilia.com\/ro\/recupera-cualquier-foto-perdida-con-este-aplicativo\/\",\"name\":\"\u00a1Recupera cualquier foto perdida con este aplicativo! - Universo Fam\u00edlia\",\"isPartOf\":{\"@id\":\"https:\/\/universofamilia.com\/el\/#website\"},\"primaryImageOfPage\":{\"@id\":\"http:\/\/universofamilia.com\/ro\/recupera-cualquier-foto-perdida-con-este-aplicativo\/#primaryimage\"},\"image\":{\"@id\":\"http:\/\/universofamilia.com\/ro\/recupera-cualquier-foto-perdida-con-este-aplicativo\/#primaryimage\"},\"thumbnailUrl\":\"https:\/\/universofamilia.com\/wp-content\/uploads\/sites\/148\/2025\/03\/DESTAQUE-UNIVERSO-550-x-350-2-1.jpg\",\"datePublished\":\"2025-03-18T00:59:23+00:00\",\"dateModified\":\"2025-03-18T00:59:24+00:00\",\"author\":{\"@id\":\"https:\/\/universofamilia.com\/el\/#\/schema\/person\/f07ce98187dd84d31154262e79b3b7ca\"},\"description\":\"\u00a1Recupera cualquier foto perdida con este aplicativo! Explora las siguientes opciones relacionadas con la recuperaci\u00f3n de fotos borradas.\",\"breadcrumb\":{\"@id\":\"http:\/\/universofamilia.com\/ro\/recupera-cualquier-foto-perdida-con-este-aplicativo\/#breadcrumb\"},\"inLanguage\":\"hu\",\"potentialAction\":[{\"@type\":\"ReadAction\",\"target\":[\"http:\/\/universofamilia.com\/ro\/recupera-cualquier-foto-perdida-con-este-aplicativo\/\"]}]},{\"@type\":\"ImageObject\",\"inLanguage\":\"hu\",\"@id\":\"http:\/\/universofamilia.com\/ro\/recupera-cualquier-foto-perdida-con-este-aplicativo\/#primaryimage\",\"url\":\"https:\/\/universofamilia.com\/wp-content\/uploads\/sites\/148\/2025\/03\/DESTAQUE-UNIVERSO-550-x-350-2-1.jpg\",\"contentUrl\":\"https:\/\/universofamilia.com\/wp-content\/uploads\/sites\/148\/2025\/03\/DESTAQUE-UNIVERSO-550-x-350-2-1.jpg\",\"width\":550,\"height\":350,\"caption\":\"\u00a1Recupera cualquier foto perdida con este aplicativo!\"},{\"@type\":\"BreadcrumbList\",\"@id\":\"http:\/\/universofamilia.com\/ro\/recupera-cualquier-foto-perdida-con-este-aplicativo\/#breadcrumb\",\"itemListElement\":[{\"@type\":\"ListItem\",\"position\":1,\"name\":\"Home\",\"item\":\"https:\/\/universofamilia.com\/el\/\"},{\"@type\":\"ListItem\",\"position\":2,\"name\":\"\u00a1Recupera cualquier foto perdida con este aplicativo!\"}]},{\"@type\":\"WebSite\",\"@id\":\"https:\/\/universofamilia.com\/el\/#website\",\"url\":\"https:\/\/universofamilia.com\/el\/\",\"name\":\"Universo Fam\u00edlia\",\"description\":\"\",\"potentialAction\":[{\"@type\":\"SearchAction\",\"target\":{\"@type\":\"EntryPoint\",\"urlTemplate\":\"https:\/\/universofamilia.com\/el\/?s={search_term_string}\"},\"query-input\":\"required name=search_term_string\"}],\"inLanguage\":\"hu\"},{\"@type\":\"Person\",\"@id\":\"https:\/\/universofamilia.com\/el\/#\/schema\/person\/f07ce98187dd84d31154262e79b3b7ca\",\"name\":\"Pedro Henrique\",\"image\":{\"@type\":\"ImageObject\",\"inLanguage\":\"hu\",\"@id\":\"https:\/\/universofamilia.com\/el\/#\/schema\/person\/image\/\",\"url\":\"https:\/\/secure.gravatar.com\/avatar\/9edfeb808cb4e1599f64d6e45b130154?s=96&d=mm&r=g\",\"contentUrl\":\"https:\/\/secure.gravatar.com\/avatar\/9edfeb808cb4e1599f64d6e45b130154?s=96&d=mm&r=g\",\"caption\":\"Pedro Henrique\"},\"url\":\"https:\/\/universofamilia.com\/hu\/author\/editor01\/\"}]}<\/script>\n<!-- \/ Yoast SEO plugin. -->","yoast_head_json":{"title":"\u00a1Recupera cualquier foto perdida con este aplicativo! - Universo Fam\u00edlia","description":"\u00a1Recupera cualquier foto perdida con este aplicativo! Explora las siguientes opciones relacionadas con la recuperaci\u00f3n de fotos borradas.","robots":{"index":"index","follow":"follow","max-snippet":"max-snippet:-1","max-image-preview":"max-image-preview:large","max-video-preview":"max-video-preview:-1"},"canonical":"http:\/\/universofamilia.com\/hu\/recupera-cualquier-foto-perdida-con-este-aplicativo\/","og_locale":"hu_HU","og_type":"article","og_title":"\u00a1Recupera cualquier foto perdida con este aplicativo! - Universo Fam\u00edlia","og_description":"\u00a1Recupera cualquier foto perdida con este aplicativo! Explora las siguientes opciones relacionadas con la recuperaci\u00f3n de fotos borradas.","og_url":"http:\/\/universofamilia.com\/hu\/recupera-cualquier-foto-perdida-con-este-aplicativo\/","og_site_name":"Universo Fam\u00edlia","article_published_time":"2025-03-18T00:59:23+00:00","article_modified_time":"2025-03-18T00:59:24+00:00","og_image":[{"width":550,"height":350,"url":"http:\/\/universofamilia.com\/wp-content\/uploads\/sites\/148\/2025\/03\/DESTAQUE-UNIVERSO-550-x-350-2-1.jpg","type":"image\/jpeg"}],"author":"Pedro Henrique","twitter_card":"summary_large_image","twitter_misc":{"Written by":"Pedro Henrique","Est. reading time":"6 perc"},"schema":{"@context":"https:\/\/schema.org","@graph":[{"@type":"WebPage","@id":"http:\/\/universofamilia.com\/ro\/recupera-cualquier-foto-perdida-con-este-aplicativo\/","url":"http:\/\/universofamilia.com\/ro\/recupera-cualquier-foto-perdida-con-este-aplicativo\/","name":"\u00a1Recupera cualquier foto perdida con este aplicativo! - Universo Fam\u00edlia","isPartOf":{"@id":"https:\/\/universofamilia.com\/el\/#website"},"primaryImageOfPage":{"@id":"http:\/\/universofamilia.com\/ro\/recupera-cualquier-foto-perdida-con-este-aplicativo\/#primaryimage"},"image":{"@id":"http:\/\/universofamilia.com\/ro\/recupera-cualquier-foto-perdida-con-este-aplicativo\/#primaryimage"},"thumbnailUrl":"https:\/\/universofamilia.com\/wp-content\/uploads\/sites\/148\/2025\/03\/DESTAQUE-UNIVERSO-550-x-350-2-1.jpg","datePublished":"2025-03-18T00:59:23+00:00","dateModified":"2025-03-18T00:59:24+00:00","author":{"@id":"https:\/\/universofamilia.com\/el\/#\/schema\/person\/f07ce98187dd84d31154262e79b3b7ca"},"description":"\u00a1Recupera cualquier foto perdida con este aplicativo! Explora las siguientes opciones relacionadas con la recuperaci\u00f3n de fotos borradas.","breadcrumb":{"@id":"http:\/\/universofamilia.com\/ro\/recupera-cualquier-foto-perdida-con-este-aplicativo\/#breadcrumb"},"inLanguage":"hu","potentialAction":[{"@type":"ReadAction","target":["http:\/\/universofamilia.com\/ro\/recupera-cualquier-foto-perdida-con-este-aplicativo\/"]}]},{"@type":"ImageObject","inLanguage":"hu","@id":"http:\/\/universofamilia.com\/ro\/recupera-cualquier-foto-perdida-con-este-aplicativo\/#primaryimage","url":"https:\/\/universofamilia.com\/wp-content\/uploads\/sites\/148\/2025\/03\/DESTAQUE-UNIVERSO-550-x-350-2-1.jpg","contentUrl":"https:\/\/universofamilia.com\/wp-content\/uploads\/sites\/148\/2025\/03\/DESTAQUE-UNIVERSO-550-x-350-2-1.jpg","width":550,"height":350,"caption":"\u00a1Recupera cualquier foto perdida con este aplicativo!"},{"@type":"BreadcrumbList","@id":"http:\/\/universofamilia.com\/ro\/recupera-cualquier-foto-perdida-con-este-aplicativo\/#breadcrumb","itemListElement":[{"@type":"ListItem","position":1,"name":"Home","item":"https:\/\/universofamilia.com\/el\/"},{"@type":"ListItem","position":2,"name":"\u00a1Recupera cualquier foto perdida con este aplicativo!"}]},{"@type":"WebSite","@id":"https:\/\/universofamilia.com\/el\/#website","url":"https:\/\/universofamilia.com\/el\/","name":"Universo Fam\u00edlia","description":"","potentialAction":[{"@type":"SearchAction","target":{"@type":"EntryPoint","urlTemplate":"https:\/\/universofamilia.com\/el\/?s={search_term_string}"},"query-input":"required name=search_term_string"}],"inLanguage":"hu"},{"@type":"Person","@id":"https:\/\/universofamilia.com\/el\/#\/schema\/person\/f07ce98187dd84d31154262e79b3b7ca","name":"Pedro Henrique","image":{"@type":"ImageObject","inLanguage":"hu","@id":"https:\/\/universofamilia.com\/el\/#\/schema\/person\/image\/","url":"https:\/\/secure.gravatar.com\/avatar\/9edfeb808cb4e1599f64d6e45b130154?s=96&d=mm&r=g","contentUrl":"https:\/\/secure.gravatar.com\/avatar\/9edfeb808cb4e1599f64d6e45b130154?s=96&d=mm&r=g","caption":"Pedro Henrique"},"url":"https:\/\/universofamilia.com\/hu\/author\/editor01\/"}]}},"_links":{"self":[{"href":"https:\/\/universofamilia.com\/hu\/wp-json\/wp\/v2\/posts\/8985"}],"collection":[{"href":"https:\/\/universofamilia.com\/hu\/wp-json\/wp\/v2\/posts"}],"about":[{"href":"https:\/\/universofamilia.com\/hu\/wp-json\/wp\/v2\/types\/post"}],"author":[{"embeddable":true,"href":"https:\/\/universofamilia.com\/hu\/wp-json\/wp\/v2\/users\/139"}],"replies":[{"embeddable":true,"href":"https:\/\/universofamilia.com\/hu\/wp-json\/wp\/v2\/comments?post=8985"}],"version-history":[{"count":1,"href":"https:\/\/universofamilia.com\/hu\/wp-json\/wp\/v2\/posts\/8985\/revisions"}],"predecessor-version":[{"id":8987,"href":"https:\/\/universofamilia.com\/hu\/wp-json\/wp\/v2\/posts\/8985\/revisions\/8987"}],"wp:featuredmedia":[{"embeddable":true,"href":"https:\/\/universofamilia.com\/hu\/wp-json\/wp\/v2\/media\/8986"}],"wp:attachment":[{"href":"https:\/\/universofamilia.com\/hu\/wp-json\/wp\/v2\/media?parent=8985"}],"wp:term":[{"taxonomy":"category","embeddable":true,"href":"https:\/\/universofamilia.com\/hu\/wp-json\/wp\/v2\/categories?post=8985"},{"taxonomy":"post_tag","embeddable":true,"href":"https:\/\/universofamilia.com\/hu\/wp-json\/wp\/v2\/tags?post=8985"}],"curies":[{"name":"wp","href":"https:\/\/api.w.org\/{rel}","templated":true}]}}